{"id":10489,"date":"2024-04-30T08:35:09","date_gmt":"2024-04-30T06:35:09","guid":{"rendered":"https:\/\/www.asemer.ro\/?p=10489"},"modified":"2024-04-30T08:43:56","modified_gmt":"2024-04-30T06:43:56","slug":"colaboracion-con-revista-patronatului-roman-25","status":"publish","type":"post","link":"https:\/\/www.asemer.ro\/index.php\/2024\/04\/30\/colaboracion-con-revista-patronatului-roman-25\/","title":{"rendered":"COLABORACI\u00d3N CON REVISTA PATRONATULUI ROM\u0102N"},"content":{"rendered":"\n<h1 class=\"wp-block-heading Just\">Consiliul Patronatelor ESG din Rom\u00e2nia \u0219i Confedera\u021bia Na\u021bional\u0103 pentru Antreprenoriat Feminin \u2013 parteneriat pentru un viitor economic sustenabil<\/h1>\n\n\n\n<p><a href=\"https:\/\/revistapatronatuluiroman.ro\/author\/redactia\/\"><\/a><\/p>\n\n\n\n<p>By<a href=\"https:\/\/revistapatronatuluiroman.ro\/author\/redactia\/\">redactia<\/a><\/p>\n\n\n\n<p>18 aprilie 2024<\/p>\n\n\n\n<figure class=\"wp-block-image size-large\"><img loading=\"lazy\" decoding=\"async\" width=\"1024\" height=\"737\" src=\"https:\/\/www.asemer.ro\/wp-content\/uploads\/2024\/04\/CRISTINA_DANIELA_1-1068x769-1-1024x737.jpg\" alt=\"\" class=\"wp-image-10494\" srcset=\"https:\/\/www.asemer.ro\/wp-content\/uploads\/2024\/04\/CRISTINA_DANIELA_1-1068x769-1-1024x737.jpg 1024w, https:\/\/www.asemer.ro\/wp-content\/uploads\/2024\/04\/CRISTINA_DANIELA_1-1068x769-1-300x216.jpg 300w, https:\/\/www.asemer.ro\/wp-content\/uploads\/2024\/04\/CRISTINA_DANIELA_1-1068x769-1-768x553.jpg 768w, https:\/\/www.asemer.ro\/wp-content\/uploads\/2024\/04\/CRISTINA_DANIELA_1-1068x769-1-720x518.jpg 720w, https:\/\/www.asemer.ro\/wp-content\/uploads\/2024\/04\/CRISTINA_DANIELA_1-1068x769-1-390x280.jpg 390w, https:\/\/www.asemer.ro\/wp-content\/uploads\/2024\/04\/CRISTINA_DANIELA_1-1068x769-1.jpg 1068w\" sizes=\"auto, (max-width: 1024px) 100vw, 1024px\" \/><\/figure>\n\n\n\n<ul class=\"wp-block-list\">\n<li class=\"Just\">Consiliul Patronatelor ESG din Rom\u00e2nia \u2013 CPESGR* reune\u0219te cele mai importante voci pe tematica ESG, din cadrul mi\u0219c\u0103rii patronale din Rom\u00e2nia, de al\u0103tur\u0103 Confedera\u021biei Na\u021bionale pentru Antreprenoriat Feminin \u2013 CONAF** \u00een demersurile de a asigura reprezentativitatea mediului de business rom\u00e2nesc.<\/li>\n\n\n\n<li class=\"Just\">Reprezentan\u021bii celor dou\u0103 organiza\u021bii aduc pe agenda public\u0103 solu\u021bii de dezvoltare sustenabil\u0103 a economiei, \u00een beneficiul \u00eentregii societ\u0103\u021bi.<\/li>\n\n\n\n<li class=\"Just\">CPESGR \u0219i CONAF se dedic\u0103 implement\u0103rii procedurilor de raportare, care vor deveni obligatorii \u00een Uniunea European\u0103, de la \u00eenceputul anului viitor, \u0219i \u00ee\u0219i propun intensificare eforturilor de informare.<\/li>\n<\/ul>\n\n\n\n<p class=\"Just\">Bucure\u0219ti, 18 aprilie 2024. Consiliul Patronatelor ESG din Rom\u00e2nia (CPESGR), asocia\u021bie patronal\u0103 \u0219i comunitate de business, constituit\u0103 cu scopul sprijinirii dezvolt\u0103rii afacerilor pe baze sustenabile, a aderat la Confedera\u021bia Na\u021bional\u0103 pentru Antreprenoriat Feminin (CONAF), stabilind un parteneriat care conduce la \u00eent\u0103rirea vocii patronatelor \u00een dialog cu autorit\u0103\u021bile \u0219i revitalizarea mecanismelor de dialog social.<\/p>\n\n\n\n<p class=\"Just\">Cele dou\u0103 organiza\u021bii, prin calendarul comun vor pune fa\u021b\u0103 \u00een fa\u021b\u0103, \u00ee\u0219i propun s\u0103 aduc\u0103 fa\u021b\u0103 \u00een fa\u021b\u0103 deciden\u021bii politici, mediul de afaceri \u0219i alte p\u0103r\u021bi interesate, pentru a stabili solu\u021bii concrete pentru dezvoltarea sustenabil\u0103 a economiei, mai ales \u00een condi\u021biile \u00een care, din 2025, companiile cu o cifr\u0103 de afaceri de peste 40 de milioane de euro vor trebui s\u0103 elaboreze rapoarte de sustenabilitate, potrivit CSRD (<em>Corporate Sustainability Reporting Directive<\/em> \/ Directiva UE 2022\/2464).<\/p>\n\n\n\n<p class=\"Just\">Treptat, \u00een urm\u0103torii ani, obligativitatea de raportare se va extinde la toate companiile, mai \u00eent\u00e2i la cele cu peste 500 de angaja\u021bi, p\u00e2n\u0103 la cele mai mici \u00eentreprinderi din Uniunea European\u0103, sub 250 de angaja\u021bi. De la 1 ianuarie 2026, IMM-urile listate \u0219i alte \u00eentreprinderi trebuie s\u0103 aib\u0103 \u00een vedere c\u0103, \u00eencep\u00e2nd de anul urm\u0103tor (2027), vor fi obligate s\u0103 prezinte rapoarte pentru activitatea din anul anterior. IMM-urile au \u0219i posibilitatea de a opta pentru excluderea de la raportare p\u00e2n\u0103 \u00een 2028.<\/p>\n\n\n\n<p class=\"Just\">Totu\u0219i, a\u0219a cum a atras aten\u021bia CPESGR \u00eenc\u0103 din luna februarie, criteriile de raportare sunt departe de a fi clarificate. Standardele ESRS (<em>European Sustainability Reporting Standards<\/em>, adoptate \u00een iulie 2023), pentru aplicarea CSRD, \u00eempreun\u0103 cu noile standarde ESRS pentru IMM-uri, totalizeaz\u0103 568 de pagini, la care se adaug\u0103 consultarea unor documente la care fac trimitere. Speciali\u0219tii din diferite domenii care \u021bin de mediu (Environment), rela\u021bii de munc\u0103 \u0219i aspecte sociale (Social) \u0219i guvernan\u021b\u0103 corporativ\u0103 (Governance) au nevoie de formare aprofundat\u0103 \u0219i instrumente rapid implementabile, apoi este nevoie de eforturi sus\u021binute pentru informarea mediului de afaceri.<\/p>\n\n\n\n<p class=\"Just\">\u201e\u00cen demersurile noastre de a deveni cea mai relevant\u0103 voce \u00een problematica ESG, am decis s\u0103 ne al\u0103tur\u0103m CONAF, una dintre cele mai active organiza\u021bii patronale din Rom\u00e2nia, ale c\u0103rei valori le \u00eemp\u0103rt\u0103\u0219im. Sunt convins\u0103 c\u0103, odat\u0103 ce vom avea o voce comun\u0103, reprezentativ\u0103, mesajele noastre vor ajunge mai bine la publicul \u021bint\u0103: mai \u00eent\u00e2i c\u0103tre mediul de business, apoi la toate celelalte p\u0103r\u021bi interesate. Companiile din Rom\u00e2nia pot cre\u0219te \u00een mod sustenabil, dar \u00eentr-un mod adecvat resurselor \u0219i expertizei de care dispun, astfel \u00eenc\u00e2t criteriile ESG s\u0103 fie un motiv de cre\u0219tere economic\u0103, nu un obstacol \u00een calea dezvolt\u0103rii\u201d, a declarat <strong>Daniela Adriana Mari\u0219cu, Pre\u0219edinte al Consiliul Patronatelor ESG din Rom\u00e2nia<\/strong> (CPESGR).<\/p>\n\n\n\n<p class=\"Just\">\u201eAvem nevoie de voci puternice \u00een accelerarea atingerii \u021bintelor de sustenabilitate pentru 2030 \u0219i mediul de afaceri trebuie s\u0103 asimileze dezvoltarea sustenabil\u0103 ca sprijin \u00een cre\u0219terea de business. Paradigma finan\u021b\u0103rilor, dinamica resurselor umane, profitul \u00een general \u2013 toate vor fi va fi condi\u021bionate de raport\u0103rile non-financiare. CONAF caut\u0103 parteneri cu agende solide \u0219i profund documentate vectori cu energie pentru a mi\u0219ca comunit\u0103\u021bile \u00een direc\u021bii pozitive.<\/p>\n\n\n\n<p class=\"Just\">Incluziunea, cu statutarea unor cote de gen, educa\u021bia voca\u021bional\u0103, digitalizarea sunt temele c\u0103rora CONAF le-a adresat proiecte legislative solide, determin\u00e2nd sinergii cu spectru extrem de larg, de la deciden\u021bi la beneficiari \u0219i avem credin\u021ba c\u0103 parteneriatul cu Consiliul Patronatelor ESG din Rom\u00e2nia va aduce un plus valoare real comunit\u0103\u021bilor de business locale, \u00een eforturile lor de scalare \u0219i cre\u0219tere a profitului. \u00centre cei pe care noi i-am identificat drept actori activi se num\u0103r\u0103 Consiliul Patronatelor ESG din Rom\u00e2nia \u0219i ne bucur\u0103m c\u0103 ni se al\u0103tur\u0103, pentru a contribui \u00eempreun\u0103 la cre\u0219terea gradului de informare privind sustenabilitatea business-urilor.<\/p>\n\n\n\n<p class=\"Just\">Ne dorim ca toate companiile din Rom\u00e2nia s\u0103 \u0219tie exact ce au de raportat \u00een privin\u021ba sustenabilit\u0103\u021bii \u0219i ce m\u0103suri pot implementa pentru \u00eendeplinirea acelor criterii\u201d, a ad\u0103ugat <strong>Cristina Chiriac, Pre\u0219edinte al Confedera\u021biei Na\u021bionale pentru Antreprenoriat Feminin<\/strong> (CONAF).<\/p>\n\n\n\n<p class=\"Just\">\u00cen cadrul CONAF, CPESGR va aduce o expertiz\u0103 divers\u0103 de la membri precum Institutul Bancar Rom\u00e2n, Institutul de Administrare a Afacerilor (ASEBUSS), asocia\u021bia European Mentoring and Coaching Council Rom\u00e2nia (parte din EMCC Global), Asocia\u021bia NIA Neurodiversity Academy \u2013 care dezvolt\u0103 proiectul CAMPUS NIA \u2013 un proiect unic \u00een Rom\u00e2nia pentru adolescen\u021bii \u0219i adul\u021bii cu autism, Asocia\u021bia Digital Innovation Zone \u2013 Hub European de Inovare Digital\u0103 din regiunea de Nord-Est a Rom\u00e2niei, al\u0103turi de editori ai publica\u021biilor: Revista Cariere \u0219i HR Manager, Club Antreprenor, Revista Patronatului Rom\u00e2n \u0219i Business Voice.<\/p>\n\n\n\n<p>###<\/p>\n\n\n\n<p><em><strong>* Despre <\/strong><strong>Consiliul Patronatelor ESG din Rom\u00e2nia<\/strong><\/em><\/p>\n\n\n\n<p class=\"Just\"><em>Consiliul Patronatelor ESG din Rom\u00e2nia (CPESGR)&nbsp; este o comunitate de business care ap\u0103r\u0103, reprezint\u0103 \u0219i promoveaz\u0103 interesele companiilor din Rom\u00e2nia, faciliteaz\u0103 dezvoltarea afacerilor membrilor de patronat, care \u00ee\u0219i propun s\u0103 construiasc\u0103 business-uri sustenabile. Organiza\u021bia ac\u021bioneaz\u0103 pentru eficacitatea dialogului social \u0219i consolidarea unei voci comune, viz\u00e2nd s\u0103 pun\u0103 \u00een lumin\u0103 activitatea \u0219i performan\u021ba oamenilor de afaceri din Rom\u00e2nia, contribuind, astfel, la generarea modelelor de bune practici \u0219i la recunoa\u0219terea contribu\u021biei afacerilor \u0219i a patronatului, ca sum\u0103 a angajatorilor, la dezvoltarea comunit\u0103\u021bilor. Conducerea CPESGR este format\u0103 din antreprenoarea Daniela Mari\u0219cu, secondat\u0103 de Andrei Boti\u0219 (Vicepre\u0219edinte) \u0219i Cezar Iulian Arma\u0219u (Director General).<\/em><\/p>\n\n\n\n<p><em><strong>** Despre CONAF<\/strong><\/em><\/p>\n\n\n\n<p class=\"Just\"><em>Confedera\u0163ia Na\u0163ional\u0103 pentru Antreprenoriat Feminin (CONAF) este cea mai important\u0103 confedera\u021bie din Rom\u00e2nia care militeaz\u0103 pentru eficientizarea dialogului cu autorit\u0103\u021bile, conlucrarea pentru elaborarea de politici publice care s\u0103 conduc\u0103 la cre\u0219tere economic\u0103 sustenabil\u0103 \u0219i sprijin\u0103 antreprenorii, recunosc\u00e2ndu-le meritele. CONAF reprezint\u0103 cea mai mare entitate de acest gen din Rom\u00e2nia, o organiza\u021bie care promoveaz\u0103 \u0219i sus\u021bine antreprenoriatul rom\u00e2nesc, lucru f\u0103r\u0103 precedent, care deschide orizonturi de colaborare \u0219i cooperare at\u00e2t pe plan intern c\u00e2t \u0219i interna\u021bional. CONAF a luat fiin\u021b\u0103\u0306 ca urmare a necesita\u021bii de a crea o cultur\u0103 antreprenorial\u0103 modern\u0103, sustenabil\u0103 \u0219i echitabil\u0103, nu numai pentru antreprenoriatul feminin, ci \u0219i pentru \u00eentregul mediu de business. CONAF are \u00een componen\u021ba sa 2 federa\u021bii, 12 patronate, 20 asocia\u021bii, 27 sucursale \u0219i peste 5.500 de companii, peste 170.000 de angaja\u021bi.<\/em><\/p>\n\n\n\n<p class=\"Just\"><em>CONAF organizeaz\u0103\u0306 evenimente importante pentru societatea rom\u00e2neasc\u0103\u0306, centrate pe educa\u021bie continu\u0103, con\u0219tientizare \u0219i g\u0103sire de solu\u021bii pentru probleme \u0219i domenii de larg interes public. Dezvolt\u0103 \u0219i finalizeaz\u0103 proiecte na\u021bionale cu un impact puternic, at\u00e2t pentru societate, c\u00e2t \u0219i pentru strategiile de dezvoltare ale autorit\u0103\u021bilor centrale \u0219i locale.<\/em><\/p>\n\n\n\n<p class=\"Just\"><em>Printre proiectele CONAF, amintim \u201ePactul pentru Tineri\u201d, \u201eMaratonul pentru Educa\u021bie Antreprenorial\u0103\u201d \u201eDigitalUP\u201d \u201ePactul pentru Munc\u0103\u201d \u2013 \u00een parteneriat cu FPPG, \u201ePactul pentru Educa\u021bie Antreprenorial\u0103\u201d , \u201dRomanian Venture Forum\u201d seria de dialoguri deschise, \u201eTurismul Rom\u00e2nesc: \u00centre impas \u0219i oportunitate\u201d, ce au generat pe l\u00e2ng\u0103\u0306 ecourile \u00een spa\u021biul public, decizii legislative schimb\u0103ri pozitive de mentalit\u0103\u021bi. Sute de speakeri \u0219i mii de antreprenori au dezb\u0103tut \u00een cele mai importante ora\u0219e rom\u00e2ne\u0219ti, cele mai stringente probleme, \u00een scopul g\u0103sirii solu\u021biilor optime \u0219i celor mai bune strategii de viitor.<\/em><\/p>\n\n\n\n<p class=\"Just\"><em>Consiliul Director CONAF: Cristina Chiriac, Dana Nu\u021b\u0103, Anca Damour, Alina Gamauf, Camelia \u0218ucu, Tatian Diaconu, Marius Ghenea, Nicoleta Munteanu, Gabriela Montoiu, Hildegard Brandl, Corneliu Bodea, Amalia N\u0103stase, Viorica Pu\u0219ca\u0219<\/em>.<\/p>\n","protected":false},"excerpt":{"rendered":"<p>Consiliul Patronatelor ESG din Rom\u00e2nia \u0219i Confedera\u021bia Na\u021bional\u0103 pentru Antreprenoriat Feminin \u2013 parteneriat pentru un viitor economic sustenabil Byredactia 18 [&hellip;]<\/p>\n","protected":false},"author":3,"featured_media":0,"comment_status":"open","ping_status":"open","sticky":false,"template":"","format":"standard","meta":{"footnotes":""},"categories":[1],"tags":[],"class_list":["post-10489","post","type-post","status-publish","format-standard","hentry","category-uncategorized"],"yoast_head":"<!-- This site is optimized with the Yoast SEO plugin v27.4 - https:\/\/yoast.com\/product\/yoast-seo-wordpress\/ -->\n<title>COLABORACI\u00d3N CON REVISTA PATRONATULUI ROM\u0102N - ASEMER<\/title>\n<meta name=\"robots\" content=\"index, follow, max-snippet:-1, max-image-preview:large, max-video-preview:-1\" \/>\n<link rel=\"canonical\" href=\"https:\/\/www.asemer.ro\/index.php\/2024\/04\/30\/colaboracion-con-revista-patronatului-roman-25\/\" \/>\n<meta property=\"og:locale\" content=\"es_ES\" \/>\n<meta property=\"og:type\" content=\"article\" \/>\n<meta property=\"og:title\" content=\"COLABORACI\u00d3N CON REVISTA PATRONATULUI ROM\u0102N - ASEMER\" \/>\n<meta property=\"og:description\" content=\"Consiliul Patronatelor ESG din Rom\u00e2nia \u0219i Confedera\u021bia Na\u021bional\u0103 pentru Antreprenoriat Feminin \u2013 parteneriat pentru un viitor economic sustenabil Byredactia 18 [&hellip;]\" \/>\n<meta property=\"og:url\" content=\"https:\/\/www.asemer.ro\/index.php\/2024\/04\/30\/colaboracion-con-revista-patronatului-roman-25\/\" \/>\n<meta property=\"og:site_name\" content=\"ASEMER\" \/>\n<meta property=\"article:publisher\" content=\"https:\/\/www.facebook.com\/asociacionasemer\" \/>\n<meta property=\"article:published_time\" content=\"2024-04-30T06:35:09+00:00\" \/>\n<meta property=\"article:modified_time\" content=\"2024-04-30T06:43:56+00:00\" \/>\n<meta property=\"og:image\" content=\"https:\/\/www.asemer.ro\/wp-content\/uploads\/2024\/04\/CRISTINA_DANIELA_1-1068x769-1-1024x737.jpg\" \/>\n<meta name=\"author\" content=\"Admin Asemer\" \/>\n<meta name=\"twitter:card\" content=\"summary_large_image\" \/>\n<meta name=\"twitter:creator\" content=\"@asemer_rumania\" \/>\n<meta name=\"twitter:site\" content=\"@asemer_rumania\" \/>\n<meta name=\"twitter:label1\" content=\"Escrito por\" \/>\n\t<meta name=\"twitter:data1\" content=\"Admin Asemer\" \/>\n\t<meta name=\"twitter:label2\" content=\"Tiempo de lectura\" \/>\n\t<meta name=\"twitter:data2\" content=\"6 minutos\" \/>\n<script type=\"application\/ld+json\" class=\"yoast-schema-graph\">{\"@context\":\"https:\\\/\\\/schema.org\",\"@graph\":[{\"@type\":\"Article\",\"@id\":\"https:\\\/\\\/www.asemer.ro\\\/index.php\\\/2024\\\/04\\\/30\\\/colaboracion-con-revista-patronatului-roman-25\\\/#article\",\"isPartOf\":{\"@id\":\"https:\\\/\\\/www.asemer.ro\\\/index.php\\\/2024\\\/04\\\/30\\\/colaboracion-con-revista-patronatului-roman-25\\\/\"},\"author\":{\"name\":\"Admin Asemer\",\"@id\":\"https:\\\/\\\/www.asemer.ro\\\/#\\\/schema\\\/person\\\/36de47e444c0f1a7b737a035d40519f9\"},\"headline\":\"COLABORACI\u00d3N CON REVISTA PATRONATULUI ROM\u0102N\",\"datePublished\":\"2024-04-30T06:35:09+00:00\",\"dateModified\":\"2024-04-30T06:43:56+00:00\",\"mainEntityOfPage\":{\"@id\":\"https:\\\/\\\/www.asemer.ro\\\/index.php\\\/2024\\\/04\\\/30\\\/colaboracion-con-revista-patronatului-roman-25\\\/\"},\"wordCount\":1348,\"commentCount\":0,\"publisher\":{\"@id\":\"https:\\\/\\\/www.asemer.ro\\\/#organization\"},\"image\":{\"@id\":\"https:\\\/\\\/www.asemer.ro\\\/index.php\\\/2024\\\/04\\\/30\\\/colaboracion-con-revista-patronatului-roman-25\\\/#primaryimage\"},\"thumbnailUrl\":\"https:\\\/\\\/www.asemer.ro\\\/wp-content\\\/uploads\\\/2024\\\/04\\\/CRISTINA_DANIELA_1-1068x769-1-1024x737.jpg\",\"articleSection\":[\"Uncategorized\"],\"inLanguage\":\"es\",\"potentialAction\":[{\"@type\":\"CommentAction\",\"name\":\"Comment\",\"target\":[\"https:\\\/\\\/www.asemer.ro\\\/index.php\\\/2024\\\/04\\\/30\\\/colaboracion-con-revista-patronatului-roman-25\\\/#respond\"]}]},{\"@type\":\"WebPage\",\"@id\":\"https:\\\/\\\/www.asemer.ro\\\/index.php\\\/2024\\\/04\\\/30\\\/colaboracion-con-revista-patronatului-roman-25\\\/\",\"url\":\"https:\\\/\\\/www.asemer.ro\\\/index.php\\\/2024\\\/04\\\/30\\\/colaboracion-con-revista-patronatului-roman-25\\\/\",\"name\":\"COLABORACI\u00d3N CON REVISTA PATRONATULUI ROM\u0102N - ASEMER\",\"isPartOf\":{\"@id\":\"https:\\\/\\\/www.asemer.ro\\\/#website\"},\"primaryImageOfPage\":{\"@id\":\"https:\\\/\\\/www.asemer.ro\\\/index.php\\\/2024\\\/04\\\/30\\\/colaboracion-con-revista-patronatului-roman-25\\\/#primaryimage\"},\"image\":{\"@id\":\"https:\\\/\\\/www.asemer.ro\\\/index.php\\\/2024\\\/04\\\/30\\\/colaboracion-con-revista-patronatului-roman-25\\\/#primaryimage\"},\"thumbnailUrl\":\"https:\\\/\\\/www.asemer.ro\\\/wp-content\\\/uploads\\\/2024\\\/04\\\/CRISTINA_DANIELA_1-1068x769-1-1024x737.jpg\",\"datePublished\":\"2024-04-30T06:35:09+00:00\",\"dateModified\":\"2024-04-30T06:43:56+00:00\",\"breadcrumb\":{\"@id\":\"https:\\\/\\\/www.asemer.ro\\\/index.php\\\/2024\\\/04\\\/30\\\/colaboracion-con-revista-patronatului-roman-25\\\/#breadcrumb\"},\"inLanguage\":\"es\",\"potentialAction\":[{\"@type\":\"ReadAction\",\"target\":[\"https:\\\/\\\/www.asemer.ro\\\/index.php\\\/2024\\\/04\\\/30\\\/colaboracion-con-revista-patronatului-roman-25\\\/\"]}]},{\"@type\":\"ImageObject\",\"inLanguage\":\"es\",\"@id\":\"https:\\\/\\\/www.asemer.ro\\\/index.php\\\/2024\\\/04\\\/30\\\/colaboracion-con-revista-patronatului-roman-25\\\/#primaryimage\",\"url\":\"https:\\\/\\\/www.asemer.ro\\\/wp-content\\\/uploads\\\/2024\\\/04\\\/CRISTINA_DANIELA_1-1068x769-1.jpg\",\"contentUrl\":\"https:\\\/\\\/www.asemer.ro\\\/wp-content\\\/uploads\\\/2024\\\/04\\\/CRISTINA_DANIELA_1-1068x769-1.jpg\",\"width\":1068,\"height\":769},{\"@type\":\"BreadcrumbList\",\"@id\":\"https:\\\/\\\/www.asemer.ro\\\/index.php\\\/2024\\\/04\\\/30\\\/colaboracion-con-revista-patronatului-roman-25\\\/#breadcrumb\",\"itemListElement\":[{\"@type\":\"ListItem\",\"position\":1,\"name\":\"Home\",\"item\":\"https:\\\/\\\/www.asemer.ro\\\/\"},{\"@type\":\"ListItem\",\"position\":2,\"name\":\"COLABORACI\u00d3N CON REVISTA PATRONATULUI ROM\u0102N\"}]},{\"@type\":\"WebSite\",\"@id\":\"https:\\\/\\\/www.asemer.ro\\\/#website\",\"url\":\"https:\\\/\\\/www.asemer.ro\\\/\",\"name\":\"ASEMER\",\"description\":\"Asociaci\u00f3n de Empresas Espa\u00f1olas en Ruman\u00eda\",\"publisher\":{\"@id\":\"https:\\\/\\\/www.asemer.ro\\\/#organization\"},\"potentialAction\":[{\"@type\":\"SearchAction\",\"target\":{\"@type\":\"EntryPoint\",\"urlTemplate\":\"https:\\\/\\\/www.asemer.ro\\\/?s={search_term_string}\"},\"query-input\":{\"@type\":\"PropertyValueSpecification\",\"valueRequired\":true,\"valueName\":\"search_term_string\"}}],\"inLanguage\":\"es\"},{\"@type\":\"Organization\",\"@id\":\"https:\\\/\\\/www.asemer.ro\\\/#organization\",\"name\":\"ASEMER\",\"url\":\"https:\\\/\\\/www.asemer.ro\\\/\",\"logo\":{\"@type\":\"ImageObject\",\"inLanguage\":\"es\",\"@id\":\"https:\\\/\\\/www.asemer.ro\\\/#\\\/schema\\\/logo\\\/image\\\/\",\"url\":\"https:\\\/\\\/www.asemer.ro\\\/wp-content\\\/uploads\\\/2020\\\/12\\\/logo-ASEMER-scaled.jpg\",\"contentUrl\":\"https:\\\/\\\/www.asemer.ro\\\/wp-content\\\/uploads\\\/2020\\\/12\\\/logo-ASEMER-scaled.jpg\",\"width\":2560,\"height\":849,\"caption\":\"ASEMER\"},\"image\":{\"@id\":\"https:\\\/\\\/www.asemer.ro\\\/#\\\/schema\\\/logo\\\/image\\\/\"},\"sameAs\":[\"https:\\\/\\\/www.facebook.com\\\/asociacionasemer\",\"https:\\\/\\\/x.com\\\/asemer_rumania\",\"https:\\\/\\\/ro.linkedin.com\\\/in\\\/asemer-asociaci\u00f3n-empresas-espa\u00f1olas-en-ruman\u00eda-724772a6?trk=author_mini-profile_title\",\"https:\\\/\\\/www.youtube.com\\\/channel\\\/UC73m8-BDsg857OL0Ogv5aQA\\\/videos\"]},{\"@type\":\"Person\",\"@id\":\"https:\\\/\\\/www.asemer.ro\\\/#\\\/schema\\\/person\\\/36de47e444c0f1a7b737a035d40519f9\",\"name\":\"Admin Asemer\",\"image\":{\"@type\":\"ImageObject\",\"inLanguage\":\"es\",\"@id\":\"https:\\\/\\\/secure.gravatar.com\\\/avatar\\\/b64873d65b5be684e01a001c464789c445a7279ef3f177f5fbff5d83eb373299?s=96&d=mm&r=g\",\"url\":\"https:\\\/\\\/secure.gravatar.com\\\/avatar\\\/b64873d65b5be684e01a001c464789c445a7279ef3f177f5fbff5d83eb373299?s=96&d=mm&r=g\",\"contentUrl\":\"https:\\\/\\\/secure.gravatar.com\\\/avatar\\\/b64873d65b5be684e01a001c464789c445a7279ef3f177f5fbff5d83eb373299?s=96&d=mm&r=g\",\"caption\":\"Admin Asemer\"},\"url\":\"https:\\\/\\\/www.asemer.ro\\\/index.php\\\/author\\\/admin\\\/\"}]}<\/script>\n<!-- \/ Yoast SEO plugin. -->","yoast_head_json":{"title":"COLABORACI\u00d3N CON REVISTA PATRONATULUI ROM\u0102N - ASEMER","robots":{"index":"index","follow":"follow","max-snippet":"max-snippet:-1","max-image-preview":"max-image-preview:large","max-video-preview":"max-video-preview:-1"},"canonical":"https:\/\/www.asemer.ro\/index.php\/2024\/04\/30\/colaboracion-con-revista-patronatului-roman-25\/","og_locale":"es_ES","og_type":"article","og_title":"COLABORACI\u00d3N CON REVISTA PATRONATULUI ROM\u0102N - ASEMER","og_description":"Consiliul Patronatelor ESG din Rom\u00e2nia \u0219i Confedera\u021bia Na\u021bional\u0103 pentru Antreprenoriat Feminin \u2013 parteneriat pentru un viitor economic sustenabil Byredactia 18 [&hellip;]","og_url":"https:\/\/www.asemer.ro\/index.php\/2024\/04\/30\/colaboracion-con-revista-patronatului-roman-25\/","og_site_name":"ASEMER","article_publisher":"https:\/\/www.facebook.com\/asociacionasemer","article_published_time":"2024-04-30T06:35:09+00:00","article_modified_time":"2024-04-30T06:43:56+00:00","og_image":[{"url":"https:\/\/www.asemer.ro\/wp-content\/uploads\/2024\/04\/CRISTINA_DANIELA_1-1068x769-1-1024x737.jpg","type":"","width":"","height":""}],"author":"Admin Asemer","twitter_card":"summary_large_image","twitter_creator":"@asemer_rumania","twitter_site":"@asemer_rumania","twitter_misc":{"Escrito por":"Admin Asemer","Tiempo de lectura":"6 minutos"},"schema":{"@context":"https:\/\/schema.org","@graph":[{"@type":"Article","@id":"https:\/\/www.asemer.ro\/index.php\/2024\/04\/30\/colaboracion-con-revista-patronatului-roman-25\/#article","isPartOf":{"@id":"https:\/\/www.asemer.ro\/index.php\/2024\/04\/30\/colaboracion-con-revista-patronatului-roman-25\/"},"author":{"name":"Admin Asemer","@id":"https:\/\/www.asemer.ro\/#\/schema\/person\/36de47e444c0f1a7b737a035d40519f9"},"headline":"COLABORACI\u00d3N CON REVISTA PATRONATULUI ROM\u0102N","datePublished":"2024-04-30T06:35:09+00:00","dateModified":"2024-04-30T06:43:56+00:00","mainEntityOfPage":{"@id":"https:\/\/www.asemer.ro\/index.php\/2024\/04\/30\/colaboracion-con-revista-patronatului-roman-25\/"},"wordCount":1348,"commentCount":0,"publisher":{"@id":"https:\/\/www.asemer.ro\/#organization"},"image":{"@id":"https:\/\/www.asemer.ro\/index.php\/2024\/04\/30\/colaboracion-con-revista-patronatului-roman-25\/#primaryimage"},"thumbnailUrl":"https:\/\/www.asemer.ro\/wp-content\/uploads\/2024\/04\/CRISTINA_DANIELA_1-1068x769-1-1024x737.jpg","articleSection":["Uncategorized"],"inLanguage":"es","potentialAction":[{"@type":"CommentAction","name":"Comment","target":["https:\/\/www.asemer.ro\/index.php\/2024\/04\/30\/colaboracion-con-revista-patronatului-roman-25\/#respond"]}]},{"@type":"WebPage","@id":"https:\/\/www.asemer.ro\/index.php\/2024\/04\/30\/colaboracion-con-revista-patronatului-roman-25\/","url":"https:\/\/www.asemer.ro\/index.php\/2024\/04\/30\/colaboracion-con-revista-patronatului-roman-25\/","name":"COLABORACI\u00d3N CON REVISTA PATRONATULUI ROM\u0102N - ASEMER","isPartOf":{"@id":"https:\/\/www.asemer.ro\/#website"},"primaryImageOfPage":{"@id":"https:\/\/www.asemer.ro\/index.php\/2024\/04\/30\/colaboracion-con-revista-patronatului-roman-25\/#primaryimage"},"image":{"@id":"https:\/\/www.asemer.ro\/index.php\/2024\/04\/30\/colaboracion-con-revista-patronatului-roman-25\/#primaryimage"},"thumbnailUrl":"https:\/\/www.asemer.ro\/wp-content\/uploads\/2024\/04\/CRISTINA_DANIELA_1-1068x769-1-1024x737.jpg","datePublished":"2024-04-30T06:35:09+00:00","dateModified":"2024-04-30T06:43:56+00:00","breadcrumb":{"@id":"https:\/\/www.asemer.ro\/index.php\/2024\/04\/30\/colaboracion-con-revista-patronatului-roman-25\/#breadcrumb"},"inLanguage":"es","potentialAction":[{"@type":"ReadAction","target":["https:\/\/www.asemer.ro\/index.php\/2024\/04\/30\/colaboracion-con-revista-patronatului-roman-25\/"]}]},{"@type":"ImageObject","inLanguage":"es","@id":"https:\/\/www.asemer.ro\/index.php\/2024\/04\/30\/colaboracion-con-revista-patronatului-roman-25\/#primaryimage","url":"https:\/\/www.asemer.ro\/wp-content\/uploads\/2024\/04\/CRISTINA_DANIELA_1-1068x769-1.jpg","contentUrl":"https:\/\/www.asemer.ro\/wp-content\/uploads\/2024\/04\/CRISTINA_DANIELA_1-1068x769-1.jpg","width":1068,"height":769},{"@type":"BreadcrumbList","@id":"https:\/\/www.asemer.ro\/index.php\/2024\/04\/30\/colaboracion-con-revista-patronatului-roman-25\/#breadcrumb","itemListElement":[{"@type":"ListItem","position":1,"name":"Home","item":"https:\/\/www.asemer.ro\/"},{"@type":"ListItem","position":2,"name":"COLABORACI\u00d3N CON REVISTA PATRONATULUI ROM\u0102N"}]},{"@type":"WebSite","@id":"https:\/\/www.asemer.ro\/#website","url":"https:\/\/www.asemer.ro\/","name":"ASEMER","description":"Asociaci\u00f3n de Empresas Espa\u00f1olas en Ruman\u00eda","publisher":{"@id":"https:\/\/www.asemer.ro\/#organization"},"potentialAction":[{"@type":"SearchAction","target":{"@type":"EntryPoint","urlTemplate":"https:\/\/www.asemer.ro\/?s={search_term_string}"},"query-input":{"@type":"PropertyValueSpecification","valueRequired":true,"valueName":"search_term_string"}}],"inLanguage":"es"},{"@type":"Organization","@id":"https:\/\/www.asemer.ro\/#organization","name":"ASEMER","url":"https:\/\/www.asemer.ro\/","logo":{"@type":"ImageObject","inLanguage":"es","@id":"https:\/\/www.asemer.ro\/#\/schema\/logo\/image\/","url":"https:\/\/www.asemer.ro\/wp-content\/uploads\/2020\/12\/logo-ASEMER-scaled.jpg","contentUrl":"https:\/\/www.asemer.ro\/wp-content\/uploads\/2020\/12\/logo-ASEMER-scaled.jpg","width":2560,"height":849,"caption":"ASEMER"},"image":{"@id":"https:\/\/www.asemer.ro\/#\/schema\/logo\/image\/"},"sameAs":["https:\/\/www.facebook.com\/asociacionasemer","https:\/\/x.com\/asemer_rumania","https:\/\/ro.linkedin.com\/in\/asemer-asociaci\u00f3n-empresas-espa\u00f1olas-en-ruman\u00eda-724772a6?trk=author_mini-profile_title","https:\/\/www.youtube.com\/channel\/UC73m8-BDsg857OL0Ogv5aQA\/videos"]},{"@type":"Person","@id":"https:\/\/www.asemer.ro\/#\/schema\/person\/36de47e444c0f1a7b737a035d40519f9","name":"Admin Asemer","image":{"@type":"ImageObject","inLanguage":"es","@id":"https:\/\/secure.gravatar.com\/avatar\/b64873d65b5be684e01a001c464789c445a7279ef3f177f5fbff5d83eb373299?s=96&d=mm&r=g","url":"https:\/\/secure.gravatar.com\/avatar\/b64873d65b5be684e01a001c464789c445a7279ef3f177f5fbff5d83eb373299?s=96&d=mm&r=g","contentUrl":"https:\/\/secure.gravatar.com\/avatar\/b64873d65b5be684e01a001c464789c445a7279ef3f177f5fbff5d83eb373299?s=96&d=mm&r=g","caption":"Admin Asemer"},"url":"https:\/\/www.asemer.ro\/index.php\/author\/admin\/"}]}},"_links":{"self":[{"href":"https:\/\/www.asemer.ro\/index.php\/wp-json\/wp\/v2\/posts\/10489","targetHints":{"allow":["GET"]}}],"collection":[{"href":"https:\/\/www.asemer.ro\/index.php\/wp-json\/wp\/v2\/posts"}],"about":[{"href":"https:\/\/www.asemer.ro\/index.php\/wp-json\/wp\/v2\/types\/post"}],"author":[{"embeddable":true,"href":"https:\/\/www.asemer.ro\/index.php\/wp-json\/wp\/v2\/users\/3"}],"replies":[{"embeddable":true,"href":"https:\/\/www.asemer.ro\/index.php\/wp-json\/wp\/v2\/comments?post=10489"}],"version-history":[{"count":5,"href":"https:\/\/www.asemer.ro\/index.php\/wp-json\/wp\/v2\/posts\/10489\/revisions"}],"predecessor-version":[{"id":10499,"href":"https:\/\/www.asemer.ro\/index.php\/wp-json\/wp\/v2\/posts\/10489\/revisions\/10499"}],"wp:attachment":[{"href":"https:\/\/www.asemer.ro\/index.php\/wp-json\/wp\/v2\/media?parent=10489"}],"wp:term":[{"taxonomy":"category","embeddable":true,"href":"https:\/\/www.asemer.ro\/index.php\/wp-json\/wp\/v2\/categories?post=10489"},{"taxonomy":"post_tag","embeddable":true,"href":"https:\/\/www.asemer.ro\/index.php\/wp-json\/wp\/v2\/tags?post=10489"}],"curies":[{"name":"wp","href":"https:\/\/api.w.org\/{rel}","templated":true}]}}