{"id":11096,"date":"2024-07-31T08:07:45","date_gmt":"2024-07-31T06:07:45","guid":{"rendered":"https:\/\/www.asemer.ro\/?p=11096"},"modified":"2024-07-31T09:29:26","modified_gmt":"2024-07-31T07:29:26","slug":"barbacoa-anual-de-verano-nrcc","status":"publish","type":"post","link":"https:\/\/www.asemer.ro\/index.php\/2024\/07\/31\/barbacoa-anual-de-verano-nrcc\/","title":{"rendered":"BARBACOA ANUAL DE VERANO NRCC"},"content":{"rendered":"\n<p class=\"Just\">Desde Asemer les invitamos a participar en la Barbacoa Anual de Verano de la NRCC, que se llevar\u00e1 a cabo el pr\u00f3ximo mi\u00e9rcoles 21 de agosto en el hermosos jard\u00edn de Caro Hotel Bucharest.<\/p>\n\n\n\n<p>La tarifa para los miembros de la NRCC y ASEMER es de 50 Euros m\u00e1s TVA.<\/p>\n\n\n\n<p>La tarifa para los no miembros de la NRCC y ASEMER es de 70 Euros m\u00e1s TVA.<\/p>\n\n\n\n<p>Plazas limitadas<\/p>\n\n\n\n<p>Inscripciones en :<\/p>\n\n\n\n<p><a href=\"mailto:info@nrcc.ro\">info@nrcc.ro<\/a><\/p>\n\n\n\n<p>Patrocinadores: RSM Roman\u00eda y Predeteanu &amp; Partners<\/p>\n\n\n\n<p>Colaboradores: Heineken, FrieslandCampina, MEES Chocolates.<\/p>\n\n\n\n<figure class=\"wp-block-image size-large\"><img loading=\"lazy\" decoding=\"async\" width=\"1024\" height=\"576\" src=\"https:\/\/www.asemer.ro\/wp-content\/uploads\/2024\/07\/NRCC-BBQ-1024x576.png\" alt=\"\" class=\"wp-image-11111\" srcset=\"https:\/\/www.asemer.ro\/wp-content\/uploads\/2024\/07\/NRCC-BBQ-1024x576.png 1024w, https:\/\/www.asemer.ro\/wp-content\/uploads\/2024\/07\/NRCC-BBQ-300x169.png 300w, https:\/\/www.asemer.ro\/wp-content\/uploads\/2024\/07\/NRCC-BBQ-768x432.png 768w, https:\/\/www.asemer.ro\/wp-content\/uploads\/2024\/07\/NRCC-BBQ-1536x864.png 1536w, https:\/\/www.asemer.ro\/wp-content\/uploads\/2024\/07\/NRCC-BBQ-720x405.png 720w, https:\/\/www.asemer.ro\/wp-content\/uploads\/2024\/07\/NRCC-BBQ.png 1920w\" sizes=\"auto, (max-width: 1024px) 100vw, 1024px\" \/><\/figure>\n","protected":false},"excerpt":{"rendered":"<p>Desde Asemer les invitamos a participar en la Barbacoa Anual de Verano de la NRCC, que se llevar\u00e1 a cabo [&hellip;]<\/p>\n","protected":false},"author":3,"featured_media":0,"comment_status":"open","ping_status":"open","sticky":false,"template":"","format":"standard","meta":{"footnotes":""},"categories":[1],"tags":[],"class_list":["post-11096","post","type-post","status-publish","format-standard","hentry","category-uncategorized"],"yoast_head":"<!-- This site is optimized with the Yoast SEO plugin v27.5 - https:\/\/yoast.com\/product\/yoast-seo-wordpress\/ -->\n<title>BARBACOA ANUAL DE VERANO NRCC - ASEMER<\/title>\n<meta name=\"robots\" content=\"index, follow, max-snippet:-1, max-image-preview:large, max-video-preview:-1\" \/>\n<link rel=\"canonical\" href=\"https:\/\/www.asemer.ro\/index.php\/2024\/07\/31\/barbacoa-anual-de-verano-nrcc\/\" \/>\n<meta property=\"og:locale\" content=\"es_ES\" \/>\n<meta property=\"og:type\" content=\"article\" \/>\n<meta property=\"og:title\" content=\"BARBACOA ANUAL DE VERANO NRCC - ASEMER\" \/>\n<meta property=\"og:description\" content=\"Desde Asemer les invitamos a participar en la Barbacoa Anual de Verano de la NRCC, que se llevar\u00e1 a cabo [&hellip;]\" \/>\n<meta property=\"og:url\" content=\"https:\/\/www.asemer.ro\/index.php\/2024\/07\/31\/barbacoa-anual-de-verano-nrcc\/\" \/>\n<meta property=\"og:site_name\" content=\"ASEMER\" \/>\n<meta property=\"article:publisher\" content=\"https:\/\/www.facebook.com\/asociacionasemer\" \/>\n<meta property=\"article:published_time\" content=\"2024-07-31T06:07:45+00:00\" \/>\n<meta property=\"article:modified_time\" content=\"2024-07-31T07:29:26+00:00\" \/>\n<meta property=\"og:image\" content=\"https:\/\/www.asemer.ro\/wp-content\/uploads\/2024\/07\/NRCC-BBQ-1024x576.png\" \/>\n<meta name=\"author\" content=\"Admin Asemer\" \/>\n<meta name=\"twitter:card\" content=\"summary_large_image\" \/>\n<meta name=\"twitter:creator\" content=\"@asemer_rumania\" \/>\n<meta name=\"twitter:site\" content=\"@asemer_rumania\" \/>\n<meta name=\"twitter:label1\" content=\"Escrito por\" \/>\n\t<meta name=\"twitter:data1\" content=\"Admin Asemer\" \/>\n\t<meta name=\"twitter:label2\" content=\"Tiempo de lectura\" \/>\n\t<meta name=\"twitter:data2\" content=\"1 minuto\" \/>\n<script type=\"application\/ld+json\" class=\"yoast-schema-graph\">{\"@context\":\"https:\\\/\\\/schema.org\",\"@graph\":[{\"@type\":\"Article\",\"@id\":\"https:\\\/\\\/www.asemer.ro\\\/index.php\\\/2024\\\/07\\\/31\\\/barbacoa-anual-de-verano-nrcc\\\/#article\",\"isPartOf\":{\"@id\":\"https:\\\/\\\/www.asemer.ro\\\/index.php\\\/2024\\\/07\\\/31\\\/barbacoa-anual-de-verano-nrcc\\\/\"},\"author\":{\"name\":\"Admin Asemer\",\"@id\":\"https:\\\/\\\/www.asemer.ro\\\/#\\\/schema\\\/person\\\/36de47e444c0f1a7b737a035d40519f9\"},\"headline\":\"BARBACOA ANUAL DE VERANO NRCC\",\"datePublished\":\"2024-07-31T06:07:45+00:00\",\"dateModified\":\"2024-07-31T07:29:26+00:00\",\"mainEntityOfPage\":{\"@id\":\"https:\\\/\\\/www.asemer.ro\\\/index.php\\\/2024\\\/07\\\/31\\\/barbacoa-anual-de-verano-nrcc\\\/\"},\"wordCount\":94,\"commentCount\":0,\"publisher\":{\"@id\":\"https:\\\/\\\/www.asemer.ro\\\/#organization\"},\"image\":{\"@id\":\"https:\\\/\\\/www.asemer.ro\\\/index.php\\\/2024\\\/07\\\/31\\\/barbacoa-anual-de-verano-nrcc\\\/#primaryimage\"},\"thumbnailUrl\":\"https:\\\/\\\/www.asemer.ro\\\/wp-content\\\/uploads\\\/2024\\\/07\\\/NRCC-BBQ-1024x576.png\",\"articleSection\":[\"Uncategorized\"],\"inLanguage\":\"es\",\"potentialAction\":[{\"@type\":\"CommentAction\",\"name\":\"Comment\",\"target\":[\"https:\\\/\\\/www.asemer.ro\\\/index.php\\\/2024\\\/07\\\/31\\\/barbacoa-anual-de-verano-nrcc\\\/#respond\"]}]},{\"@type\":\"WebPage\",\"@id\":\"https:\\\/\\\/www.asemer.ro\\\/index.php\\\/2024\\\/07\\\/31\\\/barbacoa-anual-de-verano-nrcc\\\/\",\"url\":\"https:\\\/\\\/www.asemer.ro\\\/index.php\\\/2024\\\/07\\\/31\\\/barbacoa-anual-de-verano-nrcc\\\/\",\"name\":\"BARBACOA ANUAL DE VERANO NRCC - ASEMER\",\"isPartOf\":{\"@id\":\"https:\\\/\\\/www.asemer.ro\\\/#website\"},\"primaryImageOfPage\":{\"@id\":\"https:\\\/\\\/www.asemer.ro\\\/index.php\\\/2024\\\/07\\\/31\\\/barbacoa-anual-de-verano-nrcc\\\/#primaryimage\"},\"image\":{\"@id\":\"https:\\\/\\\/www.asemer.ro\\\/index.php\\\/2024\\\/07\\\/31\\\/barbacoa-anual-de-verano-nrcc\\\/#primaryimage\"},\"thumbnailUrl\":\"https:\\\/\\\/www.asemer.ro\\\/wp-content\\\/uploads\\\/2024\\\/07\\\/NRCC-BBQ-1024x576.png\",\"datePublished\":\"2024-07-31T06:07:45+00:00\",\"dateModified\":\"2024-07-31T07:29:26+00:00\",\"breadcrumb\":{\"@id\":\"https:\\\/\\\/www.asemer.ro\\\/index.php\\\/2024\\\/07\\\/31\\\/barbacoa-anual-de-verano-nrcc\\\/#breadcrumb\"},\"inLanguage\":\"es\",\"potentialAction\":[{\"@type\":\"ReadAction\",\"target\":[\"https:\\\/\\\/www.asemer.ro\\\/index.php\\\/2024\\\/07\\\/31\\\/barbacoa-anual-de-verano-nrcc\\\/\"]}]},{\"@type\":\"ImageObject\",\"inLanguage\":\"es\",\"@id\":\"https:\\\/\\\/www.asemer.ro\\\/index.php\\\/2024\\\/07\\\/31\\\/barbacoa-anual-de-verano-nrcc\\\/#primaryimage\",\"url\":\"https:\\\/\\\/www.asemer.ro\\\/wp-content\\\/uploads\\\/2024\\\/07\\\/NRCC-BBQ.png\",\"contentUrl\":\"https:\\\/\\\/www.asemer.ro\\\/wp-content\\\/uploads\\\/2024\\\/07\\\/NRCC-BBQ.png\",\"width\":1920,\"height\":1080},{\"@type\":\"BreadcrumbList\",\"@id\":\"https:\\\/\\\/www.asemer.ro\\\/index.php\\\/2024\\\/07\\\/31\\\/barbacoa-anual-de-verano-nrcc\\\/#breadcrumb\",\"itemListElement\":[{\"@type\":\"ListItem\",\"position\":1,\"name\":\"Home\",\"item\":\"https:\\\/\\\/www.asemer.ro\\\/\"},{\"@type\":\"ListItem\",\"position\":2,\"name\":\"BARBACOA ANUAL DE VERANO NRCC\"}]},{\"@type\":\"WebSite\",\"@id\":\"https:\\\/\\\/www.asemer.ro\\\/#website\",\"url\":\"https:\\\/\\\/www.asemer.ro\\\/\",\"name\":\"ASEMER\",\"description\":\"Asociaci\u00f3n de Empresas Espa\u00f1olas en Ruman\u00eda\",\"publisher\":{\"@id\":\"https:\\\/\\\/www.asemer.ro\\\/#organization\"},\"potentialAction\":[{\"@type\":\"SearchAction\",\"target\":{\"@type\":\"EntryPoint\",\"urlTemplate\":\"https:\\\/\\\/www.asemer.ro\\\/?s={search_term_string}\"},\"query-input\":{\"@type\":\"PropertyValueSpecification\",\"valueRequired\":true,\"valueName\":\"search_term_string\"}}],\"inLanguage\":\"es\"},{\"@type\":\"Organization\",\"@id\":\"https:\\\/\\\/www.asemer.ro\\\/#organization\",\"name\":\"ASEMER\",\"url\":\"https:\\\/\\\/www.asemer.ro\\\/\",\"logo\":{\"@type\":\"ImageObject\",\"inLanguage\":\"es\",\"@id\":\"https:\\\/\\\/www.asemer.ro\\\/#\\\/schema\\\/logo\\\/image\\\/\",\"url\":\"https:\\\/\\\/www.asemer.ro\\\/wp-content\\\/uploads\\\/2020\\\/12\\\/logo-ASEMER-scaled.jpg\",\"contentUrl\":\"https:\\\/\\\/www.asemer.ro\\\/wp-content\\\/uploads\\\/2020\\\/12\\\/logo-ASEMER-scaled.jpg\",\"width\":2560,\"height\":849,\"caption\":\"ASEMER\"},\"image\":{\"@id\":\"https:\\\/\\\/www.asemer.ro\\\/#\\\/schema\\\/logo\\\/image\\\/\"},\"sameAs\":[\"https:\\\/\\\/www.facebook.com\\\/asociacionasemer\",\"https:\\\/\\\/x.com\\\/asemer_rumania\",\"https:\\\/\\\/ro.linkedin.com\\\/in\\\/asemer-asociaci\u00f3n-empresas-espa\u00f1olas-en-ruman\u00eda-724772a6?trk=author_mini-profile_title\",\"https:\\\/\\\/www.youtube.com\\\/channel\\\/UC73m8-BDsg857OL0Ogv5aQA\\\/videos\"]},{\"@type\":\"Person\",\"@id\":\"https:\\\/\\\/www.asemer.ro\\\/#\\\/schema\\\/person\\\/36de47e444c0f1a7b737a035d40519f9\",\"name\":\"Admin Asemer\",\"image\":{\"@type\":\"ImageObject\",\"inLanguage\":\"es\",\"@id\":\"https:\\\/\\\/secure.gravatar.com\\\/avatar\\\/b64873d65b5be684e01a001c464789c445a7279ef3f177f5fbff5d83eb373299?s=96&d=mm&r=g\",\"url\":\"https:\\\/\\\/secure.gravatar.com\\\/avatar\\\/b64873d65b5be684e01a001c464789c445a7279ef3f177f5fbff5d83eb373299?s=96&d=mm&r=g\",\"contentUrl\":\"https:\\\/\\\/secure.gravatar.com\\\/avatar\\\/b64873d65b5be684e01a001c464789c445a7279ef3f177f5fbff5d83eb373299?s=96&d=mm&r=g\",\"caption\":\"Admin Asemer\"},\"url\":\"https:\\\/\\\/www.asemer.ro\\\/index.php\\\/author\\\/admin\\\/\"}]}<\/script>\n<!-- \/ Yoast SEO plugin. -->","yoast_head_json":{"title":"BARBACOA ANUAL DE VERANO NRCC - ASEMER","robots":{"index":"index","follow":"follow","max-snippet":"max-snippet:-1","max-image-preview":"max-image-preview:large","max-video-preview":"max-video-preview:-1"},"canonical":"https:\/\/www.asemer.ro\/index.php\/2024\/07\/31\/barbacoa-anual-de-verano-nrcc\/","og_locale":"es_ES","og_type":"article","og_title":"BARBACOA ANUAL DE VERANO NRCC - ASEMER","og_description":"Desde Asemer les invitamos a participar en la Barbacoa Anual de Verano de la NRCC, que se llevar\u00e1 a cabo [&hellip;]","og_url":"https:\/\/www.asemer.ro\/index.php\/2024\/07\/31\/barbacoa-anual-de-verano-nrcc\/","og_site_name":"ASEMER","article_publisher":"https:\/\/www.facebook.com\/asociacionasemer","article_published_time":"2024-07-31T06:07:45+00:00","article_modified_time":"2024-07-31T07:29:26+00:00","og_image":[{"url":"https:\/\/www.asemer.ro\/wp-content\/uploads\/2024\/07\/NRCC-BBQ-1024x576.png","type":"","width":"","height":""}],"author":"Admin Asemer","twitter_card":"summary_large_image","twitter_creator":"@asemer_rumania","twitter_site":"@asemer_rumania","twitter_misc":{"Escrito por":"Admin Asemer","Tiempo de lectura":"1 minuto"},"schema":{"@context":"https:\/\/schema.org","@graph":[{"@type":"Article","@id":"https:\/\/www.asemer.ro\/index.php\/2024\/07\/31\/barbacoa-anual-de-verano-nrcc\/#article","isPartOf":{"@id":"https:\/\/www.asemer.ro\/index.php\/2024\/07\/31\/barbacoa-anual-de-verano-nrcc\/"},"author":{"name":"Admin Asemer","@id":"https:\/\/www.asemer.ro\/#\/schema\/person\/36de47e444c0f1a7b737a035d40519f9"},"headline":"BARBACOA ANUAL DE VERANO NRCC","datePublished":"2024-07-31T06:07:45+00:00","dateModified":"2024-07-31T07:29:26+00:00","mainEntityOfPage":{"@id":"https:\/\/www.asemer.ro\/index.php\/2024\/07\/31\/barbacoa-anual-de-verano-nrcc\/"},"wordCount":94,"commentCount":0,"publisher":{"@id":"https:\/\/www.asemer.ro\/#organization"},"image":{"@id":"https:\/\/www.asemer.ro\/index.php\/2024\/07\/31\/barbacoa-anual-de-verano-nrcc\/#primaryimage"},"thumbnailUrl":"https:\/\/www.asemer.ro\/wp-content\/uploads\/2024\/07\/NRCC-BBQ-1024x576.png","articleSection":["Uncategorized"],"inLanguage":"es","potentialAction":[{"@type":"CommentAction","name":"Comment","target":["https:\/\/www.asemer.ro\/index.php\/2024\/07\/31\/barbacoa-anual-de-verano-nrcc\/#respond"]}]},{"@type":"WebPage","@id":"https:\/\/www.asemer.ro\/index.php\/2024\/07\/31\/barbacoa-anual-de-verano-nrcc\/","url":"https:\/\/www.asemer.ro\/index.php\/2024\/07\/31\/barbacoa-anual-de-verano-nrcc\/","name":"BARBACOA ANUAL DE VERANO NRCC - ASEMER","isPartOf":{"@id":"https:\/\/www.asemer.ro\/#website"},"primaryImageOfPage":{"@id":"https:\/\/www.asemer.ro\/index.php\/2024\/07\/31\/barbacoa-anual-de-verano-nrcc\/#primaryimage"},"image":{"@id":"https:\/\/www.asemer.ro\/index.php\/2024\/07\/31\/barbacoa-anual-de-verano-nrcc\/#primaryimage"},"thumbnailUrl":"https:\/\/www.asemer.ro\/wp-content\/uploads\/2024\/07\/NRCC-BBQ-1024x576.png","datePublished":"2024-07-31T06:07:45+00:00","dateModified":"2024-07-31T07:29:26+00:00","breadcrumb":{"@id":"https:\/\/www.asemer.ro\/index.php\/2024\/07\/31\/barbacoa-anual-de-verano-nrcc\/#breadcrumb"},"inLanguage":"es","potentialAction":[{"@type":"ReadAction","target":["https:\/\/www.asemer.ro\/index.php\/2024\/07\/31\/barbacoa-anual-de-verano-nrcc\/"]}]},{"@type":"ImageObject","inLanguage":"es","@id":"https:\/\/www.asemer.ro\/index.php\/2024\/07\/31\/barbacoa-anual-de-verano-nrcc\/#primaryimage","url":"https:\/\/www.asemer.ro\/wp-content\/uploads\/2024\/07\/NRCC-BBQ.png","contentUrl":"https:\/\/www.asemer.ro\/wp-content\/uploads\/2024\/07\/NRCC-BBQ.png","width":1920,"height":1080},{"@type":"BreadcrumbList","@id":"https:\/\/www.asemer.ro\/index.php\/2024\/07\/31\/barbacoa-anual-de-verano-nrcc\/#breadcrumb","itemListElement":[{"@type":"ListItem","position":1,"name":"Home","item":"https:\/\/www.asemer.ro\/"},{"@type":"ListItem","position":2,"name":"BARBACOA ANUAL DE VERANO NRCC"}]},{"@type":"WebSite","@id":"https:\/\/www.asemer.ro\/#website","url":"https:\/\/www.asemer.ro\/","name":"ASEMER","description":"Asociaci\u00f3n de Empresas Espa\u00f1olas en Ruman\u00eda","publisher":{"@id":"https:\/\/www.asemer.ro\/#organization"},"potentialAction":[{"@type":"SearchAction","target":{"@type":"EntryPoint","urlTemplate":"https:\/\/www.asemer.ro\/?s={search_term_string}"},"query-input":{"@type":"PropertyValueSpecification","valueRequired":true,"valueName":"search_term_string"}}],"inLanguage":"es"},{"@type":"Organization","@id":"https:\/\/www.asemer.ro\/#organization","name":"ASEMER","url":"https:\/\/www.asemer.ro\/","logo":{"@type":"ImageObject","inLanguage":"es","@id":"https:\/\/www.asemer.ro\/#\/schema\/logo\/image\/","url":"https:\/\/www.asemer.ro\/wp-content\/uploads\/2020\/12\/logo-ASEMER-scaled.jpg","contentUrl":"https:\/\/www.asemer.ro\/wp-content\/uploads\/2020\/12\/logo-ASEMER-scaled.jpg","width":2560,"height":849,"caption":"ASEMER"},"image":{"@id":"https:\/\/www.asemer.ro\/#\/schema\/logo\/image\/"},"sameAs":["https:\/\/www.facebook.com\/asociacionasemer","https:\/\/x.com\/asemer_rumania","https:\/\/ro.linkedin.com\/in\/asemer-asociaci\u00f3n-empresas-espa\u00f1olas-en-ruman\u00eda-724772a6?trk=author_mini-profile_title","https:\/\/www.youtube.com\/channel\/UC73m8-BDsg857OL0Ogv5aQA\/videos"]},{"@type":"Person","@id":"https:\/\/www.asemer.ro\/#\/schema\/person\/36de47e444c0f1a7b737a035d40519f9","name":"Admin Asemer","image":{"@type":"ImageObject","inLanguage":"es","@id":"https:\/\/secure.gravatar.com\/avatar\/b64873d65b5be684e01a001c464789c445a7279ef3f177f5fbff5d83eb373299?s=96&d=mm&r=g","url":"https:\/\/secure.gravatar.com\/avatar\/b64873d65b5be684e01a001c464789c445a7279ef3f177f5fbff5d83eb373299?s=96&d=mm&r=g","contentUrl":"https:\/\/secure.gravatar.com\/avatar\/b64873d65b5be684e01a001c464789c445a7279ef3f177f5fbff5d83eb373299?s=96&d=mm&r=g","caption":"Admin Asemer"},"url":"https:\/\/www.asemer.ro\/index.php\/author\/admin\/"}]}},"_links":{"self":[{"href":"https:\/\/www.asemer.ro\/index.php\/wp-json\/wp\/v2\/posts\/11096","targetHints":{"allow":["GET"]}}],"collection":[{"href":"https:\/\/www.asemer.ro\/index.php\/wp-json\/wp\/v2\/posts"}],"about":[{"href":"https:\/\/www.asemer.ro\/index.php\/wp-json\/wp\/v2\/types\/post"}],"author":[{"embeddable":true,"href":"https:\/\/www.asemer.ro\/index.php\/wp-json\/wp\/v2\/users\/3"}],"replies":[{"embeddable":true,"href":"https:\/\/www.asemer.ro\/index.php\/wp-json\/wp\/v2\/comments?post=11096"}],"version-history":[{"count":5,"href":"https:\/\/www.asemer.ro\/index.php\/wp-json\/wp\/v2\/posts\/11096\/revisions"}],"predecessor-version":[{"id":11207,"href":"https:\/\/www.asemer.ro\/index.php\/wp-json\/wp\/v2\/posts\/11096\/revisions\/11207"}],"wp:attachment":[{"href":"https:\/\/www.asemer.ro\/index.php\/wp-json\/wp\/v2\/media?parent=11096"}],"wp:term":[{"taxonomy":"category","embeddable":true,"href":"https:\/\/www.asemer.ro\/index.php\/wp-json\/wp\/v2\/categories?post=11096"},{"taxonomy":"post_tag","embeddable":true,"href":"https:\/\/www.asemer.ro\/index.php\/wp-json\/wp\/v2\/tags?post=11096"}],"curies":[{"name":"wp","href":"https:\/\/api.w.org\/{rel}","templated":true}]}}