{"id":11574,"date":"2024-09-30T12:31:05","date_gmt":"2024-09-30T10:31:05","guid":{"rendered":"https:\/\/www.asemer.ro\/?p=11574"},"modified":"2024-09-30T12:31:14","modified_gmt":"2024-09-30T10:31:14","slug":"sustelandia-ceo-forum","status":"publish","type":"post","link":"https:\/\/www.asemer.ro\/index.php\/2024\/09\/30\/sustelandia-ceo-forum\/","title":{"rendered":"SUSTELANDIA CEO FORUM"},"content":{"rendered":"\n<h2 class=\"wp-block-heading\">\u00daNASE AL PRINCIPAL EVENTO DE RUMAN\u00cdA SOBRE SOSTENIBILIDAD COORPORATIVA:<\/h2>\n\n\n\n<figure class=\"wp-block-image size-large\"><img loading=\"lazy\" decoding=\"async\" width=\"1024\" height=\"380\" src=\"https:\/\/www.asemer.ro\/wp-content\/uploads\/2024\/09\/Sustenabila-1024x380.png\" alt=\"\" class=\"wp-image-11578\" srcset=\"https:\/\/www.asemer.ro\/wp-content\/uploads\/2024\/09\/Sustenabila-1024x380.png 1024w, https:\/\/www.asemer.ro\/wp-content\/uploads\/2024\/09\/Sustenabila-300x111.png 300w, https:\/\/www.asemer.ro\/wp-content\/uploads\/2024\/09\/Sustenabila-768x285.png 768w, https:\/\/www.asemer.ro\/wp-content\/uploads\/2024\/09\/Sustenabila-720x267.png 720w, https:\/\/www.asemer.ro\/wp-content\/uploads\/2024\/09\/Sustenabila.png 1031w\" sizes=\"auto, (max-width: 1024px) 100vw, 1024px\" \/><\/figure>\n\n\n\n<p class=\"Just\">Foro de CEO de SUSTENLANDIA, 9 de octubre ASEMER y la Embajada de Sostenibilidad en Rumania tienen el placer de invitarles a asistir al evento m\u00e1s relevante centrado en la sostenibilidad para las empresas:<\/p>\n\n\n\n<p>SUSTENLANDIA CEO Forum, que tendr\u00e1 lugar el 9 de octubre en Bucarest y en l\u00ednea.<\/p>\n\n\n\n<p class=\"Just\">Los oradores invitados al evento son dos de los l\u00edderes visionarios del mundo en sostenibilidad, JOHN ELKINGTON, el \u201cpadrino de la sostenibilidad\u201d, y WAYNE VISSER, uno de los 100 principales influyentes en RSE y negocios sostenibles, ambos presentes por primera vez en Ruman\u00eda.<\/p>\n\n\n\n<p class=\"Just\">A trav\u00e9s de inspiradores discursos de apertura, seguidos de una vibrante charla fogonera moderada por CHARLY COX (entrenador galardonado sobre cambio clim\u00e1tico), John y Wayne nos brindar\u00e1n argumentos convincentes sobre por qu\u00e9 necesitamos acelerar la transici\u00f3n hacia negocios sostenibles y qu\u00e9 tipo de de liderazgo es capaz de fomentar este proceso transformador, para que la econom\u00eda, la naturaleza y la sociedad puedan prosperar.<\/p>\n\n\n\n<p class=\"Just\">El evento, que reunir\u00e1 fuera de l\u00ednea a m\u00e1s de 170 l\u00edderes empresariales, ser\u00e1 un centro para el liderazgo con visi\u00f3n de futuro.<\/p>\n\n\n\n<p class=\"Just\">Ofrecer\u00e1 oportunidades de aprendizaje y establecimiento de contactos entre pares sobre c\u00f3mo abordar los principales desaf\u00edos que enfrenta cualquier l\u00edder empresarial en la actualidad.<\/p>\n\n\n\n<p>La conferencia tambi\u00e9n incluir\u00e1 un panel local que presentar\u00e1 perspectivas sobre liderazgo y negocios sostenibles por parte de ejecutivos clave de las principales empresas de Rumania.<\/p>\n\n\n\n<p>M\u00e1s detalles disponibles en <a href=\"http:\/\/www.sustenlandia.com\">www.sustenlandia.com<\/a>.<\/p>\n\n\n\n<p class=\"Just\"><strong>ASEMER<\/strong> se enorgullece de apoyar este evento como socio organizativo, por lo que su empresa como miembro puede beneficiarse de<strong> tarifas <\/strong>de inscripci\u00f3n <strong>preferenciales<\/strong> ( IVA incluido ), tanto para las entradas offline como online:<\/p>\n\n\n\n<p><strong>Special offline ticket price for ASEMER members \u2013 269 euro ( IVAincluido )<br>Special online ticket price for ASEMER members \u2013 109 euro ( IVA incluido )<\/strong><\/p>\n\n\n\n<p>Tenga en cuenta que, debido al espacio limitado:<\/p>\n\n\n\n<p class=\"Just\">\u25cf las entradas fuera de l\u00ednea est\u00e1n disponibles s\u00f3lo para directores ejecutivos y gerentes\/directores de sostenibilidad de empresas con m\u00e1s de 50 empleados o una facturaci\u00f3n superior a 50 millones de euros. Antes de comprar un boleto fuera de l\u00ednea, primero debe completar un formulario de solicitud.<\/p>\n\n\n\n<p class=\"Just\">\u25cf las entradas de acceso en l\u00ednea est\u00e1n abiertas a todos los profesionales apasionados o directamente involucrados en el campo de la sostenibilidad Las entradas est\u00e1n disponibles aqu\u00ed. Tenga en cuenta que solo nos quedan 60 entradas disponibles sin conexi\u00f3n.<\/p>\n\n\n\n<p class=\"Just\">Para beneficiarse del descuento especial, aplique el c\u00f3digo dedicado a su organizaci\u00f3n al inicio del pedido en el cuadro C\u00d3DIGO PROMOCIONAL:<\/p>\n\n\n\n<p><strong>Para obterener el C\u00d3DIGO PROMOCIONAL de miembro ASEMER por favor cont\u00e1ctenos a <\/strong><a href=\"mailto:office@asemer.ro\">office@asemer.ro<\/a><\/p>\n\n\n\n<figure class=\"wp-block-image size-full\"><img loading=\"lazy\" decoding=\"async\" width=\"1024\" height=\"785\" src=\"https:\/\/www.asemer.ro\/wp-content\/uploads\/2024\/09\/1.logo-ASR-Q2-1.png\" alt=\"\" class=\"wp-image-11577\" srcset=\"https:\/\/www.asemer.ro\/wp-content\/uploads\/2024\/09\/1.logo-ASR-Q2-1.png 1024w, https:\/\/www.asemer.ro\/wp-content\/uploads\/2024\/09\/1.logo-ASR-Q2-1-300x230.png 300w, https:\/\/www.asemer.ro\/wp-content\/uploads\/2024\/09\/1.logo-ASR-Q2-1-768x589.png 768w, https:\/\/www.asemer.ro\/wp-content\/uploads\/2024\/09\/1.logo-ASR-Q2-1-720x552.png 720w\" sizes=\"auto, (max-width: 1024px) 100vw, 1024px\" \/><\/figure>\n\n\n\n<p>Para cualquier pregunta o dificultad adicional en la compra de boletos, comun\u00edquese con Claudia Hincu, en claudia.hincu@ambasadasustenabilitatii.ro.<\/p>\n","protected":false},"excerpt":{"rendered":"<p>\u00daNASE AL PRINCIPAL EVENTO DE RUMAN\u00cdA SOBRE SOSTENIBILIDAD COORPORATIVA: Foro de CEO de SUSTENLANDIA, 9 de octubre ASEMER y la [&hellip;]<\/p>\n","protected":false},"author":3,"featured_media":0,"comment_status":"open","ping_status":"open","sticky":false,"template":"","format":"standard","meta":{"footnotes":""},"categories":[1],"tags":[],"class_list":["post-11574","post","type-post","status-publish","format-standard","hentry","category-uncategorized"],"yoast_head":"<!-- This site is optimized with the Yoast SEO plugin v27.5 - https:\/\/yoast.com\/product\/yoast-seo-wordpress\/ -->\n<title>SUSTELANDIA CEO FORUM - ASEMER<\/title>\n<meta name=\"robots\" content=\"index, follow, max-snippet:-1, max-image-preview:large, max-video-preview:-1\" \/>\n<link rel=\"canonical\" href=\"https:\/\/www.asemer.ro\/index.php\/2024\/09\/30\/sustelandia-ceo-forum\/\" \/>\n<meta property=\"og:locale\" content=\"es_ES\" \/>\n<meta property=\"og:type\" content=\"article\" \/>\n<meta property=\"og:title\" content=\"SUSTELANDIA CEO FORUM - ASEMER\" \/>\n<meta property=\"og:description\" content=\"\u00daNASE AL PRINCIPAL EVENTO DE RUMAN\u00cdA SOBRE SOSTENIBILIDAD COORPORATIVA: Foro de CEO de SUSTENLANDIA, 9 de octubre ASEMER y la [&hellip;]\" \/>\n<meta property=\"og:url\" content=\"https:\/\/www.asemer.ro\/index.php\/2024\/09\/30\/sustelandia-ceo-forum\/\" \/>\n<meta property=\"og:site_name\" content=\"ASEMER\" \/>\n<meta property=\"article:publisher\" content=\"https:\/\/www.facebook.com\/asociacionasemer\" \/>\n<meta property=\"article:published_time\" content=\"2024-09-30T10:31:05+00:00\" \/>\n<meta property=\"article:modified_time\" content=\"2024-09-30T10:31:14+00:00\" \/>\n<meta property=\"og:image\" content=\"https:\/\/www.asemer.ro\/wp-content\/uploads\/2024\/09\/Sustenabila-1024x380.png\" \/>\n<meta name=\"author\" content=\"Admin Asemer\" \/>\n<meta name=\"twitter:card\" content=\"summary_large_image\" \/>\n<meta name=\"twitter:creator\" content=\"@asemer_rumania\" \/>\n<meta name=\"twitter:site\" content=\"@asemer_rumania\" \/>\n<meta name=\"twitter:label1\" content=\"Escrito por\" \/>\n\t<meta name=\"twitter:data1\" content=\"Admin Asemer\" \/>\n\t<meta name=\"twitter:label2\" content=\"Tiempo de lectura\" \/>\n\t<meta name=\"twitter:data2\" content=\"3 minutos\" \/>\n<script type=\"application\/ld+json\" class=\"yoast-schema-graph\">{\"@context\":\"https:\\\/\\\/schema.org\",\"@graph\":[{\"@type\":\"Article\",\"@id\":\"https:\\\/\\\/www.asemer.ro\\\/index.php\\\/2024\\\/09\\\/30\\\/sustelandia-ceo-forum\\\/#article\",\"isPartOf\":{\"@id\":\"https:\\\/\\\/www.asemer.ro\\\/index.php\\\/2024\\\/09\\\/30\\\/sustelandia-ceo-forum\\\/\"},\"author\":{\"name\":\"Admin Asemer\",\"@id\":\"https:\\\/\\\/www.asemer.ro\\\/#\\\/schema\\\/person\\\/36de47e444c0f1a7b737a035d40519f9\"},\"headline\":\"SUSTELANDIA CEO FORUM\",\"datePublished\":\"2024-09-30T10:31:05+00:00\",\"dateModified\":\"2024-09-30T10:31:14+00:00\",\"mainEntityOfPage\":{\"@id\":\"https:\\\/\\\/www.asemer.ro\\\/index.php\\\/2024\\\/09\\\/30\\\/sustelandia-ceo-forum\\\/\"},\"wordCount\":478,\"commentCount\":0,\"publisher\":{\"@id\":\"https:\\\/\\\/www.asemer.ro\\\/#organization\"},\"image\":{\"@id\":\"https:\\\/\\\/www.asemer.ro\\\/index.php\\\/2024\\\/09\\\/30\\\/sustelandia-ceo-forum\\\/#primaryimage\"},\"thumbnailUrl\":\"https:\\\/\\\/www.asemer.ro\\\/wp-content\\\/uploads\\\/2024\\\/09\\\/Sustenabila-1024x380.png\",\"articleSection\":[\"Uncategorized\"],\"inLanguage\":\"es\",\"potentialAction\":[{\"@type\":\"CommentAction\",\"name\":\"Comment\",\"target\":[\"https:\\\/\\\/www.asemer.ro\\\/index.php\\\/2024\\\/09\\\/30\\\/sustelandia-ceo-forum\\\/#respond\"]}]},{\"@type\":\"WebPage\",\"@id\":\"https:\\\/\\\/www.asemer.ro\\\/index.php\\\/2024\\\/09\\\/30\\\/sustelandia-ceo-forum\\\/\",\"url\":\"https:\\\/\\\/www.asemer.ro\\\/index.php\\\/2024\\\/09\\\/30\\\/sustelandia-ceo-forum\\\/\",\"name\":\"SUSTELANDIA CEO FORUM - ASEMER\",\"isPartOf\":{\"@id\":\"https:\\\/\\\/www.asemer.ro\\\/#website\"},\"primaryImageOfPage\":{\"@id\":\"https:\\\/\\\/www.asemer.ro\\\/index.php\\\/2024\\\/09\\\/30\\\/sustelandia-ceo-forum\\\/#primaryimage\"},\"image\":{\"@id\":\"https:\\\/\\\/www.asemer.ro\\\/index.php\\\/2024\\\/09\\\/30\\\/sustelandia-ceo-forum\\\/#primaryimage\"},\"thumbnailUrl\":\"https:\\\/\\\/www.asemer.ro\\\/wp-content\\\/uploads\\\/2024\\\/09\\\/Sustenabila-1024x380.png\",\"datePublished\":\"2024-09-30T10:31:05+00:00\",\"dateModified\":\"2024-09-30T10:31:14+00:00\",\"breadcrumb\":{\"@id\":\"https:\\\/\\\/www.asemer.ro\\\/index.php\\\/2024\\\/09\\\/30\\\/sustelandia-ceo-forum\\\/#breadcrumb\"},\"inLanguage\":\"es\",\"potentialAction\":[{\"@type\":\"ReadAction\",\"target\":[\"https:\\\/\\\/www.asemer.ro\\\/index.php\\\/2024\\\/09\\\/30\\\/sustelandia-ceo-forum\\\/\"]}]},{\"@type\":\"ImageObject\",\"inLanguage\":\"es\",\"@id\":\"https:\\\/\\\/www.asemer.ro\\\/index.php\\\/2024\\\/09\\\/30\\\/sustelandia-ceo-forum\\\/#primaryimage\",\"url\":\"https:\\\/\\\/www.asemer.ro\\\/wp-content\\\/uploads\\\/2024\\\/09\\\/Sustenabila.png\",\"contentUrl\":\"https:\\\/\\\/www.asemer.ro\\\/wp-content\\\/uploads\\\/2024\\\/09\\\/Sustenabila.png\",\"width\":1031,\"height\":383},{\"@type\":\"BreadcrumbList\",\"@id\":\"https:\\\/\\\/www.asemer.ro\\\/index.php\\\/2024\\\/09\\\/30\\\/sustelandia-ceo-forum\\\/#breadcrumb\",\"itemListElement\":[{\"@type\":\"ListItem\",\"position\":1,\"name\":\"Home\",\"item\":\"https:\\\/\\\/www.asemer.ro\\\/\"},{\"@type\":\"ListItem\",\"position\":2,\"name\":\"SUSTELANDIA CEO FORUM\"}]},{\"@type\":\"WebSite\",\"@id\":\"https:\\\/\\\/www.asemer.ro\\\/#website\",\"url\":\"https:\\\/\\\/www.asemer.ro\\\/\",\"name\":\"ASEMER\",\"description\":\"Asociaci\u00f3n de Empresas Espa\u00f1olas en Ruman\u00eda\",\"publisher\":{\"@id\":\"https:\\\/\\\/www.asemer.ro\\\/#organization\"},\"potentialAction\":[{\"@type\":\"SearchAction\",\"target\":{\"@type\":\"EntryPoint\",\"urlTemplate\":\"https:\\\/\\\/www.asemer.ro\\\/?s={search_term_string}\"},\"query-input\":{\"@type\":\"PropertyValueSpecification\",\"valueRequired\":true,\"valueName\":\"search_term_string\"}}],\"inLanguage\":\"es\"},{\"@type\":\"Organization\",\"@id\":\"https:\\\/\\\/www.asemer.ro\\\/#organization\",\"name\":\"ASEMER\",\"url\":\"https:\\\/\\\/www.asemer.ro\\\/\",\"logo\":{\"@type\":\"ImageObject\",\"inLanguage\":\"es\",\"@id\":\"https:\\\/\\\/www.asemer.ro\\\/#\\\/schema\\\/logo\\\/image\\\/\",\"url\":\"https:\\\/\\\/www.asemer.ro\\\/wp-content\\\/uploads\\\/2020\\\/12\\\/logo-ASEMER-scaled.jpg\",\"contentUrl\":\"https:\\\/\\\/www.asemer.ro\\\/wp-content\\\/uploads\\\/2020\\\/12\\\/logo-ASEMER-scaled.jpg\",\"width\":2560,\"height\":849,\"caption\":\"ASEMER\"},\"image\":{\"@id\":\"https:\\\/\\\/www.asemer.ro\\\/#\\\/schema\\\/logo\\\/image\\\/\"},\"sameAs\":[\"https:\\\/\\\/www.facebook.com\\\/asociacionasemer\",\"https:\\\/\\\/x.com\\\/asemer_rumania\",\"https:\\\/\\\/ro.linkedin.com\\\/in\\\/asemer-asociaci\u00f3n-empresas-espa\u00f1olas-en-ruman\u00eda-724772a6?trk=author_mini-profile_title\",\"https:\\\/\\\/www.youtube.com\\\/channel\\\/UC73m8-BDsg857OL0Ogv5aQA\\\/videos\"]},{\"@type\":\"Person\",\"@id\":\"https:\\\/\\\/www.asemer.ro\\\/#\\\/schema\\\/person\\\/36de47e444c0f1a7b737a035d40519f9\",\"name\":\"Admin Asemer\",\"image\":{\"@type\":\"ImageObject\",\"inLanguage\":\"es\",\"@id\":\"https:\\\/\\\/secure.gravatar.com\\\/avatar\\\/b64873d65b5be684e01a001c464789c445a7279ef3f177f5fbff5d83eb373299?s=96&d=mm&r=g\",\"url\":\"https:\\\/\\\/secure.gravatar.com\\\/avatar\\\/b64873d65b5be684e01a001c464789c445a7279ef3f177f5fbff5d83eb373299?s=96&d=mm&r=g\",\"contentUrl\":\"https:\\\/\\\/secure.gravatar.com\\\/avatar\\\/b64873d65b5be684e01a001c464789c445a7279ef3f177f5fbff5d83eb373299?s=96&d=mm&r=g\",\"caption\":\"Admin Asemer\"},\"url\":\"https:\\\/\\\/www.asemer.ro\\\/index.php\\\/author\\\/admin\\\/\"}]}<\/script>\n<!-- \/ Yoast SEO plugin. -->","yoast_head_json":{"title":"SUSTELANDIA CEO FORUM - ASEMER","robots":{"index":"index","follow":"follow","max-snippet":"max-snippet:-1","max-image-preview":"max-image-preview:large","max-video-preview":"max-video-preview:-1"},"canonical":"https:\/\/www.asemer.ro\/index.php\/2024\/09\/30\/sustelandia-ceo-forum\/","og_locale":"es_ES","og_type":"article","og_title":"SUSTELANDIA CEO FORUM - ASEMER","og_description":"\u00daNASE AL PRINCIPAL EVENTO DE RUMAN\u00cdA SOBRE SOSTENIBILIDAD COORPORATIVA: Foro de CEO de SUSTENLANDIA, 9 de octubre ASEMER y la [&hellip;]","og_url":"https:\/\/www.asemer.ro\/index.php\/2024\/09\/30\/sustelandia-ceo-forum\/","og_site_name":"ASEMER","article_publisher":"https:\/\/www.facebook.com\/asociacionasemer","article_published_time":"2024-09-30T10:31:05+00:00","article_modified_time":"2024-09-30T10:31:14+00:00","og_image":[{"url":"https:\/\/www.asemer.ro\/wp-content\/uploads\/2024\/09\/Sustenabila-1024x380.png","type":"","width":"","height":""}],"author":"Admin Asemer","twitter_card":"summary_large_image","twitter_creator":"@asemer_rumania","twitter_site":"@asemer_rumania","twitter_misc":{"Escrito por":"Admin Asemer","Tiempo de lectura":"3 minutos"},"schema":{"@context":"https:\/\/schema.org","@graph":[{"@type":"Article","@id":"https:\/\/www.asemer.ro\/index.php\/2024\/09\/30\/sustelandia-ceo-forum\/#article","isPartOf":{"@id":"https:\/\/www.asemer.ro\/index.php\/2024\/09\/30\/sustelandia-ceo-forum\/"},"author":{"name":"Admin Asemer","@id":"https:\/\/www.asemer.ro\/#\/schema\/person\/36de47e444c0f1a7b737a035d40519f9"},"headline":"SUSTELANDIA CEO FORUM","datePublished":"2024-09-30T10:31:05+00:00","dateModified":"2024-09-30T10:31:14+00:00","mainEntityOfPage":{"@id":"https:\/\/www.asemer.ro\/index.php\/2024\/09\/30\/sustelandia-ceo-forum\/"},"wordCount":478,"commentCount":0,"publisher":{"@id":"https:\/\/www.asemer.ro\/#organization"},"image":{"@id":"https:\/\/www.asemer.ro\/index.php\/2024\/09\/30\/sustelandia-ceo-forum\/#primaryimage"},"thumbnailUrl":"https:\/\/www.asemer.ro\/wp-content\/uploads\/2024\/09\/Sustenabila-1024x380.png","articleSection":["Uncategorized"],"inLanguage":"es","potentialAction":[{"@type":"CommentAction","name":"Comment","target":["https:\/\/www.asemer.ro\/index.php\/2024\/09\/30\/sustelandia-ceo-forum\/#respond"]}]},{"@type":"WebPage","@id":"https:\/\/www.asemer.ro\/index.php\/2024\/09\/30\/sustelandia-ceo-forum\/","url":"https:\/\/www.asemer.ro\/index.php\/2024\/09\/30\/sustelandia-ceo-forum\/","name":"SUSTELANDIA CEO FORUM - ASEMER","isPartOf":{"@id":"https:\/\/www.asemer.ro\/#website"},"primaryImageOfPage":{"@id":"https:\/\/www.asemer.ro\/index.php\/2024\/09\/30\/sustelandia-ceo-forum\/#primaryimage"},"image":{"@id":"https:\/\/www.asemer.ro\/index.php\/2024\/09\/30\/sustelandia-ceo-forum\/#primaryimage"},"thumbnailUrl":"https:\/\/www.asemer.ro\/wp-content\/uploads\/2024\/09\/Sustenabila-1024x380.png","datePublished":"2024-09-30T10:31:05+00:00","dateModified":"2024-09-30T10:31:14+00:00","breadcrumb":{"@id":"https:\/\/www.asemer.ro\/index.php\/2024\/09\/30\/sustelandia-ceo-forum\/#breadcrumb"},"inLanguage":"es","potentialAction":[{"@type":"ReadAction","target":["https:\/\/www.asemer.ro\/index.php\/2024\/09\/30\/sustelandia-ceo-forum\/"]}]},{"@type":"ImageObject","inLanguage":"es","@id":"https:\/\/www.asemer.ro\/index.php\/2024\/09\/30\/sustelandia-ceo-forum\/#primaryimage","url":"https:\/\/www.asemer.ro\/wp-content\/uploads\/2024\/09\/Sustenabila.png","contentUrl":"https:\/\/www.asemer.ro\/wp-content\/uploads\/2024\/09\/Sustenabila.png","width":1031,"height":383},{"@type":"BreadcrumbList","@id":"https:\/\/www.asemer.ro\/index.php\/2024\/09\/30\/sustelandia-ceo-forum\/#breadcrumb","itemListElement":[{"@type":"ListItem","position":1,"name":"Home","item":"https:\/\/www.asemer.ro\/"},{"@type":"ListItem","position":2,"name":"SUSTELANDIA CEO FORUM"}]},{"@type":"WebSite","@id":"https:\/\/www.asemer.ro\/#website","url":"https:\/\/www.asemer.ro\/","name":"ASEMER","description":"Asociaci\u00f3n de Empresas Espa\u00f1olas en Ruman\u00eda","publisher":{"@id":"https:\/\/www.asemer.ro\/#organization"},"potentialAction":[{"@type":"SearchAction","target":{"@type":"EntryPoint","urlTemplate":"https:\/\/www.asemer.ro\/?s={search_term_string}"},"query-input":{"@type":"PropertyValueSpecification","valueRequired":true,"valueName":"search_term_string"}}],"inLanguage":"es"},{"@type":"Organization","@id":"https:\/\/www.asemer.ro\/#organization","name":"ASEMER","url":"https:\/\/www.asemer.ro\/","logo":{"@type":"ImageObject","inLanguage":"es","@id":"https:\/\/www.asemer.ro\/#\/schema\/logo\/image\/","url":"https:\/\/www.asemer.ro\/wp-content\/uploads\/2020\/12\/logo-ASEMER-scaled.jpg","contentUrl":"https:\/\/www.asemer.ro\/wp-content\/uploads\/2020\/12\/logo-ASEMER-scaled.jpg","width":2560,"height":849,"caption":"ASEMER"},"image":{"@id":"https:\/\/www.asemer.ro\/#\/schema\/logo\/image\/"},"sameAs":["https:\/\/www.facebook.com\/asociacionasemer","https:\/\/x.com\/asemer_rumania","https:\/\/ro.linkedin.com\/in\/asemer-asociaci\u00f3n-empresas-espa\u00f1olas-en-ruman\u00eda-724772a6?trk=author_mini-profile_title","https:\/\/www.youtube.com\/channel\/UC73m8-BDsg857OL0Ogv5aQA\/videos"]},{"@type":"Person","@id":"https:\/\/www.asemer.ro\/#\/schema\/person\/36de47e444c0f1a7b737a035d40519f9","name":"Admin Asemer","image":{"@type":"ImageObject","inLanguage":"es","@id":"https:\/\/secure.gravatar.com\/avatar\/b64873d65b5be684e01a001c464789c445a7279ef3f177f5fbff5d83eb373299?s=96&d=mm&r=g","url":"https:\/\/secure.gravatar.com\/avatar\/b64873d65b5be684e01a001c464789c445a7279ef3f177f5fbff5d83eb373299?s=96&d=mm&r=g","contentUrl":"https:\/\/secure.gravatar.com\/avatar\/b64873d65b5be684e01a001c464789c445a7279ef3f177f5fbff5d83eb373299?s=96&d=mm&r=g","caption":"Admin Asemer"},"url":"https:\/\/www.asemer.ro\/index.php\/author\/admin\/"}]}},"_links":{"self":[{"href":"https:\/\/www.asemer.ro\/index.php\/wp-json\/wp\/v2\/posts\/11574","targetHints":{"allow":["GET"]}}],"collection":[{"href":"https:\/\/www.asemer.ro\/index.php\/wp-json\/wp\/v2\/posts"}],"about":[{"href":"https:\/\/www.asemer.ro\/index.php\/wp-json\/wp\/v2\/types\/post"}],"author":[{"embeddable":true,"href":"https:\/\/www.asemer.ro\/index.php\/wp-json\/wp\/v2\/users\/3"}],"replies":[{"embeddable":true,"href":"https:\/\/www.asemer.ro\/index.php\/wp-json\/wp\/v2\/comments?post=11574"}],"version-history":[{"count":2,"href":"https:\/\/www.asemer.ro\/index.php\/wp-json\/wp\/v2\/posts\/11574\/revisions"}],"predecessor-version":[{"id":11579,"href":"https:\/\/www.asemer.ro\/index.php\/wp-json\/wp\/v2\/posts\/11574\/revisions\/11579"}],"wp:attachment":[{"href":"https:\/\/www.asemer.ro\/index.php\/wp-json\/wp\/v2\/media?parent=11574"}],"wp:term":[{"taxonomy":"category","embeddable":true,"href":"https:\/\/www.asemer.ro\/index.php\/wp-json\/wp\/v2\/categories?post=11574"},{"taxonomy":"post_tag","embeddable":true,"href":"https:\/\/www.asemer.ro\/index.php\/wp-json\/wp\/v2\/tags?post=11574"}],"curies":[{"name":"wp","href":"https:\/\/api.w.org\/{rel}","templated":true}]}}