{"id":11865,"date":"2024-11-29T11:34:48","date_gmt":"2024-11-29T09:34:48","guid":{"rendered":"https:\/\/www.asemer.ro\/?p=11865"},"modified":"2024-11-29T11:34:57","modified_gmt":"2024-11-29T09:34:57","slug":"asemer-en-colaboracion-con-ebury-organizo-un-destacado-desayuno-de-empresa","status":"publish","type":"post","link":"https:\/\/www.asemer.ro\/index.php\/2024\/11\/29\/asemer-en-colaboracion-con-ebury-organizo-un-destacado-desayuno-de-empresa\/","title":{"rendered":"ASEMER, en colaboraci\u00f3n con Ebury, organiz\u00f3 un destacado desayuno de empresa."},"content":{"rendered":"\n<h2 class=\"wp-block-heading\">Este pasado jueves 7 de noviembre tuvo lugar el evento tan esperado, nuestros anfitriones -ebury- pusier\u00f3n todo su esfuerzo y su talento en este evento, siendo el primero que realizamos desp\u00faes de la pandemia, creo altas expectativas y sin duda estuvo a la altura del mismo.<\/h2>\n\n\n\n<figure class=\"wp-block-image size-full\"><img loading=\"lazy\" decoding=\"async\" width=\"947\" height=\"631\" src=\"https:\/\/www.asemer.ro\/wp-content\/uploads\/2024\/11\/FOTO3-1.png\" alt=\"\" class=\"wp-image-11886\" srcset=\"https:\/\/www.asemer.ro\/wp-content\/uploads\/2024\/11\/FOTO3-1.png 947w, https:\/\/www.asemer.ro\/wp-content\/uploads\/2024\/11\/FOTO3-1-300x200.png 300w, https:\/\/www.asemer.ro\/wp-content\/uploads\/2024\/11\/FOTO3-1-768x512.png 768w, https:\/\/www.asemer.ro\/wp-content\/uploads\/2024\/11\/FOTO3-1-720x480.png 720w\" sizes=\"auto, (max-width: 947px) 100vw, 947px\" \/><\/figure>\n\n\n\n<p>Durante el evento se incluyer\u00f3n interesantes discursos centrados en el comercio internacional entre Ruman\u00eda y Espa\u00f1a, durante los cuales se discutier\u00f3n detalles esenciales sobre las formas de aumentar la presencia de productos espa\u00f1oles en el mercado rumano, as\u00ed como sobre c\u00f3mo Ebury puede proporcionar un apoyo significativo en este esfuerzo.<\/p>\n\n\n\n<figure class=\"wp-block-image size-large\"><img loading=\"lazy\" decoding=\"async\" width=\"1024\" height=\"683\" src=\"https:\/\/www.asemer.ro\/wp-content\/uploads\/2024\/11\/poza-44-1-1024x683.jpg\" alt=\"\" class=\"wp-image-11881\" srcset=\"https:\/\/www.asemer.ro\/wp-content\/uploads\/2024\/11\/poza-44-1-1024x683.jpg 1024w, https:\/\/www.asemer.ro\/wp-content\/uploads\/2024\/11\/poza-44-1-300x200.jpg 300w, https:\/\/www.asemer.ro\/wp-content\/uploads\/2024\/11\/poza-44-1-768x512.jpg 768w, https:\/\/www.asemer.ro\/wp-content\/uploads\/2024\/11\/poza-44-1-1536x1024.jpg 1536w, https:\/\/www.asemer.ro\/wp-content\/uploads\/2024\/11\/poza-44-1-2048x1365.jpg 2048w, https:\/\/www.asemer.ro\/wp-content\/uploads\/2024\/11\/poza-44-1-720x480.jpg 720w\" sizes=\"auto, (max-width: 1024px) 100vw, 1024px\" \/><\/figure>\n\n\n\n<p><br>El complejo evento, dedicado al comercio electr\u00f3nico entre pa\u00edses, reuni\u00f3 entre 10 y 14 participantes cuidadosamente seleccionados, que tuvieron la oportunidad de profundizar la experiencia de Ebury en el campo del comercio electr\u00f3nico internacional.<\/p>\n\n\n<div class=\"wp-block-image\">\n<figure class=\"aligncenter size-full is-resized\"><img loading=\"lazy\" decoding=\"async\" width=\"947\" height=\"626\" src=\"https:\/\/www.asemer.ro\/wp-content\/uploads\/2024\/11\/FOTO1-2.png\" alt=\"\" class=\"wp-image-11879\" style=\"width:843px;height:auto\" srcset=\"https:\/\/www.asemer.ro\/wp-content\/uploads\/2024\/11\/FOTO1-2.png 947w, https:\/\/www.asemer.ro\/wp-content\/uploads\/2024\/11\/FOTO1-2-300x198.png 300w, https:\/\/www.asemer.ro\/wp-content\/uploads\/2024\/11\/FOTO1-2-768x508.png 768w, https:\/\/www.asemer.ro\/wp-content\/uploads\/2024\/11\/FOTO1-2-720x476.png 720w\" sizes=\"auto, (max-width: 947px) 100vw, 947px\" \/><\/figure>\n<\/div>\n\n\n<p><br>La sede de Ebury, ubicada en Sos. Nicolae Titulescu N.4-8, America House, Eastern Wing, piso 5, Sector 1, Bucarest, fue la sede de este importante evento. Adem\u00e1s, el catering que se sirvi\u00f3 al finalizar el evento ofreci\u00f3 un aut\u00e9ntico sabor de la comida y la bebida espa\u00f1ola.<\/p>\n\n\n<div class=\"wp-block-image\">\n<figure class=\"alignright size-large is-resized\"><img loading=\"lazy\" decoding=\"async\" width=\"683\" height=\"1024\" src=\"https:\/\/www.asemer.ro\/wp-content\/uploads\/2024\/11\/poza-76-683x1024.jpg\" alt=\"\" class=\"wp-image-11880\" style=\"width:392px;height:auto\" srcset=\"https:\/\/www.asemer.ro\/wp-content\/uploads\/2024\/11\/poza-76-683x1024.jpg 683w, https:\/\/www.asemer.ro\/wp-content\/uploads\/2024\/11\/poza-76-200x300.jpg 200w, https:\/\/www.asemer.ro\/wp-content\/uploads\/2024\/11\/poza-76-768x1152.jpg 768w, https:\/\/www.asemer.ro\/wp-content\/uploads\/2024\/11\/poza-76-1024x1536.jpg 1024w, https:\/\/www.asemer.ro\/wp-content\/uploads\/2024\/11\/poza-76-1365x2048.jpg 1365w, https:\/\/www.asemer.ro\/wp-content\/uploads\/2024\/11\/poza-76-720x1080.jpg 720w, https:\/\/www.asemer.ro\/wp-content\/uploads\/2024\/11\/poza-76-scaled.jpg 1707w\" sizes=\"auto, (max-width: 683px) 100vw, 683px\" \/><\/figure>\n<\/div>\n\n\n<p><br>La comunidad selecta en el \u00e1mbito del comercio se reuni\u00f3 para compartir conocimientos, estrategias y t\u00e1cticas relativas a la construcci\u00f3n, operaci\u00f3n y expansi\u00f3n de negocios comerciales rentables entre Ruman\u00eda y Espa\u00f1a, pero tambi\u00e9n a nivel internacional, en el per\u00edodo 2025-2026.<\/p>\n\n\n\n<p><br>Los participantes se beneficiar\u00f3n de la experiencia de especialistas y consultores de Ruman\u00eda, cuyo objetivo fue unir fuerzas para proporcionar informaci\u00f3n relevante.<\/p>\n\n\n\n<p><strong>\u00bfPor qu\u00e9 fue importante este evento comercial?<\/strong><\/p>\n\n\n\n<p>El evento fue relevante, ya que se enfoco en todos los sectores econ\u00f3micos: tiendas online, comercio minorista, industria, salud, farmacia, servicios financieros, seguros, energ\u00eda, telecomunicaciones, transporte, medio ambiente, TI&amp;C, jur\u00eddico, agricultura, construcci\u00f3n, inmobiliario, consultores, abogados, marketing, publicidad y muchos otros.<\/p>\n\n\n\n<p><br>Pudimos explorar c\u00f3mo la econom\u00eda digital est\u00e1 transformando los par\u00e1metros competitivos del comercio electr\u00f3nico. Abordamos juntos los desaf\u00edos pr\u00e1cticos que enfrentan las empresas involucradas en las relaciones comerciales, analizando experiencias y los principales desaf\u00edos en el campo.<\/p>\n\n\n\n<p><br>El objetivo de este evento fue  reunir a empresas interesadas en desarrollar su marca, incrementar sus ventas y convertir 2024 y 2025 en los a\u00f1os m\u00e1s rentables hasta el momento. Los abogados tambi\u00e9n brindar\u00f3n asesoramiento sobre temas relacionados con el GDPR, contratos y pol\u00edticas de uso de cookies.<\/p>\n\n\n\n<figure class=\"wp-block-image size-large\"><img loading=\"lazy\" decoding=\"async\" width=\"1024\" height=\"683\" src=\"https:\/\/www.asemer.ro\/wp-content\/uploads\/2024\/11\/poza-4-1-1024x683.jpg\" alt=\"\" class=\"wp-image-11888\" srcset=\"https:\/\/www.asemer.ro\/wp-content\/uploads\/2024\/11\/poza-4-1-1024x683.jpg 1024w, https:\/\/www.asemer.ro\/wp-content\/uploads\/2024\/11\/poza-4-1-300x200.jpg 300w, https:\/\/www.asemer.ro\/wp-content\/uploads\/2024\/11\/poza-4-1-768x512.jpg 768w, https:\/\/www.asemer.ro\/wp-content\/uploads\/2024\/11\/poza-4-1-1536x1024.jpg 1536w, https:\/\/www.asemer.ro\/wp-content\/uploads\/2024\/11\/poza-4-1-2048x1365.jpg 2048w, https:\/\/www.asemer.ro\/wp-content\/uploads\/2024\/11\/poza-4-1-720x480.jpg 720w\" sizes=\"auto, (max-width: 1024px) 100vw, 1024px\" \/><\/figure>\n\n\n\n<p><br>El sector de la mensajer\u00eda, la log\u00edstica y el transporte tuvo un papel destacado, ofreciendo una visi\u00f3n integral de toda la cadena log\u00edstica. Cada vez son m\u00e1s las empresas que presentan sus productos y servicios innovadores, dando a los participantes la oportunidad de conocerlos de primera mano.<\/p>\n\n\n<div class=\"wp-block-image\">\n<figure class=\"alignleft size-full is-resized\"><img loading=\"lazy\" decoding=\"async\" width=\"421\" height=\"609\" src=\"https:\/\/www.asemer.ro\/wp-content\/uploads\/2024\/11\/FOTO2.png\" alt=\"\" class=\"wp-image-11882\" style=\"width:390px;height:auto\" srcset=\"https:\/\/www.asemer.ro\/wp-content\/uploads\/2024\/11\/FOTO2.png 421w, https:\/\/www.asemer.ro\/wp-content\/uploads\/2024\/11\/FOTO2-207x300.png 207w\" sizes=\"auto, (max-width: 421px) 100vw, 421px\" \/><\/figure>\n<\/div>\n\n\n<p>Independientemente del \u00e1mbito en el que opere, si quiere vender o comprar, este evento represent\u00f3 la oportunidad m\u00e1s importante organizada recientemente, donde se pud\u00f3 conocer sobre transacciones, contratos, firma electr\u00f3nica, legislaci\u00f3n, GDPR, y todos los aspectos esenciales para el comercio internacional, comercio electr\u00f3nico, en caso de querer expandirse a otros mercados.<\/p>\n\n\n\n<p><br>Se tuv\u00f3 la oportunidad tambi\u00e9n de interactuar con reconocidos l\u00edderes en la materia e intercambiar ideas y experiencias con otros participantes interesados en los temas abordados, teniendo la oportunidad de conocer las opiniones de asociaciones y empresas del sector.<\/p>\n\n\n\n<p><br>Se crear\u00f3n contactos y se establecier\u00f3n alianzas, adem\u00e1s se discutier\u00f3n temas que se considerar\u00f3n importantes para profundizar y promover cambios legislativos relevantes.<\/p>\n\n\n\n<figure class=\"wp-block-image size-full\"><img loading=\"lazy\" decoding=\"async\" width=\"945\" height=\"618\" src=\"https:\/\/www.asemer.ro\/wp-content\/uploads\/2024\/11\/FOTO4.png\" alt=\"\" class=\"wp-image-11884\" srcset=\"https:\/\/www.asemer.ro\/wp-content\/uploads\/2024\/11\/FOTO4.png 945w, https:\/\/www.asemer.ro\/wp-content\/uploads\/2024\/11\/FOTO4-300x196.png 300w, https:\/\/www.asemer.ro\/wp-content\/uploads\/2024\/11\/FOTO4-768x502.png 768w, https:\/\/www.asemer.ro\/wp-content\/uploads\/2024\/11\/FOTO4-720x471.png 720w\" sizes=\"auto, (max-width: 945px) 100vw, 945px\" \/><\/figure>\n\n\n\n<p><br><\/p>\n\n\n\n<div data-wp-interactive=\"core\/file\" class=\"wp-block-file\"><object data-wp-bind--hidden=\"!state.hasPdfPreview\" hidden class=\"wp-block-file__embed\" data=\"https:\/\/www.asemer.ro\/wp-content\/uploads\/2024\/11\/Ebury-Romania-Spanish-Breakfast-18.10.2024.pdf\" type=\"application\/pdf\" style=\"width:100%;height:600px\" aria-label=\"Incrustado de Ebury Romania Spanish Breakfast - 18.10.2024.\"><\/object><a id=\"wp-block-file--media-2f01844f-96fb-46ed-b31e-334f141323a8\" href=\"https:\/\/www.asemer.ro\/wp-content\/uploads\/2024\/11\/Ebury-Romania-Spanish-Breakfast-18.10.2024.pdf\">Ebury Romania Spanish Breakfast &#8211; 18.10.2024<\/a><a href=\"https:\/\/www.asemer.ro\/wp-content\/uploads\/2024\/11\/Ebury-Romania-Spanish-Breakfast-18.10.2024.pdf\" class=\"wp-block-file__button wp-element-button\" download aria-describedby=\"wp-block-file--media-2f01844f-96fb-46ed-b31e-334f141323a8\">Descarga<\/a><\/div>\n\n\n\n<p>Para m\u00e1s informaci\u00f3n:<\/p>\n\n\n\n<p><a href=\"https:\/\/www.ebury.ro\/\">https:\/\/www.ebury.ro\/<\/a><\/p>\n\n\n\n<figure class=\"wp-block-image size-full\"><img loading=\"lazy\" decoding=\"async\" width=\"487\" height=\"244\" src=\"https:\/\/www.asemer.ro\/wp-content\/uploads\/2024\/11\/ebury.png\" alt=\"\" class=\"wp-image-11867\" srcset=\"https:\/\/www.asemer.ro\/wp-content\/uploads\/2024\/11\/ebury.png 487w, https:\/\/www.asemer.ro\/wp-content\/uploads\/2024\/11\/ebury-300x150.png 300w\" sizes=\"auto, (max-width: 487px) 100vw, 487px\" \/><\/figure>\n","protected":false},"excerpt":{"rendered":"<p>Este pasado jueves 7 de noviembre tuvo lugar el evento tan esperado, nuestros anfitriones -ebury- pusier\u00f3n todo su esfuerzo y [&hellip;]<\/p>\n","protected":false},"author":3,"featured_media":0,"comment_status":"open","ping_status":"open","sticky":false,"template":"","format":"standard","meta":{"footnotes":""},"categories":[1],"tags":[],"class_list":["post-11865","post","type-post","status-publish","format-standard","hentry","category-uncategorized"],"yoast_head":"<!-- This site is optimized with the Yoast SEO plugin v27.5 - https:\/\/yoast.com\/product\/yoast-seo-wordpress\/ -->\n<title>ASEMER, en colaboraci\u00f3n con Ebury, organiz\u00f3 un destacado desayuno de empresa. - ASEMER<\/title>\n<meta name=\"robots\" content=\"index, follow, max-snippet:-1, max-image-preview:large, max-video-preview:-1\" \/>\n<link rel=\"canonical\" href=\"https:\/\/www.asemer.ro\/index.php\/2024\/11\/29\/asemer-en-colaboracion-con-ebury-organizo-un-destacado-desayuno-de-empresa\/\" \/>\n<meta property=\"og:locale\" content=\"es_ES\" \/>\n<meta property=\"og:type\" content=\"article\" \/>\n<meta property=\"og:title\" content=\"ASEMER, en colaboraci\u00f3n con Ebury, organiz\u00f3 un destacado desayuno de empresa. - ASEMER\" \/>\n<meta property=\"og:description\" content=\"Este pasado jueves 7 de noviembre tuvo lugar el evento tan esperado, nuestros anfitriones -ebury- pusier\u00f3n todo su esfuerzo y [&hellip;]\" \/>\n<meta property=\"og:url\" content=\"https:\/\/www.asemer.ro\/index.php\/2024\/11\/29\/asemer-en-colaboracion-con-ebury-organizo-un-destacado-desayuno-de-empresa\/\" \/>\n<meta property=\"og:site_name\" content=\"ASEMER\" \/>\n<meta property=\"article:publisher\" content=\"https:\/\/www.facebook.com\/asociacionasemer\" \/>\n<meta property=\"article:published_time\" content=\"2024-11-29T09:34:48+00:00\" \/>\n<meta property=\"article:modified_time\" content=\"2024-11-29T09:34:57+00:00\" \/>\n<meta property=\"og:image\" content=\"https:\/\/www.asemer.ro\/wp-content\/uploads\/2024\/11\/FOTO3-1.png\" \/>\n\t<meta property=\"og:image:width\" content=\"947\" \/>\n\t<meta property=\"og:image:height\" content=\"631\" \/>\n\t<meta property=\"og:image:type\" content=\"image\/png\" \/>\n<meta name=\"author\" content=\"Admin Asemer\" \/>\n<meta name=\"twitter:card\" content=\"summary_large_image\" \/>\n<meta name=\"twitter:creator\" content=\"@asemer_rumania\" \/>\n<meta name=\"twitter:site\" content=\"@asemer_rumania\" \/>\n<meta name=\"twitter:label1\" content=\"Escrito por\" \/>\n\t<meta name=\"twitter:data1\" content=\"Admin Asemer\" \/>\n\t<meta name=\"twitter:label2\" content=\"Tiempo de lectura\" \/>\n\t<meta name=\"twitter:data2\" content=\"5 minutos\" \/>\n<script type=\"application\/ld+json\" class=\"yoast-schema-graph\">{\"@context\":\"https:\\\/\\\/schema.org\",\"@graph\":[{\"@type\":\"Article\",\"@id\":\"https:\\\/\\\/www.asemer.ro\\\/index.php\\\/2024\\\/11\\\/29\\\/asemer-en-colaboracion-con-ebury-organizo-un-destacado-desayuno-de-empresa\\\/#article\",\"isPartOf\":{\"@id\":\"https:\\\/\\\/www.asemer.ro\\\/index.php\\\/2024\\\/11\\\/29\\\/asemer-en-colaboracion-con-ebury-organizo-un-destacado-desayuno-de-empresa\\\/\"},\"author\":{\"name\":\"Admin Asemer\",\"@id\":\"https:\\\/\\\/www.asemer.ro\\\/#\\\/schema\\\/person\\\/36de47e444c0f1a7b737a035d40519f9\"},\"headline\":\"ASEMER, en colaboraci\u00f3n con Ebury, organiz\u00f3 un destacado desayuno de empresa.\",\"datePublished\":\"2024-11-29T09:34:48+00:00\",\"dateModified\":\"2024-11-29T09:34:57+00:00\",\"mainEntityOfPage\":{\"@id\":\"https:\\\/\\\/www.asemer.ro\\\/index.php\\\/2024\\\/11\\\/29\\\/asemer-en-colaboracion-con-ebury-organizo-un-destacado-desayuno-de-empresa\\\/\"},\"wordCount\":610,\"commentCount\":0,\"publisher\":{\"@id\":\"https:\\\/\\\/www.asemer.ro\\\/#organization\"},\"image\":{\"@id\":\"https:\\\/\\\/www.asemer.ro\\\/index.php\\\/2024\\\/11\\\/29\\\/asemer-en-colaboracion-con-ebury-organizo-un-destacado-desayuno-de-empresa\\\/#primaryimage\"},\"thumbnailUrl\":\"https:\\\/\\\/www.asemer.ro\\\/wp-content\\\/uploads\\\/2024\\\/11\\\/FOTO3-1.png\",\"articleSection\":[\"Uncategorized\"],\"inLanguage\":\"es\",\"potentialAction\":[{\"@type\":\"CommentAction\",\"name\":\"Comment\",\"target\":[\"https:\\\/\\\/www.asemer.ro\\\/index.php\\\/2024\\\/11\\\/29\\\/asemer-en-colaboracion-con-ebury-organizo-un-destacado-desayuno-de-empresa\\\/#respond\"]}]},{\"@type\":\"WebPage\",\"@id\":\"https:\\\/\\\/www.asemer.ro\\\/index.php\\\/2024\\\/11\\\/29\\\/asemer-en-colaboracion-con-ebury-organizo-un-destacado-desayuno-de-empresa\\\/\",\"url\":\"https:\\\/\\\/www.asemer.ro\\\/index.php\\\/2024\\\/11\\\/29\\\/asemer-en-colaboracion-con-ebury-organizo-un-destacado-desayuno-de-empresa\\\/\",\"name\":\"ASEMER, en colaboraci\u00f3n con Ebury, organiz\u00f3 un destacado desayuno de empresa. - ASEMER\",\"isPartOf\":{\"@id\":\"https:\\\/\\\/www.asemer.ro\\\/#website\"},\"primaryImageOfPage\":{\"@id\":\"https:\\\/\\\/www.asemer.ro\\\/index.php\\\/2024\\\/11\\\/29\\\/asemer-en-colaboracion-con-ebury-organizo-un-destacado-desayuno-de-empresa\\\/#primaryimage\"},\"image\":{\"@id\":\"https:\\\/\\\/www.asemer.ro\\\/index.php\\\/2024\\\/11\\\/29\\\/asemer-en-colaboracion-con-ebury-organizo-un-destacado-desayuno-de-empresa\\\/#primaryimage\"},\"thumbnailUrl\":\"https:\\\/\\\/www.asemer.ro\\\/wp-content\\\/uploads\\\/2024\\\/11\\\/FOTO3-1.png\",\"datePublished\":\"2024-11-29T09:34:48+00:00\",\"dateModified\":\"2024-11-29T09:34:57+00:00\",\"breadcrumb\":{\"@id\":\"https:\\\/\\\/www.asemer.ro\\\/index.php\\\/2024\\\/11\\\/29\\\/asemer-en-colaboracion-con-ebury-organizo-un-destacado-desayuno-de-empresa\\\/#breadcrumb\"},\"inLanguage\":\"es\",\"potentialAction\":[{\"@type\":\"ReadAction\",\"target\":[\"https:\\\/\\\/www.asemer.ro\\\/index.php\\\/2024\\\/11\\\/29\\\/asemer-en-colaboracion-con-ebury-organizo-un-destacado-desayuno-de-empresa\\\/\"]}]},{\"@type\":\"ImageObject\",\"inLanguage\":\"es\",\"@id\":\"https:\\\/\\\/www.asemer.ro\\\/index.php\\\/2024\\\/11\\\/29\\\/asemer-en-colaboracion-con-ebury-organizo-un-destacado-desayuno-de-empresa\\\/#primaryimage\",\"url\":\"https:\\\/\\\/www.asemer.ro\\\/wp-content\\\/uploads\\\/2024\\\/11\\\/FOTO3-1.png\",\"contentUrl\":\"https:\\\/\\\/www.asemer.ro\\\/wp-content\\\/uploads\\\/2024\\\/11\\\/FOTO3-1.png\",\"width\":947,\"height\":631},{\"@type\":\"BreadcrumbList\",\"@id\":\"https:\\\/\\\/www.asemer.ro\\\/index.php\\\/2024\\\/11\\\/29\\\/asemer-en-colaboracion-con-ebury-organizo-un-destacado-desayuno-de-empresa\\\/#breadcrumb\",\"itemListElement\":[{\"@type\":\"ListItem\",\"position\":1,\"name\":\"Home\",\"item\":\"https:\\\/\\\/www.asemer.ro\\\/\"},{\"@type\":\"ListItem\",\"position\":2,\"name\":\"ASEMER, en colaboraci\u00f3n con Ebury, organiz\u00f3 un destacado desayuno de empresa.\"}]},{\"@type\":\"WebSite\",\"@id\":\"https:\\\/\\\/www.asemer.ro\\\/#website\",\"url\":\"https:\\\/\\\/www.asemer.ro\\\/\",\"name\":\"ASEMER\",\"description\":\"Asociaci\u00f3n de Empresas Espa\u00f1olas en Ruman\u00eda\",\"publisher\":{\"@id\":\"https:\\\/\\\/www.asemer.ro\\\/#organization\"},\"potentialAction\":[{\"@type\":\"SearchAction\",\"target\":{\"@type\":\"EntryPoint\",\"urlTemplate\":\"https:\\\/\\\/www.asemer.ro\\\/?s={search_term_string}\"},\"query-input\":{\"@type\":\"PropertyValueSpecification\",\"valueRequired\":true,\"valueName\":\"search_term_string\"}}],\"inLanguage\":\"es\"},{\"@type\":\"Organization\",\"@id\":\"https:\\\/\\\/www.asemer.ro\\\/#organization\",\"name\":\"ASEMER\",\"url\":\"https:\\\/\\\/www.asemer.ro\\\/\",\"logo\":{\"@type\":\"ImageObject\",\"inLanguage\":\"es\",\"@id\":\"https:\\\/\\\/www.asemer.ro\\\/#\\\/schema\\\/logo\\\/image\\\/\",\"url\":\"https:\\\/\\\/www.asemer.ro\\\/wp-content\\\/uploads\\\/2020\\\/12\\\/logo-ASEMER-scaled.jpg\",\"contentUrl\":\"https:\\\/\\\/www.asemer.ro\\\/wp-content\\\/uploads\\\/2020\\\/12\\\/logo-ASEMER-scaled.jpg\",\"width\":2560,\"height\":849,\"caption\":\"ASEMER\"},\"image\":{\"@id\":\"https:\\\/\\\/www.asemer.ro\\\/#\\\/schema\\\/logo\\\/image\\\/\"},\"sameAs\":[\"https:\\\/\\\/www.facebook.com\\\/asociacionasemer\",\"https:\\\/\\\/x.com\\\/asemer_rumania\",\"https:\\\/\\\/ro.linkedin.com\\\/in\\\/asemer-asociaci\u00f3n-empresas-espa\u00f1olas-en-ruman\u00eda-724772a6?trk=author_mini-profile_title\",\"https:\\\/\\\/www.youtube.com\\\/channel\\\/UC73m8-BDsg857OL0Ogv5aQA\\\/videos\"]},{\"@type\":\"Person\",\"@id\":\"https:\\\/\\\/www.asemer.ro\\\/#\\\/schema\\\/person\\\/36de47e444c0f1a7b737a035d40519f9\",\"name\":\"Admin Asemer\",\"image\":{\"@type\":\"ImageObject\",\"inLanguage\":\"es\",\"@id\":\"https:\\\/\\\/secure.gravatar.com\\\/avatar\\\/b64873d65b5be684e01a001c464789c445a7279ef3f177f5fbff5d83eb373299?s=96&d=mm&r=g\",\"url\":\"https:\\\/\\\/secure.gravatar.com\\\/avatar\\\/b64873d65b5be684e01a001c464789c445a7279ef3f177f5fbff5d83eb373299?s=96&d=mm&r=g\",\"contentUrl\":\"https:\\\/\\\/secure.gravatar.com\\\/avatar\\\/b64873d65b5be684e01a001c464789c445a7279ef3f177f5fbff5d83eb373299?s=96&d=mm&r=g\",\"caption\":\"Admin Asemer\"},\"url\":\"https:\\\/\\\/www.asemer.ro\\\/index.php\\\/author\\\/admin\\\/\"}]}<\/script>\n<!-- \/ Yoast SEO plugin. -->","yoast_head_json":{"title":"ASEMER, en colaboraci\u00f3n con Ebury, organiz\u00f3 un destacado desayuno de empresa. - ASEMER","robots":{"index":"index","follow":"follow","max-snippet":"max-snippet:-1","max-image-preview":"max-image-preview:large","max-video-preview":"max-video-preview:-1"},"canonical":"https:\/\/www.asemer.ro\/index.php\/2024\/11\/29\/asemer-en-colaboracion-con-ebury-organizo-un-destacado-desayuno-de-empresa\/","og_locale":"es_ES","og_type":"article","og_title":"ASEMER, en colaboraci\u00f3n con Ebury, organiz\u00f3 un destacado desayuno de empresa. - ASEMER","og_description":"Este pasado jueves 7 de noviembre tuvo lugar el evento tan esperado, nuestros anfitriones -ebury- pusier\u00f3n todo su esfuerzo y [&hellip;]","og_url":"https:\/\/www.asemer.ro\/index.php\/2024\/11\/29\/asemer-en-colaboracion-con-ebury-organizo-un-destacado-desayuno-de-empresa\/","og_site_name":"ASEMER","article_publisher":"https:\/\/www.facebook.com\/asociacionasemer","article_published_time":"2024-11-29T09:34:48+00:00","article_modified_time":"2024-11-29T09:34:57+00:00","og_image":[{"width":947,"height":631,"url":"https:\/\/www.asemer.ro\/wp-content\/uploads\/2024\/11\/FOTO3-1.png","type":"image\/png"}],"author":"Admin Asemer","twitter_card":"summary_large_image","twitter_creator":"@asemer_rumania","twitter_site":"@asemer_rumania","twitter_misc":{"Escrito por":"Admin Asemer","Tiempo de lectura":"5 minutos"},"schema":{"@context":"https:\/\/schema.org","@graph":[{"@type":"Article","@id":"https:\/\/www.asemer.ro\/index.php\/2024\/11\/29\/asemer-en-colaboracion-con-ebury-organizo-un-destacado-desayuno-de-empresa\/#article","isPartOf":{"@id":"https:\/\/www.asemer.ro\/index.php\/2024\/11\/29\/asemer-en-colaboracion-con-ebury-organizo-un-destacado-desayuno-de-empresa\/"},"author":{"name":"Admin Asemer","@id":"https:\/\/www.asemer.ro\/#\/schema\/person\/36de47e444c0f1a7b737a035d40519f9"},"headline":"ASEMER, en colaboraci\u00f3n con Ebury, organiz\u00f3 un destacado desayuno de empresa.","datePublished":"2024-11-29T09:34:48+00:00","dateModified":"2024-11-29T09:34:57+00:00","mainEntityOfPage":{"@id":"https:\/\/www.asemer.ro\/index.php\/2024\/11\/29\/asemer-en-colaboracion-con-ebury-organizo-un-destacado-desayuno-de-empresa\/"},"wordCount":610,"commentCount":0,"publisher":{"@id":"https:\/\/www.asemer.ro\/#organization"},"image":{"@id":"https:\/\/www.asemer.ro\/index.php\/2024\/11\/29\/asemer-en-colaboracion-con-ebury-organizo-un-destacado-desayuno-de-empresa\/#primaryimage"},"thumbnailUrl":"https:\/\/www.asemer.ro\/wp-content\/uploads\/2024\/11\/FOTO3-1.png","articleSection":["Uncategorized"],"inLanguage":"es","potentialAction":[{"@type":"CommentAction","name":"Comment","target":["https:\/\/www.asemer.ro\/index.php\/2024\/11\/29\/asemer-en-colaboracion-con-ebury-organizo-un-destacado-desayuno-de-empresa\/#respond"]}]},{"@type":"WebPage","@id":"https:\/\/www.asemer.ro\/index.php\/2024\/11\/29\/asemer-en-colaboracion-con-ebury-organizo-un-destacado-desayuno-de-empresa\/","url":"https:\/\/www.asemer.ro\/index.php\/2024\/11\/29\/asemer-en-colaboracion-con-ebury-organizo-un-destacado-desayuno-de-empresa\/","name":"ASEMER, en colaboraci\u00f3n con Ebury, organiz\u00f3 un destacado desayuno de empresa. - ASEMER","isPartOf":{"@id":"https:\/\/www.asemer.ro\/#website"},"primaryImageOfPage":{"@id":"https:\/\/www.asemer.ro\/index.php\/2024\/11\/29\/asemer-en-colaboracion-con-ebury-organizo-un-destacado-desayuno-de-empresa\/#primaryimage"},"image":{"@id":"https:\/\/www.asemer.ro\/index.php\/2024\/11\/29\/asemer-en-colaboracion-con-ebury-organizo-un-destacado-desayuno-de-empresa\/#primaryimage"},"thumbnailUrl":"https:\/\/www.asemer.ro\/wp-content\/uploads\/2024\/11\/FOTO3-1.png","datePublished":"2024-11-29T09:34:48+00:00","dateModified":"2024-11-29T09:34:57+00:00","breadcrumb":{"@id":"https:\/\/www.asemer.ro\/index.php\/2024\/11\/29\/asemer-en-colaboracion-con-ebury-organizo-un-destacado-desayuno-de-empresa\/#breadcrumb"},"inLanguage":"es","potentialAction":[{"@type":"ReadAction","target":["https:\/\/www.asemer.ro\/index.php\/2024\/11\/29\/asemer-en-colaboracion-con-ebury-organizo-un-destacado-desayuno-de-empresa\/"]}]},{"@type":"ImageObject","inLanguage":"es","@id":"https:\/\/www.asemer.ro\/index.php\/2024\/11\/29\/asemer-en-colaboracion-con-ebury-organizo-un-destacado-desayuno-de-empresa\/#primaryimage","url":"https:\/\/www.asemer.ro\/wp-content\/uploads\/2024\/11\/FOTO3-1.png","contentUrl":"https:\/\/www.asemer.ro\/wp-content\/uploads\/2024\/11\/FOTO3-1.png","width":947,"height":631},{"@type":"BreadcrumbList","@id":"https:\/\/www.asemer.ro\/index.php\/2024\/11\/29\/asemer-en-colaboracion-con-ebury-organizo-un-destacado-desayuno-de-empresa\/#breadcrumb","itemListElement":[{"@type":"ListItem","position":1,"name":"Home","item":"https:\/\/www.asemer.ro\/"},{"@type":"ListItem","position":2,"name":"ASEMER, en colaboraci\u00f3n con Ebury, organiz\u00f3 un destacado desayuno de empresa."}]},{"@type":"WebSite","@id":"https:\/\/www.asemer.ro\/#website","url":"https:\/\/www.asemer.ro\/","name":"ASEMER","description":"Asociaci\u00f3n de Empresas Espa\u00f1olas en Ruman\u00eda","publisher":{"@id":"https:\/\/www.asemer.ro\/#organization"},"potentialAction":[{"@type":"SearchAction","target":{"@type":"EntryPoint","urlTemplate":"https:\/\/www.asemer.ro\/?s={search_term_string}"},"query-input":{"@type":"PropertyValueSpecification","valueRequired":true,"valueName":"search_term_string"}}],"inLanguage":"es"},{"@type":"Organization","@id":"https:\/\/www.asemer.ro\/#organization","name":"ASEMER","url":"https:\/\/www.asemer.ro\/","logo":{"@type":"ImageObject","inLanguage":"es","@id":"https:\/\/www.asemer.ro\/#\/schema\/logo\/image\/","url":"https:\/\/www.asemer.ro\/wp-content\/uploads\/2020\/12\/logo-ASEMER-scaled.jpg","contentUrl":"https:\/\/www.asemer.ro\/wp-content\/uploads\/2020\/12\/logo-ASEMER-scaled.jpg","width":2560,"height":849,"caption":"ASEMER"},"image":{"@id":"https:\/\/www.asemer.ro\/#\/schema\/logo\/image\/"},"sameAs":["https:\/\/www.facebook.com\/asociacionasemer","https:\/\/x.com\/asemer_rumania","https:\/\/ro.linkedin.com\/in\/asemer-asociaci\u00f3n-empresas-espa\u00f1olas-en-ruman\u00eda-724772a6?trk=author_mini-profile_title","https:\/\/www.youtube.com\/channel\/UC73m8-BDsg857OL0Ogv5aQA\/videos"]},{"@type":"Person","@id":"https:\/\/www.asemer.ro\/#\/schema\/person\/36de47e444c0f1a7b737a035d40519f9","name":"Admin Asemer","image":{"@type":"ImageObject","inLanguage":"es","@id":"https:\/\/secure.gravatar.com\/avatar\/b64873d65b5be684e01a001c464789c445a7279ef3f177f5fbff5d83eb373299?s=96&d=mm&r=g","url":"https:\/\/secure.gravatar.com\/avatar\/b64873d65b5be684e01a001c464789c445a7279ef3f177f5fbff5d83eb373299?s=96&d=mm&r=g","contentUrl":"https:\/\/secure.gravatar.com\/avatar\/b64873d65b5be684e01a001c464789c445a7279ef3f177f5fbff5d83eb373299?s=96&d=mm&r=g","caption":"Admin Asemer"},"url":"https:\/\/www.asemer.ro\/index.php\/author\/admin\/"}]}},"_links":{"self":[{"href":"https:\/\/www.asemer.ro\/index.php\/wp-json\/wp\/v2\/posts\/11865","targetHints":{"allow":["GET"]}}],"collection":[{"href":"https:\/\/www.asemer.ro\/index.php\/wp-json\/wp\/v2\/posts"}],"about":[{"href":"https:\/\/www.asemer.ro\/index.php\/wp-json\/wp\/v2\/types\/post"}],"author":[{"embeddable":true,"href":"https:\/\/www.asemer.ro\/index.php\/wp-json\/wp\/v2\/users\/3"}],"replies":[{"embeddable":true,"href":"https:\/\/www.asemer.ro\/index.php\/wp-json\/wp\/v2\/comments?post=11865"}],"version-history":[{"count":6,"href":"https:\/\/www.asemer.ro\/index.php\/wp-json\/wp\/v2\/posts\/11865\/revisions"}],"predecessor-version":[{"id":11976,"href":"https:\/\/www.asemer.ro\/index.php\/wp-json\/wp\/v2\/posts\/11865\/revisions\/11976"}],"wp:attachment":[{"href":"https:\/\/www.asemer.ro\/index.php\/wp-json\/wp\/v2\/media?parent=11865"}],"wp:term":[{"taxonomy":"category","embeddable":true,"href":"https:\/\/www.asemer.ro\/index.php\/wp-json\/wp\/v2\/categories?post=11865"},{"taxonomy":"post_tag","embeddable":true,"href":"https:\/\/www.asemer.ro\/index.php\/wp-json\/wp\/v2\/tags?post=11865"}],"curies":[{"name":"wp","href":"https:\/\/api.w.org\/{rel}","templated":true}]}}