{"id":12209,"date":"2025-01-31T16:34:50","date_gmt":"2025-01-31T14:34:50","guid":{"rendered":"https:\/\/www.asemer.ro\/?p=12209"},"modified":"2025-01-31T16:34:58","modified_gmt":"2025-01-31T14:34:58","slug":"emilio-alonso-luque-ascanio-presidente-de-asemer-entrevistado-por-forbes-uno-de-los-principales-retos-sera-gestionar-el-continuo-aumento-de-los-costes-salariales-en-un-contexto-en-el-que-no-po","status":"publish","type":"post","link":"https:\/\/www.asemer.ro\/index.php\/2025\/01\/31\/emilio-alonso-luque-ascanio-presidente-de-asemer-entrevistado-por-forbes-uno-de-los-principales-retos-sera-gestionar-el-continuo-aumento-de-los-costes-salariales-en-un-contexto-en-el-que-no-po\/","title":{"rendered":"Emilio ALONSO Luque Ascanio, Presidente de ASEMER ENTREVISTADO POR FORBES: \u00abUno de los principales retos ser\u00e1 gestionar el continuo aumento de los costes salariales en un contexto en el que no podemos confirmar que la mano de obra est\u00e9 mejor cualificada\u00bb"},"content":{"rendered":"\n<figure class=\"wp-block-image size-large\"><img loading=\"lazy\" decoding=\"async\" width=\"802\" height=\"1024\" src=\"https:\/\/www.asemer.ro\/wp-content\/uploads\/2025\/01\/Emilio2-802x1024.jpg\" alt=\"\" class=\"wp-image-12211\" srcset=\"https:\/\/www.asemer.ro\/wp-content\/uploads\/2025\/01\/Emilio2-802x1024.jpg 802w, https:\/\/www.asemer.ro\/wp-content\/uploads\/2025\/01\/Emilio2-235x300.jpg 235w, https:\/\/www.asemer.ro\/wp-content\/uploads\/2025\/01\/Emilio2-768x981.jpg 768w, https:\/\/www.asemer.ro\/wp-content\/uploads\/2025\/01\/Emilio2-1203x1536.jpg 1203w, https:\/\/www.asemer.ro\/wp-content\/uploads\/2025\/01\/Emilio2-720x919.jpg 720w, https:\/\/www.asemer.ro\/wp-content\/uploads\/2025\/01\/Emilio2.jpg 1253w\" sizes=\"auto, (max-width: 802px) 100vw, 802px\" \/><\/figure>\n\n\n\n<p>A continuaci\u00f3n les invitamos a leer la entrevista:<\/p>\n\n\n\n<p><a href=\"http:\/\/: https:\/\/www.forbes.ro\/lectii-pentru-2025-emilio-luque-ascanio-presedinte-asemer-una-dintre-principalele-provocari-va-fi-gestionarea-cresterii-continue-a-costurilor-salariale-intr-un-context-in-care-nu-putem-426425\">http:\/\/: https:\/\/www.forbes.ro\/lectii-pentru-2025-emilio-luque-ascanio-presedinte-asemer-una-dintre-principalele-provocari-va-fi-gestionarea-cresterii-continue-a-costurilor-salariale-intr-un-context-in-care-nu-putem-426425<\/a><\/p>\n","protected":false},"excerpt":{"rendered":"<p>A continuaci\u00f3n les invitamos a leer la entrevista: http:\/\/: https:\/\/www.forbes.ro\/lectii-pentru-2025-emilio-luque-ascanio-presedinte-asemer-una-dintre-principalele-provocari-va-fi-gestionarea-cresterii-continue-a-costurilor-salariale-intr-un-context-in-care-nu-putem-426425<\/p>\n","protected":false},"author":3,"featured_media":0,"comment_status":"open","ping_status":"open","sticky":false,"template":"","format":"standard","meta":{"footnotes":""},"categories":[1],"tags":[],"class_list":["post-12209","post","type-post","status-publish","format-standard","hentry","category-uncategorized"],"yoast_head":"<!-- This site is optimized with the Yoast SEO plugin v27.5 - https:\/\/yoast.com\/product\/yoast-seo-wordpress\/ -->\n<title>Emilio ALONSO Luque Ascanio, Presidente de ASEMER ENTREVISTADO POR FORBES: \u00abUno de los principales retos ser\u00e1 gestionar el continuo aumento de los costes salariales en un contexto en el que no podemos confirmar que la mano de obra est\u00e9 mejor cualificada\u00bb - ASEMER<\/title>\n<meta name=\"robots\" content=\"index, follow, max-snippet:-1, max-image-preview:large, max-video-preview:-1\" \/>\n<link rel=\"canonical\" href=\"https:\/\/www.asemer.ro\/index.php\/2025\/01\/31\/emilio-alonso-luque-ascanio-presidente-de-asemer-entrevistado-por-forbes-uno-de-los-principales-retos-sera-gestionar-el-continuo-aumento-de-los-costes-salariales-en-un-contexto-en-el-que-no-po\/\" \/>\n<meta property=\"og:locale\" content=\"es_ES\" \/>\n<meta property=\"og:type\" content=\"article\" \/>\n<meta property=\"og:title\" content=\"Emilio ALONSO Luque Ascanio, Presidente de ASEMER ENTREVISTADO POR FORBES: \u00abUno de los principales retos ser\u00e1 gestionar el continuo aumento de los costes salariales en un contexto en el que no podemos confirmar que la mano de obra est\u00e9 mejor cualificada\u00bb - ASEMER\" \/>\n<meta property=\"og:description\" content=\"A continuaci\u00f3n les invitamos a leer la entrevista: http:\/\/: https:\/\/www.forbes.ro\/lectii-pentru-2025-emilio-luque-ascanio-presedinte-asemer-una-dintre-principalele-provocari-va-fi-gestionarea-cresterii-continue-a-costurilor-salariale-intr-un-context-in-care-nu-putem-426425\" \/>\n<meta property=\"og:url\" content=\"https:\/\/www.asemer.ro\/index.php\/2025\/01\/31\/emilio-alonso-luque-ascanio-presidente-de-asemer-entrevistado-por-forbes-uno-de-los-principales-retos-sera-gestionar-el-continuo-aumento-de-los-costes-salariales-en-un-contexto-en-el-que-no-po\/\" \/>\n<meta property=\"og:site_name\" content=\"ASEMER\" \/>\n<meta property=\"article:publisher\" content=\"https:\/\/www.facebook.com\/asociacionasemer\" \/>\n<meta property=\"article:published_time\" content=\"2025-01-31T14:34:50+00:00\" \/>\n<meta property=\"article:modified_time\" content=\"2025-01-31T14:34:58+00:00\" \/>\n<meta property=\"og:image\" content=\"https:\/\/www.asemer.ro\/wp-content\/uploads\/2025\/01\/Emilio2.jpg\" \/>\n\t<meta property=\"og:image:width\" content=\"1253\" \/>\n\t<meta property=\"og:image:height\" content=\"1600\" \/>\n\t<meta property=\"og:image:type\" content=\"image\/jpeg\" \/>\n<meta name=\"author\" content=\"Admin Asemer\" \/>\n<meta name=\"twitter:card\" content=\"summary_large_image\" \/>\n<meta name=\"twitter:creator\" content=\"@asemer_rumania\" \/>\n<meta name=\"twitter:site\" content=\"@asemer_rumania\" \/>\n<meta name=\"twitter:label1\" content=\"Escrito por\" \/>\n\t<meta name=\"twitter:data1\" content=\"Admin Asemer\" \/>\n\t<meta name=\"twitter:label2\" content=\"Tiempo de lectura\" \/>\n\t<meta name=\"twitter:data2\" content=\"1 minuto\" \/>\n<script type=\"application\/ld+json\" class=\"yoast-schema-graph\">{\"@context\":\"https:\\\/\\\/schema.org\",\"@graph\":[{\"@type\":\"Article\",\"@id\":\"https:\\\/\\\/www.asemer.ro\\\/index.php\\\/2025\\\/01\\\/31\\\/emilio-alonso-luque-ascanio-presidente-de-asemer-entrevistado-por-forbes-uno-de-los-principales-retos-sera-gestionar-el-continuo-aumento-de-los-costes-salariales-en-un-contexto-en-el-que-no-po\\\/#article\",\"isPartOf\":{\"@id\":\"https:\\\/\\\/www.asemer.ro\\\/index.php\\\/2025\\\/01\\\/31\\\/emilio-alonso-luque-ascanio-presidente-de-asemer-entrevistado-por-forbes-uno-de-los-principales-retos-sera-gestionar-el-continuo-aumento-de-los-costes-salariales-en-un-contexto-en-el-que-no-po\\\/\"},\"author\":{\"name\":\"Admin Asemer\",\"@id\":\"https:\\\/\\\/www.asemer.ro\\\/#\\\/schema\\\/person\\\/36de47e444c0f1a7b737a035d40519f9\"},\"headline\":\"Emilio ALONSO Luque Ascanio, Presidente de ASEMER ENTREVISTADO POR FORBES: \u00abUno de los principales retos ser\u00e1 gestionar el continuo aumento de los costes salariales en un contexto en el que no podemos confirmar que la mano de obra est\u00e9 mejor cualificada\u00bb\",\"datePublished\":\"2025-01-31T14:34:50+00:00\",\"dateModified\":\"2025-01-31T14:34:58+00:00\",\"mainEntityOfPage\":{\"@id\":\"https:\\\/\\\/www.asemer.ro\\\/index.php\\\/2025\\\/01\\\/31\\\/emilio-alonso-luque-ascanio-presidente-de-asemer-entrevistado-por-forbes-uno-de-los-principales-retos-sera-gestionar-el-continuo-aumento-de-los-costes-salariales-en-un-contexto-en-el-que-no-po\\\/\"},\"wordCount\":57,\"commentCount\":0,\"publisher\":{\"@id\":\"https:\\\/\\\/www.asemer.ro\\\/#organization\"},\"image\":{\"@id\":\"https:\\\/\\\/www.asemer.ro\\\/index.php\\\/2025\\\/01\\\/31\\\/emilio-alonso-luque-ascanio-presidente-de-asemer-entrevistado-por-forbes-uno-de-los-principales-retos-sera-gestionar-el-continuo-aumento-de-los-costes-salariales-en-un-contexto-en-el-que-no-po\\\/#primaryimage\"},\"thumbnailUrl\":\"https:\\\/\\\/www.asemer.ro\\\/wp-content\\\/uploads\\\/2025\\\/01\\\/Emilio2-802x1024.jpg\",\"articleSection\":[\"Uncategorized\"],\"inLanguage\":\"es\",\"potentialAction\":[{\"@type\":\"CommentAction\",\"name\":\"Comment\",\"target\":[\"https:\\\/\\\/www.asemer.ro\\\/index.php\\\/2025\\\/01\\\/31\\\/emilio-alonso-luque-ascanio-presidente-de-asemer-entrevistado-por-forbes-uno-de-los-principales-retos-sera-gestionar-el-continuo-aumento-de-los-costes-salariales-en-un-contexto-en-el-que-no-po\\\/#respond\"]}]},{\"@type\":\"WebPage\",\"@id\":\"https:\\\/\\\/www.asemer.ro\\\/index.php\\\/2025\\\/01\\\/31\\\/emilio-alonso-luque-ascanio-presidente-de-asemer-entrevistado-por-forbes-uno-de-los-principales-retos-sera-gestionar-el-continuo-aumento-de-los-costes-salariales-en-un-contexto-en-el-que-no-po\\\/\",\"url\":\"https:\\\/\\\/www.asemer.ro\\\/index.php\\\/2025\\\/01\\\/31\\\/emilio-alonso-luque-ascanio-presidente-de-asemer-entrevistado-por-forbes-uno-de-los-principales-retos-sera-gestionar-el-continuo-aumento-de-los-costes-salariales-en-un-contexto-en-el-que-no-po\\\/\",\"name\":\"Emilio ALONSO Luque Ascanio, Presidente de ASEMER ENTREVISTADO POR FORBES: \u00abUno de los principales retos ser\u00e1 gestionar el continuo aumento de los costes salariales en un contexto en el que no podemos confirmar que la mano de obra est\u00e9 mejor cualificada\u00bb - ASEMER\",\"isPartOf\":{\"@id\":\"https:\\\/\\\/www.asemer.ro\\\/#website\"},\"primaryImageOfPage\":{\"@id\":\"https:\\\/\\\/www.asemer.ro\\\/index.php\\\/2025\\\/01\\\/31\\\/emilio-alonso-luque-ascanio-presidente-de-asemer-entrevistado-por-forbes-uno-de-los-principales-retos-sera-gestionar-el-continuo-aumento-de-los-costes-salariales-en-un-contexto-en-el-que-no-po\\\/#primaryimage\"},\"image\":{\"@id\":\"https:\\\/\\\/www.asemer.ro\\\/index.php\\\/2025\\\/01\\\/31\\\/emilio-alonso-luque-ascanio-presidente-de-asemer-entrevistado-por-forbes-uno-de-los-principales-retos-sera-gestionar-el-continuo-aumento-de-los-costes-salariales-en-un-contexto-en-el-que-no-po\\\/#primaryimage\"},\"thumbnailUrl\":\"https:\\\/\\\/www.asemer.ro\\\/wp-content\\\/uploads\\\/2025\\\/01\\\/Emilio2-802x1024.jpg\",\"datePublished\":\"2025-01-31T14:34:50+00:00\",\"dateModified\":\"2025-01-31T14:34:58+00:00\",\"breadcrumb\":{\"@id\":\"https:\\\/\\\/www.asemer.ro\\\/index.php\\\/2025\\\/01\\\/31\\\/emilio-alonso-luque-ascanio-presidente-de-asemer-entrevistado-por-forbes-uno-de-los-principales-retos-sera-gestionar-el-continuo-aumento-de-los-costes-salariales-en-un-contexto-en-el-que-no-po\\\/#breadcrumb\"},\"inLanguage\":\"es\",\"potentialAction\":[{\"@type\":\"ReadAction\",\"target\":[\"https:\\\/\\\/www.asemer.ro\\\/index.php\\\/2025\\\/01\\\/31\\\/emilio-alonso-luque-ascanio-presidente-de-asemer-entrevistado-por-forbes-uno-de-los-principales-retos-sera-gestionar-el-continuo-aumento-de-los-costes-salariales-en-un-contexto-en-el-que-no-po\\\/\"]}]},{\"@type\":\"ImageObject\",\"inLanguage\":\"es\",\"@id\":\"https:\\\/\\\/www.asemer.ro\\\/index.php\\\/2025\\\/01\\\/31\\\/emilio-alonso-luque-ascanio-presidente-de-asemer-entrevistado-por-forbes-uno-de-los-principales-retos-sera-gestionar-el-continuo-aumento-de-los-costes-salariales-en-un-contexto-en-el-que-no-po\\\/#primaryimage\",\"url\":\"https:\\\/\\\/www.asemer.ro\\\/wp-content\\\/uploads\\\/2025\\\/01\\\/Emilio2.jpg\",\"contentUrl\":\"https:\\\/\\\/www.asemer.ro\\\/wp-content\\\/uploads\\\/2025\\\/01\\\/Emilio2.jpg\",\"width\":1253,\"height\":1600},{\"@type\":\"BreadcrumbList\",\"@id\":\"https:\\\/\\\/www.asemer.ro\\\/index.php\\\/2025\\\/01\\\/31\\\/emilio-alonso-luque-ascanio-presidente-de-asemer-entrevistado-por-forbes-uno-de-los-principales-retos-sera-gestionar-el-continuo-aumento-de-los-costes-salariales-en-un-contexto-en-el-que-no-po\\\/#breadcrumb\",\"itemListElement\":[{\"@type\":\"ListItem\",\"position\":1,\"name\":\"Home\",\"item\":\"https:\\\/\\\/www.asemer.ro\\\/\"},{\"@type\":\"ListItem\",\"position\":2,\"name\":\"Emilio ALONSO Luque Ascanio, Presidente de ASEMER ENTREVISTADO POR FORBES: \u00abUno de los principales retos ser\u00e1 gestionar el continuo aumento de los costes salariales en un contexto en el que no podemos confirmar que la mano de obra est\u00e9 mejor cualificada\u00bb\"}]},{\"@type\":\"WebSite\",\"@id\":\"https:\\\/\\\/www.asemer.ro\\\/#website\",\"url\":\"https:\\\/\\\/www.asemer.ro\\\/\",\"name\":\"ASEMER\",\"description\":\"Asociaci\u00f3n de Empresas Espa\u00f1olas en Ruman\u00eda\",\"publisher\":{\"@id\":\"https:\\\/\\\/www.asemer.ro\\\/#organization\"},\"potentialAction\":[{\"@type\":\"SearchAction\",\"target\":{\"@type\":\"EntryPoint\",\"urlTemplate\":\"https:\\\/\\\/www.asemer.ro\\\/?s={search_term_string}\"},\"query-input\":{\"@type\":\"PropertyValueSpecification\",\"valueRequired\":true,\"valueName\":\"search_term_string\"}}],\"inLanguage\":\"es\"},{\"@type\":\"Organization\",\"@id\":\"https:\\\/\\\/www.asemer.ro\\\/#organization\",\"name\":\"ASEMER\",\"url\":\"https:\\\/\\\/www.asemer.ro\\\/\",\"logo\":{\"@type\":\"ImageObject\",\"inLanguage\":\"es\",\"@id\":\"https:\\\/\\\/www.asemer.ro\\\/#\\\/schema\\\/logo\\\/image\\\/\",\"url\":\"https:\\\/\\\/www.asemer.ro\\\/wp-content\\\/uploads\\\/2020\\\/12\\\/logo-ASEMER-scaled.jpg\",\"contentUrl\":\"https:\\\/\\\/www.asemer.ro\\\/wp-content\\\/uploads\\\/2020\\\/12\\\/logo-ASEMER-scaled.jpg\",\"width\":2560,\"height\":849,\"caption\":\"ASEMER\"},\"image\":{\"@id\":\"https:\\\/\\\/www.asemer.ro\\\/#\\\/schema\\\/logo\\\/image\\\/\"},\"sameAs\":[\"https:\\\/\\\/www.facebook.com\\\/asociacionasemer\",\"https:\\\/\\\/x.com\\\/asemer_rumania\",\"https:\\\/\\\/ro.linkedin.com\\\/in\\\/asemer-asociaci\u00f3n-empresas-espa\u00f1olas-en-ruman\u00eda-724772a6?trk=author_mini-profile_title\",\"https:\\\/\\\/www.youtube.com\\\/channel\\\/UC73m8-BDsg857OL0Ogv5aQA\\\/videos\"]},{\"@type\":\"Person\",\"@id\":\"https:\\\/\\\/www.asemer.ro\\\/#\\\/schema\\\/person\\\/36de47e444c0f1a7b737a035d40519f9\",\"name\":\"Admin Asemer\",\"image\":{\"@type\":\"ImageObject\",\"inLanguage\":\"es\",\"@id\":\"https:\\\/\\\/secure.gravatar.com\\\/avatar\\\/b64873d65b5be684e01a001c464789c445a7279ef3f177f5fbff5d83eb373299?s=96&d=mm&r=g\",\"url\":\"https:\\\/\\\/secure.gravatar.com\\\/avatar\\\/b64873d65b5be684e01a001c464789c445a7279ef3f177f5fbff5d83eb373299?s=96&d=mm&r=g\",\"contentUrl\":\"https:\\\/\\\/secure.gravatar.com\\\/avatar\\\/b64873d65b5be684e01a001c464789c445a7279ef3f177f5fbff5d83eb373299?s=96&d=mm&r=g\",\"caption\":\"Admin Asemer\"},\"url\":\"https:\\\/\\\/www.asemer.ro\\\/index.php\\\/author\\\/admin\\\/\"}]}<\/script>\n<!-- \/ Yoast SEO plugin. -->","yoast_head_json":{"title":"Emilio ALONSO Luque Ascanio, Presidente de ASEMER ENTREVISTADO POR FORBES: \u00abUno de los principales retos ser\u00e1 gestionar el continuo aumento de los costes salariales en un contexto en el que no podemos confirmar que la mano de obra est\u00e9 mejor cualificada\u00bb - ASEMER","robots":{"index":"index","follow":"follow","max-snippet":"max-snippet:-1","max-image-preview":"max-image-preview:large","max-video-preview":"max-video-preview:-1"},"canonical":"https:\/\/www.asemer.ro\/index.php\/2025\/01\/31\/emilio-alonso-luque-ascanio-presidente-de-asemer-entrevistado-por-forbes-uno-de-los-principales-retos-sera-gestionar-el-continuo-aumento-de-los-costes-salariales-en-un-contexto-en-el-que-no-po\/","og_locale":"es_ES","og_type":"article","og_title":"Emilio ALONSO Luque Ascanio, Presidente de ASEMER ENTREVISTADO POR FORBES: \u00abUno de los principales retos ser\u00e1 gestionar el continuo aumento de los costes salariales en un contexto en el que no podemos confirmar que la mano de obra est\u00e9 mejor cualificada\u00bb - ASEMER","og_description":"A continuaci\u00f3n les invitamos a leer la entrevista: http:\/\/: https:\/\/www.forbes.ro\/lectii-pentru-2025-emilio-luque-ascanio-presedinte-asemer-una-dintre-principalele-provocari-va-fi-gestionarea-cresterii-continue-a-costurilor-salariale-intr-un-context-in-care-nu-putem-426425","og_url":"https:\/\/www.asemer.ro\/index.php\/2025\/01\/31\/emilio-alonso-luque-ascanio-presidente-de-asemer-entrevistado-por-forbes-uno-de-los-principales-retos-sera-gestionar-el-continuo-aumento-de-los-costes-salariales-en-un-contexto-en-el-que-no-po\/","og_site_name":"ASEMER","article_publisher":"https:\/\/www.facebook.com\/asociacionasemer","article_published_time":"2025-01-31T14:34:50+00:00","article_modified_time":"2025-01-31T14:34:58+00:00","og_image":[{"width":1253,"height":1600,"url":"https:\/\/www.asemer.ro\/wp-content\/uploads\/2025\/01\/Emilio2.jpg","type":"image\/jpeg"}],"author":"Admin Asemer","twitter_card":"summary_large_image","twitter_creator":"@asemer_rumania","twitter_site":"@asemer_rumania","twitter_misc":{"Escrito por":"Admin Asemer","Tiempo de lectura":"1 minuto"},"schema":{"@context":"https:\/\/schema.org","@graph":[{"@type":"Article","@id":"https:\/\/www.asemer.ro\/index.php\/2025\/01\/31\/emilio-alonso-luque-ascanio-presidente-de-asemer-entrevistado-por-forbes-uno-de-los-principales-retos-sera-gestionar-el-continuo-aumento-de-los-costes-salariales-en-un-contexto-en-el-que-no-po\/#article","isPartOf":{"@id":"https:\/\/www.asemer.ro\/index.php\/2025\/01\/31\/emilio-alonso-luque-ascanio-presidente-de-asemer-entrevistado-por-forbes-uno-de-los-principales-retos-sera-gestionar-el-continuo-aumento-de-los-costes-salariales-en-un-contexto-en-el-que-no-po\/"},"author":{"name":"Admin Asemer","@id":"https:\/\/www.asemer.ro\/#\/schema\/person\/36de47e444c0f1a7b737a035d40519f9"},"headline":"Emilio ALONSO Luque Ascanio, Presidente de ASEMER ENTREVISTADO POR FORBES: \u00abUno de los principales retos ser\u00e1 gestionar el continuo aumento de los costes salariales en un contexto en el que no podemos confirmar que la mano de obra est\u00e9 mejor cualificada\u00bb","datePublished":"2025-01-31T14:34:50+00:00","dateModified":"2025-01-31T14:34:58+00:00","mainEntityOfPage":{"@id":"https:\/\/www.asemer.ro\/index.php\/2025\/01\/31\/emilio-alonso-luque-ascanio-presidente-de-asemer-entrevistado-por-forbes-uno-de-los-principales-retos-sera-gestionar-el-continuo-aumento-de-los-costes-salariales-en-un-contexto-en-el-que-no-po\/"},"wordCount":57,"commentCount":0,"publisher":{"@id":"https:\/\/www.asemer.ro\/#organization"},"image":{"@id":"https:\/\/www.asemer.ro\/index.php\/2025\/01\/31\/emilio-alonso-luque-ascanio-presidente-de-asemer-entrevistado-por-forbes-uno-de-los-principales-retos-sera-gestionar-el-continuo-aumento-de-los-costes-salariales-en-un-contexto-en-el-que-no-po\/#primaryimage"},"thumbnailUrl":"https:\/\/www.asemer.ro\/wp-content\/uploads\/2025\/01\/Emilio2-802x1024.jpg","articleSection":["Uncategorized"],"inLanguage":"es","potentialAction":[{"@type":"CommentAction","name":"Comment","target":["https:\/\/www.asemer.ro\/index.php\/2025\/01\/31\/emilio-alonso-luque-ascanio-presidente-de-asemer-entrevistado-por-forbes-uno-de-los-principales-retos-sera-gestionar-el-continuo-aumento-de-los-costes-salariales-en-un-contexto-en-el-que-no-po\/#respond"]}]},{"@type":"WebPage","@id":"https:\/\/www.asemer.ro\/index.php\/2025\/01\/31\/emilio-alonso-luque-ascanio-presidente-de-asemer-entrevistado-por-forbes-uno-de-los-principales-retos-sera-gestionar-el-continuo-aumento-de-los-costes-salariales-en-un-contexto-en-el-que-no-po\/","url":"https:\/\/www.asemer.ro\/index.php\/2025\/01\/31\/emilio-alonso-luque-ascanio-presidente-de-asemer-entrevistado-por-forbes-uno-de-los-principales-retos-sera-gestionar-el-continuo-aumento-de-los-costes-salariales-en-un-contexto-en-el-que-no-po\/","name":"Emilio ALONSO Luque Ascanio, Presidente de ASEMER ENTREVISTADO POR FORBES: \u00abUno de los principales retos ser\u00e1 gestionar el continuo aumento de los costes salariales en un contexto en el que no podemos confirmar que la mano de obra est\u00e9 mejor cualificada\u00bb - ASEMER","isPartOf":{"@id":"https:\/\/www.asemer.ro\/#website"},"primaryImageOfPage":{"@id":"https:\/\/www.asemer.ro\/index.php\/2025\/01\/31\/emilio-alonso-luque-ascanio-presidente-de-asemer-entrevistado-por-forbes-uno-de-los-principales-retos-sera-gestionar-el-continuo-aumento-de-los-costes-salariales-en-un-contexto-en-el-que-no-po\/#primaryimage"},"image":{"@id":"https:\/\/www.asemer.ro\/index.php\/2025\/01\/31\/emilio-alonso-luque-ascanio-presidente-de-asemer-entrevistado-por-forbes-uno-de-los-principales-retos-sera-gestionar-el-continuo-aumento-de-los-costes-salariales-en-un-contexto-en-el-que-no-po\/#primaryimage"},"thumbnailUrl":"https:\/\/www.asemer.ro\/wp-content\/uploads\/2025\/01\/Emilio2-802x1024.jpg","datePublished":"2025-01-31T14:34:50+00:00","dateModified":"2025-01-31T14:34:58+00:00","breadcrumb":{"@id":"https:\/\/www.asemer.ro\/index.php\/2025\/01\/31\/emilio-alonso-luque-ascanio-presidente-de-asemer-entrevistado-por-forbes-uno-de-los-principales-retos-sera-gestionar-el-continuo-aumento-de-los-costes-salariales-en-un-contexto-en-el-que-no-po\/#breadcrumb"},"inLanguage":"es","potentialAction":[{"@type":"ReadAction","target":["https:\/\/www.asemer.ro\/index.php\/2025\/01\/31\/emilio-alonso-luque-ascanio-presidente-de-asemer-entrevistado-por-forbes-uno-de-los-principales-retos-sera-gestionar-el-continuo-aumento-de-los-costes-salariales-en-un-contexto-en-el-que-no-po\/"]}]},{"@type":"ImageObject","inLanguage":"es","@id":"https:\/\/www.asemer.ro\/index.php\/2025\/01\/31\/emilio-alonso-luque-ascanio-presidente-de-asemer-entrevistado-por-forbes-uno-de-los-principales-retos-sera-gestionar-el-continuo-aumento-de-los-costes-salariales-en-un-contexto-en-el-que-no-po\/#primaryimage","url":"https:\/\/www.asemer.ro\/wp-content\/uploads\/2025\/01\/Emilio2.jpg","contentUrl":"https:\/\/www.asemer.ro\/wp-content\/uploads\/2025\/01\/Emilio2.jpg","width":1253,"height":1600},{"@type":"BreadcrumbList","@id":"https:\/\/www.asemer.ro\/index.php\/2025\/01\/31\/emilio-alonso-luque-ascanio-presidente-de-asemer-entrevistado-por-forbes-uno-de-los-principales-retos-sera-gestionar-el-continuo-aumento-de-los-costes-salariales-en-un-contexto-en-el-que-no-po\/#breadcrumb","itemListElement":[{"@type":"ListItem","position":1,"name":"Home","item":"https:\/\/www.asemer.ro\/"},{"@type":"ListItem","position":2,"name":"Emilio ALONSO Luque Ascanio, Presidente de ASEMER ENTREVISTADO POR FORBES: \u00abUno de los principales retos ser\u00e1 gestionar el continuo aumento de los costes salariales en un contexto en el que no podemos confirmar que la mano de obra est\u00e9 mejor cualificada\u00bb"}]},{"@type":"WebSite","@id":"https:\/\/www.asemer.ro\/#website","url":"https:\/\/www.asemer.ro\/","name":"ASEMER","description":"Asociaci\u00f3n de Empresas Espa\u00f1olas en Ruman\u00eda","publisher":{"@id":"https:\/\/www.asemer.ro\/#organization"},"potentialAction":[{"@type":"SearchAction","target":{"@type":"EntryPoint","urlTemplate":"https:\/\/www.asemer.ro\/?s={search_term_string}"},"query-input":{"@type":"PropertyValueSpecification","valueRequired":true,"valueName":"search_term_string"}}],"inLanguage":"es"},{"@type":"Organization","@id":"https:\/\/www.asemer.ro\/#organization","name":"ASEMER","url":"https:\/\/www.asemer.ro\/","logo":{"@type":"ImageObject","inLanguage":"es","@id":"https:\/\/www.asemer.ro\/#\/schema\/logo\/image\/","url":"https:\/\/www.asemer.ro\/wp-content\/uploads\/2020\/12\/logo-ASEMER-scaled.jpg","contentUrl":"https:\/\/www.asemer.ro\/wp-content\/uploads\/2020\/12\/logo-ASEMER-scaled.jpg","width":2560,"height":849,"caption":"ASEMER"},"image":{"@id":"https:\/\/www.asemer.ro\/#\/schema\/logo\/image\/"},"sameAs":["https:\/\/www.facebook.com\/asociacionasemer","https:\/\/x.com\/asemer_rumania","https:\/\/ro.linkedin.com\/in\/asemer-asociaci\u00f3n-empresas-espa\u00f1olas-en-ruman\u00eda-724772a6?trk=author_mini-profile_title","https:\/\/www.youtube.com\/channel\/UC73m8-BDsg857OL0Ogv5aQA\/videos"]},{"@type":"Person","@id":"https:\/\/www.asemer.ro\/#\/schema\/person\/36de47e444c0f1a7b737a035d40519f9","name":"Admin Asemer","image":{"@type":"ImageObject","inLanguage":"es","@id":"https:\/\/secure.gravatar.com\/avatar\/b64873d65b5be684e01a001c464789c445a7279ef3f177f5fbff5d83eb373299?s=96&d=mm&r=g","url":"https:\/\/secure.gravatar.com\/avatar\/b64873d65b5be684e01a001c464789c445a7279ef3f177f5fbff5d83eb373299?s=96&d=mm&r=g","contentUrl":"https:\/\/secure.gravatar.com\/avatar\/b64873d65b5be684e01a001c464789c445a7279ef3f177f5fbff5d83eb373299?s=96&d=mm&r=g","caption":"Admin Asemer"},"url":"https:\/\/www.asemer.ro\/index.php\/author\/admin\/"}]}},"_links":{"self":[{"href":"https:\/\/www.asemer.ro\/index.php\/wp-json\/wp\/v2\/posts\/12209","targetHints":{"allow":["GET"]}}],"collection":[{"href":"https:\/\/www.asemer.ro\/index.php\/wp-json\/wp\/v2\/posts"}],"about":[{"href":"https:\/\/www.asemer.ro\/index.php\/wp-json\/wp\/v2\/types\/post"}],"author":[{"embeddable":true,"href":"https:\/\/www.asemer.ro\/index.php\/wp-json\/wp\/v2\/users\/3"}],"replies":[{"embeddable":true,"href":"https:\/\/www.asemer.ro\/index.php\/wp-json\/wp\/v2\/comments?post=12209"}],"version-history":[{"count":4,"href":"https:\/\/www.asemer.ro\/index.php\/wp-json\/wp\/v2\/posts\/12209\/revisions"}],"predecessor-version":[{"id":12288,"href":"https:\/\/www.asemer.ro\/index.php\/wp-json\/wp\/v2\/posts\/12209\/revisions\/12288"}],"wp:attachment":[{"href":"https:\/\/www.asemer.ro\/index.php\/wp-json\/wp\/v2\/media?parent=12209"}],"wp:term":[{"taxonomy":"category","embeddable":true,"href":"https:\/\/www.asemer.ro\/index.php\/wp-json\/wp\/v2\/categories?post=12209"},{"taxonomy":"post_tag","embeddable":true,"href":"https:\/\/www.asemer.ro\/index.php\/wp-json\/wp\/v2\/tags?post=12209"}],"curies":[{"name":"wp","href":"https:\/\/api.w.org\/{rel}","templated":true}]}}