{"id":12268,"date":"2025-01-31T16:39:07","date_gmt":"2025-01-31T14:39:07","guid":{"rendered":"https:\/\/www.asemer.ro\/?p=12268"},"modified":"2025-01-31T16:39:16","modified_gmt":"2025-01-31T14:39:16","slug":"puentes-humanitarios-rumanos-e-ibericos-de-socorro-en-caso-de-catastrofe","status":"publish","type":"post","link":"https:\/\/www.asemer.ro\/index.php\/2025\/01\/31\/puentes-humanitarios-rumanos-e-ibericos-de-socorro-en-caso-de-catastrofe\/","title":{"rendered":"Puentes humanitarios rumanos e ib\u00e9ricos de socorro en caso de cat\u00e1strofe."},"content":{"rendered":"\n<h2 class=\"wp-block-heading\">Sostenibilidad y responsabilidad social de las empresas. reserve la fecha, jueves 27 de febrero a las 09.00 A.M.<\/h2>\n\n\n\n<p><strong>Fecha: JUEVES 27 de febrero<br>Hora: 09.00<br>Lugar:Centrul InfoEuropa, Calea Victoriei Nr.88, Bucharest<\/strong><\/p>\n\n\n\n<p>La Sociedad Nacional de la Cruz Roja Rumana (<strong>SNCRR-Cruz Roja Rumana<\/strong>) junto con la Asociaci\u00f3n de Empresarios Espa\u00f1oles en Ruman\u00eda (<strong>ASEMER)<\/strong> y la Camera de Comercio Bilateral de Portugal en Bucharet (<strong>CCIBRP<\/strong>), les invita a participar en un debate sobre el desarrollo de colaboraciones humanitarias que tendr\u00e1 lugar el pr\u00f3ximo jueves 27 de febrero, a partir de las 09 :30 en Centrul InfoEuropa  (Calea Victoriei Nr.88, Bucarest).<\/p>\n\n\n\n<p>     En el contexto de las crisis vividas en los \u00faltimos a\u00f1os, la cooperaci\u00f3n internacional se ha vuelto cada vez m\u00e1s intensa y diversificada para llevar a cabo actividades humanitarias. En este sentido, la Cruz Roja Rumana desarrolla asociaciones humanitarias con el entorno empresarial, en colaboraci\u00f3n con la Federaci\u00f3n Internacional de la Cruz Roja y de la Media Luna Roja, el Comit\u00e9 Internacional de la Cruz Roja y las Sociedades Nacionales de la Cruz Roja de todos los continentes.<\/p>\n\n\n\n<p>Teniendo en cuenta las m\u00faltiples dimensiones del desarrollo de las asociaciones humanitarias que han tomado forma y se han aplicado recientemente, la Cruz Roja Rumana invita a los representantes del entorno empresarial, los medios de comunicaci\u00f3n, el entorno acad\u00e9mico y las organizaciones no gubernamentales a participar en el debate los puentes humanitarios rumanos e ib\u00e9ricos de socorro en caso de cat\u00e1strofe y la sostenibilidad y responsabilidad social de las empresas.<\/p>\n\n\n\n<p>En este contexto, los invitados y participantes del evento conocer\u00e1n el impacto social en los negocios y la movilizaci\u00f3n de recursos en alianza con el sector Sin Fines de Lucro, modelos de negocios innovadores que integran la responsabilidad social y la sostenibilidad en el proceso de identificaci\u00f3n de estrategias y herramientas para atraer fondos y movilizar recursos para las ONG.<\/p>\n\n\n\n<p>Adem\u00e1s, se expondr\u00e1n las asociaciones eficaces entre las ONG y el entorno empresarial destacando estudios de casos de asociaciones exitosas y abordando mecanismos de colaboraci\u00f3n eficaces y beneficios a nivel comunitario.<\/p>\n\n\n\n<p>Una vez acabado el debate les invitaremos a unirse al NetWorking donde podr\u00e1n intercambiar ideas y contactos adem\u00e1s de saborear lo mejor de la gastronomia espa\u00f1ola y portuguesa.<\/p>\n\n\n\n<p>Volveremos pronto con la agenda del evento.<\/p>\n\n\n\n<p>En este sentido, reg\u00edstrese antes del 20.02.2025 en <a href=\"mailto:office@asemer.ro\" target=\"_blank\" rel=\"noreferrer noopener\">office@asemer.ro<\/a><\/p>\n\n\n\n<figure class=\"wp-block-image size-large\"><img loading=\"lazy\" decoding=\"async\" width=\"724\" height=\"1024\" src=\"https:\/\/www.asemer.ro\/wp-content\/uploads\/2025\/01\/Punti-Umanitare-Romano-Iberice-27-februarie-2025-InfoEuropa-ora-09.00-724x1024.jpeg\" alt=\"\" class=\"wp-image-12272\" srcset=\"https:\/\/www.asemer.ro\/wp-content\/uploads\/2025\/01\/Punti-Umanitare-Romano-Iberice-27-februarie-2025-InfoEuropa-ora-09.00-724x1024.jpeg 724w, https:\/\/www.asemer.ro\/wp-content\/uploads\/2025\/01\/Punti-Umanitare-Romano-Iberice-27-februarie-2025-InfoEuropa-ora-09.00-212x300.jpeg 212w, https:\/\/www.asemer.ro\/wp-content\/uploads\/2025\/01\/Punti-Umanitare-Romano-Iberice-27-februarie-2025-InfoEuropa-ora-09.00-768x1086.jpeg 768w, https:\/\/www.asemer.ro\/wp-content\/uploads\/2025\/01\/Punti-Umanitare-Romano-Iberice-27-februarie-2025-InfoEuropa-ora-09.00-1086x1536.jpeg 1086w, https:\/\/www.asemer.ro\/wp-content\/uploads\/2025\/01\/Punti-Umanitare-Romano-Iberice-27-februarie-2025-InfoEuropa-ora-09.00-720x1019.jpeg 720w, https:\/\/www.asemer.ro\/wp-content\/uploads\/2025\/01\/Punti-Umanitare-Romano-Iberice-27-februarie-2025-InfoEuropa-ora-09.00.jpeg 1131w\" sizes=\"auto, (max-width: 724px) 100vw, 724px\" \/><\/figure>\n","protected":false},"excerpt":{"rendered":"<p>Sostenibilidad y responsabilidad social de las empresas. reserve la fecha, jueves 27 de febrero a las 09.00 A.M. Fecha: JUEVES [&hellip;]<\/p>\n","protected":false},"author":3,"featured_media":0,"comment_status":"open","ping_status":"open","sticky":false,"template":"","format":"standard","meta":{"footnotes":""},"categories":[1],"tags":[],"class_list":["post-12268","post","type-post","status-publish","format-standard","hentry","category-uncategorized"],"yoast_head":"<!-- This site is optimized with the Yoast SEO plugin v27.5 - https:\/\/yoast.com\/product\/yoast-seo-wordpress\/ -->\n<title>Puentes humanitarios rumanos e ib\u00e9ricos de socorro en caso de cat\u00e1strofe. - ASEMER<\/title>\n<meta name=\"robots\" content=\"index, follow, max-snippet:-1, max-image-preview:large, max-video-preview:-1\" \/>\n<link rel=\"canonical\" href=\"https:\/\/www.asemer.ro\/index.php\/2025\/01\/31\/puentes-humanitarios-rumanos-e-ibericos-de-socorro-en-caso-de-catastrofe\/\" \/>\n<meta property=\"og:locale\" content=\"es_ES\" \/>\n<meta property=\"og:type\" content=\"article\" \/>\n<meta property=\"og:title\" content=\"Puentes humanitarios rumanos e ib\u00e9ricos de socorro en caso de cat\u00e1strofe. - ASEMER\" \/>\n<meta property=\"og:description\" content=\"Sostenibilidad y responsabilidad social de las empresas. reserve la fecha, jueves 27 de febrero a las 09.00 A.M. Fecha: JUEVES [&hellip;]\" \/>\n<meta property=\"og:url\" content=\"https:\/\/www.asemer.ro\/index.php\/2025\/01\/31\/puentes-humanitarios-rumanos-e-ibericos-de-socorro-en-caso-de-catastrofe\/\" \/>\n<meta property=\"og:site_name\" content=\"ASEMER\" \/>\n<meta property=\"article:publisher\" content=\"https:\/\/www.facebook.com\/asociacionasemer\" \/>\n<meta property=\"article:published_time\" content=\"2025-01-31T14:39:07+00:00\" \/>\n<meta property=\"article:modified_time\" content=\"2025-01-31T14:39:16+00:00\" \/>\n<meta property=\"og:image\" content=\"https:\/\/www.asemer.ro\/wp-content\/uploads\/2025\/01\/Punti-Umanitare-Romano-Iberice-27-februarie-2025-InfoEuropa-ora-09.00.jpeg\" \/>\n\t<meta property=\"og:image:width\" content=\"1131\" \/>\n\t<meta property=\"og:image:height\" content=\"1600\" \/>\n\t<meta property=\"og:image:type\" content=\"image\/jpeg\" \/>\n<meta name=\"author\" content=\"Admin Asemer\" \/>\n<meta name=\"twitter:card\" content=\"summary_large_image\" \/>\n<meta name=\"twitter:creator\" content=\"@asemer_rumania\" \/>\n<meta name=\"twitter:site\" content=\"@asemer_rumania\" \/>\n<meta name=\"twitter:label1\" content=\"Escrito por\" \/>\n\t<meta name=\"twitter:data1\" content=\"Admin Asemer\" \/>\n\t<meta name=\"twitter:label2\" content=\"Tiempo de lectura\" \/>\n\t<meta name=\"twitter:data2\" content=\"2 minutos\" \/>\n<script type=\"application\/ld+json\" class=\"yoast-schema-graph\">{\"@context\":\"https:\\\/\\\/schema.org\",\"@graph\":[{\"@type\":\"Article\",\"@id\":\"https:\\\/\\\/www.asemer.ro\\\/index.php\\\/2025\\\/01\\\/31\\\/puentes-humanitarios-rumanos-e-ibericos-de-socorro-en-caso-de-catastrofe\\\/#article\",\"isPartOf\":{\"@id\":\"https:\\\/\\\/www.asemer.ro\\\/index.php\\\/2025\\\/01\\\/31\\\/puentes-humanitarios-rumanos-e-ibericos-de-socorro-en-caso-de-catastrofe\\\/\"},\"author\":{\"name\":\"Admin Asemer\",\"@id\":\"https:\\\/\\\/www.asemer.ro\\\/#\\\/schema\\\/person\\\/36de47e444c0f1a7b737a035d40519f9\"},\"headline\":\"Puentes humanitarios rumanos e ib\u00e9ricos de socorro en caso de cat\u00e1strofe.\",\"datePublished\":\"2025-01-31T14:39:07+00:00\",\"dateModified\":\"2025-01-31T14:39:16+00:00\",\"mainEntityOfPage\":{\"@id\":\"https:\\\/\\\/www.asemer.ro\\\/index.php\\\/2025\\\/01\\\/31\\\/puentes-humanitarios-rumanos-e-ibericos-de-socorro-en-caso-de-catastrofe\\\/\"},\"wordCount\":413,\"commentCount\":0,\"publisher\":{\"@id\":\"https:\\\/\\\/www.asemer.ro\\\/#organization\"},\"image\":{\"@id\":\"https:\\\/\\\/www.asemer.ro\\\/index.php\\\/2025\\\/01\\\/31\\\/puentes-humanitarios-rumanos-e-ibericos-de-socorro-en-caso-de-catastrofe\\\/#primaryimage\"},\"thumbnailUrl\":\"https:\\\/\\\/www.asemer.ro\\\/wp-content\\\/uploads\\\/2025\\\/01\\\/Punti-Umanitare-Romano-Iberice-27-februarie-2025-InfoEuropa-ora-09.00-724x1024.jpeg\",\"articleSection\":[\"Uncategorized\"],\"inLanguage\":\"es\",\"potentialAction\":[{\"@type\":\"CommentAction\",\"name\":\"Comment\",\"target\":[\"https:\\\/\\\/www.asemer.ro\\\/index.php\\\/2025\\\/01\\\/31\\\/puentes-humanitarios-rumanos-e-ibericos-de-socorro-en-caso-de-catastrofe\\\/#respond\"]}]},{\"@type\":\"WebPage\",\"@id\":\"https:\\\/\\\/www.asemer.ro\\\/index.php\\\/2025\\\/01\\\/31\\\/puentes-humanitarios-rumanos-e-ibericos-de-socorro-en-caso-de-catastrofe\\\/\",\"url\":\"https:\\\/\\\/www.asemer.ro\\\/index.php\\\/2025\\\/01\\\/31\\\/puentes-humanitarios-rumanos-e-ibericos-de-socorro-en-caso-de-catastrofe\\\/\",\"name\":\"Puentes humanitarios rumanos e ib\u00e9ricos de socorro en caso de cat\u00e1strofe. - ASEMER\",\"isPartOf\":{\"@id\":\"https:\\\/\\\/www.asemer.ro\\\/#website\"},\"primaryImageOfPage\":{\"@id\":\"https:\\\/\\\/www.asemer.ro\\\/index.php\\\/2025\\\/01\\\/31\\\/puentes-humanitarios-rumanos-e-ibericos-de-socorro-en-caso-de-catastrofe\\\/#primaryimage\"},\"image\":{\"@id\":\"https:\\\/\\\/www.asemer.ro\\\/index.php\\\/2025\\\/01\\\/31\\\/puentes-humanitarios-rumanos-e-ibericos-de-socorro-en-caso-de-catastrofe\\\/#primaryimage\"},\"thumbnailUrl\":\"https:\\\/\\\/www.asemer.ro\\\/wp-content\\\/uploads\\\/2025\\\/01\\\/Punti-Umanitare-Romano-Iberice-27-februarie-2025-InfoEuropa-ora-09.00-724x1024.jpeg\",\"datePublished\":\"2025-01-31T14:39:07+00:00\",\"dateModified\":\"2025-01-31T14:39:16+00:00\",\"breadcrumb\":{\"@id\":\"https:\\\/\\\/www.asemer.ro\\\/index.php\\\/2025\\\/01\\\/31\\\/puentes-humanitarios-rumanos-e-ibericos-de-socorro-en-caso-de-catastrofe\\\/#breadcrumb\"},\"inLanguage\":\"es\",\"potentialAction\":[{\"@type\":\"ReadAction\",\"target\":[\"https:\\\/\\\/www.asemer.ro\\\/index.php\\\/2025\\\/01\\\/31\\\/puentes-humanitarios-rumanos-e-ibericos-de-socorro-en-caso-de-catastrofe\\\/\"]}]},{\"@type\":\"ImageObject\",\"inLanguage\":\"es\",\"@id\":\"https:\\\/\\\/www.asemer.ro\\\/index.php\\\/2025\\\/01\\\/31\\\/puentes-humanitarios-rumanos-e-ibericos-de-socorro-en-caso-de-catastrofe\\\/#primaryimage\",\"url\":\"https:\\\/\\\/www.asemer.ro\\\/wp-content\\\/uploads\\\/2025\\\/01\\\/Punti-Umanitare-Romano-Iberice-27-februarie-2025-InfoEuropa-ora-09.00.jpeg\",\"contentUrl\":\"https:\\\/\\\/www.asemer.ro\\\/wp-content\\\/uploads\\\/2025\\\/01\\\/Punti-Umanitare-Romano-Iberice-27-februarie-2025-InfoEuropa-ora-09.00.jpeg\",\"width\":1131,\"height\":1600},{\"@type\":\"BreadcrumbList\",\"@id\":\"https:\\\/\\\/www.asemer.ro\\\/index.php\\\/2025\\\/01\\\/31\\\/puentes-humanitarios-rumanos-e-ibericos-de-socorro-en-caso-de-catastrofe\\\/#breadcrumb\",\"itemListElement\":[{\"@type\":\"ListItem\",\"position\":1,\"name\":\"Home\",\"item\":\"https:\\\/\\\/www.asemer.ro\\\/\"},{\"@type\":\"ListItem\",\"position\":2,\"name\":\"Puentes humanitarios rumanos e ib\u00e9ricos de socorro en caso de cat\u00e1strofe.\"}]},{\"@type\":\"WebSite\",\"@id\":\"https:\\\/\\\/www.asemer.ro\\\/#website\",\"url\":\"https:\\\/\\\/www.asemer.ro\\\/\",\"name\":\"ASEMER\",\"description\":\"Asociaci\u00f3n de Empresas Espa\u00f1olas en Ruman\u00eda\",\"publisher\":{\"@id\":\"https:\\\/\\\/www.asemer.ro\\\/#organization\"},\"potentialAction\":[{\"@type\":\"SearchAction\",\"target\":{\"@type\":\"EntryPoint\",\"urlTemplate\":\"https:\\\/\\\/www.asemer.ro\\\/?s={search_term_string}\"},\"query-input\":{\"@type\":\"PropertyValueSpecification\",\"valueRequired\":true,\"valueName\":\"search_term_string\"}}],\"inLanguage\":\"es\"},{\"@type\":\"Organization\",\"@id\":\"https:\\\/\\\/www.asemer.ro\\\/#organization\",\"name\":\"ASEMER\",\"url\":\"https:\\\/\\\/www.asemer.ro\\\/\",\"logo\":{\"@type\":\"ImageObject\",\"inLanguage\":\"es\",\"@id\":\"https:\\\/\\\/www.asemer.ro\\\/#\\\/schema\\\/logo\\\/image\\\/\",\"url\":\"https:\\\/\\\/www.asemer.ro\\\/wp-content\\\/uploads\\\/2020\\\/12\\\/logo-ASEMER-scaled.jpg\",\"contentUrl\":\"https:\\\/\\\/www.asemer.ro\\\/wp-content\\\/uploads\\\/2020\\\/12\\\/logo-ASEMER-scaled.jpg\",\"width\":2560,\"height\":849,\"caption\":\"ASEMER\"},\"image\":{\"@id\":\"https:\\\/\\\/www.asemer.ro\\\/#\\\/schema\\\/logo\\\/image\\\/\"},\"sameAs\":[\"https:\\\/\\\/www.facebook.com\\\/asociacionasemer\",\"https:\\\/\\\/x.com\\\/asemer_rumania\",\"https:\\\/\\\/ro.linkedin.com\\\/in\\\/asemer-asociaci\u00f3n-empresas-espa\u00f1olas-en-ruman\u00eda-724772a6?trk=author_mini-profile_title\",\"https:\\\/\\\/www.youtube.com\\\/channel\\\/UC73m8-BDsg857OL0Ogv5aQA\\\/videos\"]},{\"@type\":\"Person\",\"@id\":\"https:\\\/\\\/www.asemer.ro\\\/#\\\/schema\\\/person\\\/36de47e444c0f1a7b737a035d40519f9\",\"name\":\"Admin Asemer\",\"image\":{\"@type\":\"ImageObject\",\"inLanguage\":\"es\",\"@id\":\"https:\\\/\\\/secure.gravatar.com\\\/avatar\\\/b64873d65b5be684e01a001c464789c445a7279ef3f177f5fbff5d83eb373299?s=96&d=mm&r=g\",\"url\":\"https:\\\/\\\/secure.gravatar.com\\\/avatar\\\/b64873d65b5be684e01a001c464789c445a7279ef3f177f5fbff5d83eb373299?s=96&d=mm&r=g\",\"contentUrl\":\"https:\\\/\\\/secure.gravatar.com\\\/avatar\\\/b64873d65b5be684e01a001c464789c445a7279ef3f177f5fbff5d83eb373299?s=96&d=mm&r=g\",\"caption\":\"Admin Asemer\"},\"url\":\"https:\\\/\\\/www.asemer.ro\\\/index.php\\\/author\\\/admin\\\/\"}]}<\/script>\n<!-- \/ Yoast SEO plugin. -->","yoast_head_json":{"title":"Puentes humanitarios rumanos e ib\u00e9ricos de socorro en caso de cat\u00e1strofe. - ASEMER","robots":{"index":"index","follow":"follow","max-snippet":"max-snippet:-1","max-image-preview":"max-image-preview:large","max-video-preview":"max-video-preview:-1"},"canonical":"https:\/\/www.asemer.ro\/index.php\/2025\/01\/31\/puentes-humanitarios-rumanos-e-ibericos-de-socorro-en-caso-de-catastrofe\/","og_locale":"es_ES","og_type":"article","og_title":"Puentes humanitarios rumanos e ib\u00e9ricos de socorro en caso de cat\u00e1strofe. - ASEMER","og_description":"Sostenibilidad y responsabilidad social de las empresas. reserve la fecha, jueves 27 de febrero a las 09.00 A.M. Fecha: JUEVES [&hellip;]","og_url":"https:\/\/www.asemer.ro\/index.php\/2025\/01\/31\/puentes-humanitarios-rumanos-e-ibericos-de-socorro-en-caso-de-catastrofe\/","og_site_name":"ASEMER","article_publisher":"https:\/\/www.facebook.com\/asociacionasemer","article_published_time":"2025-01-31T14:39:07+00:00","article_modified_time":"2025-01-31T14:39:16+00:00","og_image":[{"width":1131,"height":1600,"url":"https:\/\/www.asemer.ro\/wp-content\/uploads\/2025\/01\/Punti-Umanitare-Romano-Iberice-27-februarie-2025-InfoEuropa-ora-09.00.jpeg","type":"image\/jpeg"}],"author":"Admin Asemer","twitter_card":"summary_large_image","twitter_creator":"@asemer_rumania","twitter_site":"@asemer_rumania","twitter_misc":{"Escrito por":"Admin Asemer","Tiempo de lectura":"2 minutos"},"schema":{"@context":"https:\/\/schema.org","@graph":[{"@type":"Article","@id":"https:\/\/www.asemer.ro\/index.php\/2025\/01\/31\/puentes-humanitarios-rumanos-e-ibericos-de-socorro-en-caso-de-catastrofe\/#article","isPartOf":{"@id":"https:\/\/www.asemer.ro\/index.php\/2025\/01\/31\/puentes-humanitarios-rumanos-e-ibericos-de-socorro-en-caso-de-catastrofe\/"},"author":{"name":"Admin Asemer","@id":"https:\/\/www.asemer.ro\/#\/schema\/person\/36de47e444c0f1a7b737a035d40519f9"},"headline":"Puentes humanitarios rumanos e ib\u00e9ricos de socorro en caso de cat\u00e1strofe.","datePublished":"2025-01-31T14:39:07+00:00","dateModified":"2025-01-31T14:39:16+00:00","mainEntityOfPage":{"@id":"https:\/\/www.asemer.ro\/index.php\/2025\/01\/31\/puentes-humanitarios-rumanos-e-ibericos-de-socorro-en-caso-de-catastrofe\/"},"wordCount":413,"commentCount":0,"publisher":{"@id":"https:\/\/www.asemer.ro\/#organization"},"image":{"@id":"https:\/\/www.asemer.ro\/index.php\/2025\/01\/31\/puentes-humanitarios-rumanos-e-ibericos-de-socorro-en-caso-de-catastrofe\/#primaryimage"},"thumbnailUrl":"https:\/\/www.asemer.ro\/wp-content\/uploads\/2025\/01\/Punti-Umanitare-Romano-Iberice-27-februarie-2025-InfoEuropa-ora-09.00-724x1024.jpeg","articleSection":["Uncategorized"],"inLanguage":"es","potentialAction":[{"@type":"CommentAction","name":"Comment","target":["https:\/\/www.asemer.ro\/index.php\/2025\/01\/31\/puentes-humanitarios-rumanos-e-ibericos-de-socorro-en-caso-de-catastrofe\/#respond"]}]},{"@type":"WebPage","@id":"https:\/\/www.asemer.ro\/index.php\/2025\/01\/31\/puentes-humanitarios-rumanos-e-ibericos-de-socorro-en-caso-de-catastrofe\/","url":"https:\/\/www.asemer.ro\/index.php\/2025\/01\/31\/puentes-humanitarios-rumanos-e-ibericos-de-socorro-en-caso-de-catastrofe\/","name":"Puentes humanitarios rumanos e ib\u00e9ricos de socorro en caso de cat\u00e1strofe. - ASEMER","isPartOf":{"@id":"https:\/\/www.asemer.ro\/#website"},"primaryImageOfPage":{"@id":"https:\/\/www.asemer.ro\/index.php\/2025\/01\/31\/puentes-humanitarios-rumanos-e-ibericos-de-socorro-en-caso-de-catastrofe\/#primaryimage"},"image":{"@id":"https:\/\/www.asemer.ro\/index.php\/2025\/01\/31\/puentes-humanitarios-rumanos-e-ibericos-de-socorro-en-caso-de-catastrofe\/#primaryimage"},"thumbnailUrl":"https:\/\/www.asemer.ro\/wp-content\/uploads\/2025\/01\/Punti-Umanitare-Romano-Iberice-27-februarie-2025-InfoEuropa-ora-09.00-724x1024.jpeg","datePublished":"2025-01-31T14:39:07+00:00","dateModified":"2025-01-31T14:39:16+00:00","breadcrumb":{"@id":"https:\/\/www.asemer.ro\/index.php\/2025\/01\/31\/puentes-humanitarios-rumanos-e-ibericos-de-socorro-en-caso-de-catastrofe\/#breadcrumb"},"inLanguage":"es","potentialAction":[{"@type":"ReadAction","target":["https:\/\/www.asemer.ro\/index.php\/2025\/01\/31\/puentes-humanitarios-rumanos-e-ibericos-de-socorro-en-caso-de-catastrofe\/"]}]},{"@type":"ImageObject","inLanguage":"es","@id":"https:\/\/www.asemer.ro\/index.php\/2025\/01\/31\/puentes-humanitarios-rumanos-e-ibericos-de-socorro-en-caso-de-catastrofe\/#primaryimage","url":"https:\/\/www.asemer.ro\/wp-content\/uploads\/2025\/01\/Punti-Umanitare-Romano-Iberice-27-februarie-2025-InfoEuropa-ora-09.00.jpeg","contentUrl":"https:\/\/www.asemer.ro\/wp-content\/uploads\/2025\/01\/Punti-Umanitare-Romano-Iberice-27-februarie-2025-InfoEuropa-ora-09.00.jpeg","width":1131,"height":1600},{"@type":"BreadcrumbList","@id":"https:\/\/www.asemer.ro\/index.php\/2025\/01\/31\/puentes-humanitarios-rumanos-e-ibericos-de-socorro-en-caso-de-catastrofe\/#breadcrumb","itemListElement":[{"@type":"ListItem","position":1,"name":"Home","item":"https:\/\/www.asemer.ro\/"},{"@type":"ListItem","position":2,"name":"Puentes humanitarios rumanos e ib\u00e9ricos de socorro en caso de cat\u00e1strofe."}]},{"@type":"WebSite","@id":"https:\/\/www.asemer.ro\/#website","url":"https:\/\/www.asemer.ro\/","name":"ASEMER","description":"Asociaci\u00f3n de Empresas Espa\u00f1olas en Ruman\u00eda","publisher":{"@id":"https:\/\/www.asemer.ro\/#organization"},"potentialAction":[{"@type":"SearchAction","target":{"@type":"EntryPoint","urlTemplate":"https:\/\/www.asemer.ro\/?s={search_term_string}"},"query-input":{"@type":"PropertyValueSpecification","valueRequired":true,"valueName":"search_term_string"}}],"inLanguage":"es"},{"@type":"Organization","@id":"https:\/\/www.asemer.ro\/#organization","name":"ASEMER","url":"https:\/\/www.asemer.ro\/","logo":{"@type":"ImageObject","inLanguage":"es","@id":"https:\/\/www.asemer.ro\/#\/schema\/logo\/image\/","url":"https:\/\/www.asemer.ro\/wp-content\/uploads\/2020\/12\/logo-ASEMER-scaled.jpg","contentUrl":"https:\/\/www.asemer.ro\/wp-content\/uploads\/2020\/12\/logo-ASEMER-scaled.jpg","width":2560,"height":849,"caption":"ASEMER"},"image":{"@id":"https:\/\/www.asemer.ro\/#\/schema\/logo\/image\/"},"sameAs":["https:\/\/www.facebook.com\/asociacionasemer","https:\/\/x.com\/asemer_rumania","https:\/\/ro.linkedin.com\/in\/asemer-asociaci\u00f3n-empresas-espa\u00f1olas-en-ruman\u00eda-724772a6?trk=author_mini-profile_title","https:\/\/www.youtube.com\/channel\/UC73m8-BDsg857OL0Ogv5aQA\/videos"]},{"@type":"Person","@id":"https:\/\/www.asemer.ro\/#\/schema\/person\/36de47e444c0f1a7b737a035d40519f9","name":"Admin Asemer","image":{"@type":"ImageObject","inLanguage":"es","@id":"https:\/\/secure.gravatar.com\/avatar\/b64873d65b5be684e01a001c464789c445a7279ef3f177f5fbff5d83eb373299?s=96&d=mm&r=g","url":"https:\/\/secure.gravatar.com\/avatar\/b64873d65b5be684e01a001c464789c445a7279ef3f177f5fbff5d83eb373299?s=96&d=mm&r=g","contentUrl":"https:\/\/secure.gravatar.com\/avatar\/b64873d65b5be684e01a001c464789c445a7279ef3f177f5fbff5d83eb373299?s=96&d=mm&r=g","caption":"Admin Asemer"},"url":"https:\/\/www.asemer.ro\/index.php\/author\/admin\/"}]}},"_links":{"self":[{"href":"https:\/\/www.asemer.ro\/index.php\/wp-json\/wp\/v2\/posts\/12268","targetHints":{"allow":["GET"]}}],"collection":[{"href":"https:\/\/www.asemer.ro\/index.php\/wp-json\/wp\/v2\/posts"}],"about":[{"href":"https:\/\/www.asemer.ro\/index.php\/wp-json\/wp\/v2\/types\/post"}],"author":[{"embeddable":true,"href":"https:\/\/www.asemer.ro\/index.php\/wp-json\/wp\/v2\/users\/3"}],"replies":[{"embeddable":true,"href":"https:\/\/www.asemer.ro\/index.php\/wp-json\/wp\/v2\/comments?post=12268"}],"version-history":[{"count":9,"href":"https:\/\/www.asemer.ro\/index.php\/wp-json\/wp\/v2\/posts\/12268\/revisions"}],"predecessor-version":[{"id":12289,"href":"https:\/\/www.asemer.ro\/index.php\/wp-json\/wp\/v2\/posts\/12268\/revisions\/12289"}],"wp:attachment":[{"href":"https:\/\/www.asemer.ro\/index.php\/wp-json\/wp\/v2\/media?parent=12268"}],"wp:term":[{"taxonomy":"category","embeddable":true,"href":"https:\/\/www.asemer.ro\/index.php\/wp-json\/wp\/v2\/categories?post=12268"},{"taxonomy":"post_tag","embeddable":true,"href":"https:\/\/www.asemer.ro\/index.php\/wp-json\/wp\/v2\/tags?post=12268"}],"curies":[{"name":"wp","href":"https:\/\/api.w.org\/{rel}","templated":true}]}}