{"id":12520,"date":"2025-03-31T10:07:59","date_gmt":"2025-03-31T08:07:59","guid":{"rendered":"https:\/\/www.asemer.ro\/?p=12520"},"modified":"2025-04-01T10:21:03","modified_gmt":"2025-04-01T08:21:03","slug":"green-energy-expo-romenvirotec-2025","status":"publish","type":"post","link":"https:\/\/www.asemer.ro\/index.php\/2025\/03\/31\/green-energy-expo-romenvirotec-2025\/","title":{"rendered":"Green Energy Expo &amp; ROMENVIROTEC 2025"},"content":{"rendered":"\n<h2 class=\"wp-block-heading\"><strong>GREENENERGYEXPO &#8211; ROMENVIROTEC 2025 <\/strong>es una excelente oportunidad para que las empresas espa\u00f1olas exploren las tendencias de vanguardia en energ\u00eda verde, tecnolog\u00edas sostenibles y protecci\u00f3n del medio ambiente, desarrollen asociaciones estrat\u00e9gicas y consigan una mayor exposici\u00f3n de sus productos y servicios en el mercado rumano.<\/h2>\n\n\n<div class=\"wp-block-image\">\n<figure class=\"aligncenter size-full\"><img loading=\"lazy\" decoding=\"async\" width=\"478\" height=\"194\" src=\"https:\/\/www.asemer.ro\/wp-content\/uploads\/2025\/03\/image.png\" alt=\"\" class=\"wp-image-12521\" srcset=\"https:\/\/www.asemer.ro\/wp-content\/uploads\/2025\/03\/image.png 478w, https:\/\/www.asemer.ro\/wp-content\/uploads\/2025\/03\/image-300x122.png 300w\" sizes=\"auto, (max-width: 478px) 100vw, 478px\" \/><\/figure>\n<\/div>\n\n\n<p>El evento abarca una amplia gama de sectores, como la energ\u00eda solar, la energ\u00eda e\u00f3lica, las tecnolog\u00edas de eficiencia energ\u00e9tica, el reciclaje, la gesti\u00f3n de residuos y las soluciones medioambientales innovadoras.<\/p>\n\n\n\n<p>La participaci\u00f3n en <strong>GREENERGYEXPO &#8211; ROMENVIROTEC 2025 <\/strong>permite a las empresas espa\u00f1olas acceder a una plataforma en la que pueden interactuar directamente con socios locales e internacionales, autoridades del sector y clientes potenciales, facilitando la creaci\u00f3n de conexiones sostenibles en un sector en auge. En la feria, las empresas participantes pueden beneficiarse del contacto directo con especialistas, responsables de la toma de decisiones y profesionales que participan activamente en el desarrollo de pol\u00edticas y proyectos medioambientales y de energ\u00eda verde en Ruman\u00eda.<\/p>\n\n\n\n<p>La feria <strong>GREENENERGYEXPO &#8211; ROMENVIROTEC 2025<\/strong> tambi\u00e9n incluye eventos complementarios como conferencias, talleres y sesiones de networking que pondr\u00e1n sobre la mesa las \u00faltimas innovaciones y soluciones en el campo de la energ\u00eda verde y la protecci\u00f3n del medio ambiente. As\u00ed, las empresas espa\u00f1olas podr\u00e1n mostrar sus tecnolog\u00edas, promocionar sus productos y ampliar su red de contactos relevantes en los mercados rumano y europeo.<br>El tama\u00f1o de los stands parte de una superficie m\u00ednima de 9 metros cuadrados, sin l\u00edmite superior &#8211; la \u00fanica restricci\u00f3n es la superficie disponible.<\/p>\n\n\n\n<p>Actualmente ofrecemos stands desde 9 metros cuadrados hasta 325 metros cuadrados, lo que proporciona la flexibilidad necesaria para satisfacer las necesidades de empresas de cualquier tama\u00f1o.<\/p>\n\n\n<div class=\"wp-block-image\">\n<figure class=\"aligncenter size-full\"><img loading=\"lazy\" decoding=\"async\" width=\"700\" height=\"400\" src=\"https:\/\/www.asemer.ro\/wp-content\/uploads\/2025\/03\/image-1.png\" alt=\"\" class=\"wp-image-12522\" srcset=\"https:\/\/www.asemer.ro\/wp-content\/uploads\/2025\/03\/image-1.png 700w, https:\/\/www.asemer.ro\/wp-content\/uploads\/2025\/03\/image-1-300x171.png 300w\" sizes=\"auto, (max-width: 700px) 100vw, 700px\" \/><\/figure>\n<\/div>\n\n\n<p>Para que se haga una idea de los costes, aqu\u00ed tiene un ejemplo de c\u00e1lculo para un stand de 9 metros cuadrados:<\/p>\n\n\n\n<ul class=\"wp-block-list\">\n<li>Cuota de participaci\u00f3n: 250 euros\/m2<\/li>\n\n\n\n<li>Alquiler del espacio: 112 euros\/m2 x 9 m2 = 1008 euros<\/li>\n\n\n\n<li>Construcci\u00f3n est\u00e1ndar del stand: 35 euros\/m2 x 9 m2 = 315 euros Total: 1.573 euros + IVA<\/li>\n<\/ul>\n\n\n\n<p><strong>GREENENERGYEXPO &#8211; ROMENVIROTEC 2025<\/strong> acoger\u00e1 tambi\u00e9n el <strong>FORO INTERNACIONAL DEL MEDIO AMBIENTE<\/strong>, evento de referencia en el \u00e1mbito de la protecci\u00f3n del medio ambiente, organizado por <strong>INFO ENVIRONMENT EUROPE MAGAZINE<\/strong>, as\u00ed como otros eventos organizados en colaboraci\u00f3n con prestigiosas organizaciones internacionales y locales. El Foro constituye una valiosa plataforma de di\u00e1logo para expertos, l\u00edderes de opini\u00f3n y responsables de la toma de decisiones, y es una oportunidad \u00fanica para que las empresas espa\u00f1olas muestren sus tecnolog\u00edas y soluciones innovadoras a un p\u00fablico atento y cualificado.<\/p>\n\n\n\n<figure class=\"wp-block-image size-full\"><img loading=\"lazy\" decoding=\"async\" width=\"1024\" height=\"367\" src=\"https:\/\/www.asemer.ro\/wp-content\/uploads\/2025\/03\/image-2.png\" alt=\"\" class=\"wp-image-12523\" srcset=\"https:\/\/www.asemer.ro\/wp-content\/uploads\/2025\/03\/image-2.png 1024w, https:\/\/www.asemer.ro\/wp-content\/uploads\/2025\/03\/image-2-300x108.png 300w, https:\/\/www.asemer.ro\/wp-content\/uploads\/2025\/03\/image-2-768x275.png 768w, https:\/\/www.asemer.ro\/wp-content\/uploads\/2025\/03\/image-2-720x258.png 720w\" sizes=\"auto, (max-width: 1024px) 100vw, 1024px\" \/><\/figure>\n\n\n\n<p>Para el <strong>FORO INTERNACIONAL DEL MEDIO AMBIENTE, INFO ENVIRONMENT EUROPE MAGAZINE<\/strong> ofrece los siguientes paquetes de colaboraci\u00f3n, que aportan importantes ventajas de visibilidad y oportunidades de establecer contactos:<\/p>\n\n\n\n<p><strong>Paquete PARTENER &#8211; 750 euros + IVA<\/strong><\/p>\n\n\n\n<ul class=\"wp-block-list\">\n<li>Acceso para 1 persona al Foro (9-11 de abril de 2025)<\/li>\n\n\n\n<li>Participaci\u00f3n en la Cena de Networking (10 de abril de 2025)<\/li>\n\n\n\n<li>Menci\u00f3n como SOCIO (logotipo en los materiales promocionales)<\/li>\n\n\n\n<li>Distribuci\u00f3n de material promocional<\/li>\n\n\n\n<li>3 invitaciones a GREENERGYEXPO<\/li>\n<\/ul>\n\n\n\n<p><strong>Paquete SOCIO PRINCIPAL &#8211; 1.550 euros + IVA<\/strong><\/p>\n\n\n\n<ul class=\"wp-block-list\">\n<li>Acceso para 1 persona al Foro<\/li>\n\n\n\n<li>Roll-up expuesto en la sala de conferencias<\/li>\n\n\n\n<li>Menci\u00f3n como SOCIO PRINCIPAL (logotipo)<\/li>\n\n\n\n<li>Distribuci\u00f3n de material promocional<\/li>\n\n\n\n<li>6 invitaciones a GREENERGYEXPO<\/li>\n<\/ul>\n\n\n\n<p><strong>Paquete SOCIO OFICIAL &#8211; 3.000 euros + IVA<\/strong><\/p>\n\n\n\n<ul class=\"wp-block-list\">\n<li>Intervenci\u00f3n de 7 minutos en el Foro<\/li>\n\n\n\n<li>Acceso para 2 personas al Foro<\/li>\n\n\n\n<li>Cena de networking<\/li>\n\n\n\n<li>Expositor enrollable en la sala de conferencias<\/li>\n\n\n\n<li>9 invitaciones a GREENERGYEXPO<\/li>\n<\/ul>\n\n\n\n<p><strong>Paquete SOCIO ESTRAT\u00c9GICO &#8211; 5.550 euros + IVA<\/strong><\/p>\n\n\n\n<ul class=\"wp-block-list\">\n<li>Discurso de 15 minutos en el Foro<\/li>\n\n\n\n<li>Acceso para 4 personas al Foro<\/li>\n\n\n\n<li>Presentaci\u00f3n en v\u00eddeo durante las pausas<\/li>\n\n\n\n<li>Dos roll-ups en la conferencia<\/li>\n\n\n\n<li>15 invitaciones a GREENERGYEXPO<\/li>\n<\/ul>\n\n\n\n<p>La participaci\u00f3n en <strong>GREENERGYEXPO &#8211; ROMENVIROTEC 202<\/strong>5 y en el <strong>FORO INTERNACIONAL DEL MEDIO AMBIENTE <\/strong>brindar\u00e1 importantes oportunidades a las empresas espa\u00f1olas para destacar en el emergente mercado de la energ\u00eda verde y establecer alianzas relevantes en un contexto internacional. Estamos seguros de que esta feria ser\u00e1 una plataforma ideal para promocionar las soluciones sostenibles e innovadoras que ustedes ofrecen.<\/p>\n\n\n\n<p>Para cualquier detalle o informaci\u00f3n adicional, estamos a su disposici\u00f3n. Le aseguramos que la participaci\u00f3n en <strong>GREENERGYEXPO &#8211; ROMENVIROTEC 2025<\/strong> y en el <strong>FORO INTERNACIONAL DEL MEDIO AMBIENTE <\/strong>aportar\u00e1 una mayor visibilidad y valiosas oportunidades para todos los participantes.<\/p>\n\n\n<div class=\"wp-block-image\">\n<figure class=\"aligncenter size-full\"><img loading=\"lazy\" decoding=\"async\" width=\"366\" height=\"2560\" src=\"https:\/\/www.asemer.ro\/wp-content\/uploads\/2025\/03\/img-esp-edit-march-2025-scaled.jpg\" alt=\"\" class=\"wp-image-12532\" srcset=\"https:\/\/www.asemer.ro\/wp-content\/uploads\/2025\/03\/img-esp-edit-march-2025-scaled.jpg 366w, https:\/\/www.asemer.ro\/wp-content\/uploads\/2025\/03\/img-esp-edit-march-2025-43x300.jpg 43w, https:\/\/www.asemer.ro\/wp-content\/uploads\/2025\/03\/img-esp-edit-march-2025-293x2048.jpg 293w\" sizes=\"auto, (max-width: 366px) 100vw, 366px\" \/><\/figure>\n<\/div>","protected":false},"excerpt":{"rendered":"<p>GREENENERGYEXPO &#8211; ROMENVIROTEC 2025 es una excelente oportunidad para que las empresas espa\u00f1olas exploren las tendencias de vanguardia en energ\u00eda [&hellip;]<\/p>\n","protected":false},"author":3,"featured_media":0,"comment_status":"open","ping_status":"open","sticky":false,"template":"","format":"standard","meta":{"footnotes":""},"categories":[1],"tags":[],"class_list":["post-12520","post","type-post","status-publish","format-standard","hentry","category-uncategorized"],"yoast_head":"<!-- This site is optimized with the Yoast SEO plugin v27.5 - https:\/\/yoast.com\/product\/yoast-seo-wordpress\/ -->\n<title>Green Energy Expo &amp; ROMENVIROTEC 2025 - ASEMER<\/title>\n<meta name=\"robots\" content=\"index, follow, max-snippet:-1, max-image-preview:large, max-video-preview:-1\" \/>\n<link rel=\"canonical\" href=\"https:\/\/www.asemer.ro\/index.php\/2025\/03\/31\/green-energy-expo-romenvirotec-2025\/\" \/>\n<meta property=\"og:locale\" content=\"es_ES\" \/>\n<meta property=\"og:type\" content=\"article\" \/>\n<meta property=\"og:title\" content=\"Green Energy Expo &amp; ROMENVIROTEC 2025 - ASEMER\" \/>\n<meta property=\"og:description\" content=\"GREENENERGYEXPO &#8211; ROMENVIROTEC 2025 es una excelente oportunidad para que las empresas espa\u00f1olas exploren las tendencias de vanguardia en energ\u00eda [&hellip;]\" \/>\n<meta property=\"og:url\" content=\"https:\/\/www.asemer.ro\/index.php\/2025\/03\/31\/green-energy-expo-romenvirotec-2025\/\" \/>\n<meta property=\"og:site_name\" content=\"ASEMER\" \/>\n<meta property=\"article:publisher\" content=\"https:\/\/www.facebook.com\/asociacionasemer\" \/>\n<meta property=\"article:published_time\" content=\"2025-03-31T08:07:59+00:00\" \/>\n<meta property=\"article:modified_time\" content=\"2025-04-01T08:21:03+00:00\" \/>\n<meta property=\"og:image\" content=\"https:\/\/www.asemer.ro\/wp-content\/uploads\/2025\/03\/image.png\" \/>\n\t<meta property=\"og:image:width\" content=\"478\" \/>\n\t<meta property=\"og:image:height\" content=\"194\" \/>\n\t<meta property=\"og:image:type\" content=\"image\/png\" \/>\n<meta name=\"author\" content=\"Admin Asemer\" \/>\n<meta name=\"twitter:card\" content=\"summary_large_image\" \/>\n<meta name=\"twitter:creator\" content=\"@asemer_rumania\" \/>\n<meta name=\"twitter:site\" content=\"@asemer_rumania\" \/>\n<meta name=\"twitter:label1\" content=\"Escrito por\" \/>\n\t<meta name=\"twitter:data1\" content=\"Admin Asemer\" \/>\n\t<meta name=\"twitter:label2\" content=\"Tiempo de lectura\" \/>\n\t<meta name=\"twitter:data2\" content=\"4 minutos\" \/>\n<script type=\"application\/ld+json\" class=\"yoast-schema-graph\">{\"@context\":\"https:\\\/\\\/schema.org\",\"@graph\":[{\"@type\":\"Article\",\"@id\":\"https:\\\/\\\/www.asemer.ro\\\/index.php\\\/2025\\\/03\\\/31\\\/green-energy-expo-romenvirotec-2025\\\/#article\",\"isPartOf\":{\"@id\":\"https:\\\/\\\/www.asemer.ro\\\/index.php\\\/2025\\\/03\\\/31\\\/green-energy-expo-romenvirotec-2025\\\/\"},\"author\":{\"name\":\"Admin Asemer\",\"@id\":\"https:\\\/\\\/www.asemer.ro\\\/#\\\/schema\\\/person\\\/36de47e444c0f1a7b737a035d40519f9\"},\"headline\":\"Green Energy Expo &amp; ROMENVIROTEC 2025\",\"datePublished\":\"2025-03-31T08:07:59+00:00\",\"dateModified\":\"2025-04-01T08:21:03+00:00\",\"mainEntityOfPage\":{\"@id\":\"https:\\\/\\\/www.asemer.ro\\\/index.php\\\/2025\\\/03\\\/31\\\/green-energy-expo-romenvirotec-2025\\\/\"},\"wordCount\":715,\"commentCount\":0,\"publisher\":{\"@id\":\"https:\\\/\\\/www.asemer.ro\\\/#organization\"},\"image\":{\"@id\":\"https:\\\/\\\/www.asemer.ro\\\/index.php\\\/2025\\\/03\\\/31\\\/green-energy-expo-romenvirotec-2025\\\/#primaryimage\"},\"thumbnailUrl\":\"https:\\\/\\\/www.asemer.ro\\\/wp-content\\\/uploads\\\/2025\\\/03\\\/image.png\",\"articleSection\":[\"Uncategorized\"],\"inLanguage\":\"es\",\"potentialAction\":[{\"@type\":\"CommentAction\",\"name\":\"Comment\",\"target\":[\"https:\\\/\\\/www.asemer.ro\\\/index.php\\\/2025\\\/03\\\/31\\\/green-energy-expo-romenvirotec-2025\\\/#respond\"]}]},{\"@type\":\"WebPage\",\"@id\":\"https:\\\/\\\/www.asemer.ro\\\/index.php\\\/2025\\\/03\\\/31\\\/green-energy-expo-romenvirotec-2025\\\/\",\"url\":\"https:\\\/\\\/www.asemer.ro\\\/index.php\\\/2025\\\/03\\\/31\\\/green-energy-expo-romenvirotec-2025\\\/\",\"name\":\"Green Energy Expo &amp; ROMENVIROTEC 2025 - ASEMER\",\"isPartOf\":{\"@id\":\"https:\\\/\\\/www.asemer.ro\\\/#website\"},\"primaryImageOfPage\":{\"@id\":\"https:\\\/\\\/www.asemer.ro\\\/index.php\\\/2025\\\/03\\\/31\\\/green-energy-expo-romenvirotec-2025\\\/#primaryimage\"},\"image\":{\"@id\":\"https:\\\/\\\/www.asemer.ro\\\/index.php\\\/2025\\\/03\\\/31\\\/green-energy-expo-romenvirotec-2025\\\/#primaryimage\"},\"thumbnailUrl\":\"https:\\\/\\\/www.asemer.ro\\\/wp-content\\\/uploads\\\/2025\\\/03\\\/image.png\",\"datePublished\":\"2025-03-31T08:07:59+00:00\",\"dateModified\":\"2025-04-01T08:21:03+00:00\",\"breadcrumb\":{\"@id\":\"https:\\\/\\\/www.asemer.ro\\\/index.php\\\/2025\\\/03\\\/31\\\/green-energy-expo-romenvirotec-2025\\\/#breadcrumb\"},\"inLanguage\":\"es\",\"potentialAction\":[{\"@type\":\"ReadAction\",\"target\":[\"https:\\\/\\\/www.asemer.ro\\\/index.php\\\/2025\\\/03\\\/31\\\/green-energy-expo-romenvirotec-2025\\\/\"]}]},{\"@type\":\"ImageObject\",\"inLanguage\":\"es\",\"@id\":\"https:\\\/\\\/www.asemer.ro\\\/index.php\\\/2025\\\/03\\\/31\\\/green-energy-expo-romenvirotec-2025\\\/#primaryimage\",\"url\":\"https:\\\/\\\/www.asemer.ro\\\/wp-content\\\/uploads\\\/2025\\\/03\\\/image.png\",\"contentUrl\":\"https:\\\/\\\/www.asemer.ro\\\/wp-content\\\/uploads\\\/2025\\\/03\\\/image.png\",\"width\":478,\"height\":194},{\"@type\":\"BreadcrumbList\",\"@id\":\"https:\\\/\\\/www.asemer.ro\\\/index.php\\\/2025\\\/03\\\/31\\\/green-energy-expo-romenvirotec-2025\\\/#breadcrumb\",\"itemListElement\":[{\"@type\":\"ListItem\",\"position\":1,\"name\":\"Home\",\"item\":\"https:\\\/\\\/www.asemer.ro\\\/\"},{\"@type\":\"ListItem\",\"position\":2,\"name\":\"Green Energy Expo &amp; ROMENVIROTEC 2025\"}]},{\"@type\":\"WebSite\",\"@id\":\"https:\\\/\\\/www.asemer.ro\\\/#website\",\"url\":\"https:\\\/\\\/www.asemer.ro\\\/\",\"name\":\"ASEMER\",\"description\":\"Asociaci\u00f3n de Empresas Espa\u00f1olas en Ruman\u00eda\",\"publisher\":{\"@id\":\"https:\\\/\\\/www.asemer.ro\\\/#organization\"},\"potentialAction\":[{\"@type\":\"SearchAction\",\"target\":{\"@type\":\"EntryPoint\",\"urlTemplate\":\"https:\\\/\\\/www.asemer.ro\\\/?s={search_term_string}\"},\"query-input\":{\"@type\":\"PropertyValueSpecification\",\"valueRequired\":true,\"valueName\":\"search_term_string\"}}],\"inLanguage\":\"es\"},{\"@type\":\"Organization\",\"@id\":\"https:\\\/\\\/www.asemer.ro\\\/#organization\",\"name\":\"ASEMER\",\"url\":\"https:\\\/\\\/www.asemer.ro\\\/\",\"logo\":{\"@type\":\"ImageObject\",\"inLanguage\":\"es\",\"@id\":\"https:\\\/\\\/www.asemer.ro\\\/#\\\/schema\\\/logo\\\/image\\\/\",\"url\":\"https:\\\/\\\/www.asemer.ro\\\/wp-content\\\/uploads\\\/2020\\\/12\\\/logo-ASEMER-scaled.jpg\",\"contentUrl\":\"https:\\\/\\\/www.asemer.ro\\\/wp-content\\\/uploads\\\/2020\\\/12\\\/logo-ASEMER-scaled.jpg\",\"width\":2560,\"height\":849,\"caption\":\"ASEMER\"},\"image\":{\"@id\":\"https:\\\/\\\/www.asemer.ro\\\/#\\\/schema\\\/logo\\\/image\\\/\"},\"sameAs\":[\"https:\\\/\\\/www.facebook.com\\\/asociacionasemer\",\"https:\\\/\\\/x.com\\\/asemer_rumania\",\"https:\\\/\\\/ro.linkedin.com\\\/in\\\/asemer-asociaci\u00f3n-empresas-espa\u00f1olas-en-ruman\u00eda-724772a6?trk=author_mini-profile_title\",\"https:\\\/\\\/www.youtube.com\\\/channel\\\/UC73m8-BDsg857OL0Ogv5aQA\\\/videos\"]},{\"@type\":\"Person\",\"@id\":\"https:\\\/\\\/www.asemer.ro\\\/#\\\/schema\\\/person\\\/36de47e444c0f1a7b737a035d40519f9\",\"name\":\"Admin Asemer\",\"image\":{\"@type\":\"ImageObject\",\"inLanguage\":\"es\",\"@id\":\"https:\\\/\\\/secure.gravatar.com\\\/avatar\\\/b64873d65b5be684e01a001c464789c445a7279ef3f177f5fbff5d83eb373299?s=96&d=mm&r=g\",\"url\":\"https:\\\/\\\/secure.gravatar.com\\\/avatar\\\/b64873d65b5be684e01a001c464789c445a7279ef3f177f5fbff5d83eb373299?s=96&d=mm&r=g\",\"contentUrl\":\"https:\\\/\\\/secure.gravatar.com\\\/avatar\\\/b64873d65b5be684e01a001c464789c445a7279ef3f177f5fbff5d83eb373299?s=96&d=mm&r=g\",\"caption\":\"Admin Asemer\"},\"url\":\"https:\\\/\\\/www.asemer.ro\\\/index.php\\\/author\\\/admin\\\/\"}]}<\/script>\n<!-- \/ Yoast SEO plugin. -->","yoast_head_json":{"title":"Green Energy Expo &amp; ROMENVIROTEC 2025 - ASEMER","robots":{"index":"index","follow":"follow","max-snippet":"max-snippet:-1","max-image-preview":"max-image-preview:large","max-video-preview":"max-video-preview:-1"},"canonical":"https:\/\/www.asemer.ro\/index.php\/2025\/03\/31\/green-energy-expo-romenvirotec-2025\/","og_locale":"es_ES","og_type":"article","og_title":"Green Energy Expo &amp; ROMENVIROTEC 2025 - ASEMER","og_description":"GREENENERGYEXPO &#8211; ROMENVIROTEC 2025 es una excelente oportunidad para que las empresas espa\u00f1olas exploren las tendencias de vanguardia en energ\u00eda [&hellip;]","og_url":"https:\/\/www.asemer.ro\/index.php\/2025\/03\/31\/green-energy-expo-romenvirotec-2025\/","og_site_name":"ASEMER","article_publisher":"https:\/\/www.facebook.com\/asociacionasemer","article_published_time":"2025-03-31T08:07:59+00:00","article_modified_time":"2025-04-01T08:21:03+00:00","og_image":[{"width":478,"height":194,"url":"https:\/\/www.asemer.ro\/wp-content\/uploads\/2025\/03\/image.png","type":"image\/png"}],"author":"Admin Asemer","twitter_card":"summary_large_image","twitter_creator":"@asemer_rumania","twitter_site":"@asemer_rumania","twitter_misc":{"Escrito por":"Admin Asemer","Tiempo de lectura":"4 minutos"},"schema":{"@context":"https:\/\/schema.org","@graph":[{"@type":"Article","@id":"https:\/\/www.asemer.ro\/index.php\/2025\/03\/31\/green-energy-expo-romenvirotec-2025\/#article","isPartOf":{"@id":"https:\/\/www.asemer.ro\/index.php\/2025\/03\/31\/green-energy-expo-romenvirotec-2025\/"},"author":{"name":"Admin Asemer","@id":"https:\/\/www.asemer.ro\/#\/schema\/person\/36de47e444c0f1a7b737a035d40519f9"},"headline":"Green Energy Expo &amp; ROMENVIROTEC 2025","datePublished":"2025-03-31T08:07:59+00:00","dateModified":"2025-04-01T08:21:03+00:00","mainEntityOfPage":{"@id":"https:\/\/www.asemer.ro\/index.php\/2025\/03\/31\/green-energy-expo-romenvirotec-2025\/"},"wordCount":715,"commentCount":0,"publisher":{"@id":"https:\/\/www.asemer.ro\/#organization"},"image":{"@id":"https:\/\/www.asemer.ro\/index.php\/2025\/03\/31\/green-energy-expo-romenvirotec-2025\/#primaryimage"},"thumbnailUrl":"https:\/\/www.asemer.ro\/wp-content\/uploads\/2025\/03\/image.png","articleSection":["Uncategorized"],"inLanguage":"es","potentialAction":[{"@type":"CommentAction","name":"Comment","target":["https:\/\/www.asemer.ro\/index.php\/2025\/03\/31\/green-energy-expo-romenvirotec-2025\/#respond"]}]},{"@type":"WebPage","@id":"https:\/\/www.asemer.ro\/index.php\/2025\/03\/31\/green-energy-expo-romenvirotec-2025\/","url":"https:\/\/www.asemer.ro\/index.php\/2025\/03\/31\/green-energy-expo-romenvirotec-2025\/","name":"Green Energy Expo &amp; ROMENVIROTEC 2025 - ASEMER","isPartOf":{"@id":"https:\/\/www.asemer.ro\/#website"},"primaryImageOfPage":{"@id":"https:\/\/www.asemer.ro\/index.php\/2025\/03\/31\/green-energy-expo-romenvirotec-2025\/#primaryimage"},"image":{"@id":"https:\/\/www.asemer.ro\/index.php\/2025\/03\/31\/green-energy-expo-romenvirotec-2025\/#primaryimage"},"thumbnailUrl":"https:\/\/www.asemer.ro\/wp-content\/uploads\/2025\/03\/image.png","datePublished":"2025-03-31T08:07:59+00:00","dateModified":"2025-04-01T08:21:03+00:00","breadcrumb":{"@id":"https:\/\/www.asemer.ro\/index.php\/2025\/03\/31\/green-energy-expo-romenvirotec-2025\/#breadcrumb"},"inLanguage":"es","potentialAction":[{"@type":"ReadAction","target":["https:\/\/www.asemer.ro\/index.php\/2025\/03\/31\/green-energy-expo-romenvirotec-2025\/"]}]},{"@type":"ImageObject","inLanguage":"es","@id":"https:\/\/www.asemer.ro\/index.php\/2025\/03\/31\/green-energy-expo-romenvirotec-2025\/#primaryimage","url":"https:\/\/www.asemer.ro\/wp-content\/uploads\/2025\/03\/image.png","contentUrl":"https:\/\/www.asemer.ro\/wp-content\/uploads\/2025\/03\/image.png","width":478,"height":194},{"@type":"BreadcrumbList","@id":"https:\/\/www.asemer.ro\/index.php\/2025\/03\/31\/green-energy-expo-romenvirotec-2025\/#breadcrumb","itemListElement":[{"@type":"ListItem","position":1,"name":"Home","item":"https:\/\/www.asemer.ro\/"},{"@type":"ListItem","position":2,"name":"Green Energy Expo &amp; ROMENVIROTEC 2025"}]},{"@type":"WebSite","@id":"https:\/\/www.asemer.ro\/#website","url":"https:\/\/www.asemer.ro\/","name":"ASEMER","description":"Asociaci\u00f3n de Empresas Espa\u00f1olas en Ruman\u00eda","publisher":{"@id":"https:\/\/www.asemer.ro\/#organization"},"potentialAction":[{"@type":"SearchAction","target":{"@type":"EntryPoint","urlTemplate":"https:\/\/www.asemer.ro\/?s={search_term_string}"},"query-input":{"@type":"PropertyValueSpecification","valueRequired":true,"valueName":"search_term_string"}}],"inLanguage":"es"},{"@type":"Organization","@id":"https:\/\/www.asemer.ro\/#organization","name":"ASEMER","url":"https:\/\/www.asemer.ro\/","logo":{"@type":"ImageObject","inLanguage":"es","@id":"https:\/\/www.asemer.ro\/#\/schema\/logo\/image\/","url":"https:\/\/www.asemer.ro\/wp-content\/uploads\/2020\/12\/logo-ASEMER-scaled.jpg","contentUrl":"https:\/\/www.asemer.ro\/wp-content\/uploads\/2020\/12\/logo-ASEMER-scaled.jpg","width":2560,"height":849,"caption":"ASEMER"},"image":{"@id":"https:\/\/www.asemer.ro\/#\/schema\/logo\/image\/"},"sameAs":["https:\/\/www.facebook.com\/asociacionasemer","https:\/\/x.com\/asemer_rumania","https:\/\/ro.linkedin.com\/in\/asemer-asociaci\u00f3n-empresas-espa\u00f1olas-en-ruman\u00eda-724772a6?trk=author_mini-profile_title","https:\/\/www.youtube.com\/channel\/UC73m8-BDsg857OL0Ogv5aQA\/videos"]},{"@type":"Person","@id":"https:\/\/www.asemer.ro\/#\/schema\/person\/36de47e444c0f1a7b737a035d40519f9","name":"Admin Asemer","image":{"@type":"ImageObject","inLanguage":"es","@id":"https:\/\/secure.gravatar.com\/avatar\/b64873d65b5be684e01a001c464789c445a7279ef3f177f5fbff5d83eb373299?s=96&d=mm&r=g","url":"https:\/\/secure.gravatar.com\/avatar\/b64873d65b5be684e01a001c464789c445a7279ef3f177f5fbff5d83eb373299?s=96&d=mm&r=g","contentUrl":"https:\/\/secure.gravatar.com\/avatar\/b64873d65b5be684e01a001c464789c445a7279ef3f177f5fbff5d83eb373299?s=96&d=mm&r=g","caption":"Admin Asemer"},"url":"https:\/\/www.asemer.ro\/index.php\/author\/admin\/"}]}},"_links":{"self":[{"href":"https:\/\/www.asemer.ro\/index.php\/wp-json\/wp\/v2\/posts\/12520","targetHints":{"allow":["GET"]}}],"collection":[{"href":"https:\/\/www.asemer.ro\/index.php\/wp-json\/wp\/v2\/posts"}],"about":[{"href":"https:\/\/www.asemer.ro\/index.php\/wp-json\/wp\/v2\/types\/post"}],"author":[{"embeddable":true,"href":"https:\/\/www.asemer.ro\/index.php\/wp-json\/wp\/v2\/users\/3"}],"replies":[{"embeddable":true,"href":"https:\/\/www.asemer.ro\/index.php\/wp-json\/wp\/v2\/comments?post=12520"}],"version-history":[{"count":3,"href":"https:\/\/www.asemer.ro\/index.php\/wp-json\/wp\/v2\/posts\/12520\/revisions"}],"predecessor-version":[{"id":12533,"href":"https:\/\/www.asemer.ro\/index.php\/wp-json\/wp\/v2\/posts\/12520\/revisions\/12533"}],"wp:attachment":[{"href":"https:\/\/www.asemer.ro\/index.php\/wp-json\/wp\/v2\/media?parent=12520"}],"wp:term":[{"taxonomy":"category","embeddable":true,"href":"https:\/\/www.asemer.ro\/index.php\/wp-json\/wp\/v2\/categories?post=12520"},{"taxonomy":"post_tag","embeddable":true,"href":"https:\/\/www.asemer.ro\/index.php\/wp-json\/wp\/v2\/tags?post=12520"}],"curies":[{"name":"wp","href":"https:\/\/api.w.org\/{rel}","templated":true}]}}