{"id":12719,"date":"2025-04-30T12:36:14","date_gmt":"2025-04-30T10:36:14","guid":{"rendered":"https:\/\/www.asemer.ro\/?p=12719"},"modified":"2025-04-30T12:36:17","modified_gmt":"2025-04-30T10:36:17","slug":"conferencia-ifs-2025","status":"publish","type":"post","link":"https:\/\/www.asemer.ro\/index.php\/2025\/04\/30\/conferencia-ifs-2025\/","title":{"rendered":"Conferencia IFS 2025"},"content":{"rendered":"\n<figure class=\"wp-block-image size-large\"><img loading=\"lazy\" decoding=\"async\" width=\"1024\" height=\"451\" src=\"https:\/\/www.asemer.ro\/wp-content\/uploads\/2025\/04\/Inaq-1024x451.gif\" alt=\"\" class=\"wp-image-12720\" srcset=\"https:\/\/www.asemer.ro\/wp-content\/uploads\/2025\/04\/Inaq-1024x451.gif 1024w, https:\/\/www.asemer.ro\/wp-content\/uploads\/2025\/04\/Inaq-300x132.gif 300w, https:\/\/www.asemer.ro\/wp-content\/uploads\/2025\/04\/Inaq-768x339.gif 768w, https:\/\/www.asemer.ro\/wp-content\/uploads\/2025\/04\/Inaq-720x317.gif 720w\" sizes=\"auto, (max-width: 1024px) 100vw, 1024px\" \/><\/figure>\n\n\n\n<p class=\"has-medium-font-size\"><strong>12 Mai 2025<\/strong>                                  <strong>08:30 \u2013 17:00<\/strong>                             <strong>      Hotel Crowne Plaza<\/strong><\/p>\n\n\n\n<p class=\"has-medium-font-size\"><strong>16 EDICIONES<\/strong>          <strong>3 PAISES <\/strong>        <strong>+ 2000 PARTICIPANTES<\/strong>         <strong> +240 ORADORES <\/strong><\/p>\n\n\n\n<p>La Conferencia IFS de Bucarest se ha convertido en un acontecimiento de referencia para los<strong> sectores de la alimentaci\u00f3n, los productos para el hogar y el cuidado personal, los bienes de consumo de alta rotaci\u00f3n y el comercio minorista.<\/strong><\/p>\n\n\n\n<p>Ofrece un marco ideal para que los especialistas del sector se re\u00fanan, conozcan a sus socios, colaboradores, clientes, proveedores y certificadores.<\/p>\n\n\n\n<p>En la conferencia se debatir\u00e1n las \u00faltimas actualizaciones y requisitos de las<strong> normas IFS<\/strong>, junto con soluciones para su aplicaci\u00f3n eficaz (IFS Food 8, IFS HPC 3, IFS Logistics).<\/p>\n\n\n\n<p>En la edici\u00f3n de este a\u00f1o <strong>INAQ celebra  25 a\u00f1os de consultor\u00eda al m\u00e1s alto nivel.<\/strong><\/p>\n\n\n\n<p><strong>\u00bfPor qu\u00e9 asistir a la Conferencia IFS 2025?<\/strong><\/p>\n\n\n\n<p class=\"has-text-align-center\"><strong>Acceso a todas las versiones est\u00e1ndar de IFS<\/strong><\/p>\n\n\n\n<p class=\"has-text-align-left\">Versiones actualizadas de IFS Food 8, IFS HPC 3, IFS Broker 3.2, IFS Logistics 3, IFS PACsecure 3, IFS Wholesale Cash and Carry 3, IFS Supply Chain Solutions, IFS Supply chain processes check.<\/p>\n\n\n\n<p class=\"has-text-align-center\"><strong>Oportunidades para establecer contactos<\/strong><\/p>\n\n\n\n<p class=\"has-text-align-left\">Con\u00e9ctese con expertos del sector, socios y clientes potenciales para establecer colaboraciones y desarrollar negocios.<\/p>\n\n\n\n<p class=\"has-text-align-center\"><strong>Insights on ESG<\/strong><\/p>\n\n\n\n<p class=\"has-text-align-left\">Descubra el IFS ESG Check, la herramienta de autoevaluaci\u00f3n del cumplimiento en materia de sostenibilidad, medio ambiente, asuntos sociales y gobernanza<\/p>\n\n\n\n<p class=\"has-text-align-center\"><strong>Preparaci\u00f3n para la pr\u00f3xima exportaci\u00f3n<\/strong><\/p>\n\n\n\n<p class=\"has-text-align-left\"><br>Las normas IFS son un \u00abpasaporte\u00bb a los mercados internacionales, facilitan el cumplimiento y aumentan la credibilidad ante los socios comerciales.<\/p>\n\n\n\n<p class=\"has-text-align-center\"><strong>Actualizaciones del sector y mejores pr\u00e1cticas<\/strong><\/p>\n\n\n\n<p class=\"has-text-align-left\"><br>Conozca los \u00faltimos requisitos y tendencias en seguridad alimentaria, log\u00edstica y sostenibilidad directamente de los profesionales.<\/p>\n\n\n\n<p class=\"has-text-align-center\"><strong>Sesiones interactivas: preguntas y casos pr\u00e1cticos<\/strong><\/p>\n\n\n\n<p><br>Participe en debates con expertos del sector, analice casos pr\u00e1cticos relevantes e identifique soluciones concretas a sus retos empresariales diarios.<\/p>\n\n\n\n<p>M\u00e1s informaci\u00f3n e inscripciones:<\/p>\n\n\n\n<figure class=\"wp-block-embed is-type-wp-embed is-provider-inaq wp-block-embed-inaq\"><div class=\"wp-block-embed__wrapper\">\n<blockquote class=\"wp-embedded-content\" data-secret=\"RNPDMz1Cth\"><a href=\"https:\/\/www.inaq.ro\/conferinta-ifs-2025\/\">Conferinta IFS 2025<\/a><\/blockquote><iframe loading=\"lazy\" class=\"wp-embedded-content\" sandbox=\"allow-scripts\" security=\"restricted\" style=\"position: absolute; visibility: hidden;\" title=\"&#8222;Conferinta IFS 2025&#8221; &#8211; INAQ\" src=\"https:\/\/www.inaq.ro\/conferinta-ifs-2025\/embed\/#?secret=ZDZrKwzUs8#?secret=RNPDMz1Cth\" data-secret=\"RNPDMz1Cth\" width=\"600\" height=\"338\" frameborder=\"0\" marginwidth=\"0\" marginheight=\"0\" scrolling=\"no\"><\/iframe>\n<\/div><\/figure>\n","protected":false},"excerpt":{"rendered":"<p>12 Mai 2025 08:30 \u2013 17:00 Hotel Crowne Plaza 16 EDICIONES 3 PAISES + 2000 PARTICIPANTES +240 ORADORES La Conferencia [&hellip;]<\/p>\n","protected":false},"author":3,"featured_media":0,"comment_status":"open","ping_status":"open","sticky":false,"template":"","format":"standard","meta":{"footnotes":""},"categories":[1],"tags":[],"class_list":["post-12719","post","type-post","status-publish","format-standard","hentry","category-uncategorized"],"yoast_head":"<!-- This site is optimized with the Yoast SEO plugin v27.5 - https:\/\/yoast.com\/product\/yoast-seo-wordpress\/ -->\n<title>Conferencia IFS 2025 - ASEMER<\/title>\n<meta name=\"robots\" content=\"index, follow, max-snippet:-1, max-image-preview:large, max-video-preview:-1\" \/>\n<link rel=\"canonical\" href=\"https:\/\/www.asemer.ro\/index.php\/2025\/04\/30\/conferencia-ifs-2025\/\" \/>\n<meta property=\"og:locale\" content=\"es_ES\" \/>\n<meta property=\"og:type\" content=\"article\" \/>\n<meta property=\"og:title\" content=\"Conferencia IFS 2025 - ASEMER\" \/>\n<meta property=\"og:description\" content=\"12 Mai 2025 08:30 \u2013 17:00 Hotel Crowne Plaza 16 EDICIONES 3 PAISES + 2000 PARTICIPANTES +240 ORADORES La Conferencia [&hellip;]\" \/>\n<meta property=\"og:url\" content=\"https:\/\/www.asemer.ro\/index.php\/2025\/04\/30\/conferencia-ifs-2025\/\" \/>\n<meta property=\"og:site_name\" content=\"ASEMER\" \/>\n<meta property=\"article:publisher\" content=\"https:\/\/www.facebook.com\/asociacionasemer\" \/>\n<meta property=\"article:published_time\" content=\"2025-04-30T10:36:14+00:00\" \/>\n<meta property=\"article:modified_time\" content=\"2025-04-30T10:36:17+00:00\" \/>\n<meta property=\"og:image\" content=\"https:\/\/www.asemer.ro\/wp-content\/uploads\/2025\/04\/Inaq.gif\" \/>\n\t<meta property=\"og:image:width\" content=\"1241\" \/>\n\t<meta property=\"og:image:height\" content=\"547\" \/>\n\t<meta property=\"og:image:type\" content=\"image\/gif\" \/>\n<meta name=\"author\" content=\"Admin Asemer\" \/>\n<meta name=\"twitter:card\" content=\"summary_large_image\" \/>\n<meta name=\"twitter:creator\" content=\"@asemer_rumania\" \/>\n<meta name=\"twitter:site\" content=\"@asemer_rumania\" \/>\n<meta name=\"twitter:label1\" content=\"Escrito por\" \/>\n\t<meta name=\"twitter:data1\" content=\"Admin Asemer\" \/>\n\t<meta name=\"twitter:label2\" content=\"Tiempo de lectura\" \/>\n\t<meta name=\"twitter:data2\" content=\"2 minutos\" \/>\n<script type=\"application\/ld+json\" class=\"yoast-schema-graph\">{\"@context\":\"https:\\\/\\\/schema.org\",\"@graph\":[{\"@type\":\"Article\",\"@id\":\"https:\\\/\\\/www.asemer.ro\\\/index.php\\\/2025\\\/04\\\/30\\\/conferencia-ifs-2025\\\/#article\",\"isPartOf\":{\"@id\":\"https:\\\/\\\/www.asemer.ro\\\/index.php\\\/2025\\\/04\\\/30\\\/conferencia-ifs-2025\\\/\"},\"author\":{\"name\":\"Admin Asemer\",\"@id\":\"https:\\\/\\\/www.asemer.ro\\\/#\\\/schema\\\/person\\\/36de47e444c0f1a7b737a035d40519f9\"},\"headline\":\"Conferencia IFS 2025\",\"datePublished\":\"2025-04-30T10:36:14+00:00\",\"dateModified\":\"2025-04-30T10:36:17+00:00\",\"mainEntityOfPage\":{\"@id\":\"https:\\\/\\\/www.asemer.ro\\\/index.php\\\/2025\\\/04\\\/30\\\/conferencia-ifs-2025\\\/\"},\"wordCount\":302,\"commentCount\":0,\"publisher\":{\"@id\":\"https:\\\/\\\/www.asemer.ro\\\/#organization\"},\"image\":{\"@id\":\"https:\\\/\\\/www.asemer.ro\\\/index.php\\\/2025\\\/04\\\/30\\\/conferencia-ifs-2025\\\/#primaryimage\"},\"thumbnailUrl\":\"https:\\\/\\\/www.asemer.ro\\\/wp-content\\\/uploads\\\/2025\\\/04\\\/Inaq-1024x451.gif\",\"articleSection\":[\"Uncategorized\"],\"inLanguage\":\"es\",\"potentialAction\":[{\"@type\":\"CommentAction\",\"name\":\"Comment\",\"target\":[\"https:\\\/\\\/www.asemer.ro\\\/index.php\\\/2025\\\/04\\\/30\\\/conferencia-ifs-2025\\\/#respond\"]}]},{\"@type\":\"WebPage\",\"@id\":\"https:\\\/\\\/www.asemer.ro\\\/index.php\\\/2025\\\/04\\\/30\\\/conferencia-ifs-2025\\\/\",\"url\":\"https:\\\/\\\/www.asemer.ro\\\/index.php\\\/2025\\\/04\\\/30\\\/conferencia-ifs-2025\\\/\",\"name\":\"Conferencia IFS 2025 - ASEMER\",\"isPartOf\":{\"@id\":\"https:\\\/\\\/www.asemer.ro\\\/#website\"},\"primaryImageOfPage\":{\"@id\":\"https:\\\/\\\/www.asemer.ro\\\/index.php\\\/2025\\\/04\\\/30\\\/conferencia-ifs-2025\\\/#primaryimage\"},\"image\":{\"@id\":\"https:\\\/\\\/www.asemer.ro\\\/index.php\\\/2025\\\/04\\\/30\\\/conferencia-ifs-2025\\\/#primaryimage\"},\"thumbnailUrl\":\"https:\\\/\\\/www.asemer.ro\\\/wp-content\\\/uploads\\\/2025\\\/04\\\/Inaq-1024x451.gif\",\"datePublished\":\"2025-04-30T10:36:14+00:00\",\"dateModified\":\"2025-04-30T10:36:17+00:00\",\"breadcrumb\":{\"@id\":\"https:\\\/\\\/www.asemer.ro\\\/index.php\\\/2025\\\/04\\\/30\\\/conferencia-ifs-2025\\\/#breadcrumb\"},\"inLanguage\":\"es\",\"potentialAction\":[{\"@type\":\"ReadAction\",\"target\":[\"https:\\\/\\\/www.asemer.ro\\\/index.php\\\/2025\\\/04\\\/30\\\/conferencia-ifs-2025\\\/\"]}]},{\"@type\":\"ImageObject\",\"inLanguage\":\"es\",\"@id\":\"https:\\\/\\\/www.asemer.ro\\\/index.php\\\/2025\\\/04\\\/30\\\/conferencia-ifs-2025\\\/#primaryimage\",\"url\":\"https:\\\/\\\/www.asemer.ro\\\/wp-content\\\/uploads\\\/2025\\\/04\\\/Inaq.gif\",\"contentUrl\":\"https:\\\/\\\/www.asemer.ro\\\/wp-content\\\/uploads\\\/2025\\\/04\\\/Inaq.gif\",\"width\":1241,\"height\":547},{\"@type\":\"BreadcrumbList\",\"@id\":\"https:\\\/\\\/www.asemer.ro\\\/index.php\\\/2025\\\/04\\\/30\\\/conferencia-ifs-2025\\\/#breadcrumb\",\"itemListElement\":[{\"@type\":\"ListItem\",\"position\":1,\"name\":\"Home\",\"item\":\"https:\\\/\\\/www.asemer.ro\\\/\"},{\"@type\":\"ListItem\",\"position\":2,\"name\":\"Conferencia IFS 2025\"}]},{\"@type\":\"WebSite\",\"@id\":\"https:\\\/\\\/www.asemer.ro\\\/#website\",\"url\":\"https:\\\/\\\/www.asemer.ro\\\/\",\"name\":\"ASEMER\",\"description\":\"Asociaci\u00f3n de Empresas Espa\u00f1olas en Ruman\u00eda\",\"publisher\":{\"@id\":\"https:\\\/\\\/www.asemer.ro\\\/#organization\"},\"potentialAction\":[{\"@type\":\"SearchAction\",\"target\":{\"@type\":\"EntryPoint\",\"urlTemplate\":\"https:\\\/\\\/www.asemer.ro\\\/?s={search_term_string}\"},\"query-input\":{\"@type\":\"PropertyValueSpecification\",\"valueRequired\":true,\"valueName\":\"search_term_string\"}}],\"inLanguage\":\"es\"},{\"@type\":\"Organization\",\"@id\":\"https:\\\/\\\/www.asemer.ro\\\/#organization\",\"name\":\"ASEMER\",\"url\":\"https:\\\/\\\/www.asemer.ro\\\/\",\"logo\":{\"@type\":\"ImageObject\",\"inLanguage\":\"es\",\"@id\":\"https:\\\/\\\/www.asemer.ro\\\/#\\\/schema\\\/logo\\\/image\\\/\",\"url\":\"https:\\\/\\\/www.asemer.ro\\\/wp-content\\\/uploads\\\/2020\\\/12\\\/logo-ASEMER-scaled.jpg\",\"contentUrl\":\"https:\\\/\\\/www.asemer.ro\\\/wp-content\\\/uploads\\\/2020\\\/12\\\/logo-ASEMER-scaled.jpg\",\"width\":2560,\"height\":849,\"caption\":\"ASEMER\"},\"image\":{\"@id\":\"https:\\\/\\\/www.asemer.ro\\\/#\\\/schema\\\/logo\\\/image\\\/\"},\"sameAs\":[\"https:\\\/\\\/www.facebook.com\\\/asociacionasemer\",\"https:\\\/\\\/x.com\\\/asemer_rumania\",\"https:\\\/\\\/ro.linkedin.com\\\/in\\\/asemer-asociaci\u00f3n-empresas-espa\u00f1olas-en-ruman\u00eda-724772a6?trk=author_mini-profile_title\",\"https:\\\/\\\/www.youtube.com\\\/channel\\\/UC73m8-BDsg857OL0Ogv5aQA\\\/videos\"]},{\"@type\":\"Person\",\"@id\":\"https:\\\/\\\/www.asemer.ro\\\/#\\\/schema\\\/person\\\/36de47e444c0f1a7b737a035d40519f9\",\"name\":\"Admin Asemer\",\"image\":{\"@type\":\"ImageObject\",\"inLanguage\":\"es\",\"@id\":\"https:\\\/\\\/secure.gravatar.com\\\/avatar\\\/b64873d65b5be684e01a001c464789c445a7279ef3f177f5fbff5d83eb373299?s=96&d=mm&r=g\",\"url\":\"https:\\\/\\\/secure.gravatar.com\\\/avatar\\\/b64873d65b5be684e01a001c464789c445a7279ef3f177f5fbff5d83eb373299?s=96&d=mm&r=g\",\"contentUrl\":\"https:\\\/\\\/secure.gravatar.com\\\/avatar\\\/b64873d65b5be684e01a001c464789c445a7279ef3f177f5fbff5d83eb373299?s=96&d=mm&r=g\",\"caption\":\"Admin Asemer\"},\"url\":\"https:\\\/\\\/www.asemer.ro\\\/index.php\\\/author\\\/admin\\\/\"}]}<\/script>\n<!-- \/ Yoast SEO plugin. -->","yoast_head_json":{"title":"Conferencia IFS 2025 - ASEMER","robots":{"index":"index","follow":"follow","max-snippet":"max-snippet:-1","max-image-preview":"max-image-preview:large","max-video-preview":"max-video-preview:-1"},"canonical":"https:\/\/www.asemer.ro\/index.php\/2025\/04\/30\/conferencia-ifs-2025\/","og_locale":"es_ES","og_type":"article","og_title":"Conferencia IFS 2025 - ASEMER","og_description":"12 Mai 2025 08:30 \u2013 17:00 Hotel Crowne Plaza 16 EDICIONES 3 PAISES + 2000 PARTICIPANTES +240 ORADORES La Conferencia [&hellip;]","og_url":"https:\/\/www.asemer.ro\/index.php\/2025\/04\/30\/conferencia-ifs-2025\/","og_site_name":"ASEMER","article_publisher":"https:\/\/www.facebook.com\/asociacionasemer","article_published_time":"2025-04-30T10:36:14+00:00","article_modified_time":"2025-04-30T10:36:17+00:00","og_image":[{"width":1241,"height":547,"url":"https:\/\/www.asemer.ro\/wp-content\/uploads\/2025\/04\/Inaq.gif","type":"image\/gif"}],"author":"Admin Asemer","twitter_card":"summary_large_image","twitter_creator":"@asemer_rumania","twitter_site":"@asemer_rumania","twitter_misc":{"Escrito por":"Admin Asemer","Tiempo de lectura":"2 minutos"},"schema":{"@context":"https:\/\/schema.org","@graph":[{"@type":"Article","@id":"https:\/\/www.asemer.ro\/index.php\/2025\/04\/30\/conferencia-ifs-2025\/#article","isPartOf":{"@id":"https:\/\/www.asemer.ro\/index.php\/2025\/04\/30\/conferencia-ifs-2025\/"},"author":{"name":"Admin Asemer","@id":"https:\/\/www.asemer.ro\/#\/schema\/person\/36de47e444c0f1a7b737a035d40519f9"},"headline":"Conferencia IFS 2025","datePublished":"2025-04-30T10:36:14+00:00","dateModified":"2025-04-30T10:36:17+00:00","mainEntityOfPage":{"@id":"https:\/\/www.asemer.ro\/index.php\/2025\/04\/30\/conferencia-ifs-2025\/"},"wordCount":302,"commentCount":0,"publisher":{"@id":"https:\/\/www.asemer.ro\/#organization"},"image":{"@id":"https:\/\/www.asemer.ro\/index.php\/2025\/04\/30\/conferencia-ifs-2025\/#primaryimage"},"thumbnailUrl":"https:\/\/www.asemer.ro\/wp-content\/uploads\/2025\/04\/Inaq-1024x451.gif","articleSection":["Uncategorized"],"inLanguage":"es","potentialAction":[{"@type":"CommentAction","name":"Comment","target":["https:\/\/www.asemer.ro\/index.php\/2025\/04\/30\/conferencia-ifs-2025\/#respond"]}]},{"@type":"WebPage","@id":"https:\/\/www.asemer.ro\/index.php\/2025\/04\/30\/conferencia-ifs-2025\/","url":"https:\/\/www.asemer.ro\/index.php\/2025\/04\/30\/conferencia-ifs-2025\/","name":"Conferencia IFS 2025 - ASEMER","isPartOf":{"@id":"https:\/\/www.asemer.ro\/#website"},"primaryImageOfPage":{"@id":"https:\/\/www.asemer.ro\/index.php\/2025\/04\/30\/conferencia-ifs-2025\/#primaryimage"},"image":{"@id":"https:\/\/www.asemer.ro\/index.php\/2025\/04\/30\/conferencia-ifs-2025\/#primaryimage"},"thumbnailUrl":"https:\/\/www.asemer.ro\/wp-content\/uploads\/2025\/04\/Inaq-1024x451.gif","datePublished":"2025-04-30T10:36:14+00:00","dateModified":"2025-04-30T10:36:17+00:00","breadcrumb":{"@id":"https:\/\/www.asemer.ro\/index.php\/2025\/04\/30\/conferencia-ifs-2025\/#breadcrumb"},"inLanguage":"es","potentialAction":[{"@type":"ReadAction","target":["https:\/\/www.asemer.ro\/index.php\/2025\/04\/30\/conferencia-ifs-2025\/"]}]},{"@type":"ImageObject","inLanguage":"es","@id":"https:\/\/www.asemer.ro\/index.php\/2025\/04\/30\/conferencia-ifs-2025\/#primaryimage","url":"https:\/\/www.asemer.ro\/wp-content\/uploads\/2025\/04\/Inaq.gif","contentUrl":"https:\/\/www.asemer.ro\/wp-content\/uploads\/2025\/04\/Inaq.gif","width":1241,"height":547},{"@type":"BreadcrumbList","@id":"https:\/\/www.asemer.ro\/index.php\/2025\/04\/30\/conferencia-ifs-2025\/#breadcrumb","itemListElement":[{"@type":"ListItem","position":1,"name":"Home","item":"https:\/\/www.asemer.ro\/"},{"@type":"ListItem","position":2,"name":"Conferencia IFS 2025"}]},{"@type":"WebSite","@id":"https:\/\/www.asemer.ro\/#website","url":"https:\/\/www.asemer.ro\/","name":"ASEMER","description":"Asociaci\u00f3n de Empresas Espa\u00f1olas en Ruman\u00eda","publisher":{"@id":"https:\/\/www.asemer.ro\/#organization"},"potentialAction":[{"@type":"SearchAction","target":{"@type":"EntryPoint","urlTemplate":"https:\/\/www.asemer.ro\/?s={search_term_string}"},"query-input":{"@type":"PropertyValueSpecification","valueRequired":true,"valueName":"search_term_string"}}],"inLanguage":"es"},{"@type":"Organization","@id":"https:\/\/www.asemer.ro\/#organization","name":"ASEMER","url":"https:\/\/www.asemer.ro\/","logo":{"@type":"ImageObject","inLanguage":"es","@id":"https:\/\/www.asemer.ro\/#\/schema\/logo\/image\/","url":"https:\/\/www.asemer.ro\/wp-content\/uploads\/2020\/12\/logo-ASEMER-scaled.jpg","contentUrl":"https:\/\/www.asemer.ro\/wp-content\/uploads\/2020\/12\/logo-ASEMER-scaled.jpg","width":2560,"height":849,"caption":"ASEMER"},"image":{"@id":"https:\/\/www.asemer.ro\/#\/schema\/logo\/image\/"},"sameAs":["https:\/\/www.facebook.com\/asociacionasemer","https:\/\/x.com\/asemer_rumania","https:\/\/ro.linkedin.com\/in\/asemer-asociaci\u00f3n-empresas-espa\u00f1olas-en-ruman\u00eda-724772a6?trk=author_mini-profile_title","https:\/\/www.youtube.com\/channel\/UC73m8-BDsg857OL0Ogv5aQA\/videos"]},{"@type":"Person","@id":"https:\/\/www.asemer.ro\/#\/schema\/person\/36de47e444c0f1a7b737a035d40519f9","name":"Admin Asemer","image":{"@type":"ImageObject","inLanguage":"es","@id":"https:\/\/secure.gravatar.com\/avatar\/b64873d65b5be684e01a001c464789c445a7279ef3f177f5fbff5d83eb373299?s=96&d=mm&r=g","url":"https:\/\/secure.gravatar.com\/avatar\/b64873d65b5be684e01a001c464789c445a7279ef3f177f5fbff5d83eb373299?s=96&d=mm&r=g","contentUrl":"https:\/\/secure.gravatar.com\/avatar\/b64873d65b5be684e01a001c464789c445a7279ef3f177f5fbff5d83eb373299?s=96&d=mm&r=g","caption":"Admin Asemer"},"url":"https:\/\/www.asemer.ro\/index.php\/author\/admin\/"}]}},"_links":{"self":[{"href":"https:\/\/www.asemer.ro\/index.php\/wp-json\/wp\/v2\/posts\/12719","targetHints":{"allow":["GET"]}}],"collection":[{"href":"https:\/\/www.asemer.ro\/index.php\/wp-json\/wp\/v2\/posts"}],"about":[{"href":"https:\/\/www.asemer.ro\/index.php\/wp-json\/wp\/v2\/types\/post"}],"author":[{"embeddable":true,"href":"https:\/\/www.asemer.ro\/index.php\/wp-json\/wp\/v2\/users\/3"}],"replies":[{"embeddable":true,"href":"https:\/\/www.asemer.ro\/index.php\/wp-json\/wp\/v2\/comments?post=12719"}],"version-history":[{"count":1,"href":"https:\/\/www.asemer.ro\/index.php\/wp-json\/wp\/v2\/posts\/12719\/revisions"}],"predecessor-version":[{"id":12721,"href":"https:\/\/www.asemer.ro\/index.php\/wp-json\/wp\/v2\/posts\/12719\/revisions\/12721"}],"wp:attachment":[{"href":"https:\/\/www.asemer.ro\/index.php\/wp-json\/wp\/v2\/media?parent=12719"}],"wp:term":[{"taxonomy":"category","embeddable":true,"href":"https:\/\/www.asemer.ro\/index.php\/wp-json\/wp\/v2\/categories?post=12719"},{"taxonomy":"post_tag","embeddable":true,"href":"https:\/\/www.asemer.ro\/index.php\/wp-json\/wp\/v2\/tags?post=12719"}],"curies":[{"name":"wp","href":"https:\/\/api.w.org\/{rel}","templated":true}]}}