{"id":12798,"date":"2025-04-30T13:59:00","date_gmt":"2025-04-30T11:59:00","guid":{"rendered":"https:\/\/www.asemer.ro\/?p=12798"},"modified":"2025-04-30T13:59:10","modified_gmt":"2025-04-30T11:59:10","slug":"oferta-de-empleo","status":"publish","type":"post","link":"https:\/\/www.asemer.ro\/index.php\/2025\/04\/30\/oferta-de-empleo\/","title":{"rendered":"OFERTA DE EMPLEO"},"content":{"rendered":"\n<h2 class=\"wp-block-heading\">La Asociaci\u00f3n de Empresarios Espa\u00f1oles en Ruman\u00eda (ASEMER) abre convocatoria para la incorporaci\u00f3n de dos nuevos perfiles profesionales a su equipo, con el objetivo de seguir impulsando el crecimiento de la comunidad empresarial espa\u00f1ola en Ruman\u00eda y fortalecer nuestras actividades institucionales y de desarrollo.<\/h2>\n\n\n\n<p><strong>1. Asistente Administrativo\/a<\/strong><\/p>\n\n\n\n<p><br>Funciones principales:<\/p>\n\n\n\n<p><br>\u25cf Atenci\u00f3n de llamadas y correos electr\u00f3nicos.<br>\u25cf Apoyo en la organizaci\u00f3n de eventos y actividades de la asociaci\u00f3n.<br>\u25cf Redacci\u00f3n de art\u00edculos, comunicados y otros documentos institucionales.<br>\u25cf Coordinaci\u00f3n administrativa interna.<br>\u25cf Colaboraci\u00f3n activa en la planificaci\u00f3n y ejecuci\u00f3n de los objetivos de ASEMER.<\/p>\n\n\n\n<p>Perfil deseado:<\/p>\n\n\n\n<p><br>\u25cf Formaci\u00f3n en administraci\u00f3n, comunicaci\u00f3n, relaciones p\u00fablicas o afines.<br>\u25cf Buen nivel de espa\u00f1ol y rumano (oral y escrito). Se valorar\u00e1 el conocimiento de ingl\u00e9s.<br>\u25cf Capacidad organizativa, proactividad y habilidades comunicativas.<br>\u25cf Dominio de herramientas inform\u00e1ticas y plataformas digitales.<\/p>\n\n\n\n<p><\/p>\n\n\n\n<p><strong>2. Responsable de Captaci\u00f3n y Desarrollo<\/strong><\/p>\n\n\n\n<p><br>Funciones principales:<\/p>\n\n\n\n<p><br>\u25cf Captaci\u00f3n de nuevos miembros para la asociaci\u00f3n.<br>\u25cf Identificaci\u00f3n y desarrollo de nuevas l\u00edneas de financiaci\u00f3n (patrocinios, subvenciones, convenios).<br>\u25cf Mantenimiento de relaciones con empresas, entidades p\u00fablicas y privadas.<br>\u25cf Elaboraci\u00f3n de propuestas de colaboraci\u00f3n y presentaci\u00f3n de proyectos.<\/p>\n\n\n\n<p><br>Perfil deseado:<\/p>\n\n\n\n<p><br>\u25cf Experiencia en desarrollo de negocio, relaciones institucionales o captaci\u00f3n de fondos.<br>\u25cf Excelentes habilidades comerciales y de negociaci\u00f3n.<br>\u25cf Esp\u00edritu emprendedor y orientado a resultados.<br>\u25cf Nivel alto de espa\u00f1ol y rumano. Se valorar\u00e1 el ingl\u00e9s.<br>\u25cf Conocimiento del entorno empresarial hispano-rumano ser\u00e1 un plus.<\/p>\n\n\n\n<p><br>Ofrecemos:<\/p>\n\n\n\n<p><br>\u25cf Incorporaci\u00f3n a una organizaci\u00f3n din\u00e1mica y en crecimiento.<br>\u25cf Posibilidad de desarrollar proyectos con impacto directo en el tejido empresarial.<br>\u25cf Entorno multicultural y colaborativo.<br>\u25cf Condiciones econ\u00f3micas a convenir seg\u00fan experiencia y perfil del candidato\/a.<\/p>\n\n\n\n<p><br>Interesados\/as pueden enviar su CV y carta de motivaci\u00f3n a <strong>office@asemer.ro<\/strong><br><\/p>\n\n\n\n<p>\u00a1\u00danase a <strong>ASEMER<\/strong> y forme parte activa del impulso empresarial espa\u00f1ol en Ruman\u00eda!<\/p>\n\n\n\n<figure class=\"wp-block-image size-large\"><img loading=\"lazy\" decoding=\"async\" width=\"1024\" height=\"443\" src=\"https:\/\/www.asemer.ro\/wp-content\/uploads\/2025\/04\/Logo-ASEMER-Rectangular-ES-RO_600-2-1024x443.jpg\" alt=\"\" class=\"wp-image-12799\" srcset=\"https:\/\/www.asemer.ro\/wp-content\/uploads\/2025\/04\/Logo-ASEMER-Rectangular-ES-RO_600-2-1024x443.jpg 1024w, https:\/\/www.asemer.ro\/wp-content\/uploads\/2025\/04\/Logo-ASEMER-Rectangular-ES-RO_600-2-300x130.jpg 300w, https:\/\/www.asemer.ro\/wp-content\/uploads\/2025\/04\/Logo-ASEMER-Rectangular-ES-RO_600-2-768x332.jpg 768w, https:\/\/www.asemer.ro\/wp-content\/uploads\/2025\/04\/Logo-ASEMER-Rectangular-ES-RO_600-2-1536x665.jpg 1536w, https:\/\/www.asemer.ro\/wp-content\/uploads\/2025\/04\/Logo-ASEMER-Rectangular-ES-RO_600-2-2048x887.jpg 2048w, https:\/\/www.asemer.ro\/wp-content\/uploads\/2025\/04\/Logo-ASEMER-Rectangular-ES-RO_600-2-720x312.jpg 720w\" sizes=\"auto, (max-width: 1024px) 100vw, 1024px\" \/><\/figure>\n","protected":false},"excerpt":{"rendered":"<p>La Asociaci\u00f3n de Empresarios Espa\u00f1oles en Ruman\u00eda (ASEMER) abre convocatoria para la incorporaci\u00f3n de dos nuevos perfiles profesionales a su [&hellip;]<\/p>\n","protected":false},"author":3,"featured_media":0,"comment_status":"open","ping_status":"open","sticky":false,"template":"","format":"standard","meta":{"footnotes":""},"categories":[1],"tags":[],"class_list":["post-12798","post","type-post","status-publish","format-standard","hentry","category-uncategorized"],"yoast_head":"<!-- This site is optimized with the Yoast SEO plugin v27.5 - https:\/\/yoast.com\/product\/yoast-seo-wordpress\/ -->\n<title>OFERTA DE EMPLEO - ASEMER<\/title>\n<meta name=\"robots\" content=\"index, follow, max-snippet:-1, max-image-preview:large, max-video-preview:-1\" \/>\n<link rel=\"canonical\" href=\"https:\/\/www.asemer.ro\/index.php\/2025\/04\/30\/oferta-de-empleo\/\" \/>\n<meta property=\"og:locale\" content=\"es_ES\" \/>\n<meta property=\"og:type\" content=\"article\" \/>\n<meta property=\"og:title\" content=\"OFERTA DE EMPLEO - ASEMER\" \/>\n<meta property=\"og:description\" content=\"La Asociaci\u00f3n de Empresarios Espa\u00f1oles en Ruman\u00eda (ASEMER) abre convocatoria para la incorporaci\u00f3n de dos nuevos perfiles profesionales a su [&hellip;]\" \/>\n<meta property=\"og:url\" content=\"https:\/\/www.asemer.ro\/index.php\/2025\/04\/30\/oferta-de-empleo\/\" \/>\n<meta property=\"og:site_name\" content=\"ASEMER\" \/>\n<meta property=\"article:publisher\" content=\"https:\/\/www.facebook.com\/asociacionasemer\" \/>\n<meta property=\"article:published_time\" content=\"2025-04-30T11:59:00+00:00\" \/>\n<meta property=\"article:modified_time\" content=\"2025-04-30T11:59:10+00:00\" \/>\n<meta property=\"og:image\" content=\"https:\/\/www.asemer.ro\/wp-content\/uploads\/2025\/04\/Logo-ASEMER-Rectangular-ES-RO_600-2-scaled.jpg\" \/>\n\t<meta property=\"og:image:width\" content=\"2560\" \/>\n\t<meta property=\"og:image:height\" content=\"1108\" \/>\n\t<meta property=\"og:image:type\" content=\"image\/jpeg\" \/>\n<meta name=\"author\" content=\"Admin Asemer\" \/>\n<meta name=\"twitter:card\" content=\"summary_large_image\" \/>\n<meta name=\"twitter:creator\" content=\"@asemer_rumania\" \/>\n<meta name=\"twitter:site\" content=\"@asemer_rumania\" \/>\n<meta name=\"twitter:label1\" content=\"Escrito por\" \/>\n\t<meta name=\"twitter:data1\" content=\"Admin Asemer\" \/>\n\t<meta name=\"twitter:label2\" content=\"Tiempo de lectura\" \/>\n\t<meta name=\"twitter:data2\" content=\"2 minutos\" \/>\n<script type=\"application\/ld+json\" class=\"yoast-schema-graph\">{\"@context\":\"https:\\\/\\\/schema.org\",\"@graph\":[{\"@type\":\"Article\",\"@id\":\"https:\\\/\\\/www.asemer.ro\\\/index.php\\\/2025\\\/04\\\/30\\\/oferta-de-empleo\\\/#article\",\"isPartOf\":{\"@id\":\"https:\\\/\\\/www.asemer.ro\\\/index.php\\\/2025\\\/04\\\/30\\\/oferta-de-empleo\\\/\"},\"author\":{\"name\":\"Admin Asemer\",\"@id\":\"https:\\\/\\\/www.asemer.ro\\\/#\\\/schema\\\/person\\\/36de47e444c0f1a7b737a035d40519f9\"},\"headline\":\"OFERTA DE EMPLEO\",\"datePublished\":\"2025-04-30T11:59:00+00:00\",\"dateModified\":\"2025-04-30T11:59:10+00:00\",\"mainEntityOfPage\":{\"@id\":\"https:\\\/\\\/www.asemer.ro\\\/index.php\\\/2025\\\/04\\\/30\\\/oferta-de-empleo\\\/\"},\"wordCount\":324,\"commentCount\":0,\"publisher\":{\"@id\":\"https:\\\/\\\/www.asemer.ro\\\/#organization\"},\"image\":{\"@id\":\"https:\\\/\\\/www.asemer.ro\\\/index.php\\\/2025\\\/04\\\/30\\\/oferta-de-empleo\\\/#primaryimage\"},\"thumbnailUrl\":\"https:\\\/\\\/www.asemer.ro\\\/wp-content\\\/uploads\\\/2025\\\/04\\\/Logo-ASEMER-Rectangular-ES-RO_600-2-1024x443.jpg\",\"articleSection\":[\"Uncategorized\"],\"inLanguage\":\"es\",\"potentialAction\":[{\"@type\":\"CommentAction\",\"name\":\"Comment\",\"target\":[\"https:\\\/\\\/www.asemer.ro\\\/index.php\\\/2025\\\/04\\\/30\\\/oferta-de-empleo\\\/#respond\"]}]},{\"@type\":\"WebPage\",\"@id\":\"https:\\\/\\\/www.asemer.ro\\\/index.php\\\/2025\\\/04\\\/30\\\/oferta-de-empleo\\\/\",\"url\":\"https:\\\/\\\/www.asemer.ro\\\/index.php\\\/2025\\\/04\\\/30\\\/oferta-de-empleo\\\/\",\"name\":\"OFERTA DE EMPLEO - ASEMER\",\"isPartOf\":{\"@id\":\"https:\\\/\\\/www.asemer.ro\\\/#website\"},\"primaryImageOfPage\":{\"@id\":\"https:\\\/\\\/www.asemer.ro\\\/index.php\\\/2025\\\/04\\\/30\\\/oferta-de-empleo\\\/#primaryimage\"},\"image\":{\"@id\":\"https:\\\/\\\/www.asemer.ro\\\/index.php\\\/2025\\\/04\\\/30\\\/oferta-de-empleo\\\/#primaryimage\"},\"thumbnailUrl\":\"https:\\\/\\\/www.asemer.ro\\\/wp-content\\\/uploads\\\/2025\\\/04\\\/Logo-ASEMER-Rectangular-ES-RO_600-2-1024x443.jpg\",\"datePublished\":\"2025-04-30T11:59:00+00:00\",\"dateModified\":\"2025-04-30T11:59:10+00:00\",\"breadcrumb\":{\"@id\":\"https:\\\/\\\/www.asemer.ro\\\/index.php\\\/2025\\\/04\\\/30\\\/oferta-de-empleo\\\/#breadcrumb\"},\"inLanguage\":\"es\",\"potentialAction\":[{\"@type\":\"ReadAction\",\"target\":[\"https:\\\/\\\/www.asemer.ro\\\/index.php\\\/2025\\\/04\\\/30\\\/oferta-de-empleo\\\/\"]}]},{\"@type\":\"ImageObject\",\"inLanguage\":\"es\",\"@id\":\"https:\\\/\\\/www.asemer.ro\\\/index.php\\\/2025\\\/04\\\/30\\\/oferta-de-empleo\\\/#primaryimage\",\"url\":\"https:\\\/\\\/www.asemer.ro\\\/wp-content\\\/uploads\\\/2025\\\/04\\\/Logo-ASEMER-Rectangular-ES-RO_600-2-scaled.jpg\",\"contentUrl\":\"https:\\\/\\\/www.asemer.ro\\\/wp-content\\\/uploads\\\/2025\\\/04\\\/Logo-ASEMER-Rectangular-ES-RO_600-2-scaled.jpg\",\"width\":2560,\"height\":1108},{\"@type\":\"BreadcrumbList\",\"@id\":\"https:\\\/\\\/www.asemer.ro\\\/index.php\\\/2025\\\/04\\\/30\\\/oferta-de-empleo\\\/#breadcrumb\",\"itemListElement\":[{\"@type\":\"ListItem\",\"position\":1,\"name\":\"Home\",\"item\":\"https:\\\/\\\/www.asemer.ro\\\/\"},{\"@type\":\"ListItem\",\"position\":2,\"name\":\"OFERTA DE EMPLEO\"}]},{\"@type\":\"WebSite\",\"@id\":\"https:\\\/\\\/www.asemer.ro\\\/#website\",\"url\":\"https:\\\/\\\/www.asemer.ro\\\/\",\"name\":\"ASEMER\",\"description\":\"Asociaci\u00f3n de Empresas Espa\u00f1olas en Ruman\u00eda\",\"publisher\":{\"@id\":\"https:\\\/\\\/www.asemer.ro\\\/#organization\"},\"potentialAction\":[{\"@type\":\"SearchAction\",\"target\":{\"@type\":\"EntryPoint\",\"urlTemplate\":\"https:\\\/\\\/www.asemer.ro\\\/?s={search_term_string}\"},\"query-input\":{\"@type\":\"PropertyValueSpecification\",\"valueRequired\":true,\"valueName\":\"search_term_string\"}}],\"inLanguage\":\"es\"},{\"@type\":\"Organization\",\"@id\":\"https:\\\/\\\/www.asemer.ro\\\/#organization\",\"name\":\"ASEMER\",\"url\":\"https:\\\/\\\/www.asemer.ro\\\/\",\"logo\":{\"@type\":\"ImageObject\",\"inLanguage\":\"es\",\"@id\":\"https:\\\/\\\/www.asemer.ro\\\/#\\\/schema\\\/logo\\\/image\\\/\",\"url\":\"https:\\\/\\\/www.asemer.ro\\\/wp-content\\\/uploads\\\/2020\\\/12\\\/logo-ASEMER-scaled.jpg\",\"contentUrl\":\"https:\\\/\\\/www.asemer.ro\\\/wp-content\\\/uploads\\\/2020\\\/12\\\/logo-ASEMER-scaled.jpg\",\"width\":2560,\"height\":849,\"caption\":\"ASEMER\"},\"image\":{\"@id\":\"https:\\\/\\\/www.asemer.ro\\\/#\\\/schema\\\/logo\\\/image\\\/\"},\"sameAs\":[\"https:\\\/\\\/www.facebook.com\\\/asociacionasemer\",\"https:\\\/\\\/x.com\\\/asemer_rumania\",\"https:\\\/\\\/ro.linkedin.com\\\/in\\\/asemer-asociaci\u00f3n-empresas-espa\u00f1olas-en-ruman\u00eda-724772a6?trk=author_mini-profile_title\",\"https:\\\/\\\/www.youtube.com\\\/channel\\\/UC73m8-BDsg857OL0Ogv5aQA\\\/videos\"]},{\"@type\":\"Person\",\"@id\":\"https:\\\/\\\/www.asemer.ro\\\/#\\\/schema\\\/person\\\/36de47e444c0f1a7b737a035d40519f9\",\"name\":\"Admin Asemer\",\"image\":{\"@type\":\"ImageObject\",\"inLanguage\":\"es\",\"@id\":\"https:\\\/\\\/secure.gravatar.com\\\/avatar\\\/b64873d65b5be684e01a001c464789c445a7279ef3f177f5fbff5d83eb373299?s=96&d=mm&r=g\",\"url\":\"https:\\\/\\\/secure.gravatar.com\\\/avatar\\\/b64873d65b5be684e01a001c464789c445a7279ef3f177f5fbff5d83eb373299?s=96&d=mm&r=g\",\"contentUrl\":\"https:\\\/\\\/secure.gravatar.com\\\/avatar\\\/b64873d65b5be684e01a001c464789c445a7279ef3f177f5fbff5d83eb373299?s=96&d=mm&r=g\",\"caption\":\"Admin Asemer\"},\"url\":\"https:\\\/\\\/www.asemer.ro\\\/index.php\\\/author\\\/admin\\\/\"}]}<\/script>\n<!-- \/ Yoast SEO plugin. -->","yoast_head_json":{"title":"OFERTA DE EMPLEO - ASEMER","robots":{"index":"index","follow":"follow","max-snippet":"max-snippet:-1","max-image-preview":"max-image-preview:large","max-video-preview":"max-video-preview:-1"},"canonical":"https:\/\/www.asemer.ro\/index.php\/2025\/04\/30\/oferta-de-empleo\/","og_locale":"es_ES","og_type":"article","og_title":"OFERTA DE EMPLEO - ASEMER","og_description":"La Asociaci\u00f3n de Empresarios Espa\u00f1oles en Ruman\u00eda (ASEMER) abre convocatoria para la incorporaci\u00f3n de dos nuevos perfiles profesionales a su [&hellip;]","og_url":"https:\/\/www.asemer.ro\/index.php\/2025\/04\/30\/oferta-de-empleo\/","og_site_name":"ASEMER","article_publisher":"https:\/\/www.facebook.com\/asociacionasemer","article_published_time":"2025-04-30T11:59:00+00:00","article_modified_time":"2025-04-30T11:59:10+00:00","og_image":[{"width":2560,"height":1108,"url":"https:\/\/www.asemer.ro\/wp-content\/uploads\/2025\/04\/Logo-ASEMER-Rectangular-ES-RO_600-2-scaled.jpg","type":"image\/jpeg"}],"author":"Admin Asemer","twitter_card":"summary_large_image","twitter_creator":"@asemer_rumania","twitter_site":"@asemer_rumania","twitter_misc":{"Escrito por":"Admin Asemer","Tiempo de lectura":"2 minutos"},"schema":{"@context":"https:\/\/schema.org","@graph":[{"@type":"Article","@id":"https:\/\/www.asemer.ro\/index.php\/2025\/04\/30\/oferta-de-empleo\/#article","isPartOf":{"@id":"https:\/\/www.asemer.ro\/index.php\/2025\/04\/30\/oferta-de-empleo\/"},"author":{"name":"Admin Asemer","@id":"https:\/\/www.asemer.ro\/#\/schema\/person\/36de47e444c0f1a7b737a035d40519f9"},"headline":"OFERTA DE EMPLEO","datePublished":"2025-04-30T11:59:00+00:00","dateModified":"2025-04-30T11:59:10+00:00","mainEntityOfPage":{"@id":"https:\/\/www.asemer.ro\/index.php\/2025\/04\/30\/oferta-de-empleo\/"},"wordCount":324,"commentCount":0,"publisher":{"@id":"https:\/\/www.asemer.ro\/#organization"},"image":{"@id":"https:\/\/www.asemer.ro\/index.php\/2025\/04\/30\/oferta-de-empleo\/#primaryimage"},"thumbnailUrl":"https:\/\/www.asemer.ro\/wp-content\/uploads\/2025\/04\/Logo-ASEMER-Rectangular-ES-RO_600-2-1024x443.jpg","articleSection":["Uncategorized"],"inLanguage":"es","potentialAction":[{"@type":"CommentAction","name":"Comment","target":["https:\/\/www.asemer.ro\/index.php\/2025\/04\/30\/oferta-de-empleo\/#respond"]}]},{"@type":"WebPage","@id":"https:\/\/www.asemer.ro\/index.php\/2025\/04\/30\/oferta-de-empleo\/","url":"https:\/\/www.asemer.ro\/index.php\/2025\/04\/30\/oferta-de-empleo\/","name":"OFERTA DE EMPLEO - ASEMER","isPartOf":{"@id":"https:\/\/www.asemer.ro\/#website"},"primaryImageOfPage":{"@id":"https:\/\/www.asemer.ro\/index.php\/2025\/04\/30\/oferta-de-empleo\/#primaryimage"},"image":{"@id":"https:\/\/www.asemer.ro\/index.php\/2025\/04\/30\/oferta-de-empleo\/#primaryimage"},"thumbnailUrl":"https:\/\/www.asemer.ro\/wp-content\/uploads\/2025\/04\/Logo-ASEMER-Rectangular-ES-RO_600-2-1024x443.jpg","datePublished":"2025-04-30T11:59:00+00:00","dateModified":"2025-04-30T11:59:10+00:00","breadcrumb":{"@id":"https:\/\/www.asemer.ro\/index.php\/2025\/04\/30\/oferta-de-empleo\/#breadcrumb"},"inLanguage":"es","potentialAction":[{"@type":"ReadAction","target":["https:\/\/www.asemer.ro\/index.php\/2025\/04\/30\/oferta-de-empleo\/"]}]},{"@type":"ImageObject","inLanguage":"es","@id":"https:\/\/www.asemer.ro\/index.php\/2025\/04\/30\/oferta-de-empleo\/#primaryimage","url":"https:\/\/www.asemer.ro\/wp-content\/uploads\/2025\/04\/Logo-ASEMER-Rectangular-ES-RO_600-2-scaled.jpg","contentUrl":"https:\/\/www.asemer.ro\/wp-content\/uploads\/2025\/04\/Logo-ASEMER-Rectangular-ES-RO_600-2-scaled.jpg","width":2560,"height":1108},{"@type":"BreadcrumbList","@id":"https:\/\/www.asemer.ro\/index.php\/2025\/04\/30\/oferta-de-empleo\/#breadcrumb","itemListElement":[{"@type":"ListItem","position":1,"name":"Home","item":"https:\/\/www.asemer.ro\/"},{"@type":"ListItem","position":2,"name":"OFERTA DE EMPLEO"}]},{"@type":"WebSite","@id":"https:\/\/www.asemer.ro\/#website","url":"https:\/\/www.asemer.ro\/","name":"ASEMER","description":"Asociaci\u00f3n de Empresas Espa\u00f1olas en Ruman\u00eda","publisher":{"@id":"https:\/\/www.asemer.ro\/#organization"},"potentialAction":[{"@type":"SearchAction","target":{"@type":"EntryPoint","urlTemplate":"https:\/\/www.asemer.ro\/?s={search_term_string}"},"query-input":{"@type":"PropertyValueSpecification","valueRequired":true,"valueName":"search_term_string"}}],"inLanguage":"es"},{"@type":"Organization","@id":"https:\/\/www.asemer.ro\/#organization","name":"ASEMER","url":"https:\/\/www.asemer.ro\/","logo":{"@type":"ImageObject","inLanguage":"es","@id":"https:\/\/www.asemer.ro\/#\/schema\/logo\/image\/","url":"https:\/\/www.asemer.ro\/wp-content\/uploads\/2020\/12\/logo-ASEMER-scaled.jpg","contentUrl":"https:\/\/www.asemer.ro\/wp-content\/uploads\/2020\/12\/logo-ASEMER-scaled.jpg","width":2560,"height":849,"caption":"ASEMER"},"image":{"@id":"https:\/\/www.asemer.ro\/#\/schema\/logo\/image\/"},"sameAs":["https:\/\/www.facebook.com\/asociacionasemer","https:\/\/x.com\/asemer_rumania","https:\/\/ro.linkedin.com\/in\/asemer-asociaci\u00f3n-empresas-espa\u00f1olas-en-ruman\u00eda-724772a6?trk=author_mini-profile_title","https:\/\/www.youtube.com\/channel\/UC73m8-BDsg857OL0Ogv5aQA\/videos"]},{"@type":"Person","@id":"https:\/\/www.asemer.ro\/#\/schema\/person\/36de47e444c0f1a7b737a035d40519f9","name":"Admin Asemer","image":{"@type":"ImageObject","inLanguage":"es","@id":"https:\/\/secure.gravatar.com\/avatar\/b64873d65b5be684e01a001c464789c445a7279ef3f177f5fbff5d83eb373299?s=96&d=mm&r=g","url":"https:\/\/secure.gravatar.com\/avatar\/b64873d65b5be684e01a001c464789c445a7279ef3f177f5fbff5d83eb373299?s=96&d=mm&r=g","contentUrl":"https:\/\/secure.gravatar.com\/avatar\/b64873d65b5be684e01a001c464789c445a7279ef3f177f5fbff5d83eb373299?s=96&d=mm&r=g","caption":"Admin Asemer"},"url":"https:\/\/www.asemer.ro\/index.php\/author\/admin\/"}]}},"_links":{"self":[{"href":"https:\/\/www.asemer.ro\/index.php\/wp-json\/wp\/v2\/posts\/12798","targetHints":{"allow":["GET"]}}],"collection":[{"href":"https:\/\/www.asemer.ro\/index.php\/wp-json\/wp\/v2\/posts"}],"about":[{"href":"https:\/\/www.asemer.ro\/index.php\/wp-json\/wp\/v2\/types\/post"}],"author":[{"embeddable":true,"href":"https:\/\/www.asemer.ro\/index.php\/wp-json\/wp\/v2\/users\/3"}],"replies":[{"embeddable":true,"href":"https:\/\/www.asemer.ro\/index.php\/wp-json\/wp\/v2\/comments?post=12798"}],"version-history":[{"count":4,"href":"https:\/\/www.asemer.ro\/index.php\/wp-json\/wp\/v2\/posts\/12798\/revisions"}],"predecessor-version":[{"id":12803,"href":"https:\/\/www.asemer.ro\/index.php\/wp-json\/wp\/v2\/posts\/12798\/revisions\/12803"}],"wp:attachment":[{"href":"https:\/\/www.asemer.ro\/index.php\/wp-json\/wp\/v2\/media?parent=12798"}],"wp:term":[{"taxonomy":"category","embeddable":true,"href":"https:\/\/www.asemer.ro\/index.php\/wp-json\/wp\/v2\/categories?post=12798"},{"taxonomy":"post_tag","embeddable":true,"href":"https:\/\/www.asemer.ro\/index.php\/wp-json\/wp\/v2\/tags?post=12798"}],"curies":[{"name":"wp","href":"https:\/\/api.w.org\/{rel}","templated":true}]}}