{"id":12878,"date":"2025-05-29T10:29:01","date_gmt":"2025-05-29T08:29:01","guid":{"rendered":"https:\/\/www.asemer.ro\/?p=12878"},"modified":"2025-05-29T10:29:10","modified_gmt":"2025-05-29T08:29:10","slug":"fiesta-de-verano-de-asemer-2","status":"publish","type":"post","link":"https:\/\/www.asemer.ro\/index.php\/2025\/05\/29\/fiesta-de-verano-de-asemer-2\/","title":{"rendered":"FIESTA DE VERANO DE ASEMER"},"content":{"rendered":"\n<h2 class=\"wp-block-heading\">Reserve la fecha -viernes 18 de julio desde las 17.00 hasta las 23.00-<\/h2>\n\n\n\n<p><strong>ASEMER<\/strong>, se complace en invitar a todos sus miembros, patrocinadores, colaboradores, amigos y simpatizantes de la cultura espa\u00f1ola a participar en&nbsp;<strong>LA FIESTA DE VERANO DE<\/strong>&nbsp;<strong>ASEMER<\/strong>.<\/p>\n\n\n<div class=\"wp-block-image\">\n<figure class=\"aligncenter size-large\"><img loading=\"lazy\" decoding=\"async\" width=\"724\" height=\"1024\" src=\"https:\/\/www.asemer.ro\/wp-content\/uploads\/2025\/05\/FIESTA-DE-VERANO-2025-2-724x1024.jpg\" alt=\"\" class=\"wp-image-12881\" srcset=\"https:\/\/www.asemer.ro\/wp-content\/uploads\/2025\/05\/FIESTA-DE-VERANO-2025-2-724x1024.jpg 724w, https:\/\/www.asemer.ro\/wp-content\/uploads\/2025\/05\/FIESTA-DE-VERANO-2025-2-212x300.jpg 212w, https:\/\/www.asemer.ro\/wp-content\/uploads\/2025\/05\/FIESTA-DE-VERANO-2025-2-768x1086.jpg 768w, https:\/\/www.asemer.ro\/wp-content\/uploads\/2025\/05\/FIESTA-DE-VERANO-2025-2-1086x1536.jpg 1086w, https:\/\/www.asemer.ro\/wp-content\/uploads\/2025\/05\/FIESTA-DE-VERANO-2025-2-720x1019.jpg 720w, https:\/\/www.asemer.ro\/wp-content\/uploads\/2025\/05\/FIESTA-DE-VERANO-2025-2.jpg 1131w\" sizes=\"auto, (max-width: 724px) 100vw, 724px\" \/><\/figure>\n<\/div>\n\n\n<p><strong>Restaurante  Brera\u2013 Strada Grigore Alexandrescu, Nr.77<\/strong><\/p>\n\n\n\n<p><strong>VIERNES 18 de Julio de 2024, 17.00-23.00<\/strong><\/p>\n\n\n\n<p><strong>UN EVENTO<\/strong>&nbsp;<strong>DE<\/strong><\/p>\n\n\n<div class=\"wp-block-image\">\n<figure class=\"aligncenter size-large is-resized\"><img loading=\"lazy\" decoding=\"async\" width=\"1024\" height=\"443\" src=\"https:\/\/www.asemer.ro\/wp-content\/uploads\/2025\/05\/Logo-ASEMER-Rectangular-ES-RO_600-1024x443.jpg\" alt=\"\" class=\"wp-image-12879\" style=\"width:409px;height:auto\" srcset=\"https:\/\/www.asemer.ro\/wp-content\/uploads\/2025\/05\/Logo-ASEMER-Rectangular-ES-RO_600-1024x443.jpg 1024w, https:\/\/www.asemer.ro\/wp-content\/uploads\/2025\/05\/Logo-ASEMER-Rectangular-ES-RO_600-300x130.jpg 300w, https:\/\/www.asemer.ro\/wp-content\/uploads\/2025\/05\/Logo-ASEMER-Rectangular-ES-RO_600-768x332.jpg 768w, https:\/\/www.asemer.ro\/wp-content\/uploads\/2025\/05\/Logo-ASEMER-Rectangular-ES-RO_600-1536x665.jpg 1536w, https:\/\/www.asemer.ro\/wp-content\/uploads\/2025\/05\/Logo-ASEMER-Rectangular-ES-RO_600-2048x887.jpg 2048w, https:\/\/www.asemer.ro\/wp-content\/uploads\/2025\/05\/Logo-ASEMER-Rectangular-ES-RO_600-720x312.jpg 720w\" sizes=\"auto, (max-width: 1024px) 100vw, 1024px\" \/><\/figure>\n<\/div>\n\n\n<p>Ser\u00e1 un evento especial de networking y relajaci\u00f3n, con comida y bebida con sabor espa\u00f1ol, ser\u00e1 un d\u00eda para compartir experiencias con la comunidad y tomar una pausa este verano, volveremos en septiembre con nuevos proyectos, cargados de energ\u00eda y muchas novedades.<\/p>\n\n\n\n<p>Les animamos a que tambi\u00e9n participen con su familia, pues tendremos actividades para ni\u00f1os.<\/p>\n\n\n\n<p>Podr\u00e1n disfrutar de la comida y la bebida al m\u00e1s puro sabor espa\u00f1ol y como no de un agradable d\u00eda de networking donde disfrutar juntos de un d\u00eda de verano.<\/p>\n\n\n\n<p>Habr\u00e1n diferentes espect\u00e1culos que esperamos sean de su agrado.<\/p>\n\n\n\n<p>Disfruten con nosotros de las tradiciones, de la comida y la bebidas espa\u00f1ola,&nbsp;<strong>\u00a1traigan a &nbsp;su familia, colegas y socios comerciales!<\/strong><\/p>\n\n\n\n<p><strong>Volveremos pronto con m\u00e1s detalles, por el momento RESERVE LA FECHA.<\/strong><\/p>\n\n\n\n<p><\/p>\n","protected":false},"excerpt":{"rendered":"<p>Reserve la fecha -viernes 18 de julio desde las 17.00 hasta las 23.00- ASEMER, se complace en invitar a todos [&hellip;]<\/p>\n","protected":false},"author":3,"featured_media":0,"comment_status":"open","ping_status":"open","sticky":false,"template":"","format":"standard","meta":{"footnotes":""},"categories":[1],"tags":[],"class_list":["post-12878","post","type-post","status-publish","format-standard","hentry","category-uncategorized"],"yoast_head":"<!-- This site is optimized with the Yoast SEO plugin v27.5 - https:\/\/yoast.com\/product\/yoast-seo-wordpress\/ -->\n<title>FIESTA DE VERANO DE ASEMER - ASEMER<\/title>\n<meta name=\"robots\" content=\"index, follow, max-snippet:-1, max-image-preview:large, max-video-preview:-1\" \/>\n<link rel=\"canonical\" href=\"https:\/\/www.asemer.ro\/index.php\/2025\/05\/29\/fiesta-de-verano-de-asemer-2\/\" \/>\n<meta property=\"og:locale\" content=\"es_ES\" \/>\n<meta property=\"og:type\" content=\"article\" \/>\n<meta property=\"og:title\" content=\"FIESTA DE VERANO DE ASEMER - ASEMER\" \/>\n<meta property=\"og:description\" content=\"Reserve la fecha -viernes 18 de julio desde las 17.00 hasta las 23.00- ASEMER, se complace en invitar a todos [&hellip;]\" \/>\n<meta property=\"og:url\" content=\"https:\/\/www.asemer.ro\/index.php\/2025\/05\/29\/fiesta-de-verano-de-asemer-2\/\" \/>\n<meta property=\"og:site_name\" content=\"ASEMER\" \/>\n<meta property=\"article:publisher\" content=\"https:\/\/www.facebook.com\/asociacionasemer\" \/>\n<meta property=\"article:published_time\" content=\"2025-05-29T08:29:01+00:00\" \/>\n<meta property=\"article:modified_time\" content=\"2025-05-29T08:29:10+00:00\" \/>\n<meta property=\"og:image\" content=\"https:\/\/www.asemer.ro\/wp-content\/uploads\/2025\/05\/FIESTA-DE-VERANO-2025-2.jpg\" \/>\n\t<meta property=\"og:image:width\" content=\"1131\" \/>\n\t<meta property=\"og:image:height\" content=\"1600\" \/>\n\t<meta property=\"og:image:type\" content=\"image\/jpeg\" \/>\n<meta name=\"author\" content=\"Admin Asemer\" \/>\n<meta name=\"twitter:card\" content=\"summary_large_image\" \/>\n<meta name=\"twitter:creator\" content=\"@asemer_rumania\" \/>\n<meta name=\"twitter:site\" content=\"@asemer_rumania\" \/>\n<meta name=\"twitter:label1\" content=\"Escrito por\" \/>\n\t<meta name=\"twitter:data1\" content=\"Admin Asemer\" \/>\n\t<meta name=\"twitter:label2\" content=\"Tiempo de lectura\" \/>\n\t<meta name=\"twitter:data2\" content=\"2 minutos\" \/>\n<script type=\"application\/ld+json\" class=\"yoast-schema-graph\">{\"@context\":\"https:\\\/\\\/schema.org\",\"@graph\":[{\"@type\":\"Article\",\"@id\":\"https:\\\/\\\/www.asemer.ro\\\/index.php\\\/2025\\\/05\\\/29\\\/fiesta-de-verano-de-asemer-2\\\/#article\",\"isPartOf\":{\"@id\":\"https:\\\/\\\/www.asemer.ro\\\/index.php\\\/2025\\\/05\\\/29\\\/fiesta-de-verano-de-asemer-2\\\/\"},\"author\":{\"name\":\"Admin Asemer\",\"@id\":\"https:\\\/\\\/www.asemer.ro\\\/#\\\/schema\\\/person\\\/36de47e444c0f1a7b737a035d40519f9\"},\"headline\":\"FIESTA DE VERANO DE ASEMER\",\"datePublished\":\"2025-05-29T08:29:01+00:00\",\"dateModified\":\"2025-05-29T08:29:10+00:00\",\"mainEntityOfPage\":{\"@id\":\"https:\\\/\\\/www.asemer.ro\\\/index.php\\\/2025\\\/05\\\/29\\\/fiesta-de-verano-de-asemer-2\\\/\"},\"wordCount\":205,\"commentCount\":0,\"publisher\":{\"@id\":\"https:\\\/\\\/www.asemer.ro\\\/#organization\"},\"image\":{\"@id\":\"https:\\\/\\\/www.asemer.ro\\\/index.php\\\/2025\\\/05\\\/29\\\/fiesta-de-verano-de-asemer-2\\\/#primaryimage\"},\"thumbnailUrl\":\"https:\\\/\\\/www.asemer.ro\\\/wp-content\\\/uploads\\\/2025\\\/05\\\/FIESTA-DE-VERANO-2025-2-724x1024.jpg\",\"articleSection\":[\"Uncategorized\"],\"inLanguage\":\"es\",\"potentialAction\":[{\"@type\":\"CommentAction\",\"name\":\"Comment\",\"target\":[\"https:\\\/\\\/www.asemer.ro\\\/index.php\\\/2025\\\/05\\\/29\\\/fiesta-de-verano-de-asemer-2\\\/#respond\"]}]},{\"@type\":\"WebPage\",\"@id\":\"https:\\\/\\\/www.asemer.ro\\\/index.php\\\/2025\\\/05\\\/29\\\/fiesta-de-verano-de-asemer-2\\\/\",\"url\":\"https:\\\/\\\/www.asemer.ro\\\/index.php\\\/2025\\\/05\\\/29\\\/fiesta-de-verano-de-asemer-2\\\/\",\"name\":\"FIESTA DE VERANO DE ASEMER - ASEMER\",\"isPartOf\":{\"@id\":\"https:\\\/\\\/www.asemer.ro\\\/#website\"},\"primaryImageOfPage\":{\"@id\":\"https:\\\/\\\/www.asemer.ro\\\/index.php\\\/2025\\\/05\\\/29\\\/fiesta-de-verano-de-asemer-2\\\/#primaryimage\"},\"image\":{\"@id\":\"https:\\\/\\\/www.asemer.ro\\\/index.php\\\/2025\\\/05\\\/29\\\/fiesta-de-verano-de-asemer-2\\\/#primaryimage\"},\"thumbnailUrl\":\"https:\\\/\\\/www.asemer.ro\\\/wp-content\\\/uploads\\\/2025\\\/05\\\/FIESTA-DE-VERANO-2025-2-724x1024.jpg\",\"datePublished\":\"2025-05-29T08:29:01+00:00\",\"dateModified\":\"2025-05-29T08:29:10+00:00\",\"breadcrumb\":{\"@id\":\"https:\\\/\\\/www.asemer.ro\\\/index.php\\\/2025\\\/05\\\/29\\\/fiesta-de-verano-de-asemer-2\\\/#breadcrumb\"},\"inLanguage\":\"es\",\"potentialAction\":[{\"@type\":\"ReadAction\",\"target\":[\"https:\\\/\\\/www.asemer.ro\\\/index.php\\\/2025\\\/05\\\/29\\\/fiesta-de-verano-de-asemer-2\\\/\"]}]},{\"@type\":\"ImageObject\",\"inLanguage\":\"es\",\"@id\":\"https:\\\/\\\/www.asemer.ro\\\/index.php\\\/2025\\\/05\\\/29\\\/fiesta-de-verano-de-asemer-2\\\/#primaryimage\",\"url\":\"https:\\\/\\\/www.asemer.ro\\\/wp-content\\\/uploads\\\/2025\\\/05\\\/FIESTA-DE-VERANO-2025-2.jpg\",\"contentUrl\":\"https:\\\/\\\/www.asemer.ro\\\/wp-content\\\/uploads\\\/2025\\\/05\\\/FIESTA-DE-VERANO-2025-2.jpg\",\"width\":1131,\"height\":1600},{\"@type\":\"BreadcrumbList\",\"@id\":\"https:\\\/\\\/www.asemer.ro\\\/index.php\\\/2025\\\/05\\\/29\\\/fiesta-de-verano-de-asemer-2\\\/#breadcrumb\",\"itemListElement\":[{\"@type\":\"ListItem\",\"position\":1,\"name\":\"Home\",\"item\":\"https:\\\/\\\/www.asemer.ro\\\/\"},{\"@type\":\"ListItem\",\"position\":2,\"name\":\"FIESTA DE VERANO DE ASEMER\"}]},{\"@type\":\"WebSite\",\"@id\":\"https:\\\/\\\/www.asemer.ro\\\/#website\",\"url\":\"https:\\\/\\\/www.asemer.ro\\\/\",\"name\":\"ASEMER\",\"description\":\"Asociaci\u00f3n de Empresas Espa\u00f1olas en Ruman\u00eda\",\"publisher\":{\"@id\":\"https:\\\/\\\/www.asemer.ro\\\/#organization\"},\"potentialAction\":[{\"@type\":\"SearchAction\",\"target\":{\"@type\":\"EntryPoint\",\"urlTemplate\":\"https:\\\/\\\/www.asemer.ro\\\/?s={search_term_string}\"},\"query-input\":{\"@type\":\"PropertyValueSpecification\",\"valueRequired\":true,\"valueName\":\"search_term_string\"}}],\"inLanguage\":\"es\"},{\"@type\":\"Organization\",\"@id\":\"https:\\\/\\\/www.asemer.ro\\\/#organization\",\"name\":\"ASEMER\",\"url\":\"https:\\\/\\\/www.asemer.ro\\\/\",\"logo\":{\"@type\":\"ImageObject\",\"inLanguage\":\"es\",\"@id\":\"https:\\\/\\\/www.asemer.ro\\\/#\\\/schema\\\/logo\\\/image\\\/\",\"url\":\"https:\\\/\\\/www.asemer.ro\\\/wp-content\\\/uploads\\\/2020\\\/12\\\/logo-ASEMER-scaled.jpg\",\"contentUrl\":\"https:\\\/\\\/www.asemer.ro\\\/wp-content\\\/uploads\\\/2020\\\/12\\\/logo-ASEMER-scaled.jpg\",\"width\":2560,\"height\":849,\"caption\":\"ASEMER\"},\"image\":{\"@id\":\"https:\\\/\\\/www.asemer.ro\\\/#\\\/schema\\\/logo\\\/image\\\/\"},\"sameAs\":[\"https:\\\/\\\/www.facebook.com\\\/asociacionasemer\",\"https:\\\/\\\/x.com\\\/asemer_rumania\",\"https:\\\/\\\/ro.linkedin.com\\\/in\\\/asemer-asociaci\u00f3n-empresas-espa\u00f1olas-en-ruman\u00eda-724772a6?trk=author_mini-profile_title\",\"https:\\\/\\\/www.youtube.com\\\/channel\\\/UC73m8-BDsg857OL0Ogv5aQA\\\/videos\"]},{\"@type\":\"Person\",\"@id\":\"https:\\\/\\\/www.asemer.ro\\\/#\\\/schema\\\/person\\\/36de47e444c0f1a7b737a035d40519f9\",\"name\":\"Admin Asemer\",\"image\":{\"@type\":\"ImageObject\",\"inLanguage\":\"es\",\"@id\":\"https:\\\/\\\/secure.gravatar.com\\\/avatar\\\/b64873d65b5be684e01a001c464789c445a7279ef3f177f5fbff5d83eb373299?s=96&d=mm&r=g\",\"url\":\"https:\\\/\\\/secure.gravatar.com\\\/avatar\\\/b64873d65b5be684e01a001c464789c445a7279ef3f177f5fbff5d83eb373299?s=96&d=mm&r=g\",\"contentUrl\":\"https:\\\/\\\/secure.gravatar.com\\\/avatar\\\/b64873d65b5be684e01a001c464789c445a7279ef3f177f5fbff5d83eb373299?s=96&d=mm&r=g\",\"caption\":\"Admin Asemer\"},\"url\":\"https:\\\/\\\/www.asemer.ro\\\/index.php\\\/author\\\/admin\\\/\"}]}<\/script>\n<!-- \/ Yoast SEO plugin. -->","yoast_head_json":{"title":"FIESTA DE VERANO DE ASEMER - ASEMER","robots":{"index":"index","follow":"follow","max-snippet":"max-snippet:-1","max-image-preview":"max-image-preview:large","max-video-preview":"max-video-preview:-1"},"canonical":"https:\/\/www.asemer.ro\/index.php\/2025\/05\/29\/fiesta-de-verano-de-asemer-2\/","og_locale":"es_ES","og_type":"article","og_title":"FIESTA DE VERANO DE ASEMER - ASEMER","og_description":"Reserve la fecha -viernes 18 de julio desde las 17.00 hasta las 23.00- ASEMER, se complace en invitar a todos [&hellip;]","og_url":"https:\/\/www.asemer.ro\/index.php\/2025\/05\/29\/fiesta-de-verano-de-asemer-2\/","og_site_name":"ASEMER","article_publisher":"https:\/\/www.facebook.com\/asociacionasemer","article_published_time":"2025-05-29T08:29:01+00:00","article_modified_time":"2025-05-29T08:29:10+00:00","og_image":[{"width":1131,"height":1600,"url":"https:\/\/www.asemer.ro\/wp-content\/uploads\/2025\/05\/FIESTA-DE-VERANO-2025-2.jpg","type":"image\/jpeg"}],"author":"Admin Asemer","twitter_card":"summary_large_image","twitter_creator":"@asemer_rumania","twitter_site":"@asemer_rumania","twitter_misc":{"Escrito por":"Admin Asemer","Tiempo de lectura":"2 minutos"},"schema":{"@context":"https:\/\/schema.org","@graph":[{"@type":"Article","@id":"https:\/\/www.asemer.ro\/index.php\/2025\/05\/29\/fiesta-de-verano-de-asemer-2\/#article","isPartOf":{"@id":"https:\/\/www.asemer.ro\/index.php\/2025\/05\/29\/fiesta-de-verano-de-asemer-2\/"},"author":{"name":"Admin Asemer","@id":"https:\/\/www.asemer.ro\/#\/schema\/person\/36de47e444c0f1a7b737a035d40519f9"},"headline":"FIESTA DE VERANO DE ASEMER","datePublished":"2025-05-29T08:29:01+00:00","dateModified":"2025-05-29T08:29:10+00:00","mainEntityOfPage":{"@id":"https:\/\/www.asemer.ro\/index.php\/2025\/05\/29\/fiesta-de-verano-de-asemer-2\/"},"wordCount":205,"commentCount":0,"publisher":{"@id":"https:\/\/www.asemer.ro\/#organization"},"image":{"@id":"https:\/\/www.asemer.ro\/index.php\/2025\/05\/29\/fiesta-de-verano-de-asemer-2\/#primaryimage"},"thumbnailUrl":"https:\/\/www.asemer.ro\/wp-content\/uploads\/2025\/05\/FIESTA-DE-VERANO-2025-2-724x1024.jpg","articleSection":["Uncategorized"],"inLanguage":"es","potentialAction":[{"@type":"CommentAction","name":"Comment","target":["https:\/\/www.asemer.ro\/index.php\/2025\/05\/29\/fiesta-de-verano-de-asemer-2\/#respond"]}]},{"@type":"WebPage","@id":"https:\/\/www.asemer.ro\/index.php\/2025\/05\/29\/fiesta-de-verano-de-asemer-2\/","url":"https:\/\/www.asemer.ro\/index.php\/2025\/05\/29\/fiesta-de-verano-de-asemer-2\/","name":"FIESTA DE VERANO DE ASEMER - ASEMER","isPartOf":{"@id":"https:\/\/www.asemer.ro\/#website"},"primaryImageOfPage":{"@id":"https:\/\/www.asemer.ro\/index.php\/2025\/05\/29\/fiesta-de-verano-de-asemer-2\/#primaryimage"},"image":{"@id":"https:\/\/www.asemer.ro\/index.php\/2025\/05\/29\/fiesta-de-verano-de-asemer-2\/#primaryimage"},"thumbnailUrl":"https:\/\/www.asemer.ro\/wp-content\/uploads\/2025\/05\/FIESTA-DE-VERANO-2025-2-724x1024.jpg","datePublished":"2025-05-29T08:29:01+00:00","dateModified":"2025-05-29T08:29:10+00:00","breadcrumb":{"@id":"https:\/\/www.asemer.ro\/index.php\/2025\/05\/29\/fiesta-de-verano-de-asemer-2\/#breadcrumb"},"inLanguage":"es","potentialAction":[{"@type":"ReadAction","target":["https:\/\/www.asemer.ro\/index.php\/2025\/05\/29\/fiesta-de-verano-de-asemer-2\/"]}]},{"@type":"ImageObject","inLanguage":"es","@id":"https:\/\/www.asemer.ro\/index.php\/2025\/05\/29\/fiesta-de-verano-de-asemer-2\/#primaryimage","url":"https:\/\/www.asemer.ro\/wp-content\/uploads\/2025\/05\/FIESTA-DE-VERANO-2025-2.jpg","contentUrl":"https:\/\/www.asemer.ro\/wp-content\/uploads\/2025\/05\/FIESTA-DE-VERANO-2025-2.jpg","width":1131,"height":1600},{"@type":"BreadcrumbList","@id":"https:\/\/www.asemer.ro\/index.php\/2025\/05\/29\/fiesta-de-verano-de-asemer-2\/#breadcrumb","itemListElement":[{"@type":"ListItem","position":1,"name":"Home","item":"https:\/\/www.asemer.ro\/"},{"@type":"ListItem","position":2,"name":"FIESTA DE VERANO DE ASEMER"}]},{"@type":"WebSite","@id":"https:\/\/www.asemer.ro\/#website","url":"https:\/\/www.asemer.ro\/","name":"ASEMER","description":"Asociaci\u00f3n de Empresas Espa\u00f1olas en Ruman\u00eda","publisher":{"@id":"https:\/\/www.asemer.ro\/#organization"},"potentialAction":[{"@type":"SearchAction","target":{"@type":"EntryPoint","urlTemplate":"https:\/\/www.asemer.ro\/?s={search_term_string}"},"query-input":{"@type":"PropertyValueSpecification","valueRequired":true,"valueName":"search_term_string"}}],"inLanguage":"es"},{"@type":"Organization","@id":"https:\/\/www.asemer.ro\/#organization","name":"ASEMER","url":"https:\/\/www.asemer.ro\/","logo":{"@type":"ImageObject","inLanguage":"es","@id":"https:\/\/www.asemer.ro\/#\/schema\/logo\/image\/","url":"https:\/\/www.asemer.ro\/wp-content\/uploads\/2020\/12\/logo-ASEMER-scaled.jpg","contentUrl":"https:\/\/www.asemer.ro\/wp-content\/uploads\/2020\/12\/logo-ASEMER-scaled.jpg","width":2560,"height":849,"caption":"ASEMER"},"image":{"@id":"https:\/\/www.asemer.ro\/#\/schema\/logo\/image\/"},"sameAs":["https:\/\/www.facebook.com\/asociacionasemer","https:\/\/x.com\/asemer_rumania","https:\/\/ro.linkedin.com\/in\/asemer-asociaci\u00f3n-empresas-espa\u00f1olas-en-ruman\u00eda-724772a6?trk=author_mini-profile_title","https:\/\/www.youtube.com\/channel\/UC73m8-BDsg857OL0Ogv5aQA\/videos"]},{"@type":"Person","@id":"https:\/\/www.asemer.ro\/#\/schema\/person\/36de47e444c0f1a7b737a035d40519f9","name":"Admin Asemer","image":{"@type":"ImageObject","inLanguage":"es","@id":"https:\/\/secure.gravatar.com\/avatar\/b64873d65b5be684e01a001c464789c445a7279ef3f177f5fbff5d83eb373299?s=96&d=mm&r=g","url":"https:\/\/secure.gravatar.com\/avatar\/b64873d65b5be684e01a001c464789c445a7279ef3f177f5fbff5d83eb373299?s=96&d=mm&r=g","contentUrl":"https:\/\/secure.gravatar.com\/avatar\/b64873d65b5be684e01a001c464789c445a7279ef3f177f5fbff5d83eb373299?s=96&d=mm&r=g","caption":"Admin Asemer"},"url":"https:\/\/www.asemer.ro\/index.php\/author\/admin\/"}]}},"_links":{"self":[{"href":"https:\/\/www.asemer.ro\/index.php\/wp-json\/wp\/v2\/posts\/12878","targetHints":{"allow":["GET"]}}],"collection":[{"href":"https:\/\/www.asemer.ro\/index.php\/wp-json\/wp\/v2\/posts"}],"about":[{"href":"https:\/\/www.asemer.ro\/index.php\/wp-json\/wp\/v2\/types\/post"}],"author":[{"embeddable":true,"href":"https:\/\/www.asemer.ro\/index.php\/wp-json\/wp\/v2\/users\/3"}],"replies":[{"embeddable":true,"href":"https:\/\/www.asemer.ro\/index.php\/wp-json\/wp\/v2\/comments?post=12878"}],"version-history":[{"count":1,"href":"https:\/\/www.asemer.ro\/index.php\/wp-json\/wp\/v2\/posts\/12878\/revisions"}],"predecessor-version":[{"id":12882,"href":"https:\/\/www.asemer.ro\/index.php\/wp-json\/wp\/v2\/posts\/12878\/revisions\/12882"}],"wp:attachment":[{"href":"https:\/\/www.asemer.ro\/index.php\/wp-json\/wp\/v2\/media?parent=12878"}],"wp:term":[{"taxonomy":"category","embeddable":true,"href":"https:\/\/www.asemer.ro\/index.php\/wp-json\/wp\/v2\/categories?post=12878"},{"taxonomy":"post_tag","embeddable":true,"href":"https:\/\/www.asemer.ro\/index.php\/wp-json\/wp\/v2\/tags?post=12878"}],"curies":[{"name":"wp","href":"https:\/\/api.w.org\/{rel}","templated":true}]}}