{"id":5602,"date":"2021-02-25T16:11:47","date_gmt":"2021-02-25T14:11:47","guid":{"rendered":"http:\/\/www.asemer.ro\/?p=5602"},"modified":"2021-03-15T09:53:45","modified_gmt":"2021-03-15T07:53:45","slug":"las-exportaciones-de-espana-en-los-tiempos-de-covid-que-exporta-espana-a-rumania","status":"publish","type":"post","link":"https:\/\/www.asemer.ro\/index.php\/2021\/02\/25\/las-exportaciones-de-espana-en-los-tiempos-de-covid-que-exporta-espana-a-rumania\/","title":{"rendered":"LAS EXPORTACIONES DE ESPA\u00d1A EN LOS TIEMPOS DE COVID. \u00bfQUE EXPORTA ESPA\u00d1A A RUMAN\u00cdA?"},"content":{"rendered":"<p><span style=\"color: #000000;\"><img loading=\"lazy\" decoding=\"async\" class=\"aligncenter wp-image-5624 size-full\" src=\"http:\/\/www.asemer.ro\/wp-content\/uploads\/2021\/02\/exportaciones-en-tiempos-de-covid19.jpg\" alt=\"\" width=\"1170\" height=\"732\" srcset=\"https:\/\/www.asemer.ro\/wp-content\/uploads\/2021\/02\/exportaciones-en-tiempos-de-covid19.jpg 1170w, https:\/\/www.asemer.ro\/wp-content\/uploads\/2021\/02\/exportaciones-en-tiempos-de-covid19-300x188.jpg 300w, https:\/\/www.asemer.ro\/wp-content\/uploads\/2021\/02\/exportaciones-en-tiempos-de-covid19-1024x641.jpg 1024w, https:\/\/www.asemer.ro\/wp-content\/uploads\/2021\/02\/exportaciones-en-tiempos-de-covid19-768x480.jpg 768w, https:\/\/www.asemer.ro\/wp-content\/uploads\/2021\/02\/exportaciones-en-tiempos-de-covid19-720x450.jpg 720w\" sizes=\"auto, (max-width: 1170px) 100vw, 1170px\" \/><\/span><\/p>\n<hr \/>\n<p><span style=\"color: #000000;\">La crisis sanitaria provocada por el Covid-19 ha afectado a factores tan importantes como el intercambio de documentos a nivel mundial o el traspaso de mercanc\u00edas entre pa\u00edses, lo que ha terminado afectando a las posibilidades productivas de las empresas.<\/span><\/p>\n<p><span style=\"color: #000000;\">La crisis del coronavirus llev\u00f3 a la econom\u00eda espa\u00f1ola a registrar en 2020 un descenso hist\u00f3rico del PIB del 11%. Con este tropiezo, la econom\u00eda rompe con seis a\u00f1os consecutivos de crecimiento. Seg\u00fan elEconomista.es, la recesi\u00f3n sufrida este 2020 ha sido la mayor desde 1936, cuando la econom\u00eda se desplom\u00f3 m\u00e1s de un 26% durante el primer a\u00f1o de la Guerra Civil.<\/span><\/p>\n<p><span style=\"color: #000000;\">En 2020 la cifra del PIB fue de 1.119.976 M\u20ac, con lo que Espa\u00f1a es la econom\u00eda n\u00famero 15 en el ranking de los 196 pa\u00edses de los que publicamos el PIB, nos presenta datosmacro.com. El valor absoluto del PIB en Espa\u00f1a cay\u00f3 124.781 M\u20ac respecto a 2019. El PIB Per c\u00e1pita de Espa\u00f1a en 2020 fue de 23.640 \u20ac, 2.790 \u20ac menor que en 2019.<\/span><\/p>\n<p><span style=\"color: #000000;\">Sin embargo, no todos los datos son negativos. La cara positiva de esta nueva situaci\u00f3n es que\u00a0Espa\u00f1a ha fortalecido mucho la base exportadora real\u00a0con las exportaciones continuas de bienes y productos frente a los servicios. Los sectores farmac\u00e9utico, qu\u00edmico y agroalimentario han mantenido su actividad, proporcionando un ligero colch\u00f3n para frenar el gran impacto del coronavirus. Seg\u00fan un <span style=\"color: #ff6600;\"><a style=\"color: #ff6600;\" href=\"https:\/\/www.elespanol.com\/invertia\/economia\/macroeconomia\/20200520\/no-impacto-covid-19-espana-exporta-importa-crisis\/491202165_0.html\">art\u00edculo<\/a><\/span> del peri\u00f3dico elEspa\u00f1ol.com, Espa\u00f1a exporta mas que importa por la crisis.<\/span><\/p>\n<p><span style=\"font-size: 14pt; color: #000000;\"><strong>\u00bfCu\u00e1les son las Principales Exportaciones de Espa\u00f1a?<\/strong><\/span><\/p>\n<p><span style=\"color: #000000;\">Los sectores en los que se han concentrado principalmente las exportaciones espa\u00f1olas en el periodo enero-noviembre 2020 han sido pr\u00e1cticamente los mismos sectores que los identificados en el mismo periodo del a\u00f1o 2019: m\u00e1quinas y aparatos mec\u00e1nicos (18%), veh\u00edculos, carnes y despojos comestibles (11,6%), aparatos y material el\u00e9ctrico (8,2%), prendas de vestir, no de punto (7,2%) materias pl\u00e1sticas; sus manufacturas. Los cinco primeros cap\u00edtulos de exportaci\u00f3n concentran el 49% de las exportaciones espa\u00f1olas.<\/span><\/p>\n<p><span style=\"font-size: 14pt; color: #000000;\"><strong>Situaci\u00f3n de las exportaciones espa\u00f1olas en 2020<\/strong><\/span><\/p>\n<p><span style=\"color: #000000;\">Espa\u00f1a se sit\u00faa en el n\u00famero 15 en el ranking mundial de econom\u00edas exportadoras en 2019. Actualmente, se sit\u00faa en el n\u00famero 16 en el ranking mundial, seg\u00fan indexmundi.com.<\/span><\/p>\n<p><span style=\"color: #000000;\">Seg\u00fan el <span style=\"color: #ff6600;\"><a style=\"color: #ff6600;\" href=\"https:\/\/comercio.gob.es\/ImportacionExportacion\/Informes_Estadisticas\/Documents\/informe-mensual\/Informe-Mensual-de-Comercio-Exterior-ultimo-periodo.pdf\">Informe Mensual de Comercio Exterior de diciembre 2020<\/a><\/span>, las exportaciones espa\u00f1olas de bienes decrecieron un 10% interanual en el periodo, alcanzando los 261.175,5 M\u20ac. En volumen, las exportaciones cayeron un 9,3% interanual, dado que sus precios se redujeron un 0,7%.<br \/>\n<\/span><\/p>\n<p><span style=\"color: #000000;\">Por su parte, las exportaciones de productos energ\u00e9ticos (12.500,9 M\u20ac) disminuyeron un 40,9% interanual. En volumen, las exportaciones de productos no energ\u00e9ticos se redujeron un 8,2% interanual, ya que sus precios subieron un 0,7%.<br \/>\n<\/span><\/p>\n<p><span style=\"color: #000000;\">Los principales sectores en t\u00e9rminos de peso sobre las exportaciones totales en el periodo fueron: bienes de equipo (sus exportaciones representaron el 19,8% del total y se redujeron un 12,6%), alimentaci\u00f3n, bebidas y tabaco (19,6% del total y se incrementaron un 5,5%), productos qu\u00edmicos (15,5% del total y cayeron un 3,6%) y sector autom\u00f3vil (14,8% del total y disminuyeron un 12,9%).<\/span><\/p>\n<p><span style=\"color: #000000;\">Los sectores con las mayores contribuciones negativas a la tasa de variaci\u00f3n anual de las exportaciones totales del periodo fueron:<\/span><\/p>\n<ul>\n<li><span style=\"color: #000000; font-family: Roboto; font-size: 10pt;\">productos energ\u00e9ticos (contribuci\u00f3n de 3,0 puntos),<\/span><\/li>\n<li><span style=\"color: #000000; font-family: Roboto; font-size: 10pt;\">bienes de equipo (-2,6 puntos),<\/span><\/li>\n<li><span style=\"color: #000000; font-family: Roboto; font-size: 10pt;\">sector autom\u00f3vil (-2,0 puntos)<\/span><\/li>\n<li><span style=\"color: #000000; font-family: Roboto; font-size: 10pt;\">manufacturas de consumo (-1,5puntos).<\/span><\/li>\n<\/ul>\n<p><span style=\"color: #000000;\">En cambio, los \u00fanicos sectores que contribuyeron positivamente fueron:<\/span><\/p>\n<ul>\n<li><span style=\"color: #000000; font-size: 10pt; font-family: Roboto;\">alimentaci\u00f3n, bebidas y tabaco (contribuy\u00f3 con 0,9 puntos)<\/span><\/li>\n<li><span style=\"color: #000000;\"><span style=\"font-size: 10pt; font-family: Roboto;\">otras mercanc\u00edas (0,1 puntos).<\/span><strong><span style=\"font-size: 10pt; font-family: Roboto;\"> \u00a0\u00a0\u00a0\u00a0\u00a0<\/span>\u00a0\u00a0\u00a0\u00a0\u00a0\u00a0\u00a0\u00a0\u00a0\u00a0\u00a0\u00a0\u00a0\u00a0\u00a0 \u00a0\u00a0\u00a0\u00a0\u00a0\u00a0\u00a0\u00a0<\/strong><strong> \u00a0\u00a0\u00a0\u00a0\u00a0\u00a0\u00a0\u00a0\u00a0\u00a0\u00a0\u00a0\u00a0\u00a0\u00a0\u00a0\u00a0\u00a0\u00a0\u00a0\u00a0\u00a0\u00a0\u00a0\u00a0\u00a0\u00a0\u00a0\u00a0\u00a0\u00a0\u00a0\u00a0\u00a0\u00a0\u00a0\u00a0\u00a0\u00a0\u00a0\u00a0\u00a0 <\/strong><strong>\u00a0\u00a0<\/strong><em><br \/>\n<\/em><\/span><\/li>\n<\/ul>\n<p><span style=\"font-size: 14pt; color: #000000;\"><strong>La relaci\u00f3n comercial entre Espa\u00f1a y Rumania<\/strong><\/span><\/p>\n<p><span style=\"color: #000000;\">Aunque los grandes socios comerciales de\u00a0Espa\u00f1a\u00a0en Europa son\u00a0Alemania<strong>, <\/strong>Francia e Italia, adem\u00e1s de\u00a0Estados Unidos\u00a0al nivel mundial, Ruman\u00eda es un destino cada vez m\u00e1s importante para las exportaciones espa\u00f1olas.<\/span><\/p>\n<p><span style=\"color: #000000;\">En el foro empresarial Espa\u00f1a-Rumania de 2019, el presidente de la C\u00e1mara de Comercio de Espa\u00f1a, Jos\u00e9 Luis Bonet, ha subrayado que \u201clas empresas espa\u00f1olas tienen mucho que ofrecer en Ruman\u00eda y as\u00ed lo llevan demostrando desde hace a\u00f1os.\u201d Adem\u00e1s, Ruman\u00eda presenta un gran potencial de negocio para las pymes espa\u00f1olas.<img loading=\"lazy\" decoding=\"async\" class=\"alignleft wp-image-5644 \" src=\"http:\/\/www.asemer.ro\/wp-content\/uploads\/2021\/02\/54633995-ondeando-la-bandera-de-espana-y-rumania.jpg\" alt=\"\" width=\"296\" height=\"193\" srcset=\"https:\/\/www.asemer.ro\/wp-content\/uploads\/2021\/02\/54633995-ondeando-la-bandera-de-espana-y-rumania.jpg 1300w, https:\/\/www.asemer.ro\/wp-content\/uploads\/2021\/02\/54633995-ondeando-la-bandera-de-espana-y-rumania-300x196.jpg 300w, https:\/\/www.asemer.ro\/wp-content\/uploads\/2021\/02\/54633995-ondeando-la-bandera-de-espana-y-rumania-1024x669.jpg 1024w, https:\/\/www.asemer.ro\/wp-content\/uploads\/2021\/02\/54633995-ondeando-la-bandera-de-espana-y-rumania-768x502.jpg 768w, https:\/\/www.asemer.ro\/wp-content\/uploads\/2021\/02\/54633995-ondeando-la-bandera-de-espana-y-rumania-720x470.jpg 720w\" sizes=\"auto, (max-width: 296px) 100vw, 296px\" \/><\/span><\/p>\n<p><span style=\"color: #000000;\">El director general de CEOE Internacional, Narciso Casado, ha destacado que muchas empresas espa\u00f1olas de la moda, la automoci\u00f3n, la aeron\u00e1utica, la construcci\u00f3n, la banca y los seguros, atra\u00eddas por el elevado crecimiento econ\u00f3mico de Ruman\u00eda, sus ambiciosos planes de inversi\u00f3n, sus ventajas comparativas y una pujante clase media, han decidido invertir y operar de forma permanente en el pa\u00eds. <\/span><\/p>\n<p><span style=\"color: #000000;\">Ruman\u00eda es el 26\u00ba mayor mercado para las exportaciones de Espa\u00f1a. Adem\u00e1s, Espa\u00f1a ocupa el 13\u00ba lugar en el ranking de los pa\u00edses inversores en Ruman\u00eda, con una inversi\u00f3n de 1,425 mil millones de euro, seg\u00fan el informe de BNR <span style=\"color: #ff6600;\"><a style=\"color: #ff6600;\" href=\"https:\/\/www.bnr.ro\/PublicationDocuments.aspx?icid=9403\">Investi\u0163iile str\u0103ine directe \u00een Rom\u00e2nia \u00een 2019<\/a><\/span>. Espa\u00f1a tambi\u00e9n invirti\u00f3 unos 960 M\u20ac en empresas greenfield en 2019.<\/span><\/p>\n<p><span style=\"color: #000000;\">Las empresas espa\u00f1olas invirtieron en la construcci\u00f3n de edificios, en el comercio al por menor (excepto veh\u00edculos a motor y motocicletas), en el suministro de energ\u00eda el\u00e9ctrica, en la fabricaci\u00f3n de productos de caucho y pl\u00e1sticos, en la fabricaci\u00f3n de productos met\u00e1licos (excepto maquinaria y equipo), en la fabricaci\u00f3n de productos minerales no met\u00e1licos y en la extracci\u00f3n de crudo y gas natural. El resto de inversiones espa\u00f1olas se dirigieron a servicios de arquitectura, transporte terrestre y por tuber\u00eda, almacenamiento de actividades anexas al transporte, industria maderera y corcho.<\/span><\/p>\n<p><span style=\"color: #000000;\">De enero a noviembre de 2020 las exportaciones espa\u00f1olas fueron de 1.670 M\u20ac (22% menos que con respecto a 2019 debido a los efectos de las restricciones COVID). El super\u00e1vit comercial ha\u00a0situado en el periodo enero a noviembre de 2020 en 109 M\u20ac, lo que supone un descenso importante\u00a0con respecto al valor registrado en el mismo periodo de 2019 de 387 M\u20ac, pero justificado por las\u00a0medidas adoptadas para contener la pandemia. La tasa de cobertura fue de 107%, frente al 122%\u00a0del mismo periodo del a\u00f1o anterior, mientras que el comercio bilateral descendi\u00f3 hasta los 3.231 M\u20ac desde los 4.203 M\u20ac alcanzados el a\u00f1o previo.\u00a0<\/span><\/p>\n<p><span style=\"color: #000000;\"><span style=\"font-size: 14pt;\"><strong>\u00bfQu\u00e9 exporta Espa\u00f1a a <\/strong><strong>Ruman\u00eda<\/strong><strong>?<\/strong><\/span><\/span><\/p>\n<p><span style=\"color: #000000;\">Espa\u00f1a ocupa el 13o en el top de pa\u00edses socios de importaci\u00f3n de Ruman\u00eda, el n\u00famero 1 siendo ocupado por Alemania, seguido de Italia y Hungr\u00eda. Espa\u00f1a exporta a Ruman\u00eda poco o muy poco de sus productos, seg\u00fan muestran los datos extra\u00eddos del <span style=\"color: #ff6600;\"><a style=\"color: #ff6600;\" href=\"https:\/\/insse.ro\/cms\/ro\/content\/buletinul-statistic-de-comer%C5%A3-interna%C5%A3ional-nr112020\">Buletin statistic de comer\u0163 interna\u0163ional nr. \u00a011\/2020<\/a><\/span>.<\/span><\/p>\n<p><span style=\"color: #000000;\"><img loading=\"lazy\" decoding=\"async\" class=\"aligncenter wp-image-5622 size-full\" src=\"http:\/\/www.asemer.ro\/wp-content\/uploads\/2021\/02\/4.png\" alt=\"\" width=\"990\" height=\"630\" srcset=\"https:\/\/www.asemer.ro\/wp-content\/uploads\/2021\/02\/4.png 990w, https:\/\/www.asemer.ro\/wp-content\/uploads\/2021\/02\/4-300x191.png 300w, https:\/\/www.asemer.ro\/wp-content\/uploads\/2021\/02\/4-768x489.png 768w, https:\/\/www.asemer.ro\/wp-content\/uploads\/2021\/02\/4-720x458.png 720w\" sizes=\"auto, (max-width: 990px) 100vw, 990px\" \/><\/span><\/p>\n<p><span style=\"color: #000000;\">Entre los m\u00e1s importados productos de Espa\u00f1a se encuentran los productos de carne (154,3 M\u20ac); pl\u00e1sticos y productos pl\u00e1sticos (66,8 M\u20ac); tejidos impregnados, de goma, art\u00edculos t\u00e9cnicos de materias textiles (75,8 M\u20ac); art\u00edculos textiles confeccionados, prendas de vestir \u2013 tejidos o crochetados (58,4 M\u20ac); art\u00edculos textiles confeccionados, prendas de vestir \u2013 no tejidos o crochetados (82,2 M\u20ac); productos cer\u00e1micos (47,4 M\u20ac); productos de hierro fundido, hierro y acero (54,8 M\u20ac); calderas, turbinas, motores (265,4 M\u20ac); maquinaria, aparatos y equipos el\u00e9ctricos, aparato para grabar \/ reproducir sonido \/ im\u00e1genes en televisi\u00f3n (136,6 M\u20ac); autom\u00f3viles, veh\u00edculos y equipos para ferrocarriles, aviones (280,1 M\u20ac);<\/span><\/p>\n<p><span style=\"color: #000000;\">Espa\u00f1a est\u00e1 exportando con fuerza muchos de estos productos a otros pa\u00edses del mundo. El mercado rumano (y del este de Europa en general) es un mercado en desarrollo y con potencial, adem\u00e1s de poder servir de puerta de entrada al conjunto de pa\u00edses de la zona.<\/span><\/p>\n<p><span style=\"color: #000000;\">Aunque el virus del covid-19 ha tenido un impacto considerable en las exportaciones, es cierto que en este medio a\u00f1o han surgido nuevas oportunidades para aprovechar en el mercado internacional.<\/span><\/p>\n<p><span style=\"color: #000000;\">El primer paso para poder exportar a otros pa\u00edses en estos meses es trabajar a fondo en dos conceptos imprescindibles: diversificaci\u00f3n y digitalizaci\u00f3n. El primero de ellos nos permite disponer de varios puntos de producci\u00f3n y distribuci\u00f3n en el caso de que surjan rebrotes en zonas delicadas. El segundo de ellos es fundamental para mantener contactos fluidos con empresas del extranjero y lograr un buen nivel de promoci\u00f3n internacional.<\/span><\/p>\n<p><span style=\"color: #000000;\">Fuente de informaci\u00f3n:<\/span><\/p>\n<ul>\n<li><span style=\"font-size: 10pt; font-family: Roboto; color: #000000;\">Informe ICEX \u2013 \u201cAn\u00e1lisis del Comercio Exterior Espa\u00f1ol\u201d<\/span><\/li>\n<li><span style=\"font-size: 10pt; font-family: Roboto; color: #000000;\">Informe Comercio.gob \u2013 \u201cInforme mensual de comercio exterior, diciembre 2020\u201d<\/span><\/li>\n<li><span style=\"font-size: 10pt; font-family: Roboto; color: #000000;\">Informe BNR \u2013 \u201cInvesti\u0163iile str\u0103ine directe \u00een Rom\u00e2nia\u201d<\/span><\/li>\n<li><span style=\"font-size: 10pt; font-family: Roboto; color: #000000;\">Informe INSSE \u2013 \u201cBuletin statistic de comer\u0163 interna\u0163ional, nr. 11\/2020\u201d<\/span><\/li>\n<li><span style=\"font-size: 10pt; font-family: Roboto; color: #ff6600;\"><a style=\"color: #ff6600;\" href=\"https:\/\/www.eleconomista.es\/economia\/noticias\/11019886\/01\/21\/El-PIB-registra-una-caida-historica-del-11-en-2020-por-el-covid-pese-crecer-un-04-en-el-cuarto-trimestre.html\">https:\/\/www.eleconomista.es\/economia\/noticias\/11019886\/01\/21\/El-PIB-registra-una-caida-historica-del-11-en-2020-por-el-covid-pese-crecer-un-04-en-el-cuarto-trimestre.html<\/a><\/span><\/li>\n<li><span style=\"font-size: 10pt; font-family: Roboto; color: #ff6600;\"><a style=\"color: #ff6600;\" href=\"https:\/\/datosmacro.expansion.com\/pib\/espana\">https:\/\/datosmacro.expansion.com\/pib\/espana<\/a><\/span><\/li>\n<li><span style=\"font-size: 10pt; font-family: Roboto; color: #ff6600;\"><a style=\"color: #ff6600;\" href=\"https:\/\/blog.exportatuvalor.com\/2020\/08\/19\/exportaciones-en-espana-como-ha-afectado-el-covid-19-y-que-podemos-esperar-de-los-rebrotes\/\">Exportaciones en Espa\u00f1a: c\u00f3mo ha afectado el covid-19 y qu\u00e9 podemos esperar de los rebrotes &#8211; Blog Exporta tu valor<\/a><\/span><\/li>\n<li><span style=\"font-size: 10pt; font-family: Roboto; color: #ff6600;\"><a style=\"color: #ff6600;\" href=\"https:\/\/www.icontainers.com\/es\/2020\/01\/22\/principales-exportaciones-importaciones-espana\/\">\u00bfCu\u00e1les son las Principales Exportaciones e Importaciones de Espa\u00f1a? | iContainers<\/a><\/span><\/li>\n<li><span style=\"font-size: 10pt; font-family: Roboto; color: #ff6600;\"><a style=\"color: #ff6600;\" href=\"https:\/\/empresaexterior.com\/art\/75481\/cinco-principales-sectores-exportadores-de-espana\">https:\/\/empresaexterior.com\/art\/75481\/cinco-principales-sectores-exportadores-de-espana<\/a><\/span><\/li>\n<li><span style=\"font-size: 10pt; font-family: Roboto; color: #ff6600;\"><a style=\"color: #ff6600;\" href=\"https:\/\/www.indexmundi.com\/g\/r.aspx?v=85&amp;t=100\">https:\/\/www.indexmundi.com\/g\/r.aspx?v=85&amp;t=100<\/a> \u00a0\u00a0<\/span><\/li>\n<li><span style=\"font-size: 10pt; font-family: Roboto; color: #000000;\"><a style=\"color: #000000;\" href=\"https:\/\/www.camara.es\/foro-empresarial-espana-rumania\"><span style=\"color: #ff6600;\">Empresas espa\u00f1olas y rumanas estrechan sus relaciones bilaterales en el Foro Empresarial Espa\u00f1a-Ruman\u00eda | C\u00e1mara de Espa\u00f1a (camara.es)<\/span><\/a><\/span><\/li>\n<\/ul>\n","protected":false},"excerpt":{"rendered":"<p>La crisis sanitaria provocada por el Covid-19 ha afectado a factores tan importantes como el intercambio de documentos a nivel [&hellip;]<\/p>\n","protected":false},"author":3,"featured_media":0,"comment_status":"open","ping_status":"open","sticky":false,"template":"","format":"standard","meta":{"footnotes":""},"categories":[4,6,7],"tags":[62,71,73,52],"class_list":["post-5602","post","type-post","status-publish","format-standard","hentry","category-noticias","category-stiri","category-web","tag-espana","tag-exportaciones","tag-relacion-comercial","tag-rumania"],"yoast_head":"<!-- This site is optimized with the Yoast SEO plugin v27.5 - https:\/\/yoast.com\/product\/yoast-seo-wordpress\/ -->\n<title>LAS EXPORTACIONES DE ESPA\u00d1A EN LOS TIEMPOS DE COVID. \u00bfQUE EXPORTA ESPA\u00d1A A RUMAN\u00cdA? - ASEMER<\/title>\n<meta name=\"robots\" content=\"index, follow, max-snippet:-1, max-image-preview:large, max-video-preview:-1\" \/>\n<link rel=\"canonical\" href=\"https:\/\/www.asemer.ro\/index.php\/2021\/02\/25\/las-exportaciones-de-espana-en-los-tiempos-de-covid-que-exporta-espana-a-rumania\/\" \/>\n<meta property=\"og:locale\" content=\"es_ES\" \/>\n<meta property=\"og:type\" content=\"article\" \/>\n<meta property=\"og:title\" content=\"LAS EXPORTACIONES DE ESPA\u00d1A EN LOS TIEMPOS DE COVID. \u00bfQUE EXPORTA ESPA\u00d1A A RUMAN\u00cdA? - ASEMER\" \/>\n<meta property=\"og:description\" content=\"La crisis sanitaria provocada por el Covid-19 ha afectado a factores tan importantes como el intercambio de documentos a nivel [&hellip;]\" \/>\n<meta property=\"og:url\" content=\"https:\/\/www.asemer.ro\/index.php\/2021\/02\/25\/las-exportaciones-de-espana-en-los-tiempos-de-covid-que-exporta-espana-a-rumania\/\" \/>\n<meta property=\"og:site_name\" content=\"ASEMER\" \/>\n<meta property=\"article:publisher\" content=\"https:\/\/www.facebook.com\/asociacionasemer\" \/>\n<meta property=\"article:published_time\" content=\"2021-02-25T14:11:47+00:00\" \/>\n<meta property=\"article:modified_time\" content=\"2021-03-15T07:53:45+00:00\" \/>\n<meta property=\"og:image\" content=\"http:\/\/www.asemer.ro\/wp-content\/uploads\/2021\/02\/exportaciones-en-tiempos-de-covid19.jpg\" \/>\n<meta name=\"author\" content=\"Admin Asemer\" \/>\n<meta name=\"twitter:card\" content=\"summary_large_image\" \/>\n<meta name=\"twitter:creator\" content=\"@asemer_rumania\" \/>\n<meta name=\"twitter:site\" content=\"@asemer_rumania\" \/>\n<meta name=\"twitter:label1\" content=\"Escrito por\" \/>\n\t<meta name=\"twitter:data1\" content=\"Admin Asemer\" \/>\n\t<meta name=\"twitter:label2\" content=\"Tiempo de lectura\" \/>\n\t<meta name=\"twitter:data2\" content=\"7 minutos\" \/>\n<script type=\"application\/ld+json\" class=\"yoast-schema-graph\">{\"@context\":\"https:\\\/\\\/schema.org\",\"@graph\":[{\"@type\":\"Article\",\"@id\":\"https:\\\/\\\/www.asemer.ro\\\/index.php\\\/2021\\\/02\\\/25\\\/las-exportaciones-de-espana-en-los-tiempos-de-covid-que-exporta-espana-a-rumania\\\/#article\",\"isPartOf\":{\"@id\":\"https:\\\/\\\/www.asemer.ro\\\/index.php\\\/2021\\\/02\\\/25\\\/las-exportaciones-de-espana-en-los-tiempos-de-covid-que-exporta-espana-a-rumania\\\/\"},\"author\":{\"name\":\"Admin Asemer\",\"@id\":\"https:\\\/\\\/www.asemer.ro\\\/#\\\/schema\\\/person\\\/36de47e444c0f1a7b737a035d40519f9\"},\"headline\":\"LAS EXPORTACIONES DE ESPA\u00d1A EN LOS TIEMPOS DE COVID. \u00bfQUE EXPORTA ESPA\u00d1A A RUMAN\u00cdA?\",\"datePublished\":\"2021-02-25T14:11:47+00:00\",\"dateModified\":\"2021-03-15T07:53:45+00:00\",\"mainEntityOfPage\":{\"@id\":\"https:\\\/\\\/www.asemer.ro\\\/index.php\\\/2021\\\/02\\\/25\\\/las-exportaciones-de-espana-en-los-tiempos-de-covid-que-exporta-espana-a-rumania\\\/\"},\"wordCount\":1489,\"commentCount\":0,\"publisher\":{\"@id\":\"https:\\\/\\\/www.asemer.ro\\\/#organization\"},\"image\":{\"@id\":\"https:\\\/\\\/www.asemer.ro\\\/index.php\\\/2021\\\/02\\\/25\\\/las-exportaciones-de-espana-en-los-tiempos-de-covid-que-exporta-espana-a-rumania\\\/#primaryimage\"},\"thumbnailUrl\":\"http:\\\/\\\/www.asemer.ro\\\/wp-content\\\/uploads\\\/2021\\\/02\\\/exportaciones-en-tiempos-de-covid19.jpg\",\"keywords\":[\"espa\u00f1a\",\"exportaciones\",\"relaci\u00f3n comercial\",\"rumania\"],\"articleSection\":[\"Noticias\",\"\u0218tiri\",\"Web\"],\"inLanguage\":\"es\",\"potentialAction\":[{\"@type\":\"CommentAction\",\"name\":\"Comment\",\"target\":[\"https:\\\/\\\/www.asemer.ro\\\/index.php\\\/2021\\\/02\\\/25\\\/las-exportaciones-de-espana-en-los-tiempos-de-covid-que-exporta-espana-a-rumania\\\/#respond\"]}]},{\"@type\":\"WebPage\",\"@id\":\"https:\\\/\\\/www.asemer.ro\\\/index.php\\\/2021\\\/02\\\/25\\\/las-exportaciones-de-espana-en-los-tiempos-de-covid-que-exporta-espana-a-rumania\\\/\",\"url\":\"https:\\\/\\\/www.asemer.ro\\\/index.php\\\/2021\\\/02\\\/25\\\/las-exportaciones-de-espana-en-los-tiempos-de-covid-que-exporta-espana-a-rumania\\\/\",\"name\":\"LAS EXPORTACIONES DE ESPA\u00d1A EN LOS TIEMPOS DE COVID. \u00bfQUE EXPORTA ESPA\u00d1A A RUMAN\u00cdA? - ASEMER\",\"isPartOf\":{\"@id\":\"https:\\\/\\\/www.asemer.ro\\\/#website\"},\"primaryImageOfPage\":{\"@id\":\"https:\\\/\\\/www.asemer.ro\\\/index.php\\\/2021\\\/02\\\/25\\\/las-exportaciones-de-espana-en-los-tiempos-de-covid-que-exporta-espana-a-rumania\\\/#primaryimage\"},\"image\":{\"@id\":\"https:\\\/\\\/www.asemer.ro\\\/index.php\\\/2021\\\/02\\\/25\\\/las-exportaciones-de-espana-en-los-tiempos-de-covid-que-exporta-espana-a-rumania\\\/#primaryimage\"},\"thumbnailUrl\":\"http:\\\/\\\/www.asemer.ro\\\/wp-content\\\/uploads\\\/2021\\\/02\\\/exportaciones-en-tiempos-de-covid19.jpg\",\"datePublished\":\"2021-02-25T14:11:47+00:00\",\"dateModified\":\"2021-03-15T07:53:45+00:00\",\"breadcrumb\":{\"@id\":\"https:\\\/\\\/www.asemer.ro\\\/index.php\\\/2021\\\/02\\\/25\\\/las-exportaciones-de-espana-en-los-tiempos-de-covid-que-exporta-espana-a-rumania\\\/#breadcrumb\"},\"inLanguage\":\"es\",\"potentialAction\":[{\"@type\":\"ReadAction\",\"target\":[\"https:\\\/\\\/www.asemer.ro\\\/index.php\\\/2021\\\/02\\\/25\\\/las-exportaciones-de-espana-en-los-tiempos-de-covid-que-exporta-espana-a-rumania\\\/\"]}]},{\"@type\":\"ImageObject\",\"inLanguage\":\"es\",\"@id\":\"https:\\\/\\\/www.asemer.ro\\\/index.php\\\/2021\\\/02\\\/25\\\/las-exportaciones-de-espana-en-los-tiempos-de-covid-que-exporta-espana-a-rumania\\\/#primaryimage\",\"url\":\"https:\\\/\\\/www.asemer.ro\\\/wp-content\\\/uploads\\\/2021\\\/02\\\/exportaciones-en-tiempos-de-covid19.jpg\",\"contentUrl\":\"https:\\\/\\\/www.asemer.ro\\\/wp-content\\\/uploads\\\/2021\\\/02\\\/exportaciones-en-tiempos-de-covid19.jpg\",\"width\":1170,\"height\":732},{\"@type\":\"BreadcrumbList\",\"@id\":\"https:\\\/\\\/www.asemer.ro\\\/index.php\\\/2021\\\/02\\\/25\\\/las-exportaciones-de-espana-en-los-tiempos-de-covid-que-exporta-espana-a-rumania\\\/#breadcrumb\",\"itemListElement\":[{\"@type\":\"ListItem\",\"position\":1,\"name\":\"Home\",\"item\":\"https:\\\/\\\/www.asemer.ro\\\/\"},{\"@type\":\"ListItem\",\"position\":2,\"name\":\"LAS EXPORTACIONES DE ESPA\u00d1A EN LOS TIEMPOS DE COVID. \u00bfQUE EXPORTA ESPA\u00d1A A RUMAN\u00cdA?\"}]},{\"@type\":\"WebSite\",\"@id\":\"https:\\\/\\\/www.asemer.ro\\\/#website\",\"url\":\"https:\\\/\\\/www.asemer.ro\\\/\",\"name\":\"ASEMER\",\"description\":\"Asociaci\u00f3n de Empresas Espa\u00f1olas en Ruman\u00eda\",\"publisher\":{\"@id\":\"https:\\\/\\\/www.asemer.ro\\\/#organization\"},\"potentialAction\":[{\"@type\":\"SearchAction\",\"target\":{\"@type\":\"EntryPoint\",\"urlTemplate\":\"https:\\\/\\\/www.asemer.ro\\\/?s={search_term_string}\"},\"query-input\":{\"@type\":\"PropertyValueSpecification\",\"valueRequired\":true,\"valueName\":\"search_term_string\"}}],\"inLanguage\":\"es\"},{\"@type\":\"Organization\",\"@id\":\"https:\\\/\\\/www.asemer.ro\\\/#organization\",\"name\":\"ASEMER\",\"url\":\"https:\\\/\\\/www.asemer.ro\\\/\",\"logo\":{\"@type\":\"ImageObject\",\"inLanguage\":\"es\",\"@id\":\"https:\\\/\\\/www.asemer.ro\\\/#\\\/schema\\\/logo\\\/image\\\/\",\"url\":\"https:\\\/\\\/www.asemer.ro\\\/wp-content\\\/uploads\\\/2020\\\/12\\\/logo-ASEMER-scaled.jpg\",\"contentUrl\":\"https:\\\/\\\/www.asemer.ro\\\/wp-content\\\/uploads\\\/2020\\\/12\\\/logo-ASEMER-scaled.jpg\",\"width\":2560,\"height\":849,\"caption\":\"ASEMER\"},\"image\":{\"@id\":\"https:\\\/\\\/www.asemer.ro\\\/#\\\/schema\\\/logo\\\/image\\\/\"},\"sameAs\":[\"https:\\\/\\\/www.facebook.com\\\/asociacionasemer\",\"https:\\\/\\\/x.com\\\/asemer_rumania\",\"https:\\\/\\\/ro.linkedin.com\\\/in\\\/asemer-asociaci\u00f3n-empresas-espa\u00f1olas-en-ruman\u00eda-724772a6?trk=author_mini-profile_title\",\"https:\\\/\\\/www.youtube.com\\\/channel\\\/UC73m8-BDsg857OL0Ogv5aQA\\\/videos\"]},{\"@type\":\"Person\",\"@id\":\"https:\\\/\\\/www.asemer.ro\\\/#\\\/schema\\\/person\\\/36de47e444c0f1a7b737a035d40519f9\",\"name\":\"Admin Asemer\",\"image\":{\"@type\":\"ImageObject\",\"inLanguage\":\"es\",\"@id\":\"https:\\\/\\\/secure.gravatar.com\\\/avatar\\\/b64873d65b5be684e01a001c464789c445a7279ef3f177f5fbff5d83eb373299?s=96&d=mm&r=g\",\"url\":\"https:\\\/\\\/secure.gravatar.com\\\/avatar\\\/b64873d65b5be684e01a001c464789c445a7279ef3f177f5fbff5d83eb373299?s=96&d=mm&r=g\",\"contentUrl\":\"https:\\\/\\\/secure.gravatar.com\\\/avatar\\\/b64873d65b5be684e01a001c464789c445a7279ef3f177f5fbff5d83eb373299?s=96&d=mm&r=g\",\"caption\":\"Admin Asemer\"},\"url\":\"https:\\\/\\\/www.asemer.ro\\\/index.php\\\/author\\\/admin\\\/\"}]}<\/script>\n<!-- \/ Yoast SEO plugin. -->","yoast_head_json":{"title":"LAS EXPORTACIONES DE ESPA\u00d1A EN LOS TIEMPOS DE COVID. \u00bfQUE EXPORTA ESPA\u00d1A A RUMAN\u00cdA? - ASEMER","robots":{"index":"index","follow":"follow","max-snippet":"max-snippet:-1","max-image-preview":"max-image-preview:large","max-video-preview":"max-video-preview:-1"},"canonical":"https:\/\/www.asemer.ro\/index.php\/2021\/02\/25\/las-exportaciones-de-espana-en-los-tiempos-de-covid-que-exporta-espana-a-rumania\/","og_locale":"es_ES","og_type":"article","og_title":"LAS EXPORTACIONES DE ESPA\u00d1A EN LOS TIEMPOS DE COVID. \u00bfQUE EXPORTA ESPA\u00d1A A RUMAN\u00cdA? - ASEMER","og_description":"La crisis sanitaria provocada por el Covid-19 ha afectado a factores tan importantes como el intercambio de documentos a nivel [&hellip;]","og_url":"https:\/\/www.asemer.ro\/index.php\/2021\/02\/25\/las-exportaciones-de-espana-en-los-tiempos-de-covid-que-exporta-espana-a-rumania\/","og_site_name":"ASEMER","article_publisher":"https:\/\/www.facebook.com\/asociacionasemer","article_published_time":"2021-02-25T14:11:47+00:00","article_modified_time":"2021-03-15T07:53:45+00:00","og_image":[{"url":"http:\/\/www.asemer.ro\/wp-content\/uploads\/2021\/02\/exportaciones-en-tiempos-de-covid19.jpg","type":"","width":"","height":""}],"author":"Admin Asemer","twitter_card":"summary_large_image","twitter_creator":"@asemer_rumania","twitter_site":"@asemer_rumania","twitter_misc":{"Escrito por":"Admin Asemer","Tiempo de lectura":"7 minutos"},"schema":{"@context":"https:\/\/schema.org","@graph":[{"@type":"Article","@id":"https:\/\/www.asemer.ro\/index.php\/2021\/02\/25\/las-exportaciones-de-espana-en-los-tiempos-de-covid-que-exporta-espana-a-rumania\/#article","isPartOf":{"@id":"https:\/\/www.asemer.ro\/index.php\/2021\/02\/25\/las-exportaciones-de-espana-en-los-tiempos-de-covid-que-exporta-espana-a-rumania\/"},"author":{"name":"Admin Asemer","@id":"https:\/\/www.asemer.ro\/#\/schema\/person\/36de47e444c0f1a7b737a035d40519f9"},"headline":"LAS EXPORTACIONES DE ESPA\u00d1A EN LOS TIEMPOS DE COVID. \u00bfQUE EXPORTA ESPA\u00d1A A RUMAN\u00cdA?","datePublished":"2021-02-25T14:11:47+00:00","dateModified":"2021-03-15T07:53:45+00:00","mainEntityOfPage":{"@id":"https:\/\/www.asemer.ro\/index.php\/2021\/02\/25\/las-exportaciones-de-espana-en-los-tiempos-de-covid-que-exporta-espana-a-rumania\/"},"wordCount":1489,"commentCount":0,"publisher":{"@id":"https:\/\/www.asemer.ro\/#organization"},"image":{"@id":"https:\/\/www.asemer.ro\/index.php\/2021\/02\/25\/las-exportaciones-de-espana-en-los-tiempos-de-covid-que-exporta-espana-a-rumania\/#primaryimage"},"thumbnailUrl":"http:\/\/www.asemer.ro\/wp-content\/uploads\/2021\/02\/exportaciones-en-tiempos-de-covid19.jpg","keywords":["espa\u00f1a","exportaciones","relaci\u00f3n comercial","rumania"],"articleSection":["Noticias","\u0218tiri","Web"],"inLanguage":"es","potentialAction":[{"@type":"CommentAction","name":"Comment","target":["https:\/\/www.asemer.ro\/index.php\/2021\/02\/25\/las-exportaciones-de-espana-en-los-tiempos-de-covid-que-exporta-espana-a-rumania\/#respond"]}]},{"@type":"WebPage","@id":"https:\/\/www.asemer.ro\/index.php\/2021\/02\/25\/las-exportaciones-de-espana-en-los-tiempos-de-covid-que-exporta-espana-a-rumania\/","url":"https:\/\/www.asemer.ro\/index.php\/2021\/02\/25\/las-exportaciones-de-espana-en-los-tiempos-de-covid-que-exporta-espana-a-rumania\/","name":"LAS EXPORTACIONES DE ESPA\u00d1A EN LOS TIEMPOS DE COVID. \u00bfQUE EXPORTA ESPA\u00d1A A RUMAN\u00cdA? - ASEMER","isPartOf":{"@id":"https:\/\/www.asemer.ro\/#website"},"primaryImageOfPage":{"@id":"https:\/\/www.asemer.ro\/index.php\/2021\/02\/25\/las-exportaciones-de-espana-en-los-tiempos-de-covid-que-exporta-espana-a-rumania\/#primaryimage"},"image":{"@id":"https:\/\/www.asemer.ro\/index.php\/2021\/02\/25\/las-exportaciones-de-espana-en-los-tiempos-de-covid-que-exporta-espana-a-rumania\/#primaryimage"},"thumbnailUrl":"http:\/\/www.asemer.ro\/wp-content\/uploads\/2021\/02\/exportaciones-en-tiempos-de-covid19.jpg","datePublished":"2021-02-25T14:11:47+00:00","dateModified":"2021-03-15T07:53:45+00:00","breadcrumb":{"@id":"https:\/\/www.asemer.ro\/index.php\/2021\/02\/25\/las-exportaciones-de-espana-en-los-tiempos-de-covid-que-exporta-espana-a-rumania\/#breadcrumb"},"inLanguage":"es","potentialAction":[{"@type":"ReadAction","target":["https:\/\/www.asemer.ro\/index.php\/2021\/02\/25\/las-exportaciones-de-espana-en-los-tiempos-de-covid-que-exporta-espana-a-rumania\/"]}]},{"@type":"ImageObject","inLanguage":"es","@id":"https:\/\/www.asemer.ro\/index.php\/2021\/02\/25\/las-exportaciones-de-espana-en-los-tiempos-de-covid-que-exporta-espana-a-rumania\/#primaryimage","url":"https:\/\/www.asemer.ro\/wp-content\/uploads\/2021\/02\/exportaciones-en-tiempos-de-covid19.jpg","contentUrl":"https:\/\/www.asemer.ro\/wp-content\/uploads\/2021\/02\/exportaciones-en-tiempos-de-covid19.jpg","width":1170,"height":732},{"@type":"BreadcrumbList","@id":"https:\/\/www.asemer.ro\/index.php\/2021\/02\/25\/las-exportaciones-de-espana-en-los-tiempos-de-covid-que-exporta-espana-a-rumania\/#breadcrumb","itemListElement":[{"@type":"ListItem","position":1,"name":"Home","item":"https:\/\/www.asemer.ro\/"},{"@type":"ListItem","position":2,"name":"LAS EXPORTACIONES DE ESPA\u00d1A EN LOS TIEMPOS DE COVID. \u00bfQUE EXPORTA ESPA\u00d1A A RUMAN\u00cdA?"}]},{"@type":"WebSite","@id":"https:\/\/www.asemer.ro\/#website","url":"https:\/\/www.asemer.ro\/","name":"ASEMER","description":"Asociaci\u00f3n de Empresas Espa\u00f1olas en Ruman\u00eda","publisher":{"@id":"https:\/\/www.asemer.ro\/#organization"},"potentialAction":[{"@type":"SearchAction","target":{"@type":"EntryPoint","urlTemplate":"https:\/\/www.asemer.ro\/?s={search_term_string}"},"query-input":{"@type":"PropertyValueSpecification","valueRequired":true,"valueName":"search_term_string"}}],"inLanguage":"es"},{"@type":"Organization","@id":"https:\/\/www.asemer.ro\/#organization","name":"ASEMER","url":"https:\/\/www.asemer.ro\/","logo":{"@type":"ImageObject","inLanguage":"es","@id":"https:\/\/www.asemer.ro\/#\/schema\/logo\/image\/","url":"https:\/\/www.asemer.ro\/wp-content\/uploads\/2020\/12\/logo-ASEMER-scaled.jpg","contentUrl":"https:\/\/www.asemer.ro\/wp-content\/uploads\/2020\/12\/logo-ASEMER-scaled.jpg","width":2560,"height":849,"caption":"ASEMER"},"image":{"@id":"https:\/\/www.asemer.ro\/#\/schema\/logo\/image\/"},"sameAs":["https:\/\/www.facebook.com\/asociacionasemer","https:\/\/x.com\/asemer_rumania","https:\/\/ro.linkedin.com\/in\/asemer-asociaci\u00f3n-empresas-espa\u00f1olas-en-ruman\u00eda-724772a6?trk=author_mini-profile_title","https:\/\/www.youtube.com\/channel\/UC73m8-BDsg857OL0Ogv5aQA\/videos"]},{"@type":"Person","@id":"https:\/\/www.asemer.ro\/#\/schema\/person\/36de47e444c0f1a7b737a035d40519f9","name":"Admin Asemer","image":{"@type":"ImageObject","inLanguage":"es","@id":"https:\/\/secure.gravatar.com\/avatar\/b64873d65b5be684e01a001c464789c445a7279ef3f177f5fbff5d83eb373299?s=96&d=mm&r=g","url":"https:\/\/secure.gravatar.com\/avatar\/b64873d65b5be684e01a001c464789c445a7279ef3f177f5fbff5d83eb373299?s=96&d=mm&r=g","contentUrl":"https:\/\/secure.gravatar.com\/avatar\/b64873d65b5be684e01a001c464789c445a7279ef3f177f5fbff5d83eb373299?s=96&d=mm&r=g","caption":"Admin Asemer"},"url":"https:\/\/www.asemer.ro\/index.php\/author\/admin\/"}]}},"_links":{"self":[{"href":"https:\/\/www.asemer.ro\/index.php\/wp-json\/wp\/v2\/posts\/5602","targetHints":{"allow":["GET"]}}],"collection":[{"href":"https:\/\/www.asemer.ro\/index.php\/wp-json\/wp\/v2\/posts"}],"about":[{"href":"https:\/\/www.asemer.ro\/index.php\/wp-json\/wp\/v2\/types\/post"}],"author":[{"embeddable":true,"href":"https:\/\/www.asemer.ro\/index.php\/wp-json\/wp\/v2\/users\/3"}],"replies":[{"embeddable":true,"href":"https:\/\/www.asemer.ro\/index.php\/wp-json\/wp\/v2\/comments?post=5602"}],"version-history":[{"count":16,"href":"https:\/\/www.asemer.ro\/index.php\/wp-json\/wp\/v2\/posts\/5602\/revisions"}],"predecessor-version":[{"id":5727,"href":"https:\/\/www.asemer.ro\/index.php\/wp-json\/wp\/v2\/posts\/5602\/revisions\/5727"}],"wp:attachment":[{"href":"https:\/\/www.asemer.ro\/index.php\/wp-json\/wp\/v2\/media?parent=5602"}],"wp:term":[{"taxonomy":"category","embeddable":true,"href":"https:\/\/www.asemer.ro\/index.php\/wp-json\/wp\/v2\/categories?post=5602"},{"taxonomy":"post_tag","embeddable":true,"href":"https:\/\/www.asemer.ro\/index.php\/wp-json\/wp\/v2\/tags?post=5602"}],"curies":[{"name":"wp","href":"https:\/\/api.w.org\/{rel}","templated":true}]}}