{"id":5653,"date":"2021-02-25T19:42:47","date_gmt":"2021-02-25T17:42:47","guid":{"rendered":"http:\/\/www.asemer.ro\/?p=5653"},"modified":"2021-10-13T16:51:59","modified_gmt":"2021-10-13T14:51:59","slug":"calma-descanso-de-calidad-a-buen-precio","status":"publish","type":"post","link":"https:\/\/www.asemer.ro\/index.php\/2021\/02\/25\/calma-descanso-de-calidad-a-buen-precio\/","title":{"rendered":"CALMA &#8211; Descanso de calidad a buen precio"},"content":{"rendered":"<p><span style=\"color: #000000;\"><img loading=\"lazy\" decoding=\"async\" class=\"aligncenter wp-image-5649 size-full\" src=\"http:\/\/www.asemer.ro\/wp-content\/uploads\/2021\/02\/calma-logo-1592926113.jpg\" alt=\"\" width=\"2140\" height=\"340\" srcset=\"https:\/\/www.asemer.ro\/wp-content\/uploads\/2021\/02\/calma-logo-1592926113.jpg 2140w, https:\/\/www.asemer.ro\/wp-content\/uploads\/2021\/02\/calma-logo-1592926113-300x48.jpg 300w, https:\/\/www.asemer.ro\/wp-content\/uploads\/2021\/02\/calma-logo-1592926113-1024x163.jpg 1024w, https:\/\/www.asemer.ro\/wp-content\/uploads\/2021\/02\/calma-logo-1592926113-768x122.jpg 768w, https:\/\/www.asemer.ro\/wp-content\/uploads\/2021\/02\/calma-logo-1592926113-1536x244.jpg 1536w, https:\/\/www.asemer.ro\/wp-content\/uploads\/2021\/02\/calma-logo-1592926113-2048x325.jpg 2048w, https:\/\/www.asemer.ro\/wp-content\/uploads\/2021\/02\/calma-logo-1592926113-720x114.jpg 720w\" sizes=\"auto, (max-width: 2140px) 100vw, 2140px\" \/><\/span><\/p>\n<hr>\n<p><span style=\"color: #000000;\"><a style=\"color: #000000;\" href=\"https:\/\/www.calma.ro\/\">Calma<\/a> fabrica colchones en sus instalaciones de Bolintin Deal (autopista Bucuresti-Pitesti, km 23), ofreciendo adem\u00e1s de productos de alta calidad, una gama variada de posibilidades, a un precio accesible. <\/span><\/p>\n<p><span style=\"color: #000000;\">Su administrador, Ram\u00f3n L\u00f3pez afirma: \u00abHemos logrado hacernos un hueco en un mercado tremendamente competitivo y saturado. Nuestra gama de productos ofrece la mejor alternativa para la elecci\u00f3n del colch\u00f3n apropiado para la salud y el confort de cada cliente. Dentro de nuestro sector de mercado estamos a la vanguardia enlas t\u00e9cnicas de fabricaci\u00f3n y materiales utilizados.\u00bb<\/span><\/p>\n<p><span style=\"color: #000000;\">\u00abConvencidos de la calidad de nuestros productos, nuestro inter\u00e9s se centra e en proveer a nuestros posibles clientes con todo tipo de informaci\u00f3n sobre la importancia de un buen colch\u00f3n para su salud.&nbsp; Adem\u00e1s de ofrecer un trato personalizado, consideramos necesario en informar al p\u00fablico general sobre la importancia de la calidad del sue\u00f1o y de los beneficios para la salud de las personas. M\u00e1s&nbsp; informaci\u00f3n la pod\u00e9is obtener a trav\u00e9s de nuestra p\u00e1gina <a style=\"color: #000000;\" href=\"http:\/\/www.calma.ro\/blog\">calma.ro<\/a>.\u00bb<\/span><\/p>\n<p><span style=\"color: #000000;\"><img loading=\"lazy\" decoding=\"async\" class=\"aligncenter wp-image-5648 size-full\" src=\"http:\/\/www.asemer.ro\/wp-content\/uploads\/2021\/02\/calma.png\" alt=\"\" width=\"1892\" height=\"597\" srcset=\"https:\/\/www.asemer.ro\/wp-content\/uploads\/2021\/02\/calma.png 1892w, https:\/\/www.asemer.ro\/wp-content\/uploads\/2021\/02\/calma-300x95.png 300w, https:\/\/www.asemer.ro\/wp-content\/uploads\/2021\/02\/calma-1024x323.png 1024w, https:\/\/www.asemer.ro\/wp-content\/uploads\/2021\/02\/calma-768x242.png 768w, https:\/\/www.asemer.ro\/wp-content\/uploads\/2021\/02\/calma-1536x485.png 1536w, https:\/\/www.asemer.ro\/wp-content\/uploads\/2021\/02\/calma-720x227.png 720w\" sizes=\"auto, (max-width: 1892px) 100vw, 1892px\" \/><\/span><\/p>\n<p><span style=\"color: #000000;\">Ram\u00f3n a\u00f1ade: \u201cPara nosotros es muy importante educar sobre estos aspectos, porque si bien al principio no todos buscan comprar, con el tiempo nuestros productos beneficiar\u00e1n de las preferencias de quienes est\u00e1n bien informados sobre las posibilidades de c\u00f3mo mejorar la calidad del sue\u00f1o y su descanso. Informar y poner a disposici\u00f3n de nuestros clientes una gama variada de productos, a buen precio, son los ejes principales de nuestra pol\u00edtica de comercializaci\u00f3n. Consideramos que, dentro de nuestro sector, estas son las claves que nos permiten desarrollar nuestro negocio a largo plazo, reforzando adem\u00e1s nuestro papel de productor de confianza con nuestro servicio post-venta.\u201d<\/span><\/p>\n<p><span style=\"color: #000000;\">Calma est\u00e1 presente en Ruman\u00eda desde 2010 y, en opini\u00f3n de su administrador, ASEMER deber\u00e1 prestar a sus asociados no s\u00f3lo un servicio de networking interno, sino tambi\u00e9n y principalmente, promover las posibilidades de crecimiento de sus asociados a nivel nacional. En este sentido, considera muy importante obtener mayor visibilidad y reputaci\u00f3n dentro de las asociaciones empresariales.<\/span><\/p>\n","protected":false},"excerpt":{"rendered":"<p>Calma fabrica colchones en sus instalaciones de Bolintin Deal (autopista Bucuresti-Pitesti, km 23), ofreciendo adem\u00e1s de productos de alta calidad, [&hellip;]<\/p>\n","protected":false},"author":3,"featured_media":0,"comment_status":"open","ping_status":"open","sticky":false,"template":"","format":"standard","meta":{"footnotes":""},"categories":[47],"tags":[56,51,50,49,48],"class_list":["post-5653","post","type-post","status-publish","format-standard","hentry","category-proyectos-y-empresas","tag-empresas","tag-espanoles","tag-proyectos","tag-publicidad","tag-reportaje"],"yoast_head":"<!-- This site is optimized with the Yoast SEO plugin v27.5 - https:\/\/yoast.com\/product\/yoast-seo-wordpress\/ -->\n<title>CALMA - Descanso de calidad a buen precio - ASEMER<\/title>\n<meta name=\"robots\" content=\"index, follow, max-snippet:-1, max-image-preview:large, max-video-preview:-1\" \/>\n<link rel=\"canonical\" href=\"https:\/\/www.asemer.ro\/index.php\/2021\/02\/25\/calma-descanso-de-calidad-a-buen-precio\/\" \/>\n<meta property=\"og:locale\" content=\"es_ES\" \/>\n<meta property=\"og:type\" content=\"article\" \/>\n<meta property=\"og:title\" content=\"CALMA - Descanso de calidad a buen precio - ASEMER\" \/>\n<meta property=\"og:description\" content=\"Calma fabrica colchones en sus instalaciones de Bolintin Deal (autopista Bucuresti-Pitesti, km 23), ofreciendo adem\u00e1s de productos de alta calidad, [&hellip;]\" \/>\n<meta property=\"og:url\" content=\"https:\/\/www.asemer.ro\/index.php\/2021\/02\/25\/calma-descanso-de-calidad-a-buen-precio\/\" \/>\n<meta property=\"og:site_name\" content=\"ASEMER\" \/>\n<meta property=\"article:publisher\" content=\"https:\/\/www.facebook.com\/asociacionasemer\" \/>\n<meta property=\"article:published_time\" content=\"2021-02-25T17:42:47+00:00\" \/>\n<meta property=\"article:modified_time\" content=\"2021-10-13T14:51:59+00:00\" \/>\n<meta property=\"og:image\" content=\"http:\/\/www.asemer.ro\/wp-content\/uploads\/2021\/02\/calma-logo-1592926113.jpg\" \/>\n<meta name=\"author\" content=\"Admin Asemer\" \/>\n<meta name=\"twitter:card\" content=\"summary_large_image\" \/>\n<meta name=\"twitter:creator\" content=\"@asemer_rumania\" \/>\n<meta name=\"twitter:site\" content=\"@asemer_rumania\" \/>\n<meta name=\"twitter:label1\" content=\"Escrito por\" \/>\n\t<meta name=\"twitter:data1\" content=\"Admin Asemer\" \/>\n\t<meta name=\"twitter:label2\" content=\"Tiempo de lectura\" \/>\n\t<meta name=\"twitter:data2\" content=\"2 minutos\" \/>\n<script type=\"application\/ld+json\" class=\"yoast-schema-graph\">{\"@context\":\"https:\\\/\\\/schema.org\",\"@graph\":[{\"@type\":\"Article\",\"@id\":\"https:\\\/\\\/www.asemer.ro\\\/index.php\\\/2021\\\/02\\\/25\\\/calma-descanso-de-calidad-a-buen-precio\\\/#article\",\"isPartOf\":{\"@id\":\"https:\\\/\\\/www.asemer.ro\\\/index.php\\\/2021\\\/02\\\/25\\\/calma-descanso-de-calidad-a-buen-precio\\\/\"},\"author\":{\"name\":\"Admin Asemer\",\"@id\":\"https:\\\/\\\/www.asemer.ro\\\/#\\\/schema\\\/person\\\/36de47e444c0f1a7b737a035d40519f9\"},\"headline\":\"CALMA &#8211; Descanso de calidad a buen precio\",\"datePublished\":\"2021-02-25T17:42:47+00:00\",\"dateModified\":\"2021-10-13T14:51:59+00:00\",\"mainEntityOfPage\":{\"@id\":\"https:\\\/\\\/www.asemer.ro\\\/index.php\\\/2021\\\/02\\\/25\\\/calma-descanso-de-calidad-a-buen-precio\\\/\"},\"wordCount\":363,\"commentCount\":0,\"publisher\":{\"@id\":\"https:\\\/\\\/www.asemer.ro\\\/#organization\"},\"image\":{\"@id\":\"https:\\\/\\\/www.asemer.ro\\\/index.php\\\/2021\\\/02\\\/25\\\/calma-descanso-de-calidad-a-buen-precio\\\/#primaryimage\"},\"thumbnailUrl\":\"http:\\\/\\\/www.asemer.ro\\\/wp-content\\\/uploads\\\/2021\\\/02\\\/calma-logo-1592926113.jpg\",\"keywords\":[\"empresas\",\"espa\u00f1oles\",\"proyectos\",\"publicidad\",\"reportaje\"],\"articleSection\":[\"Proyectos y empresas\"],\"inLanguage\":\"es\",\"potentialAction\":[{\"@type\":\"CommentAction\",\"name\":\"Comment\",\"target\":[\"https:\\\/\\\/www.asemer.ro\\\/index.php\\\/2021\\\/02\\\/25\\\/calma-descanso-de-calidad-a-buen-precio\\\/#respond\"]}]},{\"@type\":\"WebPage\",\"@id\":\"https:\\\/\\\/www.asemer.ro\\\/index.php\\\/2021\\\/02\\\/25\\\/calma-descanso-de-calidad-a-buen-precio\\\/\",\"url\":\"https:\\\/\\\/www.asemer.ro\\\/index.php\\\/2021\\\/02\\\/25\\\/calma-descanso-de-calidad-a-buen-precio\\\/\",\"name\":\"CALMA - Descanso de calidad a buen precio - ASEMER\",\"isPartOf\":{\"@id\":\"https:\\\/\\\/www.asemer.ro\\\/#website\"},\"primaryImageOfPage\":{\"@id\":\"https:\\\/\\\/www.asemer.ro\\\/index.php\\\/2021\\\/02\\\/25\\\/calma-descanso-de-calidad-a-buen-precio\\\/#primaryimage\"},\"image\":{\"@id\":\"https:\\\/\\\/www.asemer.ro\\\/index.php\\\/2021\\\/02\\\/25\\\/calma-descanso-de-calidad-a-buen-precio\\\/#primaryimage\"},\"thumbnailUrl\":\"http:\\\/\\\/www.asemer.ro\\\/wp-content\\\/uploads\\\/2021\\\/02\\\/calma-logo-1592926113.jpg\",\"datePublished\":\"2021-02-25T17:42:47+00:00\",\"dateModified\":\"2021-10-13T14:51:59+00:00\",\"breadcrumb\":{\"@id\":\"https:\\\/\\\/www.asemer.ro\\\/index.php\\\/2021\\\/02\\\/25\\\/calma-descanso-de-calidad-a-buen-precio\\\/#breadcrumb\"},\"inLanguage\":\"es\",\"potentialAction\":[{\"@type\":\"ReadAction\",\"target\":[\"https:\\\/\\\/www.asemer.ro\\\/index.php\\\/2021\\\/02\\\/25\\\/calma-descanso-de-calidad-a-buen-precio\\\/\"]}]},{\"@type\":\"ImageObject\",\"inLanguage\":\"es\",\"@id\":\"https:\\\/\\\/www.asemer.ro\\\/index.php\\\/2021\\\/02\\\/25\\\/calma-descanso-de-calidad-a-buen-precio\\\/#primaryimage\",\"url\":\"https:\\\/\\\/www.asemer.ro\\\/wp-content\\\/uploads\\\/2021\\\/02\\\/calma-logo-1592926113.jpg\",\"contentUrl\":\"https:\\\/\\\/www.asemer.ro\\\/wp-content\\\/uploads\\\/2021\\\/02\\\/calma-logo-1592926113.jpg\",\"width\":2140,\"height\":340},{\"@type\":\"BreadcrumbList\",\"@id\":\"https:\\\/\\\/www.asemer.ro\\\/index.php\\\/2021\\\/02\\\/25\\\/calma-descanso-de-calidad-a-buen-precio\\\/#breadcrumb\",\"itemListElement\":[{\"@type\":\"ListItem\",\"position\":1,\"name\":\"Home\",\"item\":\"https:\\\/\\\/www.asemer.ro\\\/\"},{\"@type\":\"ListItem\",\"position\":2,\"name\":\"CALMA &#8211; Descanso de calidad a buen precio\"}]},{\"@type\":\"WebSite\",\"@id\":\"https:\\\/\\\/www.asemer.ro\\\/#website\",\"url\":\"https:\\\/\\\/www.asemer.ro\\\/\",\"name\":\"ASEMER\",\"description\":\"Asociaci\u00f3n de Empresas Espa\u00f1olas en Ruman\u00eda\",\"publisher\":{\"@id\":\"https:\\\/\\\/www.asemer.ro\\\/#organization\"},\"potentialAction\":[{\"@type\":\"SearchAction\",\"target\":{\"@type\":\"EntryPoint\",\"urlTemplate\":\"https:\\\/\\\/www.asemer.ro\\\/?s={search_term_string}\"},\"query-input\":{\"@type\":\"PropertyValueSpecification\",\"valueRequired\":true,\"valueName\":\"search_term_string\"}}],\"inLanguage\":\"es\"},{\"@type\":\"Organization\",\"@id\":\"https:\\\/\\\/www.asemer.ro\\\/#organization\",\"name\":\"ASEMER\",\"url\":\"https:\\\/\\\/www.asemer.ro\\\/\",\"logo\":{\"@type\":\"ImageObject\",\"inLanguage\":\"es\",\"@id\":\"https:\\\/\\\/www.asemer.ro\\\/#\\\/schema\\\/logo\\\/image\\\/\",\"url\":\"https:\\\/\\\/www.asemer.ro\\\/wp-content\\\/uploads\\\/2020\\\/12\\\/logo-ASEMER-scaled.jpg\",\"contentUrl\":\"https:\\\/\\\/www.asemer.ro\\\/wp-content\\\/uploads\\\/2020\\\/12\\\/logo-ASEMER-scaled.jpg\",\"width\":2560,\"height\":849,\"caption\":\"ASEMER\"},\"image\":{\"@id\":\"https:\\\/\\\/www.asemer.ro\\\/#\\\/schema\\\/logo\\\/image\\\/\"},\"sameAs\":[\"https:\\\/\\\/www.facebook.com\\\/asociacionasemer\",\"https:\\\/\\\/x.com\\\/asemer_rumania\",\"https:\\\/\\\/ro.linkedin.com\\\/in\\\/asemer-asociaci\u00f3n-empresas-espa\u00f1olas-en-ruman\u00eda-724772a6?trk=author_mini-profile_title\",\"https:\\\/\\\/www.youtube.com\\\/channel\\\/UC73m8-BDsg857OL0Ogv5aQA\\\/videos\"]},{\"@type\":\"Person\",\"@id\":\"https:\\\/\\\/www.asemer.ro\\\/#\\\/schema\\\/person\\\/36de47e444c0f1a7b737a035d40519f9\",\"name\":\"Admin Asemer\",\"image\":{\"@type\":\"ImageObject\",\"inLanguage\":\"es\",\"@id\":\"https:\\\/\\\/secure.gravatar.com\\\/avatar\\\/b64873d65b5be684e01a001c464789c445a7279ef3f177f5fbff5d83eb373299?s=96&d=mm&r=g\",\"url\":\"https:\\\/\\\/secure.gravatar.com\\\/avatar\\\/b64873d65b5be684e01a001c464789c445a7279ef3f177f5fbff5d83eb373299?s=96&d=mm&r=g\",\"contentUrl\":\"https:\\\/\\\/secure.gravatar.com\\\/avatar\\\/b64873d65b5be684e01a001c464789c445a7279ef3f177f5fbff5d83eb373299?s=96&d=mm&r=g\",\"caption\":\"Admin Asemer\"},\"url\":\"https:\\\/\\\/www.asemer.ro\\\/index.php\\\/author\\\/admin\\\/\"}]}<\/script>\n<!-- \/ Yoast SEO plugin. -->","yoast_head_json":{"title":"CALMA - Descanso de calidad a buen precio - ASEMER","robots":{"index":"index","follow":"follow","max-snippet":"max-snippet:-1","max-image-preview":"max-image-preview:large","max-video-preview":"max-video-preview:-1"},"canonical":"https:\/\/www.asemer.ro\/index.php\/2021\/02\/25\/calma-descanso-de-calidad-a-buen-precio\/","og_locale":"es_ES","og_type":"article","og_title":"CALMA - Descanso de calidad a buen precio - ASEMER","og_description":"Calma fabrica colchones en sus instalaciones de Bolintin Deal (autopista Bucuresti-Pitesti, km 23), ofreciendo adem\u00e1s de productos de alta calidad, [&hellip;]","og_url":"https:\/\/www.asemer.ro\/index.php\/2021\/02\/25\/calma-descanso-de-calidad-a-buen-precio\/","og_site_name":"ASEMER","article_publisher":"https:\/\/www.facebook.com\/asociacionasemer","article_published_time":"2021-02-25T17:42:47+00:00","article_modified_time":"2021-10-13T14:51:59+00:00","og_image":[{"url":"http:\/\/www.asemer.ro\/wp-content\/uploads\/2021\/02\/calma-logo-1592926113.jpg","type":"","width":"","height":""}],"author":"Admin Asemer","twitter_card":"summary_large_image","twitter_creator":"@asemer_rumania","twitter_site":"@asemer_rumania","twitter_misc":{"Escrito por":"Admin Asemer","Tiempo de lectura":"2 minutos"},"schema":{"@context":"https:\/\/schema.org","@graph":[{"@type":"Article","@id":"https:\/\/www.asemer.ro\/index.php\/2021\/02\/25\/calma-descanso-de-calidad-a-buen-precio\/#article","isPartOf":{"@id":"https:\/\/www.asemer.ro\/index.php\/2021\/02\/25\/calma-descanso-de-calidad-a-buen-precio\/"},"author":{"name":"Admin Asemer","@id":"https:\/\/www.asemer.ro\/#\/schema\/person\/36de47e444c0f1a7b737a035d40519f9"},"headline":"CALMA &#8211; Descanso de calidad a buen precio","datePublished":"2021-02-25T17:42:47+00:00","dateModified":"2021-10-13T14:51:59+00:00","mainEntityOfPage":{"@id":"https:\/\/www.asemer.ro\/index.php\/2021\/02\/25\/calma-descanso-de-calidad-a-buen-precio\/"},"wordCount":363,"commentCount":0,"publisher":{"@id":"https:\/\/www.asemer.ro\/#organization"},"image":{"@id":"https:\/\/www.asemer.ro\/index.php\/2021\/02\/25\/calma-descanso-de-calidad-a-buen-precio\/#primaryimage"},"thumbnailUrl":"http:\/\/www.asemer.ro\/wp-content\/uploads\/2021\/02\/calma-logo-1592926113.jpg","keywords":["empresas","espa\u00f1oles","proyectos","publicidad","reportaje"],"articleSection":["Proyectos y empresas"],"inLanguage":"es","potentialAction":[{"@type":"CommentAction","name":"Comment","target":["https:\/\/www.asemer.ro\/index.php\/2021\/02\/25\/calma-descanso-de-calidad-a-buen-precio\/#respond"]}]},{"@type":"WebPage","@id":"https:\/\/www.asemer.ro\/index.php\/2021\/02\/25\/calma-descanso-de-calidad-a-buen-precio\/","url":"https:\/\/www.asemer.ro\/index.php\/2021\/02\/25\/calma-descanso-de-calidad-a-buen-precio\/","name":"CALMA - Descanso de calidad a buen precio - ASEMER","isPartOf":{"@id":"https:\/\/www.asemer.ro\/#website"},"primaryImageOfPage":{"@id":"https:\/\/www.asemer.ro\/index.php\/2021\/02\/25\/calma-descanso-de-calidad-a-buen-precio\/#primaryimage"},"image":{"@id":"https:\/\/www.asemer.ro\/index.php\/2021\/02\/25\/calma-descanso-de-calidad-a-buen-precio\/#primaryimage"},"thumbnailUrl":"http:\/\/www.asemer.ro\/wp-content\/uploads\/2021\/02\/calma-logo-1592926113.jpg","datePublished":"2021-02-25T17:42:47+00:00","dateModified":"2021-10-13T14:51:59+00:00","breadcrumb":{"@id":"https:\/\/www.asemer.ro\/index.php\/2021\/02\/25\/calma-descanso-de-calidad-a-buen-precio\/#breadcrumb"},"inLanguage":"es","potentialAction":[{"@type":"ReadAction","target":["https:\/\/www.asemer.ro\/index.php\/2021\/02\/25\/calma-descanso-de-calidad-a-buen-precio\/"]}]},{"@type":"ImageObject","inLanguage":"es","@id":"https:\/\/www.asemer.ro\/index.php\/2021\/02\/25\/calma-descanso-de-calidad-a-buen-precio\/#primaryimage","url":"https:\/\/www.asemer.ro\/wp-content\/uploads\/2021\/02\/calma-logo-1592926113.jpg","contentUrl":"https:\/\/www.asemer.ro\/wp-content\/uploads\/2021\/02\/calma-logo-1592926113.jpg","width":2140,"height":340},{"@type":"BreadcrumbList","@id":"https:\/\/www.asemer.ro\/index.php\/2021\/02\/25\/calma-descanso-de-calidad-a-buen-precio\/#breadcrumb","itemListElement":[{"@type":"ListItem","position":1,"name":"Home","item":"https:\/\/www.asemer.ro\/"},{"@type":"ListItem","position":2,"name":"CALMA &#8211; Descanso de calidad a buen precio"}]},{"@type":"WebSite","@id":"https:\/\/www.asemer.ro\/#website","url":"https:\/\/www.asemer.ro\/","name":"ASEMER","description":"Asociaci\u00f3n de Empresas Espa\u00f1olas en Ruman\u00eda","publisher":{"@id":"https:\/\/www.asemer.ro\/#organization"},"potentialAction":[{"@type":"SearchAction","target":{"@type":"EntryPoint","urlTemplate":"https:\/\/www.asemer.ro\/?s={search_term_string}"},"query-input":{"@type":"PropertyValueSpecification","valueRequired":true,"valueName":"search_term_string"}}],"inLanguage":"es"},{"@type":"Organization","@id":"https:\/\/www.asemer.ro\/#organization","name":"ASEMER","url":"https:\/\/www.asemer.ro\/","logo":{"@type":"ImageObject","inLanguage":"es","@id":"https:\/\/www.asemer.ro\/#\/schema\/logo\/image\/","url":"https:\/\/www.asemer.ro\/wp-content\/uploads\/2020\/12\/logo-ASEMER-scaled.jpg","contentUrl":"https:\/\/www.asemer.ro\/wp-content\/uploads\/2020\/12\/logo-ASEMER-scaled.jpg","width":2560,"height":849,"caption":"ASEMER"},"image":{"@id":"https:\/\/www.asemer.ro\/#\/schema\/logo\/image\/"},"sameAs":["https:\/\/www.facebook.com\/asociacionasemer","https:\/\/x.com\/asemer_rumania","https:\/\/ro.linkedin.com\/in\/asemer-asociaci\u00f3n-empresas-espa\u00f1olas-en-ruman\u00eda-724772a6?trk=author_mini-profile_title","https:\/\/www.youtube.com\/channel\/UC73m8-BDsg857OL0Ogv5aQA\/videos"]},{"@type":"Person","@id":"https:\/\/www.asemer.ro\/#\/schema\/person\/36de47e444c0f1a7b737a035d40519f9","name":"Admin Asemer","image":{"@type":"ImageObject","inLanguage":"es","@id":"https:\/\/secure.gravatar.com\/avatar\/b64873d65b5be684e01a001c464789c445a7279ef3f177f5fbff5d83eb373299?s=96&d=mm&r=g","url":"https:\/\/secure.gravatar.com\/avatar\/b64873d65b5be684e01a001c464789c445a7279ef3f177f5fbff5d83eb373299?s=96&d=mm&r=g","contentUrl":"https:\/\/secure.gravatar.com\/avatar\/b64873d65b5be684e01a001c464789c445a7279ef3f177f5fbff5d83eb373299?s=96&d=mm&r=g","caption":"Admin Asemer"},"url":"https:\/\/www.asemer.ro\/index.php\/author\/admin\/"}]}},"_links":{"self":[{"href":"https:\/\/www.asemer.ro\/index.php\/wp-json\/wp\/v2\/posts\/5653","targetHints":{"allow":["GET"]}}],"collection":[{"href":"https:\/\/www.asemer.ro\/index.php\/wp-json\/wp\/v2\/posts"}],"about":[{"href":"https:\/\/www.asemer.ro\/index.php\/wp-json\/wp\/v2\/types\/post"}],"author":[{"embeddable":true,"href":"https:\/\/www.asemer.ro\/index.php\/wp-json\/wp\/v2\/users\/3"}],"replies":[{"embeddable":true,"href":"https:\/\/www.asemer.ro\/index.php\/wp-json\/wp\/v2\/comments?post=5653"}],"version-history":[{"count":18,"href":"https:\/\/www.asemer.ro\/index.php\/wp-json\/wp\/v2\/posts\/5653\/revisions"}],"predecessor-version":[{"id":6693,"href":"https:\/\/www.asemer.ro\/index.php\/wp-json\/wp\/v2\/posts\/5653\/revisions\/6693"}],"wp:attachment":[{"href":"https:\/\/www.asemer.ro\/index.php\/wp-json\/wp\/v2\/media?parent=5653"}],"wp:term":[{"taxonomy":"category","embeddable":true,"href":"https:\/\/www.asemer.ro\/index.php\/wp-json\/wp\/v2\/categories?post=5653"},{"taxonomy":"post_tag","embeddable":true,"href":"https:\/\/www.asemer.ro\/index.php\/wp-json\/wp\/v2\/tags?post=5653"}],"curies":[{"name":"wp","href":"https:\/\/api.w.org\/{rel}","templated":true}]}}