{"id":6157,"date":"2021-04-29T19:10:31","date_gmt":"2021-04-29T17:10:31","guid":{"rendered":"https:\/\/www.asemer.ro\/?p=6157"},"modified":"2021-04-30T08:54:35","modified_gmt":"2021-04-30T06:54:35","slug":"entrevista-4","status":"publish","type":"post","link":"https:\/\/www.asemer.ro\/index.php\/2021\/04\/29\/entrevista-4\/","title":{"rendered":"ENTREVISTA"},"content":{"rendered":"<p style=\"text-align: center;\"><span style=\"color: #ff0000; font-size: 18pt;\"><strong>JES\u00daS DEL CERRO<\/strong><\/span><\/p>\n<p style=\"text-align: center;\"><strong>director y productor de cine espa\u00f1ol<\/strong><\/p>\n<blockquote><p><em><span style=\"font-size: 10pt;\">He tenido la suerte que el p\u00fablico rumano ha acogido muy bien mis proyectos. Por ejemplo mi pelicula Miami Bici es la m\u00e1s taquillera de la historia de Rumania y Vlad cada lunes era vista por m\u00e1s de un mill\u00f3n de espectadores y ahora est\u00e1 triunfando en Bulgaria.<\/span><\/em><\/p><\/blockquote>\n<hr \/>\n<ol>\n<li><span style=\"color: #000000;\"><strong>\u00bfCu\u00e1ndo y c\u00f3mo llegaste a Rumania y qu\u00e9 te anim\u00f3 a quedarte?<\/strong><\/span><\/li>\n<\/ol>\n<p><img loading=\"lazy\" decoding=\"async\" class=\"alignleft wp-image-6158 \" src=\"https:\/\/www.asemer.ro\/wp-content\/uploads\/2021\/04\/JESUS-1.jpg\" alt=\"\" width=\"247\" height=\"165\" srcset=\"https:\/\/www.asemer.ro\/wp-content\/uploads\/2021\/04\/JESUS-1.jpg 1280w, https:\/\/www.asemer.ro\/wp-content\/uploads\/2021\/04\/JESUS-1-300x200.jpg 300w, https:\/\/www.asemer.ro\/wp-content\/uploads\/2021\/04\/JESUS-1-1024x682.jpg 1024w, https:\/\/www.asemer.ro\/wp-content\/uploads\/2021\/04\/JESUS-1-768x512.jpg 768w, https:\/\/www.asemer.ro\/wp-content\/uploads\/2021\/04\/JESUS-1-720x480.jpg 720w, https:\/\/www.asemer.ro\/wp-content\/uploads\/2021\/04\/JESUS-1-272x182.jpg 272w\" sizes=\"auto, (max-width: 247px) 100vw, 247px\" \/>Llegu\u00e9 en octubre del 2006 como consultor de la versi\u00f3n\u00a0rumana de\u00a0<em>Un paso adelante<\/em>. Yo vivo donde est\u00e1n mis proyectos y desde entonces he tenido muchos y muy bonitos proyectos en Rumania, as\u00ed que he pasado mucho tiempo en Bucarest. En cualquier caso, yo siempre he mantenido mi casa en Madrid con lo que se puede decir que he vivido a caballo entre Madrid y Bucarest.<\/p>\n<ol start=\"2\">\n<li><span style=\"color: #000000;\"><strong>Has rodado varias pel\u00edculas y series en Rumania, \u00bfc\u00f3mo han sido acogidas por el p\u00fablico?<\/strong><\/span><\/li>\n<\/ol>\n<p>En esta profesi\u00f3n nunca tienes la seguridad que lo que hagas vaya a tener \u00e9xito, pero he tenido la suerte que el p\u00fablico rumano ha acogido muy bien mis proyectos.\u00a0<em>Miami Bici <\/em>por ejemplo es la pel\u00edcula rumana m\u00e1s taquillera de la historia y\u00a0<em>Vlad <\/em>cada lunes era vista por m\u00e1s de un mill\u00f3n de espectadores y ahora est\u00e1 triunfando en Bulgaria.<\/p>\n<ol start=\"3\">\n<li><span style=\"color: #000000;\"><strong> Has trabajado tanto en Espa\u00f1a como en Rumania, \u00bfexisten diferencias a la hora de trabajar?<\/strong><\/span><\/li>\n<\/ol>\n<p>Nuestro trabajo consiste en contar historias y eso es universal, por supuesto cada pa\u00eds tiene caracter\u00edsticas diferentes, pero en el mundo del cine rodar fuera de tu pa\u00eds o mezclar equipos de diferentes nacionalidades es una pr\u00e1ctica muy antigua con lo que estamos acostumbrados a trabajar con gente de muchos pa\u00edses y en muchos pa\u00edses, yo por ejemplo he rodado en Grecia, EEUU, Argentina, Inglaterra, Puerto Rico, Francia, Turqu\u00eda, Marruecos, Chequia y por supuesto en Espa\u00f1a y Rumania. Es a\u00fan m\u00e1s divertido.<img loading=\"lazy\" decoding=\"async\" class=\"alignright wp-image-6159 \" src=\"https:\/\/www.asemer.ro\/wp-content\/uploads\/2021\/04\/77394963_1024245647924651_2094533173756035072_n.jpg\" alt=\"\" width=\"176\" height=\"234\" srcset=\"https:\/\/www.asemer.ro\/wp-content\/uploads\/2021\/04\/77394963_1024245647924651_2094533173756035072_n.jpg 720w, https:\/\/www.asemer.ro\/wp-content\/uploads\/2021\/04\/77394963_1024245647924651_2094533173756035072_n-225x300.jpg 225w, https:\/\/www.asemer.ro\/wp-content\/uploads\/2021\/04\/77394963_1024245647924651_2094533173756035072_n-576x768.jpg 576w\" sizes=\"auto, (max-width: 176px) 100vw, 176px\" \/><\/p>\n<ol start=\"4\">\n<li><span style=\"color: #000000;\"><strong>\u00bfCu\u00e1les son los principales cambios que has notado desde tu llegada al pa\u00eds? \u00bfY en la industria del cine rumano?<\/strong><\/span><\/li>\n<\/ol>\n<p>Creo que Rumania ha cambiado mucho en estos catorce a\u00f1os, la modernizaci\u00f3n es muy clara y eso est\u00e1 muy bien, aunque a\u00fan queda mucho por hacer. En la industria del cine la diferencia m\u00e1s palpable es el n\u00famero de salas. Pr\u00e1cticamente el n\u00famero se ha cuadruplicado con lo que tenemos m\u00e1s posibilidades de llegar a los espectadores.<\/p>\n<ol start=\"5\">\n<li><span style=\"color: #000000;\"><strong>\u00bfUn aspecto positivo y uno negativo que destacar\u00edas a la hora de hacer negocios o trabajar en Rumania?<\/strong><\/span><\/li>\n<\/ol>\n<p>Yo puedo hablar del mundo del cine y en mi caso lo m\u00e1s positivo es la libertad a la hora de afrontar los proyectos, puedo decir que hago casi lo que me da la gana y eso como director es muy importante. Lo negativo es que la industria es peque\u00f1a. En Espa\u00f1a se pueden rodar al a\u00f1o cincuenta series y ciento veinte pel\u00edculas, en Rumania seis o siete series y veinte pel\u00edculas. Menos proyectos, menos espectadores y en rumano, un idioma mucho menos internacional que el espa\u00f1ol.<\/p>\n<ol start=\"6\">\n<li><span style=\"color: #000000;\"><strong>\u00bfUn cambio que te gustar\u00eda ver en el pa\u00eds?<\/strong><\/span><\/li>\n<\/ol>\n<p>Las ciudades rumanas tienen una arquitectura muy bonita, pero pocos edificios est\u00e1n rehabilitados. Creo que ser\u00eda un espect\u00e1culo ver esas calles y avenidas con todos los edificios rehabilitados, eso me gustar\u00eda ver: Bucarest en primavera con todos sus edificios luciendo sus mejores galas. Tambi\u00e9n me gustar\u00eda llegar a Brasov en hora y media, no ir de bache en bache por las carreteras\u2026 en fin muchas cosas.<img loading=\"lazy\" decoding=\"async\" class=\"alignleft wp-image-6160 \" src=\"https:\/\/www.asemer.ro\/wp-content\/uploads\/2021\/04\/1203399476261822614242752148791987824296840n.jpg\" alt=\"\" width=\"134\" height=\"201\" srcset=\"https:\/\/www.asemer.ro\/wp-content\/uploads\/2021\/04\/1203399476261822614242752148791987824296840n.jpg 1066w, https:\/\/www.asemer.ro\/wp-content\/uploads\/2021\/04\/1203399476261822614242752148791987824296840n-200x300.jpg 200w, https:\/\/www.asemer.ro\/wp-content\/uploads\/2021\/04\/1203399476261822614242752148791987824296840n-682x1024.jpg 682w, https:\/\/www.asemer.ro\/wp-content\/uploads\/2021\/04\/1203399476261822614242752148791987824296840n-768x1153.jpg 768w, https:\/\/www.asemer.ro\/wp-content\/uploads\/2021\/04\/1203399476261822614242752148791987824296840n-512x768.jpg 512w, https:\/\/www.asemer.ro\/wp-content\/uploads\/2021\/04\/1203399476261822614242752148791987824296840n-1023x1536.jpg 1023w, https:\/\/www.asemer.ro\/wp-content\/uploads\/2021\/04\/1203399476261822614242752148791987824296840n-720x1081.jpg 720w\" sizes=\"auto, (max-width: 134px) 100vw, 134px\" \/><\/p>\n<ol start=\"7\">\n<li><span style=\"color: #000000;\"><strong>\u00bfQu\u00e9 consejo dar\u00edas a un cineasta que est\u00e9 pensando hacer pel\u00edculas o series en Rumania?<\/strong><\/span><\/li>\n<\/ol>\n<p>No me gusta dar consejos a nadie. Creo que no soy nadie para dar consejos. Cada cual debe hacer lo que su experiencia e intuici\u00f3n le indiquen. Pero si puedo decirles que en Rumania hay equipos muy profesionales y se rueda muy bien.<\/p>\n<p><strong>\u00a0<\/strong><\/p>\n","protected":false},"excerpt":{"rendered":"<p>JES\u00daS DEL CERRO director y productor de cine espa\u00f1ol He tenido la suerte que el p\u00fablico rumano ha acogido muy [&hellip;]<\/p>\n","protected":false},"author":3,"featured_media":0,"comment_status":"open","ping_status":"open","sticky":false,"template":"","format":"standard","meta":{"footnotes":""},"categories":[54],"tags":[109,51,59],"class_list":["post-6157","post","type-post","status-publish","format-standard","hentry","category-entrevistas","tag-cine-espanol","tag-espanoles","tag-experiencias"],"yoast_head":"<!-- This site is optimized with the Yoast SEO plugin v27.5 - https:\/\/yoast.com\/product\/yoast-seo-wordpress\/ -->\n<title>ENTREVISTA - ASEMER<\/title>\n<meta name=\"robots\" content=\"index, follow, max-snippet:-1, max-image-preview:large, max-video-preview:-1\" \/>\n<link rel=\"canonical\" href=\"https:\/\/www.asemer.ro\/index.php\/2021\/04\/29\/entrevista-4\/\" \/>\n<meta property=\"og:locale\" content=\"es_ES\" \/>\n<meta property=\"og:type\" content=\"article\" \/>\n<meta property=\"og:title\" content=\"ENTREVISTA - ASEMER\" \/>\n<meta property=\"og:description\" content=\"JES\u00daS DEL CERRO director y productor de cine espa\u00f1ol He tenido la suerte que el p\u00fablico rumano ha acogido muy [&hellip;]\" \/>\n<meta property=\"og:url\" content=\"https:\/\/www.asemer.ro\/index.php\/2021\/04\/29\/entrevista-4\/\" \/>\n<meta property=\"og:site_name\" content=\"ASEMER\" \/>\n<meta property=\"article:publisher\" content=\"https:\/\/www.facebook.com\/asociacionasemer\" \/>\n<meta property=\"article:published_time\" content=\"2021-04-29T17:10:31+00:00\" \/>\n<meta property=\"article:modified_time\" content=\"2021-04-30T06:54:35+00:00\" \/>\n<meta property=\"og:image\" content=\"https:\/\/www.asemer.ro\/wp-content\/uploads\/2021\/04\/JESUS-1.jpg\" \/>\n<meta name=\"author\" content=\"Admin Asemer\" \/>\n<meta name=\"twitter:card\" content=\"summary_large_image\" \/>\n<meta name=\"twitter:creator\" content=\"@asemer_rumania\" \/>\n<meta name=\"twitter:site\" content=\"@asemer_rumania\" \/>\n<meta name=\"twitter:label1\" content=\"Escrito por\" \/>\n\t<meta name=\"twitter:data1\" content=\"Admin Asemer\" \/>\n\t<meta name=\"twitter:label2\" content=\"Tiempo de lectura\" \/>\n\t<meta name=\"twitter:data2\" content=\"4 minutos\" \/>\n<script type=\"application\/ld+json\" class=\"yoast-schema-graph\">{\"@context\":\"https:\\\/\\\/schema.org\",\"@graph\":[{\"@type\":\"Article\",\"@id\":\"https:\\\/\\\/www.asemer.ro\\\/index.php\\\/2021\\\/04\\\/29\\\/entrevista-4\\\/#article\",\"isPartOf\":{\"@id\":\"https:\\\/\\\/www.asemer.ro\\\/index.php\\\/2021\\\/04\\\/29\\\/entrevista-4\\\/\"},\"author\":{\"name\":\"Admin Asemer\",\"@id\":\"https:\\\/\\\/www.asemer.ro\\\/#\\\/schema\\\/person\\\/36de47e444c0f1a7b737a035d40519f9\"},\"headline\":\"ENTREVISTA\",\"datePublished\":\"2021-04-29T17:10:31+00:00\",\"dateModified\":\"2021-04-30T06:54:35+00:00\",\"mainEntityOfPage\":{\"@id\":\"https:\\\/\\\/www.asemer.ro\\\/index.php\\\/2021\\\/04\\\/29\\\/entrevista-4\\\/\"},\"wordCount\":684,\"commentCount\":0,\"publisher\":{\"@id\":\"https:\\\/\\\/www.asemer.ro\\\/#organization\"},\"image\":{\"@id\":\"https:\\\/\\\/www.asemer.ro\\\/index.php\\\/2021\\\/04\\\/29\\\/entrevista-4\\\/#primaryimage\"},\"thumbnailUrl\":\"https:\\\/\\\/www.asemer.ro\\\/wp-content\\\/uploads\\\/2021\\\/04\\\/JESUS-1.jpg\",\"keywords\":[\"cine espanol\",\"espa\u00f1oles\",\"experiencias\"],\"articleSection\":[\"entrevistas\"],\"inLanguage\":\"es\",\"potentialAction\":[{\"@type\":\"CommentAction\",\"name\":\"Comment\",\"target\":[\"https:\\\/\\\/www.asemer.ro\\\/index.php\\\/2021\\\/04\\\/29\\\/entrevista-4\\\/#respond\"]}]},{\"@type\":\"WebPage\",\"@id\":\"https:\\\/\\\/www.asemer.ro\\\/index.php\\\/2021\\\/04\\\/29\\\/entrevista-4\\\/\",\"url\":\"https:\\\/\\\/www.asemer.ro\\\/index.php\\\/2021\\\/04\\\/29\\\/entrevista-4\\\/\",\"name\":\"ENTREVISTA - ASEMER\",\"isPartOf\":{\"@id\":\"https:\\\/\\\/www.asemer.ro\\\/#website\"},\"primaryImageOfPage\":{\"@id\":\"https:\\\/\\\/www.asemer.ro\\\/index.php\\\/2021\\\/04\\\/29\\\/entrevista-4\\\/#primaryimage\"},\"image\":{\"@id\":\"https:\\\/\\\/www.asemer.ro\\\/index.php\\\/2021\\\/04\\\/29\\\/entrevista-4\\\/#primaryimage\"},\"thumbnailUrl\":\"https:\\\/\\\/www.asemer.ro\\\/wp-content\\\/uploads\\\/2021\\\/04\\\/JESUS-1.jpg\",\"datePublished\":\"2021-04-29T17:10:31+00:00\",\"dateModified\":\"2021-04-30T06:54:35+00:00\",\"breadcrumb\":{\"@id\":\"https:\\\/\\\/www.asemer.ro\\\/index.php\\\/2021\\\/04\\\/29\\\/entrevista-4\\\/#breadcrumb\"},\"inLanguage\":\"es\",\"potentialAction\":[{\"@type\":\"ReadAction\",\"target\":[\"https:\\\/\\\/www.asemer.ro\\\/index.php\\\/2021\\\/04\\\/29\\\/entrevista-4\\\/\"]}]},{\"@type\":\"ImageObject\",\"inLanguage\":\"es\",\"@id\":\"https:\\\/\\\/www.asemer.ro\\\/index.php\\\/2021\\\/04\\\/29\\\/entrevista-4\\\/#primaryimage\",\"url\":\"https:\\\/\\\/www.asemer.ro\\\/wp-content\\\/uploads\\\/2021\\\/04\\\/JESUS-1.jpg\",\"contentUrl\":\"https:\\\/\\\/www.asemer.ro\\\/wp-content\\\/uploads\\\/2021\\\/04\\\/JESUS-1.jpg\",\"width\":1280,\"height\":853},{\"@type\":\"BreadcrumbList\",\"@id\":\"https:\\\/\\\/www.asemer.ro\\\/index.php\\\/2021\\\/04\\\/29\\\/entrevista-4\\\/#breadcrumb\",\"itemListElement\":[{\"@type\":\"ListItem\",\"position\":1,\"name\":\"Home\",\"item\":\"https:\\\/\\\/www.asemer.ro\\\/\"},{\"@type\":\"ListItem\",\"position\":2,\"name\":\"ENTREVISTA\"}]},{\"@type\":\"WebSite\",\"@id\":\"https:\\\/\\\/www.asemer.ro\\\/#website\",\"url\":\"https:\\\/\\\/www.asemer.ro\\\/\",\"name\":\"ASEMER\",\"description\":\"Asociaci\u00f3n de Empresas Espa\u00f1olas en Ruman\u00eda\",\"publisher\":{\"@id\":\"https:\\\/\\\/www.asemer.ro\\\/#organization\"},\"potentialAction\":[{\"@type\":\"SearchAction\",\"target\":{\"@type\":\"EntryPoint\",\"urlTemplate\":\"https:\\\/\\\/www.asemer.ro\\\/?s={search_term_string}\"},\"query-input\":{\"@type\":\"PropertyValueSpecification\",\"valueRequired\":true,\"valueName\":\"search_term_string\"}}],\"inLanguage\":\"es\"},{\"@type\":\"Organization\",\"@id\":\"https:\\\/\\\/www.asemer.ro\\\/#organization\",\"name\":\"ASEMER\",\"url\":\"https:\\\/\\\/www.asemer.ro\\\/\",\"logo\":{\"@type\":\"ImageObject\",\"inLanguage\":\"es\",\"@id\":\"https:\\\/\\\/www.asemer.ro\\\/#\\\/schema\\\/logo\\\/image\\\/\",\"url\":\"https:\\\/\\\/www.asemer.ro\\\/wp-content\\\/uploads\\\/2020\\\/12\\\/logo-ASEMER-scaled.jpg\",\"contentUrl\":\"https:\\\/\\\/www.asemer.ro\\\/wp-content\\\/uploads\\\/2020\\\/12\\\/logo-ASEMER-scaled.jpg\",\"width\":2560,\"height\":849,\"caption\":\"ASEMER\"},\"image\":{\"@id\":\"https:\\\/\\\/www.asemer.ro\\\/#\\\/schema\\\/logo\\\/image\\\/\"},\"sameAs\":[\"https:\\\/\\\/www.facebook.com\\\/asociacionasemer\",\"https:\\\/\\\/x.com\\\/asemer_rumania\",\"https:\\\/\\\/ro.linkedin.com\\\/in\\\/asemer-asociaci\u00f3n-empresas-espa\u00f1olas-en-ruman\u00eda-724772a6?trk=author_mini-profile_title\",\"https:\\\/\\\/www.youtube.com\\\/channel\\\/UC73m8-BDsg857OL0Ogv5aQA\\\/videos\"]},{\"@type\":\"Person\",\"@id\":\"https:\\\/\\\/www.asemer.ro\\\/#\\\/schema\\\/person\\\/36de47e444c0f1a7b737a035d40519f9\",\"name\":\"Admin Asemer\",\"image\":{\"@type\":\"ImageObject\",\"inLanguage\":\"es\",\"@id\":\"https:\\\/\\\/secure.gravatar.com\\\/avatar\\\/b64873d65b5be684e01a001c464789c445a7279ef3f177f5fbff5d83eb373299?s=96&d=mm&r=g\",\"url\":\"https:\\\/\\\/secure.gravatar.com\\\/avatar\\\/b64873d65b5be684e01a001c464789c445a7279ef3f177f5fbff5d83eb373299?s=96&d=mm&r=g\",\"contentUrl\":\"https:\\\/\\\/secure.gravatar.com\\\/avatar\\\/b64873d65b5be684e01a001c464789c445a7279ef3f177f5fbff5d83eb373299?s=96&d=mm&r=g\",\"caption\":\"Admin Asemer\"},\"url\":\"https:\\\/\\\/www.asemer.ro\\\/index.php\\\/author\\\/admin\\\/\"}]}<\/script>\n<!-- \/ Yoast SEO plugin. -->","yoast_head_json":{"title":"ENTREVISTA - ASEMER","robots":{"index":"index","follow":"follow","max-snippet":"max-snippet:-1","max-image-preview":"max-image-preview:large","max-video-preview":"max-video-preview:-1"},"canonical":"https:\/\/www.asemer.ro\/index.php\/2021\/04\/29\/entrevista-4\/","og_locale":"es_ES","og_type":"article","og_title":"ENTREVISTA - ASEMER","og_description":"JES\u00daS DEL CERRO director y productor de cine espa\u00f1ol He tenido la suerte que el p\u00fablico rumano ha acogido muy [&hellip;]","og_url":"https:\/\/www.asemer.ro\/index.php\/2021\/04\/29\/entrevista-4\/","og_site_name":"ASEMER","article_publisher":"https:\/\/www.facebook.com\/asociacionasemer","article_published_time":"2021-04-29T17:10:31+00:00","article_modified_time":"2021-04-30T06:54:35+00:00","og_image":[{"url":"https:\/\/www.asemer.ro\/wp-content\/uploads\/2021\/04\/JESUS-1.jpg","type":"","width":"","height":""}],"author":"Admin Asemer","twitter_card":"summary_large_image","twitter_creator":"@asemer_rumania","twitter_site":"@asemer_rumania","twitter_misc":{"Escrito por":"Admin Asemer","Tiempo de lectura":"4 minutos"},"schema":{"@context":"https:\/\/schema.org","@graph":[{"@type":"Article","@id":"https:\/\/www.asemer.ro\/index.php\/2021\/04\/29\/entrevista-4\/#article","isPartOf":{"@id":"https:\/\/www.asemer.ro\/index.php\/2021\/04\/29\/entrevista-4\/"},"author":{"name":"Admin Asemer","@id":"https:\/\/www.asemer.ro\/#\/schema\/person\/36de47e444c0f1a7b737a035d40519f9"},"headline":"ENTREVISTA","datePublished":"2021-04-29T17:10:31+00:00","dateModified":"2021-04-30T06:54:35+00:00","mainEntityOfPage":{"@id":"https:\/\/www.asemer.ro\/index.php\/2021\/04\/29\/entrevista-4\/"},"wordCount":684,"commentCount":0,"publisher":{"@id":"https:\/\/www.asemer.ro\/#organization"},"image":{"@id":"https:\/\/www.asemer.ro\/index.php\/2021\/04\/29\/entrevista-4\/#primaryimage"},"thumbnailUrl":"https:\/\/www.asemer.ro\/wp-content\/uploads\/2021\/04\/JESUS-1.jpg","keywords":["cine espanol","espa\u00f1oles","experiencias"],"articleSection":["entrevistas"],"inLanguage":"es","potentialAction":[{"@type":"CommentAction","name":"Comment","target":["https:\/\/www.asemer.ro\/index.php\/2021\/04\/29\/entrevista-4\/#respond"]}]},{"@type":"WebPage","@id":"https:\/\/www.asemer.ro\/index.php\/2021\/04\/29\/entrevista-4\/","url":"https:\/\/www.asemer.ro\/index.php\/2021\/04\/29\/entrevista-4\/","name":"ENTREVISTA - ASEMER","isPartOf":{"@id":"https:\/\/www.asemer.ro\/#website"},"primaryImageOfPage":{"@id":"https:\/\/www.asemer.ro\/index.php\/2021\/04\/29\/entrevista-4\/#primaryimage"},"image":{"@id":"https:\/\/www.asemer.ro\/index.php\/2021\/04\/29\/entrevista-4\/#primaryimage"},"thumbnailUrl":"https:\/\/www.asemer.ro\/wp-content\/uploads\/2021\/04\/JESUS-1.jpg","datePublished":"2021-04-29T17:10:31+00:00","dateModified":"2021-04-30T06:54:35+00:00","breadcrumb":{"@id":"https:\/\/www.asemer.ro\/index.php\/2021\/04\/29\/entrevista-4\/#breadcrumb"},"inLanguage":"es","potentialAction":[{"@type":"ReadAction","target":["https:\/\/www.asemer.ro\/index.php\/2021\/04\/29\/entrevista-4\/"]}]},{"@type":"ImageObject","inLanguage":"es","@id":"https:\/\/www.asemer.ro\/index.php\/2021\/04\/29\/entrevista-4\/#primaryimage","url":"https:\/\/www.asemer.ro\/wp-content\/uploads\/2021\/04\/JESUS-1.jpg","contentUrl":"https:\/\/www.asemer.ro\/wp-content\/uploads\/2021\/04\/JESUS-1.jpg","width":1280,"height":853},{"@type":"BreadcrumbList","@id":"https:\/\/www.asemer.ro\/index.php\/2021\/04\/29\/entrevista-4\/#breadcrumb","itemListElement":[{"@type":"ListItem","position":1,"name":"Home","item":"https:\/\/www.asemer.ro\/"},{"@type":"ListItem","position":2,"name":"ENTREVISTA"}]},{"@type":"WebSite","@id":"https:\/\/www.asemer.ro\/#website","url":"https:\/\/www.asemer.ro\/","name":"ASEMER","description":"Asociaci\u00f3n de Empresas Espa\u00f1olas en Ruman\u00eda","publisher":{"@id":"https:\/\/www.asemer.ro\/#organization"},"potentialAction":[{"@type":"SearchAction","target":{"@type":"EntryPoint","urlTemplate":"https:\/\/www.asemer.ro\/?s={search_term_string}"},"query-input":{"@type":"PropertyValueSpecification","valueRequired":true,"valueName":"search_term_string"}}],"inLanguage":"es"},{"@type":"Organization","@id":"https:\/\/www.asemer.ro\/#organization","name":"ASEMER","url":"https:\/\/www.asemer.ro\/","logo":{"@type":"ImageObject","inLanguage":"es","@id":"https:\/\/www.asemer.ro\/#\/schema\/logo\/image\/","url":"https:\/\/www.asemer.ro\/wp-content\/uploads\/2020\/12\/logo-ASEMER-scaled.jpg","contentUrl":"https:\/\/www.asemer.ro\/wp-content\/uploads\/2020\/12\/logo-ASEMER-scaled.jpg","width":2560,"height":849,"caption":"ASEMER"},"image":{"@id":"https:\/\/www.asemer.ro\/#\/schema\/logo\/image\/"},"sameAs":["https:\/\/www.facebook.com\/asociacionasemer","https:\/\/x.com\/asemer_rumania","https:\/\/ro.linkedin.com\/in\/asemer-asociaci\u00f3n-empresas-espa\u00f1olas-en-ruman\u00eda-724772a6?trk=author_mini-profile_title","https:\/\/www.youtube.com\/channel\/UC73m8-BDsg857OL0Ogv5aQA\/videos"]},{"@type":"Person","@id":"https:\/\/www.asemer.ro\/#\/schema\/person\/36de47e444c0f1a7b737a035d40519f9","name":"Admin Asemer","image":{"@type":"ImageObject","inLanguage":"es","@id":"https:\/\/secure.gravatar.com\/avatar\/b64873d65b5be684e01a001c464789c445a7279ef3f177f5fbff5d83eb373299?s=96&d=mm&r=g","url":"https:\/\/secure.gravatar.com\/avatar\/b64873d65b5be684e01a001c464789c445a7279ef3f177f5fbff5d83eb373299?s=96&d=mm&r=g","contentUrl":"https:\/\/secure.gravatar.com\/avatar\/b64873d65b5be684e01a001c464789c445a7279ef3f177f5fbff5d83eb373299?s=96&d=mm&r=g","caption":"Admin Asemer"},"url":"https:\/\/www.asemer.ro\/index.php\/author\/admin\/"}]}},"_links":{"self":[{"href":"https:\/\/www.asemer.ro\/index.php\/wp-json\/wp\/v2\/posts\/6157","targetHints":{"allow":["GET"]}}],"collection":[{"href":"https:\/\/www.asemer.ro\/index.php\/wp-json\/wp\/v2\/posts"}],"about":[{"href":"https:\/\/www.asemer.ro\/index.php\/wp-json\/wp\/v2\/types\/post"}],"author":[{"embeddable":true,"href":"https:\/\/www.asemer.ro\/index.php\/wp-json\/wp\/v2\/users\/3"}],"replies":[{"embeddable":true,"href":"https:\/\/www.asemer.ro\/index.php\/wp-json\/wp\/v2\/comments?post=6157"}],"version-history":[{"count":5,"href":"https:\/\/www.asemer.ro\/index.php\/wp-json\/wp\/v2\/posts\/6157\/revisions"}],"predecessor-version":[{"id":6185,"href":"https:\/\/www.asemer.ro\/index.php\/wp-json\/wp\/v2\/posts\/6157\/revisions\/6185"}],"wp:attachment":[{"href":"https:\/\/www.asemer.ro\/index.php\/wp-json\/wp\/v2\/media?parent=6157"}],"wp:term":[{"taxonomy":"category","embeddable":true,"href":"https:\/\/www.asemer.ro\/index.php\/wp-json\/wp\/v2\/categories?post=6157"},{"taxonomy":"post_tag","embeddable":true,"href":"https:\/\/www.asemer.ro\/index.php\/wp-json\/wp\/v2\/tags?post=6157"}],"curies":[{"name":"wp","href":"https:\/\/api.w.org\/{rel}","templated":true}]}}