{"id":6234,"date":"2021-05-31T09:13:29","date_gmt":"2021-05-31T07:13:29","guid":{"rendered":"https:\/\/www.asemer.ro\/?p=6234"},"modified":"2021-05-31T09:39:52","modified_gmt":"2021-05-31T07:39:52","slug":"entrevista-5","status":"publish","type":"post","link":"https:\/\/www.asemer.ro\/index.php\/2021\/05\/31\/entrevista-5\/","title":{"rendered":"ENTREVISTA"},"content":{"rendered":"<p style=\"text-align: center;\"><span style=\"font-size: 18pt; color: #ff0000;\"><strong data-rich-text-format-boundary=\"true\">GABRIELA DIMA<\/strong><\/span><\/p>\n<p style=\"text-align: center;\"><strong>gerente general, Folder Carpatica SRL<\/strong><\/p>\n\n\n<blockquote class=\"wp-block-quote is-layout-flow wp-block-quote-is-layout-flow\"><p><em><sub>M\u00e1s all\u00e1 de solucionar los dos aspectos negativos anteriormente mencionados; ser\u00eda bueno un crecimiento en cantidad y calidad del tejido empresarial rumano. Las ventas a empresas en Ruman\u00eda, se encuentran claramente por debajo del porcentaje, sobre el total, que representan en Espa\u00f1a.<\/sub><\/em><\/p><\/blockquote>\n\n\n<ol>\n<li>\n<hr><span style=\"font-family: Roboto; color: #000000;\"><strong>Datos Personales (nombre y apellidos\/ profesi\u00f3n, empresa y sector\/)<\/strong><\/span><\/li>\n<\/ol>\n<p><span style=\"font-family: Roboto; color: #000000;\">Mi nombre es Gabriela Dima y soy Gerente General de Folder Carpatica SRL, una empresa que recoge toda la experiencia de Folder Papeler\u00edas S.A., con 149 tiendas en Espa\u00f1a, y que pretende convertirse en el medio plazo, al igual que ya lo es en Espa\u00f1a, en el L\u00edder del sector de venta de material de oficina y papeler\u00eda. <br><\/span><\/p>\n<ol start=\"2\">\n<li><span style=\"font-family: Roboto; color: #000000;\"><strong> Cu\u00e9ntanos algunas palabras sobre ti, sobre tu experiencia profesional \/ empresarial.<\/strong><\/span><\/li>\n<\/ol>\n<p><span style=\"font-family: Roboto; color: #000000;\">Eleg\u00ed trabajar en Rumania porque nuestro mercado ofrece suficientes desaf\u00edos para que uno pueda llegar a tener una verdadera satisfacci\u00f3n profesional. En los \u00faltimos 12 a\u00f1os he trabajado como Gerente en distintas empresas de retail que han optado por entrar en el mercado rumano. Desde hace cuatro a\u00f1os he estado liderando la compa\u00f1\u00eda Folder, siendo atra\u00edda desde el primer momento por el proyecto &#8211; \u00abLa papeler\u00eda del siglo XXI\u00bb.<\/span><\/p>\n<ol start=\"3\">\n<li><span style=\"font-family: Roboto; color: #000000;\"><strong> \u00bfCu\u00e1ndo y por qu\u00e9 inici\u00f3 su empresa \/ proyecto?<\/strong> <strong>\u00bfQu\u00e9 te motiv\u00f3 a iniciar este negocio \/ representar este negocio?<\/strong><\/span><\/li>\n<\/ol>\n<p><span style=\"font-family: Roboto; color: #000000;\"><img loading=\"lazy\" decoding=\"async\" class=\"alignleft wp-image-6235 \" src=\"https:\/\/www.asemer.ro\/wp-content\/uploads\/2021\/05\/2-scaled.jpg\" alt=\"\" width=\"285\" height=\"214\" srcset=\"https:\/\/www.asemer.ro\/wp-content\/uploads\/2021\/05\/2-scaled.jpg 2560w, https:\/\/www.asemer.ro\/wp-content\/uploads\/2021\/05\/2-300x225.jpg 300w, https:\/\/www.asemer.ro\/wp-content\/uploads\/2021\/05\/2-1024x768.jpg 1024w, https:\/\/www.asemer.ro\/wp-content\/uploads\/2021\/05\/2-768x576.jpg 768w, https:\/\/www.asemer.ro\/wp-content\/uploads\/2021\/05\/2-1536x1152.jpg 1536w, https:\/\/www.asemer.ro\/wp-content\/uploads\/2021\/05\/2-2048x1536.jpg 2048w, https:\/\/www.asemer.ro\/wp-content\/uploads\/2021\/05\/2-720x540.jpg 720w\" sizes=\"auto, (max-width: 285px) 100vw, 285px\" \/>Folder es una empresa familiar establecida en 2004, y sus socios han estado trabajando en el sector de la papeler\u00eda desde 1989. En 2017, Folder Papeler\u00edas se asocia con un fondo de inversi\u00f3n perteneciente a un grupo espa\u00f1ol que opera en el mercado rumano y as\u00ed nace Folder Carp\u00e1tica, inaugurando la primera tienda en diciembre de 2017. Fue \u2018amor a primera vista\u2019, ya que es un proyecto \u00fanico en el mercado, en este sector.<\/span><\/p>\n<ol start=\"4\">\n<li><span style=\"font-family: Roboto; color: #000000;\"><strong> \u00bfPuede describir su empresa \/ proyecto? \u00bfCu\u00e1l es la actividad principal, qu\u00e9 la diferencia de la competencia y a qu\u00e9 tipo de cliente se dirige?<\/strong><\/span><\/li>\n<\/ol>\n<p><span style=\"font-family: Roboto; color: #000000;\">Como mencionaba antes, Folder comenz\u00f3 como una empresa familiar, formada por profesionales con experiencia en el sector de venta de material de oficina y papeler\u00eda, con el deseo de desarrollar un modelo de franquicia para transferir sus conocimientos a empresarios o personas que quieran tener su propio negocio.<\/span><\/p>\n<p><span style=\"font-family: Roboto; color: #000000;\">Actualmente hay 149 tiendas Folder en Espa\u00f1a, de las cuales 129 son franquicias. En Ruman\u00eda, estamos preparados para implementar el mismo modelo, conociendo el mercado a trav\u00e9s de las cuatro tiendas propias abiertas hasta ahora.<\/span><\/p>\n<p><span style=\"font-family: Roboto; color: #000000;\">Folder es un concepto \u00fanico de tienda en el mercado rumano, que ofrece a sus clientes una amplia gama de material de oficina y papeler\u00eda, material escolar, regalos, art\u00edculos de manualidades, y tambi\u00e9n servicios como sellos, env\u00edos por DHL, fotocopias, impresiones, etc. Los art\u00edculos y marcas, menos conocidas en Rumania, que Folder ha introducido al mercado local, han tenido mucho \u00e9xito.<\/span><\/p>\n<p><span style=\"font-family: Roboto; color: #000000;\">Folder se dirige a clientes directos, que entran en la tienda, pero tambi\u00e9n a empresas o clientes que quieren comprar online a trav\u00e9s de <a style=\"color: #000000;\" href=\"http:\/\/www.folder.ro\">www.folder.ro<\/a>, y todo esto con un equipo de profesionales que est\u00e1n siempre dispuestos a ayudar a sus clientes.<\/span><\/p>\n<ol start=\"5\">\n<li><span style=\"font-family: Roboto; color: #000000;\"><strong> \u00bfCu\u00e1les son los valores que lo gu\u00edan en el manejo de su actividad? <\/strong><\/span><\/li>\n<\/ol>\n<p><span style=\"font-family: Roboto; color: #000000;\">Desde su creaci\u00f3n Folder ha apostado por un modelo en el que el trabajo en equipo, la calidad en el empleo, la igualdad de g\u00e9nero y el respeto al medio ambiente, son premisas sobre las que sustentar el modelo de negocio.<\/span><\/p>\n<p><span style=\"font-family: Roboto; color: #000000;\">En lo que concierne sostenibilidad, muchas han sido las inversiones para que la eficiencia energ\u00e9tica y el respeto al medio ambiente, se incorporen de manera natural a nuestra filosof\u00eda de negocio.<\/span><\/p>\n<ol start=\"6\">\n<li><span style=\"font-family: Roboto; color: #000000;\"><strong> \u00bfC\u00f3mo cree que ha evolucionado el mercado rumano en los \u00faltimos a\u00f1os? <\/strong><\/span><\/li>\n<\/ol>\n<p><span style=\"font-family: Roboto; color: #000000;\">Aunque hace ya varios a\u00f1os que se est\u00e1 hablado de la \u00aboficina sin papel\u00bb y las empresas est\u00e1n pasando por un intenso proceso de digitalizaci\u00f3n, la realidad es que la venta de material de oficina y papeler\u00eda no se ha estancado, por el contrario, ha aumentado. La raz\u00f3n de ello es el aumento continuo del intercambio de informaci\u00f3n en el entorno digital, que tambi\u00e9n conduce a menudo al uso de art\u00edculos de oficina y papeler\u00eda, lo que tiene como consecuencia el crecimiento del mercado.<img loading=\"lazy\" decoding=\"async\" class=\"alignright wp-image-6236 \" src=\"https:\/\/www.asemer.ro\/wp-content\/uploads\/2021\/05\/tienda-folder-1.jpg\" alt=\"\" width=\"359\" height=\"239\" srcset=\"https:\/\/www.asemer.ro\/wp-content\/uploads\/2021\/05\/tienda-folder-1.jpg 1024w, https:\/\/www.asemer.ro\/wp-content\/uploads\/2021\/05\/tienda-folder-1-300x200.jpg 300w, https:\/\/www.asemer.ro\/wp-content\/uploads\/2021\/05\/tienda-folder-1-768x512.jpg 768w, https:\/\/www.asemer.ro\/wp-content\/uploads\/2021\/05\/tienda-folder-1-391x260.jpg 391w, https:\/\/www.asemer.ro\/wp-content\/uploads\/2021\/05\/tienda-folder-1-720x480.jpg 720w, https:\/\/www.asemer.ro\/wp-content\/uploads\/2021\/05\/tienda-folder-1-272x182.jpg 272w\" sizes=\"auto, (max-width: 359px) 100vw, 359px\" \/><\/span><\/p>\n<p><span style=\"font-family: Roboto; color: #000000;\">El aumento de las ventas de material escolar y manualidades tambi\u00e9n es una realidad. Las tabletas y los tel\u00e9fonos m\u00f3viles coexisten con materiales escolares tradicionales y art\u00edculos de manualidades que desarrollan la creatividad y la habilidad de los ni\u00f1os. &nbsp;En los \u00faltimos a\u00f1os ha habido un gran \u00e9nfasis en este sector.<\/span><\/p>\n<ol start=\"7\">\n<li><span style=\"font-family: Roboto; color: #000000;\"><strong> \u00bfCrees que a\u00fan existen oportunidades de negocio en el pa\u00eds y c\u00f3mo crees que se podr\u00edan aprovechar? <\/strong><\/span><\/li>\n<\/ol>\n<p><span style=\"font-family: Roboto; color: #000000;\">Las oportunidades de negocio siguen existiendo en todos los sectores porque el mercado cambia constantemente y es normal que as\u00ed sea. No puedo hablar de otros sectores, pero en el sector de la papeler\u00eda, en Europa hay un boom en las franquicias de papeler\u00eda que estoy segura que esta \u201cllamando a la puerta\u00bb tambi\u00e9n en Ruman\u00eda. <br><\/span><\/p>\n<ol start=\"8\">\n<li><span style=\"font-family: Roboto; color: #000000;\"><strong> \u00bfPuede mencionar un aspecto positivo y uno negativo que destacar\u00eda al hacer negocios en Ruman\u00eda? <\/strong><\/span><\/li>\n<\/ol>\n<p><span style=\"font-family: Roboto; color: #000000;\">Positivo: Mercado con mucho potencial de desarrollo.<\/span><\/p>\n<p><span style=\"font-family: Roboto; color: #000000;\">Negativo: Alto precio de alquiler de locales comerciales, debido a la baja calidad y la escasez de espacios comerciales de calle en la ciudad. Operativa bancaria poco desarrolla, en comparaci\u00f3n con Espa\u00f1a.<\/span><\/p>\n<ol start=\"9\">\n<li><span style=\"font-family: Roboto; color: #000000;\"><strong> \u00bfQu\u00e9 cambio le gustar\u00eda ver en el pa\u00eds? <\/strong><\/span><\/li>\n<\/ol>\n<p><span style=\"font-family: Roboto; color: #000000;\">M\u00e1s all\u00e1 de solucionar los dos aspectos negativos anteriormente mencionados; ser\u00eda bueno un crecimiento en cantidad y calidad del tejido empresarial rumano. Las ventas a empresas en Ruman\u00eda, se encuentran claramente por debajo del porcentaje, sobre el total, que representan en Espa\u00f1a.<\/span><\/p>\n<ol start=\"10\">\n<li><span style=\"font-family: Roboto; color: #000000;\"><strong> \u00bfQu\u00e9 consejo le dar\u00eda a un emprendedor que est\u00e9 pensando en hacer negocios en Ruman\u00eda?<\/strong><\/span><\/li>\n<\/ol>\n<p><span style=\"font-family: Roboto; color: #000000;\">Estudiar cuidadosamente y sin prisas el entorno de negocio en el que se quiere participar.<\/span><\/p>\n<p><span style=\"font-family: Roboto; color: #000000;\">Y en el caso particular de la venta al por menor en calle, estudiar muy detenidamente las posibles ubicaciones comerciales; hay precios de alquiler que ahogar\u00e1n el negocio, inclusive con buenas ventas. Asegurarse de contar con un buen asesoramiento legal, que no tiene por qu\u00e9 ser el m\u00e1s caro ni mucho menos. Escoger un banco con fuerte desarrollo on-line, y relativamente \u00e1gil y flexible con la burocracia.<\/span><\/p>","protected":false},"excerpt":{"rendered":"<p>GABRIELA DIMA gerente general, Folder Carpatica SRL M\u00e1s all\u00e1 de solucionar los dos aspectos negativos anteriormente mencionados; ser\u00eda bueno un [&hellip;]<\/p>\n","protected":false},"author":3,"featured_media":0,"comment_status":"open","ping_status":"open","sticky":false,"template":"","format":"standard","meta":{"footnotes":""},"categories":[54],"tags":[60,59,67],"class_list":["post-6234","post","type-post","status-publish","format-standard","hentry","category-entrevistas","tag-empresarios","tag-experiencias","tag-rumanos"],"yoast_head":"<!-- This site is optimized with the Yoast SEO plugin v27.5 - https:\/\/yoast.com\/product\/yoast-seo-wordpress\/ -->\n<title>ENTREVISTA - ASEMER<\/title>\n<meta name=\"robots\" content=\"index, follow, max-snippet:-1, max-image-preview:large, max-video-preview:-1\" \/>\n<link rel=\"canonical\" href=\"https:\/\/www.asemer.ro\/index.php\/2021\/05\/31\/entrevista-5\/\" \/>\n<meta property=\"og:locale\" content=\"es_ES\" \/>\n<meta property=\"og:type\" content=\"article\" \/>\n<meta property=\"og:title\" content=\"ENTREVISTA - ASEMER\" \/>\n<meta property=\"og:description\" content=\"GABRIELA DIMA gerente general, Folder Carpatica SRL M\u00e1s all\u00e1 de solucionar los dos aspectos negativos anteriormente mencionados; ser\u00eda bueno un [&hellip;]\" \/>\n<meta property=\"og:url\" content=\"https:\/\/www.asemer.ro\/index.php\/2021\/05\/31\/entrevista-5\/\" \/>\n<meta property=\"og:site_name\" content=\"ASEMER\" \/>\n<meta property=\"article:publisher\" content=\"https:\/\/www.facebook.com\/asociacionasemer\" \/>\n<meta property=\"article:published_time\" content=\"2021-05-31T07:13:29+00:00\" \/>\n<meta property=\"article:modified_time\" content=\"2021-05-31T07:39:52+00:00\" \/>\n<meta property=\"og:image\" content=\"https:\/\/www.asemer.ro\/wp-content\/uploads\/2021\/05\/2-scaled.jpg\" \/>\n<meta name=\"author\" content=\"Admin Asemer\" \/>\n<meta name=\"twitter:card\" content=\"summary_large_image\" \/>\n<meta name=\"twitter:creator\" content=\"@asemer_rumania\" \/>\n<meta name=\"twitter:site\" content=\"@asemer_rumania\" \/>\n<meta name=\"twitter:label1\" content=\"Escrito por\" \/>\n\t<meta name=\"twitter:data1\" content=\"Admin Asemer\" \/>\n\t<meta name=\"twitter:label2\" content=\"Tiempo de lectura\" \/>\n\t<meta name=\"twitter:data2\" content=\"5 minutos\" \/>\n<script type=\"application\/ld+json\" class=\"yoast-schema-graph\">{\"@context\":\"https:\\\/\\\/schema.org\",\"@graph\":[{\"@type\":\"Article\",\"@id\":\"https:\\\/\\\/www.asemer.ro\\\/index.php\\\/2021\\\/05\\\/31\\\/entrevista-5\\\/#article\",\"isPartOf\":{\"@id\":\"https:\\\/\\\/www.asemer.ro\\\/index.php\\\/2021\\\/05\\\/31\\\/entrevista-5\\\/\"},\"author\":{\"name\":\"Admin Asemer\",\"@id\":\"https:\\\/\\\/www.asemer.ro\\\/#\\\/schema\\\/person\\\/36de47e444c0f1a7b737a035d40519f9\"},\"headline\":\"ENTREVISTA\",\"datePublished\":\"2021-05-31T07:13:29+00:00\",\"dateModified\":\"2021-05-31T07:39:52+00:00\",\"mainEntityOfPage\":{\"@id\":\"https:\\\/\\\/www.asemer.ro\\\/index.php\\\/2021\\\/05\\\/31\\\/entrevista-5\\\/\"},\"wordCount\":1082,\"commentCount\":0,\"publisher\":{\"@id\":\"https:\\\/\\\/www.asemer.ro\\\/#organization\"},\"image\":{\"@id\":\"https:\\\/\\\/www.asemer.ro\\\/index.php\\\/2021\\\/05\\\/31\\\/entrevista-5\\\/#primaryimage\"},\"thumbnailUrl\":\"https:\\\/\\\/www.asemer.ro\\\/wp-content\\\/uploads\\\/2021\\\/05\\\/2-scaled.jpg\",\"keywords\":[\"empresarios\",\"experiencias\",\"rumanos\"],\"articleSection\":[\"entrevistas\"],\"inLanguage\":\"es\",\"potentialAction\":[{\"@type\":\"CommentAction\",\"name\":\"Comment\",\"target\":[\"https:\\\/\\\/www.asemer.ro\\\/index.php\\\/2021\\\/05\\\/31\\\/entrevista-5\\\/#respond\"]}]},{\"@type\":\"WebPage\",\"@id\":\"https:\\\/\\\/www.asemer.ro\\\/index.php\\\/2021\\\/05\\\/31\\\/entrevista-5\\\/\",\"url\":\"https:\\\/\\\/www.asemer.ro\\\/index.php\\\/2021\\\/05\\\/31\\\/entrevista-5\\\/\",\"name\":\"ENTREVISTA - ASEMER\",\"isPartOf\":{\"@id\":\"https:\\\/\\\/www.asemer.ro\\\/#website\"},\"primaryImageOfPage\":{\"@id\":\"https:\\\/\\\/www.asemer.ro\\\/index.php\\\/2021\\\/05\\\/31\\\/entrevista-5\\\/#primaryimage\"},\"image\":{\"@id\":\"https:\\\/\\\/www.asemer.ro\\\/index.php\\\/2021\\\/05\\\/31\\\/entrevista-5\\\/#primaryimage\"},\"thumbnailUrl\":\"https:\\\/\\\/www.asemer.ro\\\/wp-content\\\/uploads\\\/2021\\\/05\\\/2-scaled.jpg\",\"datePublished\":\"2021-05-31T07:13:29+00:00\",\"dateModified\":\"2021-05-31T07:39:52+00:00\",\"breadcrumb\":{\"@id\":\"https:\\\/\\\/www.asemer.ro\\\/index.php\\\/2021\\\/05\\\/31\\\/entrevista-5\\\/#breadcrumb\"},\"inLanguage\":\"es\",\"potentialAction\":[{\"@type\":\"ReadAction\",\"target\":[\"https:\\\/\\\/www.asemer.ro\\\/index.php\\\/2021\\\/05\\\/31\\\/entrevista-5\\\/\"]}]},{\"@type\":\"ImageObject\",\"inLanguage\":\"es\",\"@id\":\"https:\\\/\\\/www.asemer.ro\\\/index.php\\\/2021\\\/05\\\/31\\\/entrevista-5\\\/#primaryimage\",\"url\":\"https:\\\/\\\/www.asemer.ro\\\/wp-content\\\/uploads\\\/2021\\\/05\\\/2-scaled.jpg\",\"contentUrl\":\"https:\\\/\\\/www.asemer.ro\\\/wp-content\\\/uploads\\\/2021\\\/05\\\/2-scaled.jpg\",\"width\":2560,\"height\":1920},{\"@type\":\"BreadcrumbList\",\"@id\":\"https:\\\/\\\/www.asemer.ro\\\/index.php\\\/2021\\\/05\\\/31\\\/entrevista-5\\\/#breadcrumb\",\"itemListElement\":[{\"@type\":\"ListItem\",\"position\":1,\"name\":\"Home\",\"item\":\"https:\\\/\\\/www.asemer.ro\\\/\"},{\"@type\":\"ListItem\",\"position\":2,\"name\":\"ENTREVISTA\"}]},{\"@type\":\"WebSite\",\"@id\":\"https:\\\/\\\/www.asemer.ro\\\/#website\",\"url\":\"https:\\\/\\\/www.asemer.ro\\\/\",\"name\":\"ASEMER\",\"description\":\"Asociaci\u00f3n de Empresas Espa\u00f1olas en Ruman\u00eda\",\"publisher\":{\"@id\":\"https:\\\/\\\/www.asemer.ro\\\/#organization\"},\"potentialAction\":[{\"@type\":\"SearchAction\",\"target\":{\"@type\":\"EntryPoint\",\"urlTemplate\":\"https:\\\/\\\/www.asemer.ro\\\/?s={search_term_string}\"},\"query-input\":{\"@type\":\"PropertyValueSpecification\",\"valueRequired\":true,\"valueName\":\"search_term_string\"}}],\"inLanguage\":\"es\"},{\"@type\":\"Organization\",\"@id\":\"https:\\\/\\\/www.asemer.ro\\\/#organization\",\"name\":\"ASEMER\",\"url\":\"https:\\\/\\\/www.asemer.ro\\\/\",\"logo\":{\"@type\":\"ImageObject\",\"inLanguage\":\"es\",\"@id\":\"https:\\\/\\\/www.asemer.ro\\\/#\\\/schema\\\/logo\\\/image\\\/\",\"url\":\"https:\\\/\\\/www.asemer.ro\\\/wp-content\\\/uploads\\\/2020\\\/12\\\/logo-ASEMER-scaled.jpg\",\"contentUrl\":\"https:\\\/\\\/www.asemer.ro\\\/wp-content\\\/uploads\\\/2020\\\/12\\\/logo-ASEMER-scaled.jpg\",\"width\":2560,\"height\":849,\"caption\":\"ASEMER\"},\"image\":{\"@id\":\"https:\\\/\\\/www.asemer.ro\\\/#\\\/schema\\\/logo\\\/image\\\/\"},\"sameAs\":[\"https:\\\/\\\/www.facebook.com\\\/asociacionasemer\",\"https:\\\/\\\/x.com\\\/asemer_rumania\",\"https:\\\/\\\/ro.linkedin.com\\\/in\\\/asemer-asociaci\u00f3n-empresas-espa\u00f1olas-en-ruman\u00eda-724772a6?trk=author_mini-profile_title\",\"https:\\\/\\\/www.youtube.com\\\/channel\\\/UC73m8-BDsg857OL0Ogv5aQA\\\/videos\"]},{\"@type\":\"Person\",\"@id\":\"https:\\\/\\\/www.asemer.ro\\\/#\\\/schema\\\/person\\\/36de47e444c0f1a7b737a035d40519f9\",\"name\":\"Admin Asemer\",\"image\":{\"@type\":\"ImageObject\",\"inLanguage\":\"es\",\"@id\":\"https:\\\/\\\/secure.gravatar.com\\\/avatar\\\/b64873d65b5be684e01a001c464789c445a7279ef3f177f5fbff5d83eb373299?s=96&d=mm&r=g\",\"url\":\"https:\\\/\\\/secure.gravatar.com\\\/avatar\\\/b64873d65b5be684e01a001c464789c445a7279ef3f177f5fbff5d83eb373299?s=96&d=mm&r=g\",\"contentUrl\":\"https:\\\/\\\/secure.gravatar.com\\\/avatar\\\/b64873d65b5be684e01a001c464789c445a7279ef3f177f5fbff5d83eb373299?s=96&d=mm&r=g\",\"caption\":\"Admin Asemer\"},\"url\":\"https:\\\/\\\/www.asemer.ro\\\/index.php\\\/author\\\/admin\\\/\"}]}<\/script>\n<!-- \/ Yoast SEO plugin. -->","yoast_head_json":{"title":"ENTREVISTA - ASEMER","robots":{"index":"index","follow":"follow","max-snippet":"max-snippet:-1","max-image-preview":"max-image-preview:large","max-video-preview":"max-video-preview:-1"},"canonical":"https:\/\/www.asemer.ro\/index.php\/2021\/05\/31\/entrevista-5\/","og_locale":"es_ES","og_type":"article","og_title":"ENTREVISTA - ASEMER","og_description":"GABRIELA DIMA gerente general, Folder Carpatica SRL M\u00e1s all\u00e1 de solucionar los dos aspectos negativos anteriormente mencionados; ser\u00eda bueno un [&hellip;]","og_url":"https:\/\/www.asemer.ro\/index.php\/2021\/05\/31\/entrevista-5\/","og_site_name":"ASEMER","article_publisher":"https:\/\/www.facebook.com\/asociacionasemer","article_published_time":"2021-05-31T07:13:29+00:00","article_modified_time":"2021-05-31T07:39:52+00:00","og_image":[{"url":"https:\/\/www.asemer.ro\/wp-content\/uploads\/2021\/05\/2-scaled.jpg","type":"","width":"","height":""}],"author":"Admin Asemer","twitter_card":"summary_large_image","twitter_creator":"@asemer_rumania","twitter_site":"@asemer_rumania","twitter_misc":{"Escrito por":"Admin Asemer","Tiempo de lectura":"5 minutos"},"schema":{"@context":"https:\/\/schema.org","@graph":[{"@type":"Article","@id":"https:\/\/www.asemer.ro\/index.php\/2021\/05\/31\/entrevista-5\/#article","isPartOf":{"@id":"https:\/\/www.asemer.ro\/index.php\/2021\/05\/31\/entrevista-5\/"},"author":{"name":"Admin Asemer","@id":"https:\/\/www.asemer.ro\/#\/schema\/person\/36de47e444c0f1a7b737a035d40519f9"},"headline":"ENTREVISTA","datePublished":"2021-05-31T07:13:29+00:00","dateModified":"2021-05-31T07:39:52+00:00","mainEntityOfPage":{"@id":"https:\/\/www.asemer.ro\/index.php\/2021\/05\/31\/entrevista-5\/"},"wordCount":1082,"commentCount":0,"publisher":{"@id":"https:\/\/www.asemer.ro\/#organization"},"image":{"@id":"https:\/\/www.asemer.ro\/index.php\/2021\/05\/31\/entrevista-5\/#primaryimage"},"thumbnailUrl":"https:\/\/www.asemer.ro\/wp-content\/uploads\/2021\/05\/2-scaled.jpg","keywords":["empresarios","experiencias","rumanos"],"articleSection":["entrevistas"],"inLanguage":"es","potentialAction":[{"@type":"CommentAction","name":"Comment","target":["https:\/\/www.asemer.ro\/index.php\/2021\/05\/31\/entrevista-5\/#respond"]}]},{"@type":"WebPage","@id":"https:\/\/www.asemer.ro\/index.php\/2021\/05\/31\/entrevista-5\/","url":"https:\/\/www.asemer.ro\/index.php\/2021\/05\/31\/entrevista-5\/","name":"ENTREVISTA - ASEMER","isPartOf":{"@id":"https:\/\/www.asemer.ro\/#website"},"primaryImageOfPage":{"@id":"https:\/\/www.asemer.ro\/index.php\/2021\/05\/31\/entrevista-5\/#primaryimage"},"image":{"@id":"https:\/\/www.asemer.ro\/index.php\/2021\/05\/31\/entrevista-5\/#primaryimage"},"thumbnailUrl":"https:\/\/www.asemer.ro\/wp-content\/uploads\/2021\/05\/2-scaled.jpg","datePublished":"2021-05-31T07:13:29+00:00","dateModified":"2021-05-31T07:39:52+00:00","breadcrumb":{"@id":"https:\/\/www.asemer.ro\/index.php\/2021\/05\/31\/entrevista-5\/#breadcrumb"},"inLanguage":"es","potentialAction":[{"@type":"ReadAction","target":["https:\/\/www.asemer.ro\/index.php\/2021\/05\/31\/entrevista-5\/"]}]},{"@type":"ImageObject","inLanguage":"es","@id":"https:\/\/www.asemer.ro\/index.php\/2021\/05\/31\/entrevista-5\/#primaryimage","url":"https:\/\/www.asemer.ro\/wp-content\/uploads\/2021\/05\/2-scaled.jpg","contentUrl":"https:\/\/www.asemer.ro\/wp-content\/uploads\/2021\/05\/2-scaled.jpg","width":2560,"height":1920},{"@type":"BreadcrumbList","@id":"https:\/\/www.asemer.ro\/index.php\/2021\/05\/31\/entrevista-5\/#breadcrumb","itemListElement":[{"@type":"ListItem","position":1,"name":"Home","item":"https:\/\/www.asemer.ro\/"},{"@type":"ListItem","position":2,"name":"ENTREVISTA"}]},{"@type":"WebSite","@id":"https:\/\/www.asemer.ro\/#website","url":"https:\/\/www.asemer.ro\/","name":"ASEMER","description":"Asociaci\u00f3n de Empresas Espa\u00f1olas en Ruman\u00eda","publisher":{"@id":"https:\/\/www.asemer.ro\/#organization"},"potentialAction":[{"@type":"SearchAction","target":{"@type":"EntryPoint","urlTemplate":"https:\/\/www.asemer.ro\/?s={search_term_string}"},"query-input":{"@type":"PropertyValueSpecification","valueRequired":true,"valueName":"search_term_string"}}],"inLanguage":"es"},{"@type":"Organization","@id":"https:\/\/www.asemer.ro\/#organization","name":"ASEMER","url":"https:\/\/www.asemer.ro\/","logo":{"@type":"ImageObject","inLanguage":"es","@id":"https:\/\/www.asemer.ro\/#\/schema\/logo\/image\/","url":"https:\/\/www.asemer.ro\/wp-content\/uploads\/2020\/12\/logo-ASEMER-scaled.jpg","contentUrl":"https:\/\/www.asemer.ro\/wp-content\/uploads\/2020\/12\/logo-ASEMER-scaled.jpg","width":2560,"height":849,"caption":"ASEMER"},"image":{"@id":"https:\/\/www.asemer.ro\/#\/schema\/logo\/image\/"},"sameAs":["https:\/\/www.facebook.com\/asociacionasemer","https:\/\/x.com\/asemer_rumania","https:\/\/ro.linkedin.com\/in\/asemer-asociaci\u00f3n-empresas-espa\u00f1olas-en-ruman\u00eda-724772a6?trk=author_mini-profile_title","https:\/\/www.youtube.com\/channel\/UC73m8-BDsg857OL0Ogv5aQA\/videos"]},{"@type":"Person","@id":"https:\/\/www.asemer.ro\/#\/schema\/person\/36de47e444c0f1a7b737a035d40519f9","name":"Admin Asemer","image":{"@type":"ImageObject","inLanguage":"es","@id":"https:\/\/secure.gravatar.com\/avatar\/b64873d65b5be684e01a001c464789c445a7279ef3f177f5fbff5d83eb373299?s=96&d=mm&r=g","url":"https:\/\/secure.gravatar.com\/avatar\/b64873d65b5be684e01a001c464789c445a7279ef3f177f5fbff5d83eb373299?s=96&d=mm&r=g","contentUrl":"https:\/\/secure.gravatar.com\/avatar\/b64873d65b5be684e01a001c464789c445a7279ef3f177f5fbff5d83eb373299?s=96&d=mm&r=g","caption":"Admin Asemer"},"url":"https:\/\/www.asemer.ro\/index.php\/author\/admin\/"}]}},"_links":{"self":[{"href":"https:\/\/www.asemer.ro\/index.php\/wp-json\/wp\/v2\/posts\/6234","targetHints":{"allow":["GET"]}}],"collection":[{"href":"https:\/\/www.asemer.ro\/index.php\/wp-json\/wp\/v2\/posts"}],"about":[{"href":"https:\/\/www.asemer.ro\/index.php\/wp-json\/wp\/v2\/types\/post"}],"author":[{"embeddable":true,"href":"https:\/\/www.asemer.ro\/index.php\/wp-json\/wp\/v2\/users\/3"}],"replies":[{"embeddable":true,"href":"https:\/\/www.asemer.ro\/index.php\/wp-json\/wp\/v2\/comments?post=6234"}],"version-history":[{"count":6,"href":"https:\/\/www.asemer.ro\/index.php\/wp-json\/wp\/v2\/posts\/6234\/revisions"}],"predecessor-version":[{"id":6250,"href":"https:\/\/www.asemer.ro\/index.php\/wp-json\/wp\/v2\/posts\/6234\/revisions\/6250"}],"wp:attachment":[{"href":"https:\/\/www.asemer.ro\/index.php\/wp-json\/wp\/v2\/media?parent=6234"}],"wp:term":[{"taxonomy":"category","embeddable":true,"href":"https:\/\/www.asemer.ro\/index.php\/wp-json\/wp\/v2\/categories?post=6234"},{"taxonomy":"post_tag","embeddable":true,"href":"https:\/\/www.asemer.ro\/index.php\/wp-json\/wp\/v2\/tags?post=6234"}],"curies":[{"name":"wp","href":"https:\/\/api.w.org\/{rel}","templated":true}]}}