{"id":6378,"date":"2021-06-29T10:47:38","date_gmt":"2021-06-29T08:47:38","guid":{"rendered":"https:\/\/www.asemer.ro\/?p=6378"},"modified":"2021-06-29T15:52:50","modified_gmt":"2021-06-29T13:52:50","slug":"espana-rumania-en-avion","status":"publish","type":"post","link":"https:\/\/www.asemer.ro\/index.php\/2021\/06\/29\/espana-rumania-en-avion\/","title":{"rendered":"ESPA\u00d1A-RUMAN\u00cdA EN AVI\u00d3N"},"content":{"rendered":"<p><span style=\"color: #000000;\"><img loading=\"lazy\" decoding=\"async\" class=\"aligncenter wp-image-6379 size-full\" src=\"https:\/\/www.asemer.ro\/wp-content\/uploads\/2021\/06\/Aeroportul-Henri-Coanda-Otopeni1.jpg\" alt=\"\" width=\"960\" height=\"591\" srcset=\"https:\/\/www.asemer.ro\/wp-content\/uploads\/2021\/06\/Aeroportul-Henri-Coanda-Otopeni1.jpg 960w, https:\/\/www.asemer.ro\/wp-content\/uploads\/2021\/06\/Aeroportul-Henri-Coanda-Otopeni1-300x185.jpg 300w, https:\/\/www.asemer.ro\/wp-content\/uploads\/2021\/06\/Aeroportul-Henri-Coanda-Otopeni1-768x473.jpg 768w, https:\/\/www.asemer.ro\/wp-content\/uploads\/2021\/06\/Aeroportul-Henri-Coanda-Otopeni1-720x443.jpg 720w\" sizes=\"auto, (max-width: 960px) 100vw, 960px\" \/><\/span><\/p>\n<hr \/>\n<p><span style=\"color: #000000;\">Espa\u00f1a y Ruman\u00eda, aunque son dos pa\u00edses situados en ambos extremos de Europa desde un punto de vista geogr\u00e1fico, han tenido, a lo largo de la historia, numerosas conexiones. Los dos pa\u00edses comparten el mercado \u00fanico de la UE como socios, han desarrollado multitud de proyectos de promoci\u00f3n mutua, realizan comercio e inversi\u00f3n, ofrecen nuevas oportunidades de empleo a sus ciudadanos y, al mismo tiempo, dan la bienvenida con los brazos abiertos a los turistas que cruzan Europa para visitar otro rinc\u00f3n del mundo, diferente, \u00fanico.<\/span><\/p>\n<p><span style=\"color: #000000;\">Existe un importante movimiento de personas entre los dos pa\u00edses, debido por un lado al aumento del turismo en Espa\u00f1a y Ruman\u00eda y, por otro lado, al n\u00famero de inmigrantes rumanos que viven en Espa\u00f1a. Y la distancia de 2509 km entre Espa\u00f1a y Ruman\u00eda no es un impedimento cuando existen muchas alternativas para viajar entre los dos pa\u00edses: en avi\u00f3n, en coche, o incluso en autob\u00fas o tren, para los que tengan m\u00e1s paciencia.<\/span><\/p>\n<p><span style=\"color: #000000;\">La forma m\u00e1s r\u00e1pida y c\u00f3moda de viajar es, por supuesto, en avi\u00f3n. Para llegar a Bucarest desde Madrid o Barcelona solo se necesitan 3 o 4 horas para volar. Los principales aeropuertos internacionales de Ruman\u00eda son Bucarest &#8211; \u00abHenri Coand\u0103\u00bb, Constan\u021ba &#8211; \u00abMihail Kogalniceanu\u00bb, Timi\u0219oara &#8211; \u00abTraian Vuia\u00bb, Cluj-Napoca &#8211; \u00abAvram Iancu\u00bb, Ia\u0219i y Sibiu.<\/span><\/p>\n<p><span style=\"color: #000000;\"><img loading=\"lazy\" decoding=\"async\" class=\"aligncenter wp-image-6380 size-full\" src=\"https:\/\/www.asemer.ro\/wp-content\/uploads\/2021\/06\/aeropuertos_rumania.gif\" alt=\"\" width=\"667\" height=\"490\" \/><\/span><\/p>\n<p><span style=\"color: #000000;\">Varias aerol\u00edneas conectan Ruman\u00eda con las principales ciudades europeas, incluidas las espa\u00f1olas, siendo las m\u00e1s importantes TAROM, Wizz Air, que tiene el mayor n\u00famero de vuelos de bajo coste, Blue Air y Ryanair. Entre las empresas que suelen organizar vuelos entre Espa\u00f1a y Ruman\u00eda se encuentran Iberia, TAROM, Wizz Air, Vueling, Blue Air y Ryanair, siendo algunos vuelos directos o conectados con otros aeropuertos de Ruman\u00eda, como Arad, Bac\u0103u, Craiova, Suceava o T\u00e2rgu Mure\u0219.<\/span><\/p>\n<p><span style=\"color: #000000;\">Adem\u00e1s de Madrid y Barcelona, \u200b\u200bhay otras ciudades espa\u00f1olas que tienen vuelos regulares y baratos en Ruman\u00eda, como Valencia, Bilbao, M\u00e1laga, Ibiza, Alicante, Zaragoza, Palma de Mallorca.<\/span><\/p>\n<p><span style=\"color: #000000;\"><img loading=\"lazy\" decoding=\"async\" class=\"aligncenter wp-image-6381 size-full\" src=\"https:\/\/www.asemer.ro\/wp-content\/uploads\/2021\/06\/aeropuertosmapa.gif\" alt=\"\" width=\"715\" height=\"550\" \/><\/span><\/p>\n<p><span style=\"color: #000000;\">Una lista completa de vuelos de aerol\u00edneas que organizan vuelos entre ciudades de Ruman\u00eda y ciudades de Espa\u00f1a es la siguiente:<\/span><\/p>\n<ol>\n<li><span style=\"font-family: Roboto; color: #000000;\">de Bac\u0103u a Barcelona (charter) y Madrid (charter)<\/span><\/li>\n<li><span style=\"font-family: Roboto; color: #000000;\">de Bucarest a Alicante, Barcelona, \u200b\u200bBilbao, Castell\u00f3n, Costa Brava (charter), Costa del Sol (charter), Madrid, M\u00e1laga, Palma de Mallorca (charter), Santander, Sevilla, Tenerife (charter), Valencia y Zaragoza<\/span><\/li>\n<li><span style=\"font-family: Roboto; color: #000000;\">de Cluj-Napoca a Alicante, Barcelona, \u200b\u200bCosta Brava (charter), Madrid y Palma de Mallorca (charter)<\/span><\/li>\n<li><span style=\"font-family: Roboto; color: #000000;\">de Craiova a Barcelona y Madrid<\/span><\/li>\n<li><span style=\"font-family: Roboto; color: #000000;\">de Ia\u0219i a Barcelona<\/span><\/li>\n<li><span style=\"font-family: Roboto; color: #000000;\">de Sibiu a Madrid<\/span><\/li>\n<li><span style=\"font-family: Roboto; color: #000000;\">de Timi\u0219oara a Barcelona, Madrid y Valencia<\/span><\/li>\n<\/ol>\n<p><span style=\"color: #000000;\">En total, hubo m\u00e1s de 5.500 vuelos entre Ruman\u00eda y Espa\u00f1a en 2019. Adem\u00e1s, 137.000 espa\u00f1oles visitaron el pa\u00eds del Conde Dr\u00e1cula en 2019, ocupando el sexto lugar en la lista de los que eligen pasar sus vacaciones en Ruman\u00eda. Al mismo tiempo, 577.000 rumanos viajaron a diferentes lugares del pa\u00eds de los t\u00f3rridos, lo que hizo que los turistas rumanos ocuparan el puesto 14 entre los primeros visitantes de Espa\u00f1a.<\/span><\/p>\n<p><span style=\"color: #000000;\">Seg\u00fan una encuesta internacional de Ipsos.com, Espa\u00f1a es el destino favorito de los turistas internacionales para las vacaciones de verano 2021, ya que un 25% de los turistas de sus mercados emisores lo sit\u00faan como su opci\u00f3n preferida para viajar. Ipsos.com declara que los turistas que llegar\u00e1n a Espa\u00f1a por v\u00eda a\u00e9rea van a aumentar su estancia media prevista respecto a 2019 en todos los mercados.<\/span><\/p>\n<p><span style=\"color: #000000;\">Esperemos que este a\u00f1o viajemos a Rumania y Espa\u00f1a de manera segura y guardemos hermosos recuerdos en nuestros pensamientos.<\/span><\/p>\n<p><span style=\"color: #000000;\"><strong>Fuente de informacion:<\/strong><\/span><\/p>\n<ul>\n<li><span style=\"font-family: Roboto; font-size: 10pt; color: #000000;\"><a style=\"color: #000000;\" href=\"https:\/\/ro.wikipedia.org\/wiki\/List\u0103_de_aeroporturi_din_Rom\u00e2nia\">List\u0103 de aeroporturi din Rom\u00e2nia &#8211; Wikipedia<\/a><\/span><\/li>\n<li><span style=\"font-family: Roboto; font-size: 10pt; color: #000000;\"><a style=\"color: #000000;\" href=\"https:\/\/www.enterat.com\/servicios\/mapa-aeropuertos-espana.php\">Aeropuertos Espa\u00f1a 2020 (mapa, listado y ranking) (enterat.com)<\/a><\/span><\/li>\n<li><span style=\"font-family: Roboto; font-size: 10pt; color: #000000;\">INSSE <a style=\"color: #000000;\" href=\"https:\/\/insse.ro\/cms\/sites\/default\/files\/field\/publicatii\/transportul_aeroportuar_de_pasageri_si_marfuri_in_sem1_2019.pdf\">pdf (insse.ro)<\/a><\/span><\/li>\n<li><span style=\"font-size: 10pt; color: #000000;\"><a style=\"color: #000000;\" href=\"https:\/\/www.icex.es\/icex\/es\/navegacion-principal\/todos-nuestros-servicios\/informacion-de-mercados\/paises\/navegacion-principal\/el-pais\/relaciones-bilaterales\/index.html?idPais=RO#10\"><span style=\"font-family: Roboto;\">ICEX Espa\u00f1a Exportaci\u00f3n e Inversiones, E.P.E, M.P &gt;&gt; Relaciones Bilaterales<\/span><\/a><\/span><\/li>\n<li><span style=\"font-family: Roboto; font-size: 12pt; color: #000000;\"><span style=\"font-size: 10pt;\"><a style=\"color: #000000;\" href=\"_wp_link_placeholder\" data-wplink-edit=\"true\">Espa\u00f1a, destino favorito de los turistas internacionales para este verano<\/a> <\/span><br \/>\n<\/span><\/li>\n<\/ul>\n","protected":false},"excerpt":{"rendered":"<p>Espa\u00f1a y Ruman\u00eda, aunque son dos pa\u00edses situados en ambos extremos de Europa desde un punto de vista geogr\u00e1fico, han tenido, a lo largo de la historia, numerosas conexiones. Los dos pa\u00edses comparten el mercado \u00fanico de la UE como socios, han desarrollado multitud de proyectos de promoci\u00f3n mutua, realizan comercio e inversi\u00f3n, ofrecen nuevas oportunidades de empleo a sus ciudadanos y, al mismo tiempo, dan la bienvenida con los brazos abiertos a los turistas que cruzan Europa para visitar otro rinc\u00f3n del mundo, diferente, \u00fanico.<\/p>\n","protected":false},"author":3,"featured_media":0,"comment_status":"open","ping_status":"open","sticky":false,"template":"","format":"standard","meta":{"footnotes":""},"categories":[4,6,7],"tags":[142,141,62,52,143,144,140],"class_list":["post-6378","post","type-post","status-publish","format-standard","hentry","category-noticias","category-stiri","category-web","tag-aeropuerto","tag-avion","tag-espana","tag-rumania","tag-viajar","tag-viajes","tag-vuelo"],"yoast_head":"<!-- This site is optimized with the Yoast SEO plugin v27.5 - https:\/\/yoast.com\/product\/yoast-seo-wordpress\/ -->\n<title>ESPA\u00d1A-RUMAN\u00cdA EN AVI\u00d3N - ASEMER<\/title>\n<meta name=\"robots\" content=\"index, follow, max-snippet:-1, max-image-preview:large, max-video-preview:-1\" \/>\n<link rel=\"canonical\" href=\"https:\/\/www.asemer.ro\/index.php\/2021\/06\/29\/espana-rumania-en-avion\/\" \/>\n<meta property=\"og:locale\" content=\"es_ES\" \/>\n<meta property=\"og:type\" content=\"article\" \/>\n<meta property=\"og:title\" content=\"ESPA\u00d1A-RUMAN\u00cdA EN AVI\u00d3N - ASEMER\" \/>\n<meta property=\"og:description\" content=\"Espa\u00f1a y Ruman\u00eda, aunque son dos pa\u00edses situados en ambos extremos de Europa desde un punto de vista geogr\u00e1fico, han tenido, a lo largo de la historia, numerosas conexiones. Los dos pa\u00edses comparten el mercado \u00fanico de la UE como socios, han desarrollado multitud de proyectos de promoci\u00f3n mutua, realizan comercio e inversi\u00f3n, ofrecen nuevas oportunidades de empleo a sus ciudadanos y, al mismo tiempo, dan la bienvenida con los brazos abiertos a los turistas que cruzan Europa para visitar otro rinc\u00f3n del mundo, diferente, \u00fanico.\" \/>\n<meta property=\"og:url\" content=\"https:\/\/www.asemer.ro\/index.php\/2021\/06\/29\/espana-rumania-en-avion\/\" \/>\n<meta property=\"og:site_name\" content=\"ASEMER\" \/>\n<meta property=\"article:publisher\" content=\"https:\/\/www.facebook.com\/asociacionasemer\" \/>\n<meta property=\"article:published_time\" content=\"2021-06-29T08:47:38+00:00\" \/>\n<meta property=\"article:modified_time\" content=\"2021-06-29T13:52:50+00:00\" \/>\n<meta property=\"og:image\" content=\"https:\/\/www.asemer.ro\/wp-content\/uploads\/2021\/06\/Aeroportul-Henri-Coanda-Otopeni1.jpg\" \/>\n<meta name=\"author\" content=\"Admin Asemer\" \/>\n<meta name=\"twitter:card\" content=\"summary_large_image\" \/>\n<meta name=\"twitter:creator\" content=\"@asemer_rumania\" \/>\n<meta name=\"twitter:site\" content=\"@asemer_rumania\" \/>\n<meta name=\"twitter:label1\" content=\"Escrito por\" \/>\n\t<meta name=\"twitter:data1\" content=\"Admin Asemer\" \/>\n\t<meta name=\"twitter:label2\" content=\"Tiempo de lectura\" \/>\n\t<meta name=\"twitter:data2\" content=\"4 minutos\" \/>\n<script type=\"application\/ld+json\" class=\"yoast-schema-graph\">{\"@context\":\"https:\\\/\\\/schema.org\",\"@graph\":[{\"@type\":\"Article\",\"@id\":\"https:\\\/\\\/www.asemer.ro\\\/index.php\\\/2021\\\/06\\\/29\\\/espana-rumania-en-avion\\\/#article\",\"isPartOf\":{\"@id\":\"https:\\\/\\\/www.asemer.ro\\\/index.php\\\/2021\\\/06\\\/29\\\/espana-rumania-en-avion\\\/\"},\"author\":{\"name\":\"Admin Asemer\",\"@id\":\"https:\\\/\\\/www.asemer.ro\\\/#\\\/schema\\\/person\\\/36de47e444c0f1a7b737a035d40519f9\"},\"headline\":\"ESPA\u00d1A-RUMAN\u00cdA EN AVI\u00d3N\",\"datePublished\":\"2021-06-29T08:47:38+00:00\",\"dateModified\":\"2021-06-29T13:52:50+00:00\",\"mainEntityOfPage\":{\"@id\":\"https:\\\/\\\/www.asemer.ro\\\/index.php\\\/2021\\\/06\\\/29\\\/espana-rumania-en-avion\\\/\"},\"wordCount\":682,\"commentCount\":0,\"publisher\":{\"@id\":\"https:\\\/\\\/www.asemer.ro\\\/#organization\"},\"image\":{\"@id\":\"https:\\\/\\\/www.asemer.ro\\\/index.php\\\/2021\\\/06\\\/29\\\/espana-rumania-en-avion\\\/#primaryimage\"},\"thumbnailUrl\":\"https:\\\/\\\/www.asemer.ro\\\/wp-content\\\/uploads\\\/2021\\\/06\\\/Aeroportul-Henri-Coanda-Otopeni1.jpg\",\"keywords\":[\"aeropuerto\",\"avi\u00f3n\",\"espa\u00f1a\",\"rumania\",\"viajar\",\"viajes\",\"vuelo\"],\"articleSection\":[\"Noticias\",\"\u0218tiri\",\"Web\"],\"inLanguage\":\"es\",\"potentialAction\":[{\"@type\":\"CommentAction\",\"name\":\"Comment\",\"target\":[\"https:\\\/\\\/www.asemer.ro\\\/index.php\\\/2021\\\/06\\\/29\\\/espana-rumania-en-avion\\\/#respond\"]}]},{\"@type\":\"WebPage\",\"@id\":\"https:\\\/\\\/www.asemer.ro\\\/index.php\\\/2021\\\/06\\\/29\\\/espana-rumania-en-avion\\\/\",\"url\":\"https:\\\/\\\/www.asemer.ro\\\/index.php\\\/2021\\\/06\\\/29\\\/espana-rumania-en-avion\\\/\",\"name\":\"ESPA\u00d1A-RUMAN\u00cdA EN AVI\u00d3N - ASEMER\",\"isPartOf\":{\"@id\":\"https:\\\/\\\/www.asemer.ro\\\/#website\"},\"primaryImageOfPage\":{\"@id\":\"https:\\\/\\\/www.asemer.ro\\\/index.php\\\/2021\\\/06\\\/29\\\/espana-rumania-en-avion\\\/#primaryimage\"},\"image\":{\"@id\":\"https:\\\/\\\/www.asemer.ro\\\/index.php\\\/2021\\\/06\\\/29\\\/espana-rumania-en-avion\\\/#primaryimage\"},\"thumbnailUrl\":\"https:\\\/\\\/www.asemer.ro\\\/wp-content\\\/uploads\\\/2021\\\/06\\\/Aeroportul-Henri-Coanda-Otopeni1.jpg\",\"datePublished\":\"2021-06-29T08:47:38+00:00\",\"dateModified\":\"2021-06-29T13:52:50+00:00\",\"breadcrumb\":{\"@id\":\"https:\\\/\\\/www.asemer.ro\\\/index.php\\\/2021\\\/06\\\/29\\\/espana-rumania-en-avion\\\/#breadcrumb\"},\"inLanguage\":\"es\",\"potentialAction\":[{\"@type\":\"ReadAction\",\"target\":[\"https:\\\/\\\/www.asemer.ro\\\/index.php\\\/2021\\\/06\\\/29\\\/espana-rumania-en-avion\\\/\"]}]},{\"@type\":\"ImageObject\",\"inLanguage\":\"es\",\"@id\":\"https:\\\/\\\/www.asemer.ro\\\/index.php\\\/2021\\\/06\\\/29\\\/espana-rumania-en-avion\\\/#primaryimage\",\"url\":\"https:\\\/\\\/www.asemer.ro\\\/wp-content\\\/uploads\\\/2021\\\/06\\\/Aeroportul-Henri-Coanda-Otopeni1.jpg\",\"contentUrl\":\"https:\\\/\\\/www.asemer.ro\\\/wp-content\\\/uploads\\\/2021\\\/06\\\/Aeroportul-Henri-Coanda-Otopeni1.jpg\",\"width\":960,\"height\":591},{\"@type\":\"BreadcrumbList\",\"@id\":\"https:\\\/\\\/www.asemer.ro\\\/index.php\\\/2021\\\/06\\\/29\\\/espana-rumania-en-avion\\\/#breadcrumb\",\"itemListElement\":[{\"@type\":\"ListItem\",\"position\":1,\"name\":\"Home\",\"item\":\"https:\\\/\\\/www.asemer.ro\\\/\"},{\"@type\":\"ListItem\",\"position\":2,\"name\":\"ESPA\u00d1A-RUMAN\u00cdA EN AVI\u00d3N\"}]},{\"@type\":\"WebSite\",\"@id\":\"https:\\\/\\\/www.asemer.ro\\\/#website\",\"url\":\"https:\\\/\\\/www.asemer.ro\\\/\",\"name\":\"ASEMER\",\"description\":\"Asociaci\u00f3n de Empresas Espa\u00f1olas en Ruman\u00eda\",\"publisher\":{\"@id\":\"https:\\\/\\\/www.asemer.ro\\\/#organization\"},\"potentialAction\":[{\"@type\":\"SearchAction\",\"target\":{\"@type\":\"EntryPoint\",\"urlTemplate\":\"https:\\\/\\\/www.asemer.ro\\\/?s={search_term_string}\"},\"query-input\":{\"@type\":\"PropertyValueSpecification\",\"valueRequired\":true,\"valueName\":\"search_term_string\"}}],\"inLanguage\":\"es\"},{\"@type\":\"Organization\",\"@id\":\"https:\\\/\\\/www.asemer.ro\\\/#organization\",\"name\":\"ASEMER\",\"url\":\"https:\\\/\\\/www.asemer.ro\\\/\",\"logo\":{\"@type\":\"ImageObject\",\"inLanguage\":\"es\",\"@id\":\"https:\\\/\\\/www.asemer.ro\\\/#\\\/schema\\\/logo\\\/image\\\/\",\"url\":\"https:\\\/\\\/www.asemer.ro\\\/wp-content\\\/uploads\\\/2020\\\/12\\\/logo-ASEMER-scaled.jpg\",\"contentUrl\":\"https:\\\/\\\/www.asemer.ro\\\/wp-content\\\/uploads\\\/2020\\\/12\\\/logo-ASEMER-scaled.jpg\",\"width\":2560,\"height\":849,\"caption\":\"ASEMER\"},\"image\":{\"@id\":\"https:\\\/\\\/www.asemer.ro\\\/#\\\/schema\\\/logo\\\/image\\\/\"},\"sameAs\":[\"https:\\\/\\\/www.facebook.com\\\/asociacionasemer\",\"https:\\\/\\\/x.com\\\/asemer_rumania\",\"https:\\\/\\\/ro.linkedin.com\\\/in\\\/asemer-asociaci\u00f3n-empresas-espa\u00f1olas-en-ruman\u00eda-724772a6?trk=author_mini-profile_title\",\"https:\\\/\\\/www.youtube.com\\\/channel\\\/UC73m8-BDsg857OL0Ogv5aQA\\\/videos\"]},{\"@type\":\"Person\",\"@id\":\"https:\\\/\\\/www.asemer.ro\\\/#\\\/schema\\\/person\\\/36de47e444c0f1a7b737a035d40519f9\",\"name\":\"Admin Asemer\",\"image\":{\"@type\":\"ImageObject\",\"inLanguage\":\"es\",\"@id\":\"https:\\\/\\\/secure.gravatar.com\\\/avatar\\\/b64873d65b5be684e01a001c464789c445a7279ef3f177f5fbff5d83eb373299?s=96&d=mm&r=g\",\"url\":\"https:\\\/\\\/secure.gravatar.com\\\/avatar\\\/b64873d65b5be684e01a001c464789c445a7279ef3f177f5fbff5d83eb373299?s=96&d=mm&r=g\",\"contentUrl\":\"https:\\\/\\\/secure.gravatar.com\\\/avatar\\\/b64873d65b5be684e01a001c464789c445a7279ef3f177f5fbff5d83eb373299?s=96&d=mm&r=g\",\"caption\":\"Admin Asemer\"},\"url\":\"https:\\\/\\\/www.asemer.ro\\\/index.php\\\/author\\\/admin\\\/\"}]}<\/script>\n<!-- \/ Yoast SEO plugin. -->","yoast_head_json":{"title":"ESPA\u00d1A-RUMAN\u00cdA EN AVI\u00d3N - ASEMER","robots":{"index":"index","follow":"follow","max-snippet":"max-snippet:-1","max-image-preview":"max-image-preview:large","max-video-preview":"max-video-preview:-1"},"canonical":"https:\/\/www.asemer.ro\/index.php\/2021\/06\/29\/espana-rumania-en-avion\/","og_locale":"es_ES","og_type":"article","og_title":"ESPA\u00d1A-RUMAN\u00cdA EN AVI\u00d3N - ASEMER","og_description":"Espa\u00f1a y Ruman\u00eda, aunque son dos pa\u00edses situados en ambos extremos de Europa desde un punto de vista geogr\u00e1fico, han tenido, a lo largo de la historia, numerosas conexiones. Los dos pa\u00edses comparten el mercado \u00fanico de la UE como socios, han desarrollado multitud de proyectos de promoci\u00f3n mutua, realizan comercio e inversi\u00f3n, ofrecen nuevas oportunidades de empleo a sus ciudadanos y, al mismo tiempo, dan la bienvenida con los brazos abiertos a los turistas que cruzan Europa para visitar otro rinc\u00f3n del mundo, diferente, \u00fanico.","og_url":"https:\/\/www.asemer.ro\/index.php\/2021\/06\/29\/espana-rumania-en-avion\/","og_site_name":"ASEMER","article_publisher":"https:\/\/www.facebook.com\/asociacionasemer","article_published_time":"2021-06-29T08:47:38+00:00","article_modified_time":"2021-06-29T13:52:50+00:00","og_image":[{"url":"https:\/\/www.asemer.ro\/wp-content\/uploads\/2021\/06\/Aeroportul-Henri-Coanda-Otopeni1.jpg","type":"","width":"","height":""}],"author":"Admin Asemer","twitter_card":"summary_large_image","twitter_creator":"@asemer_rumania","twitter_site":"@asemer_rumania","twitter_misc":{"Escrito por":"Admin Asemer","Tiempo de lectura":"4 minutos"},"schema":{"@context":"https:\/\/schema.org","@graph":[{"@type":"Article","@id":"https:\/\/www.asemer.ro\/index.php\/2021\/06\/29\/espana-rumania-en-avion\/#article","isPartOf":{"@id":"https:\/\/www.asemer.ro\/index.php\/2021\/06\/29\/espana-rumania-en-avion\/"},"author":{"name":"Admin Asemer","@id":"https:\/\/www.asemer.ro\/#\/schema\/person\/36de47e444c0f1a7b737a035d40519f9"},"headline":"ESPA\u00d1A-RUMAN\u00cdA EN AVI\u00d3N","datePublished":"2021-06-29T08:47:38+00:00","dateModified":"2021-06-29T13:52:50+00:00","mainEntityOfPage":{"@id":"https:\/\/www.asemer.ro\/index.php\/2021\/06\/29\/espana-rumania-en-avion\/"},"wordCount":682,"commentCount":0,"publisher":{"@id":"https:\/\/www.asemer.ro\/#organization"},"image":{"@id":"https:\/\/www.asemer.ro\/index.php\/2021\/06\/29\/espana-rumania-en-avion\/#primaryimage"},"thumbnailUrl":"https:\/\/www.asemer.ro\/wp-content\/uploads\/2021\/06\/Aeroportul-Henri-Coanda-Otopeni1.jpg","keywords":["aeropuerto","avi\u00f3n","espa\u00f1a","rumania","viajar","viajes","vuelo"],"articleSection":["Noticias","\u0218tiri","Web"],"inLanguage":"es","potentialAction":[{"@type":"CommentAction","name":"Comment","target":["https:\/\/www.asemer.ro\/index.php\/2021\/06\/29\/espana-rumania-en-avion\/#respond"]}]},{"@type":"WebPage","@id":"https:\/\/www.asemer.ro\/index.php\/2021\/06\/29\/espana-rumania-en-avion\/","url":"https:\/\/www.asemer.ro\/index.php\/2021\/06\/29\/espana-rumania-en-avion\/","name":"ESPA\u00d1A-RUMAN\u00cdA EN AVI\u00d3N - ASEMER","isPartOf":{"@id":"https:\/\/www.asemer.ro\/#website"},"primaryImageOfPage":{"@id":"https:\/\/www.asemer.ro\/index.php\/2021\/06\/29\/espana-rumania-en-avion\/#primaryimage"},"image":{"@id":"https:\/\/www.asemer.ro\/index.php\/2021\/06\/29\/espana-rumania-en-avion\/#primaryimage"},"thumbnailUrl":"https:\/\/www.asemer.ro\/wp-content\/uploads\/2021\/06\/Aeroportul-Henri-Coanda-Otopeni1.jpg","datePublished":"2021-06-29T08:47:38+00:00","dateModified":"2021-06-29T13:52:50+00:00","breadcrumb":{"@id":"https:\/\/www.asemer.ro\/index.php\/2021\/06\/29\/espana-rumania-en-avion\/#breadcrumb"},"inLanguage":"es","potentialAction":[{"@type":"ReadAction","target":["https:\/\/www.asemer.ro\/index.php\/2021\/06\/29\/espana-rumania-en-avion\/"]}]},{"@type":"ImageObject","inLanguage":"es","@id":"https:\/\/www.asemer.ro\/index.php\/2021\/06\/29\/espana-rumania-en-avion\/#primaryimage","url":"https:\/\/www.asemer.ro\/wp-content\/uploads\/2021\/06\/Aeroportul-Henri-Coanda-Otopeni1.jpg","contentUrl":"https:\/\/www.asemer.ro\/wp-content\/uploads\/2021\/06\/Aeroportul-Henri-Coanda-Otopeni1.jpg","width":960,"height":591},{"@type":"BreadcrumbList","@id":"https:\/\/www.asemer.ro\/index.php\/2021\/06\/29\/espana-rumania-en-avion\/#breadcrumb","itemListElement":[{"@type":"ListItem","position":1,"name":"Home","item":"https:\/\/www.asemer.ro\/"},{"@type":"ListItem","position":2,"name":"ESPA\u00d1A-RUMAN\u00cdA EN AVI\u00d3N"}]},{"@type":"WebSite","@id":"https:\/\/www.asemer.ro\/#website","url":"https:\/\/www.asemer.ro\/","name":"ASEMER","description":"Asociaci\u00f3n de Empresas Espa\u00f1olas en Ruman\u00eda","publisher":{"@id":"https:\/\/www.asemer.ro\/#organization"},"potentialAction":[{"@type":"SearchAction","target":{"@type":"EntryPoint","urlTemplate":"https:\/\/www.asemer.ro\/?s={search_term_string}"},"query-input":{"@type":"PropertyValueSpecification","valueRequired":true,"valueName":"search_term_string"}}],"inLanguage":"es"},{"@type":"Organization","@id":"https:\/\/www.asemer.ro\/#organization","name":"ASEMER","url":"https:\/\/www.asemer.ro\/","logo":{"@type":"ImageObject","inLanguage":"es","@id":"https:\/\/www.asemer.ro\/#\/schema\/logo\/image\/","url":"https:\/\/www.asemer.ro\/wp-content\/uploads\/2020\/12\/logo-ASEMER-scaled.jpg","contentUrl":"https:\/\/www.asemer.ro\/wp-content\/uploads\/2020\/12\/logo-ASEMER-scaled.jpg","width":2560,"height":849,"caption":"ASEMER"},"image":{"@id":"https:\/\/www.asemer.ro\/#\/schema\/logo\/image\/"},"sameAs":["https:\/\/www.facebook.com\/asociacionasemer","https:\/\/x.com\/asemer_rumania","https:\/\/ro.linkedin.com\/in\/asemer-asociaci\u00f3n-empresas-espa\u00f1olas-en-ruman\u00eda-724772a6?trk=author_mini-profile_title","https:\/\/www.youtube.com\/channel\/UC73m8-BDsg857OL0Ogv5aQA\/videos"]},{"@type":"Person","@id":"https:\/\/www.asemer.ro\/#\/schema\/person\/36de47e444c0f1a7b737a035d40519f9","name":"Admin Asemer","image":{"@type":"ImageObject","inLanguage":"es","@id":"https:\/\/secure.gravatar.com\/avatar\/b64873d65b5be684e01a001c464789c445a7279ef3f177f5fbff5d83eb373299?s=96&d=mm&r=g","url":"https:\/\/secure.gravatar.com\/avatar\/b64873d65b5be684e01a001c464789c445a7279ef3f177f5fbff5d83eb373299?s=96&d=mm&r=g","contentUrl":"https:\/\/secure.gravatar.com\/avatar\/b64873d65b5be684e01a001c464789c445a7279ef3f177f5fbff5d83eb373299?s=96&d=mm&r=g","caption":"Admin Asemer"},"url":"https:\/\/www.asemer.ro\/index.php\/author\/admin\/"}]}},"_links":{"self":[{"href":"https:\/\/www.asemer.ro\/index.php\/wp-json\/wp\/v2\/posts\/6378","targetHints":{"allow":["GET"]}}],"collection":[{"href":"https:\/\/www.asemer.ro\/index.php\/wp-json\/wp\/v2\/posts"}],"about":[{"href":"https:\/\/www.asemer.ro\/index.php\/wp-json\/wp\/v2\/types\/post"}],"author":[{"embeddable":true,"href":"https:\/\/www.asemer.ro\/index.php\/wp-json\/wp\/v2\/users\/3"}],"replies":[{"embeddable":true,"href":"https:\/\/www.asemer.ro\/index.php\/wp-json\/wp\/v2\/comments?post=6378"}],"version-history":[{"count":2,"href":"https:\/\/www.asemer.ro\/index.php\/wp-json\/wp\/v2\/posts\/6378\/revisions"}],"predecessor-version":[{"id":6414,"href":"https:\/\/www.asemer.ro\/index.php\/wp-json\/wp\/v2\/posts\/6378\/revisions\/6414"}],"wp:attachment":[{"href":"https:\/\/www.asemer.ro\/index.php\/wp-json\/wp\/v2\/media?parent=6378"}],"wp:term":[{"taxonomy":"category","embeddable":true,"href":"https:\/\/www.asemer.ro\/index.php\/wp-json\/wp\/v2\/categories?post=6378"},{"taxonomy":"post_tag","embeddable":true,"href":"https:\/\/www.asemer.ro\/index.php\/wp-json\/wp\/v2\/tags?post=6378"}],"curies":[{"name":"wp","href":"https:\/\/api.w.org\/{rel}","templated":true}]}}