{"id":6406,"date":"2021-06-29T13:51:56","date_gmt":"2021-06-29T11:51:56","guid":{"rendered":"https:\/\/www.asemer.ro\/?p=6406"},"modified":"2021-06-30T12:57:03","modified_gmt":"2021-06-30T10:57:03","slug":"noticias-6","status":"publish","type":"post","link":"https:\/\/www.asemer.ro\/index.php\/2021\/06\/29\/noticias-6\/","title":{"rendered":"NOTICIAS"},"content":{"rendered":"<p>En junio ASEMER ha realizado una nueva colaboracion, con ARACO &#8211; Asocia\u021bia Rom\u00e2n\u0103 a Antreprenorilor de Construc\u021bii, <span class=\"VIiyi\" lang=\"es\"><span class=\"JLqJ4b ChMk0b\" data-language-for-alternatives=\"es\" data-language-to-translate-into=\"ro\" data-phrase-index=\"0\">con lo cual esperamos tener un intercambio de informaci\u00f3n cualitativa y podremos organizar reuniones de las cuales nuestros integrantes en el campo de las construcciones tendr\u00e1n algo nuevo y \u00fatil que aprender.<\/span><\/span><\/p>\n<p>Adem\u00e1s, estamos <span class=\"VIiyi\" lang=\"es\"><span class=\"JLqJ4b ChMk0b\" data-language-for-alternatives=\"es\" data-language-to-translate-into=\"ro\" data-phrase-index=\"0\">ansiosos por escuchar en 2 de julio las historias de emprendedores espa\u00f1oles en Ruman\u00eda o de quienes dirigen empresas con capital espa\u00f1ol en Ruman\u00eda. \u00a1No te pierdas el primer evento online organizado por ASEMER este a\u00f1o, \u00abBuenos d\u00edas, Ruman\u00eda!\u00bb.<\/span><\/span><\/p>\n<p>Estamos felices de anunciar que en 14 de julio vamos a organizar el segundo evento, una conferencia en <span class=\"VIiyi\" lang=\"es\"><span class=\"JLqJ4b ChMk0b\" data-language-for-alternatives=\"es\" data-language-to-translate-into=\"ro\" data-phrase-index=\"0\">l\u00ednea intitulada \u00abFondos europeos 2021-2027\u00bb. <\/span><\/span>Siga nuestros canales de comunicaci\u00f3n y redes sociales para <span class=\"VIiyi\" lang=\"es\"><span class=\"JLqJ4b ChMk0b\" data-language-for-alternatives=\"es\" data-language-to-translate-into=\"ro\" data-phrase-index=\"0\">obtener m\u00e1s informaci\u00f3n sobre este evento! <\/span><\/span><\/p>\n<p><span class=\"VIiyi\" lang=\"es\"><span class=\"JLqJ4b ChMk0b\" data-language-for-alternatives=\"es\" data-language-to-translate-into=\"ro\" data-phrase-index=\"0\">Nos gustar\u00eda precisar que todos nuestros eventos, pero tambi\u00e9n los de nuestros colaboradores y socios, aparecen en la secci\u00f3n de eventos del sitio de ASEMER: https:\/\/www.asemer.ro\/eventos\/.<br \/>\n<\/span><\/span><\/p>\n<p>Tras el lanzamiento de la Revista, nuestro sitio web <a href=\"https:\/\/www.asemer.ro\"><u>https:\/\/<\/u>www.asemer.ro<\/a> atrajo nuevos suscriptores, personas interesadas y curiosas para conocer la actividad de la Asociaci\u00f3n y averiguar las formas en las que se pueden asociar \u2013 tenemos m\u00e1s de <strong>5.600 visitas<\/strong> y m\u00e1s de <strong>2.200 visitantes <\/strong>de las p\u00e1ginas del sitio web en el mes de junio.<\/p>\n<p>Los art\u00edculos de la Revista <strong>se han<\/strong> <strong>le\u00eddo un total de m\u00e1s de<\/strong> <strong>3.000<\/strong> <strong>veces<\/strong>, por lo que estamos muy contentos. Nuestros asociados, colaboradores y los amantes de la cultura espa\u00f1ola muestran as\u00ed su apoyo por el esfuerzo de publicar cada n\u00famero de la Revista.<\/p>\n<p>Esperamos que nos escriba en nuestra direcci\u00f3n de correo electr\u00f3nico <a href=\"mailto:office@asemer.ro\">office@asemer.ro<\/a> para compartir las opiniones que tenga sobre la actividad de la Asociaci\u00f3n o sugerencias para su mejora.<\/p>\n<p><em>Si est\u00e9is interesados en participar activamente en la asociaci\u00f3n existe la posibilidad de formar parte de los grupos sectoriales.<\/em><\/p>\n<p><strong>Qu\u00e9 son los Grupos Sectoriales <\/strong><\/p>\n<p>Dentro de ASEMER existen los denominados Grupos Sectoriales que son puntos de encuentro para profesionales del mismo sector o relacionados que tiene como objetivo hacer contactos, compartir informaci\u00f3n y experiencias, as\u00ed como fomentar la colaboraci\u00f3n entre los participantes de un sector.<\/p>\n<p>Cualquier socio puede participar libremente e implicarse al nivel que quiera en uno de los grupos sectoriales. Asimismo, cualquier socio puede solicitar a la junta directiva la creaci\u00f3n de un grupo sectorial. La junta directiva valorar\u00e1 la solicitud de la creaci\u00f3n del grupo sectorial y en caso de aprobar su creaci\u00f3n ayudar\u00e1 a su funcionamiento.<\/p>\n<p><strong>Grupos activos<\/strong><\/p>\n<p>Los grupos formados hasta ahora tienen un representante cada uno y son los siguientes:<\/p>\n<ul>\n<li><strong>Construcci\u00f3n e Infraestructuras<\/strong><\/li>\n<li><strong>Energ\u00eda<\/strong><\/li>\n<li><strong>Relaciones Laborales<\/strong><\/li>\n<li><strong>Inmobiliario<\/strong><\/li>\n<li><strong>Fiscal<\/strong><\/li>\n<li><strong>Agricultura<\/strong><\/li>\n<li><strong>Importaciones<\/strong><\/li>\n<\/ul>\n<p><em>Si te interesa formar parte de alguno de los grupos sectoriales o deseas solicitar la creaci\u00f3n de un grupo sectorial puedes enviar tu petici\u00f3n a office@asemer.ro<\/em><\/p>\n","protected":false},"excerpt":{"rendered":"<p>En junio ASEMER ha realizado una nueva colaboracion, con ARACO &#8211; Asocia\u021bia Rom\u00e2n\u0103 a Antreprenorilor de Construc\u021bii, con lo cual [&hellip;]<\/p>\n","protected":false},"author":3,"featured_media":0,"comment_status":"open","ping_status":"open","sticky":false,"template":"","format":"standard","meta":{"footnotes":""},"categories":[4],"tags":[133,70,65,64],"class_list":["post-6406","post","type-post","status-publish","format-standard","hentry","category-noticias","tag-colaboracion","tag-eventos","tag-grupos-sectoriales","tag-miembros"],"yoast_head":"<!-- This site is optimized with the Yoast SEO plugin v27.5 - https:\/\/yoast.com\/product\/yoast-seo-wordpress\/ -->\n<title>NOTICIAS - ASEMER<\/title>\n<meta name=\"robots\" content=\"index, follow, max-snippet:-1, max-image-preview:large, max-video-preview:-1\" \/>\n<link rel=\"canonical\" href=\"https:\/\/www.asemer.ro\/index.php\/2021\/06\/29\/noticias-6\/\" \/>\n<meta property=\"og:locale\" content=\"es_ES\" \/>\n<meta property=\"og:type\" content=\"article\" \/>\n<meta property=\"og:title\" content=\"NOTICIAS - ASEMER\" \/>\n<meta property=\"og:description\" content=\"En junio ASEMER ha realizado una nueva colaboracion, con ARACO &#8211; Asocia\u021bia Rom\u00e2n\u0103 a Antreprenorilor de Construc\u021bii, con lo cual [&hellip;]\" \/>\n<meta property=\"og:url\" content=\"https:\/\/www.asemer.ro\/index.php\/2021\/06\/29\/noticias-6\/\" \/>\n<meta property=\"og:site_name\" content=\"ASEMER\" \/>\n<meta property=\"article:publisher\" content=\"https:\/\/www.facebook.com\/asociacionasemer\" \/>\n<meta property=\"article:published_time\" content=\"2021-06-29T11:51:56+00:00\" \/>\n<meta property=\"article:modified_time\" content=\"2021-06-30T10:57:03+00:00\" \/>\n<meta name=\"author\" content=\"Admin Asemer\" \/>\n<meta name=\"twitter:card\" content=\"summary_large_image\" \/>\n<meta name=\"twitter:creator\" content=\"@asemer_rumania\" \/>\n<meta name=\"twitter:site\" content=\"@asemer_rumania\" \/>\n<meta name=\"twitter:label1\" content=\"Escrito por\" \/>\n\t<meta name=\"twitter:data1\" content=\"Admin Asemer\" \/>\n\t<meta name=\"twitter:label2\" content=\"Tiempo de lectura\" \/>\n\t<meta name=\"twitter:data2\" content=\"2 minutos\" \/>\n<script type=\"application\/ld+json\" class=\"yoast-schema-graph\">{\"@context\":\"https:\\\/\\\/schema.org\",\"@graph\":[{\"@type\":\"Article\",\"@id\":\"https:\\\/\\\/www.asemer.ro\\\/index.php\\\/2021\\\/06\\\/29\\\/noticias-6\\\/#article\",\"isPartOf\":{\"@id\":\"https:\\\/\\\/www.asemer.ro\\\/index.php\\\/2021\\\/06\\\/29\\\/noticias-6\\\/\"},\"author\":{\"name\":\"Admin Asemer\",\"@id\":\"https:\\\/\\\/www.asemer.ro\\\/#\\\/schema\\\/person\\\/36de47e444c0f1a7b737a035d40519f9\"},\"headline\":\"NOTICIAS\",\"datePublished\":\"2021-06-29T11:51:56+00:00\",\"dateModified\":\"2021-06-30T10:57:03+00:00\",\"mainEntityOfPage\":{\"@id\":\"https:\\\/\\\/www.asemer.ro\\\/index.php\\\/2021\\\/06\\\/29\\\/noticias-6\\\/\"},\"wordCount\":504,\"commentCount\":0,\"publisher\":{\"@id\":\"https:\\\/\\\/www.asemer.ro\\\/#organization\"},\"keywords\":[\"colaboraci\u00f3n\",\"eventos\",\"grupos sectoriales\",\"miembros\"],\"articleSection\":[\"Noticias\"],\"inLanguage\":\"es\",\"potentialAction\":[{\"@type\":\"CommentAction\",\"name\":\"Comment\",\"target\":[\"https:\\\/\\\/www.asemer.ro\\\/index.php\\\/2021\\\/06\\\/29\\\/noticias-6\\\/#respond\"]}]},{\"@type\":\"WebPage\",\"@id\":\"https:\\\/\\\/www.asemer.ro\\\/index.php\\\/2021\\\/06\\\/29\\\/noticias-6\\\/\",\"url\":\"https:\\\/\\\/www.asemer.ro\\\/index.php\\\/2021\\\/06\\\/29\\\/noticias-6\\\/\",\"name\":\"NOTICIAS - ASEMER\",\"isPartOf\":{\"@id\":\"https:\\\/\\\/www.asemer.ro\\\/#website\"},\"datePublished\":\"2021-06-29T11:51:56+00:00\",\"dateModified\":\"2021-06-30T10:57:03+00:00\",\"breadcrumb\":{\"@id\":\"https:\\\/\\\/www.asemer.ro\\\/index.php\\\/2021\\\/06\\\/29\\\/noticias-6\\\/#breadcrumb\"},\"inLanguage\":\"es\",\"potentialAction\":[{\"@type\":\"ReadAction\",\"target\":[\"https:\\\/\\\/www.asemer.ro\\\/index.php\\\/2021\\\/06\\\/29\\\/noticias-6\\\/\"]}]},{\"@type\":\"BreadcrumbList\",\"@id\":\"https:\\\/\\\/www.asemer.ro\\\/index.php\\\/2021\\\/06\\\/29\\\/noticias-6\\\/#breadcrumb\",\"itemListElement\":[{\"@type\":\"ListItem\",\"position\":1,\"name\":\"Home\",\"item\":\"https:\\\/\\\/www.asemer.ro\\\/\"},{\"@type\":\"ListItem\",\"position\":2,\"name\":\"NOTICIAS\"}]},{\"@type\":\"WebSite\",\"@id\":\"https:\\\/\\\/www.asemer.ro\\\/#website\",\"url\":\"https:\\\/\\\/www.asemer.ro\\\/\",\"name\":\"ASEMER\",\"description\":\"Asociaci\u00f3n de Empresas Espa\u00f1olas en Ruman\u00eda\",\"publisher\":{\"@id\":\"https:\\\/\\\/www.asemer.ro\\\/#organization\"},\"potentialAction\":[{\"@type\":\"SearchAction\",\"target\":{\"@type\":\"EntryPoint\",\"urlTemplate\":\"https:\\\/\\\/www.asemer.ro\\\/?s={search_term_string}\"},\"query-input\":{\"@type\":\"PropertyValueSpecification\",\"valueRequired\":true,\"valueName\":\"search_term_string\"}}],\"inLanguage\":\"es\"},{\"@type\":\"Organization\",\"@id\":\"https:\\\/\\\/www.asemer.ro\\\/#organization\",\"name\":\"ASEMER\",\"url\":\"https:\\\/\\\/www.asemer.ro\\\/\",\"logo\":{\"@type\":\"ImageObject\",\"inLanguage\":\"es\",\"@id\":\"https:\\\/\\\/www.asemer.ro\\\/#\\\/schema\\\/logo\\\/image\\\/\",\"url\":\"https:\\\/\\\/www.asemer.ro\\\/wp-content\\\/uploads\\\/2020\\\/12\\\/logo-ASEMER-scaled.jpg\",\"contentUrl\":\"https:\\\/\\\/www.asemer.ro\\\/wp-content\\\/uploads\\\/2020\\\/12\\\/logo-ASEMER-scaled.jpg\",\"width\":2560,\"height\":849,\"caption\":\"ASEMER\"},\"image\":{\"@id\":\"https:\\\/\\\/www.asemer.ro\\\/#\\\/schema\\\/logo\\\/image\\\/\"},\"sameAs\":[\"https:\\\/\\\/www.facebook.com\\\/asociacionasemer\",\"https:\\\/\\\/x.com\\\/asemer_rumania\",\"https:\\\/\\\/ro.linkedin.com\\\/in\\\/asemer-asociaci\u00f3n-empresas-espa\u00f1olas-en-ruman\u00eda-724772a6?trk=author_mini-profile_title\",\"https:\\\/\\\/www.youtube.com\\\/channel\\\/UC73m8-BDsg857OL0Ogv5aQA\\\/videos\"]},{\"@type\":\"Person\",\"@id\":\"https:\\\/\\\/www.asemer.ro\\\/#\\\/schema\\\/person\\\/36de47e444c0f1a7b737a035d40519f9\",\"name\":\"Admin Asemer\",\"image\":{\"@type\":\"ImageObject\",\"inLanguage\":\"es\",\"@id\":\"https:\\\/\\\/secure.gravatar.com\\\/avatar\\\/b64873d65b5be684e01a001c464789c445a7279ef3f177f5fbff5d83eb373299?s=96&d=mm&r=g\",\"url\":\"https:\\\/\\\/secure.gravatar.com\\\/avatar\\\/b64873d65b5be684e01a001c464789c445a7279ef3f177f5fbff5d83eb373299?s=96&d=mm&r=g\",\"contentUrl\":\"https:\\\/\\\/secure.gravatar.com\\\/avatar\\\/b64873d65b5be684e01a001c464789c445a7279ef3f177f5fbff5d83eb373299?s=96&d=mm&r=g\",\"caption\":\"Admin Asemer\"},\"url\":\"https:\\\/\\\/www.asemer.ro\\\/index.php\\\/author\\\/admin\\\/\"}]}<\/script>\n<!-- \/ Yoast SEO plugin. -->","yoast_head_json":{"title":"NOTICIAS - ASEMER","robots":{"index":"index","follow":"follow","max-snippet":"max-snippet:-1","max-image-preview":"max-image-preview:large","max-video-preview":"max-video-preview:-1"},"canonical":"https:\/\/www.asemer.ro\/index.php\/2021\/06\/29\/noticias-6\/","og_locale":"es_ES","og_type":"article","og_title":"NOTICIAS - ASEMER","og_description":"En junio ASEMER ha realizado una nueva colaboracion, con ARACO &#8211; Asocia\u021bia Rom\u00e2n\u0103 a Antreprenorilor de Construc\u021bii, con lo cual [&hellip;]","og_url":"https:\/\/www.asemer.ro\/index.php\/2021\/06\/29\/noticias-6\/","og_site_name":"ASEMER","article_publisher":"https:\/\/www.facebook.com\/asociacionasemer","article_published_time":"2021-06-29T11:51:56+00:00","article_modified_time":"2021-06-30T10:57:03+00:00","author":"Admin Asemer","twitter_card":"summary_large_image","twitter_creator":"@asemer_rumania","twitter_site":"@asemer_rumania","twitter_misc":{"Escrito por":"Admin Asemer","Tiempo de lectura":"2 minutos"},"schema":{"@context":"https:\/\/schema.org","@graph":[{"@type":"Article","@id":"https:\/\/www.asemer.ro\/index.php\/2021\/06\/29\/noticias-6\/#article","isPartOf":{"@id":"https:\/\/www.asemer.ro\/index.php\/2021\/06\/29\/noticias-6\/"},"author":{"name":"Admin Asemer","@id":"https:\/\/www.asemer.ro\/#\/schema\/person\/36de47e444c0f1a7b737a035d40519f9"},"headline":"NOTICIAS","datePublished":"2021-06-29T11:51:56+00:00","dateModified":"2021-06-30T10:57:03+00:00","mainEntityOfPage":{"@id":"https:\/\/www.asemer.ro\/index.php\/2021\/06\/29\/noticias-6\/"},"wordCount":504,"commentCount":0,"publisher":{"@id":"https:\/\/www.asemer.ro\/#organization"},"keywords":["colaboraci\u00f3n","eventos","grupos sectoriales","miembros"],"articleSection":["Noticias"],"inLanguage":"es","potentialAction":[{"@type":"CommentAction","name":"Comment","target":["https:\/\/www.asemer.ro\/index.php\/2021\/06\/29\/noticias-6\/#respond"]}]},{"@type":"WebPage","@id":"https:\/\/www.asemer.ro\/index.php\/2021\/06\/29\/noticias-6\/","url":"https:\/\/www.asemer.ro\/index.php\/2021\/06\/29\/noticias-6\/","name":"NOTICIAS - ASEMER","isPartOf":{"@id":"https:\/\/www.asemer.ro\/#website"},"datePublished":"2021-06-29T11:51:56+00:00","dateModified":"2021-06-30T10:57:03+00:00","breadcrumb":{"@id":"https:\/\/www.asemer.ro\/index.php\/2021\/06\/29\/noticias-6\/#breadcrumb"},"inLanguage":"es","potentialAction":[{"@type":"ReadAction","target":["https:\/\/www.asemer.ro\/index.php\/2021\/06\/29\/noticias-6\/"]}]},{"@type":"BreadcrumbList","@id":"https:\/\/www.asemer.ro\/index.php\/2021\/06\/29\/noticias-6\/#breadcrumb","itemListElement":[{"@type":"ListItem","position":1,"name":"Home","item":"https:\/\/www.asemer.ro\/"},{"@type":"ListItem","position":2,"name":"NOTICIAS"}]},{"@type":"WebSite","@id":"https:\/\/www.asemer.ro\/#website","url":"https:\/\/www.asemer.ro\/","name":"ASEMER","description":"Asociaci\u00f3n de Empresas Espa\u00f1olas en Ruman\u00eda","publisher":{"@id":"https:\/\/www.asemer.ro\/#organization"},"potentialAction":[{"@type":"SearchAction","target":{"@type":"EntryPoint","urlTemplate":"https:\/\/www.asemer.ro\/?s={search_term_string}"},"query-input":{"@type":"PropertyValueSpecification","valueRequired":true,"valueName":"search_term_string"}}],"inLanguage":"es"},{"@type":"Organization","@id":"https:\/\/www.asemer.ro\/#organization","name":"ASEMER","url":"https:\/\/www.asemer.ro\/","logo":{"@type":"ImageObject","inLanguage":"es","@id":"https:\/\/www.asemer.ro\/#\/schema\/logo\/image\/","url":"https:\/\/www.asemer.ro\/wp-content\/uploads\/2020\/12\/logo-ASEMER-scaled.jpg","contentUrl":"https:\/\/www.asemer.ro\/wp-content\/uploads\/2020\/12\/logo-ASEMER-scaled.jpg","width":2560,"height":849,"caption":"ASEMER"},"image":{"@id":"https:\/\/www.asemer.ro\/#\/schema\/logo\/image\/"},"sameAs":["https:\/\/www.facebook.com\/asociacionasemer","https:\/\/x.com\/asemer_rumania","https:\/\/ro.linkedin.com\/in\/asemer-asociaci\u00f3n-empresas-espa\u00f1olas-en-ruman\u00eda-724772a6?trk=author_mini-profile_title","https:\/\/www.youtube.com\/channel\/UC73m8-BDsg857OL0Ogv5aQA\/videos"]},{"@type":"Person","@id":"https:\/\/www.asemer.ro\/#\/schema\/person\/36de47e444c0f1a7b737a035d40519f9","name":"Admin Asemer","image":{"@type":"ImageObject","inLanguage":"es","@id":"https:\/\/secure.gravatar.com\/avatar\/b64873d65b5be684e01a001c464789c445a7279ef3f177f5fbff5d83eb373299?s=96&d=mm&r=g","url":"https:\/\/secure.gravatar.com\/avatar\/b64873d65b5be684e01a001c464789c445a7279ef3f177f5fbff5d83eb373299?s=96&d=mm&r=g","contentUrl":"https:\/\/secure.gravatar.com\/avatar\/b64873d65b5be684e01a001c464789c445a7279ef3f177f5fbff5d83eb373299?s=96&d=mm&r=g","caption":"Admin Asemer"},"url":"https:\/\/www.asemer.ro\/index.php\/author\/admin\/"}]}},"_links":{"self":[{"href":"https:\/\/www.asemer.ro\/index.php\/wp-json\/wp\/v2\/posts\/6406","targetHints":{"allow":["GET"]}}],"collection":[{"href":"https:\/\/www.asemer.ro\/index.php\/wp-json\/wp\/v2\/posts"}],"about":[{"href":"https:\/\/www.asemer.ro\/index.php\/wp-json\/wp\/v2\/types\/post"}],"author":[{"embeddable":true,"href":"https:\/\/www.asemer.ro\/index.php\/wp-json\/wp\/v2\/users\/3"}],"replies":[{"embeddable":true,"href":"https:\/\/www.asemer.ro\/index.php\/wp-json\/wp\/v2\/comments?post=6406"}],"version-history":[{"count":2,"href":"https:\/\/www.asemer.ro\/index.php\/wp-json\/wp\/v2\/posts\/6406\/revisions"}],"predecessor-version":[{"id":6420,"href":"https:\/\/www.asemer.ro\/index.php\/wp-json\/wp\/v2\/posts\/6406\/revisions\/6420"}],"wp:attachment":[{"href":"https:\/\/www.asemer.ro\/index.php\/wp-json\/wp\/v2\/media?parent=6406"}],"wp:term":[{"taxonomy":"category","embeddable":true,"href":"https:\/\/www.asemer.ro\/index.php\/wp-json\/wp\/v2\/categories?post=6406"},{"taxonomy":"post_tag","embeddable":true,"href":"https:\/\/www.asemer.ro\/index.php\/wp-json\/wp\/v2\/tags?post=6406"}],"curies":[{"name":"wp","href":"https:\/\/api.w.org\/{rel}","templated":true}]}}