{"id":6427,"date":"2021-06-30T17:20:30","date_gmt":"2021-06-30T15:20:30","guid":{"rendered":"https:\/\/www.asemer.ro\/?p=6427"},"modified":"2021-06-30T17:20:39","modified_gmt":"2021-06-30T15:20:39","slug":"queridos-lectores-6","status":"publish","type":"post","link":"https:\/\/www.asemer.ro\/index.php\/2021\/06\/30\/queridos-lectores-6\/","title":{"rendered":"Queridos lectores"},"content":{"rendered":"<p><span style=\"color: #000000;\">Con la edici\u00f3n de este n\u00famero queremos compartir con nuestros lectores entre otras circunstancias los varios acuerdos de colaboraci\u00f3n alcanzados entre nuestra asociaci\u00f3n y otras entidades de Ruman\u00eda y de Espa\u00f1a. Se\u00f1alamos en este sentido el acuerdo alcanzado con <a style=\"color: #000000;\" href=\"http:\/\/www.araco.org\/\">ARACO \u2013Asocia\u021bia Rom\u00e2n\u0103 a Antreprenorilor de Construc\u021bii<\/a>; <a style=\"color: #000000;\" href=\"https:\/\/www.amrcr.ro\/\">AMRCR &#8211; Asocia\u021bia Marilor Re\u021bele Comerciale din Rom\u00e2nia<\/a>; <a style=\"color: #000000;\" href=\"https:\/\/institutohispanorumano.org\/\">Institul Hispano \u2013 Rumano con sede en Castell\u00f3n<\/a>; as\u00ed como, intentamos concluir acuerdos con <a style=\"color: #000000;\" href=\"https:\/\/www.rbls.ro\/\">Funda\u021bia Romanian Business Leaders<\/a> as\u00ed como con el <a style=\"color: #000000;\" href=\"https:\/\/bism.ro\/\">Bucharest International School of Management<\/a>. Esperamos pronto poder organizar eventos con cada una de estos colaboradores y as\u00ed traer a favor de nuestros asociados nuevos valores y valor par sus apuestas.<\/span><\/p>\n<p><span style=\"color: #000000;\">Del mismo modo tambi\u00e9n durante este periodo hemos retomado contacto con otras asociaciones representativas de otras nacionalidades como son la <a style=\"color: #000000;\" href=\"https:\/\/berocc.com\/\">C\u00e1mara de Comercio de B\u00e9lgica y Luxemburgo para Rumania y Moldova<\/a>, la <a style=\"color: #000000;\" href=\"https:\/\/brcconline.eu\/\">C\u00e1mara de Comercio Rumano-Brit\u00e1nica<\/a>, <a style=\"color: #000000;\" href=\"https:\/\/www.facebook.com\/ccibrp.ro\/\">C\u00e1mara de Comercio Rumano-Portuguesa<\/a>. Pronto tambi\u00e9n tendremos con estos colaboradores la posibilidad de organizar eventos conjuntos.<\/span><\/p>\n<p><span style=\"color: #000000;\">No en \u00faltimo lugar, resta mencionar los eventos que organizamos directamente desde nuestra asociaci\u00f3n. En este sentido, se\u00f1alamos el primer encuentro informal de empresarios espa\u00f1oles a nivel de todo el territorio de Rumania, <a style=\"color: #000000;\" href=\"https:\/\/espanol.hotnews.ro\/stiri-moldavia-24871680-buenos-dias-rumania-historia-los-emprendedores-espaoles.htm\">Buenos d\u00edas Ruman\u00eda<\/a> (<em>anuncio publicado a trav\u00e9s del peri\u00f3dico on-line Hotnews <\/em><em>y otros medios, convocado para fecha de 2 de julio hora 11:00 a.m.<\/em>) o de la pr\u00f3xima video-conferencia sobre los Fondos Europeos hasta 2027 (<em>programado para fecha de 14 de julio hora 11:00 a.m.<\/em>) con la participaci\u00f3n de Simona Sauciuc y David P\u00e9rez.<\/span><\/p>\n<p><span style=\"color: #000000;\">En este nuevo n\u00famero de nuestra revista tambi\u00e9n nos ocupamos de contar la experiencia y buen hacer de nuestra asociada Andreea Balmu\u0219, abogada dedicada al asesoramiento y representaci\u00f3n en el \u00e1mbito civil y asistencia penal, que adem\u00e1s es responsable del grupo sectorial de agricultura y miembro de la junta directiva de nuestra asociaci\u00f3n. Le damos las gracias por su dedicaci\u00f3n y apoyo, y le deseamos obtenga toda la confianza de nuestros asociados. En el apartado del publirreportaje mostramos los servicios de la empresa PREMIAN. Severin S\u00e2nzianu nos cuenta su experiencia en el \u00e1mbito de las empresas multinacionales y del proyecto PREMIAN, cuya oferta abarca \u00e1mbitos tan diferentes como el marketing, la b\u00fasqueda de trabajadores cualificados y la contabilidad. Severin S\u00e2nzianu es tambi\u00e9n nuestro responsable del grupo sectorial de relaciones laborales, del que esperamos pronto poder conocer sus propuestas e iniciativas. \u00c1nimo y mucha suerte.<\/span><\/p>\n<p><span style=\"color: #000000;\">Como asociaci\u00f3n de empresarios espa\u00f1oles en Ruman\u00eda tampoco podemos dejar pasar la ocasi\u00f3n de los 140 a\u00f1os de relaciones bilaterales entre Espa\u00f1a y Ruman\u00eda sin hacer rese\u00f1a. A pesar de no contar con siglos de Historia, como estamos acostumbrados a otros casos, la relaci\u00f3n bilateral entre nuestros pa\u00edses, partiendo de unos or\u00edgenes humildes, no ha hecho m\u00e1s que crecer a lo largo de los a\u00f1os. En nuestros \u00faltimos a\u00f1os no podemos olvidar su inmenso calado y la profundidad del arraigo generado. Afirmamos, sin demasiado riesgo en equivocarnos, que las relaciones bilaterales entre nuestros pa\u00edses son actualmente tan intensas como las que resultan de la vecindad inmediata. En todo caso, como testigos de primera l\u00ednea de esta experiencia, nos sentirnos orgullosos de ser actores y de poder contribuir a su marcha hacia el mejor futuro posible.<\/span><\/p>\n<p><span style=\"color: #000000;\">Recomendamos leer tambi\u00e9n los art\u00edculos sobre Fondos Europeos para zonas rurales y sobre lugares para la conexi\u00f3n a\u00e9rea entre Espa\u00f1a y Ruman\u00eda.<\/span><\/p>\n<p><span style=\"color: #000000;\">Un cordial saludo a todos.<\/span><\/p>\n<p><span style=\"color: #000000;\">Equipo editorial<\/span><\/p>\n","protected":false},"excerpt":{"rendered":"<p>Con la edici\u00f3n de este n\u00famero queremos compartir con nuestros lectores entre otras circunstancias los varios acuerdos de colaboraci\u00f3n alcanzados [&hellip;]<\/p>\n","protected":false},"author":3,"featured_media":0,"comment_status":"open","ping_status":"open","sticky":false,"template":"","format":"standard","meta":{"footnotes":""},"categories":[1],"tags":[],"class_list":["post-6427","post","type-post","status-publish","format-standard","hentry","category-uncategorized"],"yoast_head":"<!-- This site is optimized with the Yoast SEO plugin v27.5 - https:\/\/yoast.com\/product\/yoast-seo-wordpress\/ -->\n<title>Queridos lectores - ASEMER<\/title>\n<meta name=\"robots\" content=\"index, follow, max-snippet:-1, max-image-preview:large, max-video-preview:-1\" \/>\n<link rel=\"canonical\" href=\"https:\/\/www.asemer.ro\/index.php\/2021\/06\/30\/queridos-lectores-6\/\" \/>\n<meta property=\"og:locale\" content=\"es_ES\" \/>\n<meta property=\"og:type\" content=\"article\" \/>\n<meta property=\"og:title\" content=\"Queridos lectores - ASEMER\" \/>\n<meta property=\"og:description\" content=\"Con la edici\u00f3n de este n\u00famero queremos compartir con nuestros lectores entre otras circunstancias los varios acuerdos de colaboraci\u00f3n alcanzados [&hellip;]\" \/>\n<meta property=\"og:url\" content=\"https:\/\/www.asemer.ro\/index.php\/2021\/06\/30\/queridos-lectores-6\/\" \/>\n<meta property=\"og:site_name\" content=\"ASEMER\" \/>\n<meta property=\"article:publisher\" content=\"https:\/\/www.facebook.com\/asociacionasemer\" \/>\n<meta property=\"article:published_time\" content=\"2021-06-30T15:20:30+00:00\" \/>\n<meta property=\"article:modified_time\" content=\"2021-06-30T15:20:39+00:00\" \/>\n<meta name=\"author\" content=\"Admin Asemer\" \/>\n<meta name=\"twitter:card\" content=\"summary_large_image\" \/>\n<meta name=\"twitter:creator\" content=\"@asemer_rumania\" \/>\n<meta name=\"twitter:site\" content=\"@asemer_rumania\" \/>\n<meta name=\"twitter:label1\" content=\"Escrito por\" \/>\n\t<meta name=\"twitter:data1\" content=\"Admin Asemer\" \/>\n\t<meta name=\"twitter:label2\" content=\"Tiempo de lectura\" \/>\n\t<meta name=\"twitter:data2\" content=\"3 minutos\" \/>\n<script type=\"application\/ld+json\" class=\"yoast-schema-graph\">{\"@context\":\"https:\\\/\\\/schema.org\",\"@graph\":[{\"@type\":\"Article\",\"@id\":\"https:\\\/\\\/www.asemer.ro\\\/index.php\\\/2021\\\/06\\\/30\\\/queridos-lectores-6\\\/#article\",\"isPartOf\":{\"@id\":\"https:\\\/\\\/www.asemer.ro\\\/index.php\\\/2021\\\/06\\\/30\\\/queridos-lectores-6\\\/\"},\"author\":{\"name\":\"Admin Asemer\",\"@id\":\"https:\\\/\\\/www.asemer.ro\\\/#\\\/schema\\\/person\\\/36de47e444c0f1a7b737a035d40519f9\"},\"headline\":\"Queridos lectores\",\"datePublished\":\"2021-06-30T15:20:30+00:00\",\"dateModified\":\"2021-06-30T15:20:39+00:00\",\"mainEntityOfPage\":{\"@id\":\"https:\\\/\\\/www.asemer.ro\\\/index.php\\\/2021\\\/06\\\/30\\\/queridos-lectores-6\\\/\"},\"wordCount\":615,\"commentCount\":0,\"publisher\":{\"@id\":\"https:\\\/\\\/www.asemer.ro\\\/#organization\"},\"articleSection\":[\"Uncategorized\"],\"inLanguage\":\"es\",\"potentialAction\":[{\"@type\":\"CommentAction\",\"name\":\"Comment\",\"target\":[\"https:\\\/\\\/www.asemer.ro\\\/index.php\\\/2021\\\/06\\\/30\\\/queridos-lectores-6\\\/#respond\"]}]},{\"@type\":\"WebPage\",\"@id\":\"https:\\\/\\\/www.asemer.ro\\\/index.php\\\/2021\\\/06\\\/30\\\/queridos-lectores-6\\\/\",\"url\":\"https:\\\/\\\/www.asemer.ro\\\/index.php\\\/2021\\\/06\\\/30\\\/queridos-lectores-6\\\/\",\"name\":\"Queridos lectores - ASEMER\",\"isPartOf\":{\"@id\":\"https:\\\/\\\/www.asemer.ro\\\/#website\"},\"datePublished\":\"2021-06-30T15:20:30+00:00\",\"dateModified\":\"2021-06-30T15:20:39+00:00\",\"breadcrumb\":{\"@id\":\"https:\\\/\\\/www.asemer.ro\\\/index.php\\\/2021\\\/06\\\/30\\\/queridos-lectores-6\\\/#breadcrumb\"},\"inLanguage\":\"es\",\"potentialAction\":[{\"@type\":\"ReadAction\",\"target\":[\"https:\\\/\\\/www.asemer.ro\\\/index.php\\\/2021\\\/06\\\/30\\\/queridos-lectores-6\\\/\"]}]},{\"@type\":\"BreadcrumbList\",\"@id\":\"https:\\\/\\\/www.asemer.ro\\\/index.php\\\/2021\\\/06\\\/30\\\/queridos-lectores-6\\\/#breadcrumb\",\"itemListElement\":[{\"@type\":\"ListItem\",\"position\":1,\"name\":\"Home\",\"item\":\"https:\\\/\\\/www.asemer.ro\\\/\"},{\"@type\":\"ListItem\",\"position\":2,\"name\":\"Queridos lectores\"}]},{\"@type\":\"WebSite\",\"@id\":\"https:\\\/\\\/www.asemer.ro\\\/#website\",\"url\":\"https:\\\/\\\/www.asemer.ro\\\/\",\"name\":\"ASEMER\",\"description\":\"Asociaci\u00f3n de Empresas Espa\u00f1olas en Ruman\u00eda\",\"publisher\":{\"@id\":\"https:\\\/\\\/www.asemer.ro\\\/#organization\"},\"potentialAction\":[{\"@type\":\"SearchAction\",\"target\":{\"@type\":\"EntryPoint\",\"urlTemplate\":\"https:\\\/\\\/www.asemer.ro\\\/?s={search_term_string}\"},\"query-input\":{\"@type\":\"PropertyValueSpecification\",\"valueRequired\":true,\"valueName\":\"search_term_string\"}}],\"inLanguage\":\"es\"},{\"@type\":\"Organization\",\"@id\":\"https:\\\/\\\/www.asemer.ro\\\/#organization\",\"name\":\"ASEMER\",\"url\":\"https:\\\/\\\/www.asemer.ro\\\/\",\"logo\":{\"@type\":\"ImageObject\",\"inLanguage\":\"es\",\"@id\":\"https:\\\/\\\/www.asemer.ro\\\/#\\\/schema\\\/logo\\\/image\\\/\",\"url\":\"https:\\\/\\\/www.asemer.ro\\\/wp-content\\\/uploads\\\/2020\\\/12\\\/logo-ASEMER-scaled.jpg\",\"contentUrl\":\"https:\\\/\\\/www.asemer.ro\\\/wp-content\\\/uploads\\\/2020\\\/12\\\/logo-ASEMER-scaled.jpg\",\"width\":2560,\"height\":849,\"caption\":\"ASEMER\"},\"image\":{\"@id\":\"https:\\\/\\\/www.asemer.ro\\\/#\\\/schema\\\/logo\\\/image\\\/\"},\"sameAs\":[\"https:\\\/\\\/www.facebook.com\\\/asociacionasemer\",\"https:\\\/\\\/x.com\\\/asemer_rumania\",\"https:\\\/\\\/ro.linkedin.com\\\/in\\\/asemer-asociaci\u00f3n-empresas-espa\u00f1olas-en-ruman\u00eda-724772a6?trk=author_mini-profile_title\",\"https:\\\/\\\/www.youtube.com\\\/channel\\\/UC73m8-BDsg857OL0Ogv5aQA\\\/videos\"]},{\"@type\":\"Person\",\"@id\":\"https:\\\/\\\/www.asemer.ro\\\/#\\\/schema\\\/person\\\/36de47e444c0f1a7b737a035d40519f9\",\"name\":\"Admin Asemer\",\"image\":{\"@type\":\"ImageObject\",\"inLanguage\":\"es\",\"@id\":\"https:\\\/\\\/secure.gravatar.com\\\/avatar\\\/b64873d65b5be684e01a001c464789c445a7279ef3f177f5fbff5d83eb373299?s=96&d=mm&r=g\",\"url\":\"https:\\\/\\\/secure.gravatar.com\\\/avatar\\\/b64873d65b5be684e01a001c464789c445a7279ef3f177f5fbff5d83eb373299?s=96&d=mm&r=g\",\"contentUrl\":\"https:\\\/\\\/secure.gravatar.com\\\/avatar\\\/b64873d65b5be684e01a001c464789c445a7279ef3f177f5fbff5d83eb373299?s=96&d=mm&r=g\",\"caption\":\"Admin Asemer\"},\"url\":\"https:\\\/\\\/www.asemer.ro\\\/index.php\\\/author\\\/admin\\\/\"}]}<\/script>\n<!-- \/ Yoast SEO plugin. -->","yoast_head_json":{"title":"Queridos lectores - ASEMER","robots":{"index":"index","follow":"follow","max-snippet":"max-snippet:-1","max-image-preview":"max-image-preview:large","max-video-preview":"max-video-preview:-1"},"canonical":"https:\/\/www.asemer.ro\/index.php\/2021\/06\/30\/queridos-lectores-6\/","og_locale":"es_ES","og_type":"article","og_title":"Queridos lectores - ASEMER","og_description":"Con la edici\u00f3n de este n\u00famero queremos compartir con nuestros lectores entre otras circunstancias los varios acuerdos de colaboraci\u00f3n alcanzados [&hellip;]","og_url":"https:\/\/www.asemer.ro\/index.php\/2021\/06\/30\/queridos-lectores-6\/","og_site_name":"ASEMER","article_publisher":"https:\/\/www.facebook.com\/asociacionasemer","article_published_time":"2021-06-30T15:20:30+00:00","article_modified_time":"2021-06-30T15:20:39+00:00","author":"Admin Asemer","twitter_card":"summary_large_image","twitter_creator":"@asemer_rumania","twitter_site":"@asemer_rumania","twitter_misc":{"Escrito por":"Admin Asemer","Tiempo de lectura":"3 minutos"},"schema":{"@context":"https:\/\/schema.org","@graph":[{"@type":"Article","@id":"https:\/\/www.asemer.ro\/index.php\/2021\/06\/30\/queridos-lectores-6\/#article","isPartOf":{"@id":"https:\/\/www.asemer.ro\/index.php\/2021\/06\/30\/queridos-lectores-6\/"},"author":{"name":"Admin Asemer","@id":"https:\/\/www.asemer.ro\/#\/schema\/person\/36de47e444c0f1a7b737a035d40519f9"},"headline":"Queridos lectores","datePublished":"2021-06-30T15:20:30+00:00","dateModified":"2021-06-30T15:20:39+00:00","mainEntityOfPage":{"@id":"https:\/\/www.asemer.ro\/index.php\/2021\/06\/30\/queridos-lectores-6\/"},"wordCount":615,"commentCount":0,"publisher":{"@id":"https:\/\/www.asemer.ro\/#organization"},"articleSection":["Uncategorized"],"inLanguage":"es","potentialAction":[{"@type":"CommentAction","name":"Comment","target":["https:\/\/www.asemer.ro\/index.php\/2021\/06\/30\/queridos-lectores-6\/#respond"]}]},{"@type":"WebPage","@id":"https:\/\/www.asemer.ro\/index.php\/2021\/06\/30\/queridos-lectores-6\/","url":"https:\/\/www.asemer.ro\/index.php\/2021\/06\/30\/queridos-lectores-6\/","name":"Queridos lectores - ASEMER","isPartOf":{"@id":"https:\/\/www.asemer.ro\/#website"},"datePublished":"2021-06-30T15:20:30+00:00","dateModified":"2021-06-30T15:20:39+00:00","breadcrumb":{"@id":"https:\/\/www.asemer.ro\/index.php\/2021\/06\/30\/queridos-lectores-6\/#breadcrumb"},"inLanguage":"es","potentialAction":[{"@type":"ReadAction","target":["https:\/\/www.asemer.ro\/index.php\/2021\/06\/30\/queridos-lectores-6\/"]}]},{"@type":"BreadcrumbList","@id":"https:\/\/www.asemer.ro\/index.php\/2021\/06\/30\/queridos-lectores-6\/#breadcrumb","itemListElement":[{"@type":"ListItem","position":1,"name":"Home","item":"https:\/\/www.asemer.ro\/"},{"@type":"ListItem","position":2,"name":"Queridos lectores"}]},{"@type":"WebSite","@id":"https:\/\/www.asemer.ro\/#website","url":"https:\/\/www.asemer.ro\/","name":"ASEMER","description":"Asociaci\u00f3n de Empresas Espa\u00f1olas en Ruman\u00eda","publisher":{"@id":"https:\/\/www.asemer.ro\/#organization"},"potentialAction":[{"@type":"SearchAction","target":{"@type":"EntryPoint","urlTemplate":"https:\/\/www.asemer.ro\/?s={search_term_string}"},"query-input":{"@type":"PropertyValueSpecification","valueRequired":true,"valueName":"search_term_string"}}],"inLanguage":"es"},{"@type":"Organization","@id":"https:\/\/www.asemer.ro\/#organization","name":"ASEMER","url":"https:\/\/www.asemer.ro\/","logo":{"@type":"ImageObject","inLanguage":"es","@id":"https:\/\/www.asemer.ro\/#\/schema\/logo\/image\/","url":"https:\/\/www.asemer.ro\/wp-content\/uploads\/2020\/12\/logo-ASEMER-scaled.jpg","contentUrl":"https:\/\/www.asemer.ro\/wp-content\/uploads\/2020\/12\/logo-ASEMER-scaled.jpg","width":2560,"height":849,"caption":"ASEMER"},"image":{"@id":"https:\/\/www.asemer.ro\/#\/schema\/logo\/image\/"},"sameAs":["https:\/\/www.facebook.com\/asociacionasemer","https:\/\/x.com\/asemer_rumania","https:\/\/ro.linkedin.com\/in\/asemer-asociaci\u00f3n-empresas-espa\u00f1olas-en-ruman\u00eda-724772a6?trk=author_mini-profile_title","https:\/\/www.youtube.com\/channel\/UC73m8-BDsg857OL0Ogv5aQA\/videos"]},{"@type":"Person","@id":"https:\/\/www.asemer.ro\/#\/schema\/person\/36de47e444c0f1a7b737a035d40519f9","name":"Admin Asemer","image":{"@type":"ImageObject","inLanguage":"es","@id":"https:\/\/secure.gravatar.com\/avatar\/b64873d65b5be684e01a001c464789c445a7279ef3f177f5fbff5d83eb373299?s=96&d=mm&r=g","url":"https:\/\/secure.gravatar.com\/avatar\/b64873d65b5be684e01a001c464789c445a7279ef3f177f5fbff5d83eb373299?s=96&d=mm&r=g","contentUrl":"https:\/\/secure.gravatar.com\/avatar\/b64873d65b5be684e01a001c464789c445a7279ef3f177f5fbff5d83eb373299?s=96&d=mm&r=g","caption":"Admin Asemer"},"url":"https:\/\/www.asemer.ro\/index.php\/author\/admin\/"}]}},"_links":{"self":[{"href":"https:\/\/www.asemer.ro\/index.php\/wp-json\/wp\/v2\/posts\/6427","targetHints":{"allow":["GET"]}}],"collection":[{"href":"https:\/\/www.asemer.ro\/index.php\/wp-json\/wp\/v2\/posts"}],"about":[{"href":"https:\/\/www.asemer.ro\/index.php\/wp-json\/wp\/v2\/types\/post"}],"author":[{"embeddable":true,"href":"https:\/\/www.asemer.ro\/index.php\/wp-json\/wp\/v2\/users\/3"}],"replies":[{"embeddable":true,"href":"https:\/\/www.asemer.ro\/index.php\/wp-json\/wp\/v2\/comments?post=6427"}],"version-history":[{"count":1,"href":"https:\/\/www.asemer.ro\/index.php\/wp-json\/wp\/v2\/posts\/6427\/revisions"}],"predecessor-version":[{"id":6428,"href":"https:\/\/www.asemer.ro\/index.php\/wp-json\/wp\/v2\/posts\/6427\/revisions\/6428"}],"wp:attachment":[{"href":"https:\/\/www.asemer.ro\/index.php\/wp-json\/wp\/v2\/media?parent=6427"}],"wp:term":[{"taxonomy":"category","embeddable":true,"href":"https:\/\/www.asemer.ro\/index.php\/wp-json\/wp\/v2\/categories?post=6427"},{"taxonomy":"post_tag","embeddable":true,"href":"https:\/\/www.asemer.ro\/index.php\/wp-json\/wp\/v2\/tags?post=6427"}],"curies":[{"name":"wp","href":"https:\/\/api.w.org\/{rel}","templated":true}]}}