{"id":6658,"date":"2021-09-30T11:11:12","date_gmt":"2021-09-30T09:11:12","guid":{"rendered":"https:\/\/www.asemer.ro\/?p=6658"},"modified":"2021-10-07T13:00:25","modified_gmt":"2021-10-07T11:00:25","slug":"jesus-del-cerro-entre-peliculas-y-libros","status":"publish","type":"post","link":"https:\/\/www.asemer.ro\/index.php\/2021\/09\/30\/jesus-del-cerro-entre-peliculas-y-libros\/","title":{"rendered":"Jes\u00fas del Cerro, entre pel\u00edculas y libros"},"content":{"rendered":"<p>Jes\u00fas del Cerro es guionista, director y productor de cine. Es originario de Espa\u00f1a, pero se siente bien en Ruman\u00eda, que lo trata como a su propio hijo. Sus producciones se han convertido en algunas de las m\u00e1s vistas en Ruman\u00eda: mencionamos aqu\u00ed la serie \u00abVlad\u00bb, transmitida por ProTV, la pel\u00edcula \u00abMiami Bici\u00bb, pero tambi\u00e9n public\u00f3 un libro titulado \u00abLas aventuras de un espa\u00f1ol en Ruman\u00eda y en el mundo\u201d.<\/p>\n<p>Jes\u00fas respondi\u00f3 una serie de preguntas a trav\u00e9s de las cuales quer\u00edamos conocerlo mejor, y a continuaci\u00f3n presentaremos a este hombre con m\u00faltiples logros, planes e ideas creativas.<\/p>\n<p><img loading=\"lazy\" decoding=\"async\" class=\"aligncenter wp-image-6659 size-full\" src=\"https:\/\/www.asemer.ro\/wp-content\/uploads\/2021\/09\/68384552_932895110393039_8547675493946621952_n.jpg\" alt=\"\" width=\"960\" height=\"640\" srcset=\"https:\/\/www.asemer.ro\/wp-content\/uploads\/2021\/09\/68384552_932895110393039_8547675493946621952_n.jpg 960w, https:\/\/www.asemer.ro\/wp-content\/uploads\/2021\/09\/68384552_932895110393039_8547675493946621952_n-300x200.jpg 300w, https:\/\/www.asemer.ro\/wp-content\/uploads\/2021\/09\/68384552_932895110393039_8547675493946621952_n-768x512.jpg 768w, https:\/\/www.asemer.ro\/wp-content\/uploads\/2021\/09\/68384552_932895110393039_8547675493946621952_n-391x260.jpg 391w, https:\/\/www.asemer.ro\/wp-content\/uploads\/2021\/09\/68384552_932895110393039_8547675493946621952_n-720x480.jpg 720w, https:\/\/www.asemer.ro\/wp-content\/uploads\/2021\/09\/68384552_932895110393039_8547675493946621952_n-272x182.jpg 272w\" sizes=\"auto, (max-width: 960px) 100vw, 960px\" \/><\/p>\n<p>Jes\u00fas del Cerro no es una persona complicada &#8211; se considera una persona normal, que le gusta pasar el tiempo con su familia y sus amigos y sus actividades favoritas incluyen la lectura, ver pel\u00edculas, viajar y hacer deporte.<\/p>\n<p>Vive entre Rumania y Espa\u00f1a desde 2006, pero trabaja donde sea el caso, dependiendo de los proyectos que tenga. Jes\u00fas dirige, produce o hace guiones donde lo llaman, donde hay una historia que contar. Su vida es en constante movimiento \u2013 su \u00faltima pel\u00edcula, intitulada \u201c<em>Dos vacas y una burra\u201d<\/em>, est\u00e1 rodada en Santander, su siguiente pel\u00edcula, \u201c<em>Ramon\u201d<\/em> la rodara en Rumania y despu\u00e9s viajara a EEUU para rodar la segunda parte de \u201c<em>Miami Bici\u201d<\/em>.<\/p>\n<p>Cuando decidi\u00f3 estudiar cinematograf\u00eda y cine, a\u00fan no hab\u00eda elegido ser director de cine al final. Jes\u00fas empez\u00f3 primero a trabajar haciendo series como ayudante de direcci\u00f3n, y de ah\u00ed paso a dirigi r series como \u201c<em>M\u00e9dico de Familia\u201d<\/em>, \u201c<em>Compa\u00f1eros\u201d<\/em> y \u201c<em>Un paso Adelante\u201d<\/em>. Probando esto nuevo vaso, se propuso a dirigir su primera pel\u00edcula \u2013 y eso ocurri\u00f3 en 2008 con \u201c<em>Carlitos y el campo de los sue\u00f1os\u201d, <\/em>trece a\u00f1os despu\u00e9s de empezar a dirigir \u201c<em>M\u00e9dico de Familia\u201d<\/em>. El considera que dirigir cine es algo muy exclusivo y muy dif\u00edcil al mismo tiempo.<\/p>\n<p>Jes\u00fas ha dirigido hasta ahora diez pel\u00edculas &#8211; dos espa\u00f1olas, otra americana y siete rumanas, cada cual tiene algo de su propria persona. \u201c<em>Hawaii\u201d<\/em> fue la pel\u00edcula que m\u00e1s le cost\u00f3 hacer, \u201c<em>Miami Bici\u201d<\/em> es la pel\u00edcula rumana m\u00e1s taquillera de la historia, \u201c<em>Attraction to Paris\u201d<\/em> fue su \u201caventura americana\u201d con Tara Reid y Chris Atkins, \u201c<em>Ho Ho Ho!\u201d<\/em> fue la primera pel\u00edcula navide\u00f1a de Rumania. Para el, todas las pel\u00edculas son importantes y todas lo hacen sentir orgulloso por el trabajo realizado.<\/p>\n<p>En Rumania se siente a gusto, quiz\u00e1s debido al hecho de que la gente lo han tratado siempre bien. El director de cine considera que los equipos de rodaje rumanas y los actores son extremadamente profesionales.<\/p>\n<p>Pero su hermoso trabajo tambi\u00e9n tiene partes menos amigables. Conseguir el dinero para poder rodar las pel\u00edculas y despu\u00e9s venderlas no se f\u00e1cil, y aunque no lo parezca, rodar las pel\u00edculas es la parte m\u00e1s f\u00e1cil del trabajo.<\/p>\n<p>Para no perder el tiempo libre que obtuvo con el inicio de la pandemia del a\u00f1o pasado, Jes\u00fas del Cerro decidi\u00f3 <img loading=\"lazy\" decoding=\"async\" class=\"alignright wp-image-6660 \" src=\"https:\/\/www.asemer.ro\/wp-content\/uploads\/2021\/09\/img3012-1024x697-1.jpg\" alt=\"\" width=\"381\" height=\"260\" srcset=\"https:\/\/www.asemer.ro\/wp-content\/uploads\/2021\/09\/img3012-1024x697-1.jpg 1024w, https:\/\/www.asemer.ro\/wp-content\/uploads\/2021\/09\/img3012-1024x697-1-300x204.jpg 300w, https:\/\/www.asemer.ro\/wp-content\/uploads\/2021\/09\/img3012-1024x697-1-768x523.jpg 768w, https:\/\/www.asemer.ro\/wp-content\/uploads\/2021\/09\/img3012-1024x697-1-474x324.jpg 474w, https:\/\/www.asemer.ro\/wp-content\/uploads\/2021\/09\/img3012-1024x697-1-720x490.jpg 720w\" sizes=\"auto, (max-width: 381px) 100vw, 381px\" \/>publicar un libro. Durante dos a\u00f1os el colaboro con un peri\u00f3dico en Espa\u00f1a donde escrib\u00eda un art\u00edculo semanal. El libro \u201cLas aventuras de un director espa\u00f1ol en Ruman\u00eda y en el mundo\u201d es una recopilaci\u00f3n de los art\u00edculos publicados en eso peri\u00f3dico, con unos textos que vertebran la historia y le dan continuidad a modo de diario. Le recomendamos que lea este libro muy divertido que muestra una perspectiva diferente de la vida de un director de cine.<\/p>\n<p>Pero no se detiene ah\u00ed: el director ya ha escrito dos novelas m\u00e1s, que las esta revisando. Esperamos que pronto esten publicadas y disponibles para los lectores de Rumania.<\/p>\n<p>Jes\u00fas considera que los dos roles, de director y de autor, se complementan. A trav\u00e9s de ambos se cuentan historias \u2013 directo a la gran pantalla en un gran cine o en las p\u00e1ginas de un libro desde la comodidad de tu propria casa. Adem\u00e1s, Jes\u00fas siempre tendr\u00e1 tiempo entre pel\u00edculas para la escritura y va a seguir contando historias para el p\u00fablico interesado.<\/p>\n<p>Al final del d\u00eda, lo que m\u00e1s desea el hombre Jes\u00fas del Cerro es ser feliz. \u00a1Y le deseamos tantos \u00e9xitos cinematogr\u00e1ficos, lectores emocionados y cr\u00edtica constructiva como sea posible!<\/p>\n","protected":false},"excerpt":{"rendered":"<p>Jes\u00fas del Cerro es guionista, director y productor de cine. Es originario de Espa\u00f1a, pero se siente bien en Ruman\u00eda, [&hellip;]<\/p>\n","protected":false},"author":3,"featured_media":0,"comment_status":"open","ping_status":"open","sticky":false,"template":"","format":"standard","meta":{"footnotes":""},"categories":[47],"tags":[56,50,49,48],"class_list":["post-6658","post","type-post","status-publish","format-standard","hentry","category-proyectos-y-empresas","tag-empresas","tag-proyectos","tag-publicidad","tag-reportaje"],"yoast_head":"<!-- This site is optimized with the Yoast SEO plugin v27.5 - https:\/\/yoast.com\/product\/yoast-seo-wordpress\/ -->\n<title>Jes\u00fas del Cerro, entre pel\u00edculas y libros - ASEMER<\/title>\n<meta name=\"robots\" content=\"index, follow, max-snippet:-1, max-image-preview:large, max-video-preview:-1\" \/>\n<link rel=\"canonical\" href=\"https:\/\/www.asemer.ro\/index.php\/2021\/09\/30\/jesus-del-cerro-entre-peliculas-y-libros\/\" \/>\n<meta property=\"og:locale\" content=\"es_ES\" \/>\n<meta property=\"og:type\" content=\"article\" \/>\n<meta property=\"og:title\" content=\"Jes\u00fas del Cerro, entre pel\u00edculas y libros - ASEMER\" \/>\n<meta property=\"og:description\" content=\"Jes\u00fas del Cerro es guionista, director y productor de cine. Es originario de Espa\u00f1a, pero se siente bien en Ruman\u00eda, [&hellip;]\" \/>\n<meta property=\"og:url\" content=\"https:\/\/www.asemer.ro\/index.php\/2021\/09\/30\/jesus-del-cerro-entre-peliculas-y-libros\/\" \/>\n<meta property=\"og:site_name\" content=\"ASEMER\" \/>\n<meta property=\"article:publisher\" content=\"https:\/\/www.facebook.com\/asociacionasemer\" \/>\n<meta property=\"article:published_time\" content=\"2021-09-30T09:11:12+00:00\" \/>\n<meta property=\"article:modified_time\" content=\"2021-10-07T11:00:25+00:00\" \/>\n<meta property=\"og:image\" content=\"https:\/\/www.asemer.ro\/wp-content\/uploads\/2021\/09\/68384552_932895110393039_8547675493946621952_n.jpg\" \/>\n<meta name=\"author\" content=\"Admin Asemer\" \/>\n<meta name=\"twitter:card\" content=\"summary_large_image\" \/>\n<meta name=\"twitter:creator\" content=\"@asemer_rumania\" \/>\n<meta name=\"twitter:site\" content=\"@asemer_rumania\" \/>\n<meta name=\"twitter:label1\" content=\"Escrito por\" \/>\n\t<meta name=\"twitter:data1\" content=\"Admin Asemer\" \/>\n\t<meta name=\"twitter:label2\" content=\"Tiempo de lectura\" \/>\n\t<meta name=\"twitter:data2\" content=\"4 minutos\" \/>\n<script type=\"application\/ld+json\" class=\"yoast-schema-graph\">{\"@context\":\"https:\\\/\\\/schema.org\",\"@graph\":[{\"@type\":\"Article\",\"@id\":\"https:\\\/\\\/www.asemer.ro\\\/index.php\\\/2021\\\/09\\\/30\\\/jesus-del-cerro-entre-peliculas-y-libros\\\/#article\",\"isPartOf\":{\"@id\":\"https:\\\/\\\/www.asemer.ro\\\/index.php\\\/2021\\\/09\\\/30\\\/jesus-del-cerro-entre-peliculas-y-libros\\\/\"},\"author\":{\"name\":\"Admin Asemer\",\"@id\":\"https:\\\/\\\/www.asemer.ro\\\/#\\\/schema\\\/person\\\/36de47e444c0f1a7b737a035d40519f9\"},\"headline\":\"Jes\u00fas del Cerro, entre pel\u00edculas y libros\",\"datePublished\":\"2021-09-30T09:11:12+00:00\",\"dateModified\":\"2021-10-07T11:00:25+00:00\",\"mainEntityOfPage\":{\"@id\":\"https:\\\/\\\/www.asemer.ro\\\/index.php\\\/2021\\\/09\\\/30\\\/jesus-del-cerro-entre-peliculas-y-libros\\\/\"},\"wordCount\":766,\"commentCount\":0,\"publisher\":{\"@id\":\"https:\\\/\\\/www.asemer.ro\\\/#organization\"},\"image\":{\"@id\":\"https:\\\/\\\/www.asemer.ro\\\/index.php\\\/2021\\\/09\\\/30\\\/jesus-del-cerro-entre-peliculas-y-libros\\\/#primaryimage\"},\"thumbnailUrl\":\"https:\\\/\\\/www.asemer.ro\\\/wp-content\\\/uploads\\\/2021\\\/09\\\/68384552_932895110393039_8547675493946621952_n.jpg\",\"keywords\":[\"empresas\",\"proyectos\",\"publicidad\",\"reportaje\"],\"articleSection\":[\"Proyectos y empresas\"],\"inLanguage\":\"es\",\"potentialAction\":[{\"@type\":\"CommentAction\",\"name\":\"Comment\",\"target\":[\"https:\\\/\\\/www.asemer.ro\\\/index.php\\\/2021\\\/09\\\/30\\\/jesus-del-cerro-entre-peliculas-y-libros\\\/#respond\"]}]},{\"@type\":\"WebPage\",\"@id\":\"https:\\\/\\\/www.asemer.ro\\\/index.php\\\/2021\\\/09\\\/30\\\/jesus-del-cerro-entre-peliculas-y-libros\\\/\",\"url\":\"https:\\\/\\\/www.asemer.ro\\\/index.php\\\/2021\\\/09\\\/30\\\/jesus-del-cerro-entre-peliculas-y-libros\\\/\",\"name\":\"Jes\u00fas del Cerro, entre pel\u00edculas y libros - ASEMER\",\"isPartOf\":{\"@id\":\"https:\\\/\\\/www.asemer.ro\\\/#website\"},\"primaryImageOfPage\":{\"@id\":\"https:\\\/\\\/www.asemer.ro\\\/index.php\\\/2021\\\/09\\\/30\\\/jesus-del-cerro-entre-peliculas-y-libros\\\/#primaryimage\"},\"image\":{\"@id\":\"https:\\\/\\\/www.asemer.ro\\\/index.php\\\/2021\\\/09\\\/30\\\/jesus-del-cerro-entre-peliculas-y-libros\\\/#primaryimage\"},\"thumbnailUrl\":\"https:\\\/\\\/www.asemer.ro\\\/wp-content\\\/uploads\\\/2021\\\/09\\\/68384552_932895110393039_8547675493946621952_n.jpg\",\"datePublished\":\"2021-09-30T09:11:12+00:00\",\"dateModified\":\"2021-10-07T11:00:25+00:00\",\"breadcrumb\":{\"@id\":\"https:\\\/\\\/www.asemer.ro\\\/index.php\\\/2021\\\/09\\\/30\\\/jesus-del-cerro-entre-peliculas-y-libros\\\/#breadcrumb\"},\"inLanguage\":\"es\",\"potentialAction\":[{\"@type\":\"ReadAction\",\"target\":[\"https:\\\/\\\/www.asemer.ro\\\/index.php\\\/2021\\\/09\\\/30\\\/jesus-del-cerro-entre-peliculas-y-libros\\\/\"]}]},{\"@type\":\"ImageObject\",\"inLanguage\":\"es\",\"@id\":\"https:\\\/\\\/www.asemer.ro\\\/index.php\\\/2021\\\/09\\\/30\\\/jesus-del-cerro-entre-peliculas-y-libros\\\/#primaryimage\",\"url\":\"https:\\\/\\\/www.asemer.ro\\\/wp-content\\\/uploads\\\/2021\\\/09\\\/68384552_932895110393039_8547675493946621952_n.jpg\",\"contentUrl\":\"https:\\\/\\\/www.asemer.ro\\\/wp-content\\\/uploads\\\/2021\\\/09\\\/68384552_932895110393039_8547675493946621952_n.jpg\",\"width\":960,\"height\":640},{\"@type\":\"BreadcrumbList\",\"@id\":\"https:\\\/\\\/www.asemer.ro\\\/index.php\\\/2021\\\/09\\\/30\\\/jesus-del-cerro-entre-peliculas-y-libros\\\/#breadcrumb\",\"itemListElement\":[{\"@type\":\"ListItem\",\"position\":1,\"name\":\"Home\",\"item\":\"https:\\\/\\\/www.asemer.ro\\\/\"},{\"@type\":\"ListItem\",\"position\":2,\"name\":\"Jes\u00fas del Cerro, entre pel\u00edculas y libros\"}]},{\"@type\":\"WebSite\",\"@id\":\"https:\\\/\\\/www.asemer.ro\\\/#website\",\"url\":\"https:\\\/\\\/www.asemer.ro\\\/\",\"name\":\"ASEMER\",\"description\":\"Asociaci\u00f3n de Empresas Espa\u00f1olas en Ruman\u00eda\",\"publisher\":{\"@id\":\"https:\\\/\\\/www.asemer.ro\\\/#organization\"},\"potentialAction\":[{\"@type\":\"SearchAction\",\"target\":{\"@type\":\"EntryPoint\",\"urlTemplate\":\"https:\\\/\\\/www.asemer.ro\\\/?s={search_term_string}\"},\"query-input\":{\"@type\":\"PropertyValueSpecification\",\"valueRequired\":true,\"valueName\":\"search_term_string\"}}],\"inLanguage\":\"es\"},{\"@type\":\"Organization\",\"@id\":\"https:\\\/\\\/www.asemer.ro\\\/#organization\",\"name\":\"ASEMER\",\"url\":\"https:\\\/\\\/www.asemer.ro\\\/\",\"logo\":{\"@type\":\"ImageObject\",\"inLanguage\":\"es\",\"@id\":\"https:\\\/\\\/www.asemer.ro\\\/#\\\/schema\\\/logo\\\/image\\\/\",\"url\":\"https:\\\/\\\/www.asemer.ro\\\/wp-content\\\/uploads\\\/2020\\\/12\\\/logo-ASEMER-scaled.jpg\",\"contentUrl\":\"https:\\\/\\\/www.asemer.ro\\\/wp-content\\\/uploads\\\/2020\\\/12\\\/logo-ASEMER-scaled.jpg\",\"width\":2560,\"height\":849,\"caption\":\"ASEMER\"},\"image\":{\"@id\":\"https:\\\/\\\/www.asemer.ro\\\/#\\\/schema\\\/logo\\\/image\\\/\"},\"sameAs\":[\"https:\\\/\\\/www.facebook.com\\\/asociacionasemer\",\"https:\\\/\\\/x.com\\\/asemer_rumania\",\"https:\\\/\\\/ro.linkedin.com\\\/in\\\/asemer-asociaci\u00f3n-empresas-espa\u00f1olas-en-ruman\u00eda-724772a6?trk=author_mini-profile_title\",\"https:\\\/\\\/www.youtube.com\\\/channel\\\/UC73m8-BDsg857OL0Ogv5aQA\\\/videos\"]},{\"@type\":\"Person\",\"@id\":\"https:\\\/\\\/www.asemer.ro\\\/#\\\/schema\\\/person\\\/36de47e444c0f1a7b737a035d40519f9\",\"name\":\"Admin Asemer\",\"image\":{\"@type\":\"ImageObject\",\"inLanguage\":\"es\",\"@id\":\"https:\\\/\\\/secure.gravatar.com\\\/avatar\\\/b64873d65b5be684e01a001c464789c445a7279ef3f177f5fbff5d83eb373299?s=96&d=mm&r=g\",\"url\":\"https:\\\/\\\/secure.gravatar.com\\\/avatar\\\/b64873d65b5be684e01a001c464789c445a7279ef3f177f5fbff5d83eb373299?s=96&d=mm&r=g\",\"contentUrl\":\"https:\\\/\\\/secure.gravatar.com\\\/avatar\\\/b64873d65b5be684e01a001c464789c445a7279ef3f177f5fbff5d83eb373299?s=96&d=mm&r=g\",\"caption\":\"Admin Asemer\"},\"url\":\"https:\\\/\\\/www.asemer.ro\\\/index.php\\\/author\\\/admin\\\/\"}]}<\/script>\n<!-- \/ Yoast SEO plugin. -->","yoast_head_json":{"title":"Jes\u00fas del Cerro, entre pel\u00edculas y libros - ASEMER","robots":{"index":"index","follow":"follow","max-snippet":"max-snippet:-1","max-image-preview":"max-image-preview:large","max-video-preview":"max-video-preview:-1"},"canonical":"https:\/\/www.asemer.ro\/index.php\/2021\/09\/30\/jesus-del-cerro-entre-peliculas-y-libros\/","og_locale":"es_ES","og_type":"article","og_title":"Jes\u00fas del Cerro, entre pel\u00edculas y libros - ASEMER","og_description":"Jes\u00fas del Cerro es guionista, director y productor de cine. Es originario de Espa\u00f1a, pero se siente bien en Ruman\u00eda, [&hellip;]","og_url":"https:\/\/www.asemer.ro\/index.php\/2021\/09\/30\/jesus-del-cerro-entre-peliculas-y-libros\/","og_site_name":"ASEMER","article_publisher":"https:\/\/www.facebook.com\/asociacionasemer","article_published_time":"2021-09-30T09:11:12+00:00","article_modified_time":"2021-10-07T11:00:25+00:00","og_image":[{"url":"https:\/\/www.asemer.ro\/wp-content\/uploads\/2021\/09\/68384552_932895110393039_8547675493946621952_n.jpg","type":"","width":"","height":""}],"author":"Admin Asemer","twitter_card":"summary_large_image","twitter_creator":"@asemer_rumania","twitter_site":"@asemer_rumania","twitter_misc":{"Escrito por":"Admin Asemer","Tiempo de lectura":"4 minutos"},"schema":{"@context":"https:\/\/schema.org","@graph":[{"@type":"Article","@id":"https:\/\/www.asemer.ro\/index.php\/2021\/09\/30\/jesus-del-cerro-entre-peliculas-y-libros\/#article","isPartOf":{"@id":"https:\/\/www.asemer.ro\/index.php\/2021\/09\/30\/jesus-del-cerro-entre-peliculas-y-libros\/"},"author":{"name":"Admin Asemer","@id":"https:\/\/www.asemer.ro\/#\/schema\/person\/36de47e444c0f1a7b737a035d40519f9"},"headline":"Jes\u00fas del Cerro, entre pel\u00edculas y libros","datePublished":"2021-09-30T09:11:12+00:00","dateModified":"2021-10-07T11:00:25+00:00","mainEntityOfPage":{"@id":"https:\/\/www.asemer.ro\/index.php\/2021\/09\/30\/jesus-del-cerro-entre-peliculas-y-libros\/"},"wordCount":766,"commentCount":0,"publisher":{"@id":"https:\/\/www.asemer.ro\/#organization"},"image":{"@id":"https:\/\/www.asemer.ro\/index.php\/2021\/09\/30\/jesus-del-cerro-entre-peliculas-y-libros\/#primaryimage"},"thumbnailUrl":"https:\/\/www.asemer.ro\/wp-content\/uploads\/2021\/09\/68384552_932895110393039_8547675493946621952_n.jpg","keywords":["empresas","proyectos","publicidad","reportaje"],"articleSection":["Proyectos y empresas"],"inLanguage":"es","potentialAction":[{"@type":"CommentAction","name":"Comment","target":["https:\/\/www.asemer.ro\/index.php\/2021\/09\/30\/jesus-del-cerro-entre-peliculas-y-libros\/#respond"]}]},{"@type":"WebPage","@id":"https:\/\/www.asemer.ro\/index.php\/2021\/09\/30\/jesus-del-cerro-entre-peliculas-y-libros\/","url":"https:\/\/www.asemer.ro\/index.php\/2021\/09\/30\/jesus-del-cerro-entre-peliculas-y-libros\/","name":"Jes\u00fas del Cerro, entre pel\u00edculas y libros - ASEMER","isPartOf":{"@id":"https:\/\/www.asemer.ro\/#website"},"primaryImageOfPage":{"@id":"https:\/\/www.asemer.ro\/index.php\/2021\/09\/30\/jesus-del-cerro-entre-peliculas-y-libros\/#primaryimage"},"image":{"@id":"https:\/\/www.asemer.ro\/index.php\/2021\/09\/30\/jesus-del-cerro-entre-peliculas-y-libros\/#primaryimage"},"thumbnailUrl":"https:\/\/www.asemer.ro\/wp-content\/uploads\/2021\/09\/68384552_932895110393039_8547675493946621952_n.jpg","datePublished":"2021-09-30T09:11:12+00:00","dateModified":"2021-10-07T11:00:25+00:00","breadcrumb":{"@id":"https:\/\/www.asemer.ro\/index.php\/2021\/09\/30\/jesus-del-cerro-entre-peliculas-y-libros\/#breadcrumb"},"inLanguage":"es","potentialAction":[{"@type":"ReadAction","target":["https:\/\/www.asemer.ro\/index.php\/2021\/09\/30\/jesus-del-cerro-entre-peliculas-y-libros\/"]}]},{"@type":"ImageObject","inLanguage":"es","@id":"https:\/\/www.asemer.ro\/index.php\/2021\/09\/30\/jesus-del-cerro-entre-peliculas-y-libros\/#primaryimage","url":"https:\/\/www.asemer.ro\/wp-content\/uploads\/2021\/09\/68384552_932895110393039_8547675493946621952_n.jpg","contentUrl":"https:\/\/www.asemer.ro\/wp-content\/uploads\/2021\/09\/68384552_932895110393039_8547675493946621952_n.jpg","width":960,"height":640},{"@type":"BreadcrumbList","@id":"https:\/\/www.asemer.ro\/index.php\/2021\/09\/30\/jesus-del-cerro-entre-peliculas-y-libros\/#breadcrumb","itemListElement":[{"@type":"ListItem","position":1,"name":"Home","item":"https:\/\/www.asemer.ro\/"},{"@type":"ListItem","position":2,"name":"Jes\u00fas del Cerro, entre pel\u00edculas y libros"}]},{"@type":"WebSite","@id":"https:\/\/www.asemer.ro\/#website","url":"https:\/\/www.asemer.ro\/","name":"ASEMER","description":"Asociaci\u00f3n de Empresas Espa\u00f1olas en Ruman\u00eda","publisher":{"@id":"https:\/\/www.asemer.ro\/#organization"},"potentialAction":[{"@type":"SearchAction","target":{"@type":"EntryPoint","urlTemplate":"https:\/\/www.asemer.ro\/?s={search_term_string}"},"query-input":{"@type":"PropertyValueSpecification","valueRequired":true,"valueName":"search_term_string"}}],"inLanguage":"es"},{"@type":"Organization","@id":"https:\/\/www.asemer.ro\/#organization","name":"ASEMER","url":"https:\/\/www.asemer.ro\/","logo":{"@type":"ImageObject","inLanguage":"es","@id":"https:\/\/www.asemer.ro\/#\/schema\/logo\/image\/","url":"https:\/\/www.asemer.ro\/wp-content\/uploads\/2020\/12\/logo-ASEMER-scaled.jpg","contentUrl":"https:\/\/www.asemer.ro\/wp-content\/uploads\/2020\/12\/logo-ASEMER-scaled.jpg","width":2560,"height":849,"caption":"ASEMER"},"image":{"@id":"https:\/\/www.asemer.ro\/#\/schema\/logo\/image\/"},"sameAs":["https:\/\/www.facebook.com\/asociacionasemer","https:\/\/x.com\/asemer_rumania","https:\/\/ro.linkedin.com\/in\/asemer-asociaci\u00f3n-empresas-espa\u00f1olas-en-ruman\u00eda-724772a6?trk=author_mini-profile_title","https:\/\/www.youtube.com\/channel\/UC73m8-BDsg857OL0Ogv5aQA\/videos"]},{"@type":"Person","@id":"https:\/\/www.asemer.ro\/#\/schema\/person\/36de47e444c0f1a7b737a035d40519f9","name":"Admin Asemer","image":{"@type":"ImageObject","inLanguage":"es","@id":"https:\/\/secure.gravatar.com\/avatar\/b64873d65b5be684e01a001c464789c445a7279ef3f177f5fbff5d83eb373299?s=96&d=mm&r=g","url":"https:\/\/secure.gravatar.com\/avatar\/b64873d65b5be684e01a001c464789c445a7279ef3f177f5fbff5d83eb373299?s=96&d=mm&r=g","contentUrl":"https:\/\/secure.gravatar.com\/avatar\/b64873d65b5be684e01a001c464789c445a7279ef3f177f5fbff5d83eb373299?s=96&d=mm&r=g","caption":"Admin Asemer"},"url":"https:\/\/www.asemer.ro\/index.php\/author\/admin\/"}]}},"_links":{"self":[{"href":"https:\/\/www.asemer.ro\/index.php\/wp-json\/wp\/v2\/posts\/6658","targetHints":{"allow":["GET"]}}],"collection":[{"href":"https:\/\/www.asemer.ro\/index.php\/wp-json\/wp\/v2\/posts"}],"about":[{"href":"https:\/\/www.asemer.ro\/index.php\/wp-json\/wp\/v2\/types\/post"}],"author":[{"embeddable":true,"href":"https:\/\/www.asemer.ro\/index.php\/wp-json\/wp\/v2\/users\/3"}],"replies":[{"embeddable":true,"href":"https:\/\/www.asemer.ro\/index.php\/wp-json\/wp\/v2\/comments?post=6658"}],"version-history":[{"count":4,"href":"https:\/\/www.asemer.ro\/index.php\/wp-json\/wp\/v2\/posts\/6658\/revisions"}],"predecessor-version":[{"id":6691,"href":"https:\/\/www.asemer.ro\/index.php\/wp-json\/wp\/v2\/posts\/6658\/revisions\/6691"}],"wp:attachment":[{"href":"https:\/\/www.asemer.ro\/index.php\/wp-json\/wp\/v2\/media?parent=6658"}],"wp:term":[{"taxonomy":"category","embeddable":true,"href":"https:\/\/www.asemer.ro\/index.php\/wp-json\/wp\/v2\/categories?post=6658"},{"taxonomy":"post_tag","embeddable":true,"href":"https:\/\/www.asemer.ro\/index.php\/wp-json\/wp\/v2\/tags?post=6658"}],"curies":[{"name":"wp","href":"https:\/\/api.w.org\/{rel}","templated":true}]}}