{"id":6982,"date":"2021-12-28T18:31:54","date_gmt":"2021-12-28T16:31:54","guid":{"rendered":"https:\/\/www.asemer.ro\/?p=6982"},"modified":"2022-01-03T10:10:55","modified_gmt":"2022-01-03T08:10:55","slug":"conferencia-de-prensa-del-alcalde-general-de-la-capital-sobre-temas-relacionados-con-el-urbanismo-y-el-desarrollo-de-bucarest","status":"publish","type":"post","link":"https:\/\/www.asemer.ro\/index.php\/2021\/12\/28\/conferencia-de-prensa-del-alcalde-general-de-la-capital-sobre-temas-relacionados-con-el-urbanismo-y-el-desarrollo-de-bucarest\/","title":{"rendered":"Conferencia de prensa del Alcalde General de la Capital sobre temas relacionados con el urbanismo y el desarrollo de Bucarest"},"content":{"rendered":"<p><span style=\"font-family: Roboto; font-size: 12pt; color: #000000;\">El alcalde general, Nicu\u015for Dan, ofreci\u00f3 una rueda de prensa el domingo 12 de diciembre en el Ayuntamiento de la capital, sobre el desarrollo urbano de Bucarest.<\/span><\/p>\n<p><span style=\"font-family: Roboto; font-size: 12pt; color: #000000;\">El Alcalde General, Nicu\u0219or Dan:<\/span><\/p>\n<p><span style=\"font-family: Roboto; font-size: 12pt; color: #000000;\">\u201c<em>Junto con colegas de la Comisi\u00f3n T\u00e9cnica de Ordenaci\u00f3n del Territorio y Urbanismo, present\u00e9 en la rueda de prensa un an\u00e1lisis actualizado de los problemas urbanos y una visi\u00f3n sobre c\u00f3mo desarrollar el desarrollo urbano de Bucarest en el futuro.<\/em><\/span><\/p>\n<p><em><span style=\"font-family: Roboto; font-size: 12pt; color: #000000;\">Dije que esta ciudad ya no puede desarrollarse en el estilo ca\u00f3tico e incluso da\u00f1ino en el que se ha desarrollado hasta ahora, que se deben imponer y respetar reglas para asegurar un desarrollo urbano equilibrado, a trav\u00e9s del cual se d\u00e9 prioridad al inter\u00e9s p\u00fablico de toda la poblaci\u00f3n. Comunidad de Bucarest.<\/span><\/em><\/p>\n<p><em><span style=\"font-family: Roboto; font-size: 12pt; color: #000000;\"><img loading=\"lazy\" decoding=\"async\" class=\"alignleft wp-image-6983 \" src=\"https:\/\/www.asemer.ro\/wp-content\/uploads\/2021\/12\/265624706_215280334113012_684813874689473310_n.jpg\" alt=\"\" width=\"336\" height=\"224\" srcset=\"https:\/\/www.asemer.ro\/wp-content\/uploads\/2021\/12\/265624706_215280334113012_684813874689473310_n.jpg 1600w, https:\/\/www.asemer.ro\/wp-content\/uploads\/2021\/12\/265624706_215280334113012_684813874689473310_n-300x200.jpg 300w, https:\/\/www.asemer.ro\/wp-content\/uploads\/2021\/12\/265624706_215280334113012_684813874689473310_n-1024x682.jpg 1024w, https:\/\/www.asemer.ro\/wp-content\/uploads\/2021\/12\/265624706_215280334113012_684813874689473310_n-768x512.jpg 768w, https:\/\/www.asemer.ro\/wp-content\/uploads\/2021\/12\/265624706_215280334113012_684813874689473310_n-391x260.jpg 391w, https:\/\/www.asemer.ro\/wp-content\/uploads\/2021\/12\/265624706_215280334113012_684813874689473310_n-1536x1023.jpg 1536w, https:\/\/www.asemer.ro\/wp-content\/uploads\/2021\/12\/265624706_215280334113012_684813874689473310_n-720x480.jpg 720w, https:\/\/www.asemer.ro\/wp-content\/uploads\/2021\/12\/265624706_215280334113012_684813874689473310_n-272x182.jpg 272w\" sizes=\"auto, (max-width: 336px) 100vw, 336px\" \/>He demostrado que, a partir de ahora, se tendr\u00e1 que cumplir una cuadr\u00edcula de criterios claros y objetivos, de acuerdo con la ley, y he presentado la forma en que estos criterios se cumplieron o, mejor dicho, NO se cumplieron en los documentos urban\u00edsticos. realizado en el pasado, durante la administraci\u00f3n anterior.<\/span><\/em><\/p>\n<p><em><span style=\"font-family: Roboto; font-size: 12pt; color: #000000;\">El an\u00e1lisis de CTATU de 42 documentos de planificaci\u00f3n urbana y la tabla resumen relacionada (en su mayor\u00eda de color rojo, por lo que con varios problemas) nos advierte a todos que hubo grandes lagunas en la evaluaci\u00f3n y que es obligatorio un cambio radical en la forma en que el gobierno local defiende los intereses p\u00fablicos.<\/span><\/em><\/p>\n<p><span style=\"font-family: Roboto; font-size: 12pt; color: #000000;\"><em>\u00bfC\u00f3mo procederemos a partir de ahora para un correcto desarrollo urbano? Seremos claros y transparentes con los inversores del sector inmobiliario, especificaremos de forma rigurosa la cuadr\u00edcula de criterios que habr\u00e1 que cumplir, exigiremos el cumplimiento de la ley y rehaceremos los documentos urban\u00edsticos en su caso, preguntaremos a los inversores por escrito para participar. de la alcald\u00eda, en la creaci\u00f3n de la infraestructura vial, social o ambiental en las \u00e1reas que quieran desarrollar desde el punto de vista inmobiliario. Tambi\u00e9n propondr\u00e9 el rechazo en el Consejo General de la Capital de los documentos urban\u00edsticos que violen la ley, imponiendo que dichos documentos deben estar a la altura de los est\u00e1ndares legales necesarios y respetar el inter\u00e9s p\u00fablico como un libro<\/em>\u201d.<\/span><\/p>\n<p><span style=\"font-family: Roboto; font-size: 12pt; color: #000000;\">Por su parte, Bogdan Suditu, presidente de la Comisi\u00f3n T\u00e9cnica de Ordenaci\u00f3n del Territorio y Urbanismo, dijo:<\/span><\/p>\n<p><span style=\"font-family: Roboto; font-size: 12pt; color: #000000;\">\u201c<em>Este informe es un documento de an\u00e1lisis que destaca disfunciones derivadas del acto administrativo o de la aplicaci\u00f3n incorrecta o desatendida de la ley. Se trata de un informe de an\u00e1lisis que presenta una situaci\u00f3n de c\u00f3mo funcionaba la pr\u00e1ctica administrativa y profesional hasta el pasado. Tampoco es un documento de respaldo. Hemos identificado problemas que son importantes porque pueden cambiar y cambiar el paradigma de dise\u00f1o del dise\u00f1o futuro.<\/em><\/span><\/p>\n<p><span style=\"font-family: Roboto; font-size: 12pt; color: #000000;\"><em>Discutimos el tama\u00f1o de la inversi\u00f3n y la relaci\u00f3n del futuro proyecto con el tejido urbano colindante, la disposici\u00f3n de las edificaciones propuestas en la parcela, de modo que no solo el interior de la parcela sea funcional, en caso de que haya varias edificaciones, sino que no tenga un impacto negativo en las parcelas vecinas, para limitar el potencial de desarrollo de las parcelas vecinas. Por \u00faltimo, pero no menos importante, un componente importante de nuestro an\u00e1lisis estuvo relacionado, si se quiere, con la observancia de los elementos normativos y t\u00e9cnicos respecto a la realizaci\u00f3n de las documentaciones urban\u00edsticas<\/em>\u201d.<\/span><\/p>\n<p><span style=\"font-family: Roboto; font-size: 12pt; color: #000000;\">Pueden leer el Informe de los Planes Urbanos Zonales analizados en la Comisi\u00f3n T\u00e9cnica de Ordenaci\u00f3n del Territorio y Urbanismo aqu\u00ed:<\/span><\/p>\n<p><span style=\"font-family: Roboto; font-size: 12pt; color: #000000;\"><a style=\"color: #000000;\" href=\"https:\/\/doc.pmb.ro\/pmb\/presa\/Raport_CTUAT.pdf\"><span style=\"color: #ff6600;\">https:\/\/doc.pmb.ro\/pmb\/presa\/Raport_CTUAT.pdf<\/span><\/a><\/span><\/p>\n<p><span style=\"font-family: Roboto; font-size: 12pt; color: #000000;\">Pueden ver la conferencia de prensa completa aqu\u00ed:<\/span><\/p>\n<p><span style=\"font-family: Roboto; font-size: 12pt; color: #000000;\"><a style=\"color: #000000;\" href=\"https:\/\/www.facebook.com\/PMBucuresti\/videos\/632196831299855\"><span style=\"color: #ff6600;\">https:\/\/www.facebook.com\/PMBucuresti\/videos\/632196831299855<\/span><\/a><\/span><\/p>\n<p><span style=\"font-family: Roboto; font-size: 12pt; color: #000000;\">Fuente de informaci\u00f3n: <\/span><\/p>\n<ul>\n<li><span style=\"font-family: Roboto; font-size: 10pt; color: #000000;\"><a style=\"color: #000000;\" href=\"https:\/\/www.pmb.ro\/interes-public\/arhiva\/get-press-releases-menu\/2021\/840\"><span style=\"color: #ff6600;\">https:\/\/www.pmb.ro\/interes-public\/arhiva\/get-press-releases-menu\/2021\/840<\/span><\/a><\/span><\/li>\n<\/ul>\n","protected":false},"excerpt":{"rendered":"<p>El alcalde general, Nicu\u015for Dan, ofreci\u00f3 una rueda de prensa el domingo 12 de diciembre en el Ayuntamiento de la [&hellip;]<\/p>\n","protected":false},"author":3,"featured_media":0,"comment_status":"open","ping_status":"open","sticky":false,"template":"","format":"standard","meta":{"footnotes":""},"categories":[4,6],"tags":[],"class_list":["post-6982","post","type-post","status-publish","format-standard","hentry","category-noticias","category-stiri"],"yoast_head":"<!-- This site is optimized with the Yoast SEO plugin v27.5 - https:\/\/yoast.com\/product\/yoast-seo-wordpress\/ -->\n<title>Conferencia de prensa del Alcalde General de la Capital sobre temas relacionados con el urbanismo y el desarrollo de Bucarest - ASEMER<\/title>\n<meta name=\"description\" content=\"El alcalde general, Nicu\u015for Dan, ofreci\u00f3 una rueda de prensa el domingo 12 de diciembre en el Ayuntamiento de la capital, sobre el desarrollo urbano de Bucarest.\" \/>\n<meta name=\"robots\" content=\"index, follow, max-snippet:-1, max-image-preview:large, max-video-preview:-1\" \/>\n<link rel=\"canonical\" href=\"https:\/\/www.asemer.ro\/index.php\/2021\/12\/28\/conferencia-de-prensa-del-alcalde-general-de-la-capital-sobre-temas-relacionados-con-el-urbanismo-y-el-desarrollo-de-bucarest\/\" \/>\n<meta property=\"og:locale\" content=\"es_ES\" \/>\n<meta property=\"og:type\" content=\"article\" \/>\n<meta property=\"og:title\" content=\"Conferencia de prensa del Alcalde General de la Capital sobre temas relacionados con el urbanismo y el desarrollo de Bucarest - ASEMER\" \/>\n<meta property=\"og:description\" content=\"El alcalde general, Nicu\u015for Dan, ofreci\u00f3 una rueda de prensa el domingo 12 de diciembre en el Ayuntamiento de la capital, sobre el desarrollo urbano de Bucarest.\" \/>\n<meta property=\"og:url\" content=\"https:\/\/www.asemer.ro\/index.php\/2021\/12\/28\/conferencia-de-prensa-del-alcalde-general-de-la-capital-sobre-temas-relacionados-con-el-urbanismo-y-el-desarrollo-de-bucarest\/\" \/>\n<meta property=\"og:site_name\" content=\"ASEMER\" \/>\n<meta property=\"article:publisher\" content=\"https:\/\/www.facebook.com\/asociacionasemer\" \/>\n<meta property=\"article:published_time\" content=\"2021-12-28T16:31:54+00:00\" \/>\n<meta property=\"article:modified_time\" content=\"2022-01-03T08:10:55+00:00\" \/>\n<meta property=\"og:image\" content=\"https:\/\/www.asemer.ro\/wp-content\/uploads\/2021\/12\/265624706_215280334113012_684813874689473310_n.jpg\" \/>\n<meta name=\"author\" content=\"Admin Asemer\" \/>\n<meta name=\"twitter:card\" content=\"summary_large_image\" \/>\n<meta name=\"twitter:creator\" content=\"@asemer_rumania\" \/>\n<meta name=\"twitter:site\" content=\"@asemer_rumania\" \/>\n<meta name=\"twitter:label1\" content=\"Escrito por\" \/>\n\t<meta name=\"twitter:data1\" content=\"Admin Asemer\" \/>\n\t<meta name=\"twitter:label2\" content=\"Tiempo de lectura\" \/>\n\t<meta name=\"twitter:data2\" content=\"3 minutos\" \/>\n<script type=\"application\/ld+json\" class=\"yoast-schema-graph\">{\"@context\":\"https:\\\/\\\/schema.org\",\"@graph\":[{\"@type\":\"Article\",\"@id\":\"https:\\\/\\\/www.asemer.ro\\\/index.php\\\/2021\\\/12\\\/28\\\/conferencia-de-prensa-del-alcalde-general-de-la-capital-sobre-temas-relacionados-con-el-urbanismo-y-el-desarrollo-de-bucarest\\\/#article\",\"isPartOf\":{\"@id\":\"https:\\\/\\\/www.asemer.ro\\\/index.php\\\/2021\\\/12\\\/28\\\/conferencia-de-prensa-del-alcalde-general-de-la-capital-sobre-temas-relacionados-con-el-urbanismo-y-el-desarrollo-de-bucarest\\\/\"},\"author\":{\"name\":\"Admin Asemer\",\"@id\":\"https:\\\/\\\/www.asemer.ro\\\/#\\\/schema\\\/person\\\/36de47e444c0f1a7b737a035d40519f9\"},\"headline\":\"Conferencia de prensa del Alcalde General de la Capital sobre temas relacionados con el urbanismo y el desarrollo de Bucarest\",\"datePublished\":\"2021-12-28T16:31:54+00:00\",\"dateModified\":\"2022-01-03T08:10:55+00:00\",\"mainEntityOfPage\":{\"@id\":\"https:\\\/\\\/www.asemer.ro\\\/index.php\\\/2021\\\/12\\\/28\\\/conferencia-de-prensa-del-alcalde-general-de-la-capital-sobre-temas-relacionados-con-el-urbanismo-y-el-desarrollo-de-bucarest\\\/\"},\"wordCount\":669,\"commentCount\":0,\"publisher\":{\"@id\":\"https:\\\/\\\/www.asemer.ro\\\/#organization\"},\"image\":{\"@id\":\"https:\\\/\\\/www.asemer.ro\\\/index.php\\\/2021\\\/12\\\/28\\\/conferencia-de-prensa-del-alcalde-general-de-la-capital-sobre-temas-relacionados-con-el-urbanismo-y-el-desarrollo-de-bucarest\\\/#primaryimage\"},\"thumbnailUrl\":\"https:\\\/\\\/www.asemer.ro\\\/wp-content\\\/uploads\\\/2021\\\/12\\\/265624706_215280334113012_684813874689473310_n.jpg\",\"articleSection\":[\"Noticias\",\"\u0218tiri\"],\"inLanguage\":\"es\",\"potentialAction\":[{\"@type\":\"CommentAction\",\"name\":\"Comment\",\"target\":[\"https:\\\/\\\/www.asemer.ro\\\/index.php\\\/2021\\\/12\\\/28\\\/conferencia-de-prensa-del-alcalde-general-de-la-capital-sobre-temas-relacionados-con-el-urbanismo-y-el-desarrollo-de-bucarest\\\/#respond\"]}]},{\"@type\":\"WebPage\",\"@id\":\"https:\\\/\\\/www.asemer.ro\\\/index.php\\\/2021\\\/12\\\/28\\\/conferencia-de-prensa-del-alcalde-general-de-la-capital-sobre-temas-relacionados-con-el-urbanismo-y-el-desarrollo-de-bucarest\\\/\",\"url\":\"https:\\\/\\\/www.asemer.ro\\\/index.php\\\/2021\\\/12\\\/28\\\/conferencia-de-prensa-del-alcalde-general-de-la-capital-sobre-temas-relacionados-con-el-urbanismo-y-el-desarrollo-de-bucarest\\\/\",\"name\":\"Conferencia de prensa del Alcalde General de la Capital sobre temas relacionados con el urbanismo y el desarrollo de Bucarest - ASEMER\",\"isPartOf\":{\"@id\":\"https:\\\/\\\/www.asemer.ro\\\/#website\"},\"primaryImageOfPage\":{\"@id\":\"https:\\\/\\\/www.asemer.ro\\\/index.php\\\/2021\\\/12\\\/28\\\/conferencia-de-prensa-del-alcalde-general-de-la-capital-sobre-temas-relacionados-con-el-urbanismo-y-el-desarrollo-de-bucarest\\\/#primaryimage\"},\"image\":{\"@id\":\"https:\\\/\\\/www.asemer.ro\\\/index.php\\\/2021\\\/12\\\/28\\\/conferencia-de-prensa-del-alcalde-general-de-la-capital-sobre-temas-relacionados-con-el-urbanismo-y-el-desarrollo-de-bucarest\\\/#primaryimage\"},\"thumbnailUrl\":\"https:\\\/\\\/www.asemer.ro\\\/wp-content\\\/uploads\\\/2021\\\/12\\\/265624706_215280334113012_684813874689473310_n.jpg\",\"datePublished\":\"2021-12-28T16:31:54+00:00\",\"dateModified\":\"2022-01-03T08:10:55+00:00\",\"description\":\"El alcalde general, Nicu\u015for Dan, ofreci\u00f3 una rueda de prensa el domingo 12 de diciembre en el Ayuntamiento de la capital, sobre el desarrollo urbano de Bucarest.\",\"breadcrumb\":{\"@id\":\"https:\\\/\\\/www.asemer.ro\\\/index.php\\\/2021\\\/12\\\/28\\\/conferencia-de-prensa-del-alcalde-general-de-la-capital-sobre-temas-relacionados-con-el-urbanismo-y-el-desarrollo-de-bucarest\\\/#breadcrumb\"},\"inLanguage\":\"es\",\"potentialAction\":[{\"@type\":\"ReadAction\",\"target\":[\"https:\\\/\\\/www.asemer.ro\\\/index.php\\\/2021\\\/12\\\/28\\\/conferencia-de-prensa-del-alcalde-general-de-la-capital-sobre-temas-relacionados-con-el-urbanismo-y-el-desarrollo-de-bucarest\\\/\"]}]},{\"@type\":\"ImageObject\",\"inLanguage\":\"es\",\"@id\":\"https:\\\/\\\/www.asemer.ro\\\/index.php\\\/2021\\\/12\\\/28\\\/conferencia-de-prensa-del-alcalde-general-de-la-capital-sobre-temas-relacionados-con-el-urbanismo-y-el-desarrollo-de-bucarest\\\/#primaryimage\",\"url\":\"https:\\\/\\\/www.asemer.ro\\\/wp-content\\\/uploads\\\/2021\\\/12\\\/265624706_215280334113012_684813874689473310_n.jpg\",\"contentUrl\":\"https:\\\/\\\/www.asemer.ro\\\/wp-content\\\/uploads\\\/2021\\\/12\\\/265624706_215280334113012_684813874689473310_n.jpg\",\"width\":1600,\"height\":1066},{\"@type\":\"BreadcrumbList\",\"@id\":\"https:\\\/\\\/www.asemer.ro\\\/index.php\\\/2021\\\/12\\\/28\\\/conferencia-de-prensa-del-alcalde-general-de-la-capital-sobre-temas-relacionados-con-el-urbanismo-y-el-desarrollo-de-bucarest\\\/#breadcrumb\",\"itemListElement\":[{\"@type\":\"ListItem\",\"position\":1,\"name\":\"Home\",\"item\":\"https:\\\/\\\/www.asemer.ro\\\/\"},{\"@type\":\"ListItem\",\"position\":2,\"name\":\"Conferencia de prensa del Alcalde General de la Capital sobre temas relacionados con el urbanismo y el desarrollo de Bucarest\"}]},{\"@type\":\"WebSite\",\"@id\":\"https:\\\/\\\/www.asemer.ro\\\/#website\",\"url\":\"https:\\\/\\\/www.asemer.ro\\\/\",\"name\":\"ASEMER\",\"description\":\"Asociaci\u00f3n de Empresas Espa\u00f1olas en Ruman\u00eda\",\"publisher\":{\"@id\":\"https:\\\/\\\/www.asemer.ro\\\/#organization\"},\"potentialAction\":[{\"@type\":\"SearchAction\",\"target\":{\"@type\":\"EntryPoint\",\"urlTemplate\":\"https:\\\/\\\/www.asemer.ro\\\/?s={search_term_string}\"},\"query-input\":{\"@type\":\"PropertyValueSpecification\",\"valueRequired\":true,\"valueName\":\"search_term_string\"}}],\"inLanguage\":\"es\"},{\"@type\":\"Organization\",\"@id\":\"https:\\\/\\\/www.asemer.ro\\\/#organization\",\"name\":\"ASEMER\",\"url\":\"https:\\\/\\\/www.asemer.ro\\\/\",\"logo\":{\"@type\":\"ImageObject\",\"inLanguage\":\"es\",\"@id\":\"https:\\\/\\\/www.asemer.ro\\\/#\\\/schema\\\/logo\\\/image\\\/\",\"url\":\"https:\\\/\\\/www.asemer.ro\\\/wp-content\\\/uploads\\\/2020\\\/12\\\/logo-ASEMER-scaled.jpg\",\"contentUrl\":\"https:\\\/\\\/www.asemer.ro\\\/wp-content\\\/uploads\\\/2020\\\/12\\\/logo-ASEMER-scaled.jpg\",\"width\":2560,\"height\":849,\"caption\":\"ASEMER\"},\"image\":{\"@id\":\"https:\\\/\\\/www.asemer.ro\\\/#\\\/schema\\\/logo\\\/image\\\/\"},\"sameAs\":[\"https:\\\/\\\/www.facebook.com\\\/asociacionasemer\",\"https:\\\/\\\/x.com\\\/asemer_rumania\",\"https:\\\/\\\/ro.linkedin.com\\\/in\\\/asemer-asociaci\u00f3n-empresas-espa\u00f1olas-en-ruman\u00eda-724772a6?trk=author_mini-profile_title\",\"https:\\\/\\\/www.youtube.com\\\/channel\\\/UC73m8-BDsg857OL0Ogv5aQA\\\/videos\"]},{\"@type\":\"Person\",\"@id\":\"https:\\\/\\\/www.asemer.ro\\\/#\\\/schema\\\/person\\\/36de47e444c0f1a7b737a035d40519f9\",\"name\":\"Admin Asemer\",\"image\":{\"@type\":\"ImageObject\",\"inLanguage\":\"es\",\"@id\":\"https:\\\/\\\/secure.gravatar.com\\\/avatar\\\/b64873d65b5be684e01a001c464789c445a7279ef3f177f5fbff5d83eb373299?s=96&d=mm&r=g\",\"url\":\"https:\\\/\\\/secure.gravatar.com\\\/avatar\\\/b64873d65b5be684e01a001c464789c445a7279ef3f177f5fbff5d83eb373299?s=96&d=mm&r=g\",\"contentUrl\":\"https:\\\/\\\/secure.gravatar.com\\\/avatar\\\/b64873d65b5be684e01a001c464789c445a7279ef3f177f5fbff5d83eb373299?s=96&d=mm&r=g\",\"caption\":\"Admin Asemer\"},\"url\":\"https:\\\/\\\/www.asemer.ro\\\/index.php\\\/author\\\/admin\\\/\"}]}<\/script>\n<!-- \/ Yoast SEO plugin. -->","yoast_head_json":{"title":"Conferencia de prensa del Alcalde General de la Capital sobre temas relacionados con el urbanismo y el desarrollo de Bucarest - ASEMER","description":"El alcalde general, Nicu\u015for Dan, ofreci\u00f3 una rueda de prensa el domingo 12 de diciembre en el Ayuntamiento de la capital, sobre el desarrollo urbano de Bucarest.","robots":{"index":"index","follow":"follow","max-snippet":"max-snippet:-1","max-image-preview":"max-image-preview:large","max-video-preview":"max-video-preview:-1"},"canonical":"https:\/\/www.asemer.ro\/index.php\/2021\/12\/28\/conferencia-de-prensa-del-alcalde-general-de-la-capital-sobre-temas-relacionados-con-el-urbanismo-y-el-desarrollo-de-bucarest\/","og_locale":"es_ES","og_type":"article","og_title":"Conferencia de prensa del Alcalde General de la Capital sobre temas relacionados con el urbanismo y el desarrollo de Bucarest - ASEMER","og_description":"El alcalde general, Nicu\u015for Dan, ofreci\u00f3 una rueda de prensa el domingo 12 de diciembre en el Ayuntamiento de la capital, sobre el desarrollo urbano de Bucarest.","og_url":"https:\/\/www.asemer.ro\/index.php\/2021\/12\/28\/conferencia-de-prensa-del-alcalde-general-de-la-capital-sobre-temas-relacionados-con-el-urbanismo-y-el-desarrollo-de-bucarest\/","og_site_name":"ASEMER","article_publisher":"https:\/\/www.facebook.com\/asociacionasemer","article_published_time":"2021-12-28T16:31:54+00:00","article_modified_time":"2022-01-03T08:10:55+00:00","og_image":[{"url":"https:\/\/www.asemer.ro\/wp-content\/uploads\/2021\/12\/265624706_215280334113012_684813874689473310_n.jpg","type":"","width":"","height":""}],"author":"Admin Asemer","twitter_card":"summary_large_image","twitter_creator":"@asemer_rumania","twitter_site":"@asemer_rumania","twitter_misc":{"Escrito por":"Admin Asemer","Tiempo de lectura":"3 minutos"},"schema":{"@context":"https:\/\/schema.org","@graph":[{"@type":"Article","@id":"https:\/\/www.asemer.ro\/index.php\/2021\/12\/28\/conferencia-de-prensa-del-alcalde-general-de-la-capital-sobre-temas-relacionados-con-el-urbanismo-y-el-desarrollo-de-bucarest\/#article","isPartOf":{"@id":"https:\/\/www.asemer.ro\/index.php\/2021\/12\/28\/conferencia-de-prensa-del-alcalde-general-de-la-capital-sobre-temas-relacionados-con-el-urbanismo-y-el-desarrollo-de-bucarest\/"},"author":{"name":"Admin Asemer","@id":"https:\/\/www.asemer.ro\/#\/schema\/person\/36de47e444c0f1a7b737a035d40519f9"},"headline":"Conferencia de prensa del Alcalde General de la Capital sobre temas relacionados con el urbanismo y el desarrollo de Bucarest","datePublished":"2021-12-28T16:31:54+00:00","dateModified":"2022-01-03T08:10:55+00:00","mainEntityOfPage":{"@id":"https:\/\/www.asemer.ro\/index.php\/2021\/12\/28\/conferencia-de-prensa-del-alcalde-general-de-la-capital-sobre-temas-relacionados-con-el-urbanismo-y-el-desarrollo-de-bucarest\/"},"wordCount":669,"commentCount":0,"publisher":{"@id":"https:\/\/www.asemer.ro\/#organization"},"image":{"@id":"https:\/\/www.asemer.ro\/index.php\/2021\/12\/28\/conferencia-de-prensa-del-alcalde-general-de-la-capital-sobre-temas-relacionados-con-el-urbanismo-y-el-desarrollo-de-bucarest\/#primaryimage"},"thumbnailUrl":"https:\/\/www.asemer.ro\/wp-content\/uploads\/2021\/12\/265624706_215280334113012_684813874689473310_n.jpg","articleSection":["Noticias","\u0218tiri"],"inLanguage":"es","potentialAction":[{"@type":"CommentAction","name":"Comment","target":["https:\/\/www.asemer.ro\/index.php\/2021\/12\/28\/conferencia-de-prensa-del-alcalde-general-de-la-capital-sobre-temas-relacionados-con-el-urbanismo-y-el-desarrollo-de-bucarest\/#respond"]}]},{"@type":"WebPage","@id":"https:\/\/www.asemer.ro\/index.php\/2021\/12\/28\/conferencia-de-prensa-del-alcalde-general-de-la-capital-sobre-temas-relacionados-con-el-urbanismo-y-el-desarrollo-de-bucarest\/","url":"https:\/\/www.asemer.ro\/index.php\/2021\/12\/28\/conferencia-de-prensa-del-alcalde-general-de-la-capital-sobre-temas-relacionados-con-el-urbanismo-y-el-desarrollo-de-bucarest\/","name":"Conferencia de prensa del Alcalde General de la Capital sobre temas relacionados con el urbanismo y el desarrollo de Bucarest - ASEMER","isPartOf":{"@id":"https:\/\/www.asemer.ro\/#website"},"primaryImageOfPage":{"@id":"https:\/\/www.asemer.ro\/index.php\/2021\/12\/28\/conferencia-de-prensa-del-alcalde-general-de-la-capital-sobre-temas-relacionados-con-el-urbanismo-y-el-desarrollo-de-bucarest\/#primaryimage"},"image":{"@id":"https:\/\/www.asemer.ro\/index.php\/2021\/12\/28\/conferencia-de-prensa-del-alcalde-general-de-la-capital-sobre-temas-relacionados-con-el-urbanismo-y-el-desarrollo-de-bucarest\/#primaryimage"},"thumbnailUrl":"https:\/\/www.asemer.ro\/wp-content\/uploads\/2021\/12\/265624706_215280334113012_684813874689473310_n.jpg","datePublished":"2021-12-28T16:31:54+00:00","dateModified":"2022-01-03T08:10:55+00:00","description":"El alcalde general, Nicu\u015for Dan, ofreci\u00f3 una rueda de prensa el domingo 12 de diciembre en el Ayuntamiento de la capital, sobre el desarrollo urbano de Bucarest.","breadcrumb":{"@id":"https:\/\/www.asemer.ro\/index.php\/2021\/12\/28\/conferencia-de-prensa-del-alcalde-general-de-la-capital-sobre-temas-relacionados-con-el-urbanismo-y-el-desarrollo-de-bucarest\/#breadcrumb"},"inLanguage":"es","potentialAction":[{"@type":"ReadAction","target":["https:\/\/www.asemer.ro\/index.php\/2021\/12\/28\/conferencia-de-prensa-del-alcalde-general-de-la-capital-sobre-temas-relacionados-con-el-urbanismo-y-el-desarrollo-de-bucarest\/"]}]},{"@type":"ImageObject","inLanguage":"es","@id":"https:\/\/www.asemer.ro\/index.php\/2021\/12\/28\/conferencia-de-prensa-del-alcalde-general-de-la-capital-sobre-temas-relacionados-con-el-urbanismo-y-el-desarrollo-de-bucarest\/#primaryimage","url":"https:\/\/www.asemer.ro\/wp-content\/uploads\/2021\/12\/265624706_215280334113012_684813874689473310_n.jpg","contentUrl":"https:\/\/www.asemer.ro\/wp-content\/uploads\/2021\/12\/265624706_215280334113012_684813874689473310_n.jpg","width":1600,"height":1066},{"@type":"BreadcrumbList","@id":"https:\/\/www.asemer.ro\/index.php\/2021\/12\/28\/conferencia-de-prensa-del-alcalde-general-de-la-capital-sobre-temas-relacionados-con-el-urbanismo-y-el-desarrollo-de-bucarest\/#breadcrumb","itemListElement":[{"@type":"ListItem","position":1,"name":"Home","item":"https:\/\/www.asemer.ro\/"},{"@type":"ListItem","position":2,"name":"Conferencia de prensa del Alcalde General de la Capital sobre temas relacionados con el urbanismo y el desarrollo de Bucarest"}]},{"@type":"WebSite","@id":"https:\/\/www.asemer.ro\/#website","url":"https:\/\/www.asemer.ro\/","name":"ASEMER","description":"Asociaci\u00f3n de Empresas Espa\u00f1olas en Ruman\u00eda","publisher":{"@id":"https:\/\/www.asemer.ro\/#organization"},"potentialAction":[{"@type":"SearchAction","target":{"@type":"EntryPoint","urlTemplate":"https:\/\/www.asemer.ro\/?s={search_term_string}"},"query-input":{"@type":"PropertyValueSpecification","valueRequired":true,"valueName":"search_term_string"}}],"inLanguage":"es"},{"@type":"Organization","@id":"https:\/\/www.asemer.ro\/#organization","name":"ASEMER","url":"https:\/\/www.asemer.ro\/","logo":{"@type":"ImageObject","inLanguage":"es","@id":"https:\/\/www.asemer.ro\/#\/schema\/logo\/image\/","url":"https:\/\/www.asemer.ro\/wp-content\/uploads\/2020\/12\/logo-ASEMER-scaled.jpg","contentUrl":"https:\/\/www.asemer.ro\/wp-content\/uploads\/2020\/12\/logo-ASEMER-scaled.jpg","width":2560,"height":849,"caption":"ASEMER"},"image":{"@id":"https:\/\/www.asemer.ro\/#\/schema\/logo\/image\/"},"sameAs":["https:\/\/www.facebook.com\/asociacionasemer","https:\/\/x.com\/asemer_rumania","https:\/\/ro.linkedin.com\/in\/asemer-asociaci\u00f3n-empresas-espa\u00f1olas-en-ruman\u00eda-724772a6?trk=author_mini-profile_title","https:\/\/www.youtube.com\/channel\/UC73m8-BDsg857OL0Ogv5aQA\/videos"]},{"@type":"Person","@id":"https:\/\/www.asemer.ro\/#\/schema\/person\/36de47e444c0f1a7b737a035d40519f9","name":"Admin Asemer","image":{"@type":"ImageObject","inLanguage":"es","@id":"https:\/\/secure.gravatar.com\/avatar\/b64873d65b5be684e01a001c464789c445a7279ef3f177f5fbff5d83eb373299?s=96&d=mm&r=g","url":"https:\/\/secure.gravatar.com\/avatar\/b64873d65b5be684e01a001c464789c445a7279ef3f177f5fbff5d83eb373299?s=96&d=mm&r=g","contentUrl":"https:\/\/secure.gravatar.com\/avatar\/b64873d65b5be684e01a001c464789c445a7279ef3f177f5fbff5d83eb373299?s=96&d=mm&r=g","caption":"Admin Asemer"},"url":"https:\/\/www.asemer.ro\/index.php\/author\/admin\/"}]}},"_links":{"self":[{"href":"https:\/\/www.asemer.ro\/index.php\/wp-json\/wp\/v2\/posts\/6982","targetHints":{"allow":["GET"]}}],"collection":[{"href":"https:\/\/www.asemer.ro\/index.php\/wp-json\/wp\/v2\/posts"}],"about":[{"href":"https:\/\/www.asemer.ro\/index.php\/wp-json\/wp\/v2\/types\/post"}],"author":[{"embeddable":true,"href":"https:\/\/www.asemer.ro\/index.php\/wp-json\/wp\/v2\/users\/3"}],"replies":[{"embeddable":true,"href":"https:\/\/www.asemer.ro\/index.php\/wp-json\/wp\/v2\/comments?post=6982"}],"version-history":[{"count":2,"href":"https:\/\/www.asemer.ro\/index.php\/wp-json\/wp\/v2\/posts\/6982\/revisions"}],"predecessor-version":[{"id":7009,"href":"https:\/\/www.asemer.ro\/index.php\/wp-json\/wp\/v2\/posts\/6982\/revisions\/7009"}],"wp:attachment":[{"href":"https:\/\/www.asemer.ro\/index.php\/wp-json\/wp\/v2\/media?parent=6982"}],"wp:term":[{"taxonomy":"category","embeddable":true,"href":"https:\/\/www.asemer.ro\/index.php\/wp-json\/wp\/v2\/categories?post=6982"},{"taxonomy":"post_tag","embeddable":true,"href":"https:\/\/www.asemer.ro\/index.php\/wp-json\/wp\/v2\/tags?post=6982"}],"curies":[{"name":"wp","href":"https:\/\/api.w.org\/{rel}","templated":true}]}}