{"id":7020,"date":"2022-01-31T13:52:40","date_gmt":"2022-01-31T11:52:40","guid":{"rendered":"https:\/\/www.asemer.ro\/?p=7020"},"modified":"2022-02-03T10:26:04","modified_gmt":"2022-02-03T08:26:04","slug":"retrospectiva-del-ano-2021-en-rumania","status":"publish","type":"post","link":"https:\/\/www.asemer.ro\/index.php\/2022\/01\/31\/retrospectiva-del-ano-2021-en-rumania\/","title":{"rendered":"RETROSPECTIVA DEL A\u00d1O 2021 EN RUMAN\u00cdA"},"content":{"rendered":"<p class=\"western\" align=\"justify\"><span style=\"font-size: 12pt; font-family: Roboto;\"><span lang=\"es-ES\">Despu\u00e9s de casi dos a\u00f1os de lucha contra una interminable pandemia, Ruman\u00eda afrontar\u00e1 un a\u00f1o 2022 con importantes retos internos. La pandemia de coronavirus sigue siendo una de las preocupaciones m\u00e1s importantes que amenazan a Ruman\u00eda y al mundo, pero eventos como el aumento de la inflaci\u00f3n, la deuda p\u00fablica y la ca\u00edda de la <span class=\"VIiyi\" lang=\"es\"><span class=\"JLqJ4b ChMk0b C1N51c\" data-language-for-alternatives=\"es\" data-language-to-translate-into=\"ro\" data-phrase-index=\"0\" data-number-of-phrases=\"1\">calificaci\u00f3n del pa\u00eds<\/span><\/span> tambi\u00e9n deben tomarse en serio y considerar cuidadosamente las consecuencias.<\/span><\/span><\/p>\n<p class=\"western\" lang=\"es-ES\" align=\"justify\"><span style=\"font-size: 12pt; font-family: Roboto;\">Presentamos a continuaci\u00f3n un breve resumen de la evoluci\u00f3n de Ruman\u00eda y los acontecimientos que tuvieron lugar aqu\u00ed en 2021. <\/span><\/p>\n<ul>\n<li>\n<p class=\"western\" align=\"justify\"><span style=\"font-size: 12pt; font-family: Roboto;\"><span lang=\"es-ES\">El Producto Interno Bruto de Ruman\u00eda aument\u00f3 en 2021 a casi 1.190 mil millones de lei (aproximadamente 240 mil millones de euros), un r\u00e9cord hist\u00f3rico, 21 mil millones de euros m\u00e1s que en 2020. Al mismo tiempo, Ruman\u00eda termin\u00f3 2021 con un crecimiento econ\u00f3mico de alrededor del 7%, despu\u00e9s de el presupuesto a principios de a\u00f1o se construy\u00f3 sobre un avance econ\u00f3mico del 4,3%. El aumento fue impulsado por una desaceleraci\u00f3n del consumo privado y un avance de la inversi\u00f3n, especialmente de fondos p\u00fablicos.<\/span><\/span><\/p>\n<\/li>\n<\/ul>\n<p class=\"western\" align=\"justify\"><span style=\"font-size: 12pt; font-family: Roboto;\"><span lang=\"es-ES\">La Comisi\u00f3n Europea ha indicado que la inversi\u00f3n se mantendr\u00e1 fuerte durante el per\u00edodo 2021-2022, apoyada tanto por el sector p\u00fablico como por el privado. El continuo aumento de los pedidos sugiere que la actividad industrial se expandir\u00e1 en los pr\u00f3ximos meses. Las exportaciones mejorar\u00edan en consonancia con la recuperaci\u00f3n de los principales socios comerciales de Ruman\u00eda, pero la contribuci\u00f3n de las exportaciones netas al crecimiento seguir\u00eda siendo negativa en el per\u00edodo 2021-2022. Seg\u00fan la CE, el avance de la econom\u00eda rumana continuar\u00e1 en 2022, aunque a un ritmo m\u00e1s lento.<\/span><\/span><\/p>\n<ul>\n<li>\n<p class=\"western\" lang=\"es-ES\" align=\"justify\"><span style=\"font-size: 12pt; font-family: Roboto;\">El comienzo de 2021 trajo consigo la liberalizaci\u00f3n del mercado de la electricidad: los rumanos ya no pagan los precios establecidos por la Autoridad Nacional Reguladora de la Energ\u00eda (ANRE), sino que son libres de elegir su proveedor o quedarse con los contratos antiguos, pagando autom\u00e1ticamente los precios llamados servicio universal.<\/span><\/p>\n<\/li>\n<li>\n<p class=\"western\" align=\"justify\"><span style=\"font-size: 12pt; font-family: Roboto;\"><span lang=\"es-ES\">El gobierno aprob\u00f3 el aumento de pensiones y salarios a partir del 1 de enero de 2021, aumento: la pensi\u00f3n m\u00ednima aument\u00f3 de 800 a 1000 lei, y el salario m\u00ednimo aumentar\u00e1 a 2550 lei.<\/span><\/span><\/p>\n<\/li>\n<li>\n<p class=\"western\" lang=\"es-ES\" align=\"justify\"><span style=\"font-size: 12pt; font-family: Roboto;\"><span lang=\"es-ES\">Rumania recibi\u00f3 la calificaci\u00f3n \u00abexcepcional\u00bb para la producci\u00f3n agr\u00edcola en 2021 de GEOGLAM (Iniciativa de Monitoreo Agr\u00edcola Global del Grupo de Observaciones de la Tierra), un organismo internacional que monitorea los cultivos agr\u00edcolas en todo el mundo. Rumania es el \u00fanico pa\u00eds del mundo que recibi\u00f3 la calificaci\u00f3n excepcional en 2021, todos los cultivos de nuestro pa\u00eds se evaluaron con esta calificaci\u00f3n, lo que llama la atenci\u00f3n del mundo sobre el potencial de la agricultura en Rumania.<\/span><\/span><\/p>\n<\/li>\n<\/ul>\n<p><img loading=\"lazy\" decoding=\"async\" class=\"aligncenter wp-image-7021 \" src=\"https:\/\/www.asemer.ro\/wp-content\/uploads\/2022\/01\/Rating-culturi-cropmonitor.org_Romania-albastra-1024x527-1.jpg\" alt=\"\" width=\"700\" height=\"360\" srcset=\"https:\/\/www.asemer.ro\/wp-content\/uploads\/2022\/01\/Rating-culturi-cropmonitor.org_Romania-albastra-1024x527-1.jpg 1024w, https:\/\/www.asemer.ro\/wp-content\/uploads\/2022\/01\/Rating-culturi-cropmonitor.org_Romania-albastra-1024x527-1-300x154.jpg 300w, https:\/\/www.asemer.ro\/wp-content\/uploads\/2022\/01\/Rating-culturi-cropmonitor.org_Romania-albastra-1024x527-1-768x395.jpg 768w, https:\/\/www.asemer.ro\/wp-content\/uploads\/2022\/01\/Rating-culturi-cropmonitor.org_Romania-albastra-1024x527-1-720x371.jpg 720w\" sizes=\"auto, (max-width: 700px) 100vw, 700px\" \/><\/p>\n<ul>\n<li>\n<p class=\"western\" lang=\"es-ES\" align=\"justify\"><span style=\"font-size: 12pt; font-family: Roboto;\">El sector agr\u00edcola rumano tuvo una de las mejores evoluciones en 2021, las estimaciones de las autoridades indican un avance del 20,3% en comparaci\u00f3n con 2020, y la contribuci\u00f3n de la agricultura al PIB se estima en 4,4%. A pesar de todos estos r\u00e9cords, Ruman\u00eda sigue importando alimentos y profundizando su d\u00e9ficit en el comercio de productos agroalimentarios. <\/span><\/p>\n<\/li>\n<\/ul>\n<p class=\"western\" align=\"justify\"><span style=\"font-size: 12pt; font-family: Roboto;\"><span lang=\"es-ES\">Pero todas las cosechas obtenidas por los agricultores rumanos no ayudar\u00e1n mucho a la econom\u00eda local, porque la mayor parte de la materia prima se destina a la exportaci\u00f3n y el presupuesto pierde miles de millones de euros a causa de esto. Seg\u00fan el Ministerio de Agricultura y Desarrollo Rural, entre los tres primeros productos exportados en el primer semestre del a\u00f1o se encuentran el ma\u00edz, los cigarrillos y las semillas de girasol, y en el top de las importaciones, el ma\u00edz, la carne de cerdo fresca o congelada y los productos de panader\u00eda, pasteler\u00eda y galletas.<\/span><\/span><\/p>\n<ul>\n<li>\n<p class=\"western\" lang=\"es-ES\" align=\"justify\"><span style=\"font-size: 12pt; font-family: Roboto;\">Ruman\u00eda tiene un d\u00e9ficit comercial de -2.160 millones de euros en los primeros 11 meses de 2021, seg\u00fan datos del INS: aunque las exportaciones han alcanzado un nivel r\u00e9cord (7.080 millones de euros), menos el comercio de mercanc\u00edas con el extranjero se mantiene por encima del umbral de 2 millones de euros despu\u00e9s de las importaciones ascendieron a 9,25 mil millones de euros, todav\u00eda un nivel r\u00e9cord. <\/span><\/p>\n<\/li>\n<\/ul>\n<p class=\"western\" align=\"justify\"><span style=\"font-size: 12pt; font-family: Roboto;\"><span lang=\"es-ES\">La cobertura de importaciones con exportaciones desde principios del a\u00f1o en curso ha ca\u00eddo por debajo del nivel de 2020 y alcanz\u00f3 el valor m\u00e1s bajo de los \u00faltimos diez a\u00f1os, es decir, solo el 79,3%. Lo cual es preocupante y sigue ejerciendo presi\u00f3n sobre el tipo de cambio.<\/span><\/span><\/p>\n<ul>\n<li>\n<p class=\"western\" align=\"justify\"><span style=\"font-size: 12pt; font-family: Roboto;\"><span lang=\"es-ES\">La Comisi\u00f3n Europea ha aprobado el PNRR de Ruman\u00eda, que tiene un valor de 29.200 millones de euros. De este dinero, el 41% se destina a inversiones y reformas en materia de medio ambiente y transici\u00f3n verde, y el 21% a la digitalizaci\u00f3n de Ruman\u00eda. Este dinero se destinar\u00e1 en funci\u00f3n de la consecuci\u00f3n de los objetivos durante los cinco a\u00f1os de ejecuci\u00f3n del plan, de los que 14.200 millones de euros son subvenciones y 14.900 millones de euros son pr\u00e9stamos.<\/span><\/span><\/p>\n<\/li>\n<\/ul>\n<p class=\"western\" lang=\"es-ES\" align=\"justify\"><span style=\"font-size: 12pt; font-family: Roboto;\">El Mecanismo de Recuperaci\u00f3n y Resiliencia (MRR) tiene un valor total de 800 000 millones EUR a nivel de la UE. La Comisi\u00f3n Europea ya ha transferido a Ruman\u00eda el primer tramo de dinero a trav\u00e9s del PNRR, consistente en una prefinanciaci\u00f3n de 1.800 millones de euros.<\/span><\/p>\n<ul>\n<li>\n<p class=\"western\" lang=\"es-ES\" align=\"justify\"><span style=\"font-size: 12pt; font-family: Roboto;\">En oto\u00f1o, Fitch confirm\u00f3 la calificaci\u00f3n soberana de Ruman\u00eda en \u00abBBB menos\u00bb con perspectiva negativa, que es el \u00faltimo paso para los activos de inversi\u00f3n recomendados. La perspectiva negativa refleja la incertidumbre sobre la implementaci\u00f3n de pol\u00edticas destinadas a resolver los desequilibrios presupuestarios estructurales en el mediano plazo y el impacto en las finanzas p\u00fablicas de la pandemia y el aumento de los costos de la energ\u00eda. Adem\u00e1s, los desequilibrios fiscales, la estructura de la deuda y el vol\u00e1til escenario pol\u00edtico, con una coalici\u00f3n con pocas posibilidades de supervivencia, son los argumentos con los que el director de Fitch Ratings argument\u00f3 que la perspectiva negativa del rating de Ruman\u00eda sigue estando justificada. <\/span><\/p>\n<\/li>\n<\/ul>\n<p class=\"western\" align=\"justify\"><span style=\"font-size: 12pt; font-family: Roboto;\"><span lang=\"es-ES\">Las otras agencias calificadoras importantes, Standard &amp; Poor&#8217;s y Moody&#8217;s, tambi\u00e9n calificaron a los inversores con la calificaci\u00f3n recomendada m\u00e1s reciente, pero con una perspectiva estable. Una se\u00f1al positiva provino de la agencia de calificaci\u00f3n Moody&#8217;s, que mejor\u00f3 la perspectiva de la calificaci\u00f3n de Ruman\u00eda de estable a negativa, debido a las s\u00f3lidas perspectivas de crecimiento basadas en el sector privado y el uso de fondos europeos. <\/span><\/span><\/p>\n<p class=\"western\" align=\"justify\"><span style=\"font-size: 12pt; font-family: Roboto;\"><span lang=\"es-ES\">El siguiente paso es no recomendar el objetivo a los inversores, por eso lo llaman \u00abbasura\u00bb. Una degradaci\u00f3n en la categor\u00eda de chatarra significar\u00eda un costo de financiamiento a\u00fan mayor para el estado rumano.<\/span><\/span><\/p>\n<ul>\n<li>\n<p class=\"western\" lang=\"es-ES\" align=\"justify\"><span style=\"font-family: Roboto; font-size: 12pt;\">Marcel Ionescu-Heroiu, experto senior en desarrollo urbano del Banco Mundial, destac\u00f3 que Rumania ser\u00e1 el pa\u00eds con la mejor din\u00e1mica econ\u00f3mica de Europa y superar\u00e1 a Hungr\u00eda en t\u00e9rminos de PIB per c\u00e1pita. Marcel Ionescu-Heroiu tambi\u00e9n habl\u00f3 sobre la importancia de mantener el atractivo de las \u00e1reas urbanas funcionales y el capital humano que atraen: los desplazamientos a una ciudad o pueblo, generando el 98% del PIB de Rumania. As\u00ed, si ellos no funcionan, la econom\u00eda no funcionar\u00e1. B\u00e1sicamente, lo que importa son las personas, la productividad y el consumo\u201d, dijo Ionescu-Heroiu.<\/span><\/p>\n<\/li>\n<li>\n<p class=\"western\" lang=\"es-ES\" align=\"justify\"><span style=\"font-family: Roboto; font-size: 12pt;\">Rumania albergar\u00e1, en Bucarest, el Centro Europeo de Competencias Industriales, Tecnol\u00f3gicas y de Investigaci\u00f3n en el campo de la ciberseguridad &#8211; Cyber \u200b\u200bCenter. El centro ser\u00e1 el principal organismo de gesti\u00f3n de la financiaci\u00f3n europea para la investigaci\u00f3n en ciberseguridad disponible a trav\u00e9s de Digital Europe y Horizon Europe.<\/span><\/p>\n<\/li>\n<\/ul>\n<p class=\"western\" align=\"justify\"><span lang=\"es-ES\" style=\"font-family: Roboto; font-size: 12pt;\">Ruman\u00eda ocupa el sexto lugar en la UE en cuanto al n\u00famero de graduados en TI y C, y Bucarest es el centro de TI y C m\u00e1s importante del pa\u00eds, con m\u00e1s de 83 000 especialistas empleados en 118 empresas tecnol\u00f3gicas e inversiones de m\u00e1s de 1 100 millones de euros atra\u00eddas en los \u00faltimos siete a\u00f1os en start-ups tecnol\u00f3gicas. <\/span><\/p>\n<p class=\"western\" align=\"justify\"><span lang=\"es-ES\" style=\"font-family: Roboto; font-size: 12pt;\">La industria de TI y C contribuy\u00f3 al crecimiento econ\u00f3mico de Rumania, aportando una contribuci\u00f3n al PIB del 19,6% en el tercer trimestre de 2021.<\/span><\/p>\n<ul>\n<li>\n<p class=\"western\" lang=\"es-ES\" align=\"justify\"><span style=\"font-size: 12pt; font-family: Roboto;\">El precio de la gasolina premium super\u00f3 los 7 lei por litro en el surtidor, un 40% m\u00e1s que el a\u00f1o pasado, cuando un litro de combustible costaba menos de 5 lei, seg\u00fan datos del Fuel Price Monitor. Durante este tiempo, el mercado de los coches el\u00e9ctricos floreci\u00f3. Seg\u00fan la Asociaci\u00f3n Rumana de Fabricantes e Importadores de Autom\u00f3viles (APIA), despu\u00e9s de los primeros 11 meses de 2021, los veh\u00edculos el\u00e9ctricos tendr\u00e1n una cuota de mercado del 14,2 % en Ruman\u00eda, el doble que en 2020 (6,7 %). <\/span><\/p>\n<\/li>\n<\/ul>\n<ul>\n<li>\n<p class=\"western\" lang=\"es-ES\" align=\"justify\"><span style=\"font-size: 12pt; font-family: Roboto;\">La quiebra de City Insurance, la mayor aseguradora de Ruman\u00eda (con una cuota de mercado de m\u00e1s del 20 %) y el mayor emisor de p\u00f3lizas RCA del pa\u00eds, afect\u00f3 a millones de clientes y provoc\u00f3 la duplicaci\u00f3n de los precios de las p\u00f3lizas RCA en Ruman\u00eda. <\/span><\/p>\n<\/li>\n<li>\n<p class=\"western\" align=\"justify\"><span style=\"font-size: 12pt; font-family: Roboto;\"><span lang=\"es-ES\">En oto\u00f1o, las tasas de inter\u00e9s comenzaron a subir y la NBR comenz\u00f3 a subir las tasas de inter\u00e9s sobre la pol\u00edtica monetaria. El \u00edndice ROBOR a 3 meses, seg\u00fan el cual se calcula el costo de los pr\u00e9stamos al consumo en lei con tasa de inter\u00e9s variable, comenz\u00f3 a aumentar en septiembre de 2021, alcanzando el 1,65 %, y en diciembre se situ\u00f3 en el 2,93 %.<\/span><\/span><\/p>\n<\/li>\n<li>\n<p class=\"western\" align=\"justify\"><span style=\"font-size: 12pt; font-family: Roboto;\"><span lang=\"es-ES\">El Consejo de Administraci\u00f3n del Banco Nacional de Ruman\u00eda decidi\u00f3 aumentar el tipo de inter\u00e9s de referencia del 1,25% al 1,5% anual, aumentar el tipo de inter\u00e9s de la facilidad de dep\u00f3sito al 1% anual y aumentar el tipo de inter\u00e9s relacionado con la l\u00ednea de cr\u00e9dito (Lombard) al 2% anual: \u201cPara frenar la inflaci\u00f3n, necesitamos subir las tasas de inter\u00e9s. Siendo una econom\u00eda peque\u00f1a y abierta, en Rumania no podemos tener bajas tasas de inter\u00e9s y baja inflaci\u00f3n\u201d, dijo Cristian Popa, miembro de la Junta de BNR.<\/span><\/span><\/p>\n<\/li>\n<li>\n<p class=\"western\" align=\"justify\"><span style=\"font-size: 12pt; font-family: Roboto;\"><span lang=\"es-ES\">La inflaci\u00f3n ha comenzado a aumentar desde el oto\u00f1o, subiendo a 7,9% en octubre de 2021 (desde 6,3% en septiembre) y cayendo a 7,8% en noviembre. Rumania ocup\u00f3 el sexto lugar entre los estados miembros de la UE en t\u00e9rminos del aumento anual de precios registrado en 2021, seg\u00fan los datos publicados por Eurostat. Con un nivel del 6,7%, nuestro pa\u00eds se situ\u00f3 por debajo de otros pa\u00edses del antiguo bloque del Este en t\u00e9rminos de inflaci\u00f3n medida seg\u00fan la metodolog\u00eda europea, como Estonia (12%), Polonia (8%) y Hungr\u00eda (7,4%). Con un aumento mensual en diciembre de 2021 en comparaci\u00f3n con noviembre de 2021 del 0,5 %, Ruman\u00eda se situ\u00f3 exactamente en el aumento medio de precios en la UE, junto con Italia, Irlanda y Grecia.<\/span><\/span><\/p>\n<\/li>\n<\/ul>\n<p class=\"western\" align=\"justify\"><span style=\"font-size: 12pt; font-family: Roboto;\"><span lang=\"es-ES\">Se espera que la tasa de inflaci\u00f3n anual se modere hasta el 5,9 % a finales de 2022, seg\u00fan el Informe sobre la inflaci\u00f3n del Banco Nacional de Ruman\u00eda.<\/span><\/span><\/p>\n<p class=\"western\" lang=\"en-US\" align=\"justify\"><span style=\"font-family: Roboto; font-size: 12pt;\"> <img loading=\"lazy\" decoding=\"async\" class=\"aligncenter wp-image-7022 \" src=\"https:\/\/www.asemer.ro\/wp-content\/uploads\/2022\/01\/Inflatia-anuala-in-statele-UE-decembrie-2021-.png\" alt=\"\" width=\"646\" height=\"252\" srcset=\"https:\/\/www.asemer.ro\/wp-content\/uploads\/2022\/01\/Inflatia-anuala-in-statele-UE-decembrie-2021-.png 1200w, https:\/\/www.asemer.ro\/wp-content\/uploads\/2022\/01\/Inflatia-anuala-in-statele-UE-decembrie-2021--300x117.png 300w, https:\/\/www.asemer.ro\/wp-content\/uploads\/2022\/01\/Inflatia-anuala-in-statele-UE-decembrie-2021--1024x400.png 1024w, https:\/\/www.asemer.ro\/wp-content\/uploads\/2022\/01\/Inflatia-anuala-in-statele-UE-decembrie-2021--768x300.png 768w, https:\/\/www.asemer.ro\/wp-content\/uploads\/2022\/01\/Inflatia-anuala-in-statele-UE-decembrie-2021--720x281.png 720w\" sizes=\"auto, (max-width: 646px) 100vw, 646px\" \/><\/span><\/p>\n<ul>\n<li>\n<p class=\"western\" lang=\"es-ES\" align=\"justify\"><span style=\"font-size: 12pt; font-family: Roboto;\">El mundo pol\u00edtico rumano ha visto una nueva alianza, que parec\u00eda improbable que alguna vez apareciera, consistente en PSD-PNL-UDMR (llamada Coalici\u00f3n Nacional para Rumania). Esto puso fin a una crisis pol\u00edtica que afect\u00f3 gravemente a la imagen de Rumania a nivel internacional, as\u00ed como a la econom\u00eda, lo que contribuy\u00f3 a mantener la calificaci\u00f3n negativa del pa\u00eds.<\/span><\/p>\n<\/li>\n<li>\n<p class=\"western\" lang=\"es-ES\" align=\"justify\"><span style=\"font-size: 12pt; font-family: Roboto;\">A cierre de a\u00f1o, el tipo de inter\u00e9s a largo plazo de Ruman\u00eda aument\u00f3 hasta el 5,37%, seg\u00fan el dato medio mensual publicado por Eurostat. Este indicador cr\u00edtico para las obligaciones asumidas al contratar nuevos cr\u00e9ditos se duplic\u00f3 durante el \u00faltimo a\u00f1o, luego de que en febrero de 2021 hab\u00eda descendido a solo 2,65%.<\/span><\/p>\n<\/li>\n<li>\n<p class=\"western\" align=\"justify\"><span style=\"font-size: 12pt; font-family: Roboto;\"><span lang=\"es-ES\">Ruman\u00eda ha mantenido la primera posici\u00f3n en el top de los pr\u00e9stamos m\u00e1s caros que puede tomar un estado miembro de la Uni\u00f3n, lejos de los pa\u00edses centroeuropeos con un r\u00e9gimen cambiario similar. Seg\u00fan datos de Eurostat, el coste solicitado por los inversores para financiar la deuda rumana est\u00e1 casi un punto porcentual por encima del nivel al que se endeuda el gobierno de Budapest, y m\u00e1s del doble de los costes de Polonia y Rep\u00fablica Checa.<\/span><\/span><\/p>\n<\/li>\n<\/ul>\n<p class=\"western\" align=\"justify\"><span style=\"font-size: 12pt; font-family: Roboto;\"><span lang=\"es-ES\">El aumento de los costes de endeudamiento a tipos elevados deber\u00eda ser motivo de preocupaci\u00f3n para nosotros, ya que la deuda p\u00fablica se acerca al umbral del 50 % del PIB. <\/span><\/span><\/p>\n<p class=\"western\" align=\"justify\"><span style=\"font-size: 12pt; font-family: Roboto;\"><span lang=\"es-ES\">Seg\u00fan Trading Economics, se mantendr\u00e1 la tendencia de aumentar la media mensual: los datos de enero de 2022 sit\u00faan el nivel de los tipos de inter\u00e9s a los que Ruman\u00eda puede pedir prestado a diez a\u00f1os en el 5,48 %. Los analistas de Trading Economics han estimado un aumento de hasta el 5,60 % a fines del 1T de 2022 y hasta el 5,96 % a fines de 2022, lo que significa mayores costos si se utilizan nuevos pr\u00e9stamos en los mercados internacionales. <\/span><\/span><\/p>\n<ul>\n<li>\n<p class=\"western\" align=\"justify\"><span style=\"font-size: 12pt; font-family: Roboto;\"><span lang=\"es-ES\">Ruman\u00eda abri\u00f3 en el tercer trimestre de 2021 el tope regional de los d\u00e9ficits en los estados miembros de la UE con reg\u00edmenes cambiarios similares. Con un valor de -4.900 millones de euros, superamos a Polonia (-3.500 millones de euros), la Rep\u00fablica Checa (-3.000 millones de euros) y Hungr\u00eda (-2.200 millones de euros). Esto ha contribuido a un enfoque cauteloso para elevar las tasas de inter\u00e9s de pol\u00edtica monetaria (solo el 2%, mientras que Polonia ha alcanzado el 2,25%, Hungr\u00eda al 2,4% y la Rep\u00fablica Checa al 3,75%) necesaria en la lucha para reducir la inflaci\u00f3n que super\u00f3 ampliamente las expectativas.<\/span><\/span><\/p>\n<\/li>\n<\/ul>\n<p class=\"western\" align=\"justify\"><img loading=\"lazy\" decoding=\"async\" class=\"aligncenter wp-image-7023 size-full\" src=\"https:\/\/www.asemer.ro\/wp-content\/uploads\/2022\/01\/1.Evolutia-deficitului-de-cont-curent-in-statele-europene-T3-2020-T3-2021-PIB.png\" alt=\"\" width=\"650\" height=\"473\" srcset=\"https:\/\/www.asemer.ro\/wp-content\/uploads\/2022\/01\/1.Evolutia-deficitului-de-cont-curent-in-statele-europene-T3-2020-T3-2021-PIB.png 650w, https:\/\/www.asemer.ro\/wp-content\/uploads\/2022\/01\/1.Evolutia-deficitului-de-cont-curent-in-statele-europene-T3-2020-T3-2021-PIB-300x218.png 300w\" sizes=\"auto, (max-width: 650px) 100vw, 650px\" \/><\/p>\n<ul>\n<li>\n<p class=\"western\" align=\"justify\"><span style=\"font-size: 12pt; font-family: Roboto;\"><span lang=\"es-ES\">En relaci\u00f3n con el tama\u00f1o del resultado econ\u00f3mico, Ruman\u00eda se sit\u00faa a la cabeza de los pa\u00edses con mayores d\u00e9ficits en relaci\u00f3n con el PIB, con un -7,6%. Las consecuencias son muchas y afectar\u00e1n a la recuperaci\u00f3n m\u00e1s r\u00e1pida de los equilibrios macroecon\u00f3micos y la situaci\u00f3n complica las medidas de pol\u00edtica monetaria necesarias para combatir la inflaci\u00f3n. En este contexto, el acceso a los fondos europeos asignados condicionalmente a Ruman\u00eda a trav\u00e9s del PNRR ser\u00e1 fundamental para cubrir este d\u00e9ficit por cuenta corriente.<\/span><\/span><\/p>\n<\/li>\n<\/ul>\n<p class=\"western\" align=\"justify\"><span style=\"font-family: Roboto; font-size: 12pt;\"><span lang=\"en-US\">Fuente de <\/span><span lang=\"es-ES\">informaci\u00f3n<\/span><span lang=\"en-US\">:<\/span><\/span><\/p>\n<ul>\n<li>\n<p class=\"western\" align=\"justify\"><span style=\"color: #000080; font-family: Roboto; font-size: 12pt;\"><span lang=\"zxx\"><u><a href=\"https:\/\/www.forbes.ro\/romania-singura-tara-din-lume-cu-rating-exceptional-pentru-recolta-agricola-din-2021-225762\"><span style=\"font-size: 8pt;\">https:\/\/www.forbes.ro\/romania-singura-tara-din-lume-cu-rating-exceptional-pentru-recolta-agricola-din-2021-225762<\/span><\/a><\/u><\/span><\/span><\/p>\n<\/li>\n<li>\n<p class=\"western\" align=\"justify\"><span style=\"color: #000080; font-family: Roboto; font-size: 8pt;\"><span lang=\"zxx\"><u><a href=\"https:\/\/www.agerpres.ro\/economic-intern\/2021\/12\/30\/retrospectiva-2021-agricultura-romaneasca-marcata-de-productii-record-si-criza-energetica--839640\">https:\/\/www.agerpres.ro\/economic-intern\/2021\/12\/30\/retrospectiva-2021-agricultura-romaneasca-marcata-de-productii-record-si-criza-energetica&#8211;839640<\/a><\/u><\/span><\/span><\/p>\n<\/li>\n<li>\n<p class=\"western\" align=\"justify\"><span style=\"color: #000080; font-family: Roboto; font-size: 8pt;\"><span lang=\"zxx\"><u><a href=\"http:\/\/presamil.ro\/retrospectiva-2021-revenire-economica-pe-fondul-increderii-stimulate-de-aparitia-vaccinurilor-anti-covid\/\">http:\/\/presamil.ro\/retrospectiva-2021-revenire-economica-pe-fondul-increderii-stimulate-de-aparitia-vaccinurilor-anti-covid\/<\/a><\/u><\/span><\/span><\/p>\n<\/li>\n<li>\n<p class=\"western\" align=\"justify\"><span style=\"color: #000080; font-family: Roboto; font-size: 8pt;\"><span lang=\"zxx\"><u><a href=\"https:\/\/cursdeguvernare.ro\/fitch-confirmat-rating-romania-bbb-minus-perspectiva-negativa.html\">https:\/\/cursdeguvernare.ro\/fitch-confirmat-rating-romania-bbb-minus-perspectiva-negativa.html<\/a><\/u><\/span><\/span><\/p>\n<\/li>\n<li>\n<p class=\"western\" align=\"justify\"><span style=\"color: #000080; font-family: Roboto; font-size: 8pt;\"><span lang=\"zxx\"><u><a href=\"https:\/\/cursdeguvernare.ro\/rating-fitch-scena-politica-volatila-dezechilibre-fiscale-perspectiva-negativa.html\">https:\/\/cursdeguvernare.ro\/rating-fitch-scena-politica-volatila-dezechilibre-fiscale-perspectiva-negativa.html<\/a><\/u><\/span><\/span><\/p>\n<\/li>\n<li>\n<p class=\"western\" align=\"justify\"><span style=\"color: #000080; font-family: Roboto; font-size: 8pt;\"><span lang=\"zxx\"><u><a href=\"https:\/\/www.agerpres.ro\/economic-intern\/2021\/12\/21\/retrospectiva-2021-romania-se-modernizeaza-prin-infiintarea-dnsc-si-se-pregateste-de-gazduirea-centrului-european-cyber--835061\">https:\/\/www.agerpres.ro\/economic-intern\/2021\/12\/21\/retrospectiva-2021-romania-se-modernizeaza-prin-infiintarea-dnsc-si-se-pregateste-de-gazduirea-centrului-european-cyber&#8211;835061<\/a><\/u><\/span><\/span><\/p>\n<\/li>\n<li>\n<p class=\"western\" align=\"justify\"><span style=\"color: #000080; font-family: Roboto; font-size: 8pt;\"><span lang=\"zxx\"><u><a href=\"https:\/\/www.agerpres.ro\/economic-intern\/2021\/12\/31\/retrospectiva-2021-anul-in-care-litrul-de-benzina-a-depasit-7-lei-iar-romanii-au-prins-gustul-masinilor-electrice--839996\">https:\/\/www.agerpres.ro\/economic-intern\/2021\/12\/31\/retrospectiva-2021-anul-in-care-litrul-de-benzina-a-depasit-7-lei-iar-romanii-au-prins-gustul-masinilor-electrice&#8211;839996<\/a><\/u><\/span><\/span><\/p>\n<\/li>\n<li>\n<p class=\"western\" align=\"justify\"><span style=\"color: #000080; font-family: Roboto; font-size: 8pt;\"><span lang=\"zxx\"><u><a href=\"https:\/\/www.agerpres.ro\/economic-intern\/2021\/12\/24\/retrospectiva-2021-o-toamna-cu-dobanzi-si-inflatie-in-crestere-cursul-leu-euro-s-a-depreciat-pana-la-un-nivel-record--837210\">https:\/\/www.agerpres.ro\/economic-intern\/2021\/12\/24\/retrospectiva-2021-o-toamna-cu-dobanzi-si-inflatie-in-crestere-cursul-leu-euro-s-a-depreciat-pana-la-un-nivel-record&#8211;837210<\/a><\/u><\/span><\/span><\/p>\n<\/li>\n<li>\n<p class=\"western\" align=\"justify\"><span style=\"color: #000080; font-family: Roboto; font-size: 8pt;\"><span lang=\"zxx\"><u><a href=\"https:\/\/cursdeguvernare.ro\/dobanda-pe-termen-lung-pentru-romania-s-a-dublat-pe-parcursul-anului-2021.html\">https:\/\/cursdeguvernare.ro\/dobanda-pe-termen-lung-pentru-romania-s-a-dublat-pe-parcursul-anului-2021.html<\/a><\/u><\/span><\/span><\/p>\n<\/li>\n<li>\n<p class=\"western\" align=\"justify\"><span style=\"color: #000080; font-family: Roboto; font-size: 8pt;\"><span lang=\"zxx\"><u><a href=\"https:\/\/www.agerpres.ro\/economic-intern\/2021\/12\/23\/retrospectiva-2021-economia-romaneasca-pe-valurile-pandemiei--836569\">https:\/\/www.agerpres.ro\/economic-intern\/2021\/12\/23\/retrospectiva-2021-economia-romaneasca-pe-valurile-pandemiei&#8211;836569<\/a><\/u><\/span><\/span><\/p>\n<\/li>\n<li>\n<p class=\"western\" align=\"justify\"><span style=\"color: #000080; font-family: Roboto; font-size: 8pt;\"><span lang=\"zxx\"><u><a href=\"https:\/\/cursdeguvernare.ro\/romania-pe-locul-6-in-ue-la-cresterea-anuala-a-preturilor-in-2021-evolutie-in-linie-cu-media-ue.html\">https:\/\/cursdeguvernare.ro\/romania-pe-locul-6-in-ue-la-cresterea-anuala-a-preturilor-in-2021-evolutie-in-linie-cu-media-ue.html<\/a><\/u><\/span><\/span><\/p>\n<\/li>\n<li>\n<p class=\"western\" align=\"justify\"><span style=\"color: #000080; font-family: Roboto; font-size: 8pt;\"><span lang=\"zxx\"><u><a href=\"http:\/\/presamil.ro\/retrospectiva-2021-revenire-economica-pe-fondul-increderii-stimulate-de-aparitia-vaccinurilor-anti-covid\/\">http:\/\/presamil.ro\/retrospectiva-2021-revenire-economica-pe-fondul-increderii-stimulate-de-aparitia-vaccinurilor-anti-covid\/<\/a><\/u><\/span><\/span><\/p>\n<\/li>\n<li>\n<p class=\"western\" align=\"justify\"><span style=\"color: #000080; font-family: Roboto; font-size: 8pt;\"><span lang=\"zxx\"><u><a href=\"https:\/\/cursdeguvernare.ro\/recorduri-si-la-import-si-la-export-ramanem-la-2-mld-e-industria-auto-iese-din-trendul-negativ.html\">https:\/\/cursdeguvernare.ro\/recorduri-si-la-import-si-la-export-ramanem-la-2-mld-e-industria-auto-iese-din-trendul-negativ.html<\/a><\/u><\/span><\/span><\/p>\n<\/li>\n<li>\n<p class=\"western\" align=\"justify\"><span style=\"color: #000080; font-family: Roboto; font-size: 8pt;\"><span lang=\"zxx\"><u><a href=\"https:\/\/cursdeguvernare.ro\/deficitul-contului-curent-o-problema-majora-a-economiei-romanesti.html?utm_source=newsletter&amp;utm_medium=email&amp;utm_content=Newsletter-934001-20220123&amp;utm_campaign=Locul+6+la+cre%C8%99terea+pre%C8%9Burilor%3A+cum+stau+statele+UE&amp;nzm_re=524755616-b6b8efa4071905b20704fb3cd8e06a7c-934001\">https:\/\/cursdeguvernare.ro\/deficitul-contului-curent-o-problema-majora-a-economiei-romanesti.html<\/a><\/u><\/span><\/span><\/p>\n<\/li>\n<li>\n<p class=\"western\" align=\"justify\"><span style=\"color: #000080; font-family: Roboto; font-size: 8pt;\"><span lang=\"zxx\"><u><a href=\"https:\/\/cursdeguvernare.ro\/pib-ul-romaniei-a-urcat-la-1-190-de-miliarde-de-lei-in-2021.html?utm_source=newsletter&amp;utm_medium=email&amp;utm_content=Newsletter-930000-20220103&amp;utm_campaign=Anul+marilor+confrunt%C4%83ri+fiscale+la+nivelul+UE%2C+%C3%AEntr-un+context+economic+incert&amp;nzm_re=524755616-a055ca0df45cdcb3a32ffc953b3b793d-930000\">https:\/\/cursdeguvernare.ro\/pib-ul-romaniei-a-urcat-la-1-190-de-miliarde-de-lei-in-2021.html<\/a><\/u><\/span><\/span><\/p>\n<\/li>\n<\/ul>\n","protected":false},"excerpt":{"rendered":"<p>Despu\u00e9s de casi dos a\u00f1os de lucha contra una interminable pandemia, Ruman\u00eda afrontar\u00e1 un a\u00f1o 2022 con importantes retos internos. [&hellip;]<\/p>\n","protected":false},"author":3,"featured_media":0,"comment_status":"open","ping_status":"open","sticky":false,"template":"","format":"standard","meta":{"footnotes":""},"categories":[4,6,7],"tags":[214,213,176],"class_list":["post-7020","post","type-post","status-publish","format-standard","hentry","category-noticias","category-stiri","category-web","tag-ano-2021","tag-retrospectiva","tag-rumania-2"],"yoast_head":"<!-- This site is optimized with the Yoast SEO plugin v27.4 - https:\/\/yoast.com\/product\/yoast-seo-wordpress\/ -->\n<title>RETROSPECTIVA DEL A\u00d1O 2021 EN RUMAN\u00cdA - ASEMER<\/title>\n<meta name=\"description\" content=\"Evoluci\u00f3n de Ruman\u00eda y los acontecimientos que tuvieron lugar aqu\u00ed en 2021\" \/>\n<meta name=\"robots\" content=\"index, follow, max-snippet:-1, max-image-preview:large, max-video-preview:-1\" \/>\n<link rel=\"canonical\" href=\"https:\/\/www.asemer.ro\/index.php\/2022\/01\/31\/retrospectiva-del-ano-2021-en-rumania\/\" \/>\n<meta property=\"og:locale\" content=\"es_ES\" \/>\n<meta property=\"og:type\" content=\"article\" \/>\n<meta property=\"og:title\" content=\"RETROSPECTIVA DEL A\u00d1O 2021 EN RUMAN\u00cdA - ASEMER\" \/>\n<meta property=\"og:description\" content=\"Evoluci\u00f3n de Ruman\u00eda y los acontecimientos que tuvieron lugar aqu\u00ed en 2021\" \/>\n<meta property=\"og:url\" content=\"https:\/\/www.asemer.ro\/index.php\/2022\/01\/31\/retrospectiva-del-ano-2021-en-rumania\/\" \/>\n<meta property=\"og:site_name\" content=\"ASEMER\" \/>\n<meta property=\"article:publisher\" content=\"https:\/\/www.facebook.com\/asociacionasemer\" \/>\n<meta property=\"article:published_time\" content=\"2022-01-31T11:52:40+00:00\" \/>\n<meta property=\"article:modified_time\" content=\"2022-02-03T08:26:04+00:00\" \/>\n<meta property=\"og:image\" content=\"https:\/\/www.asemer.ro\/wp-content\/uploads\/2022\/01\/Rating-culturi-cropmonitor.org_Romania-albastra-1024x527-1.jpg\" \/>\n<meta name=\"author\" content=\"Admin Asemer\" \/>\n<meta name=\"twitter:card\" content=\"summary_large_image\" \/>\n<meta name=\"twitter:creator\" content=\"@asemer_rumania\" \/>\n<meta name=\"twitter:site\" content=\"@asemer_rumania\" \/>\n<meta name=\"twitter:label1\" content=\"Escrito por\" \/>\n\t<meta name=\"twitter:data1\" content=\"Admin Asemer\" \/>\n\t<meta name=\"twitter:label2\" content=\"Tiempo de lectura\" \/>\n\t<meta name=\"twitter:data2\" content=\"11 minutos\" \/>\n<script type=\"application\/ld+json\" class=\"yoast-schema-graph\">{\"@context\":\"https:\\\/\\\/schema.org\",\"@graph\":[{\"@type\":\"Article\",\"@id\":\"https:\\\/\\\/www.asemer.ro\\\/index.php\\\/2022\\\/01\\\/31\\\/retrospectiva-del-ano-2021-en-rumania\\\/#article\",\"isPartOf\":{\"@id\":\"https:\\\/\\\/www.asemer.ro\\\/index.php\\\/2022\\\/01\\\/31\\\/retrospectiva-del-ano-2021-en-rumania\\\/\"},\"author\":{\"name\":\"Admin Asemer\",\"@id\":\"https:\\\/\\\/www.asemer.ro\\\/#\\\/schema\\\/person\\\/36de47e444c0f1a7b737a035d40519f9\"},\"headline\":\"RETROSPECTIVA DEL A\u00d1O 2021 EN RUMAN\u00cdA\",\"datePublished\":\"2022-01-31T11:52:40+00:00\",\"dateModified\":\"2022-02-03T08:26:04+00:00\",\"mainEntityOfPage\":{\"@id\":\"https:\\\/\\\/www.asemer.ro\\\/index.php\\\/2022\\\/01\\\/31\\\/retrospectiva-del-ano-2021-en-rumania\\\/\"},\"wordCount\":2471,\"commentCount\":0,\"publisher\":{\"@id\":\"https:\\\/\\\/www.asemer.ro\\\/#organization\"},\"image\":{\"@id\":\"https:\\\/\\\/www.asemer.ro\\\/index.php\\\/2022\\\/01\\\/31\\\/retrospectiva-del-ano-2021-en-rumania\\\/#primaryimage\"},\"thumbnailUrl\":\"https:\\\/\\\/www.asemer.ro\\\/wp-content\\\/uploads\\\/2022\\\/01\\\/Rating-culturi-cropmonitor.org_Romania-albastra-1024x527-1.jpg\",\"keywords\":[\"A\u00f1o 2021\",\"Retrospectiva\",\"Ruman\u00eda\"],\"articleSection\":[\"Noticias\",\"\u0218tiri\",\"Web\"],\"inLanguage\":\"es\",\"potentialAction\":[{\"@type\":\"CommentAction\",\"name\":\"Comment\",\"target\":[\"https:\\\/\\\/www.asemer.ro\\\/index.php\\\/2022\\\/01\\\/31\\\/retrospectiva-del-ano-2021-en-rumania\\\/#respond\"]}]},{\"@type\":\"WebPage\",\"@id\":\"https:\\\/\\\/www.asemer.ro\\\/index.php\\\/2022\\\/01\\\/31\\\/retrospectiva-del-ano-2021-en-rumania\\\/\",\"url\":\"https:\\\/\\\/www.asemer.ro\\\/index.php\\\/2022\\\/01\\\/31\\\/retrospectiva-del-ano-2021-en-rumania\\\/\",\"name\":\"RETROSPECTIVA DEL A\u00d1O 2021 EN RUMAN\u00cdA - ASEMER\",\"isPartOf\":{\"@id\":\"https:\\\/\\\/www.asemer.ro\\\/#website\"},\"primaryImageOfPage\":{\"@id\":\"https:\\\/\\\/www.asemer.ro\\\/index.php\\\/2022\\\/01\\\/31\\\/retrospectiva-del-ano-2021-en-rumania\\\/#primaryimage\"},\"image\":{\"@id\":\"https:\\\/\\\/www.asemer.ro\\\/index.php\\\/2022\\\/01\\\/31\\\/retrospectiva-del-ano-2021-en-rumania\\\/#primaryimage\"},\"thumbnailUrl\":\"https:\\\/\\\/www.asemer.ro\\\/wp-content\\\/uploads\\\/2022\\\/01\\\/Rating-culturi-cropmonitor.org_Romania-albastra-1024x527-1.jpg\",\"datePublished\":\"2022-01-31T11:52:40+00:00\",\"dateModified\":\"2022-02-03T08:26:04+00:00\",\"description\":\"Evoluci\u00f3n de Ruman\u00eda y los acontecimientos que tuvieron lugar aqu\u00ed en 2021\",\"breadcrumb\":{\"@id\":\"https:\\\/\\\/www.asemer.ro\\\/index.php\\\/2022\\\/01\\\/31\\\/retrospectiva-del-ano-2021-en-rumania\\\/#breadcrumb\"},\"inLanguage\":\"es\",\"potentialAction\":[{\"@type\":\"ReadAction\",\"target\":[\"https:\\\/\\\/www.asemer.ro\\\/index.php\\\/2022\\\/01\\\/31\\\/retrospectiva-del-ano-2021-en-rumania\\\/\"]}]},{\"@type\":\"ImageObject\",\"inLanguage\":\"es\",\"@id\":\"https:\\\/\\\/www.asemer.ro\\\/index.php\\\/2022\\\/01\\\/31\\\/retrospectiva-del-ano-2021-en-rumania\\\/#primaryimage\",\"url\":\"https:\\\/\\\/www.asemer.ro\\\/wp-content\\\/uploads\\\/2022\\\/01\\\/Rating-culturi-cropmonitor.org_Romania-albastra-1024x527-1.jpg\",\"contentUrl\":\"https:\\\/\\\/www.asemer.ro\\\/wp-content\\\/uploads\\\/2022\\\/01\\\/Rating-culturi-cropmonitor.org_Romania-albastra-1024x527-1.jpg\",\"width\":1024,\"height\":527},{\"@type\":\"BreadcrumbList\",\"@id\":\"https:\\\/\\\/www.asemer.ro\\\/index.php\\\/2022\\\/01\\\/31\\\/retrospectiva-del-ano-2021-en-rumania\\\/#breadcrumb\",\"itemListElement\":[{\"@type\":\"ListItem\",\"position\":1,\"name\":\"Home\",\"item\":\"https:\\\/\\\/www.asemer.ro\\\/\"},{\"@type\":\"ListItem\",\"position\":2,\"name\":\"RETROSPECTIVA DEL A\u00d1O 2021 EN RUMAN\u00cdA\"}]},{\"@type\":\"WebSite\",\"@id\":\"https:\\\/\\\/www.asemer.ro\\\/#website\",\"url\":\"https:\\\/\\\/www.asemer.ro\\\/\",\"name\":\"ASEMER\",\"description\":\"Asociaci\u00f3n de Empresas Espa\u00f1olas en Ruman\u00eda\",\"publisher\":{\"@id\":\"https:\\\/\\\/www.asemer.ro\\\/#organization\"},\"potentialAction\":[{\"@type\":\"SearchAction\",\"target\":{\"@type\":\"EntryPoint\",\"urlTemplate\":\"https:\\\/\\\/www.asemer.ro\\\/?s={search_term_string}\"},\"query-input\":{\"@type\":\"PropertyValueSpecification\",\"valueRequired\":true,\"valueName\":\"search_term_string\"}}],\"inLanguage\":\"es\"},{\"@type\":\"Organization\",\"@id\":\"https:\\\/\\\/www.asemer.ro\\\/#organization\",\"name\":\"ASEMER\",\"url\":\"https:\\\/\\\/www.asemer.ro\\\/\",\"logo\":{\"@type\":\"ImageObject\",\"inLanguage\":\"es\",\"@id\":\"https:\\\/\\\/www.asemer.ro\\\/#\\\/schema\\\/logo\\\/image\\\/\",\"url\":\"https:\\\/\\\/www.asemer.ro\\\/wp-content\\\/uploads\\\/2020\\\/12\\\/logo-ASEMER-scaled.jpg\",\"contentUrl\":\"https:\\\/\\\/www.asemer.ro\\\/wp-content\\\/uploads\\\/2020\\\/12\\\/logo-ASEMER-scaled.jpg\",\"width\":2560,\"height\":849,\"caption\":\"ASEMER\"},\"image\":{\"@id\":\"https:\\\/\\\/www.asemer.ro\\\/#\\\/schema\\\/logo\\\/image\\\/\"},\"sameAs\":[\"https:\\\/\\\/www.facebook.com\\\/asociacionasemer\",\"https:\\\/\\\/x.com\\\/asemer_rumania\",\"https:\\\/\\\/ro.linkedin.com\\\/in\\\/asemer-asociaci\u00f3n-empresas-espa\u00f1olas-en-ruman\u00eda-724772a6?trk=author_mini-profile_title\",\"https:\\\/\\\/www.youtube.com\\\/channel\\\/UC73m8-BDsg857OL0Ogv5aQA\\\/videos\"]},{\"@type\":\"Person\",\"@id\":\"https:\\\/\\\/www.asemer.ro\\\/#\\\/schema\\\/person\\\/36de47e444c0f1a7b737a035d40519f9\",\"name\":\"Admin Asemer\",\"image\":{\"@type\":\"ImageObject\",\"inLanguage\":\"es\",\"@id\":\"https:\\\/\\\/secure.gravatar.com\\\/avatar\\\/b64873d65b5be684e01a001c464789c445a7279ef3f177f5fbff5d83eb373299?s=96&d=mm&r=g\",\"url\":\"https:\\\/\\\/secure.gravatar.com\\\/avatar\\\/b64873d65b5be684e01a001c464789c445a7279ef3f177f5fbff5d83eb373299?s=96&d=mm&r=g\",\"contentUrl\":\"https:\\\/\\\/secure.gravatar.com\\\/avatar\\\/b64873d65b5be684e01a001c464789c445a7279ef3f177f5fbff5d83eb373299?s=96&d=mm&r=g\",\"caption\":\"Admin Asemer\"},\"url\":\"https:\\\/\\\/www.asemer.ro\\\/index.php\\\/author\\\/admin\\\/\"}]}<\/script>\n<!-- \/ Yoast SEO plugin. -->","yoast_head_json":{"title":"RETROSPECTIVA DEL A\u00d1O 2021 EN RUMAN\u00cdA - ASEMER","description":"Evoluci\u00f3n de Ruman\u00eda y los acontecimientos que tuvieron lugar aqu\u00ed en 2021","robots":{"index":"index","follow":"follow","max-snippet":"max-snippet:-1","max-image-preview":"max-image-preview:large","max-video-preview":"max-video-preview:-1"},"canonical":"https:\/\/www.asemer.ro\/index.php\/2022\/01\/31\/retrospectiva-del-ano-2021-en-rumania\/","og_locale":"es_ES","og_type":"article","og_title":"RETROSPECTIVA DEL A\u00d1O 2021 EN RUMAN\u00cdA - ASEMER","og_description":"Evoluci\u00f3n de Ruman\u00eda y los acontecimientos que tuvieron lugar aqu\u00ed en 2021","og_url":"https:\/\/www.asemer.ro\/index.php\/2022\/01\/31\/retrospectiva-del-ano-2021-en-rumania\/","og_site_name":"ASEMER","article_publisher":"https:\/\/www.facebook.com\/asociacionasemer","article_published_time":"2022-01-31T11:52:40+00:00","article_modified_time":"2022-02-03T08:26:04+00:00","og_image":[{"url":"https:\/\/www.asemer.ro\/wp-content\/uploads\/2022\/01\/Rating-culturi-cropmonitor.org_Romania-albastra-1024x527-1.jpg","type":"","width":"","height":""}],"author":"Admin Asemer","twitter_card":"summary_large_image","twitter_creator":"@asemer_rumania","twitter_site":"@asemer_rumania","twitter_misc":{"Escrito por":"Admin Asemer","Tiempo de lectura":"11 minutos"},"schema":{"@context":"https:\/\/schema.org","@graph":[{"@type":"Article","@id":"https:\/\/www.asemer.ro\/index.php\/2022\/01\/31\/retrospectiva-del-ano-2021-en-rumania\/#article","isPartOf":{"@id":"https:\/\/www.asemer.ro\/index.php\/2022\/01\/31\/retrospectiva-del-ano-2021-en-rumania\/"},"author":{"name":"Admin Asemer","@id":"https:\/\/www.asemer.ro\/#\/schema\/person\/36de47e444c0f1a7b737a035d40519f9"},"headline":"RETROSPECTIVA DEL A\u00d1O 2021 EN RUMAN\u00cdA","datePublished":"2022-01-31T11:52:40+00:00","dateModified":"2022-02-03T08:26:04+00:00","mainEntityOfPage":{"@id":"https:\/\/www.asemer.ro\/index.php\/2022\/01\/31\/retrospectiva-del-ano-2021-en-rumania\/"},"wordCount":2471,"commentCount":0,"publisher":{"@id":"https:\/\/www.asemer.ro\/#organization"},"image":{"@id":"https:\/\/www.asemer.ro\/index.php\/2022\/01\/31\/retrospectiva-del-ano-2021-en-rumania\/#primaryimage"},"thumbnailUrl":"https:\/\/www.asemer.ro\/wp-content\/uploads\/2022\/01\/Rating-culturi-cropmonitor.org_Romania-albastra-1024x527-1.jpg","keywords":["A\u00f1o 2021","Retrospectiva","Ruman\u00eda"],"articleSection":["Noticias","\u0218tiri","Web"],"inLanguage":"es","potentialAction":[{"@type":"CommentAction","name":"Comment","target":["https:\/\/www.asemer.ro\/index.php\/2022\/01\/31\/retrospectiva-del-ano-2021-en-rumania\/#respond"]}]},{"@type":"WebPage","@id":"https:\/\/www.asemer.ro\/index.php\/2022\/01\/31\/retrospectiva-del-ano-2021-en-rumania\/","url":"https:\/\/www.asemer.ro\/index.php\/2022\/01\/31\/retrospectiva-del-ano-2021-en-rumania\/","name":"RETROSPECTIVA DEL A\u00d1O 2021 EN RUMAN\u00cdA - ASEMER","isPartOf":{"@id":"https:\/\/www.asemer.ro\/#website"},"primaryImageOfPage":{"@id":"https:\/\/www.asemer.ro\/index.php\/2022\/01\/31\/retrospectiva-del-ano-2021-en-rumania\/#primaryimage"},"image":{"@id":"https:\/\/www.asemer.ro\/index.php\/2022\/01\/31\/retrospectiva-del-ano-2021-en-rumania\/#primaryimage"},"thumbnailUrl":"https:\/\/www.asemer.ro\/wp-content\/uploads\/2022\/01\/Rating-culturi-cropmonitor.org_Romania-albastra-1024x527-1.jpg","datePublished":"2022-01-31T11:52:40+00:00","dateModified":"2022-02-03T08:26:04+00:00","description":"Evoluci\u00f3n de Ruman\u00eda y los acontecimientos que tuvieron lugar aqu\u00ed en 2021","breadcrumb":{"@id":"https:\/\/www.asemer.ro\/index.php\/2022\/01\/31\/retrospectiva-del-ano-2021-en-rumania\/#breadcrumb"},"inLanguage":"es","potentialAction":[{"@type":"ReadAction","target":["https:\/\/www.asemer.ro\/index.php\/2022\/01\/31\/retrospectiva-del-ano-2021-en-rumania\/"]}]},{"@type":"ImageObject","inLanguage":"es","@id":"https:\/\/www.asemer.ro\/index.php\/2022\/01\/31\/retrospectiva-del-ano-2021-en-rumania\/#primaryimage","url":"https:\/\/www.asemer.ro\/wp-content\/uploads\/2022\/01\/Rating-culturi-cropmonitor.org_Romania-albastra-1024x527-1.jpg","contentUrl":"https:\/\/www.asemer.ro\/wp-content\/uploads\/2022\/01\/Rating-culturi-cropmonitor.org_Romania-albastra-1024x527-1.jpg","width":1024,"height":527},{"@type":"BreadcrumbList","@id":"https:\/\/www.asemer.ro\/index.php\/2022\/01\/31\/retrospectiva-del-ano-2021-en-rumania\/#breadcrumb","itemListElement":[{"@type":"ListItem","position":1,"name":"Home","item":"https:\/\/www.asemer.ro\/"},{"@type":"ListItem","position":2,"name":"RETROSPECTIVA DEL A\u00d1O 2021 EN RUMAN\u00cdA"}]},{"@type":"WebSite","@id":"https:\/\/www.asemer.ro\/#website","url":"https:\/\/www.asemer.ro\/","name":"ASEMER","description":"Asociaci\u00f3n de Empresas Espa\u00f1olas en Ruman\u00eda","publisher":{"@id":"https:\/\/www.asemer.ro\/#organization"},"potentialAction":[{"@type":"SearchAction","target":{"@type":"EntryPoint","urlTemplate":"https:\/\/www.asemer.ro\/?s={search_term_string}"},"query-input":{"@type":"PropertyValueSpecification","valueRequired":true,"valueName":"search_term_string"}}],"inLanguage":"es"},{"@type":"Organization","@id":"https:\/\/www.asemer.ro\/#organization","name":"ASEMER","url":"https:\/\/www.asemer.ro\/","logo":{"@type":"ImageObject","inLanguage":"es","@id":"https:\/\/www.asemer.ro\/#\/schema\/logo\/image\/","url":"https:\/\/www.asemer.ro\/wp-content\/uploads\/2020\/12\/logo-ASEMER-scaled.jpg","contentUrl":"https:\/\/www.asemer.ro\/wp-content\/uploads\/2020\/12\/logo-ASEMER-scaled.jpg","width":2560,"height":849,"caption":"ASEMER"},"image":{"@id":"https:\/\/www.asemer.ro\/#\/schema\/logo\/image\/"},"sameAs":["https:\/\/www.facebook.com\/asociacionasemer","https:\/\/x.com\/asemer_rumania","https:\/\/ro.linkedin.com\/in\/asemer-asociaci\u00f3n-empresas-espa\u00f1olas-en-ruman\u00eda-724772a6?trk=author_mini-profile_title","https:\/\/www.youtube.com\/channel\/UC73m8-BDsg857OL0Ogv5aQA\/videos"]},{"@type":"Person","@id":"https:\/\/www.asemer.ro\/#\/schema\/person\/36de47e444c0f1a7b737a035d40519f9","name":"Admin Asemer","image":{"@type":"ImageObject","inLanguage":"es","@id":"https:\/\/secure.gravatar.com\/avatar\/b64873d65b5be684e01a001c464789c445a7279ef3f177f5fbff5d83eb373299?s=96&d=mm&r=g","url":"https:\/\/secure.gravatar.com\/avatar\/b64873d65b5be684e01a001c464789c445a7279ef3f177f5fbff5d83eb373299?s=96&d=mm&r=g","contentUrl":"https:\/\/secure.gravatar.com\/avatar\/b64873d65b5be684e01a001c464789c445a7279ef3f177f5fbff5d83eb373299?s=96&d=mm&r=g","caption":"Admin Asemer"},"url":"https:\/\/www.asemer.ro\/index.php\/author\/admin\/"}]}},"_links":{"self":[{"href":"https:\/\/www.asemer.ro\/index.php\/wp-json\/wp\/v2\/posts\/7020","targetHints":{"allow":["GET"]}}],"collection":[{"href":"https:\/\/www.asemer.ro\/index.php\/wp-json\/wp\/v2\/posts"}],"about":[{"href":"https:\/\/www.asemer.ro\/index.php\/wp-json\/wp\/v2\/types\/post"}],"author":[{"embeddable":true,"href":"https:\/\/www.asemer.ro\/index.php\/wp-json\/wp\/v2\/users\/3"}],"replies":[{"embeddable":true,"href":"https:\/\/www.asemer.ro\/index.php\/wp-json\/wp\/v2\/comments?post=7020"}],"version-history":[{"count":3,"href":"https:\/\/www.asemer.ro\/index.php\/wp-json\/wp\/v2\/posts\/7020\/revisions"}],"predecessor-version":[{"id":7106,"href":"https:\/\/www.asemer.ro\/index.php\/wp-json\/wp\/v2\/posts\/7020\/revisions\/7106"}],"wp:attachment":[{"href":"https:\/\/www.asemer.ro\/index.php\/wp-json\/wp\/v2\/media?parent=7020"}],"wp:term":[{"taxonomy":"category","embeddable":true,"href":"https:\/\/www.asemer.ro\/index.php\/wp-json\/wp\/v2\/categories?post=7020"},{"taxonomy":"post_tag","embeddable":true,"href":"https:\/\/www.asemer.ro\/index.php\/wp-json\/wp\/v2\/tags?post=7020"}],"curies":[{"name":"wp","href":"https:\/\/api.w.org\/{rel}","templated":true}]}}