{"id":7123,"date":"2022-02-25T15:55:00","date_gmt":"2022-02-25T13:55:00","guid":{"rendered":"https:\/\/www.asemer.ro\/?p=7123"},"modified":"2022-02-28T17:38:44","modified_gmt":"2022-02-28T15:38:44","slug":"las-perspectivas-de-rumania-en-2022","status":"publish","type":"post","link":"https:\/\/www.asemer.ro\/index.php\/2022\/02\/25\/las-perspectivas-de-rumania-en-2022\/","title":{"rendered":"LAS PERSPECTIVAS DE RUMAN\u00cdA EN 2022"},"content":{"rendered":"<p><span style=\"font-family: Roboto; color: #000000;\"><img loading=\"lazy\" decoding=\"async\" class=\"aligncenter wp-image-7124 size-full\" src=\"https:\/\/www.asemer.ro\/wp-content\/uploads\/2022\/02\/2022-tendinte-on.png\" alt=\"\" width=\"800\" height=\"451\" srcset=\"https:\/\/www.asemer.ro\/wp-content\/uploads\/2022\/02\/2022-tendinte-on.png 800w, https:\/\/www.asemer.ro\/wp-content\/uploads\/2022\/02\/2022-tendinte-on-300x169.png 300w, https:\/\/www.asemer.ro\/wp-content\/uploads\/2022\/02\/2022-tendinte-on-768x433.png 768w, https:\/\/www.asemer.ro\/wp-content\/uploads\/2022\/02\/2022-tendinte-on-720x406.png 720w\" sizes=\"auto, (max-width: 800px) 100vw, 800px\" \/><\/span><\/p>\n<hr \/>\n<p><span style=\"font-family: Roboto; font-size: 12pt; color: #000000;\">2022 promete ser un a\u00f1o dif\u00edcil para Rumania, que no solo debe salir bien de la pandemia y curar sus heridas causadas por la p\u00e9rdida de vidas, sino que debe enfrentar el aumento de las facturas de electricidad y gas, alta inflaci\u00f3n, el aumento de la deuda p\u00fablica, precios crecientes, inestabilidad pol\u00edtica y diplom\u00e1tica \u2013 para enumerar algunos aspectos importantes a considerar en un pr\u00f3ximo futuro. <span class=\"VIiyi\" lang=\"es\"><span class=\"JLqJ4b ChMk0b\" data-language-for-alternatives=\"es\" data-language-to-translate-into=\"ro\" data-phrase-index=\"0\" data-number-of-phrases=\"1\">Recientemente, la guerra de Ucrania se ha sumado a la larga lista de posibles problemas, que tambi\u00e9n afectar\u00e1n a Ruman\u00eda desde el punto de vista econ\u00f3mico.<\/span><\/span><br \/>\n<\/span><\/p>\n<p><span style=\"font-family: Roboto; font-size: 12pt; color: #000000;\">Presentamos a continuaci\u00f3n algunas de las previsiones para 2022 relacionadas con Ruman\u00eda:<\/span><\/p>\n<ul>\n<li><span style=\"font-family: Roboto; color: #000000;\"><span style=\"font-size: 12pt;\">Seg\u00fan el \u00faltimo informe de la Comisi\u00f3n Europea, titulado \u201cEconomic Forecast for Romania\u201d, que recoge las previsiones de invierno sobre el futuro econ\u00f3mico del pa\u00eds, estima que en 2022, el crecimiento econ\u00f3mico de Ruman\u00eda ser\u00e1 del 4,2%, respectivamente 4,5 % en 2023.<\/span><span style=\"font-size: 12pt;\"><img loading=\"lazy\" decoding=\"async\" class=\"aligncenter wp-image-7125 size-full\" src=\"https:\/\/www.asemer.ro\/wp-content\/uploads\/2022\/02\/forecast.png\" alt=\"\" width=\"1534\" height=\"276\" srcset=\"https:\/\/www.asemer.ro\/wp-content\/uploads\/2022\/02\/forecast.png 1534w, https:\/\/www.asemer.ro\/wp-content\/uploads\/2022\/02\/forecast-300x54.png 300w, https:\/\/www.asemer.ro\/wp-content\/uploads\/2022\/02\/forecast-1024x184.png 1024w, https:\/\/www.asemer.ro\/wp-content\/uploads\/2022\/02\/forecast-768x138.png 768w, https:\/\/www.asemer.ro\/wp-content\/uploads\/2022\/02\/forecast-720x130.png 720w\" sizes=\"auto, (max-width: 1534px) 100vw, 1534px\" \/><\/span><\/span><\/li>\n<li><span style=\"font-family: Roboto; font-size: 12pt; color: #000000;\">Las previsiones de inflaci\u00f3n de la Comisi\u00f3n Europea se han revisado al alza respecto a la previsi\u00f3n de oto\u00f1o, pasando del 4% de noviembre del a\u00f1o pasado al 5,3%, seg\u00fan la previsi\u00f3n econ\u00f3mica de invierno. Se prev\u00e9 que la inflaci\u00f3n caiga bruscamente hasta el 2,5 % en 2023. Las previsiones reflejan los efectos del aumento de los precios de la energ\u00eda, as\u00ed como el aumento de las presiones inflacionarias sobre otras categor\u00edas de bienes en comparaci\u00f3n con el oto\u00f1o pasado.<\/span><\/li>\n<\/ul>\n<p><span style=\"font-family: Roboto; font-size: 12pt; color: #000000;\">Adem\u00e1s, el informe de la Comisi\u00f3n Europea, \u201cEconomic Forecast for Romania\u201d, dice que los precios seguir\u00e1n subiendo en 2022 \u2013 un 5,3% este a\u00f1o y un 2,3% en 2023 \u2013 debido a los altos precios de la energ\u00eda y al traspaso de estos costes a los precios de otros bienes y servicios. Los precios de los alimentos tambi\u00e9n aumentar\u00edan como resultado de precios m\u00e1s altos y una menor oferta de fertilizantes. El crecimiento de los salarios m\u00e1s fuerte de lo esperado es un riesgo al alza para el pron\u00f3stico de inflaci\u00f3n.<\/span><\/p>\n<p><span style=\"font-family: Roboto; font-size: 12pt; color: #000000;\">Se espera que el consumo privado se recupere en la segunda mitad de este a\u00f1o, cuando se reduzcan las restricciones y se modere la inflaci\u00f3n. Las inversiones tambi\u00e9n se mantendr\u00edan s\u00f3lidas durante el per\u00edodo de pron\u00f3stico (hasta 2023 inclusive), con el apoyo del Mecanismo de Recuperaci\u00f3n y Resiliencia (MRR) y otros fondos de la UE.<\/span><\/p>\n<p><span style=\"font-family: Roboto; font-size: 12pt; color: #000000;\">Los expertos de la Comisi\u00f3n Europea tambi\u00e9n estiman que el aumento esperado en las tasas de inter\u00e9s reducir\u00e1 la inversi\u00f3n privada. El comercio exterior se beneficiar\u00e1 de la eliminaci\u00f3n de los cuellos de botella en la oferta, pero no se espera que contribuya al crecimiento econ\u00f3mico.<\/span><\/p>\n<ul>\n<li><span style=\"font-family: Roboto; font-size: 12pt; color: #000000;\">Se corrigi\u00f3 a la baja la previsi\u00f3n de crecimiento econ\u00f3mico para 2022 al 4,3% y en el informe de invierno de la Comisi\u00f3n Nacional de Estrategia y Previsi\u00f3n (CNSP). La estimaci\u00f3n anterior era de 4,6%: \u201cDada la evoluci\u00f3n de la econom\u00eda bajo el impacto del choque inflacionario en el 4T 2021, as\u00ed como la aparici\u00f3n de la 5\u00aa ola de la pandemia, as\u00ed como la continuaci\u00f3n de la crisis energ\u00e9tica, especialmente en la primera parte de 2022, se estim\u00f3 este a\u00f1o un avance econ\u00f3mico de 4,3% y un deflactor de 6,1%, creciente, correlacionado con el aumento de precios.\u201d<\/span><\/li>\n<\/ul>\n<p><span style=\"font-family: Roboto; font-size: 12pt; color: #000000;\">El Producto Interno Bruto se estima en 1.315 millones de lei este a\u00f1o, y la inflaci\u00f3n a fines de 2022 del 9,5%.<\/span><\/p>\n<p><span style=\"font-family: Roboto; color: #000000;\"><img loading=\"lazy\" decoding=\"async\" class=\"aligncenter wp-image-7126 size-full\" src=\"https:\/\/www.asemer.ro\/wp-content\/uploads\/2022\/02\/Screenshot-2022-02-21-175512.png\" alt=\"\" width=\"1018\" height=\"544\" srcset=\"https:\/\/www.asemer.ro\/wp-content\/uploads\/2022\/02\/Screenshot-2022-02-21-175512.png 1018w, https:\/\/www.asemer.ro\/wp-content\/uploads\/2022\/02\/Screenshot-2022-02-21-175512-300x160.png 300w, https:\/\/www.asemer.ro\/wp-content\/uploads\/2022\/02\/Screenshot-2022-02-21-175512-768x410.png 768w, https:\/\/www.asemer.ro\/wp-content\/uploads\/2022\/02\/Screenshot-2022-02-21-175512-720x385.png 720w\" sizes=\"auto, (max-width: 1018px) 100vw, 1018px\" \/><\/span><\/p>\n<ul>\n<li><span style=\"font-family: Roboto; font-size: 12pt; color: #000000;\">El crecimiento econ\u00f3mico para 2021 se anunci\u00f3 en un nivel de solo 5,6%, muy por debajo del pronosticado el oto\u00f1o pasado por CNSP (7%). La ca\u00edda econ\u00f3mica de 0,5 puntos porcentuales en el cuarto trimestre de 2021 en comparaci\u00f3n con el trimestre anterior sorprendi\u00f3 a todos, ya que la producci\u00f3n industrial y el comercio minorista iban en aumento. Si Rumania registra una disminuci\u00f3n en el primer trimestre a partir de 2022, el pa\u00eds entrar\u00e1 en una recesi\u00f3n t\u00e9cnica.<\/span><\/li>\n<li><span style=\"font-family: Roboto; font-size: 12pt; color: #000000;\">El Estado deber\u00e1 endeudarse el equivalente al 11% del PIB este a\u00f1o para financiar el d\u00e9ficit presupuestario y la renovaci\u00f3n de la deuda p\u00fablica.<\/span><\/li>\n<\/ul>\n<p><span style=\"font-family: Roboto; font-size: 12pt; color: #000000;\">El aumento de la necesidad de financiaci\u00f3n (un 7,7% respecto a 2021) se produce en un contexto de tipos de inter\u00e9s al alza, dado que Ruman\u00eda se endeuda a costes muy por encima de la media de la regi\u00f3n. De hecho, los tipos de inter\u00e9s de estos pr\u00e9stamos pesan cada vez m\u00e1s en el presupuesto p\u00fablico, marcando avances medios en torno al 20% en los \u00faltimos dos a\u00f1os.<\/span><\/p>\n<p><span style=\"font-family: Roboto; font-size: 12pt; color: #000000;\">En 2022, la necesidad bruta de financiaci\u00f3n a nivel gubernamental, respectivamente, el volumen total de pr\u00e9stamos que atraer\u00e1 el Ministerio de Hacienda en los mercados nacionales y extranjeros es de unos 145 400 millones de lei, con unos diez mil millones de lei por encima del nivel previsto para el a\u00f1o pasado. seg\u00fan el \u201cPrograma Indicativo de emisi\u00f3n de valores gubernamentales para el a\u00f1o 2022\u201d.<\/span><\/p>\n<ul>\n<li><span style=\"font-family: Roboto; font-size: 12pt; color: #000000;\">En febrero, la BNR decidi\u00f3 por unanimidad aumentar la tasa de inter\u00e9s de referencia en 0,5 puntos porcentuales, frente a un paso de 0,25 pp en reuniones anteriores, \u201ccon el fin de anclar las expectativas inflacionarias en el mediano plazo y evitar que el nivel general de los precios al consumidor se autosostenga (posiblemente a trav\u00e9s de una espiral de precios-salarios) sino tambi\u00e9n desde la perspectiva de la credibilidad del banco central\u201d. As\u00ed, el tipo de inter\u00e9s de referencia alcanz\u00f3 el 2,5% anual. y los rumanos que tienen pr\u00e9stamos en lei deben esperar tasas de inter\u00e9s m\u00e1s altas.<\/span><\/li>\n<li><span style=\"font-family: Roboto; font-size: 12pt; color: #000000;\">El tipo de cambio leu-euro se mantuvo relativamente estable en la \u00faltima parte de 2021, incluso frente a mayores aumentos en las tasas de inter\u00e9s clave por parte de los bancos centrales de la regi\u00f3n.<\/span><\/li>\n<\/ul>\n<p><span style=\"font-family: Roboto; font-size: 12pt; color: #000000;\">Sin embargo, los riesgos para el tipo de cambio del leu son elevados y tienen posibles implicaciones adversas para la inflaci\u00f3n y los indicadores de vulnerabilidad externa, advirtieron los miembros del Consejo, citando principalmente la tendencia a acentuar el desequilibrio externo y las incertidumbres asociadas con el proceso de consolidaci\u00f3n presupuestaria en el contexto. de la crisis energ\u00e9tica y la pandemia, y la probable aceleraci\u00f3n de la normalizaci\u00f3n de la pol\u00edtica monetaria por parte de la Fed, lo que podr\u00eda afectar el apetito global por el riesgo.<\/span><\/p>\n<ul>\n<li><span style=\"font-family: Roboto; font-size: 12pt; color: #000000;\">Los efectos de los esquemas temporales de compensaci\u00f3n y tope de precios de la energ\u00eda, as\u00ed como su evaluaci\u00f3n e inclusi\u00f3n en el c\u00e1lculo del IPC, contin\u00faan caracterizados por un alto grado de incertidumbre, aunque no se puede descartar una correcci\u00f3n a la baja en los precios de la energ\u00eda. la segunda mitad de este a\u00f1o y una mejora m\u00e1s marcada en la producci\u00f3n global y las cadenas de suministro, que ahora est\u00e1 en su infancia.<\/span><\/li>\n<li><span style=\"font-family: Roboto; font-size: 12pt; color: #000000;\">Si bien el impacto de la pandemia en la actividad econ\u00f3mica ha disminuido con el tiempo, la aplicaci\u00f3n continua de medidas para limitar la propagaci\u00f3n de la enfermedad y la escasez prolongada de personal podr\u00edan afectar la actividad econ\u00f3mica. Tambi\u00e9n podr\u00edan afectar el funcionamiento de las cadenas de suministro cr\u00edticas durante un per\u00edodo m\u00e1s prolongado de lo esperado.<\/span><\/li>\n<\/ul>\n<p><span style=\"font-family: Roboto; font-size: 12pt; color: #000000;\">La desaceleraci\u00f3n del crecimiento de la demanda en el futuro cercano puede ayudar a resolver los cuellos de botella en la oferta un poco antes de lo esperado.<\/span><\/p>\n<p><span style=\"font-family: Roboto; font-size: 12pt; color: #000000;\">La demanda de los hogares podr\u00eda crecer m\u00e1s r\u00e1pido de lo esperado, como ya sucedi\u00f3 con la reapertura de las econom\u00edas en 2020.<\/span><\/p>\n<ul>\n<li><span style=\"font-family: Roboto; color: #000000;\">Seg\u00fan este <a style=\"color: #000000;\" href=\"https:\/\/www.libertatea.ro\/stiri\/ce-efecte-economice-ar-putea-avea-razboiul-din-ucraina-asupra-romaniei-scenariile-lansate-de-analistii-consultati-de-libertatea-3997569\">art\u00edculo<\/a> en Libertatea.ro, las consecuencias a corto plazo de la Guerra de Ucrania en Rumania incluyen:<\/span><\/li>\n<\/ul>\n<ol>\n<li><span style=\"font-family: Roboto; color: #000000;\">el leu podr\u00eda caer frente al euro y al d\u00f3lar estadounidense<\/span><\/li>\n<li><span style=\"font-family: Roboto; color: #000000;\">el precio del gas subir\u00e1<\/span><\/li>\n<li><span style=\"font-family: Roboto; color: #000000;\">el precio del petroleo subir\u00e1<\/span><\/li>\n<li><span style=\"font-family: Roboto; color: #000000;\">el trigo se volver\u00e1 m\u00e1s caro porque Rusia es uno de los mayores exportadores del mundo.<\/span><\/li>\n<\/ol>\n<p><span class=\"VIiyi\" lang=\"es\" style=\"color: #000000; font-family: Roboto;\"><span class=\"JLqJ4b ChMk0b\" data-language-for-alternatives=\"es\" data-language-to-translate-into=\"ro\" data-phrase-index=\"0\" data-number-of-phrases=\"3\">A largo plazo, Ruman\u00eda podr\u00eda tener problemas con el suministro de gas para el pr\u00f3ximo invierno, la inflaci\u00f3n podr\u00eda ser mayor y el crecimiento econ\u00f3mico podr\u00eda ser menor, dicen analistas consultados por Libertatea.<\/span> <\/span><\/p>\n<p><span class=\"VIiyi\" lang=\"es\" style=\"color: #000000; font-family: Roboto;\"><span class=\"JLqJ4b ChMk0b\" data-language-for-alternatives=\"es\" data-language-to-translate-into=\"ro\" data-phrase-index=\"2\" data-number-of-phrases=\"3\">Lea m\u00e1s sobre el tema <a style=\"color: #000000;\" href=\"https:\/\/www.libertatea.ro\/stiri\/ce-efecte-economice-ar-putea-avea-razboiul-din-ucraina-asupra-romaniei-scenariile-lansate-de-analistii-consultati-de-libertatea-3997569\">aqu\u00ed<\/a>.<\/span> <\/span><\/p>\n<ul>\n<li><span style=\"font-family: Roboto; font-size: 12pt; color: #000000;\">El Consejo de la Organizaci\u00f3n para la Cooperaci\u00f3n y el Desarrollo Econ\u00f3micos (OCDE) decidi\u00f3, el 25 de enero de 2022, abrir negociaciones de adhesi\u00f3n con Ruman\u00eda.Esta es una noticia que Rumania ha estado esperando durante mucho tiempo, siendo, junto con Bulgaria y Croacia, el \u00fanico pa\u00eds de la regi\u00f3n que no forma parte de esta organizaci\u00f3n.<\/span><\/li>\n<\/ul>\n<p><span style=\"font-family: Roboto; font-size: 12pt; color: #000000;\">Para convertirse en miembro de la OCDE, un pa\u00eds debe cumplir una serie de criterios, y Ruman\u00eda actualmente se adhiere a seis de los ocho est\u00e1ndares requeridos:<img loading=\"lazy\" decoding=\"async\" class=\"size-medium wp-image-7127 alignright\" src=\"https:\/\/www.asemer.ro\/wp-content\/uploads\/2022\/02\/OECD-OCDE-Sursa-foto-Dreamstime-300x200.jpg\" alt=\"\" width=\"300\" height=\"200\" srcset=\"https:\/\/www.asemer.ro\/wp-content\/uploads\/2022\/02\/OECD-OCDE-Sursa-foto-Dreamstime-300x200.jpg 300w, https:\/\/www.asemer.ro\/wp-content\/uploads\/2022\/02\/OECD-OCDE-Sursa-foto-Dreamstime-1024x683.jpg 1024w, https:\/\/www.asemer.ro\/wp-content\/uploads\/2022\/02\/OECD-OCDE-Sursa-foto-Dreamstime-768x512.jpg 768w, https:\/\/www.asemer.ro\/wp-content\/uploads\/2022\/02\/OECD-OCDE-Sursa-foto-Dreamstime-391x260.jpg 391w, https:\/\/www.asemer.ro\/wp-content\/uploads\/2022\/02\/OECD-OCDE-Sursa-foto-Dreamstime-1536x1024.jpg 1536w, https:\/\/www.asemer.ro\/wp-content\/uploads\/2022\/02\/OECD-OCDE-Sursa-foto-Dreamstime-720x480.jpg 720w, https:\/\/www.asemer.ro\/wp-content\/uploads\/2022\/02\/OECD-OCDE-Sursa-foto-Dreamstime-272x182.jpg 272w, https:\/\/www.asemer.ro\/wp-content\/uploads\/2022\/02\/OECD-OCDE-Sursa-foto-Dreamstime.jpg 1620w\" sizes=\"auto, (max-width: 300px) 100vw, 300px\" \/><\/span><\/p>\n<ul>\n<li><span style=\"font-family: Roboto; font-size: 12pt; color: #000000;\">Declaraci\u00f3n de inversi\u00f3n;<\/span><\/li>\n<li><span style=\"font-family: Roboto; font-size: 12pt; color: #000000;\">Principios de gobierno corporativo;<\/span><\/li>\n<li><span style=\"font-family: Roboto; font-size: 12pt; color: #000000;\">Principios para la elaboraci\u00f3n de pol\u00edticas de Internet;<\/span><\/li>\n<li><span style=\"font-family: Roboto; font-size: 12pt; color: #000000;\">Recomendaci\u00f3n sobre buenas pr\u00e1cticas en estad\u00edstica;<\/span><\/li>\n<li><span style=\"font-family: Roboto; font-size: 12pt; color: #000000;\">El marco inclusivo de BEPS (Erosi\u00f3n de la base imponible y traslado de beneficios);<\/span><\/li>\n<li><span style=\"font-family: Roboto; font-size: 12pt; color: #000000;\">Foro Global sobre Transparencia e Intercambio de Informaci\u00f3n<\/span><\/li>\n<\/ul>\n<p><span style=\"font-family: Roboto; font-size: 12pt; color: #000000;\">y en los pr\u00f3ximos meses, Rumania iniciar\u00e1 actividades relacionadas con la adhesi\u00f3n a los C\u00f3digos de Liberalizaci\u00f3n. Ruman\u00eda tambi\u00e9n ha expresado ya su intenci\u00f3n de adherirse a la Convenci\u00f3n contra el Soborno.<\/span><\/p>\n<p><span style=\"font-family: Roboto; font-size: 12pt; color: #000000;\">Seg\u00fan Economedia.ro, la adhesi\u00f3n de Rumania a la OCDE trae varios beneficios importantes: acceso a los mejores an\u00e1lisis, estudios y buenas pr\u00e1cticas, lo que significa una oportunidad a\u00fan mejor para un r\u00e1pido desarrollo; unirse a la OCDE hace que el pa\u00eds se vea diferente de todas las instituciones financieras; mayor posicionamiento como destino de inversi\u00f3n, mejores condiciones de financiamiento; la oportunidad de participar en la elaboraci\u00f3n de pol\u00edticas fiscales y econ\u00f3micas con impacto global.<\/span><\/p>\n<p><span style=\"font-family: Roboto; font-size: 12pt; color: #000000;\"><strong>\u00a0<\/strong><\/span><\/p>\n<p><span style=\"font-family: Roboto; font-size: 12pt; color: #000000;\">Fuente de informaci\u00f3n:<\/span><\/p>\n<ul>\n<li><span style=\"font-family: Roboto; font-size: 10pt; color: #ff6600;\"><a style=\"color: #ff6600;\" href=\"https:\/\/ec.europa.eu\/info\/business-economy-euro\/economic-performance-and-forecasts\/economic-performance-country\/romania\/economic-forecast-romania_en\">https:\/\/ec.europa.eu\/info\/business-economy-euro\/economic-performance-and-forecasts\/economic-performance-country\/romania\/economic-forecast-romania_en<\/a><\/span><\/li>\n<li><span style=\"font-family: Roboto; font-size: 10pt; color: #ff6600;\"><a style=\"color: #ff6600;\" href=\"https:\/\/www.gds.ro\/Bani-afaceri\/finante\/2022-02-11\/previziuni-economice-de-iarna-ale-comisiei-europene-pentru-romania\/\">https:\/\/www.gds.ro\/Bani-afaceri\/finante\/2022-02-11\/previziuni-economice-de-iarna-ale-comisiei-europene-pentru-romania\/<\/a><\/span><\/li>\n<li><span style=\"font-family: Roboto; font-size: 10pt; color: #ff6600;\"><a style=\"color: #ff6600;\" href=\"https:\/\/cursdeguvernare.ro\/corectie-prognoza-crestere-economica-2022-cnsp.html\">https:\/\/cursdeguvernare.ro\/corectie-prognoza-crestere-economica-2022-cnsp.html<\/a><\/span><\/li>\n<li><span style=\"font-family: Roboto; font-size: 10pt; color: #ff6600;\"><a style=\"color: #ff6600;\" href=\"https:\/\/cursdeguvernare.ro\/risc-de-recesiune-tehnica-cresterea-pib-pe-2021-doar-56-in-estimarea-semnal.html\">https:\/\/cursdeguvernare.ro\/risc-de-recesiune-tehnica-cresterea-pib-pe-2021-doar-56-in-estimarea-semnal.html<\/a><\/span><\/li>\n<li><span style=\"font-family: Roboto; font-size: 10pt; color: #ff6600;\"><a style=\"color: #ff6600;\" href=\"https:\/\/cursdeguvernare.ro\/romania-va-imprumuta-cat-11-din-pib-in-2022-la-dobanzi-in-crestere.html?utm_source=newsletter&amp;utm_medium=email&amp;utm_content=Newsletter-930403-20220105&amp;utm_campaign=Circa+11%25+din+PIB&amp;nzm_re=524755616-9b5f2ad7fb38669a186aef1d4a915904-930403\">https:\/\/cursdeguvernare.ro\/romania-va-imprumuta-cat-11-din-pib-in-2022-la-dobanzi-in-crestere.html<\/a><\/span><\/li>\n<li><span style=\"font-family: Roboto; font-size: 10pt; color: #ff6600;\"><a style=\"color: #ff6600;\" href=\"https:\/\/romania.europalibera.org\/a\/crestere-robor-rate-banca\/31694929.html\">https:\/\/romania.europalibera.org\/a\/crestere-robor-rate-banca\/31694929.html<\/a><\/span><\/li>\n<li><span style=\"font-family: Roboto; font-size: 10pt; color: #ff6600;\"><a style=\"color: #ff6600;\" href=\"https:\/\/economie.hotnews.ro\/stiri-finante_banci-25314245-discutat-membrii-bnr-sedinta-politica-monetara-10-lucruri-retinut.htm\">https:\/\/economie.hotnews.ro\/stiri-finante_banci-25314245-discutat-membrii-bnr-sedinta-politica-monetara-10-lucruri-retinut.htm<\/a><\/span><\/li>\n<li><span style=\"font-size: 10pt; color: #ff6600;\"><a style=\"color: #ff6600;\" href=\"https:\/\/www.libertatea.ro\/stiri\/ce-efecte-economice-ar-putea-avea-razboiul-din-ucraina-asupra-romaniei-scenariile-lansate-de-analistii-consultati-de-libertatea-3997569\">https:\/\/www.libertatea.ro\/stiri\/ce-efecte-economice-ar-putea-avea-razboiul-din-ucraina-asupra-romaniei-scenariile-lansate-de-analistii-consultati-de-libertatea-3997569<\/a> <\/span><\/li>\n<li><span style=\"font-family: Roboto; font-size: 10pt; color: #ff6600;\"><a style=\"color: #ff6600;\" href=\"https:\/\/economedia.ro\/analysis-romanias-accession-to-the-oecd-a-success-20-years-overdue-what-benefits-it-will-bring-the-hard-work-is-just-beginning.html#.YhOtjZaxW5f\">https:\/\/economedia.ro\/analysis-romanias-accession-to-the-oecd-a-success-20-years-overdue-what-benefits-it-will-bring-the-hard-work-is-just-beginning.html<\/a><\/span><\/li>\n<li><span style=\"font-family: Roboto; font-size: 10pt; color: #ff6600;\"><a style=\"color: #ff6600;\" href=\"https:\/\/cursdeguvernare.ro\/aderarea-la-ocde-implicatii-asupra-reglementarilor-fiscale-internationale-preluate-de-romania.html?utm_source=newsletter&amp;utm_medium=email&amp;utm_content=Newsletter-937638-20220207&amp;utm_campaign=Creditare+record+a+economiei+%C3%AEn+2021+-+garan%C8%9Biile+de+stat+au+%C3%AEmpins+%C3%AEnainte+companiile+mici&amp;nzm_re=524755616-37a6e1d83f198428acf13be19e205612-937638\">https:\/\/cursdeguvernare.ro\/aderarea-la-ocde-implicatii-asupra-reglementarilor-fiscale-internationale-preluate-de-romania.html<\/a><\/span><\/li>\n<\/ul>\n","protected":false},"excerpt":{"rendered":"<p>2022 promete ser un a\u00f1o dif\u00edcil para Rumania, que no solo debe salir bien de la pandemia y curar sus [&hellip;]<\/p>\n","protected":false},"author":3,"featured_media":0,"comment_status":"open","ping_status":"open","sticky":false,"template":"","format":"standard","meta":{"footnotes":""},"categories":[4,6,7],"tags":[175,222,52],"class_list":["post-7123","post","type-post","status-publish","format-standard","hentry","category-noticias","category-stiri","category-web","tag-economia","tag-perspectivas","tag-rumania"],"yoast_head":"<!-- This site is optimized with the Yoast SEO plugin v27.5 - https:\/\/yoast.com\/product\/yoast-seo-wordpress\/ -->\n<title>LAS PERSPECTIVAS DE RUMAN\u00cdA EN 2022 - ASEMER<\/title>\n<meta name=\"description\" content=\"2022 promete ser un a\u00f1o dif\u00edcil para Rumania, que no solo debe salir bien de la pandemia y curar sus heridas causadas por la p\u00e9rdida de vidas, sino que debe enfrentar el aumento de las facturas de electricidad y gas, alta inflaci\u00f3n, el aumento de la deuda p\u00fablica, precios crecientes, inestabilidad pol\u00edtica y diplom\u00e1tica \u2013 para enumerar algunos aspectos importantes a considerar en un futuro pr\u00f3ximo.\" \/>\n<meta name=\"robots\" content=\"index, follow, max-snippet:-1, max-image-preview:large, max-video-preview:-1\" \/>\n<link rel=\"canonical\" href=\"https:\/\/www.asemer.ro\/index.php\/2022\/02\/25\/las-perspectivas-de-rumania-en-2022\/\" \/>\n<meta property=\"og:locale\" content=\"es_ES\" \/>\n<meta property=\"og:type\" content=\"article\" \/>\n<meta property=\"og:title\" content=\"LAS PERSPECTIVAS DE RUMAN\u00cdA EN 2022 - ASEMER\" \/>\n<meta property=\"og:description\" content=\"2022 promete ser un a\u00f1o dif\u00edcil para Rumania, que no solo debe salir bien de la pandemia y curar sus heridas causadas por la p\u00e9rdida de vidas, sino que debe enfrentar el aumento de las facturas de electricidad y gas, alta inflaci\u00f3n, el aumento de la deuda p\u00fablica, precios crecientes, inestabilidad pol\u00edtica y diplom\u00e1tica \u2013 para enumerar algunos aspectos importantes a considerar en un futuro pr\u00f3ximo.\" \/>\n<meta property=\"og:url\" content=\"https:\/\/www.asemer.ro\/index.php\/2022\/02\/25\/las-perspectivas-de-rumania-en-2022\/\" \/>\n<meta property=\"og:site_name\" content=\"ASEMER\" \/>\n<meta property=\"article:publisher\" content=\"https:\/\/www.facebook.com\/asociacionasemer\" \/>\n<meta property=\"article:published_time\" content=\"2022-02-25T13:55:00+00:00\" \/>\n<meta property=\"article:modified_time\" content=\"2022-02-28T15:38:44+00:00\" \/>\n<meta property=\"og:image\" content=\"https:\/\/www.asemer.ro\/wp-content\/uploads\/2022\/02\/2022-tendinte-on.png\" \/>\n<meta name=\"author\" content=\"Admin Asemer\" \/>\n<meta name=\"twitter:card\" content=\"summary_large_image\" \/>\n<meta name=\"twitter:creator\" content=\"@asemer_rumania\" \/>\n<meta name=\"twitter:site\" content=\"@asemer_rumania\" \/>\n<meta name=\"twitter:label1\" content=\"Escrito por\" \/>\n\t<meta name=\"twitter:data1\" content=\"Admin Asemer\" \/>\n\t<meta name=\"twitter:label2\" content=\"Tiempo de lectura\" \/>\n\t<meta name=\"twitter:data2\" content=\"8 minutos\" \/>\n<script type=\"application\/ld+json\" class=\"yoast-schema-graph\">{\"@context\":\"https:\\\/\\\/schema.org\",\"@graph\":[{\"@type\":\"Article\",\"@id\":\"https:\\\/\\\/www.asemer.ro\\\/index.php\\\/2022\\\/02\\\/25\\\/las-perspectivas-de-rumania-en-2022\\\/#article\",\"isPartOf\":{\"@id\":\"https:\\\/\\\/www.asemer.ro\\\/index.php\\\/2022\\\/02\\\/25\\\/las-perspectivas-de-rumania-en-2022\\\/\"},\"author\":{\"name\":\"Admin Asemer\",\"@id\":\"https:\\\/\\\/www.asemer.ro\\\/#\\\/schema\\\/person\\\/36de47e444c0f1a7b737a035d40519f9\"},\"headline\":\"LAS PERSPECTIVAS DE RUMAN\u00cdA EN 2022\",\"datePublished\":\"2022-02-25T13:55:00+00:00\",\"dateModified\":\"2022-02-28T15:38:44+00:00\",\"mainEntityOfPage\":{\"@id\":\"https:\\\/\\\/www.asemer.ro\\\/index.php\\\/2022\\\/02\\\/25\\\/las-perspectivas-de-rumania-en-2022\\\/\"},\"wordCount\":1733,\"commentCount\":0,\"publisher\":{\"@id\":\"https:\\\/\\\/www.asemer.ro\\\/#organization\"},\"image\":{\"@id\":\"https:\\\/\\\/www.asemer.ro\\\/index.php\\\/2022\\\/02\\\/25\\\/las-perspectivas-de-rumania-en-2022\\\/#primaryimage\"},\"thumbnailUrl\":\"https:\\\/\\\/www.asemer.ro\\\/wp-content\\\/uploads\\\/2022\\\/02\\\/2022-tendinte-on.png\",\"keywords\":[\"econom\u00eda\",\"perspectivas\",\"rumania\"],\"articleSection\":[\"Noticias\",\"\u0218tiri\",\"Web\"],\"inLanguage\":\"es\",\"potentialAction\":[{\"@type\":\"CommentAction\",\"name\":\"Comment\",\"target\":[\"https:\\\/\\\/www.asemer.ro\\\/index.php\\\/2022\\\/02\\\/25\\\/las-perspectivas-de-rumania-en-2022\\\/#respond\"]}]},{\"@type\":\"WebPage\",\"@id\":\"https:\\\/\\\/www.asemer.ro\\\/index.php\\\/2022\\\/02\\\/25\\\/las-perspectivas-de-rumania-en-2022\\\/\",\"url\":\"https:\\\/\\\/www.asemer.ro\\\/index.php\\\/2022\\\/02\\\/25\\\/las-perspectivas-de-rumania-en-2022\\\/\",\"name\":\"LAS PERSPECTIVAS DE RUMAN\u00cdA EN 2022 - ASEMER\",\"isPartOf\":{\"@id\":\"https:\\\/\\\/www.asemer.ro\\\/#website\"},\"primaryImageOfPage\":{\"@id\":\"https:\\\/\\\/www.asemer.ro\\\/index.php\\\/2022\\\/02\\\/25\\\/las-perspectivas-de-rumania-en-2022\\\/#primaryimage\"},\"image\":{\"@id\":\"https:\\\/\\\/www.asemer.ro\\\/index.php\\\/2022\\\/02\\\/25\\\/las-perspectivas-de-rumania-en-2022\\\/#primaryimage\"},\"thumbnailUrl\":\"https:\\\/\\\/www.asemer.ro\\\/wp-content\\\/uploads\\\/2022\\\/02\\\/2022-tendinte-on.png\",\"datePublished\":\"2022-02-25T13:55:00+00:00\",\"dateModified\":\"2022-02-28T15:38:44+00:00\",\"description\":\"2022 promete ser un a\u00f1o dif\u00edcil para Rumania, que no solo debe salir bien de la pandemia y curar sus heridas causadas por la p\u00e9rdida de vidas, sino que debe enfrentar el aumento de las facturas de electricidad y gas, alta inflaci\u00f3n, el aumento de la deuda p\u00fablica, precios crecientes, inestabilidad pol\u00edtica y diplom\u00e1tica \u2013 para enumerar algunos aspectos importantes a considerar en un futuro pr\u00f3ximo.\",\"breadcrumb\":{\"@id\":\"https:\\\/\\\/www.asemer.ro\\\/index.php\\\/2022\\\/02\\\/25\\\/las-perspectivas-de-rumania-en-2022\\\/#breadcrumb\"},\"inLanguage\":\"es\",\"potentialAction\":[{\"@type\":\"ReadAction\",\"target\":[\"https:\\\/\\\/www.asemer.ro\\\/index.php\\\/2022\\\/02\\\/25\\\/las-perspectivas-de-rumania-en-2022\\\/\"]}]},{\"@type\":\"ImageObject\",\"inLanguage\":\"es\",\"@id\":\"https:\\\/\\\/www.asemer.ro\\\/index.php\\\/2022\\\/02\\\/25\\\/las-perspectivas-de-rumania-en-2022\\\/#primaryimage\",\"url\":\"https:\\\/\\\/www.asemer.ro\\\/wp-content\\\/uploads\\\/2022\\\/02\\\/2022-tendinte-on.png\",\"contentUrl\":\"https:\\\/\\\/www.asemer.ro\\\/wp-content\\\/uploads\\\/2022\\\/02\\\/2022-tendinte-on.png\",\"width\":800,\"height\":451},{\"@type\":\"BreadcrumbList\",\"@id\":\"https:\\\/\\\/www.asemer.ro\\\/index.php\\\/2022\\\/02\\\/25\\\/las-perspectivas-de-rumania-en-2022\\\/#breadcrumb\",\"itemListElement\":[{\"@type\":\"ListItem\",\"position\":1,\"name\":\"Home\",\"item\":\"https:\\\/\\\/www.asemer.ro\\\/\"},{\"@type\":\"ListItem\",\"position\":2,\"name\":\"LAS PERSPECTIVAS DE RUMAN\u00cdA EN 2022\"}]},{\"@type\":\"WebSite\",\"@id\":\"https:\\\/\\\/www.asemer.ro\\\/#website\",\"url\":\"https:\\\/\\\/www.asemer.ro\\\/\",\"name\":\"ASEMER\",\"description\":\"Asociaci\u00f3n de Empresas Espa\u00f1olas en Ruman\u00eda\",\"publisher\":{\"@id\":\"https:\\\/\\\/www.asemer.ro\\\/#organization\"},\"potentialAction\":[{\"@type\":\"SearchAction\",\"target\":{\"@type\":\"EntryPoint\",\"urlTemplate\":\"https:\\\/\\\/www.asemer.ro\\\/?s={search_term_string}\"},\"query-input\":{\"@type\":\"PropertyValueSpecification\",\"valueRequired\":true,\"valueName\":\"search_term_string\"}}],\"inLanguage\":\"es\"},{\"@type\":\"Organization\",\"@id\":\"https:\\\/\\\/www.asemer.ro\\\/#organization\",\"name\":\"ASEMER\",\"url\":\"https:\\\/\\\/www.asemer.ro\\\/\",\"logo\":{\"@type\":\"ImageObject\",\"inLanguage\":\"es\",\"@id\":\"https:\\\/\\\/www.asemer.ro\\\/#\\\/schema\\\/logo\\\/image\\\/\",\"url\":\"https:\\\/\\\/www.asemer.ro\\\/wp-content\\\/uploads\\\/2020\\\/12\\\/logo-ASEMER-scaled.jpg\",\"contentUrl\":\"https:\\\/\\\/www.asemer.ro\\\/wp-content\\\/uploads\\\/2020\\\/12\\\/logo-ASEMER-scaled.jpg\",\"width\":2560,\"height\":849,\"caption\":\"ASEMER\"},\"image\":{\"@id\":\"https:\\\/\\\/www.asemer.ro\\\/#\\\/schema\\\/logo\\\/image\\\/\"},\"sameAs\":[\"https:\\\/\\\/www.facebook.com\\\/asociacionasemer\",\"https:\\\/\\\/x.com\\\/asemer_rumania\",\"https:\\\/\\\/ro.linkedin.com\\\/in\\\/asemer-asociaci\u00f3n-empresas-espa\u00f1olas-en-ruman\u00eda-724772a6?trk=author_mini-profile_title\",\"https:\\\/\\\/www.youtube.com\\\/channel\\\/UC73m8-BDsg857OL0Ogv5aQA\\\/videos\"]},{\"@type\":\"Person\",\"@id\":\"https:\\\/\\\/www.asemer.ro\\\/#\\\/schema\\\/person\\\/36de47e444c0f1a7b737a035d40519f9\",\"name\":\"Admin Asemer\",\"image\":{\"@type\":\"ImageObject\",\"inLanguage\":\"es\",\"@id\":\"https:\\\/\\\/secure.gravatar.com\\\/avatar\\\/b64873d65b5be684e01a001c464789c445a7279ef3f177f5fbff5d83eb373299?s=96&d=mm&r=g\",\"url\":\"https:\\\/\\\/secure.gravatar.com\\\/avatar\\\/b64873d65b5be684e01a001c464789c445a7279ef3f177f5fbff5d83eb373299?s=96&d=mm&r=g\",\"contentUrl\":\"https:\\\/\\\/secure.gravatar.com\\\/avatar\\\/b64873d65b5be684e01a001c464789c445a7279ef3f177f5fbff5d83eb373299?s=96&d=mm&r=g\",\"caption\":\"Admin Asemer\"},\"url\":\"https:\\\/\\\/www.asemer.ro\\\/index.php\\\/author\\\/admin\\\/\"}]}<\/script>\n<!-- \/ Yoast SEO plugin. -->","yoast_head_json":{"title":"LAS PERSPECTIVAS DE RUMAN\u00cdA EN 2022 - ASEMER","description":"2022 promete ser un a\u00f1o dif\u00edcil para Rumania, que no solo debe salir bien de la pandemia y curar sus heridas causadas por la p\u00e9rdida de vidas, sino que debe enfrentar el aumento de las facturas de electricidad y gas, alta inflaci\u00f3n, el aumento de la deuda p\u00fablica, precios crecientes, inestabilidad pol\u00edtica y diplom\u00e1tica \u2013 para enumerar algunos aspectos importantes a considerar en un futuro pr\u00f3ximo.","robots":{"index":"index","follow":"follow","max-snippet":"max-snippet:-1","max-image-preview":"max-image-preview:large","max-video-preview":"max-video-preview:-1"},"canonical":"https:\/\/www.asemer.ro\/index.php\/2022\/02\/25\/las-perspectivas-de-rumania-en-2022\/","og_locale":"es_ES","og_type":"article","og_title":"LAS PERSPECTIVAS DE RUMAN\u00cdA EN 2022 - ASEMER","og_description":"2022 promete ser un a\u00f1o dif\u00edcil para Rumania, que no solo debe salir bien de la pandemia y curar sus heridas causadas por la p\u00e9rdida de vidas, sino que debe enfrentar el aumento de las facturas de electricidad y gas, alta inflaci\u00f3n, el aumento de la deuda p\u00fablica, precios crecientes, inestabilidad pol\u00edtica y diplom\u00e1tica \u2013 para enumerar algunos aspectos importantes a considerar en un futuro pr\u00f3ximo.","og_url":"https:\/\/www.asemer.ro\/index.php\/2022\/02\/25\/las-perspectivas-de-rumania-en-2022\/","og_site_name":"ASEMER","article_publisher":"https:\/\/www.facebook.com\/asociacionasemer","article_published_time":"2022-02-25T13:55:00+00:00","article_modified_time":"2022-02-28T15:38:44+00:00","og_image":[{"url":"https:\/\/www.asemer.ro\/wp-content\/uploads\/2022\/02\/2022-tendinte-on.png","type":"","width":"","height":""}],"author":"Admin Asemer","twitter_card":"summary_large_image","twitter_creator":"@asemer_rumania","twitter_site":"@asemer_rumania","twitter_misc":{"Escrito por":"Admin Asemer","Tiempo de lectura":"8 minutos"},"schema":{"@context":"https:\/\/schema.org","@graph":[{"@type":"Article","@id":"https:\/\/www.asemer.ro\/index.php\/2022\/02\/25\/las-perspectivas-de-rumania-en-2022\/#article","isPartOf":{"@id":"https:\/\/www.asemer.ro\/index.php\/2022\/02\/25\/las-perspectivas-de-rumania-en-2022\/"},"author":{"name":"Admin Asemer","@id":"https:\/\/www.asemer.ro\/#\/schema\/person\/36de47e444c0f1a7b737a035d40519f9"},"headline":"LAS PERSPECTIVAS DE RUMAN\u00cdA EN 2022","datePublished":"2022-02-25T13:55:00+00:00","dateModified":"2022-02-28T15:38:44+00:00","mainEntityOfPage":{"@id":"https:\/\/www.asemer.ro\/index.php\/2022\/02\/25\/las-perspectivas-de-rumania-en-2022\/"},"wordCount":1733,"commentCount":0,"publisher":{"@id":"https:\/\/www.asemer.ro\/#organization"},"image":{"@id":"https:\/\/www.asemer.ro\/index.php\/2022\/02\/25\/las-perspectivas-de-rumania-en-2022\/#primaryimage"},"thumbnailUrl":"https:\/\/www.asemer.ro\/wp-content\/uploads\/2022\/02\/2022-tendinte-on.png","keywords":["econom\u00eda","perspectivas","rumania"],"articleSection":["Noticias","\u0218tiri","Web"],"inLanguage":"es","potentialAction":[{"@type":"CommentAction","name":"Comment","target":["https:\/\/www.asemer.ro\/index.php\/2022\/02\/25\/las-perspectivas-de-rumania-en-2022\/#respond"]}]},{"@type":"WebPage","@id":"https:\/\/www.asemer.ro\/index.php\/2022\/02\/25\/las-perspectivas-de-rumania-en-2022\/","url":"https:\/\/www.asemer.ro\/index.php\/2022\/02\/25\/las-perspectivas-de-rumania-en-2022\/","name":"LAS PERSPECTIVAS DE RUMAN\u00cdA EN 2022 - ASEMER","isPartOf":{"@id":"https:\/\/www.asemer.ro\/#website"},"primaryImageOfPage":{"@id":"https:\/\/www.asemer.ro\/index.php\/2022\/02\/25\/las-perspectivas-de-rumania-en-2022\/#primaryimage"},"image":{"@id":"https:\/\/www.asemer.ro\/index.php\/2022\/02\/25\/las-perspectivas-de-rumania-en-2022\/#primaryimage"},"thumbnailUrl":"https:\/\/www.asemer.ro\/wp-content\/uploads\/2022\/02\/2022-tendinte-on.png","datePublished":"2022-02-25T13:55:00+00:00","dateModified":"2022-02-28T15:38:44+00:00","description":"2022 promete ser un a\u00f1o dif\u00edcil para Rumania, que no solo debe salir bien de la pandemia y curar sus heridas causadas por la p\u00e9rdida de vidas, sino que debe enfrentar el aumento de las facturas de electricidad y gas, alta inflaci\u00f3n, el aumento de la deuda p\u00fablica, precios crecientes, inestabilidad pol\u00edtica y diplom\u00e1tica \u2013 para enumerar algunos aspectos importantes a considerar en un futuro pr\u00f3ximo.","breadcrumb":{"@id":"https:\/\/www.asemer.ro\/index.php\/2022\/02\/25\/las-perspectivas-de-rumania-en-2022\/#breadcrumb"},"inLanguage":"es","potentialAction":[{"@type":"ReadAction","target":["https:\/\/www.asemer.ro\/index.php\/2022\/02\/25\/las-perspectivas-de-rumania-en-2022\/"]}]},{"@type":"ImageObject","inLanguage":"es","@id":"https:\/\/www.asemer.ro\/index.php\/2022\/02\/25\/las-perspectivas-de-rumania-en-2022\/#primaryimage","url":"https:\/\/www.asemer.ro\/wp-content\/uploads\/2022\/02\/2022-tendinte-on.png","contentUrl":"https:\/\/www.asemer.ro\/wp-content\/uploads\/2022\/02\/2022-tendinte-on.png","width":800,"height":451},{"@type":"BreadcrumbList","@id":"https:\/\/www.asemer.ro\/index.php\/2022\/02\/25\/las-perspectivas-de-rumania-en-2022\/#breadcrumb","itemListElement":[{"@type":"ListItem","position":1,"name":"Home","item":"https:\/\/www.asemer.ro\/"},{"@type":"ListItem","position":2,"name":"LAS PERSPECTIVAS DE RUMAN\u00cdA EN 2022"}]},{"@type":"WebSite","@id":"https:\/\/www.asemer.ro\/#website","url":"https:\/\/www.asemer.ro\/","name":"ASEMER","description":"Asociaci\u00f3n de Empresas Espa\u00f1olas en Ruman\u00eda","publisher":{"@id":"https:\/\/www.asemer.ro\/#organization"},"potentialAction":[{"@type":"SearchAction","target":{"@type":"EntryPoint","urlTemplate":"https:\/\/www.asemer.ro\/?s={search_term_string}"},"query-input":{"@type":"PropertyValueSpecification","valueRequired":true,"valueName":"search_term_string"}}],"inLanguage":"es"},{"@type":"Organization","@id":"https:\/\/www.asemer.ro\/#organization","name":"ASEMER","url":"https:\/\/www.asemer.ro\/","logo":{"@type":"ImageObject","inLanguage":"es","@id":"https:\/\/www.asemer.ro\/#\/schema\/logo\/image\/","url":"https:\/\/www.asemer.ro\/wp-content\/uploads\/2020\/12\/logo-ASEMER-scaled.jpg","contentUrl":"https:\/\/www.asemer.ro\/wp-content\/uploads\/2020\/12\/logo-ASEMER-scaled.jpg","width":2560,"height":849,"caption":"ASEMER"},"image":{"@id":"https:\/\/www.asemer.ro\/#\/schema\/logo\/image\/"},"sameAs":["https:\/\/www.facebook.com\/asociacionasemer","https:\/\/x.com\/asemer_rumania","https:\/\/ro.linkedin.com\/in\/asemer-asociaci\u00f3n-empresas-espa\u00f1olas-en-ruman\u00eda-724772a6?trk=author_mini-profile_title","https:\/\/www.youtube.com\/channel\/UC73m8-BDsg857OL0Ogv5aQA\/videos"]},{"@type":"Person","@id":"https:\/\/www.asemer.ro\/#\/schema\/person\/36de47e444c0f1a7b737a035d40519f9","name":"Admin Asemer","image":{"@type":"ImageObject","inLanguage":"es","@id":"https:\/\/secure.gravatar.com\/avatar\/b64873d65b5be684e01a001c464789c445a7279ef3f177f5fbff5d83eb373299?s=96&d=mm&r=g","url":"https:\/\/secure.gravatar.com\/avatar\/b64873d65b5be684e01a001c464789c445a7279ef3f177f5fbff5d83eb373299?s=96&d=mm&r=g","contentUrl":"https:\/\/secure.gravatar.com\/avatar\/b64873d65b5be684e01a001c464789c445a7279ef3f177f5fbff5d83eb373299?s=96&d=mm&r=g","caption":"Admin Asemer"},"url":"https:\/\/www.asemer.ro\/index.php\/author\/admin\/"}]}},"_links":{"self":[{"href":"https:\/\/www.asemer.ro\/index.php\/wp-json\/wp\/v2\/posts\/7123","targetHints":{"allow":["GET"]}}],"collection":[{"href":"https:\/\/www.asemer.ro\/index.php\/wp-json\/wp\/v2\/posts"}],"about":[{"href":"https:\/\/www.asemer.ro\/index.php\/wp-json\/wp\/v2\/types\/post"}],"author":[{"embeddable":true,"href":"https:\/\/www.asemer.ro\/index.php\/wp-json\/wp\/v2\/users\/3"}],"replies":[{"embeddable":true,"href":"https:\/\/www.asemer.ro\/index.php\/wp-json\/wp\/v2\/comments?post=7123"}],"version-history":[{"count":6,"href":"https:\/\/www.asemer.ro\/index.php\/wp-json\/wp\/v2\/posts\/7123\/revisions"}],"predecessor-version":[{"id":7217,"href":"https:\/\/www.asemer.ro\/index.php\/wp-json\/wp\/v2\/posts\/7123\/revisions\/7217"}],"wp:attachment":[{"href":"https:\/\/www.asemer.ro\/index.php\/wp-json\/wp\/v2\/media?parent=7123"}],"wp:term":[{"taxonomy":"category","embeddable":true,"href":"https:\/\/www.asemer.ro\/index.php\/wp-json\/wp\/v2\/categories?post=7123"},{"taxonomy":"post_tag","embeddable":true,"href":"https:\/\/www.asemer.ro\/index.php\/wp-json\/wp\/v2\/tags?post=7123"}],"curies":[{"name":"wp","href":"https:\/\/api.w.org\/{rel}","templated":true}]}}