{"id":7239,"date":"2022-03-31T10:53:17","date_gmt":"2022-03-31T08:53:17","guid":{"rendered":"https:\/\/www.asemer.ro\/?p=7239"},"modified":"2022-03-31T11:18:58","modified_gmt":"2022-03-31T09:18:58","slug":"periodico-el-rumano-y-radio-romanul","status":"publish","type":"post","link":"https:\/\/www.asemer.ro\/index.php\/2022\/03\/31\/periodico-el-rumano-y-radio-romanul\/","title":{"rendered":"TEIAMEDIA S.L. &#8211; Peri\u00f3dico \u201cEl Rumano\u201d y Radio Rom\u00e2nul"},"content":{"rendered":"<p><span style=\"color: #000000;\"><strong><img loading=\"lazy\" decoding=\"async\" class=\"alignleft  wp-image-7240\" src=\"https:\/\/www.asemer.ro\/wp-content\/uploads\/2022\/03\/241993551_236056965196615_5461771398209025436_n-300x300.png\" alt=\"\" width=\"142\" height=\"142\" srcset=\"https:\/\/www.asemer.ro\/wp-content\/uploads\/2022\/03\/241993551_236056965196615_5461771398209025436_n-300x300.png 300w, https:\/\/www.asemer.ro\/wp-content\/uploads\/2022\/03\/241993551_236056965196615_5461771398209025436_n-150x150.png 150w, https:\/\/www.asemer.ro\/wp-content\/uploads\/2022\/03\/241993551_236056965196615_5461771398209025436_n-768x768.png 768w, https:\/\/www.asemer.ro\/wp-content\/uploads\/2022\/03\/241993551_236056965196615_5461771398209025436_n-720x720.png 720w, https:\/\/www.asemer.ro\/wp-content\/uploads\/2022\/03\/241993551_236056965196615_5461771398209025436_n-360x360.png 360w, https:\/\/www.asemer.ro\/wp-content\/uploads\/2022\/03\/241993551_236056965196615_5461771398209025436_n.png 857w\" sizes=\"auto, (max-width: 142px) 100vw, 142px\" \/>TEIAMEDIA S.L.<\/strong> es una empresa cuya actividad principal es la gesti\u00f3n de medios de comunicaci\u00f3n dirigidos a los rumanos en Espa\u00f1a: peri\u00f3dico \u201cEl Rumano\u201d y Radio Rom\u00e2nul. \u00a0El trabajo de TeiaMedia consiste en realizar programas de radio, editar y publicar el peri\u00f3dico, administrar p\u00e1ginas web y redes sociales: Facebook, Twitter, Instagram, Youtube y p\u00e1ginas web &#8211; <a style=\"color: #000000;\" href=\"http:\/\/www.radioromanul.es\">www.radioromanul.es<\/a> \u00a0y <a style=\"color: #000000;\" href=\"http:\/\/www.periodicoelrumano.es\">www.periodicoelrumano.es<\/a>.<\/span><\/p>\n<p><span style=\"color: #000000;\">\u201c<em>Contamos con m\u00e1s de 12 a\u00f1os de experiencia en el mercado espa\u00f1ol, tiempo durante el cual nos hemos ganado la confianza y la atenci\u00f3n de los oyentes y lectores, consolidando nuestra posici\u00f3n como grupo de comunicaci\u00f3n de referencia tanto para los espa\u00f1oles como para la comunidad rumana en Espa\u00f1a<\/em>\u201d, nos dice los representantes de la empresa.<\/span><\/p>\n<p><span style=\"color: #000000;\">El peri\u00f3dico <strong>\u201cEl Rumano\u201d <\/strong>es un peri\u00f3dico rumano en Espa\u00f1a y un canal de comunicaci\u00f3n s\u00f3lido y fiable dedicado a los rumanos en Espa\u00f1a y en todas partes, uniendo a su alrededor una de las mayores comunidades de rumanos en el extranjero, m\u00e1s de 1 mill\u00f3n de rumanos en Espa\u00f1a.<img loading=\"lazy\" decoding=\"async\" class=\" wp-image-7047 alignright\" src=\"https:\/\/www.asemer.ro\/wp-content\/uploads\/2022\/01\/50946034_2501950236698953_6526618889818734592_n-300x300.png\" alt=\"\" width=\"185\" height=\"185\" srcset=\"https:\/\/www.asemer.ro\/wp-content\/uploads\/2022\/01\/50946034_2501950236698953_6526618889818734592_n-300x300.png 300w, https:\/\/www.asemer.ro\/wp-content\/uploads\/2022\/01\/50946034_2501950236698953_6526618889818734592_n-150x150.png 150w, https:\/\/www.asemer.ro\/wp-content\/uploads\/2022\/01\/50946034_2501950236698953_6526618889818734592_n-360x360.png 360w, https:\/\/www.asemer.ro\/wp-content\/uploads\/2022\/01\/50946034_2501950236698953_6526618889818734592_n.png 379w\" sizes=\"auto, (max-width: 185px) 100vw, 185px\" \/><\/span><\/p>\n<p><span style=\"color: #000000;\">El peri\u00f3dico El Rumano ofrece a su p\u00fablico, desde m\u00e1s de 12 a\u00f1os, noticias de \u00faltima hora de Espa\u00f1a, Ruman\u00eda y del mundo, noticias sobre los rumanos en Espa\u00f1a, entrevistas, comunicados. La informaci\u00f3n es transmitida en formato digital a trav\u00e9s de la pagina web y de Facebook del peri\u00f3dico.<\/span><\/p>\n<p><span style=\"color: #000000;\">El peri\u00f3dico \u201cEl Rumano\u201d tiene como principal objetivo \u201c<em>la preservaci\u00f3n de la identidad cultural y ling\u00fc\u00edstica, la preservaci\u00f3n y transmisi\u00f3n de la cultura rumana, as\u00ed como la informaci\u00f3n correcta y objetiva de los ciudadanos rumanos en Espa\u00f1a en la sociedad espa\u00f1ola<\/em>.\u201d<\/span><\/p>\n<p><span style=\"color: #000000;\"><strong>\u201cRadio Rom\u00e2nul\u201d<\/strong> es la primera y la \u00fanica emisora de radio rumana en Espa\u00f1a, que puede ser escuchado en el 107.7 FM en el Corredor del Henares (Madrid). Radio Rom\u00e2nul cuenta con m\u00e1s de 200.000 oyentes desde el a\u00f1o 2010 y ofrece las \u00faltimas noticias, m\u00fasica rumana e informaci\u00f3n \u00fatil para los rumanos en Espa\u00f1a.<\/span><\/p>\n<p><span style=\"color: #000000;\"><img loading=\"lazy\" decoding=\"async\" class=\"alignleft  wp-image-7048\" src=\"https:\/\/www.asemer.ro\/wp-content\/uploads\/2022\/01\/76706704_2811542835536851_5356002326110797824_n-300x300.png\" alt=\"\" width=\"158\" height=\"158\" srcset=\"https:\/\/www.asemer.ro\/wp-content\/uploads\/2022\/01\/76706704_2811542835536851_5356002326110797824_n-300x300.png 300w, https:\/\/www.asemer.ro\/wp-content\/uploads\/2022\/01\/76706704_2811542835536851_5356002326110797824_n-1024x1024.png 1024w, https:\/\/www.asemer.ro\/wp-content\/uploads\/2022\/01\/76706704_2811542835536851_5356002326110797824_n-150x150.png 150w, https:\/\/www.asemer.ro\/wp-content\/uploads\/2022\/01\/76706704_2811542835536851_5356002326110797824_n-768x768.png 768w, https:\/\/www.asemer.ro\/wp-content\/uploads\/2022\/01\/76706704_2811542835536851_5356002326110797824_n-720x720.png 720w, https:\/\/www.asemer.ro\/wp-content\/uploads\/2022\/01\/76706704_2811542835536851_5356002326110797824_n-360x360.png 360w, https:\/\/www.asemer.ro\/wp-content\/uploads\/2022\/01\/76706704_2811542835536851_5356002326110797824_n.png 1151w\" sizes=\"auto, (max-width: 158px) 100vw, 158px\" \/>Online se puede escuchar a trav\u00e9s de la aplicaci\u00f3n gratuita para sistemas Android (radioromanul), accesible gratuitamente desde Appstore y Google Play, a trav\u00e9s de la cual Radio Rom\u00e2nul tambi\u00e9n se dirige a los usuarios j\u00f3venes; o en Internet, desde su p\u00e1gina web o desde su p\u00e1gina de Facebook.<\/span><\/p>\n<p><span style=\"color: #000000;\">El objetivo de Radio Rom\u00e2nul es de crear un punto de comunicaci\u00f3n e informaci\u00f3n para los rumanos en Espa\u00f1a, en Rumania y en todo el mundo. Pero su objetivo principal es de \u201c<em>preservar y transmitir la identidad cultural y ling\u00fc\u00edstica rumana, as\u00ed como la informaci\u00f3n correcta y objetiva a los ciudadanos rumanos de Espa\u00f1a, Comunidad de Madrid y Guadalajara, con el fin de apoyar su integraci\u00f3n en la sociedad espa\u00f1ola.<\/em>\u201d<\/span><\/p>\n<p><span style=\"color: #000000;\">Es importante notar que, a trav\u00e9s de los medios de comunicaci\u00f3n, la informaci\u00f3n del peri\u00f3dico y del radio llega a todas las comunidades aut\u00f3nomas de Espa\u00f1a. En este momento, \u201c<em>seg\u00fan el estudio realizado por el organismo oficial audiencia.org, en este momento la audiencia de \u201cRadio Rom\u00e2nul\u201d supera el 60% de los rumanos de las Comunidades de Madrid y Guadalajara.\u201d<\/em><\/span><\/p>\n<p><span style=\"color: #000000;\">Sin duda, estos proyectos \u00fanicos han conseguido conectar la poblaci\u00f3n rumana en Espa\u00f1a: \u201c<em>Los beneficios de nuestra audiencia son principalmente la conexi\u00f3n de la comunidad rumana en Espa\u00f1a, el poder de estar informados, de mantener la cultura, preservar la lengua y las tradiciones rumanas\u201d, <\/em>nos dicen los representantes de TeiaMedia.<\/span><\/p>\n<p><span style=\"color: #000000;\">\u00a1Queremos que \u00abEl Rumano\u00bb tenga la mayor cantidad de lectores posible, as\u00ed como una gran audiencia para \u00abRadio Rom\u00e2nul\u00bb!<\/span><\/p>\n","protected":false},"excerpt":{"rendered":"<p>TEIAMEDIA S.L. es una empresa cuya actividad principal es la gesti\u00f3n de medios de comunicaci\u00f3n dirigidos a los rumanos en [&hellip;]<\/p>\n","protected":false},"author":3,"featured_media":0,"comment_status":"open","ping_status":"open","sticky":false,"template":"","format":"standard","meta":{"footnotes":""},"categories":[47],"tags":[235,62,239,237,238,236,67],"class_list":["post-7239","post","type-post","status-publish","format-standard","hentry","category-proyectos-y-empresas","tag-el-rumano","tag-espana","tag-medios-de-comunicacion","tag-periodico","tag-radio","tag-radio-romanul-2","tag-rumanos"],"yoast_head":"<!-- This site is optimized with the Yoast SEO plugin v27.5 - https:\/\/yoast.com\/product\/yoast-seo-wordpress\/ -->\n<title>TEIAMEDIA S.L. - Peri\u00f3dico \u201cEl Rumano\u201d y Radio Rom\u00e2nul - ASEMER<\/title>\n<meta name=\"description\" content=\"TEIAMEDIA S.L. es una empresa cuya actividad principal es la gesti\u00f3n de medios de comunicaci\u00f3n dirigidos a los rumanos en Espa\u00f1a: peri\u00f3dico \u201cEl Rumano\u201d y Radio Rom\u00e2nul. \u00a0El trabajo de TeiaMedia consiste en realizar programas de radio, editar y publicar el peri\u00f3dico, administrar p\u00e1ginas web y redes sociales: Facebook, Twitter, Instagram, Youtube y p\u00e1ginas web - www.radioromanul.es \u00a0y www.periodicoelrumano.es.\" \/>\n<meta name=\"robots\" content=\"index, follow, max-snippet:-1, max-image-preview:large, max-video-preview:-1\" \/>\n<link rel=\"canonical\" href=\"https:\/\/www.asemer.ro\/index.php\/2022\/03\/31\/periodico-el-rumano-y-radio-romanul\/\" \/>\n<meta property=\"og:locale\" content=\"es_ES\" \/>\n<meta property=\"og:type\" content=\"article\" \/>\n<meta property=\"og:title\" content=\"TEIAMEDIA S.L. - Peri\u00f3dico \u201cEl Rumano\u201d y Radio Rom\u00e2nul - ASEMER\" \/>\n<meta property=\"og:description\" content=\"TEIAMEDIA S.L. es una empresa cuya actividad principal es la gesti\u00f3n de medios de comunicaci\u00f3n dirigidos a los rumanos en Espa\u00f1a: peri\u00f3dico \u201cEl Rumano\u201d y Radio Rom\u00e2nul. \u00a0El trabajo de TeiaMedia consiste en realizar programas de radio, editar y publicar el peri\u00f3dico, administrar p\u00e1ginas web y redes sociales: Facebook, Twitter, Instagram, Youtube y p\u00e1ginas web - www.radioromanul.es \u00a0y www.periodicoelrumano.es.\" \/>\n<meta property=\"og:url\" content=\"https:\/\/www.asemer.ro\/index.php\/2022\/03\/31\/periodico-el-rumano-y-radio-romanul\/\" \/>\n<meta property=\"og:site_name\" content=\"ASEMER\" \/>\n<meta property=\"article:publisher\" content=\"https:\/\/www.facebook.com\/asociacionasemer\" \/>\n<meta property=\"article:published_time\" content=\"2022-03-31T08:53:17+00:00\" \/>\n<meta property=\"article:modified_time\" content=\"2022-03-31T09:18:58+00:00\" \/>\n<meta property=\"og:image\" content=\"https:\/\/www.asemer.ro\/wp-content\/uploads\/2022\/03\/241993551_236056965196615_5461771398209025436_n-300x300.png\" \/>\n<meta name=\"author\" content=\"Admin Asemer\" \/>\n<meta name=\"twitter:card\" content=\"summary_large_image\" \/>\n<meta name=\"twitter:creator\" content=\"@asemer_rumania\" \/>\n<meta name=\"twitter:site\" content=\"@asemer_rumania\" \/>\n<meta name=\"twitter:label1\" content=\"Escrito por\" \/>\n\t<meta name=\"twitter:data1\" content=\"Admin Asemer\" \/>\n\t<meta name=\"twitter:label2\" content=\"Tiempo de lectura\" \/>\n\t<meta name=\"twitter:data2\" content=\"4 minutos\" \/>\n<script type=\"application\/ld+json\" class=\"yoast-schema-graph\">{\"@context\":\"https:\\\/\\\/schema.org\",\"@graph\":[{\"@type\":\"Article\",\"@id\":\"https:\\\/\\\/www.asemer.ro\\\/index.php\\\/2022\\\/03\\\/31\\\/periodico-el-rumano-y-radio-romanul\\\/#article\",\"isPartOf\":{\"@id\":\"https:\\\/\\\/www.asemer.ro\\\/index.php\\\/2022\\\/03\\\/31\\\/periodico-el-rumano-y-radio-romanul\\\/\"},\"author\":{\"name\":\"Admin Asemer\",\"@id\":\"https:\\\/\\\/www.asemer.ro\\\/#\\\/schema\\\/person\\\/36de47e444c0f1a7b737a035d40519f9\"},\"headline\":\"TEIAMEDIA S.L. &#8211; Peri\u00f3dico \u201cEl Rumano\u201d y Radio Rom\u00e2nul\",\"datePublished\":\"2022-03-31T08:53:17+00:00\",\"dateModified\":\"2022-03-31T09:18:58+00:00\",\"mainEntityOfPage\":{\"@id\":\"https:\\\/\\\/www.asemer.ro\\\/index.php\\\/2022\\\/03\\\/31\\\/periodico-el-rumano-y-radio-romanul\\\/\"},\"wordCount\":648,\"commentCount\":0,\"publisher\":{\"@id\":\"https:\\\/\\\/www.asemer.ro\\\/#organization\"},\"image\":{\"@id\":\"https:\\\/\\\/www.asemer.ro\\\/index.php\\\/2022\\\/03\\\/31\\\/periodico-el-rumano-y-radio-romanul\\\/#primaryimage\"},\"thumbnailUrl\":\"https:\\\/\\\/www.asemer.ro\\\/wp-content\\\/uploads\\\/2022\\\/03\\\/241993551_236056965196615_5461771398209025436_n-300x300.png\",\"keywords\":[\"El Rumano\",\"espa\u00f1a\",\"medios de comunicaci\u00f3n\",\"peri\u00f3dico\",\"radio\",\"Radio Rom\u00e2nul\",\"rumanos\"],\"articleSection\":[\"Proyectos y empresas\"],\"inLanguage\":\"es\",\"potentialAction\":[{\"@type\":\"CommentAction\",\"name\":\"Comment\",\"target\":[\"https:\\\/\\\/www.asemer.ro\\\/index.php\\\/2022\\\/03\\\/31\\\/periodico-el-rumano-y-radio-romanul\\\/#respond\"]}]},{\"@type\":\"WebPage\",\"@id\":\"https:\\\/\\\/www.asemer.ro\\\/index.php\\\/2022\\\/03\\\/31\\\/periodico-el-rumano-y-radio-romanul\\\/\",\"url\":\"https:\\\/\\\/www.asemer.ro\\\/index.php\\\/2022\\\/03\\\/31\\\/periodico-el-rumano-y-radio-romanul\\\/\",\"name\":\"TEIAMEDIA S.L. - Peri\u00f3dico \u201cEl Rumano\u201d y Radio Rom\u00e2nul - ASEMER\",\"isPartOf\":{\"@id\":\"https:\\\/\\\/www.asemer.ro\\\/#website\"},\"primaryImageOfPage\":{\"@id\":\"https:\\\/\\\/www.asemer.ro\\\/index.php\\\/2022\\\/03\\\/31\\\/periodico-el-rumano-y-radio-romanul\\\/#primaryimage\"},\"image\":{\"@id\":\"https:\\\/\\\/www.asemer.ro\\\/index.php\\\/2022\\\/03\\\/31\\\/periodico-el-rumano-y-radio-romanul\\\/#primaryimage\"},\"thumbnailUrl\":\"https:\\\/\\\/www.asemer.ro\\\/wp-content\\\/uploads\\\/2022\\\/03\\\/241993551_236056965196615_5461771398209025436_n-300x300.png\",\"datePublished\":\"2022-03-31T08:53:17+00:00\",\"dateModified\":\"2022-03-31T09:18:58+00:00\",\"description\":\"TEIAMEDIA S.L. es una empresa cuya actividad principal es la gesti\u00f3n de medios de comunicaci\u00f3n dirigidos a los rumanos en Espa\u00f1a: peri\u00f3dico \u201cEl Rumano\u201d y Radio Rom\u00e2nul. \u00a0El trabajo de TeiaMedia consiste en realizar programas de radio, editar y publicar el peri\u00f3dico, administrar p\u00e1ginas web y redes sociales: Facebook, Twitter, Instagram, Youtube y p\u00e1ginas web - www.radioromanul.es \u00a0y www.periodicoelrumano.es.\",\"breadcrumb\":{\"@id\":\"https:\\\/\\\/www.asemer.ro\\\/index.php\\\/2022\\\/03\\\/31\\\/periodico-el-rumano-y-radio-romanul\\\/#breadcrumb\"},\"inLanguage\":\"es\",\"potentialAction\":[{\"@type\":\"ReadAction\",\"target\":[\"https:\\\/\\\/www.asemer.ro\\\/index.php\\\/2022\\\/03\\\/31\\\/periodico-el-rumano-y-radio-romanul\\\/\"]}]},{\"@type\":\"ImageObject\",\"inLanguage\":\"es\",\"@id\":\"https:\\\/\\\/www.asemer.ro\\\/index.php\\\/2022\\\/03\\\/31\\\/periodico-el-rumano-y-radio-romanul\\\/#primaryimage\",\"url\":\"https:\\\/\\\/www.asemer.ro\\\/wp-content\\\/uploads\\\/2022\\\/03\\\/241993551_236056965196615_5461771398209025436_n.png\",\"contentUrl\":\"https:\\\/\\\/www.asemer.ro\\\/wp-content\\\/uploads\\\/2022\\\/03\\\/241993551_236056965196615_5461771398209025436_n.png\",\"width\":857,\"height\":857},{\"@type\":\"BreadcrumbList\",\"@id\":\"https:\\\/\\\/www.asemer.ro\\\/index.php\\\/2022\\\/03\\\/31\\\/periodico-el-rumano-y-radio-romanul\\\/#breadcrumb\",\"itemListElement\":[{\"@type\":\"ListItem\",\"position\":1,\"name\":\"Home\",\"item\":\"https:\\\/\\\/www.asemer.ro\\\/\"},{\"@type\":\"ListItem\",\"position\":2,\"name\":\"TEIAMEDIA S.L. &#8211; Peri\u00f3dico \u201cEl Rumano\u201d y Radio Rom\u00e2nul\"}]},{\"@type\":\"WebSite\",\"@id\":\"https:\\\/\\\/www.asemer.ro\\\/#website\",\"url\":\"https:\\\/\\\/www.asemer.ro\\\/\",\"name\":\"ASEMER\",\"description\":\"Asociaci\u00f3n de Empresas Espa\u00f1olas en Ruman\u00eda\",\"publisher\":{\"@id\":\"https:\\\/\\\/www.asemer.ro\\\/#organization\"},\"potentialAction\":[{\"@type\":\"SearchAction\",\"target\":{\"@type\":\"EntryPoint\",\"urlTemplate\":\"https:\\\/\\\/www.asemer.ro\\\/?s={search_term_string}\"},\"query-input\":{\"@type\":\"PropertyValueSpecification\",\"valueRequired\":true,\"valueName\":\"search_term_string\"}}],\"inLanguage\":\"es\"},{\"@type\":\"Organization\",\"@id\":\"https:\\\/\\\/www.asemer.ro\\\/#organization\",\"name\":\"ASEMER\",\"url\":\"https:\\\/\\\/www.asemer.ro\\\/\",\"logo\":{\"@type\":\"ImageObject\",\"inLanguage\":\"es\",\"@id\":\"https:\\\/\\\/www.asemer.ro\\\/#\\\/schema\\\/logo\\\/image\\\/\",\"url\":\"https:\\\/\\\/www.asemer.ro\\\/wp-content\\\/uploads\\\/2020\\\/12\\\/logo-ASEMER-scaled.jpg\",\"contentUrl\":\"https:\\\/\\\/www.asemer.ro\\\/wp-content\\\/uploads\\\/2020\\\/12\\\/logo-ASEMER-scaled.jpg\",\"width\":2560,\"height\":849,\"caption\":\"ASEMER\"},\"image\":{\"@id\":\"https:\\\/\\\/www.asemer.ro\\\/#\\\/schema\\\/logo\\\/image\\\/\"},\"sameAs\":[\"https:\\\/\\\/www.facebook.com\\\/asociacionasemer\",\"https:\\\/\\\/x.com\\\/asemer_rumania\",\"https:\\\/\\\/ro.linkedin.com\\\/in\\\/asemer-asociaci\u00f3n-empresas-espa\u00f1olas-en-ruman\u00eda-724772a6?trk=author_mini-profile_title\",\"https:\\\/\\\/www.youtube.com\\\/channel\\\/UC73m8-BDsg857OL0Ogv5aQA\\\/videos\"]},{\"@type\":\"Person\",\"@id\":\"https:\\\/\\\/www.asemer.ro\\\/#\\\/schema\\\/person\\\/36de47e444c0f1a7b737a035d40519f9\",\"name\":\"Admin Asemer\",\"image\":{\"@type\":\"ImageObject\",\"inLanguage\":\"es\",\"@id\":\"https:\\\/\\\/secure.gravatar.com\\\/avatar\\\/b64873d65b5be684e01a001c464789c445a7279ef3f177f5fbff5d83eb373299?s=96&d=mm&r=g\",\"url\":\"https:\\\/\\\/secure.gravatar.com\\\/avatar\\\/b64873d65b5be684e01a001c464789c445a7279ef3f177f5fbff5d83eb373299?s=96&d=mm&r=g\",\"contentUrl\":\"https:\\\/\\\/secure.gravatar.com\\\/avatar\\\/b64873d65b5be684e01a001c464789c445a7279ef3f177f5fbff5d83eb373299?s=96&d=mm&r=g\",\"caption\":\"Admin Asemer\"},\"url\":\"https:\\\/\\\/www.asemer.ro\\\/index.php\\\/author\\\/admin\\\/\"}]}<\/script>\n<!-- \/ Yoast SEO plugin. -->","yoast_head_json":{"title":"TEIAMEDIA S.L. - Peri\u00f3dico \u201cEl Rumano\u201d y Radio Rom\u00e2nul - ASEMER","description":"TEIAMEDIA S.L. es una empresa cuya actividad principal es la gesti\u00f3n de medios de comunicaci\u00f3n dirigidos a los rumanos en Espa\u00f1a: peri\u00f3dico \u201cEl Rumano\u201d y Radio Rom\u00e2nul. \u00a0El trabajo de TeiaMedia consiste en realizar programas de radio, editar y publicar el peri\u00f3dico, administrar p\u00e1ginas web y redes sociales: Facebook, Twitter, Instagram, Youtube y p\u00e1ginas web - www.radioromanul.es \u00a0y www.periodicoelrumano.es.","robots":{"index":"index","follow":"follow","max-snippet":"max-snippet:-1","max-image-preview":"max-image-preview:large","max-video-preview":"max-video-preview:-1"},"canonical":"https:\/\/www.asemer.ro\/index.php\/2022\/03\/31\/periodico-el-rumano-y-radio-romanul\/","og_locale":"es_ES","og_type":"article","og_title":"TEIAMEDIA S.L. - Peri\u00f3dico \u201cEl Rumano\u201d y Radio Rom\u00e2nul - ASEMER","og_description":"TEIAMEDIA S.L. es una empresa cuya actividad principal es la gesti\u00f3n de medios de comunicaci\u00f3n dirigidos a los rumanos en Espa\u00f1a: peri\u00f3dico \u201cEl Rumano\u201d y Radio Rom\u00e2nul. \u00a0El trabajo de TeiaMedia consiste en realizar programas de radio, editar y publicar el peri\u00f3dico, administrar p\u00e1ginas web y redes sociales: Facebook, Twitter, Instagram, Youtube y p\u00e1ginas web - www.radioromanul.es \u00a0y www.periodicoelrumano.es.","og_url":"https:\/\/www.asemer.ro\/index.php\/2022\/03\/31\/periodico-el-rumano-y-radio-romanul\/","og_site_name":"ASEMER","article_publisher":"https:\/\/www.facebook.com\/asociacionasemer","article_published_time":"2022-03-31T08:53:17+00:00","article_modified_time":"2022-03-31T09:18:58+00:00","og_image":[{"url":"https:\/\/www.asemer.ro\/wp-content\/uploads\/2022\/03\/241993551_236056965196615_5461771398209025436_n-300x300.png","type":"","width":"","height":""}],"author":"Admin Asemer","twitter_card":"summary_large_image","twitter_creator":"@asemer_rumania","twitter_site":"@asemer_rumania","twitter_misc":{"Escrito por":"Admin Asemer","Tiempo de lectura":"4 minutos"},"schema":{"@context":"https:\/\/schema.org","@graph":[{"@type":"Article","@id":"https:\/\/www.asemer.ro\/index.php\/2022\/03\/31\/periodico-el-rumano-y-radio-romanul\/#article","isPartOf":{"@id":"https:\/\/www.asemer.ro\/index.php\/2022\/03\/31\/periodico-el-rumano-y-radio-romanul\/"},"author":{"name":"Admin Asemer","@id":"https:\/\/www.asemer.ro\/#\/schema\/person\/36de47e444c0f1a7b737a035d40519f9"},"headline":"TEIAMEDIA S.L. &#8211; Peri\u00f3dico \u201cEl Rumano\u201d y Radio Rom\u00e2nul","datePublished":"2022-03-31T08:53:17+00:00","dateModified":"2022-03-31T09:18:58+00:00","mainEntityOfPage":{"@id":"https:\/\/www.asemer.ro\/index.php\/2022\/03\/31\/periodico-el-rumano-y-radio-romanul\/"},"wordCount":648,"commentCount":0,"publisher":{"@id":"https:\/\/www.asemer.ro\/#organization"},"image":{"@id":"https:\/\/www.asemer.ro\/index.php\/2022\/03\/31\/periodico-el-rumano-y-radio-romanul\/#primaryimage"},"thumbnailUrl":"https:\/\/www.asemer.ro\/wp-content\/uploads\/2022\/03\/241993551_236056965196615_5461771398209025436_n-300x300.png","keywords":["El Rumano","espa\u00f1a","medios de comunicaci\u00f3n","peri\u00f3dico","radio","Radio Rom\u00e2nul","rumanos"],"articleSection":["Proyectos y empresas"],"inLanguage":"es","potentialAction":[{"@type":"CommentAction","name":"Comment","target":["https:\/\/www.asemer.ro\/index.php\/2022\/03\/31\/periodico-el-rumano-y-radio-romanul\/#respond"]}]},{"@type":"WebPage","@id":"https:\/\/www.asemer.ro\/index.php\/2022\/03\/31\/periodico-el-rumano-y-radio-romanul\/","url":"https:\/\/www.asemer.ro\/index.php\/2022\/03\/31\/periodico-el-rumano-y-radio-romanul\/","name":"TEIAMEDIA S.L. - Peri\u00f3dico \u201cEl Rumano\u201d y Radio Rom\u00e2nul - ASEMER","isPartOf":{"@id":"https:\/\/www.asemer.ro\/#website"},"primaryImageOfPage":{"@id":"https:\/\/www.asemer.ro\/index.php\/2022\/03\/31\/periodico-el-rumano-y-radio-romanul\/#primaryimage"},"image":{"@id":"https:\/\/www.asemer.ro\/index.php\/2022\/03\/31\/periodico-el-rumano-y-radio-romanul\/#primaryimage"},"thumbnailUrl":"https:\/\/www.asemer.ro\/wp-content\/uploads\/2022\/03\/241993551_236056965196615_5461771398209025436_n-300x300.png","datePublished":"2022-03-31T08:53:17+00:00","dateModified":"2022-03-31T09:18:58+00:00","description":"TEIAMEDIA S.L. es una empresa cuya actividad principal es la gesti\u00f3n de medios de comunicaci\u00f3n dirigidos a los rumanos en Espa\u00f1a: peri\u00f3dico \u201cEl Rumano\u201d y Radio Rom\u00e2nul. \u00a0El trabajo de TeiaMedia consiste en realizar programas de radio, editar y publicar el peri\u00f3dico, administrar p\u00e1ginas web y redes sociales: Facebook, Twitter, Instagram, Youtube y p\u00e1ginas web - www.radioromanul.es \u00a0y www.periodicoelrumano.es.","breadcrumb":{"@id":"https:\/\/www.asemer.ro\/index.php\/2022\/03\/31\/periodico-el-rumano-y-radio-romanul\/#breadcrumb"},"inLanguage":"es","potentialAction":[{"@type":"ReadAction","target":["https:\/\/www.asemer.ro\/index.php\/2022\/03\/31\/periodico-el-rumano-y-radio-romanul\/"]}]},{"@type":"ImageObject","inLanguage":"es","@id":"https:\/\/www.asemer.ro\/index.php\/2022\/03\/31\/periodico-el-rumano-y-radio-romanul\/#primaryimage","url":"https:\/\/www.asemer.ro\/wp-content\/uploads\/2022\/03\/241993551_236056965196615_5461771398209025436_n.png","contentUrl":"https:\/\/www.asemer.ro\/wp-content\/uploads\/2022\/03\/241993551_236056965196615_5461771398209025436_n.png","width":857,"height":857},{"@type":"BreadcrumbList","@id":"https:\/\/www.asemer.ro\/index.php\/2022\/03\/31\/periodico-el-rumano-y-radio-romanul\/#breadcrumb","itemListElement":[{"@type":"ListItem","position":1,"name":"Home","item":"https:\/\/www.asemer.ro\/"},{"@type":"ListItem","position":2,"name":"TEIAMEDIA S.L. &#8211; Peri\u00f3dico \u201cEl Rumano\u201d y Radio Rom\u00e2nul"}]},{"@type":"WebSite","@id":"https:\/\/www.asemer.ro\/#website","url":"https:\/\/www.asemer.ro\/","name":"ASEMER","description":"Asociaci\u00f3n de Empresas Espa\u00f1olas en Ruman\u00eda","publisher":{"@id":"https:\/\/www.asemer.ro\/#organization"},"potentialAction":[{"@type":"SearchAction","target":{"@type":"EntryPoint","urlTemplate":"https:\/\/www.asemer.ro\/?s={search_term_string}"},"query-input":{"@type":"PropertyValueSpecification","valueRequired":true,"valueName":"search_term_string"}}],"inLanguage":"es"},{"@type":"Organization","@id":"https:\/\/www.asemer.ro\/#organization","name":"ASEMER","url":"https:\/\/www.asemer.ro\/","logo":{"@type":"ImageObject","inLanguage":"es","@id":"https:\/\/www.asemer.ro\/#\/schema\/logo\/image\/","url":"https:\/\/www.asemer.ro\/wp-content\/uploads\/2020\/12\/logo-ASEMER-scaled.jpg","contentUrl":"https:\/\/www.asemer.ro\/wp-content\/uploads\/2020\/12\/logo-ASEMER-scaled.jpg","width":2560,"height":849,"caption":"ASEMER"},"image":{"@id":"https:\/\/www.asemer.ro\/#\/schema\/logo\/image\/"},"sameAs":["https:\/\/www.facebook.com\/asociacionasemer","https:\/\/x.com\/asemer_rumania","https:\/\/ro.linkedin.com\/in\/asemer-asociaci\u00f3n-empresas-espa\u00f1olas-en-ruman\u00eda-724772a6?trk=author_mini-profile_title","https:\/\/www.youtube.com\/channel\/UC73m8-BDsg857OL0Ogv5aQA\/videos"]},{"@type":"Person","@id":"https:\/\/www.asemer.ro\/#\/schema\/person\/36de47e444c0f1a7b737a035d40519f9","name":"Admin Asemer","image":{"@type":"ImageObject","inLanguage":"es","@id":"https:\/\/secure.gravatar.com\/avatar\/b64873d65b5be684e01a001c464789c445a7279ef3f177f5fbff5d83eb373299?s=96&d=mm&r=g","url":"https:\/\/secure.gravatar.com\/avatar\/b64873d65b5be684e01a001c464789c445a7279ef3f177f5fbff5d83eb373299?s=96&d=mm&r=g","contentUrl":"https:\/\/secure.gravatar.com\/avatar\/b64873d65b5be684e01a001c464789c445a7279ef3f177f5fbff5d83eb373299?s=96&d=mm&r=g","caption":"Admin Asemer"},"url":"https:\/\/www.asemer.ro\/index.php\/author\/admin\/"}]}},"_links":{"self":[{"href":"https:\/\/www.asemer.ro\/index.php\/wp-json\/wp\/v2\/posts\/7239","targetHints":{"allow":["GET"]}}],"collection":[{"href":"https:\/\/www.asemer.ro\/index.php\/wp-json\/wp\/v2\/posts"}],"about":[{"href":"https:\/\/www.asemer.ro\/index.php\/wp-json\/wp\/v2\/types\/post"}],"author":[{"embeddable":true,"href":"https:\/\/www.asemer.ro\/index.php\/wp-json\/wp\/v2\/users\/3"}],"replies":[{"embeddable":true,"href":"https:\/\/www.asemer.ro\/index.php\/wp-json\/wp\/v2\/comments?post=7239"}],"version-history":[{"count":2,"href":"https:\/\/www.asemer.ro\/index.php\/wp-json\/wp\/v2\/posts\/7239\/revisions"}],"predecessor-version":[{"id":7246,"href":"https:\/\/www.asemer.ro\/index.php\/wp-json\/wp\/v2\/posts\/7239\/revisions\/7246"}],"wp:attachment":[{"href":"https:\/\/www.asemer.ro\/index.php\/wp-json\/wp\/v2\/media?parent=7239"}],"wp:term":[{"taxonomy":"category","embeddable":true,"href":"https:\/\/www.asemer.ro\/index.php\/wp-json\/wp\/v2\/categories?post=7239"},{"taxonomy":"post_tag","embeddable":true,"href":"https:\/\/www.asemer.ro\/index.php\/wp-json\/wp\/v2\/tags?post=7239"}],"curies":[{"name":"wp","href":"https:\/\/api.w.org\/{rel}","templated":true}]}}