{"id":7243,"date":"2022-03-31T11:15:21","date_gmt":"2022-03-31T09:15:21","guid":{"rendered":"https:\/\/www.asemer.ro\/?p=7243"},"modified":"2022-04-04T09:11:22","modified_gmt":"2022-04-04T07:11:22","slug":"entrevista-9","status":"publish","type":"post","link":"https:\/\/www.asemer.ro\/index.php\/2022\/03\/31\/entrevista-9\/","title":{"rendered":"ENTREVISTA"},"content":{"rendered":"<p style=\"text-align: center;\"><strong><span style=\"font-size: 18pt; font-family: Roboto;\"><span style=\"color: #ff0000;\">MAURITS DOHMEN<\/span> <\/span><\/strong><\/p>\n<p style=\"text-align: center;\"><strong>Director Ejecutivo de la C\u00e1mara de Comercio Bilateral Holanda-Ruman\u00eda <\/strong><\/p>\n<blockquote><p><em><span style=\"font-size: 10pt;\">Dir\u00eda que Ruman\u00eda, a pesar de la crisis sanitaria que nos afect\u00f3 a todos, sigue siendo importante y atractiva desde la perspectiva de la inversi\u00f3n empresarial para las empresas holandesas. La cooperaci\u00f3n en varios campos, desde agricultura, educaci\u00f3n, medio ambiente, econom\u00eda circular, movilidad urbana\/ciudades inteligentes, salud, infraestructura, innovaci\u00f3n y tecnolog\u00eda, aeron\u00e1utica son solo algunos ejemplos en los que la empresa holandesa podr\u00eda invertir.<\/span><\/em><\/p><\/blockquote>\n<hr \/>\n<p><span style=\"font-family: Roboto; font-size: 12pt; color: #000000;\"><strong>1. Cu\u00e9ntanos algunas palabras sobre ti y tu experiencia profesional. <\/strong><\/span><\/p>\n<p><span style=\"font-family: Roboto; font-size: 12pt; color: #000000;\"><img loading=\"lazy\" decoding=\"async\" class=\"alignleft wp-image-7244 \" src=\"https:\/\/www.asemer.ro\/wp-content\/uploads\/2022\/03\/Maurits-Dohmen-NRCC-Executive-Director-scaled.jpg\" alt=\"\" width=\"356\" height=\"376\" srcset=\"https:\/\/www.asemer.ro\/wp-content\/uploads\/2022\/03\/Maurits-Dohmen-NRCC-Executive-Director-scaled.jpg 2423w, https:\/\/www.asemer.ro\/wp-content\/uploads\/2022\/03\/Maurits-Dohmen-NRCC-Executive-Director-284x300.jpg 284w, https:\/\/www.asemer.ro\/wp-content\/uploads\/2022\/03\/Maurits-Dohmen-NRCC-Executive-Director-969x1024.jpg 969w, https:\/\/www.asemer.ro\/wp-content\/uploads\/2022\/03\/Maurits-Dohmen-NRCC-Executive-Director-768x811.jpg 768w, https:\/\/www.asemer.ro\/wp-content\/uploads\/2022\/03\/Maurits-Dohmen-NRCC-Executive-Director-727x768.jpg 727w, https:\/\/www.asemer.ro\/wp-content\/uploads\/2022\/03\/Maurits-Dohmen-NRCC-Executive-Director-1454x1536.jpg 1454w, https:\/\/www.asemer.ro\/wp-content\/uploads\/2022\/03\/Maurits-Dohmen-NRCC-Executive-Director-1939x2048.jpg 1939w, https:\/\/www.asemer.ro\/wp-content\/uploads\/2022\/03\/Maurits-Dohmen-NRCC-Executive-Director-720x761.jpg 720w\" sizes=\"auto, (max-width: 356px) 100vw, 356px\" \/>Soy por naturaleza un desarrollador conceptual: creando y resolviendo problemas y siendo capaz de traducir eso en comercio. Esto me llev\u00f3 a un viaje interesante reuniendo diferentes disciplinas en el camino, como marketing, ventas, oratoria, desarrollo de conceptos de televisi\u00f3n. Despu\u00e9s de llegar a Ruman\u00eda, me convert\u00ed en el Gerente General de Geta Voinea Hair and Beauty, donde fui responsable de expandir el mercado e introducir nuevos conceptos y desarrollar la parte de franquicias. Luego, la C\u00e1mara de Comercio Holanda-Ruman\u00eda (NRCC) se interpuso en mi camino y desde entonces (7 a\u00f1os por ahora) soy el Director Ejecutivo del NRCC.<\/span><\/p>\n<p><span style=\"font-family: Roboto; font-size: 12pt; color: #000000;\"><strong>2. \u00bfCu\u00e1nto tiempo llevas en Ruman\u00eda? \u00bfCu\u00e1l es la impresi\u00f3n que le ha dado este pa\u00eds hasta ahora? <\/strong><\/span><\/p>\n<p><span style=\"font-family: Roboto; font-size: 12pt; color: #000000;\">Vine por primera vez a Ruman\u00eda alrededor de 2005. Pero comenc\u00e9 a vivir aqu\u00ed desde 2010\/2011. Mucho ha cambiado desde 2005, y para mejor. En un tiempo relativamente corto, Ruman\u00eda se ha desarrollado y madurado en muchos aspectos. La gente ahora es mucho m\u00e1s consciente de su posici\u00f3n, sus ambiciones en la vida, su futuro. Se volvieron m\u00e1s exigentes y puedes ver ejemplos en todas partes, desde las fuertes protestas antigubernamentales en el pasado hasta los autobuses el\u00e9ctricos en las ciudades, la planificaci\u00f3n urbana, los aeropuertos locales, etc.<\/span><\/p>\n<p><span style=\"font-family: Roboto; font-size: 12pt; color: #000000;\"><strong>3. \u00bfC\u00f3mo cree que ha evolucionado el mercado rumano desde que estuvo aqu\u00ed? \u00bfCree que todav\u00eda existen oportunidades de negocio en este pa\u00eds y c\u00f3mo cree que podr\u00edan aprovecharse? <\/strong><\/span><\/p>\n<p><span style=\"font-family: Roboto; font-size: 12pt; color: #000000;\">Hay muchas mejoras en todos los niveles, comenzando con el entorno empresarial y la econom\u00eda y continuando con el nivel pol\u00edtico y la diplomacia. Las relaciones econ\u00f3micas registran una tendencia ascendente y esto se puede apreciar a trav\u00e9s del nivel de inversi\u00f3n y comercio bilateral entre los dos pa\u00edses. Dir\u00eda que Ruman\u00eda, a pesar de la crisis sanitaria que nos afect\u00f3 a todos, sigue siendo importante y atractiva desde la perspectiva de la inversi\u00f3n empresarial para las empresas holandesas. La cooperaci\u00f3n en varios campos, desde agricultura, educaci\u00f3n, medio ambiente, econom\u00eda circular, movilidad urbana\/ciudades inteligentes, salud, infraestructura, innovaci\u00f3n y tecnolog\u00eda, aeron\u00e1utica son solo algunos ejemplos en los que la empresa holandesa podr\u00eda invertir.<\/span><\/p>\n<p><span style=\"font-family: Roboto; font-size: 12pt; color: #000000;\"><strong>4. \u00bfC\u00f3mo eval\u00faa su mandato como Director Ejecutivo de la C\u00e1mara de Comercio Bilateral Pa\u00edses Bajos-Ruman\u00eda?<\/strong><\/span><\/p>\n<p><span style=\"font-family: Roboto; font-size: 12pt; color: #000000;\">He estado haciendo esto durante 7 a\u00f1os. El NRCC (a trav\u00e9s de sus diferentes presidentes y directorios) se ha desarrollado gradualmente de una organizaci\u00f3n de red pura a una comunidad empresarial m\u00e1s \u00absignificativa\u00bb con un enfoque en la promoci\u00f3n, el intercambio de conocimientos y el reconocimiento de nuestra huella social. Nosotros, como Comunidad Empresarial, a trav\u00e9s de nuestros miembros, estamos firmemente arraigados en la sociedad.<\/span><\/p>\n<p><span style=\"font-family: Roboto; font-size: 12pt; color: #000000;\"><strong>5. \u00bfQu\u00e9 est\u00e1 impulsando la inversi\u00f3n holandesa? \u00bfEst\u00e1n los empresarios\/empresas holandeses interesados \u200b\u200ben invertir m\u00e1s en el mercado rumano?<\/strong><\/span><\/p>\n<p><span style=\"font-family: Roboto; font-size: 12pt; color: #000000;\">Si observamos los informes emitidos por BNR y otros medios de comunicaci\u00f3n, la percepci\u00f3n del inversor extranjero sobre el atractivo de Ruman\u00eda estaba, antes de la pandemia de COVID-19, en el mismo nivel que el promedio de la UE. El estallido de la crisis de COVID-19 y China reformul\u00f3 la econom\u00eda mundial al desacelerar el ritmo de las inversiones en la fabricaci\u00f3n, la cadena de suministro y la log\u00edstica. Lo que hemos visto \u00faltimamente es que las empresas est\u00e1n replante\u00e1ndose ahora las estrategias comerciales buscando implementar soluciones m\u00e1s cortas y eficientes. Desde esta perspectiva, hemos visto un creciente inter\u00e9s de las empresas holandesas por invertir en Ruman\u00eda, mientras que las empresas holandesas existentes se est\u00e1n expandiendo y diversificando sus negocios a trav\u00e9s de nuevos proyectos de inversi\u00f3n en varios campos.<\/span><\/p>\n<p><span style=\"font-family: Roboto; font-size: 12pt; color: #000000;\"><strong>6. \u00bfEn qu\u00e9 \u00e1reas cree que las empresas rumanas pueden encontrar oportunidades en los Pa\u00edses Bajos?<\/strong><\/span><\/p>\n<p><span style=\"font-family: Roboto; font-size: 12pt; color: #000000;\">La agricultura y la industria alimentaria. Uno de los sectores m\u00e1s antiguos e innovadores de los Pa\u00edses Bajos es la agricultura, un sector que emplea alrededor del 5% de toda la fuerza laboral. Hay muchos factores que contribuyen al gran \u00e9xito de este sector, como el clima templado de los Pa\u00edses Bajos, la mecanizaci\u00f3n de la agricultura, la ubicaci\u00f3n geogr\u00e1fica, la tecnolog\u00eda innovadora y el suelo muy f\u00e9rtil. Esto no solo coloca a los holandeses a la vanguardia de la innovaci\u00f3n y la tecnolog\u00eda agr\u00edcolas, sino tambi\u00e9n a uno de los principales exportadores de alimentos y otros productos agr\u00edcolas del mundo. Los Pa\u00edses Bajos han ocupado la primera posici\u00f3n en toda la UE en lo que respecta a la exportaci\u00f3n agr\u00edcola internacional durante mucho tiempo, pero tambi\u00e9n ocupa el segundo lugar en todo el mundo con solo los EE. UU. precediendo a los holandeses.<\/span><\/p>\n<p><span style=\"font-family: Roboto; font-size: 12pt; color: #000000;\">Adem\u00e1s, tradicionalmente los sectores Transporte y Log\u00edstica e Industrias Creativas son pilares s\u00f3lidos de la econom\u00eda holandesa.<\/span><\/p>\n<p><span style=\"font-family: Roboto; font-size: 12pt; color: #000000;\">Anualmente, el NRCC organiza \u00abExploring Doing Business in the Netherlands\u00bb, que brinda a las empresas rumanas una introducci\u00f3n a los mercados holandeses, el comportamiento del consumidor, el trabajo, los impuestos, etc. Puede encontrar estas sesiones en nuestro canal de YouTube de NRCC TV.<\/span><\/p>\n<p><span style=\"font-family: Roboto; font-size: 12pt; color: #000000;\"><strong>7. \u00bfQu\u00e9 cree que Ruman\u00eda puede cambiar para atraer m\u00e1s empresas extranjeras?<\/strong><\/span><\/p>\n<p><span style=\"font-family: Roboto; font-size: 12pt; color: #000000;\">Ruman\u00eda tiene una ventaja importante, a saber, la ubicaci\u00f3n en Europa del Este, un entorno comercial atractivo y una gran fuerza laboral y talento. Si bien se han logrado varios avances en los \u00faltimos a\u00f1os en diferentes campos, la falta de una infraestructura desarrollada sigue siendo una de las preocupaciones planteadas por los inversores extranjeros al evaluar a Ruman\u00eda como un destino potencial. Esto est\u00e1 limitando al pa\u00eds para alcanzar su verdadero potencial. Al mismo tiempo, se necesitan inversiones y reformas en \u00e1reas como educaci\u00f3n, salud y agricultura, nuevas tecnolog\u00edas, digitalizaci\u00f3n e innovaci\u00f3n y consolidaci\u00f3n fiscal para mejorar la competitividad y la resiliencia de la econom\u00eda. Un nivel importante de fondos de la UE estar\u00e1 disponible en el pr\u00f3ximo per\u00edodo a trav\u00e9s del Plan Nacional de Recuperaci\u00f3n y Resiliencia y ayudar\u00e1 a Ruman\u00eda a apoyar tales desarrollos.<\/span><\/p>\n<p><span style=\"font-family: Roboto; font-size: 12pt; color: #000000;\"><strong>8. \u00bfCu\u00e1les son las principales fortalezas y debilidades de las empresas rumanas?<\/strong><\/span><\/p>\n<p><span style=\"font-family: Roboto; font-size: 12pt; color: #000000;\">Trabajar con empresas rumanas puede ser bastante f\u00e1cil para alguien que conoce y comprende su mentalidad. Como fortalezas debo admitir la actitud emprendedora, generar muchas ideas para superar problemas, personal dedicado, dispuesto a desplegar mucho esfuerzo y realizar diversas actividades cuando la empresa lo solicita, dedicaci\u00f3n y respeto hacia los extranjeros. Como apunta la semana, preferir\u00eda ir por la incapacidad de tomar una decisi\u00f3n r\u00e1pida cuando se requiere, pero esto est\u00e1 m\u00e1s relacionado con las pol\u00edticas y la estructura interna de la empresa, la falta de capacitaci\u00f3n en algunas \u00e1reas y el deseo de tener todo bajo control.<\/span><\/p>\n<p><span style=\"font-family: Roboto; font-size: 12pt; color: #000000;\">Las fortalezas de las empresas rumanas est\u00e1n representadas por la flexibilidad, la mano de obra competitiva y calificada.<\/span><\/p>\n<p><span style=\"font-family: Roboto; font-size: 12pt; color: #000000;\"><strong>9. \u00bfHay alg\u00fan consejo que le dar\u00eda a los empresarios\/emprendedores que quieren invertir en Ruman\u00eda?<\/strong><\/span><\/p>\n<p><span style=\"font-family: Roboto; font-size: 12pt; color: #000000;\">Es agradable estar en Ruman\u00eda, tanto como persona privada como como empresa que invierte aqu\u00ed. Las cosas van cada vez mejor, los antecedentes de los pa\u00edses en diferentes industrias, su posici\u00f3n en Europa y la mano de obra calificada est\u00e1 actuando como un centro para Europa del Este para atraer empresas. Por un lado, una gran ventaja la representan los empleados rumanos que tienen una \u00e9tica de trabajo y un potencial muy buenos, listos para aprender y desarrollar sus habilidades, deseosos de asumir responsabilidades y participar.<\/span><\/p>\n","protected":false},"excerpt":{"rendered":"<p>MAURITS DOHMEN Director Ejecutivo de la C\u00e1mara de Comercio Bilateral Holanda-Ruman\u00eda Dir\u00eda que Ruman\u00eda, a pesar de la crisis sanitaria [&hellip;]<\/p>\n","protected":false},"author":3,"featured_media":0,"comment_status":"open","ping_status":"open","sticky":false,"template":"","format":"standard","meta":{"footnotes":""},"categories":[54],"tags":[240,227,176],"class_list":["post-7243","post","type-post","status-publish","format-standard","hentry","category-entrevistas","tag-camara-de-comercio-bilateral-holanda-rumania","tag-nrcc","tag-rumania-2"],"yoast_head":"<!-- This site is optimized with the Yoast SEO plugin v27.5 - https:\/\/yoast.com\/product\/yoast-seo-wordpress\/ -->\n<title>ENTREVISTA - ASEMER<\/title>\n<meta name=\"robots\" content=\"index, follow, max-snippet:-1, max-image-preview:large, max-video-preview:-1\" \/>\n<link rel=\"canonical\" href=\"https:\/\/www.asemer.ro\/index.php\/2022\/03\/31\/entrevista-9\/\" \/>\n<meta property=\"og:locale\" content=\"es_ES\" \/>\n<meta property=\"og:type\" content=\"article\" \/>\n<meta property=\"og:title\" content=\"ENTREVISTA - ASEMER\" \/>\n<meta property=\"og:description\" content=\"MAURITS DOHMEN Director Ejecutivo de la C\u00e1mara de Comercio Bilateral Holanda-Ruman\u00eda Dir\u00eda que Ruman\u00eda, a pesar de la crisis sanitaria [&hellip;]\" \/>\n<meta property=\"og:url\" content=\"https:\/\/www.asemer.ro\/index.php\/2022\/03\/31\/entrevista-9\/\" \/>\n<meta property=\"og:site_name\" content=\"ASEMER\" \/>\n<meta property=\"article:publisher\" content=\"https:\/\/www.facebook.com\/asociacionasemer\" \/>\n<meta property=\"article:published_time\" content=\"2022-03-31T09:15:21+00:00\" \/>\n<meta property=\"article:modified_time\" content=\"2022-04-04T07:11:22+00:00\" \/>\n<meta property=\"og:image\" content=\"https:\/\/www.asemer.ro\/wp-content\/uploads\/2022\/03\/Maurits-Dohmen-NRCC-Executive-Director-scaled.jpg\" \/>\n<meta name=\"author\" content=\"Admin Asemer\" \/>\n<meta name=\"twitter:card\" content=\"summary_large_image\" \/>\n<meta name=\"twitter:creator\" content=\"@asemer_rumania\" \/>\n<meta name=\"twitter:site\" content=\"@asemer_rumania\" \/>\n<meta name=\"twitter:label1\" content=\"Escrito por\" \/>\n\t<meta name=\"twitter:data1\" content=\"Admin Asemer\" \/>\n\t<meta name=\"twitter:label2\" content=\"Tiempo de lectura\" \/>\n\t<meta name=\"twitter:data2\" content=\"6 minutos\" \/>\n<script type=\"application\/ld+json\" class=\"yoast-schema-graph\">{\"@context\":\"https:\\\/\\\/schema.org\",\"@graph\":[{\"@type\":\"Article\",\"@id\":\"https:\\\/\\\/www.asemer.ro\\\/index.php\\\/2022\\\/03\\\/31\\\/entrevista-9\\\/#article\",\"isPartOf\":{\"@id\":\"https:\\\/\\\/www.asemer.ro\\\/index.php\\\/2022\\\/03\\\/31\\\/entrevista-9\\\/\"},\"author\":{\"name\":\"Admin Asemer\",\"@id\":\"https:\\\/\\\/www.asemer.ro\\\/#\\\/schema\\\/person\\\/36de47e444c0f1a7b737a035d40519f9\"},\"headline\":\"ENTREVISTA\",\"datePublished\":\"2022-03-31T09:15:21+00:00\",\"dateModified\":\"2022-04-04T07:11:22+00:00\",\"mainEntityOfPage\":{\"@id\":\"https:\\\/\\\/www.asemer.ro\\\/index.php\\\/2022\\\/03\\\/31\\\/entrevista-9\\\/\"},\"wordCount\":1386,\"commentCount\":0,\"publisher\":{\"@id\":\"https:\\\/\\\/www.asemer.ro\\\/#organization\"},\"image\":{\"@id\":\"https:\\\/\\\/www.asemer.ro\\\/index.php\\\/2022\\\/03\\\/31\\\/entrevista-9\\\/#primaryimage\"},\"thumbnailUrl\":\"https:\\\/\\\/www.asemer.ro\\\/wp-content\\\/uploads\\\/2022\\\/03\\\/Maurits-Dohmen-NRCC-Executive-Director-scaled.jpg\",\"keywords\":[\"C\u00e1mara de Comercio Bilateral Holanda-Rumania\",\"NRCC\",\"Ruman\u00eda\"],\"articleSection\":[\"entrevistas\"],\"inLanguage\":\"es\",\"potentialAction\":[{\"@type\":\"CommentAction\",\"name\":\"Comment\",\"target\":[\"https:\\\/\\\/www.asemer.ro\\\/index.php\\\/2022\\\/03\\\/31\\\/entrevista-9\\\/#respond\"]}]},{\"@type\":\"WebPage\",\"@id\":\"https:\\\/\\\/www.asemer.ro\\\/index.php\\\/2022\\\/03\\\/31\\\/entrevista-9\\\/\",\"url\":\"https:\\\/\\\/www.asemer.ro\\\/index.php\\\/2022\\\/03\\\/31\\\/entrevista-9\\\/\",\"name\":\"ENTREVISTA - ASEMER\",\"isPartOf\":{\"@id\":\"https:\\\/\\\/www.asemer.ro\\\/#website\"},\"primaryImageOfPage\":{\"@id\":\"https:\\\/\\\/www.asemer.ro\\\/index.php\\\/2022\\\/03\\\/31\\\/entrevista-9\\\/#primaryimage\"},\"image\":{\"@id\":\"https:\\\/\\\/www.asemer.ro\\\/index.php\\\/2022\\\/03\\\/31\\\/entrevista-9\\\/#primaryimage\"},\"thumbnailUrl\":\"https:\\\/\\\/www.asemer.ro\\\/wp-content\\\/uploads\\\/2022\\\/03\\\/Maurits-Dohmen-NRCC-Executive-Director-scaled.jpg\",\"datePublished\":\"2022-03-31T09:15:21+00:00\",\"dateModified\":\"2022-04-04T07:11:22+00:00\",\"breadcrumb\":{\"@id\":\"https:\\\/\\\/www.asemer.ro\\\/index.php\\\/2022\\\/03\\\/31\\\/entrevista-9\\\/#breadcrumb\"},\"inLanguage\":\"es\",\"potentialAction\":[{\"@type\":\"ReadAction\",\"target\":[\"https:\\\/\\\/www.asemer.ro\\\/index.php\\\/2022\\\/03\\\/31\\\/entrevista-9\\\/\"]}]},{\"@type\":\"ImageObject\",\"inLanguage\":\"es\",\"@id\":\"https:\\\/\\\/www.asemer.ro\\\/index.php\\\/2022\\\/03\\\/31\\\/entrevista-9\\\/#primaryimage\",\"url\":\"https:\\\/\\\/www.asemer.ro\\\/wp-content\\\/uploads\\\/2022\\\/03\\\/Maurits-Dohmen-NRCC-Executive-Director-scaled.jpg\",\"contentUrl\":\"https:\\\/\\\/www.asemer.ro\\\/wp-content\\\/uploads\\\/2022\\\/03\\\/Maurits-Dohmen-NRCC-Executive-Director-scaled.jpg\",\"width\":2423,\"height\":2560},{\"@type\":\"BreadcrumbList\",\"@id\":\"https:\\\/\\\/www.asemer.ro\\\/index.php\\\/2022\\\/03\\\/31\\\/entrevista-9\\\/#breadcrumb\",\"itemListElement\":[{\"@type\":\"ListItem\",\"position\":1,\"name\":\"Home\",\"item\":\"https:\\\/\\\/www.asemer.ro\\\/\"},{\"@type\":\"ListItem\",\"position\":2,\"name\":\"ENTREVISTA\"}]},{\"@type\":\"WebSite\",\"@id\":\"https:\\\/\\\/www.asemer.ro\\\/#website\",\"url\":\"https:\\\/\\\/www.asemer.ro\\\/\",\"name\":\"ASEMER\",\"description\":\"Asociaci\u00f3n de Empresas Espa\u00f1olas en Ruman\u00eda\",\"publisher\":{\"@id\":\"https:\\\/\\\/www.asemer.ro\\\/#organization\"},\"potentialAction\":[{\"@type\":\"SearchAction\",\"target\":{\"@type\":\"EntryPoint\",\"urlTemplate\":\"https:\\\/\\\/www.asemer.ro\\\/?s={search_term_string}\"},\"query-input\":{\"@type\":\"PropertyValueSpecification\",\"valueRequired\":true,\"valueName\":\"search_term_string\"}}],\"inLanguage\":\"es\"},{\"@type\":\"Organization\",\"@id\":\"https:\\\/\\\/www.asemer.ro\\\/#organization\",\"name\":\"ASEMER\",\"url\":\"https:\\\/\\\/www.asemer.ro\\\/\",\"logo\":{\"@type\":\"ImageObject\",\"inLanguage\":\"es\",\"@id\":\"https:\\\/\\\/www.asemer.ro\\\/#\\\/schema\\\/logo\\\/image\\\/\",\"url\":\"https:\\\/\\\/www.asemer.ro\\\/wp-content\\\/uploads\\\/2020\\\/12\\\/logo-ASEMER-scaled.jpg\",\"contentUrl\":\"https:\\\/\\\/www.asemer.ro\\\/wp-content\\\/uploads\\\/2020\\\/12\\\/logo-ASEMER-scaled.jpg\",\"width\":2560,\"height\":849,\"caption\":\"ASEMER\"},\"image\":{\"@id\":\"https:\\\/\\\/www.asemer.ro\\\/#\\\/schema\\\/logo\\\/image\\\/\"},\"sameAs\":[\"https:\\\/\\\/www.facebook.com\\\/asociacionasemer\",\"https:\\\/\\\/x.com\\\/asemer_rumania\",\"https:\\\/\\\/ro.linkedin.com\\\/in\\\/asemer-asociaci\u00f3n-empresas-espa\u00f1olas-en-ruman\u00eda-724772a6?trk=author_mini-profile_title\",\"https:\\\/\\\/www.youtube.com\\\/channel\\\/UC73m8-BDsg857OL0Ogv5aQA\\\/videos\"]},{\"@type\":\"Person\",\"@id\":\"https:\\\/\\\/www.asemer.ro\\\/#\\\/schema\\\/person\\\/36de47e444c0f1a7b737a035d40519f9\",\"name\":\"Admin Asemer\",\"image\":{\"@type\":\"ImageObject\",\"inLanguage\":\"es\",\"@id\":\"https:\\\/\\\/secure.gravatar.com\\\/avatar\\\/b64873d65b5be684e01a001c464789c445a7279ef3f177f5fbff5d83eb373299?s=96&d=mm&r=g\",\"url\":\"https:\\\/\\\/secure.gravatar.com\\\/avatar\\\/b64873d65b5be684e01a001c464789c445a7279ef3f177f5fbff5d83eb373299?s=96&d=mm&r=g\",\"contentUrl\":\"https:\\\/\\\/secure.gravatar.com\\\/avatar\\\/b64873d65b5be684e01a001c464789c445a7279ef3f177f5fbff5d83eb373299?s=96&d=mm&r=g\",\"caption\":\"Admin Asemer\"},\"url\":\"https:\\\/\\\/www.asemer.ro\\\/index.php\\\/author\\\/admin\\\/\"}]}<\/script>\n<!-- \/ Yoast SEO plugin. -->","yoast_head_json":{"title":"ENTREVISTA - ASEMER","robots":{"index":"index","follow":"follow","max-snippet":"max-snippet:-1","max-image-preview":"max-image-preview:large","max-video-preview":"max-video-preview:-1"},"canonical":"https:\/\/www.asemer.ro\/index.php\/2022\/03\/31\/entrevista-9\/","og_locale":"es_ES","og_type":"article","og_title":"ENTREVISTA - ASEMER","og_description":"MAURITS DOHMEN Director Ejecutivo de la C\u00e1mara de Comercio Bilateral Holanda-Ruman\u00eda Dir\u00eda que Ruman\u00eda, a pesar de la crisis sanitaria [&hellip;]","og_url":"https:\/\/www.asemer.ro\/index.php\/2022\/03\/31\/entrevista-9\/","og_site_name":"ASEMER","article_publisher":"https:\/\/www.facebook.com\/asociacionasemer","article_published_time":"2022-03-31T09:15:21+00:00","article_modified_time":"2022-04-04T07:11:22+00:00","og_image":[{"url":"https:\/\/www.asemer.ro\/wp-content\/uploads\/2022\/03\/Maurits-Dohmen-NRCC-Executive-Director-scaled.jpg","type":"","width":"","height":""}],"author":"Admin Asemer","twitter_card":"summary_large_image","twitter_creator":"@asemer_rumania","twitter_site":"@asemer_rumania","twitter_misc":{"Escrito por":"Admin Asemer","Tiempo de lectura":"6 minutos"},"schema":{"@context":"https:\/\/schema.org","@graph":[{"@type":"Article","@id":"https:\/\/www.asemer.ro\/index.php\/2022\/03\/31\/entrevista-9\/#article","isPartOf":{"@id":"https:\/\/www.asemer.ro\/index.php\/2022\/03\/31\/entrevista-9\/"},"author":{"name":"Admin Asemer","@id":"https:\/\/www.asemer.ro\/#\/schema\/person\/36de47e444c0f1a7b737a035d40519f9"},"headline":"ENTREVISTA","datePublished":"2022-03-31T09:15:21+00:00","dateModified":"2022-04-04T07:11:22+00:00","mainEntityOfPage":{"@id":"https:\/\/www.asemer.ro\/index.php\/2022\/03\/31\/entrevista-9\/"},"wordCount":1386,"commentCount":0,"publisher":{"@id":"https:\/\/www.asemer.ro\/#organization"},"image":{"@id":"https:\/\/www.asemer.ro\/index.php\/2022\/03\/31\/entrevista-9\/#primaryimage"},"thumbnailUrl":"https:\/\/www.asemer.ro\/wp-content\/uploads\/2022\/03\/Maurits-Dohmen-NRCC-Executive-Director-scaled.jpg","keywords":["C\u00e1mara de Comercio Bilateral Holanda-Rumania","NRCC","Ruman\u00eda"],"articleSection":["entrevistas"],"inLanguage":"es","potentialAction":[{"@type":"CommentAction","name":"Comment","target":["https:\/\/www.asemer.ro\/index.php\/2022\/03\/31\/entrevista-9\/#respond"]}]},{"@type":"WebPage","@id":"https:\/\/www.asemer.ro\/index.php\/2022\/03\/31\/entrevista-9\/","url":"https:\/\/www.asemer.ro\/index.php\/2022\/03\/31\/entrevista-9\/","name":"ENTREVISTA - ASEMER","isPartOf":{"@id":"https:\/\/www.asemer.ro\/#website"},"primaryImageOfPage":{"@id":"https:\/\/www.asemer.ro\/index.php\/2022\/03\/31\/entrevista-9\/#primaryimage"},"image":{"@id":"https:\/\/www.asemer.ro\/index.php\/2022\/03\/31\/entrevista-9\/#primaryimage"},"thumbnailUrl":"https:\/\/www.asemer.ro\/wp-content\/uploads\/2022\/03\/Maurits-Dohmen-NRCC-Executive-Director-scaled.jpg","datePublished":"2022-03-31T09:15:21+00:00","dateModified":"2022-04-04T07:11:22+00:00","breadcrumb":{"@id":"https:\/\/www.asemer.ro\/index.php\/2022\/03\/31\/entrevista-9\/#breadcrumb"},"inLanguage":"es","potentialAction":[{"@type":"ReadAction","target":["https:\/\/www.asemer.ro\/index.php\/2022\/03\/31\/entrevista-9\/"]}]},{"@type":"ImageObject","inLanguage":"es","@id":"https:\/\/www.asemer.ro\/index.php\/2022\/03\/31\/entrevista-9\/#primaryimage","url":"https:\/\/www.asemer.ro\/wp-content\/uploads\/2022\/03\/Maurits-Dohmen-NRCC-Executive-Director-scaled.jpg","contentUrl":"https:\/\/www.asemer.ro\/wp-content\/uploads\/2022\/03\/Maurits-Dohmen-NRCC-Executive-Director-scaled.jpg","width":2423,"height":2560},{"@type":"BreadcrumbList","@id":"https:\/\/www.asemer.ro\/index.php\/2022\/03\/31\/entrevista-9\/#breadcrumb","itemListElement":[{"@type":"ListItem","position":1,"name":"Home","item":"https:\/\/www.asemer.ro\/"},{"@type":"ListItem","position":2,"name":"ENTREVISTA"}]},{"@type":"WebSite","@id":"https:\/\/www.asemer.ro\/#website","url":"https:\/\/www.asemer.ro\/","name":"ASEMER","description":"Asociaci\u00f3n de Empresas Espa\u00f1olas en Ruman\u00eda","publisher":{"@id":"https:\/\/www.asemer.ro\/#organization"},"potentialAction":[{"@type":"SearchAction","target":{"@type":"EntryPoint","urlTemplate":"https:\/\/www.asemer.ro\/?s={search_term_string}"},"query-input":{"@type":"PropertyValueSpecification","valueRequired":true,"valueName":"search_term_string"}}],"inLanguage":"es"},{"@type":"Organization","@id":"https:\/\/www.asemer.ro\/#organization","name":"ASEMER","url":"https:\/\/www.asemer.ro\/","logo":{"@type":"ImageObject","inLanguage":"es","@id":"https:\/\/www.asemer.ro\/#\/schema\/logo\/image\/","url":"https:\/\/www.asemer.ro\/wp-content\/uploads\/2020\/12\/logo-ASEMER-scaled.jpg","contentUrl":"https:\/\/www.asemer.ro\/wp-content\/uploads\/2020\/12\/logo-ASEMER-scaled.jpg","width":2560,"height":849,"caption":"ASEMER"},"image":{"@id":"https:\/\/www.asemer.ro\/#\/schema\/logo\/image\/"},"sameAs":["https:\/\/www.facebook.com\/asociacionasemer","https:\/\/x.com\/asemer_rumania","https:\/\/ro.linkedin.com\/in\/asemer-asociaci\u00f3n-empresas-espa\u00f1olas-en-ruman\u00eda-724772a6?trk=author_mini-profile_title","https:\/\/www.youtube.com\/channel\/UC73m8-BDsg857OL0Ogv5aQA\/videos"]},{"@type":"Person","@id":"https:\/\/www.asemer.ro\/#\/schema\/person\/36de47e444c0f1a7b737a035d40519f9","name":"Admin Asemer","image":{"@type":"ImageObject","inLanguage":"es","@id":"https:\/\/secure.gravatar.com\/avatar\/b64873d65b5be684e01a001c464789c445a7279ef3f177f5fbff5d83eb373299?s=96&d=mm&r=g","url":"https:\/\/secure.gravatar.com\/avatar\/b64873d65b5be684e01a001c464789c445a7279ef3f177f5fbff5d83eb373299?s=96&d=mm&r=g","contentUrl":"https:\/\/secure.gravatar.com\/avatar\/b64873d65b5be684e01a001c464789c445a7279ef3f177f5fbff5d83eb373299?s=96&d=mm&r=g","caption":"Admin Asemer"},"url":"https:\/\/www.asemer.ro\/index.php\/author\/admin\/"}]}},"_links":{"self":[{"href":"https:\/\/www.asemer.ro\/index.php\/wp-json\/wp\/v2\/posts\/7243","targetHints":{"allow":["GET"]}}],"collection":[{"href":"https:\/\/www.asemer.ro\/index.php\/wp-json\/wp\/v2\/posts"}],"about":[{"href":"https:\/\/www.asemer.ro\/index.php\/wp-json\/wp\/v2\/types\/post"}],"author":[{"embeddable":true,"href":"https:\/\/www.asemer.ro\/index.php\/wp-json\/wp\/v2\/users\/3"}],"replies":[{"embeddable":true,"href":"https:\/\/www.asemer.ro\/index.php\/wp-json\/wp\/v2\/comments?post=7243"}],"version-history":[{"count":2,"href":"https:\/\/www.asemer.ro\/index.php\/wp-json\/wp\/v2\/posts\/7243\/revisions"}],"predecessor-version":[{"id":7311,"href":"https:\/\/www.asemer.ro\/index.php\/wp-json\/wp\/v2\/posts\/7243\/revisions\/7311"}],"wp:attachment":[{"href":"https:\/\/www.asemer.ro\/index.php\/wp-json\/wp\/v2\/media?parent=7243"}],"wp:term":[{"taxonomy":"category","embeddable":true,"href":"https:\/\/www.asemer.ro\/index.php\/wp-json\/wp\/v2\/categories?post=7243"},{"taxonomy":"post_tag","embeddable":true,"href":"https:\/\/www.asemer.ro\/index.php\/wp-json\/wp\/v2\/tags?post=7243"}],"curies":[{"name":"wp","href":"https:\/\/api.w.org\/{rel}","templated":true}]}}