{"id":7333,"date":"2022-04-29T10:20:00","date_gmt":"2022-04-29T08:20:00","guid":{"rendered":"https:\/\/www.asemer.ro\/?p=7333"},"modified":"2022-04-29T10:20:27","modified_gmt":"2022-04-29T08:20:27","slug":"entrevista-10","status":"publish","type":"post","link":"https:\/\/www.asemer.ro\/index.php\/2022\/04\/29\/entrevista-10\/","title":{"rendered":"ENTREVISTA"},"content":{"rendered":"<p style=\"text-align: center;\"><span style=\"color: #ff0000; font-size: 14pt;\"><strong>ANAMARIA DIACONESCU<\/strong><\/span><\/p>\n<p style=\"text-align: center;\"><span style=\"color: #000000;\"><strong>Director de la C\u00e1mara de Comercio Bilateral Hel\u00e9nica-Rumana<\/strong><\/span><\/p>\n<blockquote><p><em><span style=\"font-size: 10pt;\">Para m\u00ed Rumania significa \u00abHogar\u00bb, el lugar donde vive mi familia y donde me siento segura, mi zona de confort. Ruman\u00eda ha evolucionado mucho en los \u00faltimos 10 a\u00f1os y cada vez me siento m\u00e1s orgulloso de decir que soy rumano. Mi coraz\u00f3n late de forma m\u00e1s alerta cuando los extranjeros comparten aqu\u00ed su experiencia positiva, haci\u00e9ndome cada vez m\u00e1s consciente del aumento de la calidad de vida y de la belleza de nuestro patrimonio cultural, con tradiciones incomparables.<\/span><\/em><\/p><\/blockquote>\n<hr \/>\n<ol>\n<li><span style=\"font-family: Roboto;\"><strong>Cu\u00e9ntanos algunas palabras sobre ti y tu experiencia profesional.<\/strong><\/span><\/li>\n<\/ol>\n<p><span style=\"font-family: Roboto;\"><img loading=\"lazy\" decoding=\"async\" class=\"alignleft wp-image-7334 \" src=\"https:\/\/www.asemer.ro\/wp-content\/uploads\/2022\/04\/Anamaria.jpg\" alt=\"\" width=\"326\" height=\"462\" srcset=\"https:\/\/www.asemer.ro\/wp-content\/uploads\/2022\/04\/Anamaria.jpg 847w, https:\/\/www.asemer.ro\/wp-content\/uploads\/2022\/04\/Anamaria-212x300.jpg 212w, https:\/\/www.asemer.ro\/wp-content\/uploads\/2022\/04\/Anamaria-723x1024.jpg 723w, https:\/\/www.asemer.ro\/wp-content\/uploads\/2022\/04\/Anamaria-768x1088.jpg 768w, https:\/\/www.asemer.ro\/wp-content\/uploads\/2022\/04\/Anamaria-542x768.jpg 542w, https:\/\/www.asemer.ro\/wp-content\/uploads\/2022\/04\/Anamaria-720x1020.jpg 720w\" sizes=\"auto, (max-width: 326px) 100vw, 326px\" \/>Nac\u00ed siendo una persona optimista y si tuviera que describirme en pocas palabras, ser\u00eda positivo, orientado a la soluci\u00f3n, ambicioso y pacifista. Me encanta estar rodeada de personas creativas que estimulan mi mente y me ayudan a lograr grandes cosas. Y eso me har\u00eda agregar tambi\u00e9n \u201cafortunado\u201d en mi breve lista de atributos, ya que el universo ha sido generoso conmigo, trayendo a mi vida a personas que admiro y de las que tuve la oportunidad de aprender mucho.<\/span><\/p>\n<p><span style=\"font-family: Roboto;\">Mi experiencia profesional comienza en Grecia, en el a\u00f1o 2000, siendo a\u00fan estudiante comenc\u00e9 a trabajar en el sistema bancario. Un sistema que seguir\u00eda tambi\u00e9n en Ruman\u00eda, desde hace m\u00e1s de 15 a\u00f1os. Un per\u00edodo importante de mi vida que definir\u00eda mi car\u00e1cter, disciplinar\u00eda mis pensamientos y me convertir\u00eda en gran medida en lo que soy hoy. Sin embargo, debo admitir que los \u00faltimos 5 a\u00f1os son de los que estoy m\u00e1s orgulloso, los a\u00f1os dedicados a la comunidad griega y la C\u00e1mara de Comercio.<\/span><\/p>\n<ol start=\"2\">\n<li><span style=\"font-family: Roboto;\"><strong> \u00bfCu\u00e1l es tu opini\u00f3n sobre Ruman\u00eda y qu\u00e9 es lo que m\u00e1s te gusta de este pa\u00eds?<\/strong><\/span><\/li>\n<\/ol>\n<p><span style=\"font-family: Roboto;\">Para m\u00ed Rumania significa \u00abHogar\u00bb, el lugar donde vive mi familia y donde me siento segura, mi zona de confort. Ruman\u00eda ha evolucionado mucho en los \u00faltimos 10 a\u00f1os y cada vez me siento m\u00e1s orgulloso de decir que soy rumano. Mi coraz\u00f3n late de forma m\u00e1s alerta cuando los extranjeros comparten aqu\u00ed su experiencia positiva, haci\u00e9ndome cada vez m\u00e1s consciente del aumento de la calidad de vida y de la belleza de nuestro patrimonio cultural, con tradiciones incomparables.<\/span><\/p>\n<p><span style=\"font-family: Roboto;\">\u00bfQu\u00e9 es lo que m\u00e1s me gusta de Ruman\u00eda ? Dif\u00edcil de responder, pero lo m\u00e1s importante son nuestros hermosos parques, la naturaleza incomparable que ha sido tan generosa con nosotros.<\/span><\/p>\n<ol start=\"3\">\n<li><span style=\"font-family: Roboto;\"><strong> \u00bfC\u00f3mo cree que ha evolucionado el mercado rumano en los \u00faltimos a\u00f1os? \u00bfCree que todav\u00eda existen oportunidades de negocio en este pa\u00eds y c\u00f3mo cree que podr\u00edan aprovecharse?<\/strong><\/span><\/li>\n<\/ol>\n<p><span style=\"font-family: Roboto;\">El mercado rumano ha evolucionado mucho en los \u00faltimos a\u00f1os, este es el sentimiento com\u00fan que todos tenemos. Ha evolucionado y todav\u00eda tiene mucho espacio de mejora. Y aqu\u00ed vienen las oportunidades, las inversiones que conducir\u00e1n a la m\u00e1xima explotaci\u00f3n de este potencial.<\/span><\/p>\n<p><span style=\"font-family: Roboto;\">Nuestro papel como C\u00e1mara de Comercio, trabajando en estrecha colaboraci\u00f3n con nuestra Embajada, es dar a conocer continuamente estas oportunidades, crear ese entorno adecuado para present\u00e1rselas a los inversores potenciales, para tomar las acciones m\u00e1s adecuadas para que las transacciones exitosas sucedan.<\/span><\/p>\n<ol start=\"4\">\n<li><span style=\"font-family: Roboto;\"><strong> \u00bfC\u00f3mo eval\u00faa su mandato como Director de la C\u00e1mara de Comercio Bilateral Hel\u00e9nica-Rumana?<\/strong><\/span><\/li>\n<\/ol>\n<p><span style=\"font-family: Roboto;\">Valoro mi papel de Director de la C\u00e1mara de Comercio Bilateral Hel\u00e9nica Rumana con respeto por mi Junta que confi\u00f3 en m\u00ed y me empoder\u00f3 para cumplir planes ambiciosos y con gratitud a nuestras empresas, miembros que siempre apoyaron nuestros proyectos, tanto comerciales como culturales.<\/span><\/p>\n<ol start=\"5\">\n<li><span style=\"font-family: Roboto;\"><strong> \u00bfHan fortalecido Ruman\u00eda y Grecia sus relaciones desde que usted asumi\u00f3 el cargo de Director\/en los \u00faltimos a\u00f1os?<\/strong><\/span><\/li>\n<\/ol>\n<p><span style=\"font-family: Roboto;\">Con el riesgo de que se interprete como una falta de modestia, mi respuesta definitivamente ser\u00eda S\u00cd.<\/span><\/p>\n<p><span style=\"font-family: Roboto;\">Podr\u00eda enumerar muchas razones para esto, pero vale la pena mencionar el poder del turismo, la creciente atracci\u00f3n que sienten los rumanos por Grecia, la gran cantidad de rumanos que visitan Grecia cada verano, consider\u00e1ndolo como su segundo pa\u00eds de origen.<\/span><\/p>\n<ol start=\"6\">\n<li><span style=\"font-family: Roboto;\"><strong> \u00bfQu\u00e9 est\u00e1 impulsando la inversi\u00f3n griega? \u00bfEst\u00e1n los empresarios\/empresas griegos interesados \u200b\u200ben invertir m\u00e1s en el mercado rumano?<\/strong><\/span><\/li>\n<\/ol>\n<p><span style=\"font-family: Roboto;\">La proximidad, la misma religi\u00f3n y valores, el sistema fiscal favorable y los incentivos (impuesto de sociedades bajo) son para m\u00ed los principales impulsores de las inversiones griegas en Ruman\u00eda, para las empresas que vienen y se establecen aqu\u00ed, generando valor para ambos pa\u00edses.<\/span><\/p>\n<p><span style=\"font-family: Roboto;\">En mi opini\u00f3n, las inversiones griegas continuar\u00e1n en Ruman\u00eda, ya que representamos un pa\u00eds serio en el SEE, con pron\u00f3stico econ\u00f3mico y calificaciones favorables.<\/span><\/p>\n<ol start=\"7\">\n<li><span style=\"font-family: Roboto;\"><strong> \u00bfEn qu\u00e9 \u00e1reas cree que las empresas rumanas pueden encontrar oportunidades en Grecia?<\/strong><\/span><\/li>\n<\/ol>\n<p><span style=\"font-family: Roboto;\">Mencionar\u00eda los sectores de Real Estate, E-commerce y plataformas relacionadas y IT\/start-ups.<\/span><\/p>\n<p><span style=\"font-family: Roboto;\">En este sentido, tengo el placer de anunciar que a finales de junio de este a\u00f1o organizaremos una Cumbre de Inversiones en Atenas, presentando las oportunidades de inversi\u00f3n en Grecia a los grandes inversores rumanos. Nuestro objetivo es que Grecia se convierta tambi\u00e9n en un punto de referencia para los rumanos a la hora de invertir en el extranjero.<\/span><\/p>\n<ol start=\"8\">\n<li><span style=\"font-family: Roboto;\"><strong> \u00bfQu\u00e9 cree que Ruman\u00eda puede cambiar para atraer m\u00e1s empresas extranjeras?<\/strong><\/span><\/li>\n<\/ol>\n<p><span style=\"font-family: Roboto;\">Nuestra opini\u00f3n es que, para atraer m\u00e1s capital extranjero, Ruman\u00eda necesita m\u00e1s previsibilidad pol\u00edtica y legislativa, personal m\u00e1s especializado para proyectos espec\u00edficos y previsi\u00f3n para la adopci\u00f3n del euro como factor importante de estabilidad financiera.<\/span><\/p>\n<ol start=\"9\">\n<li><span style=\"font-family: Roboto;\"><strong> \u00bfCu\u00e1les son las principales fortalezas y debilidades de las empresas rumanas?<\/strong><\/span><\/li>\n<\/ol>\n<p><span style=\"font-family: Roboto;\">Como principales fortalezas mencionar\u00eda la remuneraci\u00f3n atractiva de la fuerza laboral\/los profesionales asequibles de alta calidad y la alta creatividad e innovaci\u00f3n.<\/span><\/p>\n<p><span style=\"font-family: Roboto;\">La burocracia, el bajo nivel de formaci\u00f3n de los empleados y la sostenibilidad de la organizaci\u00f3n ser\u00edan, en mi humilde opini\u00f3n, aspectos a seguir mejorando para conseguir mayores ingresos y beneficios.<\/span><\/p>\n<ol start=\"10\">\n<li><span style=\"font-family: Roboto;\"><strong> \u00bfHay alg\u00fan consejo que le dar\u00eda a los empresarios\/emprendedores que quieren invertir en Ruman\u00eda?<\/strong><\/span><\/li>\n<\/ol>\n<p><span style=\"font-family: Roboto;\">Eso s\u00ed, que pensarlo dos veces porque amar\u00e1n tanto Ruman\u00eda que nunca querr\u00e1n volver a Grecia ?<\/span><\/p>\n<p><span style=\"font-family: Roboto;\">Bromas aparte, les aconsejar\u00eda que se dirigieran a las autoridades competentes, que pidieran asistencia y orientaci\u00f3n especializada de nuestra C\u00e1mara y de la Embajada de Grecia en Bucarest, que confiaran en el correcto proceso de apertura de una empresa, trabajando con profesionales.<\/span><\/p>\n<p><span style=\"font-family: Roboto;\">Gracias por la oportunidad de esta entrevista, disfrut\u00e9 cada l\u00ednea y me di cuenta una vez m\u00e1s de lo mucho que disfruto mi papel.<\/span><\/p>\n","protected":false},"excerpt":{"rendered":"<p>ANAMARIA DIACONESCU Director de la C\u00e1mara de Comercio Bilateral Hel\u00e9nica-Rumana Para m\u00ed Rumania significa \u00abHogar\u00bb, el lugar donde vive mi [&hellip;]<\/p>\n","protected":false},"author":3,"featured_media":0,"comment_status":"open","ping_status":"open","sticky":false,"template":"","format":"standard","meta":{"footnotes":""},"categories":[54],"tags":[249,250,176],"class_list":["post-7333","post","type-post","status-publish","format-standard","hentry","category-entrevistas","tag-camara-de-comercio-bilateral-helenica-rumana","tag-hrcc","tag-rumania-2"],"yoast_head":"<!-- This site is optimized with the Yoast SEO plugin v27.4 - https:\/\/yoast.com\/product\/yoast-seo-wordpress\/ -->\n<title>ENTREVISTA - ASEMER<\/title>\n<meta name=\"robots\" content=\"index, follow, max-snippet:-1, max-image-preview:large, max-video-preview:-1\" \/>\n<link rel=\"canonical\" href=\"https:\/\/www.asemer.ro\/index.php\/2022\/04\/29\/entrevista-10\/\" \/>\n<meta property=\"og:locale\" content=\"es_ES\" \/>\n<meta property=\"og:type\" content=\"article\" \/>\n<meta property=\"og:title\" content=\"ENTREVISTA - ASEMER\" \/>\n<meta property=\"og:description\" content=\"ANAMARIA DIACONESCU Director de la C\u00e1mara de Comercio Bilateral Hel\u00e9nica-Rumana Para m\u00ed Rumania significa \u00abHogar\u00bb, el lugar donde vive mi [&hellip;]\" \/>\n<meta property=\"og:url\" content=\"https:\/\/www.asemer.ro\/index.php\/2022\/04\/29\/entrevista-10\/\" \/>\n<meta property=\"og:site_name\" content=\"ASEMER\" \/>\n<meta property=\"article:publisher\" content=\"https:\/\/www.facebook.com\/asociacionasemer\" \/>\n<meta property=\"article:published_time\" content=\"2022-04-29T08:20:00+00:00\" \/>\n<meta property=\"article:modified_time\" content=\"2022-04-29T08:20:27+00:00\" \/>\n<meta property=\"og:image\" content=\"https:\/\/www.asemer.ro\/wp-content\/uploads\/2022\/04\/Anamaria.jpg\" \/>\n<meta name=\"author\" content=\"Admin Asemer\" \/>\n<meta name=\"twitter:card\" content=\"summary_large_image\" \/>\n<meta name=\"twitter:creator\" content=\"@asemer_rumania\" \/>\n<meta name=\"twitter:site\" content=\"@asemer_rumania\" \/>\n<meta name=\"twitter:label1\" content=\"Escrito por\" \/>\n\t<meta name=\"twitter:data1\" content=\"Admin Asemer\" \/>\n\t<meta name=\"twitter:label2\" content=\"Tiempo de lectura\" \/>\n\t<meta name=\"twitter:data2\" content=\"5 minutos\" \/>\n<script type=\"application\/ld+json\" class=\"yoast-schema-graph\">{\"@context\":\"https:\\\/\\\/schema.org\",\"@graph\":[{\"@type\":\"Article\",\"@id\":\"https:\\\/\\\/www.asemer.ro\\\/index.php\\\/2022\\\/04\\\/29\\\/entrevista-10\\\/#article\",\"isPartOf\":{\"@id\":\"https:\\\/\\\/www.asemer.ro\\\/index.php\\\/2022\\\/04\\\/29\\\/entrevista-10\\\/\"},\"author\":{\"name\":\"Admin Asemer\",\"@id\":\"https:\\\/\\\/www.asemer.ro\\\/#\\\/schema\\\/person\\\/36de47e444c0f1a7b737a035d40519f9\"},\"headline\":\"ENTREVISTA\",\"datePublished\":\"2022-04-29T08:20:00+00:00\",\"dateModified\":\"2022-04-29T08:20:27+00:00\",\"mainEntityOfPage\":{\"@id\":\"https:\\\/\\\/www.asemer.ro\\\/index.php\\\/2022\\\/04\\\/29\\\/entrevista-10\\\/\"},\"wordCount\":1133,\"commentCount\":0,\"publisher\":{\"@id\":\"https:\\\/\\\/www.asemer.ro\\\/#organization\"},\"image\":{\"@id\":\"https:\\\/\\\/www.asemer.ro\\\/index.php\\\/2022\\\/04\\\/29\\\/entrevista-10\\\/#primaryimage\"},\"thumbnailUrl\":\"https:\\\/\\\/www.asemer.ro\\\/wp-content\\\/uploads\\\/2022\\\/04\\\/Anamaria.jpg\",\"keywords\":[\"C\u00e1mara de Comercio Bilateral Hel\u00e9nica-Rumana\",\"HRCC\",\"Ruman\u00eda\"],\"articleSection\":[\"entrevistas\"],\"inLanguage\":\"es\",\"potentialAction\":[{\"@type\":\"CommentAction\",\"name\":\"Comment\",\"target\":[\"https:\\\/\\\/www.asemer.ro\\\/index.php\\\/2022\\\/04\\\/29\\\/entrevista-10\\\/#respond\"]}]},{\"@type\":\"WebPage\",\"@id\":\"https:\\\/\\\/www.asemer.ro\\\/index.php\\\/2022\\\/04\\\/29\\\/entrevista-10\\\/\",\"url\":\"https:\\\/\\\/www.asemer.ro\\\/index.php\\\/2022\\\/04\\\/29\\\/entrevista-10\\\/\",\"name\":\"ENTREVISTA - ASEMER\",\"isPartOf\":{\"@id\":\"https:\\\/\\\/www.asemer.ro\\\/#website\"},\"primaryImageOfPage\":{\"@id\":\"https:\\\/\\\/www.asemer.ro\\\/index.php\\\/2022\\\/04\\\/29\\\/entrevista-10\\\/#primaryimage\"},\"image\":{\"@id\":\"https:\\\/\\\/www.asemer.ro\\\/index.php\\\/2022\\\/04\\\/29\\\/entrevista-10\\\/#primaryimage\"},\"thumbnailUrl\":\"https:\\\/\\\/www.asemer.ro\\\/wp-content\\\/uploads\\\/2022\\\/04\\\/Anamaria.jpg\",\"datePublished\":\"2022-04-29T08:20:00+00:00\",\"dateModified\":\"2022-04-29T08:20:27+00:00\",\"breadcrumb\":{\"@id\":\"https:\\\/\\\/www.asemer.ro\\\/index.php\\\/2022\\\/04\\\/29\\\/entrevista-10\\\/#breadcrumb\"},\"inLanguage\":\"es\",\"potentialAction\":[{\"@type\":\"ReadAction\",\"target\":[\"https:\\\/\\\/www.asemer.ro\\\/index.php\\\/2022\\\/04\\\/29\\\/entrevista-10\\\/\"]}]},{\"@type\":\"ImageObject\",\"inLanguage\":\"es\",\"@id\":\"https:\\\/\\\/www.asemer.ro\\\/index.php\\\/2022\\\/04\\\/29\\\/entrevista-10\\\/#primaryimage\",\"url\":\"https:\\\/\\\/www.asemer.ro\\\/wp-content\\\/uploads\\\/2022\\\/04\\\/Anamaria.jpg\",\"contentUrl\":\"https:\\\/\\\/www.asemer.ro\\\/wp-content\\\/uploads\\\/2022\\\/04\\\/Anamaria.jpg\",\"width\":847,\"height\":1200},{\"@type\":\"BreadcrumbList\",\"@id\":\"https:\\\/\\\/www.asemer.ro\\\/index.php\\\/2022\\\/04\\\/29\\\/entrevista-10\\\/#breadcrumb\",\"itemListElement\":[{\"@type\":\"ListItem\",\"position\":1,\"name\":\"Home\",\"item\":\"https:\\\/\\\/www.asemer.ro\\\/\"},{\"@type\":\"ListItem\",\"position\":2,\"name\":\"ENTREVISTA\"}]},{\"@type\":\"WebSite\",\"@id\":\"https:\\\/\\\/www.asemer.ro\\\/#website\",\"url\":\"https:\\\/\\\/www.asemer.ro\\\/\",\"name\":\"ASEMER\",\"description\":\"Asociaci\u00f3n de Empresas Espa\u00f1olas en Ruman\u00eda\",\"publisher\":{\"@id\":\"https:\\\/\\\/www.asemer.ro\\\/#organization\"},\"potentialAction\":[{\"@type\":\"SearchAction\",\"target\":{\"@type\":\"EntryPoint\",\"urlTemplate\":\"https:\\\/\\\/www.asemer.ro\\\/?s={search_term_string}\"},\"query-input\":{\"@type\":\"PropertyValueSpecification\",\"valueRequired\":true,\"valueName\":\"search_term_string\"}}],\"inLanguage\":\"es\"},{\"@type\":\"Organization\",\"@id\":\"https:\\\/\\\/www.asemer.ro\\\/#organization\",\"name\":\"ASEMER\",\"url\":\"https:\\\/\\\/www.asemer.ro\\\/\",\"logo\":{\"@type\":\"ImageObject\",\"inLanguage\":\"es\",\"@id\":\"https:\\\/\\\/www.asemer.ro\\\/#\\\/schema\\\/logo\\\/image\\\/\",\"url\":\"https:\\\/\\\/www.asemer.ro\\\/wp-content\\\/uploads\\\/2020\\\/12\\\/logo-ASEMER-scaled.jpg\",\"contentUrl\":\"https:\\\/\\\/www.asemer.ro\\\/wp-content\\\/uploads\\\/2020\\\/12\\\/logo-ASEMER-scaled.jpg\",\"width\":2560,\"height\":849,\"caption\":\"ASEMER\"},\"image\":{\"@id\":\"https:\\\/\\\/www.asemer.ro\\\/#\\\/schema\\\/logo\\\/image\\\/\"},\"sameAs\":[\"https:\\\/\\\/www.facebook.com\\\/asociacionasemer\",\"https:\\\/\\\/x.com\\\/asemer_rumania\",\"https:\\\/\\\/ro.linkedin.com\\\/in\\\/asemer-asociaci\u00f3n-empresas-espa\u00f1olas-en-ruman\u00eda-724772a6?trk=author_mini-profile_title\",\"https:\\\/\\\/www.youtube.com\\\/channel\\\/UC73m8-BDsg857OL0Ogv5aQA\\\/videos\"]},{\"@type\":\"Person\",\"@id\":\"https:\\\/\\\/www.asemer.ro\\\/#\\\/schema\\\/person\\\/36de47e444c0f1a7b737a035d40519f9\",\"name\":\"Admin Asemer\",\"image\":{\"@type\":\"ImageObject\",\"inLanguage\":\"es\",\"@id\":\"https:\\\/\\\/secure.gravatar.com\\\/avatar\\\/b64873d65b5be684e01a001c464789c445a7279ef3f177f5fbff5d83eb373299?s=96&d=mm&r=g\",\"url\":\"https:\\\/\\\/secure.gravatar.com\\\/avatar\\\/b64873d65b5be684e01a001c464789c445a7279ef3f177f5fbff5d83eb373299?s=96&d=mm&r=g\",\"contentUrl\":\"https:\\\/\\\/secure.gravatar.com\\\/avatar\\\/b64873d65b5be684e01a001c464789c445a7279ef3f177f5fbff5d83eb373299?s=96&d=mm&r=g\",\"caption\":\"Admin Asemer\"},\"url\":\"https:\\\/\\\/www.asemer.ro\\\/index.php\\\/author\\\/admin\\\/\"}]}<\/script>\n<!-- \/ Yoast SEO plugin. -->","yoast_head_json":{"title":"ENTREVISTA - ASEMER","robots":{"index":"index","follow":"follow","max-snippet":"max-snippet:-1","max-image-preview":"max-image-preview:large","max-video-preview":"max-video-preview:-1"},"canonical":"https:\/\/www.asemer.ro\/index.php\/2022\/04\/29\/entrevista-10\/","og_locale":"es_ES","og_type":"article","og_title":"ENTREVISTA - ASEMER","og_description":"ANAMARIA DIACONESCU Director de la C\u00e1mara de Comercio Bilateral Hel\u00e9nica-Rumana Para m\u00ed Rumania significa \u00abHogar\u00bb, el lugar donde vive mi [&hellip;]","og_url":"https:\/\/www.asemer.ro\/index.php\/2022\/04\/29\/entrevista-10\/","og_site_name":"ASEMER","article_publisher":"https:\/\/www.facebook.com\/asociacionasemer","article_published_time":"2022-04-29T08:20:00+00:00","article_modified_time":"2022-04-29T08:20:27+00:00","og_image":[{"url":"https:\/\/www.asemer.ro\/wp-content\/uploads\/2022\/04\/Anamaria.jpg","type":"","width":"","height":""}],"author":"Admin Asemer","twitter_card":"summary_large_image","twitter_creator":"@asemer_rumania","twitter_site":"@asemer_rumania","twitter_misc":{"Escrito por":"Admin Asemer","Tiempo de lectura":"5 minutos"},"schema":{"@context":"https:\/\/schema.org","@graph":[{"@type":"Article","@id":"https:\/\/www.asemer.ro\/index.php\/2022\/04\/29\/entrevista-10\/#article","isPartOf":{"@id":"https:\/\/www.asemer.ro\/index.php\/2022\/04\/29\/entrevista-10\/"},"author":{"name":"Admin Asemer","@id":"https:\/\/www.asemer.ro\/#\/schema\/person\/36de47e444c0f1a7b737a035d40519f9"},"headline":"ENTREVISTA","datePublished":"2022-04-29T08:20:00+00:00","dateModified":"2022-04-29T08:20:27+00:00","mainEntityOfPage":{"@id":"https:\/\/www.asemer.ro\/index.php\/2022\/04\/29\/entrevista-10\/"},"wordCount":1133,"commentCount":0,"publisher":{"@id":"https:\/\/www.asemer.ro\/#organization"},"image":{"@id":"https:\/\/www.asemer.ro\/index.php\/2022\/04\/29\/entrevista-10\/#primaryimage"},"thumbnailUrl":"https:\/\/www.asemer.ro\/wp-content\/uploads\/2022\/04\/Anamaria.jpg","keywords":["C\u00e1mara de Comercio Bilateral Hel\u00e9nica-Rumana","HRCC","Ruman\u00eda"],"articleSection":["entrevistas"],"inLanguage":"es","potentialAction":[{"@type":"CommentAction","name":"Comment","target":["https:\/\/www.asemer.ro\/index.php\/2022\/04\/29\/entrevista-10\/#respond"]}]},{"@type":"WebPage","@id":"https:\/\/www.asemer.ro\/index.php\/2022\/04\/29\/entrevista-10\/","url":"https:\/\/www.asemer.ro\/index.php\/2022\/04\/29\/entrevista-10\/","name":"ENTREVISTA - ASEMER","isPartOf":{"@id":"https:\/\/www.asemer.ro\/#website"},"primaryImageOfPage":{"@id":"https:\/\/www.asemer.ro\/index.php\/2022\/04\/29\/entrevista-10\/#primaryimage"},"image":{"@id":"https:\/\/www.asemer.ro\/index.php\/2022\/04\/29\/entrevista-10\/#primaryimage"},"thumbnailUrl":"https:\/\/www.asemer.ro\/wp-content\/uploads\/2022\/04\/Anamaria.jpg","datePublished":"2022-04-29T08:20:00+00:00","dateModified":"2022-04-29T08:20:27+00:00","breadcrumb":{"@id":"https:\/\/www.asemer.ro\/index.php\/2022\/04\/29\/entrevista-10\/#breadcrumb"},"inLanguage":"es","potentialAction":[{"@type":"ReadAction","target":["https:\/\/www.asemer.ro\/index.php\/2022\/04\/29\/entrevista-10\/"]}]},{"@type":"ImageObject","inLanguage":"es","@id":"https:\/\/www.asemer.ro\/index.php\/2022\/04\/29\/entrevista-10\/#primaryimage","url":"https:\/\/www.asemer.ro\/wp-content\/uploads\/2022\/04\/Anamaria.jpg","contentUrl":"https:\/\/www.asemer.ro\/wp-content\/uploads\/2022\/04\/Anamaria.jpg","width":847,"height":1200},{"@type":"BreadcrumbList","@id":"https:\/\/www.asemer.ro\/index.php\/2022\/04\/29\/entrevista-10\/#breadcrumb","itemListElement":[{"@type":"ListItem","position":1,"name":"Home","item":"https:\/\/www.asemer.ro\/"},{"@type":"ListItem","position":2,"name":"ENTREVISTA"}]},{"@type":"WebSite","@id":"https:\/\/www.asemer.ro\/#website","url":"https:\/\/www.asemer.ro\/","name":"ASEMER","description":"Asociaci\u00f3n de Empresas Espa\u00f1olas en Ruman\u00eda","publisher":{"@id":"https:\/\/www.asemer.ro\/#organization"},"potentialAction":[{"@type":"SearchAction","target":{"@type":"EntryPoint","urlTemplate":"https:\/\/www.asemer.ro\/?s={search_term_string}"},"query-input":{"@type":"PropertyValueSpecification","valueRequired":true,"valueName":"search_term_string"}}],"inLanguage":"es"},{"@type":"Organization","@id":"https:\/\/www.asemer.ro\/#organization","name":"ASEMER","url":"https:\/\/www.asemer.ro\/","logo":{"@type":"ImageObject","inLanguage":"es","@id":"https:\/\/www.asemer.ro\/#\/schema\/logo\/image\/","url":"https:\/\/www.asemer.ro\/wp-content\/uploads\/2020\/12\/logo-ASEMER-scaled.jpg","contentUrl":"https:\/\/www.asemer.ro\/wp-content\/uploads\/2020\/12\/logo-ASEMER-scaled.jpg","width":2560,"height":849,"caption":"ASEMER"},"image":{"@id":"https:\/\/www.asemer.ro\/#\/schema\/logo\/image\/"},"sameAs":["https:\/\/www.facebook.com\/asociacionasemer","https:\/\/x.com\/asemer_rumania","https:\/\/ro.linkedin.com\/in\/asemer-asociaci\u00f3n-empresas-espa\u00f1olas-en-ruman\u00eda-724772a6?trk=author_mini-profile_title","https:\/\/www.youtube.com\/channel\/UC73m8-BDsg857OL0Ogv5aQA\/videos"]},{"@type":"Person","@id":"https:\/\/www.asemer.ro\/#\/schema\/person\/36de47e444c0f1a7b737a035d40519f9","name":"Admin Asemer","image":{"@type":"ImageObject","inLanguage":"es","@id":"https:\/\/secure.gravatar.com\/avatar\/b64873d65b5be684e01a001c464789c445a7279ef3f177f5fbff5d83eb373299?s=96&d=mm&r=g","url":"https:\/\/secure.gravatar.com\/avatar\/b64873d65b5be684e01a001c464789c445a7279ef3f177f5fbff5d83eb373299?s=96&d=mm&r=g","contentUrl":"https:\/\/secure.gravatar.com\/avatar\/b64873d65b5be684e01a001c464789c445a7279ef3f177f5fbff5d83eb373299?s=96&d=mm&r=g","caption":"Admin Asemer"},"url":"https:\/\/www.asemer.ro\/index.php\/author\/admin\/"}]}},"_links":{"self":[{"href":"https:\/\/www.asemer.ro\/index.php\/wp-json\/wp\/v2\/posts\/7333","targetHints":{"allow":["GET"]}}],"collection":[{"href":"https:\/\/www.asemer.ro\/index.php\/wp-json\/wp\/v2\/posts"}],"about":[{"href":"https:\/\/www.asemer.ro\/index.php\/wp-json\/wp\/v2\/types\/post"}],"author":[{"embeddable":true,"href":"https:\/\/www.asemer.ro\/index.php\/wp-json\/wp\/v2\/users\/3"}],"replies":[{"embeddable":true,"href":"https:\/\/www.asemer.ro\/index.php\/wp-json\/wp\/v2\/comments?post=7333"}],"version-history":[{"count":1,"href":"https:\/\/www.asemer.ro\/index.php\/wp-json\/wp\/v2\/posts\/7333\/revisions"}],"predecessor-version":[{"id":7335,"href":"https:\/\/www.asemer.ro\/index.php\/wp-json\/wp\/v2\/posts\/7333\/revisions\/7335"}],"wp:attachment":[{"href":"https:\/\/www.asemer.ro\/index.php\/wp-json\/wp\/v2\/media?parent=7333"}],"wp:term":[{"taxonomy":"category","embeddable":true,"href":"https:\/\/www.asemer.ro\/index.php\/wp-json\/wp\/v2\/categories?post=7333"},{"taxonomy":"post_tag","embeddable":true,"href":"https:\/\/www.asemer.ro\/index.php\/wp-json\/wp\/v2\/tags?post=7333"}],"curies":[{"name":"wp","href":"https:\/\/api.w.org\/{rel}","templated":true}]}}