{"id":7412,"date":"2022-05-30T19:35:58","date_gmt":"2022-05-30T17:35:58","guid":{"rendered":"https:\/\/www.asemer.ro\/?p=7412"},"modified":"2022-05-31T12:10:33","modified_gmt":"2022-05-31T10:10:33","slug":"noticias-ibericas-5","status":"publish","type":"post","link":"https:\/\/www.asemer.ro\/index.php\/2022\/05\/30\/noticias-ibericas-5\/","title":{"rendered":"Noticias ib\u00e9ricas"},"content":{"rendered":"<p style=\"text-align: center;\"><strong><span style=\"font-size: 24pt;\"><span style=\"font-family: Roboto; color: #000000;\">Welcome to Portugal, the new expat haven. <\/span><span style=\"font-family: Roboto; color: #000000;\">Californians, please go home<\/span><\/span><\/strong><\/p>\n<p><img loading=\"lazy\" decoding=\"async\" class=\"aligncenter wp-image-7413 size-full\" src=\"https:\/\/www.asemer.ro\/wp-content\/uploads\/2022\/05\/cascais.jpg\" alt=\"\" width=\"650\" height=\"366\" srcset=\"https:\/\/www.asemer.ro\/wp-content\/uploads\/2022\/05\/cascais.jpg 650w, https:\/\/www.asemer.ro\/wp-content\/uploads\/2022\/05\/cascais-300x169.jpg 300w\" sizes=\"auto, (max-width: 650px) 100vw, 650px\" \/><\/p>\n<hr \/>\n<p><span style=\"font-family: Roboto; color: #000000;\">CASCAIS, Portugal\u00a0\u2014\u00a0Jamie Dixon landed in this hilly seaside town nine months ago, ditching her luxury trailer in Malibu for a two-floor rooftop apartment that\u2019s twice the size for a fraction of the rent.<\/span><\/p>\n<p><span style=\"font-family: Roboto; color: #000000;\">Her escape from her native California came amid growing costs of living, encroaching wildfires and a waning sense of safety after the burglary of a neighbor\u2019s home. The fitness-trainer-turned-startup-worker decided it was time to reinvent herself in a foreign land, but like many American expats she didn\u2019t want to feel too far from home.<\/span><\/p>\n<p><span style=\"font-family: Roboto; color: #000000;\">In this wealthy enclave about 15 miles from the Portuguese capital, Lisbon, she found her slice of California on the west coast of Europe: ocean breezes, mountain views, hot spring days on palm-tree-lined promenades, and the glow of sunsets that seep into the night.<\/span><\/p>\n<p><span style=\"font-family: Roboto; color: #000000;\">\u201cThings were just becoming too much back home, but I didn\u2019t want to leave everything about L.A. behind,\u201d said Dixon, 37. Dressed in yoga pants and cross-trainers, she sipped white wine at an organic cafe that overlooked waves crashing into Big Sur-like cliffs a short walk from the rental she shares with her actor husband and 7-year-old daughter.<\/span><\/p>\n<p><span style=\"font-family: Roboto; color: #000000;\">\u201cWith Portugal,\u201d she said, \u201cwe could keep the parts we liked and leave the rest.\u201d<\/span><\/p>\n<p><span style=\"font-family: Roboto; color: #000000;\">Dixon has plenty of company in a country that has become an international destination for tourism and residency alike.<\/span><\/p>\n<p><span style=\"font-family: Roboto; color: #000000;\">This once seafaring empire known for Port wine and Fado music can feel a lot like California. Except it\u2019s much more affordable on a U.S. budget. That\u2019s one reason the slender nation on the Atlantic has attracted \u2014 and even advertised to \u2014 Americans who are packing up.<\/span><\/p>\n<p><span style=\"font-family: Roboto; color: #000000;\">In the last decade, the overall population in Portugal has declined even as the number of foreigners has grown by 40%. The ranks of American citizens living in this land of 10 million shot up by 45% last year. Within the mix of retirees, digital nomads and young families fed up with issues including the costs of housing and healthcare, Trumpian politics and pandemic policies, Californians are making themselves known in a country once considered the forgotten sibling of Spain.<\/span><\/p>\n<p><span style=\"font-family: Roboto; color: #000000;\">\u201cI\u2019d say 95% of my clients are now Americans,\u201d said Andr\u00e9 Fernandes, a 38-year-old Porto-based real estate broker who, upon seeing the surge in interest in his homeland, moved back from New Jersey three years ago and switched from installing fire sprinklers to selling housing. \u201cIn the last week, I\u2019ve called or emailed with people from California, Arizona and New Mexico.\u201d One recent client, he said, was a Netflix writer.<\/span><\/p>\n<p><span style=\"font-family: Roboto; color: #000000;\">Portugal emerged from the financial crisis of the mid-2000s as one of the European Union\u2019s poorest nations. With the economy in shambles, Lisbon lawmakers drafted immigration laws to aggressively court foreign professionals, from the wealthy, who could essentially buy residency by purchasing land, to remote workers, who could secure a path to citizenship by earning money abroad but spending it here. More recently, the nation, which for the last seven years has hosted the Web Summit tech conference, has fashioned itself as a tax haven for cryptocurrency investors.<\/span><\/p>\n<p><span style=\"font-family: Roboto; color: #000000;\">Continue reading at <\/span><a href=\"https:\/\/www.latimes.com\/world-nation\/story\/2022-05-12\/california-expats-portugal-relocation-lisbon\"><span style=\"font-family: Roboto; color: #ff6600;\">https:\/\/www.latimes.com\/world-nation\/story\/2022-05-12\/california-expats-portugal-relocation-lisbon<\/span><\/a><\/p>\n","protected":false},"excerpt":{"rendered":"<p>Welcome to Portugal, the new expat haven. Californians, please go home CASCAIS, Portugal\u00a0\u2014\u00a0Jamie Dixon landed in this hilly seaside town [&hellip;]<\/p>\n","protected":false},"author":3,"featured_media":0,"comment_status":"open","ping_status":"open","sticky":false,"template":"","format":"standard","meta":{"footnotes":""},"categories":[1],"tags":[243],"class_list":["post-7412","post","type-post","status-publish","format-standard","hentry","category-uncategorized","tag-collaboration-with-the-bilateral-chamber-portugal-romania"],"yoast_head":"<!-- This site is optimized with the Yoast SEO plugin v27.5 - https:\/\/yoast.com\/product\/yoast-seo-wordpress\/ -->\n<title>Noticias ib\u00e9ricas - ASEMER<\/title>\n<meta name=\"robots\" content=\"index, follow, max-snippet:-1, max-image-preview:large, max-video-preview:-1\" \/>\n<link rel=\"canonical\" href=\"https:\/\/www.asemer.ro\/index.php\/2022\/05\/30\/noticias-ibericas-5\/\" \/>\n<meta property=\"og:locale\" content=\"es_ES\" \/>\n<meta property=\"og:type\" content=\"article\" \/>\n<meta property=\"og:title\" content=\"Noticias ib\u00e9ricas - ASEMER\" \/>\n<meta property=\"og:description\" content=\"Welcome to Portugal, the new expat haven. Californians, please go home CASCAIS, Portugal\u00a0\u2014\u00a0Jamie Dixon landed in this hilly seaside town [&hellip;]\" \/>\n<meta property=\"og:url\" content=\"https:\/\/www.asemer.ro\/index.php\/2022\/05\/30\/noticias-ibericas-5\/\" \/>\n<meta property=\"og:site_name\" content=\"ASEMER\" \/>\n<meta property=\"article:publisher\" content=\"https:\/\/www.facebook.com\/asociacionasemer\" \/>\n<meta property=\"article:published_time\" content=\"2022-05-30T17:35:58+00:00\" \/>\n<meta property=\"article:modified_time\" content=\"2022-05-31T10:10:33+00:00\" \/>\n<meta property=\"og:image\" content=\"https:\/\/www.asemer.ro\/wp-content\/uploads\/2022\/05\/cascais.jpg\" \/>\n<meta name=\"author\" content=\"Admin Asemer\" \/>\n<meta name=\"twitter:card\" content=\"summary_large_image\" \/>\n<meta name=\"twitter:creator\" content=\"@asemer_rumania\" \/>\n<meta name=\"twitter:site\" content=\"@asemer_rumania\" \/>\n<meta name=\"twitter:label1\" content=\"Escrito por\" \/>\n\t<meta name=\"twitter:data1\" content=\"Admin Asemer\" \/>\n\t<meta name=\"twitter:label2\" content=\"Tiempo de lectura\" \/>\n\t<meta name=\"twitter:data2\" content=\"3 minutos\" \/>\n<script type=\"application\/ld+json\" class=\"yoast-schema-graph\">{\"@context\":\"https:\\\/\\\/schema.org\",\"@graph\":[{\"@type\":\"Article\",\"@id\":\"https:\\\/\\\/www.asemer.ro\\\/index.php\\\/2022\\\/05\\\/30\\\/noticias-ibericas-5\\\/#article\",\"isPartOf\":{\"@id\":\"https:\\\/\\\/www.asemer.ro\\\/index.php\\\/2022\\\/05\\\/30\\\/noticias-ibericas-5\\\/\"},\"author\":{\"name\":\"Admin Asemer\",\"@id\":\"https:\\\/\\\/www.asemer.ro\\\/#\\\/schema\\\/person\\\/36de47e444c0f1a7b737a035d40519f9\"},\"headline\":\"Noticias ib\u00e9ricas\",\"datePublished\":\"2022-05-30T17:35:58+00:00\",\"dateModified\":\"2022-05-31T10:10:33+00:00\",\"mainEntityOfPage\":{\"@id\":\"https:\\\/\\\/www.asemer.ro\\\/index.php\\\/2022\\\/05\\\/30\\\/noticias-ibericas-5\\\/\"},\"wordCount\":540,\"commentCount\":0,\"publisher\":{\"@id\":\"https:\\\/\\\/www.asemer.ro\\\/#organization\"},\"image\":{\"@id\":\"https:\\\/\\\/www.asemer.ro\\\/index.php\\\/2022\\\/05\\\/30\\\/noticias-ibericas-5\\\/#primaryimage\"},\"thumbnailUrl\":\"https:\\\/\\\/www.asemer.ro\\\/wp-content\\\/uploads\\\/2022\\\/05\\\/cascais.jpg\",\"keywords\":[\"Collaboration with the Bilateral Chamber Portugal-Romania\"],\"articleSection\":[\"Uncategorized\"],\"inLanguage\":\"es\",\"potentialAction\":[{\"@type\":\"CommentAction\",\"name\":\"Comment\",\"target\":[\"https:\\\/\\\/www.asemer.ro\\\/index.php\\\/2022\\\/05\\\/30\\\/noticias-ibericas-5\\\/#respond\"]}]},{\"@type\":\"WebPage\",\"@id\":\"https:\\\/\\\/www.asemer.ro\\\/index.php\\\/2022\\\/05\\\/30\\\/noticias-ibericas-5\\\/\",\"url\":\"https:\\\/\\\/www.asemer.ro\\\/index.php\\\/2022\\\/05\\\/30\\\/noticias-ibericas-5\\\/\",\"name\":\"Noticias ib\u00e9ricas - ASEMER\",\"isPartOf\":{\"@id\":\"https:\\\/\\\/www.asemer.ro\\\/#website\"},\"primaryImageOfPage\":{\"@id\":\"https:\\\/\\\/www.asemer.ro\\\/index.php\\\/2022\\\/05\\\/30\\\/noticias-ibericas-5\\\/#primaryimage\"},\"image\":{\"@id\":\"https:\\\/\\\/www.asemer.ro\\\/index.php\\\/2022\\\/05\\\/30\\\/noticias-ibericas-5\\\/#primaryimage\"},\"thumbnailUrl\":\"https:\\\/\\\/www.asemer.ro\\\/wp-content\\\/uploads\\\/2022\\\/05\\\/cascais.jpg\",\"datePublished\":\"2022-05-30T17:35:58+00:00\",\"dateModified\":\"2022-05-31T10:10:33+00:00\",\"breadcrumb\":{\"@id\":\"https:\\\/\\\/www.asemer.ro\\\/index.php\\\/2022\\\/05\\\/30\\\/noticias-ibericas-5\\\/#breadcrumb\"},\"inLanguage\":\"es\",\"potentialAction\":[{\"@type\":\"ReadAction\",\"target\":[\"https:\\\/\\\/www.asemer.ro\\\/index.php\\\/2022\\\/05\\\/30\\\/noticias-ibericas-5\\\/\"]}]},{\"@type\":\"ImageObject\",\"inLanguage\":\"es\",\"@id\":\"https:\\\/\\\/www.asemer.ro\\\/index.php\\\/2022\\\/05\\\/30\\\/noticias-ibericas-5\\\/#primaryimage\",\"url\":\"https:\\\/\\\/www.asemer.ro\\\/wp-content\\\/uploads\\\/2022\\\/05\\\/cascais.jpg\",\"contentUrl\":\"https:\\\/\\\/www.asemer.ro\\\/wp-content\\\/uploads\\\/2022\\\/05\\\/cascais.jpg\",\"width\":650,\"height\":366},{\"@type\":\"BreadcrumbList\",\"@id\":\"https:\\\/\\\/www.asemer.ro\\\/index.php\\\/2022\\\/05\\\/30\\\/noticias-ibericas-5\\\/#breadcrumb\",\"itemListElement\":[{\"@type\":\"ListItem\",\"position\":1,\"name\":\"Home\",\"item\":\"https:\\\/\\\/www.asemer.ro\\\/\"},{\"@type\":\"ListItem\",\"position\":2,\"name\":\"Noticias ib\u00e9ricas\"}]},{\"@type\":\"WebSite\",\"@id\":\"https:\\\/\\\/www.asemer.ro\\\/#website\",\"url\":\"https:\\\/\\\/www.asemer.ro\\\/\",\"name\":\"ASEMER\",\"description\":\"Asociaci\u00f3n de Empresas Espa\u00f1olas en Ruman\u00eda\",\"publisher\":{\"@id\":\"https:\\\/\\\/www.asemer.ro\\\/#organization\"},\"potentialAction\":[{\"@type\":\"SearchAction\",\"target\":{\"@type\":\"EntryPoint\",\"urlTemplate\":\"https:\\\/\\\/www.asemer.ro\\\/?s={search_term_string}\"},\"query-input\":{\"@type\":\"PropertyValueSpecification\",\"valueRequired\":true,\"valueName\":\"search_term_string\"}}],\"inLanguage\":\"es\"},{\"@type\":\"Organization\",\"@id\":\"https:\\\/\\\/www.asemer.ro\\\/#organization\",\"name\":\"ASEMER\",\"url\":\"https:\\\/\\\/www.asemer.ro\\\/\",\"logo\":{\"@type\":\"ImageObject\",\"inLanguage\":\"es\",\"@id\":\"https:\\\/\\\/www.asemer.ro\\\/#\\\/schema\\\/logo\\\/image\\\/\",\"url\":\"https:\\\/\\\/www.asemer.ro\\\/wp-content\\\/uploads\\\/2020\\\/12\\\/logo-ASEMER-scaled.jpg\",\"contentUrl\":\"https:\\\/\\\/www.asemer.ro\\\/wp-content\\\/uploads\\\/2020\\\/12\\\/logo-ASEMER-scaled.jpg\",\"width\":2560,\"height\":849,\"caption\":\"ASEMER\"},\"image\":{\"@id\":\"https:\\\/\\\/www.asemer.ro\\\/#\\\/schema\\\/logo\\\/image\\\/\"},\"sameAs\":[\"https:\\\/\\\/www.facebook.com\\\/asociacionasemer\",\"https:\\\/\\\/x.com\\\/asemer_rumania\",\"https:\\\/\\\/ro.linkedin.com\\\/in\\\/asemer-asociaci\u00f3n-empresas-espa\u00f1olas-en-ruman\u00eda-724772a6?trk=author_mini-profile_title\",\"https:\\\/\\\/www.youtube.com\\\/channel\\\/UC73m8-BDsg857OL0Ogv5aQA\\\/videos\"]},{\"@type\":\"Person\",\"@id\":\"https:\\\/\\\/www.asemer.ro\\\/#\\\/schema\\\/person\\\/36de47e444c0f1a7b737a035d40519f9\",\"name\":\"Admin Asemer\",\"image\":{\"@type\":\"ImageObject\",\"inLanguage\":\"es\",\"@id\":\"https:\\\/\\\/secure.gravatar.com\\\/avatar\\\/b64873d65b5be684e01a001c464789c445a7279ef3f177f5fbff5d83eb373299?s=96&d=mm&r=g\",\"url\":\"https:\\\/\\\/secure.gravatar.com\\\/avatar\\\/b64873d65b5be684e01a001c464789c445a7279ef3f177f5fbff5d83eb373299?s=96&d=mm&r=g\",\"contentUrl\":\"https:\\\/\\\/secure.gravatar.com\\\/avatar\\\/b64873d65b5be684e01a001c464789c445a7279ef3f177f5fbff5d83eb373299?s=96&d=mm&r=g\",\"caption\":\"Admin Asemer\"},\"url\":\"https:\\\/\\\/www.asemer.ro\\\/index.php\\\/author\\\/admin\\\/\"}]}<\/script>\n<!-- \/ Yoast SEO plugin. -->","yoast_head_json":{"title":"Noticias ib\u00e9ricas - ASEMER","robots":{"index":"index","follow":"follow","max-snippet":"max-snippet:-1","max-image-preview":"max-image-preview:large","max-video-preview":"max-video-preview:-1"},"canonical":"https:\/\/www.asemer.ro\/index.php\/2022\/05\/30\/noticias-ibericas-5\/","og_locale":"es_ES","og_type":"article","og_title":"Noticias ib\u00e9ricas - ASEMER","og_description":"Welcome to Portugal, the new expat haven. Californians, please go home CASCAIS, Portugal\u00a0\u2014\u00a0Jamie Dixon landed in this hilly seaside town [&hellip;]","og_url":"https:\/\/www.asemer.ro\/index.php\/2022\/05\/30\/noticias-ibericas-5\/","og_site_name":"ASEMER","article_publisher":"https:\/\/www.facebook.com\/asociacionasemer","article_published_time":"2022-05-30T17:35:58+00:00","article_modified_time":"2022-05-31T10:10:33+00:00","og_image":[{"url":"https:\/\/www.asemer.ro\/wp-content\/uploads\/2022\/05\/cascais.jpg","type":"","width":"","height":""}],"author":"Admin Asemer","twitter_card":"summary_large_image","twitter_creator":"@asemer_rumania","twitter_site":"@asemer_rumania","twitter_misc":{"Escrito por":"Admin Asemer","Tiempo de lectura":"3 minutos"},"schema":{"@context":"https:\/\/schema.org","@graph":[{"@type":"Article","@id":"https:\/\/www.asemer.ro\/index.php\/2022\/05\/30\/noticias-ibericas-5\/#article","isPartOf":{"@id":"https:\/\/www.asemer.ro\/index.php\/2022\/05\/30\/noticias-ibericas-5\/"},"author":{"name":"Admin Asemer","@id":"https:\/\/www.asemer.ro\/#\/schema\/person\/36de47e444c0f1a7b737a035d40519f9"},"headline":"Noticias ib\u00e9ricas","datePublished":"2022-05-30T17:35:58+00:00","dateModified":"2022-05-31T10:10:33+00:00","mainEntityOfPage":{"@id":"https:\/\/www.asemer.ro\/index.php\/2022\/05\/30\/noticias-ibericas-5\/"},"wordCount":540,"commentCount":0,"publisher":{"@id":"https:\/\/www.asemer.ro\/#organization"},"image":{"@id":"https:\/\/www.asemer.ro\/index.php\/2022\/05\/30\/noticias-ibericas-5\/#primaryimage"},"thumbnailUrl":"https:\/\/www.asemer.ro\/wp-content\/uploads\/2022\/05\/cascais.jpg","keywords":["Collaboration with the Bilateral Chamber Portugal-Romania"],"articleSection":["Uncategorized"],"inLanguage":"es","potentialAction":[{"@type":"CommentAction","name":"Comment","target":["https:\/\/www.asemer.ro\/index.php\/2022\/05\/30\/noticias-ibericas-5\/#respond"]}]},{"@type":"WebPage","@id":"https:\/\/www.asemer.ro\/index.php\/2022\/05\/30\/noticias-ibericas-5\/","url":"https:\/\/www.asemer.ro\/index.php\/2022\/05\/30\/noticias-ibericas-5\/","name":"Noticias ib\u00e9ricas - ASEMER","isPartOf":{"@id":"https:\/\/www.asemer.ro\/#website"},"primaryImageOfPage":{"@id":"https:\/\/www.asemer.ro\/index.php\/2022\/05\/30\/noticias-ibericas-5\/#primaryimage"},"image":{"@id":"https:\/\/www.asemer.ro\/index.php\/2022\/05\/30\/noticias-ibericas-5\/#primaryimage"},"thumbnailUrl":"https:\/\/www.asemer.ro\/wp-content\/uploads\/2022\/05\/cascais.jpg","datePublished":"2022-05-30T17:35:58+00:00","dateModified":"2022-05-31T10:10:33+00:00","breadcrumb":{"@id":"https:\/\/www.asemer.ro\/index.php\/2022\/05\/30\/noticias-ibericas-5\/#breadcrumb"},"inLanguage":"es","potentialAction":[{"@type":"ReadAction","target":["https:\/\/www.asemer.ro\/index.php\/2022\/05\/30\/noticias-ibericas-5\/"]}]},{"@type":"ImageObject","inLanguage":"es","@id":"https:\/\/www.asemer.ro\/index.php\/2022\/05\/30\/noticias-ibericas-5\/#primaryimage","url":"https:\/\/www.asemer.ro\/wp-content\/uploads\/2022\/05\/cascais.jpg","contentUrl":"https:\/\/www.asemer.ro\/wp-content\/uploads\/2022\/05\/cascais.jpg","width":650,"height":366},{"@type":"BreadcrumbList","@id":"https:\/\/www.asemer.ro\/index.php\/2022\/05\/30\/noticias-ibericas-5\/#breadcrumb","itemListElement":[{"@type":"ListItem","position":1,"name":"Home","item":"https:\/\/www.asemer.ro\/"},{"@type":"ListItem","position":2,"name":"Noticias ib\u00e9ricas"}]},{"@type":"WebSite","@id":"https:\/\/www.asemer.ro\/#website","url":"https:\/\/www.asemer.ro\/","name":"ASEMER","description":"Asociaci\u00f3n de Empresas Espa\u00f1olas en Ruman\u00eda","publisher":{"@id":"https:\/\/www.asemer.ro\/#organization"},"potentialAction":[{"@type":"SearchAction","target":{"@type":"EntryPoint","urlTemplate":"https:\/\/www.asemer.ro\/?s={search_term_string}"},"query-input":{"@type":"PropertyValueSpecification","valueRequired":true,"valueName":"search_term_string"}}],"inLanguage":"es"},{"@type":"Organization","@id":"https:\/\/www.asemer.ro\/#organization","name":"ASEMER","url":"https:\/\/www.asemer.ro\/","logo":{"@type":"ImageObject","inLanguage":"es","@id":"https:\/\/www.asemer.ro\/#\/schema\/logo\/image\/","url":"https:\/\/www.asemer.ro\/wp-content\/uploads\/2020\/12\/logo-ASEMER-scaled.jpg","contentUrl":"https:\/\/www.asemer.ro\/wp-content\/uploads\/2020\/12\/logo-ASEMER-scaled.jpg","width":2560,"height":849,"caption":"ASEMER"},"image":{"@id":"https:\/\/www.asemer.ro\/#\/schema\/logo\/image\/"},"sameAs":["https:\/\/www.facebook.com\/asociacionasemer","https:\/\/x.com\/asemer_rumania","https:\/\/ro.linkedin.com\/in\/asemer-asociaci\u00f3n-empresas-espa\u00f1olas-en-ruman\u00eda-724772a6?trk=author_mini-profile_title","https:\/\/www.youtube.com\/channel\/UC73m8-BDsg857OL0Ogv5aQA\/videos"]},{"@type":"Person","@id":"https:\/\/www.asemer.ro\/#\/schema\/person\/36de47e444c0f1a7b737a035d40519f9","name":"Admin Asemer","image":{"@type":"ImageObject","inLanguage":"es","@id":"https:\/\/secure.gravatar.com\/avatar\/b64873d65b5be684e01a001c464789c445a7279ef3f177f5fbff5d83eb373299?s=96&d=mm&r=g","url":"https:\/\/secure.gravatar.com\/avatar\/b64873d65b5be684e01a001c464789c445a7279ef3f177f5fbff5d83eb373299?s=96&d=mm&r=g","contentUrl":"https:\/\/secure.gravatar.com\/avatar\/b64873d65b5be684e01a001c464789c445a7279ef3f177f5fbff5d83eb373299?s=96&d=mm&r=g","caption":"Admin Asemer"},"url":"https:\/\/www.asemer.ro\/index.php\/author\/admin\/"}]}},"_links":{"self":[{"href":"https:\/\/www.asemer.ro\/index.php\/wp-json\/wp\/v2\/posts\/7412","targetHints":{"allow":["GET"]}}],"collection":[{"href":"https:\/\/www.asemer.ro\/index.php\/wp-json\/wp\/v2\/posts"}],"about":[{"href":"https:\/\/www.asemer.ro\/index.php\/wp-json\/wp\/v2\/types\/post"}],"author":[{"embeddable":true,"href":"https:\/\/www.asemer.ro\/index.php\/wp-json\/wp\/v2\/users\/3"}],"replies":[{"embeddable":true,"href":"https:\/\/www.asemer.ro\/index.php\/wp-json\/wp\/v2\/comments?post=7412"}],"version-history":[{"count":2,"href":"https:\/\/www.asemer.ro\/index.php\/wp-json\/wp\/v2\/posts\/7412\/revisions"}],"predecessor-version":[{"id":7431,"href":"https:\/\/www.asemer.ro\/index.php\/wp-json\/wp\/v2\/posts\/7412\/revisions\/7431"}],"wp:attachment":[{"href":"https:\/\/www.asemer.ro\/index.php\/wp-json\/wp\/v2\/media?parent=7412"}],"wp:term":[{"taxonomy":"category","embeddable":true,"href":"https:\/\/www.asemer.ro\/index.php\/wp-json\/wp\/v2\/categories?post=7412"},{"taxonomy":"post_tag","embeddable":true,"href":"https:\/\/www.asemer.ro\/index.php\/wp-json\/wp\/v2\/tags?post=7412"}],"curies":[{"name":"wp","href":"https:\/\/api.w.org\/{rel}","templated":true}]}}