{"id":7671,"date":"2022-07-29T11:11:26","date_gmt":"2022-07-29T09:11:26","guid":{"rendered":"https:\/\/www.asemer.ro\/?p=7671"},"modified":"2022-07-29T11:11:36","modified_gmt":"2022-07-29T09:11:36","slug":"invertir-en-rumania-parte-iv-la-relacion-entre-rumania-y-espana","status":"publish","type":"post","link":"https:\/\/www.asemer.ro\/index.php\/2022\/07\/29\/invertir-en-rumania-parte-iv-la-relacion-entre-rumania-y-espana\/","title":{"rendered":"INVERTIR EN RUMAN\u00cdA. Parte IV: La relaci\u00f3n entre Ruman\u00eda y Espa\u00f1a"},"content":{"rendered":"\n<p><\/p>\n\n\n<p><span style=\"font-size: 12pt; color: #000000;\">Ruman\u00eda y Espa\u00f1a son dos naciones con profundas afinidades hist\u00f3ricas y tradicionales, y los lazos entre ellas se relanzaron y ampliaron con el tiempo.<\/span><\/p>\n<p><span style=\"font-size: 12pt; color: #000000;\">El 23 de junio de 2021 celebramos 140 a\u00f1os desde el establecimiento de la relaci\u00f3n diplom\u00e1tica rumano-espa\u00f1ola. La fuerte conexi\u00f3n entre las dos naciones, influenciada por los or\u00edgenes latinos y las afinidades ling\u00fc\u00edsticas y culturales, condujo a lo largo de los a\u00f1os a un profundo acercamiento pol\u00edtico y diplom\u00e1tico.<img loading=\"lazy\" decoding=\"async\" class=\"size-medium wp-image-7672 alignright\" src=\"https:\/\/www.asemer.ro\/wp-content\/uploads\/2022\/07\/140-anos-ru-es_1200x1200px-300x300.jpg\" alt=\"\" width=\"300\" height=\"300\" srcset=\"https:\/\/www.asemer.ro\/wp-content\/uploads\/2022\/07\/140-anos-ru-es_1200x1200px-300x300.jpg 300w, https:\/\/www.asemer.ro\/wp-content\/uploads\/2022\/07\/140-anos-ru-es_1200x1200px-1024x1024.jpg 1024w, https:\/\/www.asemer.ro\/wp-content\/uploads\/2022\/07\/140-anos-ru-es_1200x1200px-150x150.jpg 150w, https:\/\/www.asemer.ro\/wp-content\/uploads\/2022\/07\/140-anos-ru-es_1200x1200px-768x768.jpg 768w, https:\/\/www.asemer.ro\/wp-content\/uploads\/2022\/07\/140-anos-ru-es_1200x1200px-720x720.jpg 720w, https:\/\/www.asemer.ro\/wp-content\/uploads\/2022\/07\/140-anos-ru-es_1200x1200px-360x360.jpg 360w, https:\/\/www.asemer.ro\/wp-content\/uploads\/2022\/07\/140-anos-ru-es_1200x1200px.jpg 1200w\" sizes=\"auto, (max-width: 300px) 100vw, 300px\" \/><\/span><\/p>\n<p><span style=\"font-size: 12pt; color: #000000;\">Puedes leer sobre la historia de las relaciones bilaterales rumano-espa\u00f1olas aqu\u00ed: <a style=\"color: #000000;\" href=\"https:\/\/www.asemer.ro\/index.php\/2021\/06\/29\/140-anos-de-relaciones-diplomaticas-hispano-rumanas\/\">https:\/\/www.asemer.ro\/index.php\/2021\/06\/29\/140-anos-de-relaciones-diplomaticas-hispano-rumanas\/<\/a><\/span><\/p>\n<p><span style=\"font-size: 12pt; color: #000000;\">Ambas naciones han firmado varios acuerdos bilaterales como:<\/span><\/p>\n<ul>\n<li><span style=\"font-size: 12pt; color: #000000;\">el Acuerdo sobre la regulaci\u00f3n y organizaci\u00f3n de los flujos migratorios laborales entre ambas naciones (2002);<\/span><\/li>\n<li><span style=\"font-size: 12pt; color: #000000;\">el Acuerdo de Seguridad Social (2006); Acuerdo de Cooperaci\u00f3n en la lucha contra la delincuencia (2007);<\/span><\/li>\n<li><span style=\"font-size: 12pt; color: #000000;\">el Acuerdo de seguridad sobre la protecci\u00f3n rec\u00edproca de informaci\u00f3n clasificada (2011);<\/span><\/li>\n<li><span style=\"font-size: 12pt; color: #000000;\">el Acuerdo sobre el funcionamiento del Centro Espa\u00f1ol del Instituto Cervantes de Bucarest y del Instituto Cultural Rumano de Madrid (2012);<\/span><\/li>\n<li><span style=\"font-size: 12pt; color: #000000;\">el Convenio para evitar la Doble Imposici\u00f3n entre Ruman\u00eda y Espa\u00f1a, firmado el d\u00eda\u00a018 de octubre de 2017 por los Ministros de Asuntos Exteriores de ambos pa\u00edses en Bucarest,\u00a0con el objeto de eliminar la doble imposici\u00f3n en relaci\u00f3n con los impuestos sobre la renta y prevenir la evasi\u00f3n y elusi\u00f3n fiscales;<\/span><\/li>\n<li><span style=\"font-size: 12pt; color: #000000;\">el Memorando de entendimiento entre el Instituto Nacional de Estad\u00edstica de Ruman\u00eda y el Instituto Nacional de Estad\u00edstica de Espa\u00f1a sobre la cooperaci\u00f3n en el campo del desarrollo de nuevos m\u00e9todos e instrumentos para las estad\u00edsticas oficiales (2019);<\/span><\/li>\n<li><span style=\"font-size: 12pt; color: #000000;\">el Memorando de Entendimiento entre la C\u00e1mara de Comercio e Industria de Rumania y la C\u00e1mara de Comercio de Espa\u00f1a (2019).<\/span><\/li>\n<\/ul>\n<p><span style=\"font-size: 12pt; color: #000000;\"><img loading=\"lazy\" decoding=\"async\" class=\"alignleft size-medium wp-image-7673\" src=\"https:\/\/www.asemer.ro\/wp-content\/uploads\/2022\/07\/Romania_Spain_Locator-300x269.png\" alt=\"\" width=\"300\" height=\"269\" srcset=\"https:\/\/www.asemer.ro\/wp-content\/uploads\/2022\/07\/Romania_Spain_Locator-300x269.png 300w, https:\/\/www.asemer.ro\/wp-content\/uploads\/2022\/07\/Romania_Spain_Locator-768x687.png 768w, https:\/\/www.asemer.ro\/wp-content\/uploads\/2022\/07\/Romania_Spain_Locator-720x644.png 720w, https:\/\/www.asemer.ro\/wp-content\/uploads\/2022\/07\/Romania_Spain_Locator.png 800w\" sizes=\"auto, (max-width: 300px) 100vw, 300px\" \/>Espa\u00f1a y Ruman\u00eda comparten el Mercado \u00danico como socios de la UE, y en este contexto, los intercambios comerciales se han ido desarrollando de forma extraordinaria desde principios de siglo, superando los 4.200 millones de euros en 2021.<\/span><\/p>\n<p><span style=\"font-size: 12pt; color: #000000;\">La pandemia afect\u00f3 a todas las econom\u00edas europeas, que ahora se est\u00e1n recuperando, y la guerra de Ucrania puso a Ruman\u00eda en un contexto desfavorable para muchos de los que quer\u00edan expandirse en este mercado. Sin embargo, los inversores espa\u00f1oles siguen abiertos a invertir en el mercado rumano.<\/span><\/p>\n<p><span style=\"font-size: 12pt; color: #000000;\">Espa\u00f1a ocupa el puesto 13 en la lista de inversiones extranjeras directas en Ruman\u00eda en 2020, seg\u00fan el \u00faltimo informe publicado por el Banco Nacional de Ruman\u00eda. Sin embargo, los datos indican que en 2021 Espa\u00f1a escalar\u00e1 dos o tres puestos en este top.<\/span><\/p>\n<p><span style=\"font-size: 12pt; color: #000000;\">Entre las principales razones por las que los espa\u00f1oles quieren invertir en Ruman\u00eda se encuentra: la posibilidad de crecimiento en muchos sectores de la econom\u00eda; sistema fiscal basado en un impuesto del 16% sobre la renta; la disponibilidad de la mano de obra cualificada, especialmente en los sectores t\u00e9cnicos; el coste asequible de esta mano de obra; \u00a0las facilidades y al sistema de ayudas concedidas por el Estado. Adem\u00e1s, Ruman\u00eda es un pa\u00eds latino con costumbres muy similares a las espa\u00f1olas y con un idioma, el rumano, de ra\u00edz latina y los acuerdos entre Espa\u00f1a y Ruman\u00eda garantizan todas y cada una de las operaciones.<\/span><\/p>\n<p><span style=\"font-size: 12pt; color: #000000;\">Por tanto, entre los campos m\u00e1s atractivos para los inversores espa\u00f1oles se encuentran el inmobiliario y la construcci\u00f3n, las tecnolog\u00edas de la informaci\u00f3n, las energ\u00edas verdes y el retail. La industria local de gran consumo y retail tiene un potencial de desarrollo muy alto, teniendo en cuenta que en los supermercados rumanos se venden pocos productos de origen espa\u00f1ol. Al mismo tiempo, la industria agroalimentaria tambi\u00e9n muestra una tendencia al alza en t\u00e9rminos de inter\u00e9s para los empresarios espa\u00f1oles.<\/span><\/p>\n<p><span style=\"font-size: 12pt; color: #000000;\">Queda por ver si Ruman\u00eda lograr\u00e1 atraer a m\u00e1s inversores espa\u00f1oles, como lo hace con \u00e9xito con respecto a los inversores alemanes, holandeses, belgas, etc.<\/span><\/p>\n<p>\u00a0<\/p>\n<p>\u00a0<\/p>\n<p><span style=\"font-size: 12pt; color: #000000;\">Fuente de informaci\u00f3n:<\/span><\/p>\n<ul>\n<li><span style=\"font-family: Roboto; font-size: 10pt; color: #000000;\">Embajada de Rumania en el Reino de Espa\u00f1a (<span style=\"color: #ff6600;\"><a style=\"color: #ff6600;\" href=\"https:\/\/madrid.mae.ro\/es\/node\/732\">https:\/\/madrid.mae.ro\/es\/node\/732<\/a><\/span>)<\/span><\/li>\n<li><span style=\"font-size: 12pt; color: #000000;\"><a style=\"color: #000000;\" href=\"https:\/\/www.icex.es\/icex\/es\/navegacion-principal\/todos-nuestros-servicios\/informacion-de-mercados\/paises\/navegacion-principal\/el-pais\/relaciones-bilaterales\/index.html?idPais=RO#0\"><span style=\"font-family: Roboto; color: #ff6600; font-size: 10pt;\">https:\/\/www.icex.es\/icex\/es\/navegacion-principal\/todos-nuestros-servicios\/informacion-de-mercados\/paises\/navegacion-principal\/el-pais\/relaciones-bilaterales\/index.html?idPais=RO#0<\/span><\/a><\/span><\/li>\n<\/ul>","protected":false},"excerpt":{"rendered":"<p>Ruman\u00eda y Espa\u00f1a son dos naciones con profundas afinidades hist\u00f3ricas y tradicionales, y los lazos entre ellas se relanzaron y [&hellip;]<\/p>\n","protected":false},"author":3,"featured_media":0,"comment_status":"open","ping_status":"open","sticky":false,"template":"","format":"standard","meta":{"footnotes":""},"categories":[4],"tags":[62,160,176],"class_list":["post-7671","post","type-post","status-publish","format-standard","hentry","category-noticias","tag-espana","tag-inversion","tag-rumania-2"],"yoast_head":"<!-- This site is optimized with the Yoast SEO plugin v27.5 - https:\/\/yoast.com\/product\/yoast-seo-wordpress\/ -->\n<title>INVERTIR EN RUMAN\u00cdA. Parte IV: La relaci\u00f3n entre Ruman\u00eda y Espa\u00f1a - ASEMER<\/title>\n<meta name=\"robots\" content=\"index, follow, max-snippet:-1, max-image-preview:large, max-video-preview:-1\" \/>\n<link rel=\"canonical\" href=\"https:\/\/www.asemer.ro\/index.php\/2022\/07\/29\/invertir-en-rumania-parte-iv-la-relacion-entre-rumania-y-espana\/\" \/>\n<meta property=\"og:locale\" content=\"es_ES\" \/>\n<meta property=\"og:type\" content=\"article\" \/>\n<meta property=\"og:title\" content=\"INVERTIR EN RUMAN\u00cdA. Parte IV: La relaci\u00f3n entre Ruman\u00eda y Espa\u00f1a - ASEMER\" \/>\n<meta property=\"og:description\" content=\"Ruman\u00eda y Espa\u00f1a son dos naciones con profundas afinidades hist\u00f3ricas y tradicionales, y los lazos entre ellas se relanzaron y [&hellip;]\" \/>\n<meta property=\"og:url\" content=\"https:\/\/www.asemer.ro\/index.php\/2022\/07\/29\/invertir-en-rumania-parte-iv-la-relacion-entre-rumania-y-espana\/\" \/>\n<meta property=\"og:site_name\" content=\"ASEMER\" \/>\n<meta property=\"article:publisher\" content=\"https:\/\/www.facebook.com\/asociacionasemer\" \/>\n<meta property=\"article:published_time\" content=\"2022-07-29T09:11:26+00:00\" \/>\n<meta property=\"article:modified_time\" content=\"2022-07-29T09:11:36+00:00\" \/>\n<meta property=\"og:image\" content=\"https:\/\/www.asemer.ro\/wp-content\/uploads\/2022\/07\/140-anos-ru-es_1200x1200px-300x300.jpg\" \/>\n<meta name=\"author\" content=\"Admin Asemer\" \/>\n<meta name=\"twitter:card\" content=\"summary_large_image\" \/>\n<meta name=\"twitter:creator\" content=\"@asemer_rumania\" \/>\n<meta name=\"twitter:site\" content=\"@asemer_rumania\" \/>\n<meta name=\"twitter:label1\" content=\"Escrito por\" \/>\n\t<meta name=\"twitter:data1\" content=\"Admin Asemer\" \/>\n\t<meta name=\"twitter:label2\" content=\"Tiempo de lectura\" \/>\n\t<meta name=\"twitter:data2\" content=\"4 minutos\" \/>\n<script type=\"application\/ld+json\" class=\"yoast-schema-graph\">{\"@context\":\"https:\\\/\\\/schema.org\",\"@graph\":[{\"@type\":\"Article\",\"@id\":\"https:\\\/\\\/www.asemer.ro\\\/index.php\\\/2022\\\/07\\\/29\\\/invertir-en-rumania-parte-iv-la-relacion-entre-rumania-y-espana\\\/#article\",\"isPartOf\":{\"@id\":\"https:\\\/\\\/www.asemer.ro\\\/index.php\\\/2022\\\/07\\\/29\\\/invertir-en-rumania-parte-iv-la-relacion-entre-rumania-y-espana\\\/\"},\"author\":{\"name\":\"Admin Asemer\",\"@id\":\"https:\\\/\\\/www.asemer.ro\\\/#\\\/schema\\\/person\\\/36de47e444c0f1a7b737a035d40519f9\"},\"headline\":\"INVERTIR EN RUMAN\u00cdA. Parte IV: La relaci\u00f3n entre Ruman\u00eda y Espa\u00f1a\",\"datePublished\":\"2022-07-29T09:11:26+00:00\",\"dateModified\":\"2022-07-29T09:11:36+00:00\",\"mainEntityOfPage\":{\"@id\":\"https:\\\/\\\/www.asemer.ro\\\/index.php\\\/2022\\\/07\\\/29\\\/invertir-en-rumania-parte-iv-la-relacion-entre-rumania-y-espana\\\/\"},\"wordCount\":725,\"commentCount\":0,\"publisher\":{\"@id\":\"https:\\\/\\\/www.asemer.ro\\\/#organization\"},\"image\":{\"@id\":\"https:\\\/\\\/www.asemer.ro\\\/index.php\\\/2022\\\/07\\\/29\\\/invertir-en-rumania-parte-iv-la-relacion-entre-rumania-y-espana\\\/#primaryimage\"},\"thumbnailUrl\":\"https:\\\/\\\/www.asemer.ro\\\/wp-content\\\/uploads\\\/2022\\\/07\\\/140-anos-ru-es_1200x1200px-300x300.jpg\",\"keywords\":[\"espa\u00f1a\",\"inversi\u00f3n\",\"Ruman\u00eda\"],\"articleSection\":[\"Noticias\"],\"inLanguage\":\"es\",\"potentialAction\":[{\"@type\":\"CommentAction\",\"name\":\"Comment\",\"target\":[\"https:\\\/\\\/www.asemer.ro\\\/index.php\\\/2022\\\/07\\\/29\\\/invertir-en-rumania-parte-iv-la-relacion-entre-rumania-y-espana\\\/#respond\"]}]},{\"@type\":\"WebPage\",\"@id\":\"https:\\\/\\\/www.asemer.ro\\\/index.php\\\/2022\\\/07\\\/29\\\/invertir-en-rumania-parte-iv-la-relacion-entre-rumania-y-espana\\\/\",\"url\":\"https:\\\/\\\/www.asemer.ro\\\/index.php\\\/2022\\\/07\\\/29\\\/invertir-en-rumania-parte-iv-la-relacion-entre-rumania-y-espana\\\/\",\"name\":\"INVERTIR EN RUMAN\u00cdA. Parte IV: La relaci\u00f3n entre Ruman\u00eda y Espa\u00f1a - ASEMER\",\"isPartOf\":{\"@id\":\"https:\\\/\\\/www.asemer.ro\\\/#website\"},\"primaryImageOfPage\":{\"@id\":\"https:\\\/\\\/www.asemer.ro\\\/index.php\\\/2022\\\/07\\\/29\\\/invertir-en-rumania-parte-iv-la-relacion-entre-rumania-y-espana\\\/#primaryimage\"},\"image\":{\"@id\":\"https:\\\/\\\/www.asemer.ro\\\/index.php\\\/2022\\\/07\\\/29\\\/invertir-en-rumania-parte-iv-la-relacion-entre-rumania-y-espana\\\/#primaryimage\"},\"thumbnailUrl\":\"https:\\\/\\\/www.asemer.ro\\\/wp-content\\\/uploads\\\/2022\\\/07\\\/140-anos-ru-es_1200x1200px-300x300.jpg\",\"datePublished\":\"2022-07-29T09:11:26+00:00\",\"dateModified\":\"2022-07-29T09:11:36+00:00\",\"breadcrumb\":{\"@id\":\"https:\\\/\\\/www.asemer.ro\\\/index.php\\\/2022\\\/07\\\/29\\\/invertir-en-rumania-parte-iv-la-relacion-entre-rumania-y-espana\\\/#breadcrumb\"},\"inLanguage\":\"es\",\"potentialAction\":[{\"@type\":\"ReadAction\",\"target\":[\"https:\\\/\\\/www.asemer.ro\\\/index.php\\\/2022\\\/07\\\/29\\\/invertir-en-rumania-parte-iv-la-relacion-entre-rumania-y-espana\\\/\"]}]},{\"@type\":\"ImageObject\",\"inLanguage\":\"es\",\"@id\":\"https:\\\/\\\/www.asemer.ro\\\/index.php\\\/2022\\\/07\\\/29\\\/invertir-en-rumania-parte-iv-la-relacion-entre-rumania-y-espana\\\/#primaryimage\",\"url\":\"https:\\\/\\\/www.asemer.ro\\\/wp-content\\\/uploads\\\/2022\\\/07\\\/140-anos-ru-es_1200x1200px.jpg\",\"contentUrl\":\"https:\\\/\\\/www.asemer.ro\\\/wp-content\\\/uploads\\\/2022\\\/07\\\/140-anos-ru-es_1200x1200px.jpg\",\"width\":1200,\"height\":1200},{\"@type\":\"BreadcrumbList\",\"@id\":\"https:\\\/\\\/www.asemer.ro\\\/index.php\\\/2022\\\/07\\\/29\\\/invertir-en-rumania-parte-iv-la-relacion-entre-rumania-y-espana\\\/#breadcrumb\",\"itemListElement\":[{\"@type\":\"ListItem\",\"position\":1,\"name\":\"Home\",\"item\":\"https:\\\/\\\/www.asemer.ro\\\/\"},{\"@type\":\"ListItem\",\"position\":2,\"name\":\"INVERTIR EN RUMAN\u00cdA. Parte IV: La relaci\u00f3n entre Ruman\u00eda y Espa\u00f1a\"}]},{\"@type\":\"WebSite\",\"@id\":\"https:\\\/\\\/www.asemer.ro\\\/#website\",\"url\":\"https:\\\/\\\/www.asemer.ro\\\/\",\"name\":\"ASEMER\",\"description\":\"Asociaci\u00f3n de Empresas Espa\u00f1olas en Ruman\u00eda\",\"publisher\":{\"@id\":\"https:\\\/\\\/www.asemer.ro\\\/#organization\"},\"potentialAction\":[{\"@type\":\"SearchAction\",\"target\":{\"@type\":\"EntryPoint\",\"urlTemplate\":\"https:\\\/\\\/www.asemer.ro\\\/?s={search_term_string}\"},\"query-input\":{\"@type\":\"PropertyValueSpecification\",\"valueRequired\":true,\"valueName\":\"search_term_string\"}}],\"inLanguage\":\"es\"},{\"@type\":\"Organization\",\"@id\":\"https:\\\/\\\/www.asemer.ro\\\/#organization\",\"name\":\"ASEMER\",\"url\":\"https:\\\/\\\/www.asemer.ro\\\/\",\"logo\":{\"@type\":\"ImageObject\",\"inLanguage\":\"es\",\"@id\":\"https:\\\/\\\/www.asemer.ro\\\/#\\\/schema\\\/logo\\\/image\\\/\",\"url\":\"https:\\\/\\\/www.asemer.ro\\\/wp-content\\\/uploads\\\/2020\\\/12\\\/logo-ASEMER-scaled.jpg\",\"contentUrl\":\"https:\\\/\\\/www.asemer.ro\\\/wp-content\\\/uploads\\\/2020\\\/12\\\/logo-ASEMER-scaled.jpg\",\"width\":2560,\"height\":849,\"caption\":\"ASEMER\"},\"image\":{\"@id\":\"https:\\\/\\\/www.asemer.ro\\\/#\\\/schema\\\/logo\\\/image\\\/\"},\"sameAs\":[\"https:\\\/\\\/www.facebook.com\\\/asociacionasemer\",\"https:\\\/\\\/x.com\\\/asemer_rumania\",\"https:\\\/\\\/ro.linkedin.com\\\/in\\\/asemer-asociaci\u00f3n-empresas-espa\u00f1olas-en-ruman\u00eda-724772a6?trk=author_mini-profile_title\",\"https:\\\/\\\/www.youtube.com\\\/channel\\\/UC73m8-BDsg857OL0Ogv5aQA\\\/videos\"]},{\"@type\":\"Person\",\"@id\":\"https:\\\/\\\/www.asemer.ro\\\/#\\\/schema\\\/person\\\/36de47e444c0f1a7b737a035d40519f9\",\"name\":\"Admin Asemer\",\"image\":{\"@type\":\"ImageObject\",\"inLanguage\":\"es\",\"@id\":\"https:\\\/\\\/secure.gravatar.com\\\/avatar\\\/b64873d65b5be684e01a001c464789c445a7279ef3f177f5fbff5d83eb373299?s=96&d=mm&r=g\",\"url\":\"https:\\\/\\\/secure.gravatar.com\\\/avatar\\\/b64873d65b5be684e01a001c464789c445a7279ef3f177f5fbff5d83eb373299?s=96&d=mm&r=g\",\"contentUrl\":\"https:\\\/\\\/secure.gravatar.com\\\/avatar\\\/b64873d65b5be684e01a001c464789c445a7279ef3f177f5fbff5d83eb373299?s=96&d=mm&r=g\",\"caption\":\"Admin Asemer\"},\"url\":\"https:\\\/\\\/www.asemer.ro\\\/index.php\\\/author\\\/admin\\\/\"}]}<\/script>\n<!-- \/ Yoast SEO plugin. -->","yoast_head_json":{"title":"INVERTIR EN RUMAN\u00cdA. Parte IV: La relaci\u00f3n entre Ruman\u00eda y Espa\u00f1a - ASEMER","robots":{"index":"index","follow":"follow","max-snippet":"max-snippet:-1","max-image-preview":"max-image-preview:large","max-video-preview":"max-video-preview:-1"},"canonical":"https:\/\/www.asemer.ro\/index.php\/2022\/07\/29\/invertir-en-rumania-parte-iv-la-relacion-entre-rumania-y-espana\/","og_locale":"es_ES","og_type":"article","og_title":"INVERTIR EN RUMAN\u00cdA. Parte IV: La relaci\u00f3n entre Ruman\u00eda y Espa\u00f1a - ASEMER","og_description":"Ruman\u00eda y Espa\u00f1a son dos naciones con profundas afinidades hist\u00f3ricas y tradicionales, y los lazos entre ellas se relanzaron y [&hellip;]","og_url":"https:\/\/www.asemer.ro\/index.php\/2022\/07\/29\/invertir-en-rumania-parte-iv-la-relacion-entre-rumania-y-espana\/","og_site_name":"ASEMER","article_publisher":"https:\/\/www.facebook.com\/asociacionasemer","article_published_time":"2022-07-29T09:11:26+00:00","article_modified_time":"2022-07-29T09:11:36+00:00","og_image":[{"url":"https:\/\/www.asemer.ro\/wp-content\/uploads\/2022\/07\/140-anos-ru-es_1200x1200px-300x300.jpg","type":"","width":"","height":""}],"author":"Admin Asemer","twitter_card":"summary_large_image","twitter_creator":"@asemer_rumania","twitter_site":"@asemer_rumania","twitter_misc":{"Escrito por":"Admin Asemer","Tiempo de lectura":"4 minutos"},"schema":{"@context":"https:\/\/schema.org","@graph":[{"@type":"Article","@id":"https:\/\/www.asemer.ro\/index.php\/2022\/07\/29\/invertir-en-rumania-parte-iv-la-relacion-entre-rumania-y-espana\/#article","isPartOf":{"@id":"https:\/\/www.asemer.ro\/index.php\/2022\/07\/29\/invertir-en-rumania-parte-iv-la-relacion-entre-rumania-y-espana\/"},"author":{"name":"Admin Asemer","@id":"https:\/\/www.asemer.ro\/#\/schema\/person\/36de47e444c0f1a7b737a035d40519f9"},"headline":"INVERTIR EN RUMAN\u00cdA. Parte IV: La relaci\u00f3n entre Ruman\u00eda y Espa\u00f1a","datePublished":"2022-07-29T09:11:26+00:00","dateModified":"2022-07-29T09:11:36+00:00","mainEntityOfPage":{"@id":"https:\/\/www.asemer.ro\/index.php\/2022\/07\/29\/invertir-en-rumania-parte-iv-la-relacion-entre-rumania-y-espana\/"},"wordCount":725,"commentCount":0,"publisher":{"@id":"https:\/\/www.asemer.ro\/#organization"},"image":{"@id":"https:\/\/www.asemer.ro\/index.php\/2022\/07\/29\/invertir-en-rumania-parte-iv-la-relacion-entre-rumania-y-espana\/#primaryimage"},"thumbnailUrl":"https:\/\/www.asemer.ro\/wp-content\/uploads\/2022\/07\/140-anos-ru-es_1200x1200px-300x300.jpg","keywords":["espa\u00f1a","inversi\u00f3n","Ruman\u00eda"],"articleSection":["Noticias"],"inLanguage":"es","potentialAction":[{"@type":"CommentAction","name":"Comment","target":["https:\/\/www.asemer.ro\/index.php\/2022\/07\/29\/invertir-en-rumania-parte-iv-la-relacion-entre-rumania-y-espana\/#respond"]}]},{"@type":"WebPage","@id":"https:\/\/www.asemer.ro\/index.php\/2022\/07\/29\/invertir-en-rumania-parte-iv-la-relacion-entre-rumania-y-espana\/","url":"https:\/\/www.asemer.ro\/index.php\/2022\/07\/29\/invertir-en-rumania-parte-iv-la-relacion-entre-rumania-y-espana\/","name":"INVERTIR EN RUMAN\u00cdA. Parte IV: La relaci\u00f3n entre Ruman\u00eda y Espa\u00f1a - ASEMER","isPartOf":{"@id":"https:\/\/www.asemer.ro\/#website"},"primaryImageOfPage":{"@id":"https:\/\/www.asemer.ro\/index.php\/2022\/07\/29\/invertir-en-rumania-parte-iv-la-relacion-entre-rumania-y-espana\/#primaryimage"},"image":{"@id":"https:\/\/www.asemer.ro\/index.php\/2022\/07\/29\/invertir-en-rumania-parte-iv-la-relacion-entre-rumania-y-espana\/#primaryimage"},"thumbnailUrl":"https:\/\/www.asemer.ro\/wp-content\/uploads\/2022\/07\/140-anos-ru-es_1200x1200px-300x300.jpg","datePublished":"2022-07-29T09:11:26+00:00","dateModified":"2022-07-29T09:11:36+00:00","breadcrumb":{"@id":"https:\/\/www.asemer.ro\/index.php\/2022\/07\/29\/invertir-en-rumania-parte-iv-la-relacion-entre-rumania-y-espana\/#breadcrumb"},"inLanguage":"es","potentialAction":[{"@type":"ReadAction","target":["https:\/\/www.asemer.ro\/index.php\/2022\/07\/29\/invertir-en-rumania-parte-iv-la-relacion-entre-rumania-y-espana\/"]}]},{"@type":"ImageObject","inLanguage":"es","@id":"https:\/\/www.asemer.ro\/index.php\/2022\/07\/29\/invertir-en-rumania-parte-iv-la-relacion-entre-rumania-y-espana\/#primaryimage","url":"https:\/\/www.asemer.ro\/wp-content\/uploads\/2022\/07\/140-anos-ru-es_1200x1200px.jpg","contentUrl":"https:\/\/www.asemer.ro\/wp-content\/uploads\/2022\/07\/140-anos-ru-es_1200x1200px.jpg","width":1200,"height":1200},{"@type":"BreadcrumbList","@id":"https:\/\/www.asemer.ro\/index.php\/2022\/07\/29\/invertir-en-rumania-parte-iv-la-relacion-entre-rumania-y-espana\/#breadcrumb","itemListElement":[{"@type":"ListItem","position":1,"name":"Home","item":"https:\/\/www.asemer.ro\/"},{"@type":"ListItem","position":2,"name":"INVERTIR EN RUMAN\u00cdA. Parte IV: La relaci\u00f3n entre Ruman\u00eda y Espa\u00f1a"}]},{"@type":"WebSite","@id":"https:\/\/www.asemer.ro\/#website","url":"https:\/\/www.asemer.ro\/","name":"ASEMER","description":"Asociaci\u00f3n de Empresas Espa\u00f1olas en Ruman\u00eda","publisher":{"@id":"https:\/\/www.asemer.ro\/#organization"},"potentialAction":[{"@type":"SearchAction","target":{"@type":"EntryPoint","urlTemplate":"https:\/\/www.asemer.ro\/?s={search_term_string}"},"query-input":{"@type":"PropertyValueSpecification","valueRequired":true,"valueName":"search_term_string"}}],"inLanguage":"es"},{"@type":"Organization","@id":"https:\/\/www.asemer.ro\/#organization","name":"ASEMER","url":"https:\/\/www.asemer.ro\/","logo":{"@type":"ImageObject","inLanguage":"es","@id":"https:\/\/www.asemer.ro\/#\/schema\/logo\/image\/","url":"https:\/\/www.asemer.ro\/wp-content\/uploads\/2020\/12\/logo-ASEMER-scaled.jpg","contentUrl":"https:\/\/www.asemer.ro\/wp-content\/uploads\/2020\/12\/logo-ASEMER-scaled.jpg","width":2560,"height":849,"caption":"ASEMER"},"image":{"@id":"https:\/\/www.asemer.ro\/#\/schema\/logo\/image\/"},"sameAs":["https:\/\/www.facebook.com\/asociacionasemer","https:\/\/x.com\/asemer_rumania","https:\/\/ro.linkedin.com\/in\/asemer-asociaci\u00f3n-empresas-espa\u00f1olas-en-ruman\u00eda-724772a6?trk=author_mini-profile_title","https:\/\/www.youtube.com\/channel\/UC73m8-BDsg857OL0Ogv5aQA\/videos"]},{"@type":"Person","@id":"https:\/\/www.asemer.ro\/#\/schema\/person\/36de47e444c0f1a7b737a035d40519f9","name":"Admin Asemer","image":{"@type":"ImageObject","inLanguage":"es","@id":"https:\/\/secure.gravatar.com\/avatar\/b64873d65b5be684e01a001c464789c445a7279ef3f177f5fbff5d83eb373299?s=96&d=mm&r=g","url":"https:\/\/secure.gravatar.com\/avatar\/b64873d65b5be684e01a001c464789c445a7279ef3f177f5fbff5d83eb373299?s=96&d=mm&r=g","contentUrl":"https:\/\/secure.gravatar.com\/avatar\/b64873d65b5be684e01a001c464789c445a7279ef3f177f5fbff5d83eb373299?s=96&d=mm&r=g","caption":"Admin Asemer"},"url":"https:\/\/www.asemer.ro\/index.php\/author\/admin\/"}]}},"_links":{"self":[{"href":"https:\/\/www.asemer.ro\/index.php\/wp-json\/wp\/v2\/posts\/7671","targetHints":{"allow":["GET"]}}],"collection":[{"href":"https:\/\/www.asemer.ro\/index.php\/wp-json\/wp\/v2\/posts"}],"about":[{"href":"https:\/\/www.asemer.ro\/index.php\/wp-json\/wp\/v2\/types\/post"}],"author":[{"embeddable":true,"href":"https:\/\/www.asemer.ro\/index.php\/wp-json\/wp\/v2\/users\/3"}],"replies":[{"embeddable":true,"href":"https:\/\/www.asemer.ro\/index.php\/wp-json\/wp\/v2\/comments?post=7671"}],"version-history":[{"count":1,"href":"https:\/\/www.asemer.ro\/index.php\/wp-json\/wp\/v2\/posts\/7671\/revisions"}],"predecessor-version":[{"id":7674,"href":"https:\/\/www.asemer.ro\/index.php\/wp-json\/wp\/v2\/posts\/7671\/revisions\/7674"}],"wp:attachment":[{"href":"https:\/\/www.asemer.ro\/index.php\/wp-json\/wp\/v2\/media?parent=7671"}],"wp:term":[{"taxonomy":"category","embeddable":true,"href":"https:\/\/www.asemer.ro\/index.php\/wp-json\/wp\/v2\/categories?post=7671"},{"taxonomy":"post_tag","embeddable":true,"href":"https:\/\/www.asemer.ro\/index.php\/wp-json\/wp\/v2\/tags?post=7671"}],"curies":[{"name":"wp","href":"https:\/\/api.w.org\/{rel}","templated":true}]}}