{"id":7682,"date":"2022-07-29T12:33:06","date_gmt":"2022-07-29T10:33:06","guid":{"rendered":"https:\/\/www.asemer.ro\/?p=7682"},"modified":"2022-07-29T13:06:16","modified_gmt":"2022-07-29T11:06:16","slug":"news-from-asemers-associates-sii-romania-2","status":"publish","type":"post","link":"https:\/\/www.asemer.ro\/index.php\/2022\/07\/29\/news-from-asemers-associates-sii-romania-2\/","title":{"rendered":"News from ASEMER\u2019s associates &#8211; SII Rom\u00e2nia"},"content":{"rendered":"<p style=\"text-align: center;\"><span style=\"font-size: 12pt;\"><span style=\"font-size: 14pt;\"><strong>Compania SII Rom\u00e2nia, specializat\u0103 \u00een servicii \u015fi solu\u0163ii IT, a \u00eencheiat anul fiscal aprilie 2021 &#8211; martie 2022 cu afaceri de 19 mil. euro, \u00een cre\u015ftere net\u0103 de 48% fa\u0163\u0103 de perioada precedent\u0103 (aprilie 2020 &#8211; martie 2021)<\/strong><\/span><\/span><\/p>\n<p><span style=\"font-size: 12pt;\">Compania SII Rom\u00e2nia, specializat\u0103 \u00een servicii \u015fi solu\u0163ii IT, a \u00eencheiat anul fiscal aprilie 2021 &#8211; martie 2022 cu afaceri de 19 mil. euro, \u00een cre\u015ftere net\u0103 de 48% fa\u0163\u0103 de perioada precedent\u0103 (aprilie 2020 &#8211; martie 2021), au transmis reprezentan\u0163ii companiei \u00een cadrul SII International Seminar 2022, unul dintre cele mai importante evenimente la nivelul SII Group, organizat anul acesta de c\u0103tre filiala din Rom\u00e2nia.<\/span><\/p>\n<p><span style=\"font-size: 12pt;\"><img loading=\"lazy\" decoding=\"async\" class=\"alignleft size-medium wp-image-7689\" src=\"https:\/\/www.asemer.ro\/wp-content\/uploads\/2022\/07\/manel-ballesteros-ceo-sii-romania-s-300x221.jpg\" alt=\"\" width=\"300\" height=\"221\" srcset=\"https:\/\/www.asemer.ro\/wp-content\/uploads\/2022\/07\/manel-ballesteros-ceo-sii-romania-s-300x221.jpg 300w, https:\/\/www.asemer.ro\/wp-content\/uploads\/2022\/07\/manel-ballesteros-ceo-sii-romania-s-1024x755.jpg 1024w, https:\/\/www.asemer.ro\/wp-content\/uploads\/2022\/07\/manel-ballesteros-ceo-sii-romania-s-768x566.jpg 768w, https:\/\/www.asemer.ro\/wp-content\/uploads\/2022\/07\/manel-ballesteros-ceo-sii-romania-s-720x531.jpg 720w, https:\/\/www.asemer.ro\/wp-content\/uploads\/2022\/07\/manel-ballesteros-ceo-sii-romania-s.jpg 1500w\" sizes=\"auto, (max-width: 300px) 100vw, 300px\" \/>\u00cen cadrul companiei lucreaz\u0103 \u00een prezent o echip\u0103 de peste 500 de ingineri \u00eenalt califica\u0163i, iar planurile reprezentan\u0163ilor SII Rom\u00e2nia vizeaz\u0103 recrutarea a \u00eenc\u0103 200 de speciali\u015fti p\u00e2n\u0103 la finalul anului \u00een curs.<\/span><\/p>\n<p><span style=\"font-size: 12pt;\">\u201eDatorit\u0103 cre\u015fterii continue \u00eenregistrate \u00een 2021, filiala local\u0103 \u015fi-a dublat echipa opera\u0163ional\u0103 \u015fi a \u00eenregistrat o cre\u015ftere de peste 230% la nivelul echipelor Automotive, din cadrul Diviziei Inginerie. Evolu\u0163ia \u00eenregistrat\u0103 se axeaz\u0103 at\u00e2t pe volum (extinderea portofoliului de clien\u0163i \u015fi proiecte), c\u00e2t \u015fi pe cre\u015fterea nivelului de expertiz\u0103 \u015fi senioritate ale echipei. Activit\u0103\u0163ile opera\u0163ionale ale SII Rom\u00e2nia sunt organizate \u00een prezent \u00een jurul a dou\u0103 linii principale de business: Digital \u015fi Inginerie. Pentru anul \u00een curs, compania IT \u00ee\u015fi propune s\u0103 ating\u0103 un num\u0103r de 700 de angaja\u0163i, \u00een urm\u0103torii 3 ani urm\u00e2nd c\u0103 echipa s\u0103 includ\u0103 peste 1.000 de profesioni\u015fti.\u201d<\/span><\/p>\n<p><span style=\"font-size: 12pt;\">De asemenea, compania activeaz\u0103 pe pia\u0163a IT \u00een state precum Fran\u0163a, Danemarca, Elve\u0163ia, Spania, Germania \u015fi altele. Totodat\u0103, SII Rom\u00e2nia vizeaz\u0103 expansiunea teritorial\u0103 la nivel local prin \u00eenfiin\u0163area de birouri \u00een ora\u015fe strategice, principalul obiectiv \u00een alegerea acestora fiind proximitatea fa\u0163\u0103 de angaja\u0163i \u015fi clien\u0163i.<\/span><\/p>\n<p><span style=\"font-size: 12pt;\">\u00cen prezent, portofoliul SII Rom\u00e2nia reune\u015fte peste 60 de clien\u0163i globali, dintre care 21 al\u0103tura\u0163i recent, din \u0163\u0103ri precum Germania, Olanda, Marea Britanie \u015fi Belgia. Totodat\u0103, compania are la activ peste 180 de proiecte livrate cu succes, inclusiv proiecte de dezvoltare a unor platforme digitale complexe, din care 25 sunt contractate \u00een anul fiscal 2021-2022 \u00een industrii precum Automotive, Transport, Banking, au mai transmis reprezentan\u0163ii companiei.<\/span><\/p>\n<p><span style=\"font-size: 12pt;\">SII Rom\u00e2nia face parte din SII Group, companie multina\u0163ional\u0103 de top din domeniul tehnologiei. Filiala local\u0103 a fost deschis\u0103 \u00een anul 2009 \u015fi furnizeaz\u0103 servicii de dezvoltare software (digital \u015fi inginerie) \u015fi IT outsourcing.<\/span><\/p>\n<p><span style=\"font-size: 12pt;\">Sursa: <a href=\"https:\/\/www.zf.ro\/business-hi-tech\/sii-romania-specializata-servicii-solutii-it-afaceri-19-mil-euro-21016885\"><span style=\"color: #ff6600;\">https:\/\/www.zf.ro\/business-hi-tech\/sii-romania-specializata-servicii-solutii-it-afaceri-19-mil-euro-21016885<\/span><\/a><\/span><\/p>\n<p><span style=\"color: #000000; font-family: Roboto; font-size: 12pt;\">\u00a0<\/span><\/p>\n<p><span style=\"color: #000000; font-family: Roboto; font-size: 12pt;\">\u00a0<\/span><\/p>\n<p><span style=\"color: #000000; font-family: Roboto; font-size: 12pt;\">\u00a0<\/span><\/p>\n<p><span style=\"color: #000000; font-family: Roboto; font-size: 12pt;\">\u00a0<\/span><\/p>\n<p><span style=\"color: #000000; font-family: Roboto; font-size: 12pt;\">\u00a0<\/span><\/p>\n<p><span style=\"font-size: 12pt;\"><strong>\u00a0<\/strong><\/span><\/p>\n","protected":false},"excerpt":{"rendered":"<p>Compania SII Rom\u00e2nia, specializat\u0103 \u00een servicii \u015fi solu\u0163ii IT, a \u00eencheiat anul fiscal aprilie 2021 &#8211; martie 2022 cu afaceri [&hellip;]<\/p>\n","protected":false},"author":3,"featured_media":0,"comment_status":"open","ping_status":"open","sticky":false,"template":"","format":"standard","meta":{"footnotes":""},"categories":[92],"tags":[242],"class_list":["post-7682","post","type-post","status-publish","format-standard","hentry","category-ofertas","tag-news-from-asemers-associates"],"yoast_head":"<!-- This site is optimized with the Yoast SEO plugin v27.5 - https:\/\/yoast.com\/product\/yoast-seo-wordpress\/ -->\n<title>News from ASEMER\u2019s associates - SII Rom\u00e2nia - ASEMER<\/title>\n<meta name=\"robots\" content=\"index, follow, max-snippet:-1, max-image-preview:large, max-video-preview:-1\" \/>\n<link rel=\"canonical\" href=\"https:\/\/www.asemer.ro\/index.php\/2022\/07\/29\/news-from-asemers-associates-sii-romania-2\/\" \/>\n<meta property=\"og:locale\" content=\"es_ES\" \/>\n<meta property=\"og:type\" content=\"article\" \/>\n<meta property=\"og:title\" content=\"News from ASEMER\u2019s associates - SII Rom\u00e2nia - ASEMER\" \/>\n<meta property=\"og:description\" content=\"Compania SII Rom\u00e2nia, specializat\u0103 \u00een servicii \u015fi solu\u0163ii IT, a \u00eencheiat anul fiscal aprilie 2021 &#8211; martie 2022 cu afaceri [&hellip;]\" \/>\n<meta property=\"og:url\" content=\"https:\/\/www.asemer.ro\/index.php\/2022\/07\/29\/news-from-asemers-associates-sii-romania-2\/\" \/>\n<meta property=\"og:site_name\" content=\"ASEMER\" \/>\n<meta property=\"article:publisher\" content=\"https:\/\/www.facebook.com\/asociacionasemer\" \/>\n<meta property=\"article:published_time\" content=\"2022-07-29T10:33:06+00:00\" \/>\n<meta property=\"article:modified_time\" content=\"2022-07-29T11:06:16+00:00\" \/>\n<meta property=\"og:image\" content=\"https:\/\/www.asemer.ro\/wp-content\/uploads\/2022\/07\/manel-ballesteros-ceo-sii-romania-s-300x221.jpg\" \/>\n<meta name=\"author\" content=\"Admin Asemer\" \/>\n<meta name=\"twitter:card\" content=\"summary_large_image\" \/>\n<meta name=\"twitter:creator\" content=\"@asemer_rumania\" \/>\n<meta name=\"twitter:site\" content=\"@asemer_rumania\" \/>\n<meta name=\"twitter:label1\" content=\"Escrito por\" \/>\n\t<meta name=\"twitter:data1\" content=\"Admin Asemer\" \/>\n\t<meta name=\"twitter:label2\" content=\"Tiempo de lectura\" \/>\n\t<meta name=\"twitter:data2\" content=\"2 minutos\" \/>\n<script type=\"application\/ld+json\" class=\"yoast-schema-graph\">{\"@context\":\"https:\\\/\\\/schema.org\",\"@graph\":[{\"@type\":\"Article\",\"@id\":\"https:\\\/\\\/www.asemer.ro\\\/index.php\\\/2022\\\/07\\\/29\\\/news-from-asemers-associates-sii-romania-2\\\/#article\",\"isPartOf\":{\"@id\":\"https:\\\/\\\/www.asemer.ro\\\/index.php\\\/2022\\\/07\\\/29\\\/news-from-asemers-associates-sii-romania-2\\\/\"},\"author\":{\"name\":\"Admin Asemer\",\"@id\":\"https:\\\/\\\/www.asemer.ro\\\/#\\\/schema\\\/person\\\/36de47e444c0f1a7b737a035d40519f9\"},\"headline\":\"News from ASEMER\u2019s associates &#8211; SII Rom\u00e2nia\",\"datePublished\":\"2022-07-29T10:33:06+00:00\",\"dateModified\":\"2022-07-29T11:06:16+00:00\",\"mainEntityOfPage\":{\"@id\":\"https:\\\/\\\/www.asemer.ro\\\/index.php\\\/2022\\\/07\\\/29\\\/news-from-asemers-associates-sii-romania-2\\\/\"},\"wordCount\":421,\"commentCount\":0,\"publisher\":{\"@id\":\"https:\\\/\\\/www.asemer.ro\\\/#organization\"},\"image\":{\"@id\":\"https:\\\/\\\/www.asemer.ro\\\/index.php\\\/2022\\\/07\\\/29\\\/news-from-asemers-associates-sii-romania-2\\\/#primaryimage\"},\"thumbnailUrl\":\"https:\\\/\\\/www.asemer.ro\\\/wp-content\\\/uploads\\\/2022\\\/07\\\/manel-ballesteros-ceo-sii-romania-s-300x221.jpg\",\"keywords\":[\"News from ASEMER's associates\"],\"articleSection\":[\"Ofertas\"],\"inLanguage\":\"es\",\"potentialAction\":[{\"@type\":\"CommentAction\",\"name\":\"Comment\",\"target\":[\"https:\\\/\\\/www.asemer.ro\\\/index.php\\\/2022\\\/07\\\/29\\\/news-from-asemers-associates-sii-romania-2\\\/#respond\"]}]},{\"@type\":\"WebPage\",\"@id\":\"https:\\\/\\\/www.asemer.ro\\\/index.php\\\/2022\\\/07\\\/29\\\/news-from-asemers-associates-sii-romania-2\\\/\",\"url\":\"https:\\\/\\\/www.asemer.ro\\\/index.php\\\/2022\\\/07\\\/29\\\/news-from-asemers-associates-sii-romania-2\\\/\",\"name\":\"News from ASEMER\u2019s associates - SII Rom\u00e2nia - ASEMER\",\"isPartOf\":{\"@id\":\"https:\\\/\\\/www.asemer.ro\\\/#website\"},\"primaryImageOfPage\":{\"@id\":\"https:\\\/\\\/www.asemer.ro\\\/index.php\\\/2022\\\/07\\\/29\\\/news-from-asemers-associates-sii-romania-2\\\/#primaryimage\"},\"image\":{\"@id\":\"https:\\\/\\\/www.asemer.ro\\\/index.php\\\/2022\\\/07\\\/29\\\/news-from-asemers-associates-sii-romania-2\\\/#primaryimage\"},\"thumbnailUrl\":\"https:\\\/\\\/www.asemer.ro\\\/wp-content\\\/uploads\\\/2022\\\/07\\\/manel-ballesteros-ceo-sii-romania-s-300x221.jpg\",\"datePublished\":\"2022-07-29T10:33:06+00:00\",\"dateModified\":\"2022-07-29T11:06:16+00:00\",\"breadcrumb\":{\"@id\":\"https:\\\/\\\/www.asemer.ro\\\/index.php\\\/2022\\\/07\\\/29\\\/news-from-asemers-associates-sii-romania-2\\\/#breadcrumb\"},\"inLanguage\":\"es\",\"potentialAction\":[{\"@type\":\"ReadAction\",\"target\":[\"https:\\\/\\\/www.asemer.ro\\\/index.php\\\/2022\\\/07\\\/29\\\/news-from-asemers-associates-sii-romania-2\\\/\"]}]},{\"@type\":\"ImageObject\",\"inLanguage\":\"es\",\"@id\":\"https:\\\/\\\/www.asemer.ro\\\/index.php\\\/2022\\\/07\\\/29\\\/news-from-asemers-associates-sii-romania-2\\\/#primaryimage\",\"url\":\"https:\\\/\\\/www.asemer.ro\\\/wp-content\\\/uploads\\\/2022\\\/07\\\/manel-ballesteros-ceo-sii-romania-s.jpg\",\"contentUrl\":\"https:\\\/\\\/www.asemer.ro\\\/wp-content\\\/uploads\\\/2022\\\/07\\\/manel-ballesteros-ceo-sii-romania-s.jpg\",\"width\":1500,\"height\":1106},{\"@type\":\"BreadcrumbList\",\"@id\":\"https:\\\/\\\/www.asemer.ro\\\/index.php\\\/2022\\\/07\\\/29\\\/news-from-asemers-associates-sii-romania-2\\\/#breadcrumb\",\"itemListElement\":[{\"@type\":\"ListItem\",\"position\":1,\"name\":\"Home\",\"item\":\"https:\\\/\\\/www.asemer.ro\\\/\"},{\"@type\":\"ListItem\",\"position\":2,\"name\":\"News from ASEMER\u2019s associates &#8211; SII Rom\u00e2nia\"}]},{\"@type\":\"WebSite\",\"@id\":\"https:\\\/\\\/www.asemer.ro\\\/#website\",\"url\":\"https:\\\/\\\/www.asemer.ro\\\/\",\"name\":\"ASEMER\",\"description\":\"Asociaci\u00f3n de Empresas Espa\u00f1olas en Ruman\u00eda\",\"publisher\":{\"@id\":\"https:\\\/\\\/www.asemer.ro\\\/#organization\"},\"potentialAction\":[{\"@type\":\"SearchAction\",\"target\":{\"@type\":\"EntryPoint\",\"urlTemplate\":\"https:\\\/\\\/www.asemer.ro\\\/?s={search_term_string}\"},\"query-input\":{\"@type\":\"PropertyValueSpecification\",\"valueRequired\":true,\"valueName\":\"search_term_string\"}}],\"inLanguage\":\"es\"},{\"@type\":\"Organization\",\"@id\":\"https:\\\/\\\/www.asemer.ro\\\/#organization\",\"name\":\"ASEMER\",\"url\":\"https:\\\/\\\/www.asemer.ro\\\/\",\"logo\":{\"@type\":\"ImageObject\",\"inLanguage\":\"es\",\"@id\":\"https:\\\/\\\/www.asemer.ro\\\/#\\\/schema\\\/logo\\\/image\\\/\",\"url\":\"https:\\\/\\\/www.asemer.ro\\\/wp-content\\\/uploads\\\/2020\\\/12\\\/logo-ASEMER-scaled.jpg\",\"contentUrl\":\"https:\\\/\\\/www.asemer.ro\\\/wp-content\\\/uploads\\\/2020\\\/12\\\/logo-ASEMER-scaled.jpg\",\"width\":2560,\"height\":849,\"caption\":\"ASEMER\"},\"image\":{\"@id\":\"https:\\\/\\\/www.asemer.ro\\\/#\\\/schema\\\/logo\\\/image\\\/\"},\"sameAs\":[\"https:\\\/\\\/www.facebook.com\\\/asociacionasemer\",\"https:\\\/\\\/x.com\\\/asemer_rumania\",\"https:\\\/\\\/ro.linkedin.com\\\/in\\\/asemer-asociaci\u00f3n-empresas-espa\u00f1olas-en-ruman\u00eda-724772a6?trk=author_mini-profile_title\",\"https:\\\/\\\/www.youtube.com\\\/channel\\\/UC73m8-BDsg857OL0Ogv5aQA\\\/videos\"]},{\"@type\":\"Person\",\"@id\":\"https:\\\/\\\/www.asemer.ro\\\/#\\\/schema\\\/person\\\/36de47e444c0f1a7b737a035d40519f9\",\"name\":\"Admin Asemer\",\"image\":{\"@type\":\"ImageObject\",\"inLanguage\":\"es\",\"@id\":\"https:\\\/\\\/secure.gravatar.com\\\/avatar\\\/b64873d65b5be684e01a001c464789c445a7279ef3f177f5fbff5d83eb373299?s=96&d=mm&r=g\",\"url\":\"https:\\\/\\\/secure.gravatar.com\\\/avatar\\\/b64873d65b5be684e01a001c464789c445a7279ef3f177f5fbff5d83eb373299?s=96&d=mm&r=g\",\"contentUrl\":\"https:\\\/\\\/secure.gravatar.com\\\/avatar\\\/b64873d65b5be684e01a001c464789c445a7279ef3f177f5fbff5d83eb373299?s=96&d=mm&r=g\",\"caption\":\"Admin Asemer\"},\"url\":\"https:\\\/\\\/www.asemer.ro\\\/index.php\\\/author\\\/admin\\\/\"}]}<\/script>\n<!-- \/ Yoast SEO plugin. -->","yoast_head_json":{"title":"News from ASEMER\u2019s associates - SII Rom\u00e2nia - ASEMER","robots":{"index":"index","follow":"follow","max-snippet":"max-snippet:-1","max-image-preview":"max-image-preview:large","max-video-preview":"max-video-preview:-1"},"canonical":"https:\/\/www.asemer.ro\/index.php\/2022\/07\/29\/news-from-asemers-associates-sii-romania-2\/","og_locale":"es_ES","og_type":"article","og_title":"News from ASEMER\u2019s associates - SII Rom\u00e2nia - ASEMER","og_description":"Compania SII Rom\u00e2nia, specializat\u0103 \u00een servicii \u015fi solu\u0163ii IT, a \u00eencheiat anul fiscal aprilie 2021 &#8211; martie 2022 cu afaceri [&hellip;]","og_url":"https:\/\/www.asemer.ro\/index.php\/2022\/07\/29\/news-from-asemers-associates-sii-romania-2\/","og_site_name":"ASEMER","article_publisher":"https:\/\/www.facebook.com\/asociacionasemer","article_published_time":"2022-07-29T10:33:06+00:00","article_modified_time":"2022-07-29T11:06:16+00:00","og_image":[{"url":"https:\/\/www.asemer.ro\/wp-content\/uploads\/2022\/07\/manel-ballesteros-ceo-sii-romania-s-300x221.jpg","type":"","width":"","height":""}],"author":"Admin Asemer","twitter_card":"summary_large_image","twitter_creator":"@asemer_rumania","twitter_site":"@asemer_rumania","twitter_misc":{"Escrito por":"Admin Asemer","Tiempo de lectura":"2 minutos"},"schema":{"@context":"https:\/\/schema.org","@graph":[{"@type":"Article","@id":"https:\/\/www.asemer.ro\/index.php\/2022\/07\/29\/news-from-asemers-associates-sii-romania-2\/#article","isPartOf":{"@id":"https:\/\/www.asemer.ro\/index.php\/2022\/07\/29\/news-from-asemers-associates-sii-romania-2\/"},"author":{"name":"Admin Asemer","@id":"https:\/\/www.asemer.ro\/#\/schema\/person\/36de47e444c0f1a7b737a035d40519f9"},"headline":"News from ASEMER\u2019s associates &#8211; SII Rom\u00e2nia","datePublished":"2022-07-29T10:33:06+00:00","dateModified":"2022-07-29T11:06:16+00:00","mainEntityOfPage":{"@id":"https:\/\/www.asemer.ro\/index.php\/2022\/07\/29\/news-from-asemers-associates-sii-romania-2\/"},"wordCount":421,"commentCount":0,"publisher":{"@id":"https:\/\/www.asemer.ro\/#organization"},"image":{"@id":"https:\/\/www.asemer.ro\/index.php\/2022\/07\/29\/news-from-asemers-associates-sii-romania-2\/#primaryimage"},"thumbnailUrl":"https:\/\/www.asemer.ro\/wp-content\/uploads\/2022\/07\/manel-ballesteros-ceo-sii-romania-s-300x221.jpg","keywords":["News from ASEMER's associates"],"articleSection":["Ofertas"],"inLanguage":"es","potentialAction":[{"@type":"CommentAction","name":"Comment","target":["https:\/\/www.asemer.ro\/index.php\/2022\/07\/29\/news-from-asemers-associates-sii-romania-2\/#respond"]}]},{"@type":"WebPage","@id":"https:\/\/www.asemer.ro\/index.php\/2022\/07\/29\/news-from-asemers-associates-sii-romania-2\/","url":"https:\/\/www.asemer.ro\/index.php\/2022\/07\/29\/news-from-asemers-associates-sii-romania-2\/","name":"News from ASEMER\u2019s associates - SII Rom\u00e2nia - ASEMER","isPartOf":{"@id":"https:\/\/www.asemer.ro\/#website"},"primaryImageOfPage":{"@id":"https:\/\/www.asemer.ro\/index.php\/2022\/07\/29\/news-from-asemers-associates-sii-romania-2\/#primaryimage"},"image":{"@id":"https:\/\/www.asemer.ro\/index.php\/2022\/07\/29\/news-from-asemers-associates-sii-romania-2\/#primaryimage"},"thumbnailUrl":"https:\/\/www.asemer.ro\/wp-content\/uploads\/2022\/07\/manel-ballesteros-ceo-sii-romania-s-300x221.jpg","datePublished":"2022-07-29T10:33:06+00:00","dateModified":"2022-07-29T11:06:16+00:00","breadcrumb":{"@id":"https:\/\/www.asemer.ro\/index.php\/2022\/07\/29\/news-from-asemers-associates-sii-romania-2\/#breadcrumb"},"inLanguage":"es","potentialAction":[{"@type":"ReadAction","target":["https:\/\/www.asemer.ro\/index.php\/2022\/07\/29\/news-from-asemers-associates-sii-romania-2\/"]}]},{"@type":"ImageObject","inLanguage":"es","@id":"https:\/\/www.asemer.ro\/index.php\/2022\/07\/29\/news-from-asemers-associates-sii-romania-2\/#primaryimage","url":"https:\/\/www.asemer.ro\/wp-content\/uploads\/2022\/07\/manel-ballesteros-ceo-sii-romania-s.jpg","contentUrl":"https:\/\/www.asemer.ro\/wp-content\/uploads\/2022\/07\/manel-ballesteros-ceo-sii-romania-s.jpg","width":1500,"height":1106},{"@type":"BreadcrumbList","@id":"https:\/\/www.asemer.ro\/index.php\/2022\/07\/29\/news-from-asemers-associates-sii-romania-2\/#breadcrumb","itemListElement":[{"@type":"ListItem","position":1,"name":"Home","item":"https:\/\/www.asemer.ro\/"},{"@type":"ListItem","position":2,"name":"News from ASEMER\u2019s associates &#8211; SII Rom\u00e2nia"}]},{"@type":"WebSite","@id":"https:\/\/www.asemer.ro\/#website","url":"https:\/\/www.asemer.ro\/","name":"ASEMER","description":"Asociaci\u00f3n de Empresas Espa\u00f1olas en Ruman\u00eda","publisher":{"@id":"https:\/\/www.asemer.ro\/#organization"},"potentialAction":[{"@type":"SearchAction","target":{"@type":"EntryPoint","urlTemplate":"https:\/\/www.asemer.ro\/?s={search_term_string}"},"query-input":{"@type":"PropertyValueSpecification","valueRequired":true,"valueName":"search_term_string"}}],"inLanguage":"es"},{"@type":"Organization","@id":"https:\/\/www.asemer.ro\/#organization","name":"ASEMER","url":"https:\/\/www.asemer.ro\/","logo":{"@type":"ImageObject","inLanguage":"es","@id":"https:\/\/www.asemer.ro\/#\/schema\/logo\/image\/","url":"https:\/\/www.asemer.ro\/wp-content\/uploads\/2020\/12\/logo-ASEMER-scaled.jpg","contentUrl":"https:\/\/www.asemer.ro\/wp-content\/uploads\/2020\/12\/logo-ASEMER-scaled.jpg","width":2560,"height":849,"caption":"ASEMER"},"image":{"@id":"https:\/\/www.asemer.ro\/#\/schema\/logo\/image\/"},"sameAs":["https:\/\/www.facebook.com\/asociacionasemer","https:\/\/x.com\/asemer_rumania","https:\/\/ro.linkedin.com\/in\/asemer-asociaci\u00f3n-empresas-espa\u00f1olas-en-ruman\u00eda-724772a6?trk=author_mini-profile_title","https:\/\/www.youtube.com\/channel\/UC73m8-BDsg857OL0Ogv5aQA\/videos"]},{"@type":"Person","@id":"https:\/\/www.asemer.ro\/#\/schema\/person\/36de47e444c0f1a7b737a035d40519f9","name":"Admin Asemer","image":{"@type":"ImageObject","inLanguage":"es","@id":"https:\/\/secure.gravatar.com\/avatar\/b64873d65b5be684e01a001c464789c445a7279ef3f177f5fbff5d83eb373299?s=96&d=mm&r=g","url":"https:\/\/secure.gravatar.com\/avatar\/b64873d65b5be684e01a001c464789c445a7279ef3f177f5fbff5d83eb373299?s=96&d=mm&r=g","contentUrl":"https:\/\/secure.gravatar.com\/avatar\/b64873d65b5be684e01a001c464789c445a7279ef3f177f5fbff5d83eb373299?s=96&d=mm&r=g","caption":"Admin Asemer"},"url":"https:\/\/www.asemer.ro\/index.php\/author\/admin\/"}]}},"_links":{"self":[{"href":"https:\/\/www.asemer.ro\/index.php\/wp-json\/wp\/v2\/posts\/7682","targetHints":{"allow":["GET"]}}],"collection":[{"href":"https:\/\/www.asemer.ro\/index.php\/wp-json\/wp\/v2\/posts"}],"about":[{"href":"https:\/\/www.asemer.ro\/index.php\/wp-json\/wp\/v2\/types\/post"}],"author":[{"embeddable":true,"href":"https:\/\/www.asemer.ro\/index.php\/wp-json\/wp\/v2\/users\/3"}],"replies":[{"embeddable":true,"href":"https:\/\/www.asemer.ro\/index.php\/wp-json\/wp\/v2\/comments?post=7682"}],"version-history":[{"count":3,"href":"https:\/\/www.asemer.ro\/index.php\/wp-json\/wp\/v2\/posts\/7682\/revisions"}],"predecessor-version":[{"id":7690,"href":"https:\/\/www.asemer.ro\/index.php\/wp-json\/wp\/v2\/posts\/7682\/revisions\/7690"}],"wp:attachment":[{"href":"https:\/\/www.asemer.ro\/index.php\/wp-json\/wp\/v2\/media?parent=7682"}],"wp:term":[{"taxonomy":"category","embeddable":true,"href":"https:\/\/www.asemer.ro\/index.php\/wp-json\/wp\/v2\/categories?post=7682"},{"taxonomy":"post_tag","embeddable":true,"href":"https:\/\/www.asemer.ro\/index.php\/wp-json\/wp\/v2\/tags?post=7682"}],"curies":[{"name":"wp","href":"https:\/\/api.w.org\/{rel}","templated":true}]}}