{"id":7772,"date":"2022-08-30T21:58:24","date_gmt":"2022-08-30T19:58:24","guid":{"rendered":"https:\/\/www.asemer.ro\/?p=7772"},"modified":"2022-08-31T14:57:54","modified_gmt":"2022-08-31T12:57:54","slug":"comunicat-comunicado","status":"publish","type":"post","link":"https:\/\/www.asemer.ro\/index.php\/2022\/08\/30\/comunicat-comunicado\/","title":{"rendered":"Comunicat \/ Comunicado"},"content":{"rendered":"<p><b><span data-contrast=\"auto\"><img loading=\"lazy\" decoding=\"async\" class=\"alignleft  wp-image-7781\" src=\"https:\/\/www.asemer.ro\/wp-content\/uploads\/2022\/08\/WhatsApp-Image-2022-08-24-at-12.17.44-PM-298x300.jpeg\" alt=\"\" width=\"353\" height=\"355\" srcset=\"https:\/\/www.asemer.ro\/wp-content\/uploads\/2022\/08\/WhatsApp-Image-2022-08-24-at-12.17.44-PM-298x300.jpeg 298w, https:\/\/www.asemer.ro\/wp-content\/uploads\/2022\/08\/WhatsApp-Image-2022-08-24-at-12.17.44-PM-1017x1024.jpeg 1017w, https:\/\/www.asemer.ro\/wp-content\/uploads\/2022\/08\/WhatsApp-Image-2022-08-24-at-12.17.44-PM-150x150.jpeg 150w, https:\/\/www.asemer.ro\/wp-content\/uploads\/2022\/08\/WhatsApp-Image-2022-08-24-at-12.17.44-PM-768x773.jpeg 768w, https:\/\/www.asemer.ro\/wp-content\/uploads\/2022\/08\/WhatsApp-Image-2022-08-24-at-12.17.44-PM-763x768.jpeg 763w, https:\/\/www.asemer.ro\/wp-content\/uploads\/2022\/08\/WhatsApp-Image-2022-08-24-at-12.17.44-PM-1525x1536.jpeg 1525w, https:\/\/www.asemer.ro\/wp-content\/uploads\/2022\/08\/WhatsApp-Image-2022-08-24-at-12.17.44-PM-720x725.jpeg 720w, https:\/\/www.asemer.ro\/wp-content\/uploads\/2022\/08\/WhatsApp-Image-2022-08-24-at-12.17.44-PM.jpeg 1863w\" sizes=\"auto, (max-width: 353px) 100vw, 353px\" \/><\/span><\/b><span data-contrast=\"auto\">La sfarsitul lunii august a avut loc o intalnire intre presedintele Institutului Hispano Roman, Manuel Paduraru, si presedintele ASEMER, Emilio Luque, pentru a intari relatiile dintre cele doua entitati partenere si pentru a aborda teme de interes comun.<\/span><span data-ccp-props=\"{&quot;201341983&quot;:0,&quot;335559739&quot;:160,&quot;335559740&quot;:259}\">\u00a0<\/span><\/p>\n<p><span data-contrast=\"auto\">Astfel, cei doi presedinti au stabilit ca, in urma semnarii acordului de colaborare intre Institut si Asociatie, vor fi trasate domenii si actiuni concrete ce pot fi realizate in parteneriat de cele doua entitati.\u00a0<\/span><span data-ccp-props=\"{&quot;201341983&quot;:0,&quot;335559739&quot;:160,&quot;335559740&quot;:259}\">\u00a0<\/span><\/p>\n<p><span data-contrast=\"auto\">Tinand cont de conditiile economico sociale favorabile din Romania si de oportunitatile existente, se doreste intreprinderea de actiuni comune menite sa atraga investitii spaniole in Romania, atat din partea spaniolilor, cat si din partea romanilor stabiliti in Spania care doresc sa investeasca in Romania. Drept urmare, se are in vedere organizarea unor reuniuni si\u00a0forumuri online adresate\u00a0persoanelor si entit\u0103\u021bilor din Spania interesate\u00a0sa investeasca in Romania, pentru a-i informa pe acestia despre oportunit\u0103\u021bile de investitii si afaceri din Romania.\u00a0<\/span><span data-ccp-props=\"{&quot;201341983&quot;:0,&quot;335559739&quot;:160,&quot;335559740&quot;:259}\">\u00a0<\/span><\/p>\n<p><span data-contrast=\"auto\">De asemenea, in cadrul discutiei purtate de presedintii Institutului Hispano Rumano si ASEMER, s-au tratat detalii privind contextul actual al societatii europene, si in special al Romaniei, privind procesul global de digitalizare si transformare digitala atat a societatii civile, cat si a adminstratiilor publice si oportunitatile existente pentru firmele private care pot participa activ la acest proces, precum si despre fondurile europene existente pentru realizarea acestei transformari digitale a societatii pe care o cunoastem.<\/span><span data-ccp-props=\"{&quot;201341983&quot;:0,&quot;335559739&quot;:160,&quot;335559740&quot;:259}\"> <img loading=\"lazy\" decoding=\"async\" class=\"size-medium wp-image-6436 alignright\" src=\"https:\/\/www.asemer.ro\/wp-content\/uploads\/2021\/07\/instituto-hispano-rumano-blanco-300x171.jpg\" alt=\"\" width=\"300\" height=\"171\" srcset=\"https:\/\/www.asemer.ro\/wp-content\/uploads\/2021\/07\/instituto-hispano-rumano-blanco-300x171.jpg 300w, https:\/\/www.asemer.ro\/wp-content\/uploads\/2021\/07\/instituto-hispano-rumano-blanco-1024x585.jpg 1024w, https:\/\/www.asemer.ro\/wp-content\/uploads\/2021\/07\/instituto-hispano-rumano-blanco-768x439.jpg 768w, https:\/\/www.asemer.ro\/wp-content\/uploads\/2021\/07\/instituto-hispano-rumano-blanco-1536x877.jpg 1536w, https:\/\/www.asemer.ro\/wp-content\/uploads\/2021\/07\/instituto-hispano-rumano-blanco-2048x1169.jpg 2048w, https:\/\/www.asemer.ro\/wp-content\/uploads\/2021\/07\/instituto-hispano-rumano-blanco-720x411.jpg 720w, https:\/\/www.asemer.ro\/wp-content\/uploads\/2021\/07\/instituto-hispano-rumano-blanco-850x485.jpg 850w\" sizes=\"auto, (max-width: 300px) 100vw, 300px\" \/><\/span><\/p>\n<p><span data-contrast=\"auto\">A fost reamintiti totodata programul de finantare a firmelor din Romania &#8211; StartUp Nation &#8211; care cuprinde si o sectiune pentru romanii din Diaspora ce vor sa revina acasa pentru a deschide o afacere si carora statul roman le poate oferi o finantare nerambursabila de pana la 200.000 lei. Puteti afla mai multe informatii despre acest subiect la link-ul urmator:\u00a0<\/span><a href=\"http:\/\/turism.gov.ro\/web\/2022\/08\/05\/romanii-din-diaspora-care-doresc-sa-revina-in-tara-si-sa-investeasca-intr-o-afacere-pot-obtine-finantare-de-pana-la-200-000-lei\"><span data-contrast=\"none\">http:\/\/turism.gov.ro\/web\/2022\/08\/05\/romanii-din-diaspora-care-doresc-sa-revina-in-tara-si-sa-investeasca-intr-o-afacere-pot-obtine-finantare-de-pana-la-200-000-lei<\/span><\/a> <span data-ccp-props=\"{&quot;201341983&quot;:0,&quot;335559739&quot;:160,&quot;335559740&quot;:259}\">\u00a0<\/span><\/p>\n<p><span data-contrast=\"auto\">Urmeaza sa revenim cu informatii despre punerea in practica a celor discutate de dl. Paduraru si dl. Luque in perioada imediat urmatoare. <\/span><span data-ccp-props=\"{&quot;201341983&quot;:0,&quot;335559739&quot;:160,&quot;335559740&quot;:259}\">\u00a0<\/span><\/p>\n<p><span data-ccp-props=\"{&quot;201341983&quot;:0,&quot;335559739&quot;:160,&quot;335559740&quot;:259}\">\u00a0_____________________________________________________<\/span><\/p>\n<p><b><span data-contrast=\"auto\">\u00a0<\/span><\/b><span data-ccp-props=\"{&quot;201341983&quot;:0,&quot;335559739&quot;:160,&quot;335559740&quot;:259}\">\u00a0<\/span><\/p>\n<p><span data-contrast=\"auto\">A finales de agosto se celebr\u00f3 una reuni\u00f3n entre el presidente del Instituto Hispano Rumano, Manuel Paduraru, y el presidente de ASEMER, Emilio Luque, para estrechar las relaciones entre ambas entidades socias y abordar temas de inter\u00e9s com\u00fan.<\/span><span data-ccp-props=\"{&quot;201341983&quot;:0,&quot;335559739&quot;:160,&quot;335559740&quot;:259}\">\u00a0<\/span><\/p>\n<p><span data-contrast=\"auto\">As\u00ed, los dos presidentes establecieron que, tras la firma del convenio de colaboraci\u00f3n entre el Instituto y la Asociaci\u00f3n, se perfilar\u00e1n las \u00e1reas y actuaciones concretas que podr\u00e1n llevar a cabo de forma conjunta ambas entidades.<\/span><span data-ccp-props=\"{&quot;201341983&quot;:0,&quot;335559739&quot;:160,&quot;335559740&quot;:259}\">\u00a0<\/span><\/p>\n<p><span data-contrast=\"auto\">Teniendo en cuenta las condiciones econ\u00f3micas y sociales favorables en Ruman\u00eda y las oportunidades existentes, se desea emprender acciones conjuntas encaminadas a atraer inversiones espa\u00f1olas en Ruman\u00eda, tanto de espa\u00f1oles como de rumanos afincados en Espa\u00f1a que deseen invertir en Ruman\u00eda. En consecuencia, se est\u00e1 considerando la organizaci\u00f3n de reuniones y foros online dirigidos a personas y entidades de Espa\u00f1a interesadas en invertir en Ruman\u00eda, con el fin de informarles sobre oportunidades de inversi\u00f3n y negocio en Ruman\u00eda.<\/span><span data-ccp-props=\"{&quot;201341983&quot;:0,&quot;335559739&quot;:160,&quot;335559740&quot;:259}\">\u00a0<\/span><\/p>\n<p><span data-contrast=\"auto\">Asimismo, durante la mesa redonda mantenida por los presidentes del Instituto Hispano Rumano y de ASEMER, se abordaron detalles sobre el contexto actual de la sociedad europea, y en especial de Ruman\u00eda, en cuanto al proceso global de digitalizaci\u00f3n y transformaci\u00f3n digital tanto de la sociedad civil como de las administraciones p\u00fablicas y las oportunidades existentes para las empresas privadas que pueden participar activamente en este proceso, as\u00ed como sobre los fondos europeos existentes para la realizaci\u00f3n de esta transformaci\u00f3n digital de la sociedad que conocemos.<\/span><span data-ccp-props=\"{&quot;201341983&quot;:0,&quot;335559739&quot;:160,&quot;335559740&quot;:259}\">\u00a0<\/span><\/p>\n<p><span data-contrast=\"auto\">Tambi\u00e9n se les record\u00f3 el programa de financiaci\u00f3n para empresas rumanas\u00a0&#8211; StartUp Nation &#8211; que tambi\u00e9n incluye un apartado para rumanos de la di\u00e1spora que quieran volver a casa para abrir un negocio y a los que el estado rumano puede ofrecer financiaci\u00f3n no reembolsable de hasta 200.000 leus. Puede encontrar m\u00e1s informaci\u00f3n sobre este tema en el siguiente enlace: <\/span><a href=\"http:\/\/turism.gov.ro\/web\/2022\/08\/05\/romanii-din-diaspora-care-doresc-sa-revina-in-tara-si-sa-investeasca-intr-o-afacere-pot-obtine-finantare-de-pana-la-200-000-lei\">http:\/\/turism.gov.ro\/web\/2022\/08\/05\/romanii-din-diaspora-care-doresc-sa-revina-in-tara-si-sa-investeasca-intr-o-afacere-pot-obtine-finantare-de-pana-la-200-000-lei<\/a><\/p>\n<p><span data-contrast=\"auto\">Volveremos con informaci\u00f3n sobre la implementaci\u00f3n de lo discutido por el Sr. Paduraru y el Sr. Luque en el periodo inmediato siguiente.<\/span><span data-ccp-props=\"{&quot;201341983&quot;:0,&quot;335559739&quot;:160,&quot;335559740&quot;:259}\">\u00a0<\/span><\/p>\n<p><span data-ccp-props=\"{&quot;201341983&quot;:0,&quot;335559739&quot;:160,&quot;335559740&quot;:259}\">\u00a0<\/span><\/p>\n<p><span data-ccp-props=\"{&quot;201341983&quot;:0,&quot;335559739&quot;:160,&quot;335559740&quot;:259}\">\u00a0<\/span><\/p>\n","protected":false},"excerpt":{"rendered":"<p>La sfarsitul lunii august a avut loc o intalnire intre presedintele Institutului Hispano Roman, Manuel Paduraru, si presedintele ASEMER, Emilio [&hellip;]<\/p>\n","protected":false},"author":3,"featured_media":0,"comment_status":"open","ping_status":"open","sticky":false,"template":"","format":"standard","meta":{"footnotes":""},"categories":[53],"tags":[],"class_list":["post-7772","post","type-post","status-publish","format-standard","hentry","category-agenda-y-eventos"],"yoast_head":"<!-- This site is optimized with the Yoast SEO plugin v27.5 - https:\/\/yoast.com\/product\/yoast-seo-wordpress\/ -->\n<title>Comunicat \/ Comunicado - ASEMER<\/title>\n<meta name=\"robots\" content=\"index, follow, max-snippet:-1, max-image-preview:large, max-video-preview:-1\" \/>\n<link rel=\"canonical\" href=\"https:\/\/www.asemer.ro\/index.php\/2022\/08\/30\/comunicat-comunicado\/\" \/>\n<meta property=\"og:locale\" content=\"es_ES\" \/>\n<meta property=\"og:type\" content=\"article\" \/>\n<meta property=\"og:title\" content=\"Comunicat \/ Comunicado - ASEMER\" \/>\n<meta property=\"og:description\" content=\"La sfarsitul lunii august a avut loc o intalnire intre presedintele Institutului Hispano Roman, Manuel Paduraru, si presedintele ASEMER, Emilio [&hellip;]\" \/>\n<meta property=\"og:url\" content=\"https:\/\/www.asemer.ro\/index.php\/2022\/08\/30\/comunicat-comunicado\/\" \/>\n<meta property=\"og:site_name\" content=\"ASEMER\" \/>\n<meta property=\"article:publisher\" content=\"https:\/\/www.facebook.com\/asociacionasemer\" \/>\n<meta property=\"article:published_time\" content=\"2022-08-30T19:58:24+00:00\" \/>\n<meta property=\"article:modified_time\" content=\"2022-08-31T12:57:54+00:00\" \/>\n<meta property=\"og:image\" content=\"https:\/\/www.asemer.ro\/wp-content\/uploads\/2022\/08\/WhatsApp-Image-2022-08-24-at-12.17.44-PM-298x300.jpeg\" \/>\n<meta name=\"author\" content=\"Admin Asemer\" \/>\n<meta name=\"twitter:card\" content=\"summary_large_image\" \/>\n<meta name=\"twitter:creator\" content=\"@asemer_rumania\" \/>\n<meta name=\"twitter:site\" content=\"@asemer_rumania\" \/>\n<meta name=\"twitter:label1\" content=\"Escrito por\" \/>\n\t<meta name=\"twitter:data1\" content=\"Admin Asemer\" \/>\n\t<meta name=\"twitter:label2\" content=\"Tiempo de lectura\" \/>\n\t<meta name=\"twitter:data2\" content=\"4 minutos\" \/>\n<script type=\"application\/ld+json\" class=\"yoast-schema-graph\">{\"@context\":\"https:\\\/\\\/schema.org\",\"@graph\":[{\"@type\":\"Article\",\"@id\":\"https:\\\/\\\/www.asemer.ro\\\/index.php\\\/2022\\\/08\\\/30\\\/comunicat-comunicado\\\/#article\",\"isPartOf\":{\"@id\":\"https:\\\/\\\/www.asemer.ro\\\/index.php\\\/2022\\\/08\\\/30\\\/comunicat-comunicado\\\/\"},\"author\":{\"name\":\"Admin Asemer\",\"@id\":\"https:\\\/\\\/www.asemer.ro\\\/#\\\/schema\\\/person\\\/36de47e444c0f1a7b737a035d40519f9\"},\"headline\":\"Comunicat \\\/ Comunicado\",\"datePublished\":\"2022-08-30T19:58:24+00:00\",\"dateModified\":\"2022-08-31T12:57:54+00:00\",\"mainEntityOfPage\":{\"@id\":\"https:\\\/\\\/www.asemer.ro\\\/index.php\\\/2022\\\/08\\\/30\\\/comunicat-comunicado\\\/\"},\"wordCount\":681,\"commentCount\":0,\"publisher\":{\"@id\":\"https:\\\/\\\/www.asemer.ro\\\/#organization\"},\"image\":{\"@id\":\"https:\\\/\\\/www.asemer.ro\\\/index.php\\\/2022\\\/08\\\/30\\\/comunicat-comunicado\\\/#primaryimage\"},\"thumbnailUrl\":\"https:\\\/\\\/www.asemer.ro\\\/wp-content\\\/uploads\\\/2022\\\/08\\\/WhatsApp-Image-2022-08-24-at-12.17.44-PM-298x300.jpeg\",\"articleSection\":[\"Agenda y eventos\"],\"inLanguage\":\"es\",\"potentialAction\":[{\"@type\":\"CommentAction\",\"name\":\"Comment\",\"target\":[\"https:\\\/\\\/www.asemer.ro\\\/index.php\\\/2022\\\/08\\\/30\\\/comunicat-comunicado\\\/#respond\"]}]},{\"@type\":\"WebPage\",\"@id\":\"https:\\\/\\\/www.asemer.ro\\\/index.php\\\/2022\\\/08\\\/30\\\/comunicat-comunicado\\\/\",\"url\":\"https:\\\/\\\/www.asemer.ro\\\/index.php\\\/2022\\\/08\\\/30\\\/comunicat-comunicado\\\/\",\"name\":\"Comunicat \\\/ Comunicado - ASEMER\",\"isPartOf\":{\"@id\":\"https:\\\/\\\/www.asemer.ro\\\/#website\"},\"primaryImageOfPage\":{\"@id\":\"https:\\\/\\\/www.asemer.ro\\\/index.php\\\/2022\\\/08\\\/30\\\/comunicat-comunicado\\\/#primaryimage\"},\"image\":{\"@id\":\"https:\\\/\\\/www.asemer.ro\\\/index.php\\\/2022\\\/08\\\/30\\\/comunicat-comunicado\\\/#primaryimage\"},\"thumbnailUrl\":\"https:\\\/\\\/www.asemer.ro\\\/wp-content\\\/uploads\\\/2022\\\/08\\\/WhatsApp-Image-2022-08-24-at-12.17.44-PM-298x300.jpeg\",\"datePublished\":\"2022-08-30T19:58:24+00:00\",\"dateModified\":\"2022-08-31T12:57:54+00:00\",\"breadcrumb\":{\"@id\":\"https:\\\/\\\/www.asemer.ro\\\/index.php\\\/2022\\\/08\\\/30\\\/comunicat-comunicado\\\/#breadcrumb\"},\"inLanguage\":\"es\",\"potentialAction\":[{\"@type\":\"ReadAction\",\"target\":[\"https:\\\/\\\/www.asemer.ro\\\/index.php\\\/2022\\\/08\\\/30\\\/comunicat-comunicado\\\/\"]}]},{\"@type\":\"ImageObject\",\"inLanguage\":\"es\",\"@id\":\"https:\\\/\\\/www.asemer.ro\\\/index.php\\\/2022\\\/08\\\/30\\\/comunicat-comunicado\\\/#primaryimage\",\"url\":\"https:\\\/\\\/www.asemer.ro\\\/wp-content\\\/uploads\\\/2022\\\/08\\\/WhatsApp-Image-2022-08-24-at-12.17.44-PM.jpeg\",\"contentUrl\":\"https:\\\/\\\/www.asemer.ro\\\/wp-content\\\/uploads\\\/2022\\\/08\\\/WhatsApp-Image-2022-08-24-at-12.17.44-PM.jpeg\",\"width\":1863,\"height\":1876},{\"@type\":\"BreadcrumbList\",\"@id\":\"https:\\\/\\\/www.asemer.ro\\\/index.php\\\/2022\\\/08\\\/30\\\/comunicat-comunicado\\\/#breadcrumb\",\"itemListElement\":[{\"@type\":\"ListItem\",\"position\":1,\"name\":\"Home\",\"item\":\"https:\\\/\\\/www.asemer.ro\\\/\"},{\"@type\":\"ListItem\",\"position\":2,\"name\":\"Comunicat \\\/ Comunicado\"}]},{\"@type\":\"WebSite\",\"@id\":\"https:\\\/\\\/www.asemer.ro\\\/#website\",\"url\":\"https:\\\/\\\/www.asemer.ro\\\/\",\"name\":\"ASEMER\",\"description\":\"Asociaci\u00f3n de Empresas Espa\u00f1olas en Ruman\u00eda\",\"publisher\":{\"@id\":\"https:\\\/\\\/www.asemer.ro\\\/#organization\"},\"potentialAction\":[{\"@type\":\"SearchAction\",\"target\":{\"@type\":\"EntryPoint\",\"urlTemplate\":\"https:\\\/\\\/www.asemer.ro\\\/?s={search_term_string}\"},\"query-input\":{\"@type\":\"PropertyValueSpecification\",\"valueRequired\":true,\"valueName\":\"search_term_string\"}}],\"inLanguage\":\"es\"},{\"@type\":\"Organization\",\"@id\":\"https:\\\/\\\/www.asemer.ro\\\/#organization\",\"name\":\"ASEMER\",\"url\":\"https:\\\/\\\/www.asemer.ro\\\/\",\"logo\":{\"@type\":\"ImageObject\",\"inLanguage\":\"es\",\"@id\":\"https:\\\/\\\/www.asemer.ro\\\/#\\\/schema\\\/logo\\\/image\\\/\",\"url\":\"https:\\\/\\\/www.asemer.ro\\\/wp-content\\\/uploads\\\/2020\\\/12\\\/logo-ASEMER-scaled.jpg\",\"contentUrl\":\"https:\\\/\\\/www.asemer.ro\\\/wp-content\\\/uploads\\\/2020\\\/12\\\/logo-ASEMER-scaled.jpg\",\"width\":2560,\"height\":849,\"caption\":\"ASEMER\"},\"image\":{\"@id\":\"https:\\\/\\\/www.asemer.ro\\\/#\\\/schema\\\/logo\\\/image\\\/\"},\"sameAs\":[\"https:\\\/\\\/www.facebook.com\\\/asociacionasemer\",\"https:\\\/\\\/x.com\\\/asemer_rumania\",\"https:\\\/\\\/ro.linkedin.com\\\/in\\\/asemer-asociaci\u00f3n-empresas-espa\u00f1olas-en-ruman\u00eda-724772a6?trk=author_mini-profile_title\",\"https:\\\/\\\/www.youtube.com\\\/channel\\\/UC73m8-BDsg857OL0Ogv5aQA\\\/videos\"]},{\"@type\":\"Person\",\"@id\":\"https:\\\/\\\/www.asemer.ro\\\/#\\\/schema\\\/person\\\/36de47e444c0f1a7b737a035d40519f9\",\"name\":\"Admin Asemer\",\"image\":{\"@type\":\"ImageObject\",\"inLanguage\":\"es\",\"@id\":\"https:\\\/\\\/secure.gravatar.com\\\/avatar\\\/b64873d65b5be684e01a001c464789c445a7279ef3f177f5fbff5d83eb373299?s=96&d=mm&r=g\",\"url\":\"https:\\\/\\\/secure.gravatar.com\\\/avatar\\\/b64873d65b5be684e01a001c464789c445a7279ef3f177f5fbff5d83eb373299?s=96&d=mm&r=g\",\"contentUrl\":\"https:\\\/\\\/secure.gravatar.com\\\/avatar\\\/b64873d65b5be684e01a001c464789c445a7279ef3f177f5fbff5d83eb373299?s=96&d=mm&r=g\",\"caption\":\"Admin Asemer\"},\"url\":\"https:\\\/\\\/www.asemer.ro\\\/index.php\\\/author\\\/admin\\\/\"}]}<\/script>\n<!-- \/ Yoast SEO plugin. -->","yoast_head_json":{"title":"Comunicat \/ Comunicado - ASEMER","robots":{"index":"index","follow":"follow","max-snippet":"max-snippet:-1","max-image-preview":"max-image-preview:large","max-video-preview":"max-video-preview:-1"},"canonical":"https:\/\/www.asemer.ro\/index.php\/2022\/08\/30\/comunicat-comunicado\/","og_locale":"es_ES","og_type":"article","og_title":"Comunicat \/ Comunicado - ASEMER","og_description":"La sfarsitul lunii august a avut loc o intalnire intre presedintele Institutului Hispano Roman, Manuel Paduraru, si presedintele ASEMER, Emilio [&hellip;]","og_url":"https:\/\/www.asemer.ro\/index.php\/2022\/08\/30\/comunicat-comunicado\/","og_site_name":"ASEMER","article_publisher":"https:\/\/www.facebook.com\/asociacionasemer","article_published_time":"2022-08-30T19:58:24+00:00","article_modified_time":"2022-08-31T12:57:54+00:00","og_image":[{"url":"https:\/\/www.asemer.ro\/wp-content\/uploads\/2022\/08\/WhatsApp-Image-2022-08-24-at-12.17.44-PM-298x300.jpeg","type":"","width":"","height":""}],"author":"Admin Asemer","twitter_card":"summary_large_image","twitter_creator":"@asemer_rumania","twitter_site":"@asemer_rumania","twitter_misc":{"Escrito por":"Admin Asemer","Tiempo de lectura":"4 minutos"},"schema":{"@context":"https:\/\/schema.org","@graph":[{"@type":"Article","@id":"https:\/\/www.asemer.ro\/index.php\/2022\/08\/30\/comunicat-comunicado\/#article","isPartOf":{"@id":"https:\/\/www.asemer.ro\/index.php\/2022\/08\/30\/comunicat-comunicado\/"},"author":{"name":"Admin Asemer","@id":"https:\/\/www.asemer.ro\/#\/schema\/person\/36de47e444c0f1a7b737a035d40519f9"},"headline":"Comunicat \/ Comunicado","datePublished":"2022-08-30T19:58:24+00:00","dateModified":"2022-08-31T12:57:54+00:00","mainEntityOfPage":{"@id":"https:\/\/www.asemer.ro\/index.php\/2022\/08\/30\/comunicat-comunicado\/"},"wordCount":681,"commentCount":0,"publisher":{"@id":"https:\/\/www.asemer.ro\/#organization"},"image":{"@id":"https:\/\/www.asemer.ro\/index.php\/2022\/08\/30\/comunicat-comunicado\/#primaryimage"},"thumbnailUrl":"https:\/\/www.asemer.ro\/wp-content\/uploads\/2022\/08\/WhatsApp-Image-2022-08-24-at-12.17.44-PM-298x300.jpeg","articleSection":["Agenda y eventos"],"inLanguage":"es","potentialAction":[{"@type":"CommentAction","name":"Comment","target":["https:\/\/www.asemer.ro\/index.php\/2022\/08\/30\/comunicat-comunicado\/#respond"]}]},{"@type":"WebPage","@id":"https:\/\/www.asemer.ro\/index.php\/2022\/08\/30\/comunicat-comunicado\/","url":"https:\/\/www.asemer.ro\/index.php\/2022\/08\/30\/comunicat-comunicado\/","name":"Comunicat \/ Comunicado - ASEMER","isPartOf":{"@id":"https:\/\/www.asemer.ro\/#website"},"primaryImageOfPage":{"@id":"https:\/\/www.asemer.ro\/index.php\/2022\/08\/30\/comunicat-comunicado\/#primaryimage"},"image":{"@id":"https:\/\/www.asemer.ro\/index.php\/2022\/08\/30\/comunicat-comunicado\/#primaryimage"},"thumbnailUrl":"https:\/\/www.asemer.ro\/wp-content\/uploads\/2022\/08\/WhatsApp-Image-2022-08-24-at-12.17.44-PM-298x300.jpeg","datePublished":"2022-08-30T19:58:24+00:00","dateModified":"2022-08-31T12:57:54+00:00","breadcrumb":{"@id":"https:\/\/www.asemer.ro\/index.php\/2022\/08\/30\/comunicat-comunicado\/#breadcrumb"},"inLanguage":"es","potentialAction":[{"@type":"ReadAction","target":["https:\/\/www.asemer.ro\/index.php\/2022\/08\/30\/comunicat-comunicado\/"]}]},{"@type":"ImageObject","inLanguage":"es","@id":"https:\/\/www.asemer.ro\/index.php\/2022\/08\/30\/comunicat-comunicado\/#primaryimage","url":"https:\/\/www.asemer.ro\/wp-content\/uploads\/2022\/08\/WhatsApp-Image-2022-08-24-at-12.17.44-PM.jpeg","contentUrl":"https:\/\/www.asemer.ro\/wp-content\/uploads\/2022\/08\/WhatsApp-Image-2022-08-24-at-12.17.44-PM.jpeg","width":1863,"height":1876},{"@type":"BreadcrumbList","@id":"https:\/\/www.asemer.ro\/index.php\/2022\/08\/30\/comunicat-comunicado\/#breadcrumb","itemListElement":[{"@type":"ListItem","position":1,"name":"Home","item":"https:\/\/www.asemer.ro\/"},{"@type":"ListItem","position":2,"name":"Comunicat \/ Comunicado"}]},{"@type":"WebSite","@id":"https:\/\/www.asemer.ro\/#website","url":"https:\/\/www.asemer.ro\/","name":"ASEMER","description":"Asociaci\u00f3n de Empresas Espa\u00f1olas en Ruman\u00eda","publisher":{"@id":"https:\/\/www.asemer.ro\/#organization"},"potentialAction":[{"@type":"SearchAction","target":{"@type":"EntryPoint","urlTemplate":"https:\/\/www.asemer.ro\/?s={search_term_string}"},"query-input":{"@type":"PropertyValueSpecification","valueRequired":true,"valueName":"search_term_string"}}],"inLanguage":"es"},{"@type":"Organization","@id":"https:\/\/www.asemer.ro\/#organization","name":"ASEMER","url":"https:\/\/www.asemer.ro\/","logo":{"@type":"ImageObject","inLanguage":"es","@id":"https:\/\/www.asemer.ro\/#\/schema\/logo\/image\/","url":"https:\/\/www.asemer.ro\/wp-content\/uploads\/2020\/12\/logo-ASEMER-scaled.jpg","contentUrl":"https:\/\/www.asemer.ro\/wp-content\/uploads\/2020\/12\/logo-ASEMER-scaled.jpg","width":2560,"height":849,"caption":"ASEMER"},"image":{"@id":"https:\/\/www.asemer.ro\/#\/schema\/logo\/image\/"},"sameAs":["https:\/\/www.facebook.com\/asociacionasemer","https:\/\/x.com\/asemer_rumania","https:\/\/ro.linkedin.com\/in\/asemer-asociaci\u00f3n-empresas-espa\u00f1olas-en-ruman\u00eda-724772a6?trk=author_mini-profile_title","https:\/\/www.youtube.com\/channel\/UC73m8-BDsg857OL0Ogv5aQA\/videos"]},{"@type":"Person","@id":"https:\/\/www.asemer.ro\/#\/schema\/person\/36de47e444c0f1a7b737a035d40519f9","name":"Admin Asemer","image":{"@type":"ImageObject","inLanguage":"es","@id":"https:\/\/secure.gravatar.com\/avatar\/b64873d65b5be684e01a001c464789c445a7279ef3f177f5fbff5d83eb373299?s=96&d=mm&r=g","url":"https:\/\/secure.gravatar.com\/avatar\/b64873d65b5be684e01a001c464789c445a7279ef3f177f5fbff5d83eb373299?s=96&d=mm&r=g","contentUrl":"https:\/\/secure.gravatar.com\/avatar\/b64873d65b5be684e01a001c464789c445a7279ef3f177f5fbff5d83eb373299?s=96&d=mm&r=g","caption":"Admin Asemer"},"url":"https:\/\/www.asemer.ro\/index.php\/author\/admin\/"}]}},"_links":{"self":[{"href":"https:\/\/www.asemer.ro\/index.php\/wp-json\/wp\/v2\/posts\/7772","targetHints":{"allow":["GET"]}}],"collection":[{"href":"https:\/\/www.asemer.ro\/index.php\/wp-json\/wp\/v2\/posts"}],"about":[{"href":"https:\/\/www.asemer.ro\/index.php\/wp-json\/wp\/v2\/types\/post"}],"author":[{"embeddable":true,"href":"https:\/\/www.asemer.ro\/index.php\/wp-json\/wp\/v2\/users\/3"}],"replies":[{"embeddable":true,"href":"https:\/\/www.asemer.ro\/index.php\/wp-json\/wp\/v2\/comments?post=7772"}],"version-history":[{"count":2,"href":"https:\/\/www.asemer.ro\/index.php\/wp-json\/wp\/v2\/posts\/7772\/revisions"}],"predecessor-version":[{"id":7782,"href":"https:\/\/www.asemer.ro\/index.php\/wp-json\/wp\/v2\/posts\/7772\/revisions\/7782"}],"wp:attachment":[{"href":"https:\/\/www.asemer.ro\/index.php\/wp-json\/wp\/v2\/media?parent=7772"}],"wp:term":[{"taxonomy":"category","embeddable":true,"href":"https:\/\/www.asemer.ro\/index.php\/wp-json\/wp\/v2\/categories?post=7772"},{"taxonomy":"post_tag","embeddable":true,"href":"https:\/\/www.asemer.ro\/index.php\/wp-json\/wp\/v2\/tags?post=7772"}],"curies":[{"name":"wp","href":"https:\/\/api.w.org\/{rel}","templated":true}]}}