{"id":7908,"date":"2022-10-31T14:57:37","date_gmt":"2022-10-31T12:57:37","guid":{"rendered":"https:\/\/www.asemer.ro\/?p=7908"},"modified":"2022-11-03T01:25:05","modified_gmt":"2022-11-02T23:25:05","slug":"corte-europea-de-arbitraje-y-mediacion","status":"publish","type":"post","link":"https:\/\/www.asemer.ro\/index.php\/2022\/10\/31\/corte-europea-de-arbitraje-y-mediacion\/","title":{"rendered":"Corte Europea de Arbitraje y mediaci\u00f3n"},"content":{"rendered":"<table width=\"100%\">\n<tbody>\n<tr>\n<td width=\"100%\"><img loading=\"lazy\" decoding=\"async\" class=\"aligncenter wp-image-7933 size-full\" src=\"https:\/\/www.asemer.ro\/wp-content\/uploads\/2022\/11\/shutterstock_117289042-1-min-min-scaled.jpg\" alt=\"\" width=\"2560\" height=\"1702\" srcset=\"https:\/\/www.asemer.ro\/wp-content\/uploads\/2022\/11\/shutterstock_117289042-1-min-min-scaled.jpg 2560w, https:\/\/www.asemer.ro\/wp-content\/uploads\/2022\/11\/shutterstock_117289042-1-min-min-300x199.jpg 300w, https:\/\/www.asemer.ro\/wp-content\/uploads\/2022\/11\/shutterstock_117289042-1-min-min-1024x681.jpg 1024w, https:\/\/www.asemer.ro\/wp-content\/uploads\/2022\/11\/shutterstock_117289042-1-min-min-768x511.jpg 768w, https:\/\/www.asemer.ro\/wp-content\/uploads\/2022\/11\/shutterstock_117289042-1-min-min-391x260.jpg 391w, https:\/\/www.asemer.ro\/wp-content\/uploads\/2022\/11\/shutterstock_117289042-1-min-min-1536x1021.jpg 1536w, https:\/\/www.asemer.ro\/wp-content\/uploads\/2022\/11\/shutterstock_117289042-1-min-min-2048x1362.jpg 2048w, https:\/\/www.asemer.ro\/wp-content\/uploads\/2022\/11\/shutterstock_117289042-1-min-min-720x479.jpg 720w, https:\/\/www.asemer.ro\/wp-content\/uploads\/2022\/11\/shutterstock_117289042-1-min-min-272x182.jpg 272w\" sizes=\"auto, (max-width: 2560px) 100vw, 2560px\" \/><\/td>\n<\/tr>\n<tr>\n<td width=\"100%\"><span style=\"color: #000000; font-family: Roboto; font-size: 12pt;\"><strong>El acceso del empresariado espa\u00f1ol en Ruman\u00eda a los servicios de la Corte Europea de Arbitraje<\/strong><\/span><\/td>\n<\/tr>\n<tr>\n<td width=\"100%\"><span style=\"color: #000000; font-family: Roboto; font-size: 12pt;\">En octubre de 2022, la <a style=\"color: #000000;\" href=\"https:\/\/cour-europe-arbitrage.org\/ro\/\">Corte Europea de Arbitraje y M<span class=\"HwtZe\" lang=\"es\"><span class=\"jCAhz ChMk0b\"><span class=\"ryNqvb\">ediaci\u00f3n<\/span><\/span><\/span><\/a> con sede en Ruman\u00eda firm\u00f3 con La Asociaci\u00f3n de Empresas Espa\u00f1olas en Ruman\u00eda &#8211; ASEMER un protocolo de colaboraci\u00f3n para la promoci\u00f3n de los servicios de arbitraje entre el empresariado espa\u00f1ol en Ruman\u00eda, que abre el camino para que los miembros de ASEMER accedan a los servicios de la Corte Europea de Arbitraje y M<span class=\"HwtZe\" lang=\"es\"><span class=\"jCAhz ChMk0b\"><span class=\"ryNqvb\">ediaci\u00f3n<\/span><\/span><\/span>, mediante la\u00a0 introducci\u00f3n de la cl\u00e1usula de arbitraje en los contratos que celebran de acuerdo con la ley rumana:<\/span><\/td>\n<\/tr>\n<tr>\n<td width=\"100%\"><span style=\"color: #000000; font-family: Roboto; font-size: 12pt;\">Cualquier disputa que surja de las relaciones entre las partes de este contrato ser\u00e1 resuelta por un \u00e1rbitro que ser\u00e1 elegido de acuerdo con las Reglas de Arbitraje y las Reglas Internas de la Corte Europea de Arbitraje, que forma parte del Centro Europeo de Arbitraje con sede en Estrasburgo, vigentes en el momento de la presentaci\u00f3n de la solicitud de arbitraje. La adopci\u00f3n de esta cl\u00e1usula constituye la aceptaci\u00f3n de la jurisdicci\u00f3n de la Corte Europea de Arbitraje. La sede del arbitraje ser\u00e1 ____. El idioma del procedimiento es ______. las normas de derecho sustantivo aplicables son _______________<\/span><\/td>\n<\/tr>\n<\/tbody>\n<\/table>\n<table width=\"100%\">\n<tbody>\n<tr>\n<td width=\"100%\"><span style=\"color: #000000; font-family: Roboto; font-size: 12pt;\"><strong>La Corte Europea de Arbitraje<\/strong>: <strong>\u00bfun tribunal arbitral global y nacional \u00fanico a su alcance, con presencia permanente en Rumania o sobre c\u00f3mo tener acceso a servicios de resoluci\u00f3n de disputas mediante arbitraje de calidad tanto a nivel nacional como internacional?<\/strong><\/span><\/td>\n<\/tr>\n<\/tbody>\n<\/table>\n<table width=\"100%\">\n<tbody>\n<tr>\n<td width=\"100%\"><span style=\"color: #000000; font-family: Roboto; font-size: 12pt;\"><strong>La Corte Europea de Arbitraje <\/strong>se estableci\u00f3 dentro del <em>Centro d&#8217;Arbitrage et de M\u00e9diation<\/em>, que desde 1959 es una entidad legal, de acuerdo con la ley de Alsacia-Moselle, con sede principal en Estrasburgo, Francia, bajo el patrocinio del <em>Consejo de Europa<\/em> y otras instituciones de prestigio de la comunidad empresarial y acad\u00e9mica.<\/span><\/td>\n<\/tr>\n<tr>\n<td width=\"100%\"><span style=\"color: #000000; font-family: Roboto; font-size: 12pt;\"><strong>La Corte Europea de Arbitraje<\/strong> dispone de sobrada representaci\u00f3n a nivel nacional en diferentes jurisdicciones bajo la forma del <em>Registro Internacional para Europa Central y del Norte y el del Sur y Este de Europa, el del Mediterr\u00e1neo, el Medio Oriente y el Mar Negro<\/em>, pero tambi\u00e9n en forma de cap\u00edtulos nacionales creados en 16 pa\u00edses de Europa, \u00c1frica y Oriente Medio, incluida Ruman\u00eda<\/span><\/td>\n<\/tr>\n<tr>\n<td width=\"100%\"><\/td>\n<\/tr>\n<tr>\n<td width=\"100%\"><span style=\"color: #000000; font-family: Roboto; font-size: 12pt;\"><strong>1. Creaci\u00f3n de la sede en Ruman\u00eda<\/strong><\/span><\/td>\n<\/tr>\n<tr>\n<td width=\"100%\"><span style=\"color: #000000; font-family: Roboto; font-size: 12pt;\">Desde su fundaci\u00f3n, la Corte Europea de Arbitraje se ha presentado como un foro de arbitraje tanto a nivel internacional como nacional con la clara intenci\u00f3n de proporcionar servicios de arbitraje, y contribuir a la promoci\u00f3n del arbitraje y la mediaci\u00f3n.<\/span><\/td>\n<\/tr>\n<tr>\n<td width=\"100%\"><span style=\"color: #000000; font-family: Roboto; font-size: 12pt;\"><strong>\u00a0<\/strong><\/span><\/td>\n<\/tr>\n<tr>\n<td width=\"100%\"><span style=\"color: #000000; font-family: Roboto; font-size: 12pt;\"><strong>El Comit\u00e9 Ejecutivo<\/strong> [1] de las sedes nacionales es designado por la <strong>Comisi\u00f3n Ejecutiva de la Corte<\/strong>, la cual definir\u00e1 sus funciones. El Comit\u00e9 Ejecutivo de una sede nacional consta de 5 a 9 miembros, de entre los cuales el Comit\u00e9 Ejecutivo de la Corte elegir\u00e1 al Presidente. El Presidente del Comit\u00e9 Ejecutivo puede por s\u00ed mismo tomar todas las decisiones urgentes, sujeto a la ratificaci\u00f3n del Comit\u00e9 Ejecutivo.<\/span><\/td>\n<\/tr>\n<tr>\n<td width=\"100%\"><span style=\"color: #000000; font-family: Roboto; font-size: 12pt;\">Y en lo que respecta a Ruman\u00eda, la Corte Europea de Arbitraje opta por el mismo enfoque creando una sede nacional, nombrando en febrero de 2022 un comit\u00e9 ejecutivo nacional, compuesto por 7 miembros, capaces de gestionar todos los procedimientos de arbitraje pertenecientes a la jurisdicci\u00f3n rumana.<\/span><\/td>\n<\/tr>\n<tr>\n<td width=\"100%\"><\/td>\n<\/tr>\n<tr>\n<td width=\"100%\"><span style=\"color: #000000; font-family: Roboto; font-size: 12pt;\"><strong>2. La jurisdicci\u00f3n de la Sede Nacional<\/strong><\/span><\/td>\n<\/tr>\n<tr>\n<td width=\"100%\"><span style=\"color: #000000; font-family: Roboto; font-size: 12pt;\">Conforme a las Reglas de Arbitraje [2] adoptadas por la Corte Europea de Arbitraje, las sedes nacionales son expresa y exclusivamente competentes para administrar el arbitraje dom\u00e9stico.<\/span><\/td>\n<\/tr>\n<tr>\n<td width=\"100%\"><span style=\"color: #000000; font-family: Roboto; font-size: 12pt;\">Para delimitar la jurisdicci\u00f3n de la sede nacional de la del Comit\u00e9 Ejecutivo de la Corte, a trav\u00e9s de su Reglamento Interno [3], <strong>la Corte Europea de Arbitraje considera como arbitrajes dom\u00e9sticos:<\/strong> <em>procedimientos entre dos o m\u00e1s partes con domicilio o ciudadan\u00eda del mismo estado, teniendo lugar en el estado mencionado y rigi\u00e9ndose adem\u00e1s de las reglas de arbitraje de derecho procesal (lex arbitri) vigentes en ese estado, definici\u00f3n conforme con el esp\u00edritu de la legislaci\u00f3n rumana sobre la materia.<\/em><\/span><\/td>\n<\/tr>\n<tr>\n<td width=\"100%\"><span style=\"color: #000000; font-family: Roboto; font-size: 12pt;\">Todos los dem\u00e1s procedimientos ser\u00e1n considerados como internacionales por la Corte, por sus sedes nacionales y por las partes, y estar\u00e1n sometidos al foro de la jurisdicci\u00f3n de la Corte Europea de Arbitraje y no a la jurisdicci\u00f3n de las sedes nacionales.<\/span><\/td>\n<\/tr>\n<tr>\n<td width=\"100%\"><span style=\"color: #000000; font-family: Roboto; font-size: 12pt;\">El Comit\u00e9 Ejecutivo de cada sede nacional integrar\u00e1 una Comisi\u00f3n de tres miembros para designar \u00e1rbitros o mediadores en los procesos sobre la competencia de una sede, as\u00ed como para decidir sobre la ratificaci\u00f3n de los \u00e1rbitros o mediadores que las partes realicen.<\/span><\/td>\n<\/tr>\n<tr>\n<td width=\"100%\"><span style=\"color: #000000; font-family: Roboto; font-size: 12pt;\">El Comit\u00e9 Ejecutivo de la sede nacional tambi\u00e9n decidir\u00e1 sobre las solicitudes de recusaci\u00f3n de los \u00e1rbitros formulada dentro de los procedimientos arbitrales de su competencia.<\/span><\/td>\n<\/tr>\n<tr>\n<td width=\"100%\"><\/td>\n<\/tr>\n<tr>\n<td width=\"100%\"><span style=\"color: #000000; font-family: Roboto; font-size: 12pt;\"><strong>3. Reglas de arbitraje innovadoras<\/strong><\/span><\/td>\n<\/tr>\n<tr>\n<td width=\"100%\"><span style=\"color: #000000; font-family: Roboto; font-size: 12pt;\">En 2021, el Tribunal Europeo de Arbitraje adopt\u00f3 un Reglamento de Arbitraje innovador [4] que difiere de los adoptados por muchas otras instituciones arbitrales. El reglamento considera varios aspectos que aumentan la eficiencia de los procedimientos arbitrales al introducir el tribunal arbitral de apelaci\u00f3n (<em>art. 24.12 del Reglamento<\/em>), la noci\u00f3n de arbitraje internacional (<em>punto 3 del Pre\u00e1mbulo<\/em>) y una duraci\u00f3n del procedimiento arbitral limitada a 9 meses de procedimiento arbitral, con s\u00f3lo dos posibles pr\u00f3rrogas, cada una de un m\u00e1ximo de 6 meses, concedidas s\u00f3lo si concurren circunstancias excepcionales (<em>art. 24.1. del Reglamento<\/em>).<\/span><\/td>\n<\/tr>\n<tr>\n<td width=\"100%\"><span style=\"color: #000000; font-family: Roboto; font-size: 12pt;\">Asimismo, la Corte Europea de Arbitraje propone una cl\u00e1usula est\u00e1ndar con un \u00fanico \u00e1rbitro, que las partes pueden sancionar, con el fin de hacer m\u00e1s eficientes los procedimientos.<\/span><\/td>\n<\/tr>\n<tr>\n<td width=\"100%\"><\/td>\n<\/tr>\n<tr>\n<td width=\"100%\"><span style=\"color: #000000; font-family: Roboto; font-size: 12pt;\"><strong>4. La posibilidad de adoptar normas adaptadas a las sedes Nacionales<\/strong><\/span><\/td>\n<\/tr>\n<tr>\n<td width=\"100%\"><span style=\"color: #000000; font-family: Roboto; font-size: 12pt;\">Las Reglas de Arbitraje \u2013 edici\u00f3n 2021 prev\u00e9n en su pre\u00e1mbulo I, punto 14 que cada sede Nacional podr\u00e1 modificar las reglas de arbitraje de la Corte, a fin de administrar sus procedimientos de arbitraje interno local; sujetas a la aprobaci\u00f3n previa del Consejo del Centro Europeo de Arbitraje y Mediaci\u00f3n otorgadas por necesidad o conveniencia.<\/span><\/td>\n<\/tr>\n<tr>\n<td width=\"100%\"><\/td>\n<\/tr>\n<tr>\n<td width=\"100%\"><span style=\"color: #000000; font-family: Roboto; font-size: 12pt;\"><strong>5. Tarifas de arbitraje m\u00e1s bajas que las de otras instituciones de arbitraje nacionales o internacionales<\/strong><\/span><\/td>\n<\/tr>\n<tr>\n<td width=\"100%\"><span style=\"color: #000000; font-family: Roboto; font-size: 12pt;\">Como cualquier otra instituci\u00f3n arbitral tradicional y con renombre, la Corte Europea de Arbitraje tambi\u00e9n ha adoptado una lista [5] de honorarios arbitrales que cubre los honorarios administrativos y honorarios de los \u00e1rbitros, seg\u00fan el valor de la disputa.<\/span><\/td>\n<\/tr>\n<tr>\n<td width=\"100%\"><span style=\"color: #000000; font-family: Roboto; font-size: 12pt;\">En un an\u00e1lisis comparativo de los costes, se puede observar que los honorarios cobrados por el Tribunal Europeo de Arbitraje, incluyendo los costes del arbitraje y dem\u00e1s servicios, son inferiores a los cobrados por otras instituciones de arbitraje nacionales, lo que constituye una importante ventaja competitiva.<\/span><\/td>\n<\/tr>\n<tr>\n<td width=\"100%\"><\/td>\n<\/tr>\n<tr>\n<td width=\"100%\"><span style=\"color: #000000; font-family: Roboto; font-size: 12pt;\"><strong>6. La Corte Europea de Arbitraje \u2013 El Cap\u00edtulo de Rumania propone una lista de \u00e1rbitros s\u00faper especializados en los campos del derecho rumano<\/strong><\/span><\/td>\n<\/tr>\n<tr>\n<td width=\"100%\"><span style=\"color: #000000; font-family: Roboto; font-size: 12pt;\">A diferencia de otras instituciones de arbitraje nacionales o internacionales, el Tribunal Europeo de Arbitraje &#8211; sede de Rumania cuenta con una oferta \u00fanica de \u00e1rbitros s\u00faper especializados que cubren, a nivel de excelencia pr\u00e1ctica y te\u00f3rica, \u00e1reas muy espec\u00edficas del derecho, tales como: Asociaciones p\u00fablico-privadas y Derecho de la Contrataci\u00f3n P\u00fablica, Derecho de la Construcci\u00f3n FIDIC y HG 1\/2018, Derecho Inmobiliario, Derecho de la Propiedad Intelectual, Derecho Mercantil y Societario, Fusiones y Adquisiciones, Derecho del Arte, Derecho de la Competencia y Ayudas del Estado, Derecho Laboral, Protecci\u00f3n de Datos Personales &amp; GDPR, Derecho del Juego , comercio electr\u00f3nico, tecnolog\u00eda y comunicaci\u00f3n, derecho bancario y financiero, derecho de la energ\u00eda y recursos naturales, reestructuraci\u00f3n e insolvencia. Los \u00e1rbitros de la Corte Europea de Arbitraje &#8211; sede de Rumania son profesionales excepcionales en los referidos \u00e1mbitos del derecho y tienen una gran experiencia en la prestaci\u00f3n de servicios legales y de arbitraje en Rumania e internacionalmente.<\/span><\/td>\n<\/tr>\n<\/tbody>\n<\/table>\n","protected":false},"excerpt":{"rendered":"<p>El acceso del empresariado espa\u00f1ol en Ruman\u00eda a los servicios de la Corte Europea de Arbitraje En octubre de 2022, [&hellip;]<\/p>\n","protected":false},"author":3,"featured_media":0,"comment_status":"open","ping_status":"open","sticky":false,"template":"","format":"standard","meta":{"footnotes":""},"categories":[4],"tags":[327,326,328,52],"class_list":["post-7908","post","type-post","status-publish","format-standard","hentry","category-noticias","tag-arbitraje","tag-curtea-europeana-de-arbitraj-si-mediere","tag-mediacion","tag-rumania"],"yoast_head":"<!-- This site is optimized with the Yoast SEO plugin v27.5 - https:\/\/yoast.com\/product\/yoast-seo-wordpress\/ -->\n<title>Corte Europea de Arbitraje y mediaci\u00f3n - ASEMER<\/title>\n<meta name=\"robots\" content=\"index, follow, max-snippet:-1, max-image-preview:large, max-video-preview:-1\" \/>\n<link rel=\"canonical\" href=\"https:\/\/www.asemer.ro\/index.php\/2022\/10\/31\/corte-europea-de-arbitraje-y-mediacion\/\" \/>\n<meta property=\"og:locale\" content=\"es_ES\" \/>\n<meta property=\"og:type\" content=\"article\" \/>\n<meta property=\"og:title\" content=\"Corte Europea de Arbitraje y mediaci\u00f3n - ASEMER\" \/>\n<meta property=\"og:description\" content=\"El acceso del empresariado espa\u00f1ol en Ruman\u00eda a los servicios de la Corte Europea de Arbitraje En octubre de 2022, [&hellip;]\" \/>\n<meta property=\"og:url\" content=\"https:\/\/www.asemer.ro\/index.php\/2022\/10\/31\/corte-europea-de-arbitraje-y-mediacion\/\" \/>\n<meta property=\"og:site_name\" content=\"ASEMER\" \/>\n<meta property=\"article:publisher\" content=\"https:\/\/www.facebook.com\/asociacionasemer\" \/>\n<meta property=\"article:published_time\" content=\"2022-10-31T12:57:37+00:00\" \/>\n<meta property=\"article:modified_time\" content=\"2022-11-02T23:25:05+00:00\" \/>\n<meta property=\"og:image\" content=\"https:\/\/www.asemer.ro\/wp-content\/uploads\/2022\/11\/shutterstock_117289042-1-min-min-scaled.jpg\" \/>\n<meta name=\"author\" content=\"Admin Asemer\" \/>\n<meta name=\"twitter:card\" content=\"summary_large_image\" \/>\n<meta name=\"twitter:creator\" content=\"@asemer_rumania\" \/>\n<meta name=\"twitter:site\" content=\"@asemer_rumania\" \/>\n<meta name=\"twitter:label1\" content=\"Escrito por\" \/>\n\t<meta name=\"twitter:data1\" content=\"Admin Asemer\" \/>\n\t<meta name=\"twitter:label2\" content=\"Tiempo de lectura\" \/>\n\t<meta name=\"twitter:data2\" content=\"6 minutos\" \/>\n<script type=\"application\/ld+json\" class=\"yoast-schema-graph\">{\"@context\":\"https:\\\/\\\/schema.org\",\"@graph\":[{\"@type\":\"Article\",\"@id\":\"https:\\\/\\\/www.asemer.ro\\\/index.php\\\/2022\\\/10\\\/31\\\/corte-europea-de-arbitraje-y-mediacion\\\/#article\",\"isPartOf\":{\"@id\":\"https:\\\/\\\/www.asemer.ro\\\/index.php\\\/2022\\\/10\\\/31\\\/corte-europea-de-arbitraje-y-mediacion\\\/\"},\"author\":{\"name\":\"Admin Asemer\",\"@id\":\"https:\\\/\\\/www.asemer.ro\\\/#\\\/schema\\\/person\\\/36de47e444c0f1a7b737a035d40519f9\"},\"headline\":\"Corte Europea de Arbitraje y mediaci\u00f3n\",\"datePublished\":\"2022-10-31T12:57:37+00:00\",\"dateModified\":\"2022-11-02T23:25:05+00:00\",\"mainEntityOfPage\":{\"@id\":\"https:\\\/\\\/www.asemer.ro\\\/index.php\\\/2022\\\/10\\\/31\\\/corte-europea-de-arbitraje-y-mediacion\\\/\"},\"wordCount\":1295,\"commentCount\":0,\"publisher\":{\"@id\":\"https:\\\/\\\/www.asemer.ro\\\/#organization\"},\"image\":{\"@id\":\"https:\\\/\\\/www.asemer.ro\\\/index.php\\\/2022\\\/10\\\/31\\\/corte-europea-de-arbitraje-y-mediacion\\\/#primaryimage\"},\"thumbnailUrl\":\"https:\\\/\\\/www.asemer.ro\\\/wp-content\\\/uploads\\\/2022\\\/11\\\/shutterstock_117289042-1-min-min-scaled.jpg\",\"keywords\":[\"arbitraje\",\"Curtea Europeana de Arbitraj si Mediere\",\"mediaci\u00f3n\",\"rumania\"],\"articleSection\":[\"Noticias\"],\"inLanguage\":\"es\",\"potentialAction\":[{\"@type\":\"CommentAction\",\"name\":\"Comment\",\"target\":[\"https:\\\/\\\/www.asemer.ro\\\/index.php\\\/2022\\\/10\\\/31\\\/corte-europea-de-arbitraje-y-mediacion\\\/#respond\"]}]},{\"@type\":\"WebPage\",\"@id\":\"https:\\\/\\\/www.asemer.ro\\\/index.php\\\/2022\\\/10\\\/31\\\/corte-europea-de-arbitraje-y-mediacion\\\/\",\"url\":\"https:\\\/\\\/www.asemer.ro\\\/index.php\\\/2022\\\/10\\\/31\\\/corte-europea-de-arbitraje-y-mediacion\\\/\",\"name\":\"Corte Europea de Arbitraje y mediaci\u00f3n - ASEMER\",\"isPartOf\":{\"@id\":\"https:\\\/\\\/www.asemer.ro\\\/#website\"},\"primaryImageOfPage\":{\"@id\":\"https:\\\/\\\/www.asemer.ro\\\/index.php\\\/2022\\\/10\\\/31\\\/corte-europea-de-arbitraje-y-mediacion\\\/#primaryimage\"},\"image\":{\"@id\":\"https:\\\/\\\/www.asemer.ro\\\/index.php\\\/2022\\\/10\\\/31\\\/corte-europea-de-arbitraje-y-mediacion\\\/#primaryimage\"},\"thumbnailUrl\":\"https:\\\/\\\/www.asemer.ro\\\/wp-content\\\/uploads\\\/2022\\\/11\\\/shutterstock_117289042-1-min-min-scaled.jpg\",\"datePublished\":\"2022-10-31T12:57:37+00:00\",\"dateModified\":\"2022-11-02T23:25:05+00:00\",\"breadcrumb\":{\"@id\":\"https:\\\/\\\/www.asemer.ro\\\/index.php\\\/2022\\\/10\\\/31\\\/corte-europea-de-arbitraje-y-mediacion\\\/#breadcrumb\"},\"inLanguage\":\"es\",\"potentialAction\":[{\"@type\":\"ReadAction\",\"target\":[\"https:\\\/\\\/www.asemer.ro\\\/index.php\\\/2022\\\/10\\\/31\\\/corte-europea-de-arbitraje-y-mediacion\\\/\"]}]},{\"@type\":\"ImageObject\",\"inLanguage\":\"es\",\"@id\":\"https:\\\/\\\/www.asemer.ro\\\/index.php\\\/2022\\\/10\\\/31\\\/corte-europea-de-arbitraje-y-mediacion\\\/#primaryimage\",\"url\":\"https:\\\/\\\/www.asemer.ro\\\/wp-content\\\/uploads\\\/2022\\\/11\\\/shutterstock_117289042-1-min-min-scaled.jpg\",\"contentUrl\":\"https:\\\/\\\/www.asemer.ro\\\/wp-content\\\/uploads\\\/2022\\\/11\\\/shutterstock_117289042-1-min-min-scaled.jpg\",\"width\":2560,\"height\":1702},{\"@type\":\"BreadcrumbList\",\"@id\":\"https:\\\/\\\/www.asemer.ro\\\/index.php\\\/2022\\\/10\\\/31\\\/corte-europea-de-arbitraje-y-mediacion\\\/#breadcrumb\",\"itemListElement\":[{\"@type\":\"ListItem\",\"position\":1,\"name\":\"Home\",\"item\":\"https:\\\/\\\/www.asemer.ro\\\/\"},{\"@type\":\"ListItem\",\"position\":2,\"name\":\"Corte Europea de Arbitraje y mediaci\u00f3n\"}]},{\"@type\":\"WebSite\",\"@id\":\"https:\\\/\\\/www.asemer.ro\\\/#website\",\"url\":\"https:\\\/\\\/www.asemer.ro\\\/\",\"name\":\"ASEMER\",\"description\":\"Asociaci\u00f3n de Empresas Espa\u00f1olas en Ruman\u00eda\",\"publisher\":{\"@id\":\"https:\\\/\\\/www.asemer.ro\\\/#organization\"},\"potentialAction\":[{\"@type\":\"SearchAction\",\"target\":{\"@type\":\"EntryPoint\",\"urlTemplate\":\"https:\\\/\\\/www.asemer.ro\\\/?s={search_term_string}\"},\"query-input\":{\"@type\":\"PropertyValueSpecification\",\"valueRequired\":true,\"valueName\":\"search_term_string\"}}],\"inLanguage\":\"es\"},{\"@type\":\"Organization\",\"@id\":\"https:\\\/\\\/www.asemer.ro\\\/#organization\",\"name\":\"ASEMER\",\"url\":\"https:\\\/\\\/www.asemer.ro\\\/\",\"logo\":{\"@type\":\"ImageObject\",\"inLanguage\":\"es\",\"@id\":\"https:\\\/\\\/www.asemer.ro\\\/#\\\/schema\\\/logo\\\/image\\\/\",\"url\":\"https:\\\/\\\/www.asemer.ro\\\/wp-content\\\/uploads\\\/2020\\\/12\\\/logo-ASEMER-scaled.jpg\",\"contentUrl\":\"https:\\\/\\\/www.asemer.ro\\\/wp-content\\\/uploads\\\/2020\\\/12\\\/logo-ASEMER-scaled.jpg\",\"width\":2560,\"height\":849,\"caption\":\"ASEMER\"},\"image\":{\"@id\":\"https:\\\/\\\/www.asemer.ro\\\/#\\\/schema\\\/logo\\\/image\\\/\"},\"sameAs\":[\"https:\\\/\\\/www.facebook.com\\\/asociacionasemer\",\"https:\\\/\\\/x.com\\\/asemer_rumania\",\"https:\\\/\\\/ro.linkedin.com\\\/in\\\/asemer-asociaci\u00f3n-empresas-espa\u00f1olas-en-ruman\u00eda-724772a6?trk=author_mini-profile_title\",\"https:\\\/\\\/www.youtube.com\\\/channel\\\/UC73m8-BDsg857OL0Ogv5aQA\\\/videos\"]},{\"@type\":\"Person\",\"@id\":\"https:\\\/\\\/www.asemer.ro\\\/#\\\/schema\\\/person\\\/36de47e444c0f1a7b737a035d40519f9\",\"name\":\"Admin Asemer\",\"image\":{\"@type\":\"ImageObject\",\"inLanguage\":\"es\",\"@id\":\"https:\\\/\\\/secure.gravatar.com\\\/avatar\\\/b64873d65b5be684e01a001c464789c445a7279ef3f177f5fbff5d83eb373299?s=96&d=mm&r=g\",\"url\":\"https:\\\/\\\/secure.gravatar.com\\\/avatar\\\/b64873d65b5be684e01a001c464789c445a7279ef3f177f5fbff5d83eb373299?s=96&d=mm&r=g\",\"contentUrl\":\"https:\\\/\\\/secure.gravatar.com\\\/avatar\\\/b64873d65b5be684e01a001c464789c445a7279ef3f177f5fbff5d83eb373299?s=96&d=mm&r=g\",\"caption\":\"Admin Asemer\"},\"url\":\"https:\\\/\\\/www.asemer.ro\\\/index.php\\\/author\\\/admin\\\/\"}]}<\/script>\n<!-- \/ Yoast SEO plugin. -->","yoast_head_json":{"title":"Corte Europea de Arbitraje y mediaci\u00f3n - ASEMER","robots":{"index":"index","follow":"follow","max-snippet":"max-snippet:-1","max-image-preview":"max-image-preview:large","max-video-preview":"max-video-preview:-1"},"canonical":"https:\/\/www.asemer.ro\/index.php\/2022\/10\/31\/corte-europea-de-arbitraje-y-mediacion\/","og_locale":"es_ES","og_type":"article","og_title":"Corte Europea de Arbitraje y mediaci\u00f3n - ASEMER","og_description":"El acceso del empresariado espa\u00f1ol en Ruman\u00eda a los servicios de la Corte Europea de Arbitraje En octubre de 2022, [&hellip;]","og_url":"https:\/\/www.asemer.ro\/index.php\/2022\/10\/31\/corte-europea-de-arbitraje-y-mediacion\/","og_site_name":"ASEMER","article_publisher":"https:\/\/www.facebook.com\/asociacionasemer","article_published_time":"2022-10-31T12:57:37+00:00","article_modified_time":"2022-11-02T23:25:05+00:00","og_image":[{"url":"https:\/\/www.asemer.ro\/wp-content\/uploads\/2022\/11\/shutterstock_117289042-1-min-min-scaled.jpg","type":"","width":"","height":""}],"author":"Admin Asemer","twitter_card":"summary_large_image","twitter_creator":"@asemer_rumania","twitter_site":"@asemer_rumania","twitter_misc":{"Escrito por":"Admin Asemer","Tiempo de lectura":"6 minutos"},"schema":{"@context":"https:\/\/schema.org","@graph":[{"@type":"Article","@id":"https:\/\/www.asemer.ro\/index.php\/2022\/10\/31\/corte-europea-de-arbitraje-y-mediacion\/#article","isPartOf":{"@id":"https:\/\/www.asemer.ro\/index.php\/2022\/10\/31\/corte-europea-de-arbitraje-y-mediacion\/"},"author":{"name":"Admin Asemer","@id":"https:\/\/www.asemer.ro\/#\/schema\/person\/36de47e444c0f1a7b737a035d40519f9"},"headline":"Corte Europea de Arbitraje y mediaci\u00f3n","datePublished":"2022-10-31T12:57:37+00:00","dateModified":"2022-11-02T23:25:05+00:00","mainEntityOfPage":{"@id":"https:\/\/www.asemer.ro\/index.php\/2022\/10\/31\/corte-europea-de-arbitraje-y-mediacion\/"},"wordCount":1295,"commentCount":0,"publisher":{"@id":"https:\/\/www.asemer.ro\/#organization"},"image":{"@id":"https:\/\/www.asemer.ro\/index.php\/2022\/10\/31\/corte-europea-de-arbitraje-y-mediacion\/#primaryimage"},"thumbnailUrl":"https:\/\/www.asemer.ro\/wp-content\/uploads\/2022\/11\/shutterstock_117289042-1-min-min-scaled.jpg","keywords":["arbitraje","Curtea Europeana de Arbitraj si Mediere","mediaci\u00f3n","rumania"],"articleSection":["Noticias"],"inLanguage":"es","potentialAction":[{"@type":"CommentAction","name":"Comment","target":["https:\/\/www.asemer.ro\/index.php\/2022\/10\/31\/corte-europea-de-arbitraje-y-mediacion\/#respond"]}]},{"@type":"WebPage","@id":"https:\/\/www.asemer.ro\/index.php\/2022\/10\/31\/corte-europea-de-arbitraje-y-mediacion\/","url":"https:\/\/www.asemer.ro\/index.php\/2022\/10\/31\/corte-europea-de-arbitraje-y-mediacion\/","name":"Corte Europea de Arbitraje y mediaci\u00f3n - ASEMER","isPartOf":{"@id":"https:\/\/www.asemer.ro\/#website"},"primaryImageOfPage":{"@id":"https:\/\/www.asemer.ro\/index.php\/2022\/10\/31\/corte-europea-de-arbitraje-y-mediacion\/#primaryimage"},"image":{"@id":"https:\/\/www.asemer.ro\/index.php\/2022\/10\/31\/corte-europea-de-arbitraje-y-mediacion\/#primaryimage"},"thumbnailUrl":"https:\/\/www.asemer.ro\/wp-content\/uploads\/2022\/11\/shutterstock_117289042-1-min-min-scaled.jpg","datePublished":"2022-10-31T12:57:37+00:00","dateModified":"2022-11-02T23:25:05+00:00","breadcrumb":{"@id":"https:\/\/www.asemer.ro\/index.php\/2022\/10\/31\/corte-europea-de-arbitraje-y-mediacion\/#breadcrumb"},"inLanguage":"es","potentialAction":[{"@type":"ReadAction","target":["https:\/\/www.asemer.ro\/index.php\/2022\/10\/31\/corte-europea-de-arbitraje-y-mediacion\/"]}]},{"@type":"ImageObject","inLanguage":"es","@id":"https:\/\/www.asemer.ro\/index.php\/2022\/10\/31\/corte-europea-de-arbitraje-y-mediacion\/#primaryimage","url":"https:\/\/www.asemer.ro\/wp-content\/uploads\/2022\/11\/shutterstock_117289042-1-min-min-scaled.jpg","contentUrl":"https:\/\/www.asemer.ro\/wp-content\/uploads\/2022\/11\/shutterstock_117289042-1-min-min-scaled.jpg","width":2560,"height":1702},{"@type":"BreadcrumbList","@id":"https:\/\/www.asemer.ro\/index.php\/2022\/10\/31\/corte-europea-de-arbitraje-y-mediacion\/#breadcrumb","itemListElement":[{"@type":"ListItem","position":1,"name":"Home","item":"https:\/\/www.asemer.ro\/"},{"@type":"ListItem","position":2,"name":"Corte Europea de Arbitraje y mediaci\u00f3n"}]},{"@type":"WebSite","@id":"https:\/\/www.asemer.ro\/#website","url":"https:\/\/www.asemer.ro\/","name":"ASEMER","description":"Asociaci\u00f3n de Empresas Espa\u00f1olas en Ruman\u00eda","publisher":{"@id":"https:\/\/www.asemer.ro\/#organization"},"potentialAction":[{"@type":"SearchAction","target":{"@type":"EntryPoint","urlTemplate":"https:\/\/www.asemer.ro\/?s={search_term_string}"},"query-input":{"@type":"PropertyValueSpecification","valueRequired":true,"valueName":"search_term_string"}}],"inLanguage":"es"},{"@type":"Organization","@id":"https:\/\/www.asemer.ro\/#organization","name":"ASEMER","url":"https:\/\/www.asemer.ro\/","logo":{"@type":"ImageObject","inLanguage":"es","@id":"https:\/\/www.asemer.ro\/#\/schema\/logo\/image\/","url":"https:\/\/www.asemer.ro\/wp-content\/uploads\/2020\/12\/logo-ASEMER-scaled.jpg","contentUrl":"https:\/\/www.asemer.ro\/wp-content\/uploads\/2020\/12\/logo-ASEMER-scaled.jpg","width":2560,"height":849,"caption":"ASEMER"},"image":{"@id":"https:\/\/www.asemer.ro\/#\/schema\/logo\/image\/"},"sameAs":["https:\/\/www.facebook.com\/asociacionasemer","https:\/\/x.com\/asemer_rumania","https:\/\/ro.linkedin.com\/in\/asemer-asociaci\u00f3n-empresas-espa\u00f1olas-en-ruman\u00eda-724772a6?trk=author_mini-profile_title","https:\/\/www.youtube.com\/channel\/UC73m8-BDsg857OL0Ogv5aQA\/videos"]},{"@type":"Person","@id":"https:\/\/www.asemer.ro\/#\/schema\/person\/36de47e444c0f1a7b737a035d40519f9","name":"Admin Asemer","image":{"@type":"ImageObject","inLanguage":"es","@id":"https:\/\/secure.gravatar.com\/avatar\/b64873d65b5be684e01a001c464789c445a7279ef3f177f5fbff5d83eb373299?s=96&d=mm&r=g","url":"https:\/\/secure.gravatar.com\/avatar\/b64873d65b5be684e01a001c464789c445a7279ef3f177f5fbff5d83eb373299?s=96&d=mm&r=g","contentUrl":"https:\/\/secure.gravatar.com\/avatar\/b64873d65b5be684e01a001c464789c445a7279ef3f177f5fbff5d83eb373299?s=96&d=mm&r=g","caption":"Admin Asemer"},"url":"https:\/\/www.asemer.ro\/index.php\/author\/admin\/"}]}},"_links":{"self":[{"href":"https:\/\/www.asemer.ro\/index.php\/wp-json\/wp\/v2\/posts\/7908","targetHints":{"allow":["GET"]}}],"collection":[{"href":"https:\/\/www.asemer.ro\/index.php\/wp-json\/wp\/v2\/posts"}],"about":[{"href":"https:\/\/www.asemer.ro\/index.php\/wp-json\/wp\/v2\/types\/post"}],"author":[{"embeddable":true,"href":"https:\/\/www.asemer.ro\/index.php\/wp-json\/wp\/v2\/users\/3"}],"replies":[{"embeddable":true,"href":"https:\/\/www.asemer.ro\/index.php\/wp-json\/wp\/v2\/comments?post=7908"}],"version-history":[{"count":4,"href":"https:\/\/www.asemer.ro\/index.php\/wp-json\/wp\/v2\/posts\/7908\/revisions"}],"predecessor-version":[{"id":7935,"href":"https:\/\/www.asemer.ro\/index.php\/wp-json\/wp\/v2\/posts\/7908\/revisions\/7935"}],"wp:attachment":[{"href":"https:\/\/www.asemer.ro\/index.php\/wp-json\/wp\/v2\/media?parent=7908"}],"wp:term":[{"taxonomy":"category","embeddable":true,"href":"https:\/\/www.asemer.ro\/index.php\/wp-json\/wp\/v2\/categories?post=7908"},{"taxonomy":"post_tag","embeddable":true,"href":"https:\/\/www.asemer.ro\/index.php\/wp-json\/wp\/v2\/tags?post=7908"}],"curies":[{"name":"wp","href":"https:\/\/api.w.org\/{rel}","templated":true}]}}