{"id":7953,"date":"2022-11-08T00:21:08","date_gmt":"2022-11-07T22:21:08","guid":{"rendered":"https:\/\/www.asemer.ro\/?p=7953"},"modified":"2022-12-08T15:58:52","modified_gmt":"2022-12-08T13:58:52","slug":"colaboracion-con-revista-patronatului-roman-11","status":"publish","type":"post","link":"https:\/\/www.asemer.ro\/index.php\/2022\/11\/08\/colaboracion-con-revista-patronatului-roman-11\/","title":{"rendered":"Colaboraci\u00f3n con Revista Patronatului Rom\u00e2n"},"content":{"rendered":"<p class=\"tdb-title-text\" style=\"text-align: center;\"><span style=\"font-family: Roboto; font-size: 24pt;\">Viziune \u00een afaceri<\/span><\/p>\n<p style=\"text-align: center;\"><span style=\"font-size: 18pt; color: #000000; font-family: Roboto;\"><strong><img loading=\"lazy\" decoding=\"async\" class=\"aligncenter wp-image-7966 \" src=\"https:\/\/www.asemer.ro\/wp-content\/uploads\/2022\/12\/VIZUAL_FINAL_3-1068x784-1.jpg\" alt=\"\" width=\"694\" height=\"510\" srcset=\"https:\/\/www.asemer.ro\/wp-content\/uploads\/2022\/12\/VIZUAL_FINAL_3-1068x784-1.jpg 1068w, https:\/\/www.asemer.ro\/wp-content\/uploads\/2022\/12\/VIZUAL_FINAL_3-1068x784-1-300x220.jpg 300w, https:\/\/www.asemer.ro\/wp-content\/uploads\/2022\/12\/VIZUAL_FINAL_3-1068x784-1-1024x752.jpg 1024w, https:\/\/www.asemer.ro\/wp-content\/uploads\/2022\/12\/VIZUAL_FINAL_3-1068x784-1-768x564.jpg 768w, https:\/\/www.asemer.ro\/wp-content\/uploads\/2022\/12\/VIZUAL_FINAL_3-1068x784-1-720x529.jpg 720w\" sizes=\"auto, (max-width: 694px) 100vw, 694px\" \/><\/strong><\/span><\/p>\n<p>\u00cen cadrul evenimentului \u201cDe BINE 22.23.01 4Q&amp;A\u201d, organizatorii Le Carrousel \u0219i Revista Patronatului Rom\u00e2n \u00ee\u0219i propun s\u0103 creioneze at\u00e2t un review al afacerilor \u00een anul 2022, c\u00e2t \u0219i o porspectiva pentru ce va fi \u00een 2023.<\/p>\n<p>Cu aportul unor speakeri deosebi\u021bi:<\/p>\n<p>Mihai-C\u0103lin Precup, Secretar de Stat Ministerul Finan\u021belor,<br \/>\nAdrian Tanase, Director general Bursa de Valori Bucure\u0219ti,<br \/>\nIleana Botez \u2013 Pre\u0219edinte PWN Romania,<br \/>\nGabriel Badea \u2013 Pre\u0219edinte Federa\u021bia Serviciilor de Securitare, Primvicepresedinte confedera\u021bia patronal\u0103 CONPIROM,<br \/>\nAdela Jansen, director neexecutiv \u00een consilii de administra\u021bie sau consultative \u00een mai multe companii,<br \/>\nVlad Du\u021bescu, Pre\u0219edinte European Mentoring and Coaching Council Rom\u00e2nia,<br \/>\nMirel Bran, Jurnalist Radio France International Rom\u00e2nia,<br \/>\nTudor Popescu, Project leader EDISON \u0219i directorul \u0219tiin\u021bific de programe al Funda\u021biei Grupului Educativa,<br \/>\nAndrei Boti\u0219, CEO NAI Rom\u00e2nia \u0219i Pre\u0219edinte Romanian Green Building Council,<\/p>\n<p>\u0219i participarea invita\u021bilor din antreprenoriat \u0219i mediul de afaceri, vom marca sf\u00e2r\u0219itul de an prin expunerea unor idei \u0219i informa\u021bii utile pentru gestionarea planurilor de afaceri pentru perioada imediat urm\u0103toare.<\/p>\n<p>Evenimentul \u201cDe BINE 22.23.01 4Q&amp;A\u201d organizat \u00een data de 8 decembrie 2022, \u00eencep\u00e2nd cu ora 18:00, \u00een Bucure\u0219ti, B-dul Dacia nr. 60, beneficiaz\u0103 de suportul partenerilor:<\/p>\n<p>Parteneri institu\u021bionali: CONPIROM, Asocia\u021bia Rom\u00e2na a Industriei de Securitate, Camera de Comer\u0163 Belgia Luxemburg Rom\u00e2nia Moldova, Camera de Comer\u0163 \u015fi Industrie Bilateral\u0103 Rom\u00e2nia Portugalia, Professional Women\u2019s Network Rom\u00e2nia, European Mentoring and Coaching Council Rom\u00e2nia,<br \/>\nParteneri: NAI Rom\u00e2nia, Dynamic Business Connections, Asocia\u021bia Ajungem MARI,<br \/>\nParteneri media: Revista Cariere, Club Antreprenor, Femei \u00een afaceri, Business Voice,<br \/>\nc\u0103rora organizatorii le aduc mul\u021bumiri.<\/p>\n<p>Pentru persoanale care se \u00eenscriu la eveniment utiliz\u00e2nd cuponul de reducere AFQPD5KX \u00een magazin online, se acord\u0103 o reducere de 5%. \u00cen acela\u0219i timp, Asocia\u021bia Ajungem MARI va primi 25% din valoarea total\u0103 a achizi\u021biilor efectuate prin valorificarea cuponului de reducere.<\/p>\n<p>pagina oficiala a evenimentului: <a href=\"https:\/\/revistapatronatuluiroman.ro\/de-bine-22-23-01-4qa\/\" target=\"_blank\" rel=\"noopener\">https:\/\/revistapatronatuluiroman.ro\/de-bine-22-23-01-4qa\/<\/a><br \/>\n\u00eenscrieri: <a href=\"https:\/\/revistapatronatuluiroman.ro\/de-bine-22-23-01-4qa\/#eveniment-business-7\" target=\"_blank\" rel=\"noopener\">aici<\/a><br \/>\nEvenimentul va fi transmis live online pe canalele Revista Patronatului Rom\u00e2n.<\/p>\n<p>Jurnali\u0219tii pot participa la eveniment \u00een mod gratuit, pe baza confirm\u0103rii din partea organizatorilor a rezerv\u0103rii unui loc.<\/p>\n<p><span style=\"font-size: 12pt; color: #000000; font-family: Roboto;\"><strong>\u00a0<\/strong><\/span><\/p>\n<p><span style=\"font-size: 12pt; color: #000000; font-family: Roboto;\"><strong>\u00a0<\/strong><\/span><\/p>\n","protected":false},"excerpt":{"rendered":"<p>Viziune \u00een afaceri \u00cen cadrul evenimentului \u201cDe BINE 22.23.01 4Q&amp;A\u201d, organizatorii Le Carrousel \u0219i Revista Patronatului Rom\u00e2n \u00ee\u0219i propun s\u0103 [&hellip;]<\/p>\n","protected":false},"author":3,"featured_media":0,"comment_status":"open","ping_status":"open","sticky":false,"template":"","format":"standard","meta":{"footnotes":""},"categories":[1],"tags":[244],"class_list":["post-7953","post","type-post","status-publish","format-standard","hentry","category-uncategorized","tag-colaboracion-con-revista-patronatului-roman"],"yoast_head":"<!-- This site is optimized with the Yoast SEO plugin v27.5 - https:\/\/yoast.com\/product\/yoast-seo-wordpress\/ -->\n<title>Colaboraci\u00f3n con Revista Patronatului Rom\u00e2n - ASEMER<\/title>\n<meta name=\"robots\" content=\"index, follow, max-snippet:-1, max-image-preview:large, max-video-preview:-1\" \/>\n<link rel=\"canonical\" href=\"https:\/\/www.asemer.ro\/index.php\/2022\/11\/08\/colaboracion-con-revista-patronatului-roman-11\/\" \/>\n<meta property=\"og:locale\" content=\"es_ES\" \/>\n<meta property=\"og:type\" content=\"article\" \/>\n<meta property=\"og:title\" content=\"Colaboraci\u00f3n con Revista Patronatului Rom\u00e2n - ASEMER\" \/>\n<meta property=\"og:description\" content=\"Viziune \u00een afaceri \u00cen cadrul evenimentului \u201cDe BINE 22.23.01 4Q&amp;A\u201d, organizatorii Le Carrousel \u0219i Revista Patronatului Rom\u00e2n \u00ee\u0219i propun s\u0103 [&hellip;]\" \/>\n<meta property=\"og:url\" content=\"https:\/\/www.asemer.ro\/index.php\/2022\/11\/08\/colaboracion-con-revista-patronatului-roman-11\/\" \/>\n<meta property=\"og:site_name\" content=\"ASEMER\" \/>\n<meta property=\"article:publisher\" content=\"https:\/\/www.facebook.com\/asociacionasemer\" \/>\n<meta property=\"article:published_time\" content=\"2022-11-07T22:21:08+00:00\" \/>\n<meta property=\"article:modified_time\" content=\"2022-12-08T13:58:52+00:00\" \/>\n<meta property=\"og:image\" content=\"https:\/\/www.asemer.ro\/wp-content\/uploads\/2022\/12\/VIZUAL_FINAL_3-1068x784-1.jpg\" \/>\n<meta name=\"author\" content=\"Admin Asemer\" \/>\n<meta name=\"twitter:card\" content=\"summary_large_image\" \/>\n<meta name=\"twitter:creator\" content=\"@asemer_rumania\" \/>\n<meta name=\"twitter:site\" content=\"@asemer_rumania\" \/>\n<meta name=\"twitter:label1\" content=\"Escrito por\" \/>\n\t<meta name=\"twitter:data1\" content=\"Admin Asemer\" \/>\n\t<meta name=\"twitter:label2\" content=\"Tiempo de lectura\" \/>\n\t<meta name=\"twitter:data2\" content=\"2 minutos\" \/>\n<script type=\"application\/ld+json\" class=\"yoast-schema-graph\">{\"@context\":\"https:\\\/\\\/schema.org\",\"@graph\":[{\"@type\":\"Article\",\"@id\":\"https:\\\/\\\/www.asemer.ro\\\/index.php\\\/2022\\\/11\\\/08\\\/colaboracion-con-revista-patronatului-roman-11\\\/#article\",\"isPartOf\":{\"@id\":\"https:\\\/\\\/www.asemer.ro\\\/index.php\\\/2022\\\/11\\\/08\\\/colaboracion-con-revista-patronatului-roman-11\\\/\"},\"author\":{\"name\":\"Admin Asemer\",\"@id\":\"https:\\\/\\\/www.asemer.ro\\\/#\\\/schema\\\/person\\\/36de47e444c0f1a7b737a035d40519f9\"},\"headline\":\"Colaboraci\u00f3n con Revista Patronatului Rom\u00e2n\",\"datePublished\":\"2022-11-07T22:21:08+00:00\",\"dateModified\":\"2022-12-08T13:58:52+00:00\",\"mainEntityOfPage\":{\"@id\":\"https:\\\/\\\/www.asemer.ro\\\/index.php\\\/2022\\\/11\\\/08\\\/colaboracion-con-revista-patronatului-roman-11\\\/\"},\"wordCount\":378,\"commentCount\":0,\"publisher\":{\"@id\":\"https:\\\/\\\/www.asemer.ro\\\/#organization\"},\"image\":{\"@id\":\"https:\\\/\\\/www.asemer.ro\\\/index.php\\\/2022\\\/11\\\/08\\\/colaboracion-con-revista-patronatului-roman-11\\\/#primaryimage\"},\"thumbnailUrl\":\"https:\\\/\\\/www.asemer.ro\\\/wp-content\\\/uploads\\\/2022\\\/12\\\/VIZUAL_FINAL_3-1068x784-1.jpg\",\"keywords\":[\"Colaboraci\u00f3n con Revista Patronatului Rom\u00e2n\"],\"articleSection\":[\"Uncategorized\"],\"inLanguage\":\"es\",\"potentialAction\":[{\"@type\":\"CommentAction\",\"name\":\"Comment\",\"target\":[\"https:\\\/\\\/www.asemer.ro\\\/index.php\\\/2022\\\/11\\\/08\\\/colaboracion-con-revista-patronatului-roman-11\\\/#respond\"]}]},{\"@type\":\"WebPage\",\"@id\":\"https:\\\/\\\/www.asemer.ro\\\/index.php\\\/2022\\\/11\\\/08\\\/colaboracion-con-revista-patronatului-roman-11\\\/\",\"url\":\"https:\\\/\\\/www.asemer.ro\\\/index.php\\\/2022\\\/11\\\/08\\\/colaboracion-con-revista-patronatului-roman-11\\\/\",\"name\":\"Colaboraci\u00f3n con Revista Patronatului Rom\u00e2n - ASEMER\",\"isPartOf\":{\"@id\":\"https:\\\/\\\/www.asemer.ro\\\/#website\"},\"primaryImageOfPage\":{\"@id\":\"https:\\\/\\\/www.asemer.ro\\\/index.php\\\/2022\\\/11\\\/08\\\/colaboracion-con-revista-patronatului-roman-11\\\/#primaryimage\"},\"image\":{\"@id\":\"https:\\\/\\\/www.asemer.ro\\\/index.php\\\/2022\\\/11\\\/08\\\/colaboracion-con-revista-patronatului-roman-11\\\/#primaryimage\"},\"thumbnailUrl\":\"https:\\\/\\\/www.asemer.ro\\\/wp-content\\\/uploads\\\/2022\\\/12\\\/VIZUAL_FINAL_3-1068x784-1.jpg\",\"datePublished\":\"2022-11-07T22:21:08+00:00\",\"dateModified\":\"2022-12-08T13:58:52+00:00\",\"breadcrumb\":{\"@id\":\"https:\\\/\\\/www.asemer.ro\\\/index.php\\\/2022\\\/11\\\/08\\\/colaboracion-con-revista-patronatului-roman-11\\\/#breadcrumb\"},\"inLanguage\":\"es\",\"potentialAction\":[{\"@type\":\"ReadAction\",\"target\":[\"https:\\\/\\\/www.asemer.ro\\\/index.php\\\/2022\\\/11\\\/08\\\/colaboracion-con-revista-patronatului-roman-11\\\/\"]}]},{\"@type\":\"ImageObject\",\"inLanguage\":\"es\",\"@id\":\"https:\\\/\\\/www.asemer.ro\\\/index.php\\\/2022\\\/11\\\/08\\\/colaboracion-con-revista-patronatului-roman-11\\\/#primaryimage\",\"url\":\"https:\\\/\\\/www.asemer.ro\\\/wp-content\\\/uploads\\\/2022\\\/12\\\/VIZUAL_FINAL_3-1068x784-1.jpg\",\"contentUrl\":\"https:\\\/\\\/www.asemer.ro\\\/wp-content\\\/uploads\\\/2022\\\/12\\\/VIZUAL_FINAL_3-1068x784-1.jpg\",\"width\":1068,\"height\":784},{\"@type\":\"BreadcrumbList\",\"@id\":\"https:\\\/\\\/www.asemer.ro\\\/index.php\\\/2022\\\/11\\\/08\\\/colaboracion-con-revista-patronatului-roman-11\\\/#breadcrumb\",\"itemListElement\":[{\"@type\":\"ListItem\",\"position\":1,\"name\":\"Home\",\"item\":\"https:\\\/\\\/www.asemer.ro\\\/\"},{\"@type\":\"ListItem\",\"position\":2,\"name\":\"Colaboraci\u00f3n con Revista Patronatului Rom\u00e2n\"}]},{\"@type\":\"WebSite\",\"@id\":\"https:\\\/\\\/www.asemer.ro\\\/#website\",\"url\":\"https:\\\/\\\/www.asemer.ro\\\/\",\"name\":\"ASEMER\",\"description\":\"Asociaci\u00f3n de Empresas Espa\u00f1olas en Ruman\u00eda\",\"publisher\":{\"@id\":\"https:\\\/\\\/www.asemer.ro\\\/#organization\"},\"potentialAction\":[{\"@type\":\"SearchAction\",\"target\":{\"@type\":\"EntryPoint\",\"urlTemplate\":\"https:\\\/\\\/www.asemer.ro\\\/?s={search_term_string}\"},\"query-input\":{\"@type\":\"PropertyValueSpecification\",\"valueRequired\":true,\"valueName\":\"search_term_string\"}}],\"inLanguage\":\"es\"},{\"@type\":\"Organization\",\"@id\":\"https:\\\/\\\/www.asemer.ro\\\/#organization\",\"name\":\"ASEMER\",\"url\":\"https:\\\/\\\/www.asemer.ro\\\/\",\"logo\":{\"@type\":\"ImageObject\",\"inLanguage\":\"es\",\"@id\":\"https:\\\/\\\/www.asemer.ro\\\/#\\\/schema\\\/logo\\\/image\\\/\",\"url\":\"https:\\\/\\\/www.asemer.ro\\\/wp-content\\\/uploads\\\/2020\\\/12\\\/logo-ASEMER-scaled.jpg\",\"contentUrl\":\"https:\\\/\\\/www.asemer.ro\\\/wp-content\\\/uploads\\\/2020\\\/12\\\/logo-ASEMER-scaled.jpg\",\"width\":2560,\"height\":849,\"caption\":\"ASEMER\"},\"image\":{\"@id\":\"https:\\\/\\\/www.asemer.ro\\\/#\\\/schema\\\/logo\\\/image\\\/\"},\"sameAs\":[\"https:\\\/\\\/www.facebook.com\\\/asociacionasemer\",\"https:\\\/\\\/x.com\\\/asemer_rumania\",\"https:\\\/\\\/ro.linkedin.com\\\/in\\\/asemer-asociaci\u00f3n-empresas-espa\u00f1olas-en-ruman\u00eda-724772a6?trk=author_mini-profile_title\",\"https:\\\/\\\/www.youtube.com\\\/channel\\\/UC73m8-BDsg857OL0Ogv5aQA\\\/videos\"]},{\"@type\":\"Person\",\"@id\":\"https:\\\/\\\/www.asemer.ro\\\/#\\\/schema\\\/person\\\/36de47e444c0f1a7b737a035d40519f9\",\"name\":\"Admin Asemer\",\"image\":{\"@type\":\"ImageObject\",\"inLanguage\":\"es\",\"@id\":\"https:\\\/\\\/secure.gravatar.com\\\/avatar\\\/b64873d65b5be684e01a001c464789c445a7279ef3f177f5fbff5d83eb373299?s=96&d=mm&r=g\",\"url\":\"https:\\\/\\\/secure.gravatar.com\\\/avatar\\\/b64873d65b5be684e01a001c464789c445a7279ef3f177f5fbff5d83eb373299?s=96&d=mm&r=g\",\"contentUrl\":\"https:\\\/\\\/secure.gravatar.com\\\/avatar\\\/b64873d65b5be684e01a001c464789c445a7279ef3f177f5fbff5d83eb373299?s=96&d=mm&r=g\",\"caption\":\"Admin Asemer\"},\"url\":\"https:\\\/\\\/www.asemer.ro\\\/index.php\\\/author\\\/admin\\\/\"}]}<\/script>\n<!-- \/ Yoast SEO plugin. -->","yoast_head_json":{"title":"Colaboraci\u00f3n con Revista Patronatului Rom\u00e2n - ASEMER","robots":{"index":"index","follow":"follow","max-snippet":"max-snippet:-1","max-image-preview":"max-image-preview:large","max-video-preview":"max-video-preview:-1"},"canonical":"https:\/\/www.asemer.ro\/index.php\/2022\/11\/08\/colaboracion-con-revista-patronatului-roman-11\/","og_locale":"es_ES","og_type":"article","og_title":"Colaboraci\u00f3n con Revista Patronatului Rom\u00e2n - ASEMER","og_description":"Viziune \u00een afaceri \u00cen cadrul evenimentului \u201cDe BINE 22.23.01 4Q&amp;A\u201d, organizatorii Le Carrousel \u0219i Revista Patronatului Rom\u00e2n \u00ee\u0219i propun s\u0103 [&hellip;]","og_url":"https:\/\/www.asemer.ro\/index.php\/2022\/11\/08\/colaboracion-con-revista-patronatului-roman-11\/","og_site_name":"ASEMER","article_publisher":"https:\/\/www.facebook.com\/asociacionasemer","article_published_time":"2022-11-07T22:21:08+00:00","article_modified_time":"2022-12-08T13:58:52+00:00","og_image":[{"url":"https:\/\/www.asemer.ro\/wp-content\/uploads\/2022\/12\/VIZUAL_FINAL_3-1068x784-1.jpg","type":"","width":"","height":""}],"author":"Admin Asemer","twitter_card":"summary_large_image","twitter_creator":"@asemer_rumania","twitter_site":"@asemer_rumania","twitter_misc":{"Escrito por":"Admin Asemer","Tiempo de lectura":"2 minutos"},"schema":{"@context":"https:\/\/schema.org","@graph":[{"@type":"Article","@id":"https:\/\/www.asemer.ro\/index.php\/2022\/11\/08\/colaboracion-con-revista-patronatului-roman-11\/#article","isPartOf":{"@id":"https:\/\/www.asemer.ro\/index.php\/2022\/11\/08\/colaboracion-con-revista-patronatului-roman-11\/"},"author":{"name":"Admin Asemer","@id":"https:\/\/www.asemer.ro\/#\/schema\/person\/36de47e444c0f1a7b737a035d40519f9"},"headline":"Colaboraci\u00f3n con Revista Patronatului Rom\u00e2n","datePublished":"2022-11-07T22:21:08+00:00","dateModified":"2022-12-08T13:58:52+00:00","mainEntityOfPage":{"@id":"https:\/\/www.asemer.ro\/index.php\/2022\/11\/08\/colaboracion-con-revista-patronatului-roman-11\/"},"wordCount":378,"commentCount":0,"publisher":{"@id":"https:\/\/www.asemer.ro\/#organization"},"image":{"@id":"https:\/\/www.asemer.ro\/index.php\/2022\/11\/08\/colaboracion-con-revista-patronatului-roman-11\/#primaryimage"},"thumbnailUrl":"https:\/\/www.asemer.ro\/wp-content\/uploads\/2022\/12\/VIZUAL_FINAL_3-1068x784-1.jpg","keywords":["Colaboraci\u00f3n con Revista Patronatului Rom\u00e2n"],"articleSection":["Uncategorized"],"inLanguage":"es","potentialAction":[{"@type":"CommentAction","name":"Comment","target":["https:\/\/www.asemer.ro\/index.php\/2022\/11\/08\/colaboracion-con-revista-patronatului-roman-11\/#respond"]}]},{"@type":"WebPage","@id":"https:\/\/www.asemer.ro\/index.php\/2022\/11\/08\/colaboracion-con-revista-patronatului-roman-11\/","url":"https:\/\/www.asemer.ro\/index.php\/2022\/11\/08\/colaboracion-con-revista-patronatului-roman-11\/","name":"Colaboraci\u00f3n con Revista Patronatului Rom\u00e2n - ASEMER","isPartOf":{"@id":"https:\/\/www.asemer.ro\/#website"},"primaryImageOfPage":{"@id":"https:\/\/www.asemer.ro\/index.php\/2022\/11\/08\/colaboracion-con-revista-patronatului-roman-11\/#primaryimage"},"image":{"@id":"https:\/\/www.asemer.ro\/index.php\/2022\/11\/08\/colaboracion-con-revista-patronatului-roman-11\/#primaryimage"},"thumbnailUrl":"https:\/\/www.asemer.ro\/wp-content\/uploads\/2022\/12\/VIZUAL_FINAL_3-1068x784-1.jpg","datePublished":"2022-11-07T22:21:08+00:00","dateModified":"2022-12-08T13:58:52+00:00","breadcrumb":{"@id":"https:\/\/www.asemer.ro\/index.php\/2022\/11\/08\/colaboracion-con-revista-patronatului-roman-11\/#breadcrumb"},"inLanguage":"es","potentialAction":[{"@type":"ReadAction","target":["https:\/\/www.asemer.ro\/index.php\/2022\/11\/08\/colaboracion-con-revista-patronatului-roman-11\/"]}]},{"@type":"ImageObject","inLanguage":"es","@id":"https:\/\/www.asemer.ro\/index.php\/2022\/11\/08\/colaboracion-con-revista-patronatului-roman-11\/#primaryimage","url":"https:\/\/www.asemer.ro\/wp-content\/uploads\/2022\/12\/VIZUAL_FINAL_3-1068x784-1.jpg","contentUrl":"https:\/\/www.asemer.ro\/wp-content\/uploads\/2022\/12\/VIZUAL_FINAL_3-1068x784-1.jpg","width":1068,"height":784},{"@type":"BreadcrumbList","@id":"https:\/\/www.asemer.ro\/index.php\/2022\/11\/08\/colaboracion-con-revista-patronatului-roman-11\/#breadcrumb","itemListElement":[{"@type":"ListItem","position":1,"name":"Home","item":"https:\/\/www.asemer.ro\/"},{"@type":"ListItem","position":2,"name":"Colaboraci\u00f3n con Revista Patronatului Rom\u00e2n"}]},{"@type":"WebSite","@id":"https:\/\/www.asemer.ro\/#website","url":"https:\/\/www.asemer.ro\/","name":"ASEMER","description":"Asociaci\u00f3n de Empresas Espa\u00f1olas en Ruman\u00eda","publisher":{"@id":"https:\/\/www.asemer.ro\/#organization"},"potentialAction":[{"@type":"SearchAction","target":{"@type":"EntryPoint","urlTemplate":"https:\/\/www.asemer.ro\/?s={search_term_string}"},"query-input":{"@type":"PropertyValueSpecification","valueRequired":true,"valueName":"search_term_string"}}],"inLanguage":"es"},{"@type":"Organization","@id":"https:\/\/www.asemer.ro\/#organization","name":"ASEMER","url":"https:\/\/www.asemer.ro\/","logo":{"@type":"ImageObject","inLanguage":"es","@id":"https:\/\/www.asemer.ro\/#\/schema\/logo\/image\/","url":"https:\/\/www.asemer.ro\/wp-content\/uploads\/2020\/12\/logo-ASEMER-scaled.jpg","contentUrl":"https:\/\/www.asemer.ro\/wp-content\/uploads\/2020\/12\/logo-ASEMER-scaled.jpg","width":2560,"height":849,"caption":"ASEMER"},"image":{"@id":"https:\/\/www.asemer.ro\/#\/schema\/logo\/image\/"},"sameAs":["https:\/\/www.facebook.com\/asociacionasemer","https:\/\/x.com\/asemer_rumania","https:\/\/ro.linkedin.com\/in\/asemer-asociaci\u00f3n-empresas-espa\u00f1olas-en-ruman\u00eda-724772a6?trk=author_mini-profile_title","https:\/\/www.youtube.com\/channel\/UC73m8-BDsg857OL0Ogv5aQA\/videos"]},{"@type":"Person","@id":"https:\/\/www.asemer.ro\/#\/schema\/person\/36de47e444c0f1a7b737a035d40519f9","name":"Admin Asemer","image":{"@type":"ImageObject","inLanguage":"es","@id":"https:\/\/secure.gravatar.com\/avatar\/b64873d65b5be684e01a001c464789c445a7279ef3f177f5fbff5d83eb373299?s=96&d=mm&r=g","url":"https:\/\/secure.gravatar.com\/avatar\/b64873d65b5be684e01a001c464789c445a7279ef3f177f5fbff5d83eb373299?s=96&d=mm&r=g","contentUrl":"https:\/\/secure.gravatar.com\/avatar\/b64873d65b5be684e01a001c464789c445a7279ef3f177f5fbff5d83eb373299?s=96&d=mm&r=g","caption":"Admin Asemer"},"url":"https:\/\/www.asemer.ro\/index.php\/author\/admin\/"}]}},"_links":{"self":[{"href":"https:\/\/www.asemer.ro\/index.php\/wp-json\/wp\/v2\/posts\/7953","targetHints":{"allow":["GET"]}}],"collection":[{"href":"https:\/\/www.asemer.ro\/index.php\/wp-json\/wp\/v2\/posts"}],"about":[{"href":"https:\/\/www.asemer.ro\/index.php\/wp-json\/wp\/v2\/types\/post"}],"author":[{"embeddable":true,"href":"https:\/\/www.asemer.ro\/index.php\/wp-json\/wp\/v2\/users\/3"}],"replies":[{"embeddable":true,"href":"https:\/\/www.asemer.ro\/index.php\/wp-json\/wp\/v2\/comments?post=7953"}],"version-history":[{"count":3,"href":"https:\/\/www.asemer.ro\/index.php\/wp-json\/wp\/v2\/posts\/7953\/revisions"}],"predecessor-version":[{"id":7977,"href":"https:\/\/www.asemer.ro\/index.php\/wp-json\/wp\/v2\/posts\/7953\/revisions\/7977"}],"wp:attachment":[{"href":"https:\/\/www.asemer.ro\/index.php\/wp-json\/wp\/v2\/media?parent=7953"}],"wp:term":[{"taxonomy":"category","embeddable":true,"href":"https:\/\/www.asemer.ro\/index.php\/wp-json\/wp\/v2\/categories?post=7953"},{"taxonomy":"post_tag","embeddable":true,"href":"https:\/\/www.asemer.ro\/index.php\/wp-json\/wp\/v2\/tags?post=7953"}],"curies":[{"name":"wp","href":"https:\/\/api.w.org\/{rel}","templated":true}]}}