{"id":8095,"date":"2023-02-28T15:42:57","date_gmt":"2023-02-28T13:42:57","guid":{"rendered":"https:\/\/www.asemer.ro\/?p=8095"},"modified":"2023-02-28T15:43:06","modified_gmt":"2023-02-28T13:43:06","slug":"noticias-ibericas-14","status":"publish","type":"post","link":"https:\/\/www.asemer.ro\/index.php\/2023\/02\/28\/noticias-ibericas-14\/","title":{"rendered":"Noticias Ib\u00e9ricas"},"content":{"rendered":"\n<p><strong>Entrevista al ministro de Econom\u00eda y del Mar de Portugal, Ant\u00f3nio Costa Silva.<\/strong><\/p>\n\n\n\n<h1 class=\"wp-block-heading\">Portugal: cooperaci\u00f3n con Espa\u00f1a para desarrollar productos conjuntos.<\/h1>\n\n\n\n<h2 class=\"wp-block-heading\">Los ingresos procedentes del turismo alcanzaron los 22.000 millones de euros en 2022 en Portugal.<\/h2>\n\n\n\n<ul class=\"wp-block-list\"><li>El ministro conf\u00eda en que la Estrategia de Turismo Transfronterizo entre Portugal y Espa\u00f1a impulse los destinos de la raya<\/li><li>\u201cAhora hay turistas en todo el pa\u00eds y durante todo el a\u00f1o. Antes se centraban sobre todo en verano\u00bb<\/li><li>Portugal es el destino preferido de los espa\u00f1oles en agosto y \u201cnuestra intenci\u00f3n es que sea su destino n\u00famero 1 durante m\u00e1s meses\u00bb<\/li><li>\u201cEl sector tur\u00edstico es uno de los grandes motores de la econom\u00eda de <a href=\"https:\/\/www.hosteltur.com\/tag\/portugal\">Portugal<\/a>\u201d, afirma <strong>Ant\u00f3nio Costa Silva<\/strong>, <strong>ministro de Econom\u00eda y del Mar <\/strong>de este pa\u00eds. El pasado a\u00f1o, los ingresos provenientes de este sector alcanzaron los 22.000 millones de euros, un 20% m\u00e1s que antes de la pandemia. Cifras que esperan superar en 2023, un ejercicio en el que se pone en marcha la <strong>Estrategia de Turismo Transfronterizo <\/strong>entre el destino lusitano y Espa\u00f1a con el fin de promover inversiones en enclaves y experiencias en ambos lados de la raya.<\/li><\/ul>\n\n\n\n<p>El fuerte crecimiento de los ingresos tur\u00edsticos ha sido una gran sorpresa para las propias autoridades, ya que \u00abpens\u00e1bamos que ten\u00edan que pasar algunos a\u00f1os para recuperar las cifras del 2019\u00bb, reconoce el ministro. Adem\u00e1s, se muestra satisfecho con la evoluci\u00f3n del modelo tur\u00edstico, porque los ingresos se incrementaron m\u00e1s que las llegadas de visitantes el pasado a\u00f1o, que se mantuvieron en l\u00ednea con 2019, cuando se registraron <strong>27 millones de turistas<\/strong> -casi 17 millones extranjeros-.<\/p>\n\n\n\n<p>Ant\u00f3nio Costa Silva destaca, adem\u00e1s, \u00abla <strong>capilaridad de esta industria<\/strong>, porque beneficia a todo el territorio, incluidas las regiones aut\u00f3nomas de Azores y Madeira\u00bb, as\u00ed como su capacidad para poner en valor el patrimonio, la cultura o la historia.<\/p>\n\n\n\n<p>Aparte de diversificar los destinos, se ha registrado un gran <strong>avance en la desestacionalizaci\u00f3n<\/strong>. \u201cAhora hay turistas en todo el pa\u00eds y durante todo el a\u00f1o. Antes se centraban sobre todo en verano, pero la digitalizaci\u00f3n, la promoci\u00f3n tur\u00edstica externa y el trabajo de las entidades de turismo han facilitado su distribuci\u00f3n por todo el territorio\u201d, agrega el ministro.<\/p>\n\n\n\n<figure class=\"wp-block-image size-large is-resized\"><img loading=\"lazy\" decoding=\"async\" src=\"https:\/\/www.asemer.ro\/wp-content\/uploads\/2023\/02\/L_125657_antonio-costa-silva-1024x681.jpg\" alt=\"\" class=\"wp-image-8096\" width=\"511\" height=\"339\" srcset=\"https:\/\/www.asemer.ro\/wp-content\/uploads\/2023\/02\/L_125657_antonio-costa-silva-1024x681.jpg 1024w, https:\/\/www.asemer.ro\/wp-content\/uploads\/2023\/02\/L_125657_antonio-costa-silva-300x200.jpg 300w, https:\/\/www.asemer.ro\/wp-content\/uploads\/2023\/02\/L_125657_antonio-costa-silva-768x511.jpg 768w, https:\/\/www.asemer.ro\/wp-content\/uploads\/2023\/02\/L_125657_antonio-costa-silva-391x260.jpg 391w, https:\/\/www.asemer.ro\/wp-content\/uploads\/2023\/02\/L_125657_antonio-costa-silva-720x479.jpg 720w, https:\/\/www.asemer.ro\/wp-content\/uploads\/2023\/02\/L_125657_antonio-costa-silva.jpg 1200w\" sizes=\"auto, (max-width: 511px) 100vw, 511px\" \/><figcaption>El ministro de Econom\u00eda y del Mar, Ant\u00f3nio Costa Silva, particip\u00f3 en la \u00faltima edici\u00f3n de Fitur. En la fotograf\u00eda, en el stand de Portugal, donde habl\u00f3 con Hosteltur.<\/figcaption><\/figure>\n\n\n\n<p>Asimismo, est\u00e1n desarrollando <strong>nuevas estrategias<\/strong> para que los beneficios de esta industria lleguen a m\u00e1s lugares, en particular a territorios de baja densidad de poblaci\u00f3n, como muchos de los que se concentran a ambos lados de la <strong>frontera entre Espa\u00f1a y Portugal<\/strong>. En este sentido, los dos pa\u00edses han firmado la primera <strong>Estrategia de Turismo Transfronterizo 2022-2024<\/strong>, que se present\u00f3 en la pasada edici\u00f3n de <strong>Fitur<\/strong>. Su objetivo es promover inversiones en destinos y experiencias en los dos lados de la raya.<\/p>\n\n\n\n<p>Seguir leyendo:<\/p>\n\n\n\n<p><a href=\"https:\/\/www.hosteltur.com\/155625_portugal-cooperacion-con-espana-para-desarrollar-productos-conjuntos.html\">https:\/\/www.hosteltur.com\/155625_portugal-cooperacion-con-espana-para-desarrollar-productos-conjuntos.html<\/a><\/p>\n","protected":false},"excerpt":{"rendered":"<p>Entrevista al ministro de Econom\u00eda y del Mar de Portugal, Ant\u00f3nio Costa Silva. Portugal: cooperaci\u00f3n con Espa\u00f1a para desarrollar productos [&hellip;]<\/p>\n","protected":false},"author":3,"featured_media":0,"comment_status":"open","ping_status":"open","sticky":false,"template":"","format":"standard","meta":{"footnotes":""},"categories":[1],"tags":[],"class_list":["post-8095","post","type-post","status-publish","format-standard","hentry","category-uncategorized"],"yoast_head":"<!-- This site is optimized with the Yoast SEO plugin v27.5 - https:\/\/yoast.com\/product\/yoast-seo-wordpress\/ -->\n<title>Noticias Ib\u00e9ricas - ASEMER<\/title>\n<meta name=\"robots\" content=\"index, follow, max-snippet:-1, max-image-preview:large, max-video-preview:-1\" \/>\n<link rel=\"canonical\" href=\"https:\/\/www.asemer.ro\/index.php\/2023\/02\/28\/noticias-ibericas-14\/\" \/>\n<meta property=\"og:locale\" content=\"es_ES\" \/>\n<meta property=\"og:type\" content=\"article\" \/>\n<meta property=\"og:title\" content=\"Noticias Ib\u00e9ricas - ASEMER\" \/>\n<meta property=\"og:description\" content=\"Entrevista al ministro de Econom\u00eda y del Mar de Portugal, Ant\u00f3nio Costa Silva. Portugal: cooperaci\u00f3n con Espa\u00f1a para desarrollar productos [&hellip;]\" \/>\n<meta property=\"og:url\" content=\"https:\/\/www.asemer.ro\/index.php\/2023\/02\/28\/noticias-ibericas-14\/\" \/>\n<meta property=\"og:site_name\" content=\"ASEMER\" \/>\n<meta property=\"article:publisher\" content=\"https:\/\/www.facebook.com\/asociacionasemer\" \/>\n<meta property=\"article:published_time\" content=\"2023-02-28T13:42:57+00:00\" \/>\n<meta property=\"article:modified_time\" content=\"2023-02-28T13:43:06+00:00\" \/>\n<meta property=\"og:image\" content=\"https:\/\/www.asemer.ro\/wp-content\/uploads\/2023\/02\/L_125657_antonio-costa-silva-1024x681.jpg\" \/>\n<meta name=\"author\" content=\"Admin Asemer\" \/>\n<meta name=\"twitter:card\" content=\"summary_large_image\" \/>\n<meta name=\"twitter:creator\" content=\"@asemer_rumania\" \/>\n<meta name=\"twitter:site\" content=\"@asemer_rumania\" \/>\n<meta name=\"twitter:label1\" content=\"Escrito por\" \/>\n\t<meta name=\"twitter:data1\" content=\"Admin Asemer\" \/>\n\t<meta name=\"twitter:label2\" content=\"Tiempo de lectura\" \/>\n\t<meta name=\"twitter:data2\" content=\"3 minutos\" \/>\n<script type=\"application\/ld+json\" class=\"yoast-schema-graph\">{\"@context\":\"https:\\\/\\\/schema.org\",\"@graph\":[{\"@type\":\"Article\",\"@id\":\"https:\\\/\\\/www.asemer.ro\\\/index.php\\\/2023\\\/02\\\/28\\\/noticias-ibericas-14\\\/#article\",\"isPartOf\":{\"@id\":\"https:\\\/\\\/www.asemer.ro\\\/index.php\\\/2023\\\/02\\\/28\\\/noticias-ibericas-14\\\/\"},\"author\":{\"name\":\"Admin Asemer\",\"@id\":\"https:\\\/\\\/www.asemer.ro\\\/#\\\/schema\\\/person\\\/36de47e444c0f1a7b737a035d40519f9\"},\"headline\":\"Noticias Ib\u00e9ricas\",\"datePublished\":\"2023-02-28T13:42:57+00:00\",\"dateModified\":\"2023-02-28T13:43:06+00:00\",\"mainEntityOfPage\":{\"@id\":\"https:\\\/\\\/www.asemer.ro\\\/index.php\\\/2023\\\/02\\\/28\\\/noticias-ibericas-14\\\/\"},\"wordCount\":526,\"commentCount\":0,\"publisher\":{\"@id\":\"https:\\\/\\\/www.asemer.ro\\\/#organization\"},\"image\":{\"@id\":\"https:\\\/\\\/www.asemer.ro\\\/index.php\\\/2023\\\/02\\\/28\\\/noticias-ibericas-14\\\/#primaryimage\"},\"thumbnailUrl\":\"https:\\\/\\\/www.asemer.ro\\\/wp-content\\\/uploads\\\/2023\\\/02\\\/L_125657_antonio-costa-silva-1024x681.jpg\",\"articleSection\":[\"Uncategorized\"],\"inLanguage\":\"es\",\"potentialAction\":[{\"@type\":\"CommentAction\",\"name\":\"Comment\",\"target\":[\"https:\\\/\\\/www.asemer.ro\\\/index.php\\\/2023\\\/02\\\/28\\\/noticias-ibericas-14\\\/#respond\"]}]},{\"@type\":\"WebPage\",\"@id\":\"https:\\\/\\\/www.asemer.ro\\\/index.php\\\/2023\\\/02\\\/28\\\/noticias-ibericas-14\\\/\",\"url\":\"https:\\\/\\\/www.asemer.ro\\\/index.php\\\/2023\\\/02\\\/28\\\/noticias-ibericas-14\\\/\",\"name\":\"Noticias Ib\u00e9ricas - ASEMER\",\"isPartOf\":{\"@id\":\"https:\\\/\\\/www.asemer.ro\\\/#website\"},\"primaryImageOfPage\":{\"@id\":\"https:\\\/\\\/www.asemer.ro\\\/index.php\\\/2023\\\/02\\\/28\\\/noticias-ibericas-14\\\/#primaryimage\"},\"image\":{\"@id\":\"https:\\\/\\\/www.asemer.ro\\\/index.php\\\/2023\\\/02\\\/28\\\/noticias-ibericas-14\\\/#primaryimage\"},\"thumbnailUrl\":\"https:\\\/\\\/www.asemer.ro\\\/wp-content\\\/uploads\\\/2023\\\/02\\\/L_125657_antonio-costa-silva-1024x681.jpg\",\"datePublished\":\"2023-02-28T13:42:57+00:00\",\"dateModified\":\"2023-02-28T13:43:06+00:00\",\"breadcrumb\":{\"@id\":\"https:\\\/\\\/www.asemer.ro\\\/index.php\\\/2023\\\/02\\\/28\\\/noticias-ibericas-14\\\/#breadcrumb\"},\"inLanguage\":\"es\",\"potentialAction\":[{\"@type\":\"ReadAction\",\"target\":[\"https:\\\/\\\/www.asemer.ro\\\/index.php\\\/2023\\\/02\\\/28\\\/noticias-ibericas-14\\\/\"]}]},{\"@type\":\"ImageObject\",\"inLanguage\":\"es\",\"@id\":\"https:\\\/\\\/www.asemer.ro\\\/index.php\\\/2023\\\/02\\\/28\\\/noticias-ibericas-14\\\/#primaryimage\",\"url\":\"https:\\\/\\\/www.asemer.ro\\\/wp-content\\\/uploads\\\/2023\\\/02\\\/L_125657_antonio-costa-silva.jpg\",\"contentUrl\":\"https:\\\/\\\/www.asemer.ro\\\/wp-content\\\/uploads\\\/2023\\\/02\\\/L_125657_antonio-costa-silva.jpg\",\"width\":1200,\"height\":798},{\"@type\":\"BreadcrumbList\",\"@id\":\"https:\\\/\\\/www.asemer.ro\\\/index.php\\\/2023\\\/02\\\/28\\\/noticias-ibericas-14\\\/#breadcrumb\",\"itemListElement\":[{\"@type\":\"ListItem\",\"position\":1,\"name\":\"Home\",\"item\":\"https:\\\/\\\/www.asemer.ro\\\/\"},{\"@type\":\"ListItem\",\"position\":2,\"name\":\"Noticias Ib\u00e9ricas\"}]},{\"@type\":\"WebSite\",\"@id\":\"https:\\\/\\\/www.asemer.ro\\\/#website\",\"url\":\"https:\\\/\\\/www.asemer.ro\\\/\",\"name\":\"ASEMER\",\"description\":\"Asociaci\u00f3n de Empresas Espa\u00f1olas en Ruman\u00eda\",\"publisher\":{\"@id\":\"https:\\\/\\\/www.asemer.ro\\\/#organization\"},\"potentialAction\":[{\"@type\":\"SearchAction\",\"target\":{\"@type\":\"EntryPoint\",\"urlTemplate\":\"https:\\\/\\\/www.asemer.ro\\\/?s={search_term_string}\"},\"query-input\":{\"@type\":\"PropertyValueSpecification\",\"valueRequired\":true,\"valueName\":\"search_term_string\"}}],\"inLanguage\":\"es\"},{\"@type\":\"Organization\",\"@id\":\"https:\\\/\\\/www.asemer.ro\\\/#organization\",\"name\":\"ASEMER\",\"url\":\"https:\\\/\\\/www.asemer.ro\\\/\",\"logo\":{\"@type\":\"ImageObject\",\"inLanguage\":\"es\",\"@id\":\"https:\\\/\\\/www.asemer.ro\\\/#\\\/schema\\\/logo\\\/image\\\/\",\"url\":\"https:\\\/\\\/www.asemer.ro\\\/wp-content\\\/uploads\\\/2020\\\/12\\\/logo-ASEMER-scaled.jpg\",\"contentUrl\":\"https:\\\/\\\/www.asemer.ro\\\/wp-content\\\/uploads\\\/2020\\\/12\\\/logo-ASEMER-scaled.jpg\",\"width\":2560,\"height\":849,\"caption\":\"ASEMER\"},\"image\":{\"@id\":\"https:\\\/\\\/www.asemer.ro\\\/#\\\/schema\\\/logo\\\/image\\\/\"},\"sameAs\":[\"https:\\\/\\\/www.facebook.com\\\/asociacionasemer\",\"https:\\\/\\\/x.com\\\/asemer_rumania\",\"https:\\\/\\\/ro.linkedin.com\\\/in\\\/asemer-asociaci\u00f3n-empresas-espa\u00f1olas-en-ruman\u00eda-724772a6?trk=author_mini-profile_title\",\"https:\\\/\\\/www.youtube.com\\\/channel\\\/UC73m8-BDsg857OL0Ogv5aQA\\\/videos\"]},{\"@type\":\"Person\",\"@id\":\"https:\\\/\\\/www.asemer.ro\\\/#\\\/schema\\\/person\\\/36de47e444c0f1a7b737a035d40519f9\",\"name\":\"Admin Asemer\",\"image\":{\"@type\":\"ImageObject\",\"inLanguage\":\"es\",\"@id\":\"https:\\\/\\\/secure.gravatar.com\\\/avatar\\\/b64873d65b5be684e01a001c464789c445a7279ef3f177f5fbff5d83eb373299?s=96&d=mm&r=g\",\"url\":\"https:\\\/\\\/secure.gravatar.com\\\/avatar\\\/b64873d65b5be684e01a001c464789c445a7279ef3f177f5fbff5d83eb373299?s=96&d=mm&r=g\",\"contentUrl\":\"https:\\\/\\\/secure.gravatar.com\\\/avatar\\\/b64873d65b5be684e01a001c464789c445a7279ef3f177f5fbff5d83eb373299?s=96&d=mm&r=g\",\"caption\":\"Admin Asemer\"},\"url\":\"https:\\\/\\\/www.asemer.ro\\\/index.php\\\/author\\\/admin\\\/\"}]}<\/script>\n<!-- \/ Yoast SEO plugin. -->","yoast_head_json":{"title":"Noticias Ib\u00e9ricas - ASEMER","robots":{"index":"index","follow":"follow","max-snippet":"max-snippet:-1","max-image-preview":"max-image-preview:large","max-video-preview":"max-video-preview:-1"},"canonical":"https:\/\/www.asemer.ro\/index.php\/2023\/02\/28\/noticias-ibericas-14\/","og_locale":"es_ES","og_type":"article","og_title":"Noticias Ib\u00e9ricas - ASEMER","og_description":"Entrevista al ministro de Econom\u00eda y del Mar de Portugal, Ant\u00f3nio Costa Silva. Portugal: cooperaci\u00f3n con Espa\u00f1a para desarrollar productos [&hellip;]","og_url":"https:\/\/www.asemer.ro\/index.php\/2023\/02\/28\/noticias-ibericas-14\/","og_site_name":"ASEMER","article_publisher":"https:\/\/www.facebook.com\/asociacionasemer","article_published_time":"2023-02-28T13:42:57+00:00","article_modified_time":"2023-02-28T13:43:06+00:00","og_image":[{"url":"https:\/\/www.asemer.ro\/wp-content\/uploads\/2023\/02\/L_125657_antonio-costa-silva-1024x681.jpg","type":"","width":"","height":""}],"author":"Admin Asemer","twitter_card":"summary_large_image","twitter_creator":"@asemer_rumania","twitter_site":"@asemer_rumania","twitter_misc":{"Escrito por":"Admin Asemer","Tiempo de lectura":"3 minutos"},"schema":{"@context":"https:\/\/schema.org","@graph":[{"@type":"Article","@id":"https:\/\/www.asemer.ro\/index.php\/2023\/02\/28\/noticias-ibericas-14\/#article","isPartOf":{"@id":"https:\/\/www.asemer.ro\/index.php\/2023\/02\/28\/noticias-ibericas-14\/"},"author":{"name":"Admin Asemer","@id":"https:\/\/www.asemer.ro\/#\/schema\/person\/36de47e444c0f1a7b737a035d40519f9"},"headline":"Noticias Ib\u00e9ricas","datePublished":"2023-02-28T13:42:57+00:00","dateModified":"2023-02-28T13:43:06+00:00","mainEntityOfPage":{"@id":"https:\/\/www.asemer.ro\/index.php\/2023\/02\/28\/noticias-ibericas-14\/"},"wordCount":526,"commentCount":0,"publisher":{"@id":"https:\/\/www.asemer.ro\/#organization"},"image":{"@id":"https:\/\/www.asemer.ro\/index.php\/2023\/02\/28\/noticias-ibericas-14\/#primaryimage"},"thumbnailUrl":"https:\/\/www.asemer.ro\/wp-content\/uploads\/2023\/02\/L_125657_antonio-costa-silva-1024x681.jpg","articleSection":["Uncategorized"],"inLanguage":"es","potentialAction":[{"@type":"CommentAction","name":"Comment","target":["https:\/\/www.asemer.ro\/index.php\/2023\/02\/28\/noticias-ibericas-14\/#respond"]}]},{"@type":"WebPage","@id":"https:\/\/www.asemer.ro\/index.php\/2023\/02\/28\/noticias-ibericas-14\/","url":"https:\/\/www.asemer.ro\/index.php\/2023\/02\/28\/noticias-ibericas-14\/","name":"Noticias Ib\u00e9ricas - ASEMER","isPartOf":{"@id":"https:\/\/www.asemer.ro\/#website"},"primaryImageOfPage":{"@id":"https:\/\/www.asemer.ro\/index.php\/2023\/02\/28\/noticias-ibericas-14\/#primaryimage"},"image":{"@id":"https:\/\/www.asemer.ro\/index.php\/2023\/02\/28\/noticias-ibericas-14\/#primaryimage"},"thumbnailUrl":"https:\/\/www.asemer.ro\/wp-content\/uploads\/2023\/02\/L_125657_antonio-costa-silva-1024x681.jpg","datePublished":"2023-02-28T13:42:57+00:00","dateModified":"2023-02-28T13:43:06+00:00","breadcrumb":{"@id":"https:\/\/www.asemer.ro\/index.php\/2023\/02\/28\/noticias-ibericas-14\/#breadcrumb"},"inLanguage":"es","potentialAction":[{"@type":"ReadAction","target":["https:\/\/www.asemer.ro\/index.php\/2023\/02\/28\/noticias-ibericas-14\/"]}]},{"@type":"ImageObject","inLanguage":"es","@id":"https:\/\/www.asemer.ro\/index.php\/2023\/02\/28\/noticias-ibericas-14\/#primaryimage","url":"https:\/\/www.asemer.ro\/wp-content\/uploads\/2023\/02\/L_125657_antonio-costa-silva.jpg","contentUrl":"https:\/\/www.asemer.ro\/wp-content\/uploads\/2023\/02\/L_125657_antonio-costa-silva.jpg","width":1200,"height":798},{"@type":"BreadcrumbList","@id":"https:\/\/www.asemer.ro\/index.php\/2023\/02\/28\/noticias-ibericas-14\/#breadcrumb","itemListElement":[{"@type":"ListItem","position":1,"name":"Home","item":"https:\/\/www.asemer.ro\/"},{"@type":"ListItem","position":2,"name":"Noticias Ib\u00e9ricas"}]},{"@type":"WebSite","@id":"https:\/\/www.asemer.ro\/#website","url":"https:\/\/www.asemer.ro\/","name":"ASEMER","description":"Asociaci\u00f3n de Empresas Espa\u00f1olas en Ruman\u00eda","publisher":{"@id":"https:\/\/www.asemer.ro\/#organization"},"potentialAction":[{"@type":"SearchAction","target":{"@type":"EntryPoint","urlTemplate":"https:\/\/www.asemer.ro\/?s={search_term_string}"},"query-input":{"@type":"PropertyValueSpecification","valueRequired":true,"valueName":"search_term_string"}}],"inLanguage":"es"},{"@type":"Organization","@id":"https:\/\/www.asemer.ro\/#organization","name":"ASEMER","url":"https:\/\/www.asemer.ro\/","logo":{"@type":"ImageObject","inLanguage":"es","@id":"https:\/\/www.asemer.ro\/#\/schema\/logo\/image\/","url":"https:\/\/www.asemer.ro\/wp-content\/uploads\/2020\/12\/logo-ASEMER-scaled.jpg","contentUrl":"https:\/\/www.asemer.ro\/wp-content\/uploads\/2020\/12\/logo-ASEMER-scaled.jpg","width":2560,"height":849,"caption":"ASEMER"},"image":{"@id":"https:\/\/www.asemer.ro\/#\/schema\/logo\/image\/"},"sameAs":["https:\/\/www.facebook.com\/asociacionasemer","https:\/\/x.com\/asemer_rumania","https:\/\/ro.linkedin.com\/in\/asemer-asociaci\u00f3n-empresas-espa\u00f1olas-en-ruman\u00eda-724772a6?trk=author_mini-profile_title","https:\/\/www.youtube.com\/channel\/UC73m8-BDsg857OL0Ogv5aQA\/videos"]},{"@type":"Person","@id":"https:\/\/www.asemer.ro\/#\/schema\/person\/36de47e444c0f1a7b737a035d40519f9","name":"Admin Asemer","image":{"@type":"ImageObject","inLanguage":"es","@id":"https:\/\/secure.gravatar.com\/avatar\/b64873d65b5be684e01a001c464789c445a7279ef3f177f5fbff5d83eb373299?s=96&d=mm&r=g","url":"https:\/\/secure.gravatar.com\/avatar\/b64873d65b5be684e01a001c464789c445a7279ef3f177f5fbff5d83eb373299?s=96&d=mm&r=g","contentUrl":"https:\/\/secure.gravatar.com\/avatar\/b64873d65b5be684e01a001c464789c445a7279ef3f177f5fbff5d83eb373299?s=96&d=mm&r=g","caption":"Admin Asemer"},"url":"https:\/\/www.asemer.ro\/index.php\/author\/admin\/"}]}},"_links":{"self":[{"href":"https:\/\/www.asemer.ro\/index.php\/wp-json\/wp\/v2\/posts\/8095","targetHints":{"allow":["GET"]}}],"collection":[{"href":"https:\/\/www.asemer.ro\/index.php\/wp-json\/wp\/v2\/posts"}],"about":[{"href":"https:\/\/www.asemer.ro\/index.php\/wp-json\/wp\/v2\/types\/post"}],"author":[{"embeddable":true,"href":"https:\/\/www.asemer.ro\/index.php\/wp-json\/wp\/v2\/users\/3"}],"replies":[{"embeddable":true,"href":"https:\/\/www.asemer.ro\/index.php\/wp-json\/wp\/v2\/comments?post=8095"}],"version-history":[{"count":4,"href":"https:\/\/www.asemer.ro\/index.php\/wp-json\/wp\/v2\/posts\/8095\/revisions"}],"predecessor-version":[{"id":8100,"href":"https:\/\/www.asemer.ro\/index.php\/wp-json\/wp\/v2\/posts\/8095\/revisions\/8100"}],"wp:attachment":[{"href":"https:\/\/www.asemer.ro\/index.php\/wp-json\/wp\/v2\/media?parent=8095"}],"wp:term":[{"taxonomy":"category","embeddable":true,"href":"https:\/\/www.asemer.ro\/index.php\/wp-json\/wp\/v2\/categories?post=8095"},{"taxonomy":"post_tag","embeddable":true,"href":"https:\/\/www.asemer.ro\/index.php\/wp-json\/wp\/v2\/tags?post=8095"}],"curies":[{"name":"wp","href":"https:\/\/api.w.org\/{rel}","templated":true}]}}