{"id":8123,"date":"2023-02-28T10:23:43","date_gmt":"2023-02-28T08:23:43","guid":{"rendered":"https:\/\/www.asemer.ro\/?p=8123"},"modified":"2023-03-01T11:46:19","modified_gmt":"2023-03-01T09:46:19","slug":"entrevista-a-emilio-luque-abogado-por-15-anos-de-ejercicio-independiente-de-la-profesion-en-rumania","status":"publish","type":"post","link":"https:\/\/www.asemer.ro\/index.php\/2023\/02\/28\/entrevista-a-emilio-luque-abogado-por-15-anos-de-ejercicio-independiente-de-la-profesion-en-rumania\/","title":{"rendered":"Entrevista a Emilio Luque, abogado por 15 a\u00f1os de ejercicio independiente de la profesi\u00f3n en Ruman\u00eda."},"content":{"rendered":"\n<p>Este mes de febrero cumple Emilio Luque 15 a\u00f1os de ejercicio independiente de la profesi\u00f3n de abogado en Ruman\u00eda y con esta ocasi\u00f3n nos brinda su relato de estos a\u00f1os de experiencia.<\/p>\n\n\n\n<p>Seguro que durante este tiempo ha estado involucrado en muchos proyectos, adem\u00e1s de haber vivido an\u00e9cdotas y situaciones diversas, que quiz\u00e1s quiera compartir con nosotros; pero no vayamos tan r\u00e1pido, empecemos desde el principio.<\/p>\n\n\n<div class=\"wp-block-image\">\n<figure class=\"alignright size-large is-resized\"><img loading=\"lazy\" decoding=\"async\" src=\"https:\/\/www.asemer.ro\/wp-content\/uploads\/2023\/03\/R6W_3829_VenusFive_ro-1024x683.jpg\" alt=\"\" class=\"wp-image-8124\" width=\"512\" height=\"342\" srcset=\"https:\/\/www.asemer.ro\/wp-content\/uploads\/2023\/03\/R6W_3829_VenusFive_ro-1024x683.jpg 1024w, https:\/\/www.asemer.ro\/wp-content\/uploads\/2023\/03\/R6W_3829_VenusFive_ro-300x200.jpg 300w, https:\/\/www.asemer.ro\/wp-content\/uploads\/2023\/03\/R6W_3829_VenusFive_ro-768x512.jpg 768w, https:\/\/www.asemer.ro\/wp-content\/uploads\/2023\/03\/R6W_3829_VenusFive_ro-391x260.jpg 391w, https:\/\/www.asemer.ro\/wp-content\/uploads\/2023\/03\/R6W_3829_VenusFive_ro-1536x1024.jpg 1536w, https:\/\/www.asemer.ro\/wp-content\/uploads\/2023\/03\/R6W_3829_VenusFive_ro-720x480.jpg 720w, https:\/\/www.asemer.ro\/wp-content\/uploads\/2023\/03\/R6W_3829_VenusFive_ro-272x182.jpg 272w, https:\/\/www.asemer.ro\/wp-content\/uploads\/2023\/03\/R6W_3829_VenusFive_ro.jpg 2048w\" sizes=\"auto, (max-width: 512px) 100vw, 512px\" \/><\/figure>\n<\/div>\n\n\n<p><strong>\u00bfQu\u00e9 le trajo a Ruman\u00eda?<\/strong><\/p>\n\n\n\n<p>Cumpl\u00eda los treinta a\u00f1os y decid\u00ed establecerme en Ruman\u00eda persuadido por la relaci\u00f3n que manten\u00eda con mi mujer, a quien hab\u00eda conocido algunos a\u00f1os antes como estudiante erasmus en la Universidad de Padua, Italia. Fue ella quien me anim\u00f3 a venir, cuando en el 2005 comenzaban a llegar &#8211; por as\u00ed decirlo- los primeros inversores espa\u00f1oles. Desde el principio busqu\u00e9 trabajo como abogado, \u00e1mbito en el que ya ejerc\u00eda en Espa\u00f1a. Pronto consegu\u00ed ser parte de un despacho internacional, presente en Bucarest.<\/p>\n\n\n\n<p><strong>\u00bfCu\u00e1ndo decidi\u00f3 iniciar la actividad por su cuenta?<\/strong><\/p>\n\n\n\n<p>Despu\u00e9s de algunos a\u00f1os y haber ejercido como colaborador de varios despachos, donde adquir\u00ed conocimientos y experiencia, llegu\u00e9 a la convicci\u00f3n que mis servicios resultar\u00edan siempre de m\u00e1s ayuda al inversor espa\u00f1ol de forma independiente. En mi opini\u00f3n, los servicios que requieren la mayor parte de las empresas espa\u00f1olas con intereses en el pa\u00eds no necesitan de grandes despachos, que se prevalecen de su imagen corporativista para secar sus recursos.<\/p>\n\n\n\n<p><strong>\u00bfCu\u00e1les han sido sus mayores apoyos?<\/strong><\/p>\n\n\n\n<p>Por un lado, la confianza depositada por mis clientes, a los que siempre he servido con dedicaci\u00f3n y honestidad. Por el otro, pertenecer a una familia de abogados que aman su profesi\u00f3n. Mi mujer, mi suegro y yo, lo somos. Adrian Negutu, con quien he formado equipo desde que empec\u00e9 mi actividad de forma independiente, ha sido para m\u00ed un verdadero mentor y a \u00e9l le  debo el mayor de los reconocimientos.<\/p>\n\n\n\n<p><strong>\u00bfC\u00f3mo adapt\u00f3 sus conocimientos a la realidad del pa\u00eds?<\/strong><\/p>\n\n\n\n<p>La realidad normativa del pa\u00eds es muy parecida a la espa\u00f1ola, influenciadas ambas por una similar tradici\u00f3n civil, as\u00ed como, por las tendencias del derecho mercantil moderno, mayormente de corte anglosaj\u00f3n. A pesar de eso, reconozco que, m\u00e1s que adaptarme, siempre he aprendido. El ejercicio de la profesi\u00f3n de abogado exige un conocimiento pr\u00e1ctico de la realidad del pa\u00eds y de sus instituciones, lo cual s\u00f3lo se adquiere con trabajo, experiencia y tiempo. A lo largo de todos estos a\u00f1os son muchas las cosas que me han sorprendido, a la vez que otras me decepcionan; las primeras, por el extraordinario sentido pr\u00e1ctico de los rumanos; en los dem\u00e1s casos, quiz\u00e1s por su exceso.<\/p>\n\n\n\n<p><strong>\u00bfCu\u00e1les han sido sus principales actuaciones como abogado en Ruman\u00eda?<\/strong><\/p>\n\n\n\n<p>Mis inicios en la profesi\u00f3n en Ruman\u00eda estuvieron muy ligados al asesoramiento en la inversi\u00f3n inmobiliaria y a la constituci\u00f3n y funcionamiento de las sociedades mercantiles; sociedades de responsabilidad limitada. Por entonces hab\u00eda muchas empresas espa\u00f1olas que buscaban invertir en el mercado inmobiliario y no s\u00f3lo requer\u00edan de asesoramiento sobre t\u00edtulos de propiedad y<\/p>\n\n\n<div class=\"wp-block-image\">\n<figure class=\"alignleft size-large is-resized\"><img loading=\"lazy\" decoding=\"async\" src=\"https:\/\/www.asemer.ro\/wp-content\/uploads\/2023\/03\/R6W_3717_VenusFive_ro-1024x683.jpg\" alt=\"\" class=\"wp-image-8126\" width=\"512\" height=\"342\" srcset=\"https:\/\/www.asemer.ro\/wp-content\/uploads\/2023\/03\/R6W_3717_VenusFive_ro-1024x683.jpg 1024w, https:\/\/www.asemer.ro\/wp-content\/uploads\/2023\/03\/R6W_3717_VenusFive_ro-300x200.jpg 300w, https:\/\/www.asemer.ro\/wp-content\/uploads\/2023\/03\/R6W_3717_VenusFive_ro-768x512.jpg 768w, https:\/\/www.asemer.ro\/wp-content\/uploads\/2023\/03\/R6W_3717_VenusFive_ro-391x260.jpg 391w, https:\/\/www.asemer.ro\/wp-content\/uploads\/2023\/03\/R6W_3717_VenusFive_ro-1536x1024.jpg 1536w, https:\/\/www.asemer.ro\/wp-content\/uploads\/2023\/03\/R6W_3717_VenusFive_ro-720x480.jpg 720w, https:\/\/www.asemer.ro\/wp-content\/uploads\/2023\/03\/R6W_3717_VenusFive_ro-272x182.jpg 272w, https:\/\/www.asemer.ro\/wp-content\/uploads\/2023\/03\/R6W_3717_VenusFive_ro.jpg 2048w\" sizes=\"auto, (max-width: 512px) 100vw, 512px\" \/><\/figure>\n<\/div>\n\n\n<p>contratos, sino tambi\u00e9n de asesoramiento para la constituci\u00f3n y funcionamiento de las sociedades que constitu\u00edan. Ambas actividades han sido para m\u00ed una constante de mi actividad profesional.<\/p>\n\n\n\n<p>Tambi\u00e9n la representaci\u00f3n de intereses ante los tribunales de justicia ha constituido un aspecto principal de mi actividad. Me alegro de haber adquirido a trav\u00e9s de todos estos a\u00f1os una dilatada experiencia de representaci\u00f3n en procedimientos judiciales tanto para la reclamaci\u00f3n de impagos, como para la denuncia de contratos, o en insolvencias. En este \u00faltimo \u00e1mbito, se\u00f1alo estar autorizado desde 2021 como administrador judicial por la Uni\u00f3n de Administradores Concursales de Ruman\u00eda-UNPIR.<\/p>\n\n\n\n<p>\u00bf<strong>A qu\u00e9 tipo de cliente est\u00e1 enfocado su bufete?<\/strong><\/p>\n\n\n\n<p>Mi vocaci\u00f3n natural y ambici\u00f3n es el cliente espa\u00f1ol, empresa; es a quien mejor puedo servir y con quien m\u00e1s c\u00f3modo me siento. No obstante, como profesional ofrezco mis servicios a todos aquellos que me lo solicitan.<\/p>\n\n\n\n<p><strong>\u00bfAlguna an\u00e9cdota?<\/strong><\/p>\n\n\n\n<p>Hay una situaci\u00f3n que me ocurri\u00f3 hace algunos a\u00f1os que guardo con cierto cari\u00f1o en mi memoria y es la siguiente. Estando dentro de la sala de un tribunal a la espera del juicio, no habiendo mediado palabra con nadie, el presidente de la sala me reprocho haber hablado y me orden\u00f3 esperar fuera hasta que llegara mi momento. Tragu\u00e9 mi orgullo y sal\u00ed como me ped\u00eda. M\u00e1s tarde, en una de las vistas que se sucedieron en esa misma causa, el juez orden\u00f3 a mi solicitud y contra todo pron\u00f3stico, la realizaci\u00f3n de un nuevo informe pericial por considerar las conclusiones presentadas excesivamente partidista. Aunque en justicia considero que hizo lo correcto, siempre he considerado que fue la forma en que me devolvi\u00f3 la moneda.<\/p>\n\n\n\n<p>Le agradcemos su participaci\u00f3n y le deseamos much\u00edsima suerte para el futuro.<\/p>\n","protected":false},"excerpt":{"rendered":"<p>Este mes de febrero cumple Emilio Luque 15 a\u00f1os de ejercicio independiente de la profesi\u00f3n de abogado en Ruman\u00eda y [&hellip;]<\/p>\n","protected":false},"author":3,"featured_media":0,"comment_status":"open","ping_status":"open","sticky":false,"template":"","format":"standard","meta":{"footnotes":""},"categories":[1],"tags":[],"class_list":["post-8123","post","type-post","status-publish","format-standard","hentry","category-uncategorized"],"yoast_head":"<!-- This site is optimized with the Yoast SEO plugin v27.5 - https:\/\/yoast.com\/product\/yoast-seo-wordpress\/ -->\n<title>Entrevista a Emilio Luque, abogado por 15 a\u00f1os de ejercicio independiente de la profesi\u00f3n en Ruman\u00eda. - ASEMER<\/title>\n<meta name=\"robots\" content=\"index, follow, max-snippet:-1, max-image-preview:large, max-video-preview:-1\" \/>\n<link rel=\"canonical\" href=\"https:\/\/www.asemer.ro\/index.php\/2023\/02\/28\/entrevista-a-emilio-luque-abogado-por-15-anos-de-ejercicio-independiente-de-la-profesion-en-rumania\/\" \/>\n<meta property=\"og:locale\" content=\"es_ES\" \/>\n<meta property=\"og:type\" content=\"article\" \/>\n<meta property=\"og:title\" content=\"Entrevista a Emilio Luque, abogado por 15 a\u00f1os de ejercicio independiente de la profesi\u00f3n en Ruman\u00eda. - ASEMER\" \/>\n<meta property=\"og:description\" content=\"Este mes de febrero cumple Emilio Luque 15 a\u00f1os de ejercicio independiente de la profesi\u00f3n de abogado en Ruman\u00eda y [&hellip;]\" \/>\n<meta property=\"og:url\" content=\"https:\/\/www.asemer.ro\/index.php\/2023\/02\/28\/entrevista-a-emilio-luque-abogado-por-15-anos-de-ejercicio-independiente-de-la-profesion-en-rumania\/\" \/>\n<meta property=\"og:site_name\" content=\"ASEMER\" \/>\n<meta property=\"article:publisher\" content=\"https:\/\/www.facebook.com\/asociacionasemer\" \/>\n<meta property=\"article:published_time\" content=\"2023-02-28T08:23:43+00:00\" \/>\n<meta property=\"article:modified_time\" content=\"2023-03-01T09:46:19+00:00\" \/>\n<meta property=\"og:image\" content=\"https:\/\/www.asemer.ro\/wp-content\/uploads\/2023\/03\/R6W_3829_VenusFive_ro-1024x683.jpg\" \/>\n<meta name=\"author\" content=\"Admin Asemer\" \/>\n<meta name=\"twitter:card\" content=\"summary_large_image\" \/>\n<meta name=\"twitter:creator\" content=\"@asemer_rumania\" \/>\n<meta name=\"twitter:site\" content=\"@asemer_rumania\" \/>\n<meta name=\"twitter:label1\" content=\"Escrito por\" \/>\n\t<meta name=\"twitter:data1\" content=\"Admin Asemer\" \/>\n\t<meta name=\"twitter:label2\" content=\"Tiempo de lectura\" \/>\n\t<meta name=\"twitter:data2\" content=\"4 minutos\" \/>\n<script type=\"application\/ld+json\" class=\"yoast-schema-graph\">{\"@context\":\"https:\\\/\\\/schema.org\",\"@graph\":[{\"@type\":\"Article\",\"@id\":\"https:\\\/\\\/www.asemer.ro\\\/index.php\\\/2023\\\/02\\\/28\\\/entrevista-a-emilio-luque-abogado-por-15-anos-de-ejercicio-independiente-de-la-profesion-en-rumania\\\/#article\",\"isPartOf\":{\"@id\":\"https:\\\/\\\/www.asemer.ro\\\/index.php\\\/2023\\\/02\\\/28\\\/entrevista-a-emilio-luque-abogado-por-15-anos-de-ejercicio-independiente-de-la-profesion-en-rumania\\\/\"},\"author\":{\"name\":\"Admin Asemer\",\"@id\":\"https:\\\/\\\/www.asemer.ro\\\/#\\\/schema\\\/person\\\/36de47e444c0f1a7b737a035d40519f9\"},\"headline\":\"Entrevista a Emilio Luque, abogado por 15 a\u00f1os de ejercicio independiente de la profesi\u00f3n en Ruman\u00eda.\",\"datePublished\":\"2023-02-28T08:23:43+00:00\",\"dateModified\":\"2023-03-01T09:46:19+00:00\",\"mainEntityOfPage\":{\"@id\":\"https:\\\/\\\/www.asemer.ro\\\/index.php\\\/2023\\\/02\\\/28\\\/entrevista-a-emilio-luque-abogado-por-15-anos-de-ejercicio-independiente-de-la-profesion-en-rumania\\\/\"},\"wordCount\":881,\"commentCount\":0,\"publisher\":{\"@id\":\"https:\\\/\\\/www.asemer.ro\\\/#organization\"},\"image\":{\"@id\":\"https:\\\/\\\/www.asemer.ro\\\/index.php\\\/2023\\\/02\\\/28\\\/entrevista-a-emilio-luque-abogado-por-15-anos-de-ejercicio-independiente-de-la-profesion-en-rumania\\\/#primaryimage\"},\"thumbnailUrl\":\"https:\\\/\\\/www.asemer.ro\\\/wp-content\\\/uploads\\\/2023\\\/03\\\/R6W_3829_VenusFive_ro-1024x683.jpg\",\"articleSection\":[\"Uncategorized\"],\"inLanguage\":\"es\",\"potentialAction\":[{\"@type\":\"CommentAction\",\"name\":\"Comment\",\"target\":[\"https:\\\/\\\/www.asemer.ro\\\/index.php\\\/2023\\\/02\\\/28\\\/entrevista-a-emilio-luque-abogado-por-15-anos-de-ejercicio-independiente-de-la-profesion-en-rumania\\\/#respond\"]}]},{\"@type\":\"WebPage\",\"@id\":\"https:\\\/\\\/www.asemer.ro\\\/index.php\\\/2023\\\/02\\\/28\\\/entrevista-a-emilio-luque-abogado-por-15-anos-de-ejercicio-independiente-de-la-profesion-en-rumania\\\/\",\"url\":\"https:\\\/\\\/www.asemer.ro\\\/index.php\\\/2023\\\/02\\\/28\\\/entrevista-a-emilio-luque-abogado-por-15-anos-de-ejercicio-independiente-de-la-profesion-en-rumania\\\/\",\"name\":\"Entrevista a Emilio Luque, abogado por 15 a\u00f1os de ejercicio independiente de la profesi\u00f3n en Ruman\u00eda. - ASEMER\",\"isPartOf\":{\"@id\":\"https:\\\/\\\/www.asemer.ro\\\/#website\"},\"primaryImageOfPage\":{\"@id\":\"https:\\\/\\\/www.asemer.ro\\\/index.php\\\/2023\\\/02\\\/28\\\/entrevista-a-emilio-luque-abogado-por-15-anos-de-ejercicio-independiente-de-la-profesion-en-rumania\\\/#primaryimage\"},\"image\":{\"@id\":\"https:\\\/\\\/www.asemer.ro\\\/index.php\\\/2023\\\/02\\\/28\\\/entrevista-a-emilio-luque-abogado-por-15-anos-de-ejercicio-independiente-de-la-profesion-en-rumania\\\/#primaryimage\"},\"thumbnailUrl\":\"https:\\\/\\\/www.asemer.ro\\\/wp-content\\\/uploads\\\/2023\\\/03\\\/R6W_3829_VenusFive_ro-1024x683.jpg\",\"datePublished\":\"2023-02-28T08:23:43+00:00\",\"dateModified\":\"2023-03-01T09:46:19+00:00\",\"breadcrumb\":{\"@id\":\"https:\\\/\\\/www.asemer.ro\\\/index.php\\\/2023\\\/02\\\/28\\\/entrevista-a-emilio-luque-abogado-por-15-anos-de-ejercicio-independiente-de-la-profesion-en-rumania\\\/#breadcrumb\"},\"inLanguage\":\"es\",\"potentialAction\":[{\"@type\":\"ReadAction\",\"target\":[\"https:\\\/\\\/www.asemer.ro\\\/index.php\\\/2023\\\/02\\\/28\\\/entrevista-a-emilio-luque-abogado-por-15-anos-de-ejercicio-independiente-de-la-profesion-en-rumania\\\/\"]}]},{\"@type\":\"ImageObject\",\"inLanguage\":\"es\",\"@id\":\"https:\\\/\\\/www.asemer.ro\\\/index.php\\\/2023\\\/02\\\/28\\\/entrevista-a-emilio-luque-abogado-por-15-anos-de-ejercicio-independiente-de-la-profesion-en-rumania\\\/#primaryimage\",\"url\":\"https:\\\/\\\/www.asemer.ro\\\/wp-content\\\/uploads\\\/2023\\\/03\\\/R6W_3829_VenusFive_ro.jpg\",\"contentUrl\":\"https:\\\/\\\/www.asemer.ro\\\/wp-content\\\/uploads\\\/2023\\\/03\\\/R6W_3829_VenusFive_ro.jpg\",\"width\":2048,\"height\":1365},{\"@type\":\"BreadcrumbList\",\"@id\":\"https:\\\/\\\/www.asemer.ro\\\/index.php\\\/2023\\\/02\\\/28\\\/entrevista-a-emilio-luque-abogado-por-15-anos-de-ejercicio-independiente-de-la-profesion-en-rumania\\\/#breadcrumb\",\"itemListElement\":[{\"@type\":\"ListItem\",\"position\":1,\"name\":\"Home\",\"item\":\"https:\\\/\\\/www.asemer.ro\\\/\"},{\"@type\":\"ListItem\",\"position\":2,\"name\":\"Entrevista a Emilio Luque, abogado por 15 a\u00f1os de ejercicio independiente de la profesi\u00f3n en Ruman\u00eda.\"}]},{\"@type\":\"WebSite\",\"@id\":\"https:\\\/\\\/www.asemer.ro\\\/#website\",\"url\":\"https:\\\/\\\/www.asemer.ro\\\/\",\"name\":\"ASEMER\",\"description\":\"Asociaci\u00f3n de Empresas Espa\u00f1olas en Ruman\u00eda\",\"publisher\":{\"@id\":\"https:\\\/\\\/www.asemer.ro\\\/#organization\"},\"potentialAction\":[{\"@type\":\"SearchAction\",\"target\":{\"@type\":\"EntryPoint\",\"urlTemplate\":\"https:\\\/\\\/www.asemer.ro\\\/?s={search_term_string}\"},\"query-input\":{\"@type\":\"PropertyValueSpecification\",\"valueRequired\":true,\"valueName\":\"search_term_string\"}}],\"inLanguage\":\"es\"},{\"@type\":\"Organization\",\"@id\":\"https:\\\/\\\/www.asemer.ro\\\/#organization\",\"name\":\"ASEMER\",\"url\":\"https:\\\/\\\/www.asemer.ro\\\/\",\"logo\":{\"@type\":\"ImageObject\",\"inLanguage\":\"es\",\"@id\":\"https:\\\/\\\/www.asemer.ro\\\/#\\\/schema\\\/logo\\\/image\\\/\",\"url\":\"https:\\\/\\\/www.asemer.ro\\\/wp-content\\\/uploads\\\/2020\\\/12\\\/logo-ASEMER-scaled.jpg\",\"contentUrl\":\"https:\\\/\\\/www.asemer.ro\\\/wp-content\\\/uploads\\\/2020\\\/12\\\/logo-ASEMER-scaled.jpg\",\"width\":2560,\"height\":849,\"caption\":\"ASEMER\"},\"image\":{\"@id\":\"https:\\\/\\\/www.asemer.ro\\\/#\\\/schema\\\/logo\\\/image\\\/\"},\"sameAs\":[\"https:\\\/\\\/www.facebook.com\\\/asociacionasemer\",\"https:\\\/\\\/x.com\\\/asemer_rumania\",\"https:\\\/\\\/ro.linkedin.com\\\/in\\\/asemer-asociaci\u00f3n-empresas-espa\u00f1olas-en-ruman\u00eda-724772a6?trk=author_mini-profile_title\",\"https:\\\/\\\/www.youtube.com\\\/channel\\\/UC73m8-BDsg857OL0Ogv5aQA\\\/videos\"]},{\"@type\":\"Person\",\"@id\":\"https:\\\/\\\/www.asemer.ro\\\/#\\\/schema\\\/person\\\/36de47e444c0f1a7b737a035d40519f9\",\"name\":\"Admin Asemer\",\"image\":{\"@type\":\"ImageObject\",\"inLanguage\":\"es\",\"@id\":\"https:\\\/\\\/secure.gravatar.com\\\/avatar\\\/b64873d65b5be684e01a001c464789c445a7279ef3f177f5fbff5d83eb373299?s=96&d=mm&r=g\",\"url\":\"https:\\\/\\\/secure.gravatar.com\\\/avatar\\\/b64873d65b5be684e01a001c464789c445a7279ef3f177f5fbff5d83eb373299?s=96&d=mm&r=g\",\"contentUrl\":\"https:\\\/\\\/secure.gravatar.com\\\/avatar\\\/b64873d65b5be684e01a001c464789c445a7279ef3f177f5fbff5d83eb373299?s=96&d=mm&r=g\",\"caption\":\"Admin Asemer\"},\"url\":\"https:\\\/\\\/www.asemer.ro\\\/index.php\\\/author\\\/admin\\\/\"}]}<\/script>\n<!-- \/ Yoast SEO plugin. -->","yoast_head_json":{"title":"Entrevista a Emilio Luque, abogado por 15 a\u00f1os de ejercicio independiente de la profesi\u00f3n en Ruman\u00eda. - ASEMER","robots":{"index":"index","follow":"follow","max-snippet":"max-snippet:-1","max-image-preview":"max-image-preview:large","max-video-preview":"max-video-preview:-1"},"canonical":"https:\/\/www.asemer.ro\/index.php\/2023\/02\/28\/entrevista-a-emilio-luque-abogado-por-15-anos-de-ejercicio-independiente-de-la-profesion-en-rumania\/","og_locale":"es_ES","og_type":"article","og_title":"Entrevista a Emilio Luque, abogado por 15 a\u00f1os de ejercicio independiente de la profesi\u00f3n en Ruman\u00eda. - ASEMER","og_description":"Este mes de febrero cumple Emilio Luque 15 a\u00f1os de ejercicio independiente de la profesi\u00f3n de abogado en Ruman\u00eda y [&hellip;]","og_url":"https:\/\/www.asemer.ro\/index.php\/2023\/02\/28\/entrevista-a-emilio-luque-abogado-por-15-anos-de-ejercicio-independiente-de-la-profesion-en-rumania\/","og_site_name":"ASEMER","article_publisher":"https:\/\/www.facebook.com\/asociacionasemer","article_published_time":"2023-02-28T08:23:43+00:00","article_modified_time":"2023-03-01T09:46:19+00:00","og_image":[{"url":"https:\/\/www.asemer.ro\/wp-content\/uploads\/2023\/03\/R6W_3829_VenusFive_ro-1024x683.jpg","type":"","width":"","height":""}],"author":"Admin Asemer","twitter_card":"summary_large_image","twitter_creator":"@asemer_rumania","twitter_site":"@asemer_rumania","twitter_misc":{"Escrito por":"Admin Asemer","Tiempo de lectura":"4 minutos"},"schema":{"@context":"https:\/\/schema.org","@graph":[{"@type":"Article","@id":"https:\/\/www.asemer.ro\/index.php\/2023\/02\/28\/entrevista-a-emilio-luque-abogado-por-15-anos-de-ejercicio-independiente-de-la-profesion-en-rumania\/#article","isPartOf":{"@id":"https:\/\/www.asemer.ro\/index.php\/2023\/02\/28\/entrevista-a-emilio-luque-abogado-por-15-anos-de-ejercicio-independiente-de-la-profesion-en-rumania\/"},"author":{"name":"Admin Asemer","@id":"https:\/\/www.asemer.ro\/#\/schema\/person\/36de47e444c0f1a7b737a035d40519f9"},"headline":"Entrevista a Emilio Luque, abogado por 15 a\u00f1os de ejercicio independiente de la profesi\u00f3n en Ruman\u00eda.","datePublished":"2023-02-28T08:23:43+00:00","dateModified":"2023-03-01T09:46:19+00:00","mainEntityOfPage":{"@id":"https:\/\/www.asemer.ro\/index.php\/2023\/02\/28\/entrevista-a-emilio-luque-abogado-por-15-anos-de-ejercicio-independiente-de-la-profesion-en-rumania\/"},"wordCount":881,"commentCount":0,"publisher":{"@id":"https:\/\/www.asemer.ro\/#organization"},"image":{"@id":"https:\/\/www.asemer.ro\/index.php\/2023\/02\/28\/entrevista-a-emilio-luque-abogado-por-15-anos-de-ejercicio-independiente-de-la-profesion-en-rumania\/#primaryimage"},"thumbnailUrl":"https:\/\/www.asemer.ro\/wp-content\/uploads\/2023\/03\/R6W_3829_VenusFive_ro-1024x683.jpg","articleSection":["Uncategorized"],"inLanguage":"es","potentialAction":[{"@type":"CommentAction","name":"Comment","target":["https:\/\/www.asemer.ro\/index.php\/2023\/02\/28\/entrevista-a-emilio-luque-abogado-por-15-anos-de-ejercicio-independiente-de-la-profesion-en-rumania\/#respond"]}]},{"@type":"WebPage","@id":"https:\/\/www.asemer.ro\/index.php\/2023\/02\/28\/entrevista-a-emilio-luque-abogado-por-15-anos-de-ejercicio-independiente-de-la-profesion-en-rumania\/","url":"https:\/\/www.asemer.ro\/index.php\/2023\/02\/28\/entrevista-a-emilio-luque-abogado-por-15-anos-de-ejercicio-independiente-de-la-profesion-en-rumania\/","name":"Entrevista a Emilio Luque, abogado por 15 a\u00f1os de ejercicio independiente de la profesi\u00f3n en Ruman\u00eda. - ASEMER","isPartOf":{"@id":"https:\/\/www.asemer.ro\/#website"},"primaryImageOfPage":{"@id":"https:\/\/www.asemer.ro\/index.php\/2023\/02\/28\/entrevista-a-emilio-luque-abogado-por-15-anos-de-ejercicio-independiente-de-la-profesion-en-rumania\/#primaryimage"},"image":{"@id":"https:\/\/www.asemer.ro\/index.php\/2023\/02\/28\/entrevista-a-emilio-luque-abogado-por-15-anos-de-ejercicio-independiente-de-la-profesion-en-rumania\/#primaryimage"},"thumbnailUrl":"https:\/\/www.asemer.ro\/wp-content\/uploads\/2023\/03\/R6W_3829_VenusFive_ro-1024x683.jpg","datePublished":"2023-02-28T08:23:43+00:00","dateModified":"2023-03-01T09:46:19+00:00","breadcrumb":{"@id":"https:\/\/www.asemer.ro\/index.php\/2023\/02\/28\/entrevista-a-emilio-luque-abogado-por-15-anos-de-ejercicio-independiente-de-la-profesion-en-rumania\/#breadcrumb"},"inLanguage":"es","potentialAction":[{"@type":"ReadAction","target":["https:\/\/www.asemer.ro\/index.php\/2023\/02\/28\/entrevista-a-emilio-luque-abogado-por-15-anos-de-ejercicio-independiente-de-la-profesion-en-rumania\/"]}]},{"@type":"ImageObject","inLanguage":"es","@id":"https:\/\/www.asemer.ro\/index.php\/2023\/02\/28\/entrevista-a-emilio-luque-abogado-por-15-anos-de-ejercicio-independiente-de-la-profesion-en-rumania\/#primaryimage","url":"https:\/\/www.asemer.ro\/wp-content\/uploads\/2023\/03\/R6W_3829_VenusFive_ro.jpg","contentUrl":"https:\/\/www.asemer.ro\/wp-content\/uploads\/2023\/03\/R6W_3829_VenusFive_ro.jpg","width":2048,"height":1365},{"@type":"BreadcrumbList","@id":"https:\/\/www.asemer.ro\/index.php\/2023\/02\/28\/entrevista-a-emilio-luque-abogado-por-15-anos-de-ejercicio-independiente-de-la-profesion-en-rumania\/#breadcrumb","itemListElement":[{"@type":"ListItem","position":1,"name":"Home","item":"https:\/\/www.asemer.ro\/"},{"@type":"ListItem","position":2,"name":"Entrevista a Emilio Luque, abogado por 15 a\u00f1os de ejercicio independiente de la profesi\u00f3n en Ruman\u00eda."}]},{"@type":"WebSite","@id":"https:\/\/www.asemer.ro\/#website","url":"https:\/\/www.asemer.ro\/","name":"ASEMER","description":"Asociaci\u00f3n de Empresas Espa\u00f1olas en Ruman\u00eda","publisher":{"@id":"https:\/\/www.asemer.ro\/#organization"},"potentialAction":[{"@type":"SearchAction","target":{"@type":"EntryPoint","urlTemplate":"https:\/\/www.asemer.ro\/?s={search_term_string}"},"query-input":{"@type":"PropertyValueSpecification","valueRequired":true,"valueName":"search_term_string"}}],"inLanguage":"es"},{"@type":"Organization","@id":"https:\/\/www.asemer.ro\/#organization","name":"ASEMER","url":"https:\/\/www.asemer.ro\/","logo":{"@type":"ImageObject","inLanguage":"es","@id":"https:\/\/www.asemer.ro\/#\/schema\/logo\/image\/","url":"https:\/\/www.asemer.ro\/wp-content\/uploads\/2020\/12\/logo-ASEMER-scaled.jpg","contentUrl":"https:\/\/www.asemer.ro\/wp-content\/uploads\/2020\/12\/logo-ASEMER-scaled.jpg","width":2560,"height":849,"caption":"ASEMER"},"image":{"@id":"https:\/\/www.asemer.ro\/#\/schema\/logo\/image\/"},"sameAs":["https:\/\/www.facebook.com\/asociacionasemer","https:\/\/x.com\/asemer_rumania","https:\/\/ro.linkedin.com\/in\/asemer-asociaci\u00f3n-empresas-espa\u00f1olas-en-ruman\u00eda-724772a6?trk=author_mini-profile_title","https:\/\/www.youtube.com\/channel\/UC73m8-BDsg857OL0Ogv5aQA\/videos"]},{"@type":"Person","@id":"https:\/\/www.asemer.ro\/#\/schema\/person\/36de47e444c0f1a7b737a035d40519f9","name":"Admin Asemer","image":{"@type":"ImageObject","inLanguage":"es","@id":"https:\/\/secure.gravatar.com\/avatar\/b64873d65b5be684e01a001c464789c445a7279ef3f177f5fbff5d83eb373299?s=96&d=mm&r=g","url":"https:\/\/secure.gravatar.com\/avatar\/b64873d65b5be684e01a001c464789c445a7279ef3f177f5fbff5d83eb373299?s=96&d=mm&r=g","contentUrl":"https:\/\/secure.gravatar.com\/avatar\/b64873d65b5be684e01a001c464789c445a7279ef3f177f5fbff5d83eb373299?s=96&d=mm&r=g","caption":"Admin Asemer"},"url":"https:\/\/www.asemer.ro\/index.php\/author\/admin\/"}]}},"_links":{"self":[{"href":"https:\/\/www.asemer.ro\/index.php\/wp-json\/wp\/v2\/posts\/8123","targetHints":{"allow":["GET"]}}],"collection":[{"href":"https:\/\/www.asemer.ro\/index.php\/wp-json\/wp\/v2\/posts"}],"about":[{"href":"https:\/\/www.asemer.ro\/index.php\/wp-json\/wp\/v2\/types\/post"}],"author":[{"embeddable":true,"href":"https:\/\/www.asemer.ro\/index.php\/wp-json\/wp\/v2\/users\/3"}],"replies":[{"embeddable":true,"href":"https:\/\/www.asemer.ro\/index.php\/wp-json\/wp\/v2\/comments?post=8123"}],"version-history":[{"count":4,"href":"https:\/\/www.asemer.ro\/index.php\/wp-json\/wp\/v2\/posts\/8123\/revisions"}],"predecessor-version":[{"id":8130,"href":"https:\/\/www.asemer.ro\/index.php\/wp-json\/wp\/v2\/posts\/8123\/revisions\/8130"}],"wp:attachment":[{"href":"https:\/\/www.asemer.ro\/index.php\/wp-json\/wp\/v2\/media?parent=8123"}],"wp:term":[{"taxonomy":"category","embeddable":true,"href":"https:\/\/www.asemer.ro\/index.php\/wp-json\/wp\/v2\/categories?post=8123"},{"taxonomy":"post_tag","embeddable":true,"href":"https:\/\/www.asemer.ro\/index.php\/wp-json\/wp\/v2\/tags?post=8123"}],"curies":[{"name":"wp","href":"https:\/\/api.w.org\/{rel}","templated":true}]}}