{"id":8142,"date":"2023-03-31T11:24:00","date_gmt":"2023-03-31T09:24:00","guid":{"rendered":"https:\/\/www.asemer.ro\/?p=8142"},"modified":"2023-03-31T11:24:09","modified_gmt":"2023-03-31T09:24:09","slug":"entrevista-al-senor-bogdan-badescu-consejero-para-asuntos-economicos","status":"publish","type":"post","link":"https:\/\/www.asemer.ro\/index.php\/2023\/03\/31\/entrevista-al-senor-bogdan-badescu-consejero-para-asuntos-economicos\/","title":{"rendered":"entrevista al se\u00f1or bogdan badescu, consejero para asuntos ec\u00f3nomicos"},"content":{"rendered":"\n<p><strong>\u00bfPodr\u00eda decirnos su nombre y el cargo que ocupa, porfavor?<\/strong><\/p>\n\n\n<div class=\"wp-block-image\">\n<figure class=\"alignleft size-large is-resized\"><img loading=\"lazy\" decoding=\"async\" src=\"https:\/\/www.asemer.ro\/wp-content\/uploads\/2023\/03\/IMG_9471Bogdan-2-1-847x1024.jpg\" alt=\"\" class=\"wp-image-8144\" width=\"424\" height=\"512\" srcset=\"https:\/\/www.asemer.ro\/wp-content\/uploads\/2023\/03\/IMG_9471Bogdan-2-1-847x1024.jpg 847w, https:\/\/www.asemer.ro\/wp-content\/uploads\/2023\/03\/IMG_9471Bogdan-2-1-248x300.jpg 248w, https:\/\/www.asemer.ro\/wp-content\/uploads\/2023\/03\/IMG_9471Bogdan-2-1-768x929.jpg 768w, https:\/\/www.asemer.ro\/wp-content\/uploads\/2023\/03\/IMG_9471Bogdan-2-1-635x768.jpg 635w, https:\/\/www.asemer.ro\/wp-content\/uploads\/2023\/03\/IMG_9471Bogdan-2-1-1270x1536.jpg 1270w, https:\/\/www.asemer.ro\/wp-content\/uploads\/2023\/03\/IMG_9471Bogdan-2-1-1693x2048.jpg 1693w, https:\/\/www.asemer.ro\/wp-content\/uploads\/2023\/03\/IMG_9471Bogdan-2-1-720x871.jpg 720w\" sizes=\"auto, (max-width: 424px) 100vw, 424px\" \/><\/figure>\n<\/div>\n\n\n<p>Mi nombre es Bogdan Badescu y mi cargo es el de Consejero Econ\u00f3mico en la Oficina Econ\u00f3mica y Comercial de Madrid &#8211; Embajada de Ruman\u00eda en Espa\u00f1a.<\/p>\n\n\n\n<p><strong>\u00bfPodr\u00eda hablarnos sobre su experiencia profesional?<\/strong><\/p>\n\n\n\n<p>Hace 13 a\u00f1os que me dedico a la diplomacia econ\u00f3mica y durante este tiempo he tenido la gran oportunidad y el honor de representar mi pa\u00eds en Suecia, en nuestra Embajada en Estocolmo y posteriormente en Espa\u00f1a, en Barcelona y ahora en Madrid.<\/p>\n\n\n\n<p> &nbsp;<strong>\u00bfPodr\u00eda describir su trabajo? \u00bfA qui\u00e9n se dirige?<\/strong><\/p>\n\n\n\n<p>Dentro de las responsabilidades de la Oficina para la Promoci\u00f3n Econ\u00f3mica y Comercial de la Embajada, un lugar importante lo ocupa el apoyo a la internacionalizaci\u00f3n de empresas rumanas en Espa\u00f1a, as\u00ed como el apoyo al desarrollo de proyectos de cooperaci\u00f3n rumano-espa\u00f1ola en el \u00e1mbito econ\u00f3mico o de las inversiones bilaterales, mediante:<\/p>\n\n\n\n<ul class=\"wp-block-list\"><li>promoci\u00f3n de la oferta exportadora rumana en el mercado espa\u00f1ol y de Ruman\u00eda como destino de inversiones entre las empresas espa\u00f1olas; llevamos a cabo, entre otras actividades, un programa sostenido de eventos en diferentes regiones de Espa\u00f1a, en cooperaci\u00f3n con partners locales (c\u00e1maras de comercio, organizaciones empresariales, etc.): foros empresariales con participaci\u00f3n institucional a alto nivel y jornadas y mesas redondas de presentaci\u00f3n de las oportunidades de negocio e inversi\u00f3n;<\/li><li>apoyo puntual a las empresas, tanto rumanas como espa\u00f1olas, en base a las solicitudes recibidas, b\u00fasqueda de potenciales socios y facilitaci\u00f3n de contactos directos entre fabricantes\/exportadores rumanos e importadores\/distribuidores espa\u00f1oles;<\/li><li>organizaci\u00f3n de misiones comerciales rumanas en Espa\u00f1a y reuniones con entidades pertinentes a nivel central y regional (c\u00e1maras de comercio, confederaciones de empresarios, etc.) y apoyo a la participaci\u00f3n de empresas rumanas en ferias internacionales en Espa\u00f1a;<\/li><li>asistencia a potenciales inversores espa\u00f1oles en Ruman\u00eda, por un lado, y a empresas rumanas interesadas de invertir en Espa\u00f1a, por otro.<\/li><\/ul>\n\n\n\n<p>Tambi\u00e9n mantenemos el di\u00e1logo institucional bilateral en el \u00e1mbito econ\u00f3mico, lo que nos permite facilitar la cooperaci\u00f3n y\/o las asociaciones entre instituciones rumanas y espa\u00f1olas en el \u00e1mbito econ\u00f3mico (acuerdos, memorandos de entendimiento, etc.) a la vez que estar informados sobre los aspectos econ\u00f3micos de inter\u00e9s para el desarrollo de la relaci\u00f3n bilateral.<\/p>\n\n\n\n<figure class=\"wp-block-image size-large is-resized\"><img loading=\"lazy\" decoding=\"async\" src=\"https:\/\/www.asemer.ro\/wp-content\/uploads\/2023\/03\/IMG_9368Bogdan-1024x656.jpg\" alt=\"\" class=\"wp-image-8145\" width=\"768\" height=\"492\" srcset=\"https:\/\/www.asemer.ro\/wp-content\/uploads\/2023\/03\/IMG_9368Bogdan-1024x656.jpg 1024w, https:\/\/www.asemer.ro\/wp-content\/uploads\/2023\/03\/IMG_9368Bogdan-300x192.jpg 300w, https:\/\/www.asemer.ro\/wp-content\/uploads\/2023\/03\/IMG_9368Bogdan-768x492.jpg 768w, https:\/\/www.asemer.ro\/wp-content\/uploads\/2023\/03\/IMG_9368Bogdan-1536x983.jpg 1536w, https:\/\/www.asemer.ro\/wp-content\/uploads\/2023\/03\/IMG_9368Bogdan-2048x1311.jpg 2048w, https:\/\/www.asemer.ro\/wp-content\/uploads\/2023\/03\/IMG_9368Bogdan-720x461.jpg 720w\" sizes=\"auto, (max-width: 768px) 100vw, 768px\" \/><\/figure>\n\n\n\n<p><strong>\u00bfQu\u00e9 nos podr\u00eda decir sobre el entorno empresarial de Ruman\u00eda? \u00bfC\u00f3mo cree que ha evolucionado el mercado rumano los \u00faltimos a\u00f1os?<\/strong><\/p>\n\n\n\n<p>Desde la entrada de Ruman\u00eda en la UE en 2007, el PIB rumano ha registrado valores negativos s\u00f3lo en 2009 y 2010, bajo el impacto de la crisis econ\u00f3mica y financiera mundial. En los \u00faltimos a\u00f1os, la econom\u00eda rumana ha crecido anualmente con tasas que van desde el 1,9% (en el 2012) hasta el 8,2% (en el 2017), situ\u00e1ndose constantemente entre los primeros pa\u00edses de la UE con el crecimiento econ\u00f3mico m\u00e1s r\u00e1pido. La adhesi\u00f3n a la UE ha beneficiado a Ruman\u00eda como parte del mercado interior com\u00fan, con libre comercio y ha facilitado el acceso a los mercados extracomunitarios, benefici\u00e1ndose de aranceles reducidos y el acceso a otros mercados, a trav\u00e9s de los tratados negociados por la UE en el marco de la pol\u00edtica comercial com\u00fan. Por \u00faltimo, pero no menos importante, los fondos europeos (fondos estructurales, fondos para el desarrollo rural, pagos directos en la agricultura) desempe\u00f1aron un papel importante en el desarrollo de las infraestructuras de transporte, el aumento de la competitividad de las empresas rumanas, el desarrollo rural y la reducci\u00f3n de los desequilibrios regionales internos. Todos estos factores han dejado su huella positiva en el desarrollo de Ruman\u00eda, y si nos referimos estrictamente a la econom\u00eda del pa\u00eds, ha sido significativa: el volumen del PIB de Ruman\u00eda ha aumentado un 80% desde la entrada del pa\u00eds en la UE.<\/p>\n\n\n\n<p>Por supuesto, en 2020 la econom\u00eda rumana se ha visto afectada por la crisis Covid-19. Sin embargo, el PIB rumano registr\u00f3 el menor declive de la UE, con solo un 3,7%, seguido de una recuperaci\u00f3n con unas tasas de crecimiento de 5,8% en 2021 y de 4,9% en 2022.<\/p>\n\n\n\n<p><strong><strong>\u00bf<\/strong> Podr\u00eda hablarnos  de las relaciones bilaterales entre  y Espa\u00f1a?<\/strong><\/p>\n\n\n\n<p>Los \u00faltimos 10 a\u00f1os han tra\u00eddo un notable desarrollo en la relaci\u00f3n econ\u00f3mica bilateral: el comercio bilateral aument\u00f3 un 240%, mientras que las inversiones espa\u00f1olas en Ruman\u00eda aumentaron un 54%. Actualmente, Espa\u00f1a es el 11\u00ba socio comercial de Ruman\u00eda, el 8\u00ba mercado de destino de las exportaciones rumanas de bienes y el 13\u00ba mercado de origen de las importaciones en Ruman\u00eda.<\/p>\n\n\n\n<p>Aunque el comercio bilateral disminuy\u00f3 en 2020 debido a la crisis causada por la pandemia, el a\u00f1o 2021 supuso la recuperaci\u00f3n del volumen de intercambios comerciales, mientras que el 2022 marc\u00f3 un nuevo r\u00e9cord hist\u00f3rico en la relaci\u00f3n bilateral alcanzando un nivel por encima de los 6 mil millones de euros, con un aumento espectacular respecto a 2021 (+30%). Tan importante como el valor de los intercambios es su estructura: m\u00e1s del 70% del comercio bilateral est\u00e1 representado por mercancias con alto valor a\u00f1adido (autom\u00f3viles, componentes \/ accesorios de automoci\u00f3n, equipos y materiales el\u00e9ctricos, productos de la industria qu\u00edmica, muebles, productos met\u00e1licos, productos de la industria \u00f3ptica).<\/p>\n\n\n\n<p>Por otro lado, Espa\u00f1a ocupa el 8\u00ba lugar en el top de inversores extranjeros en Ruman\u00eda, con un volumen total de capital invertido de 1.580 millones de euros en m\u00e1s de 6.600 empresas. Del total, m\u00e1s del 70% son inversiones en energ\u00eda, construcci\u00f3n y producci\u00f3n industrial.<\/p>\n\n\n\n<p><strong>Y por \u00faltimo pero no menos importante, \u00bfCree que a\u00fan existen oportunidades de negocio en el pa\u00eds y c\u00f3mo cree que se podr\u00edan aprovechar? &nbsp;<\/strong><\/p>\n\n\n\n<p>Estoy convencido de que las relaciones econ\u00f3micas bilaterales continuar\u00e1n la tendencia de crecimiento y las empresas espa\u00f1olas encontrar\u00e1n en Ruman\u00eda un mercado con potencial para expandir su actividad. Hay muchos sectores que ofrecen grandes oportunidades y un amplio potencial de cooperaci\u00f3n o inversiones.<\/p>\n","protected":false},"excerpt":{"rendered":"<p>\u00bfPodr\u00eda decirnos su nombre y el cargo que ocupa, porfavor? Mi nombre es Bogdan Badescu y mi cargo es el [&hellip;]<\/p>\n","protected":false},"author":3,"featured_media":0,"comment_status":"open","ping_status":"open","sticky":false,"template":"","format":"standard","meta":{"footnotes":""},"categories":[1],"tags":[],"class_list":["post-8142","post","type-post","status-publish","format-standard","hentry","category-uncategorized"],"yoast_head":"<!-- This site is optimized with the Yoast SEO plugin v27.5 - https:\/\/yoast.com\/product\/yoast-seo-wordpress\/ -->\n<title>entrevista al se\u00f1or bogdan badescu, consejero para asuntos ec\u00f3nomicos - ASEMER<\/title>\n<meta name=\"robots\" content=\"index, follow, max-snippet:-1, max-image-preview:large, max-video-preview:-1\" \/>\n<link rel=\"canonical\" href=\"https:\/\/www.asemer.ro\/index.php\/2023\/03\/31\/entrevista-al-senor-bogdan-badescu-consejero-para-asuntos-economicos\/\" \/>\n<meta property=\"og:locale\" content=\"es_ES\" \/>\n<meta property=\"og:type\" content=\"article\" \/>\n<meta property=\"og:title\" content=\"entrevista al se\u00f1or bogdan badescu, consejero para asuntos ec\u00f3nomicos - ASEMER\" \/>\n<meta property=\"og:description\" content=\"\u00bfPodr\u00eda decirnos su nombre y el cargo que ocupa, porfavor? Mi nombre es Bogdan Badescu y mi cargo es el [&hellip;]\" \/>\n<meta property=\"og:url\" content=\"https:\/\/www.asemer.ro\/index.php\/2023\/03\/31\/entrevista-al-senor-bogdan-badescu-consejero-para-asuntos-economicos\/\" \/>\n<meta property=\"og:site_name\" content=\"ASEMER\" \/>\n<meta property=\"article:publisher\" content=\"https:\/\/www.facebook.com\/asociacionasemer\" \/>\n<meta property=\"article:published_time\" content=\"2023-03-31T09:24:00+00:00\" \/>\n<meta property=\"article:modified_time\" content=\"2023-03-31T09:24:09+00:00\" \/>\n<meta property=\"og:image\" content=\"https:\/\/www.asemer.ro\/wp-content\/uploads\/2023\/03\/IMG_9471Bogdan-2-1-847x1024.jpg\" \/>\n<meta name=\"author\" content=\"Admin Asemer\" \/>\n<meta name=\"twitter:card\" content=\"summary_large_image\" \/>\n<meta name=\"twitter:creator\" content=\"@asemer_rumania\" \/>\n<meta name=\"twitter:site\" content=\"@asemer_rumania\" \/>\n<meta name=\"twitter:label1\" content=\"Escrito por\" \/>\n\t<meta name=\"twitter:data1\" content=\"Admin Asemer\" \/>\n\t<meta name=\"twitter:label2\" content=\"Tiempo de lectura\" \/>\n\t<meta name=\"twitter:data2\" content=\"5 minutos\" \/>\n<script type=\"application\/ld+json\" class=\"yoast-schema-graph\">{\"@context\":\"https:\\\/\\\/schema.org\",\"@graph\":[{\"@type\":\"Article\",\"@id\":\"https:\\\/\\\/www.asemer.ro\\\/index.php\\\/2023\\\/03\\\/31\\\/entrevista-al-senor-bogdan-badescu-consejero-para-asuntos-economicos\\\/#article\",\"isPartOf\":{\"@id\":\"https:\\\/\\\/www.asemer.ro\\\/index.php\\\/2023\\\/03\\\/31\\\/entrevista-al-senor-bogdan-badescu-consejero-para-asuntos-economicos\\\/\"},\"author\":{\"name\":\"Admin Asemer\",\"@id\":\"https:\\\/\\\/www.asemer.ro\\\/#\\\/schema\\\/person\\\/36de47e444c0f1a7b737a035d40519f9\"},\"headline\":\"entrevista al se\u00f1or bogdan badescu, consejero para asuntos ec\u00f3nomicos\",\"datePublished\":\"2023-03-31T09:24:00+00:00\",\"dateModified\":\"2023-03-31T09:24:09+00:00\",\"mainEntityOfPage\":{\"@id\":\"https:\\\/\\\/www.asemer.ro\\\/index.php\\\/2023\\\/03\\\/31\\\/entrevista-al-senor-bogdan-badescu-consejero-para-asuntos-economicos\\\/\"},\"wordCount\":1044,\"commentCount\":0,\"publisher\":{\"@id\":\"https:\\\/\\\/www.asemer.ro\\\/#organization\"},\"image\":{\"@id\":\"https:\\\/\\\/www.asemer.ro\\\/index.php\\\/2023\\\/03\\\/31\\\/entrevista-al-senor-bogdan-badescu-consejero-para-asuntos-economicos\\\/#primaryimage\"},\"thumbnailUrl\":\"https:\\\/\\\/www.asemer.ro\\\/wp-content\\\/uploads\\\/2023\\\/03\\\/IMG_9471Bogdan-2-1-847x1024.jpg\",\"articleSection\":[\"Uncategorized\"],\"inLanguage\":\"es\",\"potentialAction\":[{\"@type\":\"CommentAction\",\"name\":\"Comment\",\"target\":[\"https:\\\/\\\/www.asemer.ro\\\/index.php\\\/2023\\\/03\\\/31\\\/entrevista-al-senor-bogdan-badescu-consejero-para-asuntos-economicos\\\/#respond\"]}]},{\"@type\":\"WebPage\",\"@id\":\"https:\\\/\\\/www.asemer.ro\\\/index.php\\\/2023\\\/03\\\/31\\\/entrevista-al-senor-bogdan-badescu-consejero-para-asuntos-economicos\\\/\",\"url\":\"https:\\\/\\\/www.asemer.ro\\\/index.php\\\/2023\\\/03\\\/31\\\/entrevista-al-senor-bogdan-badescu-consejero-para-asuntos-economicos\\\/\",\"name\":\"entrevista al se\u00f1or bogdan badescu, consejero para asuntos ec\u00f3nomicos - ASEMER\",\"isPartOf\":{\"@id\":\"https:\\\/\\\/www.asemer.ro\\\/#website\"},\"primaryImageOfPage\":{\"@id\":\"https:\\\/\\\/www.asemer.ro\\\/index.php\\\/2023\\\/03\\\/31\\\/entrevista-al-senor-bogdan-badescu-consejero-para-asuntos-economicos\\\/#primaryimage\"},\"image\":{\"@id\":\"https:\\\/\\\/www.asemer.ro\\\/index.php\\\/2023\\\/03\\\/31\\\/entrevista-al-senor-bogdan-badescu-consejero-para-asuntos-economicos\\\/#primaryimage\"},\"thumbnailUrl\":\"https:\\\/\\\/www.asemer.ro\\\/wp-content\\\/uploads\\\/2023\\\/03\\\/IMG_9471Bogdan-2-1-847x1024.jpg\",\"datePublished\":\"2023-03-31T09:24:00+00:00\",\"dateModified\":\"2023-03-31T09:24:09+00:00\",\"breadcrumb\":{\"@id\":\"https:\\\/\\\/www.asemer.ro\\\/index.php\\\/2023\\\/03\\\/31\\\/entrevista-al-senor-bogdan-badescu-consejero-para-asuntos-economicos\\\/#breadcrumb\"},\"inLanguage\":\"es\",\"potentialAction\":[{\"@type\":\"ReadAction\",\"target\":[\"https:\\\/\\\/www.asemer.ro\\\/index.php\\\/2023\\\/03\\\/31\\\/entrevista-al-senor-bogdan-badescu-consejero-para-asuntos-economicos\\\/\"]}]},{\"@type\":\"ImageObject\",\"inLanguage\":\"es\",\"@id\":\"https:\\\/\\\/www.asemer.ro\\\/index.php\\\/2023\\\/03\\\/31\\\/entrevista-al-senor-bogdan-badescu-consejero-para-asuntos-economicos\\\/#primaryimage\",\"url\":\"https:\\\/\\\/www.asemer.ro\\\/wp-content\\\/uploads\\\/2023\\\/03\\\/IMG_9471Bogdan-2-1-scaled.jpg\",\"contentUrl\":\"https:\\\/\\\/www.asemer.ro\\\/wp-content\\\/uploads\\\/2023\\\/03\\\/IMG_9471Bogdan-2-1-scaled.jpg\",\"width\":2116,\"height\":2560},{\"@type\":\"BreadcrumbList\",\"@id\":\"https:\\\/\\\/www.asemer.ro\\\/index.php\\\/2023\\\/03\\\/31\\\/entrevista-al-senor-bogdan-badescu-consejero-para-asuntos-economicos\\\/#breadcrumb\",\"itemListElement\":[{\"@type\":\"ListItem\",\"position\":1,\"name\":\"Home\",\"item\":\"https:\\\/\\\/www.asemer.ro\\\/\"},{\"@type\":\"ListItem\",\"position\":2,\"name\":\"entrevista al se\u00f1or bogdan badescu, consejero para asuntos ec\u00f3nomicos\"}]},{\"@type\":\"WebSite\",\"@id\":\"https:\\\/\\\/www.asemer.ro\\\/#website\",\"url\":\"https:\\\/\\\/www.asemer.ro\\\/\",\"name\":\"ASEMER\",\"description\":\"Asociaci\u00f3n de Empresas Espa\u00f1olas en Ruman\u00eda\",\"publisher\":{\"@id\":\"https:\\\/\\\/www.asemer.ro\\\/#organization\"},\"potentialAction\":[{\"@type\":\"SearchAction\",\"target\":{\"@type\":\"EntryPoint\",\"urlTemplate\":\"https:\\\/\\\/www.asemer.ro\\\/?s={search_term_string}\"},\"query-input\":{\"@type\":\"PropertyValueSpecification\",\"valueRequired\":true,\"valueName\":\"search_term_string\"}}],\"inLanguage\":\"es\"},{\"@type\":\"Organization\",\"@id\":\"https:\\\/\\\/www.asemer.ro\\\/#organization\",\"name\":\"ASEMER\",\"url\":\"https:\\\/\\\/www.asemer.ro\\\/\",\"logo\":{\"@type\":\"ImageObject\",\"inLanguage\":\"es\",\"@id\":\"https:\\\/\\\/www.asemer.ro\\\/#\\\/schema\\\/logo\\\/image\\\/\",\"url\":\"https:\\\/\\\/www.asemer.ro\\\/wp-content\\\/uploads\\\/2020\\\/12\\\/logo-ASEMER-scaled.jpg\",\"contentUrl\":\"https:\\\/\\\/www.asemer.ro\\\/wp-content\\\/uploads\\\/2020\\\/12\\\/logo-ASEMER-scaled.jpg\",\"width\":2560,\"height\":849,\"caption\":\"ASEMER\"},\"image\":{\"@id\":\"https:\\\/\\\/www.asemer.ro\\\/#\\\/schema\\\/logo\\\/image\\\/\"},\"sameAs\":[\"https:\\\/\\\/www.facebook.com\\\/asociacionasemer\",\"https:\\\/\\\/x.com\\\/asemer_rumania\",\"https:\\\/\\\/ro.linkedin.com\\\/in\\\/asemer-asociaci\u00f3n-empresas-espa\u00f1olas-en-ruman\u00eda-724772a6?trk=author_mini-profile_title\",\"https:\\\/\\\/www.youtube.com\\\/channel\\\/UC73m8-BDsg857OL0Ogv5aQA\\\/videos\"]},{\"@type\":\"Person\",\"@id\":\"https:\\\/\\\/www.asemer.ro\\\/#\\\/schema\\\/person\\\/36de47e444c0f1a7b737a035d40519f9\",\"name\":\"Admin Asemer\",\"image\":{\"@type\":\"ImageObject\",\"inLanguage\":\"es\",\"@id\":\"https:\\\/\\\/secure.gravatar.com\\\/avatar\\\/b64873d65b5be684e01a001c464789c445a7279ef3f177f5fbff5d83eb373299?s=96&d=mm&r=g\",\"url\":\"https:\\\/\\\/secure.gravatar.com\\\/avatar\\\/b64873d65b5be684e01a001c464789c445a7279ef3f177f5fbff5d83eb373299?s=96&d=mm&r=g\",\"contentUrl\":\"https:\\\/\\\/secure.gravatar.com\\\/avatar\\\/b64873d65b5be684e01a001c464789c445a7279ef3f177f5fbff5d83eb373299?s=96&d=mm&r=g\",\"caption\":\"Admin Asemer\"},\"url\":\"https:\\\/\\\/www.asemer.ro\\\/index.php\\\/author\\\/admin\\\/\"}]}<\/script>\n<!-- \/ Yoast SEO plugin. -->","yoast_head_json":{"title":"entrevista al se\u00f1or bogdan badescu, consejero para asuntos ec\u00f3nomicos - ASEMER","robots":{"index":"index","follow":"follow","max-snippet":"max-snippet:-1","max-image-preview":"max-image-preview:large","max-video-preview":"max-video-preview:-1"},"canonical":"https:\/\/www.asemer.ro\/index.php\/2023\/03\/31\/entrevista-al-senor-bogdan-badescu-consejero-para-asuntos-economicos\/","og_locale":"es_ES","og_type":"article","og_title":"entrevista al se\u00f1or bogdan badescu, consejero para asuntos ec\u00f3nomicos - ASEMER","og_description":"\u00bfPodr\u00eda decirnos su nombre y el cargo que ocupa, porfavor? Mi nombre es Bogdan Badescu y mi cargo es el [&hellip;]","og_url":"https:\/\/www.asemer.ro\/index.php\/2023\/03\/31\/entrevista-al-senor-bogdan-badescu-consejero-para-asuntos-economicos\/","og_site_name":"ASEMER","article_publisher":"https:\/\/www.facebook.com\/asociacionasemer","article_published_time":"2023-03-31T09:24:00+00:00","article_modified_time":"2023-03-31T09:24:09+00:00","og_image":[{"url":"https:\/\/www.asemer.ro\/wp-content\/uploads\/2023\/03\/IMG_9471Bogdan-2-1-847x1024.jpg","type":"","width":"","height":""}],"author":"Admin Asemer","twitter_card":"summary_large_image","twitter_creator":"@asemer_rumania","twitter_site":"@asemer_rumania","twitter_misc":{"Escrito por":"Admin Asemer","Tiempo de lectura":"5 minutos"},"schema":{"@context":"https:\/\/schema.org","@graph":[{"@type":"Article","@id":"https:\/\/www.asemer.ro\/index.php\/2023\/03\/31\/entrevista-al-senor-bogdan-badescu-consejero-para-asuntos-economicos\/#article","isPartOf":{"@id":"https:\/\/www.asemer.ro\/index.php\/2023\/03\/31\/entrevista-al-senor-bogdan-badescu-consejero-para-asuntos-economicos\/"},"author":{"name":"Admin Asemer","@id":"https:\/\/www.asemer.ro\/#\/schema\/person\/36de47e444c0f1a7b737a035d40519f9"},"headline":"entrevista al se\u00f1or bogdan badescu, consejero para asuntos ec\u00f3nomicos","datePublished":"2023-03-31T09:24:00+00:00","dateModified":"2023-03-31T09:24:09+00:00","mainEntityOfPage":{"@id":"https:\/\/www.asemer.ro\/index.php\/2023\/03\/31\/entrevista-al-senor-bogdan-badescu-consejero-para-asuntos-economicos\/"},"wordCount":1044,"commentCount":0,"publisher":{"@id":"https:\/\/www.asemer.ro\/#organization"},"image":{"@id":"https:\/\/www.asemer.ro\/index.php\/2023\/03\/31\/entrevista-al-senor-bogdan-badescu-consejero-para-asuntos-economicos\/#primaryimage"},"thumbnailUrl":"https:\/\/www.asemer.ro\/wp-content\/uploads\/2023\/03\/IMG_9471Bogdan-2-1-847x1024.jpg","articleSection":["Uncategorized"],"inLanguage":"es","potentialAction":[{"@type":"CommentAction","name":"Comment","target":["https:\/\/www.asemer.ro\/index.php\/2023\/03\/31\/entrevista-al-senor-bogdan-badescu-consejero-para-asuntos-economicos\/#respond"]}]},{"@type":"WebPage","@id":"https:\/\/www.asemer.ro\/index.php\/2023\/03\/31\/entrevista-al-senor-bogdan-badescu-consejero-para-asuntos-economicos\/","url":"https:\/\/www.asemer.ro\/index.php\/2023\/03\/31\/entrevista-al-senor-bogdan-badescu-consejero-para-asuntos-economicos\/","name":"entrevista al se\u00f1or bogdan badescu, consejero para asuntos ec\u00f3nomicos - ASEMER","isPartOf":{"@id":"https:\/\/www.asemer.ro\/#website"},"primaryImageOfPage":{"@id":"https:\/\/www.asemer.ro\/index.php\/2023\/03\/31\/entrevista-al-senor-bogdan-badescu-consejero-para-asuntos-economicos\/#primaryimage"},"image":{"@id":"https:\/\/www.asemer.ro\/index.php\/2023\/03\/31\/entrevista-al-senor-bogdan-badescu-consejero-para-asuntos-economicos\/#primaryimage"},"thumbnailUrl":"https:\/\/www.asemer.ro\/wp-content\/uploads\/2023\/03\/IMG_9471Bogdan-2-1-847x1024.jpg","datePublished":"2023-03-31T09:24:00+00:00","dateModified":"2023-03-31T09:24:09+00:00","breadcrumb":{"@id":"https:\/\/www.asemer.ro\/index.php\/2023\/03\/31\/entrevista-al-senor-bogdan-badescu-consejero-para-asuntos-economicos\/#breadcrumb"},"inLanguage":"es","potentialAction":[{"@type":"ReadAction","target":["https:\/\/www.asemer.ro\/index.php\/2023\/03\/31\/entrevista-al-senor-bogdan-badescu-consejero-para-asuntos-economicos\/"]}]},{"@type":"ImageObject","inLanguage":"es","@id":"https:\/\/www.asemer.ro\/index.php\/2023\/03\/31\/entrevista-al-senor-bogdan-badescu-consejero-para-asuntos-economicos\/#primaryimage","url":"https:\/\/www.asemer.ro\/wp-content\/uploads\/2023\/03\/IMG_9471Bogdan-2-1-scaled.jpg","contentUrl":"https:\/\/www.asemer.ro\/wp-content\/uploads\/2023\/03\/IMG_9471Bogdan-2-1-scaled.jpg","width":2116,"height":2560},{"@type":"BreadcrumbList","@id":"https:\/\/www.asemer.ro\/index.php\/2023\/03\/31\/entrevista-al-senor-bogdan-badescu-consejero-para-asuntos-economicos\/#breadcrumb","itemListElement":[{"@type":"ListItem","position":1,"name":"Home","item":"https:\/\/www.asemer.ro\/"},{"@type":"ListItem","position":2,"name":"entrevista al se\u00f1or bogdan badescu, consejero para asuntos ec\u00f3nomicos"}]},{"@type":"WebSite","@id":"https:\/\/www.asemer.ro\/#website","url":"https:\/\/www.asemer.ro\/","name":"ASEMER","description":"Asociaci\u00f3n de Empresas Espa\u00f1olas en Ruman\u00eda","publisher":{"@id":"https:\/\/www.asemer.ro\/#organization"},"potentialAction":[{"@type":"SearchAction","target":{"@type":"EntryPoint","urlTemplate":"https:\/\/www.asemer.ro\/?s={search_term_string}"},"query-input":{"@type":"PropertyValueSpecification","valueRequired":true,"valueName":"search_term_string"}}],"inLanguage":"es"},{"@type":"Organization","@id":"https:\/\/www.asemer.ro\/#organization","name":"ASEMER","url":"https:\/\/www.asemer.ro\/","logo":{"@type":"ImageObject","inLanguage":"es","@id":"https:\/\/www.asemer.ro\/#\/schema\/logo\/image\/","url":"https:\/\/www.asemer.ro\/wp-content\/uploads\/2020\/12\/logo-ASEMER-scaled.jpg","contentUrl":"https:\/\/www.asemer.ro\/wp-content\/uploads\/2020\/12\/logo-ASEMER-scaled.jpg","width":2560,"height":849,"caption":"ASEMER"},"image":{"@id":"https:\/\/www.asemer.ro\/#\/schema\/logo\/image\/"},"sameAs":["https:\/\/www.facebook.com\/asociacionasemer","https:\/\/x.com\/asemer_rumania","https:\/\/ro.linkedin.com\/in\/asemer-asociaci\u00f3n-empresas-espa\u00f1olas-en-ruman\u00eda-724772a6?trk=author_mini-profile_title","https:\/\/www.youtube.com\/channel\/UC73m8-BDsg857OL0Ogv5aQA\/videos"]},{"@type":"Person","@id":"https:\/\/www.asemer.ro\/#\/schema\/person\/36de47e444c0f1a7b737a035d40519f9","name":"Admin Asemer","image":{"@type":"ImageObject","inLanguage":"es","@id":"https:\/\/secure.gravatar.com\/avatar\/b64873d65b5be684e01a001c464789c445a7279ef3f177f5fbff5d83eb373299?s=96&d=mm&r=g","url":"https:\/\/secure.gravatar.com\/avatar\/b64873d65b5be684e01a001c464789c445a7279ef3f177f5fbff5d83eb373299?s=96&d=mm&r=g","contentUrl":"https:\/\/secure.gravatar.com\/avatar\/b64873d65b5be684e01a001c464789c445a7279ef3f177f5fbff5d83eb373299?s=96&d=mm&r=g","caption":"Admin Asemer"},"url":"https:\/\/www.asemer.ro\/index.php\/author\/admin\/"}]}},"_links":{"self":[{"href":"https:\/\/www.asemer.ro\/index.php\/wp-json\/wp\/v2\/posts\/8142","targetHints":{"allow":["GET"]}}],"collection":[{"href":"https:\/\/www.asemer.ro\/index.php\/wp-json\/wp\/v2\/posts"}],"about":[{"href":"https:\/\/www.asemer.ro\/index.php\/wp-json\/wp\/v2\/types\/post"}],"author":[{"embeddable":true,"href":"https:\/\/www.asemer.ro\/index.php\/wp-json\/wp\/v2\/users\/3"}],"replies":[{"embeddable":true,"href":"https:\/\/www.asemer.ro\/index.php\/wp-json\/wp\/v2\/comments?post=8142"}],"version-history":[{"count":3,"href":"https:\/\/www.asemer.ro\/index.php\/wp-json\/wp\/v2\/posts\/8142\/revisions"}],"predecessor-version":[{"id":8148,"href":"https:\/\/www.asemer.ro\/index.php\/wp-json\/wp\/v2\/posts\/8142\/revisions\/8148"}],"wp:attachment":[{"href":"https:\/\/www.asemer.ro\/index.php\/wp-json\/wp\/v2\/media?parent=8142"}],"wp:term":[{"taxonomy":"category","embeddable":true,"href":"https:\/\/www.asemer.ro\/index.php\/wp-json\/wp\/v2\/categories?post=8142"},{"taxonomy":"post_tag","embeddable":true,"href":"https:\/\/www.asemer.ro\/index.php\/wp-json\/wp\/v2\/tags?post=8142"}],"curies":[{"name":"wp","href":"https:\/\/api.w.org\/{rel}","templated":true}]}}