{"id":8171,"date":"2023-03-31T17:57:17","date_gmt":"2023-03-31T15:57:17","guid":{"rendered":"https:\/\/www.asemer.ro\/?p=8171"},"modified":"2023-04-10T14:45:44","modified_gmt":"2023-04-10T12:45:44","slug":"asemer-ebury-pria-events","status":"publish","type":"post","link":"https:\/\/www.asemer.ro\/index.php\/2023\/03\/31\/asemer-ebury-pria-events\/","title":{"rendered":"asemer-ebury-pria events"},"content":{"rendered":"\n<figure class=\"wp-block-image size-full\"><img loading=\"lazy\" decoding=\"async\" width=\"934\" height=\"618\" src=\"https:\/\/www.asemer.ro\/wp-content\/uploads\/2023\/04\/Screenshot-2023-04-05-143643.png\" alt=\"\" class=\"wp-image-8172\" srcset=\"https:\/\/www.asemer.ro\/wp-content\/uploads\/2023\/04\/Screenshot-2023-04-05-143643.png 934w, https:\/\/www.asemer.ro\/wp-content\/uploads\/2023\/04\/Screenshot-2023-04-05-143643-300x199.png 300w, https:\/\/www.asemer.ro\/wp-content\/uploads\/2023\/04\/Screenshot-2023-04-05-143643-768x508.png 768w, https:\/\/www.asemer.ro\/wp-content\/uploads\/2023\/04\/Screenshot-2023-04-05-143643-391x260.png 391w, https:\/\/www.asemer.ro\/wp-content\/uploads\/2023\/04\/Screenshot-2023-04-05-143643-720x476.png 720w\" sizes=\"auto, (max-width: 934px) 100vw, 934px\" \/><\/figure>\n\n\n\n<h2 class=\"wp-block-heading\"><strong>En fecha de 29 de marzo de 2023 tuvo lugar la primera conferencia sobre e-commerce organizada por nuestra asociaci\u00f3n en la colaboraci\u00f3n con PRIA EVENTS y con el patrocinio de EBURY PARTNERS, entidad financiera global, parte del grupo Banco Santander, especializada en el cambio de divisas.<\/strong><\/h2>\n\n\n<div class=\"wp-block-image\">\n<figure class=\"alignleft size-large is-resized\"><img decoding=\"async\" src=\"https:\/\/www.asemer.ro\/wp-content\/uploads\/2023\/04\/DSC_5079-1024x683.jpg\" alt=\"\" class=\"wp-image-8190\" width=\"500\" srcset=\"https:\/\/www.asemer.ro\/wp-content\/uploads\/2023\/04\/DSC_5079-1024x683.jpg 1024w, https:\/\/www.asemer.ro\/wp-content\/uploads\/2023\/04\/DSC_5079-300x200.jpg 300w, https:\/\/www.asemer.ro\/wp-content\/uploads\/2023\/04\/DSC_5079-768x512.jpg 768w, https:\/\/www.asemer.ro\/wp-content\/uploads\/2023\/04\/DSC_5079-391x260.jpg 391w, https:\/\/www.asemer.ro\/wp-content\/uploads\/2023\/04\/DSC_5079-1536x1024.jpg 1536w, https:\/\/www.asemer.ro\/wp-content\/uploads\/2023\/04\/DSC_5079-2048x1365.jpg 2048w, https:\/\/www.asemer.ro\/wp-content\/uploads\/2023\/04\/DSC_5079-720x480.jpg 720w, https:\/\/www.asemer.ro\/wp-content\/uploads\/2023\/04\/DSC_5079-272x182.jpg 272w\" sizes=\"(max-width: 1024px) 100vw, 1024px\" \/><\/figure>\n<\/div>\n\n\n<p>El evento tuvo lugar, en el Grand Hotel Bucharest, antiguo Hotel Intercontinental, a las 18:30 horas. La cita reuni\u00f3 unas 70 personas que pudieron conocer de primera mano las opiniones de algunas de las personalidades m\u00e1s relevantes en el \u00e1mbito e-commerce, I&amp;T y de la distribuci\u00f3n minorista en Rumania.<\/p>\n\n\n\n<p>La conferencia dio inicio con unas sinceras y calidas palabras de bienvenida de parte de <strong>Raluca Voivozeanu<\/strong> <strong>de PRIAevent<\/strong>s.<\/p>\n\n\n<div class=\"wp-block-image\">\n<figure class=\"alignright size-large is-resized\"><img decoding=\"async\" src=\"https:\/\/www.asemer.ro\/wp-content\/uploads\/2023\/04\/DSC_5306-1024x683.jpg\" alt=\"\" class=\"wp-image-8189\" width=\"500\" srcset=\"https:\/\/www.asemer.ro\/wp-content\/uploads\/2023\/04\/DSC_5306-1024x683.jpg 1024w, https:\/\/www.asemer.ro\/wp-content\/uploads\/2023\/04\/DSC_5306-300x200.jpg 300w, https:\/\/www.asemer.ro\/wp-content\/uploads\/2023\/04\/DSC_5306-768x512.jpg 768w, https:\/\/www.asemer.ro\/wp-content\/uploads\/2023\/04\/DSC_5306-391x260.jpg 391w, https:\/\/www.asemer.ro\/wp-content\/uploads\/2023\/04\/DSC_5306-1536x1024.jpg 1536w, https:\/\/www.asemer.ro\/wp-content\/uploads\/2023\/04\/DSC_5306-2048x1365.jpg 2048w, https:\/\/www.asemer.ro\/wp-content\/uploads\/2023\/04\/DSC_5306-720x480.jpg 720w, https:\/\/www.asemer.ro\/wp-content\/uploads\/2023\/04\/DSC_5306-272x182.jpg 272w\" sizes=\"(max-width: 1024px) 100vw, 1024px\" \/><\/figure>\n<\/div>\n\n\n<p>Seguidamente, Emilio Luque, en calidad de presidente del    ASEMER, record\u00f3 a los presentes el compromiso de la asociaci\u00f3n para la promoci\u00f3n, mejora y fomento de las relaciones econ\u00f3micas entre Espa\u00f1a y Ruman\u00eda, y de las sociedades y los comerciantes espa\u00f1oles con las organizaciones y sociedades rumanas. Siendo que el objeto de esta conferencia responde al inter\u00e9s general y estrat\u00e9gico de promocionar la venta del producto espa\u00f1ol en Ruman\u00eda y del desarrollo de las relaciones comerciales espa\u00f1olas en Ruman\u00eda, el inter\u00e9s de nuestra asociaci\u00f3n queda justificado de lleno, deseando a todos que esta iniciativa prospere.<\/p>\n\n\n<div class=\"wp-block-image\">\n<figure class=\"alignright size-large is-resized\"><img decoding=\"async\" src=\"https:\/\/www.asemer.ro\/wp-content\/uploads\/2023\/04\/Conferencia-1-1024x683.jpg\" alt=\"\" class=\"wp-image-8178\" width=\"300\" srcset=\"https:\/\/www.asemer.ro\/wp-content\/uploads\/2023\/04\/Conferencia-1-1024x683.jpg 1024w, https:\/\/www.asemer.ro\/wp-content\/uploads\/2023\/04\/Conferencia-1-300x200.jpg 300w, https:\/\/www.asemer.ro\/wp-content\/uploads\/2023\/04\/Conferencia-1-768x512.jpg 768w, https:\/\/www.asemer.ro\/wp-content\/uploads\/2023\/04\/Conferencia-1-391x260.jpg 391w, https:\/\/www.asemer.ro\/wp-content\/uploads\/2023\/04\/Conferencia-1-1536x1024.jpg 1536w, https:\/\/www.asemer.ro\/wp-content\/uploads\/2023\/04\/Conferencia-1-2048x1365.jpg 2048w, https:\/\/www.asemer.ro\/wp-content\/uploads\/2023\/04\/Conferencia-1-720x480.jpg 720w, https:\/\/www.asemer.ro\/wp-content\/uploads\/2023\/04\/Conferencia-1-272x182.jpg 272w\" sizes=\"(max-width: 1024px) 100vw, 1024px\" \/><\/figure>\n<\/div>\n\n\n<figure class=\"wp-block-image size-large is-resized\"><img decoding=\"async\" src=\"https:\/\/www.asemer.ro\/wp-content\/uploads\/2023\/04\/Conferencia-2-1024x683.jpg\" alt=\"\" class=\"wp-image-8179\" width=\"300\" srcset=\"https:\/\/www.asemer.ro\/wp-content\/uploads\/2023\/04\/Conferencia-2-1024x683.jpg 1024w, https:\/\/www.asemer.ro\/wp-content\/uploads\/2023\/04\/Conferencia-2-300x200.jpg 300w, https:\/\/www.asemer.ro\/wp-content\/uploads\/2023\/04\/Conferencia-2-768x512.jpg 768w, https:\/\/www.asemer.ro\/wp-content\/uploads\/2023\/04\/Conferencia-2-391x260.jpg 391w, https:\/\/www.asemer.ro\/wp-content\/uploads\/2023\/04\/Conferencia-2-1536x1024.jpg 1536w, https:\/\/www.asemer.ro\/wp-content\/uploads\/2023\/04\/Conferencia-2-2048x1365.jpg 2048w, https:\/\/www.asemer.ro\/wp-content\/uploads\/2023\/04\/Conferencia-2-720x480.jpg 720w, https:\/\/www.asemer.ro\/wp-content\/uploads\/2023\/04\/Conferencia-2-272x182.jpg 272w\" sizes=\"(max-width: 1024px) 100vw, 1024px\" \/><\/figure>\n\n\n\n<p>La conferencia, que supone una primera discusi\u00f3n sobre las oportunidades que ofrece el sector del         e-commerce en Ruman\u00eda para el producto espa\u00f1ol, se organiza dentro del contexto de extraordinarias expectativas de crecimiento y capacidad para la transformaci\u00f3n de la de distribuci\u00f3n y venta de productos al minorista en los pr\u00f3ximos a\u00f1os a nivel global. Su organizaci\u00f3n tiene como principal objetivo abordar los principales desaf\u00edos con los que se confronta el sector en la actualidad.<\/p>\n\n\n\n<p>Decir que e-commerce constituye una gran oportunidad de negocios no es exactamente v\u00e1lido si no se analiza antes tambi\u00e9n sus riesgos. Aspectos como los problemas de seguridad, tecnolog\u00eda y log\u00edstica, gesti\u00f3n de la demanda, diferenciaci\u00f3n de productos, perfiles y pol\u00edticas de atenci\u00f3n a los usuarios, devoluci\u00f3n y reembolso de pedidos, importaci\u00f3n, marcado y conformidad, protecci\u00f3n de datos, impuestos, cambio de divisas y un largo etc. de cuestiones, son determinantes para quienes desean promover sus productos a trav\u00e9s de las plataformas de e-commerce.&nbsp;<\/p>\n\n\n<div class=\"wp-block-image\">\n<figure class=\"alignleft size-large is-resized\"><img decoding=\"async\" src=\"https:\/\/www.asemer.ro\/wp-content\/uploads\/2023\/04\/Conferencia-3-1024x683.jpg\" alt=\"\" class=\"wp-image-8180\" width=\"500\" srcset=\"https:\/\/www.asemer.ro\/wp-content\/uploads\/2023\/04\/Conferencia-3-1024x683.jpg 1024w, https:\/\/www.asemer.ro\/wp-content\/uploads\/2023\/04\/Conferencia-3-300x200.jpg 300w, https:\/\/www.asemer.ro\/wp-content\/uploads\/2023\/04\/Conferencia-3-768x512.jpg 768w, https:\/\/www.asemer.ro\/wp-content\/uploads\/2023\/04\/Conferencia-3-391x260.jpg 391w, https:\/\/www.asemer.ro\/wp-content\/uploads\/2023\/04\/Conferencia-3-1536x1024.jpg 1536w, https:\/\/www.asemer.ro\/wp-content\/uploads\/2023\/04\/Conferencia-3-2048x1365.jpg 2048w, https:\/\/www.asemer.ro\/wp-content\/uploads\/2023\/04\/Conferencia-3-720x480.jpg 720w, https:\/\/www.asemer.ro\/wp-content\/uploads\/2023\/04\/Conferencia-3-272x182.jpg 272w\" sizes=\"(max-width: 1024px) 100vw, 1024px\" \/><\/figure>\n<\/div>\n\n\n<p>El elenco de ponentes quiso responder a algunas de estos desaf\u00edos, a\u00f1adiendo su personal perspectiva sobre la marcha actual del comercio electr\u00f3nico en Ruman\u00eda.<\/p>\n\n\n\n<p><\/p>\n\n\n\n<p><\/p>\n\n\n\n<p><\/p>\n\n\n<div class=\"wp-block-image\">\n<figure class=\"alignright size-medium is-resized\"><img decoding=\"async\" src=\"https:\/\/www.asemer.ro\/wp-content\/uploads\/2023\/04\/Cristi-300x200.jpg\" alt=\"\" class=\"wp-image-8174\" width=\"500\" srcset=\"https:\/\/www.asemer.ro\/wp-content\/uploads\/2023\/04\/Cristi-300x200.jpg 300w, https:\/\/www.asemer.ro\/wp-content\/uploads\/2023\/04\/Cristi-1024x683.jpg 1024w, https:\/\/www.asemer.ro\/wp-content\/uploads\/2023\/04\/Cristi-768x512.jpg 768w, https:\/\/www.asemer.ro\/wp-content\/uploads\/2023\/04\/Cristi-391x260.jpg 391w, https:\/\/www.asemer.ro\/wp-content\/uploads\/2023\/04\/Cristi-1536x1024.jpg 1536w, https:\/\/www.asemer.ro\/wp-content\/uploads\/2023\/04\/Cristi-2048x1365.jpg 2048w, https:\/\/www.asemer.ro\/wp-content\/uploads\/2023\/04\/Cristi-720x480.jpg 720w, https:\/\/www.asemer.ro\/wp-content\/uploads\/2023\/04\/Cristi-272x182.jpg 272w\" sizes=\"(max-width: 300px) 100vw, 300px\" \/><\/figure>\n<\/div>\n\n\n<p>Abriendo el debate, <strong>Cristi Movil\u0103, Eastern Europe General Manager &amp; EMEA Sales Leader \u2013 VTEX<\/strong>, debati\u00f3 el problema de la financiaci\u00f3n en la compra de productos como m\u00e9todo para aumentar la confianza de los usuarios a favor de un determinado comerciante (Buy now, Pay Later). Pionero en la aplicaci\u00f3n de tipo de pol\u00edticas en Ruman\u00eda, se\u00f1al\u00f3 la necesidad del uso de las mejoras pr\u00e1cticas para mantener el paso con la din\u00e1mica del sector.<\/p>\n\n\n<div class=\"wp-block-image\">\n<figure class=\"alignleft size-medium is-resized\"><img decoding=\"async\" src=\"https:\/\/www.asemer.ro\/wp-content\/uploads\/2023\/04\/Robert-1-300x200.jpg\" alt=\"\" class=\"wp-image-8175\" width=\"500\" srcset=\"https:\/\/www.asemer.ro\/wp-content\/uploads\/2023\/04\/Robert-1-300x200.jpg 300w, https:\/\/www.asemer.ro\/wp-content\/uploads\/2023\/04\/Robert-1-1024x683.jpg 1024w, https:\/\/www.asemer.ro\/wp-content\/uploads\/2023\/04\/Robert-1-768x512.jpg 768w, https:\/\/www.asemer.ro\/wp-content\/uploads\/2023\/04\/Robert-1-391x260.jpg 391w, https:\/\/www.asemer.ro\/wp-content\/uploads\/2023\/04\/Robert-1-1536x1024.jpg 1536w, https:\/\/www.asemer.ro\/wp-content\/uploads\/2023\/04\/Robert-1-2048x1365.jpg 2048w, https:\/\/www.asemer.ro\/wp-content\/uploads\/2023\/04\/Robert-1-720x480.jpg 720w, https:\/\/www.asemer.ro\/wp-content\/uploads\/2023\/04\/Robert-1-272x182.jpg 272w\" sizes=\"(max-width: 300px) 100vw, 300px\" \/><\/figure>\n<\/div>\n\n\n<p>Por su parte, <strong>Robert Berza<\/strong>, <strong>Vicepresident, Emag and Fashion Group para Rumania, Bulgaria y Hungr\u00eda<\/strong>, puso de relieve, el cambio de la tendencia de expansi\u00f3n hac\u00eda una que d\u00e9 mayor prioridad a los beneficios. El crecimiento desmedido de los a\u00f1os pasados, unido a la reducci\u00f3n de la capacidad adquisitiva de los consumidores por efecto de la inflaci\u00f3n, obliga a asegurar el modelo de negocio, dando mayor importancia a determinados grupos de usuarios, consumidores fieles, as\u00ed como el cuidado de la buena reputaci\u00f3n y de la marca.<\/p>\n\n\n<div class=\"wp-block-image\">\n<figure class=\"alignright size-large is-resized\"><img loading=\"lazy\" decoding=\"async\" src=\"https:\/\/www.asemer.ro\/wp-content\/uploads\/2023\/04\/Sergiu-1024x683.jpg\" alt=\"\" class=\"wp-image-8176\" width=\"512\" height=\"342\" srcset=\"https:\/\/www.asemer.ro\/wp-content\/uploads\/2023\/04\/Sergiu-1024x683.jpg 1024w, https:\/\/www.asemer.ro\/wp-content\/uploads\/2023\/04\/Sergiu-300x200.jpg 300w, https:\/\/www.asemer.ro\/wp-content\/uploads\/2023\/04\/Sergiu-768x512.jpg 768w, https:\/\/www.asemer.ro\/wp-content\/uploads\/2023\/04\/Sergiu-391x260.jpg 391w, https:\/\/www.asemer.ro\/wp-content\/uploads\/2023\/04\/Sergiu-1536x1024.jpg 1536w, https:\/\/www.asemer.ro\/wp-content\/uploads\/2023\/04\/Sergiu-2048x1365.jpg 2048w, https:\/\/www.asemer.ro\/wp-content\/uploads\/2023\/04\/Sergiu-720x480.jpg 720w, https:\/\/www.asemer.ro\/wp-content\/uploads\/2023\/04\/Sergiu-272x182.jpg 272w\" sizes=\"auto, (max-width: 512px) 100vw, 512px\" \/><\/figure>\n<\/div>\n\n\n<p><strong>Sergiu Negu\u021b, Co-Founder FintechOS and business angel,<\/strong> se\u00f1alo, por su parte, que la tecnolog\u00eda facilita un nivel completamente nuevo de servicios financieros, donde m\u00e1s clientes y m\u00e1s comerciantes tienen acceso a productos speriores con costes de transacci\u00f3n m\u00e1s bajos. Constato que era su deseo y su deber construir un ecosistema m\u00e1s amplio y diverso de servicios financieros, comerciales y tecnol\u00f3gicos para una econom\u00eda m\u00e1s fuerte y una vida mejor.<\/p>\n\n\n<div class=\"wp-block-image\">\n<figure class=\"alignleft size-large is-resized\"><img loading=\"lazy\" decoding=\"async\" src=\"https:\/\/www.asemer.ro\/wp-content\/uploads\/2023\/04\/Mihnea-1024x683.jpg\" alt=\"\" class=\"wp-image-8177\" width=\"502\" height=\"334\" srcset=\"https:\/\/www.asemer.ro\/wp-content\/uploads\/2023\/04\/Mihnea-1024x683.jpg 1024w, https:\/\/www.asemer.ro\/wp-content\/uploads\/2023\/04\/Mihnea-300x200.jpg 300w, https:\/\/www.asemer.ro\/wp-content\/uploads\/2023\/04\/Mihnea-768x512.jpg 768w, https:\/\/www.asemer.ro\/wp-content\/uploads\/2023\/04\/Mihnea-391x260.jpg 391w, https:\/\/www.asemer.ro\/wp-content\/uploads\/2023\/04\/Mihnea-1536x1024.jpg 1536w, https:\/\/www.asemer.ro\/wp-content\/uploads\/2023\/04\/Mihnea-2048x1365.jpg 2048w, https:\/\/www.asemer.ro\/wp-content\/uploads\/2023\/04\/Mihnea-720x480.jpg 720w, https:\/\/www.asemer.ro\/wp-content\/uploads\/2023\/04\/Mihnea-272x182.jpg 272w\" sizes=\"auto, (max-width: 502px) 100vw, 502px\" \/><\/figure>\n<\/div>\n\n\n<p><strong>Mihnea Stere, experto en eMag Marketplace Sr.Leader y experto en e-commerce y Marketplace,<\/strong> <strong>con una amplia experiencia, tanto en los mercados de Europa del Este (RO\/HU\/BG), como en otros mercados occidentales<\/strong> clave, present\u00f3 las oportunidades de crecimiento del sector del e-commerce  de la regi\u00f3n para los pr\u00f3ximos a\u00f1os. El esperado crecimiento acelerado dedos d\u00edgitos de este sector durante los pr\u00f3ximos 5 a\u00f1os en Europa del Este representa una excelente oportunidad de crecimiento para vendeores y marcas que buscan diverdificar y escalar sus operaciones en nuevos canales y niveles regionales.<\/p>\n\n\n\n<p>Mas informaci\u00f3n:<\/p>\n\n\n\n<p><a href=\"https:\/\/www.asemer.ro\/wp-content\/uploads\/2023\/04\/E-commerce-Development-Perspective-in-EE-EBury-Conference-290323-.pdf\">https:\/\/www.asemer.ro\/wp-content\/uploads\/2023\/04\/E-commerce-Development-Perspective-in-EE-EBury-Conference-290323-.pdf<\/a><\/p>\n\n\n<div class=\"wp-block-image\">\n<figure class=\"alignright size-large is-resized\"><img decoding=\"async\" src=\"https:\/\/www.asemer.ro\/wp-content\/uploads\/2023\/04\/Badescu-1-1024x683.jpg\" alt=\"\" class=\"wp-image-8181\" width=\"500\" srcset=\"https:\/\/www.asemer.ro\/wp-content\/uploads\/2023\/04\/Badescu-1-1024x683.jpg 1024w, https:\/\/www.asemer.ro\/wp-content\/uploads\/2023\/04\/Badescu-1-300x200.jpg 300w, https:\/\/www.asemer.ro\/wp-content\/uploads\/2023\/04\/Badescu-1-768x512.jpg 768w, https:\/\/www.asemer.ro\/wp-content\/uploads\/2023\/04\/Badescu-1-391x260.jpg 391w, https:\/\/www.asemer.ro\/wp-content\/uploads\/2023\/04\/Badescu-1-1536x1024.jpg 1536w, https:\/\/www.asemer.ro\/wp-content\/uploads\/2023\/04\/Badescu-1-2048x1365.jpg 2048w, https:\/\/www.asemer.ro\/wp-content\/uploads\/2023\/04\/Badescu-1-720x480.jpg 720w, https:\/\/www.asemer.ro\/wp-content\/uploads\/2023\/04\/Badescu-1-272x182.jpg 272w\" sizes=\"(max-width: 1024px) 100vw, 1024px\" \/><\/figure>\n<\/div>\n\n\n<p><strong>George B\u0103descu, Director ejecutivo de la Asociaci\u00f3n de Grandes redes de distribuidores de Ruman\u00eda (AMRCR)<\/strong>, m\u00e1s conservador en su opini\u00f3n, precis\u00f3 que si bien no cabe duda que los negocios on-line son cada vez m\u00e1s importantes en el \u00e1mbito de la distribuci\u00f3n, se observa igualmente una moderada reticencia al cambio en lo que se refiere al comportamiento de los consumidores. Tambi\u00e9n la legislaci\u00f3n puede influir en el ritmo en como el dominio digital puede cambiar en el area comercial.<\/p>\n\n\n<div class=\"wp-block-image\">\n<figure class=\"alignleft size-large is-resized\"><img decoding=\"async\" src=\"https:\/\/www.asemer.ro\/wp-content\/uploads\/2023\/04\/Fernando-Pierri-1024x683.jpg\" alt=\"\" class=\"wp-image-8182\" width=\"500\" srcset=\"https:\/\/www.asemer.ro\/wp-content\/uploads\/2023\/04\/Fernando-Pierri-1024x683.jpg 1024w, https:\/\/www.asemer.ro\/wp-content\/uploads\/2023\/04\/Fernando-Pierri-300x200.jpg 300w, https:\/\/www.asemer.ro\/wp-content\/uploads\/2023\/04\/Fernando-Pierri-768x512.jpg 768w, https:\/\/www.asemer.ro\/wp-content\/uploads\/2023\/04\/Fernando-Pierri-391x260.jpg 391w, https:\/\/www.asemer.ro\/wp-content\/uploads\/2023\/04\/Fernando-Pierri-1536x1024.jpg 1536w, https:\/\/www.asemer.ro\/wp-content\/uploads\/2023\/04\/Fernando-Pierri-2048x1365.jpg 2048w, https:\/\/www.asemer.ro\/wp-content\/uploads\/2023\/04\/Fernando-Pierri-720x480.jpg 720w, https:\/\/www.asemer.ro\/wp-content\/uploads\/2023\/04\/Fernando-Pierri-272x182.jpg 272w\" sizes=\"(max-width: 1024px) 100vw, 1024px\" \/><\/figure>\n<\/div>\n\n\n<p><strong>Fernando Pierri,<\/strong> jefe a nivel global del departamento de Ebury Parteners, patrocinador del evento, llam\u00f3 nuestra atenci\u00f3n sobre los \u00faltimos desarrollos que permiten a una &#8216;fintech\u00bb apoyar a peque\u00f1as y medianas empresas para extender sus negocios al extranjero a trav\u00e9s del comercio electr\u00f3nico en l\u00ednea. Ebury puede ofrecer una amplia  variedad de divisas de varios mercados, respaldada por capacidades a plazo que ayudan a los vendedores a cubrir su exposici\u00f3n al mercado de divisas. El equipo combinado de especialistas y las capacidades de la plataforma tecnol\u00f3gica e innovadora brindan a las empresas de comercio electr\u00f3nico la confianza para invertir en operaciones internacionales, incluso en momentos de volatilidad macroecon\u00f3mica y lograr el \u00e9xito.<\/p>\n\n\n\n<p>Ebury es socio del Programa de proovedores de servicios de pago de Amazon desde 2022.<\/p>\n\n\n<div class=\"wp-block-image\">\n<figure class=\"alignright size-large is-resized\"><img decoding=\"async\" src=\"https:\/\/www.asemer.ro\/wp-content\/uploads\/2023\/04\/Mihaela-1-1024x683.jpg\" alt=\"\" class=\"wp-image-8183\" width=\"500\" srcset=\"https:\/\/www.asemer.ro\/wp-content\/uploads\/2023\/04\/Mihaela-1-1024x683.jpg 1024w, https:\/\/www.asemer.ro\/wp-content\/uploads\/2023\/04\/Mihaela-1-300x200.jpg 300w, https:\/\/www.asemer.ro\/wp-content\/uploads\/2023\/04\/Mihaela-1-768x512.jpg 768w, https:\/\/www.asemer.ro\/wp-content\/uploads\/2023\/04\/Mihaela-1-391x260.jpg 391w, https:\/\/www.asemer.ro\/wp-content\/uploads\/2023\/04\/Mihaela-1-1536x1024.jpg 1536w, https:\/\/www.asemer.ro\/wp-content\/uploads\/2023\/04\/Mihaela-1-2048x1365.jpg 2048w, https:\/\/www.asemer.ro\/wp-content\/uploads\/2023\/04\/Mihaela-1-720x480.jpg 720w, https:\/\/www.asemer.ro\/wp-content\/uploads\/2023\/04\/Mihaela-1-272x182.jpg 272w\" sizes=\"(max-width: 1024px) 100vw, 1024px\" \/><\/figure>\n<\/div>\n\n\n<p>En \u00faltimo lugar, pero no menos importante, <strong>Mihaela B\u0103lau, socia senior, Grecu Partners <\/strong>hizo una presentaci\u00f3n de la relevancia de la correcta gesti\u00f3n de la pol\u00edtica de gesti\u00f3n de datos de car\u00e1cter personal para los usuarios y tambi\u00e9n para los operadores, que ignorando sus previsiones, se exponen a ser duramente sancionados.&nbsp;&nbsp;<\/p>\n\n\n\n<p>Para m\u00e1s informaci\u00f3n:<\/p>\n\n\n\n<p><blockquote class=\"wp-embedded-content\" data-secret=\"lvCNBBQDqD\"><a href=\"https:\/\/greculawyers.ro\/\">Grecu \u0219i Asocia\u021bii<\/a><\/blockquote><iframe loading=\"lazy\" class=\"wp-embedded-content\" sandbox=\"allow-scripts\" security=\"restricted\" style=\"position: absolute; clip: rect(1px, 1px, 1px, 1px);\" title=\"&#8220;Grecu \u0219i Asocia\u021bii&#8221; &#8212; Grecu \u0219i Asocia\u021bii\" src=\"https:\/\/greculawyers.ro\/embed\/#?secret=jeJZfwwf34#?secret=lvCNBBQDqD\" data-secret=\"lvCNBBQDqD\" width=\"600\" height=\"338\" frameborder=\"0\" marginwidth=\"0\" marginheight=\"0\" scrolling=\"no\"><\/iframe><\/p>\n\n\n<div class=\"wp-block-image\">\n<figure class=\"alignleft size-large is-resized\"><img decoding=\"async\" src=\"https:\/\/www.asemer.ro\/wp-content\/uploads\/2023\/04\/Emilio-1-1-1024x683.jpg\" alt=\"\" class=\"wp-image-8187\" width=\"500\" srcset=\"https:\/\/www.asemer.ro\/wp-content\/uploads\/2023\/04\/Emilio-1-1-1024x683.jpg 1024w, https:\/\/www.asemer.ro\/wp-content\/uploads\/2023\/04\/Emilio-1-1-300x200.jpg 300w, https:\/\/www.asemer.ro\/wp-content\/uploads\/2023\/04\/Emilio-1-1-768x512.jpg 768w, https:\/\/www.asemer.ro\/wp-content\/uploads\/2023\/04\/Emilio-1-1-391x260.jpg 391w, https:\/\/www.asemer.ro\/wp-content\/uploads\/2023\/04\/Emilio-1-1-1536x1024.jpg 1536w, https:\/\/www.asemer.ro\/wp-content\/uploads\/2023\/04\/Emilio-1-1-2048x1365.jpg 2048w, https:\/\/www.asemer.ro\/wp-content\/uploads\/2023\/04\/Emilio-1-1-720x480.jpg 720w, https:\/\/www.asemer.ro\/wp-content\/uploads\/2023\/04\/Emilio-1-1-272x182.jpg 272w\" sizes=\"(max-width: 1024px) 100vw, 1024px\" \/><\/figure>\n<\/div>\n\n\n<p>Moderadores:&nbsp;<\/p>\n\n\n\n<p><strong>Emilio Luque<\/strong>, Presidente, ASEMER\/ Socio Gerente NLQ Abogados <\/p>\n\n\n\n<p><\/p>\n\n\n\n<p><\/p>\n\n\n\n<p><\/p>\n\n\n\n<p><\/p>\n\n\n\n<p>La conferencia acabo con todos los asistentes disfrutando de un buffet inspirado en la gastronom\u00eda espa\u00f1ola.<\/p>\n\n\n<div class=\"wp-block-image\">\n<figure class=\"alignleft size-large is-resized\"><img decoding=\"async\" src=\"https:\/\/www.asemer.ro\/wp-content\/uploads\/2023\/04\/DSC_5401-1024x683.jpg\" alt=\"\" class=\"wp-image-8246\" width=\"300\" srcset=\"https:\/\/www.asemer.ro\/wp-content\/uploads\/2023\/04\/DSC_5401-1024x683.jpg 1024w, https:\/\/www.asemer.ro\/wp-content\/uploads\/2023\/04\/DSC_5401-300x200.jpg 300w, https:\/\/www.asemer.ro\/wp-content\/uploads\/2023\/04\/DSC_5401-768x512.jpg 768w, https:\/\/www.asemer.ro\/wp-content\/uploads\/2023\/04\/DSC_5401-391x260.jpg 391w, https:\/\/www.asemer.ro\/wp-content\/uploads\/2023\/04\/DSC_5401-1536x1024.jpg 1536w, https:\/\/www.asemer.ro\/wp-content\/uploads\/2023\/04\/DSC_5401-2048x1365.jpg 2048w, https:\/\/www.asemer.ro\/wp-content\/uploads\/2023\/04\/DSC_5401-720x480.jpg 720w, https:\/\/www.asemer.ro\/wp-content\/uploads\/2023\/04\/DSC_5401-272x182.jpg 272w\" sizes=\"(max-width: 1024px) 100vw, 1024px\" \/><\/figure>\n<\/div>\n\n<div class=\"wp-block-image\">\n<figure class=\"alignright size-large is-resized\"><img decoding=\"async\" src=\"https:\/\/www.asemer.ro\/wp-content\/uploads\/2023\/04\/DSC_5399-1024x683.jpg\" alt=\"\" class=\"wp-image-8245\" width=\"300\" srcset=\"https:\/\/www.asemer.ro\/wp-content\/uploads\/2023\/04\/DSC_5399-1024x683.jpg 1024w, https:\/\/www.asemer.ro\/wp-content\/uploads\/2023\/04\/DSC_5399-300x200.jpg 300w, https:\/\/www.asemer.ro\/wp-content\/uploads\/2023\/04\/DSC_5399-768x512.jpg 768w, https:\/\/www.asemer.ro\/wp-content\/uploads\/2023\/04\/DSC_5399-391x260.jpg 391w, https:\/\/www.asemer.ro\/wp-content\/uploads\/2023\/04\/DSC_5399-1536x1024.jpg 1536w, https:\/\/www.asemer.ro\/wp-content\/uploads\/2023\/04\/DSC_5399-2048x1365.jpg 2048w, https:\/\/www.asemer.ro\/wp-content\/uploads\/2023\/04\/DSC_5399-720x480.jpg 720w, https:\/\/www.asemer.ro\/wp-content\/uploads\/2023\/04\/DSC_5399-272x182.jpg 272w\" sizes=\"(max-width: 1024px) 100vw, 1024px\" \/><\/figure>\n<\/div>\n\n\n<p><\/p>\n\n\n\n<figure class=\"wp-block-embed is-type-video is-provider-youtube wp-block-embed-youtube wp-embed-aspect-16-9 wp-has-aspect-ratio\"><div class=\"wp-block-embed__wrapper\">\n<iframe loading=\"lazy\" title=\"Pria E-commmerce Payments By Ebury and Asemer\" width=\"1170\" height=\"658\" src=\"https:\/\/www.youtube.com\/embed\/qGhOFyfJmhs?feature=oembed\" frameborder=\"0\" allow=\"accelerometer; autoplay; clipboard-write; encrypted-media; gyroscope; picture-in-picture; web-share\" allowfullscreen><\/iframe>\n<\/div><\/figure>\n\n\n\n<figure class=\"wp-block-embed is-type-video is-provider-youtube wp-block-embed-youtube wp-embed-aspect-16-9 wp-has-aspect-ratio\"><div class=\"wp-block-embed__wrapper\">\n<iframe loading=\"lazy\" title=\"Pria e-commerce by Asemer and Ebury\" width=\"1170\" height=\"658\" src=\"https:\/\/www.youtube.com\/embed\/UjUnNloelE0?feature=oembed\" frameborder=\"0\" allow=\"accelerometer; autoplay; clipboard-write; encrypted-media; gyroscope; picture-in-picture; web-share\" allowfullscreen><\/iframe>\n<\/div><\/figure>\n\n\n\n<p><strong>Asemer agradace a Ebury su implicaci\u00f3n en la realizaci\u00f3n de este evento, ya que sin su apoyo este evento no habr\u00eda sido posible, muchisimas gracias.<\/strong><\/p>\n\n\n<div class=\"wp-block-image\">\n<figure class=\"aligncenter size-full\"><img loading=\"lazy\" decoding=\"async\" width=\"487\" height=\"244\" src=\"https:\/\/www.asemer.ro\/wp-content\/uploads\/2023\/04\/ebury.png\" alt=\"\" class=\"wp-image-8248\" srcset=\"https:\/\/www.asemer.ro\/wp-content\/uploads\/2023\/04\/ebury.png 487w, https:\/\/www.asemer.ro\/wp-content\/uploads\/2023\/04\/ebury-300x150.png 300w\" sizes=\"auto, (max-width: 487px) 100vw, 487px\" \/><\/figure>\n<\/div>\n\n\n<p><\/p>\n","protected":false},"excerpt":{"rendered":"<p>En fecha de 29 de marzo de 2023 tuvo lugar la primera conferencia sobre e-commerce organizada por nuestra asociaci\u00f3n en [&hellip;]<\/p>\n","protected":false},"author":3,"featured_media":0,"comment_status":"open","ping_status":"open","sticky":false,"template":"","format":"standard","meta":{"footnotes":""},"categories":[1],"tags":[],"class_list":["post-8171","post","type-post","status-publish","format-standard","hentry","category-uncategorized"],"yoast_head":"<!-- This site is optimized with the Yoast SEO plugin v27.5 - https:\/\/yoast.com\/product\/yoast-seo-wordpress\/ -->\n<title>asemer-ebury-pria events - ASEMER<\/title>\n<meta name=\"robots\" content=\"index, follow, max-snippet:-1, max-image-preview:large, max-video-preview:-1\" \/>\n<link rel=\"canonical\" href=\"https:\/\/www.asemer.ro\/index.php\/2023\/03\/31\/asemer-ebury-pria-events\/\" \/>\n<meta property=\"og:locale\" content=\"es_ES\" \/>\n<meta property=\"og:type\" content=\"article\" \/>\n<meta property=\"og:title\" content=\"asemer-ebury-pria events - ASEMER\" \/>\n<meta property=\"og:description\" content=\"En fecha de 29 de marzo de 2023 tuvo lugar la primera conferencia sobre e-commerce organizada por nuestra asociaci\u00f3n en [&hellip;]\" \/>\n<meta property=\"og:url\" content=\"https:\/\/www.asemer.ro\/index.php\/2023\/03\/31\/asemer-ebury-pria-events\/\" \/>\n<meta property=\"og:site_name\" content=\"ASEMER\" \/>\n<meta property=\"article:publisher\" content=\"https:\/\/www.facebook.com\/asociacionasemer\" \/>\n<meta property=\"article:published_time\" content=\"2023-03-31T15:57:17+00:00\" \/>\n<meta property=\"article:modified_time\" content=\"2023-04-10T12:45:44+00:00\" \/>\n<meta property=\"og:image\" content=\"https:\/\/www.asemer.ro\/wp-content\/uploads\/2023\/04\/Screenshot-2023-04-05-143643.png\" \/>\n<meta name=\"author\" content=\"Admin Asemer\" \/>\n<meta name=\"twitter:card\" content=\"summary_large_image\" \/>\n<meta name=\"twitter:creator\" content=\"@asemer_rumania\" \/>\n<meta name=\"twitter:site\" content=\"@asemer_rumania\" \/>\n<meta name=\"twitter:label1\" content=\"Escrito por\" \/>\n\t<meta name=\"twitter:data1\" content=\"Admin Asemer\" \/>\n\t<meta name=\"twitter:label2\" content=\"Tiempo de lectura\" \/>\n\t<meta name=\"twitter:data2\" content=\"9 minutos\" \/>\n<script type=\"application\/ld+json\" class=\"yoast-schema-graph\">{\"@context\":\"https:\\\/\\\/schema.org\",\"@graph\":[{\"@type\":\"Article\",\"@id\":\"https:\\\/\\\/www.asemer.ro\\\/index.php\\\/2023\\\/03\\\/31\\\/asemer-ebury-pria-events\\\/#article\",\"isPartOf\":{\"@id\":\"https:\\\/\\\/www.asemer.ro\\\/index.php\\\/2023\\\/03\\\/31\\\/asemer-ebury-pria-events\\\/\"},\"author\":{\"name\":\"Admin Asemer\",\"@id\":\"https:\\\/\\\/www.asemer.ro\\\/#\\\/schema\\\/person\\\/36de47e444c0f1a7b737a035d40519f9\"},\"headline\":\"asemer-ebury-pria events\",\"datePublished\":\"2023-03-31T15:57:17+00:00\",\"dateModified\":\"2023-04-10T12:45:44+00:00\",\"mainEntityOfPage\":{\"@id\":\"https:\\\/\\\/www.asemer.ro\\\/index.php\\\/2023\\\/03\\\/31\\\/asemer-ebury-pria-events\\\/\"},\"wordCount\":1149,\"commentCount\":0,\"publisher\":{\"@id\":\"https:\\\/\\\/www.asemer.ro\\\/#organization\"},\"image\":{\"@id\":\"https:\\\/\\\/www.asemer.ro\\\/index.php\\\/2023\\\/03\\\/31\\\/asemer-ebury-pria-events\\\/#primaryimage\"},\"thumbnailUrl\":\"https:\\\/\\\/www.asemer.ro\\\/wp-content\\\/uploads\\\/2023\\\/04\\\/Screenshot-2023-04-05-143643.png\",\"articleSection\":[\"Uncategorized\"],\"inLanguage\":\"es\",\"potentialAction\":[{\"@type\":\"CommentAction\",\"name\":\"Comment\",\"target\":[\"https:\\\/\\\/www.asemer.ro\\\/index.php\\\/2023\\\/03\\\/31\\\/asemer-ebury-pria-events\\\/#respond\"]}]},{\"@type\":\"WebPage\",\"@id\":\"https:\\\/\\\/www.asemer.ro\\\/index.php\\\/2023\\\/03\\\/31\\\/asemer-ebury-pria-events\\\/\",\"url\":\"https:\\\/\\\/www.asemer.ro\\\/index.php\\\/2023\\\/03\\\/31\\\/asemer-ebury-pria-events\\\/\",\"name\":\"asemer-ebury-pria events - ASEMER\",\"isPartOf\":{\"@id\":\"https:\\\/\\\/www.asemer.ro\\\/#website\"},\"primaryImageOfPage\":{\"@id\":\"https:\\\/\\\/www.asemer.ro\\\/index.php\\\/2023\\\/03\\\/31\\\/asemer-ebury-pria-events\\\/#primaryimage\"},\"image\":{\"@id\":\"https:\\\/\\\/www.asemer.ro\\\/index.php\\\/2023\\\/03\\\/31\\\/asemer-ebury-pria-events\\\/#primaryimage\"},\"thumbnailUrl\":\"https:\\\/\\\/www.asemer.ro\\\/wp-content\\\/uploads\\\/2023\\\/04\\\/Screenshot-2023-04-05-143643.png\",\"datePublished\":\"2023-03-31T15:57:17+00:00\",\"dateModified\":\"2023-04-10T12:45:44+00:00\",\"breadcrumb\":{\"@id\":\"https:\\\/\\\/www.asemer.ro\\\/index.php\\\/2023\\\/03\\\/31\\\/asemer-ebury-pria-events\\\/#breadcrumb\"},\"inLanguage\":\"es\",\"potentialAction\":[{\"@type\":\"ReadAction\",\"target\":[\"https:\\\/\\\/www.asemer.ro\\\/index.php\\\/2023\\\/03\\\/31\\\/asemer-ebury-pria-events\\\/\"]}]},{\"@type\":\"ImageObject\",\"inLanguage\":\"es\",\"@id\":\"https:\\\/\\\/www.asemer.ro\\\/index.php\\\/2023\\\/03\\\/31\\\/asemer-ebury-pria-events\\\/#primaryimage\",\"url\":\"https:\\\/\\\/www.asemer.ro\\\/wp-content\\\/uploads\\\/2023\\\/04\\\/Screenshot-2023-04-05-143643.png\",\"contentUrl\":\"https:\\\/\\\/www.asemer.ro\\\/wp-content\\\/uploads\\\/2023\\\/04\\\/Screenshot-2023-04-05-143643.png\",\"width\":934,\"height\":618},{\"@type\":\"BreadcrumbList\",\"@id\":\"https:\\\/\\\/www.asemer.ro\\\/index.php\\\/2023\\\/03\\\/31\\\/asemer-ebury-pria-events\\\/#breadcrumb\",\"itemListElement\":[{\"@type\":\"ListItem\",\"position\":1,\"name\":\"Home\",\"item\":\"https:\\\/\\\/www.asemer.ro\\\/\"},{\"@type\":\"ListItem\",\"position\":2,\"name\":\"asemer-ebury-pria events\"}]},{\"@type\":\"WebSite\",\"@id\":\"https:\\\/\\\/www.asemer.ro\\\/#website\",\"url\":\"https:\\\/\\\/www.asemer.ro\\\/\",\"name\":\"ASEMER\",\"description\":\"Asociaci\u00f3n de Empresas Espa\u00f1olas en Ruman\u00eda\",\"publisher\":{\"@id\":\"https:\\\/\\\/www.asemer.ro\\\/#organization\"},\"potentialAction\":[{\"@type\":\"SearchAction\",\"target\":{\"@type\":\"EntryPoint\",\"urlTemplate\":\"https:\\\/\\\/www.asemer.ro\\\/?s={search_term_string}\"},\"query-input\":{\"@type\":\"PropertyValueSpecification\",\"valueRequired\":true,\"valueName\":\"search_term_string\"}}],\"inLanguage\":\"es\"},{\"@type\":\"Organization\",\"@id\":\"https:\\\/\\\/www.asemer.ro\\\/#organization\",\"name\":\"ASEMER\",\"url\":\"https:\\\/\\\/www.asemer.ro\\\/\",\"logo\":{\"@type\":\"ImageObject\",\"inLanguage\":\"es\",\"@id\":\"https:\\\/\\\/www.asemer.ro\\\/#\\\/schema\\\/logo\\\/image\\\/\",\"url\":\"https:\\\/\\\/www.asemer.ro\\\/wp-content\\\/uploads\\\/2020\\\/12\\\/logo-ASEMER-scaled.jpg\",\"contentUrl\":\"https:\\\/\\\/www.asemer.ro\\\/wp-content\\\/uploads\\\/2020\\\/12\\\/logo-ASEMER-scaled.jpg\",\"width\":2560,\"height\":849,\"caption\":\"ASEMER\"},\"image\":{\"@id\":\"https:\\\/\\\/www.asemer.ro\\\/#\\\/schema\\\/logo\\\/image\\\/\"},\"sameAs\":[\"https:\\\/\\\/www.facebook.com\\\/asociacionasemer\",\"https:\\\/\\\/x.com\\\/asemer_rumania\",\"https:\\\/\\\/ro.linkedin.com\\\/in\\\/asemer-asociaci\u00f3n-empresas-espa\u00f1olas-en-ruman\u00eda-724772a6?trk=author_mini-profile_title\",\"https:\\\/\\\/www.youtube.com\\\/channel\\\/UC73m8-BDsg857OL0Ogv5aQA\\\/videos\"]},{\"@type\":\"Person\",\"@id\":\"https:\\\/\\\/www.asemer.ro\\\/#\\\/schema\\\/person\\\/36de47e444c0f1a7b737a035d40519f9\",\"name\":\"Admin Asemer\",\"image\":{\"@type\":\"ImageObject\",\"inLanguage\":\"es\",\"@id\":\"https:\\\/\\\/secure.gravatar.com\\\/avatar\\\/b64873d65b5be684e01a001c464789c445a7279ef3f177f5fbff5d83eb373299?s=96&d=mm&r=g\",\"url\":\"https:\\\/\\\/secure.gravatar.com\\\/avatar\\\/b64873d65b5be684e01a001c464789c445a7279ef3f177f5fbff5d83eb373299?s=96&d=mm&r=g\",\"contentUrl\":\"https:\\\/\\\/secure.gravatar.com\\\/avatar\\\/b64873d65b5be684e01a001c464789c445a7279ef3f177f5fbff5d83eb373299?s=96&d=mm&r=g\",\"caption\":\"Admin Asemer\"},\"url\":\"https:\\\/\\\/www.asemer.ro\\\/index.php\\\/author\\\/admin\\\/\"}]}<\/script>\n<!-- \/ Yoast SEO plugin. -->","yoast_head_json":{"title":"asemer-ebury-pria events - ASEMER","robots":{"index":"index","follow":"follow","max-snippet":"max-snippet:-1","max-image-preview":"max-image-preview:large","max-video-preview":"max-video-preview:-1"},"canonical":"https:\/\/www.asemer.ro\/index.php\/2023\/03\/31\/asemer-ebury-pria-events\/","og_locale":"es_ES","og_type":"article","og_title":"asemer-ebury-pria events - ASEMER","og_description":"En fecha de 29 de marzo de 2023 tuvo lugar la primera conferencia sobre e-commerce organizada por nuestra asociaci\u00f3n en [&hellip;]","og_url":"https:\/\/www.asemer.ro\/index.php\/2023\/03\/31\/asemer-ebury-pria-events\/","og_site_name":"ASEMER","article_publisher":"https:\/\/www.facebook.com\/asociacionasemer","article_published_time":"2023-03-31T15:57:17+00:00","article_modified_time":"2023-04-10T12:45:44+00:00","og_image":[{"url":"https:\/\/www.asemer.ro\/wp-content\/uploads\/2023\/04\/Screenshot-2023-04-05-143643.png","type":"","width":"","height":""}],"author":"Admin Asemer","twitter_card":"summary_large_image","twitter_creator":"@asemer_rumania","twitter_site":"@asemer_rumania","twitter_misc":{"Escrito por":"Admin Asemer","Tiempo de lectura":"9 minutos"},"schema":{"@context":"https:\/\/schema.org","@graph":[{"@type":"Article","@id":"https:\/\/www.asemer.ro\/index.php\/2023\/03\/31\/asemer-ebury-pria-events\/#article","isPartOf":{"@id":"https:\/\/www.asemer.ro\/index.php\/2023\/03\/31\/asemer-ebury-pria-events\/"},"author":{"name":"Admin Asemer","@id":"https:\/\/www.asemer.ro\/#\/schema\/person\/36de47e444c0f1a7b737a035d40519f9"},"headline":"asemer-ebury-pria events","datePublished":"2023-03-31T15:57:17+00:00","dateModified":"2023-04-10T12:45:44+00:00","mainEntityOfPage":{"@id":"https:\/\/www.asemer.ro\/index.php\/2023\/03\/31\/asemer-ebury-pria-events\/"},"wordCount":1149,"commentCount":0,"publisher":{"@id":"https:\/\/www.asemer.ro\/#organization"},"image":{"@id":"https:\/\/www.asemer.ro\/index.php\/2023\/03\/31\/asemer-ebury-pria-events\/#primaryimage"},"thumbnailUrl":"https:\/\/www.asemer.ro\/wp-content\/uploads\/2023\/04\/Screenshot-2023-04-05-143643.png","articleSection":["Uncategorized"],"inLanguage":"es","potentialAction":[{"@type":"CommentAction","name":"Comment","target":["https:\/\/www.asemer.ro\/index.php\/2023\/03\/31\/asemer-ebury-pria-events\/#respond"]}]},{"@type":"WebPage","@id":"https:\/\/www.asemer.ro\/index.php\/2023\/03\/31\/asemer-ebury-pria-events\/","url":"https:\/\/www.asemer.ro\/index.php\/2023\/03\/31\/asemer-ebury-pria-events\/","name":"asemer-ebury-pria events - ASEMER","isPartOf":{"@id":"https:\/\/www.asemer.ro\/#website"},"primaryImageOfPage":{"@id":"https:\/\/www.asemer.ro\/index.php\/2023\/03\/31\/asemer-ebury-pria-events\/#primaryimage"},"image":{"@id":"https:\/\/www.asemer.ro\/index.php\/2023\/03\/31\/asemer-ebury-pria-events\/#primaryimage"},"thumbnailUrl":"https:\/\/www.asemer.ro\/wp-content\/uploads\/2023\/04\/Screenshot-2023-04-05-143643.png","datePublished":"2023-03-31T15:57:17+00:00","dateModified":"2023-04-10T12:45:44+00:00","breadcrumb":{"@id":"https:\/\/www.asemer.ro\/index.php\/2023\/03\/31\/asemer-ebury-pria-events\/#breadcrumb"},"inLanguage":"es","potentialAction":[{"@type":"ReadAction","target":["https:\/\/www.asemer.ro\/index.php\/2023\/03\/31\/asemer-ebury-pria-events\/"]}]},{"@type":"ImageObject","inLanguage":"es","@id":"https:\/\/www.asemer.ro\/index.php\/2023\/03\/31\/asemer-ebury-pria-events\/#primaryimage","url":"https:\/\/www.asemer.ro\/wp-content\/uploads\/2023\/04\/Screenshot-2023-04-05-143643.png","contentUrl":"https:\/\/www.asemer.ro\/wp-content\/uploads\/2023\/04\/Screenshot-2023-04-05-143643.png","width":934,"height":618},{"@type":"BreadcrumbList","@id":"https:\/\/www.asemer.ro\/index.php\/2023\/03\/31\/asemer-ebury-pria-events\/#breadcrumb","itemListElement":[{"@type":"ListItem","position":1,"name":"Home","item":"https:\/\/www.asemer.ro\/"},{"@type":"ListItem","position":2,"name":"asemer-ebury-pria events"}]},{"@type":"WebSite","@id":"https:\/\/www.asemer.ro\/#website","url":"https:\/\/www.asemer.ro\/","name":"ASEMER","description":"Asociaci\u00f3n de Empresas Espa\u00f1olas en Ruman\u00eda","publisher":{"@id":"https:\/\/www.asemer.ro\/#organization"},"potentialAction":[{"@type":"SearchAction","target":{"@type":"EntryPoint","urlTemplate":"https:\/\/www.asemer.ro\/?s={search_term_string}"},"query-input":{"@type":"PropertyValueSpecification","valueRequired":true,"valueName":"search_term_string"}}],"inLanguage":"es"},{"@type":"Organization","@id":"https:\/\/www.asemer.ro\/#organization","name":"ASEMER","url":"https:\/\/www.asemer.ro\/","logo":{"@type":"ImageObject","inLanguage":"es","@id":"https:\/\/www.asemer.ro\/#\/schema\/logo\/image\/","url":"https:\/\/www.asemer.ro\/wp-content\/uploads\/2020\/12\/logo-ASEMER-scaled.jpg","contentUrl":"https:\/\/www.asemer.ro\/wp-content\/uploads\/2020\/12\/logo-ASEMER-scaled.jpg","width":2560,"height":849,"caption":"ASEMER"},"image":{"@id":"https:\/\/www.asemer.ro\/#\/schema\/logo\/image\/"},"sameAs":["https:\/\/www.facebook.com\/asociacionasemer","https:\/\/x.com\/asemer_rumania","https:\/\/ro.linkedin.com\/in\/asemer-asociaci\u00f3n-empresas-espa\u00f1olas-en-ruman\u00eda-724772a6?trk=author_mini-profile_title","https:\/\/www.youtube.com\/channel\/UC73m8-BDsg857OL0Ogv5aQA\/videos"]},{"@type":"Person","@id":"https:\/\/www.asemer.ro\/#\/schema\/person\/36de47e444c0f1a7b737a035d40519f9","name":"Admin Asemer","image":{"@type":"ImageObject","inLanguage":"es","@id":"https:\/\/secure.gravatar.com\/avatar\/b64873d65b5be684e01a001c464789c445a7279ef3f177f5fbff5d83eb373299?s=96&d=mm&r=g","url":"https:\/\/secure.gravatar.com\/avatar\/b64873d65b5be684e01a001c464789c445a7279ef3f177f5fbff5d83eb373299?s=96&d=mm&r=g","contentUrl":"https:\/\/secure.gravatar.com\/avatar\/b64873d65b5be684e01a001c464789c445a7279ef3f177f5fbff5d83eb373299?s=96&d=mm&r=g","caption":"Admin Asemer"},"url":"https:\/\/www.asemer.ro\/index.php\/author\/admin\/"}]}},"_links":{"self":[{"href":"https:\/\/www.asemer.ro\/index.php\/wp-json\/wp\/v2\/posts\/8171","targetHints":{"allow":["GET"]}}],"collection":[{"href":"https:\/\/www.asemer.ro\/index.php\/wp-json\/wp\/v2\/posts"}],"about":[{"href":"https:\/\/www.asemer.ro\/index.php\/wp-json\/wp\/v2\/types\/post"}],"author":[{"embeddable":true,"href":"https:\/\/www.asemer.ro\/index.php\/wp-json\/wp\/v2\/users\/3"}],"replies":[{"embeddable":true,"href":"https:\/\/www.asemer.ro\/index.php\/wp-json\/wp\/v2\/comments?post=8171"}],"version-history":[{"count":19,"href":"https:\/\/www.asemer.ro\/index.php\/wp-json\/wp\/v2\/posts\/8171\/revisions"}],"predecessor-version":[{"id":8253,"href":"https:\/\/www.asemer.ro\/index.php\/wp-json\/wp\/v2\/posts\/8171\/revisions\/8253"}],"wp:attachment":[{"href":"https:\/\/www.asemer.ro\/index.php\/wp-json\/wp\/v2\/media?parent=8171"}],"wp:term":[{"taxonomy":"category","embeddable":true,"href":"https:\/\/www.asemer.ro\/index.php\/wp-json\/wp\/v2\/categories?post=8171"},{"taxonomy":"post_tag","embeddable":true,"href":"https:\/\/www.asemer.ro\/index.php\/wp-json\/wp\/v2\/tags?post=8171"}],"curies":[{"name":"wp","href":"https:\/\/api.w.org\/{rel}","templated":true}]}}