{"id":8217,"date":"2023-03-31T12:35:15","date_gmt":"2023-03-31T10:35:15","guid":{"rendered":"https:\/\/www.asemer.ro\/?p=8217"},"modified":"2023-04-10T13:42:51","modified_gmt":"2023-04-10T11:42:51","slug":"alas-del-sol","status":"publish","type":"post","link":"https:\/\/www.asemer.ro\/index.php\/2023\/03\/31\/alas-del-sol\/","title":{"rendered":"ALAS DEL SOL"},"content":{"rendered":"<div class=\"wp-block-image\">\n<figure class=\"alignleft size-large is-resized\"><img decoding=\"async\" src=\"https:\/\/www.asemer.ro\/wp-content\/uploads\/2023\/04\/WhatsApp-Image-2023-04-06-at-01.25.44-1-1024x1024.jpg\" alt=\"\" class=\"wp-image-8220\" width=\"500\" srcset=\"https:\/\/www.asemer.ro\/wp-content\/uploads\/2023\/04\/WhatsApp-Image-2023-04-06-at-01.25.44-1-1024x1024.jpg 1024w, https:\/\/www.asemer.ro\/wp-content\/uploads\/2023\/04\/WhatsApp-Image-2023-04-06-at-01.25.44-1-300x300.jpg 300w, https:\/\/www.asemer.ro\/wp-content\/uploads\/2023\/04\/WhatsApp-Image-2023-04-06-at-01.25.44-1-150x150.jpg 150w, https:\/\/www.asemer.ro\/wp-content\/uploads\/2023\/04\/WhatsApp-Image-2023-04-06-at-01.25.44-1-768x768.jpg 768w, https:\/\/www.asemer.ro\/wp-content\/uploads\/2023\/04\/WhatsApp-Image-2023-04-06-at-01.25.44-1-1536x1536.jpg 1536w, https:\/\/www.asemer.ro\/wp-content\/uploads\/2023\/04\/WhatsApp-Image-2023-04-06-at-01.25.44-1-720x720.jpg 720w, https:\/\/www.asemer.ro\/wp-content\/uploads\/2023\/04\/WhatsApp-Image-2023-04-06-at-01.25.44-1-360x360.jpg 360w, https:\/\/www.asemer.ro\/wp-content\/uploads\/2023\/04\/WhatsApp-Image-2023-04-06-at-01.25.44-1.jpg 1920w\" sizes=\"(max-width: 1024px) 100vw, 1024px\" \/><\/figure>\n<\/div>\n\n\n<p><strong><em>Alas Del Sol<\/em><\/strong> &#8211; es una banda que combina armoniosamente dos g\u00e9neros musicales &#8211;&nbsp; pop latino con influencias flamencas y el g\u00e9nero oriental. Alas Del Sol es una fusi\u00f3n exitosa entre los g\u00e9neros musicales latino y orientales.<\/p>\n\n\n\n<p><strong>Julia <\/strong>&#8211; una voz suave y gentil<\/p>\n\n\n\n<p><strong>Catalina<\/strong> &#8211; una voz dram\u00e1tica y rebelde<\/p>\n\n\n\n<p><strong>Ramy <\/strong>&#8211; un artista profundo que abraza con su guitarra cada canci\u00f3n de una manera especial y personal<\/p>\n\n\n\n<p>Los artistas estar\u00e1n encantados de presentarles a trav\u00e9s de sus canciones un g\u00e9nero musical que deleitar\u00e1 vuestros corazones. <strong>Para saber m\u00e1s sobre ellos y su maravillosa m\u00fasica, te invitamos el 21 de April, en el restaurante Paque Bistro&amp;More&nbsp; a las 21:00 para una velada latino-oriental excepcional!<\/strong><\/p>\n\n\n\n<p>Informaci\u00f3n Evento: <\/p>\n\n\n\n<p><a href=\"https:\/\/www.kompostor.ro\/evenimente\/12373-nuestra-historia\">https:\/\/www.kompostor.ro\/evenimente\/12373-nuestra-historia<\/a><\/p>\n\n\n<div class=\"wp-block-image\">\n<figure class=\"alignright size-full\"><img loading=\"lazy\" decoding=\"async\" width=\"274\" height=\"276\" src=\"https:\/\/www.asemer.ro\/wp-content\/uploads\/2023\/04\/Screenshot-2023-04-10-132949.png\" alt=\"\" class=\"wp-image-8228\" srcset=\"https:\/\/www.asemer.ro\/wp-content\/uploads\/2023\/04\/Screenshot-2023-04-10-132949.png 274w, https:\/\/www.asemer.ro\/wp-content\/uploads\/2023\/04\/Screenshot-2023-04-10-132949-150x150.png 150w\" sizes=\"auto, (max-width: 274px) 100vw, 274px\" \/><\/figure>\n<\/div>\n\n\n<p><strong>Iulia Marin<\/strong> &#8211; comenz\u00f3 su carrera art\u00edstica a la edad de 9 a\u00f1os, siendo miembro del Coro de Ni\u00f1os de la Radiodifusi\u00f3n Rumana. Durante los 7 a\u00f1os de actividad coral, tuvo la oportunidad de participar en diversos eventos musicales en el pa\u00eds y giras en el exterior: Jap\u00f3n, Am\u00e9rica, Suiza, Italia, Francia, Alemania. Se gradu\u00f3 de la Escuela de Arte de Bucarest, el departamento de m\u00fasica pop.<\/p>\n\n\n\n<p>Iulia ha estado activa como solista vocal desde 2018 y actualmente es una de los solistas de la banda <strong><em>Alas Del Sol.<\/em><\/strong><\/p>\n\n\n<div class=\"wp-block-image\">\n<figure class=\"alignleft size-full\"><img loading=\"lazy\" decoding=\"async\" width=\"274\" height=\"280\" src=\"https:\/\/www.asemer.ro\/wp-content\/uploads\/2023\/04\/Screenshot-2023-04-10-132837.png\" alt=\"\" class=\"wp-image-8227\"\/><\/figure>\n<\/div>\n\n\n<p><strong>Catalina<\/strong> &#8211; descubri\u00f3 que su primer amor era la m\u00fasica y cant\u00f3 por primera vez a los 15 a\u00f1os, en el coro del colegio, coqueteando a la vez con el teatro, la pintura y la poes\u00eda.<\/p>\n\n\n\n<p>Form\u00f3 parte del grupo art\u00edstico, la secci\u00f3n de m\u00fasica pop y teatro, de la Casa de la Cultura \u00abNichita St\u0103nescu\u00bb de Bucarest, donde particip\u00f3 en varios espect\u00e1culos en Bucarest y en otras ciudades del pa\u00eds.<\/p>\n\n\n\n<p>En 2008 realiz\u00f3 su primer concierto de m\u00fasica latina, tocando varios estilos como rancheras, tejano, flamenco, pop-latino, rock-latino. Continu\u00f3 como solista de m\u00fasica latina, cantando en restaurantes, pubs o eventos privados.<\/p>\n\n\n\n<p><strong>Catalina<\/strong> sigue expresando su amor por el estilo musical que la representa, siendo solista y compositora de la banda <strong><em>Alas Del So<\/em><\/strong>l.<\/p>\n\n\n<div class=\"wp-block-image\">\n<figure class=\"alignright size-full is-resized\"><img decoding=\"async\" src=\"https:\/\/www.asemer.ro\/wp-content\/uploads\/2023\/04\/Screenshot-2023-04-10-133050.png\" alt=\"\" class=\"wp-image-8229\" width=\"500\" srcset=\"https:\/\/www.asemer.ro\/wp-content\/uploads\/2023\/04\/Screenshot-2023-04-10-133050.png 346w, https:\/\/www.asemer.ro\/wp-content\/uploads\/2023\/04\/Screenshot-2023-04-10-133050-300x277.png 300w\" sizes=\"(max-width: 346px) 100vw, 346px\" \/><\/figure>\n<\/div>\n\n\n<p><strong>Ramy Fares<\/strong> &#8211; un artista talentoso, nacido y criado en Alejandr\u00eda, Egipto. Hace 7 a\u00f1os que vive en Bucarest, abrazando desde entonces las dos culturas de su pa\u00eds natal, Egipto (Egipcia &#8211; Isl\u00e1mica), y de Ruman\u00eda (Europea &#8211; Balc\u00e1nica).<\/p>\n\n\n\n<p>Estudi\u00f3 historia en la Universidad de Alexandria, pero trabaj\u00f3 m\u00e1s en medios art\u00edsticos, comenzando con el dise\u00f1o gr\u00e1fico, la fotograf\u00eda, la edici\u00f3n de videos, la composici\u00f3n musical y, recientemente, todas estas pasiones se unieron en una empresa emergente de producci\u00f3n de arte llamada SAUTUNNIL (LA VOZ DEL NILO).<\/p>\n\n\n\n<p>Los proyectos actuales y futuros se refieren a la producci\u00f3n de m\u00fasica y artes visuales. Tiene un gran portafolio musical, componiendo muchas canciones hermosas que se pueden escuchar por su canal de youtube.<\/p>\n\n\n\n<p>Sin embargo, la verdadera pasi\u00f3n de <strong>Ramy<\/strong> sigue siendo la m\u00fasica y las artes visuales, especialmente la fotograf\u00eda y la producci\u00f3n de videos. Actualmente es compositor y guitarrista de la banda <strong><em>Alas Del Sol<\/em><\/strong>.<\/p>\n\n\n\n<p>Tel: +40 753.615.322<\/p>\n\n\n\n<p>&nbsp;&nbsp;&nbsp;&nbsp;&nbsp;&nbsp;&nbsp; +40 754.652.982<\/p>\n\n\n\n<p>&nbsp;&nbsp;&nbsp;&nbsp;&nbsp;&nbsp;&nbsp; +40 724.201.187<\/p>\n\n\n\n<p>&nbsp;E-mail: <a href=\"mailto:alasdelsol03@gmail.com\">alasdelsol03@gmail.com<\/a><\/p>\n\n\n\n<p>&nbsp;Facebook:<a href=\"https:\/\/www.facebook.com\/muzicaspaniola\/\"> <\/a><a href=\"https:\/\/www.facebook.com\/muzicaspaniola\/\">https:\/\/www.facebook.com\/muzicaspaniola\/<\/a><a href=\"https:\/\/www.facebook.com\/muzicaspaniola\/\"><\/a><\/p>\n\n\n\n<p>&nbsp;You Tube: <a href=\"https:\/\/www.youtube.com\/channel\/UCzZfLBkbb8XTRhZhlpPdrfA\">https:\/\/www.youtube.com\/channel\/UCzZfLBkbb8XTRhZhlpPdrfA<\/a><a href=\"https:\/\/www.youtube.com\/channel\/UCzZfLBkbb8XTRhZhlpPdrfA\"><\/a><\/p>\n\n\n\n<figure class=\"wp-block-image size-full\"><img loading=\"lazy\" decoding=\"async\" width=\"975\" height=\"548\" src=\"https:\/\/www.asemer.ro\/wp-content\/uploads\/2023\/04\/image-1.png\" alt=\"\" class=\"wp-image-8225\" srcset=\"https:\/\/www.asemer.ro\/wp-content\/uploads\/2023\/04\/image-1.png 975w, https:\/\/www.asemer.ro\/wp-content\/uploads\/2023\/04\/image-1-300x169.png 300w, https:\/\/www.asemer.ro\/wp-content\/uploads\/2023\/04\/image-1-768x432.png 768w, https:\/\/www.asemer.ro\/wp-content\/uploads\/2023\/04\/image-1-720x405.png 720w\" sizes=\"auto, (max-width: 975px) 100vw, 975px\" \/><\/figure>\n\n\n\n<p><\/p>\n","protected":false},"excerpt":{"rendered":"<p>Alas Del Sol &#8211; es una banda que combina armoniosamente dos g\u00e9neros musicales &#8211;&nbsp; pop latino con influencias flamencas y [&hellip;]<\/p>\n","protected":false},"author":3,"featured_media":0,"comment_status":"open","ping_status":"open","sticky":false,"template":"","format":"standard","meta":{"footnotes":""},"categories":[1],"tags":[],"class_list":["post-8217","post","type-post","status-publish","format-standard","hentry","category-uncategorized"],"yoast_head":"<!-- This site is optimized with the Yoast SEO plugin v27.5 - https:\/\/yoast.com\/product\/yoast-seo-wordpress\/ -->\n<title>ALAS DEL SOL - ASEMER<\/title>\n<meta name=\"robots\" content=\"index, follow, max-snippet:-1, max-image-preview:large, max-video-preview:-1\" \/>\n<link rel=\"canonical\" href=\"https:\/\/www.asemer.ro\/index.php\/2023\/03\/31\/alas-del-sol\/\" \/>\n<meta property=\"og:locale\" content=\"es_ES\" \/>\n<meta property=\"og:type\" content=\"article\" \/>\n<meta property=\"og:title\" content=\"ALAS DEL SOL - ASEMER\" \/>\n<meta property=\"og:description\" content=\"Alas Del Sol &#8211; es una banda que combina armoniosamente dos g\u00e9neros musicales &#8211;&nbsp; pop latino con influencias flamencas y [&hellip;]\" \/>\n<meta property=\"og:url\" content=\"https:\/\/www.asemer.ro\/index.php\/2023\/03\/31\/alas-del-sol\/\" \/>\n<meta property=\"og:site_name\" content=\"ASEMER\" \/>\n<meta property=\"article:publisher\" content=\"https:\/\/www.facebook.com\/asociacionasemer\" \/>\n<meta property=\"article:published_time\" content=\"2023-03-31T10:35:15+00:00\" \/>\n<meta property=\"article:modified_time\" content=\"2023-04-10T11:42:51+00:00\" \/>\n<meta property=\"og:image\" content=\"https:\/\/www.asemer.ro\/wp-content\/uploads\/2023\/04\/WhatsApp-Image-2023-04-06-at-01.25.44-1-1024x1024.jpg\" \/>\n<meta name=\"author\" content=\"Admin Asemer\" \/>\n<meta name=\"twitter:card\" content=\"summary_large_image\" \/>\n<meta name=\"twitter:creator\" content=\"@asemer_rumania\" \/>\n<meta name=\"twitter:site\" content=\"@asemer_rumania\" \/>\n<meta name=\"twitter:label1\" content=\"Escrito por\" \/>\n\t<meta name=\"twitter:data1\" content=\"Admin Asemer\" \/>\n\t<meta name=\"twitter:label2\" content=\"Tiempo de lectura\" \/>\n\t<meta name=\"twitter:data2\" content=\"4 minutos\" \/>\n<script type=\"application\/ld+json\" class=\"yoast-schema-graph\">{\"@context\":\"https:\\\/\\\/schema.org\",\"@graph\":[{\"@type\":\"Article\",\"@id\":\"https:\\\/\\\/www.asemer.ro\\\/index.php\\\/2023\\\/03\\\/31\\\/alas-del-sol\\\/#article\",\"isPartOf\":{\"@id\":\"https:\\\/\\\/www.asemer.ro\\\/index.php\\\/2023\\\/03\\\/31\\\/alas-del-sol\\\/\"},\"author\":{\"name\":\"Admin Asemer\",\"@id\":\"https:\\\/\\\/www.asemer.ro\\\/#\\\/schema\\\/person\\\/36de47e444c0f1a7b737a035d40519f9\"},\"headline\":\"ALAS DEL SOL\",\"datePublished\":\"2023-03-31T10:35:15+00:00\",\"dateModified\":\"2023-04-10T11:42:51+00:00\",\"mainEntityOfPage\":{\"@id\":\"https:\\\/\\\/www.asemer.ro\\\/index.php\\\/2023\\\/03\\\/31\\\/alas-del-sol\\\/\"},\"wordCount\":579,\"commentCount\":0,\"publisher\":{\"@id\":\"https:\\\/\\\/www.asemer.ro\\\/#organization\"},\"image\":{\"@id\":\"https:\\\/\\\/www.asemer.ro\\\/index.php\\\/2023\\\/03\\\/31\\\/alas-del-sol\\\/#primaryimage\"},\"thumbnailUrl\":\"https:\\\/\\\/www.asemer.ro\\\/wp-content\\\/uploads\\\/2023\\\/04\\\/WhatsApp-Image-2023-04-06-at-01.25.44-1-1024x1024.jpg\",\"articleSection\":[\"Uncategorized\"],\"inLanguage\":\"es\",\"potentialAction\":[{\"@type\":\"CommentAction\",\"name\":\"Comment\",\"target\":[\"https:\\\/\\\/www.asemer.ro\\\/index.php\\\/2023\\\/03\\\/31\\\/alas-del-sol\\\/#respond\"]}]},{\"@type\":\"WebPage\",\"@id\":\"https:\\\/\\\/www.asemer.ro\\\/index.php\\\/2023\\\/03\\\/31\\\/alas-del-sol\\\/\",\"url\":\"https:\\\/\\\/www.asemer.ro\\\/index.php\\\/2023\\\/03\\\/31\\\/alas-del-sol\\\/\",\"name\":\"ALAS DEL SOL - ASEMER\",\"isPartOf\":{\"@id\":\"https:\\\/\\\/www.asemer.ro\\\/#website\"},\"primaryImageOfPage\":{\"@id\":\"https:\\\/\\\/www.asemer.ro\\\/index.php\\\/2023\\\/03\\\/31\\\/alas-del-sol\\\/#primaryimage\"},\"image\":{\"@id\":\"https:\\\/\\\/www.asemer.ro\\\/index.php\\\/2023\\\/03\\\/31\\\/alas-del-sol\\\/#primaryimage\"},\"thumbnailUrl\":\"https:\\\/\\\/www.asemer.ro\\\/wp-content\\\/uploads\\\/2023\\\/04\\\/WhatsApp-Image-2023-04-06-at-01.25.44-1-1024x1024.jpg\",\"datePublished\":\"2023-03-31T10:35:15+00:00\",\"dateModified\":\"2023-04-10T11:42:51+00:00\",\"breadcrumb\":{\"@id\":\"https:\\\/\\\/www.asemer.ro\\\/index.php\\\/2023\\\/03\\\/31\\\/alas-del-sol\\\/#breadcrumb\"},\"inLanguage\":\"es\",\"potentialAction\":[{\"@type\":\"ReadAction\",\"target\":[\"https:\\\/\\\/www.asemer.ro\\\/index.php\\\/2023\\\/03\\\/31\\\/alas-del-sol\\\/\"]}]},{\"@type\":\"ImageObject\",\"inLanguage\":\"es\",\"@id\":\"https:\\\/\\\/www.asemer.ro\\\/index.php\\\/2023\\\/03\\\/31\\\/alas-del-sol\\\/#primaryimage\",\"url\":\"https:\\\/\\\/www.asemer.ro\\\/wp-content\\\/uploads\\\/2023\\\/04\\\/WhatsApp-Image-2023-04-06-at-01.25.44-1.jpg\",\"contentUrl\":\"https:\\\/\\\/www.asemer.ro\\\/wp-content\\\/uploads\\\/2023\\\/04\\\/WhatsApp-Image-2023-04-06-at-01.25.44-1.jpg\",\"width\":1920,\"height\":1920},{\"@type\":\"BreadcrumbList\",\"@id\":\"https:\\\/\\\/www.asemer.ro\\\/index.php\\\/2023\\\/03\\\/31\\\/alas-del-sol\\\/#breadcrumb\",\"itemListElement\":[{\"@type\":\"ListItem\",\"position\":1,\"name\":\"Home\",\"item\":\"https:\\\/\\\/www.asemer.ro\\\/\"},{\"@type\":\"ListItem\",\"position\":2,\"name\":\"ALAS DEL SOL\"}]},{\"@type\":\"WebSite\",\"@id\":\"https:\\\/\\\/www.asemer.ro\\\/#website\",\"url\":\"https:\\\/\\\/www.asemer.ro\\\/\",\"name\":\"ASEMER\",\"description\":\"Asociaci\u00f3n de Empresas Espa\u00f1olas en Ruman\u00eda\",\"publisher\":{\"@id\":\"https:\\\/\\\/www.asemer.ro\\\/#organization\"},\"potentialAction\":[{\"@type\":\"SearchAction\",\"target\":{\"@type\":\"EntryPoint\",\"urlTemplate\":\"https:\\\/\\\/www.asemer.ro\\\/?s={search_term_string}\"},\"query-input\":{\"@type\":\"PropertyValueSpecification\",\"valueRequired\":true,\"valueName\":\"search_term_string\"}}],\"inLanguage\":\"es\"},{\"@type\":\"Organization\",\"@id\":\"https:\\\/\\\/www.asemer.ro\\\/#organization\",\"name\":\"ASEMER\",\"url\":\"https:\\\/\\\/www.asemer.ro\\\/\",\"logo\":{\"@type\":\"ImageObject\",\"inLanguage\":\"es\",\"@id\":\"https:\\\/\\\/www.asemer.ro\\\/#\\\/schema\\\/logo\\\/image\\\/\",\"url\":\"https:\\\/\\\/www.asemer.ro\\\/wp-content\\\/uploads\\\/2020\\\/12\\\/logo-ASEMER-scaled.jpg\",\"contentUrl\":\"https:\\\/\\\/www.asemer.ro\\\/wp-content\\\/uploads\\\/2020\\\/12\\\/logo-ASEMER-scaled.jpg\",\"width\":2560,\"height\":849,\"caption\":\"ASEMER\"},\"image\":{\"@id\":\"https:\\\/\\\/www.asemer.ro\\\/#\\\/schema\\\/logo\\\/image\\\/\"},\"sameAs\":[\"https:\\\/\\\/www.facebook.com\\\/asociacionasemer\",\"https:\\\/\\\/x.com\\\/asemer_rumania\",\"https:\\\/\\\/ro.linkedin.com\\\/in\\\/asemer-asociaci\u00f3n-empresas-espa\u00f1olas-en-ruman\u00eda-724772a6?trk=author_mini-profile_title\",\"https:\\\/\\\/www.youtube.com\\\/channel\\\/UC73m8-BDsg857OL0Ogv5aQA\\\/videos\"]},{\"@type\":\"Person\",\"@id\":\"https:\\\/\\\/www.asemer.ro\\\/#\\\/schema\\\/person\\\/36de47e444c0f1a7b737a035d40519f9\",\"name\":\"Admin Asemer\",\"image\":{\"@type\":\"ImageObject\",\"inLanguage\":\"es\",\"@id\":\"https:\\\/\\\/secure.gravatar.com\\\/avatar\\\/b64873d65b5be684e01a001c464789c445a7279ef3f177f5fbff5d83eb373299?s=96&d=mm&r=g\",\"url\":\"https:\\\/\\\/secure.gravatar.com\\\/avatar\\\/b64873d65b5be684e01a001c464789c445a7279ef3f177f5fbff5d83eb373299?s=96&d=mm&r=g\",\"contentUrl\":\"https:\\\/\\\/secure.gravatar.com\\\/avatar\\\/b64873d65b5be684e01a001c464789c445a7279ef3f177f5fbff5d83eb373299?s=96&d=mm&r=g\",\"caption\":\"Admin Asemer\"},\"url\":\"https:\\\/\\\/www.asemer.ro\\\/index.php\\\/author\\\/admin\\\/\"}]}<\/script>\n<!-- \/ Yoast SEO plugin. -->","yoast_head_json":{"title":"ALAS DEL SOL - ASEMER","robots":{"index":"index","follow":"follow","max-snippet":"max-snippet:-1","max-image-preview":"max-image-preview:large","max-video-preview":"max-video-preview:-1"},"canonical":"https:\/\/www.asemer.ro\/index.php\/2023\/03\/31\/alas-del-sol\/","og_locale":"es_ES","og_type":"article","og_title":"ALAS DEL SOL - ASEMER","og_description":"Alas Del Sol &#8211; es una banda que combina armoniosamente dos g\u00e9neros musicales &#8211;&nbsp; pop latino con influencias flamencas y [&hellip;]","og_url":"https:\/\/www.asemer.ro\/index.php\/2023\/03\/31\/alas-del-sol\/","og_site_name":"ASEMER","article_publisher":"https:\/\/www.facebook.com\/asociacionasemer","article_published_time":"2023-03-31T10:35:15+00:00","article_modified_time":"2023-04-10T11:42:51+00:00","og_image":[{"url":"https:\/\/www.asemer.ro\/wp-content\/uploads\/2023\/04\/WhatsApp-Image-2023-04-06-at-01.25.44-1-1024x1024.jpg","type":"","width":"","height":""}],"author":"Admin Asemer","twitter_card":"summary_large_image","twitter_creator":"@asemer_rumania","twitter_site":"@asemer_rumania","twitter_misc":{"Escrito por":"Admin Asemer","Tiempo de lectura":"4 minutos"},"schema":{"@context":"https:\/\/schema.org","@graph":[{"@type":"Article","@id":"https:\/\/www.asemer.ro\/index.php\/2023\/03\/31\/alas-del-sol\/#article","isPartOf":{"@id":"https:\/\/www.asemer.ro\/index.php\/2023\/03\/31\/alas-del-sol\/"},"author":{"name":"Admin Asemer","@id":"https:\/\/www.asemer.ro\/#\/schema\/person\/36de47e444c0f1a7b737a035d40519f9"},"headline":"ALAS DEL SOL","datePublished":"2023-03-31T10:35:15+00:00","dateModified":"2023-04-10T11:42:51+00:00","mainEntityOfPage":{"@id":"https:\/\/www.asemer.ro\/index.php\/2023\/03\/31\/alas-del-sol\/"},"wordCount":579,"commentCount":0,"publisher":{"@id":"https:\/\/www.asemer.ro\/#organization"},"image":{"@id":"https:\/\/www.asemer.ro\/index.php\/2023\/03\/31\/alas-del-sol\/#primaryimage"},"thumbnailUrl":"https:\/\/www.asemer.ro\/wp-content\/uploads\/2023\/04\/WhatsApp-Image-2023-04-06-at-01.25.44-1-1024x1024.jpg","articleSection":["Uncategorized"],"inLanguage":"es","potentialAction":[{"@type":"CommentAction","name":"Comment","target":["https:\/\/www.asemer.ro\/index.php\/2023\/03\/31\/alas-del-sol\/#respond"]}]},{"@type":"WebPage","@id":"https:\/\/www.asemer.ro\/index.php\/2023\/03\/31\/alas-del-sol\/","url":"https:\/\/www.asemer.ro\/index.php\/2023\/03\/31\/alas-del-sol\/","name":"ALAS DEL SOL - ASEMER","isPartOf":{"@id":"https:\/\/www.asemer.ro\/#website"},"primaryImageOfPage":{"@id":"https:\/\/www.asemer.ro\/index.php\/2023\/03\/31\/alas-del-sol\/#primaryimage"},"image":{"@id":"https:\/\/www.asemer.ro\/index.php\/2023\/03\/31\/alas-del-sol\/#primaryimage"},"thumbnailUrl":"https:\/\/www.asemer.ro\/wp-content\/uploads\/2023\/04\/WhatsApp-Image-2023-04-06-at-01.25.44-1-1024x1024.jpg","datePublished":"2023-03-31T10:35:15+00:00","dateModified":"2023-04-10T11:42:51+00:00","breadcrumb":{"@id":"https:\/\/www.asemer.ro\/index.php\/2023\/03\/31\/alas-del-sol\/#breadcrumb"},"inLanguage":"es","potentialAction":[{"@type":"ReadAction","target":["https:\/\/www.asemer.ro\/index.php\/2023\/03\/31\/alas-del-sol\/"]}]},{"@type":"ImageObject","inLanguage":"es","@id":"https:\/\/www.asemer.ro\/index.php\/2023\/03\/31\/alas-del-sol\/#primaryimage","url":"https:\/\/www.asemer.ro\/wp-content\/uploads\/2023\/04\/WhatsApp-Image-2023-04-06-at-01.25.44-1.jpg","contentUrl":"https:\/\/www.asemer.ro\/wp-content\/uploads\/2023\/04\/WhatsApp-Image-2023-04-06-at-01.25.44-1.jpg","width":1920,"height":1920},{"@type":"BreadcrumbList","@id":"https:\/\/www.asemer.ro\/index.php\/2023\/03\/31\/alas-del-sol\/#breadcrumb","itemListElement":[{"@type":"ListItem","position":1,"name":"Home","item":"https:\/\/www.asemer.ro\/"},{"@type":"ListItem","position":2,"name":"ALAS DEL SOL"}]},{"@type":"WebSite","@id":"https:\/\/www.asemer.ro\/#website","url":"https:\/\/www.asemer.ro\/","name":"ASEMER","description":"Asociaci\u00f3n de Empresas Espa\u00f1olas en Ruman\u00eda","publisher":{"@id":"https:\/\/www.asemer.ro\/#organization"},"potentialAction":[{"@type":"SearchAction","target":{"@type":"EntryPoint","urlTemplate":"https:\/\/www.asemer.ro\/?s={search_term_string}"},"query-input":{"@type":"PropertyValueSpecification","valueRequired":true,"valueName":"search_term_string"}}],"inLanguage":"es"},{"@type":"Organization","@id":"https:\/\/www.asemer.ro\/#organization","name":"ASEMER","url":"https:\/\/www.asemer.ro\/","logo":{"@type":"ImageObject","inLanguage":"es","@id":"https:\/\/www.asemer.ro\/#\/schema\/logo\/image\/","url":"https:\/\/www.asemer.ro\/wp-content\/uploads\/2020\/12\/logo-ASEMER-scaled.jpg","contentUrl":"https:\/\/www.asemer.ro\/wp-content\/uploads\/2020\/12\/logo-ASEMER-scaled.jpg","width":2560,"height":849,"caption":"ASEMER"},"image":{"@id":"https:\/\/www.asemer.ro\/#\/schema\/logo\/image\/"},"sameAs":["https:\/\/www.facebook.com\/asociacionasemer","https:\/\/x.com\/asemer_rumania","https:\/\/ro.linkedin.com\/in\/asemer-asociaci\u00f3n-empresas-espa\u00f1olas-en-ruman\u00eda-724772a6?trk=author_mini-profile_title","https:\/\/www.youtube.com\/channel\/UC73m8-BDsg857OL0Ogv5aQA\/videos"]},{"@type":"Person","@id":"https:\/\/www.asemer.ro\/#\/schema\/person\/36de47e444c0f1a7b737a035d40519f9","name":"Admin Asemer","image":{"@type":"ImageObject","inLanguage":"es","@id":"https:\/\/secure.gravatar.com\/avatar\/b64873d65b5be684e01a001c464789c445a7279ef3f177f5fbff5d83eb373299?s=96&d=mm&r=g","url":"https:\/\/secure.gravatar.com\/avatar\/b64873d65b5be684e01a001c464789c445a7279ef3f177f5fbff5d83eb373299?s=96&d=mm&r=g","contentUrl":"https:\/\/secure.gravatar.com\/avatar\/b64873d65b5be684e01a001c464789c445a7279ef3f177f5fbff5d83eb373299?s=96&d=mm&r=g","caption":"Admin Asemer"},"url":"https:\/\/www.asemer.ro\/index.php\/author\/admin\/"}]}},"_links":{"self":[{"href":"https:\/\/www.asemer.ro\/index.php\/wp-json\/wp\/v2\/posts\/8217","targetHints":{"allow":["GET"]}}],"collection":[{"href":"https:\/\/www.asemer.ro\/index.php\/wp-json\/wp\/v2\/posts"}],"about":[{"href":"https:\/\/www.asemer.ro\/index.php\/wp-json\/wp\/v2\/types\/post"}],"author":[{"embeddable":true,"href":"https:\/\/www.asemer.ro\/index.php\/wp-json\/wp\/v2\/users\/3"}],"replies":[{"embeddable":true,"href":"https:\/\/www.asemer.ro\/index.php\/wp-json\/wp\/v2\/comments?post=8217"}],"version-history":[{"count":6,"href":"https:\/\/www.asemer.ro\/index.php\/wp-json\/wp\/v2\/posts\/8217\/revisions"}],"predecessor-version":[{"id":8236,"href":"https:\/\/www.asemer.ro\/index.php\/wp-json\/wp\/v2\/posts\/8217\/revisions\/8236"}],"wp:attachment":[{"href":"https:\/\/www.asemer.ro\/index.php\/wp-json\/wp\/v2\/media?parent=8217"}],"wp:term":[{"taxonomy":"category","embeddable":true,"href":"https:\/\/www.asemer.ro\/index.php\/wp-json\/wp\/v2\/categories?post=8217"},{"taxonomy":"post_tag","embeddable":true,"href":"https:\/\/www.asemer.ro\/index.php\/wp-json\/wp\/v2\/tags?post=8217"}],"curies":[{"name":"wp","href":"https:\/\/api.w.org\/{rel}","templated":true}]}}