{"id":8497,"date":"2023-06-29T10:07:18","date_gmt":"2023-06-29T08:07:18","guid":{"rendered":"https:\/\/www.asemer.ro\/?p=8497"},"modified":"2023-06-29T10:07:28","modified_gmt":"2023-06-29T08:07:28","slug":"colaboracion-con-revista-patronatului-roman-17","status":"publish","type":"post","link":"https:\/\/www.asemer.ro\/index.php\/2023\/06\/29\/colaboracion-con-revista-patronatului-roman-17\/","title":{"rendered":"COLABORACI\u00d3N CON REVISTA PATRONATULUI ROM\u0102N"},"content":{"rendered":"\n<h2 class=\"wp-block-heading\">Formele colective de sprijin \u00een dezvoltarea afacerilor<\/h2>\n\n\n\n<figure class=\"wp-block-image size-large\"><img loading=\"lazy\" decoding=\"async\" width=\"1024\" height=\"580\" src=\"https:\/\/www.asemer.ro\/wp-content\/uploads\/2023\/06\/Screenshot-2023-06-29-105934-1024x580.png\" alt=\"\" class=\"wp-image-8498\" srcset=\"https:\/\/www.asemer.ro\/wp-content\/uploads\/2023\/06\/Screenshot-2023-06-29-105934-1024x580.png 1024w, https:\/\/www.asemer.ro\/wp-content\/uploads\/2023\/06\/Screenshot-2023-06-29-105934-300x170.png 300w, https:\/\/www.asemer.ro\/wp-content\/uploads\/2023\/06\/Screenshot-2023-06-29-105934-768x435.png 768w, https:\/\/www.asemer.ro\/wp-content\/uploads\/2023\/06\/Screenshot-2023-06-29-105934-720x408.png 720w, https:\/\/www.asemer.ro\/wp-content\/uploads\/2023\/06\/Screenshot-2023-06-29-105934.png 1038w\" sizes=\"auto, (max-width: 1024px) 100vw, 1024px\" \/><\/figure>\n\n\n\n<p>\u201eFormele colective de sprijin \u00een dezvoltarea afacerilor\u201d este un eveniment organizat de <a href=\"https:\/\/cpesgr.ro\/\" target=\"_blank\" rel=\"noreferrer noopener\">Consiliul Patronatelor ESG din Rom\u00e2nia<\/a> \u00eempreun\u0103 cu Revista Patronatului Rom\u00e2n \u00een data de 30 iunie 2023, \u00eencep\u00e2nd cu ora 9:30, la Institutul Bancar Rom\u00e2n, Bucure\u0219ti, Str. Negru Vod\u0103 nr. 3, Intrarea C, et. 2, Sala 1.<\/p>\n\n\n\n<p>Seria de evenimente \u201e360 professional business breakfast events\u201d este dezvoltat\u0103 de <a href=\"https:\/\/cpesgr.ro\/\" target=\"_blank\" rel=\"noreferrer noopener\">Consiliul Patronatelor ESG din Rom\u00e2nia<\/a>.<\/p>\n\n\n<div class=\"wp-block-image\">\n<figure class=\"alignleft size-full\"><img loading=\"lazy\" decoding=\"async\" width=\"328\" height=\"493\" src=\"https:\/\/www.asemer.ro\/wp-content\/uploads\/2023\/06\/Screenshot-2023-06-29-110134-FOTO-2.png\" alt=\"\" class=\"wp-image-8499\" srcset=\"https:\/\/www.asemer.ro\/wp-content\/uploads\/2023\/06\/Screenshot-2023-06-29-110134-FOTO-2.png 328w, https:\/\/www.asemer.ro\/wp-content\/uploads\/2023\/06\/Screenshot-2023-06-29-110134-FOTO-2-200x300.png 200w\" sizes=\"auto, (max-width: 328px) 100vw, 328px\" \/><\/figure>\n<\/div>\n\n\n<p>Moderator: Aura Icodin, fondator Centrul de limbi str\u0103ine A_BEST<\/p>\n\n\n\n<p>Ne propunem crearea unei comunit\u0103\u021bi de business dinamice, \u00een care schimbul de experien\u021b\u0103 \u0219i de idei, sprijinul mutual s\u0103 reprezinte un aport real, efectiv la dezvoltarea afacerilor.<\/p>\n\n\n\n<p>Al\u0103turi de partenerii evenimentului, propunem mediului de afaceri un model de dezvoltare de oportunit\u0103\u021bi \u00een care beneficiile construc\u021biilor colective dep\u0103\u0219esc excluziunile specifice unei abord\u0103ri strict concuren\u021biale.<\/p>\n\n\n\n<p>\u00cen cadrul acestui eveniment, CPESGR, al\u0103turi de partenerii: Curtea European\u0103 de Arbitraj, European Mentoring and Coaching Council Rom\u00e2nia, Camera de Comer\u021b \u0219i Industrie a Municipiului Bucure\u0219ti, Camera de Comer\u021b Rom\u00e2no Britanic\u0103, Camera de Comer\u021b Belgia Luxemburg Rom\u00e2nia Moldova, Camera de Comer\u0163 \u015fi Industrie Bilateral\u0103 Rom\u00e2nia Portugalia, Asocia\u021bia Firmelor Spaniole din Rom\u00e2nia, Ini\u021biativa pentru competitivitate INACO, Asocia\u021bia Rom\u00e2na pentru Industria de Securitate, vor pune \u00een lumin\u0103 beneficiile pentru mediul de afaceri ale implic\u0103rii active \u00een organiza\u021bii ce dezvolt\u0103 comunit\u0103\u021bi de business.<\/p>\n\n\n\n<p>Speakeri:<br>\u2013 Daniela Mariscu, Pre\u0219edinte Consiliul Patronatelor ESG din Rom\u00e2nia, Co fondator Aquatica Experience, antreprenor si investitor (Imperiul Leilor), \u201eOrganizatii sustenabile\u201d<br>\u2013 Cosmin Marina, Vicepresedinte al CCIB, cu principale responsabilitati in dezvoltarea arbitrajului si serviciilor camerale,<br>\u2013 Andrei Boti\u0219, Pre\u0219edinte Romanian Green Building Council, Vicepre\u0219edinte Consiliul Patronatelor ESG din Rom\u00e2nia, \u201eResponsabilitate sociala \/ Comunitati Sustenabile\u201d<br>\u2013 Alain Schodts este Directorul Executiv al Camerei de Comert Belgia \u2013 Luxemburg \u2013 Romania \u2013 Moldova (BEROCC),<br>\u2013 Cezar Iulian Armasu, Director general Consiliul Patronatelor ESG din Rom\u00e2nia, Director Revista Patronatului Rom\u00e2n, \u201eRolul patronatelor \/ Beneficii pentru membri\u201d<br>\u2013 Ion Tuc\u0103, Membru fondator, Vicepre\u0219edinte \u0219i Director executiv Asocia\u021bia pentru Patrimoniul Regal Pele\u0219, Director al Administra\u021biei Propriet\u0103\u021bilor Regale din Rom\u00e2nia,<br>\u2013 Tatiana Tu\u021b\u0103, antreprenor, initiator \u201eRomania esti TU!\u201d<br>\u2013 Dr Beatrice Onika Jarka, Presedinte Curtea European\u0103 de Arbitraj, Capitolul Rom\u00e2nia,<br>\u2013 Cosmin Serbanescu, Pre\u0219edinte Institutul National de Control Intern,<br>\u2013 Doru P\u0103ducel, European Mentoring and Coaching Council Rom\u00e2nia.<\/p>\n\n\n\n<hr class=\"wp-block-separator has-alpha-channel-opacity\"\/>\n\n\n\n<p>bilete de participare magazin online:<br><a href=\"https:\/\/cezariulian.ro\/magazin\/business-breakfast-event-formele-colective-de-sprijin-in-dezvoltarea-afacerilor\/\" target=\"_blank\" rel=\"noreferrer noopener\">https:\/\/cezariulian.ro\/magazin\/business-breakfast-event-formele-colective-de-sprijin-in-dezvoltarea-afacerilor\/<\/a><br>evenimente Consiliul Patronatelor ESG din Rom\u00e2nia:<br><a href=\"https:\/\/cpesgr.ro\/events\/\" target=\"_blank\" rel=\"noreferrer noopener\">https:\/\/cpesgr.ro\/events\/<\/a><br>Mai multe evenimente organizate de Revista Patronatului Rom\u00e2n:<br><a href=\"https:\/\/revistapatronatuluiroman.ro\/tag\/evenimente-revista-patronatului-roman\/\">https:\/\/revistapatronatuluiroman.ro\/tag\/evenimente-revista-patronatului-roman\/<\/a><br>Playlist video evenimente Revista Patronatului Rom\u00e2n:<br><a href=\"https:\/\/www.youtube.com\/playlist?list=PLlqL8gq8M1fsrs1x-AaalhWF5ZCYfHKMt\">https:\/\/www.youtube.com\/playlist?list=PLlqL8gq8M1fsrs1x-AaalhWF5ZCYfHKMt<\/a><\/p>\n\n\n\n<hr class=\"wp-block-separator has-alpha-channel-opacity\"\/>\n\n\n\n<p>Este o oportunitate relevant\u0103 at\u00e2t pentru mediul de afaceri, c\u00e2t \u0219i pentru organiza\u021biile partenere de a pune \u00een dezbatere aspecte relevante privind formele de colaborare \u0219i dezvoltare a afacerilor, de a identifica noi oportunit\u0103\u021bi \u0219i de a stabili direc\u021bii concrete de ac\u021biune.<\/p>\n\n\n\n<p>Pentru participan\u021bii la eveniment organiz\u0103m activit\u0103\u021bi specifice:<br>\u2013 Experience sharing meeting;<br>\u2013 Business networking;<\/p>\n\n\n\n<p>Speakerii vor prezenta teme care vor fi \u00een aten\u021bia at\u00e2t a participan\u021bilor la eveniment, c\u00e2t \u0219i \u00een aten\u021bia audien\u021bei online a Revistei Patronatului Rom\u00e2n.<\/p>\n\n\n\n<p>Parteneri media: Revista Cariere, Club Antreprenor, Business Voice, NORMEDIA, Femei in afaceri.<br>Eveniment partener:<\/p>\n\n\n<div class=\"wp-block-image\">\n<figure class=\"alignleft size-full\"><img loading=\"lazy\" decoding=\"async\" width=\"430\" height=\"306\" src=\"https:\/\/www.asemer.ro\/wp-content\/uploads\/2023\/06\/Screenshot-2023-06-29-110229-FOTO-3.png\" alt=\"\" class=\"wp-image-8500\" srcset=\"https:\/\/www.asemer.ro\/wp-content\/uploads\/2023\/06\/Screenshot-2023-06-29-110229-FOTO-3.png 430w, https:\/\/www.asemer.ro\/wp-content\/uploads\/2023\/06\/Screenshot-2023-06-29-110229-FOTO-3-300x213.png 300w\" sizes=\"auto, (max-width: 430px) 100vw, 430px\" \/><\/figure>\n<\/div>\n\n\n<p>Despre&nbsp;<a href=\"https:\/\/romaniaestitu.ro\/\" target=\"_blank\" rel=\"noreferrer noopener\">\u201eRom\u00e2nia e\u0219ti TU\u201d<\/a><br>Este o oportunitate de a ar\u0103ta \u00eentregii \u0163\u0103ri cine esti, cum esti \u015fi c\u00e2t de mult oferi celorlal\u0163i! O posibilitate de a promova valoarea rom\u00e2nilor \u015fi performan\u0163ele acestora!<\/p>\n\n\n\n<p>CINE SUNT EROII NOSTRI?<br>Aceia care se deta\u015feaz\u0103 de noi, ceilal\u0163i, \u015fi genereaz\u0103 emo\u0163ii puternice \u00een spa\u0163iul public, datorit\u0103 unor fapte extraordinare. Eroii nu se nasc, ci devin, prin ceea ce fac. T\u00e2n\u0103ra care a f\u0103cut s\u0103 vibreze o \u0163ar\u0103 \u00eentreag\u0103 atunci c\u00e2nd a cobor\u00e2t pe cordelin\u0103 s\u0103 salveze un copila\u015f este un erou autentic.<\/p>\n\n\n\n<p>C\u0103ut\u0103m exemple de oameni care nu cred doar \u00een schimbarea \u00een bine, ci o \u0219i reprezint\u0103 \u0219i \u00ee\u0219i dedic\u0103 fiecare zi unor activit\u0103\u021bi importante pentru cei din jur. Ei activeaz\u0103 \u00een domenii diferite, de la social \u0219i umanitar, p\u00e2n\u0103 la cel medical \u0219i educa\u021bie.<\/p>\n\n\n\n<p>DESPRE GALA \u201eROM\u00c2NIA E\u0218TI TU\u201d \u2013 EDITIA NR.2 \u2013 27 MARTIE 2024 \u2013 PALATUL PARLAMENTULUI<br>Rom\u00e2nia reprezint\u0103 locul pe care noi to\u021bi \u00eel denumim \u201eacas\u0103\u201d, este locul unde oameni frumo\u0219i, de peste tot, cl\u0103desc totul c\u0103r\u0103mid\u0103 cu c\u0103r\u0103mid\u0103 pentru ca proiectul nostru de \u021bar\u0103 s\u0103 prind\u0103 via\u021b\u0103.<\/p>\n\n\n\n<p>Proiectul \u201eRom\u00e2nia E\u0219ti TU\u201d const\u0103 \u00een realizarea unei GALE \u2013 eveniment \u00een care ne dorim s\u0103 \u00eei premiem pe cei mai buni dintre cei buni \u2013 rom\u00e2ni de \u201ezece\u201d.<\/p>\n\n\n\n<p>Av\u00e2nd experien\u021ba necesar\u0103, ini\u021biatorii proiectului \u0219i-au propus s\u0103 realizeze un produs de anvergur\u0103 prin care s\u0103 premieze \u0219i s\u0103 prezinte \u00een detaliu oamenii valoro\u0219i din Rom\u00e2nia, business-uri de excep\u021bie, loca\u021bii \u0219i locuri deosebite, dar mai ales proiecte locale.<\/p>\n\n\n\n<p>\u00cei aducem la aceea\u0219i mas\u0103 pe to\u021bi cei ce au cl\u0103dit o \u021bar\u0103, \u00eei aducem \u00een acela\u0219i loc pe cei ce \u0219i-au pus amprenta pentru ca Rom\u00e2nia s\u0103 devin\u0103 pe zi ce trece \u021bara cu care ne putem m\u00e2ndri..Un alt obiectiv al proiectului este acela de a promova branduri autohtone reprezentate at\u00e2t de companii, c\u00e2t \u0219i de personaje ce au f\u0103cut posibil\u0103 propagarea numelui Rom\u00e2niei.<br>Nu exist\u0103 loc mai frumos, precum \u021bara \u00een care ne afl\u0103m, dar nici oameni mai primitori, mai darnici \u0219i mai muncitori dec\u00e2t noi. Cl\u0103dim de la zero totul \u0219i demonstr\u0103m c\u0103 se poate.<\/p>\n\n\n\n<hr class=\"wp-block-separator has-alpha-channel-opacity\"\/>\n","protected":false},"excerpt":{"rendered":"<p>Formele colective de sprijin \u00een dezvoltarea afacerilor \u201eFormele colective de sprijin \u00een dezvoltarea afacerilor\u201d este un eveniment organizat de Consiliul [&hellip;]<\/p>\n","protected":false},"author":3,"featured_media":0,"comment_status":"open","ping_status":"open","sticky":false,"template":"","format":"standard","meta":{"footnotes":""},"categories":[1],"tags":[],"class_list":["post-8497","post","type-post","status-publish","format-standard","hentry","category-uncategorized"],"yoast_head":"<!-- This site is optimized with the Yoast SEO plugin v27.5 - https:\/\/yoast.com\/product\/yoast-seo-wordpress\/ -->\n<title>COLABORACI\u00d3N CON REVISTA PATRONATULUI ROM\u0102N - ASEMER<\/title>\n<meta name=\"robots\" content=\"index, follow, max-snippet:-1, max-image-preview:large, max-video-preview:-1\" \/>\n<link rel=\"canonical\" href=\"https:\/\/www.asemer.ro\/index.php\/2023\/06\/29\/colaboracion-con-revista-patronatului-roman-17\/\" \/>\n<meta property=\"og:locale\" content=\"es_ES\" \/>\n<meta property=\"og:type\" content=\"article\" \/>\n<meta property=\"og:title\" content=\"COLABORACI\u00d3N CON REVISTA PATRONATULUI ROM\u0102N - ASEMER\" \/>\n<meta property=\"og:description\" content=\"Formele colective de sprijin \u00een dezvoltarea afacerilor \u201eFormele colective de sprijin \u00een dezvoltarea afacerilor\u201d este un eveniment organizat de Consiliul [&hellip;]\" \/>\n<meta property=\"og:url\" content=\"https:\/\/www.asemer.ro\/index.php\/2023\/06\/29\/colaboracion-con-revista-patronatului-roman-17\/\" \/>\n<meta property=\"og:site_name\" content=\"ASEMER\" \/>\n<meta property=\"article:publisher\" content=\"https:\/\/www.facebook.com\/asociacionasemer\" \/>\n<meta property=\"article:published_time\" content=\"2023-06-29T08:07:18+00:00\" \/>\n<meta property=\"article:modified_time\" content=\"2023-06-29T08:07:28+00:00\" \/>\n<meta property=\"og:image\" content=\"https:\/\/www.asemer.ro\/wp-content\/uploads\/2023\/06\/Screenshot-2023-06-29-105934-1024x580.png\" \/>\n<meta name=\"author\" content=\"Admin Asemer\" \/>\n<meta name=\"twitter:card\" content=\"summary_large_image\" \/>\n<meta name=\"twitter:creator\" content=\"@asemer_rumania\" \/>\n<meta name=\"twitter:site\" content=\"@asemer_rumania\" \/>\n<meta name=\"twitter:label1\" content=\"Escrito por\" \/>\n\t<meta name=\"twitter:data1\" content=\"Admin Asemer\" \/>\n\t<meta name=\"twitter:label2\" content=\"Tiempo de lectura\" \/>\n\t<meta name=\"twitter:data2\" content=\"5 minutos\" \/>\n<script type=\"application\/ld+json\" class=\"yoast-schema-graph\">{\"@context\":\"https:\\\/\\\/schema.org\",\"@graph\":[{\"@type\":\"Article\",\"@id\":\"https:\\\/\\\/www.asemer.ro\\\/index.php\\\/2023\\\/06\\\/29\\\/colaboracion-con-revista-patronatului-roman-17\\\/#article\",\"isPartOf\":{\"@id\":\"https:\\\/\\\/www.asemer.ro\\\/index.php\\\/2023\\\/06\\\/29\\\/colaboracion-con-revista-patronatului-roman-17\\\/\"},\"author\":{\"name\":\"Admin Asemer\",\"@id\":\"https:\\\/\\\/www.asemer.ro\\\/#\\\/schema\\\/person\\\/36de47e444c0f1a7b737a035d40519f9\"},\"headline\":\"COLABORACI\u00d3N CON REVISTA PATRONATULUI ROM\u0102N\",\"datePublished\":\"2023-06-29T08:07:18+00:00\",\"dateModified\":\"2023-06-29T08:07:28+00:00\",\"mainEntityOfPage\":{\"@id\":\"https:\\\/\\\/www.asemer.ro\\\/index.php\\\/2023\\\/06\\\/29\\\/colaboracion-con-revista-patronatului-roman-17\\\/\"},\"wordCount\":950,\"commentCount\":0,\"publisher\":{\"@id\":\"https:\\\/\\\/www.asemer.ro\\\/#organization\"},\"image\":{\"@id\":\"https:\\\/\\\/www.asemer.ro\\\/index.php\\\/2023\\\/06\\\/29\\\/colaboracion-con-revista-patronatului-roman-17\\\/#primaryimage\"},\"thumbnailUrl\":\"https:\\\/\\\/www.asemer.ro\\\/wp-content\\\/uploads\\\/2023\\\/06\\\/Screenshot-2023-06-29-105934-1024x580.png\",\"articleSection\":[\"Uncategorized\"],\"inLanguage\":\"es\",\"potentialAction\":[{\"@type\":\"CommentAction\",\"name\":\"Comment\",\"target\":[\"https:\\\/\\\/www.asemer.ro\\\/index.php\\\/2023\\\/06\\\/29\\\/colaboracion-con-revista-patronatului-roman-17\\\/#respond\"]}]},{\"@type\":\"WebPage\",\"@id\":\"https:\\\/\\\/www.asemer.ro\\\/index.php\\\/2023\\\/06\\\/29\\\/colaboracion-con-revista-patronatului-roman-17\\\/\",\"url\":\"https:\\\/\\\/www.asemer.ro\\\/index.php\\\/2023\\\/06\\\/29\\\/colaboracion-con-revista-patronatului-roman-17\\\/\",\"name\":\"COLABORACI\u00d3N CON REVISTA PATRONATULUI ROM\u0102N - ASEMER\",\"isPartOf\":{\"@id\":\"https:\\\/\\\/www.asemer.ro\\\/#website\"},\"primaryImageOfPage\":{\"@id\":\"https:\\\/\\\/www.asemer.ro\\\/index.php\\\/2023\\\/06\\\/29\\\/colaboracion-con-revista-patronatului-roman-17\\\/#primaryimage\"},\"image\":{\"@id\":\"https:\\\/\\\/www.asemer.ro\\\/index.php\\\/2023\\\/06\\\/29\\\/colaboracion-con-revista-patronatului-roman-17\\\/#primaryimage\"},\"thumbnailUrl\":\"https:\\\/\\\/www.asemer.ro\\\/wp-content\\\/uploads\\\/2023\\\/06\\\/Screenshot-2023-06-29-105934-1024x580.png\",\"datePublished\":\"2023-06-29T08:07:18+00:00\",\"dateModified\":\"2023-06-29T08:07:28+00:00\",\"breadcrumb\":{\"@id\":\"https:\\\/\\\/www.asemer.ro\\\/index.php\\\/2023\\\/06\\\/29\\\/colaboracion-con-revista-patronatului-roman-17\\\/#breadcrumb\"},\"inLanguage\":\"es\",\"potentialAction\":[{\"@type\":\"ReadAction\",\"target\":[\"https:\\\/\\\/www.asemer.ro\\\/index.php\\\/2023\\\/06\\\/29\\\/colaboracion-con-revista-patronatului-roman-17\\\/\"]}]},{\"@type\":\"ImageObject\",\"inLanguage\":\"es\",\"@id\":\"https:\\\/\\\/www.asemer.ro\\\/index.php\\\/2023\\\/06\\\/29\\\/colaboracion-con-revista-patronatului-roman-17\\\/#primaryimage\",\"url\":\"https:\\\/\\\/www.asemer.ro\\\/wp-content\\\/uploads\\\/2023\\\/06\\\/Screenshot-2023-06-29-105934.png\",\"contentUrl\":\"https:\\\/\\\/www.asemer.ro\\\/wp-content\\\/uploads\\\/2023\\\/06\\\/Screenshot-2023-06-29-105934.png\",\"width\":1038,\"height\":588},{\"@type\":\"BreadcrumbList\",\"@id\":\"https:\\\/\\\/www.asemer.ro\\\/index.php\\\/2023\\\/06\\\/29\\\/colaboracion-con-revista-patronatului-roman-17\\\/#breadcrumb\",\"itemListElement\":[{\"@type\":\"ListItem\",\"position\":1,\"name\":\"Home\",\"item\":\"https:\\\/\\\/www.asemer.ro\\\/\"},{\"@type\":\"ListItem\",\"position\":2,\"name\":\"COLABORACI\u00d3N CON REVISTA PATRONATULUI ROM\u0102N\"}]},{\"@type\":\"WebSite\",\"@id\":\"https:\\\/\\\/www.asemer.ro\\\/#website\",\"url\":\"https:\\\/\\\/www.asemer.ro\\\/\",\"name\":\"ASEMER\",\"description\":\"Asociaci\u00f3n de Empresas Espa\u00f1olas en Ruman\u00eda\",\"publisher\":{\"@id\":\"https:\\\/\\\/www.asemer.ro\\\/#organization\"},\"potentialAction\":[{\"@type\":\"SearchAction\",\"target\":{\"@type\":\"EntryPoint\",\"urlTemplate\":\"https:\\\/\\\/www.asemer.ro\\\/?s={search_term_string}\"},\"query-input\":{\"@type\":\"PropertyValueSpecification\",\"valueRequired\":true,\"valueName\":\"search_term_string\"}}],\"inLanguage\":\"es\"},{\"@type\":\"Organization\",\"@id\":\"https:\\\/\\\/www.asemer.ro\\\/#organization\",\"name\":\"ASEMER\",\"url\":\"https:\\\/\\\/www.asemer.ro\\\/\",\"logo\":{\"@type\":\"ImageObject\",\"inLanguage\":\"es\",\"@id\":\"https:\\\/\\\/www.asemer.ro\\\/#\\\/schema\\\/logo\\\/image\\\/\",\"url\":\"https:\\\/\\\/www.asemer.ro\\\/wp-content\\\/uploads\\\/2020\\\/12\\\/logo-ASEMER-scaled.jpg\",\"contentUrl\":\"https:\\\/\\\/www.asemer.ro\\\/wp-content\\\/uploads\\\/2020\\\/12\\\/logo-ASEMER-scaled.jpg\",\"width\":2560,\"height\":849,\"caption\":\"ASEMER\"},\"image\":{\"@id\":\"https:\\\/\\\/www.asemer.ro\\\/#\\\/schema\\\/logo\\\/image\\\/\"},\"sameAs\":[\"https:\\\/\\\/www.facebook.com\\\/asociacionasemer\",\"https:\\\/\\\/x.com\\\/asemer_rumania\",\"https:\\\/\\\/ro.linkedin.com\\\/in\\\/asemer-asociaci\u00f3n-empresas-espa\u00f1olas-en-ruman\u00eda-724772a6?trk=author_mini-profile_title\",\"https:\\\/\\\/www.youtube.com\\\/channel\\\/UC73m8-BDsg857OL0Ogv5aQA\\\/videos\"]},{\"@type\":\"Person\",\"@id\":\"https:\\\/\\\/www.asemer.ro\\\/#\\\/schema\\\/person\\\/36de47e444c0f1a7b737a035d40519f9\",\"name\":\"Admin Asemer\",\"image\":{\"@type\":\"ImageObject\",\"inLanguage\":\"es\",\"@id\":\"https:\\\/\\\/secure.gravatar.com\\\/avatar\\\/b64873d65b5be684e01a001c464789c445a7279ef3f177f5fbff5d83eb373299?s=96&d=mm&r=g\",\"url\":\"https:\\\/\\\/secure.gravatar.com\\\/avatar\\\/b64873d65b5be684e01a001c464789c445a7279ef3f177f5fbff5d83eb373299?s=96&d=mm&r=g\",\"contentUrl\":\"https:\\\/\\\/secure.gravatar.com\\\/avatar\\\/b64873d65b5be684e01a001c464789c445a7279ef3f177f5fbff5d83eb373299?s=96&d=mm&r=g\",\"caption\":\"Admin Asemer\"},\"url\":\"https:\\\/\\\/www.asemer.ro\\\/index.php\\\/author\\\/admin\\\/\"}]}<\/script>\n<!-- \/ Yoast SEO plugin. -->","yoast_head_json":{"title":"COLABORACI\u00d3N CON REVISTA PATRONATULUI ROM\u0102N - ASEMER","robots":{"index":"index","follow":"follow","max-snippet":"max-snippet:-1","max-image-preview":"max-image-preview:large","max-video-preview":"max-video-preview:-1"},"canonical":"https:\/\/www.asemer.ro\/index.php\/2023\/06\/29\/colaboracion-con-revista-patronatului-roman-17\/","og_locale":"es_ES","og_type":"article","og_title":"COLABORACI\u00d3N CON REVISTA PATRONATULUI ROM\u0102N - ASEMER","og_description":"Formele colective de sprijin \u00een dezvoltarea afacerilor \u201eFormele colective de sprijin \u00een dezvoltarea afacerilor\u201d este un eveniment organizat de Consiliul [&hellip;]","og_url":"https:\/\/www.asemer.ro\/index.php\/2023\/06\/29\/colaboracion-con-revista-patronatului-roman-17\/","og_site_name":"ASEMER","article_publisher":"https:\/\/www.facebook.com\/asociacionasemer","article_published_time":"2023-06-29T08:07:18+00:00","article_modified_time":"2023-06-29T08:07:28+00:00","og_image":[{"url":"https:\/\/www.asemer.ro\/wp-content\/uploads\/2023\/06\/Screenshot-2023-06-29-105934-1024x580.png","type":"","width":"","height":""}],"author":"Admin Asemer","twitter_card":"summary_large_image","twitter_creator":"@asemer_rumania","twitter_site":"@asemer_rumania","twitter_misc":{"Escrito por":"Admin Asemer","Tiempo de lectura":"5 minutos"},"schema":{"@context":"https:\/\/schema.org","@graph":[{"@type":"Article","@id":"https:\/\/www.asemer.ro\/index.php\/2023\/06\/29\/colaboracion-con-revista-patronatului-roman-17\/#article","isPartOf":{"@id":"https:\/\/www.asemer.ro\/index.php\/2023\/06\/29\/colaboracion-con-revista-patronatului-roman-17\/"},"author":{"name":"Admin Asemer","@id":"https:\/\/www.asemer.ro\/#\/schema\/person\/36de47e444c0f1a7b737a035d40519f9"},"headline":"COLABORACI\u00d3N CON REVISTA PATRONATULUI ROM\u0102N","datePublished":"2023-06-29T08:07:18+00:00","dateModified":"2023-06-29T08:07:28+00:00","mainEntityOfPage":{"@id":"https:\/\/www.asemer.ro\/index.php\/2023\/06\/29\/colaboracion-con-revista-patronatului-roman-17\/"},"wordCount":950,"commentCount":0,"publisher":{"@id":"https:\/\/www.asemer.ro\/#organization"},"image":{"@id":"https:\/\/www.asemer.ro\/index.php\/2023\/06\/29\/colaboracion-con-revista-patronatului-roman-17\/#primaryimage"},"thumbnailUrl":"https:\/\/www.asemer.ro\/wp-content\/uploads\/2023\/06\/Screenshot-2023-06-29-105934-1024x580.png","articleSection":["Uncategorized"],"inLanguage":"es","potentialAction":[{"@type":"CommentAction","name":"Comment","target":["https:\/\/www.asemer.ro\/index.php\/2023\/06\/29\/colaboracion-con-revista-patronatului-roman-17\/#respond"]}]},{"@type":"WebPage","@id":"https:\/\/www.asemer.ro\/index.php\/2023\/06\/29\/colaboracion-con-revista-patronatului-roman-17\/","url":"https:\/\/www.asemer.ro\/index.php\/2023\/06\/29\/colaboracion-con-revista-patronatului-roman-17\/","name":"COLABORACI\u00d3N CON REVISTA PATRONATULUI ROM\u0102N - ASEMER","isPartOf":{"@id":"https:\/\/www.asemer.ro\/#website"},"primaryImageOfPage":{"@id":"https:\/\/www.asemer.ro\/index.php\/2023\/06\/29\/colaboracion-con-revista-patronatului-roman-17\/#primaryimage"},"image":{"@id":"https:\/\/www.asemer.ro\/index.php\/2023\/06\/29\/colaboracion-con-revista-patronatului-roman-17\/#primaryimage"},"thumbnailUrl":"https:\/\/www.asemer.ro\/wp-content\/uploads\/2023\/06\/Screenshot-2023-06-29-105934-1024x580.png","datePublished":"2023-06-29T08:07:18+00:00","dateModified":"2023-06-29T08:07:28+00:00","breadcrumb":{"@id":"https:\/\/www.asemer.ro\/index.php\/2023\/06\/29\/colaboracion-con-revista-patronatului-roman-17\/#breadcrumb"},"inLanguage":"es","potentialAction":[{"@type":"ReadAction","target":["https:\/\/www.asemer.ro\/index.php\/2023\/06\/29\/colaboracion-con-revista-patronatului-roman-17\/"]}]},{"@type":"ImageObject","inLanguage":"es","@id":"https:\/\/www.asemer.ro\/index.php\/2023\/06\/29\/colaboracion-con-revista-patronatului-roman-17\/#primaryimage","url":"https:\/\/www.asemer.ro\/wp-content\/uploads\/2023\/06\/Screenshot-2023-06-29-105934.png","contentUrl":"https:\/\/www.asemer.ro\/wp-content\/uploads\/2023\/06\/Screenshot-2023-06-29-105934.png","width":1038,"height":588},{"@type":"BreadcrumbList","@id":"https:\/\/www.asemer.ro\/index.php\/2023\/06\/29\/colaboracion-con-revista-patronatului-roman-17\/#breadcrumb","itemListElement":[{"@type":"ListItem","position":1,"name":"Home","item":"https:\/\/www.asemer.ro\/"},{"@type":"ListItem","position":2,"name":"COLABORACI\u00d3N CON REVISTA PATRONATULUI ROM\u0102N"}]},{"@type":"WebSite","@id":"https:\/\/www.asemer.ro\/#website","url":"https:\/\/www.asemer.ro\/","name":"ASEMER","description":"Asociaci\u00f3n de Empresas Espa\u00f1olas en Ruman\u00eda","publisher":{"@id":"https:\/\/www.asemer.ro\/#organization"},"potentialAction":[{"@type":"SearchAction","target":{"@type":"EntryPoint","urlTemplate":"https:\/\/www.asemer.ro\/?s={search_term_string}"},"query-input":{"@type":"PropertyValueSpecification","valueRequired":true,"valueName":"search_term_string"}}],"inLanguage":"es"},{"@type":"Organization","@id":"https:\/\/www.asemer.ro\/#organization","name":"ASEMER","url":"https:\/\/www.asemer.ro\/","logo":{"@type":"ImageObject","inLanguage":"es","@id":"https:\/\/www.asemer.ro\/#\/schema\/logo\/image\/","url":"https:\/\/www.asemer.ro\/wp-content\/uploads\/2020\/12\/logo-ASEMER-scaled.jpg","contentUrl":"https:\/\/www.asemer.ro\/wp-content\/uploads\/2020\/12\/logo-ASEMER-scaled.jpg","width":2560,"height":849,"caption":"ASEMER"},"image":{"@id":"https:\/\/www.asemer.ro\/#\/schema\/logo\/image\/"},"sameAs":["https:\/\/www.facebook.com\/asociacionasemer","https:\/\/x.com\/asemer_rumania","https:\/\/ro.linkedin.com\/in\/asemer-asociaci\u00f3n-empresas-espa\u00f1olas-en-ruman\u00eda-724772a6?trk=author_mini-profile_title","https:\/\/www.youtube.com\/channel\/UC73m8-BDsg857OL0Ogv5aQA\/videos"]},{"@type":"Person","@id":"https:\/\/www.asemer.ro\/#\/schema\/person\/36de47e444c0f1a7b737a035d40519f9","name":"Admin Asemer","image":{"@type":"ImageObject","inLanguage":"es","@id":"https:\/\/secure.gravatar.com\/avatar\/b64873d65b5be684e01a001c464789c445a7279ef3f177f5fbff5d83eb373299?s=96&d=mm&r=g","url":"https:\/\/secure.gravatar.com\/avatar\/b64873d65b5be684e01a001c464789c445a7279ef3f177f5fbff5d83eb373299?s=96&d=mm&r=g","contentUrl":"https:\/\/secure.gravatar.com\/avatar\/b64873d65b5be684e01a001c464789c445a7279ef3f177f5fbff5d83eb373299?s=96&d=mm&r=g","caption":"Admin Asemer"},"url":"https:\/\/www.asemer.ro\/index.php\/author\/admin\/"}]}},"_links":{"self":[{"href":"https:\/\/www.asemer.ro\/index.php\/wp-json\/wp\/v2\/posts\/8497","targetHints":{"allow":["GET"]}}],"collection":[{"href":"https:\/\/www.asemer.ro\/index.php\/wp-json\/wp\/v2\/posts"}],"about":[{"href":"https:\/\/www.asemer.ro\/index.php\/wp-json\/wp\/v2\/types\/post"}],"author":[{"embeddable":true,"href":"https:\/\/www.asemer.ro\/index.php\/wp-json\/wp\/v2\/users\/3"}],"replies":[{"embeddable":true,"href":"https:\/\/www.asemer.ro\/index.php\/wp-json\/wp\/v2\/comments?post=8497"}],"version-history":[{"count":1,"href":"https:\/\/www.asemer.ro\/index.php\/wp-json\/wp\/v2\/posts\/8497\/revisions"}],"predecessor-version":[{"id":8501,"href":"https:\/\/www.asemer.ro\/index.php\/wp-json\/wp\/v2\/posts\/8497\/revisions\/8501"}],"wp:attachment":[{"href":"https:\/\/www.asemer.ro\/index.php\/wp-json\/wp\/v2\/media?parent=8497"}],"wp:term":[{"taxonomy":"category","embeddable":true,"href":"https:\/\/www.asemer.ro\/index.php\/wp-json\/wp\/v2\/categories?post=8497"},{"taxonomy":"post_tag","embeddable":true,"href":"https:\/\/www.asemer.ro\/index.php\/wp-json\/wp\/v2\/tags?post=8497"}],"curies":[{"name":"wp","href":"https:\/\/api.w.org\/{rel}","templated":true}]}}