{"id":8507,"date":"2023-06-29T14:25:18","date_gmt":"2023-06-29T12:25:18","guid":{"rendered":"https:\/\/www.asemer.ro\/?p=8507"},"modified":"2023-06-29T14:25:27","modified_gmt":"2023-06-29T12:25:27","slug":"gran-evento-de-verano-asemer","status":"publish","type":"post","link":"https:\/\/www.asemer.ro\/index.php\/2023\/06\/29\/gran-evento-de-verano-asemer\/","title":{"rendered":"GRAN EVENTO DE VERANO ASEMER"},"content":{"rendered":"\n<p><strong>ASEMER EVENTO DE VERANO<\/strong><\/p>\n\n\n\n<p><strong>LUGAR: Eqvestria Club<\/strong><\/p>\n\n\n\n<p><strong>\u0218oseaua Bucure\u0219ti-Ploie\u0219ti FN, Balote\u0219ti<\/strong><\/p>\n\n\n\n<p><strong>&nbsp;Julio S\u00e1bado 29 2023, 13.00-20.00<\/strong><\/p>\n\n\n\n<figure class=\"wp-block-image size-full is-resized\"><img loading=\"lazy\" decoding=\"async\" src=\"https:\/\/www.asemer.ro\/wp-content\/uploads\/2023\/06\/Screenshot-2023-06-29-144609-Foto-Evento-1.png\" alt=\"\" class=\"wp-image-8510\" width=\"497\" height=\"359\" srcset=\"https:\/\/www.asemer.ro\/wp-content\/uploads\/2023\/06\/Screenshot-2023-06-29-144609-Foto-Evento-1.png 663w, https:\/\/www.asemer.ro\/wp-content\/uploads\/2023\/06\/Screenshot-2023-06-29-144609-Foto-Evento-1-300x216.png 300w\" sizes=\"auto, (max-width: 497px) 100vw, 497px\" \/><\/figure>\n\n\n\n<p class=\"has-text-align-center\"><strong>UN EVENTO<\/strong><\/p>\n\n\n<div class=\"wp-block-image\">\n<figure class=\"aligncenter size-large is-resized\"><img loading=\"lazy\" decoding=\"async\" src=\"https:\/\/www.asemer.ro\/wp-content\/uploads\/2023\/06\/Logo-ASEMER-Rectangular-ES-RO_600-1024x443.jpg\" alt=\"\" class=\"wp-image-8521\" width=\"256\" height=\"111\" srcset=\"https:\/\/www.asemer.ro\/wp-content\/uploads\/2023\/06\/Logo-ASEMER-Rectangular-ES-RO_600-1024x443.jpg 1024w, https:\/\/www.asemer.ro\/wp-content\/uploads\/2023\/06\/Logo-ASEMER-Rectangular-ES-RO_600-300x130.jpg 300w, https:\/\/www.asemer.ro\/wp-content\/uploads\/2023\/06\/Logo-ASEMER-Rectangular-ES-RO_600-768x332.jpg 768w, https:\/\/www.asemer.ro\/wp-content\/uploads\/2023\/06\/Logo-ASEMER-Rectangular-ES-RO_600-1536x665.jpg 1536w, https:\/\/www.asemer.ro\/wp-content\/uploads\/2023\/06\/Logo-ASEMER-Rectangular-ES-RO_600-2048x887.jpg 2048w, https:\/\/www.asemer.ro\/wp-content\/uploads\/2023\/06\/Logo-ASEMER-Rectangular-ES-RO_600-720x312.jpg 720w\" sizes=\"auto, (max-width: 256px) 100vw, 256px\" \/><\/figure>\n<\/div>\n\n\n<p class=\"has-text-align-center\"><strong>EN COLABORACI\u00d3N CON:<\/strong><\/p>\n\n\n<div class=\"wp-block-image\">\n<figure class=\"aligncenter size-full is-resized\"><img loading=\"lazy\" decoding=\"async\" src=\"https:\/\/www.asemer.ro\/wp-content\/uploads\/2023\/06\/WhatsApp-Image-2023-02-13-at-16.06.07-1.jpg\" alt=\"\" class=\"wp-image-8522\" width=\"256\" height=\"64\" srcset=\"https:\/\/www.asemer.ro\/wp-content\/uploads\/2023\/06\/WhatsApp-Image-2023-02-13-at-16.06.07-1.jpg 1024w, https:\/\/www.asemer.ro\/wp-content\/uploads\/2023\/06\/WhatsApp-Image-2023-02-13-at-16.06.07-1-300x75.jpg 300w, https:\/\/www.asemer.ro\/wp-content\/uploads\/2023\/06\/WhatsApp-Image-2023-02-13-at-16.06.07-1-768x191.jpg 768w, https:\/\/www.asemer.ro\/wp-content\/uploads\/2023\/06\/WhatsApp-Image-2023-02-13-at-16.06.07-1-720x179.jpg 720w\" sizes=\"auto, (max-width: 256px) 100vw, 256px\" \/><\/figure>\n<\/div>\n\n\n<p><strong>ASEMER<\/strong>, en colaboraci\u00f3n con<strong> PRIAevents<\/strong>, se complace en invitar a todos sus miembros y tambi\u00e9n a amigos y simpatizantes a participar en el <strong>EVENTO DE VERANO DE<\/strong> <strong>ASEMER<\/strong>.<\/p>\n\n\n\n<p>Ser\u00e1 un evento especial de networking y relajaci\u00f3n, con comida y bebida con sabor espa\u00f1ol y tambi\u00e9n se podr\u00e1 cabalgar si se desea, ser\u00e1 un d\u00eda para compartir experiencias con la comunidad y tomar una pausa este verano, volveremos en septiembre con nuevos proyectos, cargados de energ\u00eda y muchas novedades.<\/p>\n\n\n<div class=\"wp-block-image\">\n<figure class=\"aligncenter size-full\"><img loading=\"lazy\" decoding=\"async\" width=\"688\" height=\"231\" src=\"https:\/\/www.asemer.ro\/wp-content\/uploads\/2023\/06\/Screenshot-2023-06-29-144710-Foto-Evento-2.png\" alt=\"\" class=\"wp-image-8511\" srcset=\"https:\/\/www.asemer.ro\/wp-content\/uploads\/2023\/06\/Screenshot-2023-06-29-144710-Foto-Evento-2.png 688w, https:\/\/www.asemer.ro\/wp-content\/uploads\/2023\/06\/Screenshot-2023-06-29-144710-Foto-Evento-2-300x101.png 300w\" sizes=\"auto, (max-width: 688px) 100vw, 688px\" \/><\/figure>\n<\/div>\n\n\n<p>Les animamos a que tambi\u00e9n participen con su familia, pues tendremos actividades para ni\u00f1os, como por ejemplo montar y  alimentar a los caballos y tambi\u00e9n un recorrido por Eqvestria Club.<\/p>\n\n\n\n<p>Podr\u00e1n disfrutar de la comida y la bebida con sabor espa\u00f1ol y como no de un agradable d\u00eda de networking donde disfrutar juntos de un d\u00eda de verano.<\/p>\n\n\n\n<p>Habr\u00e1 espect\u00e1culos de Caballos, M\u00fasica Espa\u00f1ola y Bailaores Flamencos.<\/p>\n\n\n\n<p>Disfruten con nosotros de las tradiciones y de la comida y la bebidas espa\u00f1ola, <strong>\u00a1traigan a \u00a0su familia, colegas y socios comerciales!<\/strong><\/p>\n\n\n<div class=\"wp-block-image\">\n<figure class=\"aligncenter size-full is-resized\"><img loading=\"lazy\" decoding=\"async\" src=\"https:\/\/www.asemer.ro\/wp-content\/uploads\/2023\/06\/Screenshot-2023-06-29-144735-Foto-Evento-3.png\" alt=\"\" class=\"wp-image-8512\" width=\"516\" height=\"345\" srcset=\"https:\/\/www.asemer.ro\/wp-content\/uploads\/2023\/06\/Screenshot-2023-06-29-144735-Foto-Evento-3.png 688w, https:\/\/www.asemer.ro\/wp-content\/uploads\/2023\/06\/Screenshot-2023-06-29-144735-Foto-Evento-3-300x201.png 300w, https:\/\/www.asemer.ro\/wp-content\/uploads\/2023\/06\/Screenshot-2023-06-29-144735-Foto-Evento-3-391x260.png 391w, https:\/\/www.asemer.ro\/wp-content\/uploads\/2023\/06\/Screenshot-2023-06-29-144735-Foto-Evento-3-272x182.png 272w\" sizes=\"auto, (max-width: 516px) 100vw, 516px\" \/><\/figure>\n<\/div>\n\n\n<p class=\"has-text-align-center\"><strong>Por favor, confirmen lo antes posible, los lugares se ocupar\u00e1n r\u00e1pidamente.<\/strong><\/p>\n\n\n<div class=\"wp-block-image\">\n<figure class=\"aligncenter size-full\"><img loading=\"lazy\" decoding=\"async\" width=\"283\" height=\"420\" src=\"https:\/\/www.asemer.ro\/wp-content\/uploads\/2023\/06\/Screenshot-2023-06-29-144825-Foto-Evento-5-1.png\" alt=\"\" class=\"wp-image-8516\" srcset=\"https:\/\/www.asemer.ro\/wp-content\/uploads\/2023\/06\/Screenshot-2023-06-29-144825-Foto-Evento-5-1.png 283w, https:\/\/www.asemer.ro\/wp-content\/uploads\/2023\/06\/Screenshot-2023-06-29-144825-Foto-Evento-5-1-202x300.png 202w\" sizes=\"auto, (max-width: 283px) 100vw, 283px\" \/><\/figure>\n<\/div>\n\n\n<p>Para los <strong>MIEMBROS<\/strong>  de <strong>ASEMER<\/strong> la taxa de participaci\u00f3n ser\u00e1 de <strong>20<\/strong> <strong>Lei<\/strong> por persona y miembro asociado ( con una m\u00e1ximo de 2 asistentes por miembro asociado), <strong>los ni\u00f1os de hasta 14 a\u00f1os<\/strong> <strong>pueden<\/strong> <strong>asistir gratis <\/strong>(por favor tengan en cuenta cuenta que las clases de equitaci\u00f3n no est\u00e1n incluidas) y los <strong>NO MIEMBROS<\/strong> tendr\u00e1n un taxa de participaci\u00f3n de tant solo <strong>150 Lei<\/strong> por persona (tenga en cuenta que las clases de equitaci\u00f3n no est\u00e1n incluidas).<\/p>\n\n\n\n<p><strong>Confirme su asistencia lo antes posible en office@priaevents.ro, para que puede asegurar su lugar.<\/strong><\/p>\n","protected":false},"excerpt":{"rendered":"<p>ASEMER EVENTO DE VERANO LUGAR: Eqvestria Club \u0218oseaua Bucure\u0219ti-Ploie\u0219ti FN, Balote\u0219ti &nbsp;Julio S\u00e1bado 29 2023, 13.00-20.00 UN EVENTO EN COLABORACI\u00d3N [&hellip;]<\/p>\n","protected":false},"author":3,"featured_media":0,"comment_status":"open","ping_status":"open","sticky":false,"template":"","format":"standard","meta":{"footnotes":""},"categories":[1],"tags":[],"class_list":["post-8507","post","type-post","status-publish","format-standard","hentry","category-uncategorized"],"yoast_head":"<!-- This site is optimized with the Yoast SEO plugin v27.5 - https:\/\/yoast.com\/product\/yoast-seo-wordpress\/ -->\n<title>GRAN EVENTO DE VERANO ASEMER - ASEMER<\/title>\n<meta name=\"robots\" content=\"index, follow, max-snippet:-1, max-image-preview:large, max-video-preview:-1\" \/>\n<link rel=\"canonical\" href=\"https:\/\/www.asemer.ro\/index.php\/2023\/06\/29\/gran-evento-de-verano-asemer\/\" \/>\n<meta property=\"og:locale\" content=\"es_ES\" \/>\n<meta property=\"og:type\" content=\"article\" \/>\n<meta property=\"og:title\" content=\"GRAN EVENTO DE VERANO ASEMER - ASEMER\" \/>\n<meta property=\"og:description\" content=\"ASEMER EVENTO DE VERANO LUGAR: Eqvestria Club \u0218oseaua Bucure\u0219ti-Ploie\u0219ti FN, Balote\u0219ti &nbsp;Julio S\u00e1bado 29 2023, 13.00-20.00 UN EVENTO EN COLABORACI\u00d3N [&hellip;]\" \/>\n<meta property=\"og:url\" content=\"https:\/\/www.asemer.ro\/index.php\/2023\/06\/29\/gran-evento-de-verano-asemer\/\" \/>\n<meta property=\"og:site_name\" content=\"ASEMER\" \/>\n<meta property=\"article:publisher\" content=\"https:\/\/www.facebook.com\/asociacionasemer\" \/>\n<meta property=\"article:published_time\" content=\"2023-06-29T12:25:18+00:00\" \/>\n<meta property=\"article:modified_time\" content=\"2023-06-29T12:25:27+00:00\" \/>\n<meta property=\"og:image\" content=\"https:\/\/www.asemer.ro\/wp-content\/uploads\/2023\/06\/Screenshot-2023-06-29-144609-Foto-Evento-1.png\" \/>\n<meta name=\"author\" content=\"Admin Asemer\" \/>\n<meta name=\"twitter:card\" content=\"summary_large_image\" \/>\n<meta name=\"twitter:creator\" content=\"@asemer_rumania\" \/>\n<meta name=\"twitter:site\" content=\"@asemer_rumania\" \/>\n<meta name=\"twitter:label1\" content=\"Escrito por\" \/>\n\t<meta name=\"twitter:data1\" content=\"Admin Asemer\" \/>\n\t<meta name=\"twitter:label2\" content=\"Tiempo de lectura\" \/>\n\t<meta name=\"twitter:data2\" content=\"3 minutos\" \/>\n<script type=\"application\/ld+json\" class=\"yoast-schema-graph\">{\"@context\":\"https:\\\/\\\/schema.org\",\"@graph\":[{\"@type\":\"Article\",\"@id\":\"https:\\\/\\\/www.asemer.ro\\\/index.php\\\/2023\\\/06\\\/29\\\/gran-evento-de-verano-asemer\\\/#article\",\"isPartOf\":{\"@id\":\"https:\\\/\\\/www.asemer.ro\\\/index.php\\\/2023\\\/06\\\/29\\\/gran-evento-de-verano-asemer\\\/\"},\"author\":{\"name\":\"Admin Asemer\",\"@id\":\"https:\\\/\\\/www.asemer.ro\\\/#\\\/schema\\\/person\\\/36de47e444c0f1a7b737a035d40519f9\"},\"headline\":\"GRAN EVENTO DE VERANO ASEMER\",\"datePublished\":\"2023-06-29T12:25:18+00:00\",\"dateModified\":\"2023-06-29T12:25:27+00:00\",\"mainEntityOfPage\":{\"@id\":\"https:\\\/\\\/www.asemer.ro\\\/index.php\\\/2023\\\/06\\\/29\\\/gran-evento-de-verano-asemer\\\/\"},\"wordCount\":327,\"commentCount\":0,\"publisher\":{\"@id\":\"https:\\\/\\\/www.asemer.ro\\\/#organization\"},\"image\":{\"@id\":\"https:\\\/\\\/www.asemer.ro\\\/index.php\\\/2023\\\/06\\\/29\\\/gran-evento-de-verano-asemer\\\/#primaryimage\"},\"thumbnailUrl\":\"https:\\\/\\\/www.asemer.ro\\\/wp-content\\\/uploads\\\/2023\\\/06\\\/Screenshot-2023-06-29-144609-Foto-Evento-1.png\",\"articleSection\":[\"Uncategorized\"],\"inLanguage\":\"es\",\"potentialAction\":[{\"@type\":\"CommentAction\",\"name\":\"Comment\",\"target\":[\"https:\\\/\\\/www.asemer.ro\\\/index.php\\\/2023\\\/06\\\/29\\\/gran-evento-de-verano-asemer\\\/#respond\"]}]},{\"@type\":\"WebPage\",\"@id\":\"https:\\\/\\\/www.asemer.ro\\\/index.php\\\/2023\\\/06\\\/29\\\/gran-evento-de-verano-asemer\\\/\",\"url\":\"https:\\\/\\\/www.asemer.ro\\\/index.php\\\/2023\\\/06\\\/29\\\/gran-evento-de-verano-asemer\\\/\",\"name\":\"GRAN EVENTO DE VERANO ASEMER - ASEMER\",\"isPartOf\":{\"@id\":\"https:\\\/\\\/www.asemer.ro\\\/#website\"},\"primaryImageOfPage\":{\"@id\":\"https:\\\/\\\/www.asemer.ro\\\/index.php\\\/2023\\\/06\\\/29\\\/gran-evento-de-verano-asemer\\\/#primaryimage\"},\"image\":{\"@id\":\"https:\\\/\\\/www.asemer.ro\\\/index.php\\\/2023\\\/06\\\/29\\\/gran-evento-de-verano-asemer\\\/#primaryimage\"},\"thumbnailUrl\":\"https:\\\/\\\/www.asemer.ro\\\/wp-content\\\/uploads\\\/2023\\\/06\\\/Screenshot-2023-06-29-144609-Foto-Evento-1.png\",\"datePublished\":\"2023-06-29T12:25:18+00:00\",\"dateModified\":\"2023-06-29T12:25:27+00:00\",\"breadcrumb\":{\"@id\":\"https:\\\/\\\/www.asemer.ro\\\/index.php\\\/2023\\\/06\\\/29\\\/gran-evento-de-verano-asemer\\\/#breadcrumb\"},\"inLanguage\":\"es\",\"potentialAction\":[{\"@type\":\"ReadAction\",\"target\":[\"https:\\\/\\\/www.asemer.ro\\\/index.php\\\/2023\\\/06\\\/29\\\/gran-evento-de-verano-asemer\\\/\"]}]},{\"@type\":\"ImageObject\",\"inLanguage\":\"es\",\"@id\":\"https:\\\/\\\/www.asemer.ro\\\/index.php\\\/2023\\\/06\\\/29\\\/gran-evento-de-verano-asemer\\\/#primaryimage\",\"url\":\"https:\\\/\\\/www.asemer.ro\\\/wp-content\\\/uploads\\\/2023\\\/06\\\/Screenshot-2023-06-29-144609-Foto-Evento-1.png\",\"contentUrl\":\"https:\\\/\\\/www.asemer.ro\\\/wp-content\\\/uploads\\\/2023\\\/06\\\/Screenshot-2023-06-29-144609-Foto-Evento-1.png\",\"width\":663,\"height\":478},{\"@type\":\"BreadcrumbList\",\"@id\":\"https:\\\/\\\/www.asemer.ro\\\/index.php\\\/2023\\\/06\\\/29\\\/gran-evento-de-verano-asemer\\\/#breadcrumb\",\"itemListElement\":[{\"@type\":\"ListItem\",\"position\":1,\"name\":\"Home\",\"item\":\"https:\\\/\\\/www.asemer.ro\\\/\"},{\"@type\":\"ListItem\",\"position\":2,\"name\":\"GRAN EVENTO DE VERANO ASEMER\"}]},{\"@type\":\"WebSite\",\"@id\":\"https:\\\/\\\/www.asemer.ro\\\/#website\",\"url\":\"https:\\\/\\\/www.asemer.ro\\\/\",\"name\":\"ASEMER\",\"description\":\"Asociaci\u00f3n de Empresas Espa\u00f1olas en Ruman\u00eda\",\"publisher\":{\"@id\":\"https:\\\/\\\/www.asemer.ro\\\/#organization\"},\"potentialAction\":[{\"@type\":\"SearchAction\",\"target\":{\"@type\":\"EntryPoint\",\"urlTemplate\":\"https:\\\/\\\/www.asemer.ro\\\/?s={search_term_string}\"},\"query-input\":{\"@type\":\"PropertyValueSpecification\",\"valueRequired\":true,\"valueName\":\"search_term_string\"}}],\"inLanguage\":\"es\"},{\"@type\":\"Organization\",\"@id\":\"https:\\\/\\\/www.asemer.ro\\\/#organization\",\"name\":\"ASEMER\",\"url\":\"https:\\\/\\\/www.asemer.ro\\\/\",\"logo\":{\"@type\":\"ImageObject\",\"inLanguage\":\"es\",\"@id\":\"https:\\\/\\\/www.asemer.ro\\\/#\\\/schema\\\/logo\\\/image\\\/\",\"url\":\"https:\\\/\\\/www.asemer.ro\\\/wp-content\\\/uploads\\\/2020\\\/12\\\/logo-ASEMER-scaled.jpg\",\"contentUrl\":\"https:\\\/\\\/www.asemer.ro\\\/wp-content\\\/uploads\\\/2020\\\/12\\\/logo-ASEMER-scaled.jpg\",\"width\":2560,\"height\":849,\"caption\":\"ASEMER\"},\"image\":{\"@id\":\"https:\\\/\\\/www.asemer.ro\\\/#\\\/schema\\\/logo\\\/image\\\/\"},\"sameAs\":[\"https:\\\/\\\/www.facebook.com\\\/asociacionasemer\",\"https:\\\/\\\/x.com\\\/asemer_rumania\",\"https:\\\/\\\/ro.linkedin.com\\\/in\\\/asemer-asociaci\u00f3n-empresas-espa\u00f1olas-en-ruman\u00eda-724772a6?trk=author_mini-profile_title\",\"https:\\\/\\\/www.youtube.com\\\/channel\\\/UC73m8-BDsg857OL0Ogv5aQA\\\/videos\"]},{\"@type\":\"Person\",\"@id\":\"https:\\\/\\\/www.asemer.ro\\\/#\\\/schema\\\/person\\\/36de47e444c0f1a7b737a035d40519f9\",\"name\":\"Admin Asemer\",\"image\":{\"@type\":\"ImageObject\",\"inLanguage\":\"es\",\"@id\":\"https:\\\/\\\/secure.gravatar.com\\\/avatar\\\/b64873d65b5be684e01a001c464789c445a7279ef3f177f5fbff5d83eb373299?s=96&d=mm&r=g\",\"url\":\"https:\\\/\\\/secure.gravatar.com\\\/avatar\\\/b64873d65b5be684e01a001c464789c445a7279ef3f177f5fbff5d83eb373299?s=96&d=mm&r=g\",\"contentUrl\":\"https:\\\/\\\/secure.gravatar.com\\\/avatar\\\/b64873d65b5be684e01a001c464789c445a7279ef3f177f5fbff5d83eb373299?s=96&d=mm&r=g\",\"caption\":\"Admin Asemer\"},\"url\":\"https:\\\/\\\/www.asemer.ro\\\/index.php\\\/author\\\/admin\\\/\"}]}<\/script>\n<!-- \/ Yoast SEO plugin. -->","yoast_head_json":{"title":"GRAN EVENTO DE VERANO ASEMER - ASEMER","robots":{"index":"index","follow":"follow","max-snippet":"max-snippet:-1","max-image-preview":"max-image-preview:large","max-video-preview":"max-video-preview:-1"},"canonical":"https:\/\/www.asemer.ro\/index.php\/2023\/06\/29\/gran-evento-de-verano-asemer\/","og_locale":"es_ES","og_type":"article","og_title":"GRAN EVENTO DE VERANO ASEMER - ASEMER","og_description":"ASEMER EVENTO DE VERANO LUGAR: Eqvestria Club \u0218oseaua Bucure\u0219ti-Ploie\u0219ti FN, Balote\u0219ti &nbsp;Julio S\u00e1bado 29 2023, 13.00-20.00 UN EVENTO EN COLABORACI\u00d3N [&hellip;]","og_url":"https:\/\/www.asemer.ro\/index.php\/2023\/06\/29\/gran-evento-de-verano-asemer\/","og_site_name":"ASEMER","article_publisher":"https:\/\/www.facebook.com\/asociacionasemer","article_published_time":"2023-06-29T12:25:18+00:00","article_modified_time":"2023-06-29T12:25:27+00:00","og_image":[{"url":"https:\/\/www.asemer.ro\/wp-content\/uploads\/2023\/06\/Screenshot-2023-06-29-144609-Foto-Evento-1.png","type":"","width":"","height":""}],"author":"Admin Asemer","twitter_card":"summary_large_image","twitter_creator":"@asemer_rumania","twitter_site":"@asemer_rumania","twitter_misc":{"Escrito por":"Admin Asemer","Tiempo de lectura":"3 minutos"},"schema":{"@context":"https:\/\/schema.org","@graph":[{"@type":"Article","@id":"https:\/\/www.asemer.ro\/index.php\/2023\/06\/29\/gran-evento-de-verano-asemer\/#article","isPartOf":{"@id":"https:\/\/www.asemer.ro\/index.php\/2023\/06\/29\/gran-evento-de-verano-asemer\/"},"author":{"name":"Admin Asemer","@id":"https:\/\/www.asemer.ro\/#\/schema\/person\/36de47e444c0f1a7b737a035d40519f9"},"headline":"GRAN EVENTO DE VERANO ASEMER","datePublished":"2023-06-29T12:25:18+00:00","dateModified":"2023-06-29T12:25:27+00:00","mainEntityOfPage":{"@id":"https:\/\/www.asemer.ro\/index.php\/2023\/06\/29\/gran-evento-de-verano-asemer\/"},"wordCount":327,"commentCount":0,"publisher":{"@id":"https:\/\/www.asemer.ro\/#organization"},"image":{"@id":"https:\/\/www.asemer.ro\/index.php\/2023\/06\/29\/gran-evento-de-verano-asemer\/#primaryimage"},"thumbnailUrl":"https:\/\/www.asemer.ro\/wp-content\/uploads\/2023\/06\/Screenshot-2023-06-29-144609-Foto-Evento-1.png","articleSection":["Uncategorized"],"inLanguage":"es","potentialAction":[{"@type":"CommentAction","name":"Comment","target":["https:\/\/www.asemer.ro\/index.php\/2023\/06\/29\/gran-evento-de-verano-asemer\/#respond"]}]},{"@type":"WebPage","@id":"https:\/\/www.asemer.ro\/index.php\/2023\/06\/29\/gran-evento-de-verano-asemer\/","url":"https:\/\/www.asemer.ro\/index.php\/2023\/06\/29\/gran-evento-de-verano-asemer\/","name":"GRAN EVENTO DE VERANO ASEMER - ASEMER","isPartOf":{"@id":"https:\/\/www.asemer.ro\/#website"},"primaryImageOfPage":{"@id":"https:\/\/www.asemer.ro\/index.php\/2023\/06\/29\/gran-evento-de-verano-asemer\/#primaryimage"},"image":{"@id":"https:\/\/www.asemer.ro\/index.php\/2023\/06\/29\/gran-evento-de-verano-asemer\/#primaryimage"},"thumbnailUrl":"https:\/\/www.asemer.ro\/wp-content\/uploads\/2023\/06\/Screenshot-2023-06-29-144609-Foto-Evento-1.png","datePublished":"2023-06-29T12:25:18+00:00","dateModified":"2023-06-29T12:25:27+00:00","breadcrumb":{"@id":"https:\/\/www.asemer.ro\/index.php\/2023\/06\/29\/gran-evento-de-verano-asemer\/#breadcrumb"},"inLanguage":"es","potentialAction":[{"@type":"ReadAction","target":["https:\/\/www.asemer.ro\/index.php\/2023\/06\/29\/gran-evento-de-verano-asemer\/"]}]},{"@type":"ImageObject","inLanguage":"es","@id":"https:\/\/www.asemer.ro\/index.php\/2023\/06\/29\/gran-evento-de-verano-asemer\/#primaryimage","url":"https:\/\/www.asemer.ro\/wp-content\/uploads\/2023\/06\/Screenshot-2023-06-29-144609-Foto-Evento-1.png","contentUrl":"https:\/\/www.asemer.ro\/wp-content\/uploads\/2023\/06\/Screenshot-2023-06-29-144609-Foto-Evento-1.png","width":663,"height":478},{"@type":"BreadcrumbList","@id":"https:\/\/www.asemer.ro\/index.php\/2023\/06\/29\/gran-evento-de-verano-asemer\/#breadcrumb","itemListElement":[{"@type":"ListItem","position":1,"name":"Home","item":"https:\/\/www.asemer.ro\/"},{"@type":"ListItem","position":2,"name":"GRAN EVENTO DE VERANO ASEMER"}]},{"@type":"WebSite","@id":"https:\/\/www.asemer.ro\/#website","url":"https:\/\/www.asemer.ro\/","name":"ASEMER","description":"Asociaci\u00f3n de Empresas Espa\u00f1olas en Ruman\u00eda","publisher":{"@id":"https:\/\/www.asemer.ro\/#organization"},"potentialAction":[{"@type":"SearchAction","target":{"@type":"EntryPoint","urlTemplate":"https:\/\/www.asemer.ro\/?s={search_term_string}"},"query-input":{"@type":"PropertyValueSpecification","valueRequired":true,"valueName":"search_term_string"}}],"inLanguage":"es"},{"@type":"Organization","@id":"https:\/\/www.asemer.ro\/#organization","name":"ASEMER","url":"https:\/\/www.asemer.ro\/","logo":{"@type":"ImageObject","inLanguage":"es","@id":"https:\/\/www.asemer.ro\/#\/schema\/logo\/image\/","url":"https:\/\/www.asemer.ro\/wp-content\/uploads\/2020\/12\/logo-ASEMER-scaled.jpg","contentUrl":"https:\/\/www.asemer.ro\/wp-content\/uploads\/2020\/12\/logo-ASEMER-scaled.jpg","width":2560,"height":849,"caption":"ASEMER"},"image":{"@id":"https:\/\/www.asemer.ro\/#\/schema\/logo\/image\/"},"sameAs":["https:\/\/www.facebook.com\/asociacionasemer","https:\/\/x.com\/asemer_rumania","https:\/\/ro.linkedin.com\/in\/asemer-asociaci\u00f3n-empresas-espa\u00f1olas-en-ruman\u00eda-724772a6?trk=author_mini-profile_title","https:\/\/www.youtube.com\/channel\/UC73m8-BDsg857OL0Ogv5aQA\/videos"]},{"@type":"Person","@id":"https:\/\/www.asemer.ro\/#\/schema\/person\/36de47e444c0f1a7b737a035d40519f9","name":"Admin Asemer","image":{"@type":"ImageObject","inLanguage":"es","@id":"https:\/\/secure.gravatar.com\/avatar\/b64873d65b5be684e01a001c464789c445a7279ef3f177f5fbff5d83eb373299?s=96&d=mm&r=g","url":"https:\/\/secure.gravatar.com\/avatar\/b64873d65b5be684e01a001c464789c445a7279ef3f177f5fbff5d83eb373299?s=96&d=mm&r=g","contentUrl":"https:\/\/secure.gravatar.com\/avatar\/b64873d65b5be684e01a001c464789c445a7279ef3f177f5fbff5d83eb373299?s=96&d=mm&r=g","caption":"Admin Asemer"},"url":"https:\/\/www.asemer.ro\/index.php\/author\/admin\/"}]}},"_links":{"self":[{"href":"https:\/\/www.asemer.ro\/index.php\/wp-json\/wp\/v2\/posts\/8507","targetHints":{"allow":["GET"]}}],"collection":[{"href":"https:\/\/www.asemer.ro\/index.php\/wp-json\/wp\/v2\/posts"}],"about":[{"href":"https:\/\/www.asemer.ro\/index.php\/wp-json\/wp\/v2\/types\/post"}],"author":[{"embeddable":true,"href":"https:\/\/www.asemer.ro\/index.php\/wp-json\/wp\/v2\/users\/3"}],"replies":[{"embeddable":true,"href":"https:\/\/www.asemer.ro\/index.php\/wp-json\/wp\/v2\/comments?post=8507"}],"version-history":[{"count":8,"href":"https:\/\/www.asemer.ro\/index.php\/wp-json\/wp\/v2\/posts\/8507\/revisions"}],"predecessor-version":[{"id":8527,"href":"https:\/\/www.asemer.ro\/index.php\/wp-json\/wp\/v2\/posts\/8507\/revisions\/8527"}],"wp:attachment":[{"href":"https:\/\/www.asemer.ro\/index.php\/wp-json\/wp\/v2\/media?parent=8507"}],"wp:term":[{"taxonomy":"category","embeddable":true,"href":"https:\/\/www.asemer.ro\/index.php\/wp-json\/wp\/v2\/categories?post=8507"},{"taxonomy":"post_tag","embeddable":true,"href":"https:\/\/www.asemer.ro\/index.php\/wp-json\/wp\/v2\/tags?post=8507"}],"curies":[{"name":"wp","href":"https:\/\/api.w.org\/{rel}","templated":true}]}}