{"id":8580,"date":"2023-07-31T11:31:06","date_gmt":"2023-07-31T09:31:06","guid":{"rendered":"https:\/\/www.asemer.ro\/?p=8580"},"modified":"2023-08-01T16:29:21","modified_gmt":"2023-08-01T14:29:21","slug":"conozcan-a-cezar-iulian-armasu-rector-de-la-revista-patronatului-roman-y-director-general-del-consejo-rumano-del-patronato-esg","status":"publish","type":"post","link":"https:\/\/www.asemer.ro\/index.php\/2023\/07\/31\/conozcan-a-cezar-iulian-armasu-rector-de-la-revista-patronatului-roman-y-director-general-del-consejo-rumano-del-patronato-esg\/","title":{"rendered":"Conozcan a CEZAR IULIAN ARMASU, RECTOR DE LA REVISTA PATRONATULUI ROM\u00e2N Y DIRECTOR gENERAL DEL CONSEJO RUMANO DEL PATRONATO ESG"},"content":{"rendered":"\n<p>1.Datos personales<\/p>\n\n\n<div class=\"wp-block-image\">\n<figure class=\"alignleft size-full is-resized\"><img loading=\"lazy\" decoding=\"async\" src=\"https:\/\/www.asemer.ro\/wp-content\/uploads\/2023\/07\/Cezar-intervii-3.jpg\" alt=\"\" class=\"wp-image-8581\" width=\"360\" height=\"346\" srcset=\"https:\/\/www.asemer.ro\/wp-content\/uploads\/2023\/07\/Cezar-intervii-3.jpg 720w, https:\/\/www.asemer.ro\/wp-content\/uploads\/2023\/07\/Cezar-intervii-3-300x288.jpg 300w\" sizes=\"auto, (max-width: 360px) 100vw, 360px\" \/><\/figure>\n<\/div>\n\n\n<p>Cezar Iulian Armasu, Rector de la Revista Patronatului Rom\u00e2n y Director General del Consejo Rumano de Patronato ESG<\/p>\n\n\n\n<p>2. Cu\u00e9ntenos algunas palabras sobre usted, sobre su experiencia profesional.<\/p>\n\n\n\n<p>Tengo una experiencia en gesti\u00f3n, consultor\u00eda y emprendimiento de m\u00e1s de 33 a\u00f1os, teniendo la oportunidad de trabajar en varios campos: servicios financieros &#8211; arrendamiento, la industria de refrigeraci\u00f3n, producci\u00f3n publicitaria.<\/p>\n\n\n\n<p>A lo largo del tiempo me he desempe\u00f1ado como Fundador, Administrador, Gerente General de una empresa de arrendamiento (2001), Presidente de C.A. grupo de empresas tehnika frigului (2002-2004), presidente O.N.G. cultura y caridad (2016), empresa de consultor\u00eda propietaria, cargos directivos en marketing, recursos humanos, publicidad.<\/p>\n\n\n\n<p>La experiencia empresarial acumulada me permiti\u00f3 construir, a partir de 2020, la Revista Patronatului Rom\u00e2n, que es un portal dedicado al entorno empresarial en Rumania, con la misi\u00f3n de ser un \u00abcentro de informaci\u00f3n para las empresas\u00bb, que contiene, junto con la revista en l\u00ednea, una secci\u00f3n de eventos empresariales y una secci\u00f3n de videos.<\/p>\n\n\n\n<p>La revista Patronatului Rom\u00e2n participa activamente en la organizaci\u00f3n de los principales eventos empresariales y desarrolla una serie de m\u00e1s de 10 formatos de series de programas de video en l\u00ednea dedicados al desarrollo de empresarios y gerentes en el entorno empresarial rumano. Presentando noticias e informaci\u00f3n comercial, opiniones profesionales sobre diversos temas, experiencias empresariales y de gesti\u00f3n de primer nivel, as\u00ed como empresas principiantes y m\u00e1s peque\u00f1as, la actividad de video de la Revista de patronales Rumanas contribuye a crear una imagen real de la vida empresarial, se constituye en una fuente de informaci\u00f3n e inspiraci\u00f3n para los negocios.<\/p>\n\n\n\n<figure class=\"wp-block-image size-large\"><img loading=\"lazy\" decoding=\"async\" width=\"1024\" height=\"682\" src=\"https:\/\/www.asemer.ro\/wp-content\/uploads\/2023\/07\/Cezar-Interviu-1024x682.jpg\" alt=\"\" class=\"wp-image-8582\" srcset=\"https:\/\/www.asemer.ro\/wp-content\/uploads\/2023\/07\/Cezar-Interviu-1024x682.jpg 1024w, https:\/\/www.asemer.ro\/wp-content\/uploads\/2023\/07\/Cezar-Interviu-300x200.jpg 300w, https:\/\/www.asemer.ro\/wp-content\/uploads\/2023\/07\/Cezar-Interviu-768x512.jpg 768w, https:\/\/www.asemer.ro\/wp-content\/uploads\/2023\/07\/Cezar-Interviu-391x260.jpg 391w, https:\/\/www.asemer.ro\/wp-content\/uploads\/2023\/07\/Cezar-Interviu-1536x1023.jpg 1536w, https:\/\/www.asemer.ro\/wp-content\/uploads\/2023\/07\/Cezar-Interviu-720x480.jpg 720w, https:\/\/www.asemer.ro\/wp-content\/uploads\/2023\/07\/Cezar-Interviu-272x182.jpg 272w, https:\/\/www.asemer.ro\/wp-content\/uploads\/2023\/07\/Cezar-Interviu.jpg 1600w\" sizes=\"auto, (max-width: 1024px) 100vw, 1024px\" \/><\/figure>\n\n\n\n<p>3. \u00bfCu\u00e1ndo y por qu\u00e9 empez\u00f3 su proyecto? \u00bfQu\u00e9 lo motiv\u00f3 a iniciar este proyecto?<\/p>\n\n\n\n<p>Estoy en la etapa en la que quiero capitalizar la experiencia empresarial acumulada en beneficio del entorno empresarial. Como mencion\u00e9, en 2020 fundamos la Rrevista Romanian Patronage Magazine, y en mayo de 2023, junto con Daniela Marescu y Andrei Botis, comenzamos la construcci\u00f3n del Consejo Rumano de Patrocinio ESG.<\/p>\n\n\n\n<p>4. \u00bfPuede describir su proyecto? \u00bfCu\u00e1l es la actividad principal, qu\u00e9 la diferencia de la competencia y a quien se dirige?<\/p>\n\n\n\n<p>Tenemos metas ambiciosas y, en nuestra visi\u00f3n de la evoluci\u00f3n de CPESGR, anunciamos: \u00abEl Consejo de Empresarios de Ruman\u00eda ser\u00e1 una de las voces m\u00e1s activas y reconocidas del entorno empresarial, que se diferenciar\u00e1 por una mezcla equilibrada entre las actividades de defensa y representaci\u00f3n de los intereses de los miembros y los programas y acciones destinados a facilitar desarrollo empresarial y colaboraci\u00f3n y apoyo mutuo entre los miembros de la comunidad.<\/p>\n\n\n\n<p>Seremos as\u00ed la organizaci\u00f3n patronal m\u00e1s cercana a las empresas y comunidades locales. Nos convertiremos en el principal promotor de ideas, conceptos, m\u00e9todos, tecnolog\u00edas innovadoras, traeremos e implementaremos en el entorno empresarial los modelos comerciales m\u00e1s nuevos y de mejor rendimiento que tambi\u00e9n incluyan la aplicaci\u00f3n de los principios ESG\u00bb.<\/p>\n\n\n\n<p>Nos diferenciamos en el marco general del movimiento sindical de Rumania a trav\u00e9s del enfoque que ponemos en la implementaci\u00f3n de los principios ESG y el desarrollo de un componente significativo dedicado al desarrollo de los negocios de nuestros miembros.<\/p>\n\n\n<div class=\"wp-block-image\">\n<figure class=\"alignleft size-large is-resized\"><img loading=\"lazy\" decoding=\"async\" src=\"https:\/\/www.asemer.ro\/wp-content\/uploads\/2023\/07\/Cezar-Interviu-2-1024x682.jpg\" alt=\"\" class=\"wp-image-8583\" width=\"512\" height=\"341\" srcset=\"https:\/\/www.asemer.ro\/wp-content\/uploads\/2023\/07\/Cezar-Interviu-2-1024x682.jpg 1024w, https:\/\/www.asemer.ro\/wp-content\/uploads\/2023\/07\/Cezar-Interviu-2-300x200.jpg 300w, https:\/\/www.asemer.ro\/wp-content\/uploads\/2023\/07\/Cezar-Interviu-2-768x512.jpg 768w, https:\/\/www.asemer.ro\/wp-content\/uploads\/2023\/07\/Cezar-Interviu-2-391x260.jpg 391w, https:\/\/www.asemer.ro\/wp-content\/uploads\/2023\/07\/Cezar-Interviu-2-1536x1023.jpg 1536w, https:\/\/www.asemer.ro\/wp-content\/uploads\/2023\/07\/Cezar-Interviu-2-720x480.jpg 720w, https:\/\/www.asemer.ro\/wp-content\/uploads\/2023\/07\/Cezar-Interviu-2-272x182.jpg 272w, https:\/\/www.asemer.ro\/wp-content\/uploads\/2023\/07\/Cezar-Interviu-2.jpg 1600w\" sizes=\"auto, (max-width: 512px) 100vw, 512px\" \/><\/figure>\n<\/div>\n\n\n<p>5. \u00bfCu\u00e1les son los valores que lo gu\u00edan en el funcionamiento de su proyecto?<\/p>\n\n\n\n<p>Destacamos la transparencia, la digitalizaci\u00f3n y la prioridad dada al desarrollo empresarial<\/p>\n\n\n\n<p>6. \u00bfCu\u00e1l ser\u00eda un cambio que quisiera ver en el pa\u00eds?<\/p>\n\n\n\n<p>Esperamos que la voz del esp\u00edritu empresarial rumano y el entorno empresarial en general ganen m\u00e1s consistencia y relevancia en las decisiones regulatorias que tienen un impacto en la econom\u00eda.<\/p>\n\n\n\n<p><a href=\"https:\/\/translate.google.ro\/saved\"><\/a><\/p>\n","protected":false},"excerpt":{"rendered":"<p>1.Datos personales Cezar Iulian Armasu, Rector de la Revista Patronatului Rom\u00e2n y Director General del Consejo Rumano de Patronato ESG [&hellip;]<\/p>\n","protected":false},"author":3,"featured_media":0,"comment_status":"open","ping_status":"open","sticky":false,"template":"","format":"standard","meta":{"footnotes":""},"categories":[1],"tags":[],"class_list":["post-8580","post","type-post","status-publish","format-standard","hentry","category-uncategorized"],"yoast_head":"<!-- This site is optimized with the Yoast SEO plugin v27.5 - https:\/\/yoast.com\/product\/yoast-seo-wordpress\/ -->\n<title>Conozcan a CEZAR IULIAN ARMASU, RECTOR DE LA REVISTA PATRONATULUI ROM\u00e2N Y DIRECTOR gENERAL DEL CONSEJO RUMANO DEL PATRONATO ESG - ASEMER<\/title>\n<meta name=\"robots\" content=\"index, follow, max-snippet:-1, max-image-preview:large, max-video-preview:-1\" \/>\n<link rel=\"canonical\" href=\"https:\/\/www.asemer.ro\/index.php\/2023\/07\/31\/conozcan-a-cezar-iulian-armasu-rector-de-la-revista-patronatului-roman-y-director-general-del-consejo-rumano-del-patronato-esg\/\" \/>\n<meta property=\"og:locale\" content=\"es_ES\" \/>\n<meta property=\"og:type\" content=\"article\" \/>\n<meta property=\"og:title\" content=\"Conozcan a CEZAR IULIAN ARMASU, RECTOR DE LA REVISTA PATRONATULUI ROM\u00e2N Y DIRECTOR gENERAL DEL CONSEJO RUMANO DEL PATRONATO ESG - ASEMER\" \/>\n<meta property=\"og:description\" content=\"1.Datos personales Cezar Iulian Armasu, Rector de la Revista Patronatului Rom\u00e2n y Director General del Consejo Rumano de Patronato ESG [&hellip;]\" \/>\n<meta property=\"og:url\" content=\"https:\/\/www.asemer.ro\/index.php\/2023\/07\/31\/conozcan-a-cezar-iulian-armasu-rector-de-la-revista-patronatului-roman-y-director-general-del-consejo-rumano-del-patronato-esg\/\" \/>\n<meta property=\"og:site_name\" content=\"ASEMER\" \/>\n<meta property=\"article:publisher\" content=\"https:\/\/www.facebook.com\/asociacionasemer\" \/>\n<meta property=\"article:published_time\" content=\"2023-07-31T09:31:06+00:00\" \/>\n<meta property=\"article:modified_time\" content=\"2023-08-01T14:29:21+00:00\" \/>\n<meta property=\"og:image\" content=\"https:\/\/www.asemer.ro\/wp-content\/uploads\/2023\/07\/Cezar-intervii-3.jpg\" \/>\n<meta name=\"author\" content=\"Admin Asemer\" \/>\n<meta name=\"twitter:card\" content=\"summary_large_image\" \/>\n<meta name=\"twitter:creator\" content=\"@asemer_rumania\" \/>\n<meta name=\"twitter:site\" content=\"@asemer_rumania\" \/>\n<meta name=\"twitter:label1\" content=\"Escrito por\" \/>\n\t<meta name=\"twitter:data1\" content=\"Admin Asemer\" \/>\n\t<meta name=\"twitter:label2\" content=\"Tiempo de lectura\" \/>\n\t<meta name=\"twitter:data2\" content=\"4 minutos\" \/>\n<script type=\"application\/ld+json\" class=\"yoast-schema-graph\">{\"@context\":\"https:\\\/\\\/schema.org\",\"@graph\":[{\"@type\":\"Article\",\"@id\":\"https:\\\/\\\/www.asemer.ro\\\/index.php\\\/2023\\\/07\\\/31\\\/conozcan-a-cezar-iulian-armasu-rector-de-la-revista-patronatului-roman-y-director-general-del-consejo-rumano-del-patronato-esg\\\/#article\",\"isPartOf\":{\"@id\":\"https:\\\/\\\/www.asemer.ro\\\/index.php\\\/2023\\\/07\\\/31\\\/conozcan-a-cezar-iulian-armasu-rector-de-la-revista-patronatului-roman-y-director-general-del-consejo-rumano-del-patronato-esg\\\/\"},\"author\":{\"name\":\"Admin Asemer\",\"@id\":\"https:\\\/\\\/www.asemer.ro\\\/#\\\/schema\\\/person\\\/36de47e444c0f1a7b737a035d40519f9\"},\"headline\":\"Conozcan a CEZAR IULIAN ARMASU, RECTOR DE LA REVISTA PATRONATULUI ROM\u00e2N Y DIRECTOR gENERAL DEL CONSEJO RUMANO DEL PATRONATO ESG\",\"datePublished\":\"2023-07-31T09:31:06+00:00\",\"dateModified\":\"2023-08-01T14:29:21+00:00\",\"mainEntityOfPage\":{\"@id\":\"https:\\\/\\\/www.asemer.ro\\\/index.php\\\/2023\\\/07\\\/31\\\/conozcan-a-cezar-iulian-armasu-rector-de-la-revista-patronatului-roman-y-director-general-del-consejo-rumano-del-patronato-esg\\\/\"},\"wordCount\":640,\"commentCount\":0,\"publisher\":{\"@id\":\"https:\\\/\\\/www.asemer.ro\\\/#organization\"},\"image\":{\"@id\":\"https:\\\/\\\/www.asemer.ro\\\/index.php\\\/2023\\\/07\\\/31\\\/conozcan-a-cezar-iulian-armasu-rector-de-la-revista-patronatului-roman-y-director-general-del-consejo-rumano-del-patronato-esg\\\/#primaryimage\"},\"thumbnailUrl\":\"https:\\\/\\\/www.asemer.ro\\\/wp-content\\\/uploads\\\/2023\\\/07\\\/Cezar-intervii-3.jpg\",\"articleSection\":[\"Uncategorized\"],\"inLanguage\":\"es\",\"potentialAction\":[{\"@type\":\"CommentAction\",\"name\":\"Comment\",\"target\":[\"https:\\\/\\\/www.asemer.ro\\\/index.php\\\/2023\\\/07\\\/31\\\/conozcan-a-cezar-iulian-armasu-rector-de-la-revista-patronatului-roman-y-director-general-del-consejo-rumano-del-patronato-esg\\\/#respond\"]}]},{\"@type\":\"WebPage\",\"@id\":\"https:\\\/\\\/www.asemer.ro\\\/index.php\\\/2023\\\/07\\\/31\\\/conozcan-a-cezar-iulian-armasu-rector-de-la-revista-patronatului-roman-y-director-general-del-consejo-rumano-del-patronato-esg\\\/\",\"url\":\"https:\\\/\\\/www.asemer.ro\\\/index.php\\\/2023\\\/07\\\/31\\\/conozcan-a-cezar-iulian-armasu-rector-de-la-revista-patronatului-roman-y-director-general-del-consejo-rumano-del-patronato-esg\\\/\",\"name\":\"Conozcan a CEZAR IULIAN ARMASU, RECTOR DE LA REVISTA PATRONATULUI ROM\u00e2N Y DIRECTOR gENERAL DEL CONSEJO RUMANO DEL PATRONATO ESG - ASEMER\",\"isPartOf\":{\"@id\":\"https:\\\/\\\/www.asemer.ro\\\/#website\"},\"primaryImageOfPage\":{\"@id\":\"https:\\\/\\\/www.asemer.ro\\\/index.php\\\/2023\\\/07\\\/31\\\/conozcan-a-cezar-iulian-armasu-rector-de-la-revista-patronatului-roman-y-director-general-del-consejo-rumano-del-patronato-esg\\\/#primaryimage\"},\"image\":{\"@id\":\"https:\\\/\\\/www.asemer.ro\\\/index.php\\\/2023\\\/07\\\/31\\\/conozcan-a-cezar-iulian-armasu-rector-de-la-revista-patronatului-roman-y-director-general-del-consejo-rumano-del-patronato-esg\\\/#primaryimage\"},\"thumbnailUrl\":\"https:\\\/\\\/www.asemer.ro\\\/wp-content\\\/uploads\\\/2023\\\/07\\\/Cezar-intervii-3.jpg\",\"datePublished\":\"2023-07-31T09:31:06+00:00\",\"dateModified\":\"2023-08-01T14:29:21+00:00\",\"breadcrumb\":{\"@id\":\"https:\\\/\\\/www.asemer.ro\\\/index.php\\\/2023\\\/07\\\/31\\\/conozcan-a-cezar-iulian-armasu-rector-de-la-revista-patronatului-roman-y-director-general-del-consejo-rumano-del-patronato-esg\\\/#breadcrumb\"},\"inLanguage\":\"es\",\"potentialAction\":[{\"@type\":\"ReadAction\",\"target\":[\"https:\\\/\\\/www.asemer.ro\\\/index.php\\\/2023\\\/07\\\/31\\\/conozcan-a-cezar-iulian-armasu-rector-de-la-revista-patronatului-roman-y-director-general-del-consejo-rumano-del-patronato-esg\\\/\"]}]},{\"@type\":\"ImageObject\",\"inLanguage\":\"es\",\"@id\":\"https:\\\/\\\/www.asemer.ro\\\/index.php\\\/2023\\\/07\\\/31\\\/conozcan-a-cezar-iulian-armasu-rector-de-la-revista-patronatului-roman-y-director-general-del-consejo-rumano-del-patronato-esg\\\/#primaryimage\",\"url\":\"https:\\\/\\\/www.asemer.ro\\\/wp-content\\\/uploads\\\/2023\\\/07\\\/Cezar-intervii-3.jpg\",\"contentUrl\":\"https:\\\/\\\/www.asemer.ro\\\/wp-content\\\/uploads\\\/2023\\\/07\\\/Cezar-intervii-3.jpg\",\"width\":720,\"height\":692},{\"@type\":\"BreadcrumbList\",\"@id\":\"https:\\\/\\\/www.asemer.ro\\\/index.php\\\/2023\\\/07\\\/31\\\/conozcan-a-cezar-iulian-armasu-rector-de-la-revista-patronatului-roman-y-director-general-del-consejo-rumano-del-patronato-esg\\\/#breadcrumb\",\"itemListElement\":[{\"@type\":\"ListItem\",\"position\":1,\"name\":\"Home\",\"item\":\"https:\\\/\\\/www.asemer.ro\\\/\"},{\"@type\":\"ListItem\",\"position\":2,\"name\":\"Conozcan a CEZAR IULIAN ARMASU, RECTOR DE LA REVISTA PATRONATULUI ROM\u00e2N Y DIRECTOR gENERAL DEL CONSEJO RUMANO DEL PATRONATO ESG\"}]},{\"@type\":\"WebSite\",\"@id\":\"https:\\\/\\\/www.asemer.ro\\\/#website\",\"url\":\"https:\\\/\\\/www.asemer.ro\\\/\",\"name\":\"ASEMER\",\"description\":\"Asociaci\u00f3n de Empresas Espa\u00f1olas en Ruman\u00eda\",\"publisher\":{\"@id\":\"https:\\\/\\\/www.asemer.ro\\\/#organization\"},\"potentialAction\":[{\"@type\":\"SearchAction\",\"target\":{\"@type\":\"EntryPoint\",\"urlTemplate\":\"https:\\\/\\\/www.asemer.ro\\\/?s={search_term_string}\"},\"query-input\":{\"@type\":\"PropertyValueSpecification\",\"valueRequired\":true,\"valueName\":\"search_term_string\"}}],\"inLanguage\":\"es\"},{\"@type\":\"Organization\",\"@id\":\"https:\\\/\\\/www.asemer.ro\\\/#organization\",\"name\":\"ASEMER\",\"url\":\"https:\\\/\\\/www.asemer.ro\\\/\",\"logo\":{\"@type\":\"ImageObject\",\"inLanguage\":\"es\",\"@id\":\"https:\\\/\\\/www.asemer.ro\\\/#\\\/schema\\\/logo\\\/image\\\/\",\"url\":\"https:\\\/\\\/www.asemer.ro\\\/wp-content\\\/uploads\\\/2020\\\/12\\\/logo-ASEMER-scaled.jpg\",\"contentUrl\":\"https:\\\/\\\/www.asemer.ro\\\/wp-content\\\/uploads\\\/2020\\\/12\\\/logo-ASEMER-scaled.jpg\",\"width\":2560,\"height\":849,\"caption\":\"ASEMER\"},\"image\":{\"@id\":\"https:\\\/\\\/www.asemer.ro\\\/#\\\/schema\\\/logo\\\/image\\\/\"},\"sameAs\":[\"https:\\\/\\\/www.facebook.com\\\/asociacionasemer\",\"https:\\\/\\\/x.com\\\/asemer_rumania\",\"https:\\\/\\\/ro.linkedin.com\\\/in\\\/asemer-asociaci\u00f3n-empresas-espa\u00f1olas-en-ruman\u00eda-724772a6?trk=author_mini-profile_title\",\"https:\\\/\\\/www.youtube.com\\\/channel\\\/UC73m8-BDsg857OL0Ogv5aQA\\\/videos\"]},{\"@type\":\"Person\",\"@id\":\"https:\\\/\\\/www.asemer.ro\\\/#\\\/schema\\\/person\\\/36de47e444c0f1a7b737a035d40519f9\",\"name\":\"Admin Asemer\",\"image\":{\"@type\":\"ImageObject\",\"inLanguage\":\"es\",\"@id\":\"https:\\\/\\\/secure.gravatar.com\\\/avatar\\\/b64873d65b5be684e01a001c464789c445a7279ef3f177f5fbff5d83eb373299?s=96&d=mm&r=g\",\"url\":\"https:\\\/\\\/secure.gravatar.com\\\/avatar\\\/b64873d65b5be684e01a001c464789c445a7279ef3f177f5fbff5d83eb373299?s=96&d=mm&r=g\",\"contentUrl\":\"https:\\\/\\\/secure.gravatar.com\\\/avatar\\\/b64873d65b5be684e01a001c464789c445a7279ef3f177f5fbff5d83eb373299?s=96&d=mm&r=g\",\"caption\":\"Admin Asemer\"},\"url\":\"https:\\\/\\\/www.asemer.ro\\\/index.php\\\/author\\\/admin\\\/\"}]}<\/script>\n<!-- \/ Yoast SEO plugin. -->","yoast_head_json":{"title":"Conozcan a CEZAR IULIAN ARMASU, RECTOR DE LA REVISTA PATRONATULUI ROM\u00e2N Y DIRECTOR gENERAL DEL CONSEJO RUMANO DEL PATRONATO ESG - ASEMER","robots":{"index":"index","follow":"follow","max-snippet":"max-snippet:-1","max-image-preview":"max-image-preview:large","max-video-preview":"max-video-preview:-1"},"canonical":"https:\/\/www.asemer.ro\/index.php\/2023\/07\/31\/conozcan-a-cezar-iulian-armasu-rector-de-la-revista-patronatului-roman-y-director-general-del-consejo-rumano-del-patronato-esg\/","og_locale":"es_ES","og_type":"article","og_title":"Conozcan a CEZAR IULIAN ARMASU, RECTOR DE LA REVISTA PATRONATULUI ROM\u00e2N Y DIRECTOR gENERAL DEL CONSEJO RUMANO DEL PATRONATO ESG - ASEMER","og_description":"1.Datos personales Cezar Iulian Armasu, Rector de la Revista Patronatului Rom\u00e2n y Director General del Consejo Rumano de Patronato ESG [&hellip;]","og_url":"https:\/\/www.asemer.ro\/index.php\/2023\/07\/31\/conozcan-a-cezar-iulian-armasu-rector-de-la-revista-patronatului-roman-y-director-general-del-consejo-rumano-del-patronato-esg\/","og_site_name":"ASEMER","article_publisher":"https:\/\/www.facebook.com\/asociacionasemer","article_published_time":"2023-07-31T09:31:06+00:00","article_modified_time":"2023-08-01T14:29:21+00:00","og_image":[{"url":"https:\/\/www.asemer.ro\/wp-content\/uploads\/2023\/07\/Cezar-intervii-3.jpg","type":"","width":"","height":""}],"author":"Admin Asemer","twitter_card":"summary_large_image","twitter_creator":"@asemer_rumania","twitter_site":"@asemer_rumania","twitter_misc":{"Escrito por":"Admin Asemer","Tiempo de lectura":"4 minutos"},"schema":{"@context":"https:\/\/schema.org","@graph":[{"@type":"Article","@id":"https:\/\/www.asemer.ro\/index.php\/2023\/07\/31\/conozcan-a-cezar-iulian-armasu-rector-de-la-revista-patronatului-roman-y-director-general-del-consejo-rumano-del-patronato-esg\/#article","isPartOf":{"@id":"https:\/\/www.asemer.ro\/index.php\/2023\/07\/31\/conozcan-a-cezar-iulian-armasu-rector-de-la-revista-patronatului-roman-y-director-general-del-consejo-rumano-del-patronato-esg\/"},"author":{"name":"Admin Asemer","@id":"https:\/\/www.asemer.ro\/#\/schema\/person\/36de47e444c0f1a7b737a035d40519f9"},"headline":"Conozcan a CEZAR IULIAN ARMASU, RECTOR DE LA REVISTA PATRONATULUI ROM\u00e2N Y DIRECTOR gENERAL DEL CONSEJO RUMANO DEL PATRONATO ESG","datePublished":"2023-07-31T09:31:06+00:00","dateModified":"2023-08-01T14:29:21+00:00","mainEntityOfPage":{"@id":"https:\/\/www.asemer.ro\/index.php\/2023\/07\/31\/conozcan-a-cezar-iulian-armasu-rector-de-la-revista-patronatului-roman-y-director-general-del-consejo-rumano-del-patronato-esg\/"},"wordCount":640,"commentCount":0,"publisher":{"@id":"https:\/\/www.asemer.ro\/#organization"},"image":{"@id":"https:\/\/www.asemer.ro\/index.php\/2023\/07\/31\/conozcan-a-cezar-iulian-armasu-rector-de-la-revista-patronatului-roman-y-director-general-del-consejo-rumano-del-patronato-esg\/#primaryimage"},"thumbnailUrl":"https:\/\/www.asemer.ro\/wp-content\/uploads\/2023\/07\/Cezar-intervii-3.jpg","articleSection":["Uncategorized"],"inLanguage":"es","potentialAction":[{"@type":"CommentAction","name":"Comment","target":["https:\/\/www.asemer.ro\/index.php\/2023\/07\/31\/conozcan-a-cezar-iulian-armasu-rector-de-la-revista-patronatului-roman-y-director-general-del-consejo-rumano-del-patronato-esg\/#respond"]}]},{"@type":"WebPage","@id":"https:\/\/www.asemer.ro\/index.php\/2023\/07\/31\/conozcan-a-cezar-iulian-armasu-rector-de-la-revista-patronatului-roman-y-director-general-del-consejo-rumano-del-patronato-esg\/","url":"https:\/\/www.asemer.ro\/index.php\/2023\/07\/31\/conozcan-a-cezar-iulian-armasu-rector-de-la-revista-patronatului-roman-y-director-general-del-consejo-rumano-del-patronato-esg\/","name":"Conozcan a CEZAR IULIAN ARMASU, RECTOR DE LA REVISTA PATRONATULUI ROM\u00e2N Y DIRECTOR gENERAL DEL CONSEJO RUMANO DEL PATRONATO ESG - ASEMER","isPartOf":{"@id":"https:\/\/www.asemer.ro\/#website"},"primaryImageOfPage":{"@id":"https:\/\/www.asemer.ro\/index.php\/2023\/07\/31\/conozcan-a-cezar-iulian-armasu-rector-de-la-revista-patronatului-roman-y-director-general-del-consejo-rumano-del-patronato-esg\/#primaryimage"},"image":{"@id":"https:\/\/www.asemer.ro\/index.php\/2023\/07\/31\/conozcan-a-cezar-iulian-armasu-rector-de-la-revista-patronatului-roman-y-director-general-del-consejo-rumano-del-patronato-esg\/#primaryimage"},"thumbnailUrl":"https:\/\/www.asemer.ro\/wp-content\/uploads\/2023\/07\/Cezar-intervii-3.jpg","datePublished":"2023-07-31T09:31:06+00:00","dateModified":"2023-08-01T14:29:21+00:00","breadcrumb":{"@id":"https:\/\/www.asemer.ro\/index.php\/2023\/07\/31\/conozcan-a-cezar-iulian-armasu-rector-de-la-revista-patronatului-roman-y-director-general-del-consejo-rumano-del-patronato-esg\/#breadcrumb"},"inLanguage":"es","potentialAction":[{"@type":"ReadAction","target":["https:\/\/www.asemer.ro\/index.php\/2023\/07\/31\/conozcan-a-cezar-iulian-armasu-rector-de-la-revista-patronatului-roman-y-director-general-del-consejo-rumano-del-patronato-esg\/"]}]},{"@type":"ImageObject","inLanguage":"es","@id":"https:\/\/www.asemer.ro\/index.php\/2023\/07\/31\/conozcan-a-cezar-iulian-armasu-rector-de-la-revista-patronatului-roman-y-director-general-del-consejo-rumano-del-patronato-esg\/#primaryimage","url":"https:\/\/www.asemer.ro\/wp-content\/uploads\/2023\/07\/Cezar-intervii-3.jpg","contentUrl":"https:\/\/www.asemer.ro\/wp-content\/uploads\/2023\/07\/Cezar-intervii-3.jpg","width":720,"height":692},{"@type":"BreadcrumbList","@id":"https:\/\/www.asemer.ro\/index.php\/2023\/07\/31\/conozcan-a-cezar-iulian-armasu-rector-de-la-revista-patronatului-roman-y-director-general-del-consejo-rumano-del-patronato-esg\/#breadcrumb","itemListElement":[{"@type":"ListItem","position":1,"name":"Home","item":"https:\/\/www.asemer.ro\/"},{"@type":"ListItem","position":2,"name":"Conozcan a CEZAR IULIAN ARMASU, RECTOR DE LA REVISTA PATRONATULUI ROM\u00e2N Y DIRECTOR gENERAL DEL CONSEJO RUMANO DEL PATRONATO ESG"}]},{"@type":"WebSite","@id":"https:\/\/www.asemer.ro\/#website","url":"https:\/\/www.asemer.ro\/","name":"ASEMER","description":"Asociaci\u00f3n de Empresas Espa\u00f1olas en Ruman\u00eda","publisher":{"@id":"https:\/\/www.asemer.ro\/#organization"},"potentialAction":[{"@type":"SearchAction","target":{"@type":"EntryPoint","urlTemplate":"https:\/\/www.asemer.ro\/?s={search_term_string}"},"query-input":{"@type":"PropertyValueSpecification","valueRequired":true,"valueName":"search_term_string"}}],"inLanguage":"es"},{"@type":"Organization","@id":"https:\/\/www.asemer.ro\/#organization","name":"ASEMER","url":"https:\/\/www.asemer.ro\/","logo":{"@type":"ImageObject","inLanguage":"es","@id":"https:\/\/www.asemer.ro\/#\/schema\/logo\/image\/","url":"https:\/\/www.asemer.ro\/wp-content\/uploads\/2020\/12\/logo-ASEMER-scaled.jpg","contentUrl":"https:\/\/www.asemer.ro\/wp-content\/uploads\/2020\/12\/logo-ASEMER-scaled.jpg","width":2560,"height":849,"caption":"ASEMER"},"image":{"@id":"https:\/\/www.asemer.ro\/#\/schema\/logo\/image\/"},"sameAs":["https:\/\/www.facebook.com\/asociacionasemer","https:\/\/x.com\/asemer_rumania","https:\/\/ro.linkedin.com\/in\/asemer-asociaci\u00f3n-empresas-espa\u00f1olas-en-ruman\u00eda-724772a6?trk=author_mini-profile_title","https:\/\/www.youtube.com\/channel\/UC73m8-BDsg857OL0Ogv5aQA\/videos"]},{"@type":"Person","@id":"https:\/\/www.asemer.ro\/#\/schema\/person\/36de47e444c0f1a7b737a035d40519f9","name":"Admin Asemer","image":{"@type":"ImageObject","inLanguage":"es","@id":"https:\/\/secure.gravatar.com\/avatar\/b64873d65b5be684e01a001c464789c445a7279ef3f177f5fbff5d83eb373299?s=96&d=mm&r=g","url":"https:\/\/secure.gravatar.com\/avatar\/b64873d65b5be684e01a001c464789c445a7279ef3f177f5fbff5d83eb373299?s=96&d=mm&r=g","contentUrl":"https:\/\/secure.gravatar.com\/avatar\/b64873d65b5be684e01a001c464789c445a7279ef3f177f5fbff5d83eb373299?s=96&d=mm&r=g","caption":"Admin Asemer"},"url":"https:\/\/www.asemer.ro\/index.php\/author\/admin\/"}]}},"_links":{"self":[{"href":"https:\/\/www.asemer.ro\/index.php\/wp-json\/wp\/v2\/posts\/8580","targetHints":{"allow":["GET"]}}],"collection":[{"href":"https:\/\/www.asemer.ro\/index.php\/wp-json\/wp\/v2\/posts"}],"about":[{"href":"https:\/\/www.asemer.ro\/index.php\/wp-json\/wp\/v2\/types\/post"}],"author":[{"embeddable":true,"href":"https:\/\/www.asemer.ro\/index.php\/wp-json\/wp\/v2\/users\/3"}],"replies":[{"embeddable":true,"href":"https:\/\/www.asemer.ro\/index.php\/wp-json\/wp\/v2\/comments?post=8580"}],"version-history":[{"count":4,"href":"https:\/\/www.asemer.ro\/index.php\/wp-json\/wp\/v2\/posts\/8580\/revisions"}],"predecessor-version":[{"id":8800,"href":"https:\/\/www.asemer.ro\/index.php\/wp-json\/wp\/v2\/posts\/8580\/revisions\/8800"}],"wp:attachment":[{"href":"https:\/\/www.asemer.ro\/index.php\/wp-json\/wp\/v2\/media?parent=8580"}],"wp:term":[{"taxonomy":"category","embeddable":true,"href":"https:\/\/www.asemer.ro\/index.php\/wp-json\/wp\/v2\/categories?post=8580"},{"taxonomy":"post_tag","embeddable":true,"href":"https:\/\/www.asemer.ro\/index.php\/wp-json\/wp\/v2\/tags?post=8580"}],"curies":[{"name":"wp","href":"https:\/\/api.w.org\/{rel}","templated":true}]}}