{"id":8587,"date":"2023-07-31T11:47:27","date_gmt":"2023-07-31T09:47:27","guid":{"rendered":"https:\/\/www.asemer.ro\/?p=8587"},"modified":"2023-07-31T11:47:37","modified_gmt":"2023-07-31T09:47:37","slug":"entrevista-a-emilio-luque-ascanio-en-bursa-ro","status":"publish","type":"post","link":"https:\/\/www.asemer.ro\/index.php\/2023\/07\/31\/entrevista-a-emilio-luque-ascanio-en-bursa-ro\/","title":{"rendered":"Entrevista a Emilio Luque Ascanio en BURSA.RO"},"content":{"rendered":"\n<h2 class=\"wp-block-heading\">\u00abSpania nu va \u00eempiedica integrarea Rom\u00e2niei \u00een Schengen, dar e nevoie de acordul tuturor membrilor\u00bb<\/h2>\n\n\n\n<h2 class=\"wp-block-heading\">(Interviu cu Emilio Luque Ascanio, pre\u015fedintele Acocia\u0163iei Investitorilor Spanioli din Rom\u00e2nia)<\/h2>\n\n\n\n<p>Preluarea mandatului pre\u015fedin\u0163iei Consiliului UE de c\u0103tre Spania este v\u0103zut\u0103 ca o \u015fans\u0103 pentru intrarea \u0163\u0103rii noastre \u00een spa\u0163iul Schengen. Emilio Luque Ascanio, pre\u015fedintele Asocia\u0163iei Investitorilor Spanioli din Rom\u00e2nia (ASEMER), ne-a acordat un interviu \u00een care a transmis c\u0103 Spania nu va fi un impediment pentru integrarea Rom\u00e2niei Schengen, dar c\u0103 acest lucru nu este suficiet, dat fiind faptul c\u0103 este nevoie de unanimitate pentru acceptarea ader\u0103rii unui stat. Dac\u0103 Rom\u00e2nia va reu\u015fi s\u0103 fac\u0103 acest pas \u015fi va \u015fti s\u0103-\u015fi joace rolul dup\u0103 integrarea \u00een Schengen, interesul investitorilor spanioli pentru pia\u0163a local\u0103 va cre\u015fte, cu siguran\u0163\u0103, ne-a mai spus pre\u015fedintele ASEMER. Acesta ne-a vorbit \u015fi despre ce ar presupune un nou e\u015fec pentru integrarea Rom\u00e2niei \u00een Schengen, dar \u015fi despre rela\u0163iile apropiate dintre cele dou\u0103 \u0163\u0103ri.<\/p>\n\n\n\n<p><strong>Reporter:<\/strong> De la 1 iulie, Spania intr\u0103 \u00een lumina reflectoarelor odat\u0103 cu preluarea mandatatului de pre\u015fedinte al Consiliului UE. \u00cen ce m\u0103sur\u0103 crede\u0163i c\u0103 acest lucru va contribui la consolidarea rela\u0163iilor dintre \u0163\u0103rile noastre?<\/p>\n\n\n\n<p><strong>Emilio Luque Ascanio:<\/strong> Unele dintre obiectivele propuse de c\u0103tre actualul Guvern al Spaniei pentru perioada \u00een care aceasta va prelua mandatul de pre\u015fedinte al Consiliului Uniunii Europene este acela de a spori coeziunea dintre statele membre. \u00cen acest sens, se poate \u00een\u0163elege c\u0103 rela\u0163iile dintre \u0163\u0103rile noastre se vor putea bucura de un sprijin special \u015fi de o colaborare mai apropiat\u0103.<\/p>\n\n\n\n<p><strong>Reporter:<\/strong> Exist\u0103 speran\u0163e ca pe durata mandatului Spaniei la UE \u0163ara noastr\u0103 s\u0103 intre \u00een Schengen. \u00cen ce m\u0103sur\u0103 crede\u0163i c\u0103 acest lucru va fi posibil?<\/p>\n\n\n\n<p><strong>Emilio Luque Ascanio:<\/strong> Din punctul nostru de vedere intrarea Ro\u00adm\u00e2niei \u00een spa\u0163iul Schengen este un lucru dorit \u015fi o datorie a celorlalte state membre ale Uniunii Europene pentru consolidarea unei pie\u0163e unice interne. \u00cen urma integr\u0103rii Rom\u00e2niei \u015fi Bulgariei \u00een Schengen se va asigura un spa\u0163iu unic care se \u00eentinde de la Nord la Sud \u015fi de la Vest la Est, din mal \u00een mal.<\/p>\n\n\n\n<p>De\u015fi nu cred c\u0103 Spania va fi un impediment pentru integrarea Rom\u00e2niei \u00een spa\u0163iul Schengen, trebuie avut \u00een vedere c\u0103 tratatul Schengen oblig\u0103 acceptarea expres\u0103 din partea tuturor membrilor.<\/p>\n\n\n\n<p>Continua s\u0103 cite\u0219ti:<\/p>\n\n\n\n<p><a href=\"https:\/\/www.bursa.ro\/spania-nu-va-impiedica-integrarea-romaniei-in-schengen-dar-e-nevoie-de-acordul-tuturor-membrilor-66331058\">https:\/\/www.bursa.ro\/spania-nu-va-impiedica-integrarea-romaniei-in-schengen-dar-e-nevoie-de-acordul-tuturor-membrilor-66331058<\/a><\/p>\n","protected":false},"excerpt":{"rendered":"<p>\u00abSpania nu va \u00eempiedica integrarea Rom\u00e2niei \u00een Schengen, dar e nevoie de acordul tuturor membrilor\u00bb (Interviu cu Emilio Luque Ascanio, [&hellip;]<\/p>\n","protected":false},"author":3,"featured_media":0,"comment_status":"open","ping_status":"open","sticky":false,"template":"","format":"standard","meta":{"footnotes":""},"categories":[1],"tags":[],"class_list":["post-8587","post","type-post","status-publish","format-standard","hentry","category-uncategorized"],"yoast_head":"<!-- This site is optimized with the Yoast SEO plugin v27.5 - https:\/\/yoast.com\/product\/yoast-seo-wordpress\/ -->\n<title>Entrevista a Emilio Luque Ascanio en BURSA.RO - ASEMER<\/title>\n<meta name=\"robots\" content=\"index, follow, max-snippet:-1, max-image-preview:large, max-video-preview:-1\" \/>\n<link rel=\"canonical\" href=\"https:\/\/www.asemer.ro\/index.php\/2023\/07\/31\/entrevista-a-emilio-luque-ascanio-en-bursa-ro\/\" \/>\n<meta property=\"og:locale\" content=\"es_ES\" \/>\n<meta property=\"og:type\" content=\"article\" \/>\n<meta property=\"og:title\" content=\"Entrevista a Emilio Luque Ascanio en BURSA.RO - ASEMER\" \/>\n<meta property=\"og:description\" content=\"\u00abSpania nu va \u00eempiedica integrarea Rom\u00e2niei \u00een Schengen, dar e nevoie de acordul tuturor membrilor\u00bb (Interviu cu Emilio Luque Ascanio, [&hellip;]\" \/>\n<meta property=\"og:url\" content=\"https:\/\/www.asemer.ro\/index.php\/2023\/07\/31\/entrevista-a-emilio-luque-ascanio-en-bursa-ro\/\" \/>\n<meta property=\"og:site_name\" content=\"ASEMER\" \/>\n<meta property=\"article:publisher\" content=\"https:\/\/www.facebook.com\/asociacionasemer\" \/>\n<meta property=\"article:published_time\" content=\"2023-07-31T09:47:27+00:00\" \/>\n<meta property=\"article:modified_time\" content=\"2023-07-31T09:47:37+00:00\" \/>\n<meta name=\"author\" content=\"Admin Asemer\" \/>\n<meta name=\"twitter:card\" content=\"summary_large_image\" \/>\n<meta name=\"twitter:creator\" content=\"@asemer_rumania\" \/>\n<meta name=\"twitter:site\" content=\"@asemer_rumania\" \/>\n<meta name=\"twitter:label1\" content=\"Escrito por\" \/>\n\t<meta name=\"twitter:data1\" content=\"Admin Asemer\" \/>\n\t<meta name=\"twitter:label2\" content=\"Tiempo de lectura\" \/>\n\t<meta name=\"twitter:data2\" content=\"2 minutos\" \/>\n<script type=\"application\/ld+json\" class=\"yoast-schema-graph\">{\"@context\":\"https:\\\/\\\/schema.org\",\"@graph\":[{\"@type\":\"Article\",\"@id\":\"https:\\\/\\\/www.asemer.ro\\\/index.php\\\/2023\\\/07\\\/31\\\/entrevista-a-emilio-luque-ascanio-en-bursa-ro\\\/#article\",\"isPartOf\":{\"@id\":\"https:\\\/\\\/www.asemer.ro\\\/index.php\\\/2023\\\/07\\\/31\\\/entrevista-a-emilio-luque-ascanio-en-bursa-ro\\\/\"},\"author\":{\"name\":\"Admin Asemer\",\"@id\":\"https:\\\/\\\/www.asemer.ro\\\/#\\\/schema\\\/person\\\/36de47e444c0f1a7b737a035d40519f9\"},\"headline\":\"Entrevista a Emilio Luque Ascanio en BURSA.RO\",\"datePublished\":\"2023-07-31T09:47:27+00:00\",\"dateModified\":\"2023-07-31T09:47:37+00:00\",\"mainEntityOfPage\":{\"@id\":\"https:\\\/\\\/www.asemer.ro\\\/index.php\\\/2023\\\/07\\\/31\\\/entrevista-a-emilio-luque-ascanio-en-bursa-ro\\\/\"},\"wordCount\":429,\"commentCount\":0,\"publisher\":{\"@id\":\"https:\\\/\\\/www.asemer.ro\\\/#organization\"},\"articleSection\":[\"Uncategorized\"],\"inLanguage\":\"es\",\"potentialAction\":[{\"@type\":\"CommentAction\",\"name\":\"Comment\",\"target\":[\"https:\\\/\\\/www.asemer.ro\\\/index.php\\\/2023\\\/07\\\/31\\\/entrevista-a-emilio-luque-ascanio-en-bursa-ro\\\/#respond\"]}]},{\"@type\":\"WebPage\",\"@id\":\"https:\\\/\\\/www.asemer.ro\\\/index.php\\\/2023\\\/07\\\/31\\\/entrevista-a-emilio-luque-ascanio-en-bursa-ro\\\/\",\"url\":\"https:\\\/\\\/www.asemer.ro\\\/index.php\\\/2023\\\/07\\\/31\\\/entrevista-a-emilio-luque-ascanio-en-bursa-ro\\\/\",\"name\":\"Entrevista a Emilio Luque Ascanio en BURSA.RO - ASEMER\",\"isPartOf\":{\"@id\":\"https:\\\/\\\/www.asemer.ro\\\/#website\"},\"datePublished\":\"2023-07-31T09:47:27+00:00\",\"dateModified\":\"2023-07-31T09:47:37+00:00\",\"breadcrumb\":{\"@id\":\"https:\\\/\\\/www.asemer.ro\\\/index.php\\\/2023\\\/07\\\/31\\\/entrevista-a-emilio-luque-ascanio-en-bursa-ro\\\/#breadcrumb\"},\"inLanguage\":\"es\",\"potentialAction\":[{\"@type\":\"ReadAction\",\"target\":[\"https:\\\/\\\/www.asemer.ro\\\/index.php\\\/2023\\\/07\\\/31\\\/entrevista-a-emilio-luque-ascanio-en-bursa-ro\\\/\"]}]},{\"@type\":\"BreadcrumbList\",\"@id\":\"https:\\\/\\\/www.asemer.ro\\\/index.php\\\/2023\\\/07\\\/31\\\/entrevista-a-emilio-luque-ascanio-en-bursa-ro\\\/#breadcrumb\",\"itemListElement\":[{\"@type\":\"ListItem\",\"position\":1,\"name\":\"Home\",\"item\":\"https:\\\/\\\/www.asemer.ro\\\/\"},{\"@type\":\"ListItem\",\"position\":2,\"name\":\"Entrevista a Emilio Luque Ascanio en BURSA.RO\"}]},{\"@type\":\"WebSite\",\"@id\":\"https:\\\/\\\/www.asemer.ro\\\/#website\",\"url\":\"https:\\\/\\\/www.asemer.ro\\\/\",\"name\":\"ASEMER\",\"description\":\"Asociaci\u00f3n de Empresas Espa\u00f1olas en Ruman\u00eda\",\"publisher\":{\"@id\":\"https:\\\/\\\/www.asemer.ro\\\/#organization\"},\"potentialAction\":[{\"@type\":\"SearchAction\",\"target\":{\"@type\":\"EntryPoint\",\"urlTemplate\":\"https:\\\/\\\/www.asemer.ro\\\/?s={search_term_string}\"},\"query-input\":{\"@type\":\"PropertyValueSpecification\",\"valueRequired\":true,\"valueName\":\"search_term_string\"}}],\"inLanguage\":\"es\"},{\"@type\":\"Organization\",\"@id\":\"https:\\\/\\\/www.asemer.ro\\\/#organization\",\"name\":\"ASEMER\",\"url\":\"https:\\\/\\\/www.asemer.ro\\\/\",\"logo\":{\"@type\":\"ImageObject\",\"inLanguage\":\"es\",\"@id\":\"https:\\\/\\\/www.asemer.ro\\\/#\\\/schema\\\/logo\\\/image\\\/\",\"url\":\"https:\\\/\\\/www.asemer.ro\\\/wp-content\\\/uploads\\\/2020\\\/12\\\/logo-ASEMER-scaled.jpg\",\"contentUrl\":\"https:\\\/\\\/www.asemer.ro\\\/wp-content\\\/uploads\\\/2020\\\/12\\\/logo-ASEMER-scaled.jpg\",\"width\":2560,\"height\":849,\"caption\":\"ASEMER\"},\"image\":{\"@id\":\"https:\\\/\\\/www.asemer.ro\\\/#\\\/schema\\\/logo\\\/image\\\/\"},\"sameAs\":[\"https:\\\/\\\/www.facebook.com\\\/asociacionasemer\",\"https:\\\/\\\/x.com\\\/asemer_rumania\",\"https:\\\/\\\/ro.linkedin.com\\\/in\\\/asemer-asociaci\u00f3n-empresas-espa\u00f1olas-en-ruman\u00eda-724772a6?trk=author_mini-profile_title\",\"https:\\\/\\\/www.youtube.com\\\/channel\\\/UC73m8-BDsg857OL0Ogv5aQA\\\/videos\"]},{\"@type\":\"Person\",\"@id\":\"https:\\\/\\\/www.asemer.ro\\\/#\\\/schema\\\/person\\\/36de47e444c0f1a7b737a035d40519f9\",\"name\":\"Admin Asemer\",\"image\":{\"@type\":\"ImageObject\",\"inLanguage\":\"es\",\"@id\":\"https:\\\/\\\/secure.gravatar.com\\\/avatar\\\/b64873d65b5be684e01a001c464789c445a7279ef3f177f5fbff5d83eb373299?s=96&d=mm&r=g\",\"url\":\"https:\\\/\\\/secure.gravatar.com\\\/avatar\\\/b64873d65b5be684e01a001c464789c445a7279ef3f177f5fbff5d83eb373299?s=96&d=mm&r=g\",\"contentUrl\":\"https:\\\/\\\/secure.gravatar.com\\\/avatar\\\/b64873d65b5be684e01a001c464789c445a7279ef3f177f5fbff5d83eb373299?s=96&d=mm&r=g\",\"caption\":\"Admin Asemer\"},\"url\":\"https:\\\/\\\/www.asemer.ro\\\/index.php\\\/author\\\/admin\\\/\"}]}<\/script>\n<!-- \/ Yoast SEO plugin. -->","yoast_head_json":{"title":"Entrevista a Emilio Luque Ascanio en BURSA.RO - ASEMER","robots":{"index":"index","follow":"follow","max-snippet":"max-snippet:-1","max-image-preview":"max-image-preview:large","max-video-preview":"max-video-preview:-1"},"canonical":"https:\/\/www.asemer.ro\/index.php\/2023\/07\/31\/entrevista-a-emilio-luque-ascanio-en-bursa-ro\/","og_locale":"es_ES","og_type":"article","og_title":"Entrevista a Emilio Luque Ascanio en BURSA.RO - ASEMER","og_description":"\u00abSpania nu va \u00eempiedica integrarea Rom\u00e2niei \u00een Schengen, dar e nevoie de acordul tuturor membrilor\u00bb (Interviu cu Emilio Luque Ascanio, [&hellip;]","og_url":"https:\/\/www.asemer.ro\/index.php\/2023\/07\/31\/entrevista-a-emilio-luque-ascanio-en-bursa-ro\/","og_site_name":"ASEMER","article_publisher":"https:\/\/www.facebook.com\/asociacionasemer","article_published_time":"2023-07-31T09:47:27+00:00","article_modified_time":"2023-07-31T09:47:37+00:00","author":"Admin Asemer","twitter_card":"summary_large_image","twitter_creator":"@asemer_rumania","twitter_site":"@asemer_rumania","twitter_misc":{"Escrito por":"Admin Asemer","Tiempo de lectura":"2 minutos"},"schema":{"@context":"https:\/\/schema.org","@graph":[{"@type":"Article","@id":"https:\/\/www.asemer.ro\/index.php\/2023\/07\/31\/entrevista-a-emilio-luque-ascanio-en-bursa-ro\/#article","isPartOf":{"@id":"https:\/\/www.asemer.ro\/index.php\/2023\/07\/31\/entrevista-a-emilio-luque-ascanio-en-bursa-ro\/"},"author":{"name":"Admin Asemer","@id":"https:\/\/www.asemer.ro\/#\/schema\/person\/36de47e444c0f1a7b737a035d40519f9"},"headline":"Entrevista a Emilio Luque Ascanio en BURSA.RO","datePublished":"2023-07-31T09:47:27+00:00","dateModified":"2023-07-31T09:47:37+00:00","mainEntityOfPage":{"@id":"https:\/\/www.asemer.ro\/index.php\/2023\/07\/31\/entrevista-a-emilio-luque-ascanio-en-bursa-ro\/"},"wordCount":429,"commentCount":0,"publisher":{"@id":"https:\/\/www.asemer.ro\/#organization"},"articleSection":["Uncategorized"],"inLanguage":"es","potentialAction":[{"@type":"CommentAction","name":"Comment","target":["https:\/\/www.asemer.ro\/index.php\/2023\/07\/31\/entrevista-a-emilio-luque-ascanio-en-bursa-ro\/#respond"]}]},{"@type":"WebPage","@id":"https:\/\/www.asemer.ro\/index.php\/2023\/07\/31\/entrevista-a-emilio-luque-ascanio-en-bursa-ro\/","url":"https:\/\/www.asemer.ro\/index.php\/2023\/07\/31\/entrevista-a-emilio-luque-ascanio-en-bursa-ro\/","name":"Entrevista a Emilio Luque Ascanio en BURSA.RO - ASEMER","isPartOf":{"@id":"https:\/\/www.asemer.ro\/#website"},"datePublished":"2023-07-31T09:47:27+00:00","dateModified":"2023-07-31T09:47:37+00:00","breadcrumb":{"@id":"https:\/\/www.asemer.ro\/index.php\/2023\/07\/31\/entrevista-a-emilio-luque-ascanio-en-bursa-ro\/#breadcrumb"},"inLanguage":"es","potentialAction":[{"@type":"ReadAction","target":["https:\/\/www.asemer.ro\/index.php\/2023\/07\/31\/entrevista-a-emilio-luque-ascanio-en-bursa-ro\/"]}]},{"@type":"BreadcrumbList","@id":"https:\/\/www.asemer.ro\/index.php\/2023\/07\/31\/entrevista-a-emilio-luque-ascanio-en-bursa-ro\/#breadcrumb","itemListElement":[{"@type":"ListItem","position":1,"name":"Home","item":"https:\/\/www.asemer.ro\/"},{"@type":"ListItem","position":2,"name":"Entrevista a Emilio Luque Ascanio en BURSA.RO"}]},{"@type":"WebSite","@id":"https:\/\/www.asemer.ro\/#website","url":"https:\/\/www.asemer.ro\/","name":"ASEMER","description":"Asociaci\u00f3n de Empresas Espa\u00f1olas en Ruman\u00eda","publisher":{"@id":"https:\/\/www.asemer.ro\/#organization"},"potentialAction":[{"@type":"SearchAction","target":{"@type":"EntryPoint","urlTemplate":"https:\/\/www.asemer.ro\/?s={search_term_string}"},"query-input":{"@type":"PropertyValueSpecification","valueRequired":true,"valueName":"search_term_string"}}],"inLanguage":"es"},{"@type":"Organization","@id":"https:\/\/www.asemer.ro\/#organization","name":"ASEMER","url":"https:\/\/www.asemer.ro\/","logo":{"@type":"ImageObject","inLanguage":"es","@id":"https:\/\/www.asemer.ro\/#\/schema\/logo\/image\/","url":"https:\/\/www.asemer.ro\/wp-content\/uploads\/2020\/12\/logo-ASEMER-scaled.jpg","contentUrl":"https:\/\/www.asemer.ro\/wp-content\/uploads\/2020\/12\/logo-ASEMER-scaled.jpg","width":2560,"height":849,"caption":"ASEMER"},"image":{"@id":"https:\/\/www.asemer.ro\/#\/schema\/logo\/image\/"},"sameAs":["https:\/\/www.facebook.com\/asociacionasemer","https:\/\/x.com\/asemer_rumania","https:\/\/ro.linkedin.com\/in\/asemer-asociaci\u00f3n-empresas-espa\u00f1olas-en-ruman\u00eda-724772a6?trk=author_mini-profile_title","https:\/\/www.youtube.com\/channel\/UC73m8-BDsg857OL0Ogv5aQA\/videos"]},{"@type":"Person","@id":"https:\/\/www.asemer.ro\/#\/schema\/person\/36de47e444c0f1a7b737a035d40519f9","name":"Admin Asemer","image":{"@type":"ImageObject","inLanguage":"es","@id":"https:\/\/secure.gravatar.com\/avatar\/b64873d65b5be684e01a001c464789c445a7279ef3f177f5fbff5d83eb373299?s=96&d=mm&r=g","url":"https:\/\/secure.gravatar.com\/avatar\/b64873d65b5be684e01a001c464789c445a7279ef3f177f5fbff5d83eb373299?s=96&d=mm&r=g","contentUrl":"https:\/\/secure.gravatar.com\/avatar\/b64873d65b5be684e01a001c464789c445a7279ef3f177f5fbff5d83eb373299?s=96&d=mm&r=g","caption":"Admin Asemer"},"url":"https:\/\/www.asemer.ro\/index.php\/author\/admin\/"}]}},"_links":{"self":[{"href":"https:\/\/www.asemer.ro\/index.php\/wp-json\/wp\/v2\/posts\/8587","targetHints":{"allow":["GET"]}}],"collection":[{"href":"https:\/\/www.asemer.ro\/index.php\/wp-json\/wp\/v2\/posts"}],"about":[{"href":"https:\/\/www.asemer.ro\/index.php\/wp-json\/wp\/v2\/types\/post"}],"author":[{"embeddable":true,"href":"https:\/\/www.asemer.ro\/index.php\/wp-json\/wp\/v2\/users\/3"}],"replies":[{"embeddable":true,"href":"https:\/\/www.asemer.ro\/index.php\/wp-json\/wp\/v2\/comments?post=8587"}],"version-history":[{"count":1,"href":"https:\/\/www.asemer.ro\/index.php\/wp-json\/wp\/v2\/posts\/8587\/revisions"}],"predecessor-version":[{"id":8588,"href":"https:\/\/www.asemer.ro\/index.php\/wp-json\/wp\/v2\/posts\/8587\/revisions\/8588"}],"wp:attachment":[{"href":"https:\/\/www.asemer.ro\/index.php\/wp-json\/wp\/v2\/media?parent=8587"}],"wp:term":[{"taxonomy":"category","embeddable":true,"href":"https:\/\/www.asemer.ro\/index.php\/wp-json\/wp\/v2\/categories?post=8587"},{"taxonomy":"post_tag","embeddable":true,"href":"https:\/\/www.asemer.ro\/index.php\/wp-json\/wp\/v2\/tags?post=8587"}],"curies":[{"name":"wp","href":"https:\/\/api.w.org\/{rel}","templated":true}]}}