{"id":8828,"date":"2023-08-24T18:59:34","date_gmt":"2023-08-24T16:59:34","guid":{"rendered":"https:\/\/www.asemer.ro\/?p=8828"},"modified":"2023-08-24T18:59:43","modified_gmt":"2023-08-24T16:59:43","slug":"entrevista-al-senor-emilio-luque-ascanio-presidente-de-asemer-en-retail-ro","status":"publish","type":"post","link":"https:\/\/www.asemer.ro\/index.php\/2023\/08\/24\/entrevista-al-senor-emilio-luque-ascanio-presidente-de-asemer-en-retail-ro\/","title":{"rendered":"ENTREVISTA AL SE\u00d1OR EMILIO LUQUE ASCANIO PRESIDENTE DE ASEMER EN RETAIL.ro"},"content":{"rendered":"\n<h2 class=\"wp-block-heading\">Este atractiv\u0103 pia\u021ba din Rom\u00e2nia pentru retailerii spanioli?\u00a0Ce spune Emilio Luque Ascanio, pre\u0219edintele ASEMER<\/h2>\n\n\n\n<p><a href=\"https:\/\/www.retail.ro\/echipa\/n-a-5.html\"> Redac\u021bia Retail.ro<\/a><\/p>\n\n\n\n<p>Retail.ro a discutat cu Emilio Luque Ascanio, pre\u0219edintele Asocia\u021biei Investitorilor Spanioli \u00een Rom\u00e2nia (ASEMER). Acesta ne-a oferit c\u00e2teva detalii\u00a0despre interesul pentru <a href=\"https:\/\/www.retail.ro\/articole\/stiri-si-noutati\/a-aparut-berea-sustenabila-realizata-din-resturi-de-paine-9428.html\">produsele spaniole<\/a> pe pia\u021ba din Rom\u00e2nia, dar \u0219i despre inten\u021bia retailerilor\u00a0spanioli de a comercializa produse pe pia\u021ba local\u0103.\u00a0<\/p>\n\n\n\n<h2 class=\"wp-block-heading\">C\u00e2t de atractiv\u0103 este pia\u021ba din Rom\u00e2nia pentru retailerii spanioli?<\/h2>\n\n\n\n<p><strong>Retailul \u015fi <a href=\"https:\/\/www.retail.ro\/articole\/stiri-si-noutati\/bucurestiul-printre-orasele-europene-cu-cea-mai-scumpa-cafea-cat-costa-o-cafea-in-paris-madrid-sau-londra-9625.html\">industria agroalimentar\u0103<\/a> atrag interesul investitorilor spanioli<\/strong>, \u00een ciuda faptului c\u0103 \u00een supermarketurile din Rom\u00e2nia se comercializeaz\u0103 pu\u021bine produse de provenien\u021b\u0103 spaniol\u0103.<\/p>\n\n\n\n<p>\u00cen acest sens, <strong>ASEMER <\/strong>\u0219i-a propus s\u0103 \u00eembun\u0103t\u0103\u021beasc\u0103 promovarea acestui sector. Per ansamblu, Rom\u00e2nia este v\u0103zut\u0103 drept o pia\u021b\u0103<strong> cu poten\u021bial mare pentru antreprenorii spanioli, care sunt primi\u021bi cu deschidere de c\u0103tre consumatorii rom\u00e2ni.<\/strong><\/p>\n\n\n\n<p><strong>Emilio Luque Ascanio<\/strong>, de meserie avocat, a preluat conducerea asocia\u021biei \u00een 2019, iar acesta \u0219i-a propus s\u0103 creeze o <strong>comunitate c\u00e2t mai mare de oameni de afaceri<\/strong>. \u00cen opinia sa, <strong>avantajul Rom\u00e2niei pentru investitorii spanioli este faptul c\u0103 avem culturi foarte asem\u0103n\u0103toare, spre deosebire de alte \u021b\u0103ri din est, precum Bulgaria, Cehia sau Ungaria.<\/strong><\/p>\n\n\n\n<p>\u201e\u00cencep\u00e2nd cu 2005 p\u00e2n\u0103 \u00een 2008, investi\u021biile spaniole \u00een Rom\u00e2nia s-au aflat pe un trend ascendent, p\u00e2n\u0103 \u00een momentul crizei financiare. \u00cencep\u00e2nd cu acel moment, situa\u021bia s-a schimbat, mediul de afaceri de aici intr\u00e2nd \u00een conflict cu modul de lucru al investitorilor spanioli\u201d a declarat pre\u0219edintele asocia\u021biei ASEMER.<\/p>\n\n\n\n<p>Spania este o \u021bar\u0103 cu o pia\u021b\u0103 intern\u0103 foarte bine dezvoltat\u0103, spune avocatul. Totu\u0219i, pentru ca o \u021bar\u0103 ca Spania sa-\u0219i poat\u0103 lista produsele la raft \u00een estul Europei, are nevoie de o cerere concret\u0103, de\u0219i, privind per ansamblu, <a href=\"https:\/\/www.retail.ro\/articole\/stiri-si-noutati\/ofertele-de-munca-in-strainatate-au-crescut-cu-15-in-ce-tari-au-ales-romanii-sa-lucreze-vara-aceasta-9518.html\">Rom\u00e2nia poate reprezenta o pia\u021b\u0103 \u00een dezvoltare cu mult poten\u021bial<\/a>.<\/p>\n\n\n\n<h2 class=\"wp-block-heading\">De ce \u00eent\u00e2rzie s\u0103 apar\u0103 produsele spaniole pe pia\u021ba noastr\u0103<\/h2>\n\n\n\n<p>\u201eEste o realitate faptul c\u0103, \u00een cazul \u00een care vreau s\u0103 cump\u0103r un ulei de m\u0103sline produs \u00een Spania, eu nu \u00eel pot achizi\u021biona nic\u0103ieri \u00een Rom\u00e2nia. <strong>Singurele produse spaniole care apar ocazional sunt cele listate la rafturi de Lidl, \u00een s\u0103pt\u0103m\u00e2na spaniol\u0103<\/strong>. \u00cen alt\u0103 ordine de idei, <strong>Rom\u00e2nia este o \u021bar\u0103 care cunoa\u0219te foarte bine Spania \u0219i exist\u0103 interes pentru produsele spaniole,<\/strong> afirm\u0103 Luque, totu\u0219i, produc\u0103torii spanioli nu au \u00eencredere \u00een Rom\u00e2nia, \u00eentruc\u00e2t condi\u021biile de pia\u021b\u0103 nu sunt at\u00e2t de avantajoase\u201d a spus avocatul.<\/p>\n\n\n\n<p>Acesta a mai explicat c\u0103 riscul comercial este destul de elevat. Pe de o parte, <strong>exportatorii spanioli au \u00eent\u00e2mpinat o serie de probleme \u00een ceea ce prive\u0219te exportul de produse. Pe de alt\u0103 parte, exist\u0103 \u0219i o lips\u0103 de cuno\u0219tin\u021be \u0219i informa\u021bii legate de pia\u021ba autohton\u0103 \u00een r\u00e2ndul investitorilor spanioli<\/strong>, ceea ce reprezint\u0103 un impediment pentru comer\u021bul cu produse din Peninsula Iberic\u0103.<\/p>\n\n\n\n<p>Continua s\u0103 cite\u0219ti:<\/p>\n\n\n\n<p><a href=\"https:\/\/www.retail.ro\/articole\/interviuri-si-analize\/este-atractiva-piata-din-romania-pentru-retailerii-spanioli-ce-spune-emilio-luque-ascanio-presedintele-asemer-9710.html\">https:\/\/www.retail.ro\/articole\/interviuri-si-analize\/este-atractiva-piata-din-romania-pentru-retailerii-spanioli-ce-spune-emilio-luque-ascanio-presedintele-asemer-9710.html<\/a><\/p>\n","protected":false},"excerpt":{"rendered":"<p>Este atractiv\u0103 pia\u021ba din Rom\u00e2nia pentru retailerii spanioli?\u00a0Ce spune Emilio Luque Ascanio, pre\u0219edintele ASEMER Redac\u021bia Retail.ro Retail.ro a discutat cu [&hellip;]<\/p>\n","protected":false},"author":3,"featured_media":0,"comment_status":"open","ping_status":"open","sticky":false,"template":"","format":"standard","meta":{"footnotes":""},"categories":[1],"tags":[],"class_list":["post-8828","post","type-post","status-publish","format-standard","hentry","category-uncategorized"],"yoast_head":"<!-- This site is optimized with the Yoast SEO plugin v27.5 - https:\/\/yoast.com\/product\/yoast-seo-wordpress\/ -->\n<title>ENTREVISTA AL SE\u00d1OR EMILIO LUQUE ASCANIO PRESIDENTE DE ASEMER EN RETAIL.ro - ASEMER<\/title>\n<meta name=\"robots\" content=\"index, follow, max-snippet:-1, max-image-preview:large, max-video-preview:-1\" \/>\n<link rel=\"canonical\" href=\"https:\/\/www.asemer.ro\/index.php\/2023\/08\/24\/entrevista-al-senor-emilio-luque-ascanio-presidente-de-asemer-en-retail-ro\/\" \/>\n<meta property=\"og:locale\" content=\"es_ES\" \/>\n<meta property=\"og:type\" content=\"article\" \/>\n<meta property=\"og:title\" content=\"ENTREVISTA AL SE\u00d1OR EMILIO LUQUE ASCANIO PRESIDENTE DE ASEMER EN RETAIL.ro - ASEMER\" \/>\n<meta property=\"og:description\" content=\"Este atractiv\u0103 pia\u021ba din Rom\u00e2nia pentru retailerii spanioli?\u00a0Ce spune Emilio Luque Ascanio, pre\u0219edintele ASEMER Redac\u021bia Retail.ro Retail.ro a discutat cu [&hellip;]\" \/>\n<meta property=\"og:url\" content=\"https:\/\/www.asemer.ro\/index.php\/2023\/08\/24\/entrevista-al-senor-emilio-luque-ascanio-presidente-de-asemer-en-retail-ro\/\" \/>\n<meta property=\"og:site_name\" content=\"ASEMER\" \/>\n<meta property=\"article:publisher\" content=\"https:\/\/www.facebook.com\/asociacionasemer\" \/>\n<meta property=\"article:published_time\" content=\"2023-08-24T16:59:34+00:00\" \/>\n<meta property=\"article:modified_time\" content=\"2023-08-24T16:59:43+00:00\" \/>\n<meta name=\"author\" content=\"Admin Asemer\" \/>\n<meta name=\"twitter:card\" content=\"summary_large_image\" \/>\n<meta name=\"twitter:creator\" content=\"@asemer_rumania\" \/>\n<meta name=\"twitter:site\" content=\"@asemer_rumania\" \/>\n<meta name=\"twitter:label1\" content=\"Escrito por\" \/>\n\t<meta name=\"twitter:data1\" content=\"Admin Asemer\" \/>\n\t<meta name=\"twitter:label2\" content=\"Tiempo de lectura\" \/>\n\t<meta name=\"twitter:data2\" content=\"3 minutos\" \/>\n<script type=\"application\/ld+json\" class=\"yoast-schema-graph\">{\"@context\":\"https:\\\/\\\/schema.org\",\"@graph\":[{\"@type\":\"Article\",\"@id\":\"https:\\\/\\\/www.asemer.ro\\\/index.php\\\/2023\\\/08\\\/24\\\/entrevista-al-senor-emilio-luque-ascanio-presidente-de-asemer-en-retail-ro\\\/#article\",\"isPartOf\":{\"@id\":\"https:\\\/\\\/www.asemer.ro\\\/index.php\\\/2023\\\/08\\\/24\\\/entrevista-al-senor-emilio-luque-ascanio-presidente-de-asemer-en-retail-ro\\\/\"},\"author\":{\"name\":\"Admin Asemer\",\"@id\":\"https:\\\/\\\/www.asemer.ro\\\/#\\\/schema\\\/person\\\/36de47e444c0f1a7b737a035d40519f9\"},\"headline\":\"ENTREVISTA AL SE\u00d1OR EMILIO LUQUE ASCANIO PRESIDENTE DE ASEMER EN RETAIL.ro\",\"datePublished\":\"2023-08-24T16:59:34+00:00\",\"dateModified\":\"2023-08-24T16:59:43+00:00\",\"mainEntityOfPage\":{\"@id\":\"https:\\\/\\\/www.asemer.ro\\\/index.php\\\/2023\\\/08\\\/24\\\/entrevista-al-senor-emilio-luque-ascanio-presidente-de-asemer-en-retail-ro\\\/\"},\"wordCount\":528,\"commentCount\":0,\"publisher\":{\"@id\":\"https:\\\/\\\/www.asemer.ro\\\/#organization\"},\"articleSection\":[\"Uncategorized\"],\"inLanguage\":\"es\",\"potentialAction\":[{\"@type\":\"CommentAction\",\"name\":\"Comment\",\"target\":[\"https:\\\/\\\/www.asemer.ro\\\/index.php\\\/2023\\\/08\\\/24\\\/entrevista-al-senor-emilio-luque-ascanio-presidente-de-asemer-en-retail-ro\\\/#respond\"]}]},{\"@type\":\"WebPage\",\"@id\":\"https:\\\/\\\/www.asemer.ro\\\/index.php\\\/2023\\\/08\\\/24\\\/entrevista-al-senor-emilio-luque-ascanio-presidente-de-asemer-en-retail-ro\\\/\",\"url\":\"https:\\\/\\\/www.asemer.ro\\\/index.php\\\/2023\\\/08\\\/24\\\/entrevista-al-senor-emilio-luque-ascanio-presidente-de-asemer-en-retail-ro\\\/\",\"name\":\"ENTREVISTA AL SE\u00d1OR EMILIO LUQUE ASCANIO PRESIDENTE DE ASEMER EN RETAIL.ro - ASEMER\",\"isPartOf\":{\"@id\":\"https:\\\/\\\/www.asemer.ro\\\/#website\"},\"datePublished\":\"2023-08-24T16:59:34+00:00\",\"dateModified\":\"2023-08-24T16:59:43+00:00\",\"breadcrumb\":{\"@id\":\"https:\\\/\\\/www.asemer.ro\\\/index.php\\\/2023\\\/08\\\/24\\\/entrevista-al-senor-emilio-luque-ascanio-presidente-de-asemer-en-retail-ro\\\/#breadcrumb\"},\"inLanguage\":\"es\",\"potentialAction\":[{\"@type\":\"ReadAction\",\"target\":[\"https:\\\/\\\/www.asemer.ro\\\/index.php\\\/2023\\\/08\\\/24\\\/entrevista-al-senor-emilio-luque-ascanio-presidente-de-asemer-en-retail-ro\\\/\"]}]},{\"@type\":\"BreadcrumbList\",\"@id\":\"https:\\\/\\\/www.asemer.ro\\\/index.php\\\/2023\\\/08\\\/24\\\/entrevista-al-senor-emilio-luque-ascanio-presidente-de-asemer-en-retail-ro\\\/#breadcrumb\",\"itemListElement\":[{\"@type\":\"ListItem\",\"position\":1,\"name\":\"Home\",\"item\":\"https:\\\/\\\/www.asemer.ro\\\/\"},{\"@type\":\"ListItem\",\"position\":2,\"name\":\"ENTREVISTA AL SE\u00d1OR EMILIO LUQUE ASCANIO PRESIDENTE DE ASEMER EN RETAIL.ro\"}]},{\"@type\":\"WebSite\",\"@id\":\"https:\\\/\\\/www.asemer.ro\\\/#website\",\"url\":\"https:\\\/\\\/www.asemer.ro\\\/\",\"name\":\"ASEMER\",\"description\":\"Asociaci\u00f3n de Empresas Espa\u00f1olas en Ruman\u00eda\",\"publisher\":{\"@id\":\"https:\\\/\\\/www.asemer.ro\\\/#organization\"},\"potentialAction\":[{\"@type\":\"SearchAction\",\"target\":{\"@type\":\"EntryPoint\",\"urlTemplate\":\"https:\\\/\\\/www.asemer.ro\\\/?s={search_term_string}\"},\"query-input\":{\"@type\":\"PropertyValueSpecification\",\"valueRequired\":true,\"valueName\":\"search_term_string\"}}],\"inLanguage\":\"es\"},{\"@type\":\"Organization\",\"@id\":\"https:\\\/\\\/www.asemer.ro\\\/#organization\",\"name\":\"ASEMER\",\"url\":\"https:\\\/\\\/www.asemer.ro\\\/\",\"logo\":{\"@type\":\"ImageObject\",\"inLanguage\":\"es\",\"@id\":\"https:\\\/\\\/www.asemer.ro\\\/#\\\/schema\\\/logo\\\/image\\\/\",\"url\":\"https:\\\/\\\/www.asemer.ro\\\/wp-content\\\/uploads\\\/2020\\\/12\\\/logo-ASEMER-scaled.jpg\",\"contentUrl\":\"https:\\\/\\\/www.asemer.ro\\\/wp-content\\\/uploads\\\/2020\\\/12\\\/logo-ASEMER-scaled.jpg\",\"width\":2560,\"height\":849,\"caption\":\"ASEMER\"},\"image\":{\"@id\":\"https:\\\/\\\/www.asemer.ro\\\/#\\\/schema\\\/logo\\\/image\\\/\"},\"sameAs\":[\"https:\\\/\\\/www.facebook.com\\\/asociacionasemer\",\"https:\\\/\\\/x.com\\\/asemer_rumania\",\"https:\\\/\\\/ro.linkedin.com\\\/in\\\/asemer-asociaci\u00f3n-empresas-espa\u00f1olas-en-ruman\u00eda-724772a6?trk=author_mini-profile_title\",\"https:\\\/\\\/www.youtube.com\\\/channel\\\/UC73m8-BDsg857OL0Ogv5aQA\\\/videos\"]},{\"@type\":\"Person\",\"@id\":\"https:\\\/\\\/www.asemer.ro\\\/#\\\/schema\\\/person\\\/36de47e444c0f1a7b737a035d40519f9\",\"name\":\"Admin Asemer\",\"image\":{\"@type\":\"ImageObject\",\"inLanguage\":\"es\",\"@id\":\"https:\\\/\\\/secure.gravatar.com\\\/avatar\\\/b64873d65b5be684e01a001c464789c445a7279ef3f177f5fbff5d83eb373299?s=96&d=mm&r=g\",\"url\":\"https:\\\/\\\/secure.gravatar.com\\\/avatar\\\/b64873d65b5be684e01a001c464789c445a7279ef3f177f5fbff5d83eb373299?s=96&d=mm&r=g\",\"contentUrl\":\"https:\\\/\\\/secure.gravatar.com\\\/avatar\\\/b64873d65b5be684e01a001c464789c445a7279ef3f177f5fbff5d83eb373299?s=96&d=mm&r=g\",\"caption\":\"Admin Asemer\"},\"url\":\"https:\\\/\\\/www.asemer.ro\\\/index.php\\\/author\\\/admin\\\/\"}]}<\/script>\n<!-- \/ Yoast SEO plugin. -->","yoast_head_json":{"title":"ENTREVISTA AL SE\u00d1OR EMILIO LUQUE ASCANIO PRESIDENTE DE ASEMER EN RETAIL.ro - ASEMER","robots":{"index":"index","follow":"follow","max-snippet":"max-snippet:-1","max-image-preview":"max-image-preview:large","max-video-preview":"max-video-preview:-1"},"canonical":"https:\/\/www.asemer.ro\/index.php\/2023\/08\/24\/entrevista-al-senor-emilio-luque-ascanio-presidente-de-asemer-en-retail-ro\/","og_locale":"es_ES","og_type":"article","og_title":"ENTREVISTA AL SE\u00d1OR EMILIO LUQUE ASCANIO PRESIDENTE DE ASEMER EN RETAIL.ro - ASEMER","og_description":"Este atractiv\u0103 pia\u021ba din Rom\u00e2nia pentru retailerii spanioli?\u00a0Ce spune Emilio Luque Ascanio, pre\u0219edintele ASEMER Redac\u021bia Retail.ro Retail.ro a discutat cu [&hellip;]","og_url":"https:\/\/www.asemer.ro\/index.php\/2023\/08\/24\/entrevista-al-senor-emilio-luque-ascanio-presidente-de-asemer-en-retail-ro\/","og_site_name":"ASEMER","article_publisher":"https:\/\/www.facebook.com\/asociacionasemer","article_published_time":"2023-08-24T16:59:34+00:00","article_modified_time":"2023-08-24T16:59:43+00:00","author":"Admin Asemer","twitter_card":"summary_large_image","twitter_creator":"@asemer_rumania","twitter_site":"@asemer_rumania","twitter_misc":{"Escrito por":"Admin Asemer","Tiempo de lectura":"3 minutos"},"schema":{"@context":"https:\/\/schema.org","@graph":[{"@type":"Article","@id":"https:\/\/www.asemer.ro\/index.php\/2023\/08\/24\/entrevista-al-senor-emilio-luque-ascanio-presidente-de-asemer-en-retail-ro\/#article","isPartOf":{"@id":"https:\/\/www.asemer.ro\/index.php\/2023\/08\/24\/entrevista-al-senor-emilio-luque-ascanio-presidente-de-asemer-en-retail-ro\/"},"author":{"name":"Admin Asemer","@id":"https:\/\/www.asemer.ro\/#\/schema\/person\/36de47e444c0f1a7b737a035d40519f9"},"headline":"ENTREVISTA AL SE\u00d1OR EMILIO LUQUE ASCANIO PRESIDENTE DE ASEMER EN RETAIL.ro","datePublished":"2023-08-24T16:59:34+00:00","dateModified":"2023-08-24T16:59:43+00:00","mainEntityOfPage":{"@id":"https:\/\/www.asemer.ro\/index.php\/2023\/08\/24\/entrevista-al-senor-emilio-luque-ascanio-presidente-de-asemer-en-retail-ro\/"},"wordCount":528,"commentCount":0,"publisher":{"@id":"https:\/\/www.asemer.ro\/#organization"},"articleSection":["Uncategorized"],"inLanguage":"es","potentialAction":[{"@type":"CommentAction","name":"Comment","target":["https:\/\/www.asemer.ro\/index.php\/2023\/08\/24\/entrevista-al-senor-emilio-luque-ascanio-presidente-de-asemer-en-retail-ro\/#respond"]}]},{"@type":"WebPage","@id":"https:\/\/www.asemer.ro\/index.php\/2023\/08\/24\/entrevista-al-senor-emilio-luque-ascanio-presidente-de-asemer-en-retail-ro\/","url":"https:\/\/www.asemer.ro\/index.php\/2023\/08\/24\/entrevista-al-senor-emilio-luque-ascanio-presidente-de-asemer-en-retail-ro\/","name":"ENTREVISTA AL SE\u00d1OR EMILIO LUQUE ASCANIO PRESIDENTE DE ASEMER EN RETAIL.ro - ASEMER","isPartOf":{"@id":"https:\/\/www.asemer.ro\/#website"},"datePublished":"2023-08-24T16:59:34+00:00","dateModified":"2023-08-24T16:59:43+00:00","breadcrumb":{"@id":"https:\/\/www.asemer.ro\/index.php\/2023\/08\/24\/entrevista-al-senor-emilio-luque-ascanio-presidente-de-asemer-en-retail-ro\/#breadcrumb"},"inLanguage":"es","potentialAction":[{"@type":"ReadAction","target":["https:\/\/www.asemer.ro\/index.php\/2023\/08\/24\/entrevista-al-senor-emilio-luque-ascanio-presidente-de-asemer-en-retail-ro\/"]}]},{"@type":"BreadcrumbList","@id":"https:\/\/www.asemer.ro\/index.php\/2023\/08\/24\/entrevista-al-senor-emilio-luque-ascanio-presidente-de-asemer-en-retail-ro\/#breadcrumb","itemListElement":[{"@type":"ListItem","position":1,"name":"Home","item":"https:\/\/www.asemer.ro\/"},{"@type":"ListItem","position":2,"name":"ENTREVISTA AL SE\u00d1OR EMILIO LUQUE ASCANIO PRESIDENTE DE ASEMER EN RETAIL.ro"}]},{"@type":"WebSite","@id":"https:\/\/www.asemer.ro\/#website","url":"https:\/\/www.asemer.ro\/","name":"ASEMER","description":"Asociaci\u00f3n de Empresas Espa\u00f1olas en Ruman\u00eda","publisher":{"@id":"https:\/\/www.asemer.ro\/#organization"},"potentialAction":[{"@type":"SearchAction","target":{"@type":"EntryPoint","urlTemplate":"https:\/\/www.asemer.ro\/?s={search_term_string}"},"query-input":{"@type":"PropertyValueSpecification","valueRequired":true,"valueName":"search_term_string"}}],"inLanguage":"es"},{"@type":"Organization","@id":"https:\/\/www.asemer.ro\/#organization","name":"ASEMER","url":"https:\/\/www.asemer.ro\/","logo":{"@type":"ImageObject","inLanguage":"es","@id":"https:\/\/www.asemer.ro\/#\/schema\/logo\/image\/","url":"https:\/\/www.asemer.ro\/wp-content\/uploads\/2020\/12\/logo-ASEMER-scaled.jpg","contentUrl":"https:\/\/www.asemer.ro\/wp-content\/uploads\/2020\/12\/logo-ASEMER-scaled.jpg","width":2560,"height":849,"caption":"ASEMER"},"image":{"@id":"https:\/\/www.asemer.ro\/#\/schema\/logo\/image\/"},"sameAs":["https:\/\/www.facebook.com\/asociacionasemer","https:\/\/x.com\/asemer_rumania","https:\/\/ro.linkedin.com\/in\/asemer-asociaci\u00f3n-empresas-espa\u00f1olas-en-ruman\u00eda-724772a6?trk=author_mini-profile_title","https:\/\/www.youtube.com\/channel\/UC73m8-BDsg857OL0Ogv5aQA\/videos"]},{"@type":"Person","@id":"https:\/\/www.asemer.ro\/#\/schema\/person\/36de47e444c0f1a7b737a035d40519f9","name":"Admin Asemer","image":{"@type":"ImageObject","inLanguage":"es","@id":"https:\/\/secure.gravatar.com\/avatar\/b64873d65b5be684e01a001c464789c445a7279ef3f177f5fbff5d83eb373299?s=96&d=mm&r=g","url":"https:\/\/secure.gravatar.com\/avatar\/b64873d65b5be684e01a001c464789c445a7279ef3f177f5fbff5d83eb373299?s=96&d=mm&r=g","contentUrl":"https:\/\/secure.gravatar.com\/avatar\/b64873d65b5be684e01a001c464789c445a7279ef3f177f5fbff5d83eb373299?s=96&d=mm&r=g","caption":"Admin Asemer"},"url":"https:\/\/www.asemer.ro\/index.php\/author\/admin\/"}]}},"_links":{"self":[{"href":"https:\/\/www.asemer.ro\/index.php\/wp-json\/wp\/v2\/posts\/8828","targetHints":{"allow":["GET"]}}],"collection":[{"href":"https:\/\/www.asemer.ro\/index.php\/wp-json\/wp\/v2\/posts"}],"about":[{"href":"https:\/\/www.asemer.ro\/index.php\/wp-json\/wp\/v2\/types\/post"}],"author":[{"embeddable":true,"href":"https:\/\/www.asemer.ro\/index.php\/wp-json\/wp\/v2\/users\/3"}],"replies":[{"embeddable":true,"href":"https:\/\/www.asemer.ro\/index.php\/wp-json\/wp\/v2\/comments?post=8828"}],"version-history":[{"count":1,"href":"https:\/\/www.asemer.ro\/index.php\/wp-json\/wp\/v2\/posts\/8828\/revisions"}],"predecessor-version":[{"id":8829,"href":"https:\/\/www.asemer.ro\/index.php\/wp-json\/wp\/v2\/posts\/8828\/revisions\/8829"}],"wp:attachment":[{"href":"https:\/\/www.asemer.ro\/index.php\/wp-json\/wp\/v2\/media?parent=8828"}],"wp:term":[{"taxonomy":"category","embeddable":true,"href":"https:\/\/www.asemer.ro\/index.php\/wp-json\/wp\/v2\/categories?post=8828"},{"taxonomy":"post_tag","embeddable":true,"href":"https:\/\/www.asemer.ro\/index.php\/wp-json\/wp\/v2\/tags?post=8828"}],"curies":[{"name":"wp","href":"https:\/\/api.w.org\/{rel}","templated":true}]}}