{"id":8848,"date":"2023-08-27T08:00:25","date_gmt":"2023-08-27T06:00:25","guid":{"rendered":"https:\/\/www.asemer.ro\/?p=8848"},"modified":"2023-08-27T08:03:35","modified_gmt":"2023-08-27T06:03:35","slug":"noi-drepturi-pentru-salariatii-cu-copii","status":"publish","type":"post","link":"https:\/\/www.asemer.ro\/index.php\/2023\/08\/27\/noi-drepturi-pentru-salariatii-cu-copii\/","title":{"rendered":"<strong>Noi drepturi pentru salaria\u021bii cu copii<\/strong>"},"content":{"rendered":"\n<h2 class=\"wp-block-heading\">Grecu partners<\/h2>\n\n\n\n<figure class=\"wp-block-image size-large\"><img loading=\"lazy\" decoding=\"async\" width=\"1024\" height=\"185\" src=\"https:\/\/www.asemer.ro\/wp-content\/uploads\/2023\/08\/Logo_GP_backgold-1024x185.png\" alt=\"\" class=\"wp-image-8849\" srcset=\"https:\/\/www.asemer.ro\/wp-content\/uploads\/2023\/08\/Logo_GP_backgold-1024x185.png 1024w, https:\/\/www.asemer.ro\/wp-content\/uploads\/2023\/08\/Logo_GP_backgold-300x54.png 300w, https:\/\/www.asemer.ro\/wp-content\/uploads\/2023\/08\/Logo_GP_backgold-768x138.png 768w, https:\/\/www.asemer.ro\/wp-content\/uploads\/2023\/08\/Logo_GP_backgold-1536x277.png 1536w, https:\/\/www.asemer.ro\/wp-content\/uploads\/2023\/08\/Logo_GP_backgold-2048x369.png 2048w, https:\/\/www.asemer.ro\/wp-content\/uploads\/2023\/08\/Logo_GP_backgold-720x130.png 720w\" sizes=\"auto, (max-width: 1024px) 100vw, 1024px\" \/><\/figure>\n\n\n\n<p>Salaria\u021bii care au \u00een \u00eentre\u021binere copii \u00een v\u00e2rst\u0103 de p\u00e2n\u0103 la 11 ani beneficiaz\u0103, la cerere, de 4 zile pe lun\u0103 de munc\u0103 la domiciliu sau \u00een regim de telemunc\u0103, \u00een conformitate cu dispozi\u021biile Legii nr. 81\/2018 privind reglementarea activit\u0103\u021bii de telemunc\u0103. Aceste prevederi nu se aplic\u0103 situa\u021biilor \u00een care natura sau felul muncii nu permite desf\u0103\u0219urarea activit\u0103\u021bii \u00een astfel de condi\u021bii;<\/p>\n\n\n\n<p>\u00cen cazul \u00een care ambii p\u0103rin\u021bi sau reprezentan\u021bi legali sunt salaria\u021bi, va fi necesar\u0103 \u0219i o declara\u021bie pe propria r\u0103spundere din partea celuilalt p\u0103rinte sau reprezentant legal, care s\u0103 ateste c\u0103 acesta nu a solicitat desf\u0103\u0219urarea activit\u0103\u021bii \u00een regim de munc\u0103 la domiciliu sau telemunc\u0103 pentru aceea\u0219i perioad\u0103;<\/p>\n\n\n\n<p>Declara\u021bia pe propria r\u0103spundere a celuilalt p\u0103rinte sau reprezentant legal nu este necesar\u0103 dac\u0103 p\u0103rintele sau reprezentantul legal se afl\u0103 \u00een una dintre urm\u0103toarele situa\u021bii:<\/p>\n\n\n\n<ul class=\"wp-block-list\"><li>este nec\u0103s\u0103torit;<\/li><li>este v\u0103duv;<\/li><li>este divor\u021bat;<\/li><li>are so\u021bul\/so\u021bia declarat\/declarat\u0103 disp\u0103rut\/\u0103 prin hot\u0103r\u00e2re judec\u0103toreasc\u0103;<\/li><li>are so\u021bul\/so\u021bia arestat\/arestat\u0103 preventiv pe o perioad\u0103 mai mare de 30 de zile sau execut\u0103 o pedeaps\u0103 privativ\u0103 de libertate \u0219i nu particip\u0103 la \u00eentre\u021binerea copiilor;<\/li><li>nu a \u00eemplinit v\u00e2rsta de 18 ani \u0219i se afl\u0103 \u00een una dintre situa\u021biile de mai sus;<\/li><li>a fost numit\u0103 tutore sau i s-au \u00eencredin\u021bat ori i s-au dat \u00een plasament unul sau mai mul\u021bi copii \u0219i este nec\u0103s\u0103torit\u0103, v\u0103duv\u0103 sau divor\u021bat\u0103;<\/li><\/ul>\n\n\n\n<p>\u00cen plus, prin derogare de la prevederile Legii nr. 81\/2018 privind reglementarea activit\u0103\u021bii de telemunc\u0103, salaria\u021bii viza\u021bi de prezenta lege care urmeaz\u0103 s\u0103-\u0219i desf\u0103\u0219oare activitatea \u00een regim de munc\u0103 la domiciliu sau \u00een regim de telemunc\u0103 au obliga\u021bia de a dispune de toate mijloacele necesare \u00eendeplinirii atribu\u021biilor care le revin potrivit fi\u0219ei postului.<\/p>\n\n\n\n<p>Prevederile de mai sus sunt aplicabile \u00eencep\u00e2nd cu data de 25 iulie 2023.<\/p>\n\n\n\n<p><strong><u>Fa\u021b\u0103 de modific\u0103rile legislative prezentate, recomand\u0103m adaptarea Regulamentului Intern \u0219i a politicilor interne pentru a include noile modific\u0103ri legislative \u0219i a stabili proceduri specifice<\/u><\/strong>, dar \u0219i \u00een vederea evalu\u0103rii num\u0103rului de salaria\u021bi c\u0103rora li se aplic\u0103 aceste prevederi \u0219i evaluarea impactului acestor reglement\u0103ri \u00een fluxul de angaja\u021bi necesari desf\u0103\u0219ur\u0103rii activit\u0103\u021bii la sedii sau puncte de lucru.<\/p>\n\n\n\n<p>Dac\u0103 sunte\u021bi \u00een c\u0103utarea unei consultan\u021be legale experte pentru a implementa cu succes noile prevederi men\u021bionate mai sus \u0219i pentru a asigura conformitatea cu schimb\u0103rile legislative, v\u0103 \u00eencuraj\u0103m s\u0103 apela\u021bi la serviciile de consultan\u021b\u0103 oferite de societatea de avocati Grecu Partners.<\/p>\n\n\n\n<p>Mai multe informa\u021bii:<\/p>\n\n\n\n<figure class=\"wp-block-embed is-type-wp-embed is-provider-grecu-partners wp-block-embed-grecu-partners\"><div class=\"wp-block-embed__wrapper\">\n<blockquote class=\"wp-embedded-content\" data-secret=\"EBNqMSmPoP\"><a href=\"https:\/\/grecupartners.ro\/\">Grecu \u0219i Asocia\u021bii<\/a><\/blockquote><iframe loading=\"lazy\" class=\"wp-embedded-content\" sandbox=\"allow-scripts\" security=\"restricted\" style=\"position: absolute; clip: rect(1px, 1px, 1px, 1px);\" title=\"&#8220;Grecu \u0219i Asocia\u021bii&#8221; &#8212; Grecu Partners\" src=\"https:\/\/grecupartners.ro\/embed\/#?secret=Nn38FxEFYK#?secret=EBNqMSmPoP\" data-secret=\"EBNqMSmPoP\" width=\"600\" height=\"338\" frameborder=\"0\" marginwidth=\"0\" marginheight=\"0\" scrolling=\"no\"><\/iframe>\n<\/div><\/figure>\n","protected":false},"excerpt":{"rendered":"<p>Grecu partners Salaria\u021bii care au \u00een \u00eentre\u021binere copii \u00een v\u00e2rst\u0103 de p\u00e2n\u0103 la 11 ani beneficiaz\u0103, la cerere, de 4 [&hellip;]<\/p>\n","protected":false},"author":3,"featured_media":0,"comment_status":"open","ping_status":"open","sticky":false,"template":"","format":"standard","meta":{"footnotes":""},"categories":[1],"tags":[],"class_list":["post-8848","post","type-post","status-publish","format-standard","hentry","category-uncategorized"],"yoast_head":"<!-- This site is optimized with the Yoast SEO plugin v27.5 - https:\/\/yoast.com\/product\/yoast-seo-wordpress\/ -->\n<title>Noi drepturi pentru salaria\u021bii cu copii - ASEMER<\/title>\n<meta name=\"robots\" content=\"index, follow, max-snippet:-1, max-image-preview:large, max-video-preview:-1\" \/>\n<link rel=\"canonical\" href=\"https:\/\/www.asemer.ro\/index.php\/2023\/08\/27\/noi-drepturi-pentru-salariatii-cu-copii\/\" \/>\n<meta property=\"og:locale\" content=\"es_ES\" \/>\n<meta property=\"og:type\" content=\"article\" \/>\n<meta property=\"og:title\" content=\"Noi drepturi pentru salaria\u021bii cu copii - ASEMER\" \/>\n<meta property=\"og:description\" content=\"Grecu partners Salaria\u021bii care au \u00een \u00eentre\u021binere copii \u00een v\u00e2rst\u0103 de p\u00e2n\u0103 la 11 ani beneficiaz\u0103, la cerere, de 4 [&hellip;]\" \/>\n<meta property=\"og:url\" content=\"https:\/\/www.asemer.ro\/index.php\/2023\/08\/27\/noi-drepturi-pentru-salariatii-cu-copii\/\" \/>\n<meta property=\"og:site_name\" content=\"ASEMER\" \/>\n<meta property=\"article:publisher\" content=\"https:\/\/www.facebook.com\/asociacionasemer\" \/>\n<meta property=\"article:published_time\" content=\"2023-08-27T06:00:25+00:00\" \/>\n<meta property=\"article:modified_time\" content=\"2023-08-27T06:03:35+00:00\" \/>\n<meta property=\"og:image\" content=\"https:\/\/www.asemer.ro\/wp-content\/uploads\/2023\/08\/Logo_GP_backgold-1024x185.png\" \/>\n<meta name=\"author\" content=\"Admin Asemer\" \/>\n<meta name=\"twitter:card\" content=\"summary_large_image\" \/>\n<meta name=\"twitter:creator\" content=\"@asemer_rumania\" \/>\n<meta name=\"twitter:site\" content=\"@asemer_rumania\" \/>\n<meta name=\"twitter:label1\" content=\"Escrito por\" \/>\n\t<meta name=\"twitter:data1\" content=\"Admin Asemer\" \/>\n\t<meta name=\"twitter:label2\" content=\"Tiempo de lectura\" \/>\n\t<meta name=\"twitter:data2\" content=\"2 minutos\" \/>\n<script type=\"application\/ld+json\" class=\"yoast-schema-graph\">{\"@context\":\"https:\\\/\\\/schema.org\",\"@graph\":[{\"@type\":\"Article\",\"@id\":\"https:\\\/\\\/www.asemer.ro\\\/index.php\\\/2023\\\/08\\\/27\\\/noi-drepturi-pentru-salariatii-cu-copii\\\/#article\",\"isPartOf\":{\"@id\":\"https:\\\/\\\/www.asemer.ro\\\/index.php\\\/2023\\\/08\\\/27\\\/noi-drepturi-pentru-salariatii-cu-copii\\\/\"},\"author\":{\"name\":\"Admin Asemer\",\"@id\":\"https:\\\/\\\/www.asemer.ro\\\/#\\\/schema\\\/person\\\/36de47e444c0f1a7b737a035d40519f9\"},\"headline\":\"Noi drepturi pentru salaria\u021bii cu copii\",\"datePublished\":\"2023-08-27T06:00:25+00:00\",\"dateModified\":\"2023-08-27T06:03:35+00:00\",\"mainEntityOfPage\":{\"@id\":\"https:\\\/\\\/www.asemer.ro\\\/index.php\\\/2023\\\/08\\\/27\\\/noi-drepturi-pentru-salariatii-cu-copii\\\/\"},\"wordCount\":467,\"commentCount\":0,\"publisher\":{\"@id\":\"https:\\\/\\\/www.asemer.ro\\\/#organization\"},\"image\":{\"@id\":\"https:\\\/\\\/www.asemer.ro\\\/index.php\\\/2023\\\/08\\\/27\\\/noi-drepturi-pentru-salariatii-cu-copii\\\/#primaryimage\"},\"thumbnailUrl\":\"https:\\\/\\\/www.asemer.ro\\\/wp-content\\\/uploads\\\/2023\\\/08\\\/Logo_GP_backgold-1024x185.png\",\"articleSection\":[\"Uncategorized\"],\"inLanguage\":\"es\",\"potentialAction\":[{\"@type\":\"CommentAction\",\"name\":\"Comment\",\"target\":[\"https:\\\/\\\/www.asemer.ro\\\/index.php\\\/2023\\\/08\\\/27\\\/noi-drepturi-pentru-salariatii-cu-copii\\\/#respond\"]}]},{\"@type\":\"WebPage\",\"@id\":\"https:\\\/\\\/www.asemer.ro\\\/index.php\\\/2023\\\/08\\\/27\\\/noi-drepturi-pentru-salariatii-cu-copii\\\/\",\"url\":\"https:\\\/\\\/www.asemer.ro\\\/index.php\\\/2023\\\/08\\\/27\\\/noi-drepturi-pentru-salariatii-cu-copii\\\/\",\"name\":\"Noi drepturi pentru salaria\u021bii cu copii - ASEMER\",\"isPartOf\":{\"@id\":\"https:\\\/\\\/www.asemer.ro\\\/#website\"},\"primaryImageOfPage\":{\"@id\":\"https:\\\/\\\/www.asemer.ro\\\/index.php\\\/2023\\\/08\\\/27\\\/noi-drepturi-pentru-salariatii-cu-copii\\\/#primaryimage\"},\"image\":{\"@id\":\"https:\\\/\\\/www.asemer.ro\\\/index.php\\\/2023\\\/08\\\/27\\\/noi-drepturi-pentru-salariatii-cu-copii\\\/#primaryimage\"},\"thumbnailUrl\":\"https:\\\/\\\/www.asemer.ro\\\/wp-content\\\/uploads\\\/2023\\\/08\\\/Logo_GP_backgold-1024x185.png\",\"datePublished\":\"2023-08-27T06:00:25+00:00\",\"dateModified\":\"2023-08-27T06:03:35+00:00\",\"breadcrumb\":{\"@id\":\"https:\\\/\\\/www.asemer.ro\\\/index.php\\\/2023\\\/08\\\/27\\\/noi-drepturi-pentru-salariatii-cu-copii\\\/#breadcrumb\"},\"inLanguage\":\"es\",\"potentialAction\":[{\"@type\":\"ReadAction\",\"target\":[\"https:\\\/\\\/www.asemer.ro\\\/index.php\\\/2023\\\/08\\\/27\\\/noi-drepturi-pentru-salariatii-cu-copii\\\/\"]}]},{\"@type\":\"ImageObject\",\"inLanguage\":\"es\",\"@id\":\"https:\\\/\\\/www.asemer.ro\\\/index.php\\\/2023\\\/08\\\/27\\\/noi-drepturi-pentru-salariatii-cu-copii\\\/#primaryimage\",\"url\":\"https:\\\/\\\/www.asemer.ro\\\/wp-content\\\/uploads\\\/2023\\\/08\\\/Logo_GP_backgold.png\",\"contentUrl\":\"https:\\\/\\\/www.asemer.ro\\\/wp-content\\\/uploads\\\/2023\\\/08\\\/Logo_GP_backgold.png\",\"width\":3601,\"height\":649},{\"@type\":\"BreadcrumbList\",\"@id\":\"https:\\\/\\\/www.asemer.ro\\\/index.php\\\/2023\\\/08\\\/27\\\/noi-drepturi-pentru-salariatii-cu-copii\\\/#breadcrumb\",\"itemListElement\":[{\"@type\":\"ListItem\",\"position\":1,\"name\":\"Home\",\"item\":\"https:\\\/\\\/www.asemer.ro\\\/\"},{\"@type\":\"ListItem\",\"position\":2,\"name\":\"Noi drepturi pentru salaria\u021bii cu copii\"}]},{\"@type\":\"WebSite\",\"@id\":\"https:\\\/\\\/www.asemer.ro\\\/#website\",\"url\":\"https:\\\/\\\/www.asemer.ro\\\/\",\"name\":\"ASEMER\",\"description\":\"Asociaci\u00f3n de Empresas Espa\u00f1olas en Ruman\u00eda\",\"publisher\":{\"@id\":\"https:\\\/\\\/www.asemer.ro\\\/#organization\"},\"potentialAction\":[{\"@type\":\"SearchAction\",\"target\":{\"@type\":\"EntryPoint\",\"urlTemplate\":\"https:\\\/\\\/www.asemer.ro\\\/?s={search_term_string}\"},\"query-input\":{\"@type\":\"PropertyValueSpecification\",\"valueRequired\":true,\"valueName\":\"search_term_string\"}}],\"inLanguage\":\"es\"},{\"@type\":\"Organization\",\"@id\":\"https:\\\/\\\/www.asemer.ro\\\/#organization\",\"name\":\"ASEMER\",\"url\":\"https:\\\/\\\/www.asemer.ro\\\/\",\"logo\":{\"@type\":\"ImageObject\",\"inLanguage\":\"es\",\"@id\":\"https:\\\/\\\/www.asemer.ro\\\/#\\\/schema\\\/logo\\\/image\\\/\",\"url\":\"https:\\\/\\\/www.asemer.ro\\\/wp-content\\\/uploads\\\/2020\\\/12\\\/logo-ASEMER-scaled.jpg\",\"contentUrl\":\"https:\\\/\\\/www.asemer.ro\\\/wp-content\\\/uploads\\\/2020\\\/12\\\/logo-ASEMER-scaled.jpg\",\"width\":2560,\"height\":849,\"caption\":\"ASEMER\"},\"image\":{\"@id\":\"https:\\\/\\\/www.asemer.ro\\\/#\\\/schema\\\/logo\\\/image\\\/\"},\"sameAs\":[\"https:\\\/\\\/www.facebook.com\\\/asociacionasemer\",\"https:\\\/\\\/x.com\\\/asemer_rumania\",\"https:\\\/\\\/ro.linkedin.com\\\/in\\\/asemer-asociaci\u00f3n-empresas-espa\u00f1olas-en-ruman\u00eda-724772a6?trk=author_mini-profile_title\",\"https:\\\/\\\/www.youtube.com\\\/channel\\\/UC73m8-BDsg857OL0Ogv5aQA\\\/videos\"]},{\"@type\":\"Person\",\"@id\":\"https:\\\/\\\/www.asemer.ro\\\/#\\\/schema\\\/person\\\/36de47e444c0f1a7b737a035d40519f9\",\"name\":\"Admin Asemer\",\"image\":{\"@type\":\"ImageObject\",\"inLanguage\":\"es\",\"@id\":\"https:\\\/\\\/secure.gravatar.com\\\/avatar\\\/b64873d65b5be684e01a001c464789c445a7279ef3f177f5fbff5d83eb373299?s=96&d=mm&r=g\",\"url\":\"https:\\\/\\\/secure.gravatar.com\\\/avatar\\\/b64873d65b5be684e01a001c464789c445a7279ef3f177f5fbff5d83eb373299?s=96&d=mm&r=g\",\"contentUrl\":\"https:\\\/\\\/secure.gravatar.com\\\/avatar\\\/b64873d65b5be684e01a001c464789c445a7279ef3f177f5fbff5d83eb373299?s=96&d=mm&r=g\",\"caption\":\"Admin Asemer\"},\"url\":\"https:\\\/\\\/www.asemer.ro\\\/index.php\\\/author\\\/admin\\\/\"}]}<\/script>\n<!-- \/ Yoast SEO plugin. -->","yoast_head_json":{"title":"Noi drepturi pentru salaria\u021bii cu copii - ASEMER","robots":{"index":"index","follow":"follow","max-snippet":"max-snippet:-1","max-image-preview":"max-image-preview:large","max-video-preview":"max-video-preview:-1"},"canonical":"https:\/\/www.asemer.ro\/index.php\/2023\/08\/27\/noi-drepturi-pentru-salariatii-cu-copii\/","og_locale":"es_ES","og_type":"article","og_title":"Noi drepturi pentru salaria\u021bii cu copii - ASEMER","og_description":"Grecu partners Salaria\u021bii care au \u00een \u00eentre\u021binere copii \u00een v\u00e2rst\u0103 de p\u00e2n\u0103 la 11 ani beneficiaz\u0103, la cerere, de 4 [&hellip;]","og_url":"https:\/\/www.asemer.ro\/index.php\/2023\/08\/27\/noi-drepturi-pentru-salariatii-cu-copii\/","og_site_name":"ASEMER","article_publisher":"https:\/\/www.facebook.com\/asociacionasemer","article_published_time":"2023-08-27T06:00:25+00:00","article_modified_time":"2023-08-27T06:03:35+00:00","og_image":[{"url":"https:\/\/www.asemer.ro\/wp-content\/uploads\/2023\/08\/Logo_GP_backgold-1024x185.png","type":"","width":"","height":""}],"author":"Admin Asemer","twitter_card":"summary_large_image","twitter_creator":"@asemer_rumania","twitter_site":"@asemer_rumania","twitter_misc":{"Escrito por":"Admin Asemer","Tiempo de lectura":"2 minutos"},"schema":{"@context":"https:\/\/schema.org","@graph":[{"@type":"Article","@id":"https:\/\/www.asemer.ro\/index.php\/2023\/08\/27\/noi-drepturi-pentru-salariatii-cu-copii\/#article","isPartOf":{"@id":"https:\/\/www.asemer.ro\/index.php\/2023\/08\/27\/noi-drepturi-pentru-salariatii-cu-copii\/"},"author":{"name":"Admin Asemer","@id":"https:\/\/www.asemer.ro\/#\/schema\/person\/36de47e444c0f1a7b737a035d40519f9"},"headline":"Noi drepturi pentru salaria\u021bii cu copii","datePublished":"2023-08-27T06:00:25+00:00","dateModified":"2023-08-27T06:03:35+00:00","mainEntityOfPage":{"@id":"https:\/\/www.asemer.ro\/index.php\/2023\/08\/27\/noi-drepturi-pentru-salariatii-cu-copii\/"},"wordCount":467,"commentCount":0,"publisher":{"@id":"https:\/\/www.asemer.ro\/#organization"},"image":{"@id":"https:\/\/www.asemer.ro\/index.php\/2023\/08\/27\/noi-drepturi-pentru-salariatii-cu-copii\/#primaryimage"},"thumbnailUrl":"https:\/\/www.asemer.ro\/wp-content\/uploads\/2023\/08\/Logo_GP_backgold-1024x185.png","articleSection":["Uncategorized"],"inLanguage":"es","potentialAction":[{"@type":"CommentAction","name":"Comment","target":["https:\/\/www.asemer.ro\/index.php\/2023\/08\/27\/noi-drepturi-pentru-salariatii-cu-copii\/#respond"]}]},{"@type":"WebPage","@id":"https:\/\/www.asemer.ro\/index.php\/2023\/08\/27\/noi-drepturi-pentru-salariatii-cu-copii\/","url":"https:\/\/www.asemer.ro\/index.php\/2023\/08\/27\/noi-drepturi-pentru-salariatii-cu-copii\/","name":"Noi drepturi pentru salaria\u021bii cu copii - ASEMER","isPartOf":{"@id":"https:\/\/www.asemer.ro\/#website"},"primaryImageOfPage":{"@id":"https:\/\/www.asemer.ro\/index.php\/2023\/08\/27\/noi-drepturi-pentru-salariatii-cu-copii\/#primaryimage"},"image":{"@id":"https:\/\/www.asemer.ro\/index.php\/2023\/08\/27\/noi-drepturi-pentru-salariatii-cu-copii\/#primaryimage"},"thumbnailUrl":"https:\/\/www.asemer.ro\/wp-content\/uploads\/2023\/08\/Logo_GP_backgold-1024x185.png","datePublished":"2023-08-27T06:00:25+00:00","dateModified":"2023-08-27T06:03:35+00:00","breadcrumb":{"@id":"https:\/\/www.asemer.ro\/index.php\/2023\/08\/27\/noi-drepturi-pentru-salariatii-cu-copii\/#breadcrumb"},"inLanguage":"es","potentialAction":[{"@type":"ReadAction","target":["https:\/\/www.asemer.ro\/index.php\/2023\/08\/27\/noi-drepturi-pentru-salariatii-cu-copii\/"]}]},{"@type":"ImageObject","inLanguage":"es","@id":"https:\/\/www.asemer.ro\/index.php\/2023\/08\/27\/noi-drepturi-pentru-salariatii-cu-copii\/#primaryimage","url":"https:\/\/www.asemer.ro\/wp-content\/uploads\/2023\/08\/Logo_GP_backgold.png","contentUrl":"https:\/\/www.asemer.ro\/wp-content\/uploads\/2023\/08\/Logo_GP_backgold.png","width":3601,"height":649},{"@type":"BreadcrumbList","@id":"https:\/\/www.asemer.ro\/index.php\/2023\/08\/27\/noi-drepturi-pentru-salariatii-cu-copii\/#breadcrumb","itemListElement":[{"@type":"ListItem","position":1,"name":"Home","item":"https:\/\/www.asemer.ro\/"},{"@type":"ListItem","position":2,"name":"Noi drepturi pentru salaria\u021bii cu copii"}]},{"@type":"WebSite","@id":"https:\/\/www.asemer.ro\/#website","url":"https:\/\/www.asemer.ro\/","name":"ASEMER","description":"Asociaci\u00f3n de Empresas Espa\u00f1olas en Ruman\u00eda","publisher":{"@id":"https:\/\/www.asemer.ro\/#organization"},"potentialAction":[{"@type":"SearchAction","target":{"@type":"EntryPoint","urlTemplate":"https:\/\/www.asemer.ro\/?s={search_term_string}"},"query-input":{"@type":"PropertyValueSpecification","valueRequired":true,"valueName":"search_term_string"}}],"inLanguage":"es"},{"@type":"Organization","@id":"https:\/\/www.asemer.ro\/#organization","name":"ASEMER","url":"https:\/\/www.asemer.ro\/","logo":{"@type":"ImageObject","inLanguage":"es","@id":"https:\/\/www.asemer.ro\/#\/schema\/logo\/image\/","url":"https:\/\/www.asemer.ro\/wp-content\/uploads\/2020\/12\/logo-ASEMER-scaled.jpg","contentUrl":"https:\/\/www.asemer.ro\/wp-content\/uploads\/2020\/12\/logo-ASEMER-scaled.jpg","width":2560,"height":849,"caption":"ASEMER"},"image":{"@id":"https:\/\/www.asemer.ro\/#\/schema\/logo\/image\/"},"sameAs":["https:\/\/www.facebook.com\/asociacionasemer","https:\/\/x.com\/asemer_rumania","https:\/\/ro.linkedin.com\/in\/asemer-asociaci\u00f3n-empresas-espa\u00f1olas-en-ruman\u00eda-724772a6?trk=author_mini-profile_title","https:\/\/www.youtube.com\/channel\/UC73m8-BDsg857OL0Ogv5aQA\/videos"]},{"@type":"Person","@id":"https:\/\/www.asemer.ro\/#\/schema\/person\/36de47e444c0f1a7b737a035d40519f9","name":"Admin Asemer","image":{"@type":"ImageObject","inLanguage":"es","@id":"https:\/\/secure.gravatar.com\/avatar\/b64873d65b5be684e01a001c464789c445a7279ef3f177f5fbff5d83eb373299?s=96&d=mm&r=g","url":"https:\/\/secure.gravatar.com\/avatar\/b64873d65b5be684e01a001c464789c445a7279ef3f177f5fbff5d83eb373299?s=96&d=mm&r=g","contentUrl":"https:\/\/secure.gravatar.com\/avatar\/b64873d65b5be684e01a001c464789c445a7279ef3f177f5fbff5d83eb373299?s=96&d=mm&r=g","caption":"Admin Asemer"},"url":"https:\/\/www.asemer.ro\/index.php\/author\/admin\/"}]}},"_links":{"self":[{"href":"https:\/\/www.asemer.ro\/index.php\/wp-json\/wp\/v2\/posts\/8848","targetHints":{"allow":["GET"]}}],"collection":[{"href":"https:\/\/www.asemer.ro\/index.php\/wp-json\/wp\/v2\/posts"}],"about":[{"href":"https:\/\/www.asemer.ro\/index.php\/wp-json\/wp\/v2\/types\/post"}],"author":[{"embeddable":true,"href":"https:\/\/www.asemer.ro\/index.php\/wp-json\/wp\/v2\/users\/3"}],"replies":[{"embeddable":true,"href":"https:\/\/www.asemer.ro\/index.php\/wp-json\/wp\/v2\/comments?post=8848"}],"version-history":[{"count":3,"href":"https:\/\/www.asemer.ro\/index.php\/wp-json\/wp\/v2\/posts\/8848\/revisions"}],"predecessor-version":[{"id":8853,"href":"https:\/\/www.asemer.ro\/index.php\/wp-json\/wp\/v2\/posts\/8848\/revisions\/8853"}],"wp:attachment":[{"href":"https:\/\/www.asemer.ro\/index.php\/wp-json\/wp\/v2\/media?parent=8848"}],"wp:term":[{"taxonomy":"category","embeddable":true,"href":"https:\/\/www.asemer.ro\/index.php\/wp-json\/wp\/v2\/categories?post=8848"},{"taxonomy":"post_tag","embeddable":true,"href":"https:\/\/www.asemer.ro\/index.php\/wp-json\/wp\/v2\/tags?post=8848"}],"curies":[{"name":"wp","href":"https:\/\/api.w.org\/{rel}","templated":true}]}}