{"id":8944,"date":"2023-09-30T10:14:13","date_gmt":"2023-09-30T08:14:13","guid":{"rendered":"https:\/\/www.asemer.ro\/?p=8944"},"modified":"2023-10-04T10:54:40","modified_gmt":"2023-10-04T08:54:40","slug":"sabor-latino","status":"publish","type":"post","link":"https:\/\/www.asemer.ro\/index.php\/2023\/09\/30\/sabor-latino\/","title":{"rendered":"SABOR LATINO"},"content":{"rendered":"\n<h2 class=\"wp-block-heading\">Asemer tiene el placer de presentar al \u00daltimo miembro de la Asociaci\u00f3n, el cu\u00e1l se  complace EN presentarles e invitarles a la primera edici\u00f3n del primer festival dedicado a la gastronom\u00eda y los productos latinos de Bucarest, SABOR.<\/h2>\n\n\n\n<p>Tendr\u00e1 lugar entre el 7 y el 8 de octubre y tendr\u00e1 lugar en Bucarest, en el Verde Stop Arena, en la calle Barbu Vacarescu. El festival es culinario y tiene como objetivo reunir en el mismo lugar a los mejores comerciantes de platos latinos tan apreciados por los consumidores rumanos. En esta primera edici\u00f3n estimamos que participar\u00e1n alrededor de 11.000 personas, de rentas medias y altas, personas con ganas de diversi\u00f3n y relax al aire libre y en compa\u00f1\u00eda de amigos.<\/p>\n\n\n\n<p class=\"has-text-align-center\"><strong>ENTRADA GRATUITA PARA LOS VISITANTES <\/strong><\/p>\n\n\n\n<p><strong>El evento tiene 3 componentes importantes:<\/strong><\/p>\n\n\n\n<p>1) Venta de productos alimenticios preparados\/cocinados: Pueden participar en el festival un m\u00e1ximo de 15 vendedores de comida salada, un m\u00e1ximo de 5 vendedores de comida dulce (incluido helado), 1 vendedor de caf\u00e9 y 1 vendedor de limonada. La participaci\u00f3n en SABOR requiere la presencia de un equipo, en el lugar, durante 2 d\u00edas. Los comerciantes deben vender productos alimenticios a los visitantes del festival durante 2 d\u00edas.<\/p>\n\n\n\n<p>2) Tienda SABOR: Montaremos una tienda donde los participantes del festival podr\u00e1n comprar, para casa, los productos que les gustaron en el festival. La tienda ser\u00e1 operada por nosotros, suministrada por usted, pero puede ser patrocinada, a nivel de marca, por uno de los minoristas del mercado (Lidl, Mega Image, Kaufland, etc.). La comisi\u00f3n que cobraremos por la venta de productos en la tienda ser\u00e1 del 20%. Al ser un festival, es muy importante que el precio final de un producto sea inferior al precio de venta al p\u00fablico. La tienda no vender\u00e1 productos reci\u00e9n preparados\/cocidos, sino \u00fanicamente productos envasados\/embotellados.<\/p>\n\n\n\n<p>3) Entretenimiento: Todos los d\u00edas del festival, una serie de DJs contribuir\u00e1n al entretenimiento y relajaci\u00f3n del p\u00fablico. Adem\u00e1s, habr\u00e1 diversas \u00e1reas recreativas.<\/p>\n\n\n\n<p><strong>Para las empresas interesadas, las condiciones est\u00e1ndar de participaci\u00f3n en funci\u00f3n del espacio de venta son:<\/strong><\/p>\n\n\n\n<p>1) Tienda de campa\u00f1a 5x5m: &#8211; cuota de participaci\u00f3n = 250 euros + IVA &#8211; impuesto sobre servicios p\u00fablicos = 100 euros + IVA (acceso a la electricidad dentro del l\u00edmite de 12 kwh de potencia instalada) &#8211; comisi\u00f3n de ventas = 25% &#8211; tasa de limpieza = 300 euros + IVA (se aplica s\u00f3lo si, al finalizar el evento, se comprueba que el punto de trabajo donde trabaj\u00f3 durante el evento no fue devuelto en las mismas condiciones en que lo recibi\u00f3 &#8211; las paredes de la carpa est\u00e1n limpio, el piso no tiene restos de grasa, no hay restos de comida, envases u otra basura).<\/p>\n\n\n\n<p>2) Cami\u00f3n de comida (cualquier cosa que tenga al menos 1 rueda y requiera al menos 1 persona para conducirlo): &#8211; cuota de participaci\u00f3n = 150 euros + IVA &#8211; impuesto sobre servicios p\u00fablicos = 100 euros + IVA (acceso a la electricidad dentro del l\u00edmite de 12 kwh de potencia instalada) &#8211; comisi\u00f3n de ventas = 25% &#8211; tasa de limpieza = 300 euros + IVA (se aplica s\u00f3lo si, al finalizar el evento, se comprueba que el punto de trabajo donde trabaj\u00f3 durante el evento no fue devuelto en las mismas condiciones en que lo recibi\u00f3 &#8211; las paredes de la carpa est\u00e1n limpio, el piso no tiene restos de grasa, no hay restos de comida, envases u otra basura).<\/p>\n\n\n\n<p>3) Tienda de campa\u00f1a de 3x3m: &#8211; cuota de participaci\u00f3n = 150 euros + IVA &#8211; impuesto sobre servicios p\u00fablicos = 100 euros + IVA (acceso a la electricidad dentro del l\u00edmite de 12 kwh de potencia instalada) &#8211; comisi\u00f3n de ventas = 25% &#8211; tasa de limpieza = 300 euros + IVA (se aplica s\u00f3lo si, al finalizar el evento, se comprueba que el punto de trabajo donde trabaj\u00f3 durante el evento no fue devuelto en las mismas condiciones en que lo recibi\u00f3 &#8211; las paredes de la carpa est\u00e1n limpio, el piso no tiene restos de grasa, no hay restos de comida, envases u otra basura).<\/p>\n\n\n\n<p>Las tiendas de campa\u00f1a de 5x5m \/ 3x3m las pondremos a su disposici\u00f3n. La venta se realizar\u00e1 a trav\u00e9s de una tarjeta que los participantes podr\u00e1n cargar en el lugar.<\/p>\n\n\n\n<p>Cada comerciante ser\u00e1 responsable de equipar y montar su propio stand. Seg\u00fan la normativa legal vigente, cada participante deber\u00e1 disponer en el stand de una caja registradora fijada en un puesto de trabajo m\u00f3vil, un extintor de polvo\/espuma (seg\u00fan el tipo de equipo utilizado), un botiqu\u00edn sanitario y una manta ign\u00edfuga.<\/p>\n\n\n\n<p>Sobre cada tienda se montar\u00e1 una barrera en la que se imprimir\u00e1 el logo del comerciante que la utiliza. Adjunto ten\u00e9is las especificaciones necesarias para la producci\u00f3n de estas guardas.La impresi\u00f3n se realizar\u00e1 en negro y el fondo ser\u00e1 blanco. Todos los guardias deben respetar esta combinaci\u00f3n de colores.<\/p>\n\n\n\n<p>Todos sabemos lo importante que es la promoci\u00f3n en estos d\u00edas, por eso, para apoyar la comunicaci\u00f3n de las empresas participantes en el evento, necesitaremos un logo + una imagen representativa de un producto que se vender\u00e1 durante el festival. Se publicar\u00e1n en las redes sociales\/sitio web del evento. Tambi\u00e9n nos gustar\u00eda que cualquier empresa participante comunicara su participaci\u00f3n en el festival, y una vez que tengamos el acuerdo de participaci\u00f3n, tambi\u00e9n les enviaremos un plan de comunicaci\u00f3n personalizado. Es muy importante que la gente de la comunidad de participantes, los clientes leales, vengan y apoyen a la empresa en el festival.<\/p>\n\n\n\n<p><strong>El plan de comunicaci\u00f3n que mencion\u00e9 puede incluir, total o parcialmente, los siguientes elementos, dependiendo del presupuesto:<\/strong><\/p>\n\n\n\n<p><strong>Antes del evento: <\/strong><\/p>\n\n\n\n<p>El logo actual en la portada de la p\u00e1gina de Facebook.<\/p>\n\n\n\n<p>El logo actual en el sitio web del evento.<\/p>\n\n\n\n<p>Menci\u00f3n en comunicados de prensa.<\/p>\n\n\n\n<p>Presentar logotipo en visual OOH Publicaciones en la p\u00e1gina de Facebook Publicaciones en el evento de Facebook<\/p>\n\n\n\n<p><strong>Durante el evento:<\/strong><\/p>\n\n\n\n<p>Mallas expuestas en las vallas del local.<\/p>\n\n\n\n<p>Colocaci\u00f3n de productos en los mostradores de las hamburgueser\u00edas.<\/p>\n\n\n\n<p>Colocaci\u00f3n de productos en las mesas del patio de comidas.<\/p>\n\n\n\n<p>Menciones del MC del evento \u00c1rea de activaci\u00f3n \/ lounge \/ branding<\/p>\n\n\n\n<p><strong>Despu\u00e9s del evento:<\/strong><\/p>\n\n\n\n<p>El branding aparece en fotograf\u00edas tomadas en el evento y publicadas en Facebook + Instagram<\/p>\n\n\n\n<p>El branding aparece en el after movie que se publicar\u00e1 en las redes sociales tras el evento<\/p>\n\n\n\n<p>M\u00e1s informaci\u00f3n:<\/p>\n\n\n\n<p>(&nbsp;<a href=\"https:\/\/youtu.be\/7Z1TIHMFAxc?si=z-99c-jRL7Fn-Vb6\" target=\"_blank\" rel=\"noreferrer noopener\">https:\/\/youtu.be\/7Z1TIHMFAxc?si=z-99c-jRL7Fn-Vb6<\/a>&nbsp;) si Appetito, festival de gastronomie italiana, aflat la a 2-a editie (&nbsp;<a href=\"https:\/\/youtu.be\/A93QO0c7xlg?si=hwhHLMNxHmxFLXCq\" target=\"_blank\" rel=\"noreferrer noopener\">https:\/\/youtu.be\/A93QO0c7xlg?si=hwhHLMNxHmxFLXCq<\/a>&nbsp;).<\/p>\n\n\n\n<div data-wp-interactive=\"core\/file\" class=\"wp-block-file\"><object data-wp-bind--hidden=\"!state.hasPdfPreview\" hidden class=\"wp-block-file__embed\" data=\"https:\/\/www.asemer.ro\/wp-content\/uploads\/2023\/10\/Sabor_2023.pdf\" type=\"application\/pdf\" style=\"width:100%;height:600px\" aria-label=\"Incrustado de Sabor_2023.\"><\/object><a id=\"wp-block-file--media-4b729082-f160-44cd-aa85-a2124668100b\" href=\"https:\/\/www.asemer.ro\/wp-content\/uploads\/2023\/10\/Sabor_2023.pdf\">Sabor_2023<\/a><a href=\"https:\/\/www.asemer.ro\/wp-content\/uploads\/2023\/10\/Sabor_2023.pdf\" class=\"wp-block-file__button wp-element-button\" download aria-describedby=\"wp-block-file--media-4b729082-f160-44cd-aa85-a2124668100b\">Descarga<\/a><\/div>\n\n\n\n<div data-wp-interactive=\"core\/file\" class=\"wp-block-file\"><object data-wp-bind--hidden=\"!state.hasPdfPreview\" hidden class=\"wp-block-file__embed\" data=\"https:\/\/www.asemer.ro\/wp-content\/uploads\/2023\/10\/cort-3x3m_Mesh_banner_pazie-comerciant_Sabor.pdf\" type=\"application\/pdf\" style=\"width:100%;height:600px\" aria-label=\"Incrustado de cort-3x3m_Mesh_banner_pazie-comerciant_Sabor.\"><\/object><a id=\"wp-block-file--media-ebbbf656-9a42-4d23-9602-3c765fa01846\" href=\"https:\/\/www.asemer.ro\/wp-content\/uploads\/2023\/10\/cort-3x3m_Mesh_banner_pazie-comerciant_Sabor.pdf\">cort-3x3m_Mesh_banner_pazie-comerciant_Sabor<\/a><a href=\"https:\/\/www.asemer.ro\/wp-content\/uploads\/2023\/10\/cort-3x3m_Mesh_banner_pazie-comerciant_Sabor.pdf\" class=\"wp-block-file__button wp-element-button\" download aria-describedby=\"wp-block-file--media-ebbbf656-9a42-4d23-9602-3c765fa01846\">Descarga<\/a><\/div>\n\n\n\n<div data-wp-interactive=\"core\/file\" class=\"wp-block-file\"><object data-wp-bind--hidden=\"!state.hasPdfPreview\" hidden class=\"wp-block-file__embed\" data=\"https:\/\/www.asemer.ro\/wp-content\/uploads\/2023\/10\/cort-5x5m_Mesh_banner_pazie-comerciant_Sabor.pdf\" type=\"application\/pdf\" style=\"width:100%;height:600px\" aria-label=\"Incrustado de cort-5x5m_Mesh_banner_pazie-comerciant_Sabor.\"><\/object><a id=\"wp-block-file--media-cffe339f-e384-4e9d-b03c-980cb5f9617f\" href=\"https:\/\/www.asemer.ro\/wp-content\/uploads\/2023\/10\/cort-5x5m_Mesh_banner_pazie-comerciant_Sabor.pdf\">cort-5x5m_Mesh_banner_pazie-comerciant_Sabor<\/a><a href=\"https:\/\/www.asemer.ro\/wp-content\/uploads\/2023\/10\/cort-5x5m_Mesh_banner_pazie-comerciant_Sabor.pdf\" class=\"wp-block-file__button wp-element-button\" download aria-describedby=\"wp-block-file--media-cffe339f-e384-4e9d-b03c-980cb5f9617f\">Descarga<\/a><\/div>\n\n\n\n<figure class=\"wp-block-image size-full\"><img loading=\"lazy\" decoding=\"async\" width=\"150\" height=\"150\" src=\"https:\/\/www.asemer.ro\/wp-content\/uploads\/2023\/10\/image.png\" alt=\"\" class=\"wp-image-8945\"\/><\/figure>\n\n\n\n<p>Mihaela P\u0103duraru<\/p>\n\n\n\n<p>Country Manager<\/p>\n\n\n\n<p><strong>Voted Product of the Year Romania<\/strong><\/p>\n\n\n\n<p><a href=\"mailto:mihaela.paduraru@produsulanului.com\">mihaela.paduraru@produsulanului.com<\/a>; <a href=\"mailto:romania@poyworldwide.com\">romania@poyworldwide.com<\/a> &nbsp;<\/p>\n\n\n\n<p>Cell phone:&nbsp;0040 722 19 19 24 &#8211;&nbsp;<a href=\"http:\/\/www.produsulanului.com\/\">www.produsulanului.com<\/a><\/p>\n\n\n\n<p>BUCHAREST: 29 Mu\u0219ete\u0219ti Str, Groundfloor, App. No 5, Bucharest \u2013 S1, 014364 Romania<\/p>\n\n\n\n<h2 class=\"wp-block-heading\" id=\"ucc-73\"><a href=\"https:\/\/translate.google.com\/history\"><\/a><a href=\"https:\/\/translate.google.com\/saved\"><\/a><a href=\"https:\/\/translate.google.com\/contribute\"><\/a><\/h2>\n\n\n\n<p><a href=\"https:\/\/translate.google.com\/history\"><\/a><a href=\"https:\/\/translate.google.com\/saved\"><\/a><a href=\"https:\/\/translate.google.com\/contribute\"><\/a><\/p>\n\n\n\n<p><a href=\"https:\/\/translate.google.com\/history\"><\/a><a href=\"https:\/\/translate.google.com\/saved\"><\/a><a href=\"https:\/\/translate.google.com\/contribute\"><\/a><\/p>\n\n\n\n<h2 class=\"wp-block-heading\" id=\"ucc-73\"><a href=\"https:\/\/translate.google.com\/history\"><\/a><a href=\"https:\/\/translate.google.com\/saved\"><\/a><a href=\"https:\/\/translate.google.com\/contribute\"><\/a><\/h2>\n\n\n\n<p><a href=\"https:\/\/translate.google.com\/history\"><\/a><a href=\"https:\/\/translate.google.com\/saved\"><\/a><a href=\"https:\/\/translate.google.com\/contribute\"><\/a><\/p>\n\n\n\n<p><\/p>\n","protected":false},"excerpt":{"rendered":"<p>Asemer tiene el placer de presentar al \u00daltimo miembro de la Asociaci\u00f3n, el cu\u00e1l se complace EN presentarles e invitarles [&hellip;]<\/p>\n","protected":false},"author":3,"featured_media":0,"comment_status":"open","ping_status":"open","sticky":false,"template":"","format":"standard","meta":{"footnotes":""},"categories":[1],"tags":[],"class_list":["post-8944","post","type-post","status-publish","format-standard","hentry","category-uncategorized"],"yoast_head":"<!-- This site is optimized with the Yoast SEO plugin v27.5 - https:\/\/yoast.com\/product\/yoast-seo-wordpress\/ -->\n<title>SABOR LATINO - ASEMER<\/title>\n<meta name=\"robots\" content=\"index, follow, max-snippet:-1, max-image-preview:large, max-video-preview:-1\" \/>\n<link rel=\"canonical\" href=\"https:\/\/www.asemer.ro\/index.php\/2023\/09\/30\/sabor-latino\/\" \/>\n<meta property=\"og:locale\" content=\"es_ES\" \/>\n<meta property=\"og:type\" content=\"article\" \/>\n<meta property=\"og:title\" content=\"SABOR LATINO - ASEMER\" \/>\n<meta property=\"og:description\" content=\"Asemer tiene el placer de presentar al \u00daltimo miembro de la Asociaci\u00f3n, el cu\u00e1l se complace EN presentarles e invitarles [&hellip;]\" \/>\n<meta property=\"og:url\" content=\"https:\/\/www.asemer.ro\/index.php\/2023\/09\/30\/sabor-latino\/\" \/>\n<meta property=\"og:site_name\" content=\"ASEMER\" \/>\n<meta property=\"article:publisher\" content=\"https:\/\/www.facebook.com\/asociacionasemer\" \/>\n<meta property=\"article:published_time\" content=\"2023-09-30T08:14:13+00:00\" \/>\n<meta property=\"article:modified_time\" content=\"2023-10-04T08:54:40+00:00\" \/>\n<meta property=\"og:image\" content=\"https:\/\/www.asemer.ro\/wp-content\/uploads\/2023\/10\/image.png\" \/>\n<meta name=\"author\" content=\"Admin Asemer\" \/>\n<meta name=\"twitter:card\" content=\"summary_large_image\" \/>\n<meta name=\"twitter:creator\" content=\"@asemer_rumania\" \/>\n<meta name=\"twitter:site\" content=\"@asemer_rumania\" \/>\n<meta name=\"twitter:label1\" content=\"Escrito por\" \/>\n\t<meta name=\"twitter:data1\" content=\"Admin Asemer\" \/>\n<script type=\"application\/ld+json\" class=\"yoast-schema-graph\">{\"@context\":\"https:\\\/\\\/schema.org\",\"@graph\":[{\"@type\":\"Article\",\"@id\":\"https:\\\/\\\/www.asemer.ro\\\/index.php\\\/2023\\\/09\\\/30\\\/sabor-latino\\\/#article\",\"isPartOf\":{\"@id\":\"https:\\\/\\\/www.asemer.ro\\\/index.php\\\/2023\\\/09\\\/30\\\/sabor-latino\\\/\"},\"author\":{\"name\":\"Admin Asemer\",\"@id\":\"https:\\\/\\\/www.asemer.ro\\\/#\\\/schema\\\/person\\\/36de47e444c0f1a7b737a035d40519f9\"},\"headline\":\"SABOR LATINO\",\"datePublished\":\"2023-09-30T08:14:13+00:00\",\"dateModified\":\"2023-10-04T08:54:40+00:00\",\"mainEntityOfPage\":{\"@id\":\"https:\\\/\\\/www.asemer.ro\\\/index.php\\\/2023\\\/09\\\/30\\\/sabor-latino\\\/\"},\"wordCount\":1169,\"commentCount\":0,\"publisher\":{\"@id\":\"https:\\\/\\\/www.asemer.ro\\\/#organization\"},\"image\":{\"@id\":\"https:\\\/\\\/www.asemer.ro\\\/index.php\\\/2023\\\/09\\\/30\\\/sabor-latino\\\/#primaryimage\"},\"thumbnailUrl\":\"https:\\\/\\\/www.asemer.ro\\\/wp-content\\\/uploads\\\/2023\\\/10\\\/image.png\",\"articleSection\":[\"Uncategorized\"],\"inLanguage\":\"es\",\"potentialAction\":[{\"@type\":\"CommentAction\",\"name\":\"Comment\",\"target\":[\"https:\\\/\\\/www.asemer.ro\\\/index.php\\\/2023\\\/09\\\/30\\\/sabor-latino\\\/#respond\"]}]},{\"@type\":\"WebPage\",\"@id\":\"https:\\\/\\\/www.asemer.ro\\\/index.php\\\/2023\\\/09\\\/30\\\/sabor-latino\\\/\",\"url\":\"https:\\\/\\\/www.asemer.ro\\\/index.php\\\/2023\\\/09\\\/30\\\/sabor-latino\\\/\",\"name\":\"SABOR LATINO - ASEMER\",\"isPartOf\":{\"@id\":\"https:\\\/\\\/www.asemer.ro\\\/#website\"},\"primaryImageOfPage\":{\"@id\":\"https:\\\/\\\/www.asemer.ro\\\/index.php\\\/2023\\\/09\\\/30\\\/sabor-latino\\\/#primaryimage\"},\"image\":{\"@id\":\"https:\\\/\\\/www.asemer.ro\\\/index.php\\\/2023\\\/09\\\/30\\\/sabor-latino\\\/#primaryimage\"},\"thumbnailUrl\":\"https:\\\/\\\/www.asemer.ro\\\/wp-content\\\/uploads\\\/2023\\\/10\\\/image.png\",\"datePublished\":\"2023-09-30T08:14:13+00:00\",\"dateModified\":\"2023-10-04T08:54:40+00:00\",\"breadcrumb\":{\"@id\":\"https:\\\/\\\/www.asemer.ro\\\/index.php\\\/2023\\\/09\\\/30\\\/sabor-latino\\\/#breadcrumb\"},\"inLanguage\":\"es\",\"potentialAction\":[{\"@type\":\"ReadAction\",\"target\":[\"https:\\\/\\\/www.asemer.ro\\\/index.php\\\/2023\\\/09\\\/30\\\/sabor-latino\\\/\"]}]},{\"@type\":\"ImageObject\",\"inLanguage\":\"es\",\"@id\":\"https:\\\/\\\/www.asemer.ro\\\/index.php\\\/2023\\\/09\\\/30\\\/sabor-latino\\\/#primaryimage\",\"url\":\"https:\\\/\\\/www.asemer.ro\\\/wp-content\\\/uploads\\\/2023\\\/10\\\/image.png\",\"contentUrl\":\"https:\\\/\\\/www.asemer.ro\\\/wp-content\\\/uploads\\\/2023\\\/10\\\/image.png\",\"width\":150,\"height\":150},{\"@type\":\"BreadcrumbList\",\"@id\":\"https:\\\/\\\/www.asemer.ro\\\/index.php\\\/2023\\\/09\\\/30\\\/sabor-latino\\\/#breadcrumb\",\"itemListElement\":[{\"@type\":\"ListItem\",\"position\":1,\"name\":\"Home\",\"item\":\"https:\\\/\\\/www.asemer.ro\\\/\"},{\"@type\":\"ListItem\",\"position\":2,\"name\":\"SABOR LATINO\"}]},{\"@type\":\"WebSite\",\"@id\":\"https:\\\/\\\/www.asemer.ro\\\/#website\",\"url\":\"https:\\\/\\\/www.asemer.ro\\\/\",\"name\":\"ASEMER\",\"description\":\"Asociaci\u00f3n de Empresas Espa\u00f1olas en Ruman\u00eda\",\"publisher\":{\"@id\":\"https:\\\/\\\/www.asemer.ro\\\/#organization\"},\"potentialAction\":[{\"@type\":\"SearchAction\",\"target\":{\"@type\":\"EntryPoint\",\"urlTemplate\":\"https:\\\/\\\/www.asemer.ro\\\/?s={search_term_string}\"},\"query-input\":{\"@type\":\"PropertyValueSpecification\",\"valueRequired\":true,\"valueName\":\"search_term_string\"}}],\"inLanguage\":\"es\"},{\"@type\":\"Organization\",\"@id\":\"https:\\\/\\\/www.asemer.ro\\\/#organization\",\"name\":\"ASEMER\",\"url\":\"https:\\\/\\\/www.asemer.ro\\\/\",\"logo\":{\"@type\":\"ImageObject\",\"inLanguage\":\"es\",\"@id\":\"https:\\\/\\\/www.asemer.ro\\\/#\\\/schema\\\/logo\\\/image\\\/\",\"url\":\"https:\\\/\\\/www.asemer.ro\\\/wp-content\\\/uploads\\\/2020\\\/12\\\/logo-ASEMER-scaled.jpg\",\"contentUrl\":\"https:\\\/\\\/www.asemer.ro\\\/wp-content\\\/uploads\\\/2020\\\/12\\\/logo-ASEMER-scaled.jpg\",\"width\":2560,\"height\":849,\"caption\":\"ASEMER\"},\"image\":{\"@id\":\"https:\\\/\\\/www.asemer.ro\\\/#\\\/schema\\\/logo\\\/image\\\/\"},\"sameAs\":[\"https:\\\/\\\/www.facebook.com\\\/asociacionasemer\",\"https:\\\/\\\/x.com\\\/asemer_rumania\",\"https:\\\/\\\/ro.linkedin.com\\\/in\\\/asemer-asociaci\u00f3n-empresas-espa\u00f1olas-en-ruman\u00eda-724772a6?trk=author_mini-profile_title\",\"https:\\\/\\\/www.youtube.com\\\/channel\\\/UC73m8-BDsg857OL0Ogv5aQA\\\/videos\"]},{\"@type\":\"Person\",\"@id\":\"https:\\\/\\\/www.asemer.ro\\\/#\\\/schema\\\/person\\\/36de47e444c0f1a7b737a035d40519f9\",\"name\":\"Admin Asemer\",\"image\":{\"@type\":\"ImageObject\",\"inLanguage\":\"es\",\"@id\":\"https:\\\/\\\/secure.gravatar.com\\\/avatar\\\/b64873d65b5be684e01a001c464789c445a7279ef3f177f5fbff5d83eb373299?s=96&d=mm&r=g\",\"url\":\"https:\\\/\\\/secure.gravatar.com\\\/avatar\\\/b64873d65b5be684e01a001c464789c445a7279ef3f177f5fbff5d83eb373299?s=96&d=mm&r=g\",\"contentUrl\":\"https:\\\/\\\/secure.gravatar.com\\\/avatar\\\/b64873d65b5be684e01a001c464789c445a7279ef3f177f5fbff5d83eb373299?s=96&d=mm&r=g\",\"caption\":\"Admin Asemer\"},\"url\":\"https:\\\/\\\/www.asemer.ro\\\/index.php\\\/author\\\/admin\\\/\"}]}<\/script>\n<!-- \/ Yoast SEO plugin. -->","yoast_head_json":{"title":"SABOR LATINO - ASEMER","robots":{"index":"index","follow":"follow","max-snippet":"max-snippet:-1","max-image-preview":"max-image-preview:large","max-video-preview":"max-video-preview:-1"},"canonical":"https:\/\/www.asemer.ro\/index.php\/2023\/09\/30\/sabor-latino\/","og_locale":"es_ES","og_type":"article","og_title":"SABOR LATINO - ASEMER","og_description":"Asemer tiene el placer de presentar al \u00daltimo miembro de la Asociaci\u00f3n, el cu\u00e1l se complace EN presentarles e invitarles [&hellip;]","og_url":"https:\/\/www.asemer.ro\/index.php\/2023\/09\/30\/sabor-latino\/","og_site_name":"ASEMER","article_publisher":"https:\/\/www.facebook.com\/asociacionasemer","article_published_time":"2023-09-30T08:14:13+00:00","article_modified_time":"2023-10-04T08:54:40+00:00","og_image":[{"url":"https:\/\/www.asemer.ro\/wp-content\/uploads\/2023\/10\/image.png","type":"","width":"","height":""}],"author":"Admin Asemer","twitter_card":"summary_large_image","twitter_creator":"@asemer_rumania","twitter_site":"@asemer_rumania","twitter_misc":{"Escrito por":"Admin Asemer"},"schema":{"@context":"https:\/\/schema.org","@graph":[{"@type":"Article","@id":"https:\/\/www.asemer.ro\/index.php\/2023\/09\/30\/sabor-latino\/#article","isPartOf":{"@id":"https:\/\/www.asemer.ro\/index.php\/2023\/09\/30\/sabor-latino\/"},"author":{"name":"Admin Asemer","@id":"https:\/\/www.asemer.ro\/#\/schema\/person\/36de47e444c0f1a7b737a035d40519f9"},"headline":"SABOR LATINO","datePublished":"2023-09-30T08:14:13+00:00","dateModified":"2023-10-04T08:54:40+00:00","mainEntityOfPage":{"@id":"https:\/\/www.asemer.ro\/index.php\/2023\/09\/30\/sabor-latino\/"},"wordCount":1169,"commentCount":0,"publisher":{"@id":"https:\/\/www.asemer.ro\/#organization"},"image":{"@id":"https:\/\/www.asemer.ro\/index.php\/2023\/09\/30\/sabor-latino\/#primaryimage"},"thumbnailUrl":"https:\/\/www.asemer.ro\/wp-content\/uploads\/2023\/10\/image.png","articleSection":["Uncategorized"],"inLanguage":"es","potentialAction":[{"@type":"CommentAction","name":"Comment","target":["https:\/\/www.asemer.ro\/index.php\/2023\/09\/30\/sabor-latino\/#respond"]}]},{"@type":"WebPage","@id":"https:\/\/www.asemer.ro\/index.php\/2023\/09\/30\/sabor-latino\/","url":"https:\/\/www.asemer.ro\/index.php\/2023\/09\/30\/sabor-latino\/","name":"SABOR LATINO - ASEMER","isPartOf":{"@id":"https:\/\/www.asemer.ro\/#website"},"primaryImageOfPage":{"@id":"https:\/\/www.asemer.ro\/index.php\/2023\/09\/30\/sabor-latino\/#primaryimage"},"image":{"@id":"https:\/\/www.asemer.ro\/index.php\/2023\/09\/30\/sabor-latino\/#primaryimage"},"thumbnailUrl":"https:\/\/www.asemer.ro\/wp-content\/uploads\/2023\/10\/image.png","datePublished":"2023-09-30T08:14:13+00:00","dateModified":"2023-10-04T08:54:40+00:00","breadcrumb":{"@id":"https:\/\/www.asemer.ro\/index.php\/2023\/09\/30\/sabor-latino\/#breadcrumb"},"inLanguage":"es","potentialAction":[{"@type":"ReadAction","target":["https:\/\/www.asemer.ro\/index.php\/2023\/09\/30\/sabor-latino\/"]}]},{"@type":"ImageObject","inLanguage":"es","@id":"https:\/\/www.asemer.ro\/index.php\/2023\/09\/30\/sabor-latino\/#primaryimage","url":"https:\/\/www.asemer.ro\/wp-content\/uploads\/2023\/10\/image.png","contentUrl":"https:\/\/www.asemer.ro\/wp-content\/uploads\/2023\/10\/image.png","width":150,"height":150},{"@type":"BreadcrumbList","@id":"https:\/\/www.asemer.ro\/index.php\/2023\/09\/30\/sabor-latino\/#breadcrumb","itemListElement":[{"@type":"ListItem","position":1,"name":"Home","item":"https:\/\/www.asemer.ro\/"},{"@type":"ListItem","position":2,"name":"SABOR LATINO"}]},{"@type":"WebSite","@id":"https:\/\/www.asemer.ro\/#website","url":"https:\/\/www.asemer.ro\/","name":"ASEMER","description":"Asociaci\u00f3n de Empresas Espa\u00f1olas en Ruman\u00eda","publisher":{"@id":"https:\/\/www.asemer.ro\/#organization"},"potentialAction":[{"@type":"SearchAction","target":{"@type":"EntryPoint","urlTemplate":"https:\/\/www.asemer.ro\/?s={search_term_string}"},"query-input":{"@type":"PropertyValueSpecification","valueRequired":true,"valueName":"search_term_string"}}],"inLanguage":"es"},{"@type":"Organization","@id":"https:\/\/www.asemer.ro\/#organization","name":"ASEMER","url":"https:\/\/www.asemer.ro\/","logo":{"@type":"ImageObject","inLanguage":"es","@id":"https:\/\/www.asemer.ro\/#\/schema\/logo\/image\/","url":"https:\/\/www.asemer.ro\/wp-content\/uploads\/2020\/12\/logo-ASEMER-scaled.jpg","contentUrl":"https:\/\/www.asemer.ro\/wp-content\/uploads\/2020\/12\/logo-ASEMER-scaled.jpg","width":2560,"height":849,"caption":"ASEMER"},"image":{"@id":"https:\/\/www.asemer.ro\/#\/schema\/logo\/image\/"},"sameAs":["https:\/\/www.facebook.com\/asociacionasemer","https:\/\/x.com\/asemer_rumania","https:\/\/ro.linkedin.com\/in\/asemer-asociaci\u00f3n-empresas-espa\u00f1olas-en-ruman\u00eda-724772a6?trk=author_mini-profile_title","https:\/\/www.youtube.com\/channel\/UC73m8-BDsg857OL0Ogv5aQA\/videos"]},{"@type":"Person","@id":"https:\/\/www.asemer.ro\/#\/schema\/person\/36de47e444c0f1a7b737a035d40519f9","name":"Admin Asemer","image":{"@type":"ImageObject","inLanguage":"es","@id":"https:\/\/secure.gravatar.com\/avatar\/b64873d65b5be684e01a001c464789c445a7279ef3f177f5fbff5d83eb373299?s=96&d=mm&r=g","url":"https:\/\/secure.gravatar.com\/avatar\/b64873d65b5be684e01a001c464789c445a7279ef3f177f5fbff5d83eb373299?s=96&d=mm&r=g","contentUrl":"https:\/\/secure.gravatar.com\/avatar\/b64873d65b5be684e01a001c464789c445a7279ef3f177f5fbff5d83eb373299?s=96&d=mm&r=g","caption":"Admin Asemer"},"url":"https:\/\/www.asemer.ro\/index.php\/author\/admin\/"}]}},"_links":{"self":[{"href":"https:\/\/www.asemer.ro\/index.php\/wp-json\/wp\/v2\/posts\/8944","targetHints":{"allow":["GET"]}}],"collection":[{"href":"https:\/\/www.asemer.ro\/index.php\/wp-json\/wp\/v2\/posts"}],"about":[{"href":"https:\/\/www.asemer.ro\/index.php\/wp-json\/wp\/v2\/types\/post"}],"author":[{"embeddable":true,"href":"https:\/\/www.asemer.ro\/index.php\/wp-json\/wp\/v2\/users\/3"}],"replies":[{"embeddable":true,"href":"https:\/\/www.asemer.ro\/index.php\/wp-json\/wp\/v2\/comments?post=8944"}],"version-history":[{"count":4,"href":"https:\/\/www.asemer.ro\/index.php\/wp-json\/wp\/v2\/posts\/8944\/revisions"}],"predecessor-version":[{"id":8958,"href":"https:\/\/www.asemer.ro\/index.php\/wp-json\/wp\/v2\/posts\/8944\/revisions\/8958"}],"wp:attachment":[{"href":"https:\/\/www.asemer.ro\/index.php\/wp-json\/wp\/v2\/media?parent=8944"}],"wp:term":[{"taxonomy":"category","embeddable":true,"href":"https:\/\/www.asemer.ro\/index.php\/wp-json\/wp\/v2\/categories?post=8944"},{"taxonomy":"post_tag","embeddable":true,"href":"https:\/\/www.asemer.ro\/index.php\/wp-json\/wp\/v2\/tags?post=8944"}],"curies":[{"name":"wp","href":"https:\/\/api.w.org\/{rel}","templated":true}]}}