{"id":9059,"date":"2023-10-31T12:17:38","date_gmt":"2023-10-31T10:17:38","guid":{"rendered":"https:\/\/www.asemer.ro\/?p=9059"},"modified":"2023-10-31T12:17:49","modified_gmt":"2023-10-31T10:17:49","slug":"colaboracion-con-revista-patronatului-roman-19","status":"publish","type":"post","link":"https:\/\/www.asemer.ro\/index.php\/2023\/10\/31\/colaboracion-con-revista-patronatului-roman-19\/","title":{"rendered":"COLABORACI\u00d3N CON REVISTA PATRONATULUI ROM\u0102N"},"content":{"rendered":"\n<h1 class=\"wp-block-heading\">BEROCC organizeaz\u0103 \u201eCluj Belgian Business Days\u201d \u00een perioada 16-17 noiembrie 2023<\/h1>\n\n\n\n<p><a href=\"https:\/\/revistapatronatuluiroman.ro\/author\/redactia\/\"><\/a><\/p>\n\n\n\n<p>By<a href=\"https:\/\/revistapatronatuluiroman.ro\/author\/redactia\/\">redactia<\/a><\/p>\n\n\n\n<p>28 octombrie 2023<\/p>\n\n\n\n<figure class=\"wp-block-image size-large\"><img loading=\"lazy\" decoding=\"async\" width=\"1024\" height=\"800\" src=\"https:\/\/www.asemer.ro\/wp-content\/uploads\/2023\/10\/1.Cezar_-1024x800.png\" alt=\"\" class=\"wp-image-9060\" srcset=\"https:\/\/www.asemer.ro\/wp-content\/uploads\/2023\/10\/1.Cezar_-1024x800.png 1024w, https:\/\/www.asemer.ro\/wp-content\/uploads\/2023\/10\/1.Cezar_-300x234.png 300w, https:\/\/www.asemer.ro\/wp-content\/uploads\/2023\/10\/1.Cezar_-768x600.png 768w, https:\/\/www.asemer.ro\/wp-content\/uploads\/2023\/10\/1.Cezar_-720x562.png 720w, https:\/\/www.asemer.ro\/wp-content\/uploads\/2023\/10\/1.Cezar_.png 1065w\" sizes=\"auto, (max-width: 1024px) 100vw, 1024px\" \/><\/figure>\n\n\n\n<figure class=\"wp-block-image size-large\"><img loading=\"lazy\" decoding=\"async\" width=\"1024\" height=\"225\" src=\"https:\/\/www.asemer.ro\/wp-content\/uploads\/2023\/10\/2.Cezar_-1024x225.png\" alt=\"\" class=\"wp-image-9061\" srcset=\"https:\/\/www.asemer.ro\/wp-content\/uploads\/2023\/10\/2.Cezar_-1024x225.png 1024w, https:\/\/www.asemer.ro\/wp-content\/uploads\/2023\/10\/2.Cezar_-300x66.png 300w, https:\/\/www.asemer.ro\/wp-content\/uploads\/2023\/10\/2.Cezar_-768x169.png 768w, https:\/\/www.asemer.ro\/wp-content\/uploads\/2023\/10\/2.Cezar_-720x158.png 720w, https:\/\/www.asemer.ro\/wp-content\/uploads\/2023\/10\/2.Cezar_.png 1028w\" sizes=\"auto, (max-width: 1024px) 100vw, 1024px\" \/><\/figure>\n\n\n\n<p>Camera de Comer\u021b Belgia-Luxemburg-Rom\u00e2nia-Moldova (BEROCC), cu sprijinul Organiza\u021biei Femeilor Antrepronor UGIR (OFA UGIR), Transilvania IT Cluster \u0219i Consiliul Patronatelor ESG din Rom\u00e2nia, v\u0103 invit\u0103 s\u0103 participa\u021bi la evenimentul Cluj Belgian Business Days\u201d care se desf\u0103\u0219oar\u0103 \u00een perioada 16-17 noiembrie \u00een Cluj, Rom\u00e2nia.<\/p>\n\n\n\n<p>Acest eveniment de dou\u0103 zile \u00ee\u0219i propune s\u0103 reuneasc\u0103 profesioni\u0219ti \u0219i antreprenori din diverse industrii pentru activit\u0103\u021bi de networking \u0219i vizite la companii.<\/p>\n\n\n\n<p><strong>Agenda <\/strong><strong>evenimentului<\/strong><strong> include:<\/strong><\/p>\n\n\n\n<p>16 noiembrie 2023<br>\u201eB2B Meetings Marathon &amp; Networking Drink\u201d va avea loc la Puratos Bakery School \u00eentre orele 16:00 la 21:00. Acest eveniment va oferi o oportunitate excelent\u0103 de a intra \u00een leg\u0103tur\u0103 cu speciali\u0219ti din diverse industrii \u0219i de a v\u0103 extinde re\u021beaua profesional\u0103.<\/p>\n\n\n\n<p>Taxa de participare:<br>\u2013 75 EUR, membri<br>\u2013 95 EUR, nemembri<\/p>\n\n\n\n<p>17 noiembrie<br>\u2013 Sunt stabilite vizite la companiile Sonaca (09:30 \u2013 11:00), Evozone (12:00 \u2013 14:00) \u0219i Jost Group (15:00-17:00). Aceast\u0103 oportunitate exclusiv\u0103 v\u0103 va permite s\u0103 ob\u021bine\u021bi informa\u021bii despre aceste companii renumite \u0219i s\u0103 explora\u021bi poten\u021bialele colabor\u0103ri de afaceri.<\/p>\n\n\n\n<p>Taxa de participare:<br>\u2013 50 EUR, membri<br>\u2013 65 EUR, nemembri<\/p>\n\n\n\n<p>Bilet &nbsp;pentru acces \u00een cele 2 zile:<br>\u2013 100 EUR, membri<br>\u2013 140 EUR, nemembri<\/p>\n\n\n\n<p>Link pentru \u00eenregistrare: <a href=\"https:\/\/forms.monday.com\/forms\/7f2aa228f594827fb8086231b891d15e?r=use1\">https:\/\/forms.monday.com\/forms\/7f2aa228f594827fb8086231b891d15e?r=use1<\/a><\/p>\n\n\n\n<p><strong>Organizator:<\/strong> Camera de Comer\u021b Belgia-Luxemburg-Rom\u00e2nia-Moldova (BEROCC)<br><strong>Parteneri:<\/strong> Organiza\u021bia Femeilor Antrepronor UGIR (OFA UGIR), Transilvania IT Cluster, Consiliul Patronatelor ESG din Rom\u00e2nia<br><strong>Sus\u021binatorii evenimentului:<\/strong> Puratos, La Lorraine Bakery, Sonaca, Evozon, Jost Group<br><strong>Gold Sponsor:<\/strong> Inaq Consulting, Suciu Law, VPK Packaging<br><strong>Silver Sponsor:<\/strong> Baldwin<br><strong>Parteneri media:<\/strong> Business Voice, Revista Patronatului Rom\u00e2n<\/p>\n\n\n\n<p>Pentru mai multe informa\u021bii despre Revista Patronatului Rom\u00e2n:<\/p>\n\n\n\n<p><a href=\"https:\/\/www.facebook.com\/events\/296934136611345\">https:\/\/www.facebook.com\/events\/296934136611345<\/a><\/p>\n\n\n\n<p><a href=\"https:\/\/www.linkedin.com\/feed\/update\/urn:li:activity:7119671747850698753\">https:\/\/www.linkedin.com\/feed\/update\/urn:li:activity:7119671747850698753<\/a><\/p>\n\n\n\n<hr class=\"wp-block-separator has-alpha-channel-opacity\"\/>\n","protected":false},"excerpt":{"rendered":"<p>BEROCC organizeaz\u0103 \u201eCluj Belgian Business Days\u201d \u00een perioada 16-17 noiembrie 2023 Byredactia 28 octombrie 2023 Camera de Comer\u021b Belgia-Luxemburg-Rom\u00e2nia-Moldova (BEROCC), [&hellip;]<\/p>\n","protected":false},"author":3,"featured_media":0,"comment_status":"open","ping_status":"open","sticky":false,"template":"","format":"standard","meta":{"footnotes":""},"categories":[1],"tags":[],"class_list":["post-9059","post","type-post","status-publish","format-standard","hentry","category-uncategorized"],"yoast_head":"<!-- This site is optimized with the Yoast SEO plugin v27.5 - https:\/\/yoast.com\/product\/yoast-seo-wordpress\/ -->\n<title>COLABORACI\u00d3N CON REVISTA PATRONATULUI ROM\u0102N - ASEMER<\/title>\n<meta name=\"robots\" content=\"index, follow, max-snippet:-1, max-image-preview:large, max-video-preview:-1\" \/>\n<link rel=\"canonical\" href=\"https:\/\/www.asemer.ro\/index.php\/2023\/10\/31\/colaboracion-con-revista-patronatului-roman-19\/\" \/>\n<meta property=\"og:locale\" content=\"es_ES\" \/>\n<meta property=\"og:type\" content=\"article\" \/>\n<meta property=\"og:title\" content=\"COLABORACI\u00d3N CON REVISTA PATRONATULUI ROM\u0102N - ASEMER\" \/>\n<meta property=\"og:description\" content=\"BEROCC organizeaz\u0103 \u201eCluj Belgian Business Days\u201d \u00een perioada 16-17 noiembrie 2023 Byredactia 28 octombrie 2023 Camera de Comer\u021b Belgia-Luxemburg-Rom\u00e2nia-Moldova (BEROCC), [&hellip;]\" \/>\n<meta property=\"og:url\" content=\"https:\/\/www.asemer.ro\/index.php\/2023\/10\/31\/colaboracion-con-revista-patronatului-roman-19\/\" \/>\n<meta property=\"og:site_name\" content=\"ASEMER\" \/>\n<meta property=\"article:publisher\" content=\"https:\/\/www.facebook.com\/asociacionasemer\" \/>\n<meta property=\"article:published_time\" content=\"2023-10-31T10:17:38+00:00\" \/>\n<meta property=\"article:modified_time\" content=\"2023-10-31T10:17:49+00:00\" \/>\n<meta property=\"og:image\" content=\"https:\/\/www.asemer.ro\/wp-content\/uploads\/2023\/10\/1.Cezar_-1024x800.png\" \/>\n<meta name=\"author\" content=\"Admin Asemer\" \/>\n<meta name=\"twitter:card\" content=\"summary_large_image\" \/>\n<meta name=\"twitter:creator\" content=\"@asemer_rumania\" \/>\n<meta name=\"twitter:site\" content=\"@asemer_rumania\" \/>\n<meta name=\"twitter:label1\" content=\"Escrito por\" \/>\n\t<meta name=\"twitter:data1\" content=\"Admin Asemer\" \/>\n\t<meta name=\"twitter:label2\" content=\"Tiempo de lectura\" \/>\n\t<meta name=\"twitter:data2\" content=\"2 minutos\" \/>\n<script type=\"application\/ld+json\" class=\"yoast-schema-graph\">{\"@context\":\"https:\\\/\\\/schema.org\",\"@graph\":[{\"@type\":\"Article\",\"@id\":\"https:\\\/\\\/www.asemer.ro\\\/index.php\\\/2023\\\/10\\\/31\\\/colaboracion-con-revista-patronatului-roman-19\\\/#article\",\"isPartOf\":{\"@id\":\"https:\\\/\\\/www.asemer.ro\\\/index.php\\\/2023\\\/10\\\/31\\\/colaboracion-con-revista-patronatului-roman-19\\\/\"},\"author\":{\"name\":\"Admin Asemer\",\"@id\":\"https:\\\/\\\/www.asemer.ro\\\/#\\\/schema\\\/person\\\/36de47e444c0f1a7b737a035d40519f9\"},\"headline\":\"COLABORACI\u00d3N CON REVISTA PATRONATULUI ROM\u0102N\",\"datePublished\":\"2023-10-31T10:17:38+00:00\",\"dateModified\":\"2023-10-31T10:17:49+00:00\",\"mainEntityOfPage\":{\"@id\":\"https:\\\/\\\/www.asemer.ro\\\/index.php\\\/2023\\\/10\\\/31\\\/colaboracion-con-revista-patronatului-roman-19\\\/\"},\"wordCount\":298,\"commentCount\":0,\"publisher\":{\"@id\":\"https:\\\/\\\/www.asemer.ro\\\/#organization\"},\"image\":{\"@id\":\"https:\\\/\\\/www.asemer.ro\\\/index.php\\\/2023\\\/10\\\/31\\\/colaboracion-con-revista-patronatului-roman-19\\\/#primaryimage\"},\"thumbnailUrl\":\"https:\\\/\\\/www.asemer.ro\\\/wp-content\\\/uploads\\\/2023\\\/10\\\/1.Cezar_-1024x800.png\",\"articleSection\":[\"Uncategorized\"],\"inLanguage\":\"es\",\"potentialAction\":[{\"@type\":\"CommentAction\",\"name\":\"Comment\",\"target\":[\"https:\\\/\\\/www.asemer.ro\\\/index.php\\\/2023\\\/10\\\/31\\\/colaboracion-con-revista-patronatului-roman-19\\\/#respond\"]}]},{\"@type\":\"WebPage\",\"@id\":\"https:\\\/\\\/www.asemer.ro\\\/index.php\\\/2023\\\/10\\\/31\\\/colaboracion-con-revista-patronatului-roman-19\\\/\",\"url\":\"https:\\\/\\\/www.asemer.ro\\\/index.php\\\/2023\\\/10\\\/31\\\/colaboracion-con-revista-patronatului-roman-19\\\/\",\"name\":\"COLABORACI\u00d3N CON REVISTA PATRONATULUI ROM\u0102N - ASEMER\",\"isPartOf\":{\"@id\":\"https:\\\/\\\/www.asemer.ro\\\/#website\"},\"primaryImageOfPage\":{\"@id\":\"https:\\\/\\\/www.asemer.ro\\\/index.php\\\/2023\\\/10\\\/31\\\/colaboracion-con-revista-patronatului-roman-19\\\/#primaryimage\"},\"image\":{\"@id\":\"https:\\\/\\\/www.asemer.ro\\\/index.php\\\/2023\\\/10\\\/31\\\/colaboracion-con-revista-patronatului-roman-19\\\/#primaryimage\"},\"thumbnailUrl\":\"https:\\\/\\\/www.asemer.ro\\\/wp-content\\\/uploads\\\/2023\\\/10\\\/1.Cezar_-1024x800.png\",\"datePublished\":\"2023-10-31T10:17:38+00:00\",\"dateModified\":\"2023-10-31T10:17:49+00:00\",\"breadcrumb\":{\"@id\":\"https:\\\/\\\/www.asemer.ro\\\/index.php\\\/2023\\\/10\\\/31\\\/colaboracion-con-revista-patronatului-roman-19\\\/#breadcrumb\"},\"inLanguage\":\"es\",\"potentialAction\":[{\"@type\":\"ReadAction\",\"target\":[\"https:\\\/\\\/www.asemer.ro\\\/index.php\\\/2023\\\/10\\\/31\\\/colaboracion-con-revista-patronatului-roman-19\\\/\"]}]},{\"@type\":\"ImageObject\",\"inLanguage\":\"es\",\"@id\":\"https:\\\/\\\/www.asemer.ro\\\/index.php\\\/2023\\\/10\\\/31\\\/colaboracion-con-revista-patronatului-roman-19\\\/#primaryimage\",\"url\":\"https:\\\/\\\/www.asemer.ro\\\/wp-content\\\/uploads\\\/2023\\\/10\\\/1.Cezar_.png\",\"contentUrl\":\"https:\\\/\\\/www.asemer.ro\\\/wp-content\\\/uploads\\\/2023\\\/10\\\/1.Cezar_.png\",\"width\":1065,\"height\":832},{\"@type\":\"BreadcrumbList\",\"@id\":\"https:\\\/\\\/www.asemer.ro\\\/index.php\\\/2023\\\/10\\\/31\\\/colaboracion-con-revista-patronatului-roman-19\\\/#breadcrumb\",\"itemListElement\":[{\"@type\":\"ListItem\",\"position\":1,\"name\":\"Home\",\"item\":\"https:\\\/\\\/www.asemer.ro\\\/\"},{\"@type\":\"ListItem\",\"position\":2,\"name\":\"COLABORACI\u00d3N CON REVISTA PATRONATULUI ROM\u0102N\"}]},{\"@type\":\"WebSite\",\"@id\":\"https:\\\/\\\/www.asemer.ro\\\/#website\",\"url\":\"https:\\\/\\\/www.asemer.ro\\\/\",\"name\":\"ASEMER\",\"description\":\"Asociaci\u00f3n de Empresas Espa\u00f1olas en Ruman\u00eda\",\"publisher\":{\"@id\":\"https:\\\/\\\/www.asemer.ro\\\/#organization\"},\"potentialAction\":[{\"@type\":\"SearchAction\",\"target\":{\"@type\":\"EntryPoint\",\"urlTemplate\":\"https:\\\/\\\/www.asemer.ro\\\/?s={search_term_string}\"},\"query-input\":{\"@type\":\"PropertyValueSpecification\",\"valueRequired\":true,\"valueName\":\"search_term_string\"}}],\"inLanguage\":\"es\"},{\"@type\":\"Organization\",\"@id\":\"https:\\\/\\\/www.asemer.ro\\\/#organization\",\"name\":\"ASEMER\",\"url\":\"https:\\\/\\\/www.asemer.ro\\\/\",\"logo\":{\"@type\":\"ImageObject\",\"inLanguage\":\"es\",\"@id\":\"https:\\\/\\\/www.asemer.ro\\\/#\\\/schema\\\/logo\\\/image\\\/\",\"url\":\"https:\\\/\\\/www.asemer.ro\\\/wp-content\\\/uploads\\\/2020\\\/12\\\/logo-ASEMER-scaled.jpg\",\"contentUrl\":\"https:\\\/\\\/www.asemer.ro\\\/wp-content\\\/uploads\\\/2020\\\/12\\\/logo-ASEMER-scaled.jpg\",\"width\":2560,\"height\":849,\"caption\":\"ASEMER\"},\"image\":{\"@id\":\"https:\\\/\\\/www.asemer.ro\\\/#\\\/schema\\\/logo\\\/image\\\/\"},\"sameAs\":[\"https:\\\/\\\/www.facebook.com\\\/asociacionasemer\",\"https:\\\/\\\/x.com\\\/asemer_rumania\",\"https:\\\/\\\/ro.linkedin.com\\\/in\\\/asemer-asociaci\u00f3n-empresas-espa\u00f1olas-en-ruman\u00eda-724772a6?trk=author_mini-profile_title\",\"https:\\\/\\\/www.youtube.com\\\/channel\\\/UC73m8-BDsg857OL0Ogv5aQA\\\/videos\"]},{\"@type\":\"Person\",\"@id\":\"https:\\\/\\\/www.asemer.ro\\\/#\\\/schema\\\/person\\\/36de47e444c0f1a7b737a035d40519f9\",\"name\":\"Admin Asemer\",\"image\":{\"@type\":\"ImageObject\",\"inLanguage\":\"es\",\"@id\":\"https:\\\/\\\/secure.gravatar.com\\\/avatar\\\/b64873d65b5be684e01a001c464789c445a7279ef3f177f5fbff5d83eb373299?s=96&d=mm&r=g\",\"url\":\"https:\\\/\\\/secure.gravatar.com\\\/avatar\\\/b64873d65b5be684e01a001c464789c445a7279ef3f177f5fbff5d83eb373299?s=96&d=mm&r=g\",\"contentUrl\":\"https:\\\/\\\/secure.gravatar.com\\\/avatar\\\/b64873d65b5be684e01a001c464789c445a7279ef3f177f5fbff5d83eb373299?s=96&d=mm&r=g\",\"caption\":\"Admin Asemer\"},\"url\":\"https:\\\/\\\/www.asemer.ro\\\/index.php\\\/author\\\/admin\\\/\"}]}<\/script>\n<!-- \/ Yoast SEO plugin. -->","yoast_head_json":{"title":"COLABORACI\u00d3N CON REVISTA PATRONATULUI ROM\u0102N - ASEMER","robots":{"index":"index","follow":"follow","max-snippet":"max-snippet:-1","max-image-preview":"max-image-preview:large","max-video-preview":"max-video-preview:-1"},"canonical":"https:\/\/www.asemer.ro\/index.php\/2023\/10\/31\/colaboracion-con-revista-patronatului-roman-19\/","og_locale":"es_ES","og_type":"article","og_title":"COLABORACI\u00d3N CON REVISTA PATRONATULUI ROM\u0102N - ASEMER","og_description":"BEROCC organizeaz\u0103 \u201eCluj Belgian Business Days\u201d \u00een perioada 16-17 noiembrie 2023 Byredactia 28 octombrie 2023 Camera de Comer\u021b Belgia-Luxemburg-Rom\u00e2nia-Moldova (BEROCC), [&hellip;]","og_url":"https:\/\/www.asemer.ro\/index.php\/2023\/10\/31\/colaboracion-con-revista-patronatului-roman-19\/","og_site_name":"ASEMER","article_publisher":"https:\/\/www.facebook.com\/asociacionasemer","article_published_time":"2023-10-31T10:17:38+00:00","article_modified_time":"2023-10-31T10:17:49+00:00","og_image":[{"url":"https:\/\/www.asemer.ro\/wp-content\/uploads\/2023\/10\/1.Cezar_-1024x800.png","type":"","width":"","height":""}],"author":"Admin Asemer","twitter_card":"summary_large_image","twitter_creator":"@asemer_rumania","twitter_site":"@asemer_rumania","twitter_misc":{"Escrito por":"Admin Asemer","Tiempo de lectura":"2 minutos"},"schema":{"@context":"https:\/\/schema.org","@graph":[{"@type":"Article","@id":"https:\/\/www.asemer.ro\/index.php\/2023\/10\/31\/colaboracion-con-revista-patronatului-roman-19\/#article","isPartOf":{"@id":"https:\/\/www.asemer.ro\/index.php\/2023\/10\/31\/colaboracion-con-revista-patronatului-roman-19\/"},"author":{"name":"Admin Asemer","@id":"https:\/\/www.asemer.ro\/#\/schema\/person\/36de47e444c0f1a7b737a035d40519f9"},"headline":"COLABORACI\u00d3N CON REVISTA PATRONATULUI ROM\u0102N","datePublished":"2023-10-31T10:17:38+00:00","dateModified":"2023-10-31T10:17:49+00:00","mainEntityOfPage":{"@id":"https:\/\/www.asemer.ro\/index.php\/2023\/10\/31\/colaboracion-con-revista-patronatului-roman-19\/"},"wordCount":298,"commentCount":0,"publisher":{"@id":"https:\/\/www.asemer.ro\/#organization"},"image":{"@id":"https:\/\/www.asemer.ro\/index.php\/2023\/10\/31\/colaboracion-con-revista-patronatului-roman-19\/#primaryimage"},"thumbnailUrl":"https:\/\/www.asemer.ro\/wp-content\/uploads\/2023\/10\/1.Cezar_-1024x800.png","articleSection":["Uncategorized"],"inLanguage":"es","potentialAction":[{"@type":"CommentAction","name":"Comment","target":["https:\/\/www.asemer.ro\/index.php\/2023\/10\/31\/colaboracion-con-revista-patronatului-roman-19\/#respond"]}]},{"@type":"WebPage","@id":"https:\/\/www.asemer.ro\/index.php\/2023\/10\/31\/colaboracion-con-revista-patronatului-roman-19\/","url":"https:\/\/www.asemer.ro\/index.php\/2023\/10\/31\/colaboracion-con-revista-patronatului-roman-19\/","name":"COLABORACI\u00d3N CON REVISTA PATRONATULUI ROM\u0102N - ASEMER","isPartOf":{"@id":"https:\/\/www.asemer.ro\/#website"},"primaryImageOfPage":{"@id":"https:\/\/www.asemer.ro\/index.php\/2023\/10\/31\/colaboracion-con-revista-patronatului-roman-19\/#primaryimage"},"image":{"@id":"https:\/\/www.asemer.ro\/index.php\/2023\/10\/31\/colaboracion-con-revista-patronatului-roman-19\/#primaryimage"},"thumbnailUrl":"https:\/\/www.asemer.ro\/wp-content\/uploads\/2023\/10\/1.Cezar_-1024x800.png","datePublished":"2023-10-31T10:17:38+00:00","dateModified":"2023-10-31T10:17:49+00:00","breadcrumb":{"@id":"https:\/\/www.asemer.ro\/index.php\/2023\/10\/31\/colaboracion-con-revista-patronatului-roman-19\/#breadcrumb"},"inLanguage":"es","potentialAction":[{"@type":"ReadAction","target":["https:\/\/www.asemer.ro\/index.php\/2023\/10\/31\/colaboracion-con-revista-patronatului-roman-19\/"]}]},{"@type":"ImageObject","inLanguage":"es","@id":"https:\/\/www.asemer.ro\/index.php\/2023\/10\/31\/colaboracion-con-revista-patronatului-roman-19\/#primaryimage","url":"https:\/\/www.asemer.ro\/wp-content\/uploads\/2023\/10\/1.Cezar_.png","contentUrl":"https:\/\/www.asemer.ro\/wp-content\/uploads\/2023\/10\/1.Cezar_.png","width":1065,"height":832},{"@type":"BreadcrumbList","@id":"https:\/\/www.asemer.ro\/index.php\/2023\/10\/31\/colaboracion-con-revista-patronatului-roman-19\/#breadcrumb","itemListElement":[{"@type":"ListItem","position":1,"name":"Home","item":"https:\/\/www.asemer.ro\/"},{"@type":"ListItem","position":2,"name":"COLABORACI\u00d3N CON REVISTA PATRONATULUI ROM\u0102N"}]},{"@type":"WebSite","@id":"https:\/\/www.asemer.ro\/#website","url":"https:\/\/www.asemer.ro\/","name":"ASEMER","description":"Asociaci\u00f3n de Empresas Espa\u00f1olas en Ruman\u00eda","publisher":{"@id":"https:\/\/www.asemer.ro\/#organization"},"potentialAction":[{"@type":"SearchAction","target":{"@type":"EntryPoint","urlTemplate":"https:\/\/www.asemer.ro\/?s={search_term_string}"},"query-input":{"@type":"PropertyValueSpecification","valueRequired":true,"valueName":"search_term_string"}}],"inLanguage":"es"},{"@type":"Organization","@id":"https:\/\/www.asemer.ro\/#organization","name":"ASEMER","url":"https:\/\/www.asemer.ro\/","logo":{"@type":"ImageObject","inLanguage":"es","@id":"https:\/\/www.asemer.ro\/#\/schema\/logo\/image\/","url":"https:\/\/www.asemer.ro\/wp-content\/uploads\/2020\/12\/logo-ASEMER-scaled.jpg","contentUrl":"https:\/\/www.asemer.ro\/wp-content\/uploads\/2020\/12\/logo-ASEMER-scaled.jpg","width":2560,"height":849,"caption":"ASEMER"},"image":{"@id":"https:\/\/www.asemer.ro\/#\/schema\/logo\/image\/"},"sameAs":["https:\/\/www.facebook.com\/asociacionasemer","https:\/\/x.com\/asemer_rumania","https:\/\/ro.linkedin.com\/in\/asemer-asociaci\u00f3n-empresas-espa\u00f1olas-en-ruman\u00eda-724772a6?trk=author_mini-profile_title","https:\/\/www.youtube.com\/channel\/UC73m8-BDsg857OL0Ogv5aQA\/videos"]},{"@type":"Person","@id":"https:\/\/www.asemer.ro\/#\/schema\/person\/36de47e444c0f1a7b737a035d40519f9","name":"Admin Asemer","image":{"@type":"ImageObject","inLanguage":"es","@id":"https:\/\/secure.gravatar.com\/avatar\/b64873d65b5be684e01a001c464789c445a7279ef3f177f5fbff5d83eb373299?s=96&d=mm&r=g","url":"https:\/\/secure.gravatar.com\/avatar\/b64873d65b5be684e01a001c464789c445a7279ef3f177f5fbff5d83eb373299?s=96&d=mm&r=g","contentUrl":"https:\/\/secure.gravatar.com\/avatar\/b64873d65b5be684e01a001c464789c445a7279ef3f177f5fbff5d83eb373299?s=96&d=mm&r=g","caption":"Admin Asemer"},"url":"https:\/\/www.asemer.ro\/index.php\/author\/admin\/"}]}},"_links":{"self":[{"href":"https:\/\/www.asemer.ro\/index.php\/wp-json\/wp\/v2\/posts\/9059","targetHints":{"allow":["GET"]}}],"collection":[{"href":"https:\/\/www.asemer.ro\/index.php\/wp-json\/wp\/v2\/posts"}],"about":[{"href":"https:\/\/www.asemer.ro\/index.php\/wp-json\/wp\/v2\/types\/post"}],"author":[{"embeddable":true,"href":"https:\/\/www.asemer.ro\/index.php\/wp-json\/wp\/v2\/users\/3"}],"replies":[{"embeddable":true,"href":"https:\/\/www.asemer.ro\/index.php\/wp-json\/wp\/v2\/comments?post=9059"}],"version-history":[{"count":1,"href":"https:\/\/www.asemer.ro\/index.php\/wp-json\/wp\/v2\/posts\/9059\/revisions"}],"predecessor-version":[{"id":9062,"href":"https:\/\/www.asemer.ro\/index.php\/wp-json\/wp\/v2\/posts\/9059\/revisions\/9062"}],"wp:attachment":[{"href":"https:\/\/www.asemer.ro\/index.php\/wp-json\/wp\/v2\/media?parent=9059"}],"wp:term":[{"taxonomy":"category","embeddable":true,"href":"https:\/\/www.asemer.ro\/index.php\/wp-json\/wp\/v2\/categories?post=9059"},{"taxonomy":"post_tag","embeddable":true,"href":"https:\/\/www.asemer.ro\/index.php\/wp-json\/wp\/v2\/tags?post=9059"}],"curies":[{"name":"wp","href":"https:\/\/api.w.org\/{rel}","templated":true}]}}