{"id":9092,"date":"2023-11-27T15:14:51","date_gmt":"2023-11-27T13:14:51","guid":{"rendered":"https:\/\/www.asemer.ro\/?p=9092"},"modified":"2023-11-27T15:15:01","modified_gmt":"2023-11-27T13:15:01","slug":"noticias-ibericas-22","status":"publish","type":"post","link":"https:\/\/www.asemer.ro\/index.php\/2023\/11\/27\/noticias-ibericas-22\/","title":{"rendered":"nOTICIAS IB\u00c9RICAS"},"content":{"rendered":"\n<figure class=\"wp-block-image size-large\"><img loading=\"lazy\" decoding=\"async\" width=\"1024\" height=\"410\" src=\"https:\/\/www.asemer.ro\/wp-content\/uploads\/2023\/11\/1.Marina-1024x410.png\" alt=\"\" class=\"wp-image-9093\" srcset=\"https:\/\/www.asemer.ro\/wp-content\/uploads\/2023\/11\/1.Marina-1024x410.png 1024w, https:\/\/www.asemer.ro\/wp-content\/uploads\/2023\/11\/1.Marina-300x120.png 300w, https:\/\/www.asemer.ro\/wp-content\/uploads\/2023\/11\/1.Marina-768x308.png 768w, https:\/\/www.asemer.ro\/wp-content\/uploads\/2023\/11\/1.Marina-720x288.png 720w, https:\/\/www.asemer.ro\/wp-content\/uploads\/2023\/11\/1.Marina.png 1505w\" sizes=\"auto, (max-width: 1024px) 100vw, 1024px\" \/><\/figure>\n\n\n\n<figure class=\"wp-block-image size-large\"><img loading=\"lazy\" decoding=\"async\" width=\"1024\" height=\"676\" src=\"https:\/\/www.asemer.ro\/wp-content\/uploads\/2023\/11\/2.Marina-1024x676.png\" alt=\"\" class=\"wp-image-9094\" srcset=\"https:\/\/www.asemer.ro\/wp-content\/uploads\/2023\/11\/2.Marina-1024x676.png 1024w, https:\/\/www.asemer.ro\/wp-content\/uploads\/2023\/11\/2.Marina-300x198.png 300w, https:\/\/www.asemer.ro\/wp-content\/uploads\/2023\/11\/2.Marina-768x507.png 768w, https:\/\/www.asemer.ro\/wp-content\/uploads\/2023\/11\/2.Marina-720x475.png 720w, https:\/\/www.asemer.ro\/wp-content\/uploads\/2023\/11\/2.Marina.png 1209w\" sizes=\"auto, (max-width: 1024px) 100vw, 1024px\" \/><\/figure>\n\n\n\n<p>Portugal produced more than enough renewable power to serve all its customers for <a href=\"https:\/\/www.ren.pt\/en-gb\/media\/news\/renewable-energy-production-sets-new-records\" target=\"_blank\" rel=\"noreferrer noopener\">six straight days<\/a>, from October 31 to November 6, Canary Media reports.<\/p>\n\n\n\n<p>\u201cThe gas plants were there, waiting to dispatch energy, should it be needed. It was not, because the wind was blowing; it was raining a lot,\u201d said Hugo Costa, who oversees Portugal for EDP Renewables, the renewables arm of the state utility, which was <a href=\"https:\/\/ec.europa.eu\/economy_finance\/publications\/occasional_paper\/2012\/pdf\/ocp95_en.pdf\" target=\"_blank\" rel=\"noreferrer noopener\">privatized in 2012<\/a>. \u201cAnd we were producing with a positive impact to the consumers because the prices have dropped dramatically, almost to zero.\u201d<\/p>\n\n\n\n<p>To hit Paris agreement climate goals by 2050, nations need to run their grids without carbon emissions not just for three or six days, but year-round, Canary Media <a href=\"https:\/\/www.canarymedia.com\/articles\/clean-energy\/portugal-just-ran-on-100-renewables-for-six-days-in-a-row\">writes<\/a>, in a post republished via the <a href=\"https:\/\/coveringclimatenow.org\/\">Covering Climate Now<\/a> news collaborative. A handful of countries already do this, thanks to generous endowments of hydropower, largely developed well before the climate crisis drove investment decisions for power plants. Others score highly on carbon-free power thanks to big fleets of nuclear plants.<\/p>\n\n\n\n<p>Portugal falls into a different, more relatable bucket: It started its decarbonization journey with some legacy hydropower, but no nuclear capacity nor plans to build any. That meant it had to figure out how to cut fossil fuel use by maximizing new renewables.<\/p>\n\n\n\n<p>How did Portugal make this happen? It committed to building renewables early and often, pledging a 2050 deadline for net-zero carbon emissions <a href=\"https:\/\/unfccc.int\/sites\/default\/files\/resource\/RNC2050_EN_PT%20Long%20Term%20Strategy.pdf\" target=\"_blank\" rel=\"noreferrer noopener\">in 2016<\/a>, several years before the European Union as a whole found the conviction to <a href=\"https:\/\/www.france24.com\/en\/20191213-european-union-brussels-carbon-neutral-green-deal-2050-poland-climate-change\" target=\"_blank\" rel=\"noreferrer noopener\">take that step<\/a>. Portugal\u2019s last coal plants shut down in 2022, leaving (imported) fossil gas as the backstop for on-demand power.<\/p>\n\n\n\n<p>Read more: <\/p>\n\n\n\n<figure class=\"wp-block-embed is-type-wp-embed is-provider-the-energy-mix wp-block-embed-the-energy-mix\"><div class=\"wp-block-embed__wrapper\">\n<blockquote class=\"wp-embedded-content\" data-secret=\"xnl3zIwqIR\"><a href=\"https:\/\/www.theenergymix.com\/2023\/11\/23\/portugal-runs-all-renewable-grid-for-6-days-straight\/\">Portugal Runs All-Renewable Grid for 6 Days Straight<\/a><\/blockquote><iframe loading=\"lazy\" class=\"wp-embedded-content\" sandbox=\"allow-scripts\" security=\"restricted\" style=\"position: absolute; clip: rect(1px, 1px, 1px, 1px);\" title=\"&#8220;Portugal Runs All-Renewable Grid for 6 Days Straight&#8221; &#8212; The Energy Mix\" src=\"https:\/\/www.theenergymix.com\/2023\/11\/23\/portugal-runs-all-renewable-grid-for-6-days-straight\/embed\/#?secret=UCrxbN2XZH#?secret=xnl3zIwqIR\" data-secret=\"xnl3zIwqIR\" width=\"600\" height=\"338\" frameborder=\"0\" marginwidth=\"0\" marginheight=\"0\" scrolling=\"no\"><\/iframe>\n<\/div><\/figure>\n\n\n\n<p><\/p>\n","protected":false},"excerpt":{"rendered":"<p>Portugal produced more than enough renewable power to serve all its customers for six straight days, from October 31 to [&hellip;]<\/p>\n","protected":false},"author":3,"featured_media":0,"comment_status":"open","ping_status":"open","sticky":false,"template":"","format":"standard","meta":{"footnotes":""},"categories":[1],"tags":[],"class_list":["post-9092","post","type-post","status-publish","format-standard","hentry","category-uncategorized"],"yoast_head":"<!-- This site is optimized with the Yoast SEO plugin v27.5 - https:\/\/yoast.com\/product\/yoast-seo-wordpress\/ -->\n<title>nOTICIAS IB\u00c9RICAS - ASEMER<\/title>\n<meta name=\"robots\" content=\"index, follow, max-snippet:-1, max-image-preview:large, max-video-preview:-1\" \/>\n<link rel=\"canonical\" href=\"https:\/\/www.asemer.ro\/index.php\/2023\/11\/27\/noticias-ibericas-22\/\" \/>\n<meta property=\"og:locale\" content=\"es_ES\" \/>\n<meta property=\"og:type\" content=\"article\" \/>\n<meta property=\"og:title\" content=\"nOTICIAS IB\u00c9RICAS - ASEMER\" \/>\n<meta property=\"og:description\" content=\"Portugal produced more than enough renewable power to serve all its customers for six straight days, from October 31 to [&hellip;]\" \/>\n<meta property=\"og:url\" content=\"https:\/\/www.asemer.ro\/index.php\/2023\/11\/27\/noticias-ibericas-22\/\" \/>\n<meta property=\"og:site_name\" content=\"ASEMER\" \/>\n<meta property=\"article:publisher\" content=\"https:\/\/www.facebook.com\/asociacionasemer\" \/>\n<meta property=\"article:published_time\" content=\"2023-11-27T13:14:51+00:00\" \/>\n<meta property=\"article:modified_time\" content=\"2023-11-27T13:15:01+00:00\" \/>\n<meta property=\"og:image\" content=\"https:\/\/www.asemer.ro\/wp-content\/uploads\/2023\/11\/1.Marina-1024x410.png\" \/>\n<meta name=\"author\" content=\"Admin Asemer\" \/>\n<meta name=\"twitter:card\" content=\"summary_large_image\" \/>\n<meta name=\"twitter:creator\" content=\"@asemer_rumania\" \/>\n<meta name=\"twitter:site\" content=\"@asemer_rumania\" \/>\n<meta name=\"twitter:label1\" content=\"Escrito por\" \/>\n\t<meta name=\"twitter:data1\" content=\"Admin Asemer\" \/>\n\t<meta name=\"twitter:label2\" content=\"Tiempo de lectura\" \/>\n\t<meta name=\"twitter:data2\" content=\"2 minutos\" \/>\n<script type=\"application\/ld+json\" class=\"yoast-schema-graph\">{\"@context\":\"https:\\\/\\\/schema.org\",\"@graph\":[{\"@type\":\"Article\",\"@id\":\"https:\\\/\\\/www.asemer.ro\\\/index.php\\\/2023\\\/11\\\/27\\\/noticias-ibericas-22\\\/#article\",\"isPartOf\":{\"@id\":\"https:\\\/\\\/www.asemer.ro\\\/index.php\\\/2023\\\/11\\\/27\\\/noticias-ibericas-22\\\/\"},\"author\":{\"name\":\"Admin Asemer\",\"@id\":\"https:\\\/\\\/www.asemer.ro\\\/#\\\/schema\\\/person\\\/36de47e444c0f1a7b737a035d40519f9\"},\"headline\":\"nOTICIAS IB\u00c9RICAS\",\"datePublished\":\"2023-11-27T13:14:51+00:00\",\"dateModified\":\"2023-11-27T13:15:01+00:00\",\"mainEntityOfPage\":{\"@id\":\"https:\\\/\\\/www.asemer.ro\\\/index.php\\\/2023\\\/11\\\/27\\\/noticias-ibericas-22\\\/\"},\"wordCount\":287,\"commentCount\":0,\"publisher\":{\"@id\":\"https:\\\/\\\/www.asemer.ro\\\/#organization\"},\"image\":{\"@id\":\"https:\\\/\\\/www.asemer.ro\\\/index.php\\\/2023\\\/11\\\/27\\\/noticias-ibericas-22\\\/#primaryimage\"},\"thumbnailUrl\":\"https:\\\/\\\/www.asemer.ro\\\/wp-content\\\/uploads\\\/2023\\\/11\\\/1.Marina-1024x410.png\",\"articleSection\":[\"Uncategorized\"],\"inLanguage\":\"es\",\"potentialAction\":[{\"@type\":\"CommentAction\",\"name\":\"Comment\",\"target\":[\"https:\\\/\\\/www.asemer.ro\\\/index.php\\\/2023\\\/11\\\/27\\\/noticias-ibericas-22\\\/#respond\"]}]},{\"@type\":\"WebPage\",\"@id\":\"https:\\\/\\\/www.asemer.ro\\\/index.php\\\/2023\\\/11\\\/27\\\/noticias-ibericas-22\\\/\",\"url\":\"https:\\\/\\\/www.asemer.ro\\\/index.php\\\/2023\\\/11\\\/27\\\/noticias-ibericas-22\\\/\",\"name\":\"nOTICIAS IB\u00c9RICAS - ASEMER\",\"isPartOf\":{\"@id\":\"https:\\\/\\\/www.asemer.ro\\\/#website\"},\"primaryImageOfPage\":{\"@id\":\"https:\\\/\\\/www.asemer.ro\\\/index.php\\\/2023\\\/11\\\/27\\\/noticias-ibericas-22\\\/#primaryimage\"},\"image\":{\"@id\":\"https:\\\/\\\/www.asemer.ro\\\/index.php\\\/2023\\\/11\\\/27\\\/noticias-ibericas-22\\\/#primaryimage\"},\"thumbnailUrl\":\"https:\\\/\\\/www.asemer.ro\\\/wp-content\\\/uploads\\\/2023\\\/11\\\/1.Marina-1024x410.png\",\"datePublished\":\"2023-11-27T13:14:51+00:00\",\"dateModified\":\"2023-11-27T13:15:01+00:00\",\"breadcrumb\":{\"@id\":\"https:\\\/\\\/www.asemer.ro\\\/index.php\\\/2023\\\/11\\\/27\\\/noticias-ibericas-22\\\/#breadcrumb\"},\"inLanguage\":\"es\",\"potentialAction\":[{\"@type\":\"ReadAction\",\"target\":[\"https:\\\/\\\/www.asemer.ro\\\/index.php\\\/2023\\\/11\\\/27\\\/noticias-ibericas-22\\\/\"]}]},{\"@type\":\"ImageObject\",\"inLanguage\":\"es\",\"@id\":\"https:\\\/\\\/www.asemer.ro\\\/index.php\\\/2023\\\/11\\\/27\\\/noticias-ibericas-22\\\/#primaryimage\",\"url\":\"https:\\\/\\\/www.asemer.ro\\\/wp-content\\\/uploads\\\/2023\\\/11\\\/1.Marina.png\",\"contentUrl\":\"https:\\\/\\\/www.asemer.ro\\\/wp-content\\\/uploads\\\/2023\\\/11\\\/1.Marina.png\",\"width\":1505,\"height\":603},{\"@type\":\"BreadcrumbList\",\"@id\":\"https:\\\/\\\/www.asemer.ro\\\/index.php\\\/2023\\\/11\\\/27\\\/noticias-ibericas-22\\\/#breadcrumb\",\"itemListElement\":[{\"@type\":\"ListItem\",\"position\":1,\"name\":\"Home\",\"item\":\"https:\\\/\\\/www.asemer.ro\\\/\"},{\"@type\":\"ListItem\",\"position\":2,\"name\":\"nOTICIAS IB\u00c9RICAS\"}]},{\"@type\":\"WebSite\",\"@id\":\"https:\\\/\\\/www.asemer.ro\\\/#website\",\"url\":\"https:\\\/\\\/www.asemer.ro\\\/\",\"name\":\"ASEMER\",\"description\":\"Asociaci\u00f3n de Empresas Espa\u00f1olas en Ruman\u00eda\",\"publisher\":{\"@id\":\"https:\\\/\\\/www.asemer.ro\\\/#organization\"},\"potentialAction\":[{\"@type\":\"SearchAction\",\"target\":{\"@type\":\"EntryPoint\",\"urlTemplate\":\"https:\\\/\\\/www.asemer.ro\\\/?s={search_term_string}\"},\"query-input\":{\"@type\":\"PropertyValueSpecification\",\"valueRequired\":true,\"valueName\":\"search_term_string\"}}],\"inLanguage\":\"es\"},{\"@type\":\"Organization\",\"@id\":\"https:\\\/\\\/www.asemer.ro\\\/#organization\",\"name\":\"ASEMER\",\"url\":\"https:\\\/\\\/www.asemer.ro\\\/\",\"logo\":{\"@type\":\"ImageObject\",\"inLanguage\":\"es\",\"@id\":\"https:\\\/\\\/www.asemer.ro\\\/#\\\/schema\\\/logo\\\/image\\\/\",\"url\":\"https:\\\/\\\/www.asemer.ro\\\/wp-content\\\/uploads\\\/2020\\\/12\\\/logo-ASEMER-scaled.jpg\",\"contentUrl\":\"https:\\\/\\\/www.asemer.ro\\\/wp-content\\\/uploads\\\/2020\\\/12\\\/logo-ASEMER-scaled.jpg\",\"width\":2560,\"height\":849,\"caption\":\"ASEMER\"},\"image\":{\"@id\":\"https:\\\/\\\/www.asemer.ro\\\/#\\\/schema\\\/logo\\\/image\\\/\"},\"sameAs\":[\"https:\\\/\\\/www.facebook.com\\\/asociacionasemer\",\"https:\\\/\\\/x.com\\\/asemer_rumania\",\"https:\\\/\\\/ro.linkedin.com\\\/in\\\/asemer-asociaci\u00f3n-empresas-espa\u00f1olas-en-ruman\u00eda-724772a6?trk=author_mini-profile_title\",\"https:\\\/\\\/www.youtube.com\\\/channel\\\/UC73m8-BDsg857OL0Ogv5aQA\\\/videos\"]},{\"@type\":\"Person\",\"@id\":\"https:\\\/\\\/www.asemer.ro\\\/#\\\/schema\\\/person\\\/36de47e444c0f1a7b737a035d40519f9\",\"name\":\"Admin Asemer\",\"image\":{\"@type\":\"ImageObject\",\"inLanguage\":\"es\",\"@id\":\"https:\\\/\\\/secure.gravatar.com\\\/avatar\\\/b64873d65b5be684e01a001c464789c445a7279ef3f177f5fbff5d83eb373299?s=96&d=mm&r=g\",\"url\":\"https:\\\/\\\/secure.gravatar.com\\\/avatar\\\/b64873d65b5be684e01a001c464789c445a7279ef3f177f5fbff5d83eb373299?s=96&d=mm&r=g\",\"contentUrl\":\"https:\\\/\\\/secure.gravatar.com\\\/avatar\\\/b64873d65b5be684e01a001c464789c445a7279ef3f177f5fbff5d83eb373299?s=96&d=mm&r=g\",\"caption\":\"Admin Asemer\"},\"url\":\"https:\\\/\\\/www.asemer.ro\\\/index.php\\\/author\\\/admin\\\/\"}]}<\/script>\n<!-- \/ Yoast SEO plugin. -->","yoast_head_json":{"title":"nOTICIAS IB\u00c9RICAS - ASEMER","robots":{"index":"index","follow":"follow","max-snippet":"max-snippet:-1","max-image-preview":"max-image-preview:large","max-video-preview":"max-video-preview:-1"},"canonical":"https:\/\/www.asemer.ro\/index.php\/2023\/11\/27\/noticias-ibericas-22\/","og_locale":"es_ES","og_type":"article","og_title":"nOTICIAS IB\u00c9RICAS - ASEMER","og_description":"Portugal produced more than enough renewable power to serve all its customers for six straight days, from October 31 to [&hellip;]","og_url":"https:\/\/www.asemer.ro\/index.php\/2023\/11\/27\/noticias-ibericas-22\/","og_site_name":"ASEMER","article_publisher":"https:\/\/www.facebook.com\/asociacionasemer","article_published_time":"2023-11-27T13:14:51+00:00","article_modified_time":"2023-11-27T13:15:01+00:00","og_image":[{"url":"https:\/\/www.asemer.ro\/wp-content\/uploads\/2023\/11\/1.Marina-1024x410.png","type":"","width":"","height":""}],"author":"Admin Asemer","twitter_card":"summary_large_image","twitter_creator":"@asemer_rumania","twitter_site":"@asemer_rumania","twitter_misc":{"Escrito por":"Admin Asemer","Tiempo de lectura":"2 minutos"},"schema":{"@context":"https:\/\/schema.org","@graph":[{"@type":"Article","@id":"https:\/\/www.asemer.ro\/index.php\/2023\/11\/27\/noticias-ibericas-22\/#article","isPartOf":{"@id":"https:\/\/www.asemer.ro\/index.php\/2023\/11\/27\/noticias-ibericas-22\/"},"author":{"name":"Admin Asemer","@id":"https:\/\/www.asemer.ro\/#\/schema\/person\/36de47e444c0f1a7b737a035d40519f9"},"headline":"nOTICIAS IB\u00c9RICAS","datePublished":"2023-11-27T13:14:51+00:00","dateModified":"2023-11-27T13:15:01+00:00","mainEntityOfPage":{"@id":"https:\/\/www.asemer.ro\/index.php\/2023\/11\/27\/noticias-ibericas-22\/"},"wordCount":287,"commentCount":0,"publisher":{"@id":"https:\/\/www.asemer.ro\/#organization"},"image":{"@id":"https:\/\/www.asemer.ro\/index.php\/2023\/11\/27\/noticias-ibericas-22\/#primaryimage"},"thumbnailUrl":"https:\/\/www.asemer.ro\/wp-content\/uploads\/2023\/11\/1.Marina-1024x410.png","articleSection":["Uncategorized"],"inLanguage":"es","potentialAction":[{"@type":"CommentAction","name":"Comment","target":["https:\/\/www.asemer.ro\/index.php\/2023\/11\/27\/noticias-ibericas-22\/#respond"]}]},{"@type":"WebPage","@id":"https:\/\/www.asemer.ro\/index.php\/2023\/11\/27\/noticias-ibericas-22\/","url":"https:\/\/www.asemer.ro\/index.php\/2023\/11\/27\/noticias-ibericas-22\/","name":"nOTICIAS IB\u00c9RICAS - ASEMER","isPartOf":{"@id":"https:\/\/www.asemer.ro\/#website"},"primaryImageOfPage":{"@id":"https:\/\/www.asemer.ro\/index.php\/2023\/11\/27\/noticias-ibericas-22\/#primaryimage"},"image":{"@id":"https:\/\/www.asemer.ro\/index.php\/2023\/11\/27\/noticias-ibericas-22\/#primaryimage"},"thumbnailUrl":"https:\/\/www.asemer.ro\/wp-content\/uploads\/2023\/11\/1.Marina-1024x410.png","datePublished":"2023-11-27T13:14:51+00:00","dateModified":"2023-11-27T13:15:01+00:00","breadcrumb":{"@id":"https:\/\/www.asemer.ro\/index.php\/2023\/11\/27\/noticias-ibericas-22\/#breadcrumb"},"inLanguage":"es","potentialAction":[{"@type":"ReadAction","target":["https:\/\/www.asemer.ro\/index.php\/2023\/11\/27\/noticias-ibericas-22\/"]}]},{"@type":"ImageObject","inLanguage":"es","@id":"https:\/\/www.asemer.ro\/index.php\/2023\/11\/27\/noticias-ibericas-22\/#primaryimage","url":"https:\/\/www.asemer.ro\/wp-content\/uploads\/2023\/11\/1.Marina.png","contentUrl":"https:\/\/www.asemer.ro\/wp-content\/uploads\/2023\/11\/1.Marina.png","width":1505,"height":603},{"@type":"BreadcrumbList","@id":"https:\/\/www.asemer.ro\/index.php\/2023\/11\/27\/noticias-ibericas-22\/#breadcrumb","itemListElement":[{"@type":"ListItem","position":1,"name":"Home","item":"https:\/\/www.asemer.ro\/"},{"@type":"ListItem","position":2,"name":"nOTICIAS IB\u00c9RICAS"}]},{"@type":"WebSite","@id":"https:\/\/www.asemer.ro\/#website","url":"https:\/\/www.asemer.ro\/","name":"ASEMER","description":"Asociaci\u00f3n de Empresas Espa\u00f1olas en Ruman\u00eda","publisher":{"@id":"https:\/\/www.asemer.ro\/#organization"},"potentialAction":[{"@type":"SearchAction","target":{"@type":"EntryPoint","urlTemplate":"https:\/\/www.asemer.ro\/?s={search_term_string}"},"query-input":{"@type":"PropertyValueSpecification","valueRequired":true,"valueName":"search_term_string"}}],"inLanguage":"es"},{"@type":"Organization","@id":"https:\/\/www.asemer.ro\/#organization","name":"ASEMER","url":"https:\/\/www.asemer.ro\/","logo":{"@type":"ImageObject","inLanguage":"es","@id":"https:\/\/www.asemer.ro\/#\/schema\/logo\/image\/","url":"https:\/\/www.asemer.ro\/wp-content\/uploads\/2020\/12\/logo-ASEMER-scaled.jpg","contentUrl":"https:\/\/www.asemer.ro\/wp-content\/uploads\/2020\/12\/logo-ASEMER-scaled.jpg","width":2560,"height":849,"caption":"ASEMER"},"image":{"@id":"https:\/\/www.asemer.ro\/#\/schema\/logo\/image\/"},"sameAs":["https:\/\/www.facebook.com\/asociacionasemer","https:\/\/x.com\/asemer_rumania","https:\/\/ro.linkedin.com\/in\/asemer-asociaci\u00f3n-empresas-espa\u00f1olas-en-ruman\u00eda-724772a6?trk=author_mini-profile_title","https:\/\/www.youtube.com\/channel\/UC73m8-BDsg857OL0Ogv5aQA\/videos"]},{"@type":"Person","@id":"https:\/\/www.asemer.ro\/#\/schema\/person\/36de47e444c0f1a7b737a035d40519f9","name":"Admin Asemer","image":{"@type":"ImageObject","inLanguage":"es","@id":"https:\/\/secure.gravatar.com\/avatar\/b64873d65b5be684e01a001c464789c445a7279ef3f177f5fbff5d83eb373299?s=96&d=mm&r=g","url":"https:\/\/secure.gravatar.com\/avatar\/b64873d65b5be684e01a001c464789c445a7279ef3f177f5fbff5d83eb373299?s=96&d=mm&r=g","contentUrl":"https:\/\/secure.gravatar.com\/avatar\/b64873d65b5be684e01a001c464789c445a7279ef3f177f5fbff5d83eb373299?s=96&d=mm&r=g","caption":"Admin Asemer"},"url":"https:\/\/www.asemer.ro\/index.php\/author\/admin\/"}]}},"_links":{"self":[{"href":"https:\/\/www.asemer.ro\/index.php\/wp-json\/wp\/v2\/posts\/9092","targetHints":{"allow":["GET"]}}],"collection":[{"href":"https:\/\/www.asemer.ro\/index.php\/wp-json\/wp\/v2\/posts"}],"about":[{"href":"https:\/\/www.asemer.ro\/index.php\/wp-json\/wp\/v2\/types\/post"}],"author":[{"embeddable":true,"href":"https:\/\/www.asemer.ro\/index.php\/wp-json\/wp\/v2\/users\/3"}],"replies":[{"embeddable":true,"href":"https:\/\/www.asemer.ro\/index.php\/wp-json\/wp\/v2\/comments?post=9092"}],"version-history":[{"count":1,"href":"https:\/\/www.asemer.ro\/index.php\/wp-json\/wp\/v2\/posts\/9092\/revisions"}],"predecessor-version":[{"id":9095,"href":"https:\/\/www.asemer.ro\/index.php\/wp-json\/wp\/v2\/posts\/9092\/revisions\/9095"}],"wp:attachment":[{"href":"https:\/\/www.asemer.ro\/index.php\/wp-json\/wp\/v2\/media?parent=9092"}],"wp:term":[{"taxonomy":"category","embeddable":true,"href":"https:\/\/www.asemer.ro\/index.php\/wp-json\/wp\/v2\/categories?post=9092"},{"taxonomy":"post_tag","embeddable":true,"href":"https:\/\/www.asemer.ro\/index.php\/wp-json\/wp\/v2\/tags?post=9092"}],"curies":[{"name":"wp","href":"https:\/\/api.w.org\/{rel}","templated":true}]}}