{"id":9135,"date":"2023-11-29T15:09:56","date_gmt":"2023-11-29T13:09:56","guid":{"rendered":"https:\/\/www.asemer.ro\/?p=9135"},"modified":"2023-11-29T15:10:05","modified_gmt":"2023-11-29T13:10:05","slug":"gabriel-petrescu-managing-partner","status":"publish","type":"post","link":"https:\/\/www.asemer.ro\/index.php\/2023\/11\/29\/gabriel-petrescu-managing-partner\/","title":{"rendered":"Gabriel PETRESCU, Managing Partner"},"content":{"rendered":"\n<figure class=\"wp-block-image size-large\"><img loading=\"lazy\" decoding=\"async\" width=\"1024\" height=\"343\" src=\"https:\/\/www.asemer.ro\/wp-content\/uploads\/2023\/11\/Evos-2-1024x343.png\" alt=\"\" class=\"wp-image-9137\" srcset=\"https:\/\/www.asemer.ro\/wp-content\/uploads\/2023\/11\/Evos-2-1024x343.png 1024w, https:\/\/www.asemer.ro\/wp-content\/uploads\/2023\/11\/Evos-2-300x100.png 300w, https:\/\/www.asemer.ro\/wp-content\/uploads\/2023\/11\/Evos-2-768x257.png 768w, https:\/\/www.asemer.ro\/wp-content\/uploads\/2023\/11\/Evos-2-720x241.png 720w, https:\/\/www.asemer.ro\/wp-content\/uploads\/2023\/11\/Evos-2.png 1150w\" sizes=\"auto, (max-width: 1024px) 100vw, 1024px\" \/><\/figure>\n\n\n\n<p>1. \u00bfPodr\u00eda decirnos su nombre, apellidos y presentarnos a su empresa?<\/p>\n\n\n\n<p>Mi nombre es Gabriel Petrescu y soy fundador y socio director de la empresa de consultor\u00eda EVOS Innovation, Director de Serendipity de OrgXO.com. Junto con mis socios de EVOS, en 2023 lanzamos OrgXO.com, una herramienta SaaS (Software como Servicio) para el An\u00e1lisis de Redes Organizacionales. OrgXO viene al rescate de l\u00edderes y consultores para comprender mejor a las organizaciones, como funcionan en  realidad, m\u00e1s all\u00e1 de jerarqu\u00edas y procesos de trabajo formales.<\/p>\n\n\n\n<p>2. \u00bfPodr\u00eda decirnos algunas palabras sobre usted, sobre su experiencia profesional?<\/p>\n\n\n<div class=\"wp-block-image\">\n<figure class=\"alignleft size-full is-resized\"><img loading=\"lazy\" decoding=\"async\" width=\"496\" height=\"523\" src=\"https:\/\/www.asemer.ro\/wp-content\/uploads\/2023\/11\/Evos-3.png\" alt=\"\" class=\"wp-image-9138\" style=\"aspect-ratio:0.9483747609942639;width:496px;height:auto\" srcset=\"https:\/\/www.asemer.ro\/wp-content\/uploads\/2023\/11\/Evos-3.png 496w, https:\/\/www.asemer.ro\/wp-content\/uploads\/2023\/11\/Evos-3-285x300.png 285w\" sizes=\"auto, (max-width: 496px) 100vw, 496px\" \/><\/figure>\n<\/div>\n\n\n<p>Dirig\u00ed la Fundaci\u00f3n para una Sociedad Abierta (Soros) durante 20 a\u00f1os, de 1997 a 2017, como Director Ejecutivo. Antes de eso, desde 1991 y hasta 1997 coordin\u00e9 proyectos de colaboraci\u00f3n europea entre universidades de Rumania y de la Uni\u00f3n Europea, dentro del Programa Tempus financiado por la Comisi\u00f3n Europeo. Ambas experiencias tuvieron como denominador proyectos complejos compartidos que involucraban redes de universidades, ONG, destacados expertos en los campos de su actividad y participantes de m\u00faltiples pa\u00edses con una diversidad muy educativa y cultural.<\/p>\n\n\n\n<p>3. \u00bfCu\u00e1ndo y por qu\u00e9 inici\u00f3 su proyecto? \u00bfQu\u00e9 le motiv\u00f3 a empezar este negocio?<\/p>\n\n\n\n<p>Empec\u00e9 la actividad empresarial relativamente tarde, en paralelo al cierre de la Fundaci\u00f3n, durante m\u00e1s de 20 a\u00f1os, he contribuido con mis colegas a construir una sociedad abierta en Rumania. Aunque el Sr. George Soros consider\u00f3 que hab\u00eda cumplido su misi\u00f3n en los pa\u00edses que hemos entrado en la UE, en Ruman\u00eda, como en muchos otros pa\u00edses, todav\u00eda tenemos mucho que hacer para poder hablar de una sociedad abierta. M\u00e1s en broma, m\u00e1s en serio, entre nosotros la sociedad de alguna manera se ha mantenido, \u00ababierta\u00bb &#8211; para citar la respuesta de un candidato al que se le pregunt\u00f3 si en Rumania tenemos o no una sociedad abierta.<\/p>\n\n\n\n<p>Fundamos EVOS Innovation, una empresa de consultor\u00eda y formaci\u00f3n, para contribuir a Continuar desarrollando el capital humano y social, apoy\u00e1ndose en la experiencia acumulada en mapeo, capital relacional utilizando el An\u00e1lisis de Redes Organizacionales. Ten\u00eda dos de mis colegas conmigo, de la Fundaci\u00f3n, Andrei Ianu\u0219co y Corina \u0218tefan. Posteriormente se sumaron al equipo dos socios m\u00e1s, Cezar Petrescu y Bogdan Rugin\u0103.<\/p>\n\n\n\n<p>Desde 2008-2010, nos propusimos mapear los flujos de emigrantes rumanos que han ido a pa\u00edses occidentales en nuestro intento de transformar la experiencia de la emigraci\u00f3n en una que sea m\u00e1s eficiente desde el punto de vista del emigrante rumano, por lo tanto para que ya no sea ni explotado y ni enga\u00f1ado por todo tipo de intermediarios.<\/p>\n\n\n\n<p>Fue entonces cuando empezamos a usar por primera vez una serie de SNA \u2013 software de An\u00e1lisis de Redes Sociales en nuestro intento de mapear a los emigrantes rumanos. Un intento que result\u00f3 ser un fracaso casi total, pero del que tengo  mucho que aprender. En 2015 comenzamos a vender los primeros servicios de An\u00e1lisis Red Organizacional a clientes empresariales y logramos vender nuestro primer proyecto de este tipo para una empresa que en ese momento s\u00f3lo contaba con 60 personas. Desde entonces hasta ahora rehicimos el an\u00e1lisis 7 veces, pasando la organizaci\u00f3n por varias etapas de transformaci\u00f3n, incluida una fusi\u00f3n exitosa, realiz\u00e1ndose el \u00faltimo an\u00e1lisis en junio de 2023.<\/p>\n\n\n\n<p>4. \u00bfPuede describir su empresa? \u00bfCu\u00e1l es la actividad principal, en qu\u00e9 \u00bfQu\u00e9 se diferencia de la competencia y a qu\u00e9 tipo de cliente se dirige? <\/p>\n\n\n<div class=\"wp-block-image\">\n<figure class=\"alignleft size-full is-resized\"><img loading=\"lazy\" decoding=\"async\" width=\"661\" height=\"439\" src=\"https:\/\/www.asemer.ro\/wp-content\/uploads\/2023\/11\/Evos-4.png\" alt=\"\" class=\"wp-image-9139\" style=\"aspect-ratio:1.5056947608200455;width:471px;height:auto\" srcset=\"https:\/\/www.asemer.ro\/wp-content\/uploads\/2023\/11\/Evos-4.png 661w, https:\/\/www.asemer.ro\/wp-content\/uploads\/2023\/11\/Evos-4-300x199.png 300w, https:\/\/www.asemer.ro\/wp-content\/uploads\/2023\/11\/Evos-4-391x260.png 391w, https:\/\/www.asemer.ro\/wp-content\/uploads\/2023\/11\/Evos-4-272x182.png 272w\" sizes=\"auto, (max-width: 661px) 100vw, 661px\" \/><\/figure>\n<\/div>\n\n\n<p>Project OrgXO es una herramienta SaaS \u00fanica para el an\u00e1lisis de redes organizacionales que fue dise\u00f1ado para transformar la forma en que los l\u00edderes y consultores entienden y interactuar con las estructuras organizacionales.<\/p>\n\n\n\n<p>Digo que es \u00fanico porque, para a diferencia de otras soluciones existentes en el mercado internacional, OrgXO se especializa en simplificar el acceso a an\u00e1lisis avanzado de redes organizacionales, al hacerlo accesible a un p\u00fablico m\u00e1s amplio, sin necesidad de poseer algunos conocimientos t\u00e9cnicos especializados. As\u00ed, abordamos un espectro extendido por los clientes, desde gerentes de recursos humanos y l\u00edderes empresariales a consultores de negocios y de transformaci\u00f3n organizacional, tanto dentro de las PYMES como en grandes corporaciones. Nuestro principal objetivo es desmitificar el an\u00e1lisis de redes organizacionaesl y convertirlo en una herramienta accesible para cualquier l\u00edder que quiera transformar la organizaci\u00f3n hacia una m\u00e1s resiliente.<\/p>\n\n\n\n<p>5. \u00bfCu\u00e1les son los valores que te gu\u00edan en la gesti\u00f3n de tu negocio? <\/p>\n\n\n\n<p>Nos basamos en unos pocos valores fundamentales que nos gu\u00edan en todos los aspectos de nuestro negocio. La innovaci\u00f3n est\u00e1 en el coraz\u00f3n de lo que hacemos y buscamos constantemente mejorar y adaptar OrgXO, para satisfacer las necesidades cambiantes de nuestros clientes. Al mismo tiempo, ponemos gran \u00e9nfasis en transparencia e integridad, tanto en las relaciones con los clientes como dentro de nuestro equipo.<\/p>\n\n\n\n<p>Yo considero que el \u00e9xito de un negocio proviene no s\u00f3lo de la calidad de los productos, sino tambi\u00e9n de la forma en que son creados y presentados a los clientes, para aportarles un valor a\u00f1adido real. Tambi\u00e9n, la colaboraci\u00f3n es uno de nuestros valores fundamentales. Creo que las mejores soluciones vienen cuando trabajamos juntos, tanto internamente como con nuestros socios y clientes.<\/p>\n\n\n\n<p>6. \u00bfC\u00f3mo cree que ha evolucionado el mercado rumano en los \u00faltimos a\u00f1os, en el \u00e1mbito en el que activa?<\/p>\n\n\n\n<p>En los \u00faltimos a\u00f1os hemos notado una importante evoluci\u00f3n del mercado rumano, especialmente en el sector tecnolog\u00eda e innovaci\u00f3n. Ha habido un aumento en la capacidad de respuesta a las soluciones tecnol\u00f3gicas, avanzando en gesti\u00f3n y an\u00e1lisis organizacional. Hay una tendencia creciente a adoptar herramientas nuevas e innovadoras que ayuden a optimizar los procesos internos y mejorar el desempe\u00f1o de la organizaci\u00f3n. As\u00ed, el mercado rumano se convierte en un terreno f\u00e9rtil para soluciones como OrgXO, que aborda la necesidad de eficiencia y claridad en estructuras organizativas complejas. y modernas.<\/p>\n\n\n\n<figure class=\"wp-block-image size-large\"><img loading=\"lazy\" decoding=\"async\" width=\"1024\" height=\"692\" src=\"https:\/\/www.asemer.ro\/wp-content\/uploads\/2023\/11\/Evos-5-1024x692.png\" alt=\"\" class=\"wp-image-9140\" srcset=\"https:\/\/www.asemer.ro\/wp-content\/uploads\/2023\/11\/Evos-5-1024x692.png 1024w, https:\/\/www.asemer.ro\/wp-content\/uploads\/2023\/11\/Evos-5-300x203.png 300w, https:\/\/www.asemer.ro\/wp-content\/uploads\/2023\/11\/Evos-5-768x519.png 768w, https:\/\/www.asemer.ro\/wp-content\/uploads\/2023\/11\/Evos-5-720x487.png 720w, https:\/\/www.asemer.ro\/wp-content\/uploads\/2023\/11\/Evos-5.png 1095w\" sizes=\"auto, (max-width: 1024px) 100vw, 1024px\" \/><\/figure>\n\n\n\n<h2 class=\"wp-block-heading\" id=\"ucj-12\"><a href=\"https:\/\/translate.google.com\/history\"><\/a><a href=\"https:\/\/translate.google.com\/saved\"><\/a><a href=\"https:\/\/translate.google.com\/contribute\"><\/a><\/h2>\n\n\n\n<p>7. \u00bfCree que a\u00fan existen oportunidades de negocio en el pa\u00eds y c\u00f3mo cree que podr\u00edan aprovecharse? <\/p>\n\n\n\n<p> Definitivamente s\u00ed, especialmente en el ambito de la tecnolog\u00eda y la innovaci\u00f3n. Estas oportunidades pueden aprovecharse adapt\u00e1ndonos a las particularidades del mercado local y mediante un enfoque personalizado. Creo que, en Rumania, hay un enorme margen para desarrollar soluciones que faciliten la transici\u00f3n a una econom\u00eda m\u00e1s verde, digitalizada y m\u00e1s eficiente.<\/p>\n\n\n\n<p>Por supuesto, para que esto suceda es necesario comprender profundamnete el conocimiento del contexto local y la flexibilidad en la implementaci\u00f3n de las soluciones propuestas.<\/p>\n\n\n\n<p>8. \u00bfPuede mencionar un aspecto positivo y uno negativo que destacar\u00eda en momento en Ruman\u00eda? <\/p>\n\n\n\n<p>Una de las mayores satisfacciones de hacer negocios en Ruman\u00eda es el enorme potencial de crecimiento y una mayor apertura a la innovaci\u00f3n. Hay un deseo palpable de las personas de evolucionar y para adoptar nuevas soluciones. Sin embargo, no puedo ignorar los desaf\u00edos, la infraestructura empresarial y la burocracia pueden a menudo crear obst\u00e1culos importantes que requieren de paciencia y de capacidad para adaptarse r\u00e1pidamente.<\/p>\n\n\n\n<p>9. \u00bfCu\u00e1l ser\u00eda el cambio que le gustar\u00eda ver en el pa\u00eds?<\/p>\n\n\n\n<p>Me gustar\u00eda ver una modernizaci\u00f3n acelerada de la infraestructura empresarial y una simplificaci\u00f3n de los procesos burocr\u00e1ticos. Esto ayudar\u00eda no s\u00f3lo a las empresas locales, sino tambi\u00e9n a atraer inversi\u00f3n extranjera mediante la promoci\u00f3n de Rumania como centro de innovaci\u00f3n y desarrollo tecnol\u00f3gico, no s\u00f3lo como fuente de buen personal capacitados en estos campos, que trabajan m\u00e1s baratos que el personal de pa\u00edses m\u00e1s desarrollados.<\/p>\n\n\n\n<p>Adem\u00e1s de modernizar la infraestructura empresarial y simplificar la burocracia, me gustar\u00eda ver una adopci\u00f3n m\u00e1s amplia de pol\u00edticas ESG en las empresas rumanas. En un mundo cada vez m\u00e1s concentrado en materia de sostenibilidad y responsabilidad social, es esencial que el entorno empresarial rumano tambi\u00e9n abrace estos principios.<\/p>\n\n\n\n<p>OrgXO puede contribuir significativamente en este contexto, especialmente en los campos social y de gobernanza. A trav\u00e9s de OrgXO, las empresas pueden involucrar m\u00e1s activamente a los empleados en los procesos de transformaci\u00f3n, garantizar que cada voz sea escuchada y valorada. Este aspecto es importante para la creaci\u00f3n de una cultura organizacional que enfatiza la diversidad, la equidad y la inclusi\u00f3n. Adem\u00e1s, OrgXO puede ayudar a mejorar la colaboraci\u00f3n interna y crear comunidades impactantes, importante en el rendimiento. Estos aspectos no s\u00f3lo son buenos para los negocios, sino que son esenciales para construir organizaciones responsables y transparentes que asuman un papel activo en la sociedad. Entonces, La adopci\u00f3n de pol\u00edticas ESG no s\u00f3lo mejora la imagen de la empresa interna y externamente, sino que contribuye significativamente a un cambio positivo y sostenible en el entorno empresarial rumano.<\/p>\n\n\n\n<p>10. \u00bfQu\u00e9 consejo le dar\u00eda a un emprendedor que est\u00e9 pensando en hacer negocios en Ruman\u00eda? <\/p>\n\n\n\n<p>Para un emprendedor que quiera desarrollar su actividad en Ruman\u00eda, el consejo m\u00e1s importante ser\u00eda comprender la cultura empresarial local y adaptar su estrategia en consecuencia. Ser Listo para los desaf\u00edos y busca colaborar con socios locales que puedan ayudarlo a navegar m\u00e1s f\u00e1cil a trav\u00e9s del sistema.<\/p>\n\n\n\n<p>Tambi\u00e9n es importante reconocer el potencial sin explotar del mercado rumano, pero prep\u00e1rese para afrontar los desaf\u00edos de una econom\u00eda en transici\u00f3n, con todo lo que ello conlleva esto.<a href=\"https:\/\/translate.google.com\/contribute\"><\/a><\/p>\n\n\n\n<p><a href=\"https:\/\/translate.google.com\/history\"><\/a><a href=\"https:\/\/translate.google.com\/saved\"><\/a><a href=\"https:\/\/translate.google.com\/contribute\"><\/a><\/p>\n\n\n\n<figure class=\"wp-block-image size-full\"><img loading=\"lazy\" decoding=\"async\" width=\"252\" height=\"66\" src=\"https:\/\/www.asemer.ro\/wp-content\/uploads\/2023\/11\/Evos.png\" alt=\"\" class=\"wp-image-9136\"\/><\/figure>\n\n\n\n<p><strong>Gabriel PETRESCU<\/strong><\/p>\n\n\n\n<p><strong>Managing Partner<\/strong><\/p>\n\n\n\n<p>Calea Victoriei nr.155, Bl.D1, Sc.7, et.3,&nbsp;<\/p>\n\n\n\n<p>Bucure\u0219ti, sector 1, Rom\u00e2nia<\/p>\n\n\n\n<p>Mobile: +40 722 243 600<\/p>\n\n\n\n<p>e-mail:&nbsp;<a href=\"mailto:gabriel.petrescu@fundatia.ro\">gabriel.petrescu@evos.ro<\/a>&nbsp;<\/p>\n\n\n\n<p><a href=\"http:\/\/www.evos.ro\">www.evos.ro<\/a><\/p>\n\n\n\n<p><a href=\"http:\/\/www.orgxo.com\">www.orgxo.com<\/a><\/p>\n","protected":false},"excerpt":{"rendered":"<p>1. \u00bfPodr\u00eda decirnos su nombre, apellidos y presentarnos a su empresa? Mi nombre es Gabriel Petrescu y soy fundador y [&hellip;]<\/p>\n","protected":false},"author":3,"featured_media":0,"comment_status":"open","ping_status":"open","sticky":false,"template":"","format":"standard","meta":{"footnotes":""},"categories":[1],"tags":[],"class_list":["post-9135","post","type-post","status-publish","format-standard","hentry","category-uncategorized"],"yoast_head":"<!-- This site is optimized with the Yoast SEO plugin v27.5 - https:\/\/yoast.com\/product\/yoast-seo-wordpress\/ -->\n<title>Gabriel PETRESCU, Managing Partner - ASEMER<\/title>\n<meta name=\"robots\" content=\"index, follow, max-snippet:-1, max-image-preview:large, max-video-preview:-1\" \/>\n<link rel=\"canonical\" href=\"https:\/\/www.asemer.ro\/index.php\/2023\/11\/29\/gabriel-petrescu-managing-partner\/\" \/>\n<meta property=\"og:locale\" content=\"es_ES\" \/>\n<meta property=\"og:type\" content=\"article\" \/>\n<meta property=\"og:title\" content=\"Gabriel PETRESCU, Managing Partner - ASEMER\" \/>\n<meta property=\"og:description\" content=\"1. \u00bfPodr\u00eda decirnos su nombre, apellidos y presentarnos a su empresa? Mi nombre es Gabriel Petrescu y soy fundador y [&hellip;]\" \/>\n<meta property=\"og:url\" content=\"https:\/\/www.asemer.ro\/index.php\/2023\/11\/29\/gabriel-petrescu-managing-partner\/\" \/>\n<meta property=\"og:site_name\" content=\"ASEMER\" \/>\n<meta property=\"article:publisher\" content=\"https:\/\/www.facebook.com\/asociacionasemer\" \/>\n<meta property=\"article:published_time\" content=\"2023-11-29T13:09:56+00:00\" \/>\n<meta property=\"article:modified_time\" content=\"2023-11-29T13:10:05+00:00\" \/>\n<meta property=\"og:image\" content=\"https:\/\/www.asemer.ro\/wp-content\/uploads\/2023\/11\/Evos-2-1024x343.png\" \/>\n<meta name=\"author\" content=\"Admin Asemer\" \/>\n<meta name=\"twitter:card\" content=\"summary_large_image\" \/>\n<meta name=\"twitter:creator\" content=\"@asemer_rumania\" \/>\n<meta name=\"twitter:site\" content=\"@asemer_rumania\" \/>\n<meta name=\"twitter:label1\" content=\"Escrito por\" \/>\n\t<meta name=\"twitter:data1\" content=\"Admin Asemer\" \/>\n\t<meta name=\"twitter:label2\" content=\"Tiempo de lectura\" \/>\n\t<meta name=\"twitter:data2\" content=\"8 minutos\" \/>\n<script type=\"application\/ld+json\" class=\"yoast-schema-graph\">{\"@context\":\"https:\\\/\\\/schema.org\",\"@graph\":[{\"@type\":\"Article\",\"@id\":\"https:\\\/\\\/www.asemer.ro\\\/index.php\\\/2023\\\/11\\\/29\\\/gabriel-petrescu-managing-partner\\\/#article\",\"isPartOf\":{\"@id\":\"https:\\\/\\\/www.asemer.ro\\\/index.php\\\/2023\\\/11\\\/29\\\/gabriel-petrescu-managing-partner\\\/\"},\"author\":{\"name\":\"Admin Asemer\",\"@id\":\"https:\\\/\\\/www.asemer.ro\\\/#\\\/schema\\\/person\\\/36de47e444c0f1a7b737a035d40519f9\"},\"headline\":\"Gabriel PETRESCU, Managing Partner\",\"datePublished\":\"2023-11-29T13:09:56+00:00\",\"dateModified\":\"2023-11-29T13:10:05+00:00\",\"mainEntityOfPage\":{\"@id\":\"https:\\\/\\\/www.asemer.ro\\\/index.php\\\/2023\\\/11\\\/29\\\/gabriel-petrescu-managing-partner\\\/\"},\"wordCount\":1645,\"commentCount\":0,\"publisher\":{\"@id\":\"https:\\\/\\\/www.asemer.ro\\\/#organization\"},\"image\":{\"@id\":\"https:\\\/\\\/www.asemer.ro\\\/index.php\\\/2023\\\/11\\\/29\\\/gabriel-petrescu-managing-partner\\\/#primaryimage\"},\"thumbnailUrl\":\"https:\\\/\\\/www.asemer.ro\\\/wp-content\\\/uploads\\\/2023\\\/11\\\/Evos-2-1024x343.png\",\"articleSection\":[\"Uncategorized\"],\"inLanguage\":\"es\",\"potentialAction\":[{\"@type\":\"CommentAction\",\"name\":\"Comment\",\"target\":[\"https:\\\/\\\/www.asemer.ro\\\/index.php\\\/2023\\\/11\\\/29\\\/gabriel-petrescu-managing-partner\\\/#respond\"]}]},{\"@type\":\"WebPage\",\"@id\":\"https:\\\/\\\/www.asemer.ro\\\/index.php\\\/2023\\\/11\\\/29\\\/gabriel-petrescu-managing-partner\\\/\",\"url\":\"https:\\\/\\\/www.asemer.ro\\\/index.php\\\/2023\\\/11\\\/29\\\/gabriel-petrescu-managing-partner\\\/\",\"name\":\"Gabriel PETRESCU, Managing Partner - ASEMER\",\"isPartOf\":{\"@id\":\"https:\\\/\\\/www.asemer.ro\\\/#website\"},\"primaryImageOfPage\":{\"@id\":\"https:\\\/\\\/www.asemer.ro\\\/index.php\\\/2023\\\/11\\\/29\\\/gabriel-petrescu-managing-partner\\\/#primaryimage\"},\"image\":{\"@id\":\"https:\\\/\\\/www.asemer.ro\\\/index.php\\\/2023\\\/11\\\/29\\\/gabriel-petrescu-managing-partner\\\/#primaryimage\"},\"thumbnailUrl\":\"https:\\\/\\\/www.asemer.ro\\\/wp-content\\\/uploads\\\/2023\\\/11\\\/Evos-2-1024x343.png\",\"datePublished\":\"2023-11-29T13:09:56+00:00\",\"dateModified\":\"2023-11-29T13:10:05+00:00\",\"breadcrumb\":{\"@id\":\"https:\\\/\\\/www.asemer.ro\\\/index.php\\\/2023\\\/11\\\/29\\\/gabriel-petrescu-managing-partner\\\/#breadcrumb\"},\"inLanguage\":\"es\",\"potentialAction\":[{\"@type\":\"ReadAction\",\"target\":[\"https:\\\/\\\/www.asemer.ro\\\/index.php\\\/2023\\\/11\\\/29\\\/gabriel-petrescu-managing-partner\\\/\"]}]},{\"@type\":\"ImageObject\",\"inLanguage\":\"es\",\"@id\":\"https:\\\/\\\/www.asemer.ro\\\/index.php\\\/2023\\\/11\\\/29\\\/gabriel-petrescu-managing-partner\\\/#primaryimage\",\"url\":\"https:\\\/\\\/www.asemer.ro\\\/wp-content\\\/uploads\\\/2023\\\/11\\\/Evos-2.png\",\"contentUrl\":\"https:\\\/\\\/www.asemer.ro\\\/wp-content\\\/uploads\\\/2023\\\/11\\\/Evos-2.png\",\"width\":1150,\"height\":385},{\"@type\":\"BreadcrumbList\",\"@id\":\"https:\\\/\\\/www.asemer.ro\\\/index.php\\\/2023\\\/11\\\/29\\\/gabriel-petrescu-managing-partner\\\/#breadcrumb\",\"itemListElement\":[{\"@type\":\"ListItem\",\"position\":1,\"name\":\"Home\",\"item\":\"https:\\\/\\\/www.asemer.ro\\\/\"},{\"@type\":\"ListItem\",\"position\":2,\"name\":\"Gabriel PETRESCU, Managing Partner\"}]},{\"@type\":\"WebSite\",\"@id\":\"https:\\\/\\\/www.asemer.ro\\\/#website\",\"url\":\"https:\\\/\\\/www.asemer.ro\\\/\",\"name\":\"ASEMER\",\"description\":\"Asociaci\u00f3n de Empresas Espa\u00f1olas en Ruman\u00eda\",\"publisher\":{\"@id\":\"https:\\\/\\\/www.asemer.ro\\\/#organization\"},\"potentialAction\":[{\"@type\":\"SearchAction\",\"target\":{\"@type\":\"EntryPoint\",\"urlTemplate\":\"https:\\\/\\\/www.asemer.ro\\\/?s={search_term_string}\"},\"query-input\":{\"@type\":\"PropertyValueSpecification\",\"valueRequired\":true,\"valueName\":\"search_term_string\"}}],\"inLanguage\":\"es\"},{\"@type\":\"Organization\",\"@id\":\"https:\\\/\\\/www.asemer.ro\\\/#organization\",\"name\":\"ASEMER\",\"url\":\"https:\\\/\\\/www.asemer.ro\\\/\",\"logo\":{\"@type\":\"ImageObject\",\"inLanguage\":\"es\",\"@id\":\"https:\\\/\\\/www.asemer.ro\\\/#\\\/schema\\\/logo\\\/image\\\/\",\"url\":\"https:\\\/\\\/www.asemer.ro\\\/wp-content\\\/uploads\\\/2020\\\/12\\\/logo-ASEMER-scaled.jpg\",\"contentUrl\":\"https:\\\/\\\/www.asemer.ro\\\/wp-content\\\/uploads\\\/2020\\\/12\\\/logo-ASEMER-scaled.jpg\",\"width\":2560,\"height\":849,\"caption\":\"ASEMER\"},\"image\":{\"@id\":\"https:\\\/\\\/www.asemer.ro\\\/#\\\/schema\\\/logo\\\/image\\\/\"},\"sameAs\":[\"https:\\\/\\\/www.facebook.com\\\/asociacionasemer\",\"https:\\\/\\\/x.com\\\/asemer_rumania\",\"https:\\\/\\\/ro.linkedin.com\\\/in\\\/asemer-asociaci\u00f3n-empresas-espa\u00f1olas-en-ruman\u00eda-724772a6?trk=author_mini-profile_title\",\"https:\\\/\\\/www.youtube.com\\\/channel\\\/UC73m8-BDsg857OL0Ogv5aQA\\\/videos\"]},{\"@type\":\"Person\",\"@id\":\"https:\\\/\\\/www.asemer.ro\\\/#\\\/schema\\\/person\\\/36de47e444c0f1a7b737a035d40519f9\",\"name\":\"Admin Asemer\",\"image\":{\"@type\":\"ImageObject\",\"inLanguage\":\"es\",\"@id\":\"https:\\\/\\\/secure.gravatar.com\\\/avatar\\\/b64873d65b5be684e01a001c464789c445a7279ef3f177f5fbff5d83eb373299?s=96&d=mm&r=g\",\"url\":\"https:\\\/\\\/secure.gravatar.com\\\/avatar\\\/b64873d65b5be684e01a001c464789c445a7279ef3f177f5fbff5d83eb373299?s=96&d=mm&r=g\",\"contentUrl\":\"https:\\\/\\\/secure.gravatar.com\\\/avatar\\\/b64873d65b5be684e01a001c464789c445a7279ef3f177f5fbff5d83eb373299?s=96&d=mm&r=g\",\"caption\":\"Admin Asemer\"},\"url\":\"https:\\\/\\\/www.asemer.ro\\\/index.php\\\/author\\\/admin\\\/\"}]}<\/script>\n<!-- \/ Yoast SEO plugin. -->","yoast_head_json":{"title":"Gabriel PETRESCU, Managing Partner - ASEMER","robots":{"index":"index","follow":"follow","max-snippet":"max-snippet:-1","max-image-preview":"max-image-preview:large","max-video-preview":"max-video-preview:-1"},"canonical":"https:\/\/www.asemer.ro\/index.php\/2023\/11\/29\/gabriel-petrescu-managing-partner\/","og_locale":"es_ES","og_type":"article","og_title":"Gabriel PETRESCU, Managing Partner - ASEMER","og_description":"1. \u00bfPodr\u00eda decirnos su nombre, apellidos y presentarnos a su empresa? Mi nombre es Gabriel Petrescu y soy fundador y [&hellip;]","og_url":"https:\/\/www.asemer.ro\/index.php\/2023\/11\/29\/gabriel-petrescu-managing-partner\/","og_site_name":"ASEMER","article_publisher":"https:\/\/www.facebook.com\/asociacionasemer","article_published_time":"2023-11-29T13:09:56+00:00","article_modified_time":"2023-11-29T13:10:05+00:00","og_image":[{"url":"https:\/\/www.asemer.ro\/wp-content\/uploads\/2023\/11\/Evos-2-1024x343.png","type":"","width":"","height":""}],"author":"Admin Asemer","twitter_card":"summary_large_image","twitter_creator":"@asemer_rumania","twitter_site":"@asemer_rumania","twitter_misc":{"Escrito por":"Admin Asemer","Tiempo de lectura":"8 minutos"},"schema":{"@context":"https:\/\/schema.org","@graph":[{"@type":"Article","@id":"https:\/\/www.asemer.ro\/index.php\/2023\/11\/29\/gabriel-petrescu-managing-partner\/#article","isPartOf":{"@id":"https:\/\/www.asemer.ro\/index.php\/2023\/11\/29\/gabriel-petrescu-managing-partner\/"},"author":{"name":"Admin Asemer","@id":"https:\/\/www.asemer.ro\/#\/schema\/person\/36de47e444c0f1a7b737a035d40519f9"},"headline":"Gabriel PETRESCU, Managing Partner","datePublished":"2023-11-29T13:09:56+00:00","dateModified":"2023-11-29T13:10:05+00:00","mainEntityOfPage":{"@id":"https:\/\/www.asemer.ro\/index.php\/2023\/11\/29\/gabriel-petrescu-managing-partner\/"},"wordCount":1645,"commentCount":0,"publisher":{"@id":"https:\/\/www.asemer.ro\/#organization"},"image":{"@id":"https:\/\/www.asemer.ro\/index.php\/2023\/11\/29\/gabriel-petrescu-managing-partner\/#primaryimage"},"thumbnailUrl":"https:\/\/www.asemer.ro\/wp-content\/uploads\/2023\/11\/Evos-2-1024x343.png","articleSection":["Uncategorized"],"inLanguage":"es","potentialAction":[{"@type":"CommentAction","name":"Comment","target":["https:\/\/www.asemer.ro\/index.php\/2023\/11\/29\/gabriel-petrescu-managing-partner\/#respond"]}]},{"@type":"WebPage","@id":"https:\/\/www.asemer.ro\/index.php\/2023\/11\/29\/gabriel-petrescu-managing-partner\/","url":"https:\/\/www.asemer.ro\/index.php\/2023\/11\/29\/gabriel-petrescu-managing-partner\/","name":"Gabriel PETRESCU, Managing Partner - ASEMER","isPartOf":{"@id":"https:\/\/www.asemer.ro\/#website"},"primaryImageOfPage":{"@id":"https:\/\/www.asemer.ro\/index.php\/2023\/11\/29\/gabriel-petrescu-managing-partner\/#primaryimage"},"image":{"@id":"https:\/\/www.asemer.ro\/index.php\/2023\/11\/29\/gabriel-petrescu-managing-partner\/#primaryimage"},"thumbnailUrl":"https:\/\/www.asemer.ro\/wp-content\/uploads\/2023\/11\/Evos-2-1024x343.png","datePublished":"2023-11-29T13:09:56+00:00","dateModified":"2023-11-29T13:10:05+00:00","breadcrumb":{"@id":"https:\/\/www.asemer.ro\/index.php\/2023\/11\/29\/gabriel-petrescu-managing-partner\/#breadcrumb"},"inLanguage":"es","potentialAction":[{"@type":"ReadAction","target":["https:\/\/www.asemer.ro\/index.php\/2023\/11\/29\/gabriel-petrescu-managing-partner\/"]}]},{"@type":"ImageObject","inLanguage":"es","@id":"https:\/\/www.asemer.ro\/index.php\/2023\/11\/29\/gabriel-petrescu-managing-partner\/#primaryimage","url":"https:\/\/www.asemer.ro\/wp-content\/uploads\/2023\/11\/Evos-2.png","contentUrl":"https:\/\/www.asemer.ro\/wp-content\/uploads\/2023\/11\/Evos-2.png","width":1150,"height":385},{"@type":"BreadcrumbList","@id":"https:\/\/www.asemer.ro\/index.php\/2023\/11\/29\/gabriel-petrescu-managing-partner\/#breadcrumb","itemListElement":[{"@type":"ListItem","position":1,"name":"Home","item":"https:\/\/www.asemer.ro\/"},{"@type":"ListItem","position":2,"name":"Gabriel PETRESCU, Managing Partner"}]},{"@type":"WebSite","@id":"https:\/\/www.asemer.ro\/#website","url":"https:\/\/www.asemer.ro\/","name":"ASEMER","description":"Asociaci\u00f3n de Empresas Espa\u00f1olas en Ruman\u00eda","publisher":{"@id":"https:\/\/www.asemer.ro\/#organization"},"potentialAction":[{"@type":"SearchAction","target":{"@type":"EntryPoint","urlTemplate":"https:\/\/www.asemer.ro\/?s={search_term_string}"},"query-input":{"@type":"PropertyValueSpecification","valueRequired":true,"valueName":"search_term_string"}}],"inLanguage":"es"},{"@type":"Organization","@id":"https:\/\/www.asemer.ro\/#organization","name":"ASEMER","url":"https:\/\/www.asemer.ro\/","logo":{"@type":"ImageObject","inLanguage":"es","@id":"https:\/\/www.asemer.ro\/#\/schema\/logo\/image\/","url":"https:\/\/www.asemer.ro\/wp-content\/uploads\/2020\/12\/logo-ASEMER-scaled.jpg","contentUrl":"https:\/\/www.asemer.ro\/wp-content\/uploads\/2020\/12\/logo-ASEMER-scaled.jpg","width":2560,"height":849,"caption":"ASEMER"},"image":{"@id":"https:\/\/www.asemer.ro\/#\/schema\/logo\/image\/"},"sameAs":["https:\/\/www.facebook.com\/asociacionasemer","https:\/\/x.com\/asemer_rumania","https:\/\/ro.linkedin.com\/in\/asemer-asociaci\u00f3n-empresas-espa\u00f1olas-en-ruman\u00eda-724772a6?trk=author_mini-profile_title","https:\/\/www.youtube.com\/channel\/UC73m8-BDsg857OL0Ogv5aQA\/videos"]},{"@type":"Person","@id":"https:\/\/www.asemer.ro\/#\/schema\/person\/36de47e444c0f1a7b737a035d40519f9","name":"Admin Asemer","image":{"@type":"ImageObject","inLanguage":"es","@id":"https:\/\/secure.gravatar.com\/avatar\/b64873d65b5be684e01a001c464789c445a7279ef3f177f5fbff5d83eb373299?s=96&d=mm&r=g","url":"https:\/\/secure.gravatar.com\/avatar\/b64873d65b5be684e01a001c464789c445a7279ef3f177f5fbff5d83eb373299?s=96&d=mm&r=g","contentUrl":"https:\/\/secure.gravatar.com\/avatar\/b64873d65b5be684e01a001c464789c445a7279ef3f177f5fbff5d83eb373299?s=96&d=mm&r=g","caption":"Admin Asemer"},"url":"https:\/\/www.asemer.ro\/index.php\/author\/admin\/"}]}},"_links":{"self":[{"href":"https:\/\/www.asemer.ro\/index.php\/wp-json\/wp\/v2\/posts\/9135","targetHints":{"allow":["GET"]}}],"collection":[{"href":"https:\/\/www.asemer.ro\/index.php\/wp-json\/wp\/v2\/posts"}],"about":[{"href":"https:\/\/www.asemer.ro\/index.php\/wp-json\/wp\/v2\/types\/post"}],"author":[{"embeddable":true,"href":"https:\/\/www.asemer.ro\/index.php\/wp-json\/wp\/v2\/users\/3"}],"replies":[{"embeddable":true,"href":"https:\/\/www.asemer.ro\/index.php\/wp-json\/wp\/v2\/comments?post=9135"}],"version-history":[{"count":1,"href":"https:\/\/www.asemer.ro\/index.php\/wp-json\/wp\/v2\/posts\/9135\/revisions"}],"predecessor-version":[{"id":9141,"href":"https:\/\/www.asemer.ro\/index.php\/wp-json\/wp\/v2\/posts\/9135\/revisions\/9141"}],"wp:attachment":[{"href":"https:\/\/www.asemer.ro\/index.php\/wp-json\/wp\/v2\/media?parent=9135"}],"wp:term":[{"taxonomy":"category","embeddable":true,"href":"https:\/\/www.asemer.ro\/index.php\/wp-json\/wp\/v2\/categories?post=9135"},{"taxonomy":"post_tag","embeddable":true,"href":"https:\/\/www.asemer.ro\/index.php\/wp-json\/wp\/v2\/tags?post=9135"}],"curies":[{"name":"wp","href":"https:\/\/api.w.org\/{rel}","templated":true}]}}