{"id":9539,"date":"2024-01-29T15:35:45","date_gmt":"2024-01-29T13:35:45","guid":{"rendered":"https:\/\/www.asemer.ro\/?p=9539"},"modified":"2024-01-29T15:35:51","modified_gmt":"2024-01-29T13:35:51","slug":"emilio-luque-ascanio-presidente-de-asemer-entrevistado-por-forbes","status":"publish","type":"post","link":"https:\/\/www.asemer.ro\/index.php\/2024\/01\/29\/emilio-luque-ascanio-presidente-de-asemer-entrevistado-por-forbes\/","title":{"rendered":"EMILIO LUQUE ASCANIO PRESIDENTE DE ASEMER, ENTREVISTADO POR FORBES."},"content":{"rendered":"\n<h2 class=\"wp-block-heading\">Lecciones para 2024. Emilio Luque Ascanio, presidente de la Asociaci\u00f3n de Inversores Espa\u00f1oles en Ruman\u00eda: \u00abLa inclusi\u00f3n de Ruman\u00eda en el espacio Schengen es un paso esencial para una integraci\u00f3n a\u00fan mejor en el contexto econ\u00f3mico y pol\u00edtico de la Uni\u00f3n Europea\u00bb.<\/h2>\n\n\n\n<p>El se\u00f1or Emilio Luque participo poco antes de acabar el a\u00f1o 2023 en una entrevista con Forbes acerca de un tema de grand actualidad, adjunto les dejamos el link para que la puedan visualizar, esepramos que sean de su agrado y disfruten de una agradable lectura.<\/p>\n\n\n\n<figure class=\"wp-block-embed is-type-wp-embed is-provider-forbes-romania wp-block-embed-forbes-romania\"><div class=\"wp-block-embed__wrapper\">\n<blockquote class=\"wp-embedded-content\" data-secret=\"EC6ocEuLx2\"><a href=\"https:\/\/www.forbes.ro\/lectii-pentru-2024-emilio-luque-ascanio-presedintele-asociatiei-investitorilor-spanioli-in-romania-includerea-romaniei-in-spatiul-schengen-este-un-pas-esential-pentru-o-integrare-si-mai-bu-368433\">Lec\u021bii pentru 2024. Emilio Luque Ascanio, pre\u015fedintele Asocia\u0163iei Investitorilor Spanioli \u00een Rom\u00e2nia: \u201eIncluderea Rom\u00e2niei \u00een spa\u021biul Schengen este un pas esen\u021bial pentru o integrare \u0219i mai bun\u0103 \u00een contextul economic \u0219i politic al Uniunii Europene\u201d<\/a><\/blockquote><iframe loading=\"lazy\" class=\"wp-embedded-content\" sandbox=\"allow-scripts\" security=\"restricted\" style=\"position: absolute; clip: rect(1px, 1px, 1px, 1px);\" title=\"&#8222;Lec\u021bii pentru 2024. Emilio Luque Ascanio, pre\u015fedintele Asocia\u0163iei Investitorilor Spanioli \u00een Rom\u00e2nia: \u201eIncluderea Rom\u00e2niei \u00een spa\u021biul Schengen este un pas esen\u021bial pentru o integrare \u0219i mai bun\u0103 \u00een contextul economic \u0219i politic al Uniunii Europene\u201d&#8221; &#8212; Forbes Romania\" src=\"https:\/\/www.forbes.ro\/lectii-pentru-2024-emilio-luque-ascanio-presedintele-asociatiei-investitorilor-spanioli-in-romania-includerea-romaniei-in-spatiul-schengen-este-un-pas-esential-pentru-o-integrare-si-mai-bu-368433\/embed#?secret=wXptZNSTMz#?secret=EC6ocEuLx2\" data-secret=\"EC6ocEuLx2\" width=\"600\" height=\"338\" frameborder=\"0\" marginwidth=\"0\" marginheight=\"0\" scrolling=\"no\"><\/iframe>\n<\/div><\/figure>\n\n\n\n<p>\u200b<a href=\"https:\/\/translate.google.com\/details\"><\/a><\/p>\n","protected":false},"excerpt":{"rendered":"<p>Lecciones para 2024. Emilio Luque Ascanio, presidente de la Asociaci\u00f3n de Inversores Espa\u00f1oles en Ruman\u00eda: \u00abLa inclusi\u00f3n de Ruman\u00eda en [&hellip;]<\/p>\n","protected":false},"author":3,"featured_media":0,"comment_status":"open","ping_status":"open","sticky":false,"template":"","format":"standard","meta":{"footnotes":""},"categories":[1],"tags":[],"class_list":["post-9539","post","type-post","status-publish","format-standard","hentry","category-uncategorized"],"yoast_head":"<!-- This site is optimized with the Yoast SEO plugin v27.5 - https:\/\/yoast.com\/product\/yoast-seo-wordpress\/ -->\n<title>EMILIO LUQUE ASCANIO PRESIDENTE DE ASEMER, ENTREVISTADO POR FORBES. - ASEMER<\/title>\n<meta name=\"robots\" content=\"index, follow, max-snippet:-1, max-image-preview:large, max-video-preview:-1\" \/>\n<link rel=\"canonical\" href=\"https:\/\/www.asemer.ro\/index.php\/2024\/01\/29\/emilio-luque-ascanio-presidente-de-asemer-entrevistado-por-forbes\/\" \/>\n<meta property=\"og:locale\" content=\"es_ES\" \/>\n<meta property=\"og:type\" content=\"article\" \/>\n<meta property=\"og:title\" content=\"EMILIO LUQUE ASCANIO PRESIDENTE DE ASEMER, ENTREVISTADO POR FORBES. - ASEMER\" \/>\n<meta property=\"og:description\" content=\"Lecciones para 2024. Emilio Luque Ascanio, presidente de la Asociaci\u00f3n de Inversores Espa\u00f1oles en Ruman\u00eda: \u00abLa inclusi\u00f3n de Ruman\u00eda en [&hellip;]\" \/>\n<meta property=\"og:url\" content=\"https:\/\/www.asemer.ro\/index.php\/2024\/01\/29\/emilio-luque-ascanio-presidente-de-asemer-entrevistado-por-forbes\/\" \/>\n<meta property=\"og:site_name\" content=\"ASEMER\" \/>\n<meta property=\"article:publisher\" content=\"https:\/\/www.facebook.com\/asociacionasemer\" \/>\n<meta property=\"article:published_time\" content=\"2024-01-29T13:35:45+00:00\" \/>\n<meta property=\"article:modified_time\" content=\"2024-01-29T13:35:51+00:00\" \/>\n<meta name=\"author\" content=\"Admin Asemer\" \/>\n<meta name=\"twitter:card\" content=\"summary_large_image\" \/>\n<meta name=\"twitter:creator\" content=\"@asemer_rumania\" \/>\n<meta name=\"twitter:site\" content=\"@asemer_rumania\" \/>\n<meta name=\"twitter:label1\" content=\"Escrito por\" \/>\n\t<meta name=\"twitter:data1\" content=\"Admin Asemer\" \/>\n\t<meta name=\"twitter:label2\" content=\"Tiempo de lectura\" \/>\n\t<meta name=\"twitter:data2\" content=\"1 minuto\" \/>\n<script type=\"application\/ld+json\" class=\"yoast-schema-graph\">{\"@context\":\"https:\\\/\\\/schema.org\",\"@graph\":[{\"@type\":\"Article\",\"@id\":\"https:\\\/\\\/www.asemer.ro\\\/index.php\\\/2024\\\/01\\\/29\\\/emilio-luque-ascanio-presidente-de-asemer-entrevistado-por-forbes\\\/#article\",\"isPartOf\":{\"@id\":\"https:\\\/\\\/www.asemer.ro\\\/index.php\\\/2024\\\/01\\\/29\\\/emilio-luque-ascanio-presidente-de-asemer-entrevistado-por-forbes\\\/\"},\"author\":{\"name\":\"Admin Asemer\",\"@id\":\"https:\\\/\\\/www.asemer.ro\\\/#\\\/schema\\\/person\\\/36de47e444c0f1a7b737a035d40519f9\"},\"headline\":\"EMILIO LUQUE ASCANIO PRESIDENTE DE ASEMER, ENTREVISTADO POR FORBES.\",\"datePublished\":\"2024-01-29T13:35:45+00:00\",\"dateModified\":\"2024-01-29T13:35:51+00:00\",\"mainEntityOfPage\":{\"@id\":\"https:\\\/\\\/www.asemer.ro\\\/index.php\\\/2024\\\/01\\\/29\\\/emilio-luque-ascanio-presidente-de-asemer-entrevistado-por-forbes\\\/\"},\"wordCount\":113,\"commentCount\":0,\"publisher\":{\"@id\":\"https:\\\/\\\/www.asemer.ro\\\/#organization\"},\"articleSection\":[\"Uncategorized\"],\"inLanguage\":\"es\",\"potentialAction\":[{\"@type\":\"CommentAction\",\"name\":\"Comment\",\"target\":[\"https:\\\/\\\/www.asemer.ro\\\/index.php\\\/2024\\\/01\\\/29\\\/emilio-luque-ascanio-presidente-de-asemer-entrevistado-por-forbes\\\/#respond\"]}]},{\"@type\":\"WebPage\",\"@id\":\"https:\\\/\\\/www.asemer.ro\\\/index.php\\\/2024\\\/01\\\/29\\\/emilio-luque-ascanio-presidente-de-asemer-entrevistado-por-forbes\\\/\",\"url\":\"https:\\\/\\\/www.asemer.ro\\\/index.php\\\/2024\\\/01\\\/29\\\/emilio-luque-ascanio-presidente-de-asemer-entrevistado-por-forbes\\\/\",\"name\":\"EMILIO LUQUE ASCANIO PRESIDENTE DE ASEMER, ENTREVISTADO POR FORBES. - ASEMER\",\"isPartOf\":{\"@id\":\"https:\\\/\\\/www.asemer.ro\\\/#website\"},\"datePublished\":\"2024-01-29T13:35:45+00:00\",\"dateModified\":\"2024-01-29T13:35:51+00:00\",\"breadcrumb\":{\"@id\":\"https:\\\/\\\/www.asemer.ro\\\/index.php\\\/2024\\\/01\\\/29\\\/emilio-luque-ascanio-presidente-de-asemer-entrevistado-por-forbes\\\/#breadcrumb\"},\"inLanguage\":\"es\",\"potentialAction\":[{\"@type\":\"ReadAction\",\"target\":[\"https:\\\/\\\/www.asemer.ro\\\/index.php\\\/2024\\\/01\\\/29\\\/emilio-luque-ascanio-presidente-de-asemer-entrevistado-por-forbes\\\/\"]}]},{\"@type\":\"BreadcrumbList\",\"@id\":\"https:\\\/\\\/www.asemer.ro\\\/index.php\\\/2024\\\/01\\\/29\\\/emilio-luque-ascanio-presidente-de-asemer-entrevistado-por-forbes\\\/#breadcrumb\",\"itemListElement\":[{\"@type\":\"ListItem\",\"position\":1,\"name\":\"Home\",\"item\":\"https:\\\/\\\/www.asemer.ro\\\/\"},{\"@type\":\"ListItem\",\"position\":2,\"name\":\"EMILIO LUQUE ASCANIO PRESIDENTE DE ASEMER, ENTREVISTADO POR FORBES.\"}]},{\"@type\":\"WebSite\",\"@id\":\"https:\\\/\\\/www.asemer.ro\\\/#website\",\"url\":\"https:\\\/\\\/www.asemer.ro\\\/\",\"name\":\"ASEMER\",\"description\":\"Asociaci\u00f3n de Empresas Espa\u00f1olas en Ruman\u00eda\",\"publisher\":{\"@id\":\"https:\\\/\\\/www.asemer.ro\\\/#organization\"},\"potentialAction\":[{\"@type\":\"SearchAction\",\"target\":{\"@type\":\"EntryPoint\",\"urlTemplate\":\"https:\\\/\\\/www.asemer.ro\\\/?s={search_term_string}\"},\"query-input\":{\"@type\":\"PropertyValueSpecification\",\"valueRequired\":true,\"valueName\":\"search_term_string\"}}],\"inLanguage\":\"es\"},{\"@type\":\"Organization\",\"@id\":\"https:\\\/\\\/www.asemer.ro\\\/#organization\",\"name\":\"ASEMER\",\"url\":\"https:\\\/\\\/www.asemer.ro\\\/\",\"logo\":{\"@type\":\"ImageObject\",\"inLanguage\":\"es\",\"@id\":\"https:\\\/\\\/www.asemer.ro\\\/#\\\/schema\\\/logo\\\/image\\\/\",\"url\":\"https:\\\/\\\/www.asemer.ro\\\/wp-content\\\/uploads\\\/2020\\\/12\\\/logo-ASEMER-scaled.jpg\",\"contentUrl\":\"https:\\\/\\\/www.asemer.ro\\\/wp-content\\\/uploads\\\/2020\\\/12\\\/logo-ASEMER-scaled.jpg\",\"width\":2560,\"height\":849,\"caption\":\"ASEMER\"},\"image\":{\"@id\":\"https:\\\/\\\/www.asemer.ro\\\/#\\\/schema\\\/logo\\\/image\\\/\"},\"sameAs\":[\"https:\\\/\\\/www.facebook.com\\\/asociacionasemer\",\"https:\\\/\\\/x.com\\\/asemer_rumania\",\"https:\\\/\\\/ro.linkedin.com\\\/in\\\/asemer-asociaci\u00f3n-empresas-espa\u00f1olas-en-ruman\u00eda-724772a6?trk=author_mini-profile_title\",\"https:\\\/\\\/www.youtube.com\\\/channel\\\/UC73m8-BDsg857OL0Ogv5aQA\\\/videos\"]},{\"@type\":\"Person\",\"@id\":\"https:\\\/\\\/www.asemer.ro\\\/#\\\/schema\\\/person\\\/36de47e444c0f1a7b737a035d40519f9\",\"name\":\"Admin Asemer\",\"image\":{\"@type\":\"ImageObject\",\"inLanguage\":\"es\",\"@id\":\"https:\\\/\\\/secure.gravatar.com\\\/avatar\\\/b64873d65b5be684e01a001c464789c445a7279ef3f177f5fbff5d83eb373299?s=96&d=mm&r=g\",\"url\":\"https:\\\/\\\/secure.gravatar.com\\\/avatar\\\/b64873d65b5be684e01a001c464789c445a7279ef3f177f5fbff5d83eb373299?s=96&d=mm&r=g\",\"contentUrl\":\"https:\\\/\\\/secure.gravatar.com\\\/avatar\\\/b64873d65b5be684e01a001c464789c445a7279ef3f177f5fbff5d83eb373299?s=96&d=mm&r=g\",\"caption\":\"Admin Asemer\"},\"url\":\"https:\\\/\\\/www.asemer.ro\\\/index.php\\\/author\\\/admin\\\/\"}]}<\/script>\n<!-- \/ Yoast SEO plugin. -->","yoast_head_json":{"title":"EMILIO LUQUE ASCANIO PRESIDENTE DE ASEMER, ENTREVISTADO POR FORBES. - ASEMER","robots":{"index":"index","follow":"follow","max-snippet":"max-snippet:-1","max-image-preview":"max-image-preview:large","max-video-preview":"max-video-preview:-1"},"canonical":"https:\/\/www.asemer.ro\/index.php\/2024\/01\/29\/emilio-luque-ascanio-presidente-de-asemer-entrevistado-por-forbes\/","og_locale":"es_ES","og_type":"article","og_title":"EMILIO LUQUE ASCANIO PRESIDENTE DE ASEMER, ENTREVISTADO POR FORBES. - ASEMER","og_description":"Lecciones para 2024. Emilio Luque Ascanio, presidente de la Asociaci\u00f3n de Inversores Espa\u00f1oles en Ruman\u00eda: \u00abLa inclusi\u00f3n de Ruman\u00eda en [&hellip;]","og_url":"https:\/\/www.asemer.ro\/index.php\/2024\/01\/29\/emilio-luque-ascanio-presidente-de-asemer-entrevistado-por-forbes\/","og_site_name":"ASEMER","article_publisher":"https:\/\/www.facebook.com\/asociacionasemer","article_published_time":"2024-01-29T13:35:45+00:00","article_modified_time":"2024-01-29T13:35:51+00:00","author":"Admin Asemer","twitter_card":"summary_large_image","twitter_creator":"@asemer_rumania","twitter_site":"@asemer_rumania","twitter_misc":{"Escrito por":"Admin Asemer","Tiempo de lectura":"1 minuto"},"schema":{"@context":"https:\/\/schema.org","@graph":[{"@type":"Article","@id":"https:\/\/www.asemer.ro\/index.php\/2024\/01\/29\/emilio-luque-ascanio-presidente-de-asemer-entrevistado-por-forbes\/#article","isPartOf":{"@id":"https:\/\/www.asemer.ro\/index.php\/2024\/01\/29\/emilio-luque-ascanio-presidente-de-asemer-entrevistado-por-forbes\/"},"author":{"name":"Admin Asemer","@id":"https:\/\/www.asemer.ro\/#\/schema\/person\/36de47e444c0f1a7b737a035d40519f9"},"headline":"EMILIO LUQUE ASCANIO PRESIDENTE DE ASEMER, ENTREVISTADO POR FORBES.","datePublished":"2024-01-29T13:35:45+00:00","dateModified":"2024-01-29T13:35:51+00:00","mainEntityOfPage":{"@id":"https:\/\/www.asemer.ro\/index.php\/2024\/01\/29\/emilio-luque-ascanio-presidente-de-asemer-entrevistado-por-forbes\/"},"wordCount":113,"commentCount":0,"publisher":{"@id":"https:\/\/www.asemer.ro\/#organization"},"articleSection":["Uncategorized"],"inLanguage":"es","potentialAction":[{"@type":"CommentAction","name":"Comment","target":["https:\/\/www.asemer.ro\/index.php\/2024\/01\/29\/emilio-luque-ascanio-presidente-de-asemer-entrevistado-por-forbes\/#respond"]}]},{"@type":"WebPage","@id":"https:\/\/www.asemer.ro\/index.php\/2024\/01\/29\/emilio-luque-ascanio-presidente-de-asemer-entrevistado-por-forbes\/","url":"https:\/\/www.asemer.ro\/index.php\/2024\/01\/29\/emilio-luque-ascanio-presidente-de-asemer-entrevistado-por-forbes\/","name":"EMILIO LUQUE ASCANIO PRESIDENTE DE ASEMER, ENTREVISTADO POR FORBES. - ASEMER","isPartOf":{"@id":"https:\/\/www.asemer.ro\/#website"},"datePublished":"2024-01-29T13:35:45+00:00","dateModified":"2024-01-29T13:35:51+00:00","breadcrumb":{"@id":"https:\/\/www.asemer.ro\/index.php\/2024\/01\/29\/emilio-luque-ascanio-presidente-de-asemer-entrevistado-por-forbes\/#breadcrumb"},"inLanguage":"es","potentialAction":[{"@type":"ReadAction","target":["https:\/\/www.asemer.ro\/index.php\/2024\/01\/29\/emilio-luque-ascanio-presidente-de-asemer-entrevistado-por-forbes\/"]}]},{"@type":"BreadcrumbList","@id":"https:\/\/www.asemer.ro\/index.php\/2024\/01\/29\/emilio-luque-ascanio-presidente-de-asemer-entrevistado-por-forbes\/#breadcrumb","itemListElement":[{"@type":"ListItem","position":1,"name":"Home","item":"https:\/\/www.asemer.ro\/"},{"@type":"ListItem","position":2,"name":"EMILIO LUQUE ASCANIO PRESIDENTE DE ASEMER, ENTREVISTADO POR FORBES."}]},{"@type":"WebSite","@id":"https:\/\/www.asemer.ro\/#website","url":"https:\/\/www.asemer.ro\/","name":"ASEMER","description":"Asociaci\u00f3n de Empresas Espa\u00f1olas en Ruman\u00eda","publisher":{"@id":"https:\/\/www.asemer.ro\/#organization"},"potentialAction":[{"@type":"SearchAction","target":{"@type":"EntryPoint","urlTemplate":"https:\/\/www.asemer.ro\/?s={search_term_string}"},"query-input":{"@type":"PropertyValueSpecification","valueRequired":true,"valueName":"search_term_string"}}],"inLanguage":"es"},{"@type":"Organization","@id":"https:\/\/www.asemer.ro\/#organization","name":"ASEMER","url":"https:\/\/www.asemer.ro\/","logo":{"@type":"ImageObject","inLanguage":"es","@id":"https:\/\/www.asemer.ro\/#\/schema\/logo\/image\/","url":"https:\/\/www.asemer.ro\/wp-content\/uploads\/2020\/12\/logo-ASEMER-scaled.jpg","contentUrl":"https:\/\/www.asemer.ro\/wp-content\/uploads\/2020\/12\/logo-ASEMER-scaled.jpg","width":2560,"height":849,"caption":"ASEMER"},"image":{"@id":"https:\/\/www.asemer.ro\/#\/schema\/logo\/image\/"},"sameAs":["https:\/\/www.facebook.com\/asociacionasemer","https:\/\/x.com\/asemer_rumania","https:\/\/ro.linkedin.com\/in\/asemer-asociaci\u00f3n-empresas-espa\u00f1olas-en-ruman\u00eda-724772a6?trk=author_mini-profile_title","https:\/\/www.youtube.com\/channel\/UC73m8-BDsg857OL0Ogv5aQA\/videos"]},{"@type":"Person","@id":"https:\/\/www.asemer.ro\/#\/schema\/person\/36de47e444c0f1a7b737a035d40519f9","name":"Admin Asemer","image":{"@type":"ImageObject","inLanguage":"es","@id":"https:\/\/secure.gravatar.com\/avatar\/b64873d65b5be684e01a001c464789c445a7279ef3f177f5fbff5d83eb373299?s=96&d=mm&r=g","url":"https:\/\/secure.gravatar.com\/avatar\/b64873d65b5be684e01a001c464789c445a7279ef3f177f5fbff5d83eb373299?s=96&d=mm&r=g","contentUrl":"https:\/\/secure.gravatar.com\/avatar\/b64873d65b5be684e01a001c464789c445a7279ef3f177f5fbff5d83eb373299?s=96&d=mm&r=g","caption":"Admin Asemer"},"url":"https:\/\/www.asemer.ro\/index.php\/author\/admin\/"}]}},"_links":{"self":[{"href":"https:\/\/www.asemer.ro\/index.php\/wp-json\/wp\/v2\/posts\/9539","targetHints":{"allow":["GET"]}}],"collection":[{"href":"https:\/\/www.asemer.ro\/index.php\/wp-json\/wp\/v2\/posts"}],"about":[{"href":"https:\/\/www.asemer.ro\/index.php\/wp-json\/wp\/v2\/types\/post"}],"author":[{"embeddable":true,"href":"https:\/\/www.asemer.ro\/index.php\/wp-json\/wp\/v2\/users\/3"}],"replies":[{"embeddable":true,"href":"https:\/\/www.asemer.ro\/index.php\/wp-json\/wp\/v2\/comments?post=9539"}],"version-history":[{"count":2,"href":"https:\/\/www.asemer.ro\/index.php\/wp-json\/wp\/v2\/posts\/9539\/revisions"}],"predecessor-version":[{"id":9541,"href":"https:\/\/www.asemer.ro\/index.php\/wp-json\/wp\/v2\/posts\/9539\/revisions\/9541"}],"wp:attachment":[{"href":"https:\/\/www.asemer.ro\/index.php\/wp-json\/wp\/v2\/media?parent=9539"}],"wp:term":[{"taxonomy":"category","embeddable":true,"href":"https:\/\/www.asemer.ro\/index.php\/wp-json\/wp\/v2\/categories?post=9539"},{"taxonomy":"post_tag","embeddable":true,"href":"https:\/\/www.asemer.ro\/index.php\/wp-json\/wp\/v2\/tags?post=9539"}],"curies":[{"name":"wp","href":"https:\/\/api.w.org\/{rel}","templated":true}]}}