{"id":9685,"date":"2024-02-28T13:43:55","date_gmt":"2024-02-28T11:43:55","guid":{"rendered":"https:\/\/www.asemer.ro\/?p=9685"},"modified":"2024-02-29T12:52:42","modified_gmt":"2024-02-29T10:52:42","slug":"el-periodista-raul-sanchez-costa-nos-hace-llegar-el-articulo-que-publico-el-pasado-sabado-3-de-febrero-en-el-conocido-diario-el-pais","status":"publish","type":"post","link":"https:\/\/www.asemer.ro\/index.php\/2024\/02\/28\/el-periodista-raul-sanchez-costa-nos-hace-llegar-el-articulo-que-publico-el-pasado-sabado-3-de-febrero-en-el-conocido-diario-el-pais\/","title":{"rendered":"EL PER\u00cdODISTA RA\u00daL SANCH\u00c9Z COSTA NOS HACE LLEGAR EL ART\u00cdCULO QUE PUBLIC\u00d3 EL PASADO S\u00c1BADO 3 DE FEBRERO EN EL CONOCIDO DIARIO EL PA\u00cdS."},"content":{"rendered":"\n<h2 class=\"wp-block-heading\">El descontento crece en Rumania.<\/h2>\n\n\n\n<h2 class=\"wp-block-heading just\">El pa\u00eds acumula protestas de agricultores, transportistas o sanitarios en un a\u00f1o clave para el Gobierno debido a la acumulaci\u00f3n de procesos electorales.<\/h2>\n\n\n\n<figure class=\"wp-block-image is-resized\"><img decoding=\"async\" src=\"https:\/\/imagenes.elpais.com\/resizer\/kD8mnmu1gBzX2wfVIPIsR_86wnI=\/414x0\/filters:focal(2928x1530:2938x1540)\/cloudfront-eu-central-1.images.arcpublishing.com\/prisa\/PQZ3MBCGQBHENKNVW2LZ5RV5IE.jpg\" alt=\"Protestas en el Parlamento de Bucarest, capital de Ruman\u00eda\" style=\"aspect-ratio:1.6363636363636365;width:844px;height:auto\"\/><\/figure>\n\n\n\n<p class=\"just\">Solo llevamos un mes de 2024 y al Gobierno rumano se le acumulan las protestas. Y vienen de muchos y variados frentes. Desde que se manifestaron a principios de febrero de 2017, bajo g\u00e9lidas temperaturas, m\u00e1s de medio mill\u00f3n de ciudadanos contra un decreto que despenalizaba delitos de corrupci\u00f3n \u2014el tal\u00f3n de Aquiles de Rumania\u2014 no se hab\u00eda percibido tanta tensi\u00f3n hasta estas \u00faltimas semanas en las calles. El nivel de crispaci\u00f3n ha generado divergencias en el seno del Gobierno, una coalici\u00f3n de socialistas y liberales, justo en el comienzo de un a\u00f1o electoral maratoniano.<\/p>\n\n\n\n<p class=\"just\">Miles de agricultores y transportistas protestan desde el pasado 10 de enero por el aumento del coste del combustible, los impuestos y los seguros, lo que ha provocado la paralizaci\u00f3n de casi todos los cruces fronterizos \u2014especialmente con Ucrania y Hungr\u00eda\u2014, numerosos cortes de carreteras principales y el bloqueo de circunvalaciones a las afueras de Bucarest y otras ciudades como Brasov. El Ejecutivo intenta calmar los \u00e1nimos con nuevas medidas, pero insuficientes, seg\u00fan los manifestantes, que advierten de un posible par\u00f3n de sus actividades si contin\u00faa el alza de precios, la presi\u00f3n fiscal y el dif\u00edcil acceso a las ayudas. A este colectivo se le han sumado los m\u00e9dicos de familia y el personal de los centros de salud, al mismo tiempo que los trabajadores de los ayuntamientos rurales amenazan con entrar en huelga en febrero.<\/p>\n\n\n\n<p class=\"just\">En el caso de los agricultores y transportistas, como pasa en Alemania, se trata de una movilizaci\u00f3n espont\u00e1nea, que no ha sido alentada por ning\u00fan colectivo. Los participantes exigen una moratoria en el reembolso de los pr\u00e9stamos, un pago m\u00e1s \u00e1gil de los subsidios y pagos compensatorios por la sequ\u00eda o los trastornos generados por la importaci\u00f3n de cereales ucranianos, cuyos productos entran libres de aranceles al mercado comunitario desde hace dos a\u00f1os, cuando se inici\u00f3 la ofensiva rusa en el pa\u00eds vecino. Los transportistas tambi\u00e9n reclaman reducir las tasas del seguro obligatorio de responsabilidad civil y unas l\u00edneas separadas para los camiones de la UE y los de fuera del bloque, incluida Ucrania, en los puntos fronterizos y en el puerto de Constan\u021ba, en el Mar Negro, principal salida para el cereal ucraniano.<\/p>\n\n\n\n<p class=\"just\">Seg\u00fan Bogdan Cump\u0103na\u0219u, gerente de una empresa agr\u00edcola, los manifestantes provienen sobre todo de cultivos como el trigo, ma\u00edz, colza y girasol. \u201cLos agricultores est\u00e1n vendiendo sus cosechas a precios muy bajos debido al dumping ruso en los mercados africanos y porque una parte de los cereales que solo deber\u00edan transitar por Rumania permanece en los almacenes y, posteriormente, se comercializa a un precio inferior en el pa\u00eds, especialmente en el sector ganadero\u201d, explica el experto, quien subraya que \u201clos cereales ucranianos no tienen una trazabilidad clara.<\/p>\n\n\n\n<p>Promesas<\/p>\n\n\n\n<p class=\"just\">Tras reunirse con representantes de ambos sectores, el primer ministro, Marcel Ciolacu, anunci\u00f3 a finales de enero que destinar\u00e1 250 millones de euros para compensar las p\u00e9rdidas sufridas por la guerra en Ucrania, el aplazamiento de las cuotas de los pr\u00e9stamos a los productores agr\u00edcolas perjudicados por la sequ\u00eda y una ayuda de 100 euros por hect\u00e1rea, mientras que los transportistas ver\u00edan modificada la forma de realizar los controles de peso en las fronteras para acelerar su paso, as\u00ed como una posible devoluci\u00f3n parcial del impuesto especial sobre los combustibles.<\/p>\n\n\n\n<p class=\"just\">A\u00fan as\u00ed, los manifestantes no se f\u00edan. \u201cLas autoridades est\u00e1n haciendo la vista gorda ante las importaciones baratas de cereales procedentes de Ucrania y el precio del di\u00e9sel sigue subiendo, lo que nos est\u00e1 llevando al borde de la quiebra\u201d, insiste Cezar, un agricultor de 48 a\u00f1os de Suceava, al norte de Rumania, que se desplaz\u00f3 con su tractor hasta la capital rumana. Para Dan Tapalaga, analista pol\u00edtico, el Ejecutivo habr\u00eda llevado a cabo una desviaci\u00f3n en el presupuesto estatal. \u201cEl dinero asignado al sector agr\u00edcola se habr\u00eda gastado para otros fines, como el aumento de los salarios en las instituciones p\u00fablicas o las pensiones especiales de cara a las numerosas elecciones que se celebrar\u00e1n a lo largo de este a\u00f1o, empezando en junio con las europeas y seguidas por las locales, presidenciales y parlamentarias en oto\u00f1o\u201d, denuncia.<\/p>\n\n\n\n<p>Otras noticias de interes :<\/p>\n\n\n\n<p><a href=\"https:\/\/elpais.com\/economia\/negocios\/2024-02-03\/el-descontento-crece-en-rumania.html\">https:\/\/elpais.com\/economia\/negocios\/2024-02-03\/el-descontento-crece-en-rumania.html<\/a><\/p>\n","protected":false},"excerpt":{"rendered":"<p>El descontento crece en Rumania. El pa\u00eds acumula protestas de agricultores, transportistas o sanitarios en un a\u00f1o clave para el [&hellip;]<\/p>\n","protected":false},"author":3,"featured_media":0,"comment_status":"open","ping_status":"open","sticky":false,"template":"","format":"standard","meta":{"footnotes":""},"categories":[1],"tags":[],"class_list":["post-9685","post","type-post","status-publish","format-standard","hentry","category-uncategorized"],"yoast_head":"<!-- This site is optimized with the Yoast SEO plugin v27.5 - https:\/\/yoast.com\/product\/yoast-seo-wordpress\/ -->\n<title>EL PER\u00cdODISTA RA\u00daL SANCH\u00c9Z COSTA NOS HACE LLEGAR EL ART\u00cdCULO QUE PUBLIC\u00d3 EL PASADO S\u00c1BADO 3 DE FEBRERO EN EL CONOCIDO DIARIO EL PA\u00cdS. - ASEMER<\/title>\n<meta name=\"robots\" content=\"index, follow, max-snippet:-1, max-image-preview:large, max-video-preview:-1\" \/>\n<link rel=\"canonical\" href=\"https:\/\/www.asemer.ro\/index.php\/2024\/02\/28\/el-periodista-raul-sanchez-costa-nos-hace-llegar-el-articulo-que-publico-el-pasado-sabado-3-de-febrero-en-el-conocido-diario-el-pais\/\" \/>\n<meta property=\"og:locale\" content=\"es_ES\" \/>\n<meta property=\"og:type\" content=\"article\" \/>\n<meta property=\"og:title\" content=\"EL PER\u00cdODISTA RA\u00daL SANCH\u00c9Z COSTA NOS HACE LLEGAR EL ART\u00cdCULO QUE PUBLIC\u00d3 EL PASADO S\u00c1BADO 3 DE FEBRERO EN EL CONOCIDO DIARIO EL PA\u00cdS. - ASEMER\" \/>\n<meta property=\"og:description\" content=\"El descontento crece en Rumania. El pa\u00eds acumula protestas de agricultores, transportistas o sanitarios en un a\u00f1o clave para el [&hellip;]\" \/>\n<meta property=\"og:url\" content=\"https:\/\/www.asemer.ro\/index.php\/2024\/02\/28\/el-periodista-raul-sanchez-costa-nos-hace-llegar-el-articulo-que-publico-el-pasado-sabado-3-de-febrero-en-el-conocido-diario-el-pais\/\" \/>\n<meta property=\"og:site_name\" content=\"ASEMER\" \/>\n<meta property=\"article:publisher\" content=\"https:\/\/www.facebook.com\/asociacionasemer\" \/>\n<meta property=\"article:published_time\" content=\"2024-02-28T11:43:55+00:00\" \/>\n<meta property=\"article:modified_time\" content=\"2024-02-29T10:52:42+00:00\" \/>\n<meta property=\"og:image\" content=\"https:\/\/imagenes.elpais.com\/resizer\/kD8mnmu1gBzX2wfVIPIsR_86wnI=\/414x0\/filters:focal(2928x1530:2938x1540)\/cloudfront-eu-central-1.images.arcpublishing.com\/prisa\/PQZ3MBCGQBHENKNVW2LZ5RV5IE.jpg\" \/>\n<meta name=\"author\" content=\"Admin Asemer\" \/>\n<meta name=\"twitter:card\" content=\"summary_large_image\" \/>\n<meta name=\"twitter:creator\" content=\"@asemer_rumania\" \/>\n<meta name=\"twitter:site\" content=\"@asemer_rumania\" \/>\n<meta name=\"twitter:label1\" content=\"Escrito por\" \/>\n\t<meta name=\"twitter:data1\" content=\"Admin Asemer\" \/>\n<script type=\"application\/ld+json\" class=\"yoast-schema-graph\">{\"@context\":\"https:\\\/\\\/schema.org\",\"@graph\":[{\"@type\":\"Article\",\"@id\":\"https:\\\/\\\/www.asemer.ro\\\/index.php\\\/2024\\\/02\\\/28\\\/el-periodista-raul-sanchez-costa-nos-hace-llegar-el-articulo-que-publico-el-pasado-sabado-3-de-febrero-en-el-conocido-diario-el-pais\\\/#article\",\"isPartOf\":{\"@id\":\"https:\\\/\\\/www.asemer.ro\\\/index.php\\\/2024\\\/02\\\/28\\\/el-periodista-raul-sanchez-costa-nos-hace-llegar-el-articulo-que-publico-el-pasado-sabado-3-de-febrero-en-el-conocido-diario-el-pais\\\/\"},\"author\":{\"name\":\"Admin Asemer\",\"@id\":\"https:\\\/\\\/www.asemer.ro\\\/#\\\/schema\\\/person\\\/36de47e444c0f1a7b737a035d40519f9\"},\"headline\":\"EL PER\u00cdODISTA RA\u00daL SANCH\u00c9Z COSTA NOS HACE LLEGAR EL ART\u00cdCULO QUE PUBLIC\u00d3 EL PASADO S\u00c1BADO 3 DE FEBRERO EN EL CONOCIDO DIARIO EL PA\u00cdS.\",\"datePublished\":\"2024-02-28T11:43:55+00:00\",\"dateModified\":\"2024-02-29T10:52:42+00:00\",\"mainEntityOfPage\":{\"@id\":\"https:\\\/\\\/www.asemer.ro\\\/index.php\\\/2024\\\/02\\\/28\\\/el-periodista-raul-sanchez-costa-nos-hace-llegar-el-articulo-que-publico-el-pasado-sabado-3-de-febrero-en-el-conocido-diario-el-pais\\\/\"},\"wordCount\":807,\"commentCount\":0,\"publisher\":{\"@id\":\"https:\\\/\\\/www.asemer.ro\\\/#organization\"},\"image\":{\"@id\":\"https:\\\/\\\/www.asemer.ro\\\/index.php\\\/2024\\\/02\\\/28\\\/el-periodista-raul-sanchez-costa-nos-hace-llegar-el-articulo-que-publico-el-pasado-sabado-3-de-febrero-en-el-conocido-diario-el-pais\\\/#primaryimage\"},\"thumbnailUrl\":\"https:\\\/\\\/imagenes.elpais.com\\\/resizer\\\/kD8mnmu1gBzX2wfVIPIsR_86wnI=\\\/414x0\\\/filters:focal(2928x1530:2938x1540)\\\/cloudfront-eu-central-1.images.arcpublishing.com\\\/prisa\\\/PQZ3MBCGQBHENKNVW2LZ5RV5IE.jpg\",\"articleSection\":[\"Uncategorized\"],\"inLanguage\":\"es\",\"potentialAction\":[{\"@type\":\"CommentAction\",\"name\":\"Comment\",\"target\":[\"https:\\\/\\\/www.asemer.ro\\\/index.php\\\/2024\\\/02\\\/28\\\/el-periodista-raul-sanchez-costa-nos-hace-llegar-el-articulo-que-publico-el-pasado-sabado-3-de-febrero-en-el-conocido-diario-el-pais\\\/#respond\"]}]},{\"@type\":\"WebPage\",\"@id\":\"https:\\\/\\\/www.asemer.ro\\\/index.php\\\/2024\\\/02\\\/28\\\/el-periodista-raul-sanchez-costa-nos-hace-llegar-el-articulo-que-publico-el-pasado-sabado-3-de-febrero-en-el-conocido-diario-el-pais\\\/\",\"url\":\"https:\\\/\\\/www.asemer.ro\\\/index.php\\\/2024\\\/02\\\/28\\\/el-periodista-raul-sanchez-costa-nos-hace-llegar-el-articulo-que-publico-el-pasado-sabado-3-de-febrero-en-el-conocido-diario-el-pais\\\/\",\"name\":\"EL PER\u00cdODISTA RA\u00daL SANCH\u00c9Z COSTA NOS HACE LLEGAR EL ART\u00cdCULO QUE PUBLIC\u00d3 EL PASADO S\u00c1BADO 3 DE FEBRERO EN EL CONOCIDO DIARIO EL PA\u00cdS. - ASEMER\",\"isPartOf\":{\"@id\":\"https:\\\/\\\/www.asemer.ro\\\/#website\"},\"primaryImageOfPage\":{\"@id\":\"https:\\\/\\\/www.asemer.ro\\\/index.php\\\/2024\\\/02\\\/28\\\/el-periodista-raul-sanchez-costa-nos-hace-llegar-el-articulo-que-publico-el-pasado-sabado-3-de-febrero-en-el-conocido-diario-el-pais\\\/#primaryimage\"},\"image\":{\"@id\":\"https:\\\/\\\/www.asemer.ro\\\/index.php\\\/2024\\\/02\\\/28\\\/el-periodista-raul-sanchez-costa-nos-hace-llegar-el-articulo-que-publico-el-pasado-sabado-3-de-febrero-en-el-conocido-diario-el-pais\\\/#primaryimage\"},\"thumbnailUrl\":\"https:\\\/\\\/imagenes.elpais.com\\\/resizer\\\/kD8mnmu1gBzX2wfVIPIsR_86wnI=\\\/414x0\\\/filters:focal(2928x1530:2938x1540)\\\/cloudfront-eu-central-1.images.arcpublishing.com\\\/prisa\\\/PQZ3MBCGQBHENKNVW2LZ5RV5IE.jpg\",\"datePublished\":\"2024-02-28T11:43:55+00:00\",\"dateModified\":\"2024-02-29T10:52:42+00:00\",\"breadcrumb\":{\"@id\":\"https:\\\/\\\/www.asemer.ro\\\/index.php\\\/2024\\\/02\\\/28\\\/el-periodista-raul-sanchez-costa-nos-hace-llegar-el-articulo-que-publico-el-pasado-sabado-3-de-febrero-en-el-conocido-diario-el-pais\\\/#breadcrumb\"},\"inLanguage\":\"es\",\"potentialAction\":[{\"@type\":\"ReadAction\",\"target\":[\"https:\\\/\\\/www.asemer.ro\\\/index.php\\\/2024\\\/02\\\/28\\\/el-periodista-raul-sanchez-costa-nos-hace-llegar-el-articulo-que-publico-el-pasado-sabado-3-de-febrero-en-el-conocido-diario-el-pais\\\/\"]}]},{\"@type\":\"ImageObject\",\"inLanguage\":\"es\",\"@id\":\"https:\\\/\\\/www.asemer.ro\\\/index.php\\\/2024\\\/02\\\/28\\\/el-periodista-raul-sanchez-costa-nos-hace-llegar-el-articulo-que-publico-el-pasado-sabado-3-de-febrero-en-el-conocido-diario-el-pais\\\/#primaryimage\",\"url\":\"https:\\\/\\\/imagenes.elpais.com\\\/resizer\\\/kD8mnmu1gBzX2wfVIPIsR_86wnI=\\\/414x0\\\/filters:focal(2928x1530:2938x1540)\\\/cloudfront-eu-central-1.images.arcpublishing.com\\\/prisa\\\/PQZ3MBCGQBHENKNVW2LZ5RV5IE.jpg\",\"contentUrl\":\"https:\\\/\\\/imagenes.elpais.com\\\/resizer\\\/kD8mnmu1gBzX2wfVIPIsR_86wnI=\\\/414x0\\\/filters:focal(2928x1530:2938x1540)\\\/cloudfront-eu-central-1.images.arcpublishing.com\\\/prisa\\\/PQZ3MBCGQBHENKNVW2LZ5RV5IE.jpg\"},{\"@type\":\"BreadcrumbList\",\"@id\":\"https:\\\/\\\/www.asemer.ro\\\/index.php\\\/2024\\\/02\\\/28\\\/el-periodista-raul-sanchez-costa-nos-hace-llegar-el-articulo-que-publico-el-pasado-sabado-3-de-febrero-en-el-conocido-diario-el-pais\\\/#breadcrumb\",\"itemListElement\":[{\"@type\":\"ListItem\",\"position\":1,\"name\":\"Home\",\"item\":\"https:\\\/\\\/www.asemer.ro\\\/\"},{\"@type\":\"ListItem\",\"position\":2,\"name\":\"EL PER\u00cdODISTA RA\u00daL SANCH\u00c9Z COSTA NOS HACE LLEGAR EL ART\u00cdCULO QUE PUBLIC\u00d3 EL PASADO S\u00c1BADO 3 DE FEBRERO EN EL CONOCIDO DIARIO EL PA\u00cdS.\"}]},{\"@type\":\"WebSite\",\"@id\":\"https:\\\/\\\/www.asemer.ro\\\/#website\",\"url\":\"https:\\\/\\\/www.asemer.ro\\\/\",\"name\":\"ASEMER\",\"description\":\"Asociaci\u00f3n de Empresas Espa\u00f1olas en Ruman\u00eda\",\"publisher\":{\"@id\":\"https:\\\/\\\/www.asemer.ro\\\/#organization\"},\"potentialAction\":[{\"@type\":\"SearchAction\",\"target\":{\"@type\":\"EntryPoint\",\"urlTemplate\":\"https:\\\/\\\/www.asemer.ro\\\/?s={search_term_string}\"},\"query-input\":{\"@type\":\"PropertyValueSpecification\",\"valueRequired\":true,\"valueName\":\"search_term_string\"}}],\"inLanguage\":\"es\"},{\"@type\":\"Organization\",\"@id\":\"https:\\\/\\\/www.asemer.ro\\\/#organization\",\"name\":\"ASEMER\",\"url\":\"https:\\\/\\\/www.asemer.ro\\\/\",\"logo\":{\"@type\":\"ImageObject\",\"inLanguage\":\"es\",\"@id\":\"https:\\\/\\\/www.asemer.ro\\\/#\\\/schema\\\/logo\\\/image\\\/\",\"url\":\"https:\\\/\\\/www.asemer.ro\\\/wp-content\\\/uploads\\\/2020\\\/12\\\/logo-ASEMER-scaled.jpg\",\"contentUrl\":\"https:\\\/\\\/www.asemer.ro\\\/wp-content\\\/uploads\\\/2020\\\/12\\\/logo-ASEMER-scaled.jpg\",\"width\":2560,\"height\":849,\"caption\":\"ASEMER\"},\"image\":{\"@id\":\"https:\\\/\\\/www.asemer.ro\\\/#\\\/schema\\\/logo\\\/image\\\/\"},\"sameAs\":[\"https:\\\/\\\/www.facebook.com\\\/asociacionasemer\",\"https:\\\/\\\/x.com\\\/asemer_rumania\",\"https:\\\/\\\/ro.linkedin.com\\\/in\\\/asemer-asociaci\u00f3n-empresas-espa\u00f1olas-en-ruman\u00eda-724772a6?trk=author_mini-profile_title\",\"https:\\\/\\\/www.youtube.com\\\/channel\\\/UC73m8-BDsg857OL0Ogv5aQA\\\/videos\"]},{\"@type\":\"Person\",\"@id\":\"https:\\\/\\\/www.asemer.ro\\\/#\\\/schema\\\/person\\\/36de47e444c0f1a7b737a035d40519f9\",\"name\":\"Admin Asemer\",\"image\":{\"@type\":\"ImageObject\",\"inLanguage\":\"es\",\"@id\":\"https:\\\/\\\/secure.gravatar.com\\\/avatar\\\/b64873d65b5be684e01a001c464789c445a7279ef3f177f5fbff5d83eb373299?s=96&d=mm&r=g\",\"url\":\"https:\\\/\\\/secure.gravatar.com\\\/avatar\\\/b64873d65b5be684e01a001c464789c445a7279ef3f177f5fbff5d83eb373299?s=96&d=mm&r=g\",\"contentUrl\":\"https:\\\/\\\/secure.gravatar.com\\\/avatar\\\/b64873d65b5be684e01a001c464789c445a7279ef3f177f5fbff5d83eb373299?s=96&d=mm&r=g\",\"caption\":\"Admin Asemer\"},\"url\":\"https:\\\/\\\/www.asemer.ro\\\/index.php\\\/author\\\/admin\\\/\"}]}<\/script>\n<!-- \/ Yoast SEO plugin. -->","yoast_head_json":{"title":"EL PER\u00cdODISTA RA\u00daL SANCH\u00c9Z COSTA NOS HACE LLEGAR EL ART\u00cdCULO QUE PUBLIC\u00d3 EL PASADO S\u00c1BADO 3 DE FEBRERO EN EL CONOCIDO DIARIO EL PA\u00cdS. - ASEMER","robots":{"index":"index","follow":"follow","max-snippet":"max-snippet:-1","max-image-preview":"max-image-preview:large","max-video-preview":"max-video-preview:-1"},"canonical":"https:\/\/www.asemer.ro\/index.php\/2024\/02\/28\/el-periodista-raul-sanchez-costa-nos-hace-llegar-el-articulo-que-publico-el-pasado-sabado-3-de-febrero-en-el-conocido-diario-el-pais\/","og_locale":"es_ES","og_type":"article","og_title":"EL PER\u00cdODISTA RA\u00daL SANCH\u00c9Z COSTA NOS HACE LLEGAR EL ART\u00cdCULO QUE PUBLIC\u00d3 EL PASADO S\u00c1BADO 3 DE FEBRERO EN EL CONOCIDO DIARIO EL PA\u00cdS. - ASEMER","og_description":"El descontento crece en Rumania. El pa\u00eds acumula protestas de agricultores, transportistas o sanitarios en un a\u00f1o clave para el [&hellip;]","og_url":"https:\/\/www.asemer.ro\/index.php\/2024\/02\/28\/el-periodista-raul-sanchez-costa-nos-hace-llegar-el-articulo-que-publico-el-pasado-sabado-3-de-febrero-en-el-conocido-diario-el-pais\/","og_site_name":"ASEMER","article_publisher":"https:\/\/www.facebook.com\/asociacionasemer","article_published_time":"2024-02-28T11:43:55+00:00","article_modified_time":"2024-02-29T10:52:42+00:00","og_image":[{"url":"https:\/\/imagenes.elpais.com\/resizer\/kD8mnmu1gBzX2wfVIPIsR_86wnI=\/414x0\/filters:focal(2928x1530:2938x1540)\/cloudfront-eu-central-1.images.arcpublishing.com\/prisa\/PQZ3MBCGQBHENKNVW2LZ5RV5IE.jpg","type":"","width":"","height":""}],"author":"Admin Asemer","twitter_card":"summary_large_image","twitter_creator":"@asemer_rumania","twitter_site":"@asemer_rumania","twitter_misc":{"Escrito por":"Admin Asemer"},"schema":{"@context":"https:\/\/schema.org","@graph":[{"@type":"Article","@id":"https:\/\/www.asemer.ro\/index.php\/2024\/02\/28\/el-periodista-raul-sanchez-costa-nos-hace-llegar-el-articulo-que-publico-el-pasado-sabado-3-de-febrero-en-el-conocido-diario-el-pais\/#article","isPartOf":{"@id":"https:\/\/www.asemer.ro\/index.php\/2024\/02\/28\/el-periodista-raul-sanchez-costa-nos-hace-llegar-el-articulo-que-publico-el-pasado-sabado-3-de-febrero-en-el-conocido-diario-el-pais\/"},"author":{"name":"Admin Asemer","@id":"https:\/\/www.asemer.ro\/#\/schema\/person\/36de47e444c0f1a7b737a035d40519f9"},"headline":"EL PER\u00cdODISTA RA\u00daL SANCH\u00c9Z COSTA NOS HACE LLEGAR EL ART\u00cdCULO QUE PUBLIC\u00d3 EL PASADO S\u00c1BADO 3 DE FEBRERO EN EL CONOCIDO DIARIO EL PA\u00cdS.","datePublished":"2024-02-28T11:43:55+00:00","dateModified":"2024-02-29T10:52:42+00:00","mainEntityOfPage":{"@id":"https:\/\/www.asemer.ro\/index.php\/2024\/02\/28\/el-periodista-raul-sanchez-costa-nos-hace-llegar-el-articulo-que-publico-el-pasado-sabado-3-de-febrero-en-el-conocido-diario-el-pais\/"},"wordCount":807,"commentCount":0,"publisher":{"@id":"https:\/\/www.asemer.ro\/#organization"},"image":{"@id":"https:\/\/www.asemer.ro\/index.php\/2024\/02\/28\/el-periodista-raul-sanchez-costa-nos-hace-llegar-el-articulo-que-publico-el-pasado-sabado-3-de-febrero-en-el-conocido-diario-el-pais\/#primaryimage"},"thumbnailUrl":"https:\/\/imagenes.elpais.com\/resizer\/kD8mnmu1gBzX2wfVIPIsR_86wnI=\/414x0\/filters:focal(2928x1530:2938x1540)\/cloudfront-eu-central-1.images.arcpublishing.com\/prisa\/PQZ3MBCGQBHENKNVW2LZ5RV5IE.jpg","articleSection":["Uncategorized"],"inLanguage":"es","potentialAction":[{"@type":"CommentAction","name":"Comment","target":["https:\/\/www.asemer.ro\/index.php\/2024\/02\/28\/el-periodista-raul-sanchez-costa-nos-hace-llegar-el-articulo-que-publico-el-pasado-sabado-3-de-febrero-en-el-conocido-diario-el-pais\/#respond"]}]},{"@type":"WebPage","@id":"https:\/\/www.asemer.ro\/index.php\/2024\/02\/28\/el-periodista-raul-sanchez-costa-nos-hace-llegar-el-articulo-que-publico-el-pasado-sabado-3-de-febrero-en-el-conocido-diario-el-pais\/","url":"https:\/\/www.asemer.ro\/index.php\/2024\/02\/28\/el-periodista-raul-sanchez-costa-nos-hace-llegar-el-articulo-que-publico-el-pasado-sabado-3-de-febrero-en-el-conocido-diario-el-pais\/","name":"EL PER\u00cdODISTA RA\u00daL SANCH\u00c9Z COSTA NOS HACE LLEGAR EL ART\u00cdCULO QUE PUBLIC\u00d3 EL PASADO S\u00c1BADO 3 DE FEBRERO EN EL CONOCIDO DIARIO EL PA\u00cdS. - ASEMER","isPartOf":{"@id":"https:\/\/www.asemer.ro\/#website"},"primaryImageOfPage":{"@id":"https:\/\/www.asemer.ro\/index.php\/2024\/02\/28\/el-periodista-raul-sanchez-costa-nos-hace-llegar-el-articulo-que-publico-el-pasado-sabado-3-de-febrero-en-el-conocido-diario-el-pais\/#primaryimage"},"image":{"@id":"https:\/\/www.asemer.ro\/index.php\/2024\/02\/28\/el-periodista-raul-sanchez-costa-nos-hace-llegar-el-articulo-que-publico-el-pasado-sabado-3-de-febrero-en-el-conocido-diario-el-pais\/#primaryimage"},"thumbnailUrl":"https:\/\/imagenes.elpais.com\/resizer\/kD8mnmu1gBzX2wfVIPIsR_86wnI=\/414x0\/filters:focal(2928x1530:2938x1540)\/cloudfront-eu-central-1.images.arcpublishing.com\/prisa\/PQZ3MBCGQBHENKNVW2LZ5RV5IE.jpg","datePublished":"2024-02-28T11:43:55+00:00","dateModified":"2024-02-29T10:52:42+00:00","breadcrumb":{"@id":"https:\/\/www.asemer.ro\/index.php\/2024\/02\/28\/el-periodista-raul-sanchez-costa-nos-hace-llegar-el-articulo-que-publico-el-pasado-sabado-3-de-febrero-en-el-conocido-diario-el-pais\/#breadcrumb"},"inLanguage":"es","potentialAction":[{"@type":"ReadAction","target":["https:\/\/www.asemer.ro\/index.php\/2024\/02\/28\/el-periodista-raul-sanchez-costa-nos-hace-llegar-el-articulo-que-publico-el-pasado-sabado-3-de-febrero-en-el-conocido-diario-el-pais\/"]}]},{"@type":"ImageObject","inLanguage":"es","@id":"https:\/\/www.asemer.ro\/index.php\/2024\/02\/28\/el-periodista-raul-sanchez-costa-nos-hace-llegar-el-articulo-que-publico-el-pasado-sabado-3-de-febrero-en-el-conocido-diario-el-pais\/#primaryimage","url":"https:\/\/imagenes.elpais.com\/resizer\/kD8mnmu1gBzX2wfVIPIsR_86wnI=\/414x0\/filters:focal(2928x1530:2938x1540)\/cloudfront-eu-central-1.images.arcpublishing.com\/prisa\/PQZ3MBCGQBHENKNVW2LZ5RV5IE.jpg","contentUrl":"https:\/\/imagenes.elpais.com\/resizer\/kD8mnmu1gBzX2wfVIPIsR_86wnI=\/414x0\/filters:focal(2928x1530:2938x1540)\/cloudfront-eu-central-1.images.arcpublishing.com\/prisa\/PQZ3MBCGQBHENKNVW2LZ5RV5IE.jpg"},{"@type":"BreadcrumbList","@id":"https:\/\/www.asemer.ro\/index.php\/2024\/02\/28\/el-periodista-raul-sanchez-costa-nos-hace-llegar-el-articulo-que-publico-el-pasado-sabado-3-de-febrero-en-el-conocido-diario-el-pais\/#breadcrumb","itemListElement":[{"@type":"ListItem","position":1,"name":"Home","item":"https:\/\/www.asemer.ro\/"},{"@type":"ListItem","position":2,"name":"EL PER\u00cdODISTA RA\u00daL SANCH\u00c9Z COSTA NOS HACE LLEGAR EL ART\u00cdCULO QUE PUBLIC\u00d3 EL PASADO S\u00c1BADO 3 DE FEBRERO EN EL CONOCIDO DIARIO EL PA\u00cdS."}]},{"@type":"WebSite","@id":"https:\/\/www.asemer.ro\/#website","url":"https:\/\/www.asemer.ro\/","name":"ASEMER","description":"Asociaci\u00f3n de Empresas Espa\u00f1olas en Ruman\u00eda","publisher":{"@id":"https:\/\/www.asemer.ro\/#organization"},"potentialAction":[{"@type":"SearchAction","target":{"@type":"EntryPoint","urlTemplate":"https:\/\/www.asemer.ro\/?s={search_term_string}"},"query-input":{"@type":"PropertyValueSpecification","valueRequired":true,"valueName":"search_term_string"}}],"inLanguage":"es"},{"@type":"Organization","@id":"https:\/\/www.asemer.ro\/#organization","name":"ASEMER","url":"https:\/\/www.asemer.ro\/","logo":{"@type":"ImageObject","inLanguage":"es","@id":"https:\/\/www.asemer.ro\/#\/schema\/logo\/image\/","url":"https:\/\/www.asemer.ro\/wp-content\/uploads\/2020\/12\/logo-ASEMER-scaled.jpg","contentUrl":"https:\/\/www.asemer.ro\/wp-content\/uploads\/2020\/12\/logo-ASEMER-scaled.jpg","width":2560,"height":849,"caption":"ASEMER"},"image":{"@id":"https:\/\/www.asemer.ro\/#\/schema\/logo\/image\/"},"sameAs":["https:\/\/www.facebook.com\/asociacionasemer","https:\/\/x.com\/asemer_rumania","https:\/\/ro.linkedin.com\/in\/asemer-asociaci\u00f3n-empresas-espa\u00f1olas-en-ruman\u00eda-724772a6?trk=author_mini-profile_title","https:\/\/www.youtube.com\/channel\/UC73m8-BDsg857OL0Ogv5aQA\/videos"]},{"@type":"Person","@id":"https:\/\/www.asemer.ro\/#\/schema\/person\/36de47e444c0f1a7b737a035d40519f9","name":"Admin Asemer","image":{"@type":"ImageObject","inLanguage":"es","@id":"https:\/\/secure.gravatar.com\/avatar\/b64873d65b5be684e01a001c464789c445a7279ef3f177f5fbff5d83eb373299?s=96&d=mm&r=g","url":"https:\/\/secure.gravatar.com\/avatar\/b64873d65b5be684e01a001c464789c445a7279ef3f177f5fbff5d83eb373299?s=96&d=mm&r=g","contentUrl":"https:\/\/secure.gravatar.com\/avatar\/b64873d65b5be684e01a001c464789c445a7279ef3f177f5fbff5d83eb373299?s=96&d=mm&r=g","caption":"Admin Asemer"},"url":"https:\/\/www.asemer.ro\/index.php\/author\/admin\/"}]}},"_links":{"self":[{"href":"https:\/\/www.asemer.ro\/index.php\/wp-json\/wp\/v2\/posts\/9685","targetHints":{"allow":["GET"]}}],"collection":[{"href":"https:\/\/www.asemer.ro\/index.php\/wp-json\/wp\/v2\/posts"}],"about":[{"href":"https:\/\/www.asemer.ro\/index.php\/wp-json\/wp\/v2\/types\/post"}],"author":[{"embeddable":true,"href":"https:\/\/www.asemer.ro\/index.php\/wp-json\/wp\/v2\/users\/3"}],"replies":[{"embeddable":true,"href":"https:\/\/www.asemer.ro\/index.php\/wp-json\/wp\/v2\/comments?post=9685"}],"version-history":[{"count":5,"href":"https:\/\/www.asemer.ro\/index.php\/wp-json\/wp\/v2\/posts\/9685\/revisions"}],"predecessor-version":[{"id":9736,"href":"https:\/\/www.asemer.ro\/index.php\/wp-json\/wp\/v2\/posts\/9685\/revisions\/9736"}],"wp:attachment":[{"href":"https:\/\/www.asemer.ro\/index.php\/wp-json\/wp\/v2\/media?parent=9685"}],"wp:term":[{"taxonomy":"category","embeddable":true,"href":"https:\/\/www.asemer.ro\/index.php\/wp-json\/wp\/v2\/categories?post=9685"},{"taxonomy":"post_tag","embeddable":true,"href":"https:\/\/www.asemer.ro\/index.php\/wp-json\/wp\/v2\/tags?post=9685"}],"curies":[{"name":"wp","href":"https:\/\/api.w.org\/{rel}","templated":true}]}}