{"id":9858,"date":"2024-03-29T18:40:14","date_gmt":"2024-03-29T16:40:14","guid":{"rendered":"https:\/\/www.asemer.ro\/?p=9858"},"modified":"2024-03-29T18:40:20","modified_gmt":"2024-03-29T16:40:20","slug":"concierto-cinestesia-22-de-abril","status":"publish","type":"post","link":"https:\/\/www.asemer.ro\/index.php\/2024\/03\/29\/concierto-cinestesia-22-de-abril\/","title":{"rendered":"CONCIERTO CINESTESIA, 22 DE ABRIL"},"content":{"rendered":"\n<h2 class=\"wp-block-heading Just\">Asemer tiene el honor de participar como invitado especial al lado de La C\u00e1mara de Comercio Bilateral de B\u00e9lgica el pr\u00f3ximo 22 de abril en el Hotel Caro, como parte de las festividades de la Semana Belga organizada por la C\u00e1mara  de Comercio Belga Luxemburgo Rumano Moldova.<\/h2>\n\n\n\n<p class=\"Just\">Disfrute de una maravillosa velada, en un concierto verdaderamente \u00fanico y maravilloso, adem\u00e1s de conocer gente nueva y ampliar sus contactos. <\/p>\n\n\n\n<p>Les esperamos con ilusi\u00f3n.<\/p>\n\n\n\n<p>Pueden registrarse al evento completando el formulario:<\/p>\n\n\n\n<p><a href=\"https:\/\/docs.google.com\/forms\/d\/e\/1FAIpQLScqN9fpogHBahbVClqHODE5JbL1h-0WnEMwhkWUcExrXvYeqA\/viewform?vc=0&amp;c=0&amp;w=1&amp;flr=0\">https:\/\/docs.google.com\/forms\/d\/e\/1FAIpQLScqN9fpogHBahbVClqHODE5JbL1h-0WnEMwhkWUcExrXvYeqA\/viewform?vc=0&amp;c=0&amp;w=1&amp;flr=0<\/a><\/p>\n\n\n\n<figure class=\"wp-block-image size-large\"><img loading=\"lazy\" decoding=\"async\" width=\"768\" height=\"1024\" src=\"https:\/\/www.asemer.ro\/wp-content\/uploads\/2024\/03\/Berocc-768x1024.jpg\" alt=\"\" class=\"wp-image-9859\" srcset=\"https:\/\/www.asemer.ro\/wp-content\/uploads\/2024\/03\/Berocc-768x1024.jpg 768w, https:\/\/www.asemer.ro\/wp-content\/uploads\/2024\/03\/Berocc-225x300.jpg 225w, https:\/\/www.asemer.ro\/wp-content\/uploads\/2024\/03\/Berocc-576x768.jpg 576w, https:\/\/www.asemer.ro\/wp-content\/uploads\/2024\/03\/Berocc-1152x1536.jpg 1152w, https:\/\/www.asemer.ro\/wp-content\/uploads\/2024\/03\/Berocc-720x960.jpg 720w, https:\/\/www.asemer.ro\/wp-content\/uploads\/2024\/03\/Berocc.jpg 1200w\" sizes=\"auto, (max-width: 768px) 100vw, 768px\" \/><\/figure>\n","protected":false},"excerpt":{"rendered":"<p>Asemer tiene el honor de participar como invitado especial al lado de La C\u00e1mara de Comercio Bilateral de B\u00e9lgica el [&hellip;]<\/p>\n","protected":false},"author":3,"featured_media":0,"comment_status":"open","ping_status":"open","sticky":false,"template":"","format":"standard","meta":{"footnotes":""},"categories":[1],"tags":[],"class_list":["post-9858","post","type-post","status-publish","format-standard","hentry","category-uncategorized"],"yoast_head":"<!-- This site is optimized with the Yoast SEO plugin v27.5 - https:\/\/yoast.com\/product\/yoast-seo-wordpress\/ -->\n<title>CONCIERTO CINESTESIA, 22 DE ABRIL - ASEMER<\/title>\n<meta name=\"robots\" content=\"index, follow, max-snippet:-1, max-image-preview:large, max-video-preview:-1\" \/>\n<link rel=\"canonical\" href=\"https:\/\/www.asemer.ro\/index.php\/2024\/03\/29\/concierto-cinestesia-22-de-abril\/\" \/>\n<meta property=\"og:locale\" content=\"es_ES\" \/>\n<meta property=\"og:type\" content=\"article\" \/>\n<meta property=\"og:title\" content=\"CONCIERTO CINESTESIA, 22 DE ABRIL - ASEMER\" \/>\n<meta property=\"og:description\" content=\"Asemer tiene el honor de participar como invitado especial al lado de La C\u00e1mara de Comercio Bilateral de B\u00e9lgica el [&hellip;]\" \/>\n<meta property=\"og:url\" content=\"https:\/\/www.asemer.ro\/index.php\/2024\/03\/29\/concierto-cinestesia-22-de-abril\/\" \/>\n<meta property=\"og:site_name\" content=\"ASEMER\" \/>\n<meta property=\"article:publisher\" content=\"https:\/\/www.facebook.com\/asociacionasemer\" \/>\n<meta property=\"article:published_time\" content=\"2024-03-29T16:40:14+00:00\" \/>\n<meta property=\"article:modified_time\" content=\"2024-03-29T16:40:20+00:00\" \/>\n<meta property=\"og:image\" content=\"https:\/\/www.asemer.ro\/wp-content\/uploads\/2024\/03\/Berocc-768x1024.jpg\" \/>\n<meta name=\"author\" content=\"Admin Asemer\" \/>\n<meta name=\"twitter:card\" content=\"summary_large_image\" \/>\n<meta name=\"twitter:creator\" content=\"@asemer_rumania\" \/>\n<meta name=\"twitter:site\" content=\"@asemer_rumania\" \/>\n<meta name=\"twitter:label1\" content=\"Escrito por\" \/>\n\t<meta name=\"twitter:data1\" content=\"Admin Asemer\" \/>\n\t<meta name=\"twitter:label2\" content=\"Tiempo de lectura\" \/>\n\t<meta name=\"twitter:data2\" content=\"1 minuto\" \/>\n<script type=\"application\/ld+json\" class=\"yoast-schema-graph\">{\"@context\":\"https:\\\/\\\/schema.org\",\"@graph\":[{\"@type\":\"Article\",\"@id\":\"https:\\\/\\\/www.asemer.ro\\\/index.php\\\/2024\\\/03\\\/29\\\/concierto-cinestesia-22-de-abril\\\/#article\",\"isPartOf\":{\"@id\":\"https:\\\/\\\/www.asemer.ro\\\/index.php\\\/2024\\\/03\\\/29\\\/concierto-cinestesia-22-de-abril\\\/\"},\"author\":{\"name\":\"Admin Asemer\",\"@id\":\"https:\\\/\\\/www.asemer.ro\\\/#\\\/schema\\\/person\\\/36de47e444c0f1a7b737a035d40519f9\"},\"headline\":\"CONCIERTO CINESTESIA, 22 DE ABRIL\",\"datePublished\":\"2024-03-29T16:40:14+00:00\",\"dateModified\":\"2024-03-29T16:40:20+00:00\",\"mainEntityOfPage\":{\"@id\":\"https:\\\/\\\/www.asemer.ro\\\/index.php\\\/2024\\\/03\\\/29\\\/concierto-cinestesia-22-de-abril\\\/\"},\"wordCount\":108,\"commentCount\":0,\"publisher\":{\"@id\":\"https:\\\/\\\/www.asemer.ro\\\/#organization\"},\"image\":{\"@id\":\"https:\\\/\\\/www.asemer.ro\\\/index.php\\\/2024\\\/03\\\/29\\\/concierto-cinestesia-22-de-abril\\\/#primaryimage\"},\"thumbnailUrl\":\"https:\\\/\\\/www.asemer.ro\\\/wp-content\\\/uploads\\\/2024\\\/03\\\/Berocc-768x1024.jpg\",\"articleSection\":[\"Uncategorized\"],\"inLanguage\":\"es\",\"potentialAction\":[{\"@type\":\"CommentAction\",\"name\":\"Comment\",\"target\":[\"https:\\\/\\\/www.asemer.ro\\\/index.php\\\/2024\\\/03\\\/29\\\/concierto-cinestesia-22-de-abril\\\/#respond\"]}]},{\"@type\":\"WebPage\",\"@id\":\"https:\\\/\\\/www.asemer.ro\\\/index.php\\\/2024\\\/03\\\/29\\\/concierto-cinestesia-22-de-abril\\\/\",\"url\":\"https:\\\/\\\/www.asemer.ro\\\/index.php\\\/2024\\\/03\\\/29\\\/concierto-cinestesia-22-de-abril\\\/\",\"name\":\"CONCIERTO CINESTESIA, 22 DE ABRIL - ASEMER\",\"isPartOf\":{\"@id\":\"https:\\\/\\\/www.asemer.ro\\\/#website\"},\"primaryImageOfPage\":{\"@id\":\"https:\\\/\\\/www.asemer.ro\\\/index.php\\\/2024\\\/03\\\/29\\\/concierto-cinestesia-22-de-abril\\\/#primaryimage\"},\"image\":{\"@id\":\"https:\\\/\\\/www.asemer.ro\\\/index.php\\\/2024\\\/03\\\/29\\\/concierto-cinestesia-22-de-abril\\\/#primaryimage\"},\"thumbnailUrl\":\"https:\\\/\\\/www.asemer.ro\\\/wp-content\\\/uploads\\\/2024\\\/03\\\/Berocc-768x1024.jpg\",\"datePublished\":\"2024-03-29T16:40:14+00:00\",\"dateModified\":\"2024-03-29T16:40:20+00:00\",\"breadcrumb\":{\"@id\":\"https:\\\/\\\/www.asemer.ro\\\/index.php\\\/2024\\\/03\\\/29\\\/concierto-cinestesia-22-de-abril\\\/#breadcrumb\"},\"inLanguage\":\"es\",\"potentialAction\":[{\"@type\":\"ReadAction\",\"target\":[\"https:\\\/\\\/www.asemer.ro\\\/index.php\\\/2024\\\/03\\\/29\\\/concierto-cinestesia-22-de-abril\\\/\"]}]},{\"@type\":\"ImageObject\",\"inLanguage\":\"es\",\"@id\":\"https:\\\/\\\/www.asemer.ro\\\/index.php\\\/2024\\\/03\\\/29\\\/concierto-cinestesia-22-de-abril\\\/#primaryimage\",\"url\":\"https:\\\/\\\/www.asemer.ro\\\/wp-content\\\/uploads\\\/2024\\\/03\\\/Berocc.jpg\",\"contentUrl\":\"https:\\\/\\\/www.asemer.ro\\\/wp-content\\\/uploads\\\/2024\\\/03\\\/Berocc.jpg\",\"width\":1200,\"height\":1600},{\"@type\":\"BreadcrumbList\",\"@id\":\"https:\\\/\\\/www.asemer.ro\\\/index.php\\\/2024\\\/03\\\/29\\\/concierto-cinestesia-22-de-abril\\\/#breadcrumb\",\"itemListElement\":[{\"@type\":\"ListItem\",\"position\":1,\"name\":\"Home\",\"item\":\"https:\\\/\\\/www.asemer.ro\\\/\"},{\"@type\":\"ListItem\",\"position\":2,\"name\":\"CONCIERTO CINESTESIA, 22 DE ABRIL\"}]},{\"@type\":\"WebSite\",\"@id\":\"https:\\\/\\\/www.asemer.ro\\\/#website\",\"url\":\"https:\\\/\\\/www.asemer.ro\\\/\",\"name\":\"ASEMER\",\"description\":\"Asociaci\u00f3n de Empresas Espa\u00f1olas en Ruman\u00eda\",\"publisher\":{\"@id\":\"https:\\\/\\\/www.asemer.ro\\\/#organization\"},\"potentialAction\":[{\"@type\":\"SearchAction\",\"target\":{\"@type\":\"EntryPoint\",\"urlTemplate\":\"https:\\\/\\\/www.asemer.ro\\\/?s={search_term_string}\"},\"query-input\":{\"@type\":\"PropertyValueSpecification\",\"valueRequired\":true,\"valueName\":\"search_term_string\"}}],\"inLanguage\":\"es\"},{\"@type\":\"Organization\",\"@id\":\"https:\\\/\\\/www.asemer.ro\\\/#organization\",\"name\":\"ASEMER\",\"url\":\"https:\\\/\\\/www.asemer.ro\\\/\",\"logo\":{\"@type\":\"ImageObject\",\"inLanguage\":\"es\",\"@id\":\"https:\\\/\\\/www.asemer.ro\\\/#\\\/schema\\\/logo\\\/image\\\/\",\"url\":\"https:\\\/\\\/www.asemer.ro\\\/wp-content\\\/uploads\\\/2020\\\/12\\\/logo-ASEMER-scaled.jpg\",\"contentUrl\":\"https:\\\/\\\/www.asemer.ro\\\/wp-content\\\/uploads\\\/2020\\\/12\\\/logo-ASEMER-scaled.jpg\",\"width\":2560,\"height\":849,\"caption\":\"ASEMER\"},\"image\":{\"@id\":\"https:\\\/\\\/www.asemer.ro\\\/#\\\/schema\\\/logo\\\/image\\\/\"},\"sameAs\":[\"https:\\\/\\\/www.facebook.com\\\/asociacionasemer\",\"https:\\\/\\\/x.com\\\/asemer_rumania\",\"https:\\\/\\\/ro.linkedin.com\\\/in\\\/asemer-asociaci\u00f3n-empresas-espa\u00f1olas-en-ruman\u00eda-724772a6?trk=author_mini-profile_title\",\"https:\\\/\\\/www.youtube.com\\\/channel\\\/UC73m8-BDsg857OL0Ogv5aQA\\\/videos\"]},{\"@type\":\"Person\",\"@id\":\"https:\\\/\\\/www.asemer.ro\\\/#\\\/schema\\\/person\\\/36de47e444c0f1a7b737a035d40519f9\",\"name\":\"Admin Asemer\",\"image\":{\"@type\":\"ImageObject\",\"inLanguage\":\"es\",\"@id\":\"https:\\\/\\\/secure.gravatar.com\\\/avatar\\\/b64873d65b5be684e01a001c464789c445a7279ef3f177f5fbff5d83eb373299?s=96&d=mm&r=g\",\"url\":\"https:\\\/\\\/secure.gravatar.com\\\/avatar\\\/b64873d65b5be684e01a001c464789c445a7279ef3f177f5fbff5d83eb373299?s=96&d=mm&r=g\",\"contentUrl\":\"https:\\\/\\\/secure.gravatar.com\\\/avatar\\\/b64873d65b5be684e01a001c464789c445a7279ef3f177f5fbff5d83eb373299?s=96&d=mm&r=g\",\"caption\":\"Admin Asemer\"},\"url\":\"https:\\\/\\\/www.asemer.ro\\\/index.php\\\/author\\\/admin\\\/\"}]}<\/script>\n<!-- \/ Yoast SEO plugin. -->","yoast_head_json":{"title":"CONCIERTO CINESTESIA, 22 DE ABRIL - ASEMER","robots":{"index":"index","follow":"follow","max-snippet":"max-snippet:-1","max-image-preview":"max-image-preview:large","max-video-preview":"max-video-preview:-1"},"canonical":"https:\/\/www.asemer.ro\/index.php\/2024\/03\/29\/concierto-cinestesia-22-de-abril\/","og_locale":"es_ES","og_type":"article","og_title":"CONCIERTO CINESTESIA, 22 DE ABRIL - ASEMER","og_description":"Asemer tiene el honor de participar como invitado especial al lado de La C\u00e1mara de Comercio Bilateral de B\u00e9lgica el [&hellip;]","og_url":"https:\/\/www.asemer.ro\/index.php\/2024\/03\/29\/concierto-cinestesia-22-de-abril\/","og_site_name":"ASEMER","article_publisher":"https:\/\/www.facebook.com\/asociacionasemer","article_published_time":"2024-03-29T16:40:14+00:00","article_modified_time":"2024-03-29T16:40:20+00:00","og_image":[{"url":"https:\/\/www.asemer.ro\/wp-content\/uploads\/2024\/03\/Berocc-768x1024.jpg","type":"","width":"","height":""}],"author":"Admin Asemer","twitter_card":"summary_large_image","twitter_creator":"@asemer_rumania","twitter_site":"@asemer_rumania","twitter_misc":{"Escrito por":"Admin Asemer","Tiempo de lectura":"1 minuto"},"schema":{"@context":"https:\/\/schema.org","@graph":[{"@type":"Article","@id":"https:\/\/www.asemer.ro\/index.php\/2024\/03\/29\/concierto-cinestesia-22-de-abril\/#article","isPartOf":{"@id":"https:\/\/www.asemer.ro\/index.php\/2024\/03\/29\/concierto-cinestesia-22-de-abril\/"},"author":{"name":"Admin Asemer","@id":"https:\/\/www.asemer.ro\/#\/schema\/person\/36de47e444c0f1a7b737a035d40519f9"},"headline":"CONCIERTO CINESTESIA, 22 DE ABRIL","datePublished":"2024-03-29T16:40:14+00:00","dateModified":"2024-03-29T16:40:20+00:00","mainEntityOfPage":{"@id":"https:\/\/www.asemer.ro\/index.php\/2024\/03\/29\/concierto-cinestesia-22-de-abril\/"},"wordCount":108,"commentCount":0,"publisher":{"@id":"https:\/\/www.asemer.ro\/#organization"},"image":{"@id":"https:\/\/www.asemer.ro\/index.php\/2024\/03\/29\/concierto-cinestesia-22-de-abril\/#primaryimage"},"thumbnailUrl":"https:\/\/www.asemer.ro\/wp-content\/uploads\/2024\/03\/Berocc-768x1024.jpg","articleSection":["Uncategorized"],"inLanguage":"es","potentialAction":[{"@type":"CommentAction","name":"Comment","target":["https:\/\/www.asemer.ro\/index.php\/2024\/03\/29\/concierto-cinestesia-22-de-abril\/#respond"]}]},{"@type":"WebPage","@id":"https:\/\/www.asemer.ro\/index.php\/2024\/03\/29\/concierto-cinestesia-22-de-abril\/","url":"https:\/\/www.asemer.ro\/index.php\/2024\/03\/29\/concierto-cinestesia-22-de-abril\/","name":"CONCIERTO CINESTESIA, 22 DE ABRIL - ASEMER","isPartOf":{"@id":"https:\/\/www.asemer.ro\/#website"},"primaryImageOfPage":{"@id":"https:\/\/www.asemer.ro\/index.php\/2024\/03\/29\/concierto-cinestesia-22-de-abril\/#primaryimage"},"image":{"@id":"https:\/\/www.asemer.ro\/index.php\/2024\/03\/29\/concierto-cinestesia-22-de-abril\/#primaryimage"},"thumbnailUrl":"https:\/\/www.asemer.ro\/wp-content\/uploads\/2024\/03\/Berocc-768x1024.jpg","datePublished":"2024-03-29T16:40:14+00:00","dateModified":"2024-03-29T16:40:20+00:00","breadcrumb":{"@id":"https:\/\/www.asemer.ro\/index.php\/2024\/03\/29\/concierto-cinestesia-22-de-abril\/#breadcrumb"},"inLanguage":"es","potentialAction":[{"@type":"ReadAction","target":["https:\/\/www.asemer.ro\/index.php\/2024\/03\/29\/concierto-cinestesia-22-de-abril\/"]}]},{"@type":"ImageObject","inLanguage":"es","@id":"https:\/\/www.asemer.ro\/index.php\/2024\/03\/29\/concierto-cinestesia-22-de-abril\/#primaryimage","url":"https:\/\/www.asemer.ro\/wp-content\/uploads\/2024\/03\/Berocc.jpg","contentUrl":"https:\/\/www.asemer.ro\/wp-content\/uploads\/2024\/03\/Berocc.jpg","width":1200,"height":1600},{"@type":"BreadcrumbList","@id":"https:\/\/www.asemer.ro\/index.php\/2024\/03\/29\/concierto-cinestesia-22-de-abril\/#breadcrumb","itemListElement":[{"@type":"ListItem","position":1,"name":"Home","item":"https:\/\/www.asemer.ro\/"},{"@type":"ListItem","position":2,"name":"CONCIERTO CINESTESIA, 22 DE ABRIL"}]},{"@type":"WebSite","@id":"https:\/\/www.asemer.ro\/#website","url":"https:\/\/www.asemer.ro\/","name":"ASEMER","description":"Asociaci\u00f3n de Empresas Espa\u00f1olas en Ruman\u00eda","publisher":{"@id":"https:\/\/www.asemer.ro\/#organization"},"potentialAction":[{"@type":"SearchAction","target":{"@type":"EntryPoint","urlTemplate":"https:\/\/www.asemer.ro\/?s={search_term_string}"},"query-input":{"@type":"PropertyValueSpecification","valueRequired":true,"valueName":"search_term_string"}}],"inLanguage":"es"},{"@type":"Organization","@id":"https:\/\/www.asemer.ro\/#organization","name":"ASEMER","url":"https:\/\/www.asemer.ro\/","logo":{"@type":"ImageObject","inLanguage":"es","@id":"https:\/\/www.asemer.ro\/#\/schema\/logo\/image\/","url":"https:\/\/www.asemer.ro\/wp-content\/uploads\/2020\/12\/logo-ASEMER-scaled.jpg","contentUrl":"https:\/\/www.asemer.ro\/wp-content\/uploads\/2020\/12\/logo-ASEMER-scaled.jpg","width":2560,"height":849,"caption":"ASEMER"},"image":{"@id":"https:\/\/www.asemer.ro\/#\/schema\/logo\/image\/"},"sameAs":["https:\/\/www.facebook.com\/asociacionasemer","https:\/\/x.com\/asemer_rumania","https:\/\/ro.linkedin.com\/in\/asemer-asociaci\u00f3n-empresas-espa\u00f1olas-en-ruman\u00eda-724772a6?trk=author_mini-profile_title","https:\/\/www.youtube.com\/channel\/UC73m8-BDsg857OL0Ogv5aQA\/videos"]},{"@type":"Person","@id":"https:\/\/www.asemer.ro\/#\/schema\/person\/36de47e444c0f1a7b737a035d40519f9","name":"Admin Asemer","image":{"@type":"ImageObject","inLanguage":"es","@id":"https:\/\/secure.gravatar.com\/avatar\/b64873d65b5be684e01a001c464789c445a7279ef3f177f5fbff5d83eb373299?s=96&d=mm&r=g","url":"https:\/\/secure.gravatar.com\/avatar\/b64873d65b5be684e01a001c464789c445a7279ef3f177f5fbff5d83eb373299?s=96&d=mm&r=g","contentUrl":"https:\/\/secure.gravatar.com\/avatar\/b64873d65b5be684e01a001c464789c445a7279ef3f177f5fbff5d83eb373299?s=96&d=mm&r=g","caption":"Admin Asemer"},"url":"https:\/\/www.asemer.ro\/index.php\/author\/admin\/"}]}},"_links":{"self":[{"href":"https:\/\/www.asemer.ro\/index.php\/wp-json\/wp\/v2\/posts\/9858","targetHints":{"allow":["GET"]}}],"collection":[{"href":"https:\/\/www.asemer.ro\/index.php\/wp-json\/wp\/v2\/posts"}],"about":[{"href":"https:\/\/www.asemer.ro\/index.php\/wp-json\/wp\/v2\/types\/post"}],"author":[{"embeddable":true,"href":"https:\/\/www.asemer.ro\/index.php\/wp-json\/wp\/v2\/users\/3"}],"replies":[{"embeddable":true,"href":"https:\/\/www.asemer.ro\/index.php\/wp-json\/wp\/v2\/comments?post=9858"}],"version-history":[{"count":6,"href":"https:\/\/www.asemer.ro\/index.php\/wp-json\/wp\/v2\/posts\/9858\/revisions"}],"predecessor-version":[{"id":9882,"href":"https:\/\/www.asemer.ro\/index.php\/wp-json\/wp\/v2\/posts\/9858\/revisions\/9882"}],"wp:attachment":[{"href":"https:\/\/www.asemer.ro\/index.php\/wp-json\/wp\/v2\/media?parent=9858"}],"wp:term":[{"taxonomy":"category","embeddable":true,"href":"https:\/\/www.asemer.ro\/index.php\/wp-json\/wp\/v2\/categories?post=9858"},{"taxonomy":"post_tag","embeddable":true,"href":"https:\/\/www.asemer.ro\/index.php\/wp-json\/wp\/v2\/tags?post=9858"}],"curies":[{"name":"wp","href":"https:\/\/api.w.org\/{rel}","templated":true}]}}