{"id":9900,"date":"2024-03-29T18:33:23","date_gmt":"2024-03-29T16:33:23","guid":{"rendered":"https:\/\/www.asemer.ro\/?p=9900"},"modified":"2024-03-29T18:33:29","modified_gmt":"2024-03-29T16:33:29","slug":"loskinelia-byloski-es-una-disenadora-rumana-buena-conocedora-de-la-cultura-y-de-la-moda-espanola-incluyendo-en-sus-numerosas-colecciones-una-muy-especial-flamenquita","status":"publish","type":"post","link":"https:\/\/www.asemer.ro\/index.php\/2024\/03\/29\/loskinelia-byloski-es-una-disenadora-rumana-buena-conocedora-de-la-cultura-y-de-la-moda-espanola-incluyendo-en-sus-numerosas-colecciones-una-muy-especial-flamenquita\/","title":{"rendered":"LOSKINELIA byLOSKI ES UNA DISE\u00d1ADORA RUMANA BUENA CONOCEDORA DE LA CULTURA Y DE LA MODA ESPA\u00d1OLA, INCLUYENDO EN SUS NUMEROSAS COLECCIONES UNA MUY ESPECIAL, \u00abFLAMENQUITA\u00bb"},"content":{"rendered":"<div class=\"wp-block-image\">\n<figure class=\"alignright size-full is-resized\"><img loading=\"lazy\" decoding=\"async\" width=\"752\" height=\"1024\" src=\"https:\/\/www.asemer.ro\/wp-content\/uploads\/2024\/03\/Losky.jpg\" alt=\"\" class=\"wp-image-9902\" style=\"aspect-ratio:0.734375;width:382px;height:auto\" srcset=\"https:\/\/www.asemer.ro\/wp-content\/uploads\/2024\/03\/Losky.jpg 752w, https:\/\/www.asemer.ro\/wp-content\/uploads\/2024\/03\/Losky-220x300.jpg 220w, https:\/\/www.asemer.ro\/wp-content\/uploads\/2024\/03\/Losky-564x768.jpg 564w, https:\/\/www.asemer.ro\/wp-content\/uploads\/2024\/03\/Losky-720x980.jpg 720w\" sizes=\"auto, (max-width: 752px) 100vw, 752px\" \/><\/figure>\n<\/div>\n\n\n<p class=\"Just\"><strong>1. \u00bfPodr\u00eda decirnos su nombre y su profesi\u00f3n?<\/strong><\/p>\n\n\n\n<p class=\"Just\"> Mi nombre es Roxana Misaca, dise\u00f1adora de moda y fundadora de la marca de ropa LOSKI.<\/p>\n\n\n\n<p class=\"Just\"><strong>2. \u00bfCu\u00e9ntenos algunas palabras sobre usted, sobre su experiencia profesional\/empresarial?<\/strong><\/p>\n\n\n\n<p class=\"Just\"> Me ha apasionado la moda, el estilismo y el dise\u00f1o de ropa desde peque\u00f1a, coquete\u00e9 con la m\u00e1quina de coser en mi adolescencia cuando transform\u00e1bamos la ropa de mi abuela y mi madre en conjuntos modernos que usaba con orgullo.<\/p>\n\n\n\n<p class=\"Just\"><strong>3. \u00bfCu\u00e1ndo y por qu\u00e9 inici\u00f3 su empresa? \u00bfQu\u00e9 la motiv\u00f3 a iniciar este negocio?<\/strong><\/p>\n\n\n\n<p class=\"Just\"> En marzo de 2020, en pleno periodo de confinamiento, comenc\u00e9 a confeccionar algunas prendas para mi sobrina reci\u00e9n nacida y esto casi al instante presion\u00f3 el bot\u00f3n de inicio, ante el impulso y el apoyo de mi esposo, arquitecto de profesi\u00f3n, comenc\u00e9 en este camino de creaci\u00f3n de ropa para ni\u00f1os y adolescentes.<\/p>\n\n\n\n<p class=\"Just\"><strong>4. \u00bfPuede describir su empresa? \u00bfCu\u00e1l es la actividad principal, qu\u00e9 la diferencia de la competencia y a qu\u00e9 tipo de cliente se dirige?<\/strong><\/p>\n\n\n\n<p class=\"Just\"> Quer\u00eda crear ropa de calidad, a partir de materiales sostenibles, provenientes de tejedores rumanos y tambi\u00e9n de mano de obra rumana. \u00bfPor qu\u00e9 LOSKI, te preguntar\u00e1s? El nombre de la marca proviene de la \u00abpocaela\u00bb de mi nombre ROXI, de nuestra hija.Creo que he logrado traer al mercado de la moda infantil una marca rumana con un aire joven y en\u00e9rgico, que los animar\u00eda a expresarse libremente a trav\u00e9s de lo que visten y a crear su propio estilo de ropa.<\/p>\n\n\n<div class=\"wp-block-image\">\n<figure class=\"alignleft size-large is-resized\"><img loading=\"lazy\" decoding=\"async\" width=\"1024\" height=\"620\" src=\"https:\/\/www.asemer.ro\/wp-content\/uploads\/2024\/03\/Loski-2-1024x620.png\" alt=\"\" class=\"wp-image-9905\" style=\"aspect-ratio:1.6516129032258065;width:588px;height:auto\" srcset=\"https:\/\/www.asemer.ro\/wp-content\/uploads\/2024\/03\/Loski-2-1024x620.png 1024w, https:\/\/www.asemer.ro\/wp-content\/uploads\/2024\/03\/Loski-2-300x182.png 300w, https:\/\/www.asemer.ro\/wp-content\/uploads\/2024\/03\/Loski-2-768x465.png 768w, https:\/\/www.asemer.ro\/wp-content\/uploads\/2024\/03\/Loski-2-720x436.png 720w, https:\/\/www.asemer.ro\/wp-content\/uploads\/2024\/03\/Loski-2.png 1289w\" sizes=\"auto, (max-width: 1024px) 100vw, 1024px\" \/><\/figure>\n<\/div>\n\n\n<p class=\"Just\"><strong>5. \u00bfCu\u00e1les son los valores que la gu\u00edan en la gesti\u00f3n de su negocio?<\/strong><\/p>\n\n\n\n<p class=\"Just\">Para m\u00ed lo m\u00e1s importante es el respeto al cliente, a sus necesidades. Tambi\u00e9n considero que honrar tus pedidos a tiempo, ser honesto y confiar en tu instinto son los valores m\u00e1s importantes que debe tener un emprendedor.<\/p>\n\n\n\n<p class=\"Just\"><strong>6. \u00bfC\u00f3mo cree que ha evolucionado el mercado rumano en los \u00faltimos a\u00f1os en el sector en el que usted act\u00faa?<\/strong><\/p>\n\n\n\n<p class=\"Just\">En cualquier \u00e1mbito, hay \u00e9pocas mejores y \u00e9pocas menos buenas. En el contexto en el que me arriesgu\u00e9 a iniciar un negocio en un per\u00edodo extremadamente turbulento, puedo decir que los a\u00f1os pospandemia han cambiado la industria de la moda para mejor, al menos para m\u00ed. A nivel mundial hay vacilaciones, desaceleraciones o simplemente reconfiguraciones de rutas, empresarios que intentan encontrar una identidad de marca, una estrategia comercial actualizada.<\/p>\n\n\n<div class=\"wp-block-image\">\n<figure class=\"alignright size-full is-resized\"><img loading=\"lazy\" decoding=\"async\" width=\"1024\" height=\"682\" src=\"https:\/\/www.asemer.ro\/wp-content\/uploads\/2024\/03\/IMG-20240306-WA0003-1.jpg\" alt=\"\" class=\"wp-image-9908\" style=\"aspect-ratio:1.501466275659824;width:552px;height:auto\" srcset=\"https:\/\/www.asemer.ro\/wp-content\/uploads\/2024\/03\/IMG-20240306-WA0003-1.jpg 1024w, https:\/\/www.asemer.ro\/wp-content\/uploads\/2024\/03\/IMG-20240306-WA0003-1-300x200.jpg 300w, https:\/\/www.asemer.ro\/wp-content\/uploads\/2024\/03\/IMG-20240306-WA0003-1-768x512.jpg 768w, https:\/\/www.asemer.ro\/wp-content\/uploads\/2024\/03\/IMG-20240306-WA0003-1-720x480.jpg 720w, https:\/\/www.asemer.ro\/wp-content\/uploads\/2024\/03\/IMG-20240306-WA0003-1-272x182.jpg 272w\" sizes=\"auto, (max-width: 1024px) 100vw, 1024px\" \/><\/figure>\n<\/div>\n\n\n<p class=\"Just\"><strong>7. \u00bfCree que a\u00fan existen oportunidades de negocios en el pa\u00eds y c\u00f3mo creesque se podr\u00edan aprovechar?<\/strong><\/p>\n\n\n\n<p class=\"Just\">Siempre hay oportunidades de negocio en Rumania, pero es muy importante entender c\u00f3mo funciona el sistema rumano. Sabemos que Ruman\u00eda tiene mucho que ofrecer a los inversores extranjeros, s\u00f3lo hay que descubrir las conexiones adecuadas. Ruman\u00eda es el pa\u00eds de todas las posibilidades.<\/p>\n\n\n\n<p class=\"Just\"><strong>8. \u00bfPuede mencionar un aspecto positivo y otro negativo que destacar\u00eda al operar en Rumania?<\/strong><\/p>\n\n\n\n<p class=\"Just\">Como aspecto positivo mencionar\u00eda las relaciones intercolegiales, el apoyo de algunas instituciones y la oportunidad de promocionarte en algunos eventos organizados por ellas.<\/p>\n\n\n<div class=\"wp-block-image\">\n<figure class=\"alignleft size-full is-resized\"><img loading=\"lazy\" decoding=\"async\" width=\"1024\" height=\"682\" src=\"https:\/\/www.asemer.ro\/wp-content\/uploads\/2024\/03\/IMG-20240306-WA0004-1.jpg\" alt=\"\" class=\"wp-image-9909\" style=\"aspect-ratio:1.501466275659824;width:610px;height:auto\" srcset=\"https:\/\/www.asemer.ro\/wp-content\/uploads\/2024\/03\/IMG-20240306-WA0004-1.jpg 1024w, https:\/\/www.asemer.ro\/wp-content\/uploads\/2024\/03\/IMG-20240306-WA0004-1-300x200.jpg 300w, https:\/\/www.asemer.ro\/wp-content\/uploads\/2024\/03\/IMG-20240306-WA0004-1-768x512.jpg 768w, https:\/\/www.asemer.ro\/wp-content\/uploads\/2024\/03\/IMG-20240306-WA0004-1-720x480.jpg 720w, https:\/\/www.asemer.ro\/wp-content\/uploads\/2024\/03\/IMG-20240306-WA0004-1-272x182.jpg 272w\" sizes=\"auto, (max-width: 1024px) 100vw, 1024px\" \/><\/figure>\n<\/div>\n\n\n<p class=\"Just\">Como aspecto negativo, ser\u00eda dif\u00edcil encontrar mano de obra de calidad.<\/p>\n\n\n\n<p class=\"Just\"><strong>9. \u00bfCu\u00e1l ser\u00eda el cambio que le gustar\u00eda ver en el pa\u00eds?<\/strong><\/p>\n\n\n\n<p class=\"Just\">Me gustar\u00eda ver un pa\u00eds dirigido por intelectuales que trabajen con y para el pueblo.<\/p>\n\n\n\n<p class=\"Just\"><strong>10. \u00bfQu\u00e9 consejo le dar\u00eda a un emprendedor que est\u00e9 pensando en hacer negocios en Ruman\u00eda?<\/strong><\/p>\n\n\n\n<p class=\"Jusy\">Mi consejo a los aspirantes a emprender en Rumania ser\u00eda: escuchar su primer instinto y confiar en \u00e9l con absoluta terquedad. Nadie, excepto la persona misma, puede saber qu\u00e9 es lo mejor para ella.<\/p>\n\n\n\n<figure class=\"wp-block-gallery has-nested-images columns-default is-cropped wp-block-gallery-1 is-layout-flex wp-block-gallery-is-layout-flex\">\n<figure class=\"wp-block-image size-large\"><img loading=\"lazy\" decoding=\"async\" width=\"1024\" height=\"682\" data-id=\"9912\" src=\"https:\/\/www.asemer.ro\/wp-content\/uploads\/2024\/03\/IMG-20240306-WA0005-1.jpg\" alt=\"\" class=\"wp-image-9912\" srcset=\"https:\/\/www.asemer.ro\/wp-content\/uploads\/2024\/03\/IMG-20240306-WA0005-1.jpg 1024w, https:\/\/www.asemer.ro\/wp-content\/uploads\/2024\/03\/IMG-20240306-WA0005-1-300x200.jpg 300w, https:\/\/www.asemer.ro\/wp-content\/uploads\/2024\/03\/IMG-20240306-WA0005-1-768x512.jpg 768w, https:\/\/www.asemer.ro\/wp-content\/uploads\/2024\/03\/IMG-20240306-WA0005-1-720x480.jpg 720w, https:\/\/www.asemer.ro\/wp-content\/uploads\/2024\/03\/IMG-20240306-WA0005-1-272x182.jpg 272w\" sizes=\"auto, (max-width: 1024px) 100vw, 1024px\" \/><\/figure>\n\n\n\n<figure class=\"wp-block-image size-large\"><img loading=\"lazy\" decoding=\"async\" width=\"1024\" height=\"682\" data-id=\"9913\" src=\"https:\/\/www.asemer.ro\/wp-content\/uploads\/2024\/03\/IMG-20240306-WA0007-1.jpg\" alt=\"\" class=\"wp-image-9913\" srcset=\"https:\/\/www.asemer.ro\/wp-content\/uploads\/2024\/03\/IMG-20240306-WA0007-1.jpg 1024w, https:\/\/www.asemer.ro\/wp-content\/uploads\/2024\/03\/IMG-20240306-WA0007-1-300x200.jpg 300w, https:\/\/www.asemer.ro\/wp-content\/uploads\/2024\/03\/IMG-20240306-WA0007-1-768x512.jpg 768w, https:\/\/www.asemer.ro\/wp-content\/uploads\/2024\/03\/IMG-20240306-WA0007-1-720x480.jpg 720w, https:\/\/www.asemer.ro\/wp-content\/uploads\/2024\/03\/IMG-20240306-WA0007-1-272x182.jpg 272w\" sizes=\"auto, (max-width: 1024px) 100vw, 1024px\" \/><\/figure>\n<\/figure>\n\n\n\n<p><a href=\"https:\/\/translate.google.com\/history\"><\/a><a href=\"https:\/\/translate.google.com\/saved\"><\/a><a href=\"https:\/\/translate.google.com\/contribute\"><\/a><\/p>\n\n\n\n<p>Para m\u00e1s informaci\u00f3n:<\/p>\n\n\n\n<p>LOSKINELIA byLOSKI<\/p>\n\n\n\n<p>romanian clothes for children<\/p>\n\n\n\n<p><a href=\"http:\/\/www.loskinelia.com\">www.loskinelia.com<\/a><\/p>\n\n\n\n<p><a href=\"mailto:office@loskinelia.com\">office@loskinelia.com<\/a><\/p>\n\n\n\n<p>004 0734306060<\/p>\n","protected":false},"excerpt":{"rendered":"<p>1. \u00bfPodr\u00eda decirnos su nombre y su profesi\u00f3n? Mi nombre es Roxana Misaca, dise\u00f1adora de moda y fundadora de la [&hellip;]<\/p>\n","protected":false},"author":3,"featured_media":0,"comment_status":"open","ping_status":"open","sticky":false,"template":"","format":"standard","meta":{"footnotes":""},"categories":[1],"tags":[],"class_list":["post-9900","post","type-post","status-publish","format-standard","hentry","category-uncategorized"],"yoast_head":"<!-- This site is optimized with the Yoast SEO plugin v27.5 - https:\/\/yoast.com\/product\/yoast-seo-wordpress\/ -->\n<title>LOSKINELIA byLOSKI ES UNA DISE\u00d1ADORA RUMANA BUENA CONOCEDORA DE LA CULTURA Y DE LA MODA ESPA\u00d1OLA, INCLUYENDO EN SUS NUMEROSAS COLECCIONES UNA MUY ESPECIAL, &quot;FLAMENQUITA&quot; - ASEMER<\/title>\n<meta name=\"robots\" content=\"index, follow, max-snippet:-1, max-image-preview:large, max-video-preview:-1\" \/>\n<link rel=\"canonical\" href=\"https:\/\/www.asemer.ro\/index.php\/2024\/03\/29\/loskinelia-byloski-es-una-disenadora-rumana-buena-conocedora-de-la-cultura-y-de-la-moda-espanola-incluyendo-en-sus-numerosas-colecciones-una-muy-especial-flamenquita\/\" \/>\n<meta property=\"og:locale\" content=\"es_ES\" \/>\n<meta property=\"og:type\" content=\"article\" \/>\n<meta property=\"og:title\" content=\"LOSKINELIA byLOSKI ES UNA DISE\u00d1ADORA RUMANA BUENA CONOCEDORA DE LA CULTURA Y DE LA MODA ESPA\u00d1OLA, INCLUYENDO EN SUS NUMEROSAS COLECCIONES UNA MUY ESPECIAL, &quot;FLAMENQUITA&quot; - ASEMER\" \/>\n<meta property=\"og:description\" content=\"1. \u00bfPodr\u00eda decirnos su nombre y su profesi\u00f3n? Mi nombre es Roxana Misaca, dise\u00f1adora de moda y fundadora de la [&hellip;]\" \/>\n<meta property=\"og:url\" content=\"https:\/\/www.asemer.ro\/index.php\/2024\/03\/29\/loskinelia-byloski-es-una-disenadora-rumana-buena-conocedora-de-la-cultura-y-de-la-moda-espanola-incluyendo-en-sus-numerosas-colecciones-una-muy-especial-flamenquita\/\" \/>\n<meta property=\"og:site_name\" content=\"ASEMER\" \/>\n<meta property=\"article:publisher\" content=\"https:\/\/www.facebook.com\/asociacionasemer\" \/>\n<meta property=\"article:published_time\" content=\"2024-03-29T16:33:23+00:00\" \/>\n<meta property=\"article:modified_time\" content=\"2024-03-29T16:33:29+00:00\" \/>\n<meta property=\"og:image\" content=\"https:\/\/www.asemer.ro\/wp-content\/uploads\/2024\/03\/Losky.jpg\" \/>\n<meta name=\"author\" content=\"Admin Asemer\" \/>\n<meta name=\"twitter:card\" content=\"summary_large_image\" \/>\n<meta name=\"twitter:creator\" content=\"@asemer_rumania\" \/>\n<meta name=\"twitter:site\" content=\"@asemer_rumania\" \/>\n<meta name=\"twitter:label1\" content=\"Escrito por\" \/>\n\t<meta name=\"twitter:data1\" content=\"Admin Asemer\" \/>\n\t<meta name=\"twitter:label2\" content=\"Tiempo de lectura\" \/>\n\t<meta name=\"twitter:data2\" content=\"4 minutos\" \/>\n<script type=\"application\/ld+json\" class=\"yoast-schema-graph\">{\"@context\":\"https:\\\/\\\/schema.org\",\"@graph\":[{\"@type\":\"Article\",\"@id\":\"https:\\\/\\\/www.asemer.ro\\\/index.php\\\/2024\\\/03\\\/29\\\/loskinelia-byloski-es-una-disenadora-rumana-buena-conocedora-de-la-cultura-y-de-la-moda-espanola-incluyendo-en-sus-numerosas-colecciones-una-muy-especial-flamenquita\\\/#article\",\"isPartOf\":{\"@id\":\"https:\\\/\\\/www.asemer.ro\\\/index.php\\\/2024\\\/03\\\/29\\\/loskinelia-byloski-es-una-disenadora-rumana-buena-conocedora-de-la-cultura-y-de-la-moda-espanola-incluyendo-en-sus-numerosas-colecciones-una-muy-especial-flamenquita\\\/\"},\"author\":{\"name\":\"Admin Asemer\",\"@id\":\"https:\\\/\\\/www.asemer.ro\\\/#\\\/schema\\\/person\\\/36de47e444c0f1a7b737a035d40519f9\"},\"headline\":\"LOSKINELIA byLOSKI ES UNA DISE\u00d1ADORA RUMANA BUENA CONOCEDORA DE LA CULTURA Y DE LA MODA ESPA\u00d1OLA, INCLUYENDO EN SUS NUMEROSAS COLECCIONES UNA MUY ESPECIAL, \u00abFLAMENQUITA\u00bb\",\"datePublished\":\"2024-03-29T16:33:23+00:00\",\"dateModified\":\"2024-03-29T16:33:29+00:00\",\"mainEntityOfPage\":{\"@id\":\"https:\\\/\\\/www.asemer.ro\\\/index.php\\\/2024\\\/03\\\/29\\\/loskinelia-byloski-es-una-disenadora-rumana-buena-conocedora-de-la-cultura-y-de-la-moda-espanola-incluyendo-en-sus-numerosas-colecciones-una-muy-especial-flamenquita\\\/\"},\"wordCount\":664,\"commentCount\":0,\"publisher\":{\"@id\":\"https:\\\/\\\/www.asemer.ro\\\/#organization\"},\"image\":{\"@id\":\"https:\\\/\\\/www.asemer.ro\\\/index.php\\\/2024\\\/03\\\/29\\\/loskinelia-byloski-es-una-disenadora-rumana-buena-conocedora-de-la-cultura-y-de-la-moda-espanola-incluyendo-en-sus-numerosas-colecciones-una-muy-especial-flamenquita\\\/#primaryimage\"},\"thumbnailUrl\":\"https:\\\/\\\/www.asemer.ro\\\/wp-content\\\/uploads\\\/2024\\\/03\\\/Losky.jpg\",\"articleSection\":[\"Uncategorized\"],\"inLanguage\":\"es\",\"potentialAction\":[{\"@type\":\"CommentAction\",\"name\":\"Comment\",\"target\":[\"https:\\\/\\\/www.asemer.ro\\\/index.php\\\/2024\\\/03\\\/29\\\/loskinelia-byloski-es-una-disenadora-rumana-buena-conocedora-de-la-cultura-y-de-la-moda-espanola-incluyendo-en-sus-numerosas-colecciones-una-muy-especial-flamenquita\\\/#respond\"]}]},{\"@type\":\"WebPage\",\"@id\":\"https:\\\/\\\/www.asemer.ro\\\/index.php\\\/2024\\\/03\\\/29\\\/loskinelia-byloski-es-una-disenadora-rumana-buena-conocedora-de-la-cultura-y-de-la-moda-espanola-incluyendo-en-sus-numerosas-colecciones-una-muy-especial-flamenquita\\\/\",\"url\":\"https:\\\/\\\/www.asemer.ro\\\/index.php\\\/2024\\\/03\\\/29\\\/loskinelia-byloski-es-una-disenadora-rumana-buena-conocedora-de-la-cultura-y-de-la-moda-espanola-incluyendo-en-sus-numerosas-colecciones-una-muy-especial-flamenquita\\\/\",\"name\":\"LOSKINELIA byLOSKI ES UNA DISE\u00d1ADORA RUMANA BUENA CONOCEDORA DE LA CULTURA Y DE LA MODA ESPA\u00d1OLA, INCLUYENDO EN SUS NUMEROSAS COLECCIONES UNA MUY ESPECIAL, \\\"FLAMENQUITA\\\" - ASEMER\",\"isPartOf\":{\"@id\":\"https:\\\/\\\/www.asemer.ro\\\/#website\"},\"primaryImageOfPage\":{\"@id\":\"https:\\\/\\\/www.asemer.ro\\\/index.php\\\/2024\\\/03\\\/29\\\/loskinelia-byloski-es-una-disenadora-rumana-buena-conocedora-de-la-cultura-y-de-la-moda-espanola-incluyendo-en-sus-numerosas-colecciones-una-muy-especial-flamenquita\\\/#primaryimage\"},\"image\":{\"@id\":\"https:\\\/\\\/www.asemer.ro\\\/index.php\\\/2024\\\/03\\\/29\\\/loskinelia-byloski-es-una-disenadora-rumana-buena-conocedora-de-la-cultura-y-de-la-moda-espanola-incluyendo-en-sus-numerosas-colecciones-una-muy-especial-flamenquita\\\/#primaryimage\"},\"thumbnailUrl\":\"https:\\\/\\\/www.asemer.ro\\\/wp-content\\\/uploads\\\/2024\\\/03\\\/Losky.jpg\",\"datePublished\":\"2024-03-29T16:33:23+00:00\",\"dateModified\":\"2024-03-29T16:33:29+00:00\",\"breadcrumb\":{\"@id\":\"https:\\\/\\\/www.asemer.ro\\\/index.php\\\/2024\\\/03\\\/29\\\/loskinelia-byloski-es-una-disenadora-rumana-buena-conocedora-de-la-cultura-y-de-la-moda-espanola-incluyendo-en-sus-numerosas-colecciones-una-muy-especial-flamenquita\\\/#breadcrumb\"},\"inLanguage\":\"es\",\"potentialAction\":[{\"@type\":\"ReadAction\",\"target\":[\"https:\\\/\\\/www.asemer.ro\\\/index.php\\\/2024\\\/03\\\/29\\\/loskinelia-byloski-es-una-disenadora-rumana-buena-conocedora-de-la-cultura-y-de-la-moda-espanola-incluyendo-en-sus-numerosas-colecciones-una-muy-especial-flamenquita\\\/\"]}]},{\"@type\":\"ImageObject\",\"inLanguage\":\"es\",\"@id\":\"https:\\\/\\\/www.asemer.ro\\\/index.php\\\/2024\\\/03\\\/29\\\/loskinelia-byloski-es-una-disenadora-rumana-buena-conocedora-de-la-cultura-y-de-la-moda-espanola-incluyendo-en-sus-numerosas-colecciones-una-muy-especial-flamenquita\\\/#primaryimage\",\"url\":\"https:\\\/\\\/www.asemer.ro\\\/wp-content\\\/uploads\\\/2024\\\/03\\\/Losky.jpg\",\"contentUrl\":\"https:\\\/\\\/www.asemer.ro\\\/wp-content\\\/uploads\\\/2024\\\/03\\\/Losky.jpg\",\"width\":752,\"height\":1024},{\"@type\":\"BreadcrumbList\",\"@id\":\"https:\\\/\\\/www.asemer.ro\\\/index.php\\\/2024\\\/03\\\/29\\\/loskinelia-byloski-es-una-disenadora-rumana-buena-conocedora-de-la-cultura-y-de-la-moda-espanola-incluyendo-en-sus-numerosas-colecciones-una-muy-especial-flamenquita\\\/#breadcrumb\",\"itemListElement\":[{\"@type\":\"ListItem\",\"position\":1,\"name\":\"Home\",\"item\":\"https:\\\/\\\/www.asemer.ro\\\/\"},{\"@type\":\"ListItem\",\"position\":2,\"name\":\"LOSKINELIA byLOSKI ES UNA DISE\u00d1ADORA RUMANA BUENA CONOCEDORA DE LA CULTURA Y DE LA MODA ESPA\u00d1OLA, INCLUYENDO EN SUS NUMEROSAS COLECCIONES UNA MUY ESPECIAL, &#8220;FLAMENQUITA&#8221;\"}]},{\"@type\":\"WebSite\",\"@id\":\"https:\\\/\\\/www.asemer.ro\\\/#website\",\"url\":\"https:\\\/\\\/www.asemer.ro\\\/\",\"name\":\"ASEMER\",\"description\":\"Asociaci\u00f3n de Empresas Espa\u00f1olas en Ruman\u00eda\",\"publisher\":{\"@id\":\"https:\\\/\\\/www.asemer.ro\\\/#organization\"},\"potentialAction\":[{\"@type\":\"SearchAction\",\"target\":{\"@type\":\"EntryPoint\",\"urlTemplate\":\"https:\\\/\\\/www.asemer.ro\\\/?s={search_term_string}\"},\"query-input\":{\"@type\":\"PropertyValueSpecification\",\"valueRequired\":true,\"valueName\":\"search_term_string\"}}],\"inLanguage\":\"es\"},{\"@type\":\"Organization\",\"@id\":\"https:\\\/\\\/www.asemer.ro\\\/#organization\",\"name\":\"ASEMER\",\"url\":\"https:\\\/\\\/www.asemer.ro\\\/\",\"logo\":{\"@type\":\"ImageObject\",\"inLanguage\":\"es\",\"@id\":\"https:\\\/\\\/www.asemer.ro\\\/#\\\/schema\\\/logo\\\/image\\\/\",\"url\":\"https:\\\/\\\/www.asemer.ro\\\/wp-content\\\/uploads\\\/2020\\\/12\\\/logo-ASEMER-scaled.jpg\",\"contentUrl\":\"https:\\\/\\\/www.asemer.ro\\\/wp-content\\\/uploads\\\/2020\\\/12\\\/logo-ASEMER-scaled.jpg\",\"width\":2560,\"height\":849,\"caption\":\"ASEMER\"},\"image\":{\"@id\":\"https:\\\/\\\/www.asemer.ro\\\/#\\\/schema\\\/logo\\\/image\\\/\"},\"sameAs\":[\"https:\\\/\\\/www.facebook.com\\\/asociacionasemer\",\"https:\\\/\\\/x.com\\\/asemer_rumania\",\"https:\\\/\\\/ro.linkedin.com\\\/in\\\/asemer-asociaci\u00f3n-empresas-espa\u00f1olas-en-ruman\u00eda-724772a6?trk=author_mini-profile_title\",\"https:\\\/\\\/www.youtube.com\\\/channel\\\/UC73m8-BDsg857OL0Ogv5aQA\\\/videos\"]},{\"@type\":\"Person\",\"@id\":\"https:\\\/\\\/www.asemer.ro\\\/#\\\/schema\\\/person\\\/36de47e444c0f1a7b737a035d40519f9\",\"name\":\"Admin Asemer\",\"image\":{\"@type\":\"ImageObject\",\"inLanguage\":\"es\",\"@id\":\"https:\\\/\\\/secure.gravatar.com\\\/avatar\\\/b64873d65b5be684e01a001c464789c445a7279ef3f177f5fbff5d83eb373299?s=96&d=mm&r=g\",\"url\":\"https:\\\/\\\/secure.gravatar.com\\\/avatar\\\/b64873d65b5be684e01a001c464789c445a7279ef3f177f5fbff5d83eb373299?s=96&d=mm&r=g\",\"contentUrl\":\"https:\\\/\\\/secure.gravatar.com\\\/avatar\\\/b64873d65b5be684e01a001c464789c445a7279ef3f177f5fbff5d83eb373299?s=96&d=mm&r=g\",\"caption\":\"Admin Asemer\"},\"url\":\"https:\\\/\\\/www.asemer.ro\\\/index.php\\\/author\\\/admin\\\/\"}]}<\/script>\n<!-- \/ Yoast SEO plugin. -->","yoast_head_json":{"title":"LOSKINELIA byLOSKI ES UNA DISE\u00d1ADORA RUMANA BUENA CONOCEDORA DE LA CULTURA Y DE LA MODA ESPA\u00d1OLA, INCLUYENDO EN SUS NUMEROSAS COLECCIONES UNA MUY ESPECIAL, \"FLAMENQUITA\" - ASEMER","robots":{"index":"index","follow":"follow","max-snippet":"max-snippet:-1","max-image-preview":"max-image-preview:large","max-video-preview":"max-video-preview:-1"},"canonical":"https:\/\/www.asemer.ro\/index.php\/2024\/03\/29\/loskinelia-byloski-es-una-disenadora-rumana-buena-conocedora-de-la-cultura-y-de-la-moda-espanola-incluyendo-en-sus-numerosas-colecciones-una-muy-especial-flamenquita\/","og_locale":"es_ES","og_type":"article","og_title":"LOSKINELIA byLOSKI ES UNA DISE\u00d1ADORA RUMANA BUENA CONOCEDORA DE LA CULTURA Y DE LA MODA ESPA\u00d1OLA, INCLUYENDO EN SUS NUMEROSAS COLECCIONES UNA MUY ESPECIAL, \"FLAMENQUITA\" - ASEMER","og_description":"1. \u00bfPodr\u00eda decirnos su nombre y su profesi\u00f3n? Mi nombre es Roxana Misaca, dise\u00f1adora de moda y fundadora de la [&hellip;]","og_url":"https:\/\/www.asemer.ro\/index.php\/2024\/03\/29\/loskinelia-byloski-es-una-disenadora-rumana-buena-conocedora-de-la-cultura-y-de-la-moda-espanola-incluyendo-en-sus-numerosas-colecciones-una-muy-especial-flamenquita\/","og_site_name":"ASEMER","article_publisher":"https:\/\/www.facebook.com\/asociacionasemer","article_published_time":"2024-03-29T16:33:23+00:00","article_modified_time":"2024-03-29T16:33:29+00:00","og_image":[{"url":"https:\/\/www.asemer.ro\/wp-content\/uploads\/2024\/03\/Losky.jpg","type":"","width":"","height":""}],"author":"Admin Asemer","twitter_card":"summary_large_image","twitter_creator":"@asemer_rumania","twitter_site":"@asemer_rumania","twitter_misc":{"Escrito por":"Admin Asemer","Tiempo de lectura":"4 minutos"},"schema":{"@context":"https:\/\/schema.org","@graph":[{"@type":"Article","@id":"https:\/\/www.asemer.ro\/index.php\/2024\/03\/29\/loskinelia-byloski-es-una-disenadora-rumana-buena-conocedora-de-la-cultura-y-de-la-moda-espanola-incluyendo-en-sus-numerosas-colecciones-una-muy-especial-flamenquita\/#article","isPartOf":{"@id":"https:\/\/www.asemer.ro\/index.php\/2024\/03\/29\/loskinelia-byloski-es-una-disenadora-rumana-buena-conocedora-de-la-cultura-y-de-la-moda-espanola-incluyendo-en-sus-numerosas-colecciones-una-muy-especial-flamenquita\/"},"author":{"name":"Admin Asemer","@id":"https:\/\/www.asemer.ro\/#\/schema\/person\/36de47e444c0f1a7b737a035d40519f9"},"headline":"LOSKINELIA byLOSKI ES UNA DISE\u00d1ADORA RUMANA BUENA CONOCEDORA DE LA CULTURA Y DE LA MODA ESPA\u00d1OLA, INCLUYENDO EN SUS NUMEROSAS COLECCIONES UNA MUY ESPECIAL, \u00abFLAMENQUITA\u00bb","datePublished":"2024-03-29T16:33:23+00:00","dateModified":"2024-03-29T16:33:29+00:00","mainEntityOfPage":{"@id":"https:\/\/www.asemer.ro\/index.php\/2024\/03\/29\/loskinelia-byloski-es-una-disenadora-rumana-buena-conocedora-de-la-cultura-y-de-la-moda-espanola-incluyendo-en-sus-numerosas-colecciones-una-muy-especial-flamenquita\/"},"wordCount":664,"commentCount":0,"publisher":{"@id":"https:\/\/www.asemer.ro\/#organization"},"image":{"@id":"https:\/\/www.asemer.ro\/index.php\/2024\/03\/29\/loskinelia-byloski-es-una-disenadora-rumana-buena-conocedora-de-la-cultura-y-de-la-moda-espanola-incluyendo-en-sus-numerosas-colecciones-una-muy-especial-flamenquita\/#primaryimage"},"thumbnailUrl":"https:\/\/www.asemer.ro\/wp-content\/uploads\/2024\/03\/Losky.jpg","articleSection":["Uncategorized"],"inLanguage":"es","potentialAction":[{"@type":"CommentAction","name":"Comment","target":["https:\/\/www.asemer.ro\/index.php\/2024\/03\/29\/loskinelia-byloski-es-una-disenadora-rumana-buena-conocedora-de-la-cultura-y-de-la-moda-espanola-incluyendo-en-sus-numerosas-colecciones-una-muy-especial-flamenquita\/#respond"]}]},{"@type":"WebPage","@id":"https:\/\/www.asemer.ro\/index.php\/2024\/03\/29\/loskinelia-byloski-es-una-disenadora-rumana-buena-conocedora-de-la-cultura-y-de-la-moda-espanola-incluyendo-en-sus-numerosas-colecciones-una-muy-especial-flamenquita\/","url":"https:\/\/www.asemer.ro\/index.php\/2024\/03\/29\/loskinelia-byloski-es-una-disenadora-rumana-buena-conocedora-de-la-cultura-y-de-la-moda-espanola-incluyendo-en-sus-numerosas-colecciones-una-muy-especial-flamenquita\/","name":"LOSKINELIA byLOSKI ES UNA DISE\u00d1ADORA RUMANA BUENA CONOCEDORA DE LA CULTURA Y DE LA MODA ESPA\u00d1OLA, INCLUYENDO EN SUS NUMEROSAS COLECCIONES UNA MUY ESPECIAL, \"FLAMENQUITA\" - ASEMER","isPartOf":{"@id":"https:\/\/www.asemer.ro\/#website"},"primaryImageOfPage":{"@id":"https:\/\/www.asemer.ro\/index.php\/2024\/03\/29\/loskinelia-byloski-es-una-disenadora-rumana-buena-conocedora-de-la-cultura-y-de-la-moda-espanola-incluyendo-en-sus-numerosas-colecciones-una-muy-especial-flamenquita\/#primaryimage"},"image":{"@id":"https:\/\/www.asemer.ro\/index.php\/2024\/03\/29\/loskinelia-byloski-es-una-disenadora-rumana-buena-conocedora-de-la-cultura-y-de-la-moda-espanola-incluyendo-en-sus-numerosas-colecciones-una-muy-especial-flamenquita\/#primaryimage"},"thumbnailUrl":"https:\/\/www.asemer.ro\/wp-content\/uploads\/2024\/03\/Losky.jpg","datePublished":"2024-03-29T16:33:23+00:00","dateModified":"2024-03-29T16:33:29+00:00","breadcrumb":{"@id":"https:\/\/www.asemer.ro\/index.php\/2024\/03\/29\/loskinelia-byloski-es-una-disenadora-rumana-buena-conocedora-de-la-cultura-y-de-la-moda-espanola-incluyendo-en-sus-numerosas-colecciones-una-muy-especial-flamenquita\/#breadcrumb"},"inLanguage":"es","potentialAction":[{"@type":"ReadAction","target":["https:\/\/www.asemer.ro\/index.php\/2024\/03\/29\/loskinelia-byloski-es-una-disenadora-rumana-buena-conocedora-de-la-cultura-y-de-la-moda-espanola-incluyendo-en-sus-numerosas-colecciones-una-muy-especial-flamenquita\/"]}]},{"@type":"ImageObject","inLanguage":"es","@id":"https:\/\/www.asemer.ro\/index.php\/2024\/03\/29\/loskinelia-byloski-es-una-disenadora-rumana-buena-conocedora-de-la-cultura-y-de-la-moda-espanola-incluyendo-en-sus-numerosas-colecciones-una-muy-especial-flamenquita\/#primaryimage","url":"https:\/\/www.asemer.ro\/wp-content\/uploads\/2024\/03\/Losky.jpg","contentUrl":"https:\/\/www.asemer.ro\/wp-content\/uploads\/2024\/03\/Losky.jpg","width":752,"height":1024},{"@type":"BreadcrumbList","@id":"https:\/\/www.asemer.ro\/index.php\/2024\/03\/29\/loskinelia-byloski-es-una-disenadora-rumana-buena-conocedora-de-la-cultura-y-de-la-moda-espanola-incluyendo-en-sus-numerosas-colecciones-una-muy-especial-flamenquita\/#breadcrumb","itemListElement":[{"@type":"ListItem","position":1,"name":"Home","item":"https:\/\/www.asemer.ro\/"},{"@type":"ListItem","position":2,"name":"LOSKINELIA byLOSKI ES UNA DISE\u00d1ADORA RUMANA BUENA CONOCEDORA DE LA CULTURA Y DE LA MODA ESPA\u00d1OLA, INCLUYENDO EN SUS NUMEROSAS COLECCIONES UNA MUY ESPECIAL, &#8220;FLAMENQUITA&#8221;"}]},{"@type":"WebSite","@id":"https:\/\/www.asemer.ro\/#website","url":"https:\/\/www.asemer.ro\/","name":"ASEMER","description":"Asociaci\u00f3n de Empresas Espa\u00f1olas en Ruman\u00eda","publisher":{"@id":"https:\/\/www.asemer.ro\/#organization"},"potentialAction":[{"@type":"SearchAction","target":{"@type":"EntryPoint","urlTemplate":"https:\/\/www.asemer.ro\/?s={search_term_string}"},"query-input":{"@type":"PropertyValueSpecification","valueRequired":true,"valueName":"search_term_string"}}],"inLanguage":"es"},{"@type":"Organization","@id":"https:\/\/www.asemer.ro\/#organization","name":"ASEMER","url":"https:\/\/www.asemer.ro\/","logo":{"@type":"ImageObject","inLanguage":"es","@id":"https:\/\/www.asemer.ro\/#\/schema\/logo\/image\/","url":"https:\/\/www.asemer.ro\/wp-content\/uploads\/2020\/12\/logo-ASEMER-scaled.jpg","contentUrl":"https:\/\/www.asemer.ro\/wp-content\/uploads\/2020\/12\/logo-ASEMER-scaled.jpg","width":2560,"height":849,"caption":"ASEMER"},"image":{"@id":"https:\/\/www.asemer.ro\/#\/schema\/logo\/image\/"},"sameAs":["https:\/\/www.facebook.com\/asociacionasemer","https:\/\/x.com\/asemer_rumania","https:\/\/ro.linkedin.com\/in\/asemer-asociaci\u00f3n-empresas-espa\u00f1olas-en-ruman\u00eda-724772a6?trk=author_mini-profile_title","https:\/\/www.youtube.com\/channel\/UC73m8-BDsg857OL0Ogv5aQA\/videos"]},{"@type":"Person","@id":"https:\/\/www.asemer.ro\/#\/schema\/person\/36de47e444c0f1a7b737a035d40519f9","name":"Admin Asemer","image":{"@type":"ImageObject","inLanguage":"es","@id":"https:\/\/secure.gravatar.com\/avatar\/b64873d65b5be684e01a001c464789c445a7279ef3f177f5fbff5d83eb373299?s=96&d=mm&r=g","url":"https:\/\/secure.gravatar.com\/avatar\/b64873d65b5be684e01a001c464789c445a7279ef3f177f5fbff5d83eb373299?s=96&d=mm&r=g","contentUrl":"https:\/\/secure.gravatar.com\/avatar\/b64873d65b5be684e01a001c464789c445a7279ef3f177f5fbff5d83eb373299?s=96&d=mm&r=g","caption":"Admin Asemer"},"url":"https:\/\/www.asemer.ro\/index.php\/author\/admin\/"}]}},"_links":{"self":[{"href":"https:\/\/www.asemer.ro\/index.php\/wp-json\/wp\/v2\/posts\/9900","targetHints":{"allow":["GET"]}}],"collection":[{"href":"https:\/\/www.asemer.ro\/index.php\/wp-json\/wp\/v2\/posts"}],"about":[{"href":"https:\/\/www.asemer.ro\/index.php\/wp-json\/wp\/v2\/types\/post"}],"author":[{"embeddable":true,"href":"https:\/\/www.asemer.ro\/index.php\/wp-json\/wp\/v2\/users\/3"}],"replies":[{"embeddable":true,"href":"https:\/\/www.asemer.ro\/index.php\/wp-json\/wp\/v2\/comments?post=9900"}],"version-history":[{"count":2,"href":"https:\/\/www.asemer.ro\/index.php\/wp-json\/wp\/v2\/posts\/9900\/revisions"}],"predecessor-version":[{"id":9914,"href":"https:\/\/www.asemer.ro\/index.php\/wp-json\/wp\/v2\/posts\/9900\/revisions\/9914"}],"wp:attachment":[{"href":"https:\/\/www.asemer.ro\/index.php\/wp-json\/wp\/v2\/media?parent=9900"}],"wp:term":[{"taxonomy":"category","embeddable":true,"href":"https:\/\/www.asemer.ro\/index.php\/wp-json\/wp\/v2\/categories?post=9900"},{"taxonomy":"post_tag","embeddable":true,"href":"https:\/\/www.asemer.ro\/index.php\/wp-json\/wp\/v2\/tags?post=9900"}],"curies":[{"name":"wp","href":"https:\/\/api.w.org\/{rel}","templated":true}]}}